{"id":1055865,"date":"2020-01-27T18:07:48","date_gmt":"2020-01-27T18:07:48","guid":{"rendered":"https:\/\/www.eldigitaldeasturias.com\/noticias\/?p=1055865"},"modified":"2020-01-27T18:07:48","modified_gmt":"2020-01-27T18:07:48","slug":"planas-espana-trabajara-para-tener-economia-neutra-de-carbono-en-2050","status":"publish","type":"post","link":"https:\/\/www.eldigitaldeasturias.com\/noticias\/planas-espana-trabajara-para-tener-economia-neutra-de-carbono-en-2050\/","title":{"rendered":"Planas: \u201cEspa\u00f1a trabajar\u00e1 para tener econom\u00eda neutra de carbono en 2050\u201d"},"content":{"rendered":"<p><img loading=\"lazy\" decoding=\"async\" class=\"alignleft size-medium wp-image-1055866\" src=\"https:\/\/www.eldigitaldeasturias.com\/noticias\/wp-content\/uploads\/2020\/01\/280120-consejoue-360x239.jpg\" alt=\"\" width=\"360\" height=\"239\" srcset=\"https:\/\/www.eldigitaldeasturias.com\/noticias\/wp-content\/uploads\/2020\/01\/280120-consejoue-360x239.jpg 360w, https:\/\/www.eldigitaldeasturias.com\/noticias\/wp-content\/uploads\/2020\/01\/280120-consejoue-452x300.jpg 452w, https:\/\/www.eldigitaldeasturias.com\/noticias\/wp-content\/uploads\/2020\/01\/280120-consejoue.jpg 512w\" sizes=\"auto, (max-width: 360px) 100vw, 360px\" \/>El ministro de Agricultura, Pesca y Alimentaci\u00f3n, <strong>Luis Planas, participa en el Consejo de Ministros de Agricultura de la Uni\u00f3n Europea<\/strong> que, entre otros temas, debatir\u00e1 sobre los aspectos agrarios de la comunicaci\u00f3n de la Comisi\u00f3n Europea sobre el <strong>Pacto Verde o Green Deal<\/strong>, cuyo principal objetivo es alcanzar la neutralidad clim\u00e1tica en 2050.<\/p>\n<p>En declaraciones a los medios a la entrada del Consejo, Planas ha expresado en nombre del Gobierno y del suyo propio, \u00abtodo el cari\u00f1o y la solidaridad\u00bb con los familiares, compa\u00f1eros y amigos de los tripulantes del \u00abR\u00faa Mar\u00bb desaparecido el pasado jueves. El ministro ha asegurado que el Gobierno est\u00e1 utilizando todos los medios disponibles para localizar la situaci\u00f3n del barco. Seg\u00fan ha expresado, nos encontramos ante una situaci\u00f3n dram\u00e1tica que pone de manifiesto la dureza del oficio pesquero.<\/p>\n<p>En relaci\u00f3n con el Green Deal, el nuevo Plan Estrat\u00e9gico para la aplicaci\u00f3n de la PAC en Espa\u00f1a <strong>\u00abnos va a permitir dar una respuesta a muchos de los retos medioambientales en el sector primario\u00bb<\/strong>. Seg\u00fan ha explicado, las emisiones del sector agrario son limitadas y, al mismo tiempo, el sector agrario tiene grandes posibilidades incrementar la captura de carbono por los suelos agr\u00edcolas.<\/p>\n<p>En este sentido, <strong>ha recordado que el Gobierno aprob\u00f3 el martes pasado una declaraci\u00f3n de emergencia clim\u00e1tica<\/strong>, que permitir\u00e1 presentar pr\u00f3ximamente la ley de cambio clim\u00e1tico y transici\u00f3n energ\u00e9tica, <strong>as\u00ed como otras medidas para conseguir una econom\u00eda neutra de carbono para 2050<\/strong>.<\/p>\n<p>El ministro ha se\u00f1alado que insistir\u00e1 en la reuni\u00f3n del Consejo sobre la necesidad de que los agricultores y ganaderos tengan los mismos niveles de apoyo de la PAC que en el periodo anterior, a fin de afrontar con garant\u00edas los nuevos retos ambientales. <strong>\u00abTenemos que ser ambiciosos en cuanto a los objetivos clim\u00e1ticos para este periodo, pero, al mismo tiempo, necesitamos este nivel de apoyo\u00bb<\/strong>, ha recalcado.<\/p>\n<h3>Reglamentos transitorios de la PAC<\/h3>\n<p>Tambi\u00e9n est\u00e1 previsto analizar los reglamentos de disposiciones transitorias, que van a marcar la continuidad de las ayudas de la PAC. As\u00ed, el reglamento de transici\u00f3n correspondiente a 2020 est\u00e1 pr\u00e1cticamente concluido, lo que permitir\u00e1 que, a partir del pr\u00f3ximo 1 de febrero, (primer d\u00eda del plazo oficial de presentaci\u00f3n de las solicitudes de pagos directos de la PAC), las declaraciones puedan efectuarse con normalidad.<\/p>\n<p>En los pr\u00f3ximos meses se intentar\u00e1 alcanzar un acuerdo sobre el Marco Financiero Plurianual que permita mantener la competitividad y sostenibilidad de la futura PAC. El ministro considera \u00abuna buena idea que la Presidencia croata haya puesto entre corchetes las cifras correspondientes al per\u00edodo que comienza en 2021 y se haya aprobado el reglamento para las solicitudes de 2020, lo que da tranquilidad a nuestros agricultores y ganaderos\u00bb. Por lo tanto, en el a\u00f1o 2021, primer a\u00f1o de la nueva PAC, se aplicar\u00e1n las reglas actuales con el nuevo presupuesto.<\/p>\n<p>Asimismo, en el Consejo se abordar\u00e1 el contenido de la declaraci\u00f3n conjunta de Francia, Alemania y Espa\u00f1a sobre la futura PAC, suscrita el pasado mes de diciembre. Con esta declaraci\u00f3n se busca establecer un liderazgo en temas tan relevantes para la PAC como los relacionados con el medio ambiente y la ambici\u00f3n del presupuesto o la simplificaci\u00f3n de esta pol\u00edtica comunitaria.<\/p>\n<p>Adem\u00e1s, <strong>Espa\u00f1a se va a adherir a la declaraci\u00f3n que presentar\u00e1n Portugal y Eslovaquia para modificar la directiva comunitaria sobre la miel y establecer un etiquetado de origen m\u00e1s claro<\/strong>. Esta iniciativa busca revalorizar el trabajo de los apicultores y ofrecer mayor informaci\u00f3n a los consumidores sobre la procedencia de la miel.<\/p>\n<p>Por otra parte, los ministros de la UE mantendr\u00e1n hoy un encuentro con el secretario de Agricultura de Estados Unidos, Sonny Perdue, para tratar sobre los retos de la agricultura y la ganader\u00eda actuales, aunque tambi\u00e9n se hablar\u00e1 sobre los aranceles por el caso Airbus. Planas ha apuntado que Espa\u00f1a expresar\u00e1 de nuevo lo injusto de que estas medidas recaigan en el sector agroalimentario, que nada tienen que ver con las ayudas al sector de la construcci\u00f3n aeron\u00e1utica. Espa\u00f1a conf\u00eda en que el di\u00e1logo entre la Uni\u00f3n Europea y Estados Unidos permita alcanzar acuerdos que reduzcan la incertidumbre de los agricultores.<\/p>\n<p>&nbsp;<\/p>\n","protected":false},"excerpt":{"rendered":"<p>El ministro de Agricultura, Pesca y Alimentaci\u00f3n, Luis Planas, participa en el Consejo de Ministros de Agricultura de la Uni\u00f3n Europea que, entre otros temas, debatir\u00e1 sobre los aspectos agrarios de la comunicaci\u00f3n de la Comisi\u00f3n Europea sobre el Pacto Verde o Green Deal, cuyo principal objetivo es alcanzar la neutralidad clim\u00e1tica en 2050. En [&hellip;]<\/p>\n","protected":false},"author":1,"featured_media":1055866,"comment_status":"closed","ping_status":"closed","sticky":false,"template":"","format":"standard","meta":{"footnotes":""},"categories":[187],"tags":[],"class_list":["post-1055865","post","type-post","status-publish","format-standard","has-post-thumbnail","hentry","category-economia"],"aioseo_notices":[],"aioseo_head":"\n\t\t<!-- All in One SEO Pro 4.9.6.2 - aioseo.com -->\n\t<meta name=\"description\" content=\"El ministro de Agricultura, Pesca y Alimentaci\u00f3n, Luis Planas, participa en el Consejo de Ministros de Agricultura de la Uni\u00f3n Europea que, entre otros temas, debatir\u00e1 sobre los aspectos agrarios de la comunicaci\u00f3n de la Comisi\u00f3n Europea sobre el Pacto Verde o Green Deal, cuyo principal objetivo es alcanzar la neutralidad clim\u00e1tica en 2050. En\" \/>\n\t<meta name=\"robots\" content=\"max-image-preview:large\" \/>\n\t<meta name=\"author\" content=\"El Digital de Asturias\"\/>\n\t<meta name=\"google-site-verification\" content=\"UA-38556648-1\" \/>\n\t<meta name=\"msvalidate.01\" content=\"7dfe9f3f1b24437ab69f4f2559babe99\" \/>\n\t<meta name=\"keywords\" content=\"econom\u00eda\" \/>\n\t<link rel=\"canonical\" href=\"https:\/\/www.eldigitaldeasturias.com\/noticias\/planas-espana-trabajara-para-tener-economia-neutra-de-carbono-en-2050\/\" \/>\n\t<meta name=\"generator\" content=\"All in One SEO Pro (AIOSEO) 4.9.6.2\" \/>\n\t\t<meta property=\"og:locale\" content=\"es_ES\" \/>\n\t\t<meta property=\"og:site_name\" content=\"El Digital de Asturias\" \/>\n\t\t<meta property=\"og:type\" content=\"article\" \/>\n\t\t<meta property=\"og:title\" content=\"Planas: \u201cEspa\u00f1a trabajar\u00e1 para tener econom\u00eda neutra de carbono en 2050\u201d - El Digital de Asturias\" \/>\n\t\t<meta property=\"og:description\" content=\"El ministro de Agricultura, Pesca y Alimentaci\u00f3n, Luis Planas, participa en el Consejo de Ministros de Agricultura de la Uni\u00f3n Europea que, entre otros temas, debatir\u00e1 sobre los aspectos agrarios de la comunicaci\u00f3n de la Comisi\u00f3n Europea sobre el Pacto Verde o Green Deal, cuyo principal objetivo es alcanzar la neutralidad clim\u00e1tica en 2050. En\" \/>\n\t\t<meta property=\"og:url\" content=\"https:\/\/www.eldigitaldeasturias.com\/noticias\/planas-espana-trabajara-para-tener-economia-neutra-de-carbono-en-2050\/\" \/>\n\t\t<meta property=\"og:image\" content=\"https:\/\/www.eldigitaldeasturias.com\/noticias\/wp-content\/uploads\/2020\/01\/280120-consejoue.jpg\" \/>\n\t\t<meta property=\"og:image:secure_url\" content=\"https:\/\/www.eldigitaldeasturias.com\/noticias\/wp-content\/uploads\/2020\/01\/280120-consejoue.jpg\" \/>\n\t\t<meta property=\"og:image:width\" content=\"512\" \/>\n\t\t<meta property=\"og:image:height\" content=\"340\" \/>\n\t\t<meta property=\"article:tag\" content=\"econom\u00eda\" \/>\n\t\t<meta property=\"article:published_time\" content=\"2020-01-27T18:07:48+00:00\" \/>\n\t\t<meta property=\"article:modified_time\" content=\"2020-01-27T18:07:48+00:00\" \/>\n\t\t<meta property=\"article:publisher\" content=\"https:\/\/facebook.com\/eldigitaldeasturias\" \/>\n\t\t<meta name=\"twitter:card\" content=\"summary_large_image\" \/>\n\t\t<meta name=\"twitter:title\" content=\"Planas: \u201cEspa\u00f1a trabajar\u00e1 para tener econom\u00eda neutra de carbono en 2050\u201d - El Digital de Asturias\" \/>\n\t\t<meta name=\"twitter:description\" content=\"El ministro de Agricultura, Pesca y Alimentaci\u00f3n, Luis Planas, participa en el Consejo de Ministros de Agricultura de la Uni\u00f3n Europea que, entre otros temas, debatir\u00e1 sobre los aspectos agrarios de la comunicaci\u00f3n de la Comisi\u00f3n Europea sobre el Pacto Verde o Green Deal, cuyo principal objetivo es alcanzar la neutralidad clim\u00e1tica en 2050. En\" \/>\n\t\t<meta name=\"twitter:image\" content=\"https:\/\/www.eldigitaldeasturias.com\/noticias\/wp-content\/uploads\/2020\/01\/280120-consejoue.jpg\" \/>\n\t\t<meta name=\"twitter:label1\" content=\"Escrito por\" \/>\n\t\t<meta name=\"twitter:data1\" content=\"El Digital de Asturias\" \/>\n\t\t<meta name=\"twitter:label2\" content=\"Tiempo de lectura estimado\" \/>\n\t\t<meta name=\"twitter:data2\" content=\"4 minutos\" \/>\n\t\t<script type=\"application\/ld+json\" class=\"aioseo-schema\">\n\t\t\t{\"@context\":\"https:\\\/\\\/schema.org\",\"@graph\":[{\"@type\":\"BlogPosting\",\"@id\":\"https:\\\/\\\/www.eldigitaldeasturias.com\\\/noticias\\\/planas-espana-trabajara-para-tener-economia-neutra-de-carbono-en-2050\\\/#blogposting\",\"name\":\"Planas: \\u201cEspa\\u00f1a trabajar\\u00e1 para tener econom\\u00eda neutra de carbono en 2050\\u201d - El Digital de Asturias\",\"headline\":\"Planas: \\u201cEspa\\u00f1a trabajar\\u00e1 para tener econom\\u00eda neutra de carbono en 2050\\u201d\",\"author\":{\"@id\":\"https:\\\/\\\/www.eldigitaldeasturias.com\\\/noticias\\\/author\\\/admin\\\/#author\"},\"publisher\":{\"@id\":\"https:\\\/\\\/www.eldigitaldeasturias.com\\\/noticias\\\/#organization\"},\"image\":{\"@type\":\"ImageObject\",\"url\":\"https:\\\/\\\/www.eldigitaldeasturias.com\\\/noticias\\\/wp-content\\\/uploads\\\/2020\\\/01\\\/280120-consejoue.jpg\",\"width\":512,\"height\":340},\"datePublished\":\"2020-01-27T18:07:48+01:00\",\"dateModified\":\"2020-01-27T18:07:48+01:00\",\"inLanguage\":\"es-ES\",\"mainEntityOfPage\":{\"@id\":\"https:\\\/\\\/www.eldigitaldeasturias.com\\\/noticias\\\/planas-espana-trabajara-para-tener-economia-neutra-de-carbono-en-2050\\\/#webpage\"},\"isPartOf\":{\"@id\":\"https:\\\/\\\/www.eldigitaldeasturias.com\\\/noticias\\\/planas-espana-trabajara-para-tener-economia-neutra-de-carbono-en-2050\\\/#webpage\"},\"articleSection\":\"Econom\\u00eda\"},{\"@type\":\"BreadcrumbList\",\"@id\":\"https:\\\/\\\/www.eldigitaldeasturias.com\\\/noticias\\\/planas-espana-trabajara-para-tener-economia-neutra-de-carbono-en-2050\\\/#breadcrumblist\",\"itemListElement\":[{\"@type\":\"ListItem\",\"@id\":\"https:\\\/\\\/www.eldigitaldeasturias.com\\\/noticias#listItem\",\"position\":1,\"name\":\"Home\",\"item\":\"https:\\\/\\\/www.eldigitaldeasturias.com\\\/noticias\",\"nextItem\":{\"@type\":\"ListItem\",\"@id\":\"https:\\\/\\\/www.eldigitaldeasturias.com\\\/noticias\\\/category\\\/economia\\\/#listItem\",\"name\":\"Econom\\u00eda\"}},{\"@type\":\"ListItem\",\"@id\":\"https:\\\/\\\/www.eldigitaldeasturias.com\\\/noticias\\\/category\\\/economia\\\/#listItem\",\"position\":2,\"name\":\"Econom\\u00eda\",\"item\":\"https:\\\/\\\/www.eldigitaldeasturias.com\\\/noticias\\\/category\\\/economia\\\/\",\"nextItem\":{\"@type\":\"ListItem\",\"@id\":\"https:\\\/\\\/www.eldigitaldeasturias.com\\\/noticias\\\/planas-espana-trabajara-para-tener-economia-neutra-de-carbono-en-2050\\\/#listItem\",\"name\":\"Planas: \\u201cEspa\\u00f1a trabajar\\u00e1 para tener econom\\u00eda neutra de carbono en 2050\\u201d\"},\"previousItem\":{\"@type\":\"ListItem\",\"@id\":\"https:\\\/\\\/www.eldigitaldeasturias.com\\\/noticias#listItem\",\"name\":\"Home\"}},{\"@type\":\"ListItem\",\"@id\":\"https:\\\/\\\/www.eldigitaldeasturias.com\\\/noticias\\\/planas-espana-trabajara-para-tener-economia-neutra-de-carbono-en-2050\\\/#listItem\",\"position\":3,\"name\":\"Planas: \\u201cEspa\\u00f1a trabajar\\u00e1 para tener econom\\u00eda neutra de carbono en 2050\\u201d\",\"previousItem\":{\"@type\":\"ListItem\",\"@id\":\"https:\\\/\\\/www.eldigitaldeasturias.com\\\/noticias\\\/category\\\/economia\\\/#listItem\",\"name\":\"Econom\\u00eda\"}}]},{\"@type\":\"Organization\",\"@id\":\"https:\\\/\\\/www.eldigitaldeasturias.com\\\/noticias\\\/#organization\",\"name\":\"El Digital de Asturias\",\"description\":\"Hemeroteca\",\"url\":\"https:\\\/\\\/www.eldigitaldeasturias.com\\\/noticias\\\/\",\"email\":\"info@eldigitaldeasturias.com\",\"telephone\":\"+34652131393\",\"logo\":{\"@type\":\"ImageObject\",\"url\":\"https:\\\/\\\/www.eldigitaldeasturias.com\\\/noticias\\\/wp-content\\\/uploads\\\/2020\\\/12\\\/EDA.jpg\",\"@id\":\"https:\\\/\\\/www.eldigitaldeasturias.com\\\/noticias\\\/planas-espana-trabajara-para-tener-economia-neutra-de-carbono-en-2050\\\/#organizationLogo\",\"width\":649,\"height\":297},\"image\":{\"@id\":\"https:\\\/\\\/www.eldigitaldeasturias.com\\\/noticias\\\/planas-espana-trabajara-para-tener-economia-neutra-de-carbono-en-2050\\\/#organizationLogo\"},\"sameAs\":[\"https:\\\/\\\/facebook.com\\\/eldigitaldeasturias\",\"https:\\\/\\\/www.youtube.com\\\/channel\\\/UCZP-2wLEB9Rv6erhFmqVnvg\"],\"address\":{\"@id\":\"https:\\\/\\\/www.eldigitaldeasturias.com\\\/noticias\\\/#postaladdress\",\"@type\":\"PostalAddress\",\"streetAddress\":\"san antonio 4,\",\"postalCode\":\"33430\",\"addressLocality\":\"Cand\\u00e1s\",\"addressRegion\":\"Asturias\",\"addressCountry\":\"ES\"}},{\"@type\":\"Person\",\"@id\":\"https:\\\/\\\/www.eldigitaldeasturias.com\\\/noticias\\\/author\\\/admin\\\/#author\",\"url\":\"https:\\\/\\\/www.eldigitaldeasturias.com\\\/noticias\\\/author\\\/admin\\\/\",\"name\":\"El Digital de Asturias\",\"image\":{\"@type\":\"ImageObject\",\"@id\":\"https:\\\/\\\/www.eldigitaldeasturias.com\\\/noticias\\\/planas-espana-trabajara-para-tener-economia-neutra-de-carbono-en-2050\\\/#authorImage\",\"url\":\"https:\\\/\\\/www.eldigitaldeasturias.com\\\/noticias\\\/wp-content\\\/litespeed\\\/avatar\\\/18677e78aa0546b92d9dbf31ec7d7668.jpg?ver=1776685526\",\"width\":96,\"height\":96,\"caption\":\"El Digital de Asturias\"}},{\"@type\":\"WebPage\",\"@id\":\"https:\\\/\\\/www.eldigitaldeasturias.com\\\/noticias\\\/planas-espana-trabajara-para-tener-economia-neutra-de-carbono-en-2050\\\/#webpage\",\"url\":\"https:\\\/\\\/www.eldigitaldeasturias.com\\\/noticias\\\/planas-espana-trabajara-para-tener-economia-neutra-de-carbono-en-2050\\\/\",\"name\":\"Planas: \\u201cEspa\\u00f1a trabajar\\u00e1 para tener econom\\u00eda neutra de carbono en 2050\\u201d - El Digital de Asturias\",\"description\":\"El ministro de Agricultura, Pesca y Alimentaci\\u00f3n, Luis Planas, participa en el Consejo de Ministros de Agricultura de la Uni\\u00f3n Europea que, entre otros temas, debatir\\u00e1 sobre los aspectos agrarios de la comunicaci\\u00f3n de la Comisi\\u00f3n Europea sobre el Pacto Verde o Green Deal, cuyo principal objetivo es alcanzar la neutralidad clim\\u00e1tica en 2050. En\",\"inLanguage\":\"es-ES\",\"isPartOf\":{\"@id\":\"https:\\\/\\\/www.eldigitaldeasturias.com\\\/noticias\\\/#website\"},\"breadcrumb\":{\"@id\":\"https:\\\/\\\/www.eldigitaldeasturias.com\\\/noticias\\\/planas-espana-trabajara-para-tener-economia-neutra-de-carbono-en-2050\\\/#breadcrumblist\"},\"author\":{\"@id\":\"https:\\\/\\\/www.eldigitaldeasturias.com\\\/noticias\\\/author\\\/admin\\\/#author\"},\"creator\":{\"@id\":\"https:\\\/\\\/www.eldigitaldeasturias.com\\\/noticias\\\/author\\\/admin\\\/#author\"},\"image\":{\"@type\":\"ImageObject\",\"url\":\"https:\\\/\\\/www.eldigitaldeasturias.com\\\/noticias\\\/wp-content\\\/uploads\\\/2020\\\/01\\\/280120-consejoue.jpg\",\"@id\":\"https:\\\/\\\/www.eldigitaldeasturias.com\\\/noticias\\\/planas-espana-trabajara-para-tener-economia-neutra-de-carbono-en-2050\\\/#mainImage\",\"width\":512,\"height\":340},\"primaryImageOfPage\":{\"@id\":\"https:\\\/\\\/www.eldigitaldeasturias.com\\\/noticias\\\/planas-espana-trabajara-para-tener-economia-neutra-de-carbono-en-2050\\\/#mainImage\"},\"datePublished\":\"2020-01-27T18:07:48+01:00\",\"dateModified\":\"2020-01-27T18:07:48+01:00\"},{\"@type\":\"WebSite\",\"@id\":\"https:\\\/\\\/www.eldigitaldeasturias.com\\\/noticias\\\/#website\",\"url\":\"https:\\\/\\\/www.eldigitaldeasturias.com\\\/noticias\\\/\",\"name\":\"El Digital de Asturias - Diario de actualidad y noticias\",\"alternateName\":\"El Digital de Asturias - Diario de actualidad y noticias\",\"description\":\"Hemeroteca\",\"inLanguage\":\"es-ES\",\"publisher\":{\"@id\":\"https:\\\/\\\/www.eldigitaldeasturias.com\\\/noticias\\\/#organization\"}}]}\n\t\t<\/script>\n\t\t<!-- All in One SEO Pro -->\r\n\t\t<title>Planas: \u201cEspa\u00f1a trabajar\u00e1 para tener econom\u00eda neutra de carbono en 2050\u201d - El Digital de Asturias<\/title>\n\n","aioseo_head_json":{"title":"Planas: \u201cEspa\u00f1a trabajar\u00e1 para tener econom\u00eda neutra de carbono en 2050\u201d - El Digital de Asturias","description":"El ministro de Agricultura, Pesca y Alimentaci\u00f3n, Luis Planas, participa en el Consejo de Ministros de Agricultura de la Uni\u00f3n Europea que, entre otros temas, debatir\u00e1 sobre los aspectos agrarios de la comunicaci\u00f3n de la Comisi\u00f3n Europea sobre el Pacto Verde o Green Deal, cuyo principal objetivo es alcanzar la neutralidad clim\u00e1tica en 2050. En","canonical_url":"https:\/\/www.eldigitaldeasturias.com\/noticias\/planas-espana-trabajara-para-tener-economia-neutra-de-carbono-en-2050\/","robots":"max-image-preview:large","keywords":"econom\u00eda","webmasterTools":{"google-site-verification":"UA-38556648-1","msvalidate.01":"7dfe9f3f1b24437ab69f4f2559babe99","miscellaneous":""},"schema":{"@context":"https:\/\/schema.org","@graph":[{"@type":"BlogPosting","@id":"https:\/\/www.eldigitaldeasturias.com\/noticias\/planas-espana-trabajara-para-tener-economia-neutra-de-carbono-en-2050\/#blogposting","name":"Planas: \u201cEspa\u00f1a trabajar\u00e1 para tener econom\u00eda neutra de carbono en 2050\u201d - El Digital de Asturias","headline":"Planas: \u201cEspa\u00f1a trabajar\u00e1 para tener econom\u00eda neutra de carbono en 2050\u201d","author":{"@id":"https:\/\/www.eldigitaldeasturias.com\/noticias\/author\/admin\/#author"},"publisher":{"@id":"https:\/\/www.eldigitaldeasturias.com\/noticias\/#organization"},"image":{"@type":"ImageObject","url":"https:\/\/www.eldigitaldeasturias.com\/noticias\/wp-content\/uploads\/2020\/01\/280120-consejoue.jpg","width":512,"height":340},"datePublished":"2020-01-27T18:07:48+01:00","dateModified":"2020-01-27T18:07:48+01:00","inLanguage":"es-ES","mainEntityOfPage":{"@id":"https:\/\/www.eldigitaldeasturias.com\/noticias\/planas-espana-trabajara-para-tener-economia-neutra-de-carbono-en-2050\/#webpage"},"isPartOf":{"@id":"https:\/\/www.eldigitaldeasturias.com\/noticias\/planas-espana-trabajara-para-tener-economia-neutra-de-carbono-en-2050\/#webpage"},"articleSection":"Econom\u00eda"},{"@type":"BreadcrumbList","@id":"https:\/\/www.eldigitaldeasturias.com\/noticias\/planas-espana-trabajara-para-tener-economia-neutra-de-carbono-en-2050\/#breadcrumblist","itemListElement":[{"@type":"ListItem","@id":"https:\/\/www.eldigitaldeasturias.com\/noticias#listItem","position":1,"name":"Home","item":"https:\/\/www.eldigitaldeasturias.com\/noticias","nextItem":{"@type":"ListItem","@id":"https:\/\/www.eldigitaldeasturias.com\/noticias\/category\/economia\/#listItem","name":"Econom\u00eda"}},{"@type":"ListItem","@id":"https:\/\/www.eldigitaldeasturias.com\/noticias\/category\/economia\/#listItem","position":2,"name":"Econom\u00eda","item":"https:\/\/www.eldigitaldeasturias.com\/noticias\/category\/economia\/","nextItem":{"@type":"ListItem","@id":"https:\/\/www.eldigitaldeasturias.com\/noticias\/planas-espana-trabajara-para-tener-economia-neutra-de-carbono-en-2050\/#listItem","name":"Planas: \u201cEspa\u00f1a trabajar\u00e1 para tener econom\u00eda neutra de carbono en 2050\u201d"},"previousItem":{"@type":"ListItem","@id":"https:\/\/www.eldigitaldeasturias.com\/noticias#listItem","name":"Home"}},{"@type":"ListItem","@id":"https:\/\/www.eldigitaldeasturias.com\/noticias\/planas-espana-trabajara-para-tener-economia-neutra-de-carbono-en-2050\/#listItem","position":3,"name":"Planas: \u201cEspa\u00f1a trabajar\u00e1 para tener econom\u00eda neutra de carbono en 2050\u201d","previousItem":{"@type":"ListItem","@id":"https:\/\/www.eldigitaldeasturias.com\/noticias\/category\/economia\/#listItem","name":"Econom\u00eda"}}]},{"@type":"Organization","@id":"https:\/\/www.eldigitaldeasturias.com\/noticias\/#organization","name":"El Digital de Asturias","description":"Hemeroteca","url":"https:\/\/www.eldigitaldeasturias.com\/noticias\/","email":"info@eldigitaldeasturias.com","telephone":"+34652131393","logo":{"@type":"ImageObject","url":"https:\/\/www.eldigitaldeasturias.com\/noticias\/wp-content\/uploads\/2020\/12\/EDA.jpg","@id":"https:\/\/www.eldigitaldeasturias.com\/noticias\/planas-espana-trabajara-para-tener-economia-neutra-de-carbono-en-2050\/#organizationLogo","width":649,"height":297},"image":{"@id":"https:\/\/www.eldigitaldeasturias.com\/noticias\/planas-espana-trabajara-para-tener-economia-neutra-de-carbono-en-2050\/#organizationLogo"},"sameAs":["https:\/\/facebook.com\/eldigitaldeasturias","https:\/\/www.youtube.com\/channel\/UCZP-2wLEB9Rv6erhFmqVnvg"],"address":{"@id":"https:\/\/www.eldigitaldeasturias.com\/noticias\/#postaladdress","@type":"PostalAddress","streetAddress":"san antonio 4,","postalCode":"33430","addressLocality":"Cand\u00e1s","addressRegion":"Asturias","addressCountry":"ES"}},{"@type":"Person","@id":"https:\/\/www.eldigitaldeasturias.com\/noticias\/author\/admin\/#author","url":"https:\/\/www.eldigitaldeasturias.com\/noticias\/author\/admin\/","name":"El Digital de Asturias","image":{"@type":"ImageObject","@id":"https:\/\/www.eldigitaldeasturias.com\/noticias\/planas-espana-trabajara-para-tener-economia-neutra-de-carbono-en-2050\/#authorImage","url":"https:\/\/www.eldigitaldeasturias.com\/noticias\/wp-content\/litespeed\/avatar\/18677e78aa0546b92d9dbf31ec7d7668.jpg?ver=1776685526","width":96,"height":96,"caption":"El Digital de Asturias"}},{"@type":"WebPage","@id":"https:\/\/www.eldigitaldeasturias.com\/noticias\/planas-espana-trabajara-para-tener-economia-neutra-de-carbono-en-2050\/#webpage","url":"https:\/\/www.eldigitaldeasturias.com\/noticias\/planas-espana-trabajara-para-tener-economia-neutra-de-carbono-en-2050\/","name":"Planas: \u201cEspa\u00f1a trabajar\u00e1 para tener econom\u00eda neutra de carbono en 2050\u201d - El Digital de Asturias","description":"El ministro de Agricultura, Pesca y Alimentaci\u00f3n, Luis Planas, participa en el Consejo de Ministros de Agricultura de la Uni\u00f3n Europea que, entre otros temas, debatir\u00e1 sobre los aspectos agrarios de la comunicaci\u00f3n de la Comisi\u00f3n Europea sobre el Pacto Verde o Green Deal, cuyo principal objetivo es alcanzar la neutralidad clim\u00e1tica en 2050. En","inLanguage":"es-ES","isPartOf":{"@id":"https:\/\/www.eldigitaldeasturias.com\/noticias\/#website"},"breadcrumb":{"@id":"https:\/\/www.eldigitaldeasturias.com\/noticias\/planas-espana-trabajara-para-tener-economia-neutra-de-carbono-en-2050\/#breadcrumblist"},"author":{"@id":"https:\/\/www.eldigitaldeasturias.com\/noticias\/author\/admin\/#author"},"creator":{"@id":"https:\/\/www.eldigitaldeasturias.com\/noticias\/author\/admin\/#author"},"image":{"@type":"ImageObject","url":"https:\/\/www.eldigitaldeasturias.com\/noticias\/wp-content\/uploads\/2020\/01\/280120-consejoue.jpg","@id":"https:\/\/www.eldigitaldeasturias.com\/noticias\/planas-espana-trabajara-para-tener-economia-neutra-de-carbono-en-2050\/#mainImage","width":512,"height":340},"primaryImageOfPage":{"@id":"https:\/\/www.eldigitaldeasturias.com\/noticias\/planas-espana-trabajara-para-tener-economia-neutra-de-carbono-en-2050\/#mainImage"},"datePublished":"2020-01-27T18:07:48+01:00","dateModified":"2020-01-27T18:07:48+01:00"},{"@type":"WebSite","@id":"https:\/\/www.eldigitaldeasturias.com\/noticias\/#website","url":"https:\/\/www.eldigitaldeasturias.com\/noticias\/","name":"El Digital de Asturias - Diario de actualidad y noticias","alternateName":"El Digital de Asturias - Diario de actualidad y noticias","description":"Hemeroteca","inLanguage":"es-ES","publisher":{"@id":"https:\/\/www.eldigitaldeasturias.com\/noticias\/#organization"}}]},"og:locale":"es_ES","og:site_name":"El Digital de Asturias","og:type":"article","og:title":"Planas: \u201cEspa\u00f1a trabajar\u00e1 para tener econom\u00eda neutra de carbono en 2050\u201d - El Digital de Asturias","og:description":"El ministro de Agricultura, Pesca y Alimentaci\u00f3n, Luis Planas, participa en el Consejo de Ministros de Agricultura de la Uni\u00f3n Europea que, entre otros temas, debatir\u00e1 sobre los aspectos agrarios de la comunicaci\u00f3n de la Comisi\u00f3n Europea sobre el Pacto Verde o Green Deal, cuyo principal objetivo es alcanzar la neutralidad clim\u00e1tica en 2050. En","og:url":"https:\/\/www.eldigitaldeasturias.com\/noticias\/planas-espana-trabajara-para-tener-economia-neutra-de-carbono-en-2050\/","og:image":"https:\/\/www.eldigitaldeasturias.com\/noticias\/wp-content\/uploads\/2020\/01\/280120-consejoue.jpg","og:image:secure_url":"https:\/\/www.eldigitaldeasturias.com\/noticias\/wp-content\/uploads\/2020\/01\/280120-consejoue.jpg","og:image:width":512,"og:image:height":340,"article:tag":["econom\u00eda"],"article:published_time":"2020-01-27T18:07:48+00:00","article:modified_time":"2020-01-27T18:07:48+00:00","article:publisher":"https:\/\/facebook.com\/eldigitaldeasturias","twitter:card":"summary_large_image","twitter:title":"Planas: \u201cEspa\u00f1a trabajar\u00e1 para tener econom\u00eda neutra de carbono en 2050\u201d - El Digital de Asturias","twitter:description":"El ministro de Agricultura, Pesca y Alimentaci\u00f3n, Luis Planas, participa en el Consejo de Ministros de Agricultura de la Uni\u00f3n Europea que, entre otros temas, debatir\u00e1 sobre los aspectos agrarios de la comunicaci\u00f3n de la Comisi\u00f3n Europea sobre el Pacto Verde o Green Deal, cuyo principal objetivo es alcanzar la neutralidad clim\u00e1tica en 2050. En","twitter:image":"https:\/\/www.eldigitaldeasturias.com\/noticias\/wp-content\/uploads\/2020\/01\/280120-consejoue.jpg","twitter:label1":"Escrito por","twitter:data1":"El Digital de Asturias","twitter:label2":"Tiempo de lectura estimado","twitter:data2":"4 minutos"},"aioseo_meta_data":{"post_id":"1055865","title":null,"description":null,"keywords":null,"keyphrases":null,"primary_term":null,"canonical_url":null,"og_title":null,"og_description":null,"og_object_type":"default","og_image_type":"default","og_image_url":null,"og_image_width":null,"og_image_height":null,"og_image_custom_url":null,"og_image_custom_fields":null,"og_video":null,"og_custom_url":null,"og_article_section":null,"og_article_tags":null,"twitter_use_og":false,"twitter_card":"default","twitter_image_type":"default","twitter_image_url":null,"twitter_image_custom_url":null,"twitter_image_custom_fields":null,"twitter_title":null,"twitter_description":null,"schema":{"blockGraphs":[],"customGraphs":[],"default":{"data":{"Article":[],"Course":[],"Dataset":[],"FAQPage":[],"Movie":[],"Person":[],"Product":[],"ProductReview":[],"Car":[],"Recipe":[],"Service":[],"SoftwareApplication":[],"WebPage":[]},"graphName":"","isEnabled":true},"graphs":[],"defaultGraph":"","defaultPostTypeGraph":""},"schema_type":null,"schema_type_options":null,"pillar_content":false,"robots_default":true,"robots_noindex":false,"robots_noarchive":false,"robots_nosnippet":false,"robots_nofollow":false,"robots_noimageindex":false,"robots_noodp":false,"robots_notranslate":false,"robots_max_snippet":null,"robots_max_videopreview":null,"robots_max_imagepreview":"large","priority":null,"frequency":null,"local_seo":null,"seo_analyzer_scan_date":"2025-10-30 20:30:13","breadcrumb_settings":null,"limit_modified_date":false,"open_ai":null,"ai":null,"created":"2020-12-21 10:56:04","updated":"2025-10-30 20:30:13"},"aioseo_breadcrumb":"<div class=\"aioseo-breadcrumbs\"><span class=\"aioseo-breadcrumb\">\n\t<a href=\"https:\/\/www.eldigitaldeasturias.com\/noticias\" title=\"Home\">Home<\/a>\n<\/span><span class=\"aioseo-breadcrumb-separator\">\u2013<\/span><span class=\"aioseo-breadcrumb\">\n\t<a href=\"https:\/\/www.eldigitaldeasturias.com\/noticias\/category\/economia\/\" title=\"Econom\u00eda\">Econom\u00eda<\/a>\n<\/span><span class=\"aioseo-breadcrumb-separator\">\u2013<\/span><span class=\"aioseo-breadcrumb\">\n\t<a href=\"https:\/\/www.eldigitaldeasturias.com\/noticias\/planas-espana-trabajara-para-tener-economia-neutra-de-carbono-en-2050\/\" title=\"Planas: \u201cEspa\u00f1a trabajar\u00e1 para tener econom\u00eda neutra de carbono en 2050\u201d\">Planas: \u201cEspa\u00f1a trabajar\u00e1 para tener econom\u00eda neutra de carbono en 2050\u201d<\/a>\n<\/span><\/div>","aioseo_breadcrumb_json":[{"label":"Home","link":"https:\/\/www.eldigitaldeasturias.com\/noticias"},{"label":"Econom\u00eda","link":"https:\/\/www.eldigitaldeasturias.com\/noticias\/category\/economia\/"},{"label":"Planas: \u201cEspa\u00f1a trabajar\u00e1 para tener econom\u00eda neutra de carbono en 2050\u201d","link":"https:\/\/www.eldigitaldeasturias.com\/noticias\/planas-espana-trabajara-para-tener-economia-neutra-de-carbono-en-2050\/"}],"_links":{"self":[{"href":"https:\/\/www.eldigitaldeasturias.com\/noticias\/wp-json\/wp\/v2\/posts\/1055865","targetHints":{"allow":["GET"]}}],"collection":[{"href":"https:\/\/www.eldigitaldeasturias.com\/noticias\/wp-json\/wp\/v2\/posts"}],"about":[{"href":"https:\/\/www.eldigitaldeasturias.com\/noticias\/wp-json\/wp\/v2\/types\/post"}],"author":[{"embeddable":true,"href":"https:\/\/www.eldigitaldeasturias.com\/noticias\/wp-json\/wp\/v2\/users\/1"}],"replies":[{"embeddable":true,"href":"https:\/\/www.eldigitaldeasturias.com\/noticias\/wp-json\/wp\/v2\/comments?post=1055865"}],"version-history":[{"count":0,"href":"https:\/\/www.eldigitaldeasturias.com\/noticias\/wp-json\/wp\/v2\/posts\/1055865\/revisions"}],"wp:featuredmedia":[{"embeddable":true,"href":"https:\/\/www.eldigitaldeasturias.com\/noticias\/wp-json\/wp\/v2\/media\/1055866"}],"wp:attachment":[{"href":"https:\/\/www.eldigitaldeasturias.com\/noticias\/wp-json\/wp\/v2\/media?parent=1055865"}],"wp:term":[{"taxonomy":"category","embeddable":true,"href":"https:\/\/www.eldigitaldeasturias.com\/noticias\/wp-json\/wp\/v2\/categories?post=1055865"},{"taxonomy":"post_tag","embeddable":true,"href":"https:\/\/www.eldigitaldeasturias.com\/noticias\/wp-json\/wp\/v2\/tags?post=1055865"}],"curies":[{"name":"wp","href":"https:\/\/api.w.org\/{rel}","templated":true}]}}