{"id":1055706,"date":"2020-01-26T22:33:39","date_gmt":"2020-01-26T22:33:39","guid":{"rendered":"https:\/\/www.eldigitaldeasturias.com\/noticias\/?p=1055706"},"modified":"2020-01-26T22:33:39","modified_gmt":"2020-01-26T22:33:39","slug":"muere-kobe-bryant-a-los-41-anos","status":"publish","type":"post","link":"https:\/\/www.eldigitaldeasturias.com\/noticias\/muere-kobe-bryant-a-los-41-anos\/","title":{"rendered":"Muere Kobe Bryant a los 41 a\u00f1os"},"content":{"rendered":"<figure id=\"attachment_1055707\" aria-describedby=\"caption-attachment-1055707\" style=\"width: 360px\" class=\"wp-caption alignleft\"><img loading=\"lazy\" decoding=\"async\" class=\"size-medium wp-image-1055707\" src=\"https:\/\/www.eldigitaldeasturias.com\/noticias\/wp-content\/uploads\/2020\/01\/Kobe-Bryant-ep-360x211.jpg\" alt=\"\" width=\"360\" height=\"211\" srcset=\"https:\/\/www.eldigitaldeasturias.com\/noticias\/wp-content\/uploads\/2020\/01\/Kobe-Bryant-ep-360x211.jpg 360w, https:\/\/www.eldigitaldeasturias.com\/noticias\/wp-content\/uploads\/2020\/01\/Kobe-Bryant-ep-690x405.jpg 690w, https:\/\/www.eldigitaldeasturias.com\/noticias\/wp-content\/uploads\/2020\/01\/Kobe-Bryant-ep-480x282.jpg 480w, https:\/\/www.eldigitaldeasturias.com\/noticias\/wp-content\/uploads\/2020\/01\/Kobe-Bryant-ep.jpg 746w\" sizes=\"auto, (max-width: 360px) 100vw, 360px\" \/><figcaption id=\"caption-attachment-1055707\" class=\"wp-caption-text\">Foto: LAKERS.COM \/ Europa Press<\/figcaption><\/figure>\n<p>(Europa Press) &#8211;\u00a0El estadounidense Kobe Bryant (Filadelfia, 23-08-1978), fallecido este domingo a los 41 a\u00f1os, siempre ser\u00e1 recordado como uno de los mejores jugadores en la historia del baloncesto, el deporte donde acumul\u00f3 innumerables logros y actuaciones hist\u00f3ricas, entre ellas los 81 puntos que anot\u00f3 con la camiseta de sus Lakers, la \u00fanica que visti\u00f3 durante 20 temporadas en la NBA.<\/p>\n<p>Fue hace 14 a\u00f1os, concretamente el 22 de enero de 2006, cuando Bryant dej\u00f3 esa anotaci\u00f3n en un encuentro contra Toronto Raptors. Tan solo Wilt Chamberlain, que anot\u00f3 100 puntos en un partido en 1962, durante una \u00e9poca muy diferente a la actual, le supera en toda la historia. Ambos comparten ahora el pante\u00f3n imaginario de los Lakers.<\/p>\n<p>Aquel asombroso guarismo fue el punto culminante de una carrera marcada por el car\u00e1cter extremadamente competitivo de la &#8216;Mamba Negra&#8217;, un alero con tanto talento que ni siquiera tuvo que pasar por la prestigiosa NCAA universitaria. Desde el Instituto Lower Merion de su Filadelfia natal y con apenas 18 a\u00f1os, Charlotte Hornets le seleccion\u00f3 en el &#8216;draft&#8217; 1996 y traspas\u00f3 sus derechos a los Lakers.<\/p>\n<p>Con el dorsal &#8216;8&#8217; durante la primera mitad de su carrera, que posteriormente cambiar\u00eda por el &#8217;24&#8217;, Bryant vivi\u00f3 un aterrizaje suave en la NBA y ni siquiera fue el mejor novato del a\u00f1o en su primer curso, honor que correspondi\u00f3 a otra gran promesa como Allen Iverson, pero pronto se destap\u00f3 como una estrella de tintes memorables.<\/p>\n<p>As\u00ed, fue el eje de dos ciclos ganadores de los Lakers en los que conquist\u00f3 un total de cinco anillos. Los tres primeros se los puso en la mano de forma en los a\u00f1os 2000, 2001 y 2002, a la \u00f3rdenes de un ganador nato como Phil Jackson y formando una pareja letal sobre la cancha con Shaquille O&#8217;Neal, del que acab\u00f3 distanci\u00e1ndose tras una tensa lucha de egos.<\/p>\n<p><strong>SU &#8216;HERMANO&#8217; PAU GASOL<\/strong><\/p>\n<p>Mucha mejor relaci\u00f3n mantuvo siempre con su gran &#8216;escudero&#8217; en los anillos ganados en 2009 y 2010: Pau Gasol. Siempre se refiri\u00f3 al p\u00edvot como su &#8216;hermano espa\u00f1ol&#8217; y juntos, de nuevo bajo el mando de Jackson, devolvieron la gloria a la franquicia de p\u00farpura y oro.<\/p>\n<p>Imbatibles jugando juntos, Bryant y Gasol tambi\u00e9n protagonizaron grandes batallas como rivales en los Juegos Ol\u00edmpicos. El estadounidense se colg\u00f3 los oros de Pek\u00edn&#8217;08 y Londres&#8217;12 al frente del &#8216;Dream Team&#8217;, pero en ambos casos tanto \u00e9l como el resto de estrellas norteamericanas tuvieron que pelear mucho para tumbar a Espa\u00f1a.<\/p>\n<p>As\u00ed, cinco anillos y dos medallas ol\u00edmpicas encabezan un palmar\u00e9s de leyenda donde tambi\u00e9n figuran innumerables logros: un MVP de la NBA, dos MVPs de las Finales, 18 nominaciones para el &#8216;All Star&#8217;, dos veces m\u00e1ximo anotador de la temporada, un concurso de mates y hasta un premio \u00d3scar de cine que gan\u00f3 hace dos a\u00f1os por un cortometraje convertido en una declaraci\u00f3n de amor al baloncesto.<\/p>\n<p>Entre los puntos negros de su biograf\u00eda, el esc\u00e1ndalo sexual con una empleada de hotel en 2003 que a punto estuvo de arruinar su carrera y su familia, o la dureza con la que lleg\u00f3 a tratar p\u00fablicamente a algunos compa\u00f1eros de equipo, derivada de su eterna negativa a aceptar la derrota.<\/p>\n<p>Este mismo fin de semana, el nombre de Bryant, retirado en 2016 tras muchos problemas de lesiones, hab\u00eda vuelto a salir a la palestra despu\u00e9s de que LeBron James le arrebatara el tercer puesto en la lista de m\u00e1ximos anotadores de la NBA. Estrella como jugador e \u00eddolo hist\u00f3rico desde su retirada de los Lakers, que retiraron sus dos dorsales, la muerte de Bryant le eleva a ahora la categor\u00eda de leyenda angelina.<\/p>\n<p>&nbsp;<\/p>\n","protected":false},"excerpt":{"rendered":"<p>(Europa Press) &#8211;\u00a0El estadounidense Kobe Bryant (Filadelfia, 23-08-1978), fallecido este domingo a los 41 a\u00f1os, siempre ser\u00e1 recordado como uno de los mejores jugadores en la historia del baloncesto, el deporte donde acumul\u00f3 innumerables logros y actuaciones hist\u00f3ricas, entre ellas los 81 puntos que anot\u00f3 con la camiseta de sus Lakers, la \u00fanica que visti\u00f3 [&hellip;]<\/p>\n","protected":false},"author":1,"featured_media":1055707,"comment_status":"closed","ping_status":"closed","sticky":false,"template":"","format":"standard","meta":{"footnotes":""},"categories":[190],"tags":[],"class_list":["post-1055706","post","type-post","status-publish","format-standard","has-post-thumbnail","hentry","category-deportes"],"aioseo_notices":[],"aioseo_head":"\n\t\t<!-- All in One SEO Pro 4.9.6.2 - aioseo.com -->\n\t<meta name=\"description\" content=\"(Europa Press) - El estadounidense Kobe Bryant (Filadelfia, 23-08-1978), fallecido este domingo a los 41 a\u00f1os, siempre ser\u00e1 recordado como uno de los mejores jugadores en la historia del baloncesto, el deporte donde acumul\u00f3 innumerables logros y actuaciones hist\u00f3ricas, entre ellas los 81 puntos que anot\u00f3 con la camiseta de sus Lakers, la \u00fanica que visti\u00f3\" \/>\n\t<meta name=\"robots\" content=\"max-image-preview:large\" \/>\n\t<meta name=\"author\" content=\"El Digital de Asturias\"\/>\n\t<meta name=\"google-site-verification\" content=\"UA-38556648-1\" \/>\n\t<meta name=\"msvalidate.01\" content=\"7dfe9f3f1b24437ab69f4f2559babe99\" \/>\n\t<meta name=\"keywords\" content=\"deportes\" \/>\n\t<link rel=\"canonical\" href=\"https:\/\/www.eldigitaldeasturias.com\/noticias\/muere-kobe-bryant-a-los-41-anos\/\" \/>\n\t<meta name=\"generator\" content=\"All in One SEO Pro (AIOSEO) 4.9.6.2\" \/>\n\t\t<meta property=\"og:locale\" content=\"es_ES\" \/>\n\t\t<meta property=\"og:site_name\" content=\"El Digital de Asturias\" \/>\n\t\t<meta property=\"og:type\" content=\"article\" \/>\n\t\t<meta property=\"og:title\" content=\"Muere Kobe Bryant a los 41 a\u00f1os - El Digital de Asturias\" \/>\n\t\t<meta property=\"og:description\" content=\"(Europa Press) - El estadounidense Kobe Bryant (Filadelfia, 23-08-1978), fallecido este domingo a los 41 a\u00f1os, siempre ser\u00e1 recordado como uno de los mejores jugadores en la historia del baloncesto, el deporte donde acumul\u00f3 innumerables logros y actuaciones hist\u00f3ricas, entre ellas los 81 puntos que anot\u00f3 con la camiseta de sus Lakers, la \u00fanica que visti\u00f3\" \/>\n\t\t<meta property=\"og:url\" content=\"https:\/\/www.eldigitaldeasturias.com\/noticias\/muere-kobe-bryant-a-los-41-anos\/\" \/>\n\t\t<meta property=\"og:image\" content=\"https:\/\/www.eldigitaldeasturias.com\/noticias\/wp-content\/uploads\/2020\/01\/Kobe-Bryant-ep.jpg\" \/>\n\t\t<meta property=\"og:image:secure_url\" content=\"https:\/\/www.eldigitaldeasturias.com\/noticias\/wp-content\/uploads\/2020\/01\/Kobe-Bryant-ep.jpg\" \/>\n\t\t<meta property=\"og:image:width\" content=\"746\" \/>\n\t\t<meta property=\"og:image:height\" content=\"438\" \/>\n\t\t<meta property=\"article:tag\" content=\"deportes\" \/>\n\t\t<meta property=\"article:published_time\" content=\"2020-01-26T22:33:39+00:00\" \/>\n\t\t<meta property=\"article:modified_time\" content=\"2020-01-26T22:33:39+00:00\" \/>\n\t\t<meta property=\"article:publisher\" content=\"https:\/\/facebook.com\/eldigitaldeasturias\" \/>\n\t\t<meta name=\"twitter:card\" content=\"summary_large_image\" \/>\n\t\t<meta name=\"twitter:title\" content=\"Muere Kobe Bryant a los 41 a\u00f1os - El Digital de Asturias\" \/>\n\t\t<meta name=\"twitter:description\" content=\"(Europa Press) - El estadounidense Kobe Bryant (Filadelfia, 23-08-1978), fallecido este domingo a los 41 a\u00f1os, siempre ser\u00e1 recordado como uno de los mejores jugadores en la historia del baloncesto, el deporte donde acumul\u00f3 innumerables logros y actuaciones hist\u00f3ricas, entre ellas los 81 puntos que anot\u00f3 con la camiseta de sus Lakers, la \u00fanica que visti\u00f3\" \/>\n\t\t<meta name=\"twitter:image\" content=\"https:\/\/www.eldigitaldeasturias.com\/noticias\/wp-content\/uploads\/2020\/01\/Kobe-Bryant-ep.jpg\" \/>\n\t\t<meta name=\"twitter:label1\" content=\"Escrito por\" \/>\n\t\t<meta name=\"twitter:data1\" content=\"El Digital de Asturias\" \/>\n\t\t<meta name=\"twitter:label2\" content=\"Tiempo de lectura estimado\" \/>\n\t\t<meta name=\"twitter:data2\" content=\"3 minutos\" \/>\n\t\t<script type=\"application\/ld+json\" class=\"aioseo-schema\">\n\t\t\t{\"@context\":\"https:\\\/\\\/schema.org\",\"@graph\":[{\"@type\":\"BlogPosting\",\"@id\":\"https:\\\/\\\/www.eldigitaldeasturias.com\\\/noticias\\\/muere-kobe-bryant-a-los-41-anos\\\/#blogposting\",\"name\":\"Muere Kobe Bryant a los 41 a\\u00f1os - El Digital de Asturias\",\"headline\":\"Muere Kobe Bryant a los 41 a\\u00f1os\",\"author\":{\"@id\":\"https:\\\/\\\/www.eldigitaldeasturias.com\\\/noticias\\\/author\\\/admin\\\/#author\"},\"publisher\":{\"@id\":\"https:\\\/\\\/www.eldigitaldeasturias.com\\\/noticias\\\/#organization\"},\"image\":{\"@type\":\"ImageObject\",\"url\":\"https:\\\/\\\/www.eldigitaldeasturias.com\\\/noticias\\\/wp-content\\\/uploads\\\/2020\\\/01\\\/Kobe-Bryant-ep.jpg\",\"width\":746,\"height\":438,\"caption\":\"Foto: LAKERS.COM \\\/ Europa Press\"},\"datePublished\":\"2020-01-26T22:33:39+01:00\",\"dateModified\":\"2020-01-26T22:33:39+01:00\",\"inLanguage\":\"es-ES\",\"mainEntityOfPage\":{\"@id\":\"https:\\\/\\\/www.eldigitaldeasturias.com\\\/noticias\\\/muere-kobe-bryant-a-los-41-anos\\\/#webpage\"},\"isPartOf\":{\"@id\":\"https:\\\/\\\/www.eldigitaldeasturias.com\\\/noticias\\\/muere-kobe-bryant-a-los-41-anos\\\/#webpage\"},\"articleSection\":\"Deportes\"},{\"@type\":\"BreadcrumbList\",\"@id\":\"https:\\\/\\\/www.eldigitaldeasturias.com\\\/noticias\\\/muere-kobe-bryant-a-los-41-anos\\\/#breadcrumblist\",\"itemListElement\":[{\"@type\":\"ListItem\",\"@id\":\"https:\\\/\\\/www.eldigitaldeasturias.com\\\/noticias#listItem\",\"position\":1,\"name\":\"Home\",\"item\":\"https:\\\/\\\/www.eldigitaldeasturias.com\\\/noticias\",\"nextItem\":{\"@type\":\"ListItem\",\"@id\":\"https:\\\/\\\/www.eldigitaldeasturias.com\\\/noticias\\\/category\\\/deportes\\\/#listItem\",\"name\":\"Deportes\"}},{\"@type\":\"ListItem\",\"@id\":\"https:\\\/\\\/www.eldigitaldeasturias.com\\\/noticias\\\/category\\\/deportes\\\/#listItem\",\"position\":2,\"name\":\"Deportes\",\"item\":\"https:\\\/\\\/www.eldigitaldeasturias.com\\\/noticias\\\/category\\\/deportes\\\/\",\"nextItem\":{\"@type\":\"ListItem\",\"@id\":\"https:\\\/\\\/www.eldigitaldeasturias.com\\\/noticias\\\/muere-kobe-bryant-a-los-41-anos\\\/#listItem\",\"name\":\"Muere Kobe Bryant a los 41 a\\u00f1os\"},\"previousItem\":{\"@type\":\"ListItem\",\"@id\":\"https:\\\/\\\/www.eldigitaldeasturias.com\\\/noticias#listItem\",\"name\":\"Home\"}},{\"@type\":\"ListItem\",\"@id\":\"https:\\\/\\\/www.eldigitaldeasturias.com\\\/noticias\\\/muere-kobe-bryant-a-los-41-anos\\\/#listItem\",\"position\":3,\"name\":\"Muere Kobe Bryant a los 41 a\\u00f1os\",\"previousItem\":{\"@type\":\"ListItem\",\"@id\":\"https:\\\/\\\/www.eldigitaldeasturias.com\\\/noticias\\\/category\\\/deportes\\\/#listItem\",\"name\":\"Deportes\"}}]},{\"@type\":\"Organization\",\"@id\":\"https:\\\/\\\/www.eldigitaldeasturias.com\\\/noticias\\\/#organization\",\"name\":\"El Digital de Asturias\",\"description\":\"Hemeroteca\",\"url\":\"https:\\\/\\\/www.eldigitaldeasturias.com\\\/noticias\\\/\",\"email\":\"info@eldigitaldeasturias.com\",\"telephone\":\"+34652131393\",\"logo\":{\"@type\":\"ImageObject\",\"url\":\"https:\\\/\\\/www.eldigitaldeasturias.com\\\/noticias\\\/wp-content\\\/uploads\\\/2020\\\/12\\\/EDA.jpg\",\"@id\":\"https:\\\/\\\/www.eldigitaldeasturias.com\\\/noticias\\\/muere-kobe-bryant-a-los-41-anos\\\/#organizationLogo\",\"width\":649,\"height\":297},\"image\":{\"@id\":\"https:\\\/\\\/www.eldigitaldeasturias.com\\\/noticias\\\/muere-kobe-bryant-a-los-41-anos\\\/#organizationLogo\"},\"sameAs\":[\"https:\\\/\\\/facebook.com\\\/eldigitaldeasturias\",\"https:\\\/\\\/www.youtube.com\\\/channel\\\/UCZP-2wLEB9Rv6erhFmqVnvg\"],\"address\":{\"@id\":\"https:\\\/\\\/www.eldigitaldeasturias.com\\\/noticias\\\/#postaladdress\",\"@type\":\"PostalAddress\",\"streetAddress\":\"san antonio 4,\",\"postalCode\":\"33430\",\"addressLocality\":\"Cand\\u00e1s\",\"addressRegion\":\"Asturias\",\"addressCountry\":\"ES\"}},{\"@type\":\"Person\",\"@id\":\"https:\\\/\\\/www.eldigitaldeasturias.com\\\/noticias\\\/author\\\/admin\\\/#author\",\"url\":\"https:\\\/\\\/www.eldigitaldeasturias.com\\\/noticias\\\/author\\\/admin\\\/\",\"name\":\"El Digital de Asturias\",\"image\":{\"@type\":\"ImageObject\",\"@id\":\"https:\\\/\\\/www.eldigitaldeasturias.com\\\/noticias\\\/muere-kobe-bryant-a-los-41-anos\\\/#authorImage\",\"url\":\"https:\\\/\\\/www.eldigitaldeasturias.com\\\/noticias\\\/wp-content\\\/litespeed\\\/avatar\\\/18677e78aa0546b92d9dbf31ec7d7668.jpg?ver=1777290358\",\"width\":96,\"height\":96,\"caption\":\"El Digital de Asturias\"}},{\"@type\":\"WebPage\",\"@id\":\"https:\\\/\\\/www.eldigitaldeasturias.com\\\/noticias\\\/muere-kobe-bryant-a-los-41-anos\\\/#webpage\",\"url\":\"https:\\\/\\\/www.eldigitaldeasturias.com\\\/noticias\\\/muere-kobe-bryant-a-los-41-anos\\\/\",\"name\":\"Muere Kobe Bryant a los 41 a\\u00f1os - El Digital de Asturias\",\"description\":\"(Europa Press) - El estadounidense Kobe Bryant (Filadelfia, 23-08-1978), fallecido este domingo a los 41 a\\u00f1os, siempre ser\\u00e1 recordado como uno de los mejores jugadores en la historia del baloncesto, el deporte donde acumul\\u00f3 innumerables logros y actuaciones hist\\u00f3ricas, entre ellas los 81 puntos que anot\\u00f3 con la camiseta de sus Lakers, la \\u00fanica que visti\\u00f3\",\"inLanguage\":\"es-ES\",\"isPartOf\":{\"@id\":\"https:\\\/\\\/www.eldigitaldeasturias.com\\\/noticias\\\/#website\"},\"breadcrumb\":{\"@id\":\"https:\\\/\\\/www.eldigitaldeasturias.com\\\/noticias\\\/muere-kobe-bryant-a-los-41-anos\\\/#breadcrumblist\"},\"author\":{\"@id\":\"https:\\\/\\\/www.eldigitaldeasturias.com\\\/noticias\\\/author\\\/admin\\\/#author\"},\"creator\":{\"@id\":\"https:\\\/\\\/www.eldigitaldeasturias.com\\\/noticias\\\/author\\\/admin\\\/#author\"},\"image\":{\"@type\":\"ImageObject\",\"url\":\"https:\\\/\\\/www.eldigitaldeasturias.com\\\/noticias\\\/wp-content\\\/uploads\\\/2020\\\/01\\\/Kobe-Bryant-ep.jpg\",\"@id\":\"https:\\\/\\\/www.eldigitaldeasturias.com\\\/noticias\\\/muere-kobe-bryant-a-los-41-anos\\\/#mainImage\",\"width\":746,\"height\":438,\"caption\":\"Foto: LAKERS.COM \\\/ Europa Press\"},\"primaryImageOfPage\":{\"@id\":\"https:\\\/\\\/www.eldigitaldeasturias.com\\\/noticias\\\/muere-kobe-bryant-a-los-41-anos\\\/#mainImage\"},\"datePublished\":\"2020-01-26T22:33:39+01:00\",\"dateModified\":\"2020-01-26T22:33:39+01:00\"},{\"@type\":\"WebSite\",\"@id\":\"https:\\\/\\\/www.eldigitaldeasturias.com\\\/noticias\\\/#website\",\"url\":\"https:\\\/\\\/www.eldigitaldeasturias.com\\\/noticias\\\/\",\"name\":\"El Digital de Asturias - Diario de actualidad y noticias\",\"alternateName\":\"El Digital de Asturias - Diario de actualidad y noticias\",\"description\":\"Hemeroteca\",\"inLanguage\":\"es-ES\",\"publisher\":{\"@id\":\"https:\\\/\\\/www.eldigitaldeasturias.com\\\/noticias\\\/#organization\"}}]}\n\t\t<\/script>\n\t\t<!-- All in One SEO Pro -->\r\n\t\t<title>Muere Kobe Bryant a los 41 a\u00f1os - El Digital de Asturias<\/title>\n\n","aioseo_head_json":{"title":"Muere Kobe Bryant a los 41 a\u00f1os - El Digital de Asturias","description":"(Europa Press) - El estadounidense Kobe Bryant (Filadelfia, 23-08-1978), fallecido este domingo a los 41 a\u00f1os, siempre ser\u00e1 recordado como uno de los mejores jugadores en la historia del baloncesto, el deporte donde acumul\u00f3 innumerables logros y actuaciones hist\u00f3ricas, entre ellas los 81 puntos que anot\u00f3 con la camiseta de sus Lakers, la \u00fanica que visti\u00f3","canonical_url":"https:\/\/www.eldigitaldeasturias.com\/noticias\/muere-kobe-bryant-a-los-41-anos\/","robots":"max-image-preview:large","keywords":"deportes","webmasterTools":{"google-site-verification":"UA-38556648-1","msvalidate.01":"7dfe9f3f1b24437ab69f4f2559babe99","miscellaneous":""},"schema":{"@context":"https:\/\/schema.org","@graph":[{"@type":"BlogPosting","@id":"https:\/\/www.eldigitaldeasturias.com\/noticias\/muere-kobe-bryant-a-los-41-anos\/#blogposting","name":"Muere Kobe Bryant a los 41 a\u00f1os - El Digital de Asturias","headline":"Muere Kobe Bryant a los 41 a\u00f1os","author":{"@id":"https:\/\/www.eldigitaldeasturias.com\/noticias\/author\/admin\/#author"},"publisher":{"@id":"https:\/\/www.eldigitaldeasturias.com\/noticias\/#organization"},"image":{"@type":"ImageObject","url":"https:\/\/www.eldigitaldeasturias.com\/noticias\/wp-content\/uploads\/2020\/01\/Kobe-Bryant-ep.jpg","width":746,"height":438,"caption":"Foto: LAKERS.COM \/ Europa Press"},"datePublished":"2020-01-26T22:33:39+01:00","dateModified":"2020-01-26T22:33:39+01:00","inLanguage":"es-ES","mainEntityOfPage":{"@id":"https:\/\/www.eldigitaldeasturias.com\/noticias\/muere-kobe-bryant-a-los-41-anos\/#webpage"},"isPartOf":{"@id":"https:\/\/www.eldigitaldeasturias.com\/noticias\/muere-kobe-bryant-a-los-41-anos\/#webpage"},"articleSection":"Deportes"},{"@type":"BreadcrumbList","@id":"https:\/\/www.eldigitaldeasturias.com\/noticias\/muere-kobe-bryant-a-los-41-anos\/#breadcrumblist","itemListElement":[{"@type":"ListItem","@id":"https:\/\/www.eldigitaldeasturias.com\/noticias#listItem","position":1,"name":"Home","item":"https:\/\/www.eldigitaldeasturias.com\/noticias","nextItem":{"@type":"ListItem","@id":"https:\/\/www.eldigitaldeasturias.com\/noticias\/category\/deportes\/#listItem","name":"Deportes"}},{"@type":"ListItem","@id":"https:\/\/www.eldigitaldeasturias.com\/noticias\/category\/deportes\/#listItem","position":2,"name":"Deportes","item":"https:\/\/www.eldigitaldeasturias.com\/noticias\/category\/deportes\/","nextItem":{"@type":"ListItem","@id":"https:\/\/www.eldigitaldeasturias.com\/noticias\/muere-kobe-bryant-a-los-41-anos\/#listItem","name":"Muere Kobe Bryant a los 41 a\u00f1os"},"previousItem":{"@type":"ListItem","@id":"https:\/\/www.eldigitaldeasturias.com\/noticias#listItem","name":"Home"}},{"@type":"ListItem","@id":"https:\/\/www.eldigitaldeasturias.com\/noticias\/muere-kobe-bryant-a-los-41-anos\/#listItem","position":3,"name":"Muere Kobe Bryant a los 41 a\u00f1os","previousItem":{"@type":"ListItem","@id":"https:\/\/www.eldigitaldeasturias.com\/noticias\/category\/deportes\/#listItem","name":"Deportes"}}]},{"@type":"Organization","@id":"https:\/\/www.eldigitaldeasturias.com\/noticias\/#organization","name":"El Digital de Asturias","description":"Hemeroteca","url":"https:\/\/www.eldigitaldeasturias.com\/noticias\/","email":"info@eldigitaldeasturias.com","telephone":"+34652131393","logo":{"@type":"ImageObject","url":"https:\/\/www.eldigitaldeasturias.com\/noticias\/wp-content\/uploads\/2020\/12\/EDA.jpg","@id":"https:\/\/www.eldigitaldeasturias.com\/noticias\/muere-kobe-bryant-a-los-41-anos\/#organizationLogo","width":649,"height":297},"image":{"@id":"https:\/\/www.eldigitaldeasturias.com\/noticias\/muere-kobe-bryant-a-los-41-anos\/#organizationLogo"},"sameAs":["https:\/\/facebook.com\/eldigitaldeasturias","https:\/\/www.youtube.com\/channel\/UCZP-2wLEB9Rv6erhFmqVnvg"],"address":{"@id":"https:\/\/www.eldigitaldeasturias.com\/noticias\/#postaladdress","@type":"PostalAddress","streetAddress":"san antonio 4,","postalCode":"33430","addressLocality":"Cand\u00e1s","addressRegion":"Asturias","addressCountry":"ES"}},{"@type":"Person","@id":"https:\/\/www.eldigitaldeasturias.com\/noticias\/author\/admin\/#author","url":"https:\/\/www.eldigitaldeasturias.com\/noticias\/author\/admin\/","name":"El Digital de Asturias","image":{"@type":"ImageObject","@id":"https:\/\/www.eldigitaldeasturias.com\/noticias\/muere-kobe-bryant-a-los-41-anos\/#authorImage","url":"https:\/\/www.eldigitaldeasturias.com\/noticias\/wp-content\/litespeed\/avatar\/18677e78aa0546b92d9dbf31ec7d7668.jpg?ver=1777290358","width":96,"height":96,"caption":"El Digital de Asturias"}},{"@type":"WebPage","@id":"https:\/\/www.eldigitaldeasturias.com\/noticias\/muere-kobe-bryant-a-los-41-anos\/#webpage","url":"https:\/\/www.eldigitaldeasturias.com\/noticias\/muere-kobe-bryant-a-los-41-anos\/","name":"Muere Kobe Bryant a los 41 a\u00f1os - El Digital de Asturias","description":"(Europa Press) - El estadounidense Kobe Bryant (Filadelfia, 23-08-1978), fallecido este domingo a los 41 a\u00f1os, siempre ser\u00e1 recordado como uno de los mejores jugadores en la historia del baloncesto, el deporte donde acumul\u00f3 innumerables logros y actuaciones hist\u00f3ricas, entre ellas los 81 puntos que anot\u00f3 con la camiseta de sus Lakers, la \u00fanica que visti\u00f3","inLanguage":"es-ES","isPartOf":{"@id":"https:\/\/www.eldigitaldeasturias.com\/noticias\/#website"},"breadcrumb":{"@id":"https:\/\/www.eldigitaldeasturias.com\/noticias\/muere-kobe-bryant-a-los-41-anos\/#breadcrumblist"},"author":{"@id":"https:\/\/www.eldigitaldeasturias.com\/noticias\/author\/admin\/#author"},"creator":{"@id":"https:\/\/www.eldigitaldeasturias.com\/noticias\/author\/admin\/#author"},"image":{"@type":"ImageObject","url":"https:\/\/www.eldigitaldeasturias.com\/noticias\/wp-content\/uploads\/2020\/01\/Kobe-Bryant-ep.jpg","@id":"https:\/\/www.eldigitaldeasturias.com\/noticias\/muere-kobe-bryant-a-los-41-anos\/#mainImage","width":746,"height":438,"caption":"Foto: LAKERS.COM \/ Europa Press"},"primaryImageOfPage":{"@id":"https:\/\/www.eldigitaldeasturias.com\/noticias\/muere-kobe-bryant-a-los-41-anos\/#mainImage"},"datePublished":"2020-01-26T22:33:39+01:00","dateModified":"2020-01-26T22:33:39+01:00"},{"@type":"WebSite","@id":"https:\/\/www.eldigitaldeasturias.com\/noticias\/#website","url":"https:\/\/www.eldigitaldeasturias.com\/noticias\/","name":"El Digital de Asturias - Diario de actualidad y noticias","alternateName":"El Digital de Asturias - Diario de actualidad y noticias","description":"Hemeroteca","inLanguage":"es-ES","publisher":{"@id":"https:\/\/www.eldigitaldeasturias.com\/noticias\/#organization"}}]},"og:locale":"es_ES","og:site_name":"El Digital de Asturias","og:type":"article","og:title":"Muere Kobe Bryant a los 41 a\u00f1os - El Digital de Asturias","og:description":"(Europa Press) - El estadounidense Kobe Bryant (Filadelfia, 23-08-1978), fallecido este domingo a los 41 a\u00f1os, siempre ser\u00e1 recordado como uno de los mejores jugadores en la historia del baloncesto, el deporte donde acumul\u00f3 innumerables logros y actuaciones hist\u00f3ricas, entre ellas los 81 puntos que anot\u00f3 con la camiseta de sus Lakers, la \u00fanica que visti\u00f3","og:url":"https:\/\/www.eldigitaldeasturias.com\/noticias\/muere-kobe-bryant-a-los-41-anos\/","og:image":"https:\/\/www.eldigitaldeasturias.com\/noticias\/wp-content\/uploads\/2020\/01\/Kobe-Bryant-ep.jpg","og:image:secure_url":"https:\/\/www.eldigitaldeasturias.com\/noticias\/wp-content\/uploads\/2020\/01\/Kobe-Bryant-ep.jpg","og:image:width":746,"og:image:height":438,"article:tag":["deportes"],"article:published_time":"2020-01-26T22:33:39+00:00","article:modified_time":"2020-01-26T22:33:39+00:00","article:publisher":"https:\/\/facebook.com\/eldigitaldeasturias","twitter:card":"summary_large_image","twitter:title":"Muere Kobe Bryant a los 41 a\u00f1os - El Digital de Asturias","twitter:description":"(Europa Press) - El estadounidense Kobe Bryant (Filadelfia, 23-08-1978), fallecido este domingo a los 41 a\u00f1os, siempre ser\u00e1 recordado como uno de los mejores jugadores en la historia del baloncesto, el deporte donde acumul\u00f3 innumerables logros y actuaciones hist\u00f3ricas, entre ellas los 81 puntos que anot\u00f3 con la camiseta de sus Lakers, la \u00fanica que visti\u00f3","twitter:image":"https:\/\/www.eldigitaldeasturias.com\/noticias\/wp-content\/uploads\/2020\/01\/Kobe-Bryant-ep.jpg","twitter:label1":"Escrito por","twitter:data1":"El Digital de Asturias","twitter:label2":"Tiempo de lectura estimado","twitter:data2":"3 minutos"},"aioseo_meta_data":{"post_id":"1055706","title":null,"description":null,"keywords":null,"keyphrases":null,"primary_term":null,"canonical_url":null,"og_title":null,"og_description":null,"og_object_type":"default","og_image_type":"default","og_image_url":null,"og_image_width":null,"og_image_height":null,"og_image_custom_url":null,"og_image_custom_fields":null,"og_video":null,"og_custom_url":null,"og_article_section":null,"og_article_tags":null,"twitter_use_og":false,"twitter_card":"default","twitter_image_type":"default","twitter_image_url":null,"twitter_image_custom_url":null,"twitter_image_custom_fields":null,"twitter_title":null,"twitter_description":null,"schema":{"blockGraphs":[],"customGraphs":[],"default":{"data":{"Article":[],"Course":[],"Dataset":[],"FAQPage":[],"Movie":[],"Person":[],"Product":[],"ProductReview":[],"Car":[],"Recipe":[],"Service":[],"SoftwareApplication":[],"WebPage":[]},"graphName":"","isEnabled":true},"graphs":[],"defaultGraph":"","defaultPostTypeGraph":""},"schema_type":null,"schema_type_options":null,"pillar_content":false,"robots_default":true,"robots_noindex":false,"robots_noarchive":false,"robots_nosnippet":false,"robots_nofollow":false,"robots_noimageindex":false,"robots_noodp":false,"robots_notranslate":false,"robots_max_snippet":null,"robots_max_videopreview":null,"robots_max_imagepreview":"large","priority":null,"frequency":null,"local_seo":null,"seo_analyzer_scan_date":"2025-10-30 19:57:15","breadcrumb_settings":null,"limit_modified_date":false,"open_ai":null,"ai":null,"created":"2020-12-21 10:56:11","updated":"2025-10-30 19:57:15"},"aioseo_breadcrumb":"<div class=\"aioseo-breadcrumbs\"><span class=\"aioseo-breadcrumb\">\n\t<a href=\"https:\/\/www.eldigitaldeasturias.com\/noticias\" title=\"Home\">Home<\/a>\n<\/span><span class=\"aioseo-breadcrumb-separator\">\u2013<\/span><span class=\"aioseo-breadcrumb\">\n\t<a href=\"https:\/\/www.eldigitaldeasturias.com\/noticias\/category\/deportes\/\" title=\"Deportes\">Deportes<\/a>\n<\/span><span class=\"aioseo-breadcrumb-separator\">\u2013<\/span><span class=\"aioseo-breadcrumb\">\n\t<a href=\"https:\/\/www.eldigitaldeasturias.com\/noticias\/muere-kobe-bryant-a-los-41-anos\/\" title=\"Muere Kobe Bryant a los 41 a\u00f1os\">Muere Kobe Bryant a los 41 a\u00f1os<\/a>\n<\/span><\/div>","aioseo_breadcrumb_json":[{"label":"Home","link":"https:\/\/www.eldigitaldeasturias.com\/noticias"},{"label":"Deportes","link":"https:\/\/www.eldigitaldeasturias.com\/noticias\/category\/deportes\/"},{"label":"Muere Kobe Bryant a los 41 a\u00f1os","link":"https:\/\/www.eldigitaldeasturias.com\/noticias\/muere-kobe-bryant-a-los-41-anos\/"}],"_links":{"self":[{"href":"https:\/\/www.eldigitaldeasturias.com\/noticias\/wp-json\/wp\/v2\/posts\/1055706","targetHints":{"allow":["GET"]}}],"collection":[{"href":"https:\/\/www.eldigitaldeasturias.com\/noticias\/wp-json\/wp\/v2\/posts"}],"about":[{"href":"https:\/\/www.eldigitaldeasturias.com\/noticias\/wp-json\/wp\/v2\/types\/post"}],"author":[{"embeddable":true,"href":"https:\/\/www.eldigitaldeasturias.com\/noticias\/wp-json\/wp\/v2\/users\/1"}],"replies":[{"embeddable":true,"href":"https:\/\/www.eldigitaldeasturias.com\/noticias\/wp-json\/wp\/v2\/comments?post=1055706"}],"version-history":[{"count":0,"href":"https:\/\/www.eldigitaldeasturias.com\/noticias\/wp-json\/wp\/v2\/posts\/1055706\/revisions"}],"wp:featuredmedia":[{"embeddable":true,"href":"https:\/\/www.eldigitaldeasturias.com\/noticias\/wp-json\/wp\/v2\/media\/1055707"}],"wp:attachment":[{"href":"https:\/\/www.eldigitaldeasturias.com\/noticias\/wp-json\/wp\/v2\/media?parent=1055706"}],"wp:term":[{"taxonomy":"category","embeddable":true,"href":"https:\/\/www.eldigitaldeasturias.com\/noticias\/wp-json\/wp\/v2\/categories?post=1055706"},{"taxonomy":"post_tag","embeddable":true,"href":"https:\/\/www.eldigitaldeasturias.com\/noticias\/wp-json\/wp\/v2\/tags?post=1055706"}],"curies":[{"name":"wp","href":"https:\/\/api.w.org\/{rel}","templated":true}]}}