{"id":1055627,"date":"2020-01-26T16:08:34","date_gmt":"2020-01-26T16:08:34","guid":{"rendered":"https:\/\/www.eldigitaldeasturias.com\/noticias\/?p=1055627"},"modified":"2020-01-26T16:08:34","modified_gmt":"2020-01-26T16:08:34","slug":"el-bayern-munich-entra-en-el-debate-sobre-edad-la-minima-en-la-bundesliga","status":"publish","type":"post","link":"https:\/\/www.eldigitaldeasturias.com\/noticias\/el-bayern-munich-entra-en-el-debate-sobre-edad-la-minima-en-la-bundesliga\/","title":{"rendered":"El Bayern M\u00fanich entra en el debate sobre edad la m\u00ednima en la Bundesliga"},"content":{"rendered":"<p><img loading=\"lazy\" decoding=\"async\" class=\"alignleft size-medium wp-image-977427\" src=\"https:\/\/www.eldigitaldeasturias.com\/noticias\/wp-content\/uploads\/2018\/04\/arena-1181668_960_720-360x240.jpg\" alt=\"\" width=\"360\" height=\"240\" srcset=\"https:\/\/www.eldigitaldeasturias.com\/noticias\/wp-content\/uploads\/2018\/04\/arena-1181668_960_720-360x240.jpg 360w, https:\/\/www.eldigitaldeasturias.com\/noticias\/wp-content\/uploads\/2018\/04\/arena-1181668_960_720-450x300.jpg 450w, https:\/\/www.eldigitaldeasturias.com\/noticias\/wp-content\/uploads\/2018\/04\/arena-1181668_960_720-768x512.jpg 768w, https:\/\/www.eldigitaldeasturias.com\/noticias\/wp-content\/uploads\/2018\/04\/arena-1181668_960_720-690x460.jpg 690w, https:\/\/www.eldigitaldeasturias.com\/noticias\/wp-content\/uploads\/2018\/04\/arena-1181668_960_720-20x13.jpg 20w, https:\/\/www.eldigitaldeasturias.com\/noticias\/wp-content\/uploads\/2018\/04\/arena-1181668_960_720.jpg 960w\" sizes=\"auto, (max-width: 360px) 100vw, 360px\" \/>M\u00fanich, 26 ene (dpa) \u2013 El director deportivo del Bayern M\u00fanich, Hasan Salihamidzic, entr\u00f3 en el debate sobre la posible reducci\u00f3n del l\u00edmite de edad de los jugadores para poder jugar en la Bundesliga.<\/p>\n<p>Salihamidzic advirti\u00f3 sobre las posibles desventajas que pueden tener los clubes alemanes en las competiciones internacionales, aunque tambi\u00e9n se\u00f1al\u00f3 que el desarrollo de los jugadores de la cantera no se debe centrar solo en el f\u00fatbol.<\/p>\n<p>\u00abTenemos una gran responsabilidad con los j\u00f3venes para que tambi\u00e9n sean muy buenos en la escuela. Tambi\u00e9n nos tenemos que ocupar de ello. Hay que ser cuidadosos\u00bb, dijo Salihamidzic tras la victoria por 5-0 obtenida por el Bayern M\u00fanich sobre el Schalke 04 el s\u00e1bado por la noche, en la d\u00e9cima novena jornada de la Bundesliga.<\/p>\n<p>\u00abLas cosas se est\u00e1n moviendo\u00bb, prosigui\u00f3 el director deportivo de M\u00fanich en respuesta al debate sobre el permiso para que jugadores menores de 17 a\u00f1os puedan incorporarse tanto a la Bundesliga como a la Segunda Divisi\u00f3n alemana, las dos categor\u00edas profesionales del f\u00fatbol alem\u00e1n.<\/p>\n<p>Este debate fue iniciado en gran medida por el Borussia Dortmund, que pretende incorporar a su joven promesa Youssoufa Moukoko, de 15 a\u00f1os, a la disciplina del primer equipo, seg\u00fan informaciones publicadas por diversos medios el pasado jueves.<\/p>\n<p>\u00abSiempre hay j\u00f3venes jugadores que est\u00e1n muy desarrollados f\u00edsicamente, no solo en el Dortmund, sino tambi\u00e9n a nivel internacional. En este caso es normal que jueguen\u00bb, adujo Salihamidzic, quien a la vez lanz\u00f3 una pregunta: \u00ab\u00bfPor qu\u00e9 deber\u00edamos estar en desventaja?\u00bb.<\/p>\n<p>El mercado futbol\u00edstico ofrece ya jugosas comisiones por los traspasos de jugadores j\u00f3venes con talento. Las primeras oportunidades de jugar en grandes ligas como la inglesa o la espa\u00f1ola tambi\u00e9n pueden ser un argumento para cambiar de club.<\/p>\n<p>Salihamidzic advirti\u00f3 que los jugadores adolescentes tambi\u00e9n tienen que desarrollarse como personas. \u00abTenemos que tener cuidado con ello\u00bb, asegur\u00f3, aunque remarc\u00f3 que el f\u00fatbol est\u00e1 en un proceso de cambio y los j\u00f3venes se desarrollan f\u00edsicamente antes y por lo tanto est\u00e1n listos para jugar profesionalmente antes que en el pasado.<\/p>\n<p>Es \u00abel paso correcto para no estar en desventaja en Alemania en comparaci\u00f3n con nuestros rivales\u00bb, prosigui\u00f3 el director deportivo del club muniqu\u00e9s.<\/p>\n<p>La Liga Alemana de F\u00fatbol (DFL) planea reducir el l\u00edmite de edad reglamentario para los jugadores profesionales. El reglamento actual determina que un jugador debe tener 18 a\u00f1os cumplidos o pertenecer al equipo Sub-19 para debutar en la liga germana.<\/p>\n<p>Cualquier cambio en el reglamento requiere la aprobaci\u00f3n de la Asamblea General de la DFL, en la que participan los 36 clubes pertenecientes a la primera y segunda divisi\u00f3n alemana. Su pr\u00f3xima reuni\u00f3n se celebrar\u00e1 a finales de marzo.<\/p>\n","protected":false},"excerpt":{"rendered":"<p>M\u00fanich, 26 ene (dpa) \u2013 El director deportivo del Bayern M\u00fanich, Hasan Salihamidzic, entr\u00f3 en el debate sobre la posible reducci\u00f3n del l\u00edmite de edad de los jugadores para poder jugar en la Bundesliga. Salihamidzic advirti\u00f3 sobre las posibles desventajas que pueden tener los clubes alemanes en las competiciones internacionales, aunque tambi\u00e9n se\u00f1al\u00f3 que el [&hellip;]<\/p>\n","protected":false},"author":1,"featured_media":977427,"comment_status":"closed","ping_status":"closed","sticky":false,"template":"","format":"standard","meta":{"footnotes":""},"categories":[190],"tags":[],"class_list":["post-1055627","post","type-post","status-publish","format-standard","has-post-thumbnail","hentry","category-deportes"],"aioseo_notices":[],"aioseo_head":"\n\t\t<!-- All in One SEO Pro 4.9.6.2 - aioseo.com -->\n\t<meta name=\"description\" content=\"M\u00fanich, 26 ene (dpa) \u2013 El director deportivo del Bayern M\u00fanich, Hasan Salihamidzic, entr\u00f3 en el debate sobre la posible reducci\u00f3n del l\u00edmite de edad de los jugadores para poder jugar en la Bundesliga. Salihamidzic advirti\u00f3 sobre las posibles desventajas que pueden tener los clubes alemanes en las competiciones internacionales, aunque tambi\u00e9n se\u00f1al\u00f3 que el\" \/>\n\t<meta name=\"robots\" content=\"max-image-preview:large\" \/>\n\t<meta name=\"author\" content=\"El Digital de Asturias\"\/>\n\t<meta name=\"google-site-verification\" content=\"UA-38556648-1\" \/>\n\t<meta name=\"msvalidate.01\" content=\"7dfe9f3f1b24437ab69f4f2559babe99\" \/>\n\t<meta name=\"keywords\" content=\"deportes\" \/>\n\t<link rel=\"canonical\" href=\"https:\/\/www.eldigitaldeasturias.com\/noticias\/el-bayern-munich-entra-en-el-debate-sobre-edad-la-minima-en-la-bundesliga\/\" \/>\n\t<meta name=\"generator\" content=\"All in One SEO Pro (AIOSEO) 4.9.6.2\" \/>\n\t\t<meta property=\"og:locale\" content=\"es_ES\" \/>\n\t\t<meta property=\"og:site_name\" content=\"El Digital de Asturias\" \/>\n\t\t<meta property=\"og:type\" content=\"article\" \/>\n\t\t<meta property=\"og:title\" content=\"El Bayern M\u00fanich entra en el debate sobre edad la m\u00ednima en la Bundesliga - El Digital de Asturias\" \/>\n\t\t<meta property=\"og:description\" content=\"M\u00fanich, 26 ene (dpa) \u2013 El director deportivo del Bayern M\u00fanich, Hasan Salihamidzic, entr\u00f3 en el debate sobre la posible reducci\u00f3n del l\u00edmite de edad de los jugadores para poder jugar en la Bundesliga. Salihamidzic advirti\u00f3 sobre las posibles desventajas que pueden tener los clubes alemanes en las competiciones internacionales, aunque tambi\u00e9n se\u00f1al\u00f3 que el\" \/>\n\t\t<meta property=\"og:url\" content=\"https:\/\/www.eldigitaldeasturias.com\/noticias\/el-bayern-munich-entra-en-el-debate-sobre-edad-la-minima-en-la-bundesliga\/\" \/>\n\t\t<meta property=\"og:image\" content=\"https:\/\/www.eldigitaldeasturias.com\/noticias\/wp-content\/uploads\/2018\/04\/arena-1181668_960_720.jpg\" \/>\n\t\t<meta property=\"og:image:secure_url\" content=\"https:\/\/www.eldigitaldeasturias.com\/noticias\/wp-content\/uploads\/2018\/04\/arena-1181668_960_720.jpg\" \/>\n\t\t<meta property=\"og:image:width\" content=\"960\" \/>\n\t\t<meta property=\"og:image:height\" content=\"640\" \/>\n\t\t<meta property=\"article:tag\" content=\"deportes\" \/>\n\t\t<meta property=\"article:published_time\" content=\"2020-01-26T16:08:34+00:00\" \/>\n\t\t<meta property=\"article:modified_time\" content=\"2020-01-26T16:08:34+00:00\" \/>\n\t\t<meta property=\"article:publisher\" content=\"https:\/\/facebook.com\/eldigitaldeasturias\" \/>\n\t\t<meta name=\"twitter:card\" content=\"summary_large_image\" \/>\n\t\t<meta name=\"twitter:title\" content=\"El Bayern M\u00fanich entra en el debate sobre edad la m\u00ednima en la Bundesliga - El Digital de Asturias\" \/>\n\t\t<meta name=\"twitter:description\" content=\"M\u00fanich, 26 ene (dpa) \u2013 El director deportivo del Bayern M\u00fanich, Hasan Salihamidzic, entr\u00f3 en el debate sobre la posible reducci\u00f3n del l\u00edmite de edad de los jugadores para poder jugar en la Bundesliga. Salihamidzic advirti\u00f3 sobre las posibles desventajas que pueden tener los clubes alemanes en las competiciones internacionales, aunque tambi\u00e9n se\u00f1al\u00f3 que el\" \/>\n\t\t<meta name=\"twitter:image\" content=\"https:\/\/www.eldigitaldeasturias.com\/noticias\/wp-content\/uploads\/2018\/04\/arena-1181668_960_720.jpg\" \/>\n\t\t<meta name=\"twitter:label1\" content=\"Escrito por\" \/>\n\t\t<meta name=\"twitter:data1\" content=\"El Digital de Asturias\" \/>\n\t\t<meta name=\"twitter:label2\" content=\"Tiempo de lectura estimado\" \/>\n\t\t<meta name=\"twitter:data2\" content=\"2 minutos\" \/>\n\t\t<script type=\"application\/ld+json\" class=\"aioseo-schema\">\n\t\t\t{\"@context\":\"https:\\\/\\\/schema.org\",\"@graph\":[{\"@type\":\"BlogPosting\",\"@id\":\"https:\\\/\\\/www.eldigitaldeasturias.com\\\/noticias\\\/el-bayern-munich-entra-en-el-debate-sobre-edad-la-minima-en-la-bundesliga\\\/#blogposting\",\"name\":\"El Bayern M\\u00fanich entra en el debate sobre edad la m\\u00ednima en la Bundesliga - El Digital de Asturias\",\"headline\":\"El Bayern M\\u00fanich entra en el debate sobre edad la m\\u00ednima en la Bundesliga\",\"author\":{\"@id\":\"https:\\\/\\\/www.eldigitaldeasturias.com\\\/noticias\\\/author\\\/admin\\\/#author\"},\"publisher\":{\"@id\":\"https:\\\/\\\/www.eldigitaldeasturias.com\\\/noticias\\\/#organization\"},\"image\":{\"@type\":\"ImageObject\",\"url\":\"https:\\\/\\\/www.eldigitaldeasturias.com\\\/noticias\\\/wp-content\\\/uploads\\\/2018\\\/04\\\/arena-1181668_960_720.jpg\",\"width\":960,\"height\":640},\"datePublished\":\"2020-01-26T16:08:34+01:00\",\"dateModified\":\"2020-01-26T16:08:34+01:00\",\"inLanguage\":\"es-ES\",\"mainEntityOfPage\":{\"@id\":\"https:\\\/\\\/www.eldigitaldeasturias.com\\\/noticias\\\/el-bayern-munich-entra-en-el-debate-sobre-edad-la-minima-en-la-bundesliga\\\/#webpage\"},\"isPartOf\":{\"@id\":\"https:\\\/\\\/www.eldigitaldeasturias.com\\\/noticias\\\/el-bayern-munich-entra-en-el-debate-sobre-edad-la-minima-en-la-bundesliga\\\/#webpage\"},\"articleSection\":\"Deportes\"},{\"@type\":\"BreadcrumbList\",\"@id\":\"https:\\\/\\\/www.eldigitaldeasturias.com\\\/noticias\\\/el-bayern-munich-entra-en-el-debate-sobre-edad-la-minima-en-la-bundesliga\\\/#breadcrumblist\",\"itemListElement\":[{\"@type\":\"ListItem\",\"@id\":\"https:\\\/\\\/www.eldigitaldeasturias.com\\\/noticias#listItem\",\"position\":1,\"name\":\"Home\",\"item\":\"https:\\\/\\\/www.eldigitaldeasturias.com\\\/noticias\",\"nextItem\":{\"@type\":\"ListItem\",\"@id\":\"https:\\\/\\\/www.eldigitaldeasturias.com\\\/noticias\\\/category\\\/deportes\\\/#listItem\",\"name\":\"Deportes\"}},{\"@type\":\"ListItem\",\"@id\":\"https:\\\/\\\/www.eldigitaldeasturias.com\\\/noticias\\\/category\\\/deportes\\\/#listItem\",\"position\":2,\"name\":\"Deportes\",\"item\":\"https:\\\/\\\/www.eldigitaldeasturias.com\\\/noticias\\\/category\\\/deportes\\\/\",\"nextItem\":{\"@type\":\"ListItem\",\"@id\":\"https:\\\/\\\/www.eldigitaldeasturias.com\\\/noticias\\\/el-bayern-munich-entra-en-el-debate-sobre-edad-la-minima-en-la-bundesliga\\\/#listItem\",\"name\":\"El Bayern M\\u00fanich entra en el debate sobre edad la m\\u00ednima en la Bundesliga\"},\"previousItem\":{\"@type\":\"ListItem\",\"@id\":\"https:\\\/\\\/www.eldigitaldeasturias.com\\\/noticias#listItem\",\"name\":\"Home\"}},{\"@type\":\"ListItem\",\"@id\":\"https:\\\/\\\/www.eldigitaldeasturias.com\\\/noticias\\\/el-bayern-munich-entra-en-el-debate-sobre-edad-la-minima-en-la-bundesliga\\\/#listItem\",\"position\":3,\"name\":\"El Bayern M\\u00fanich entra en el debate sobre edad la m\\u00ednima en la Bundesliga\",\"previousItem\":{\"@type\":\"ListItem\",\"@id\":\"https:\\\/\\\/www.eldigitaldeasturias.com\\\/noticias\\\/category\\\/deportes\\\/#listItem\",\"name\":\"Deportes\"}}]},{\"@type\":\"Organization\",\"@id\":\"https:\\\/\\\/www.eldigitaldeasturias.com\\\/noticias\\\/#organization\",\"name\":\"El Digital de Asturias\",\"description\":\"Hemeroteca\",\"url\":\"https:\\\/\\\/www.eldigitaldeasturias.com\\\/noticias\\\/\",\"email\":\"info@eldigitaldeasturias.com\",\"telephone\":\"+34652131393\",\"logo\":{\"@type\":\"ImageObject\",\"url\":\"https:\\\/\\\/www.eldigitaldeasturias.com\\\/noticias\\\/wp-content\\\/uploads\\\/2020\\\/12\\\/EDA.jpg\",\"@id\":\"https:\\\/\\\/www.eldigitaldeasturias.com\\\/noticias\\\/el-bayern-munich-entra-en-el-debate-sobre-edad-la-minima-en-la-bundesliga\\\/#organizationLogo\",\"width\":649,\"height\":297},\"image\":{\"@id\":\"https:\\\/\\\/www.eldigitaldeasturias.com\\\/noticias\\\/el-bayern-munich-entra-en-el-debate-sobre-edad-la-minima-en-la-bundesliga\\\/#organizationLogo\"},\"sameAs\":[\"https:\\\/\\\/facebook.com\\\/eldigitaldeasturias\",\"https:\\\/\\\/www.youtube.com\\\/channel\\\/UCZP-2wLEB9Rv6erhFmqVnvg\"],\"address\":{\"@id\":\"https:\\\/\\\/www.eldigitaldeasturias.com\\\/noticias\\\/#postaladdress\",\"@type\":\"PostalAddress\",\"streetAddress\":\"san antonio 4,\",\"postalCode\":\"33430\",\"addressLocality\":\"Cand\\u00e1s\",\"addressRegion\":\"Asturias\",\"addressCountry\":\"ES\"}},{\"@type\":\"Person\",\"@id\":\"https:\\\/\\\/www.eldigitaldeasturias.com\\\/noticias\\\/author\\\/admin\\\/#author\",\"url\":\"https:\\\/\\\/www.eldigitaldeasturias.com\\\/noticias\\\/author\\\/admin\\\/\",\"name\":\"El Digital de Asturias\",\"image\":{\"@type\":\"ImageObject\",\"@id\":\"https:\\\/\\\/www.eldigitaldeasturias.com\\\/noticias\\\/el-bayern-munich-entra-en-el-debate-sobre-edad-la-minima-en-la-bundesliga\\\/#authorImage\",\"url\":\"https:\\\/\\\/www.eldigitaldeasturias.com\\\/noticias\\\/wp-content\\\/litespeed\\\/avatar\\\/18677e78aa0546b92d9dbf31ec7d7668.jpg?ver=1777290358\",\"width\":96,\"height\":96,\"caption\":\"El Digital de Asturias\"}},{\"@type\":\"WebPage\",\"@id\":\"https:\\\/\\\/www.eldigitaldeasturias.com\\\/noticias\\\/el-bayern-munich-entra-en-el-debate-sobre-edad-la-minima-en-la-bundesliga\\\/#webpage\",\"url\":\"https:\\\/\\\/www.eldigitaldeasturias.com\\\/noticias\\\/el-bayern-munich-entra-en-el-debate-sobre-edad-la-minima-en-la-bundesliga\\\/\",\"name\":\"El Bayern M\\u00fanich entra en el debate sobre edad la m\\u00ednima en la Bundesliga - El Digital de Asturias\",\"description\":\"M\\u00fanich, 26 ene (dpa) \\u2013 El director deportivo del Bayern M\\u00fanich, Hasan Salihamidzic, entr\\u00f3 en el debate sobre la posible reducci\\u00f3n del l\\u00edmite de edad de los jugadores para poder jugar en la Bundesliga. Salihamidzic advirti\\u00f3 sobre las posibles desventajas que pueden tener los clubes alemanes en las competiciones internacionales, aunque tambi\\u00e9n se\\u00f1al\\u00f3 que el\",\"inLanguage\":\"es-ES\",\"isPartOf\":{\"@id\":\"https:\\\/\\\/www.eldigitaldeasturias.com\\\/noticias\\\/#website\"},\"breadcrumb\":{\"@id\":\"https:\\\/\\\/www.eldigitaldeasturias.com\\\/noticias\\\/el-bayern-munich-entra-en-el-debate-sobre-edad-la-minima-en-la-bundesliga\\\/#breadcrumblist\"},\"author\":{\"@id\":\"https:\\\/\\\/www.eldigitaldeasturias.com\\\/noticias\\\/author\\\/admin\\\/#author\"},\"creator\":{\"@id\":\"https:\\\/\\\/www.eldigitaldeasturias.com\\\/noticias\\\/author\\\/admin\\\/#author\"},\"image\":{\"@type\":\"ImageObject\",\"url\":\"https:\\\/\\\/www.eldigitaldeasturias.com\\\/noticias\\\/wp-content\\\/uploads\\\/2018\\\/04\\\/arena-1181668_960_720.jpg\",\"@id\":\"https:\\\/\\\/www.eldigitaldeasturias.com\\\/noticias\\\/el-bayern-munich-entra-en-el-debate-sobre-edad-la-minima-en-la-bundesliga\\\/#mainImage\",\"width\":960,\"height\":640},\"primaryImageOfPage\":{\"@id\":\"https:\\\/\\\/www.eldigitaldeasturias.com\\\/noticias\\\/el-bayern-munich-entra-en-el-debate-sobre-edad-la-minima-en-la-bundesliga\\\/#mainImage\"},\"datePublished\":\"2020-01-26T16:08:34+01:00\",\"dateModified\":\"2020-01-26T16:08:34+01:00\"},{\"@type\":\"WebSite\",\"@id\":\"https:\\\/\\\/www.eldigitaldeasturias.com\\\/noticias\\\/#website\",\"url\":\"https:\\\/\\\/www.eldigitaldeasturias.com\\\/noticias\\\/\",\"name\":\"El Digital de Asturias - Diario de actualidad y noticias\",\"alternateName\":\"El Digital de Asturias - Diario de actualidad y noticias\",\"description\":\"Hemeroteca\",\"inLanguage\":\"es-ES\",\"publisher\":{\"@id\":\"https:\\\/\\\/www.eldigitaldeasturias.com\\\/noticias\\\/#organization\"}}]}\n\t\t<\/script>\n\t\t<!-- All in One SEO Pro -->\r\n\t\t<title>El Bayern M\u00fanich entra en el debate sobre edad la m\u00ednima en la Bundesliga - El Digital de Asturias<\/title>\n\n","aioseo_head_json":{"title":"El Bayern M\u00fanich entra en el debate sobre edad la m\u00ednima en la Bundesliga - El Digital de Asturias","description":"M\u00fanich, 26 ene (dpa) \u2013 El director deportivo del Bayern M\u00fanich, Hasan Salihamidzic, entr\u00f3 en el debate sobre la posible reducci\u00f3n del l\u00edmite de edad de los jugadores para poder jugar en la Bundesliga. Salihamidzic advirti\u00f3 sobre las posibles desventajas que pueden tener los clubes alemanes en las competiciones internacionales, aunque tambi\u00e9n se\u00f1al\u00f3 que el","canonical_url":"https:\/\/www.eldigitaldeasturias.com\/noticias\/el-bayern-munich-entra-en-el-debate-sobre-edad-la-minima-en-la-bundesliga\/","robots":"max-image-preview:large","keywords":"deportes","webmasterTools":{"google-site-verification":"UA-38556648-1","msvalidate.01":"7dfe9f3f1b24437ab69f4f2559babe99","miscellaneous":""},"schema":{"@context":"https:\/\/schema.org","@graph":[{"@type":"BlogPosting","@id":"https:\/\/www.eldigitaldeasturias.com\/noticias\/el-bayern-munich-entra-en-el-debate-sobre-edad-la-minima-en-la-bundesliga\/#blogposting","name":"El Bayern M\u00fanich entra en el debate sobre edad la m\u00ednima en la Bundesliga - El Digital de Asturias","headline":"El Bayern M\u00fanich entra en el debate sobre edad la m\u00ednima en la Bundesliga","author":{"@id":"https:\/\/www.eldigitaldeasturias.com\/noticias\/author\/admin\/#author"},"publisher":{"@id":"https:\/\/www.eldigitaldeasturias.com\/noticias\/#organization"},"image":{"@type":"ImageObject","url":"https:\/\/www.eldigitaldeasturias.com\/noticias\/wp-content\/uploads\/2018\/04\/arena-1181668_960_720.jpg","width":960,"height":640},"datePublished":"2020-01-26T16:08:34+01:00","dateModified":"2020-01-26T16:08:34+01:00","inLanguage":"es-ES","mainEntityOfPage":{"@id":"https:\/\/www.eldigitaldeasturias.com\/noticias\/el-bayern-munich-entra-en-el-debate-sobre-edad-la-minima-en-la-bundesliga\/#webpage"},"isPartOf":{"@id":"https:\/\/www.eldigitaldeasturias.com\/noticias\/el-bayern-munich-entra-en-el-debate-sobre-edad-la-minima-en-la-bundesliga\/#webpage"},"articleSection":"Deportes"},{"@type":"BreadcrumbList","@id":"https:\/\/www.eldigitaldeasturias.com\/noticias\/el-bayern-munich-entra-en-el-debate-sobre-edad-la-minima-en-la-bundesliga\/#breadcrumblist","itemListElement":[{"@type":"ListItem","@id":"https:\/\/www.eldigitaldeasturias.com\/noticias#listItem","position":1,"name":"Home","item":"https:\/\/www.eldigitaldeasturias.com\/noticias","nextItem":{"@type":"ListItem","@id":"https:\/\/www.eldigitaldeasturias.com\/noticias\/category\/deportes\/#listItem","name":"Deportes"}},{"@type":"ListItem","@id":"https:\/\/www.eldigitaldeasturias.com\/noticias\/category\/deportes\/#listItem","position":2,"name":"Deportes","item":"https:\/\/www.eldigitaldeasturias.com\/noticias\/category\/deportes\/","nextItem":{"@type":"ListItem","@id":"https:\/\/www.eldigitaldeasturias.com\/noticias\/el-bayern-munich-entra-en-el-debate-sobre-edad-la-minima-en-la-bundesliga\/#listItem","name":"El Bayern M\u00fanich entra en el debate sobre edad la m\u00ednima en la Bundesliga"},"previousItem":{"@type":"ListItem","@id":"https:\/\/www.eldigitaldeasturias.com\/noticias#listItem","name":"Home"}},{"@type":"ListItem","@id":"https:\/\/www.eldigitaldeasturias.com\/noticias\/el-bayern-munich-entra-en-el-debate-sobre-edad-la-minima-en-la-bundesliga\/#listItem","position":3,"name":"El Bayern M\u00fanich entra en el debate sobre edad la m\u00ednima en la Bundesliga","previousItem":{"@type":"ListItem","@id":"https:\/\/www.eldigitaldeasturias.com\/noticias\/category\/deportes\/#listItem","name":"Deportes"}}]},{"@type":"Organization","@id":"https:\/\/www.eldigitaldeasturias.com\/noticias\/#organization","name":"El Digital de Asturias","description":"Hemeroteca","url":"https:\/\/www.eldigitaldeasturias.com\/noticias\/","email":"info@eldigitaldeasturias.com","telephone":"+34652131393","logo":{"@type":"ImageObject","url":"https:\/\/www.eldigitaldeasturias.com\/noticias\/wp-content\/uploads\/2020\/12\/EDA.jpg","@id":"https:\/\/www.eldigitaldeasturias.com\/noticias\/el-bayern-munich-entra-en-el-debate-sobre-edad-la-minima-en-la-bundesliga\/#organizationLogo","width":649,"height":297},"image":{"@id":"https:\/\/www.eldigitaldeasturias.com\/noticias\/el-bayern-munich-entra-en-el-debate-sobre-edad-la-minima-en-la-bundesliga\/#organizationLogo"},"sameAs":["https:\/\/facebook.com\/eldigitaldeasturias","https:\/\/www.youtube.com\/channel\/UCZP-2wLEB9Rv6erhFmqVnvg"],"address":{"@id":"https:\/\/www.eldigitaldeasturias.com\/noticias\/#postaladdress","@type":"PostalAddress","streetAddress":"san antonio 4,","postalCode":"33430","addressLocality":"Cand\u00e1s","addressRegion":"Asturias","addressCountry":"ES"}},{"@type":"Person","@id":"https:\/\/www.eldigitaldeasturias.com\/noticias\/author\/admin\/#author","url":"https:\/\/www.eldigitaldeasturias.com\/noticias\/author\/admin\/","name":"El Digital de Asturias","image":{"@type":"ImageObject","@id":"https:\/\/www.eldigitaldeasturias.com\/noticias\/el-bayern-munich-entra-en-el-debate-sobre-edad-la-minima-en-la-bundesliga\/#authorImage","url":"https:\/\/www.eldigitaldeasturias.com\/noticias\/wp-content\/litespeed\/avatar\/18677e78aa0546b92d9dbf31ec7d7668.jpg?ver=1777290358","width":96,"height":96,"caption":"El Digital de Asturias"}},{"@type":"WebPage","@id":"https:\/\/www.eldigitaldeasturias.com\/noticias\/el-bayern-munich-entra-en-el-debate-sobre-edad-la-minima-en-la-bundesliga\/#webpage","url":"https:\/\/www.eldigitaldeasturias.com\/noticias\/el-bayern-munich-entra-en-el-debate-sobre-edad-la-minima-en-la-bundesliga\/","name":"El Bayern M\u00fanich entra en el debate sobre edad la m\u00ednima en la Bundesliga - El Digital de Asturias","description":"M\u00fanich, 26 ene (dpa) \u2013 El director deportivo del Bayern M\u00fanich, Hasan Salihamidzic, entr\u00f3 en el debate sobre la posible reducci\u00f3n del l\u00edmite de edad de los jugadores para poder jugar en la Bundesliga. Salihamidzic advirti\u00f3 sobre las posibles desventajas que pueden tener los clubes alemanes en las competiciones internacionales, aunque tambi\u00e9n se\u00f1al\u00f3 que el","inLanguage":"es-ES","isPartOf":{"@id":"https:\/\/www.eldigitaldeasturias.com\/noticias\/#website"},"breadcrumb":{"@id":"https:\/\/www.eldigitaldeasturias.com\/noticias\/el-bayern-munich-entra-en-el-debate-sobre-edad-la-minima-en-la-bundesliga\/#breadcrumblist"},"author":{"@id":"https:\/\/www.eldigitaldeasturias.com\/noticias\/author\/admin\/#author"},"creator":{"@id":"https:\/\/www.eldigitaldeasturias.com\/noticias\/author\/admin\/#author"},"image":{"@type":"ImageObject","url":"https:\/\/www.eldigitaldeasturias.com\/noticias\/wp-content\/uploads\/2018\/04\/arena-1181668_960_720.jpg","@id":"https:\/\/www.eldigitaldeasturias.com\/noticias\/el-bayern-munich-entra-en-el-debate-sobre-edad-la-minima-en-la-bundesliga\/#mainImage","width":960,"height":640},"primaryImageOfPage":{"@id":"https:\/\/www.eldigitaldeasturias.com\/noticias\/el-bayern-munich-entra-en-el-debate-sobre-edad-la-minima-en-la-bundesliga\/#mainImage"},"datePublished":"2020-01-26T16:08:34+01:00","dateModified":"2020-01-26T16:08:34+01:00"},{"@type":"WebSite","@id":"https:\/\/www.eldigitaldeasturias.com\/noticias\/#website","url":"https:\/\/www.eldigitaldeasturias.com\/noticias\/","name":"El Digital de Asturias - Diario de actualidad y noticias","alternateName":"El Digital de Asturias - Diario de actualidad y noticias","description":"Hemeroteca","inLanguage":"es-ES","publisher":{"@id":"https:\/\/www.eldigitaldeasturias.com\/noticias\/#organization"}}]},"og:locale":"es_ES","og:site_name":"El Digital de Asturias","og:type":"article","og:title":"El Bayern M\u00fanich entra en el debate sobre edad la m\u00ednima en la Bundesliga - El Digital de Asturias","og:description":"M\u00fanich, 26 ene (dpa) \u2013 El director deportivo del Bayern M\u00fanich, Hasan Salihamidzic, entr\u00f3 en el debate sobre la posible reducci\u00f3n del l\u00edmite de edad de los jugadores para poder jugar en la Bundesliga. Salihamidzic advirti\u00f3 sobre las posibles desventajas que pueden tener los clubes alemanes en las competiciones internacionales, aunque tambi\u00e9n se\u00f1al\u00f3 que el","og:url":"https:\/\/www.eldigitaldeasturias.com\/noticias\/el-bayern-munich-entra-en-el-debate-sobre-edad-la-minima-en-la-bundesliga\/","og:image":"https:\/\/www.eldigitaldeasturias.com\/noticias\/wp-content\/uploads\/2018\/04\/arena-1181668_960_720.jpg","og:image:secure_url":"https:\/\/www.eldigitaldeasturias.com\/noticias\/wp-content\/uploads\/2018\/04\/arena-1181668_960_720.jpg","og:image:width":960,"og:image:height":640,"article:tag":["deportes"],"article:published_time":"2020-01-26T16:08:34+00:00","article:modified_time":"2020-01-26T16:08:34+00:00","article:publisher":"https:\/\/facebook.com\/eldigitaldeasturias","twitter:card":"summary_large_image","twitter:title":"El Bayern M\u00fanich entra en el debate sobre edad la m\u00ednima en la Bundesliga - El Digital de Asturias","twitter:description":"M\u00fanich, 26 ene (dpa) \u2013 El director deportivo del Bayern M\u00fanich, Hasan Salihamidzic, entr\u00f3 en el debate sobre la posible reducci\u00f3n del l\u00edmite de edad de los jugadores para poder jugar en la Bundesliga. Salihamidzic advirti\u00f3 sobre las posibles desventajas que pueden tener los clubes alemanes en las competiciones internacionales, aunque tambi\u00e9n se\u00f1al\u00f3 que el","twitter:image":"https:\/\/www.eldigitaldeasturias.com\/noticias\/wp-content\/uploads\/2018\/04\/arena-1181668_960_720.jpg","twitter:label1":"Escrito por","twitter:data1":"El Digital de Asturias","twitter:label2":"Tiempo de lectura estimado","twitter:data2":"2 minutos"},"aioseo_meta_data":{"post_id":"1055627","title":null,"description":null,"keywords":null,"keyphrases":null,"primary_term":null,"canonical_url":null,"og_title":null,"og_description":null,"og_object_type":"default","og_image_type":"default","og_image_url":null,"og_image_width":null,"og_image_height":null,"og_image_custom_url":null,"og_image_custom_fields":null,"og_video":null,"og_custom_url":null,"og_article_section":null,"og_article_tags":null,"twitter_use_og":false,"twitter_card":"default","twitter_image_type":"default","twitter_image_url":null,"twitter_image_custom_url":null,"twitter_image_custom_fields":null,"twitter_title":null,"twitter_description":null,"schema":{"blockGraphs":[],"customGraphs":[],"default":{"data":{"Article":[],"Course":[],"Dataset":[],"FAQPage":[],"Movie":[],"Person":[],"Product":[],"ProductReview":[],"Car":[],"Recipe":[],"Service":[],"SoftwareApplication":[],"WebPage":[]},"graphName":"","isEnabled":true},"graphs":[],"defaultGraph":"","defaultPostTypeGraph":""},"schema_type":null,"schema_type_options":null,"pillar_content":false,"robots_default":true,"robots_noindex":false,"robots_noarchive":false,"robots_nosnippet":false,"robots_nofollow":false,"robots_noimageindex":false,"robots_noodp":false,"robots_notranslate":false,"robots_max_snippet":null,"robots_max_videopreview":null,"robots_max_imagepreview":"large","priority":null,"frequency":null,"local_seo":null,"seo_analyzer_scan_date":"2025-10-30 19:41:15","breadcrumb_settings":null,"limit_modified_date":false,"open_ai":null,"ai":null,"created":"2020-12-21 10:56:11","updated":"2025-10-30 19:41:15"},"aioseo_breadcrumb":"<div class=\"aioseo-breadcrumbs\"><span class=\"aioseo-breadcrumb\">\n\t<a href=\"https:\/\/www.eldigitaldeasturias.com\/noticias\" title=\"Home\">Home<\/a>\n<\/span><span class=\"aioseo-breadcrumb-separator\">\u2013<\/span><span class=\"aioseo-breadcrumb\">\n\t<a href=\"https:\/\/www.eldigitaldeasturias.com\/noticias\/category\/deportes\/\" title=\"Deportes\">Deportes<\/a>\n<\/span><span class=\"aioseo-breadcrumb-separator\">\u2013<\/span><span class=\"aioseo-breadcrumb\">\n\t<a href=\"https:\/\/www.eldigitaldeasturias.com\/noticias\/el-bayern-munich-entra-en-el-debate-sobre-edad-la-minima-en-la-bundesliga\/\" title=\"El Bayern M\u00fanich entra en el debate sobre edad la m\u00ednima en la Bundesliga\">El Bayern M\u00fanich entra en el debate sobre edad la m\u00ednima en la Bundesliga<\/a>\n<\/span><\/div>","aioseo_breadcrumb_json":[{"label":"Home","link":"https:\/\/www.eldigitaldeasturias.com\/noticias"},{"label":"Deportes","link":"https:\/\/www.eldigitaldeasturias.com\/noticias\/category\/deportes\/"},{"label":"El Bayern M\u00fanich entra en el debate sobre edad la m\u00ednima en la Bundesliga","link":"https:\/\/www.eldigitaldeasturias.com\/noticias\/el-bayern-munich-entra-en-el-debate-sobre-edad-la-minima-en-la-bundesliga\/"}],"_links":{"self":[{"href":"https:\/\/www.eldigitaldeasturias.com\/noticias\/wp-json\/wp\/v2\/posts\/1055627","targetHints":{"allow":["GET"]}}],"collection":[{"href":"https:\/\/www.eldigitaldeasturias.com\/noticias\/wp-json\/wp\/v2\/posts"}],"about":[{"href":"https:\/\/www.eldigitaldeasturias.com\/noticias\/wp-json\/wp\/v2\/types\/post"}],"author":[{"embeddable":true,"href":"https:\/\/www.eldigitaldeasturias.com\/noticias\/wp-json\/wp\/v2\/users\/1"}],"replies":[{"embeddable":true,"href":"https:\/\/www.eldigitaldeasturias.com\/noticias\/wp-json\/wp\/v2\/comments?post=1055627"}],"version-history":[{"count":0,"href":"https:\/\/www.eldigitaldeasturias.com\/noticias\/wp-json\/wp\/v2\/posts\/1055627\/revisions"}],"wp:featuredmedia":[{"embeddable":true,"href":"https:\/\/www.eldigitaldeasturias.com\/noticias\/wp-json\/wp\/v2\/media\/977427"}],"wp:attachment":[{"href":"https:\/\/www.eldigitaldeasturias.com\/noticias\/wp-json\/wp\/v2\/media?parent=1055627"}],"wp:term":[{"taxonomy":"category","embeddable":true,"href":"https:\/\/www.eldigitaldeasturias.com\/noticias\/wp-json\/wp\/v2\/categories?post=1055627"},{"taxonomy":"post_tag","embeddable":true,"href":"https:\/\/www.eldigitaldeasturias.com\/noticias\/wp-json\/wp\/v2\/tags?post=1055627"}],"curies":[{"name":"wp","href":"https:\/\/api.w.org\/{rel}","templated":true}]}}