{"id":1055570,"date":"2020-01-25T23:54:55","date_gmt":"2020-01-25T23:54:55","guid":{"rendered":"https:\/\/www.eldigitaldeasturias.com\/noticias\/?p=1055570"},"modified":"2020-01-25T23:54:55","modified_gmt":"2020-01-25T23:54:55","slug":"primera-derrota-de-la-era-setien-en-mestalla","status":"publish","type":"post","link":"https:\/\/www.eldigitaldeasturias.com\/noticias\/primera-derrota-de-la-era-setien-en-mestalla\/","title":{"rendered":"Primera derrota de la \u201cera Seti\u00e9n\u201d en Mestalla"},"content":{"rendered":"<p><img loading=\"lazy\" decoding=\"async\" class=\"alignleft size-medium wp-image-985209\" src=\"https:\/\/www.eldigitaldeasturias.com\/noticias\/wp-content\/uploads\/2018\/06\/football-1406106_960_720-360x241.jpg\" alt=\"\" width=\"360\" height=\"241\" srcset=\"https:\/\/www.eldigitaldeasturias.com\/noticias\/wp-content\/uploads\/2018\/06\/football-1406106_960_720-360x241.jpg 360w, https:\/\/www.eldigitaldeasturias.com\/noticias\/wp-content\/uploads\/2018\/06\/football-1406106_960_720-448x300.jpg 448w, https:\/\/www.eldigitaldeasturias.com\/noticias\/wp-content\/uploads\/2018\/06\/football-1406106_960_720-768x514.jpg 768w, https:\/\/www.eldigitaldeasturias.com\/noticias\/wp-content\/uploads\/2018\/06\/football-1406106_960_720-690x462.jpg 690w, https:\/\/www.eldigitaldeasturias.com\/noticias\/wp-content\/uploads\/2018\/06\/football-1406106_960_720-20x13.jpg 20w, https:\/\/www.eldigitaldeasturias.com\/noticias\/wp-content\/uploads\/2018\/06\/football-1406106_960_720.jpg 960w\" sizes=\"auto, (max-width: 360px) 100vw, 360px\" \/>(Europa Press) &#8211;\u00a0El FC Barcelona encaj\u00f3 su primera derrota de la &#8216;era Seti\u00e9n&#8217; tras caer ante el Valencia (2-0) en un partido pobre, sin capacidad de reacci\u00f3n, y que genera dudas en el actual campe\u00f3n, que no perd\u00eda en Mestalla desde hace 13 a\u00f1os y que permite al Real Madrid arrebatarle el liderato en Primera Divisi\u00f3n si vence al Valladolid en Pucela.<\/p>\n<p>En busca de brillo y diamantes, el Bar\u00e7a -que sigue sin haberlos encontrado- se dej\u00f3 tres puntos en su visita a Valencia, el primer gran reto para Seti\u00e9n despu\u00e9s de dos exiguas victorias ante Granada e Ibiza, \u00e9sta \u00faltima con mucho sufrimiento. Este s\u00e1bado, sin pa\u00f1os calientes, los locales se quedaron a gusto a costa de un equipo cuya reconstrucci\u00f3n llega en un momento donde no valen las pruebas.<\/p>\n<p>El equipo de Albert Celades fue claro dominador de la primera mitad -a excepci\u00f3n de la manida posesi\u00f3n- que dio la mano al &#8216;nuevo&#8217; Bar\u00e7a. En realidad, de &#8216;nuevo&#8217; tiene poco un equipo que sufri\u00f3 m\u00e1s que disfrut\u00f3 ante un Valencia crecido con el paso del tiempo. M\u00e1s vigoroso, m\u00e1s alegre y m\u00e1s directo. Tan solo necesit\u00f3 diez minutos el equipo &#8216;che&#8217; para dar el primer susto a los cul\u00e9s.<\/p>\n<p>Gay\u00e0, que hizo lo que quiso en la banda izquierda, enga\u00f1\u00f3 a Sergi Roberto y al acceder al \u00e1rea fue derribado por Piqu\u00e9. El \u00e1rbitro decret\u00f3 penalti, pero Ter Stegen salv\u00f3 a su equipo. El alem\u00e1n ech\u00f3 el flotador a un Bar\u00e7a que empezaba a ahogarse con la presi\u00f3n de su rival y cuyo argumento fue \u00fanicamente Messi ante la ausencia de Luis Su\u00e1rez.<\/p>\n<p>Maxi G\u00f3mez no estuvo certero desde los once metros y tampoco lo estuvo a la media hora con un disparo que termin\u00f3 en el larguero. En el rechace, Gameiro volvi\u00f3 a toparse con Ter Stegen. El germano meti\u00f3 una mano milagrosa en otro recital de los suyos. Incluso demostr\u00f3 sus reflejos felinos en un remate equivocado de Piqu\u00e9 a escasos metros de la l\u00ednea de gol.<\/p>\n<p>Lo curioso es que su oponente, sin Parejo, ni Rodrigo durante una hora, logr\u00f3 maniatar a los cul\u00e9s y vestirse de protagonista en su \u00e1rea. Tambi\u00e9n se anim\u00f3 Coquelin con un disparo tremendo desde la media luna que pudo despejar Ter Stegen. La sensaci\u00f3n es que -penalti al margen- el Bar\u00e7a sobrevivi\u00f3 en una primera parte claramente de los locales.<\/p>\n<p>Las dos \u00fanicas acciones del conjunto de Quique Seti\u00e9n llevaron la firma de Messi, pero ambas terminaron en el limbo. Y casualmente, en el arranque del segundo asalto, cuando parec\u00eda que el Barcelona hab\u00eda cambiado el &#8216;chip&#8217;, lleg\u00f3 la pu\u00f1alada del conjunto &#8216;che&#8217;. Minutos antes, Ansu Fati desperdici\u00f3 una acci\u00f3n individual y en la r\u00e9plica, 0-1 y delirio en el coso valenciano.<\/p>\n<p>Maxi G\u00f3mez recibi\u00f3 el cuero pegado a la esquina derecha ante una poblada defensa. Hasta siete jugadores ocupaban el \u00e1rea blaugrana, pero al argentino no le import\u00f3, levant\u00f3 la testa y golpe\u00f3 al bal\u00f3n con m\u00e1s coraz\u00f3n que colocaci\u00f3n. Su disparo golpe\u00f3 en Jordi Alba y la trayectoria confundi\u00f3 por completo al portero del Bar\u00e7a.<\/p>\n<p><strong>MESSI DESPIERTA Y MAXI FRUSTRA LA REACCI\u00d3N.<\/strong><\/p>\n<p>Messi cogi\u00f3 los mandos de la nave en la segunda parte y el Bar\u00e7a fue m\u00e1s reconocible. No tanto por sobar el bal\u00f3n una y otra vez, sino por la capacidad de empeque\u00f1ecer a su rival. Por suerte para los de casa, la versi\u00f3n de Gabriel Paulista -posible internacional espa\u00f1ol- fue una mala noticia para los pupilos de Seti\u00e9n.<\/p>\n<p>Sin embargo, el esfuerzo f\u00edsico y la calidad del Bar\u00e7a, que mejor\u00f3 con la entrada de Vidal, terminaron por encontrar su momento. Messi roz\u00f3 el empate en dos ocasiones. La primera con un remate que lami\u00f3 el poste y diez minutos despu\u00e9s, en el 70&#8242;, con un cabezazo a pase del &#8216;desaparecido&#8217; Griezmann. Incluso el rosarino tuvo una falta que apur\u00f3 a Dom\u00e9nech con una parada excepcional, digna de foto.<\/p>\n<p>Ah\u00ed fue cuando muri\u00f3 el Bar\u00e7a sin saberlo. El anzuelo no &#8216;pesc\u00f3&#8217; a un Valencia que renaci\u00f3 a la contra, buscando las cosquillas a Umtiti y cuestionando la seriedad defensiva de un Sergi Roberto cuya polivalencia es una virtud y un defecto en cada temporada. A menos de un cuarto de hora para el final lleg\u00f3 la puntilla del Valencia en una jugada que naci\u00f3 en un saque de banda.<\/p>\n<p>Ferran, la perla de este Valencia, caracole\u00f3 en tres cuartos de campo, gener\u00f3 el espacio y entreg\u00f3 el bal\u00f3n a Maxi G\u00f3mez, que defini\u00f3 con much\u00edsimo talento al palo m\u00e1s alejado. Y acto seguido el \u00e1rbitro escamote\u00f3 el tercero a los de casa tras un remate de Gabriel. Gil Manzano anul\u00f3 el tanto tras falta a Busquets, pero termin\u00f3 concediendo c\u00f3rner en una decisi\u00f3n inexplicable para propios y extra\u00f1os.<\/p>\n<p>El partido termin\u00f3 con dos cambios a la desesperada. El canterano Collado e Ivan Rakitic, pero nada impidi\u00f3 la primera derrota de la &#8216;era Seti\u00e9n&#8217;. La imagen no fue buena, aunque la enjundia de la empresa -y la dificultad del escenario-, permiten gastar la primera licencia del nuevo t\u00e9cnico en &#8216;Can Bar\u00e7a&#8217;. La oportunidad es inmejorable para un Real Madrid que visita al Valladolid este domingo.<\/p>\n<p>&nbsp;<\/p>\n","protected":false},"excerpt":{"rendered":"<p>(Europa Press) &#8211;\u00a0El FC Barcelona encaj\u00f3 su primera derrota de la &#8216;era Seti\u00e9n&#8217; tras caer ante el Valencia (2-0) en un partido pobre, sin capacidad de reacci\u00f3n, y que genera dudas en el actual campe\u00f3n, que no perd\u00eda en Mestalla desde hace 13 a\u00f1os y que permite al Real Madrid arrebatarle el liderato en Primera [&hellip;]<\/p>\n","protected":false},"author":1,"featured_media":985209,"comment_status":"closed","ping_status":"closed","sticky":false,"template":"","format":"standard","meta":{"footnotes":""},"categories":[190],"tags":[],"class_list":["post-1055570","post","type-post","status-publish","format-standard","has-post-thumbnail","hentry","category-deportes"],"aioseo_notices":[],"aioseo_head":"\n\t\t<!-- All in One SEO Pro 4.9.6.2 - aioseo.com -->\n\t<meta name=\"description\" content=\"(Europa Press) - El FC Barcelona encaj\u00f3 su primera derrota de la &#039;era Seti\u00e9n&#039; tras caer ante el Valencia (2-0) en un partido pobre, sin capacidad de reacci\u00f3n, y que genera dudas en el actual campe\u00f3n, que no perd\u00eda en Mestalla desde hace 13 a\u00f1os y que permite al Real Madrid arrebatarle el liderato en Primera\" \/>\n\t<meta name=\"robots\" content=\"max-image-preview:large\" \/>\n\t<meta name=\"author\" content=\"El Digital de Asturias\"\/>\n\t<meta name=\"google-site-verification\" content=\"UA-38556648-1\" \/>\n\t<meta name=\"msvalidate.01\" content=\"7dfe9f3f1b24437ab69f4f2559babe99\" \/>\n\t<meta name=\"keywords\" content=\"deportes\" \/>\n\t<link rel=\"canonical\" href=\"https:\/\/www.eldigitaldeasturias.com\/noticias\/primera-derrota-de-la-era-setien-en-mestalla\/\" \/>\n\t<meta name=\"generator\" content=\"All in One SEO Pro (AIOSEO) 4.9.6.2\" \/>\n\t\t<meta property=\"og:locale\" content=\"es_ES\" \/>\n\t\t<meta property=\"og:site_name\" content=\"El Digital de Asturias\" \/>\n\t\t<meta property=\"og:type\" content=\"article\" \/>\n\t\t<meta property=\"og:title\" content=\"Primera derrota de la \u201cera Seti\u00e9n\u201d en Mestalla - El Digital de Asturias\" \/>\n\t\t<meta property=\"og:description\" content=\"(Europa Press) - El FC Barcelona encaj\u00f3 su primera derrota de la &#039;era Seti\u00e9n&#039; tras caer ante el Valencia (2-0) en un partido pobre, sin capacidad de reacci\u00f3n, y que genera dudas en el actual campe\u00f3n, que no perd\u00eda en Mestalla desde hace 13 a\u00f1os y que permite al Real Madrid arrebatarle el liderato en Primera\" \/>\n\t\t<meta property=\"og:url\" content=\"https:\/\/www.eldigitaldeasturias.com\/noticias\/primera-derrota-de-la-era-setien-en-mestalla\/\" \/>\n\t\t<meta property=\"og:image\" content=\"https:\/\/www.eldigitaldeasturias.com\/noticias\/wp-content\/uploads\/2018\/06\/football-1406106_960_720.jpg\" \/>\n\t\t<meta property=\"og:image:secure_url\" content=\"https:\/\/www.eldigitaldeasturias.com\/noticias\/wp-content\/uploads\/2018\/06\/football-1406106_960_720.jpg\" \/>\n\t\t<meta property=\"og:image:width\" content=\"960\" \/>\n\t\t<meta property=\"og:image:height\" content=\"643\" \/>\n\t\t<meta property=\"article:tag\" content=\"deportes\" \/>\n\t\t<meta property=\"article:published_time\" content=\"2020-01-25T23:54:55+00:00\" \/>\n\t\t<meta property=\"article:modified_time\" content=\"2020-01-25T23:54:55+00:00\" \/>\n\t\t<meta property=\"article:publisher\" content=\"https:\/\/facebook.com\/eldigitaldeasturias\" \/>\n\t\t<meta name=\"twitter:card\" content=\"summary_large_image\" \/>\n\t\t<meta name=\"twitter:title\" content=\"Primera derrota de la \u201cera Seti\u00e9n\u201d en Mestalla - El Digital de Asturias\" \/>\n\t\t<meta name=\"twitter:description\" content=\"(Europa Press) - El FC Barcelona encaj\u00f3 su primera derrota de la &#039;era Seti\u00e9n&#039; tras caer ante el Valencia (2-0) en un partido pobre, sin capacidad de reacci\u00f3n, y que genera dudas en el actual campe\u00f3n, que no perd\u00eda en Mestalla desde hace 13 a\u00f1os y que permite al Real Madrid arrebatarle el liderato en Primera\" \/>\n\t\t<meta name=\"twitter:image\" content=\"https:\/\/www.eldigitaldeasturias.com\/noticias\/wp-content\/uploads\/2018\/06\/football-1406106_960_720.jpg\" \/>\n\t\t<meta name=\"twitter:label1\" content=\"Escrito por\" \/>\n\t\t<meta name=\"twitter:data1\" content=\"El Digital de Asturias\" \/>\n\t\t<meta name=\"twitter:label2\" content=\"Tiempo de lectura estimado\" \/>\n\t\t<meta name=\"twitter:data2\" content=\"5 minutos\" \/>\n\t\t<script type=\"application\/ld+json\" class=\"aioseo-schema\">\n\t\t\t{\"@context\":\"https:\\\/\\\/schema.org\",\"@graph\":[{\"@type\":\"BlogPosting\",\"@id\":\"https:\\\/\\\/www.eldigitaldeasturias.com\\\/noticias\\\/primera-derrota-de-la-era-setien-en-mestalla\\\/#blogposting\",\"name\":\"Primera derrota de la \\u201cera Seti\\u00e9n\\u201d en Mestalla - El Digital de Asturias\",\"headline\":\"Primera derrota de la \\u201cera Seti\\u00e9n\\u201d en Mestalla\",\"author\":{\"@id\":\"https:\\\/\\\/www.eldigitaldeasturias.com\\\/noticias\\\/author\\\/admin\\\/#author\"},\"publisher\":{\"@id\":\"https:\\\/\\\/www.eldigitaldeasturias.com\\\/noticias\\\/#organization\"},\"image\":{\"@type\":\"ImageObject\",\"url\":\"https:\\\/\\\/www.eldigitaldeasturias.com\\\/noticias\\\/wp-content\\\/uploads\\\/2018\\\/06\\\/football-1406106_960_720.jpg\",\"width\":960,\"height\":643},\"datePublished\":\"2020-01-25T23:54:55+01:00\",\"dateModified\":\"2020-01-25T23:54:55+01:00\",\"inLanguage\":\"es-ES\",\"mainEntityOfPage\":{\"@id\":\"https:\\\/\\\/www.eldigitaldeasturias.com\\\/noticias\\\/primera-derrota-de-la-era-setien-en-mestalla\\\/#webpage\"},\"isPartOf\":{\"@id\":\"https:\\\/\\\/www.eldigitaldeasturias.com\\\/noticias\\\/primera-derrota-de-la-era-setien-en-mestalla\\\/#webpage\"},\"articleSection\":\"Deportes\"},{\"@type\":\"BreadcrumbList\",\"@id\":\"https:\\\/\\\/www.eldigitaldeasturias.com\\\/noticias\\\/primera-derrota-de-la-era-setien-en-mestalla\\\/#breadcrumblist\",\"itemListElement\":[{\"@type\":\"ListItem\",\"@id\":\"https:\\\/\\\/www.eldigitaldeasturias.com\\\/noticias#listItem\",\"position\":1,\"name\":\"Home\",\"item\":\"https:\\\/\\\/www.eldigitaldeasturias.com\\\/noticias\",\"nextItem\":{\"@type\":\"ListItem\",\"@id\":\"https:\\\/\\\/www.eldigitaldeasturias.com\\\/noticias\\\/category\\\/deportes\\\/#listItem\",\"name\":\"Deportes\"}},{\"@type\":\"ListItem\",\"@id\":\"https:\\\/\\\/www.eldigitaldeasturias.com\\\/noticias\\\/category\\\/deportes\\\/#listItem\",\"position\":2,\"name\":\"Deportes\",\"item\":\"https:\\\/\\\/www.eldigitaldeasturias.com\\\/noticias\\\/category\\\/deportes\\\/\",\"nextItem\":{\"@type\":\"ListItem\",\"@id\":\"https:\\\/\\\/www.eldigitaldeasturias.com\\\/noticias\\\/primera-derrota-de-la-era-setien-en-mestalla\\\/#listItem\",\"name\":\"Primera derrota de la \\u201cera Seti\\u00e9n\\u201d en Mestalla\"},\"previousItem\":{\"@type\":\"ListItem\",\"@id\":\"https:\\\/\\\/www.eldigitaldeasturias.com\\\/noticias#listItem\",\"name\":\"Home\"}},{\"@type\":\"ListItem\",\"@id\":\"https:\\\/\\\/www.eldigitaldeasturias.com\\\/noticias\\\/primera-derrota-de-la-era-setien-en-mestalla\\\/#listItem\",\"position\":3,\"name\":\"Primera derrota de la \\u201cera Seti\\u00e9n\\u201d en Mestalla\",\"previousItem\":{\"@type\":\"ListItem\",\"@id\":\"https:\\\/\\\/www.eldigitaldeasturias.com\\\/noticias\\\/category\\\/deportes\\\/#listItem\",\"name\":\"Deportes\"}}]},{\"@type\":\"Organization\",\"@id\":\"https:\\\/\\\/www.eldigitaldeasturias.com\\\/noticias\\\/#organization\",\"name\":\"El Digital de Asturias\",\"description\":\"Hemeroteca\",\"url\":\"https:\\\/\\\/www.eldigitaldeasturias.com\\\/noticias\\\/\",\"email\":\"info@eldigitaldeasturias.com\",\"telephone\":\"+34652131393\",\"logo\":{\"@type\":\"ImageObject\",\"url\":\"https:\\\/\\\/www.eldigitaldeasturias.com\\\/noticias\\\/wp-content\\\/uploads\\\/2020\\\/12\\\/EDA.jpg\",\"@id\":\"https:\\\/\\\/www.eldigitaldeasturias.com\\\/noticias\\\/primera-derrota-de-la-era-setien-en-mestalla\\\/#organizationLogo\",\"width\":649,\"height\":297},\"image\":{\"@id\":\"https:\\\/\\\/www.eldigitaldeasturias.com\\\/noticias\\\/primera-derrota-de-la-era-setien-en-mestalla\\\/#organizationLogo\"},\"sameAs\":[\"https:\\\/\\\/facebook.com\\\/eldigitaldeasturias\",\"https:\\\/\\\/www.youtube.com\\\/channel\\\/UCZP-2wLEB9Rv6erhFmqVnvg\"],\"address\":{\"@id\":\"https:\\\/\\\/www.eldigitaldeasturias.com\\\/noticias\\\/#postaladdress\",\"@type\":\"PostalAddress\",\"streetAddress\":\"san antonio 4,\",\"postalCode\":\"33430\",\"addressLocality\":\"Cand\\u00e1s\",\"addressRegion\":\"Asturias\",\"addressCountry\":\"ES\"}},{\"@type\":\"Person\",\"@id\":\"https:\\\/\\\/www.eldigitaldeasturias.com\\\/noticias\\\/author\\\/admin\\\/#author\",\"url\":\"https:\\\/\\\/www.eldigitaldeasturias.com\\\/noticias\\\/author\\\/admin\\\/\",\"name\":\"El Digital de Asturias\",\"image\":{\"@type\":\"ImageObject\",\"@id\":\"https:\\\/\\\/www.eldigitaldeasturias.com\\\/noticias\\\/primera-derrota-de-la-era-setien-en-mestalla\\\/#authorImage\",\"url\":\"https:\\\/\\\/www.eldigitaldeasturias.com\\\/noticias\\\/wp-content\\\/litespeed\\\/avatar\\\/18677e78aa0546b92d9dbf31ec7d7668.jpg?ver=1776685526\",\"width\":96,\"height\":96,\"caption\":\"El Digital de Asturias\"}},{\"@type\":\"WebPage\",\"@id\":\"https:\\\/\\\/www.eldigitaldeasturias.com\\\/noticias\\\/primera-derrota-de-la-era-setien-en-mestalla\\\/#webpage\",\"url\":\"https:\\\/\\\/www.eldigitaldeasturias.com\\\/noticias\\\/primera-derrota-de-la-era-setien-en-mestalla\\\/\",\"name\":\"Primera derrota de la \\u201cera Seti\\u00e9n\\u201d en Mestalla - El Digital de Asturias\",\"description\":\"(Europa Press) - El FC Barcelona encaj\\u00f3 su primera derrota de la 'era Seti\\u00e9n' tras caer ante el Valencia (2-0) en un partido pobre, sin capacidad de reacci\\u00f3n, y que genera dudas en el actual campe\\u00f3n, que no perd\\u00eda en Mestalla desde hace 13 a\\u00f1os y que permite al Real Madrid arrebatarle el liderato en Primera\",\"inLanguage\":\"es-ES\",\"isPartOf\":{\"@id\":\"https:\\\/\\\/www.eldigitaldeasturias.com\\\/noticias\\\/#website\"},\"breadcrumb\":{\"@id\":\"https:\\\/\\\/www.eldigitaldeasturias.com\\\/noticias\\\/primera-derrota-de-la-era-setien-en-mestalla\\\/#breadcrumblist\"},\"author\":{\"@id\":\"https:\\\/\\\/www.eldigitaldeasturias.com\\\/noticias\\\/author\\\/admin\\\/#author\"},\"creator\":{\"@id\":\"https:\\\/\\\/www.eldigitaldeasturias.com\\\/noticias\\\/author\\\/admin\\\/#author\"},\"image\":{\"@type\":\"ImageObject\",\"url\":\"https:\\\/\\\/www.eldigitaldeasturias.com\\\/noticias\\\/wp-content\\\/uploads\\\/2018\\\/06\\\/football-1406106_960_720.jpg\",\"@id\":\"https:\\\/\\\/www.eldigitaldeasturias.com\\\/noticias\\\/primera-derrota-de-la-era-setien-en-mestalla\\\/#mainImage\",\"width\":960,\"height\":643},\"primaryImageOfPage\":{\"@id\":\"https:\\\/\\\/www.eldigitaldeasturias.com\\\/noticias\\\/primera-derrota-de-la-era-setien-en-mestalla\\\/#mainImage\"},\"datePublished\":\"2020-01-25T23:54:55+01:00\",\"dateModified\":\"2020-01-25T23:54:55+01:00\"},{\"@type\":\"WebSite\",\"@id\":\"https:\\\/\\\/www.eldigitaldeasturias.com\\\/noticias\\\/#website\",\"url\":\"https:\\\/\\\/www.eldigitaldeasturias.com\\\/noticias\\\/\",\"name\":\"El Digital de Asturias - Diario de actualidad y noticias\",\"alternateName\":\"El Digital de Asturias - Diario de actualidad y noticias\",\"description\":\"Hemeroteca\",\"inLanguage\":\"es-ES\",\"publisher\":{\"@id\":\"https:\\\/\\\/www.eldigitaldeasturias.com\\\/noticias\\\/#organization\"}}]}\n\t\t<\/script>\n\t\t<!-- All in One SEO Pro -->\r\n\t\t<title>Primera derrota de la \u201cera Seti\u00e9n\u201d en Mestalla - El Digital de Asturias<\/title>\n\n","aioseo_head_json":{"title":"Primera derrota de la \u201cera Seti\u00e9n\u201d en Mestalla - El Digital de Asturias","description":"(Europa Press) - El FC Barcelona encaj\u00f3 su primera derrota de la 'era Seti\u00e9n' tras caer ante el Valencia (2-0) en un partido pobre, sin capacidad de reacci\u00f3n, y que genera dudas en el actual campe\u00f3n, que no perd\u00eda en Mestalla desde hace 13 a\u00f1os y que permite al Real Madrid arrebatarle el liderato en Primera","canonical_url":"https:\/\/www.eldigitaldeasturias.com\/noticias\/primera-derrota-de-la-era-setien-en-mestalla\/","robots":"max-image-preview:large","keywords":"deportes","webmasterTools":{"google-site-verification":"UA-38556648-1","msvalidate.01":"7dfe9f3f1b24437ab69f4f2559babe99","miscellaneous":""},"schema":{"@context":"https:\/\/schema.org","@graph":[{"@type":"BlogPosting","@id":"https:\/\/www.eldigitaldeasturias.com\/noticias\/primera-derrota-de-la-era-setien-en-mestalla\/#blogposting","name":"Primera derrota de la \u201cera Seti\u00e9n\u201d en Mestalla - El Digital de Asturias","headline":"Primera derrota de la \u201cera Seti\u00e9n\u201d en Mestalla","author":{"@id":"https:\/\/www.eldigitaldeasturias.com\/noticias\/author\/admin\/#author"},"publisher":{"@id":"https:\/\/www.eldigitaldeasturias.com\/noticias\/#organization"},"image":{"@type":"ImageObject","url":"https:\/\/www.eldigitaldeasturias.com\/noticias\/wp-content\/uploads\/2018\/06\/football-1406106_960_720.jpg","width":960,"height":643},"datePublished":"2020-01-25T23:54:55+01:00","dateModified":"2020-01-25T23:54:55+01:00","inLanguage":"es-ES","mainEntityOfPage":{"@id":"https:\/\/www.eldigitaldeasturias.com\/noticias\/primera-derrota-de-la-era-setien-en-mestalla\/#webpage"},"isPartOf":{"@id":"https:\/\/www.eldigitaldeasturias.com\/noticias\/primera-derrota-de-la-era-setien-en-mestalla\/#webpage"},"articleSection":"Deportes"},{"@type":"BreadcrumbList","@id":"https:\/\/www.eldigitaldeasturias.com\/noticias\/primera-derrota-de-la-era-setien-en-mestalla\/#breadcrumblist","itemListElement":[{"@type":"ListItem","@id":"https:\/\/www.eldigitaldeasturias.com\/noticias#listItem","position":1,"name":"Home","item":"https:\/\/www.eldigitaldeasturias.com\/noticias","nextItem":{"@type":"ListItem","@id":"https:\/\/www.eldigitaldeasturias.com\/noticias\/category\/deportes\/#listItem","name":"Deportes"}},{"@type":"ListItem","@id":"https:\/\/www.eldigitaldeasturias.com\/noticias\/category\/deportes\/#listItem","position":2,"name":"Deportes","item":"https:\/\/www.eldigitaldeasturias.com\/noticias\/category\/deportes\/","nextItem":{"@type":"ListItem","@id":"https:\/\/www.eldigitaldeasturias.com\/noticias\/primera-derrota-de-la-era-setien-en-mestalla\/#listItem","name":"Primera derrota de la \u201cera Seti\u00e9n\u201d en Mestalla"},"previousItem":{"@type":"ListItem","@id":"https:\/\/www.eldigitaldeasturias.com\/noticias#listItem","name":"Home"}},{"@type":"ListItem","@id":"https:\/\/www.eldigitaldeasturias.com\/noticias\/primera-derrota-de-la-era-setien-en-mestalla\/#listItem","position":3,"name":"Primera derrota de la \u201cera Seti\u00e9n\u201d en Mestalla","previousItem":{"@type":"ListItem","@id":"https:\/\/www.eldigitaldeasturias.com\/noticias\/category\/deportes\/#listItem","name":"Deportes"}}]},{"@type":"Organization","@id":"https:\/\/www.eldigitaldeasturias.com\/noticias\/#organization","name":"El Digital de Asturias","description":"Hemeroteca","url":"https:\/\/www.eldigitaldeasturias.com\/noticias\/","email":"info@eldigitaldeasturias.com","telephone":"+34652131393","logo":{"@type":"ImageObject","url":"https:\/\/www.eldigitaldeasturias.com\/noticias\/wp-content\/uploads\/2020\/12\/EDA.jpg","@id":"https:\/\/www.eldigitaldeasturias.com\/noticias\/primera-derrota-de-la-era-setien-en-mestalla\/#organizationLogo","width":649,"height":297},"image":{"@id":"https:\/\/www.eldigitaldeasturias.com\/noticias\/primera-derrota-de-la-era-setien-en-mestalla\/#organizationLogo"},"sameAs":["https:\/\/facebook.com\/eldigitaldeasturias","https:\/\/www.youtube.com\/channel\/UCZP-2wLEB9Rv6erhFmqVnvg"],"address":{"@id":"https:\/\/www.eldigitaldeasturias.com\/noticias\/#postaladdress","@type":"PostalAddress","streetAddress":"san antonio 4,","postalCode":"33430","addressLocality":"Cand\u00e1s","addressRegion":"Asturias","addressCountry":"ES"}},{"@type":"Person","@id":"https:\/\/www.eldigitaldeasturias.com\/noticias\/author\/admin\/#author","url":"https:\/\/www.eldigitaldeasturias.com\/noticias\/author\/admin\/","name":"El Digital de Asturias","image":{"@type":"ImageObject","@id":"https:\/\/www.eldigitaldeasturias.com\/noticias\/primera-derrota-de-la-era-setien-en-mestalla\/#authorImage","url":"https:\/\/www.eldigitaldeasturias.com\/noticias\/wp-content\/litespeed\/avatar\/18677e78aa0546b92d9dbf31ec7d7668.jpg?ver=1776685526","width":96,"height":96,"caption":"El Digital de Asturias"}},{"@type":"WebPage","@id":"https:\/\/www.eldigitaldeasturias.com\/noticias\/primera-derrota-de-la-era-setien-en-mestalla\/#webpage","url":"https:\/\/www.eldigitaldeasturias.com\/noticias\/primera-derrota-de-la-era-setien-en-mestalla\/","name":"Primera derrota de la \u201cera Seti\u00e9n\u201d en Mestalla - El Digital de Asturias","description":"(Europa Press) - El FC Barcelona encaj\u00f3 su primera derrota de la 'era Seti\u00e9n' tras caer ante el Valencia (2-0) en un partido pobre, sin capacidad de reacci\u00f3n, y que genera dudas en el actual campe\u00f3n, que no perd\u00eda en Mestalla desde hace 13 a\u00f1os y que permite al Real Madrid arrebatarle el liderato en Primera","inLanguage":"es-ES","isPartOf":{"@id":"https:\/\/www.eldigitaldeasturias.com\/noticias\/#website"},"breadcrumb":{"@id":"https:\/\/www.eldigitaldeasturias.com\/noticias\/primera-derrota-de-la-era-setien-en-mestalla\/#breadcrumblist"},"author":{"@id":"https:\/\/www.eldigitaldeasturias.com\/noticias\/author\/admin\/#author"},"creator":{"@id":"https:\/\/www.eldigitaldeasturias.com\/noticias\/author\/admin\/#author"},"image":{"@type":"ImageObject","url":"https:\/\/www.eldigitaldeasturias.com\/noticias\/wp-content\/uploads\/2018\/06\/football-1406106_960_720.jpg","@id":"https:\/\/www.eldigitaldeasturias.com\/noticias\/primera-derrota-de-la-era-setien-en-mestalla\/#mainImage","width":960,"height":643},"primaryImageOfPage":{"@id":"https:\/\/www.eldigitaldeasturias.com\/noticias\/primera-derrota-de-la-era-setien-en-mestalla\/#mainImage"},"datePublished":"2020-01-25T23:54:55+01:00","dateModified":"2020-01-25T23:54:55+01:00"},{"@type":"WebSite","@id":"https:\/\/www.eldigitaldeasturias.com\/noticias\/#website","url":"https:\/\/www.eldigitaldeasturias.com\/noticias\/","name":"El Digital de Asturias - Diario de actualidad y noticias","alternateName":"El Digital de Asturias - Diario de actualidad y noticias","description":"Hemeroteca","inLanguage":"es-ES","publisher":{"@id":"https:\/\/www.eldigitaldeasturias.com\/noticias\/#organization"}}]},"og:locale":"es_ES","og:site_name":"El Digital de Asturias","og:type":"article","og:title":"Primera derrota de la \u201cera Seti\u00e9n\u201d en Mestalla - El Digital de Asturias","og:description":"(Europa Press) - El FC Barcelona encaj\u00f3 su primera derrota de la 'era Seti\u00e9n' tras caer ante el Valencia (2-0) en un partido pobre, sin capacidad de reacci\u00f3n, y que genera dudas en el actual campe\u00f3n, que no perd\u00eda en Mestalla desde hace 13 a\u00f1os y que permite al Real Madrid arrebatarle el liderato en Primera","og:url":"https:\/\/www.eldigitaldeasturias.com\/noticias\/primera-derrota-de-la-era-setien-en-mestalla\/","og:image":"https:\/\/www.eldigitaldeasturias.com\/noticias\/wp-content\/uploads\/2018\/06\/football-1406106_960_720.jpg","og:image:secure_url":"https:\/\/www.eldigitaldeasturias.com\/noticias\/wp-content\/uploads\/2018\/06\/football-1406106_960_720.jpg","og:image:width":960,"og:image:height":643,"article:tag":["deportes"],"article:published_time":"2020-01-25T23:54:55+00:00","article:modified_time":"2020-01-25T23:54:55+00:00","article:publisher":"https:\/\/facebook.com\/eldigitaldeasturias","twitter:card":"summary_large_image","twitter:title":"Primera derrota de la \u201cera Seti\u00e9n\u201d en Mestalla - El Digital de Asturias","twitter:description":"(Europa Press) - El FC Barcelona encaj\u00f3 su primera derrota de la 'era Seti\u00e9n' tras caer ante el Valencia (2-0) en un partido pobre, sin capacidad de reacci\u00f3n, y que genera dudas en el actual campe\u00f3n, que no perd\u00eda en Mestalla desde hace 13 a\u00f1os y que permite al Real Madrid arrebatarle el liderato en Primera","twitter:image":"https:\/\/www.eldigitaldeasturias.com\/noticias\/wp-content\/uploads\/2018\/06\/football-1406106_960_720.jpg","twitter:label1":"Escrito por","twitter:data1":"El Digital de Asturias","twitter:label2":"Tiempo de lectura estimado","twitter:data2":"5 minutos"},"aioseo_meta_data":{"post_id":"1055570","title":null,"description":null,"keywords":null,"keyphrases":null,"primary_term":null,"canonical_url":null,"og_title":null,"og_description":null,"og_object_type":"default","og_image_type":"default","og_image_url":null,"og_image_width":null,"og_image_height":null,"og_image_custom_url":null,"og_image_custom_fields":null,"og_video":null,"og_custom_url":null,"og_article_section":null,"og_article_tags":null,"twitter_use_og":false,"twitter_card":"default","twitter_image_type":"default","twitter_image_url":null,"twitter_image_custom_url":null,"twitter_image_custom_fields":null,"twitter_title":null,"twitter_description":null,"schema":{"blockGraphs":[],"customGraphs":[],"default":{"data":{"Article":[],"Course":[],"Dataset":[],"FAQPage":[],"Movie":[],"Person":[],"Product":[],"ProductReview":[],"Car":[],"Recipe":[],"Service":[],"SoftwareApplication":[],"WebPage":[]},"graphName":"","isEnabled":true},"graphs":[],"defaultGraph":"","defaultPostTypeGraph":""},"schema_type":null,"schema_type_options":null,"pillar_content":false,"robots_default":true,"robots_noindex":false,"robots_noarchive":false,"robots_nosnippet":false,"robots_nofollow":false,"robots_noimageindex":false,"robots_noodp":false,"robots_notranslate":false,"robots_max_snippet":null,"robots_max_videopreview":null,"robots_max_imagepreview":"large","priority":null,"frequency":null,"local_seo":null,"seo_analyzer_scan_date":"2025-10-30 19:28:14","breadcrumb_settings":null,"limit_modified_date":false,"open_ai":null,"ai":null,"created":"2020-12-21 10:56:11","updated":"2025-10-30 19:28:14"},"aioseo_breadcrumb":"<div class=\"aioseo-breadcrumbs\"><span class=\"aioseo-breadcrumb\">\n\t<a href=\"https:\/\/www.eldigitaldeasturias.com\/noticias\" title=\"Home\">Home<\/a>\n<\/span><span class=\"aioseo-breadcrumb-separator\">\u2013<\/span><span class=\"aioseo-breadcrumb\">\n\t<a href=\"https:\/\/www.eldigitaldeasturias.com\/noticias\/category\/deportes\/\" title=\"Deportes\">Deportes<\/a>\n<\/span><span class=\"aioseo-breadcrumb-separator\">\u2013<\/span><span class=\"aioseo-breadcrumb\">\n\t<a href=\"https:\/\/www.eldigitaldeasturias.com\/noticias\/primera-derrota-de-la-era-setien-en-mestalla\/\" title=\"Primera derrota de la \u201cera Seti\u00e9n\u201d en Mestalla\">Primera derrota de la \u201cera Seti\u00e9n\u201d en Mestalla<\/a>\n<\/span><\/div>","aioseo_breadcrumb_json":[{"label":"Home","link":"https:\/\/www.eldigitaldeasturias.com\/noticias"},{"label":"Deportes","link":"https:\/\/www.eldigitaldeasturias.com\/noticias\/category\/deportes\/"},{"label":"Primera derrota de la \u201cera Seti\u00e9n\u201d en Mestalla","link":"https:\/\/www.eldigitaldeasturias.com\/noticias\/primera-derrota-de-la-era-setien-en-mestalla\/"}],"_links":{"self":[{"href":"https:\/\/www.eldigitaldeasturias.com\/noticias\/wp-json\/wp\/v2\/posts\/1055570","targetHints":{"allow":["GET"]}}],"collection":[{"href":"https:\/\/www.eldigitaldeasturias.com\/noticias\/wp-json\/wp\/v2\/posts"}],"about":[{"href":"https:\/\/www.eldigitaldeasturias.com\/noticias\/wp-json\/wp\/v2\/types\/post"}],"author":[{"embeddable":true,"href":"https:\/\/www.eldigitaldeasturias.com\/noticias\/wp-json\/wp\/v2\/users\/1"}],"replies":[{"embeddable":true,"href":"https:\/\/www.eldigitaldeasturias.com\/noticias\/wp-json\/wp\/v2\/comments?post=1055570"}],"version-history":[{"count":0,"href":"https:\/\/www.eldigitaldeasturias.com\/noticias\/wp-json\/wp\/v2\/posts\/1055570\/revisions"}],"wp:featuredmedia":[{"embeddable":true,"href":"https:\/\/www.eldigitaldeasturias.com\/noticias\/wp-json\/wp\/v2\/media\/985209"}],"wp:attachment":[{"href":"https:\/\/www.eldigitaldeasturias.com\/noticias\/wp-json\/wp\/v2\/media?parent=1055570"}],"wp:term":[{"taxonomy":"category","embeddable":true,"href":"https:\/\/www.eldigitaldeasturias.com\/noticias\/wp-json\/wp\/v2\/categories?post=1055570"},{"taxonomy":"post_tag","embeddable":true,"href":"https:\/\/www.eldigitaldeasturias.com\/noticias\/wp-json\/wp\/v2\/tags?post=1055570"}],"curies":[{"name":"wp","href":"https:\/\/api.w.org\/{rel}","templated":true}]}}