{"id":1055567,"date":"2020-01-25T23:45:52","date_gmt":"2020-01-25T23:45:52","guid":{"rendered":"https:\/\/www.eldigitaldeasturias.com\/noticias\/?p=1055567"},"modified":"2020-01-25T23:45:52","modified_gmt":"2020-01-25T23:45:52","slug":"simeone-no-me-muevo-del-partido-a-partido","status":"publish","type":"post","link":"https:\/\/www.eldigitaldeasturias.com\/noticias\/simeone-no-me-muevo-del-partido-a-partido\/","title":{"rendered":"Simeone: \u00abNo me muevo del partido a partido\u00bb"},"content":{"rendered":"<figure id=\"attachment_1055568\" aria-describedby=\"caption-attachment-1055568\" style=\"width: 360px\" class=\"wp-caption alignleft\"><img loading=\"lazy\" decoding=\"async\" class=\"size-medium wp-image-1055568\" src=\"https:\/\/www.eldigitaldeasturias.com\/noticias\/wp-content\/uploads\/2020\/01\/Simeone-dpa-360x247.jpg\" alt=\"\" width=\"360\" height=\"247\" srcset=\"https:\/\/www.eldigitaldeasturias.com\/noticias\/wp-content\/uploads\/2020\/01\/Simeone-dpa-360x247.jpg 360w, https:\/\/www.eldigitaldeasturias.com\/noticias\/wp-content\/uploads\/2020\/01\/Simeone-dpa-690x473.jpg 690w, https:\/\/www.eldigitaldeasturias.com\/noticias\/wp-content\/uploads\/2020\/01\/Simeone-dpa-438x300.jpg 438w, https:\/\/www.eldigitaldeasturias.com\/noticias\/wp-content\/uploads\/2020\/01\/Simeone-dpa-768x526.jpg 768w, https:\/\/www.eldigitaldeasturias.com\/noticias\/wp-content\/uploads\/2020\/01\/Simeone-dpa.jpg 969w\" sizes=\"auto, (max-width: 360px) 100vw, 360px\" \/><figcaption id=\"caption-attachment-1055568\" class=\"wp-caption-text\">Foto: Marius Becker\/dpa<\/figcaption><\/figure>\n<p>(Europa Press) &#8211;\u00a0El entrenador del Atl\u00e9tico de Madrid,<strong> Diego Pablo Simeone<\/strong>, ha asegurado que a pesar de la dolorosa eliminaci\u00f3n de Copa del Rey ante la Cultural Leonesa <strong>contin\u00faa \u00abentusiasmado\u00bb con el equipo<\/strong>, al que dedica su \u00abvida\u00bb, y ha explicado que este domingo ante el Legan\u00e9s deben mejorar \u00abla precisi\u00f3n de cara a gol\u00bb.<\/p>\n<p>\u00abSiempre me ocupa continuamente el equipo, no en los momentos que nos toca perder o ganar. Muchas veces me cuesta dormir por una formaci\u00f3n antes de una final, porque no s\u00e9 si poner a uno o al otro&#8230; Me ocupa mi vida el Atl\u00e9tico de Madrid, y la gente que me rodea lo sabe. Seguimos en esa misma l\u00ednea, entusiasmados, sabiendo que vivimos del d\u00eda a d\u00eda y que el partido a partido no me va a generar ning\u00fan cambio en mi vida\u00bb, declar\u00f3 en rueda de prensa.<\/p>\n<p>Adem\u00e1s, el preparador argentino asegur\u00f3 que tanto la eliminaci\u00f3n copera como la derrota en la Supercopa de Espa\u00f1a son \u00abderrotas dif\u00edciles\u00bb y que toda cr\u00edtica \u00abes justa\u00bb. \u00abYo estoy convencido de lo que dije despu\u00e9s del partido: <strong>creo absolutamente en mis futbolistas<\/strong>, armamos una plantilla importante, con futbolistas que responder\u00e1n a los objetivos que nos hemos trazado desde el principio\u00bb, manifest\u00f3.<\/p>\n<p>\u00ab<strong>No me muevo del partido a partido<\/strong>, nos genera estar convencidos de lo que queremos. Debemos entender y aceptar las cr\u00edticas, sobre todo cuando son justas. Ma\u00f1ana esperamos tener un buen partido ante un rival que est\u00e1 haciendo las cosas muy bien desde la llegada del m\u00edster. Ser\u00e1 duro, como todos los partidos de la liga espa\u00f1ola\u00bb, a\u00f1adi\u00f3 sobre el duelo ante el Legan\u00e9s.<\/p>\n<p>En este sentido, el &#8216;Cholo&#8217; tiene claro cu\u00e1l es el punto clave que deben mejorar. \u00abLo que me ocupa m\u00e1s que nada es la precisi\u00f3n de cara a gol, eso es lo que termina siempre reflejando los momentos de los equipos. Si hubi\u00e9semos convertido la cantidad la cantidad de situaciones que hemos generado, ser\u00eda mucho m\u00e1s simple. A partir de no convertir hay que tener una seguridad defensiva absoluta, que tampoco hemos tenido, y eso genera la derrota\u00bb, indic\u00f3.<\/p>\n<p>Sin embargo, record\u00f3 que tanto contra el Eibar como contra la Cultural tuvieron \u00ab10-11 situaciones de gol claras y cuatro mano a mano\u00bb. \u00abYa llegar\u00e1. No comprendo otro camino que seguir generando situaciones. Tenemos que intentar fortalecer la parte defensiva porque, aunque no les guste, es lo que termina siendo lo que nos da la seguridad para tener un resultado\u00bb, subray\u00f3.<\/p>\n<p>Todo ello buscando \u00abpotenciar\u00bb su plantilla. \u00abSi nos vamos dos a\u00f1os atr\u00e1s, no gener\u00e1bamos tantas situaciones de gol. Hace dos a\u00f1os atr\u00e1s el juego asociativo no lo ten\u00edamos tampoco, pero \u00e9ramos m\u00e1s contundentes. Aquel equipo necesitaba menos transiciones y ser m\u00e1s contundente, y este necesita otra forma de juego y en ese camino estamos, que es la transici\u00f3n\u00bb, analiz\u00f3.<\/p>\n<p>\u00abSiempre podemos dar m\u00e1s todos, nosotros como entrenadores y los futbolistas. Tenemos ahora el regreso de Lemar, Costa todav\u00eda no est\u00e1, e intentamos acercarnos a los Camello, Ivan -Saponjic-, Jo\u00e3o F\u00e9lix, que nos puede dar con \u00c1ngel -Correa- situaciones de ataque&#8230; En situaciones de gol hemos estado siempre en un mismo nivel, pero tenemos que ser m\u00e1s contundentes. Eso aparece cuando hay m\u00e1s confianza y m\u00e1s tranquilidad\u00bb, apunt\u00f3.<\/p>\n<p>Precisamente, han sido equipos modestos los que m\u00e1s han hecho sufrir a Simeone como entrenador del Atl\u00e9tico. \u00abNos pas\u00f3 hasta el a\u00f1o que salimos campeones, que perdimos con el Almer\u00eda y el Levante, y los dos descendieron. Es muy dif\u00edcil despu\u00e9s de ocho a\u00f1os encontrar una explicaci\u00f3n\u00bb, asegur\u00f3.<\/p>\n<p>Por otra parte, rechaz\u00f3 hablar de las voces que piden su destituci\u00f3n, pero tambi\u00e9n de las cr\u00edticas al juego de jugadores como Sa\u00fal o Thomas tras la eliminaci\u00f3n copera. <strong>\u00abLas opiniones de mis futbolistas las charlo con ellos en el vestuario, con ustedes las escucho. Si tengo algo que decir, se lo digo a ellos cuando estamos juntos\u00bb<\/strong>, expuso.<\/p>\n<p>Por \u00faltimo, se alegr\u00f3 de los mensajes de apoyo que durante estos d\u00edas han circulado en las redes sociales. \u00abNo lo hab\u00eda visto, me lo coment\u00f3 la gente de prensa. Todo lo que sea espont\u00e1neo y natural siempre es muy sano. Es de agradecer y fortalece la seguridad y la ilusi\u00f3n que siempre tengo d\u00eda a d\u00eda aqu\u00ed en el club\u00bb, concluy\u00f3.<\/p>\n<p>&nbsp;<\/p>\n","protected":false},"excerpt":{"rendered":"<p>(Europa Press) &#8211;\u00a0El entrenador del Atl\u00e9tico de Madrid, Diego Pablo Simeone, ha asegurado que a pesar de la dolorosa eliminaci\u00f3n de Copa del Rey ante la Cultural Leonesa contin\u00faa \u00abentusiasmado\u00bb con el equipo, al que dedica su \u00abvida\u00bb, y ha explicado que este domingo ante el Legan\u00e9s deben mejorar \u00abla precisi\u00f3n de cara a gol\u00bb. [&hellip;]<\/p>\n","protected":false},"author":1,"featured_media":1055568,"comment_status":"closed","ping_status":"closed","sticky":false,"template":"","format":"standard","meta":{"footnotes":""},"categories":[190],"tags":[],"class_list":["post-1055567","post","type-post","status-publish","format-standard","has-post-thumbnail","hentry","category-deportes"],"aioseo_notices":[],"aioseo_head":"\n\t\t<!-- All in One SEO Pro 4.9.6.2 - aioseo.com -->\n\t<meta name=\"description\" content=\"(Europa Press) - El entrenador del Atl\u00e9tico de Madrid, Diego Pablo Simeone, ha asegurado que a pesar de la dolorosa eliminaci\u00f3n de Copa del Rey ante la Cultural Leonesa contin\u00faa &quot;entusiasmado&quot; con el equipo, al que dedica su &quot;vida&quot;, y ha explicado que este domingo ante el Legan\u00e9s deben mejorar &quot;la precisi\u00f3n de cara a gol&quot;.\" \/>\n\t<meta name=\"robots\" content=\"max-image-preview:large\" \/>\n\t<meta name=\"author\" content=\"El Digital de Asturias\"\/>\n\t<meta name=\"google-site-verification\" content=\"UA-38556648-1\" \/>\n\t<meta name=\"msvalidate.01\" content=\"7dfe9f3f1b24437ab69f4f2559babe99\" \/>\n\t<meta name=\"keywords\" content=\"deportes\" \/>\n\t<link rel=\"canonical\" href=\"https:\/\/www.eldigitaldeasturias.com\/noticias\/simeone-no-me-muevo-del-partido-a-partido\/\" \/>\n\t<meta name=\"generator\" content=\"All in One SEO Pro (AIOSEO) 4.9.6.2\" \/>\n\t\t<meta property=\"og:locale\" content=\"es_ES\" \/>\n\t\t<meta property=\"og:site_name\" content=\"El Digital de Asturias\" \/>\n\t\t<meta property=\"og:type\" content=\"article\" \/>\n\t\t<meta property=\"og:title\" content=\"Simeone: \u00abNo me muevo del partido a partido\u00bb - El Digital de Asturias\" \/>\n\t\t<meta property=\"og:description\" content=\"(Europa Press) - El entrenador del Atl\u00e9tico de Madrid, Diego Pablo Simeone, ha asegurado que a pesar de la dolorosa eliminaci\u00f3n de Copa del Rey ante la Cultural Leonesa contin\u00faa &quot;entusiasmado&quot; con el equipo, al que dedica su &quot;vida&quot;, y ha explicado que este domingo ante el Legan\u00e9s deben mejorar &quot;la precisi\u00f3n de cara a gol&quot;.\" \/>\n\t\t<meta property=\"og:url\" content=\"https:\/\/www.eldigitaldeasturias.com\/noticias\/simeone-no-me-muevo-del-partido-a-partido\/\" \/>\n\t\t<meta property=\"og:image\" content=\"https:\/\/www.eldigitaldeasturias.com\/noticias\/wp-content\/uploads\/2020\/01\/Simeone-dpa.jpg\" \/>\n\t\t<meta property=\"og:image:secure_url\" content=\"https:\/\/www.eldigitaldeasturias.com\/noticias\/wp-content\/uploads\/2020\/01\/Simeone-dpa.jpg\" \/>\n\t\t<meta property=\"og:image:width\" content=\"969\" \/>\n\t\t<meta property=\"og:image:height\" content=\"664\" \/>\n\t\t<meta property=\"article:tag\" content=\"deportes\" \/>\n\t\t<meta property=\"article:published_time\" content=\"2020-01-25T23:45:52+00:00\" \/>\n\t\t<meta property=\"article:modified_time\" content=\"2020-01-25T23:45:52+00:00\" \/>\n\t\t<meta property=\"article:publisher\" content=\"https:\/\/facebook.com\/eldigitaldeasturias\" \/>\n\t\t<meta name=\"twitter:card\" content=\"summary_large_image\" \/>\n\t\t<meta name=\"twitter:title\" content=\"Simeone: \u00abNo me muevo del partido a partido\u00bb - El Digital de Asturias\" \/>\n\t\t<meta name=\"twitter:description\" content=\"(Europa Press) - El entrenador del Atl\u00e9tico de Madrid, Diego Pablo Simeone, ha asegurado que a pesar de la dolorosa eliminaci\u00f3n de Copa del Rey ante la Cultural Leonesa contin\u00faa &quot;entusiasmado&quot; con el equipo, al que dedica su &quot;vida&quot;, y ha explicado que este domingo ante el Legan\u00e9s deben mejorar &quot;la precisi\u00f3n de cara a gol&quot;.\" \/>\n\t\t<meta name=\"twitter:image\" content=\"https:\/\/www.eldigitaldeasturias.com\/noticias\/wp-content\/uploads\/2020\/01\/Simeone-dpa.jpg\" \/>\n\t\t<meta name=\"twitter:label1\" content=\"Escrito por\" \/>\n\t\t<meta name=\"twitter:data1\" content=\"El Digital de Asturias\" \/>\n\t\t<meta name=\"twitter:label2\" content=\"Tiempo de lectura estimado\" \/>\n\t\t<meta name=\"twitter:data2\" content=\"4 minutos\" \/>\n\t\t<script type=\"application\/ld+json\" class=\"aioseo-schema\">\n\t\t\t{\"@context\":\"https:\\\/\\\/schema.org\",\"@graph\":[{\"@type\":\"BlogPosting\",\"@id\":\"https:\\\/\\\/www.eldigitaldeasturias.com\\\/noticias\\\/simeone-no-me-muevo-del-partido-a-partido\\\/#blogposting\",\"name\":\"Simeone: \\u00abNo me muevo del partido a partido\\u00bb - El Digital de Asturias\",\"headline\":\"Simeone: \\u00abNo me muevo del partido a partido\\u00bb\",\"author\":{\"@id\":\"https:\\\/\\\/www.eldigitaldeasturias.com\\\/noticias\\\/author\\\/admin\\\/#author\"},\"publisher\":{\"@id\":\"https:\\\/\\\/www.eldigitaldeasturias.com\\\/noticias\\\/#organization\"},\"image\":{\"@type\":\"ImageObject\",\"url\":\"https:\\\/\\\/www.eldigitaldeasturias.com\\\/noticias\\\/wp-content\\\/uploads\\\/2020\\\/01\\\/Simeone-dpa.jpg\",\"width\":969,\"height\":664,\"caption\":\"Foto: Marius Becker\\\/dpa\"},\"datePublished\":\"2020-01-25T23:45:52+01:00\",\"dateModified\":\"2020-01-25T23:45:52+01:00\",\"inLanguage\":\"es-ES\",\"mainEntityOfPage\":{\"@id\":\"https:\\\/\\\/www.eldigitaldeasturias.com\\\/noticias\\\/simeone-no-me-muevo-del-partido-a-partido\\\/#webpage\"},\"isPartOf\":{\"@id\":\"https:\\\/\\\/www.eldigitaldeasturias.com\\\/noticias\\\/simeone-no-me-muevo-del-partido-a-partido\\\/#webpage\"},\"articleSection\":\"Deportes\"},{\"@type\":\"BreadcrumbList\",\"@id\":\"https:\\\/\\\/www.eldigitaldeasturias.com\\\/noticias\\\/simeone-no-me-muevo-del-partido-a-partido\\\/#breadcrumblist\",\"itemListElement\":[{\"@type\":\"ListItem\",\"@id\":\"https:\\\/\\\/www.eldigitaldeasturias.com\\\/noticias#listItem\",\"position\":1,\"name\":\"Home\",\"item\":\"https:\\\/\\\/www.eldigitaldeasturias.com\\\/noticias\",\"nextItem\":{\"@type\":\"ListItem\",\"@id\":\"https:\\\/\\\/www.eldigitaldeasturias.com\\\/noticias\\\/category\\\/deportes\\\/#listItem\",\"name\":\"Deportes\"}},{\"@type\":\"ListItem\",\"@id\":\"https:\\\/\\\/www.eldigitaldeasturias.com\\\/noticias\\\/category\\\/deportes\\\/#listItem\",\"position\":2,\"name\":\"Deportes\",\"item\":\"https:\\\/\\\/www.eldigitaldeasturias.com\\\/noticias\\\/category\\\/deportes\\\/\",\"nextItem\":{\"@type\":\"ListItem\",\"@id\":\"https:\\\/\\\/www.eldigitaldeasturias.com\\\/noticias\\\/simeone-no-me-muevo-del-partido-a-partido\\\/#listItem\",\"name\":\"Simeone: \\u00abNo me muevo del partido a partido\\u00bb\"},\"previousItem\":{\"@type\":\"ListItem\",\"@id\":\"https:\\\/\\\/www.eldigitaldeasturias.com\\\/noticias#listItem\",\"name\":\"Home\"}},{\"@type\":\"ListItem\",\"@id\":\"https:\\\/\\\/www.eldigitaldeasturias.com\\\/noticias\\\/simeone-no-me-muevo-del-partido-a-partido\\\/#listItem\",\"position\":3,\"name\":\"Simeone: \\u00abNo me muevo del partido a partido\\u00bb\",\"previousItem\":{\"@type\":\"ListItem\",\"@id\":\"https:\\\/\\\/www.eldigitaldeasturias.com\\\/noticias\\\/category\\\/deportes\\\/#listItem\",\"name\":\"Deportes\"}}]},{\"@type\":\"Organization\",\"@id\":\"https:\\\/\\\/www.eldigitaldeasturias.com\\\/noticias\\\/#organization\",\"name\":\"El Digital de Asturias\",\"description\":\"Hemeroteca\",\"url\":\"https:\\\/\\\/www.eldigitaldeasturias.com\\\/noticias\\\/\",\"email\":\"info@eldigitaldeasturias.com\",\"telephone\":\"+34652131393\",\"logo\":{\"@type\":\"ImageObject\",\"url\":\"https:\\\/\\\/www.eldigitaldeasturias.com\\\/noticias\\\/wp-content\\\/uploads\\\/2020\\\/12\\\/EDA.jpg\",\"@id\":\"https:\\\/\\\/www.eldigitaldeasturias.com\\\/noticias\\\/simeone-no-me-muevo-del-partido-a-partido\\\/#organizationLogo\",\"width\":649,\"height\":297},\"image\":{\"@id\":\"https:\\\/\\\/www.eldigitaldeasturias.com\\\/noticias\\\/simeone-no-me-muevo-del-partido-a-partido\\\/#organizationLogo\"},\"sameAs\":[\"https:\\\/\\\/facebook.com\\\/eldigitaldeasturias\",\"https:\\\/\\\/www.youtube.com\\\/channel\\\/UCZP-2wLEB9Rv6erhFmqVnvg\"],\"address\":{\"@id\":\"https:\\\/\\\/www.eldigitaldeasturias.com\\\/noticias\\\/#postaladdress\",\"@type\":\"PostalAddress\",\"streetAddress\":\"san antonio 4,\",\"postalCode\":\"33430\",\"addressLocality\":\"Cand\\u00e1s\",\"addressRegion\":\"Asturias\",\"addressCountry\":\"ES\"}},{\"@type\":\"Person\",\"@id\":\"https:\\\/\\\/www.eldigitaldeasturias.com\\\/noticias\\\/author\\\/admin\\\/#author\",\"url\":\"https:\\\/\\\/www.eldigitaldeasturias.com\\\/noticias\\\/author\\\/admin\\\/\",\"name\":\"El Digital de Asturias\",\"image\":{\"@type\":\"ImageObject\",\"@id\":\"https:\\\/\\\/www.eldigitaldeasturias.com\\\/noticias\\\/simeone-no-me-muevo-del-partido-a-partido\\\/#authorImage\",\"url\":\"https:\\\/\\\/www.eldigitaldeasturias.com\\\/noticias\\\/wp-content\\\/litespeed\\\/avatar\\\/18677e78aa0546b92d9dbf31ec7d7668.jpg?ver=1776685526\",\"width\":96,\"height\":96,\"caption\":\"El Digital de Asturias\"}},{\"@type\":\"WebPage\",\"@id\":\"https:\\\/\\\/www.eldigitaldeasturias.com\\\/noticias\\\/simeone-no-me-muevo-del-partido-a-partido\\\/#webpage\",\"url\":\"https:\\\/\\\/www.eldigitaldeasturias.com\\\/noticias\\\/simeone-no-me-muevo-del-partido-a-partido\\\/\",\"name\":\"Simeone: \\u00abNo me muevo del partido a partido\\u00bb - El Digital de Asturias\",\"description\":\"(Europa Press) - El entrenador del Atl\\u00e9tico de Madrid, Diego Pablo Simeone, ha asegurado que a pesar de la dolorosa eliminaci\\u00f3n de Copa del Rey ante la Cultural Leonesa contin\\u00faa \\\"entusiasmado\\\" con el equipo, al que dedica su \\\"vida\\\", y ha explicado que este domingo ante el Legan\\u00e9s deben mejorar \\\"la precisi\\u00f3n de cara a gol\\\".\",\"inLanguage\":\"es-ES\",\"isPartOf\":{\"@id\":\"https:\\\/\\\/www.eldigitaldeasturias.com\\\/noticias\\\/#website\"},\"breadcrumb\":{\"@id\":\"https:\\\/\\\/www.eldigitaldeasturias.com\\\/noticias\\\/simeone-no-me-muevo-del-partido-a-partido\\\/#breadcrumblist\"},\"author\":{\"@id\":\"https:\\\/\\\/www.eldigitaldeasturias.com\\\/noticias\\\/author\\\/admin\\\/#author\"},\"creator\":{\"@id\":\"https:\\\/\\\/www.eldigitaldeasturias.com\\\/noticias\\\/author\\\/admin\\\/#author\"},\"image\":{\"@type\":\"ImageObject\",\"url\":\"https:\\\/\\\/www.eldigitaldeasturias.com\\\/noticias\\\/wp-content\\\/uploads\\\/2020\\\/01\\\/Simeone-dpa.jpg\",\"@id\":\"https:\\\/\\\/www.eldigitaldeasturias.com\\\/noticias\\\/simeone-no-me-muevo-del-partido-a-partido\\\/#mainImage\",\"width\":969,\"height\":664,\"caption\":\"Foto: Marius Becker\\\/dpa\"},\"primaryImageOfPage\":{\"@id\":\"https:\\\/\\\/www.eldigitaldeasturias.com\\\/noticias\\\/simeone-no-me-muevo-del-partido-a-partido\\\/#mainImage\"},\"datePublished\":\"2020-01-25T23:45:52+01:00\",\"dateModified\":\"2020-01-25T23:45:52+01:00\"},{\"@type\":\"WebSite\",\"@id\":\"https:\\\/\\\/www.eldigitaldeasturias.com\\\/noticias\\\/#website\",\"url\":\"https:\\\/\\\/www.eldigitaldeasturias.com\\\/noticias\\\/\",\"name\":\"El Digital de Asturias - Diario de actualidad y noticias\",\"alternateName\":\"El Digital de Asturias - Diario de actualidad y noticias\",\"description\":\"Hemeroteca\",\"inLanguage\":\"es-ES\",\"publisher\":{\"@id\":\"https:\\\/\\\/www.eldigitaldeasturias.com\\\/noticias\\\/#organization\"}}]}\n\t\t<\/script>\n\t\t<!-- All in One SEO Pro -->\r\n\t\t<title>Simeone: \u00abNo me muevo del partido a partido\u00bb - El Digital de Asturias<\/title>\n\n","aioseo_head_json":{"title":"Simeone: \u00abNo me muevo del partido a partido\u00bb - El Digital de Asturias","description":"(Europa Press) - El entrenador del Atl\u00e9tico de Madrid, Diego Pablo Simeone, ha asegurado que a pesar de la dolorosa eliminaci\u00f3n de Copa del Rey ante la Cultural Leonesa contin\u00faa \"entusiasmado\" con el equipo, al que dedica su \"vida\", y ha explicado que este domingo ante el Legan\u00e9s deben mejorar \"la precisi\u00f3n de cara a gol\".","canonical_url":"https:\/\/www.eldigitaldeasturias.com\/noticias\/simeone-no-me-muevo-del-partido-a-partido\/","robots":"max-image-preview:large","keywords":"deportes","webmasterTools":{"google-site-verification":"UA-38556648-1","msvalidate.01":"7dfe9f3f1b24437ab69f4f2559babe99","miscellaneous":""},"schema":{"@context":"https:\/\/schema.org","@graph":[{"@type":"BlogPosting","@id":"https:\/\/www.eldigitaldeasturias.com\/noticias\/simeone-no-me-muevo-del-partido-a-partido\/#blogposting","name":"Simeone: \u00abNo me muevo del partido a partido\u00bb - El Digital de Asturias","headline":"Simeone: \u00abNo me muevo del partido a partido\u00bb","author":{"@id":"https:\/\/www.eldigitaldeasturias.com\/noticias\/author\/admin\/#author"},"publisher":{"@id":"https:\/\/www.eldigitaldeasturias.com\/noticias\/#organization"},"image":{"@type":"ImageObject","url":"https:\/\/www.eldigitaldeasturias.com\/noticias\/wp-content\/uploads\/2020\/01\/Simeone-dpa.jpg","width":969,"height":664,"caption":"Foto: Marius Becker\/dpa"},"datePublished":"2020-01-25T23:45:52+01:00","dateModified":"2020-01-25T23:45:52+01:00","inLanguage":"es-ES","mainEntityOfPage":{"@id":"https:\/\/www.eldigitaldeasturias.com\/noticias\/simeone-no-me-muevo-del-partido-a-partido\/#webpage"},"isPartOf":{"@id":"https:\/\/www.eldigitaldeasturias.com\/noticias\/simeone-no-me-muevo-del-partido-a-partido\/#webpage"},"articleSection":"Deportes"},{"@type":"BreadcrumbList","@id":"https:\/\/www.eldigitaldeasturias.com\/noticias\/simeone-no-me-muevo-del-partido-a-partido\/#breadcrumblist","itemListElement":[{"@type":"ListItem","@id":"https:\/\/www.eldigitaldeasturias.com\/noticias#listItem","position":1,"name":"Home","item":"https:\/\/www.eldigitaldeasturias.com\/noticias","nextItem":{"@type":"ListItem","@id":"https:\/\/www.eldigitaldeasturias.com\/noticias\/category\/deportes\/#listItem","name":"Deportes"}},{"@type":"ListItem","@id":"https:\/\/www.eldigitaldeasturias.com\/noticias\/category\/deportes\/#listItem","position":2,"name":"Deportes","item":"https:\/\/www.eldigitaldeasturias.com\/noticias\/category\/deportes\/","nextItem":{"@type":"ListItem","@id":"https:\/\/www.eldigitaldeasturias.com\/noticias\/simeone-no-me-muevo-del-partido-a-partido\/#listItem","name":"Simeone: \u00abNo me muevo del partido a partido\u00bb"},"previousItem":{"@type":"ListItem","@id":"https:\/\/www.eldigitaldeasturias.com\/noticias#listItem","name":"Home"}},{"@type":"ListItem","@id":"https:\/\/www.eldigitaldeasturias.com\/noticias\/simeone-no-me-muevo-del-partido-a-partido\/#listItem","position":3,"name":"Simeone: \u00abNo me muevo del partido a partido\u00bb","previousItem":{"@type":"ListItem","@id":"https:\/\/www.eldigitaldeasturias.com\/noticias\/category\/deportes\/#listItem","name":"Deportes"}}]},{"@type":"Organization","@id":"https:\/\/www.eldigitaldeasturias.com\/noticias\/#organization","name":"El Digital de Asturias","description":"Hemeroteca","url":"https:\/\/www.eldigitaldeasturias.com\/noticias\/","email":"info@eldigitaldeasturias.com","telephone":"+34652131393","logo":{"@type":"ImageObject","url":"https:\/\/www.eldigitaldeasturias.com\/noticias\/wp-content\/uploads\/2020\/12\/EDA.jpg","@id":"https:\/\/www.eldigitaldeasturias.com\/noticias\/simeone-no-me-muevo-del-partido-a-partido\/#organizationLogo","width":649,"height":297},"image":{"@id":"https:\/\/www.eldigitaldeasturias.com\/noticias\/simeone-no-me-muevo-del-partido-a-partido\/#organizationLogo"},"sameAs":["https:\/\/facebook.com\/eldigitaldeasturias","https:\/\/www.youtube.com\/channel\/UCZP-2wLEB9Rv6erhFmqVnvg"],"address":{"@id":"https:\/\/www.eldigitaldeasturias.com\/noticias\/#postaladdress","@type":"PostalAddress","streetAddress":"san antonio 4,","postalCode":"33430","addressLocality":"Cand\u00e1s","addressRegion":"Asturias","addressCountry":"ES"}},{"@type":"Person","@id":"https:\/\/www.eldigitaldeasturias.com\/noticias\/author\/admin\/#author","url":"https:\/\/www.eldigitaldeasturias.com\/noticias\/author\/admin\/","name":"El Digital de Asturias","image":{"@type":"ImageObject","@id":"https:\/\/www.eldigitaldeasturias.com\/noticias\/simeone-no-me-muevo-del-partido-a-partido\/#authorImage","url":"https:\/\/www.eldigitaldeasturias.com\/noticias\/wp-content\/litespeed\/avatar\/18677e78aa0546b92d9dbf31ec7d7668.jpg?ver=1776685526","width":96,"height":96,"caption":"El Digital de Asturias"}},{"@type":"WebPage","@id":"https:\/\/www.eldigitaldeasturias.com\/noticias\/simeone-no-me-muevo-del-partido-a-partido\/#webpage","url":"https:\/\/www.eldigitaldeasturias.com\/noticias\/simeone-no-me-muevo-del-partido-a-partido\/","name":"Simeone: \u00abNo me muevo del partido a partido\u00bb - El Digital de Asturias","description":"(Europa Press) - El entrenador del Atl\u00e9tico de Madrid, Diego Pablo Simeone, ha asegurado que a pesar de la dolorosa eliminaci\u00f3n de Copa del Rey ante la Cultural Leonesa contin\u00faa \"entusiasmado\" con el equipo, al que dedica su \"vida\", y ha explicado que este domingo ante el Legan\u00e9s deben mejorar \"la precisi\u00f3n de cara a gol\".","inLanguage":"es-ES","isPartOf":{"@id":"https:\/\/www.eldigitaldeasturias.com\/noticias\/#website"},"breadcrumb":{"@id":"https:\/\/www.eldigitaldeasturias.com\/noticias\/simeone-no-me-muevo-del-partido-a-partido\/#breadcrumblist"},"author":{"@id":"https:\/\/www.eldigitaldeasturias.com\/noticias\/author\/admin\/#author"},"creator":{"@id":"https:\/\/www.eldigitaldeasturias.com\/noticias\/author\/admin\/#author"},"image":{"@type":"ImageObject","url":"https:\/\/www.eldigitaldeasturias.com\/noticias\/wp-content\/uploads\/2020\/01\/Simeone-dpa.jpg","@id":"https:\/\/www.eldigitaldeasturias.com\/noticias\/simeone-no-me-muevo-del-partido-a-partido\/#mainImage","width":969,"height":664,"caption":"Foto: Marius Becker\/dpa"},"primaryImageOfPage":{"@id":"https:\/\/www.eldigitaldeasturias.com\/noticias\/simeone-no-me-muevo-del-partido-a-partido\/#mainImage"},"datePublished":"2020-01-25T23:45:52+01:00","dateModified":"2020-01-25T23:45:52+01:00"},{"@type":"WebSite","@id":"https:\/\/www.eldigitaldeasturias.com\/noticias\/#website","url":"https:\/\/www.eldigitaldeasturias.com\/noticias\/","name":"El Digital de Asturias - Diario de actualidad y noticias","alternateName":"El Digital de Asturias - Diario de actualidad y noticias","description":"Hemeroteca","inLanguage":"es-ES","publisher":{"@id":"https:\/\/www.eldigitaldeasturias.com\/noticias\/#organization"}}]},"og:locale":"es_ES","og:site_name":"El Digital de Asturias","og:type":"article","og:title":"Simeone: \u00abNo me muevo del partido a partido\u00bb - El Digital de Asturias","og:description":"(Europa Press) - El entrenador del Atl\u00e9tico de Madrid, Diego Pablo Simeone, ha asegurado que a pesar de la dolorosa eliminaci\u00f3n de Copa del Rey ante la Cultural Leonesa contin\u00faa &quot;entusiasmado&quot; con el equipo, al que dedica su &quot;vida&quot;, y ha explicado que este domingo ante el Legan\u00e9s deben mejorar &quot;la precisi\u00f3n de cara a gol&quot;.","og:url":"https:\/\/www.eldigitaldeasturias.com\/noticias\/simeone-no-me-muevo-del-partido-a-partido\/","og:image":"https:\/\/www.eldigitaldeasturias.com\/noticias\/wp-content\/uploads\/2020\/01\/Simeone-dpa.jpg","og:image:secure_url":"https:\/\/www.eldigitaldeasturias.com\/noticias\/wp-content\/uploads\/2020\/01\/Simeone-dpa.jpg","og:image:width":969,"og:image:height":664,"article:tag":["deportes"],"article:published_time":"2020-01-25T23:45:52+00:00","article:modified_time":"2020-01-25T23:45:52+00:00","article:publisher":"https:\/\/facebook.com\/eldigitaldeasturias","twitter:card":"summary_large_image","twitter:title":"Simeone: \u00abNo me muevo del partido a partido\u00bb - El Digital de Asturias","twitter:description":"(Europa Press) - El entrenador del Atl\u00e9tico de Madrid, Diego Pablo Simeone, ha asegurado que a pesar de la dolorosa eliminaci\u00f3n de Copa del Rey ante la Cultural Leonesa contin\u00faa &quot;entusiasmado&quot; con el equipo, al que dedica su &quot;vida&quot;, y ha explicado que este domingo ante el Legan\u00e9s deben mejorar &quot;la precisi\u00f3n de cara a gol&quot;.","twitter:image":"https:\/\/www.eldigitaldeasturias.com\/noticias\/wp-content\/uploads\/2020\/01\/Simeone-dpa.jpg","twitter:label1":"Escrito por","twitter:data1":"El Digital de Asturias","twitter:label2":"Tiempo de lectura estimado","twitter:data2":"4 minutos"},"aioseo_meta_data":{"post_id":"1055567","title":null,"description":null,"keywords":null,"keyphrases":null,"primary_term":null,"canonical_url":null,"og_title":null,"og_description":null,"og_object_type":"default","og_image_type":"default","og_image_url":null,"og_image_width":null,"og_image_height":null,"og_image_custom_url":null,"og_image_custom_fields":null,"og_video":null,"og_custom_url":null,"og_article_section":null,"og_article_tags":null,"twitter_use_og":false,"twitter_card":"default","twitter_image_type":"default","twitter_image_url":null,"twitter_image_custom_url":null,"twitter_image_custom_fields":null,"twitter_title":null,"twitter_description":null,"schema":{"blockGraphs":[],"customGraphs":[],"default":{"data":{"Article":[],"Course":[],"Dataset":[],"FAQPage":[],"Movie":[],"Person":[],"Product":[],"ProductReview":[],"Car":[],"Recipe":[],"Service":[],"SoftwareApplication":[],"WebPage":[]},"graphName":"","isEnabled":true},"graphs":[],"defaultGraph":"","defaultPostTypeGraph":""},"schema_type":null,"schema_type_options":null,"pillar_content":false,"robots_default":true,"robots_noindex":false,"robots_noarchive":false,"robots_nosnippet":false,"robots_nofollow":false,"robots_noimageindex":false,"robots_noodp":false,"robots_notranslate":false,"robots_max_snippet":null,"robots_max_videopreview":null,"robots_max_imagepreview":"large","priority":null,"frequency":null,"local_seo":null,"seo_analyzer_scan_date":"2025-10-30 19:28:12","breadcrumb_settings":null,"limit_modified_date":false,"open_ai":null,"ai":null,"created":"2020-12-21 10:56:11","updated":"2025-10-30 19:28:12"},"aioseo_breadcrumb":"<div class=\"aioseo-breadcrumbs\"><span class=\"aioseo-breadcrumb\">\n\t<a href=\"https:\/\/www.eldigitaldeasturias.com\/noticias\" title=\"Home\">Home<\/a>\n<\/span><span class=\"aioseo-breadcrumb-separator\">\u2013<\/span><span class=\"aioseo-breadcrumb\">\n\t<a href=\"https:\/\/www.eldigitaldeasturias.com\/noticias\/category\/deportes\/\" title=\"Deportes\">Deportes<\/a>\n<\/span><span class=\"aioseo-breadcrumb-separator\">\u2013<\/span><span class=\"aioseo-breadcrumb\">\n\t<a href=\"https:\/\/www.eldigitaldeasturias.com\/noticias\/simeone-no-me-muevo-del-partido-a-partido\/\" title=\"Simeone: \u00abNo me muevo del partido a partido\u00bb\">Simeone: \u00abNo me muevo del partido a partido\u00bb<\/a>\n<\/span><\/div>","aioseo_breadcrumb_json":[{"label":"Home","link":"https:\/\/www.eldigitaldeasturias.com\/noticias"},{"label":"Deportes","link":"https:\/\/www.eldigitaldeasturias.com\/noticias\/category\/deportes\/"},{"label":"Simeone: \u00abNo me muevo del partido a partido\u00bb","link":"https:\/\/www.eldigitaldeasturias.com\/noticias\/simeone-no-me-muevo-del-partido-a-partido\/"}],"_links":{"self":[{"href":"https:\/\/www.eldigitaldeasturias.com\/noticias\/wp-json\/wp\/v2\/posts\/1055567","targetHints":{"allow":["GET"]}}],"collection":[{"href":"https:\/\/www.eldigitaldeasturias.com\/noticias\/wp-json\/wp\/v2\/posts"}],"about":[{"href":"https:\/\/www.eldigitaldeasturias.com\/noticias\/wp-json\/wp\/v2\/types\/post"}],"author":[{"embeddable":true,"href":"https:\/\/www.eldigitaldeasturias.com\/noticias\/wp-json\/wp\/v2\/users\/1"}],"replies":[{"embeddable":true,"href":"https:\/\/www.eldigitaldeasturias.com\/noticias\/wp-json\/wp\/v2\/comments?post=1055567"}],"version-history":[{"count":0,"href":"https:\/\/www.eldigitaldeasturias.com\/noticias\/wp-json\/wp\/v2\/posts\/1055567\/revisions"}],"wp:featuredmedia":[{"embeddable":true,"href":"https:\/\/www.eldigitaldeasturias.com\/noticias\/wp-json\/wp\/v2\/media\/1055568"}],"wp:attachment":[{"href":"https:\/\/www.eldigitaldeasturias.com\/noticias\/wp-json\/wp\/v2\/media?parent=1055567"}],"wp:term":[{"taxonomy":"category","embeddable":true,"href":"https:\/\/www.eldigitaldeasturias.com\/noticias\/wp-json\/wp\/v2\/categories?post=1055567"},{"taxonomy":"post_tag","embeddable":true,"href":"https:\/\/www.eldigitaldeasturias.com\/noticias\/wp-json\/wp\/v2\/tags?post=1055567"}],"curies":[{"name":"wp","href":"https:\/\/api.w.org\/{rel}","templated":true}]}}