{"id":1055530,"date":"2020-01-25T18:59:07","date_gmt":"2020-01-25T18:59:07","guid":{"rendered":"https:\/\/www.eldigitaldeasturias.com\/noticias\/?p=1055530"},"modified":"2020-01-25T18:59:07","modified_gmt":"2020-01-25T18:59:07","slug":"la-red-medieval-presenta-en-fitur-2020-su-nuevo-proyecto-en-clave-de-re-d","status":"publish","type":"post","link":"https:\/\/www.eldigitaldeasturias.com\/noticias\/la-red-medieval-presenta-en-fitur-2020-su-nuevo-proyecto-en-clave-de-re-d\/","title":{"rendered":"La Red Medieval presenta en FITUR 2020 su nuevo proyecto: &#8216;En Clave de RE-D&#8217;"},"content":{"rendered":"<p>La Red de Ciudades y Villas Medievales ha presentado en FITUR un tercer producto tur\u00edstico completo que, como los dos anteriores -Concurso de Pinchos Medievales y circuito de carreras populares Red-Corriendo el Medievo- une a todas las localidades que integran la Asociaci\u00f3n.<\/p>\n<p><iframe loading=\"lazy\" src=\"https:\/\/www.youtube.com\/embed\/uFSWflhoPdI\" width=\"650\" height=\"398\" frameborder=\"0\" allowfullscreen=\"allowfullscreen\"><span data-mce-type=\"bookmark\" style=\"display: inline-block; width: 0px; overflow: hidden; line-height: 0;\" class=\"mce_SELRES_start\">\ufeff<\/span><\/iframe><\/p>\n<p>Fue el presidente de la Red Medieval, y alcalde de Hondarribia, Txomin Sagarzazu, quien se encarg\u00f3 de explicar a los medios y tour-operadores esta tercera iniciativa conjunta, bautizada como &#8216;En Clave de RE-D&#8217;, en el expositor de Euskadi (Pabell\u00f3n 9 de FITUR 2020). Sagarzazu estuvo apoyado por mun\u00edcipes y t\u00e9cnicos de las once localidades espa\u00f1olas y portuguesa que forman parte de la Asociaci\u00f3n. As\u00ed, la iniciativa agrupa a once festivales o conciertos ya consolidados en cada una de las ciudades y villas, y los integra en un ciclo promocional que abarca pr\u00e1cticamente todo el a\u00f1o, desde el mes de marzo hasta el de noviembre.<\/p>\n<p>Sagarzazu destac\u00f3 que la monumentalidad de los escenarios que acogen los festivales y conciertos programados en &#8216;En Clave de RE-D&#8217; \u201ca\u00f1ade valor\u201d a la gran calidad art\u00edstica de la oferta que tambi\u00e9n en este sentido hace la Red al turista. \u201cLa m\u00fasica nos traslada a otra \u00e9poca, y a\u00fan m\u00e1s cuando se interpreta en entornos medievales, donde el sonido es inmejorable, entre las paredes de piedra y la magia de la historia de nuestras ciudades y villas\u201d, se\u00f1al\u00f3 el presidente de la Red.<\/p>\n<p>El calendario de &#8216;En Clave de RE-D&#8217; lo abrir\u00e1, a caballo entre los meses de marzo y abril, el XXXVIII Ciclo de M\u00fasica Sacra de Hondarribia (Guip\u00fazcoa). Le seguir\u00e1 el Ciclo de Conciertos M\u00fasica de la Tierra de Don Quijote, a lo largo del mes de abril, en Consuegra (Toledo). En Laguardia (Alava), el d\u00eda 12 de abril, tendr\u00e1 lugar el Concierto de Primavera, con m\u00fasica de Banda, en la Plaza Mayor. En la segunda quincena de junio formar\u00e1 parte de la iniciativa el Concierto de las Candelas, en el Castillo de los Mendoza, con m\u00fasica coral, en Manzanares El Real (Madrid). En julio, Jerez de los Caballeros (Badajoz) ha incluido en la iniciativa su XVII Festival Templario. Igualmente en julio, Ciudad Rodrigo (Salamanca) aporta su Festival Hispano-luso de Cultura Tradicional. Almaz\u00e1n (Soria), tambi\u00e9n en julio, incluir\u00e1 dentro de la iniciativa su Velada M\u00fastral, en la Plaza Mayor. Entre julio y agosto, Marv\u00e3o incluye en el ciclo su Festival Internacional de M\u00fasica. En septiembre, llegar\u00e1 la 51 Semana de M\u00fasica Antigua en Estella-Lizarra (Navarra). En octubre, Olivenza va a incluir su oto\u00f1o musical en &#8216;En Clave de RE-D&#8217;. Por \u00faltimo, en noviembre y en Sig\u00fcenza, el Ensemble Musicantes llevar\u00e1 a la Ciudad del Doncel de paseo por la Europa de la Baja Edad Media. \u201cEn resumen, cada ciudad va a aportar lo mejor que tiene, tambi\u00e9n musicalmente, a la organizaci\u00f3n de este nuevo proyecto, ofreci\u00e9ndole a los visitantes la posibilidad de conocer la Red desde un nuevo punto de vista\u201d, afirm\u00f3 Sagarzazu.<\/p>\n<p>Con En Clave de Re-D, la Asociaci\u00f3n busca la promoci\u00f3n conjunta de sus festivales y conciertos m\u00e1s emblem\u00e1ticos a lo largo del a\u00f1o, con el fin de que los visitantes de cada una de las ciudades y villas, tengan la oportunidad de calendarizar y agendar en su a\u00f1o tur\u00edstico otras del mismo perfil combinado, cultural e hist\u00f3rico.<\/p>\n<p>Despu\u00e9s de la consolidaci\u00f3n en el tiempo de dos grandes proyectos tur\u00edsticos, como son el concurso de Pinchos y Tapas Medievales, que llegar\u00e1 en 2020 a su XIII Edici\u00f3n, \u201cque no es un concurso de pinchos m\u00e1s, al uso, sino que los cocineros representan lo mejor de la gastronom\u00eda de sus comarcas con productos precolombinos\u201d, se\u00f1al\u00f3 el presidente de la Red, y el circuito de carreras populares Red-Corriendo el Medievo, \u201chay miles de carreras en toda Espa\u00f1a, pero que pasen por cascos hist\u00f3ricos como los nuestros, no tantas\u201d, a\u00f1adi\u00f3, este tercer proyecto est\u00e1 destinado a hacer crecer a\u00fan m\u00e1s a la Red en el a\u00f1o en que se cumplir\u00e1 tres lustros de actividad.<\/p>\n<h3><strong>Sobre la Red de Ciudades y Villas medievales<\/strong><\/h3>\n<p>Red de Ciudades y Villas Medievales es una alianza integrada por once municipios de la Pen\u00ednsula Ib\u00e9rica cuyo patrimonio medieval les confiere un atractivo tur\u00edstico de primer nivel. La Red, que atraviesa la pen\u00ednsula de Norte a Suroeste, tiene como fin la promoci\u00f3n y difusi\u00f3n de estas localidades, en las que el medievo ha dejado su poderosa huella. Almaz\u00e1n, Ciudad-Rodrigo, Consuegra, Estella-Lizarra, Hondarribia, Jerez de los Caballeros, Laguardia, Manzanares el Real, Olivenza y Sig\u00fcenza en Espa\u00f1a, y Marv\u00e3o en Portugal, integran esta uni\u00f3n de ciudades y villas que encierran imponentes paisajes, gastronom\u00eda y oferta cultural.<\/p>\n<p>Entre los fines de la Red de Ciudades y Villas Medievales destaca la promoci\u00f3n tur\u00edstica y la organizaci\u00f3n de determinados eventos que permitan dar a conocer a un mayor n\u00famero de personas estas localidades.<\/p>\n<p>Uno de los objetivos marcados del proyecto es poner en valor la riqueza y variedad de recursos de unas localidades, que han sido escenario de importantes acontecimientos hist\u00f3ricos, siendo su acervo cultural la marca por las que se las reconoce nacional e internacionalmente.<\/p>\n<p>&nbsp;<\/p>\n<p>&nbsp;<\/p>\n","protected":false},"excerpt":{"rendered":"<p>La Red de Ciudades y Villas Medievales ha presentado en FITUR un tercer producto tur\u00edstico completo que, como los dos anteriores -Concurso de Pinchos Medievales y circuito de carreras populares Red-Corriendo el Medievo- une a todas las localidades que integran la Asociaci\u00f3n. \ufeff Fue el presidente de la Red Medieval, y alcalde de Hondarribia, Txomin [&hellip;]<\/p>\n","protected":false},"author":1,"featured_media":1055531,"comment_status":"closed","ping_status":"closed","sticky":false,"template":"","format":"standard","meta":{"footnotes":""},"categories":[148],"tags":[],"class_list":["post-1055530","post","type-post","status-publish","format-standard","has-post-thumbnail","hentry","category-turismo"],"aioseo_notices":[],"aioseo_head":"\n\t\t<!-- All in One SEO Pro 4.9.6.2 - aioseo.com -->\n\t<meta name=\"description\" content=\"La Red de Ciudades y Villas Medievales ha presentado en FITUR un tercer producto tur\u00edstico completo que, como los dos anteriores -Concurso de Pinchos Medievales y circuito de carreras populares Red-Corriendo el Medievo- une a todas las localidades que integran la Asociaci\u00f3n. \ufeff Fue el presidente de la Red Medieval, y alcalde de Hondarribia, Txomin\" \/>\n\t<meta name=\"robots\" content=\"max-image-preview:large\" \/>\n\t<meta name=\"author\" content=\"El Digital de Asturias\"\/>\n\t<meta name=\"google-site-verification\" content=\"UA-38556648-1\" \/>\n\t<meta name=\"msvalidate.01\" content=\"7dfe9f3f1b24437ab69f4f2559babe99\" \/>\n\t<meta name=\"keywords\" content=\"turismo\" \/>\n\t<link rel=\"canonical\" href=\"https:\/\/www.eldigitaldeasturias.com\/noticias\/la-red-medieval-presenta-en-fitur-2020-su-nuevo-proyecto-en-clave-de-re-d\/\" \/>\n\t<meta name=\"generator\" content=\"All in One SEO Pro (AIOSEO) 4.9.6.2\" \/>\n\t\t<meta property=\"og:locale\" content=\"es_ES\" \/>\n\t\t<meta property=\"og:site_name\" content=\"El Digital de Asturias\" \/>\n\t\t<meta property=\"og:type\" content=\"article\" \/>\n\t\t<meta property=\"og:title\" content=\"La Red Medieval presenta en FITUR 2020 su nuevo proyecto: \u2018En Clave de RE-D\u2019 - El Digital de Asturias\" \/>\n\t\t<meta property=\"og:description\" content=\"La Red de Ciudades y Villas Medievales ha presentado en FITUR un tercer producto tur\u00edstico completo que, como los dos anteriores -Concurso de Pinchos Medievales y circuito de carreras populares Red-Corriendo el Medievo- une a todas las localidades que integran la Asociaci\u00f3n. \ufeff Fue el presidente de la Red Medieval, y alcalde de Hondarribia, Txomin\" \/>\n\t\t<meta property=\"og:url\" content=\"https:\/\/www.eldigitaldeasturias.com\/noticias\/la-red-medieval-presenta-en-fitur-2020-su-nuevo-proyecto-en-clave-de-re-d\/\" \/>\n\t\t<meta property=\"og:image\" content=\"https:\/\/www.eldigitaldeasturias.com\/noticias\/wp-content\/uploads\/2020\/01\/1579878883-scaled.jpg\" \/>\n\t\t<meta property=\"og:image:secure_url\" content=\"https:\/\/www.eldigitaldeasturias.com\/noticias\/wp-content\/uploads\/2020\/01\/1579878883-scaled.jpg\" \/>\n\t\t<meta property=\"og:image:width\" content=\"2560\" \/>\n\t\t<meta property=\"og:image:height\" content=\"1707\" \/>\n\t\t<meta property=\"article:tag\" content=\"turismo\" \/>\n\t\t<meta property=\"article:published_time\" content=\"2020-01-25T18:59:07+00:00\" \/>\n\t\t<meta property=\"article:modified_time\" content=\"2020-01-25T18:59:07+00:00\" \/>\n\t\t<meta property=\"article:publisher\" content=\"https:\/\/facebook.com\/eldigitaldeasturias\" \/>\n\t\t<meta name=\"twitter:card\" content=\"summary_large_image\" \/>\n\t\t<meta name=\"twitter:title\" content=\"La Red Medieval presenta en FITUR 2020 su nuevo proyecto: \u2018En Clave de RE-D\u2019 - El Digital de Asturias\" \/>\n\t\t<meta name=\"twitter:description\" content=\"La Red de Ciudades y Villas Medievales ha presentado en FITUR un tercer producto tur\u00edstico completo que, como los dos anteriores -Concurso de Pinchos Medievales y circuito de carreras populares Red-Corriendo el Medievo- une a todas las localidades que integran la Asociaci\u00f3n. \ufeff Fue el presidente de la Red Medieval, y alcalde de Hondarribia, Txomin\" \/>\n\t\t<meta name=\"twitter:image\" content=\"https:\/\/www.eldigitaldeasturias.com\/noticias\/wp-content\/uploads\/2020\/01\/1579878883-scaled.jpg\" \/>\n\t\t<meta name=\"twitter:label1\" content=\"Escrito por\" \/>\n\t\t<meta name=\"twitter:data1\" content=\"El Digital de Asturias\" \/>\n\t\t<meta name=\"twitter:label2\" content=\"Tiempo de lectura estimado\" \/>\n\t\t<meta name=\"twitter:data2\" content=\"4 minutos\" \/>\n\t\t<script type=\"application\/ld+json\" class=\"aioseo-schema\">\n\t\t\t{\"@context\":\"https:\\\/\\\/schema.org\",\"@graph\":[{\"@type\":\"BlogPosting\",\"@id\":\"https:\\\/\\\/www.eldigitaldeasturias.com\\\/noticias\\\/la-red-medieval-presenta-en-fitur-2020-su-nuevo-proyecto-en-clave-de-re-d\\\/#blogposting\",\"name\":\"La Red Medieval presenta en FITUR 2020 su nuevo proyecto: \\u2018En Clave de RE-D\\u2019 - El Digital de Asturias\",\"headline\":\"La Red Medieval presenta en FITUR 2020 su nuevo proyecto: &#8216;En Clave de RE-D&#8217;\",\"author\":{\"@id\":\"https:\\\/\\\/www.eldigitaldeasturias.com\\\/noticias\\\/author\\\/admin\\\/#author\"},\"publisher\":{\"@id\":\"https:\\\/\\\/www.eldigitaldeasturias.com\\\/noticias\\\/#organization\"},\"image\":{\"@type\":\"ImageObject\",\"url\":\"https:\\\/\\\/www.eldigitaldeasturias.com\\\/noticias\\\/wp-content\\\/uploads\\\/2020\\\/01\\\/1579878883-scaled.jpg\",\"width\":2560,\"height\":1707},\"datePublished\":\"2020-01-25T18:59:07+01:00\",\"dateModified\":\"2020-01-25T18:59:07+01:00\",\"inLanguage\":\"es-ES\",\"mainEntityOfPage\":{\"@id\":\"https:\\\/\\\/www.eldigitaldeasturias.com\\\/noticias\\\/la-red-medieval-presenta-en-fitur-2020-su-nuevo-proyecto-en-clave-de-re-d\\\/#webpage\"},\"isPartOf\":{\"@id\":\"https:\\\/\\\/www.eldigitaldeasturias.com\\\/noticias\\\/la-red-medieval-presenta-en-fitur-2020-su-nuevo-proyecto-en-clave-de-re-d\\\/#webpage\"},\"articleSection\":\"Turismo\"},{\"@type\":\"BreadcrumbList\",\"@id\":\"https:\\\/\\\/www.eldigitaldeasturias.com\\\/noticias\\\/la-red-medieval-presenta-en-fitur-2020-su-nuevo-proyecto-en-clave-de-re-d\\\/#breadcrumblist\",\"itemListElement\":[{\"@type\":\"ListItem\",\"@id\":\"https:\\\/\\\/www.eldigitaldeasturias.com\\\/noticias#listItem\",\"position\":1,\"name\":\"Home\",\"item\":\"https:\\\/\\\/www.eldigitaldeasturias.com\\\/noticias\",\"nextItem\":{\"@type\":\"ListItem\",\"@id\":\"https:\\\/\\\/www.eldigitaldeasturias.com\\\/noticias\\\/category\\\/turismo\\\/#listItem\",\"name\":\"Turismo\"}},{\"@type\":\"ListItem\",\"@id\":\"https:\\\/\\\/www.eldigitaldeasturias.com\\\/noticias\\\/category\\\/turismo\\\/#listItem\",\"position\":2,\"name\":\"Turismo\",\"item\":\"https:\\\/\\\/www.eldigitaldeasturias.com\\\/noticias\\\/category\\\/turismo\\\/\",\"nextItem\":{\"@type\":\"ListItem\",\"@id\":\"https:\\\/\\\/www.eldigitaldeasturias.com\\\/noticias\\\/la-red-medieval-presenta-en-fitur-2020-su-nuevo-proyecto-en-clave-de-re-d\\\/#listItem\",\"name\":\"La Red Medieval presenta en FITUR 2020 su nuevo proyecto: &#8216;En Clave de RE-D&#8217;\"},\"previousItem\":{\"@type\":\"ListItem\",\"@id\":\"https:\\\/\\\/www.eldigitaldeasturias.com\\\/noticias#listItem\",\"name\":\"Home\"}},{\"@type\":\"ListItem\",\"@id\":\"https:\\\/\\\/www.eldigitaldeasturias.com\\\/noticias\\\/la-red-medieval-presenta-en-fitur-2020-su-nuevo-proyecto-en-clave-de-re-d\\\/#listItem\",\"position\":3,\"name\":\"La Red Medieval presenta en FITUR 2020 su nuevo proyecto: &#8216;En Clave de RE-D&#8217;\",\"previousItem\":{\"@type\":\"ListItem\",\"@id\":\"https:\\\/\\\/www.eldigitaldeasturias.com\\\/noticias\\\/category\\\/turismo\\\/#listItem\",\"name\":\"Turismo\"}}]},{\"@type\":\"Organization\",\"@id\":\"https:\\\/\\\/www.eldigitaldeasturias.com\\\/noticias\\\/#organization\",\"name\":\"El Digital de Asturias\",\"description\":\"Hemeroteca\",\"url\":\"https:\\\/\\\/www.eldigitaldeasturias.com\\\/noticias\\\/\",\"email\":\"info@eldigitaldeasturias.com\",\"telephone\":\"+34652131393\",\"logo\":{\"@type\":\"ImageObject\",\"url\":\"https:\\\/\\\/www.eldigitaldeasturias.com\\\/noticias\\\/wp-content\\\/uploads\\\/2020\\\/12\\\/EDA.jpg\",\"@id\":\"https:\\\/\\\/www.eldigitaldeasturias.com\\\/noticias\\\/la-red-medieval-presenta-en-fitur-2020-su-nuevo-proyecto-en-clave-de-re-d\\\/#organizationLogo\",\"width\":649,\"height\":297},\"image\":{\"@id\":\"https:\\\/\\\/www.eldigitaldeasturias.com\\\/noticias\\\/la-red-medieval-presenta-en-fitur-2020-su-nuevo-proyecto-en-clave-de-re-d\\\/#organizationLogo\"},\"sameAs\":[\"https:\\\/\\\/facebook.com\\\/eldigitaldeasturias\",\"https:\\\/\\\/www.youtube.com\\\/channel\\\/UCZP-2wLEB9Rv6erhFmqVnvg\"],\"address\":{\"@id\":\"https:\\\/\\\/www.eldigitaldeasturias.com\\\/noticias\\\/#postaladdress\",\"@type\":\"PostalAddress\",\"streetAddress\":\"san antonio 4,\",\"postalCode\":\"33430\",\"addressLocality\":\"Cand\\u00e1s\",\"addressRegion\":\"Asturias\",\"addressCountry\":\"ES\"}},{\"@type\":\"Person\",\"@id\":\"https:\\\/\\\/www.eldigitaldeasturias.com\\\/noticias\\\/author\\\/admin\\\/#author\",\"url\":\"https:\\\/\\\/www.eldigitaldeasturias.com\\\/noticias\\\/author\\\/admin\\\/\",\"name\":\"El Digital de Asturias\",\"image\":{\"@type\":\"ImageObject\",\"@id\":\"https:\\\/\\\/www.eldigitaldeasturias.com\\\/noticias\\\/la-red-medieval-presenta-en-fitur-2020-su-nuevo-proyecto-en-clave-de-re-d\\\/#authorImage\",\"url\":\"https:\\\/\\\/www.eldigitaldeasturias.com\\\/noticias\\\/wp-content\\\/litespeed\\\/avatar\\\/18677e78aa0546b92d9dbf31ec7d7668.jpg?ver=1777290358\",\"width\":96,\"height\":96,\"caption\":\"El Digital de Asturias\"}},{\"@type\":\"WebPage\",\"@id\":\"https:\\\/\\\/www.eldigitaldeasturias.com\\\/noticias\\\/la-red-medieval-presenta-en-fitur-2020-su-nuevo-proyecto-en-clave-de-re-d\\\/#webpage\",\"url\":\"https:\\\/\\\/www.eldigitaldeasturias.com\\\/noticias\\\/la-red-medieval-presenta-en-fitur-2020-su-nuevo-proyecto-en-clave-de-re-d\\\/\",\"name\":\"La Red Medieval presenta en FITUR 2020 su nuevo proyecto: \\u2018En Clave de RE-D\\u2019 - El Digital de Asturias\",\"description\":\"La Red de Ciudades y Villas Medievales ha presentado en FITUR un tercer producto tur\\u00edstico completo que, como los dos anteriores -Concurso de Pinchos Medievales y circuito de carreras populares Red-Corriendo el Medievo- une a todas las localidades que integran la Asociaci\\u00f3n. \\ufeff Fue el presidente de la Red Medieval, y alcalde de Hondarribia, Txomin\",\"inLanguage\":\"es-ES\",\"isPartOf\":{\"@id\":\"https:\\\/\\\/www.eldigitaldeasturias.com\\\/noticias\\\/#website\"},\"breadcrumb\":{\"@id\":\"https:\\\/\\\/www.eldigitaldeasturias.com\\\/noticias\\\/la-red-medieval-presenta-en-fitur-2020-su-nuevo-proyecto-en-clave-de-re-d\\\/#breadcrumblist\"},\"author\":{\"@id\":\"https:\\\/\\\/www.eldigitaldeasturias.com\\\/noticias\\\/author\\\/admin\\\/#author\"},\"creator\":{\"@id\":\"https:\\\/\\\/www.eldigitaldeasturias.com\\\/noticias\\\/author\\\/admin\\\/#author\"},\"image\":{\"@type\":\"ImageObject\",\"url\":\"https:\\\/\\\/www.eldigitaldeasturias.com\\\/noticias\\\/wp-content\\\/uploads\\\/2020\\\/01\\\/1579878883-scaled.jpg\",\"@id\":\"https:\\\/\\\/www.eldigitaldeasturias.com\\\/noticias\\\/la-red-medieval-presenta-en-fitur-2020-su-nuevo-proyecto-en-clave-de-re-d\\\/#mainImage\",\"width\":2560,\"height\":1707},\"primaryImageOfPage\":{\"@id\":\"https:\\\/\\\/www.eldigitaldeasturias.com\\\/noticias\\\/la-red-medieval-presenta-en-fitur-2020-su-nuevo-proyecto-en-clave-de-re-d\\\/#mainImage\"},\"datePublished\":\"2020-01-25T18:59:07+01:00\",\"dateModified\":\"2020-01-25T18:59:07+01:00\"},{\"@type\":\"WebSite\",\"@id\":\"https:\\\/\\\/www.eldigitaldeasturias.com\\\/noticias\\\/#website\",\"url\":\"https:\\\/\\\/www.eldigitaldeasturias.com\\\/noticias\\\/\",\"name\":\"El Digital de Asturias - Diario de actualidad y noticias\",\"alternateName\":\"El Digital de Asturias - Diario de actualidad y noticias\",\"description\":\"Hemeroteca\",\"inLanguage\":\"es-ES\",\"publisher\":{\"@id\":\"https:\\\/\\\/www.eldigitaldeasturias.com\\\/noticias\\\/#organization\"}}]}\n\t\t<\/script>\n\t\t<!-- All in One SEO Pro -->\r\n\t\t<title>La Red Medieval presenta en FITUR 2020 su nuevo proyecto: \u2018En Clave de RE-D\u2019 - El Digital de Asturias<\/title>\n\n","aioseo_head_json":{"title":"La Red Medieval presenta en FITUR 2020 su nuevo proyecto: \u2018En Clave de RE-D\u2019 - El Digital de Asturias","description":"La Red de Ciudades y Villas Medievales ha presentado en FITUR un tercer producto tur\u00edstico completo que, como los dos anteriores -Concurso de Pinchos Medievales y circuito de carreras populares Red-Corriendo el Medievo- une a todas las localidades que integran la Asociaci\u00f3n. \ufeff Fue el presidente de la Red Medieval, y alcalde de Hondarribia, Txomin","canonical_url":"https:\/\/www.eldigitaldeasturias.com\/noticias\/la-red-medieval-presenta-en-fitur-2020-su-nuevo-proyecto-en-clave-de-re-d\/","robots":"max-image-preview:large","keywords":"turismo","webmasterTools":{"google-site-verification":"UA-38556648-1","msvalidate.01":"7dfe9f3f1b24437ab69f4f2559babe99","miscellaneous":""},"schema":{"@context":"https:\/\/schema.org","@graph":[{"@type":"BlogPosting","@id":"https:\/\/www.eldigitaldeasturias.com\/noticias\/la-red-medieval-presenta-en-fitur-2020-su-nuevo-proyecto-en-clave-de-re-d\/#blogposting","name":"La Red Medieval presenta en FITUR 2020 su nuevo proyecto: \u2018En Clave de RE-D\u2019 - El Digital de Asturias","headline":"La Red Medieval presenta en FITUR 2020 su nuevo proyecto: &#8216;En Clave de RE-D&#8217;","author":{"@id":"https:\/\/www.eldigitaldeasturias.com\/noticias\/author\/admin\/#author"},"publisher":{"@id":"https:\/\/www.eldigitaldeasturias.com\/noticias\/#organization"},"image":{"@type":"ImageObject","url":"https:\/\/www.eldigitaldeasturias.com\/noticias\/wp-content\/uploads\/2020\/01\/1579878883-scaled.jpg","width":2560,"height":1707},"datePublished":"2020-01-25T18:59:07+01:00","dateModified":"2020-01-25T18:59:07+01:00","inLanguage":"es-ES","mainEntityOfPage":{"@id":"https:\/\/www.eldigitaldeasturias.com\/noticias\/la-red-medieval-presenta-en-fitur-2020-su-nuevo-proyecto-en-clave-de-re-d\/#webpage"},"isPartOf":{"@id":"https:\/\/www.eldigitaldeasturias.com\/noticias\/la-red-medieval-presenta-en-fitur-2020-su-nuevo-proyecto-en-clave-de-re-d\/#webpage"},"articleSection":"Turismo"},{"@type":"BreadcrumbList","@id":"https:\/\/www.eldigitaldeasturias.com\/noticias\/la-red-medieval-presenta-en-fitur-2020-su-nuevo-proyecto-en-clave-de-re-d\/#breadcrumblist","itemListElement":[{"@type":"ListItem","@id":"https:\/\/www.eldigitaldeasturias.com\/noticias#listItem","position":1,"name":"Home","item":"https:\/\/www.eldigitaldeasturias.com\/noticias","nextItem":{"@type":"ListItem","@id":"https:\/\/www.eldigitaldeasturias.com\/noticias\/category\/turismo\/#listItem","name":"Turismo"}},{"@type":"ListItem","@id":"https:\/\/www.eldigitaldeasturias.com\/noticias\/category\/turismo\/#listItem","position":2,"name":"Turismo","item":"https:\/\/www.eldigitaldeasturias.com\/noticias\/category\/turismo\/","nextItem":{"@type":"ListItem","@id":"https:\/\/www.eldigitaldeasturias.com\/noticias\/la-red-medieval-presenta-en-fitur-2020-su-nuevo-proyecto-en-clave-de-re-d\/#listItem","name":"La Red Medieval presenta en FITUR 2020 su nuevo proyecto: &#8216;En Clave de RE-D&#8217;"},"previousItem":{"@type":"ListItem","@id":"https:\/\/www.eldigitaldeasturias.com\/noticias#listItem","name":"Home"}},{"@type":"ListItem","@id":"https:\/\/www.eldigitaldeasturias.com\/noticias\/la-red-medieval-presenta-en-fitur-2020-su-nuevo-proyecto-en-clave-de-re-d\/#listItem","position":3,"name":"La Red Medieval presenta en FITUR 2020 su nuevo proyecto: &#8216;En Clave de RE-D&#8217;","previousItem":{"@type":"ListItem","@id":"https:\/\/www.eldigitaldeasturias.com\/noticias\/category\/turismo\/#listItem","name":"Turismo"}}]},{"@type":"Organization","@id":"https:\/\/www.eldigitaldeasturias.com\/noticias\/#organization","name":"El Digital de Asturias","description":"Hemeroteca","url":"https:\/\/www.eldigitaldeasturias.com\/noticias\/","email":"info@eldigitaldeasturias.com","telephone":"+34652131393","logo":{"@type":"ImageObject","url":"https:\/\/www.eldigitaldeasturias.com\/noticias\/wp-content\/uploads\/2020\/12\/EDA.jpg","@id":"https:\/\/www.eldigitaldeasturias.com\/noticias\/la-red-medieval-presenta-en-fitur-2020-su-nuevo-proyecto-en-clave-de-re-d\/#organizationLogo","width":649,"height":297},"image":{"@id":"https:\/\/www.eldigitaldeasturias.com\/noticias\/la-red-medieval-presenta-en-fitur-2020-su-nuevo-proyecto-en-clave-de-re-d\/#organizationLogo"},"sameAs":["https:\/\/facebook.com\/eldigitaldeasturias","https:\/\/www.youtube.com\/channel\/UCZP-2wLEB9Rv6erhFmqVnvg"],"address":{"@id":"https:\/\/www.eldigitaldeasturias.com\/noticias\/#postaladdress","@type":"PostalAddress","streetAddress":"san antonio 4,","postalCode":"33430","addressLocality":"Cand\u00e1s","addressRegion":"Asturias","addressCountry":"ES"}},{"@type":"Person","@id":"https:\/\/www.eldigitaldeasturias.com\/noticias\/author\/admin\/#author","url":"https:\/\/www.eldigitaldeasturias.com\/noticias\/author\/admin\/","name":"El Digital de Asturias","image":{"@type":"ImageObject","@id":"https:\/\/www.eldigitaldeasturias.com\/noticias\/la-red-medieval-presenta-en-fitur-2020-su-nuevo-proyecto-en-clave-de-re-d\/#authorImage","url":"https:\/\/www.eldigitaldeasturias.com\/noticias\/wp-content\/litespeed\/avatar\/18677e78aa0546b92d9dbf31ec7d7668.jpg?ver=1777290358","width":96,"height":96,"caption":"El Digital de Asturias"}},{"@type":"WebPage","@id":"https:\/\/www.eldigitaldeasturias.com\/noticias\/la-red-medieval-presenta-en-fitur-2020-su-nuevo-proyecto-en-clave-de-re-d\/#webpage","url":"https:\/\/www.eldigitaldeasturias.com\/noticias\/la-red-medieval-presenta-en-fitur-2020-su-nuevo-proyecto-en-clave-de-re-d\/","name":"La Red Medieval presenta en FITUR 2020 su nuevo proyecto: \u2018En Clave de RE-D\u2019 - El Digital de Asturias","description":"La Red de Ciudades y Villas Medievales ha presentado en FITUR un tercer producto tur\u00edstico completo que, como los dos anteriores -Concurso de Pinchos Medievales y circuito de carreras populares Red-Corriendo el Medievo- une a todas las localidades que integran la Asociaci\u00f3n. \ufeff Fue el presidente de la Red Medieval, y alcalde de Hondarribia, Txomin","inLanguage":"es-ES","isPartOf":{"@id":"https:\/\/www.eldigitaldeasturias.com\/noticias\/#website"},"breadcrumb":{"@id":"https:\/\/www.eldigitaldeasturias.com\/noticias\/la-red-medieval-presenta-en-fitur-2020-su-nuevo-proyecto-en-clave-de-re-d\/#breadcrumblist"},"author":{"@id":"https:\/\/www.eldigitaldeasturias.com\/noticias\/author\/admin\/#author"},"creator":{"@id":"https:\/\/www.eldigitaldeasturias.com\/noticias\/author\/admin\/#author"},"image":{"@type":"ImageObject","url":"https:\/\/www.eldigitaldeasturias.com\/noticias\/wp-content\/uploads\/2020\/01\/1579878883-scaled.jpg","@id":"https:\/\/www.eldigitaldeasturias.com\/noticias\/la-red-medieval-presenta-en-fitur-2020-su-nuevo-proyecto-en-clave-de-re-d\/#mainImage","width":2560,"height":1707},"primaryImageOfPage":{"@id":"https:\/\/www.eldigitaldeasturias.com\/noticias\/la-red-medieval-presenta-en-fitur-2020-su-nuevo-proyecto-en-clave-de-re-d\/#mainImage"},"datePublished":"2020-01-25T18:59:07+01:00","dateModified":"2020-01-25T18:59:07+01:00"},{"@type":"WebSite","@id":"https:\/\/www.eldigitaldeasturias.com\/noticias\/#website","url":"https:\/\/www.eldigitaldeasturias.com\/noticias\/","name":"El Digital de Asturias - Diario de actualidad y noticias","alternateName":"El Digital de Asturias - Diario de actualidad y noticias","description":"Hemeroteca","inLanguage":"es-ES","publisher":{"@id":"https:\/\/www.eldigitaldeasturias.com\/noticias\/#organization"}}]},"og:locale":"es_ES","og:site_name":"El Digital de Asturias","og:type":"article","og:title":"La Red Medieval presenta en FITUR 2020 su nuevo proyecto: \u2018En Clave de RE-D\u2019 - El Digital de Asturias","og:description":"La Red de Ciudades y Villas Medievales ha presentado en FITUR un tercer producto tur\u00edstico completo que, como los dos anteriores -Concurso de Pinchos Medievales y circuito de carreras populares Red-Corriendo el Medievo- une a todas las localidades que integran la Asociaci\u00f3n. \ufeff Fue el presidente de la Red Medieval, y alcalde de Hondarribia, Txomin","og:url":"https:\/\/www.eldigitaldeasturias.com\/noticias\/la-red-medieval-presenta-en-fitur-2020-su-nuevo-proyecto-en-clave-de-re-d\/","og:image":"https:\/\/www.eldigitaldeasturias.com\/noticias\/wp-content\/uploads\/2020\/01\/1579878883-scaled.jpg","og:image:secure_url":"https:\/\/www.eldigitaldeasturias.com\/noticias\/wp-content\/uploads\/2020\/01\/1579878883-scaled.jpg","og:image:width":2560,"og:image:height":1707,"article:tag":["turismo"],"article:published_time":"2020-01-25T18:59:07+00:00","article:modified_time":"2020-01-25T18:59:07+00:00","article:publisher":"https:\/\/facebook.com\/eldigitaldeasturias","twitter:card":"summary_large_image","twitter:title":"La Red Medieval presenta en FITUR 2020 su nuevo proyecto: \u2018En Clave de RE-D\u2019 - El Digital de Asturias","twitter:description":"La Red de Ciudades y Villas Medievales ha presentado en FITUR un tercer producto tur\u00edstico completo que, como los dos anteriores -Concurso de Pinchos Medievales y circuito de carreras populares Red-Corriendo el Medievo- une a todas las localidades que integran la Asociaci\u00f3n. \ufeff Fue el presidente de la Red Medieval, y alcalde de Hondarribia, Txomin","twitter:image":"https:\/\/www.eldigitaldeasturias.com\/noticias\/wp-content\/uploads\/2020\/01\/1579878883-scaled.jpg","twitter:label1":"Escrito por","twitter:data1":"El Digital de Asturias","twitter:label2":"Tiempo de lectura estimado","twitter:data2":"4 minutos"},"aioseo_meta_data":{"post_id":"1055530","title":null,"description":null,"keywords":null,"keyphrases":null,"primary_term":null,"canonical_url":null,"og_title":null,"og_description":null,"og_object_type":"default","og_image_type":"default","og_image_url":null,"og_image_width":null,"og_image_height":null,"og_image_custom_url":null,"og_image_custom_fields":null,"og_video":null,"og_custom_url":null,"og_article_section":null,"og_article_tags":null,"twitter_use_og":false,"twitter_card":"default","twitter_image_type":"default","twitter_image_url":null,"twitter_image_custom_url":null,"twitter_image_custom_fields":null,"twitter_title":null,"twitter_description":null,"schema":{"blockGraphs":[],"customGraphs":[],"default":{"data":{"Article":[],"Course":[],"Dataset":[],"FAQPage":[],"Movie":[],"Person":[],"Product":[],"ProductReview":[],"Car":[],"Recipe":[],"Service":[],"SoftwareApplication":[],"WebPage":[]},"graphName":"","isEnabled":true},"graphs":[],"defaultGraph":"","defaultPostTypeGraph":""},"schema_type":null,"schema_type_options":null,"pillar_content":false,"robots_default":true,"robots_noindex":false,"robots_noarchive":false,"robots_nosnippet":false,"robots_nofollow":false,"robots_noimageindex":false,"robots_noodp":false,"robots_notranslate":false,"robots_max_snippet":null,"robots_max_videopreview":null,"robots_max_imagepreview":"large","priority":null,"frequency":null,"local_seo":null,"seo_analyzer_scan_date":"2025-10-30 19:21:09","breadcrumb_settings":null,"limit_modified_date":false,"open_ai":null,"ai":null,"created":"2020-12-21 10:56:11","updated":"2025-10-30 19:21:09"},"aioseo_breadcrumb":"<div class=\"aioseo-breadcrumbs\"><span class=\"aioseo-breadcrumb\">\n\t<a href=\"https:\/\/www.eldigitaldeasturias.com\/noticias\" title=\"Home\">Home<\/a>\n<\/span><span class=\"aioseo-breadcrumb-separator\">\u2013<\/span><span class=\"aioseo-breadcrumb\">\n\t<a href=\"https:\/\/www.eldigitaldeasturias.com\/noticias\/category\/turismo\/\" title=\"Turismo\">Turismo<\/a>\n<\/span><span class=\"aioseo-breadcrumb-separator\">\u2013<\/span><span class=\"aioseo-breadcrumb\">\n\t<a href=\"https:\/\/www.eldigitaldeasturias.com\/noticias\/la-red-medieval-presenta-en-fitur-2020-su-nuevo-proyecto-en-clave-de-re-d\/\" title=\"La Red Medieval presenta en FITUR 2020 su nuevo proyecto: \u2018En Clave de RE-D\u2019\">La Red Medieval presenta en FITUR 2020 su nuevo proyecto: \u2018En Clave de RE-D\u2019<\/a>\n<\/span><\/div>","aioseo_breadcrumb_json":[{"label":"Home","link":"https:\/\/www.eldigitaldeasturias.com\/noticias"},{"label":"Turismo","link":"https:\/\/www.eldigitaldeasturias.com\/noticias\/category\/turismo\/"},{"label":"La Red Medieval presenta en FITUR 2020 su nuevo proyecto: &#8216;En Clave de RE-D&#8217;","link":"https:\/\/www.eldigitaldeasturias.com\/noticias\/la-red-medieval-presenta-en-fitur-2020-su-nuevo-proyecto-en-clave-de-re-d\/"}],"_links":{"self":[{"href":"https:\/\/www.eldigitaldeasturias.com\/noticias\/wp-json\/wp\/v2\/posts\/1055530","targetHints":{"allow":["GET"]}}],"collection":[{"href":"https:\/\/www.eldigitaldeasturias.com\/noticias\/wp-json\/wp\/v2\/posts"}],"about":[{"href":"https:\/\/www.eldigitaldeasturias.com\/noticias\/wp-json\/wp\/v2\/types\/post"}],"author":[{"embeddable":true,"href":"https:\/\/www.eldigitaldeasturias.com\/noticias\/wp-json\/wp\/v2\/users\/1"}],"replies":[{"embeddable":true,"href":"https:\/\/www.eldigitaldeasturias.com\/noticias\/wp-json\/wp\/v2\/comments?post=1055530"}],"version-history":[{"count":0,"href":"https:\/\/www.eldigitaldeasturias.com\/noticias\/wp-json\/wp\/v2\/posts\/1055530\/revisions"}],"wp:featuredmedia":[{"embeddable":true,"href":"https:\/\/www.eldigitaldeasturias.com\/noticias\/wp-json\/wp\/v2\/media\/1055531"}],"wp:attachment":[{"href":"https:\/\/www.eldigitaldeasturias.com\/noticias\/wp-json\/wp\/v2\/media?parent=1055530"}],"wp:term":[{"taxonomy":"category","embeddable":true,"href":"https:\/\/www.eldigitaldeasturias.com\/noticias\/wp-json\/wp\/v2\/categories?post=1055530"},{"taxonomy":"post_tag","embeddable":true,"href":"https:\/\/www.eldigitaldeasturias.com\/noticias\/wp-json\/wp\/v2\/tags?post=1055530"}],"curies":[{"name":"wp","href":"https:\/\/api.w.org\/{rel}","templated":true}]}}