{"id":1055482,"date":"2020-01-25T15:23:34","date_gmt":"2020-01-25T15:23:34","guid":{"rendered":"https:\/\/www.eldigitaldeasturias.com\/noticias\/?p=1055482"},"modified":"2020-01-25T15:23:50","modified_gmt":"2020-01-25T15:23:50","slug":"fin-de-semana-en-el-estand-de-asturias-en-fitur-2020","status":"publish","type":"post","link":"https:\/\/www.eldigitaldeasturias.com\/noticias\/fin-de-semana-en-el-estand-de-asturias-en-fitur-2020\/","title":{"rendered":"Fin de semana en el estand de Asturias en Fitur 2020"},"content":{"rendered":"<p><img loading=\"lazy\" decoding=\"async\" class=\"alignleft size-medium wp-image-1055483\" src=\"https:\/\/www.eldigitaldeasturias.com\/noticias\/wp-content\/uploads\/2020\/01\/Fitur-2020-Asturias-360x237.jpg\" alt=\"\" width=\"360\" height=\"237\" srcset=\"https:\/\/www.eldigitaldeasturias.com\/noticias\/wp-content\/uploads\/2020\/01\/Fitur-2020-Asturias-360x237.jpg 360w, https:\/\/www.eldigitaldeasturias.com\/noticias\/wp-content\/uploads\/2020\/01\/Fitur-2020-Asturias-690x455.jpg 690w, https:\/\/www.eldigitaldeasturias.com\/noticias\/wp-content\/uploads\/2020\/01\/Fitur-2020-Asturias-455x300.jpg 455w, https:\/\/www.eldigitaldeasturias.com\/noticias\/wp-content\/uploads\/2020\/01\/Fitur-2020-Asturias-768x507.jpg 768w, https:\/\/www.eldigitaldeasturias.com\/noticias\/wp-content\/uploads\/2020\/01\/Fitur-2020-Asturias-1024x675.jpg 1024w, https:\/\/www.eldigitaldeasturias.com\/noticias\/wp-content\/uploads\/2020\/01\/Fitur-2020-Asturias.jpg 1081w\" sizes=\"auto, (max-width: 360px) 100vw, 360px\" \/>Un total de 27 blogueros han participado en el encuentro celebrado esta ma\u00f1ana en el <strong>estand de Asturias en Fitur 2020<\/strong> coincidiendo con la apertura en fin de semana de la Feria Internacional de Turismo al p\u00fablico. Autores de diversos blogs especializados en viajes como <strong><em>Mochileros TV, El viaje de Sofi, Viajero Digital, los viajes de Claudia, o Zapatillas x el mundo<\/em><\/strong>, han recorrido y participado en las actividades del estand de Asturias, dedicado este a\u00f1o al Camino de Santiago, con el objetivo de amplificar la presencia del Principado en redes sociales, a trav\u00e9s del hashtag <strong>#NosVemosEnAsturias<\/strong>.<\/p>\n<p>Junto a este encuentro, el estand acoge durante <strong>s\u00e1bado y domingo diversas actividades de animaci\u00f3n destinadas al p\u00fablico final y tematizadas en torno a los itinerarios asturianos del Camino de Santiago<\/strong>, elemento central de la imagen tur\u00edstica de Asturias en esta edici\u00f3n de Fitur como anticipo del Xacobeu 2021: <strong>un Trivial del Camino con preguntas acerca de este bien declarado Patrimonio Mundial por la Unesco<\/strong>, un juego inspirado en el cascayu o rayuela que est\u00e1 tutelado por una peregrina permitiendo recorrer los itinerarios asturianos del Camino con casillas tematizadas o la colocaci\u00f3n de un photocall con el mismo motivo central.<\/p>\n<p>La gastronom\u00eda asturiana, y en concreto los productos integrados en la marca Alimentos del Para\u00edso Natural, tambi\u00e9n tendr\u00e1n su espacio este fin de semana. Tres productos con Denominaci\u00f3n Origen Protegida (DOP) protagonizar\u00e1n parte de las actividades de fin de semana: las demostraciones de escanciado y degustaci\u00f3n de <strong>sidra natural<\/strong> junto a talleres con <strong>quesos Cabrales y Cas\u00edn<\/strong> se celebrar\u00e1n dentro del \u00e1rea gastron\u00f3mica del estand.<\/p>\n","protected":false},"excerpt":{"rendered":"<p>Un total de 27 blogueros han participado en el encuentro celebrado esta ma\u00f1ana en el estand de Asturias en Fitur 2020 coincidiendo con la apertura en fin de semana de la Feria Internacional de Turismo al p\u00fablico. Autores de diversos blogs especializados en viajes como Mochileros TV, El viaje de Sofi, Viajero Digital, los viajes [&hellip;]<\/p>\n","protected":false},"author":1,"featured_media":1055483,"comment_status":"closed","ping_status":"closed","sticky":false,"template":"","format":"standard","meta":{"footnotes":""},"categories":[148],"tags":[],"class_list":["post-1055482","post","type-post","status-publish","format-standard","has-post-thumbnail","hentry","category-turismo"],"aioseo_notices":[],"aioseo_head":"\n\t\t<!-- All in One SEO Pro 4.9.6.2 - aioseo.com -->\n\t<meta name=\"description\" content=\"Un total de 27 blogueros han participado en el encuentro celebrado esta ma\u00f1ana en el estand de Asturias en Fitur 2020 coincidiendo con la apertura en fin de semana de la Feria Internacional de Turismo al p\u00fablico. Autores de diversos blogs especializados en viajes como Mochileros TV, El viaje de Sofi, Viajero Digital, los viajes\" \/>\n\t<meta name=\"robots\" content=\"max-image-preview:large\" \/>\n\t<meta name=\"author\" content=\"El Digital de Asturias\"\/>\n\t<meta name=\"google-site-verification\" content=\"UA-38556648-1\" \/>\n\t<meta name=\"msvalidate.01\" content=\"7dfe9f3f1b24437ab69f4f2559babe99\" \/>\n\t<meta name=\"keywords\" content=\"turismo\" \/>\n\t<link rel=\"canonical\" href=\"https:\/\/www.eldigitaldeasturias.com\/noticias\/fin-de-semana-en-el-estand-de-asturias-en-fitur-2020\/\" \/>\n\t<meta name=\"generator\" content=\"All in One SEO Pro (AIOSEO) 4.9.6.2\" \/>\n\t\t<meta property=\"og:locale\" content=\"es_ES\" \/>\n\t\t<meta property=\"og:site_name\" content=\"El Digital de Asturias\" \/>\n\t\t<meta property=\"og:type\" content=\"article\" \/>\n\t\t<meta property=\"og:title\" content=\"Fin de semana en el estand de Asturias en Fitur 2020 - El Digital de Asturias\" \/>\n\t\t<meta property=\"og:description\" content=\"Un total de 27 blogueros han participado en el encuentro celebrado esta ma\u00f1ana en el estand de Asturias en Fitur 2020 coincidiendo con la apertura en fin de semana de la Feria Internacional de Turismo al p\u00fablico. Autores de diversos blogs especializados en viajes como Mochileros TV, El viaje de Sofi, Viajero Digital, los viajes\" \/>\n\t\t<meta property=\"og:url\" content=\"https:\/\/www.eldigitaldeasturias.com\/noticias\/fin-de-semana-en-el-estand-de-asturias-en-fitur-2020\/\" \/>\n\t\t<meta property=\"og:image\" content=\"https:\/\/www.eldigitaldeasturias.com\/noticias\/wp-content\/uploads\/2020\/01\/Fitur-2020-Asturias.jpg\" \/>\n\t\t<meta property=\"og:image:secure_url\" content=\"https:\/\/www.eldigitaldeasturias.com\/noticias\/wp-content\/uploads\/2020\/01\/Fitur-2020-Asturias.jpg\" \/>\n\t\t<meta property=\"og:image:width\" content=\"1081\" \/>\n\t\t<meta property=\"og:image:height\" content=\"713\" \/>\n\t\t<meta property=\"article:tag\" content=\"turismo\" \/>\n\t\t<meta property=\"article:published_time\" content=\"2020-01-25T15:23:34+00:00\" \/>\n\t\t<meta property=\"article:modified_time\" content=\"2020-01-25T15:23:50+00:00\" \/>\n\t\t<meta property=\"article:publisher\" content=\"https:\/\/facebook.com\/eldigitaldeasturias\" \/>\n\t\t<meta name=\"twitter:card\" content=\"summary_large_image\" \/>\n\t\t<meta name=\"twitter:title\" content=\"Fin de semana en el estand de Asturias en Fitur 2020 - El Digital de Asturias\" \/>\n\t\t<meta name=\"twitter:description\" content=\"Un total de 27 blogueros han participado en el encuentro celebrado esta ma\u00f1ana en el estand de Asturias en Fitur 2020 coincidiendo con la apertura en fin de semana de la Feria Internacional de Turismo al p\u00fablico. Autores de diversos blogs especializados en viajes como Mochileros TV, El viaje de Sofi, Viajero Digital, los viajes\" \/>\n\t\t<meta name=\"twitter:image\" content=\"https:\/\/www.eldigitaldeasturias.com\/noticias\/wp-content\/uploads\/2020\/01\/Fitur-2020-Asturias.jpg\" \/>\n\t\t<meta name=\"twitter:label1\" content=\"Escrito por\" \/>\n\t\t<meta name=\"twitter:data1\" content=\"El Digital de Asturias\" \/>\n\t\t<meta name=\"twitter:label2\" content=\"Tiempo de lectura estimado\" \/>\n\t\t<meta name=\"twitter:data2\" content=\"1 minuto\" \/>\n\t\t<script type=\"application\/ld+json\" class=\"aioseo-schema\">\n\t\t\t{\"@context\":\"https:\\\/\\\/schema.org\",\"@graph\":[{\"@type\":\"BlogPosting\",\"@id\":\"https:\\\/\\\/www.eldigitaldeasturias.com\\\/noticias\\\/fin-de-semana-en-el-estand-de-asturias-en-fitur-2020\\\/#blogposting\",\"name\":\"Fin de semana en el estand de Asturias en Fitur 2020 - El Digital de Asturias\",\"headline\":\"Fin de semana en el estand de Asturias en Fitur 2020\",\"author\":{\"@id\":\"https:\\\/\\\/www.eldigitaldeasturias.com\\\/noticias\\\/author\\\/admin\\\/#author\"},\"publisher\":{\"@id\":\"https:\\\/\\\/www.eldigitaldeasturias.com\\\/noticias\\\/#organization\"},\"image\":{\"@type\":\"ImageObject\",\"url\":\"https:\\\/\\\/www.eldigitaldeasturias.com\\\/noticias\\\/wp-content\\\/uploads\\\/2020\\\/01\\\/Fitur-2020-Asturias.jpg\",\"width\":1081,\"height\":713},\"datePublished\":\"2020-01-25T15:23:34+01:00\",\"dateModified\":\"2020-01-25T15:23:50+01:00\",\"inLanguage\":\"es-ES\",\"mainEntityOfPage\":{\"@id\":\"https:\\\/\\\/www.eldigitaldeasturias.com\\\/noticias\\\/fin-de-semana-en-el-estand-de-asturias-en-fitur-2020\\\/#webpage\"},\"isPartOf\":{\"@id\":\"https:\\\/\\\/www.eldigitaldeasturias.com\\\/noticias\\\/fin-de-semana-en-el-estand-de-asturias-en-fitur-2020\\\/#webpage\"},\"articleSection\":\"Turismo\"},{\"@type\":\"BreadcrumbList\",\"@id\":\"https:\\\/\\\/www.eldigitaldeasturias.com\\\/noticias\\\/fin-de-semana-en-el-estand-de-asturias-en-fitur-2020\\\/#breadcrumblist\",\"itemListElement\":[{\"@type\":\"ListItem\",\"@id\":\"https:\\\/\\\/www.eldigitaldeasturias.com\\\/noticias#listItem\",\"position\":1,\"name\":\"Home\",\"item\":\"https:\\\/\\\/www.eldigitaldeasturias.com\\\/noticias\",\"nextItem\":{\"@type\":\"ListItem\",\"@id\":\"https:\\\/\\\/www.eldigitaldeasturias.com\\\/noticias\\\/category\\\/turismo\\\/#listItem\",\"name\":\"Turismo\"}},{\"@type\":\"ListItem\",\"@id\":\"https:\\\/\\\/www.eldigitaldeasturias.com\\\/noticias\\\/category\\\/turismo\\\/#listItem\",\"position\":2,\"name\":\"Turismo\",\"item\":\"https:\\\/\\\/www.eldigitaldeasturias.com\\\/noticias\\\/category\\\/turismo\\\/\",\"nextItem\":{\"@type\":\"ListItem\",\"@id\":\"https:\\\/\\\/www.eldigitaldeasturias.com\\\/noticias\\\/fin-de-semana-en-el-estand-de-asturias-en-fitur-2020\\\/#listItem\",\"name\":\"Fin de semana en el estand de Asturias en Fitur 2020\"},\"previousItem\":{\"@type\":\"ListItem\",\"@id\":\"https:\\\/\\\/www.eldigitaldeasturias.com\\\/noticias#listItem\",\"name\":\"Home\"}},{\"@type\":\"ListItem\",\"@id\":\"https:\\\/\\\/www.eldigitaldeasturias.com\\\/noticias\\\/fin-de-semana-en-el-estand-de-asturias-en-fitur-2020\\\/#listItem\",\"position\":3,\"name\":\"Fin de semana en el estand de Asturias en Fitur 2020\",\"previousItem\":{\"@type\":\"ListItem\",\"@id\":\"https:\\\/\\\/www.eldigitaldeasturias.com\\\/noticias\\\/category\\\/turismo\\\/#listItem\",\"name\":\"Turismo\"}}]},{\"@type\":\"Organization\",\"@id\":\"https:\\\/\\\/www.eldigitaldeasturias.com\\\/noticias\\\/#organization\",\"name\":\"El Digital de Asturias\",\"description\":\"Hemeroteca\",\"url\":\"https:\\\/\\\/www.eldigitaldeasturias.com\\\/noticias\\\/\",\"email\":\"info@eldigitaldeasturias.com\",\"telephone\":\"+34652131393\",\"logo\":{\"@type\":\"ImageObject\",\"url\":\"https:\\\/\\\/www.eldigitaldeasturias.com\\\/noticias\\\/wp-content\\\/uploads\\\/2020\\\/12\\\/EDA.jpg\",\"@id\":\"https:\\\/\\\/www.eldigitaldeasturias.com\\\/noticias\\\/fin-de-semana-en-el-estand-de-asturias-en-fitur-2020\\\/#organizationLogo\",\"width\":649,\"height\":297},\"image\":{\"@id\":\"https:\\\/\\\/www.eldigitaldeasturias.com\\\/noticias\\\/fin-de-semana-en-el-estand-de-asturias-en-fitur-2020\\\/#organizationLogo\"},\"sameAs\":[\"https:\\\/\\\/facebook.com\\\/eldigitaldeasturias\",\"https:\\\/\\\/www.youtube.com\\\/channel\\\/UCZP-2wLEB9Rv6erhFmqVnvg\"],\"address\":{\"@id\":\"https:\\\/\\\/www.eldigitaldeasturias.com\\\/noticias\\\/#postaladdress\",\"@type\":\"PostalAddress\",\"streetAddress\":\"san antonio 4,\",\"postalCode\":\"33430\",\"addressLocality\":\"Cand\\u00e1s\",\"addressRegion\":\"Asturias\",\"addressCountry\":\"ES\"}},{\"@type\":\"Person\",\"@id\":\"https:\\\/\\\/www.eldigitaldeasturias.com\\\/noticias\\\/author\\\/admin\\\/#author\",\"url\":\"https:\\\/\\\/www.eldigitaldeasturias.com\\\/noticias\\\/author\\\/admin\\\/\",\"name\":\"El Digital de Asturias\",\"image\":{\"@type\":\"ImageObject\",\"@id\":\"https:\\\/\\\/www.eldigitaldeasturias.com\\\/noticias\\\/fin-de-semana-en-el-estand-de-asturias-en-fitur-2020\\\/#authorImage\",\"url\":\"https:\\\/\\\/www.eldigitaldeasturias.com\\\/noticias\\\/wp-content\\\/litespeed\\\/avatar\\\/18677e78aa0546b92d9dbf31ec7d7668.jpg?ver=1777290358\",\"width\":96,\"height\":96,\"caption\":\"El Digital de Asturias\"}},{\"@type\":\"WebPage\",\"@id\":\"https:\\\/\\\/www.eldigitaldeasturias.com\\\/noticias\\\/fin-de-semana-en-el-estand-de-asturias-en-fitur-2020\\\/#webpage\",\"url\":\"https:\\\/\\\/www.eldigitaldeasturias.com\\\/noticias\\\/fin-de-semana-en-el-estand-de-asturias-en-fitur-2020\\\/\",\"name\":\"Fin de semana en el estand de Asturias en Fitur 2020 - El Digital de Asturias\",\"description\":\"Un total de 27 blogueros han participado en el encuentro celebrado esta ma\\u00f1ana en el estand de Asturias en Fitur 2020 coincidiendo con la apertura en fin de semana de la Feria Internacional de Turismo al p\\u00fablico. Autores de diversos blogs especializados en viajes como Mochileros TV, El viaje de Sofi, Viajero Digital, los viajes\",\"inLanguage\":\"es-ES\",\"isPartOf\":{\"@id\":\"https:\\\/\\\/www.eldigitaldeasturias.com\\\/noticias\\\/#website\"},\"breadcrumb\":{\"@id\":\"https:\\\/\\\/www.eldigitaldeasturias.com\\\/noticias\\\/fin-de-semana-en-el-estand-de-asturias-en-fitur-2020\\\/#breadcrumblist\"},\"author\":{\"@id\":\"https:\\\/\\\/www.eldigitaldeasturias.com\\\/noticias\\\/author\\\/admin\\\/#author\"},\"creator\":{\"@id\":\"https:\\\/\\\/www.eldigitaldeasturias.com\\\/noticias\\\/author\\\/admin\\\/#author\"},\"image\":{\"@type\":\"ImageObject\",\"url\":\"https:\\\/\\\/www.eldigitaldeasturias.com\\\/noticias\\\/wp-content\\\/uploads\\\/2020\\\/01\\\/Fitur-2020-Asturias.jpg\",\"@id\":\"https:\\\/\\\/www.eldigitaldeasturias.com\\\/noticias\\\/fin-de-semana-en-el-estand-de-asturias-en-fitur-2020\\\/#mainImage\",\"width\":1081,\"height\":713},\"primaryImageOfPage\":{\"@id\":\"https:\\\/\\\/www.eldigitaldeasturias.com\\\/noticias\\\/fin-de-semana-en-el-estand-de-asturias-en-fitur-2020\\\/#mainImage\"},\"datePublished\":\"2020-01-25T15:23:34+01:00\",\"dateModified\":\"2020-01-25T15:23:50+01:00\"},{\"@type\":\"WebSite\",\"@id\":\"https:\\\/\\\/www.eldigitaldeasturias.com\\\/noticias\\\/#website\",\"url\":\"https:\\\/\\\/www.eldigitaldeasturias.com\\\/noticias\\\/\",\"name\":\"El Digital de Asturias - Diario de actualidad y noticias\",\"alternateName\":\"El Digital de Asturias - Diario de actualidad y noticias\",\"description\":\"Hemeroteca\",\"inLanguage\":\"es-ES\",\"publisher\":{\"@id\":\"https:\\\/\\\/www.eldigitaldeasturias.com\\\/noticias\\\/#organization\"}}]}\n\t\t<\/script>\n\t\t<!-- All in One SEO Pro -->\r\n\t\t<title>Fin de semana en el estand de Asturias en Fitur 2020 - El Digital de Asturias<\/title>\n\n","aioseo_head_json":{"title":"Fin de semana en el estand de Asturias en Fitur 2020 - El Digital de Asturias","description":"Un total de 27 blogueros han participado en el encuentro celebrado esta ma\u00f1ana en el estand de Asturias en Fitur 2020 coincidiendo con la apertura en fin de semana de la Feria Internacional de Turismo al p\u00fablico. Autores de diversos blogs especializados en viajes como Mochileros TV, El viaje de Sofi, Viajero Digital, los viajes","canonical_url":"https:\/\/www.eldigitaldeasturias.com\/noticias\/fin-de-semana-en-el-estand-de-asturias-en-fitur-2020\/","robots":"max-image-preview:large","keywords":"turismo","webmasterTools":{"google-site-verification":"UA-38556648-1","msvalidate.01":"7dfe9f3f1b24437ab69f4f2559babe99","miscellaneous":""},"schema":{"@context":"https:\/\/schema.org","@graph":[{"@type":"BlogPosting","@id":"https:\/\/www.eldigitaldeasturias.com\/noticias\/fin-de-semana-en-el-estand-de-asturias-en-fitur-2020\/#blogposting","name":"Fin de semana en el estand de Asturias en Fitur 2020 - El Digital de Asturias","headline":"Fin de semana en el estand de Asturias en Fitur 2020","author":{"@id":"https:\/\/www.eldigitaldeasturias.com\/noticias\/author\/admin\/#author"},"publisher":{"@id":"https:\/\/www.eldigitaldeasturias.com\/noticias\/#organization"},"image":{"@type":"ImageObject","url":"https:\/\/www.eldigitaldeasturias.com\/noticias\/wp-content\/uploads\/2020\/01\/Fitur-2020-Asturias.jpg","width":1081,"height":713},"datePublished":"2020-01-25T15:23:34+01:00","dateModified":"2020-01-25T15:23:50+01:00","inLanguage":"es-ES","mainEntityOfPage":{"@id":"https:\/\/www.eldigitaldeasturias.com\/noticias\/fin-de-semana-en-el-estand-de-asturias-en-fitur-2020\/#webpage"},"isPartOf":{"@id":"https:\/\/www.eldigitaldeasturias.com\/noticias\/fin-de-semana-en-el-estand-de-asturias-en-fitur-2020\/#webpage"},"articleSection":"Turismo"},{"@type":"BreadcrumbList","@id":"https:\/\/www.eldigitaldeasturias.com\/noticias\/fin-de-semana-en-el-estand-de-asturias-en-fitur-2020\/#breadcrumblist","itemListElement":[{"@type":"ListItem","@id":"https:\/\/www.eldigitaldeasturias.com\/noticias#listItem","position":1,"name":"Home","item":"https:\/\/www.eldigitaldeasturias.com\/noticias","nextItem":{"@type":"ListItem","@id":"https:\/\/www.eldigitaldeasturias.com\/noticias\/category\/turismo\/#listItem","name":"Turismo"}},{"@type":"ListItem","@id":"https:\/\/www.eldigitaldeasturias.com\/noticias\/category\/turismo\/#listItem","position":2,"name":"Turismo","item":"https:\/\/www.eldigitaldeasturias.com\/noticias\/category\/turismo\/","nextItem":{"@type":"ListItem","@id":"https:\/\/www.eldigitaldeasturias.com\/noticias\/fin-de-semana-en-el-estand-de-asturias-en-fitur-2020\/#listItem","name":"Fin de semana en el estand de Asturias en Fitur 2020"},"previousItem":{"@type":"ListItem","@id":"https:\/\/www.eldigitaldeasturias.com\/noticias#listItem","name":"Home"}},{"@type":"ListItem","@id":"https:\/\/www.eldigitaldeasturias.com\/noticias\/fin-de-semana-en-el-estand-de-asturias-en-fitur-2020\/#listItem","position":3,"name":"Fin de semana en el estand de Asturias en Fitur 2020","previousItem":{"@type":"ListItem","@id":"https:\/\/www.eldigitaldeasturias.com\/noticias\/category\/turismo\/#listItem","name":"Turismo"}}]},{"@type":"Organization","@id":"https:\/\/www.eldigitaldeasturias.com\/noticias\/#organization","name":"El Digital de Asturias","description":"Hemeroteca","url":"https:\/\/www.eldigitaldeasturias.com\/noticias\/","email":"info@eldigitaldeasturias.com","telephone":"+34652131393","logo":{"@type":"ImageObject","url":"https:\/\/www.eldigitaldeasturias.com\/noticias\/wp-content\/uploads\/2020\/12\/EDA.jpg","@id":"https:\/\/www.eldigitaldeasturias.com\/noticias\/fin-de-semana-en-el-estand-de-asturias-en-fitur-2020\/#organizationLogo","width":649,"height":297},"image":{"@id":"https:\/\/www.eldigitaldeasturias.com\/noticias\/fin-de-semana-en-el-estand-de-asturias-en-fitur-2020\/#organizationLogo"},"sameAs":["https:\/\/facebook.com\/eldigitaldeasturias","https:\/\/www.youtube.com\/channel\/UCZP-2wLEB9Rv6erhFmqVnvg"],"address":{"@id":"https:\/\/www.eldigitaldeasturias.com\/noticias\/#postaladdress","@type":"PostalAddress","streetAddress":"san antonio 4,","postalCode":"33430","addressLocality":"Cand\u00e1s","addressRegion":"Asturias","addressCountry":"ES"}},{"@type":"Person","@id":"https:\/\/www.eldigitaldeasturias.com\/noticias\/author\/admin\/#author","url":"https:\/\/www.eldigitaldeasturias.com\/noticias\/author\/admin\/","name":"El Digital de Asturias","image":{"@type":"ImageObject","@id":"https:\/\/www.eldigitaldeasturias.com\/noticias\/fin-de-semana-en-el-estand-de-asturias-en-fitur-2020\/#authorImage","url":"https:\/\/www.eldigitaldeasturias.com\/noticias\/wp-content\/litespeed\/avatar\/18677e78aa0546b92d9dbf31ec7d7668.jpg?ver=1777290358","width":96,"height":96,"caption":"El Digital de Asturias"}},{"@type":"WebPage","@id":"https:\/\/www.eldigitaldeasturias.com\/noticias\/fin-de-semana-en-el-estand-de-asturias-en-fitur-2020\/#webpage","url":"https:\/\/www.eldigitaldeasturias.com\/noticias\/fin-de-semana-en-el-estand-de-asturias-en-fitur-2020\/","name":"Fin de semana en el estand de Asturias en Fitur 2020 - El Digital de Asturias","description":"Un total de 27 blogueros han participado en el encuentro celebrado esta ma\u00f1ana en el estand de Asturias en Fitur 2020 coincidiendo con la apertura en fin de semana de la Feria Internacional de Turismo al p\u00fablico. Autores de diversos blogs especializados en viajes como Mochileros TV, El viaje de Sofi, Viajero Digital, los viajes","inLanguage":"es-ES","isPartOf":{"@id":"https:\/\/www.eldigitaldeasturias.com\/noticias\/#website"},"breadcrumb":{"@id":"https:\/\/www.eldigitaldeasturias.com\/noticias\/fin-de-semana-en-el-estand-de-asturias-en-fitur-2020\/#breadcrumblist"},"author":{"@id":"https:\/\/www.eldigitaldeasturias.com\/noticias\/author\/admin\/#author"},"creator":{"@id":"https:\/\/www.eldigitaldeasturias.com\/noticias\/author\/admin\/#author"},"image":{"@type":"ImageObject","url":"https:\/\/www.eldigitaldeasturias.com\/noticias\/wp-content\/uploads\/2020\/01\/Fitur-2020-Asturias.jpg","@id":"https:\/\/www.eldigitaldeasturias.com\/noticias\/fin-de-semana-en-el-estand-de-asturias-en-fitur-2020\/#mainImage","width":1081,"height":713},"primaryImageOfPage":{"@id":"https:\/\/www.eldigitaldeasturias.com\/noticias\/fin-de-semana-en-el-estand-de-asturias-en-fitur-2020\/#mainImage"},"datePublished":"2020-01-25T15:23:34+01:00","dateModified":"2020-01-25T15:23:50+01:00"},{"@type":"WebSite","@id":"https:\/\/www.eldigitaldeasturias.com\/noticias\/#website","url":"https:\/\/www.eldigitaldeasturias.com\/noticias\/","name":"El Digital de Asturias - Diario de actualidad y noticias","alternateName":"El Digital de Asturias - Diario de actualidad y noticias","description":"Hemeroteca","inLanguage":"es-ES","publisher":{"@id":"https:\/\/www.eldigitaldeasturias.com\/noticias\/#organization"}}]},"og:locale":"es_ES","og:site_name":"El Digital de Asturias","og:type":"article","og:title":"Fin de semana en el estand de Asturias en Fitur 2020 - El Digital de Asturias","og:description":"Un total de 27 blogueros han participado en el encuentro celebrado esta ma\u00f1ana en el estand de Asturias en Fitur 2020 coincidiendo con la apertura en fin de semana de la Feria Internacional de Turismo al p\u00fablico. Autores de diversos blogs especializados en viajes como Mochileros TV, El viaje de Sofi, Viajero Digital, los viajes","og:url":"https:\/\/www.eldigitaldeasturias.com\/noticias\/fin-de-semana-en-el-estand-de-asturias-en-fitur-2020\/","og:image":"https:\/\/www.eldigitaldeasturias.com\/noticias\/wp-content\/uploads\/2020\/01\/Fitur-2020-Asturias.jpg","og:image:secure_url":"https:\/\/www.eldigitaldeasturias.com\/noticias\/wp-content\/uploads\/2020\/01\/Fitur-2020-Asturias.jpg","og:image:width":1081,"og:image:height":713,"article:tag":["turismo"],"article:published_time":"2020-01-25T15:23:34+00:00","article:modified_time":"2020-01-25T15:23:50+00:00","article:publisher":"https:\/\/facebook.com\/eldigitaldeasturias","twitter:card":"summary_large_image","twitter:title":"Fin de semana en el estand de Asturias en Fitur 2020 - El Digital de Asturias","twitter:description":"Un total de 27 blogueros han participado en el encuentro celebrado esta ma\u00f1ana en el estand de Asturias en Fitur 2020 coincidiendo con la apertura en fin de semana de la Feria Internacional de Turismo al p\u00fablico. Autores de diversos blogs especializados en viajes como Mochileros TV, El viaje de Sofi, Viajero Digital, los viajes","twitter:image":"https:\/\/www.eldigitaldeasturias.com\/noticias\/wp-content\/uploads\/2020\/01\/Fitur-2020-Asturias.jpg","twitter:label1":"Escrito por","twitter:data1":"El Digital de Asturias","twitter:label2":"Tiempo de lectura estimado","twitter:data2":"1 minuto"},"aioseo_meta_data":{"post_id":"1055482","title":null,"description":null,"keywords":null,"keyphrases":null,"primary_term":null,"canonical_url":null,"og_title":null,"og_description":null,"og_object_type":"default","og_image_type":"default","og_image_url":null,"og_image_width":null,"og_image_height":null,"og_image_custom_url":null,"og_image_custom_fields":null,"og_video":null,"og_custom_url":null,"og_article_section":null,"og_article_tags":null,"twitter_use_og":false,"twitter_card":"default","twitter_image_type":"default","twitter_image_url":null,"twitter_image_custom_url":null,"twitter_image_custom_fields":null,"twitter_title":null,"twitter_description":null,"schema":{"blockGraphs":[],"customGraphs":[],"default":{"data":{"Article":[],"Course":[],"Dataset":[],"FAQPage":[],"Movie":[],"Person":[],"Product":[],"ProductReview":[],"Car":[],"Recipe":[],"Service":[],"SoftwareApplication":[],"WebPage":[]},"graphName":"","isEnabled":true},"graphs":[],"defaultGraph":"","defaultPostTypeGraph":""},"schema_type":null,"schema_type_options":null,"pillar_content":false,"robots_default":true,"robots_noindex":false,"robots_noarchive":false,"robots_nosnippet":false,"robots_nofollow":false,"robots_noimageindex":false,"robots_noodp":false,"robots_notranslate":false,"robots_max_snippet":null,"robots_max_videopreview":null,"robots_max_imagepreview":"large","priority":null,"frequency":null,"local_seo":null,"seo_analyzer_scan_date":"2025-10-30 19:11:06","breadcrumb_settings":null,"limit_modified_date":false,"open_ai":null,"ai":null,"created":"2020-12-21 10:56:12","updated":"2025-10-30 19:11:06"},"aioseo_breadcrumb":"<div class=\"aioseo-breadcrumbs\"><span class=\"aioseo-breadcrumb\">\n\t<a href=\"https:\/\/www.eldigitaldeasturias.com\/noticias\" title=\"Home\">Home<\/a>\n<\/span><span class=\"aioseo-breadcrumb-separator\">\u2013<\/span><span class=\"aioseo-breadcrumb\">\n\t<a href=\"https:\/\/www.eldigitaldeasturias.com\/noticias\/category\/turismo\/\" title=\"Turismo\">Turismo<\/a>\n<\/span><span class=\"aioseo-breadcrumb-separator\">\u2013<\/span><span class=\"aioseo-breadcrumb\">\n\t<a href=\"https:\/\/www.eldigitaldeasturias.com\/noticias\/fin-de-semana-en-el-estand-de-asturias-en-fitur-2020\/\" title=\"Fin de semana en el estand de Asturias en Fitur 2020\">Fin de semana en el estand de Asturias en Fitur 2020<\/a>\n<\/span><\/div>","aioseo_breadcrumb_json":[{"label":"Home","link":"https:\/\/www.eldigitaldeasturias.com\/noticias"},{"label":"Turismo","link":"https:\/\/www.eldigitaldeasturias.com\/noticias\/category\/turismo\/"},{"label":"Fin de semana en el estand de Asturias en Fitur 2020","link":"https:\/\/www.eldigitaldeasturias.com\/noticias\/fin-de-semana-en-el-estand-de-asturias-en-fitur-2020\/"}],"_links":{"self":[{"href":"https:\/\/www.eldigitaldeasturias.com\/noticias\/wp-json\/wp\/v2\/posts\/1055482","targetHints":{"allow":["GET"]}}],"collection":[{"href":"https:\/\/www.eldigitaldeasturias.com\/noticias\/wp-json\/wp\/v2\/posts"}],"about":[{"href":"https:\/\/www.eldigitaldeasturias.com\/noticias\/wp-json\/wp\/v2\/types\/post"}],"author":[{"embeddable":true,"href":"https:\/\/www.eldigitaldeasturias.com\/noticias\/wp-json\/wp\/v2\/users\/1"}],"replies":[{"embeddable":true,"href":"https:\/\/www.eldigitaldeasturias.com\/noticias\/wp-json\/wp\/v2\/comments?post=1055482"}],"version-history":[{"count":0,"href":"https:\/\/www.eldigitaldeasturias.com\/noticias\/wp-json\/wp\/v2\/posts\/1055482\/revisions"}],"wp:featuredmedia":[{"embeddable":true,"href":"https:\/\/www.eldigitaldeasturias.com\/noticias\/wp-json\/wp\/v2\/media\/1055483"}],"wp:attachment":[{"href":"https:\/\/www.eldigitaldeasturias.com\/noticias\/wp-json\/wp\/v2\/media?parent=1055482"}],"wp:term":[{"taxonomy":"category","embeddable":true,"href":"https:\/\/www.eldigitaldeasturias.com\/noticias\/wp-json\/wp\/v2\/categories?post=1055482"},{"taxonomy":"post_tag","embeddable":true,"href":"https:\/\/www.eldigitaldeasturias.com\/noticias\/wp-json\/wp\/v2\/tags?post=1055482"}],"curies":[{"name":"wp","href":"https:\/\/api.w.org\/{rel}","templated":true}]}}