{"id":1055358,"date":"2020-01-24T15:12:13","date_gmt":"2020-01-24T15:12:13","guid":{"rendered":"https:\/\/www.eldigitaldeasturias.com\/noticias\/?p=1055358"},"modified":"2020-01-24T15:12:13","modified_gmt":"2020-01-24T15:12:13","slug":"asturias-presenta-su-oferta-deportiva-en-fitur-2020","status":"publish","type":"post","link":"https:\/\/www.eldigitaldeasturias.com\/noticias\/asturias-presenta-su-oferta-deportiva-en-fitur-2020\/","title":{"rendered":"Asturias presenta su oferta deportiva en Fitur 2020"},"content":{"rendered":"<p><img loading=\"lazy\" decoding=\"async\" class=\"alignleft size-medium wp-image-1055359\" src=\"https:\/\/www.eldigitaldeasturias.com\/noticias\/wp-content\/uploads\/2020\/01\/Asturias-Fitur-2020-2-360x239.jpg\" alt=\"\" width=\"360\" height=\"239\" srcset=\"https:\/\/www.eldigitaldeasturias.com\/noticias\/wp-content\/uploads\/2020\/01\/Asturias-Fitur-2020-2-360x239.jpg 360w, https:\/\/www.eldigitaldeasturias.com\/noticias\/wp-content\/uploads\/2020\/01\/Asturias-Fitur-2020-2-690x457.jpg 690w, https:\/\/www.eldigitaldeasturias.com\/noticias\/wp-content\/uploads\/2020\/01\/Asturias-Fitur-2020-2-453x300.jpg 453w, https:\/\/www.eldigitaldeasturias.com\/noticias\/wp-content\/uploads\/2020\/01\/Asturias-Fitur-2020-2-768x509.jpg 768w, https:\/\/www.eldigitaldeasturias.com\/noticias\/wp-content\/uploads\/2020\/01\/Asturias-Fitur-2020-2-1024x679.jpg 1024w, https:\/\/www.eldigitaldeasturias.com\/noticias\/wp-content\/uploads\/2020\/01\/Asturias-Fitur-2020-2.jpg 1079w\" sizes=\"auto, (max-width: 360px) 100vw, 360px\" \/>El estand de <strong>Asturias en Fitur<\/strong> ha acogido esta ma\u00f1ana la presentaci\u00f3n de tres de los principales eventos vinculados con el turismo deportivo que se celebrar\u00e1n a lo largo de 2020. <em><strong>Las etapas asturianas de La Vuelta, el 90 aniversario del Descenso Internacional del Sella y el regreso al calendario veraniego del Principado del Torneo de Tenis Playa de Luanco<\/strong><\/em> han protagonizado estas presentaciones.<\/p>\n<p>Los dos recorridos de <strong>La Vuelta que transcurrir\u00e1n \u00edntegramente en Asturias tendr\u00e1n lugar los d\u00edas 29 y 30 de agosto<\/strong>. La viceconsejera de Turismo, Graciela Blanco, ha detallado su desarrollo y ha manifestado la relevancia que tiene para el Principado la colaboraci\u00f3n con la organizaci\u00f3n de la ronda ciclista. Blanco ha estado acompa\u00f1ada en el acto por el director de la prueba, Javier Guill\u00e9n, quien quiso destacar que \u00e9sta era la edici\u00f3n m\u00e1s internacional de La Vuelta con etapas en Pa\u00edses Bajos, Francia, Portugal y Espa\u00f1a. En la presentaci\u00f3n tambi\u00e9n han estado presentes la directora general de Deporte, Beatriz \u00c1lvarez Mesa, y los alcaldes de Villaviciosa, Laviana, Somiedo y Riosa, como anfitriones en los concejos en los que se encuentran las salidas y llegadas de las etapas.<\/p>\n<p>El estand ha acogido tambi\u00e9n la presentaci\u00f3n del 90 aniversario de la prueba, que coincide con los <strong>75 a\u00f1os del Tren Fluvial<\/strong>, un elemento singular y consustancial a la celebraci\u00f3n de la competici\u00f3n. La presentaci\u00f3n ha corrido a cargo de la viceconsejera de Turismo y de los representantes del Comit\u00e9 Organizador del Descenso Internacional del Sella (CODIS), quienes han realizadoun esbozo del programa d el doble aniversario.<\/p>\n<p>Finalmente, la directora general de Deporte ha participado en la<strong> presentaci\u00f3n de la 35 edici\u00f3n del Torneo de tenis Playa de Luanco<\/strong>, que regresa al calendario deportivo veraniego de Asturias despu\u00e9s de varios a\u00f1os. \u00c1lvarez Mesa ha compartido el acto con los miembros de la organizaci\u00f3n y con representantes del Ayuntamiento de Goz\u00f3n.<\/p>\n<p>&nbsp;<\/p>\n<p>&nbsp;<\/p>\n","protected":false},"excerpt":{"rendered":"<p>El estand de Asturias en Fitur ha acogido esta ma\u00f1ana la presentaci\u00f3n de tres de los principales eventos vinculados con el turismo deportivo que se celebrar\u00e1n a lo largo de 2020. Las etapas asturianas de La Vuelta, el 90 aniversario del Descenso Internacional del Sella y el regreso al calendario veraniego del Principado del Torneo [&hellip;]<\/p>\n","protected":false},"author":1,"featured_media":1055359,"comment_status":"closed","ping_status":"closed","sticky":false,"template":"","format":"standard","meta":{"footnotes":""},"categories":[148],"tags":[],"class_list":["post-1055358","post","type-post","status-publish","format-standard","has-post-thumbnail","hentry","category-turismo"],"aioseo_notices":[],"aioseo_head":"\n\t\t<!-- All in One SEO Pro 4.9.6.2 - aioseo.com -->\n\t<meta name=\"description\" content=\"El estand de Asturias en Fitur ha acogido esta ma\u00f1ana la presentaci\u00f3n de tres de los principales eventos vinculados con el turismo deportivo que se celebrar\u00e1n a lo largo de 2020. Las etapas asturianas de La Vuelta, el 90 aniversario del Descenso Internacional del Sella y el regreso al calendario veraniego del Principado del Torneo\" \/>\n\t<meta name=\"robots\" content=\"max-image-preview:large\" \/>\n\t<meta name=\"author\" content=\"El Digital de Asturias\"\/>\n\t<meta name=\"google-site-verification\" content=\"UA-38556648-1\" \/>\n\t<meta name=\"msvalidate.01\" content=\"7dfe9f3f1b24437ab69f4f2559babe99\" \/>\n\t<meta name=\"keywords\" content=\"turismo\" \/>\n\t<link rel=\"canonical\" href=\"https:\/\/www.eldigitaldeasturias.com\/noticias\/asturias-presenta-su-oferta-deportiva-en-fitur-2020\/\" \/>\n\t<meta name=\"generator\" content=\"All in One SEO Pro (AIOSEO) 4.9.6.2\" \/>\n\t\t<meta property=\"og:locale\" content=\"es_ES\" \/>\n\t\t<meta property=\"og:site_name\" content=\"El Digital de Asturias\" \/>\n\t\t<meta property=\"og:type\" content=\"article\" \/>\n\t\t<meta property=\"og:title\" content=\"Asturias presenta su oferta deportiva en Fitur 2020 - El Digital de Asturias\" \/>\n\t\t<meta property=\"og:description\" content=\"El estand de Asturias en Fitur ha acogido esta ma\u00f1ana la presentaci\u00f3n de tres de los principales eventos vinculados con el turismo deportivo que se celebrar\u00e1n a lo largo de 2020. Las etapas asturianas de La Vuelta, el 90 aniversario del Descenso Internacional del Sella y el regreso al calendario veraniego del Principado del Torneo\" \/>\n\t\t<meta property=\"og:url\" content=\"https:\/\/www.eldigitaldeasturias.com\/noticias\/asturias-presenta-su-oferta-deportiva-en-fitur-2020\/\" \/>\n\t\t<meta property=\"og:image\" content=\"https:\/\/www.eldigitaldeasturias.com\/noticias\/wp-content\/uploads\/2020\/01\/Asturias-Fitur-2020-2.jpg\" \/>\n\t\t<meta property=\"og:image:secure_url\" content=\"https:\/\/www.eldigitaldeasturias.com\/noticias\/wp-content\/uploads\/2020\/01\/Asturias-Fitur-2020-2.jpg\" \/>\n\t\t<meta property=\"og:image:width\" content=\"1079\" \/>\n\t\t<meta property=\"og:image:height\" content=\"715\" \/>\n\t\t<meta property=\"article:tag\" content=\"turismo\" \/>\n\t\t<meta property=\"article:published_time\" content=\"2020-01-24T15:12:13+00:00\" \/>\n\t\t<meta property=\"article:modified_time\" content=\"2020-01-24T15:12:13+00:00\" \/>\n\t\t<meta property=\"article:publisher\" content=\"https:\/\/facebook.com\/eldigitaldeasturias\" \/>\n\t\t<meta name=\"twitter:card\" content=\"summary_large_image\" \/>\n\t\t<meta name=\"twitter:title\" content=\"Asturias presenta su oferta deportiva en Fitur 2020 - El Digital de Asturias\" \/>\n\t\t<meta name=\"twitter:description\" content=\"El estand de Asturias en Fitur ha acogido esta ma\u00f1ana la presentaci\u00f3n de tres de los principales eventos vinculados con el turismo deportivo que se celebrar\u00e1n a lo largo de 2020. Las etapas asturianas de La Vuelta, el 90 aniversario del Descenso Internacional del Sella y el regreso al calendario veraniego del Principado del Torneo\" \/>\n\t\t<meta name=\"twitter:image\" content=\"https:\/\/www.eldigitaldeasturias.com\/noticias\/wp-content\/uploads\/2020\/01\/Asturias-Fitur-2020-2.jpg\" \/>\n\t\t<meta name=\"twitter:label1\" content=\"Escrito por\" \/>\n\t\t<meta name=\"twitter:data1\" content=\"El Digital de Asturias\" \/>\n\t\t<meta name=\"twitter:label2\" content=\"Tiempo de lectura estimado\" \/>\n\t\t<meta name=\"twitter:data2\" content=\"2 minutos\" \/>\n\t\t<script type=\"application\/ld+json\" class=\"aioseo-schema\">\n\t\t\t{\"@context\":\"https:\\\/\\\/schema.org\",\"@graph\":[{\"@type\":\"BlogPosting\",\"@id\":\"https:\\\/\\\/www.eldigitaldeasturias.com\\\/noticias\\\/asturias-presenta-su-oferta-deportiva-en-fitur-2020\\\/#blogposting\",\"name\":\"Asturias presenta su oferta deportiva en Fitur 2020 - El Digital de Asturias\",\"headline\":\"Asturias presenta su oferta deportiva en Fitur 2020\",\"author\":{\"@id\":\"https:\\\/\\\/www.eldigitaldeasturias.com\\\/noticias\\\/author\\\/admin\\\/#author\"},\"publisher\":{\"@id\":\"https:\\\/\\\/www.eldigitaldeasturias.com\\\/noticias\\\/#organization\"},\"image\":{\"@type\":\"ImageObject\",\"url\":\"https:\\\/\\\/www.eldigitaldeasturias.com\\\/noticias\\\/wp-content\\\/uploads\\\/2020\\\/01\\\/Asturias-Fitur-2020-2.jpg\",\"width\":1079,\"height\":715},\"datePublished\":\"2020-01-24T15:12:13+01:00\",\"dateModified\":\"2020-01-24T15:12:13+01:00\",\"inLanguage\":\"es-ES\",\"mainEntityOfPage\":{\"@id\":\"https:\\\/\\\/www.eldigitaldeasturias.com\\\/noticias\\\/asturias-presenta-su-oferta-deportiva-en-fitur-2020\\\/#webpage\"},\"isPartOf\":{\"@id\":\"https:\\\/\\\/www.eldigitaldeasturias.com\\\/noticias\\\/asturias-presenta-su-oferta-deportiva-en-fitur-2020\\\/#webpage\"},\"articleSection\":\"Turismo\"},{\"@type\":\"BreadcrumbList\",\"@id\":\"https:\\\/\\\/www.eldigitaldeasturias.com\\\/noticias\\\/asturias-presenta-su-oferta-deportiva-en-fitur-2020\\\/#breadcrumblist\",\"itemListElement\":[{\"@type\":\"ListItem\",\"@id\":\"https:\\\/\\\/www.eldigitaldeasturias.com\\\/noticias#listItem\",\"position\":1,\"name\":\"Home\",\"item\":\"https:\\\/\\\/www.eldigitaldeasturias.com\\\/noticias\",\"nextItem\":{\"@type\":\"ListItem\",\"@id\":\"https:\\\/\\\/www.eldigitaldeasturias.com\\\/noticias\\\/category\\\/turismo\\\/#listItem\",\"name\":\"Turismo\"}},{\"@type\":\"ListItem\",\"@id\":\"https:\\\/\\\/www.eldigitaldeasturias.com\\\/noticias\\\/category\\\/turismo\\\/#listItem\",\"position\":2,\"name\":\"Turismo\",\"item\":\"https:\\\/\\\/www.eldigitaldeasturias.com\\\/noticias\\\/category\\\/turismo\\\/\",\"nextItem\":{\"@type\":\"ListItem\",\"@id\":\"https:\\\/\\\/www.eldigitaldeasturias.com\\\/noticias\\\/asturias-presenta-su-oferta-deportiva-en-fitur-2020\\\/#listItem\",\"name\":\"Asturias presenta su oferta deportiva en Fitur 2020\"},\"previousItem\":{\"@type\":\"ListItem\",\"@id\":\"https:\\\/\\\/www.eldigitaldeasturias.com\\\/noticias#listItem\",\"name\":\"Home\"}},{\"@type\":\"ListItem\",\"@id\":\"https:\\\/\\\/www.eldigitaldeasturias.com\\\/noticias\\\/asturias-presenta-su-oferta-deportiva-en-fitur-2020\\\/#listItem\",\"position\":3,\"name\":\"Asturias presenta su oferta deportiva en Fitur 2020\",\"previousItem\":{\"@type\":\"ListItem\",\"@id\":\"https:\\\/\\\/www.eldigitaldeasturias.com\\\/noticias\\\/category\\\/turismo\\\/#listItem\",\"name\":\"Turismo\"}}]},{\"@type\":\"Organization\",\"@id\":\"https:\\\/\\\/www.eldigitaldeasturias.com\\\/noticias\\\/#organization\",\"name\":\"El Digital de Asturias\",\"description\":\"Hemeroteca\",\"url\":\"https:\\\/\\\/www.eldigitaldeasturias.com\\\/noticias\\\/\",\"email\":\"info@eldigitaldeasturias.com\",\"telephone\":\"+34652131393\",\"logo\":{\"@type\":\"ImageObject\",\"url\":\"https:\\\/\\\/www.eldigitaldeasturias.com\\\/noticias\\\/wp-content\\\/uploads\\\/2020\\\/12\\\/EDA.jpg\",\"@id\":\"https:\\\/\\\/www.eldigitaldeasturias.com\\\/noticias\\\/asturias-presenta-su-oferta-deportiva-en-fitur-2020\\\/#organizationLogo\",\"width\":649,\"height\":297},\"image\":{\"@id\":\"https:\\\/\\\/www.eldigitaldeasturias.com\\\/noticias\\\/asturias-presenta-su-oferta-deportiva-en-fitur-2020\\\/#organizationLogo\"},\"sameAs\":[\"https:\\\/\\\/facebook.com\\\/eldigitaldeasturias\",\"https:\\\/\\\/www.youtube.com\\\/channel\\\/UCZP-2wLEB9Rv6erhFmqVnvg\"],\"address\":{\"@id\":\"https:\\\/\\\/www.eldigitaldeasturias.com\\\/noticias\\\/#postaladdress\",\"@type\":\"PostalAddress\",\"streetAddress\":\"san antonio 4,\",\"postalCode\":\"33430\",\"addressLocality\":\"Cand\\u00e1s\",\"addressRegion\":\"Asturias\",\"addressCountry\":\"ES\"}},{\"@type\":\"Person\",\"@id\":\"https:\\\/\\\/www.eldigitaldeasturias.com\\\/noticias\\\/author\\\/admin\\\/#author\",\"url\":\"https:\\\/\\\/www.eldigitaldeasturias.com\\\/noticias\\\/author\\\/admin\\\/\",\"name\":\"El Digital de Asturias\",\"image\":{\"@type\":\"ImageObject\",\"@id\":\"https:\\\/\\\/www.eldigitaldeasturias.com\\\/noticias\\\/asturias-presenta-su-oferta-deportiva-en-fitur-2020\\\/#authorImage\",\"url\":\"https:\\\/\\\/www.eldigitaldeasturias.com\\\/noticias\\\/wp-content\\\/litespeed\\\/avatar\\\/18677e78aa0546b92d9dbf31ec7d7668.jpg?ver=1777290358\",\"width\":96,\"height\":96,\"caption\":\"El Digital de Asturias\"}},{\"@type\":\"WebPage\",\"@id\":\"https:\\\/\\\/www.eldigitaldeasturias.com\\\/noticias\\\/asturias-presenta-su-oferta-deportiva-en-fitur-2020\\\/#webpage\",\"url\":\"https:\\\/\\\/www.eldigitaldeasturias.com\\\/noticias\\\/asturias-presenta-su-oferta-deportiva-en-fitur-2020\\\/\",\"name\":\"Asturias presenta su oferta deportiva en Fitur 2020 - El Digital de Asturias\",\"description\":\"El estand de Asturias en Fitur ha acogido esta ma\\u00f1ana la presentaci\\u00f3n de tres de los principales eventos vinculados con el turismo deportivo que se celebrar\\u00e1n a lo largo de 2020. Las etapas asturianas de La Vuelta, el 90 aniversario del Descenso Internacional del Sella y el regreso al calendario veraniego del Principado del Torneo\",\"inLanguage\":\"es-ES\",\"isPartOf\":{\"@id\":\"https:\\\/\\\/www.eldigitaldeasturias.com\\\/noticias\\\/#website\"},\"breadcrumb\":{\"@id\":\"https:\\\/\\\/www.eldigitaldeasturias.com\\\/noticias\\\/asturias-presenta-su-oferta-deportiva-en-fitur-2020\\\/#breadcrumblist\"},\"author\":{\"@id\":\"https:\\\/\\\/www.eldigitaldeasturias.com\\\/noticias\\\/author\\\/admin\\\/#author\"},\"creator\":{\"@id\":\"https:\\\/\\\/www.eldigitaldeasturias.com\\\/noticias\\\/author\\\/admin\\\/#author\"},\"image\":{\"@type\":\"ImageObject\",\"url\":\"https:\\\/\\\/www.eldigitaldeasturias.com\\\/noticias\\\/wp-content\\\/uploads\\\/2020\\\/01\\\/Asturias-Fitur-2020-2.jpg\",\"@id\":\"https:\\\/\\\/www.eldigitaldeasturias.com\\\/noticias\\\/asturias-presenta-su-oferta-deportiva-en-fitur-2020\\\/#mainImage\",\"width\":1079,\"height\":715},\"primaryImageOfPage\":{\"@id\":\"https:\\\/\\\/www.eldigitaldeasturias.com\\\/noticias\\\/asturias-presenta-su-oferta-deportiva-en-fitur-2020\\\/#mainImage\"},\"datePublished\":\"2020-01-24T15:12:13+01:00\",\"dateModified\":\"2020-01-24T15:12:13+01:00\"},{\"@type\":\"WebSite\",\"@id\":\"https:\\\/\\\/www.eldigitaldeasturias.com\\\/noticias\\\/#website\",\"url\":\"https:\\\/\\\/www.eldigitaldeasturias.com\\\/noticias\\\/\",\"name\":\"El Digital de Asturias - Diario de actualidad y noticias\",\"alternateName\":\"El Digital de Asturias - Diario de actualidad y noticias\",\"description\":\"Hemeroteca\",\"inLanguage\":\"es-ES\",\"publisher\":{\"@id\":\"https:\\\/\\\/www.eldigitaldeasturias.com\\\/noticias\\\/#organization\"}}]}\n\t\t<\/script>\n\t\t<!-- All in One SEO Pro -->\r\n\t\t<title>Asturias presenta su oferta deportiva en Fitur 2020 - El Digital de Asturias<\/title>\n\n","aioseo_head_json":{"title":"Asturias presenta su oferta deportiva en Fitur 2020 - El Digital de Asturias","description":"El estand de Asturias en Fitur ha acogido esta ma\u00f1ana la presentaci\u00f3n de tres de los principales eventos vinculados con el turismo deportivo que se celebrar\u00e1n a lo largo de 2020. Las etapas asturianas de La Vuelta, el 90 aniversario del Descenso Internacional del Sella y el regreso al calendario veraniego del Principado del Torneo","canonical_url":"https:\/\/www.eldigitaldeasturias.com\/noticias\/asturias-presenta-su-oferta-deportiva-en-fitur-2020\/","robots":"max-image-preview:large","keywords":"turismo","webmasterTools":{"google-site-verification":"UA-38556648-1","msvalidate.01":"7dfe9f3f1b24437ab69f4f2559babe99","miscellaneous":""},"schema":{"@context":"https:\/\/schema.org","@graph":[{"@type":"BlogPosting","@id":"https:\/\/www.eldigitaldeasturias.com\/noticias\/asturias-presenta-su-oferta-deportiva-en-fitur-2020\/#blogposting","name":"Asturias presenta su oferta deportiva en Fitur 2020 - El Digital de Asturias","headline":"Asturias presenta su oferta deportiva en Fitur 2020","author":{"@id":"https:\/\/www.eldigitaldeasturias.com\/noticias\/author\/admin\/#author"},"publisher":{"@id":"https:\/\/www.eldigitaldeasturias.com\/noticias\/#organization"},"image":{"@type":"ImageObject","url":"https:\/\/www.eldigitaldeasturias.com\/noticias\/wp-content\/uploads\/2020\/01\/Asturias-Fitur-2020-2.jpg","width":1079,"height":715},"datePublished":"2020-01-24T15:12:13+01:00","dateModified":"2020-01-24T15:12:13+01:00","inLanguage":"es-ES","mainEntityOfPage":{"@id":"https:\/\/www.eldigitaldeasturias.com\/noticias\/asturias-presenta-su-oferta-deportiva-en-fitur-2020\/#webpage"},"isPartOf":{"@id":"https:\/\/www.eldigitaldeasturias.com\/noticias\/asturias-presenta-su-oferta-deportiva-en-fitur-2020\/#webpage"},"articleSection":"Turismo"},{"@type":"BreadcrumbList","@id":"https:\/\/www.eldigitaldeasturias.com\/noticias\/asturias-presenta-su-oferta-deportiva-en-fitur-2020\/#breadcrumblist","itemListElement":[{"@type":"ListItem","@id":"https:\/\/www.eldigitaldeasturias.com\/noticias#listItem","position":1,"name":"Home","item":"https:\/\/www.eldigitaldeasturias.com\/noticias","nextItem":{"@type":"ListItem","@id":"https:\/\/www.eldigitaldeasturias.com\/noticias\/category\/turismo\/#listItem","name":"Turismo"}},{"@type":"ListItem","@id":"https:\/\/www.eldigitaldeasturias.com\/noticias\/category\/turismo\/#listItem","position":2,"name":"Turismo","item":"https:\/\/www.eldigitaldeasturias.com\/noticias\/category\/turismo\/","nextItem":{"@type":"ListItem","@id":"https:\/\/www.eldigitaldeasturias.com\/noticias\/asturias-presenta-su-oferta-deportiva-en-fitur-2020\/#listItem","name":"Asturias presenta su oferta deportiva en Fitur 2020"},"previousItem":{"@type":"ListItem","@id":"https:\/\/www.eldigitaldeasturias.com\/noticias#listItem","name":"Home"}},{"@type":"ListItem","@id":"https:\/\/www.eldigitaldeasturias.com\/noticias\/asturias-presenta-su-oferta-deportiva-en-fitur-2020\/#listItem","position":3,"name":"Asturias presenta su oferta deportiva en Fitur 2020","previousItem":{"@type":"ListItem","@id":"https:\/\/www.eldigitaldeasturias.com\/noticias\/category\/turismo\/#listItem","name":"Turismo"}}]},{"@type":"Organization","@id":"https:\/\/www.eldigitaldeasturias.com\/noticias\/#organization","name":"El Digital de Asturias","description":"Hemeroteca","url":"https:\/\/www.eldigitaldeasturias.com\/noticias\/","email":"info@eldigitaldeasturias.com","telephone":"+34652131393","logo":{"@type":"ImageObject","url":"https:\/\/www.eldigitaldeasturias.com\/noticias\/wp-content\/uploads\/2020\/12\/EDA.jpg","@id":"https:\/\/www.eldigitaldeasturias.com\/noticias\/asturias-presenta-su-oferta-deportiva-en-fitur-2020\/#organizationLogo","width":649,"height":297},"image":{"@id":"https:\/\/www.eldigitaldeasturias.com\/noticias\/asturias-presenta-su-oferta-deportiva-en-fitur-2020\/#organizationLogo"},"sameAs":["https:\/\/facebook.com\/eldigitaldeasturias","https:\/\/www.youtube.com\/channel\/UCZP-2wLEB9Rv6erhFmqVnvg"],"address":{"@id":"https:\/\/www.eldigitaldeasturias.com\/noticias\/#postaladdress","@type":"PostalAddress","streetAddress":"san antonio 4,","postalCode":"33430","addressLocality":"Cand\u00e1s","addressRegion":"Asturias","addressCountry":"ES"}},{"@type":"Person","@id":"https:\/\/www.eldigitaldeasturias.com\/noticias\/author\/admin\/#author","url":"https:\/\/www.eldigitaldeasturias.com\/noticias\/author\/admin\/","name":"El Digital de Asturias","image":{"@type":"ImageObject","@id":"https:\/\/www.eldigitaldeasturias.com\/noticias\/asturias-presenta-su-oferta-deportiva-en-fitur-2020\/#authorImage","url":"https:\/\/www.eldigitaldeasturias.com\/noticias\/wp-content\/litespeed\/avatar\/18677e78aa0546b92d9dbf31ec7d7668.jpg?ver=1777290358","width":96,"height":96,"caption":"El Digital de Asturias"}},{"@type":"WebPage","@id":"https:\/\/www.eldigitaldeasturias.com\/noticias\/asturias-presenta-su-oferta-deportiva-en-fitur-2020\/#webpage","url":"https:\/\/www.eldigitaldeasturias.com\/noticias\/asturias-presenta-su-oferta-deportiva-en-fitur-2020\/","name":"Asturias presenta su oferta deportiva en Fitur 2020 - El Digital de Asturias","description":"El estand de Asturias en Fitur ha acogido esta ma\u00f1ana la presentaci\u00f3n de tres de los principales eventos vinculados con el turismo deportivo que se celebrar\u00e1n a lo largo de 2020. Las etapas asturianas de La Vuelta, el 90 aniversario del Descenso Internacional del Sella y el regreso al calendario veraniego del Principado del Torneo","inLanguage":"es-ES","isPartOf":{"@id":"https:\/\/www.eldigitaldeasturias.com\/noticias\/#website"},"breadcrumb":{"@id":"https:\/\/www.eldigitaldeasturias.com\/noticias\/asturias-presenta-su-oferta-deportiva-en-fitur-2020\/#breadcrumblist"},"author":{"@id":"https:\/\/www.eldigitaldeasturias.com\/noticias\/author\/admin\/#author"},"creator":{"@id":"https:\/\/www.eldigitaldeasturias.com\/noticias\/author\/admin\/#author"},"image":{"@type":"ImageObject","url":"https:\/\/www.eldigitaldeasturias.com\/noticias\/wp-content\/uploads\/2020\/01\/Asturias-Fitur-2020-2.jpg","@id":"https:\/\/www.eldigitaldeasturias.com\/noticias\/asturias-presenta-su-oferta-deportiva-en-fitur-2020\/#mainImage","width":1079,"height":715},"primaryImageOfPage":{"@id":"https:\/\/www.eldigitaldeasturias.com\/noticias\/asturias-presenta-su-oferta-deportiva-en-fitur-2020\/#mainImage"},"datePublished":"2020-01-24T15:12:13+01:00","dateModified":"2020-01-24T15:12:13+01:00"},{"@type":"WebSite","@id":"https:\/\/www.eldigitaldeasturias.com\/noticias\/#website","url":"https:\/\/www.eldigitaldeasturias.com\/noticias\/","name":"El Digital de Asturias - Diario de actualidad y noticias","alternateName":"El Digital de Asturias - Diario de actualidad y noticias","description":"Hemeroteca","inLanguage":"es-ES","publisher":{"@id":"https:\/\/www.eldigitaldeasturias.com\/noticias\/#organization"}}]},"og:locale":"es_ES","og:site_name":"El Digital de Asturias","og:type":"article","og:title":"Asturias presenta su oferta deportiva en Fitur 2020 - El Digital de Asturias","og:description":"El estand de Asturias en Fitur ha acogido esta ma\u00f1ana la presentaci\u00f3n de tres de los principales eventos vinculados con el turismo deportivo que se celebrar\u00e1n a lo largo de 2020. Las etapas asturianas de La Vuelta, el 90 aniversario del Descenso Internacional del Sella y el regreso al calendario veraniego del Principado del Torneo","og:url":"https:\/\/www.eldigitaldeasturias.com\/noticias\/asturias-presenta-su-oferta-deportiva-en-fitur-2020\/","og:image":"https:\/\/www.eldigitaldeasturias.com\/noticias\/wp-content\/uploads\/2020\/01\/Asturias-Fitur-2020-2.jpg","og:image:secure_url":"https:\/\/www.eldigitaldeasturias.com\/noticias\/wp-content\/uploads\/2020\/01\/Asturias-Fitur-2020-2.jpg","og:image:width":1079,"og:image:height":715,"article:tag":["turismo"],"article:published_time":"2020-01-24T15:12:13+00:00","article:modified_time":"2020-01-24T15:12:13+00:00","article:publisher":"https:\/\/facebook.com\/eldigitaldeasturias","twitter:card":"summary_large_image","twitter:title":"Asturias presenta su oferta deportiva en Fitur 2020 - El Digital de Asturias","twitter:description":"El estand de Asturias en Fitur ha acogido esta ma\u00f1ana la presentaci\u00f3n de tres de los principales eventos vinculados con el turismo deportivo que se celebrar\u00e1n a lo largo de 2020. Las etapas asturianas de La Vuelta, el 90 aniversario del Descenso Internacional del Sella y el regreso al calendario veraniego del Principado del Torneo","twitter:image":"https:\/\/www.eldigitaldeasturias.com\/noticias\/wp-content\/uploads\/2020\/01\/Asturias-Fitur-2020-2.jpg","twitter:label1":"Escrito por","twitter:data1":"El Digital de Asturias","twitter:label2":"Tiempo de lectura estimado","twitter:data2":"2 minutos"},"aioseo_meta_data":{"post_id":"1055358","title":null,"description":null,"keywords":null,"keyphrases":null,"primary_term":null,"canonical_url":null,"og_title":null,"og_description":null,"og_object_type":"default","og_image_type":"default","og_image_url":null,"og_image_width":null,"og_image_height":null,"og_image_custom_url":null,"og_image_custom_fields":null,"og_video":null,"og_custom_url":null,"og_article_section":null,"og_article_tags":null,"twitter_use_og":false,"twitter_card":"default","twitter_image_type":"default","twitter_image_url":null,"twitter_image_custom_url":null,"twitter_image_custom_fields":null,"twitter_title":null,"twitter_description":null,"schema":{"blockGraphs":[],"customGraphs":[],"default":{"data":{"Article":[],"Course":[],"Dataset":[],"FAQPage":[],"Movie":[],"Person":[],"Product":[],"ProductReview":[],"Car":[],"Recipe":[],"Service":[],"SoftwareApplication":[],"WebPage":[]},"graphName":"","isEnabled":true},"graphs":[],"defaultGraph":"","defaultPostTypeGraph":""},"schema_type":null,"schema_type_options":null,"pillar_content":false,"robots_default":true,"robots_noindex":false,"robots_noarchive":false,"robots_nosnippet":false,"robots_nofollow":false,"robots_noimageindex":false,"robots_noodp":false,"robots_notranslate":false,"robots_max_snippet":null,"robots_max_videopreview":null,"robots_max_imagepreview":"large","priority":null,"frequency":null,"local_seo":null,"seo_analyzer_scan_date":"2025-10-30 18:45:11","breadcrumb_settings":null,"limit_modified_date":false,"open_ai":null,"ai":null,"created":"2020-12-21 10:56:18","updated":"2025-10-30 18:45:11"},"aioseo_breadcrumb":"<div class=\"aioseo-breadcrumbs\"><span class=\"aioseo-breadcrumb\">\n\t<a href=\"https:\/\/www.eldigitaldeasturias.com\/noticias\" title=\"Home\">Home<\/a>\n<\/span><span class=\"aioseo-breadcrumb-separator\">\u2013<\/span><span class=\"aioseo-breadcrumb\">\n\t<a href=\"https:\/\/www.eldigitaldeasturias.com\/noticias\/category\/turismo\/\" title=\"Turismo\">Turismo<\/a>\n<\/span><span class=\"aioseo-breadcrumb-separator\">\u2013<\/span><span class=\"aioseo-breadcrumb\">\n\t<a href=\"https:\/\/www.eldigitaldeasturias.com\/noticias\/asturias-presenta-su-oferta-deportiva-en-fitur-2020\/\" title=\"Asturias presenta su oferta deportiva en Fitur 2020\">Asturias presenta su oferta deportiva en Fitur 2020<\/a>\n<\/span><\/div>","aioseo_breadcrumb_json":[{"label":"Home","link":"https:\/\/www.eldigitaldeasturias.com\/noticias"},{"label":"Turismo","link":"https:\/\/www.eldigitaldeasturias.com\/noticias\/category\/turismo\/"},{"label":"Asturias presenta su oferta deportiva en Fitur 2020","link":"https:\/\/www.eldigitaldeasturias.com\/noticias\/asturias-presenta-su-oferta-deportiva-en-fitur-2020\/"}],"_links":{"self":[{"href":"https:\/\/www.eldigitaldeasturias.com\/noticias\/wp-json\/wp\/v2\/posts\/1055358","targetHints":{"allow":["GET"]}}],"collection":[{"href":"https:\/\/www.eldigitaldeasturias.com\/noticias\/wp-json\/wp\/v2\/posts"}],"about":[{"href":"https:\/\/www.eldigitaldeasturias.com\/noticias\/wp-json\/wp\/v2\/types\/post"}],"author":[{"embeddable":true,"href":"https:\/\/www.eldigitaldeasturias.com\/noticias\/wp-json\/wp\/v2\/users\/1"}],"replies":[{"embeddable":true,"href":"https:\/\/www.eldigitaldeasturias.com\/noticias\/wp-json\/wp\/v2\/comments?post=1055358"}],"version-history":[{"count":0,"href":"https:\/\/www.eldigitaldeasturias.com\/noticias\/wp-json\/wp\/v2\/posts\/1055358\/revisions"}],"wp:featuredmedia":[{"embeddable":true,"href":"https:\/\/www.eldigitaldeasturias.com\/noticias\/wp-json\/wp\/v2\/media\/1055359"}],"wp:attachment":[{"href":"https:\/\/www.eldigitaldeasturias.com\/noticias\/wp-json\/wp\/v2\/media?parent=1055358"}],"wp:term":[{"taxonomy":"category","embeddable":true,"href":"https:\/\/www.eldigitaldeasturias.com\/noticias\/wp-json\/wp\/v2\/categories?post=1055358"},{"taxonomy":"post_tag","embeddable":true,"href":"https:\/\/www.eldigitaldeasturias.com\/noticias\/wp-json\/wp\/v2\/tags?post=1055358"}],"curies":[{"name":"wp","href":"https:\/\/api.w.org\/{rel}","templated":true}]}}