{"id":1055306,"date":"2020-01-23T21:19:31","date_gmt":"2020-01-23T21:19:31","guid":{"rendered":"https:\/\/www.eldigitaldeasturias.com\/noticias\/?p=1055306"},"modified":"2020-01-23T21:19:57","modified_gmt":"2020-01-23T21:19:57","slug":"xacobeo-2021-presentada-su-nueva-imagen-en-fitur-2020","status":"publish","type":"post","link":"https:\/\/www.eldigitaldeasturias.com\/noticias\/xacobeo-2021-presentada-su-nueva-imagen-en-fitur-2020\/","title":{"rendered":"Xacobeo 2021: Presentada su nueva imagen en FITUR 2020"},"content":{"rendered":"<p><img loading=\"lazy\" decoding=\"async\" class=\"alignleft size-medium wp-image-1055307\" src=\"https:\/\/www.eldigitaldeasturias.com\/noticias\/wp-content\/uploads\/2020\/01\/230120-Xacobeo2021-360x239.jpg\" alt=\"\" width=\"360\" height=\"239\" srcset=\"https:\/\/www.eldigitaldeasturias.com\/noticias\/wp-content\/uploads\/2020\/01\/230120-Xacobeo2021-360x239.jpg 360w, https:\/\/www.eldigitaldeasturias.com\/noticias\/wp-content\/uploads\/2020\/01\/230120-Xacobeo2021-452x300.jpg 452w, https:\/\/www.eldigitaldeasturias.com\/noticias\/wp-content\/uploads\/2020\/01\/230120-Xacobeo2021.jpg 512w\" sizes=\"auto, (max-width: 360px) 100vw, 360px\" \/>El ministro de Cultura y Deporte, Jos\u00e9 Manuel Rodr\u00edguez Uribes, y la ministra de Industria, Comercio y Turismo, Reyes Maroto, han presentado en FITUR el avance de programa de actividades del Estado y las comunidades aut\u00f3nomas por las que discurre el Camino de Santiago hist\u00f3rico que se est\u00e1 preparando para celebrar el <strong>Xacobeo 2021<\/strong>.<\/p>\n<p>Rodr\u00edguez Uribes, que es tambi\u00e9n presidente del Consejo Jacobeo, ha se\u00f1alado que en el programa oficial hay ya m\u00e1s de treinta actividades, por lo que \u00abestamos listos para arrancar la celebraci\u00f3n en la primavera\u00bb de este a\u00f1o.<\/p>\n<p>\u00abEl programa es el resultado de una colaboraci\u00f3n intensa entre todos los miembros del Consejo Jacobeo\u00bb, ha dicho el ministro, quien ha agradecido a las comunidades aut\u00f3nomas que conforman este \u00f3rgano y a las Asociaciones de Amigos y a la Asociaci\u00f3n de Municipios del Camino de Santiago el \u00abcomprender la potencialidad que tiene una conmemoraci\u00f3n de este tipo para la vertebraci\u00f3n del territorio y la dinamizaci\u00f3n social, cultural y tur\u00edstica\u00bb.<\/p>\n<p>Para hacer extensiva la celebraci\u00f3n del A\u00f1o Jubilar, Rodr\u00edguez Uribes ha anunciado la creaci\u00f3n de un grupo de trabajo dentro de la Conferencia Sectorial de Cultura para que todas las comunidades aut\u00f3nomas puedan hacer sus aportaciones a la conmemoraci\u00f3n.<\/p>\n<p>Por su parte, la ministra de Industria, Comercio y Turismo, Reyes Maroto, ha destacado la creaci\u00f3n de otro grupo de trabajo espec\u00edfico con motivo del A\u00f1o Santo Jacobeo \u00aben el que todas las comunidades aut\u00f3nomas est\u00e1n tambi\u00e9n colaborando en la difusi\u00f3n tur\u00edstica de este extraordinario recurso cultural\u00bb.<\/p>\n<p>El ministro de Cultura y Deporte ha destacado como acci\u00f3n paralela al programa oficial, el desarrollo del &#8216;Programa Xacobeo de conservaci\u00f3n y puesta en valor de bienes culturales&#8217;, elaborado en coordinaci\u00f3n con la Xunta de Galicia y la Fundaci\u00f3n Catedral de Santiago, iniciado en 2019, que conlleva una inversi\u00f3n hasta 2022 de 30 millones de euros en bienes culturales de Galicia.<\/p>\n<h3>La ilustraci\u00f3n espa\u00f1ola reinventa la imagen del Xacobeo<\/h3>\n<p>La nueva imagen de la conmemoraci\u00f3n se ha plasmado ya en la web del Xacobeo 2021 y en el proyecto Historietas Jacobeas, que ser\u00e1n el hilo transmisor del programa de actividades del Consejo Jacobeo.<\/p>\n<p>Impulsado por el Ministerio de Cultura y Deporte, Historietas Jacobeas ha sido un proyecto comisariado por el escritor y gestor cultural Jos\u00e9 Tono Mart\u00ednez y el ilustrador e historietista Pere Joan. Para su desarrollo se ha encargado a un conjunto de diecis\u00e9is ilustradores espa\u00f1oles la creaci\u00f3n de una iconograf\u00eda jacobea contempor\u00e1nea, dando lugar a carteles, postales e historietas sobre conceptos, mitos y otras narrativas del Camino de Santiago.<\/p>\n<p>Entre esos creadores, todos de distintas generaciones y procedencias, figuran Juan Berrio, Calpurnio, Jos\u00e9 Domingo, IRati F.G., Miguel Gallardo, Ana Galva\u00f1, Elena Ib\u00e1\u00f1ez, Raquel Lagartos y Julio C. Iglesias, Miguelanxo Prado, Pepa Prieto, Sonia Pulido, Antonia Santolaya y Mikel Valverde.<\/p>\n<p>Estos carteles se distribuir\u00e1n desde esta primavera por los albergues e incluyen un espacio para que los peregrinos dejen sus mensajes.<\/p>\n<p>La web ser\u00e1 el principal escaparate de la conmemoraci\u00f3n en la que se podr\u00e1 navegar a trav\u00e9s de las creaciones de los ilustradores. Adem\u00e1s, desde la p\u00e1gina se podr\u00e1n descargar los carteles, comics y una colecci\u00f3n de stickers para compartir en WhatsApp de forma gratuita. La web tambi\u00e9n contar\u00e1 con la ventana El Camino hoy donde se podr\u00e1n ver los testimonios de personas que han realizado el Camino como por ejemplo, la entrevista a David Ferrer con la que se inaugura la secci\u00f3n.<\/p>\n<p>Por otra parte, tambi\u00e9n se ha redise\u00f1ado el logotipo utilizado en los A\u00f1os Santos 1999, 2004 y 2010 con el fin de actualizar algunos aspectos de la marca y facilitar su aplicaci\u00f3n a entornos digitales sin perder identidad.<\/p>\n<h3>Proyectos y actividades para la dinamizaci\u00f3n cultural del Camino<\/h3>\n<p>El ministro de Cultura y Deporte ha destacado en la presentaci\u00f3n que el programa es \u00abmuy completo tanto en la variedad de las disciplinas como por su amplia presencia en el territorio. Incluye toda clase de actividades de dinamizaci\u00f3n cultural en las distintas comunidades que atraviesa el Camino, desde exposiciones a conciertos o muestras esc\u00e9nicas, jornadas o publicaciones\u00bb.<\/p>\n<p>Entre los proyectos y actividades destacan las acciones para la dinamizaci\u00f3n cultural del Camino. Se organizar\u00e1n ciclos de espect\u00e1culos de calle y se impulsar\u00e1 el proyecto Camino Escena Norte, itinerario de intercambio cultural iniciado en 2019 que toma la ruta hist\u00f3rica del Camino de Santiago del Norte como referencia para una programaci\u00f3n esc\u00e9nica.<\/p>\n<p>El programa conjunto incluir\u00e1 una edici\u00f3n especial del festival Tierra de cine, en el que directores amateurs rodar\u00e1n sus pel\u00edculas en el Camino de Santiago, el proyecto Camino de estrellas con actividades de divulgaci\u00f3n y observaci\u00f3n astron\u00f3mica ligadas al Camino.<\/p>\n<p>Por otra parte, el Consejo Jacobeo continuar\u00e1 su labor de educaci\u00f3n patrimonial en torno al Camino con la creaci\u00f3n de un nuevo libro interactivo pedag\u00f3gico sobre los Caminos del Norte, que completar\u00e1 la colecci\u00f3n iniciada con Sophie en el Camino y el Cuaderno de Fabio para el Camino Franc\u00e9s.<\/p>\n<p>Se retomar\u00e1 tambi\u00e9n el proyecto Hitos del Camino, que tuvo su primera edici\u00f3n en 2010, en el que las comunidades aut\u00f3nomas del Consejo Jacobeo presentar\u00e1n una selecci\u00f3n de monumentos relevantes por su gran significaci\u00f3n jacobea en una campa\u00f1a especial de difusi\u00f3n para su visita p\u00fablica.<\/p>\n<p>Y la Biblioteca Nacional de Espa\u00f1a, expondr\u00e1 en diciembre de 2020 la exposici\u00f3n Historietas Jacobeas, muestra que itinerar\u00e1 por distintos municipios jacobeos y durante 2021. En ella se exhibir\u00e1n bocetos y originales de los trabajos realizados por los ilustradores junto con im\u00e1genes anteriores para subrayar la evoluci\u00f3n de la iconograf\u00eda jacobea.<\/p>\n<h3>Dinamizaci\u00f3n tur\u00edstica y acogida<\/h3>\n<p>El Consejo Jacobeo tambi\u00e9n llevar\u00e1 a cabo un conjunto de acciones para la difusi\u00f3n tur\u00edstica de este itinerario cultural y la acogida a visitantes y peregrinos. El objetivo es lograr una mejora en la prestaci\u00f3n de servicios y la reducci\u00f3n del impacto medioambiental. Se ha destacado la importancia de que la sostenibilidad del Camino sea uno de los ejes transversales de la conmemoraci\u00f3n.<\/p>\n<p>Con motivo del A\u00f1o Santo, las comunidades aut\u00f3nomas del Camino facilitar\u00e1n la apertura de monumentos a trav\u00e9s de acuerdos con la Iglesia. Por otra parte, se preparar\u00e1n folletos informativos sobre los espacios naturales singulares, El Camino Verde, y un folleto-pasaporte gastron\u00f3mico jacobeo.<\/p>\n<p>En el \u00e1mbito internacional destaca el proyecto de especializar durante este a\u00f1o la Oficina Espa\u00f1ola de Turismo en Roma en el Camino de Santiago.<\/p>\n<h3>Un programa con car\u00e1cter abierto y participativo<\/h3>\n<p>El programa oficial de la conmemoraci\u00f3n tiene un car\u00e1cter abierto y participativo por lo que se ha habilitado un formulario en la sede electr\u00f3nica del Ministerio de Cultura y Deporte para que las entidades p\u00fablicas y privadas que lo deseen puedan enviar sus propuestas.<\/p>\n<p>Todos los proyectos que se incluyan en el programa oficial se difundir\u00e1n en la web del Xacobeo 2021.<\/p>\n","protected":false},"excerpt":{"rendered":"<p>El ministro de Cultura y Deporte, Jos\u00e9 Manuel Rodr\u00edguez Uribes, y la ministra de Industria, Comercio y Turismo, Reyes Maroto, han presentado en FITUR el avance de programa de actividades del Estado y las comunidades aut\u00f3nomas por las que discurre el Camino de Santiago hist\u00f3rico que se est\u00e1 preparando para celebrar el Xacobeo 2021. Rodr\u00edguez [&hellip;]<\/p>\n","protected":false},"author":1,"featured_media":1055307,"comment_status":"closed","ping_status":"closed","sticky":false,"template":"","format":"standard","meta":{"footnotes":""},"categories":[148],"tags":[],"class_list":["post-1055306","post","type-post","status-publish","format-standard","has-post-thumbnail","hentry","category-turismo"],"aioseo_notices":[],"aioseo_head":"\n\t\t<!-- All in One SEO Pro 4.9.6.2 - aioseo.com -->\n\t<meta name=\"description\" content=\"El ministro de Cultura y Deporte, Jos\u00e9 Manuel Rodr\u00edguez Uribes, y la ministra de Industria, Comercio y Turismo, Reyes Maroto, han presentado en FITUR el avance de programa de actividades del Estado y las comunidades aut\u00f3nomas por las que discurre el Camino de Santiago hist\u00f3rico que se est\u00e1 preparando para celebrar el Xacobeo 2021. Rodr\u00edguez\" \/>\n\t<meta name=\"robots\" content=\"max-image-preview:large\" \/>\n\t<meta name=\"author\" content=\"El Digital de Asturias\"\/>\n\t<meta name=\"google-site-verification\" content=\"UA-38556648-1\" \/>\n\t<meta name=\"msvalidate.01\" content=\"7dfe9f3f1b24437ab69f4f2559babe99\" \/>\n\t<meta name=\"keywords\" content=\"turismo\" \/>\n\t<link rel=\"canonical\" href=\"https:\/\/www.eldigitaldeasturias.com\/noticias\/xacobeo-2021-presentada-su-nueva-imagen-en-fitur-2020\/\" \/>\n\t<meta name=\"generator\" content=\"All in One SEO Pro (AIOSEO) 4.9.6.2\" \/>\n\t\t<meta property=\"og:locale\" content=\"es_ES\" \/>\n\t\t<meta property=\"og:site_name\" content=\"El Digital de Asturias\" \/>\n\t\t<meta property=\"og:type\" content=\"article\" \/>\n\t\t<meta property=\"og:title\" content=\"Xacobeo 2021: Presentada su nueva imagen en FITUR 2020 - El Digital de Asturias\" \/>\n\t\t<meta property=\"og:description\" content=\"El ministro de Cultura y Deporte, Jos\u00e9 Manuel Rodr\u00edguez Uribes, y la ministra de Industria, Comercio y Turismo, Reyes Maroto, han presentado en FITUR el avance de programa de actividades del Estado y las comunidades aut\u00f3nomas por las que discurre el Camino de Santiago hist\u00f3rico que se est\u00e1 preparando para celebrar el Xacobeo 2021. Rodr\u00edguez\" \/>\n\t\t<meta property=\"og:url\" content=\"https:\/\/www.eldigitaldeasturias.com\/noticias\/xacobeo-2021-presentada-su-nueva-imagen-en-fitur-2020\/\" \/>\n\t\t<meta property=\"og:image\" content=\"https:\/\/www.eldigitaldeasturias.com\/noticias\/wp-content\/uploads\/2020\/01\/230120-Xacobeo2021.jpg\" \/>\n\t\t<meta property=\"og:image:secure_url\" content=\"https:\/\/www.eldigitaldeasturias.com\/noticias\/wp-content\/uploads\/2020\/01\/230120-Xacobeo2021.jpg\" \/>\n\t\t<meta property=\"og:image:width\" content=\"512\" \/>\n\t\t<meta property=\"og:image:height\" content=\"340\" \/>\n\t\t<meta property=\"article:tag\" content=\"turismo\" \/>\n\t\t<meta property=\"article:published_time\" content=\"2020-01-23T21:19:31+00:00\" \/>\n\t\t<meta property=\"article:modified_time\" content=\"2020-01-23T21:19:57+00:00\" \/>\n\t\t<meta property=\"article:publisher\" content=\"https:\/\/facebook.com\/eldigitaldeasturias\" \/>\n\t\t<meta name=\"twitter:card\" content=\"summary_large_image\" \/>\n\t\t<meta name=\"twitter:title\" content=\"Xacobeo 2021: Presentada su nueva imagen en FITUR 2020 - El Digital de Asturias\" \/>\n\t\t<meta name=\"twitter:description\" content=\"El ministro de Cultura y Deporte, Jos\u00e9 Manuel Rodr\u00edguez Uribes, y la ministra de Industria, Comercio y Turismo, Reyes Maroto, han presentado en FITUR el avance de programa de actividades del Estado y las comunidades aut\u00f3nomas por las que discurre el Camino de Santiago hist\u00f3rico que se est\u00e1 preparando para celebrar el Xacobeo 2021. Rodr\u00edguez\" \/>\n\t\t<meta name=\"twitter:image\" content=\"https:\/\/www.eldigitaldeasturias.com\/noticias\/wp-content\/uploads\/2020\/01\/230120-Xacobeo2021.jpg\" \/>\n\t\t<meta name=\"twitter:label1\" content=\"Escrito por\" \/>\n\t\t<meta name=\"twitter:data1\" content=\"El Digital de Asturias\" \/>\n\t\t<meta name=\"twitter:label2\" content=\"Tiempo de lectura estimado\" \/>\n\t\t<meta name=\"twitter:data2\" content=\"6 minutos\" \/>\n\t\t<script type=\"application\/ld+json\" class=\"aioseo-schema\">\n\t\t\t{\"@context\":\"https:\\\/\\\/schema.org\",\"@graph\":[{\"@type\":\"BlogPosting\",\"@id\":\"https:\\\/\\\/www.eldigitaldeasturias.com\\\/noticias\\\/xacobeo-2021-presentada-su-nueva-imagen-en-fitur-2020\\\/#blogposting\",\"name\":\"Xacobeo 2021: Presentada su nueva imagen en FITUR 2020 - El Digital de Asturias\",\"headline\":\"Xacobeo 2021: Presentada su nueva imagen en FITUR 2020\",\"author\":{\"@id\":\"https:\\\/\\\/www.eldigitaldeasturias.com\\\/noticias\\\/author\\\/admin\\\/#author\"},\"publisher\":{\"@id\":\"https:\\\/\\\/www.eldigitaldeasturias.com\\\/noticias\\\/#organization\"},\"image\":{\"@type\":\"ImageObject\",\"url\":\"https:\\\/\\\/www.eldigitaldeasturias.com\\\/noticias\\\/wp-content\\\/uploads\\\/2020\\\/01\\\/230120-Xacobeo2021.jpg\",\"width\":512,\"height\":340},\"datePublished\":\"2020-01-23T21:19:31+01:00\",\"dateModified\":\"2020-01-23T21:19:57+01:00\",\"inLanguage\":\"es-ES\",\"mainEntityOfPage\":{\"@id\":\"https:\\\/\\\/www.eldigitaldeasturias.com\\\/noticias\\\/xacobeo-2021-presentada-su-nueva-imagen-en-fitur-2020\\\/#webpage\"},\"isPartOf\":{\"@id\":\"https:\\\/\\\/www.eldigitaldeasturias.com\\\/noticias\\\/xacobeo-2021-presentada-su-nueva-imagen-en-fitur-2020\\\/#webpage\"},\"articleSection\":\"Turismo\"},{\"@type\":\"BreadcrumbList\",\"@id\":\"https:\\\/\\\/www.eldigitaldeasturias.com\\\/noticias\\\/xacobeo-2021-presentada-su-nueva-imagen-en-fitur-2020\\\/#breadcrumblist\",\"itemListElement\":[{\"@type\":\"ListItem\",\"@id\":\"https:\\\/\\\/www.eldigitaldeasturias.com\\\/noticias#listItem\",\"position\":1,\"name\":\"Home\",\"item\":\"https:\\\/\\\/www.eldigitaldeasturias.com\\\/noticias\",\"nextItem\":{\"@type\":\"ListItem\",\"@id\":\"https:\\\/\\\/www.eldigitaldeasturias.com\\\/noticias\\\/category\\\/turismo\\\/#listItem\",\"name\":\"Turismo\"}},{\"@type\":\"ListItem\",\"@id\":\"https:\\\/\\\/www.eldigitaldeasturias.com\\\/noticias\\\/category\\\/turismo\\\/#listItem\",\"position\":2,\"name\":\"Turismo\",\"item\":\"https:\\\/\\\/www.eldigitaldeasturias.com\\\/noticias\\\/category\\\/turismo\\\/\",\"nextItem\":{\"@type\":\"ListItem\",\"@id\":\"https:\\\/\\\/www.eldigitaldeasturias.com\\\/noticias\\\/xacobeo-2021-presentada-su-nueva-imagen-en-fitur-2020\\\/#listItem\",\"name\":\"Xacobeo 2021: Presentada su nueva imagen en FITUR 2020\"},\"previousItem\":{\"@type\":\"ListItem\",\"@id\":\"https:\\\/\\\/www.eldigitaldeasturias.com\\\/noticias#listItem\",\"name\":\"Home\"}},{\"@type\":\"ListItem\",\"@id\":\"https:\\\/\\\/www.eldigitaldeasturias.com\\\/noticias\\\/xacobeo-2021-presentada-su-nueva-imagen-en-fitur-2020\\\/#listItem\",\"position\":3,\"name\":\"Xacobeo 2021: Presentada su nueva imagen en FITUR 2020\",\"previousItem\":{\"@type\":\"ListItem\",\"@id\":\"https:\\\/\\\/www.eldigitaldeasturias.com\\\/noticias\\\/category\\\/turismo\\\/#listItem\",\"name\":\"Turismo\"}}]},{\"@type\":\"Organization\",\"@id\":\"https:\\\/\\\/www.eldigitaldeasturias.com\\\/noticias\\\/#organization\",\"name\":\"El Digital de Asturias\",\"description\":\"Hemeroteca\",\"url\":\"https:\\\/\\\/www.eldigitaldeasturias.com\\\/noticias\\\/\",\"email\":\"info@eldigitaldeasturias.com\",\"telephone\":\"+34652131393\",\"logo\":{\"@type\":\"ImageObject\",\"url\":\"https:\\\/\\\/www.eldigitaldeasturias.com\\\/noticias\\\/wp-content\\\/uploads\\\/2020\\\/12\\\/EDA.jpg\",\"@id\":\"https:\\\/\\\/www.eldigitaldeasturias.com\\\/noticias\\\/xacobeo-2021-presentada-su-nueva-imagen-en-fitur-2020\\\/#organizationLogo\",\"width\":649,\"height\":297},\"image\":{\"@id\":\"https:\\\/\\\/www.eldigitaldeasturias.com\\\/noticias\\\/xacobeo-2021-presentada-su-nueva-imagen-en-fitur-2020\\\/#organizationLogo\"},\"sameAs\":[\"https:\\\/\\\/facebook.com\\\/eldigitaldeasturias\",\"https:\\\/\\\/www.youtube.com\\\/channel\\\/UCZP-2wLEB9Rv6erhFmqVnvg\"],\"address\":{\"@id\":\"https:\\\/\\\/www.eldigitaldeasturias.com\\\/noticias\\\/#postaladdress\",\"@type\":\"PostalAddress\",\"streetAddress\":\"san antonio 4,\",\"postalCode\":\"33430\",\"addressLocality\":\"Cand\\u00e1s\",\"addressRegion\":\"Asturias\",\"addressCountry\":\"ES\"}},{\"@type\":\"Person\",\"@id\":\"https:\\\/\\\/www.eldigitaldeasturias.com\\\/noticias\\\/author\\\/admin\\\/#author\",\"url\":\"https:\\\/\\\/www.eldigitaldeasturias.com\\\/noticias\\\/author\\\/admin\\\/\",\"name\":\"El Digital de Asturias\",\"image\":{\"@type\":\"ImageObject\",\"@id\":\"https:\\\/\\\/www.eldigitaldeasturias.com\\\/noticias\\\/xacobeo-2021-presentada-su-nueva-imagen-en-fitur-2020\\\/#authorImage\",\"url\":\"https:\\\/\\\/www.eldigitaldeasturias.com\\\/noticias\\\/wp-content\\\/litespeed\\\/avatar\\\/18677e78aa0546b92d9dbf31ec7d7668.jpg?ver=1777290358\",\"width\":96,\"height\":96,\"caption\":\"El Digital de Asturias\"}},{\"@type\":\"WebPage\",\"@id\":\"https:\\\/\\\/www.eldigitaldeasturias.com\\\/noticias\\\/xacobeo-2021-presentada-su-nueva-imagen-en-fitur-2020\\\/#webpage\",\"url\":\"https:\\\/\\\/www.eldigitaldeasturias.com\\\/noticias\\\/xacobeo-2021-presentada-su-nueva-imagen-en-fitur-2020\\\/\",\"name\":\"Xacobeo 2021: Presentada su nueva imagen en FITUR 2020 - El Digital de Asturias\",\"description\":\"El ministro de Cultura y Deporte, Jos\\u00e9 Manuel Rodr\\u00edguez Uribes, y la ministra de Industria, Comercio y Turismo, Reyes Maroto, han presentado en FITUR el avance de programa de actividades del Estado y las comunidades aut\\u00f3nomas por las que discurre el Camino de Santiago hist\\u00f3rico que se est\\u00e1 preparando para celebrar el Xacobeo 2021. Rodr\\u00edguez\",\"inLanguage\":\"es-ES\",\"isPartOf\":{\"@id\":\"https:\\\/\\\/www.eldigitaldeasturias.com\\\/noticias\\\/#website\"},\"breadcrumb\":{\"@id\":\"https:\\\/\\\/www.eldigitaldeasturias.com\\\/noticias\\\/xacobeo-2021-presentada-su-nueva-imagen-en-fitur-2020\\\/#breadcrumblist\"},\"author\":{\"@id\":\"https:\\\/\\\/www.eldigitaldeasturias.com\\\/noticias\\\/author\\\/admin\\\/#author\"},\"creator\":{\"@id\":\"https:\\\/\\\/www.eldigitaldeasturias.com\\\/noticias\\\/author\\\/admin\\\/#author\"},\"image\":{\"@type\":\"ImageObject\",\"url\":\"https:\\\/\\\/www.eldigitaldeasturias.com\\\/noticias\\\/wp-content\\\/uploads\\\/2020\\\/01\\\/230120-Xacobeo2021.jpg\",\"@id\":\"https:\\\/\\\/www.eldigitaldeasturias.com\\\/noticias\\\/xacobeo-2021-presentada-su-nueva-imagen-en-fitur-2020\\\/#mainImage\",\"width\":512,\"height\":340},\"primaryImageOfPage\":{\"@id\":\"https:\\\/\\\/www.eldigitaldeasturias.com\\\/noticias\\\/xacobeo-2021-presentada-su-nueva-imagen-en-fitur-2020\\\/#mainImage\"},\"datePublished\":\"2020-01-23T21:19:31+01:00\",\"dateModified\":\"2020-01-23T21:19:57+01:00\"},{\"@type\":\"WebSite\",\"@id\":\"https:\\\/\\\/www.eldigitaldeasturias.com\\\/noticias\\\/#website\",\"url\":\"https:\\\/\\\/www.eldigitaldeasturias.com\\\/noticias\\\/\",\"name\":\"El Digital de Asturias - Diario de actualidad y noticias\",\"alternateName\":\"El Digital de Asturias - Diario de actualidad y noticias\",\"description\":\"Hemeroteca\",\"inLanguage\":\"es-ES\",\"publisher\":{\"@id\":\"https:\\\/\\\/www.eldigitaldeasturias.com\\\/noticias\\\/#organization\"}}]}\n\t\t<\/script>\n\t\t<!-- All in One SEO Pro -->\r\n\t\t<title>Xacobeo 2021: Presentada su nueva imagen en FITUR 2020 - El Digital de Asturias<\/title>\n\n","aioseo_head_json":{"title":"Xacobeo 2021: Presentada su nueva imagen en FITUR 2020 - El Digital de Asturias","description":"El ministro de Cultura y Deporte, Jos\u00e9 Manuel Rodr\u00edguez Uribes, y la ministra de Industria, Comercio y Turismo, Reyes Maroto, han presentado en FITUR el avance de programa de actividades del Estado y las comunidades aut\u00f3nomas por las que discurre el Camino de Santiago hist\u00f3rico que se est\u00e1 preparando para celebrar el Xacobeo 2021. Rodr\u00edguez","canonical_url":"https:\/\/www.eldigitaldeasturias.com\/noticias\/xacobeo-2021-presentada-su-nueva-imagen-en-fitur-2020\/","robots":"max-image-preview:large","keywords":"turismo","webmasterTools":{"google-site-verification":"UA-38556648-1","msvalidate.01":"7dfe9f3f1b24437ab69f4f2559babe99","miscellaneous":""},"schema":{"@context":"https:\/\/schema.org","@graph":[{"@type":"BlogPosting","@id":"https:\/\/www.eldigitaldeasturias.com\/noticias\/xacobeo-2021-presentada-su-nueva-imagen-en-fitur-2020\/#blogposting","name":"Xacobeo 2021: Presentada su nueva imagen en FITUR 2020 - El Digital de Asturias","headline":"Xacobeo 2021: Presentada su nueva imagen en FITUR 2020","author":{"@id":"https:\/\/www.eldigitaldeasturias.com\/noticias\/author\/admin\/#author"},"publisher":{"@id":"https:\/\/www.eldigitaldeasturias.com\/noticias\/#organization"},"image":{"@type":"ImageObject","url":"https:\/\/www.eldigitaldeasturias.com\/noticias\/wp-content\/uploads\/2020\/01\/230120-Xacobeo2021.jpg","width":512,"height":340},"datePublished":"2020-01-23T21:19:31+01:00","dateModified":"2020-01-23T21:19:57+01:00","inLanguage":"es-ES","mainEntityOfPage":{"@id":"https:\/\/www.eldigitaldeasturias.com\/noticias\/xacobeo-2021-presentada-su-nueva-imagen-en-fitur-2020\/#webpage"},"isPartOf":{"@id":"https:\/\/www.eldigitaldeasturias.com\/noticias\/xacobeo-2021-presentada-su-nueva-imagen-en-fitur-2020\/#webpage"},"articleSection":"Turismo"},{"@type":"BreadcrumbList","@id":"https:\/\/www.eldigitaldeasturias.com\/noticias\/xacobeo-2021-presentada-su-nueva-imagen-en-fitur-2020\/#breadcrumblist","itemListElement":[{"@type":"ListItem","@id":"https:\/\/www.eldigitaldeasturias.com\/noticias#listItem","position":1,"name":"Home","item":"https:\/\/www.eldigitaldeasturias.com\/noticias","nextItem":{"@type":"ListItem","@id":"https:\/\/www.eldigitaldeasturias.com\/noticias\/category\/turismo\/#listItem","name":"Turismo"}},{"@type":"ListItem","@id":"https:\/\/www.eldigitaldeasturias.com\/noticias\/category\/turismo\/#listItem","position":2,"name":"Turismo","item":"https:\/\/www.eldigitaldeasturias.com\/noticias\/category\/turismo\/","nextItem":{"@type":"ListItem","@id":"https:\/\/www.eldigitaldeasturias.com\/noticias\/xacobeo-2021-presentada-su-nueva-imagen-en-fitur-2020\/#listItem","name":"Xacobeo 2021: Presentada su nueva imagen en FITUR 2020"},"previousItem":{"@type":"ListItem","@id":"https:\/\/www.eldigitaldeasturias.com\/noticias#listItem","name":"Home"}},{"@type":"ListItem","@id":"https:\/\/www.eldigitaldeasturias.com\/noticias\/xacobeo-2021-presentada-su-nueva-imagen-en-fitur-2020\/#listItem","position":3,"name":"Xacobeo 2021: Presentada su nueva imagen en FITUR 2020","previousItem":{"@type":"ListItem","@id":"https:\/\/www.eldigitaldeasturias.com\/noticias\/category\/turismo\/#listItem","name":"Turismo"}}]},{"@type":"Organization","@id":"https:\/\/www.eldigitaldeasturias.com\/noticias\/#organization","name":"El Digital de Asturias","description":"Hemeroteca","url":"https:\/\/www.eldigitaldeasturias.com\/noticias\/","email":"info@eldigitaldeasturias.com","telephone":"+34652131393","logo":{"@type":"ImageObject","url":"https:\/\/www.eldigitaldeasturias.com\/noticias\/wp-content\/uploads\/2020\/12\/EDA.jpg","@id":"https:\/\/www.eldigitaldeasturias.com\/noticias\/xacobeo-2021-presentada-su-nueva-imagen-en-fitur-2020\/#organizationLogo","width":649,"height":297},"image":{"@id":"https:\/\/www.eldigitaldeasturias.com\/noticias\/xacobeo-2021-presentada-su-nueva-imagen-en-fitur-2020\/#organizationLogo"},"sameAs":["https:\/\/facebook.com\/eldigitaldeasturias","https:\/\/www.youtube.com\/channel\/UCZP-2wLEB9Rv6erhFmqVnvg"],"address":{"@id":"https:\/\/www.eldigitaldeasturias.com\/noticias\/#postaladdress","@type":"PostalAddress","streetAddress":"san antonio 4,","postalCode":"33430","addressLocality":"Cand\u00e1s","addressRegion":"Asturias","addressCountry":"ES"}},{"@type":"Person","@id":"https:\/\/www.eldigitaldeasturias.com\/noticias\/author\/admin\/#author","url":"https:\/\/www.eldigitaldeasturias.com\/noticias\/author\/admin\/","name":"El Digital de Asturias","image":{"@type":"ImageObject","@id":"https:\/\/www.eldigitaldeasturias.com\/noticias\/xacobeo-2021-presentada-su-nueva-imagen-en-fitur-2020\/#authorImage","url":"https:\/\/www.eldigitaldeasturias.com\/noticias\/wp-content\/litespeed\/avatar\/18677e78aa0546b92d9dbf31ec7d7668.jpg?ver=1777290358","width":96,"height":96,"caption":"El Digital de Asturias"}},{"@type":"WebPage","@id":"https:\/\/www.eldigitaldeasturias.com\/noticias\/xacobeo-2021-presentada-su-nueva-imagen-en-fitur-2020\/#webpage","url":"https:\/\/www.eldigitaldeasturias.com\/noticias\/xacobeo-2021-presentada-su-nueva-imagen-en-fitur-2020\/","name":"Xacobeo 2021: Presentada su nueva imagen en FITUR 2020 - El Digital de Asturias","description":"El ministro de Cultura y Deporte, Jos\u00e9 Manuel Rodr\u00edguez Uribes, y la ministra de Industria, Comercio y Turismo, Reyes Maroto, han presentado en FITUR el avance de programa de actividades del Estado y las comunidades aut\u00f3nomas por las que discurre el Camino de Santiago hist\u00f3rico que se est\u00e1 preparando para celebrar el Xacobeo 2021. Rodr\u00edguez","inLanguage":"es-ES","isPartOf":{"@id":"https:\/\/www.eldigitaldeasturias.com\/noticias\/#website"},"breadcrumb":{"@id":"https:\/\/www.eldigitaldeasturias.com\/noticias\/xacobeo-2021-presentada-su-nueva-imagen-en-fitur-2020\/#breadcrumblist"},"author":{"@id":"https:\/\/www.eldigitaldeasturias.com\/noticias\/author\/admin\/#author"},"creator":{"@id":"https:\/\/www.eldigitaldeasturias.com\/noticias\/author\/admin\/#author"},"image":{"@type":"ImageObject","url":"https:\/\/www.eldigitaldeasturias.com\/noticias\/wp-content\/uploads\/2020\/01\/230120-Xacobeo2021.jpg","@id":"https:\/\/www.eldigitaldeasturias.com\/noticias\/xacobeo-2021-presentada-su-nueva-imagen-en-fitur-2020\/#mainImage","width":512,"height":340},"primaryImageOfPage":{"@id":"https:\/\/www.eldigitaldeasturias.com\/noticias\/xacobeo-2021-presentada-su-nueva-imagen-en-fitur-2020\/#mainImage"},"datePublished":"2020-01-23T21:19:31+01:00","dateModified":"2020-01-23T21:19:57+01:00"},{"@type":"WebSite","@id":"https:\/\/www.eldigitaldeasturias.com\/noticias\/#website","url":"https:\/\/www.eldigitaldeasturias.com\/noticias\/","name":"El Digital de Asturias - Diario de actualidad y noticias","alternateName":"El Digital de Asturias - Diario de actualidad y noticias","description":"Hemeroteca","inLanguage":"es-ES","publisher":{"@id":"https:\/\/www.eldigitaldeasturias.com\/noticias\/#organization"}}]},"og:locale":"es_ES","og:site_name":"El Digital de Asturias","og:type":"article","og:title":"Xacobeo 2021: Presentada su nueva imagen en FITUR 2020 - El Digital de Asturias","og:description":"El ministro de Cultura y Deporte, Jos\u00e9 Manuel Rodr\u00edguez Uribes, y la ministra de Industria, Comercio y Turismo, Reyes Maroto, han presentado en FITUR el avance de programa de actividades del Estado y las comunidades aut\u00f3nomas por las que discurre el Camino de Santiago hist\u00f3rico que se est\u00e1 preparando para celebrar el Xacobeo 2021. Rodr\u00edguez","og:url":"https:\/\/www.eldigitaldeasturias.com\/noticias\/xacobeo-2021-presentada-su-nueva-imagen-en-fitur-2020\/","og:image":"https:\/\/www.eldigitaldeasturias.com\/noticias\/wp-content\/uploads\/2020\/01\/230120-Xacobeo2021.jpg","og:image:secure_url":"https:\/\/www.eldigitaldeasturias.com\/noticias\/wp-content\/uploads\/2020\/01\/230120-Xacobeo2021.jpg","og:image:width":512,"og:image:height":340,"article:tag":["turismo"],"article:published_time":"2020-01-23T21:19:31+00:00","article:modified_time":"2020-01-23T21:19:57+00:00","article:publisher":"https:\/\/facebook.com\/eldigitaldeasturias","twitter:card":"summary_large_image","twitter:title":"Xacobeo 2021: Presentada su nueva imagen en FITUR 2020 - El Digital de Asturias","twitter:description":"El ministro de Cultura y Deporte, Jos\u00e9 Manuel Rodr\u00edguez Uribes, y la ministra de Industria, Comercio y Turismo, Reyes Maroto, han presentado en FITUR el avance de programa de actividades del Estado y las comunidades aut\u00f3nomas por las que discurre el Camino de Santiago hist\u00f3rico que se est\u00e1 preparando para celebrar el Xacobeo 2021. Rodr\u00edguez","twitter:image":"https:\/\/www.eldigitaldeasturias.com\/noticias\/wp-content\/uploads\/2020\/01\/230120-Xacobeo2021.jpg","twitter:label1":"Escrito por","twitter:data1":"El Digital de Asturias","twitter:label2":"Tiempo de lectura estimado","twitter:data2":"6 minutos"},"aioseo_meta_data":{"post_id":"1055306","title":null,"description":null,"keywords":null,"keyphrases":null,"primary_term":null,"canonical_url":null,"og_title":null,"og_description":null,"og_object_type":"default","og_image_type":"default","og_image_url":null,"og_image_width":null,"og_image_height":null,"og_image_custom_url":null,"og_image_custom_fields":null,"og_video":null,"og_custom_url":null,"og_article_section":null,"og_article_tags":null,"twitter_use_og":false,"twitter_card":"default","twitter_image_type":"default","twitter_image_url":null,"twitter_image_custom_url":null,"twitter_image_custom_fields":null,"twitter_title":null,"twitter_description":null,"schema":{"blockGraphs":[],"customGraphs":[],"default":{"data":{"Article":[],"Course":[],"Dataset":[],"FAQPage":[],"Movie":[],"Person":[],"Product":[],"ProductReview":[],"Car":[],"Recipe":[],"Service":[],"SoftwareApplication":[],"WebPage":[]},"graphName":"","isEnabled":true},"graphs":[],"defaultGraph":"","defaultPostTypeGraph":""},"schema_type":null,"schema_type_options":null,"pillar_content":false,"robots_default":true,"robots_noindex":false,"robots_noarchive":false,"robots_nosnippet":false,"robots_nofollow":false,"robots_noimageindex":false,"robots_noodp":false,"robots_notranslate":false,"robots_max_snippet":null,"robots_max_videopreview":null,"robots_max_imagepreview":"large","priority":null,"frequency":null,"local_seo":null,"seo_analyzer_scan_date":"2025-10-30 18:34:14","breadcrumb_settings":null,"limit_modified_date":false,"open_ai":null,"ai":null,"created":"2020-12-21 10:56:18","updated":"2025-10-30 18:34:14"},"aioseo_breadcrumb":"<div class=\"aioseo-breadcrumbs\"><span class=\"aioseo-breadcrumb\">\n\t<a href=\"https:\/\/www.eldigitaldeasturias.com\/noticias\" title=\"Home\">Home<\/a>\n<\/span><span class=\"aioseo-breadcrumb-separator\">\u2013<\/span><span class=\"aioseo-breadcrumb\">\n\t<a href=\"https:\/\/www.eldigitaldeasturias.com\/noticias\/category\/turismo\/\" title=\"Turismo\">Turismo<\/a>\n<\/span><span class=\"aioseo-breadcrumb-separator\">\u2013<\/span><span class=\"aioseo-breadcrumb\">\n\t<a href=\"https:\/\/www.eldigitaldeasturias.com\/noticias\/xacobeo-2021-presentada-su-nueva-imagen-en-fitur-2020\/\" title=\"Xacobeo 2021: Presentada su nueva imagen en FITUR 2020\">Xacobeo 2021: Presentada su nueva imagen en FITUR 2020<\/a>\n<\/span><\/div>","aioseo_breadcrumb_json":[{"label":"Home","link":"https:\/\/www.eldigitaldeasturias.com\/noticias"},{"label":"Turismo","link":"https:\/\/www.eldigitaldeasturias.com\/noticias\/category\/turismo\/"},{"label":"Xacobeo 2021: Presentada su nueva imagen en FITUR 2020","link":"https:\/\/www.eldigitaldeasturias.com\/noticias\/xacobeo-2021-presentada-su-nueva-imagen-en-fitur-2020\/"}],"_links":{"self":[{"href":"https:\/\/www.eldigitaldeasturias.com\/noticias\/wp-json\/wp\/v2\/posts\/1055306","targetHints":{"allow":["GET"]}}],"collection":[{"href":"https:\/\/www.eldigitaldeasturias.com\/noticias\/wp-json\/wp\/v2\/posts"}],"about":[{"href":"https:\/\/www.eldigitaldeasturias.com\/noticias\/wp-json\/wp\/v2\/types\/post"}],"author":[{"embeddable":true,"href":"https:\/\/www.eldigitaldeasturias.com\/noticias\/wp-json\/wp\/v2\/users\/1"}],"replies":[{"embeddable":true,"href":"https:\/\/www.eldigitaldeasturias.com\/noticias\/wp-json\/wp\/v2\/comments?post=1055306"}],"version-history":[{"count":0,"href":"https:\/\/www.eldigitaldeasturias.com\/noticias\/wp-json\/wp\/v2\/posts\/1055306\/revisions"}],"wp:featuredmedia":[{"embeddable":true,"href":"https:\/\/www.eldigitaldeasturias.com\/noticias\/wp-json\/wp\/v2\/media\/1055307"}],"wp:attachment":[{"href":"https:\/\/www.eldigitaldeasturias.com\/noticias\/wp-json\/wp\/v2\/media?parent=1055306"}],"wp:term":[{"taxonomy":"category","embeddable":true,"href":"https:\/\/www.eldigitaldeasturias.com\/noticias\/wp-json\/wp\/v2\/categories?post=1055306"},{"taxonomy":"post_tag","embeddable":true,"href":"https:\/\/www.eldigitaldeasturias.com\/noticias\/wp-json\/wp\/v2\/tags?post=1055306"}],"curies":[{"name":"wp","href":"https:\/\/api.w.org\/{rel}","templated":true}]}}