{"id":1055300,"date":"2020-01-23T21:12:17","date_gmt":"2020-01-23T21:12:17","guid":{"rendered":"https:\/\/www.eldigitaldeasturias.com\/noticias\/?p=1055300"},"modified":"2020-01-23T21:12:17","modified_gmt":"2020-01-23T21:12:17","slug":"firmado-en-fitur-2020-el-protocolo-hoteles-justos-socialmente-responsables","status":"publish","type":"post","link":"https:\/\/www.eldigitaldeasturias.com\/noticias\/firmado-en-fitur-2020-el-protocolo-hoteles-justos-socialmente-responsables\/","title":{"rendered":"Firmado en Fitur 2020 el protocolo \u201cHoteles justos, socialmente responsables\u201d"},"content":{"rendered":"<p><img loading=\"lazy\" decoding=\"async\" class=\"alignleft size-medium wp-image-1055301\" src=\"https:\/\/www.eldigitaldeasturias.com\/noticias\/wp-content\/uploads\/2020\/01\/230120-hotel-360x239.jpg\" alt=\"\" width=\"360\" height=\"239\" srcset=\"https:\/\/www.eldigitaldeasturias.com\/noticias\/wp-content\/uploads\/2020\/01\/230120-hotel-360x239.jpg 360w, https:\/\/www.eldigitaldeasturias.com\/noticias\/wp-content\/uploads\/2020\/01\/230120-hotel-452x300.jpg 452w, https:\/\/www.eldigitaldeasturias.com\/noticias\/wp-content\/uploads\/2020\/01\/230120-hotel.jpg 512w\" sizes=\"auto, (max-width: 360px) 100vw, 360px\" \/>La secretaria de Estado de Turismo, Isabel Oliver, ha firmado, en el marco de la Feria Internacional de Turismo (FITUR), el protocolo de actuaci\u00f3n para la certificaci\u00f3n de &#8216;Hoteles Justos, socialmente responsables&#8217; con la Federaci\u00f3n Estatal Servicios de UGT, la Federaci\u00f3n de Servicios de CC.OO y la Universidad de M\u00e1laga. El acto ha contado con la presencia de las ministras de Industria, Comercio y Turismo, y de Trabajo y Econom\u00eda Social, Reyes Maroto y Yolanda D\u00edaz.<\/p>\n<p>Reyes Maroto ha destacado que \u00abhay que poner a las personas en el centro de la pol\u00edtica tur\u00edstica porque no podemos crecer sin justicia social. Hoy hemos dado un paso muy importante, pero debemos seguir trabajando para dignificar el empleo en el sector y avanzar en calidad y profesionalizaci\u00f3n. El empleo de calidad es una ventaja competitiva de nuestro sector\u00bb.<\/p>\n<p>Para Yolanda D\u00edaz, \u00abeste sistema de certificaci\u00f3n Hoteles justos socialmente responsables se presenta pues como un referente internacional, dado el importante papel que juega Espa\u00f1a en el \u00e1mbito tur\u00edstico, y un proyecto pionero que puede ser implementado en el conjunto del sector\u00bb.<\/p>\n<p>El sistema de certificaci\u00f3n HJSR estar\u00e1 compuesto de diversos requisitos que proporcionar\u00e1n informaci\u00f3n sobre las distintas dimensiones de la responsabilidad social empresarial y constituir\u00e1 la base para realizar una valoraci\u00f3n global de un \u00abhotel justo\u00bb desde un punto de vista laboral con sus trabajadores. Entre las categor\u00edas que se analizar\u00e1n est\u00e1n: la relaci\u00f3n empresa-trabajador, el empleo, la salud y seguridad en el trabajo, la formaci\u00f3n, la diversidad e igualdad de oportunidades y la equidad retributiva.<\/p>\n<p>&nbsp;<\/p>\n<p>&nbsp;<\/p>\n","protected":false},"excerpt":{"rendered":"<p>La secretaria de Estado de Turismo, Isabel Oliver, ha firmado, en el marco de la Feria Internacional de Turismo (FITUR), el protocolo de actuaci\u00f3n para la certificaci\u00f3n de &#8216;Hoteles Justos, socialmente responsables&#8217; con la Federaci\u00f3n Estatal Servicios de UGT, la Federaci\u00f3n de Servicios de CC.OO y la Universidad de M\u00e1laga. El acto ha contado con [&hellip;]<\/p>\n","protected":false},"author":1,"featured_media":1055301,"comment_status":"closed","ping_status":"closed","sticky":false,"template":"","format":"standard","meta":{"footnotes":""},"categories":[148],"tags":[],"class_list":["post-1055300","post","type-post","status-publish","format-standard","has-post-thumbnail","hentry","category-turismo"],"aioseo_notices":[],"aioseo_head":"\n\t\t<!-- All in One SEO Pro 4.9.6.2 - aioseo.com -->\n\t<meta name=\"description\" content=\"La secretaria de Estado de Turismo, Isabel Oliver, ha firmado, en el marco de la Feria Internacional de Turismo (FITUR), el protocolo de actuaci\u00f3n para la certificaci\u00f3n de &#039;Hoteles Justos, socialmente responsables&#039; con la Federaci\u00f3n Estatal Servicios de UGT, la Federaci\u00f3n de Servicios de CC.OO y la Universidad de M\u00e1laga. El acto ha contado con\" \/>\n\t<meta name=\"robots\" content=\"max-image-preview:large\" \/>\n\t<meta name=\"author\" content=\"El Digital de Asturias\"\/>\n\t<meta name=\"google-site-verification\" content=\"UA-38556648-1\" \/>\n\t<meta name=\"msvalidate.01\" content=\"7dfe9f3f1b24437ab69f4f2559babe99\" \/>\n\t<meta name=\"keywords\" content=\"turismo\" \/>\n\t<link rel=\"canonical\" href=\"https:\/\/www.eldigitaldeasturias.com\/noticias\/firmado-en-fitur-2020-el-protocolo-hoteles-justos-socialmente-responsables\/\" \/>\n\t<meta name=\"generator\" content=\"All in One SEO Pro (AIOSEO) 4.9.6.2\" \/>\n\t\t<meta property=\"og:locale\" content=\"es_ES\" \/>\n\t\t<meta property=\"og:site_name\" content=\"El Digital de Asturias\" \/>\n\t\t<meta property=\"og:type\" content=\"article\" \/>\n\t\t<meta property=\"og:title\" content=\"Firmado en Fitur 2020 el protocolo \u201cHoteles justos, socialmente responsables\u201d - El Digital de Asturias\" \/>\n\t\t<meta property=\"og:description\" content=\"La secretaria de Estado de Turismo, Isabel Oliver, ha firmado, en el marco de la Feria Internacional de Turismo (FITUR), el protocolo de actuaci\u00f3n para la certificaci\u00f3n de &#039;Hoteles Justos, socialmente responsables&#039; con la Federaci\u00f3n Estatal Servicios de UGT, la Federaci\u00f3n de Servicios de CC.OO y la Universidad de M\u00e1laga. El acto ha contado con\" \/>\n\t\t<meta property=\"og:url\" content=\"https:\/\/www.eldigitaldeasturias.com\/noticias\/firmado-en-fitur-2020-el-protocolo-hoteles-justos-socialmente-responsables\/\" \/>\n\t\t<meta property=\"og:image\" content=\"https:\/\/www.eldigitaldeasturias.com\/noticias\/wp-content\/uploads\/2020\/01\/230120-hotel.jpg\" \/>\n\t\t<meta property=\"og:image:secure_url\" content=\"https:\/\/www.eldigitaldeasturias.com\/noticias\/wp-content\/uploads\/2020\/01\/230120-hotel.jpg\" \/>\n\t\t<meta property=\"og:image:width\" content=\"512\" \/>\n\t\t<meta property=\"og:image:height\" content=\"340\" \/>\n\t\t<meta property=\"article:tag\" content=\"turismo\" \/>\n\t\t<meta property=\"article:published_time\" content=\"2020-01-23T21:12:17+00:00\" \/>\n\t\t<meta property=\"article:modified_time\" content=\"2020-01-23T21:12:17+00:00\" \/>\n\t\t<meta property=\"article:publisher\" content=\"https:\/\/facebook.com\/eldigitaldeasturias\" \/>\n\t\t<meta name=\"twitter:card\" content=\"summary_large_image\" \/>\n\t\t<meta name=\"twitter:title\" content=\"Firmado en Fitur 2020 el protocolo \u201cHoteles justos, socialmente responsables\u201d - El Digital de Asturias\" \/>\n\t\t<meta name=\"twitter:description\" content=\"La secretaria de Estado de Turismo, Isabel Oliver, ha firmado, en el marco de la Feria Internacional de Turismo (FITUR), el protocolo de actuaci\u00f3n para la certificaci\u00f3n de &#039;Hoteles Justos, socialmente responsables&#039; con la Federaci\u00f3n Estatal Servicios de UGT, la Federaci\u00f3n de Servicios de CC.OO y la Universidad de M\u00e1laga. El acto ha contado con\" \/>\n\t\t<meta name=\"twitter:image\" content=\"https:\/\/www.eldigitaldeasturias.com\/noticias\/wp-content\/uploads\/2020\/01\/230120-hotel.jpg\" \/>\n\t\t<meta name=\"twitter:label1\" content=\"Escrito por\" \/>\n\t\t<meta name=\"twitter:data1\" content=\"El Digital de Asturias\" \/>\n\t\t<meta name=\"twitter:label2\" content=\"Tiempo de lectura estimado\" \/>\n\t\t<meta name=\"twitter:data2\" content=\"1 minuto\" \/>\n\t\t<script type=\"application\/ld+json\" class=\"aioseo-schema\">\n\t\t\t{\"@context\":\"https:\\\/\\\/schema.org\",\"@graph\":[{\"@type\":\"BlogPosting\",\"@id\":\"https:\\\/\\\/www.eldigitaldeasturias.com\\\/noticias\\\/firmado-en-fitur-2020-el-protocolo-hoteles-justos-socialmente-responsables\\\/#blogposting\",\"name\":\"Firmado en Fitur 2020 el protocolo \\u201cHoteles justos, socialmente responsables\\u201d - El Digital de Asturias\",\"headline\":\"Firmado en Fitur 2020 el protocolo \\u201cHoteles justos, socialmente responsables\\u201d\",\"author\":{\"@id\":\"https:\\\/\\\/www.eldigitaldeasturias.com\\\/noticias\\\/author\\\/admin\\\/#author\"},\"publisher\":{\"@id\":\"https:\\\/\\\/www.eldigitaldeasturias.com\\\/noticias\\\/#organization\"},\"image\":{\"@type\":\"ImageObject\",\"url\":\"https:\\\/\\\/www.eldigitaldeasturias.com\\\/noticias\\\/wp-content\\\/uploads\\\/2020\\\/01\\\/230120-hotel.jpg\",\"width\":512,\"height\":340},\"datePublished\":\"2020-01-23T21:12:17+01:00\",\"dateModified\":\"2020-01-23T21:12:17+01:00\",\"inLanguage\":\"es-ES\",\"mainEntityOfPage\":{\"@id\":\"https:\\\/\\\/www.eldigitaldeasturias.com\\\/noticias\\\/firmado-en-fitur-2020-el-protocolo-hoteles-justos-socialmente-responsables\\\/#webpage\"},\"isPartOf\":{\"@id\":\"https:\\\/\\\/www.eldigitaldeasturias.com\\\/noticias\\\/firmado-en-fitur-2020-el-protocolo-hoteles-justos-socialmente-responsables\\\/#webpage\"},\"articleSection\":\"Turismo\"},{\"@type\":\"BreadcrumbList\",\"@id\":\"https:\\\/\\\/www.eldigitaldeasturias.com\\\/noticias\\\/firmado-en-fitur-2020-el-protocolo-hoteles-justos-socialmente-responsables\\\/#breadcrumblist\",\"itemListElement\":[{\"@type\":\"ListItem\",\"@id\":\"https:\\\/\\\/www.eldigitaldeasturias.com\\\/noticias#listItem\",\"position\":1,\"name\":\"Home\",\"item\":\"https:\\\/\\\/www.eldigitaldeasturias.com\\\/noticias\",\"nextItem\":{\"@type\":\"ListItem\",\"@id\":\"https:\\\/\\\/www.eldigitaldeasturias.com\\\/noticias\\\/category\\\/turismo\\\/#listItem\",\"name\":\"Turismo\"}},{\"@type\":\"ListItem\",\"@id\":\"https:\\\/\\\/www.eldigitaldeasturias.com\\\/noticias\\\/category\\\/turismo\\\/#listItem\",\"position\":2,\"name\":\"Turismo\",\"item\":\"https:\\\/\\\/www.eldigitaldeasturias.com\\\/noticias\\\/category\\\/turismo\\\/\",\"nextItem\":{\"@type\":\"ListItem\",\"@id\":\"https:\\\/\\\/www.eldigitaldeasturias.com\\\/noticias\\\/firmado-en-fitur-2020-el-protocolo-hoteles-justos-socialmente-responsables\\\/#listItem\",\"name\":\"Firmado en Fitur 2020 el protocolo \\u201cHoteles justos, socialmente responsables\\u201d\"},\"previousItem\":{\"@type\":\"ListItem\",\"@id\":\"https:\\\/\\\/www.eldigitaldeasturias.com\\\/noticias#listItem\",\"name\":\"Home\"}},{\"@type\":\"ListItem\",\"@id\":\"https:\\\/\\\/www.eldigitaldeasturias.com\\\/noticias\\\/firmado-en-fitur-2020-el-protocolo-hoteles-justos-socialmente-responsables\\\/#listItem\",\"position\":3,\"name\":\"Firmado en Fitur 2020 el protocolo \\u201cHoteles justos, socialmente responsables\\u201d\",\"previousItem\":{\"@type\":\"ListItem\",\"@id\":\"https:\\\/\\\/www.eldigitaldeasturias.com\\\/noticias\\\/category\\\/turismo\\\/#listItem\",\"name\":\"Turismo\"}}]},{\"@type\":\"Organization\",\"@id\":\"https:\\\/\\\/www.eldigitaldeasturias.com\\\/noticias\\\/#organization\",\"name\":\"El Digital de Asturias\",\"description\":\"Hemeroteca\",\"url\":\"https:\\\/\\\/www.eldigitaldeasturias.com\\\/noticias\\\/\",\"email\":\"info@eldigitaldeasturias.com\",\"telephone\":\"+34652131393\",\"logo\":{\"@type\":\"ImageObject\",\"url\":\"https:\\\/\\\/www.eldigitaldeasturias.com\\\/noticias\\\/wp-content\\\/uploads\\\/2020\\\/12\\\/EDA.jpg\",\"@id\":\"https:\\\/\\\/www.eldigitaldeasturias.com\\\/noticias\\\/firmado-en-fitur-2020-el-protocolo-hoteles-justos-socialmente-responsables\\\/#organizationLogo\",\"width\":649,\"height\":297},\"image\":{\"@id\":\"https:\\\/\\\/www.eldigitaldeasturias.com\\\/noticias\\\/firmado-en-fitur-2020-el-protocolo-hoteles-justos-socialmente-responsables\\\/#organizationLogo\"},\"sameAs\":[\"https:\\\/\\\/facebook.com\\\/eldigitaldeasturias\",\"https:\\\/\\\/www.youtube.com\\\/channel\\\/UCZP-2wLEB9Rv6erhFmqVnvg\"],\"address\":{\"@id\":\"https:\\\/\\\/www.eldigitaldeasturias.com\\\/noticias\\\/#postaladdress\",\"@type\":\"PostalAddress\",\"streetAddress\":\"san antonio 4,\",\"postalCode\":\"33430\",\"addressLocality\":\"Cand\\u00e1s\",\"addressRegion\":\"Asturias\",\"addressCountry\":\"ES\"}},{\"@type\":\"Person\",\"@id\":\"https:\\\/\\\/www.eldigitaldeasturias.com\\\/noticias\\\/author\\\/admin\\\/#author\",\"url\":\"https:\\\/\\\/www.eldigitaldeasturias.com\\\/noticias\\\/author\\\/admin\\\/\",\"name\":\"El Digital de Asturias\",\"image\":{\"@type\":\"ImageObject\",\"@id\":\"https:\\\/\\\/www.eldigitaldeasturias.com\\\/noticias\\\/firmado-en-fitur-2020-el-protocolo-hoteles-justos-socialmente-responsables\\\/#authorImage\",\"url\":\"https:\\\/\\\/www.eldigitaldeasturias.com\\\/noticias\\\/wp-content\\\/litespeed\\\/avatar\\\/18677e78aa0546b92d9dbf31ec7d7668.jpg?ver=1777290358\",\"width\":96,\"height\":96,\"caption\":\"El Digital de Asturias\"}},{\"@type\":\"WebPage\",\"@id\":\"https:\\\/\\\/www.eldigitaldeasturias.com\\\/noticias\\\/firmado-en-fitur-2020-el-protocolo-hoteles-justos-socialmente-responsables\\\/#webpage\",\"url\":\"https:\\\/\\\/www.eldigitaldeasturias.com\\\/noticias\\\/firmado-en-fitur-2020-el-protocolo-hoteles-justos-socialmente-responsables\\\/\",\"name\":\"Firmado en Fitur 2020 el protocolo \\u201cHoteles justos, socialmente responsables\\u201d - El Digital de Asturias\",\"description\":\"La secretaria de Estado de Turismo, Isabel Oliver, ha firmado, en el marco de la Feria Internacional de Turismo (FITUR), el protocolo de actuaci\\u00f3n para la certificaci\\u00f3n de 'Hoteles Justos, socialmente responsables' con la Federaci\\u00f3n Estatal Servicios de UGT, la Federaci\\u00f3n de Servicios de CC.OO y la Universidad de M\\u00e1laga. El acto ha contado con\",\"inLanguage\":\"es-ES\",\"isPartOf\":{\"@id\":\"https:\\\/\\\/www.eldigitaldeasturias.com\\\/noticias\\\/#website\"},\"breadcrumb\":{\"@id\":\"https:\\\/\\\/www.eldigitaldeasturias.com\\\/noticias\\\/firmado-en-fitur-2020-el-protocolo-hoteles-justos-socialmente-responsables\\\/#breadcrumblist\"},\"author\":{\"@id\":\"https:\\\/\\\/www.eldigitaldeasturias.com\\\/noticias\\\/author\\\/admin\\\/#author\"},\"creator\":{\"@id\":\"https:\\\/\\\/www.eldigitaldeasturias.com\\\/noticias\\\/author\\\/admin\\\/#author\"},\"image\":{\"@type\":\"ImageObject\",\"url\":\"https:\\\/\\\/www.eldigitaldeasturias.com\\\/noticias\\\/wp-content\\\/uploads\\\/2020\\\/01\\\/230120-hotel.jpg\",\"@id\":\"https:\\\/\\\/www.eldigitaldeasturias.com\\\/noticias\\\/firmado-en-fitur-2020-el-protocolo-hoteles-justos-socialmente-responsables\\\/#mainImage\",\"width\":512,\"height\":340},\"primaryImageOfPage\":{\"@id\":\"https:\\\/\\\/www.eldigitaldeasturias.com\\\/noticias\\\/firmado-en-fitur-2020-el-protocolo-hoteles-justos-socialmente-responsables\\\/#mainImage\"},\"datePublished\":\"2020-01-23T21:12:17+01:00\",\"dateModified\":\"2020-01-23T21:12:17+01:00\"},{\"@type\":\"WebSite\",\"@id\":\"https:\\\/\\\/www.eldigitaldeasturias.com\\\/noticias\\\/#website\",\"url\":\"https:\\\/\\\/www.eldigitaldeasturias.com\\\/noticias\\\/\",\"name\":\"El Digital de Asturias - Diario de actualidad y noticias\",\"alternateName\":\"El Digital de Asturias - Diario de actualidad y noticias\",\"description\":\"Hemeroteca\",\"inLanguage\":\"es-ES\",\"publisher\":{\"@id\":\"https:\\\/\\\/www.eldigitaldeasturias.com\\\/noticias\\\/#organization\"}}]}\n\t\t<\/script>\n\t\t<!-- All in One SEO Pro -->\r\n\t\t<title>Firmado en Fitur 2020 el protocolo \u201cHoteles justos, socialmente responsables\u201d - El Digital de Asturias<\/title>\n\n","aioseo_head_json":{"title":"Firmado en Fitur 2020 el protocolo \u201cHoteles justos, socialmente responsables\u201d - El Digital de Asturias","description":"La secretaria de Estado de Turismo, Isabel Oliver, ha firmado, en el marco de la Feria Internacional de Turismo (FITUR), el protocolo de actuaci\u00f3n para la certificaci\u00f3n de 'Hoteles Justos, socialmente responsables' con la Federaci\u00f3n Estatal Servicios de UGT, la Federaci\u00f3n de Servicios de CC.OO y la Universidad de M\u00e1laga. El acto ha contado con","canonical_url":"https:\/\/www.eldigitaldeasturias.com\/noticias\/firmado-en-fitur-2020-el-protocolo-hoteles-justos-socialmente-responsables\/","robots":"max-image-preview:large","keywords":"turismo","webmasterTools":{"google-site-verification":"UA-38556648-1","msvalidate.01":"7dfe9f3f1b24437ab69f4f2559babe99","miscellaneous":""},"schema":{"@context":"https:\/\/schema.org","@graph":[{"@type":"BlogPosting","@id":"https:\/\/www.eldigitaldeasturias.com\/noticias\/firmado-en-fitur-2020-el-protocolo-hoteles-justos-socialmente-responsables\/#blogposting","name":"Firmado en Fitur 2020 el protocolo \u201cHoteles justos, socialmente responsables\u201d - El Digital de Asturias","headline":"Firmado en Fitur 2020 el protocolo \u201cHoteles justos, socialmente responsables\u201d","author":{"@id":"https:\/\/www.eldigitaldeasturias.com\/noticias\/author\/admin\/#author"},"publisher":{"@id":"https:\/\/www.eldigitaldeasturias.com\/noticias\/#organization"},"image":{"@type":"ImageObject","url":"https:\/\/www.eldigitaldeasturias.com\/noticias\/wp-content\/uploads\/2020\/01\/230120-hotel.jpg","width":512,"height":340},"datePublished":"2020-01-23T21:12:17+01:00","dateModified":"2020-01-23T21:12:17+01:00","inLanguage":"es-ES","mainEntityOfPage":{"@id":"https:\/\/www.eldigitaldeasturias.com\/noticias\/firmado-en-fitur-2020-el-protocolo-hoteles-justos-socialmente-responsables\/#webpage"},"isPartOf":{"@id":"https:\/\/www.eldigitaldeasturias.com\/noticias\/firmado-en-fitur-2020-el-protocolo-hoteles-justos-socialmente-responsables\/#webpage"},"articleSection":"Turismo"},{"@type":"BreadcrumbList","@id":"https:\/\/www.eldigitaldeasturias.com\/noticias\/firmado-en-fitur-2020-el-protocolo-hoteles-justos-socialmente-responsables\/#breadcrumblist","itemListElement":[{"@type":"ListItem","@id":"https:\/\/www.eldigitaldeasturias.com\/noticias#listItem","position":1,"name":"Home","item":"https:\/\/www.eldigitaldeasturias.com\/noticias","nextItem":{"@type":"ListItem","@id":"https:\/\/www.eldigitaldeasturias.com\/noticias\/category\/turismo\/#listItem","name":"Turismo"}},{"@type":"ListItem","@id":"https:\/\/www.eldigitaldeasturias.com\/noticias\/category\/turismo\/#listItem","position":2,"name":"Turismo","item":"https:\/\/www.eldigitaldeasturias.com\/noticias\/category\/turismo\/","nextItem":{"@type":"ListItem","@id":"https:\/\/www.eldigitaldeasturias.com\/noticias\/firmado-en-fitur-2020-el-protocolo-hoteles-justos-socialmente-responsables\/#listItem","name":"Firmado en Fitur 2020 el protocolo \u201cHoteles justos, socialmente responsables\u201d"},"previousItem":{"@type":"ListItem","@id":"https:\/\/www.eldigitaldeasturias.com\/noticias#listItem","name":"Home"}},{"@type":"ListItem","@id":"https:\/\/www.eldigitaldeasturias.com\/noticias\/firmado-en-fitur-2020-el-protocolo-hoteles-justos-socialmente-responsables\/#listItem","position":3,"name":"Firmado en Fitur 2020 el protocolo \u201cHoteles justos, socialmente responsables\u201d","previousItem":{"@type":"ListItem","@id":"https:\/\/www.eldigitaldeasturias.com\/noticias\/category\/turismo\/#listItem","name":"Turismo"}}]},{"@type":"Organization","@id":"https:\/\/www.eldigitaldeasturias.com\/noticias\/#organization","name":"El Digital de Asturias","description":"Hemeroteca","url":"https:\/\/www.eldigitaldeasturias.com\/noticias\/","email":"info@eldigitaldeasturias.com","telephone":"+34652131393","logo":{"@type":"ImageObject","url":"https:\/\/www.eldigitaldeasturias.com\/noticias\/wp-content\/uploads\/2020\/12\/EDA.jpg","@id":"https:\/\/www.eldigitaldeasturias.com\/noticias\/firmado-en-fitur-2020-el-protocolo-hoteles-justos-socialmente-responsables\/#organizationLogo","width":649,"height":297},"image":{"@id":"https:\/\/www.eldigitaldeasturias.com\/noticias\/firmado-en-fitur-2020-el-protocolo-hoteles-justos-socialmente-responsables\/#organizationLogo"},"sameAs":["https:\/\/facebook.com\/eldigitaldeasturias","https:\/\/www.youtube.com\/channel\/UCZP-2wLEB9Rv6erhFmqVnvg"],"address":{"@id":"https:\/\/www.eldigitaldeasturias.com\/noticias\/#postaladdress","@type":"PostalAddress","streetAddress":"san antonio 4,","postalCode":"33430","addressLocality":"Cand\u00e1s","addressRegion":"Asturias","addressCountry":"ES"}},{"@type":"Person","@id":"https:\/\/www.eldigitaldeasturias.com\/noticias\/author\/admin\/#author","url":"https:\/\/www.eldigitaldeasturias.com\/noticias\/author\/admin\/","name":"El Digital de Asturias","image":{"@type":"ImageObject","@id":"https:\/\/www.eldigitaldeasturias.com\/noticias\/firmado-en-fitur-2020-el-protocolo-hoteles-justos-socialmente-responsables\/#authorImage","url":"https:\/\/www.eldigitaldeasturias.com\/noticias\/wp-content\/litespeed\/avatar\/18677e78aa0546b92d9dbf31ec7d7668.jpg?ver=1777290358","width":96,"height":96,"caption":"El Digital de Asturias"}},{"@type":"WebPage","@id":"https:\/\/www.eldigitaldeasturias.com\/noticias\/firmado-en-fitur-2020-el-protocolo-hoteles-justos-socialmente-responsables\/#webpage","url":"https:\/\/www.eldigitaldeasturias.com\/noticias\/firmado-en-fitur-2020-el-protocolo-hoteles-justos-socialmente-responsables\/","name":"Firmado en Fitur 2020 el protocolo \u201cHoteles justos, socialmente responsables\u201d - El Digital de Asturias","description":"La secretaria de Estado de Turismo, Isabel Oliver, ha firmado, en el marco de la Feria Internacional de Turismo (FITUR), el protocolo de actuaci\u00f3n para la certificaci\u00f3n de 'Hoteles Justos, socialmente responsables' con la Federaci\u00f3n Estatal Servicios de UGT, la Federaci\u00f3n de Servicios de CC.OO y la Universidad de M\u00e1laga. El acto ha contado con","inLanguage":"es-ES","isPartOf":{"@id":"https:\/\/www.eldigitaldeasturias.com\/noticias\/#website"},"breadcrumb":{"@id":"https:\/\/www.eldigitaldeasturias.com\/noticias\/firmado-en-fitur-2020-el-protocolo-hoteles-justos-socialmente-responsables\/#breadcrumblist"},"author":{"@id":"https:\/\/www.eldigitaldeasturias.com\/noticias\/author\/admin\/#author"},"creator":{"@id":"https:\/\/www.eldigitaldeasturias.com\/noticias\/author\/admin\/#author"},"image":{"@type":"ImageObject","url":"https:\/\/www.eldigitaldeasturias.com\/noticias\/wp-content\/uploads\/2020\/01\/230120-hotel.jpg","@id":"https:\/\/www.eldigitaldeasturias.com\/noticias\/firmado-en-fitur-2020-el-protocolo-hoteles-justos-socialmente-responsables\/#mainImage","width":512,"height":340},"primaryImageOfPage":{"@id":"https:\/\/www.eldigitaldeasturias.com\/noticias\/firmado-en-fitur-2020-el-protocolo-hoteles-justos-socialmente-responsables\/#mainImage"},"datePublished":"2020-01-23T21:12:17+01:00","dateModified":"2020-01-23T21:12:17+01:00"},{"@type":"WebSite","@id":"https:\/\/www.eldigitaldeasturias.com\/noticias\/#website","url":"https:\/\/www.eldigitaldeasturias.com\/noticias\/","name":"El Digital de Asturias - Diario de actualidad y noticias","alternateName":"El Digital de Asturias - Diario de actualidad y noticias","description":"Hemeroteca","inLanguage":"es-ES","publisher":{"@id":"https:\/\/www.eldigitaldeasturias.com\/noticias\/#organization"}}]},"og:locale":"es_ES","og:site_name":"El Digital de Asturias","og:type":"article","og:title":"Firmado en Fitur 2020 el protocolo \u201cHoteles justos, socialmente responsables\u201d - El Digital de Asturias","og:description":"La secretaria de Estado de Turismo, Isabel Oliver, ha firmado, en el marco de la Feria Internacional de Turismo (FITUR), el protocolo de actuaci\u00f3n para la certificaci\u00f3n de 'Hoteles Justos, socialmente responsables' con la Federaci\u00f3n Estatal Servicios de UGT, la Federaci\u00f3n de Servicios de CC.OO y la Universidad de M\u00e1laga. El acto ha contado con","og:url":"https:\/\/www.eldigitaldeasturias.com\/noticias\/firmado-en-fitur-2020-el-protocolo-hoteles-justos-socialmente-responsables\/","og:image":"https:\/\/www.eldigitaldeasturias.com\/noticias\/wp-content\/uploads\/2020\/01\/230120-hotel.jpg","og:image:secure_url":"https:\/\/www.eldigitaldeasturias.com\/noticias\/wp-content\/uploads\/2020\/01\/230120-hotel.jpg","og:image:width":512,"og:image:height":340,"article:tag":["turismo"],"article:published_time":"2020-01-23T21:12:17+00:00","article:modified_time":"2020-01-23T21:12:17+00:00","article:publisher":"https:\/\/facebook.com\/eldigitaldeasturias","twitter:card":"summary_large_image","twitter:title":"Firmado en Fitur 2020 el protocolo \u201cHoteles justos, socialmente responsables\u201d - El Digital de Asturias","twitter:description":"La secretaria de Estado de Turismo, Isabel Oliver, ha firmado, en el marco de la Feria Internacional de Turismo (FITUR), el protocolo de actuaci\u00f3n para la certificaci\u00f3n de 'Hoteles Justos, socialmente responsables' con la Federaci\u00f3n Estatal Servicios de UGT, la Federaci\u00f3n de Servicios de CC.OO y la Universidad de M\u00e1laga. El acto ha contado con","twitter:image":"https:\/\/www.eldigitaldeasturias.com\/noticias\/wp-content\/uploads\/2020\/01\/230120-hotel.jpg","twitter:label1":"Escrito por","twitter:data1":"El Digital de Asturias","twitter:label2":"Tiempo de lectura estimado","twitter:data2":"1 minuto"},"aioseo_meta_data":{"post_id":"1055300","title":null,"description":null,"keywords":null,"keyphrases":null,"primary_term":null,"canonical_url":null,"og_title":null,"og_description":null,"og_object_type":"default","og_image_type":"default","og_image_url":null,"og_image_width":null,"og_image_height":null,"og_image_custom_url":null,"og_image_custom_fields":null,"og_video":null,"og_custom_url":null,"og_article_section":null,"og_article_tags":null,"twitter_use_og":false,"twitter_card":"default","twitter_image_type":"default","twitter_image_url":null,"twitter_image_custom_url":null,"twitter_image_custom_fields":null,"twitter_title":null,"twitter_description":null,"schema":{"blockGraphs":[],"customGraphs":[],"default":{"data":{"Article":[],"Course":[],"Dataset":[],"FAQPage":[],"Movie":[],"Person":[],"Product":[],"ProductReview":[],"Car":[],"Recipe":[],"Service":[],"SoftwareApplication":[],"WebPage":[]},"graphName":"","isEnabled":true},"graphs":[],"defaultGraph":"","defaultPostTypeGraph":""},"schema_type":null,"schema_type_options":null,"pillar_content":false,"robots_default":true,"robots_noindex":false,"robots_noarchive":false,"robots_nosnippet":false,"robots_nofollow":false,"robots_noimageindex":false,"robots_noodp":false,"robots_notranslate":false,"robots_max_snippet":null,"robots_max_videopreview":null,"robots_max_imagepreview":"large","priority":null,"frequency":null,"local_seo":null,"seo_analyzer_scan_date":"2025-10-30 18:32:07","breadcrumb_settings":null,"limit_modified_date":false,"open_ai":null,"ai":null,"created":"2020-12-21 10:56:18","updated":"2025-10-30 18:32:07"},"aioseo_breadcrumb":"<div class=\"aioseo-breadcrumbs\"><span class=\"aioseo-breadcrumb\">\n\t<a href=\"https:\/\/www.eldigitaldeasturias.com\/noticias\" title=\"Home\">Home<\/a>\n<\/span><span class=\"aioseo-breadcrumb-separator\">\u2013<\/span><span class=\"aioseo-breadcrumb\">\n\t<a href=\"https:\/\/www.eldigitaldeasturias.com\/noticias\/category\/turismo\/\" title=\"Turismo\">Turismo<\/a>\n<\/span><span class=\"aioseo-breadcrumb-separator\">\u2013<\/span><span class=\"aioseo-breadcrumb\">\n\t<a href=\"https:\/\/www.eldigitaldeasturias.com\/noticias\/firmado-en-fitur-2020-el-protocolo-hoteles-justos-socialmente-responsables\/\" title=\"Firmado en Fitur 2020 el protocolo \u201cHoteles justos, socialmente responsables\u201d\">Firmado en Fitur 2020 el protocolo \u201cHoteles justos, socialmente responsables\u201d<\/a>\n<\/span><\/div>","aioseo_breadcrumb_json":[{"label":"Home","link":"https:\/\/www.eldigitaldeasturias.com\/noticias"},{"label":"Turismo","link":"https:\/\/www.eldigitaldeasturias.com\/noticias\/category\/turismo\/"},{"label":"Firmado en Fitur 2020 el protocolo \u201cHoteles justos, socialmente responsables\u201d","link":"https:\/\/www.eldigitaldeasturias.com\/noticias\/firmado-en-fitur-2020-el-protocolo-hoteles-justos-socialmente-responsables\/"}],"_links":{"self":[{"href":"https:\/\/www.eldigitaldeasturias.com\/noticias\/wp-json\/wp\/v2\/posts\/1055300","targetHints":{"allow":["GET"]}}],"collection":[{"href":"https:\/\/www.eldigitaldeasturias.com\/noticias\/wp-json\/wp\/v2\/posts"}],"about":[{"href":"https:\/\/www.eldigitaldeasturias.com\/noticias\/wp-json\/wp\/v2\/types\/post"}],"author":[{"embeddable":true,"href":"https:\/\/www.eldigitaldeasturias.com\/noticias\/wp-json\/wp\/v2\/users\/1"}],"replies":[{"embeddable":true,"href":"https:\/\/www.eldigitaldeasturias.com\/noticias\/wp-json\/wp\/v2\/comments?post=1055300"}],"version-history":[{"count":0,"href":"https:\/\/www.eldigitaldeasturias.com\/noticias\/wp-json\/wp\/v2\/posts\/1055300\/revisions"}],"wp:featuredmedia":[{"embeddable":true,"href":"https:\/\/www.eldigitaldeasturias.com\/noticias\/wp-json\/wp\/v2\/media\/1055301"}],"wp:attachment":[{"href":"https:\/\/www.eldigitaldeasturias.com\/noticias\/wp-json\/wp\/v2\/media?parent=1055300"}],"wp:term":[{"taxonomy":"category","embeddable":true,"href":"https:\/\/www.eldigitaldeasturias.com\/noticias\/wp-json\/wp\/v2\/categories?post=1055300"},{"taxonomy":"post_tag","embeddable":true,"href":"https:\/\/www.eldigitaldeasturias.com\/noticias\/wp-json\/wp\/v2\/tags?post=1055300"}],"curies":[{"name":"wp","href":"https:\/\/api.w.org\/{rel}","templated":true}]}}