{"id":1055072,"date":"2020-01-21T20:17:01","date_gmt":"2020-01-21T20:17:01","guid":{"rendered":"https:\/\/www.eldigitaldeasturias.com\/noticias\/?p=1055072"},"modified":"2020-01-21T20:17:01","modified_gmt":"2020-01-21T20:17:01","slug":"artiem-madrid-el-refugio-preferido-durante-fitur-2020","status":"publish","type":"post","link":"https:\/\/www.eldigitaldeasturias.com\/noticias\/artiem-madrid-el-refugio-preferido-durante-fitur-2020\/","title":{"rendered":"ARTIEM Madrid: El \u00abRefugio\u00bb preferido durante FITUR 2020"},"content":{"rendered":"<p><img loading=\"lazy\" decoding=\"async\" class=\"alignleft size-medium wp-image-1055073\" src=\"https:\/\/www.eldigitaldeasturias.com\/noticias\/wp-content\/uploads\/2020\/01\/1579619432_The_Green_ARTIEM_Madrid-360x148.png\" alt=\"\" width=\"360\" height=\"148\" srcset=\"https:\/\/www.eldigitaldeasturias.com\/noticias\/wp-content\/uploads\/2020\/01\/1579619432_The_Green_ARTIEM_Madrid-360x148.png 360w, https:\/\/www.eldigitaldeasturias.com\/noticias\/wp-content\/uploads\/2020\/01\/1579619432_The_Green_ARTIEM_Madrid-690x284.png 690w, https:\/\/www.eldigitaldeasturias.com\/noticias\/wp-content\/uploads\/2020\/01\/1579619432_The_Green_ARTIEM_Madrid-480x197.png 480w, https:\/\/www.eldigitaldeasturias.com\/noticias\/wp-content\/uploads\/2020\/01\/1579619432_The_Green_ARTIEM_Madrid-768x316.png 768w, https:\/\/www.eldigitaldeasturias.com\/noticias\/wp-content\/uploads\/2020\/01\/1579619432_The_Green_ARTIEM_Madrid.png 900w\" sizes=\"auto, (max-width: 360px) 100vw, 360px\" \/>El pr\u00f3ximo\u00a0<strong>22 de enero<\/strong>\u00a0es la fecha que marca el inicio de\u00a0<strong>FITUR<\/strong>, una de las\u00a0<strong>Ferias Internacionales de Turismo<\/strong>\u00a0m\u00e1s importante del mundo, punto de encuentro de\u00a0<strong>10.000 empresas de 165 pa\u00edses y 140.000 profesionales<\/strong>\u00a0que como cada a\u00f1o esperan con impaciencia este evento para promocionarse y nutrirse con las \u00faltimas novedades. El gran evento de un\u00a0<strong>sector tur\u00edstico<\/strong>\u00a0que se ha convertido en el sector que m\u00e1s riqueza aporta a la econom\u00eda espa\u00f1ola, con un total de\u00a0<strong>176.000 millones de euros anuales<\/strong>\u00a0que representan el\u00a0<strong>14,6% del PIB y 2,8 millones de empleos<\/strong>.<\/p>\n<p>Desde su inauguraci\u00f3n en\u00a0<strong>ARTIEM Madrid<\/strong>\u00a0se ha convertido en el\u00a0<strong>partner preferido de IFEMA<\/strong>\u00a0para las grandes ocasiones y en el segundo hogar de los ejecutivos durante sus viajes de negocios a Madrid. Galardonado con el<strong>\u00a0\u201cPremio Hotel Feliz 2018\u201d\u00a0<\/strong>por el Ayuntamiento de Madrid y ubicado en Arturo Soria a medio camino entre IFEMA y el centro de la capital,\u00a0<strong>ARTIEM Madrid es el refugio perfecto.<\/strong>\u00a0Prueba de ello es que para este\u00a0<strong>FITUR 2020\u00a0<\/strong>ha preparado algo muy especial:\u00a0<strong>Fitur 360\u00ba ARTIEM Experience<\/strong>, que incluye\u00a0<strong>Energy Breakfast<\/strong>, un desayuno equilibrado y saludable \u201cque te dar\u00e1 energ\u00eda especial para el largo d\u00eda en IFEMA\u201d;\u00a0<strong>Music Afterworks<\/strong>, m\u00fasica en directo con madridaje sorpresa para relajarse y disfrutar del mejor networking; y\u00a0<strong>Hiit Trainning<\/strong>, intensivos entrenamientos diarios de 35 minutos enfocados a potenciar la salud y bienestar lejos de la rutina.<\/p>\n<p><strong>Directivos ARTIEM: ponentes destacados en FITURTechY<br \/>\nARTIEM<\/strong>\u00a0no se limita a ser el\u00a0<strong>\u201csegundo hogar\u201d durante FITUR<\/strong>; sino que adem\u00e1s sus principales directivos se han convertido en\u00a0<strong>referentes de la \u201cinnovaci\u00f3n y las nuevas tecnolog\u00edas aplicadas al sector tur\u00edstico\u201d<\/strong>. Por ello han sido invitados a participar en algunos de las\u00a0<strong>principales Mesas Redondas<\/strong>\u00a0d\u00f3nde se debatir\u00e1 como<strong>\u00a0\u201cla aplicaci\u00f3n de la tecnolog\u00eda y la innovaci\u00f3n en el sector tur\u00edstico\u201d<\/strong><\/p>\n<p><strong>Jos\u00e9 Guillermo D\u00edaz Monta\u00f1\u00e9s, CEO del Grupo,<\/strong>\u00a0tendr\u00e1 un apasionante debate sobre\u00a0<strong>\u201cLa metamorfosis del sector hotelero\u201d<\/strong>; mientras que\u00a0<strong>Willy D\u00edaz Aliaga, CEO ARTIEM 2028<\/strong>, aportar\u00e1 sus conocimientos a\u00a0<strong>\u201cLa excelencia operativa como palanca de la estrategia\u201d<\/strong>; y culminar\u00e1\u00a0<strong>Victor Mayans, Director de Ventas y Marketing<\/strong>, con sus ideas sobre\u00a0<strong>\u201cHoteles inteligentes, alojando al pr\u00f3ximo hu\u00e9sped\u201d<\/strong>. Una notable presencia que pone de relieve la importancia de\u00a0<strong>ARTIEM en el sector tur\u00edstico\u00a0<\/strong>destac\u00e1ndose como uno de los Grupos Hoteleros m\u00e1s innovadores siempre en busca de nuevos horizontes.<\/p>\n<p><span style=\"color: #ff6600;\"><strong><em><a style=\"color: #ff6600;\" href=\"https:\/\/www.artiemhotels.com\/madrid.html\" target=\"_blank\" rel=\"nofollow noopener noreferrer\">https:\/\/www.artiemhotels.com\/madrid.html<\/a><\/em><\/strong><\/span><\/p>\n<p>&nbsp;<\/p>\n","protected":false},"excerpt":{"rendered":"<p>El pr\u00f3ximo\u00a022 de enero\u00a0es la fecha que marca el inicio de\u00a0FITUR, una de las\u00a0Ferias Internacionales de Turismo\u00a0m\u00e1s importante del mundo, punto de encuentro de\u00a010.000 empresas de 165 pa\u00edses y 140.000 profesionales\u00a0que como cada a\u00f1o esperan con impaciencia este evento para promocionarse y nutrirse con las \u00faltimas novedades. El gran evento de un\u00a0sector tur\u00edstico\u00a0que se ha [&hellip;]<\/p>\n","protected":false},"author":1,"featured_media":1055073,"comment_status":"closed","ping_status":"closed","sticky":false,"template":"","format":"standard","meta":{"footnotes":""},"categories":[148],"tags":[],"class_list":["post-1055072","post","type-post","status-publish","format-standard","has-post-thumbnail","hentry","category-turismo"],"aioseo_notices":[],"aioseo_head":"\n\t\t<!-- All in One SEO Pro 4.9.6.2 - aioseo.com -->\n\t<meta name=\"description\" content=\"El pr\u00f3ximo 22 de enero es la fecha que marca el inicio de FITUR, una de las Ferias Internacionales de Turismo m\u00e1s importante del mundo, punto de encuentro de 10.000 empresas de 165 pa\u00edses y 140.000 profesionales que como cada a\u00f1o esperan con impaciencia este evento para promocionarse y nutrirse con las \u00faltimas novedades. El gran evento de un sector tur\u00edstico que se ha\" \/>\n\t<meta name=\"robots\" content=\"max-image-preview:large\" \/>\n\t<meta name=\"author\" content=\"El Digital de Asturias\"\/>\n\t<meta name=\"google-site-verification\" content=\"UA-38556648-1\" \/>\n\t<meta name=\"msvalidate.01\" content=\"7dfe9f3f1b24437ab69f4f2559babe99\" \/>\n\t<meta name=\"keywords\" content=\"turismo\" \/>\n\t<link rel=\"canonical\" href=\"https:\/\/www.eldigitaldeasturias.com\/noticias\/artiem-madrid-el-refugio-preferido-durante-fitur-2020\/\" \/>\n\t<meta name=\"generator\" content=\"All in One SEO Pro (AIOSEO) 4.9.6.2\" \/>\n\t\t<meta property=\"og:locale\" content=\"es_ES\" \/>\n\t\t<meta property=\"og:site_name\" content=\"El Digital de Asturias\" \/>\n\t\t<meta property=\"og:type\" content=\"article\" \/>\n\t\t<meta property=\"og:title\" content=\"ARTIEM Madrid: El \u00abRefugio\u00bb preferido durante FITUR 2020 - El Digital de Asturias\" \/>\n\t\t<meta property=\"og:description\" content=\"El pr\u00f3ximo 22 de enero es la fecha que marca el inicio de FITUR, una de las Ferias Internacionales de Turismo m\u00e1s importante del mundo, punto de encuentro de 10.000 empresas de 165 pa\u00edses y 140.000 profesionales que como cada a\u00f1o esperan con impaciencia este evento para promocionarse y nutrirse con las \u00faltimas novedades. El gran evento de un sector tur\u00edstico que se ha\" \/>\n\t\t<meta property=\"og:url\" content=\"https:\/\/www.eldigitaldeasturias.com\/noticias\/artiem-madrid-el-refugio-preferido-durante-fitur-2020\/\" \/>\n\t\t<meta property=\"og:image\" content=\"https:\/\/www.eldigitaldeasturias.com\/noticias\/wp-content\/uploads\/2020\/01\/1579619432_The_Green_ARTIEM_Madrid.png\" \/>\n\t\t<meta property=\"og:image:secure_url\" content=\"https:\/\/www.eldigitaldeasturias.com\/noticias\/wp-content\/uploads\/2020\/01\/1579619432_The_Green_ARTIEM_Madrid.png\" \/>\n\t\t<meta property=\"og:image:width\" content=\"900\" \/>\n\t\t<meta property=\"og:image:height\" content=\"370\" \/>\n\t\t<meta property=\"article:tag\" content=\"turismo\" \/>\n\t\t<meta property=\"article:published_time\" content=\"2020-01-21T20:17:01+00:00\" \/>\n\t\t<meta property=\"article:modified_time\" content=\"2020-01-21T20:17:01+00:00\" \/>\n\t\t<meta property=\"article:publisher\" content=\"https:\/\/facebook.com\/eldigitaldeasturias\" \/>\n\t\t<meta name=\"twitter:card\" content=\"summary_large_image\" \/>\n\t\t<meta name=\"twitter:title\" content=\"ARTIEM Madrid: El \u00abRefugio\u00bb preferido durante FITUR 2020 - El Digital de Asturias\" \/>\n\t\t<meta name=\"twitter:description\" content=\"El pr\u00f3ximo 22 de enero es la fecha que marca el inicio de FITUR, una de las Ferias Internacionales de Turismo m\u00e1s importante del mundo, punto de encuentro de 10.000 empresas de 165 pa\u00edses y 140.000 profesionales que como cada a\u00f1o esperan con impaciencia este evento para promocionarse y nutrirse con las \u00faltimas novedades. El gran evento de un sector tur\u00edstico que se ha\" \/>\n\t\t<meta name=\"twitter:image\" content=\"https:\/\/www.eldigitaldeasturias.com\/noticias\/wp-content\/uploads\/2020\/01\/1579619432_The_Green_ARTIEM_Madrid.png\" \/>\n\t\t<meta name=\"twitter:label1\" content=\"Escrito por\" \/>\n\t\t<meta name=\"twitter:data1\" content=\"El Digital de Asturias\" \/>\n\t\t<meta name=\"twitter:label2\" content=\"Tiempo de lectura estimado\" \/>\n\t\t<meta name=\"twitter:data2\" content=\"2 minutos\" \/>\n\t\t<script type=\"application\/ld+json\" class=\"aioseo-schema\">\n\t\t\t{\"@context\":\"https:\\\/\\\/schema.org\",\"@graph\":[{\"@type\":\"BlogPosting\",\"@id\":\"https:\\\/\\\/www.eldigitaldeasturias.com\\\/noticias\\\/artiem-madrid-el-refugio-preferido-durante-fitur-2020\\\/#blogposting\",\"name\":\"ARTIEM Madrid: El \\u00abRefugio\\u00bb preferido durante FITUR 2020 - El Digital de Asturias\",\"headline\":\"ARTIEM Madrid: El \\u00abRefugio\\u00bb preferido durante FITUR 2020\",\"author\":{\"@id\":\"https:\\\/\\\/www.eldigitaldeasturias.com\\\/noticias\\\/author\\\/admin\\\/#author\"},\"publisher\":{\"@id\":\"https:\\\/\\\/www.eldigitaldeasturias.com\\\/noticias\\\/#organization\"},\"image\":{\"@type\":\"ImageObject\",\"url\":\"https:\\\/\\\/www.eldigitaldeasturias.com\\\/noticias\\\/wp-content\\\/uploads\\\/2020\\\/01\\\/1579619432_The_Green_ARTIEM_Madrid.png\",\"width\":900,\"height\":370},\"datePublished\":\"2020-01-21T20:17:01+01:00\",\"dateModified\":\"2020-01-21T20:17:01+01:00\",\"inLanguage\":\"es-ES\",\"mainEntityOfPage\":{\"@id\":\"https:\\\/\\\/www.eldigitaldeasturias.com\\\/noticias\\\/artiem-madrid-el-refugio-preferido-durante-fitur-2020\\\/#webpage\"},\"isPartOf\":{\"@id\":\"https:\\\/\\\/www.eldigitaldeasturias.com\\\/noticias\\\/artiem-madrid-el-refugio-preferido-durante-fitur-2020\\\/#webpage\"},\"articleSection\":\"Turismo\"},{\"@type\":\"BreadcrumbList\",\"@id\":\"https:\\\/\\\/www.eldigitaldeasturias.com\\\/noticias\\\/artiem-madrid-el-refugio-preferido-durante-fitur-2020\\\/#breadcrumblist\",\"itemListElement\":[{\"@type\":\"ListItem\",\"@id\":\"https:\\\/\\\/www.eldigitaldeasturias.com\\\/noticias#listItem\",\"position\":1,\"name\":\"Home\",\"item\":\"https:\\\/\\\/www.eldigitaldeasturias.com\\\/noticias\",\"nextItem\":{\"@type\":\"ListItem\",\"@id\":\"https:\\\/\\\/www.eldigitaldeasturias.com\\\/noticias\\\/category\\\/turismo\\\/#listItem\",\"name\":\"Turismo\"}},{\"@type\":\"ListItem\",\"@id\":\"https:\\\/\\\/www.eldigitaldeasturias.com\\\/noticias\\\/category\\\/turismo\\\/#listItem\",\"position\":2,\"name\":\"Turismo\",\"item\":\"https:\\\/\\\/www.eldigitaldeasturias.com\\\/noticias\\\/category\\\/turismo\\\/\",\"nextItem\":{\"@type\":\"ListItem\",\"@id\":\"https:\\\/\\\/www.eldigitaldeasturias.com\\\/noticias\\\/artiem-madrid-el-refugio-preferido-durante-fitur-2020\\\/#listItem\",\"name\":\"ARTIEM Madrid: El \\u00abRefugio\\u00bb preferido durante FITUR 2020\"},\"previousItem\":{\"@type\":\"ListItem\",\"@id\":\"https:\\\/\\\/www.eldigitaldeasturias.com\\\/noticias#listItem\",\"name\":\"Home\"}},{\"@type\":\"ListItem\",\"@id\":\"https:\\\/\\\/www.eldigitaldeasturias.com\\\/noticias\\\/artiem-madrid-el-refugio-preferido-durante-fitur-2020\\\/#listItem\",\"position\":3,\"name\":\"ARTIEM Madrid: El \\u00abRefugio\\u00bb preferido durante FITUR 2020\",\"previousItem\":{\"@type\":\"ListItem\",\"@id\":\"https:\\\/\\\/www.eldigitaldeasturias.com\\\/noticias\\\/category\\\/turismo\\\/#listItem\",\"name\":\"Turismo\"}}]},{\"@type\":\"Organization\",\"@id\":\"https:\\\/\\\/www.eldigitaldeasturias.com\\\/noticias\\\/#organization\",\"name\":\"El Digital de Asturias\",\"description\":\"Hemeroteca\",\"url\":\"https:\\\/\\\/www.eldigitaldeasturias.com\\\/noticias\\\/\",\"email\":\"info@eldigitaldeasturias.com\",\"telephone\":\"+34652131393\",\"logo\":{\"@type\":\"ImageObject\",\"url\":\"https:\\\/\\\/www.eldigitaldeasturias.com\\\/noticias\\\/wp-content\\\/uploads\\\/2020\\\/12\\\/EDA.jpg\",\"@id\":\"https:\\\/\\\/www.eldigitaldeasturias.com\\\/noticias\\\/artiem-madrid-el-refugio-preferido-durante-fitur-2020\\\/#organizationLogo\",\"width\":649,\"height\":297},\"image\":{\"@id\":\"https:\\\/\\\/www.eldigitaldeasturias.com\\\/noticias\\\/artiem-madrid-el-refugio-preferido-durante-fitur-2020\\\/#organizationLogo\"},\"sameAs\":[\"https:\\\/\\\/facebook.com\\\/eldigitaldeasturias\",\"https:\\\/\\\/www.youtube.com\\\/channel\\\/UCZP-2wLEB9Rv6erhFmqVnvg\"],\"address\":{\"@id\":\"https:\\\/\\\/www.eldigitaldeasturias.com\\\/noticias\\\/#postaladdress\",\"@type\":\"PostalAddress\",\"streetAddress\":\"san antonio 4,\",\"postalCode\":\"33430\",\"addressLocality\":\"Cand\\u00e1s\",\"addressRegion\":\"Asturias\",\"addressCountry\":\"ES\"}},{\"@type\":\"Person\",\"@id\":\"https:\\\/\\\/www.eldigitaldeasturias.com\\\/noticias\\\/author\\\/admin\\\/#author\",\"url\":\"https:\\\/\\\/www.eldigitaldeasturias.com\\\/noticias\\\/author\\\/admin\\\/\",\"name\":\"El Digital de Asturias\",\"image\":{\"@type\":\"ImageObject\",\"@id\":\"https:\\\/\\\/www.eldigitaldeasturias.com\\\/noticias\\\/artiem-madrid-el-refugio-preferido-durante-fitur-2020\\\/#authorImage\",\"url\":\"https:\\\/\\\/www.eldigitaldeasturias.com\\\/noticias\\\/wp-content\\\/litespeed\\\/avatar\\\/18677e78aa0546b92d9dbf31ec7d7668.jpg?ver=1777290358\",\"width\":96,\"height\":96,\"caption\":\"El Digital de Asturias\"}},{\"@type\":\"WebPage\",\"@id\":\"https:\\\/\\\/www.eldigitaldeasturias.com\\\/noticias\\\/artiem-madrid-el-refugio-preferido-durante-fitur-2020\\\/#webpage\",\"url\":\"https:\\\/\\\/www.eldigitaldeasturias.com\\\/noticias\\\/artiem-madrid-el-refugio-preferido-durante-fitur-2020\\\/\",\"name\":\"ARTIEM Madrid: El \\u00abRefugio\\u00bb preferido durante FITUR 2020 - El Digital de Asturias\",\"description\":\"El pr\\u00f3ximo 22 de enero es la fecha que marca el inicio de FITUR, una de las Ferias Internacionales de Turismo m\\u00e1s importante del mundo, punto de encuentro de 10.000 empresas de 165 pa\\u00edses y 140.000 profesionales que como cada a\\u00f1o esperan con impaciencia este evento para promocionarse y nutrirse con las \\u00faltimas novedades. El gran evento de un sector tur\\u00edstico que se ha\",\"inLanguage\":\"es-ES\",\"isPartOf\":{\"@id\":\"https:\\\/\\\/www.eldigitaldeasturias.com\\\/noticias\\\/#website\"},\"breadcrumb\":{\"@id\":\"https:\\\/\\\/www.eldigitaldeasturias.com\\\/noticias\\\/artiem-madrid-el-refugio-preferido-durante-fitur-2020\\\/#breadcrumblist\"},\"author\":{\"@id\":\"https:\\\/\\\/www.eldigitaldeasturias.com\\\/noticias\\\/author\\\/admin\\\/#author\"},\"creator\":{\"@id\":\"https:\\\/\\\/www.eldigitaldeasturias.com\\\/noticias\\\/author\\\/admin\\\/#author\"},\"image\":{\"@type\":\"ImageObject\",\"url\":\"https:\\\/\\\/www.eldigitaldeasturias.com\\\/noticias\\\/wp-content\\\/uploads\\\/2020\\\/01\\\/1579619432_The_Green_ARTIEM_Madrid.png\",\"@id\":\"https:\\\/\\\/www.eldigitaldeasturias.com\\\/noticias\\\/artiem-madrid-el-refugio-preferido-durante-fitur-2020\\\/#mainImage\",\"width\":900,\"height\":370},\"primaryImageOfPage\":{\"@id\":\"https:\\\/\\\/www.eldigitaldeasturias.com\\\/noticias\\\/artiem-madrid-el-refugio-preferido-durante-fitur-2020\\\/#mainImage\"},\"datePublished\":\"2020-01-21T20:17:01+01:00\",\"dateModified\":\"2020-01-21T20:17:01+01:00\"},{\"@type\":\"WebSite\",\"@id\":\"https:\\\/\\\/www.eldigitaldeasturias.com\\\/noticias\\\/#website\",\"url\":\"https:\\\/\\\/www.eldigitaldeasturias.com\\\/noticias\\\/\",\"name\":\"El Digital de Asturias - Diario de actualidad y noticias\",\"alternateName\":\"El Digital de Asturias - Diario de actualidad y noticias\",\"description\":\"Hemeroteca\",\"inLanguage\":\"es-ES\",\"publisher\":{\"@id\":\"https:\\\/\\\/www.eldigitaldeasturias.com\\\/noticias\\\/#organization\"}}]}\n\t\t<\/script>\n\t\t<!-- All in One SEO Pro -->\r\n\t\t<title>ARTIEM Madrid: El \u00abRefugio\u00bb preferido durante FITUR 2020 - El Digital de Asturias<\/title>\n\n","aioseo_head_json":{"title":"ARTIEM Madrid: El \u00abRefugio\u00bb preferido durante FITUR 2020 - El Digital de Asturias","description":"El pr\u00f3ximo 22 de enero es la fecha que marca el inicio de FITUR, una de las Ferias Internacionales de Turismo m\u00e1s importante del mundo, punto de encuentro de 10.000 empresas de 165 pa\u00edses y 140.000 profesionales que como cada a\u00f1o esperan con impaciencia este evento para promocionarse y nutrirse con las \u00faltimas novedades. El gran evento de un sector tur\u00edstico que se ha","canonical_url":"https:\/\/www.eldigitaldeasturias.com\/noticias\/artiem-madrid-el-refugio-preferido-durante-fitur-2020\/","robots":"max-image-preview:large","keywords":"turismo","webmasterTools":{"google-site-verification":"UA-38556648-1","msvalidate.01":"7dfe9f3f1b24437ab69f4f2559babe99","miscellaneous":""},"schema":{"@context":"https:\/\/schema.org","@graph":[{"@type":"BlogPosting","@id":"https:\/\/www.eldigitaldeasturias.com\/noticias\/artiem-madrid-el-refugio-preferido-durante-fitur-2020\/#blogposting","name":"ARTIEM Madrid: El \u00abRefugio\u00bb preferido durante FITUR 2020 - El Digital de Asturias","headline":"ARTIEM Madrid: El \u00abRefugio\u00bb preferido durante FITUR 2020","author":{"@id":"https:\/\/www.eldigitaldeasturias.com\/noticias\/author\/admin\/#author"},"publisher":{"@id":"https:\/\/www.eldigitaldeasturias.com\/noticias\/#organization"},"image":{"@type":"ImageObject","url":"https:\/\/www.eldigitaldeasturias.com\/noticias\/wp-content\/uploads\/2020\/01\/1579619432_The_Green_ARTIEM_Madrid.png","width":900,"height":370},"datePublished":"2020-01-21T20:17:01+01:00","dateModified":"2020-01-21T20:17:01+01:00","inLanguage":"es-ES","mainEntityOfPage":{"@id":"https:\/\/www.eldigitaldeasturias.com\/noticias\/artiem-madrid-el-refugio-preferido-durante-fitur-2020\/#webpage"},"isPartOf":{"@id":"https:\/\/www.eldigitaldeasturias.com\/noticias\/artiem-madrid-el-refugio-preferido-durante-fitur-2020\/#webpage"},"articleSection":"Turismo"},{"@type":"BreadcrumbList","@id":"https:\/\/www.eldigitaldeasturias.com\/noticias\/artiem-madrid-el-refugio-preferido-durante-fitur-2020\/#breadcrumblist","itemListElement":[{"@type":"ListItem","@id":"https:\/\/www.eldigitaldeasturias.com\/noticias#listItem","position":1,"name":"Home","item":"https:\/\/www.eldigitaldeasturias.com\/noticias","nextItem":{"@type":"ListItem","@id":"https:\/\/www.eldigitaldeasturias.com\/noticias\/category\/turismo\/#listItem","name":"Turismo"}},{"@type":"ListItem","@id":"https:\/\/www.eldigitaldeasturias.com\/noticias\/category\/turismo\/#listItem","position":2,"name":"Turismo","item":"https:\/\/www.eldigitaldeasturias.com\/noticias\/category\/turismo\/","nextItem":{"@type":"ListItem","@id":"https:\/\/www.eldigitaldeasturias.com\/noticias\/artiem-madrid-el-refugio-preferido-durante-fitur-2020\/#listItem","name":"ARTIEM Madrid: El \u00abRefugio\u00bb preferido durante FITUR 2020"},"previousItem":{"@type":"ListItem","@id":"https:\/\/www.eldigitaldeasturias.com\/noticias#listItem","name":"Home"}},{"@type":"ListItem","@id":"https:\/\/www.eldigitaldeasturias.com\/noticias\/artiem-madrid-el-refugio-preferido-durante-fitur-2020\/#listItem","position":3,"name":"ARTIEM Madrid: El \u00abRefugio\u00bb preferido durante FITUR 2020","previousItem":{"@type":"ListItem","@id":"https:\/\/www.eldigitaldeasturias.com\/noticias\/category\/turismo\/#listItem","name":"Turismo"}}]},{"@type":"Organization","@id":"https:\/\/www.eldigitaldeasturias.com\/noticias\/#organization","name":"El Digital de Asturias","description":"Hemeroteca","url":"https:\/\/www.eldigitaldeasturias.com\/noticias\/","email":"info@eldigitaldeasturias.com","telephone":"+34652131393","logo":{"@type":"ImageObject","url":"https:\/\/www.eldigitaldeasturias.com\/noticias\/wp-content\/uploads\/2020\/12\/EDA.jpg","@id":"https:\/\/www.eldigitaldeasturias.com\/noticias\/artiem-madrid-el-refugio-preferido-durante-fitur-2020\/#organizationLogo","width":649,"height":297},"image":{"@id":"https:\/\/www.eldigitaldeasturias.com\/noticias\/artiem-madrid-el-refugio-preferido-durante-fitur-2020\/#organizationLogo"},"sameAs":["https:\/\/facebook.com\/eldigitaldeasturias","https:\/\/www.youtube.com\/channel\/UCZP-2wLEB9Rv6erhFmqVnvg"],"address":{"@id":"https:\/\/www.eldigitaldeasturias.com\/noticias\/#postaladdress","@type":"PostalAddress","streetAddress":"san antonio 4,","postalCode":"33430","addressLocality":"Cand\u00e1s","addressRegion":"Asturias","addressCountry":"ES"}},{"@type":"Person","@id":"https:\/\/www.eldigitaldeasturias.com\/noticias\/author\/admin\/#author","url":"https:\/\/www.eldigitaldeasturias.com\/noticias\/author\/admin\/","name":"El Digital de Asturias","image":{"@type":"ImageObject","@id":"https:\/\/www.eldigitaldeasturias.com\/noticias\/artiem-madrid-el-refugio-preferido-durante-fitur-2020\/#authorImage","url":"https:\/\/www.eldigitaldeasturias.com\/noticias\/wp-content\/litespeed\/avatar\/18677e78aa0546b92d9dbf31ec7d7668.jpg?ver=1777290358","width":96,"height":96,"caption":"El Digital de Asturias"}},{"@type":"WebPage","@id":"https:\/\/www.eldigitaldeasturias.com\/noticias\/artiem-madrid-el-refugio-preferido-durante-fitur-2020\/#webpage","url":"https:\/\/www.eldigitaldeasturias.com\/noticias\/artiem-madrid-el-refugio-preferido-durante-fitur-2020\/","name":"ARTIEM Madrid: El \u00abRefugio\u00bb preferido durante FITUR 2020 - El Digital de Asturias","description":"El pr\u00f3ximo 22 de enero es la fecha que marca el inicio de FITUR, una de las Ferias Internacionales de Turismo m\u00e1s importante del mundo, punto de encuentro de 10.000 empresas de 165 pa\u00edses y 140.000 profesionales que como cada a\u00f1o esperan con impaciencia este evento para promocionarse y nutrirse con las \u00faltimas novedades. El gran evento de un sector tur\u00edstico que se ha","inLanguage":"es-ES","isPartOf":{"@id":"https:\/\/www.eldigitaldeasturias.com\/noticias\/#website"},"breadcrumb":{"@id":"https:\/\/www.eldigitaldeasturias.com\/noticias\/artiem-madrid-el-refugio-preferido-durante-fitur-2020\/#breadcrumblist"},"author":{"@id":"https:\/\/www.eldigitaldeasturias.com\/noticias\/author\/admin\/#author"},"creator":{"@id":"https:\/\/www.eldigitaldeasturias.com\/noticias\/author\/admin\/#author"},"image":{"@type":"ImageObject","url":"https:\/\/www.eldigitaldeasturias.com\/noticias\/wp-content\/uploads\/2020\/01\/1579619432_The_Green_ARTIEM_Madrid.png","@id":"https:\/\/www.eldigitaldeasturias.com\/noticias\/artiem-madrid-el-refugio-preferido-durante-fitur-2020\/#mainImage","width":900,"height":370},"primaryImageOfPage":{"@id":"https:\/\/www.eldigitaldeasturias.com\/noticias\/artiem-madrid-el-refugio-preferido-durante-fitur-2020\/#mainImage"},"datePublished":"2020-01-21T20:17:01+01:00","dateModified":"2020-01-21T20:17:01+01:00"},{"@type":"WebSite","@id":"https:\/\/www.eldigitaldeasturias.com\/noticias\/#website","url":"https:\/\/www.eldigitaldeasturias.com\/noticias\/","name":"El Digital de Asturias - Diario de actualidad y noticias","alternateName":"El Digital de Asturias - Diario de actualidad y noticias","description":"Hemeroteca","inLanguage":"es-ES","publisher":{"@id":"https:\/\/www.eldigitaldeasturias.com\/noticias\/#organization"}}]},"og:locale":"es_ES","og:site_name":"El Digital de Asturias","og:type":"article","og:title":"ARTIEM Madrid: El \u00abRefugio\u00bb preferido durante FITUR 2020 - El Digital de Asturias","og:description":"El pr\u00f3ximo 22 de enero es la fecha que marca el inicio de FITUR, una de las Ferias Internacionales de Turismo m\u00e1s importante del mundo, punto de encuentro de 10.000 empresas de 165 pa\u00edses y 140.000 profesionales que como cada a\u00f1o esperan con impaciencia este evento para promocionarse y nutrirse con las \u00faltimas novedades. El gran evento de un sector tur\u00edstico que se ha","og:url":"https:\/\/www.eldigitaldeasturias.com\/noticias\/artiem-madrid-el-refugio-preferido-durante-fitur-2020\/","og:image":"https:\/\/www.eldigitaldeasturias.com\/noticias\/wp-content\/uploads\/2020\/01\/1579619432_The_Green_ARTIEM_Madrid.png","og:image:secure_url":"https:\/\/www.eldigitaldeasturias.com\/noticias\/wp-content\/uploads\/2020\/01\/1579619432_The_Green_ARTIEM_Madrid.png","og:image:width":900,"og:image:height":370,"article:tag":["turismo"],"article:published_time":"2020-01-21T20:17:01+00:00","article:modified_time":"2020-01-21T20:17:01+00:00","article:publisher":"https:\/\/facebook.com\/eldigitaldeasturias","twitter:card":"summary_large_image","twitter:title":"ARTIEM Madrid: El \u00abRefugio\u00bb preferido durante FITUR 2020 - El Digital de Asturias","twitter:description":"El pr\u00f3ximo 22 de enero es la fecha que marca el inicio de FITUR, una de las Ferias Internacionales de Turismo m\u00e1s importante del mundo, punto de encuentro de 10.000 empresas de 165 pa\u00edses y 140.000 profesionales que como cada a\u00f1o esperan con impaciencia este evento para promocionarse y nutrirse con las \u00faltimas novedades. El gran evento de un sector tur\u00edstico que se ha","twitter:image":"https:\/\/www.eldigitaldeasturias.com\/noticias\/wp-content\/uploads\/2020\/01\/1579619432_The_Green_ARTIEM_Madrid.png","twitter:label1":"Escrito por","twitter:data1":"El Digital de Asturias","twitter:label2":"Tiempo de lectura estimado","twitter:data2":"2 minutos"},"aioseo_meta_data":{"post_id":"1055072","title":null,"description":null,"keywords":null,"keyphrases":null,"primary_term":null,"canonical_url":null,"og_title":null,"og_description":null,"og_object_type":"default","og_image_type":"default","og_image_url":null,"og_image_width":null,"og_image_height":null,"og_image_custom_url":null,"og_image_custom_fields":null,"og_video":null,"og_custom_url":null,"og_article_section":null,"og_article_tags":null,"twitter_use_og":false,"twitter_card":"default","twitter_image_type":"default","twitter_image_url":null,"twitter_image_custom_url":null,"twitter_image_custom_fields":null,"twitter_title":null,"twitter_description":null,"schema":{"blockGraphs":[],"customGraphs":[],"default":{"data":{"Article":[],"Course":[],"Dataset":[],"FAQPage":[],"Movie":[],"Person":[],"Product":[],"ProductReview":[],"Car":[],"Recipe":[],"Service":[],"SoftwareApplication":[],"WebPage":[]},"graphName":"","isEnabled":true},"graphs":[],"defaultGraph":"","defaultPostTypeGraph":""},"schema_type":null,"schema_type_options":null,"pillar_content":false,"robots_default":true,"robots_noindex":false,"robots_noarchive":false,"robots_nosnippet":false,"robots_nofollow":false,"robots_noimageindex":false,"robots_noodp":false,"robots_notranslate":false,"robots_max_snippet":null,"robots_max_videopreview":null,"robots_max_imagepreview":"large","priority":null,"frequency":null,"local_seo":null,"seo_analyzer_scan_date":"2025-10-30 17:48:07","breadcrumb_settings":null,"limit_modified_date":false,"open_ai":null,"ai":null,"created":"2020-12-21 10:56:24","updated":"2025-10-30 17:48:07"},"aioseo_breadcrumb":"<div class=\"aioseo-breadcrumbs\"><span class=\"aioseo-breadcrumb\">\n\t<a href=\"https:\/\/www.eldigitaldeasturias.com\/noticias\" title=\"Home\">Home<\/a>\n<\/span><span class=\"aioseo-breadcrumb-separator\">\u2013<\/span><span class=\"aioseo-breadcrumb\">\n\t<a href=\"https:\/\/www.eldigitaldeasturias.com\/noticias\/category\/turismo\/\" title=\"Turismo\">Turismo<\/a>\n<\/span><span class=\"aioseo-breadcrumb-separator\">\u2013<\/span><span class=\"aioseo-breadcrumb\">\n\t<a href=\"https:\/\/www.eldigitaldeasturias.com\/noticias\/artiem-madrid-el-refugio-preferido-durante-fitur-2020\/\" title=\"ARTIEM Madrid: El \u00abRefugio\u00bb preferido durante FITUR 2020\">ARTIEM Madrid: El \u00abRefugio\u00bb preferido durante FITUR 2020<\/a>\n<\/span><\/div>","aioseo_breadcrumb_json":[{"label":"Home","link":"https:\/\/www.eldigitaldeasturias.com\/noticias"},{"label":"Turismo","link":"https:\/\/www.eldigitaldeasturias.com\/noticias\/category\/turismo\/"},{"label":"ARTIEM Madrid: El \u00abRefugio\u00bb preferido durante FITUR 2020","link":"https:\/\/www.eldigitaldeasturias.com\/noticias\/artiem-madrid-el-refugio-preferido-durante-fitur-2020\/"}],"_links":{"self":[{"href":"https:\/\/www.eldigitaldeasturias.com\/noticias\/wp-json\/wp\/v2\/posts\/1055072","targetHints":{"allow":["GET"]}}],"collection":[{"href":"https:\/\/www.eldigitaldeasturias.com\/noticias\/wp-json\/wp\/v2\/posts"}],"about":[{"href":"https:\/\/www.eldigitaldeasturias.com\/noticias\/wp-json\/wp\/v2\/types\/post"}],"author":[{"embeddable":true,"href":"https:\/\/www.eldigitaldeasturias.com\/noticias\/wp-json\/wp\/v2\/users\/1"}],"replies":[{"embeddable":true,"href":"https:\/\/www.eldigitaldeasturias.com\/noticias\/wp-json\/wp\/v2\/comments?post=1055072"}],"version-history":[{"count":0,"href":"https:\/\/www.eldigitaldeasturias.com\/noticias\/wp-json\/wp\/v2\/posts\/1055072\/revisions"}],"wp:featuredmedia":[{"embeddable":true,"href":"https:\/\/www.eldigitaldeasturias.com\/noticias\/wp-json\/wp\/v2\/media\/1055073"}],"wp:attachment":[{"href":"https:\/\/www.eldigitaldeasturias.com\/noticias\/wp-json\/wp\/v2\/media?parent=1055072"}],"wp:term":[{"taxonomy":"category","embeddable":true,"href":"https:\/\/www.eldigitaldeasturias.com\/noticias\/wp-json\/wp\/v2\/categories?post=1055072"},{"taxonomy":"post_tag","embeddable":true,"href":"https:\/\/www.eldigitaldeasturias.com\/noticias\/wp-json\/wp\/v2\/tags?post=1055072"}],"curies":[{"name":"wp","href":"https:\/\/api.w.org\/{rel}","templated":true}]}}