{"id":1055041,"date":"2020-01-21T17:39:42","date_gmt":"2020-01-21T17:39:42","guid":{"rendered":"https:\/\/www.eldigitaldeasturias.com\/noticias\/?p=1055041"},"modified":"2020-01-21T17:39:42","modified_gmt":"2020-01-21T17:39:42","slug":"caso-osasuna-nuevos-datos-sobre-el-amano-de-partidos","status":"publish","type":"post","link":"https:\/\/www.eldigitaldeasturias.com\/noticias\/caso-osasuna-nuevos-datos-sobre-el-amano-de-partidos\/","title":{"rendered":"Caso Osasuna: Nuevos datos sobre el ama\u00f1o de partidos"},"content":{"rendered":"<figure id=\"attachment_1055042\" aria-describedby=\"caption-attachment-1055042\" style=\"width: 360px\" class=\"wp-caption alignleft\"><img loading=\"lazy\" decoding=\"async\" class=\"size-medium wp-image-1055042\" src=\"https:\/\/www.eldigitaldeasturias.com\/noticias\/wp-content\/uploads\/2020\/01\/Caso-Osasuna-ep-360x224.jpg\" alt=\"\" width=\"360\" height=\"224\" srcset=\"https:\/\/www.eldigitaldeasturias.com\/noticias\/wp-content\/uploads\/2020\/01\/Caso-Osasuna-ep-360x224.jpg 360w, https:\/\/www.eldigitaldeasturias.com\/noticias\/wp-content\/uploads\/2020\/01\/Caso-Osasuna-ep-690x429.jpg 690w, https:\/\/www.eldigitaldeasturias.com\/noticias\/wp-content\/uploads\/2020\/01\/Caso-Osasuna-ep-480x298.jpg 480w, https:\/\/www.eldigitaldeasturias.com\/noticias\/wp-content\/uploads\/2020\/01\/Caso-Osasuna-ep-768x477.jpg 768w, https:\/\/www.eldigitaldeasturias.com\/noticias\/wp-content\/uploads\/2020\/01\/Caso-Osasuna-ep.jpg 1014w\" sizes=\"auto, (max-width: 360px) 100vw, 360px\" \/><figcaption id=\"caption-attachment-1055042\" class=\"wp-caption-text\">Foto: David Domench &#8211; Europa Press<\/figcaption><\/figure>\n<p>(Europa Press) &#8211;\u00a0El exgerente de Osasuna \u00c1ngel Vizcay ha afirmado este martes en el j<strong>uicio del denominadado caso Osasuna<\/strong> que el club decidi\u00f3 en la parte final de la temporada 2012-13 y de la temporada 2013-14 pagar al Getafe y al Betis para que se dejaran ganar contra Osasuna y pagar asimismo a Valladolid, Betis y Espanyol para primarles en sus partidos contra rivales directos de Osasuna por la salvaci\u00f3n en Primera Divisi\u00f3n.<\/p>\n<p>Vizcay, a preguntas de la fiscal, ha afirmado que se pagaron en 2013 150.000 euros al Real Valladolid por ganar al Deportivo y otros 150.000 euros al Betis para ganar al Celta. <strong>\u00abTanto Celta como Deportivo eran rivales clasificatorios pr\u00f3ximos y se prim\u00f3 a los que jugaban contra ellos\u00bb<\/strong>, ha afirmado.<\/p>\n<p>Adem\u00e1s, ha dicho que tambi\u00e9n en 2013 \u00abhay otros 400.000 euros que se le dan al Getafe para que no ganara en Pamplona\u00bb y <strong>\u00abhay otros 400.000 euros por primas a los jugadores establecidas entre la directiva y la plantilla\u00bb<\/strong>.<\/p>\n<p>\u00c1ngel Vizcay ha afirmado que <strong>\u00abtodo esos destinos de dinero se hablaron y se decidieron en la Junta Directiva\u00bb<\/strong> de Osasuna. El exgerente ha relatado que en aquella \u00e9poca no hab\u00eda dinero en las arcas del club y ha explicado que el entonces directivo Purroy plante\u00f3 que un familiar suyo podr\u00eda realizar un pr\u00e9stamo para estos pagos.<\/p>\n<p>La fiscal ha planteado que los agentes inmobiliarios Albert Nolla y Cristina Valencia, acusados tambi\u00e9n en esta causa, firmaron un &#8216;recib\u00ed&#8217; por 900.000 euros, un documento \u00abfabricado para justificar la salida de dinero de Osasuna\u00bb y, preguntado sobre este planteamiento, Vizcay ha dicho:<strong> \u00abEntiendo que s\u00ed, pero no participaba yo en esa contabilidad\u00bb<\/strong>. Adem\u00e1s, ha se\u00f1alado que desconoc\u00eda si Albert Nolla y Cristina Valencia fueron retribuidos por haber firmado ese recib\u00ed.<\/p>\n<p>En lo que se refiere a la temporada 2013\/2014, seg\u00fan el relato del exgerente, el club decidi\u00f3 pagar 400.000 euros al Betis para que ganara al Valladolid y otros 250.000 euros tambi\u00e9n al Betis para que se dejara ganar ante Osasuna. Asimismo, pact\u00f3 pagar otros 250.000 euros por empatar ante el Espanyol.<\/p>\n<p>\u00c1ngel Vizcay ha se\u00f1alado que al igual que el a\u00f1o anterior, en una situaci\u00f3n en la que Osasuna estaba en riesgo de descenso, <strong>\u00abla Junta Directiva discuti\u00f3 tambi\u00e9n qu\u00e9 procedimientos llevar a cabo y decidi\u00f3 hacer ese\u00bb<\/strong>. \u00abEn esta Junta estaban todos los directivos\u00bb, ha se\u00f1alado.<\/p>\n<p>La Junta Directiva acord\u00f3 que las gestiones las hiciera el entonces directivo Jes\u00fas Peralta, pero que le acompa\u00f1ara el propio Vizcay, porque \u00abhab\u00eda cierto malestar en ciertos directivos por las gestiones que hab\u00eda hecho Peralta\u00bb el a\u00f1o anterior, seg\u00fan el exgerente. En concreto, hubo sospechas de que la temporada anterior el dinero no lleg\u00f3 a destino.<\/p>\n<p>Seg\u00fan el relato de Vizcay, en el caso de los partidos que implicaban al Betis, Peralta y el propio Vizcay mantuvieron una reuni\u00f3n en Madrid con los entonces jugadores del Betis Antonio Amaya y Xabier Torres, ahora acusados en este juicio. Los jugadores, seg\u00fan el exgerente, pidieron un mill\u00f3n de euros y Peralta y Vizcay dijeron que no pod\u00edan llegar a esa cifra.<\/p>\n<p>Para realizar el pago del partido entre el Betis y el Valladolid, Osasuna necesitaba 400.000 euros de los que en ese momento no dispon\u00eda.<strong> \u00abSe comenta que no hay dinero y que hay que pagarlo. Finalmente entre varias personas del club ponemos el dinero. 60.000 euros los pongo yo, 60.000 euros el director de la Fundaci\u00f3n -Diego Maquirriain-, 60.000 euros Peralta, y el resto los aporta nuestro patrocinador, que era Lacturale\u00bb<\/strong>, ha se\u00f1alado.<\/p>\n<p>Seg\u00fan Vizcay, \u00e9l no le dijo a Maquirriain para qu\u00e9 era el dinero, simplemente le coment\u00f3 que era \u00abpara necesidades del club\u00bb. En el caso de Lacturale, le trasladaron que<strong> \u00abla econom\u00eda estaba mal, que ten\u00edamos que afrontar unos pagos y que a ver si pod\u00eda prestar ese dinero\u00bb<\/strong>. El encargado de llevar el dinero a Sevilla fue Diego Maquirriain. \u00abAs\u00ed lo decidieron el presidente y el vicepresidente, Archanco y Pascual\u00bb, ha afirmado.<\/p>\n<p>En el caso del Espanyol, seg\u00fan Vizcay, el exdirectivo Peralta ten\u00eda un contacto en Barcelona y, a trav\u00e9s de \u00e9l, se concret\u00f3 que los jugadores del Espanyol \u00fanicamente aceptaban pactar un empate. <strong><em>El propio Peralta entreg\u00f3 el dinero a este intermediario por el empate.<\/em><\/strong><\/p>\n<p>Para pagar a los jugadores del Betis otros 250.000 euros por dejarse ganar en Pamplona, Vizcay ha relatado que \u00e9l mismo entreg\u00f3 el dinero a Antonio Amaya. Sin embargo, los resultados no acompa\u00f1aron a Osasuna en la pen\u00faltima jornada y tampoco en la \u00faltima y finalmente el club descendi\u00f3.<\/p>\n<p>&nbsp;<\/p>\n","protected":false},"excerpt":{"rendered":"<p>(Europa Press) &#8211;\u00a0El exgerente de Osasuna \u00c1ngel Vizcay ha afirmado este martes en el juicio del denominadado caso Osasuna que el club decidi\u00f3 en la parte final de la temporada 2012-13 y de la temporada 2013-14 pagar al Getafe y al Betis para que se dejaran ganar contra Osasuna y pagar asimismo a Valladolid, Betis [&hellip;]<\/p>\n","protected":false},"author":1,"featured_media":1055042,"comment_status":"closed","ping_status":"closed","sticky":false,"template":"","format":"standard","meta":{"footnotes":""},"categories":[190],"tags":[],"class_list":["post-1055041","post","type-post","status-publish","format-standard","has-post-thumbnail","hentry","category-deportes"],"aioseo_notices":[],"aioseo_head":"\n\t\t<!-- All in One SEO Pro 4.9.6.2 - aioseo.com -->\n\t<meta name=\"description\" content=\"(Europa Press) - El exgerente de Osasuna \u00c1ngel Vizcay ha afirmado este martes en el juicio del denominadado caso Osasuna que el club decidi\u00f3 en la parte final de la temporada 2012-13 y de la temporada 2013-14 pagar al Getafe y al Betis para que se dejaran ganar contra Osasuna y pagar asimismo a Valladolid, Betis\" \/>\n\t<meta name=\"robots\" content=\"max-image-preview:large\" \/>\n\t<meta name=\"author\" content=\"El Digital de Asturias\"\/>\n\t<meta name=\"google-site-verification\" content=\"UA-38556648-1\" \/>\n\t<meta name=\"msvalidate.01\" content=\"7dfe9f3f1b24437ab69f4f2559babe99\" \/>\n\t<meta name=\"keywords\" content=\"deportes\" \/>\n\t<link rel=\"canonical\" href=\"https:\/\/www.eldigitaldeasturias.com\/noticias\/caso-osasuna-nuevos-datos-sobre-el-amano-de-partidos\/\" \/>\n\t<meta name=\"generator\" content=\"All in One SEO Pro (AIOSEO) 4.9.6.2\" \/>\n\t\t<meta property=\"og:locale\" content=\"es_ES\" \/>\n\t\t<meta property=\"og:site_name\" content=\"El Digital de Asturias\" \/>\n\t\t<meta property=\"og:type\" content=\"article\" \/>\n\t\t<meta property=\"og:title\" content=\"Caso Osasuna: Nuevos datos sobre el ama\u00f1o de partidos - El Digital de Asturias\" \/>\n\t\t<meta property=\"og:description\" content=\"(Europa Press) - El exgerente de Osasuna \u00c1ngel Vizcay ha afirmado este martes en el juicio del denominadado caso Osasuna que el club decidi\u00f3 en la parte final de la temporada 2012-13 y de la temporada 2013-14 pagar al Getafe y al Betis para que se dejaran ganar contra Osasuna y pagar asimismo a Valladolid, Betis\" \/>\n\t\t<meta property=\"og:url\" content=\"https:\/\/www.eldigitaldeasturias.com\/noticias\/caso-osasuna-nuevos-datos-sobre-el-amano-de-partidos\/\" \/>\n\t\t<meta property=\"og:image\" content=\"https:\/\/www.eldigitaldeasturias.com\/noticias\/wp-content\/uploads\/2020\/01\/Caso-Osasuna-ep.jpg\" \/>\n\t\t<meta property=\"og:image:secure_url\" content=\"https:\/\/www.eldigitaldeasturias.com\/noticias\/wp-content\/uploads\/2020\/01\/Caso-Osasuna-ep.jpg\" \/>\n\t\t<meta property=\"og:image:width\" content=\"1014\" \/>\n\t\t<meta property=\"og:image:height\" content=\"630\" \/>\n\t\t<meta property=\"article:tag\" content=\"deportes\" \/>\n\t\t<meta property=\"article:published_time\" content=\"2020-01-21T17:39:42+00:00\" \/>\n\t\t<meta property=\"article:modified_time\" content=\"2020-01-21T17:39:42+00:00\" \/>\n\t\t<meta property=\"article:publisher\" content=\"https:\/\/facebook.com\/eldigitaldeasturias\" \/>\n\t\t<meta name=\"twitter:card\" content=\"summary_large_image\" \/>\n\t\t<meta name=\"twitter:title\" content=\"Caso Osasuna: Nuevos datos sobre el ama\u00f1o de partidos - El Digital de Asturias\" \/>\n\t\t<meta name=\"twitter:description\" content=\"(Europa Press) - El exgerente de Osasuna \u00c1ngel Vizcay ha afirmado este martes en el juicio del denominadado caso Osasuna que el club decidi\u00f3 en la parte final de la temporada 2012-13 y de la temporada 2013-14 pagar al Getafe y al Betis para que se dejaran ganar contra Osasuna y pagar asimismo a Valladolid, Betis\" \/>\n\t\t<meta name=\"twitter:image\" content=\"https:\/\/www.eldigitaldeasturias.com\/noticias\/wp-content\/uploads\/2020\/01\/Caso-Osasuna-ep.jpg\" \/>\n\t\t<meta name=\"twitter:label1\" content=\"Escrito por\" \/>\n\t\t<meta name=\"twitter:data1\" content=\"El Digital de Asturias\" \/>\n\t\t<meta name=\"twitter:label2\" content=\"Tiempo de lectura estimado\" \/>\n\t\t<meta name=\"twitter:data2\" content=\"4 minutos\" \/>\n\t\t<script type=\"application\/ld+json\" class=\"aioseo-schema\">\n\t\t\t{\"@context\":\"https:\\\/\\\/schema.org\",\"@graph\":[{\"@type\":\"BlogPosting\",\"@id\":\"https:\\\/\\\/www.eldigitaldeasturias.com\\\/noticias\\\/caso-osasuna-nuevos-datos-sobre-el-amano-de-partidos\\\/#blogposting\",\"name\":\"Caso Osasuna: Nuevos datos sobre el ama\\u00f1o de partidos - El Digital de Asturias\",\"headline\":\"Caso Osasuna: Nuevos datos sobre el ama\\u00f1o de partidos\",\"author\":{\"@id\":\"https:\\\/\\\/www.eldigitaldeasturias.com\\\/noticias\\\/author\\\/admin\\\/#author\"},\"publisher\":{\"@id\":\"https:\\\/\\\/www.eldigitaldeasturias.com\\\/noticias\\\/#organization\"},\"image\":{\"@type\":\"ImageObject\",\"url\":\"https:\\\/\\\/www.eldigitaldeasturias.com\\\/noticias\\\/wp-content\\\/uploads\\\/2020\\\/01\\\/Caso-Osasuna-ep.jpg\",\"width\":1014,\"height\":630,\"caption\":\"Foto: David Domench - Europa Press\"},\"datePublished\":\"2020-01-21T17:39:42+01:00\",\"dateModified\":\"2020-01-21T17:39:42+01:00\",\"inLanguage\":\"es-ES\",\"mainEntityOfPage\":{\"@id\":\"https:\\\/\\\/www.eldigitaldeasturias.com\\\/noticias\\\/caso-osasuna-nuevos-datos-sobre-el-amano-de-partidos\\\/#webpage\"},\"isPartOf\":{\"@id\":\"https:\\\/\\\/www.eldigitaldeasturias.com\\\/noticias\\\/caso-osasuna-nuevos-datos-sobre-el-amano-de-partidos\\\/#webpage\"},\"articleSection\":\"Deportes\"},{\"@type\":\"BreadcrumbList\",\"@id\":\"https:\\\/\\\/www.eldigitaldeasturias.com\\\/noticias\\\/caso-osasuna-nuevos-datos-sobre-el-amano-de-partidos\\\/#breadcrumblist\",\"itemListElement\":[{\"@type\":\"ListItem\",\"@id\":\"https:\\\/\\\/www.eldigitaldeasturias.com\\\/noticias#listItem\",\"position\":1,\"name\":\"Home\",\"item\":\"https:\\\/\\\/www.eldigitaldeasturias.com\\\/noticias\",\"nextItem\":{\"@type\":\"ListItem\",\"@id\":\"https:\\\/\\\/www.eldigitaldeasturias.com\\\/noticias\\\/category\\\/deportes\\\/#listItem\",\"name\":\"Deportes\"}},{\"@type\":\"ListItem\",\"@id\":\"https:\\\/\\\/www.eldigitaldeasturias.com\\\/noticias\\\/category\\\/deportes\\\/#listItem\",\"position\":2,\"name\":\"Deportes\",\"item\":\"https:\\\/\\\/www.eldigitaldeasturias.com\\\/noticias\\\/category\\\/deportes\\\/\",\"nextItem\":{\"@type\":\"ListItem\",\"@id\":\"https:\\\/\\\/www.eldigitaldeasturias.com\\\/noticias\\\/caso-osasuna-nuevos-datos-sobre-el-amano-de-partidos\\\/#listItem\",\"name\":\"Caso Osasuna: Nuevos datos sobre el ama\\u00f1o de partidos\"},\"previousItem\":{\"@type\":\"ListItem\",\"@id\":\"https:\\\/\\\/www.eldigitaldeasturias.com\\\/noticias#listItem\",\"name\":\"Home\"}},{\"@type\":\"ListItem\",\"@id\":\"https:\\\/\\\/www.eldigitaldeasturias.com\\\/noticias\\\/caso-osasuna-nuevos-datos-sobre-el-amano-de-partidos\\\/#listItem\",\"position\":3,\"name\":\"Caso Osasuna: Nuevos datos sobre el ama\\u00f1o de partidos\",\"previousItem\":{\"@type\":\"ListItem\",\"@id\":\"https:\\\/\\\/www.eldigitaldeasturias.com\\\/noticias\\\/category\\\/deportes\\\/#listItem\",\"name\":\"Deportes\"}}]},{\"@type\":\"Organization\",\"@id\":\"https:\\\/\\\/www.eldigitaldeasturias.com\\\/noticias\\\/#organization\",\"name\":\"El Digital de Asturias\",\"description\":\"Hemeroteca\",\"url\":\"https:\\\/\\\/www.eldigitaldeasturias.com\\\/noticias\\\/\",\"email\":\"info@eldigitaldeasturias.com\",\"telephone\":\"+34652131393\",\"logo\":{\"@type\":\"ImageObject\",\"url\":\"https:\\\/\\\/www.eldigitaldeasturias.com\\\/noticias\\\/wp-content\\\/uploads\\\/2020\\\/12\\\/EDA.jpg\",\"@id\":\"https:\\\/\\\/www.eldigitaldeasturias.com\\\/noticias\\\/caso-osasuna-nuevos-datos-sobre-el-amano-de-partidos\\\/#organizationLogo\",\"width\":649,\"height\":297},\"image\":{\"@id\":\"https:\\\/\\\/www.eldigitaldeasturias.com\\\/noticias\\\/caso-osasuna-nuevos-datos-sobre-el-amano-de-partidos\\\/#organizationLogo\"},\"sameAs\":[\"https:\\\/\\\/facebook.com\\\/eldigitaldeasturias\",\"https:\\\/\\\/www.youtube.com\\\/channel\\\/UCZP-2wLEB9Rv6erhFmqVnvg\"],\"address\":{\"@id\":\"https:\\\/\\\/www.eldigitaldeasturias.com\\\/noticias\\\/#postaladdress\",\"@type\":\"PostalAddress\",\"streetAddress\":\"san antonio 4,\",\"postalCode\":\"33430\",\"addressLocality\":\"Cand\\u00e1s\",\"addressRegion\":\"Asturias\",\"addressCountry\":\"ES\"}},{\"@type\":\"Person\",\"@id\":\"https:\\\/\\\/www.eldigitaldeasturias.com\\\/noticias\\\/author\\\/admin\\\/#author\",\"url\":\"https:\\\/\\\/www.eldigitaldeasturias.com\\\/noticias\\\/author\\\/admin\\\/\",\"name\":\"El Digital de Asturias\",\"image\":{\"@type\":\"ImageObject\",\"@id\":\"https:\\\/\\\/www.eldigitaldeasturias.com\\\/noticias\\\/caso-osasuna-nuevos-datos-sobre-el-amano-de-partidos\\\/#authorImage\",\"url\":\"https:\\\/\\\/www.eldigitaldeasturias.com\\\/noticias\\\/wp-content\\\/litespeed\\\/avatar\\\/18677e78aa0546b92d9dbf31ec7d7668.jpg?ver=1776685526\",\"width\":96,\"height\":96,\"caption\":\"El Digital de Asturias\"}},{\"@type\":\"WebPage\",\"@id\":\"https:\\\/\\\/www.eldigitaldeasturias.com\\\/noticias\\\/caso-osasuna-nuevos-datos-sobre-el-amano-de-partidos\\\/#webpage\",\"url\":\"https:\\\/\\\/www.eldigitaldeasturias.com\\\/noticias\\\/caso-osasuna-nuevos-datos-sobre-el-amano-de-partidos\\\/\",\"name\":\"Caso Osasuna: Nuevos datos sobre el ama\\u00f1o de partidos - El Digital de Asturias\",\"description\":\"(Europa Press) - El exgerente de Osasuna \\u00c1ngel Vizcay ha afirmado este martes en el juicio del denominadado caso Osasuna que el club decidi\\u00f3 en la parte final de la temporada 2012-13 y de la temporada 2013-14 pagar al Getafe y al Betis para que se dejaran ganar contra Osasuna y pagar asimismo a Valladolid, Betis\",\"inLanguage\":\"es-ES\",\"isPartOf\":{\"@id\":\"https:\\\/\\\/www.eldigitaldeasturias.com\\\/noticias\\\/#website\"},\"breadcrumb\":{\"@id\":\"https:\\\/\\\/www.eldigitaldeasturias.com\\\/noticias\\\/caso-osasuna-nuevos-datos-sobre-el-amano-de-partidos\\\/#breadcrumblist\"},\"author\":{\"@id\":\"https:\\\/\\\/www.eldigitaldeasturias.com\\\/noticias\\\/author\\\/admin\\\/#author\"},\"creator\":{\"@id\":\"https:\\\/\\\/www.eldigitaldeasturias.com\\\/noticias\\\/author\\\/admin\\\/#author\"},\"image\":{\"@type\":\"ImageObject\",\"url\":\"https:\\\/\\\/www.eldigitaldeasturias.com\\\/noticias\\\/wp-content\\\/uploads\\\/2020\\\/01\\\/Caso-Osasuna-ep.jpg\",\"@id\":\"https:\\\/\\\/www.eldigitaldeasturias.com\\\/noticias\\\/caso-osasuna-nuevos-datos-sobre-el-amano-de-partidos\\\/#mainImage\",\"width\":1014,\"height\":630,\"caption\":\"Foto: David Domench - Europa Press\"},\"primaryImageOfPage\":{\"@id\":\"https:\\\/\\\/www.eldigitaldeasturias.com\\\/noticias\\\/caso-osasuna-nuevos-datos-sobre-el-amano-de-partidos\\\/#mainImage\"},\"datePublished\":\"2020-01-21T17:39:42+01:00\",\"dateModified\":\"2020-01-21T17:39:42+01:00\"},{\"@type\":\"WebSite\",\"@id\":\"https:\\\/\\\/www.eldigitaldeasturias.com\\\/noticias\\\/#website\",\"url\":\"https:\\\/\\\/www.eldigitaldeasturias.com\\\/noticias\\\/\",\"name\":\"El Digital de Asturias - Diario de actualidad y noticias\",\"alternateName\":\"El Digital de Asturias - Diario de actualidad y noticias\",\"description\":\"Hemeroteca\",\"inLanguage\":\"es-ES\",\"publisher\":{\"@id\":\"https:\\\/\\\/www.eldigitaldeasturias.com\\\/noticias\\\/#organization\"}}]}\n\t\t<\/script>\n\t\t<!-- All in One SEO Pro -->\r\n\t\t<title>Caso Osasuna: Nuevos datos sobre el ama\u00f1o de partidos - El Digital de Asturias<\/title>\n\n","aioseo_head_json":{"title":"Caso Osasuna: Nuevos datos sobre el ama\u00f1o de partidos - El Digital de Asturias","description":"(Europa Press) - El exgerente de Osasuna \u00c1ngel Vizcay ha afirmado este martes en el juicio del denominadado caso Osasuna que el club decidi\u00f3 en la parte final de la temporada 2012-13 y de la temporada 2013-14 pagar al Getafe y al Betis para que se dejaran ganar contra Osasuna y pagar asimismo a Valladolid, Betis","canonical_url":"https:\/\/www.eldigitaldeasturias.com\/noticias\/caso-osasuna-nuevos-datos-sobre-el-amano-de-partidos\/","robots":"max-image-preview:large","keywords":"deportes","webmasterTools":{"google-site-verification":"UA-38556648-1","msvalidate.01":"7dfe9f3f1b24437ab69f4f2559babe99","miscellaneous":""},"schema":{"@context":"https:\/\/schema.org","@graph":[{"@type":"BlogPosting","@id":"https:\/\/www.eldigitaldeasturias.com\/noticias\/caso-osasuna-nuevos-datos-sobre-el-amano-de-partidos\/#blogposting","name":"Caso Osasuna: Nuevos datos sobre el ama\u00f1o de partidos - El Digital de Asturias","headline":"Caso Osasuna: Nuevos datos sobre el ama\u00f1o de partidos","author":{"@id":"https:\/\/www.eldigitaldeasturias.com\/noticias\/author\/admin\/#author"},"publisher":{"@id":"https:\/\/www.eldigitaldeasturias.com\/noticias\/#organization"},"image":{"@type":"ImageObject","url":"https:\/\/www.eldigitaldeasturias.com\/noticias\/wp-content\/uploads\/2020\/01\/Caso-Osasuna-ep.jpg","width":1014,"height":630,"caption":"Foto: David Domench - Europa Press"},"datePublished":"2020-01-21T17:39:42+01:00","dateModified":"2020-01-21T17:39:42+01:00","inLanguage":"es-ES","mainEntityOfPage":{"@id":"https:\/\/www.eldigitaldeasturias.com\/noticias\/caso-osasuna-nuevos-datos-sobre-el-amano-de-partidos\/#webpage"},"isPartOf":{"@id":"https:\/\/www.eldigitaldeasturias.com\/noticias\/caso-osasuna-nuevos-datos-sobre-el-amano-de-partidos\/#webpage"},"articleSection":"Deportes"},{"@type":"BreadcrumbList","@id":"https:\/\/www.eldigitaldeasturias.com\/noticias\/caso-osasuna-nuevos-datos-sobre-el-amano-de-partidos\/#breadcrumblist","itemListElement":[{"@type":"ListItem","@id":"https:\/\/www.eldigitaldeasturias.com\/noticias#listItem","position":1,"name":"Home","item":"https:\/\/www.eldigitaldeasturias.com\/noticias","nextItem":{"@type":"ListItem","@id":"https:\/\/www.eldigitaldeasturias.com\/noticias\/category\/deportes\/#listItem","name":"Deportes"}},{"@type":"ListItem","@id":"https:\/\/www.eldigitaldeasturias.com\/noticias\/category\/deportes\/#listItem","position":2,"name":"Deportes","item":"https:\/\/www.eldigitaldeasturias.com\/noticias\/category\/deportes\/","nextItem":{"@type":"ListItem","@id":"https:\/\/www.eldigitaldeasturias.com\/noticias\/caso-osasuna-nuevos-datos-sobre-el-amano-de-partidos\/#listItem","name":"Caso Osasuna: Nuevos datos sobre el ama\u00f1o de partidos"},"previousItem":{"@type":"ListItem","@id":"https:\/\/www.eldigitaldeasturias.com\/noticias#listItem","name":"Home"}},{"@type":"ListItem","@id":"https:\/\/www.eldigitaldeasturias.com\/noticias\/caso-osasuna-nuevos-datos-sobre-el-amano-de-partidos\/#listItem","position":3,"name":"Caso Osasuna: Nuevos datos sobre el ama\u00f1o de partidos","previousItem":{"@type":"ListItem","@id":"https:\/\/www.eldigitaldeasturias.com\/noticias\/category\/deportes\/#listItem","name":"Deportes"}}]},{"@type":"Organization","@id":"https:\/\/www.eldigitaldeasturias.com\/noticias\/#organization","name":"El Digital de Asturias","description":"Hemeroteca","url":"https:\/\/www.eldigitaldeasturias.com\/noticias\/","email":"info@eldigitaldeasturias.com","telephone":"+34652131393","logo":{"@type":"ImageObject","url":"https:\/\/www.eldigitaldeasturias.com\/noticias\/wp-content\/uploads\/2020\/12\/EDA.jpg","@id":"https:\/\/www.eldigitaldeasturias.com\/noticias\/caso-osasuna-nuevos-datos-sobre-el-amano-de-partidos\/#organizationLogo","width":649,"height":297},"image":{"@id":"https:\/\/www.eldigitaldeasturias.com\/noticias\/caso-osasuna-nuevos-datos-sobre-el-amano-de-partidos\/#organizationLogo"},"sameAs":["https:\/\/facebook.com\/eldigitaldeasturias","https:\/\/www.youtube.com\/channel\/UCZP-2wLEB9Rv6erhFmqVnvg"],"address":{"@id":"https:\/\/www.eldigitaldeasturias.com\/noticias\/#postaladdress","@type":"PostalAddress","streetAddress":"san antonio 4,","postalCode":"33430","addressLocality":"Cand\u00e1s","addressRegion":"Asturias","addressCountry":"ES"}},{"@type":"Person","@id":"https:\/\/www.eldigitaldeasturias.com\/noticias\/author\/admin\/#author","url":"https:\/\/www.eldigitaldeasturias.com\/noticias\/author\/admin\/","name":"El Digital de Asturias","image":{"@type":"ImageObject","@id":"https:\/\/www.eldigitaldeasturias.com\/noticias\/caso-osasuna-nuevos-datos-sobre-el-amano-de-partidos\/#authorImage","url":"https:\/\/www.eldigitaldeasturias.com\/noticias\/wp-content\/litespeed\/avatar\/18677e78aa0546b92d9dbf31ec7d7668.jpg?ver=1776685526","width":96,"height":96,"caption":"El Digital de Asturias"}},{"@type":"WebPage","@id":"https:\/\/www.eldigitaldeasturias.com\/noticias\/caso-osasuna-nuevos-datos-sobre-el-amano-de-partidos\/#webpage","url":"https:\/\/www.eldigitaldeasturias.com\/noticias\/caso-osasuna-nuevos-datos-sobre-el-amano-de-partidos\/","name":"Caso Osasuna: Nuevos datos sobre el ama\u00f1o de partidos - El Digital de Asturias","description":"(Europa Press) - El exgerente de Osasuna \u00c1ngel Vizcay ha afirmado este martes en el juicio del denominadado caso Osasuna que el club decidi\u00f3 en la parte final de la temporada 2012-13 y de la temporada 2013-14 pagar al Getafe y al Betis para que se dejaran ganar contra Osasuna y pagar asimismo a Valladolid, Betis","inLanguage":"es-ES","isPartOf":{"@id":"https:\/\/www.eldigitaldeasturias.com\/noticias\/#website"},"breadcrumb":{"@id":"https:\/\/www.eldigitaldeasturias.com\/noticias\/caso-osasuna-nuevos-datos-sobre-el-amano-de-partidos\/#breadcrumblist"},"author":{"@id":"https:\/\/www.eldigitaldeasturias.com\/noticias\/author\/admin\/#author"},"creator":{"@id":"https:\/\/www.eldigitaldeasturias.com\/noticias\/author\/admin\/#author"},"image":{"@type":"ImageObject","url":"https:\/\/www.eldigitaldeasturias.com\/noticias\/wp-content\/uploads\/2020\/01\/Caso-Osasuna-ep.jpg","@id":"https:\/\/www.eldigitaldeasturias.com\/noticias\/caso-osasuna-nuevos-datos-sobre-el-amano-de-partidos\/#mainImage","width":1014,"height":630,"caption":"Foto: David Domench - Europa Press"},"primaryImageOfPage":{"@id":"https:\/\/www.eldigitaldeasturias.com\/noticias\/caso-osasuna-nuevos-datos-sobre-el-amano-de-partidos\/#mainImage"},"datePublished":"2020-01-21T17:39:42+01:00","dateModified":"2020-01-21T17:39:42+01:00"},{"@type":"WebSite","@id":"https:\/\/www.eldigitaldeasturias.com\/noticias\/#website","url":"https:\/\/www.eldigitaldeasturias.com\/noticias\/","name":"El Digital de Asturias - Diario de actualidad y noticias","alternateName":"El Digital de Asturias - Diario de actualidad y noticias","description":"Hemeroteca","inLanguage":"es-ES","publisher":{"@id":"https:\/\/www.eldigitaldeasturias.com\/noticias\/#organization"}}]},"og:locale":"es_ES","og:site_name":"El Digital de Asturias","og:type":"article","og:title":"Caso Osasuna: Nuevos datos sobre el ama\u00f1o de partidos - El Digital de Asturias","og:description":"(Europa Press) - El exgerente de Osasuna \u00c1ngel Vizcay ha afirmado este martes en el juicio del denominadado caso Osasuna que el club decidi\u00f3 en la parte final de la temporada 2012-13 y de la temporada 2013-14 pagar al Getafe y al Betis para que se dejaran ganar contra Osasuna y pagar asimismo a Valladolid, Betis","og:url":"https:\/\/www.eldigitaldeasturias.com\/noticias\/caso-osasuna-nuevos-datos-sobre-el-amano-de-partidos\/","og:image":"https:\/\/www.eldigitaldeasturias.com\/noticias\/wp-content\/uploads\/2020\/01\/Caso-Osasuna-ep.jpg","og:image:secure_url":"https:\/\/www.eldigitaldeasturias.com\/noticias\/wp-content\/uploads\/2020\/01\/Caso-Osasuna-ep.jpg","og:image:width":1014,"og:image:height":630,"article:tag":["deportes"],"article:published_time":"2020-01-21T17:39:42+00:00","article:modified_time":"2020-01-21T17:39:42+00:00","article:publisher":"https:\/\/facebook.com\/eldigitaldeasturias","twitter:card":"summary_large_image","twitter:title":"Caso Osasuna: Nuevos datos sobre el ama\u00f1o de partidos - El Digital de Asturias","twitter:description":"(Europa Press) - El exgerente de Osasuna \u00c1ngel Vizcay ha afirmado este martes en el juicio del denominadado caso Osasuna que el club decidi\u00f3 en la parte final de la temporada 2012-13 y de la temporada 2013-14 pagar al Getafe y al Betis para que se dejaran ganar contra Osasuna y pagar asimismo a Valladolid, Betis","twitter:image":"https:\/\/www.eldigitaldeasturias.com\/noticias\/wp-content\/uploads\/2020\/01\/Caso-Osasuna-ep.jpg","twitter:label1":"Escrito por","twitter:data1":"El Digital de Asturias","twitter:label2":"Tiempo de lectura estimado","twitter:data2":"4 minutos"},"aioseo_meta_data":{"post_id":"1055041","title":null,"description":null,"keywords":null,"keyphrases":null,"primary_term":null,"canonical_url":null,"og_title":null,"og_description":null,"og_object_type":"default","og_image_type":"default","og_image_url":null,"og_image_width":null,"og_image_height":null,"og_image_custom_url":null,"og_image_custom_fields":null,"og_video":null,"og_custom_url":null,"og_article_section":null,"og_article_tags":null,"twitter_use_og":false,"twitter_card":"default","twitter_image_type":"default","twitter_image_url":null,"twitter_image_custom_url":null,"twitter_image_custom_fields":null,"twitter_title":null,"twitter_description":null,"schema":{"blockGraphs":[],"customGraphs":[],"default":{"data":{"Article":[],"Course":[],"Dataset":[],"FAQPage":[],"Movie":[],"Person":[],"Product":[],"ProductReview":[],"Car":[],"Recipe":[],"Service":[],"SoftwareApplication":[],"WebPage":[]},"graphName":"","isEnabled":true},"graphs":[],"defaultGraph":"","defaultPostTypeGraph":""},"schema_type":null,"schema_type_options":null,"pillar_content":false,"robots_default":true,"robots_noindex":false,"robots_noarchive":false,"robots_nosnippet":false,"robots_nofollow":false,"robots_noimageindex":false,"robots_noodp":false,"robots_notranslate":false,"robots_max_snippet":null,"robots_max_videopreview":null,"robots_max_imagepreview":"large","priority":null,"frequency":null,"local_seo":null,"seo_analyzer_scan_date":"2025-10-30 17:41:49","breadcrumb_settings":null,"limit_modified_date":false,"open_ai":null,"ai":null,"created":"2020-12-21 10:56:25","updated":"2025-10-30 17:41:49"},"aioseo_breadcrumb":"<div class=\"aioseo-breadcrumbs\"><span class=\"aioseo-breadcrumb\">\n\t<a href=\"https:\/\/www.eldigitaldeasturias.com\/noticias\" title=\"Home\">Home<\/a>\n<\/span><span class=\"aioseo-breadcrumb-separator\">\u2013<\/span><span class=\"aioseo-breadcrumb\">\n\t<a href=\"https:\/\/www.eldigitaldeasturias.com\/noticias\/category\/deportes\/\" title=\"Deportes\">Deportes<\/a>\n<\/span><span class=\"aioseo-breadcrumb-separator\">\u2013<\/span><span class=\"aioseo-breadcrumb\">\n\t<a href=\"https:\/\/www.eldigitaldeasturias.com\/noticias\/caso-osasuna-nuevos-datos-sobre-el-amano-de-partidos\/\" title=\"Caso Osasuna: Nuevos datos sobre el ama\u00f1o de partidos\">Caso Osasuna: Nuevos datos sobre el ama\u00f1o de partidos<\/a>\n<\/span><\/div>","aioseo_breadcrumb_json":[{"label":"Home","link":"https:\/\/www.eldigitaldeasturias.com\/noticias"},{"label":"Deportes","link":"https:\/\/www.eldigitaldeasturias.com\/noticias\/category\/deportes\/"},{"label":"Caso Osasuna: Nuevos datos sobre el ama\u00f1o de partidos","link":"https:\/\/www.eldigitaldeasturias.com\/noticias\/caso-osasuna-nuevos-datos-sobre-el-amano-de-partidos\/"}],"_links":{"self":[{"href":"https:\/\/www.eldigitaldeasturias.com\/noticias\/wp-json\/wp\/v2\/posts\/1055041","targetHints":{"allow":["GET"]}}],"collection":[{"href":"https:\/\/www.eldigitaldeasturias.com\/noticias\/wp-json\/wp\/v2\/posts"}],"about":[{"href":"https:\/\/www.eldigitaldeasturias.com\/noticias\/wp-json\/wp\/v2\/types\/post"}],"author":[{"embeddable":true,"href":"https:\/\/www.eldigitaldeasturias.com\/noticias\/wp-json\/wp\/v2\/users\/1"}],"replies":[{"embeddable":true,"href":"https:\/\/www.eldigitaldeasturias.com\/noticias\/wp-json\/wp\/v2\/comments?post=1055041"}],"version-history":[{"count":0,"href":"https:\/\/www.eldigitaldeasturias.com\/noticias\/wp-json\/wp\/v2\/posts\/1055041\/revisions"}],"wp:featuredmedia":[{"embeddable":true,"href":"https:\/\/www.eldigitaldeasturias.com\/noticias\/wp-json\/wp\/v2\/media\/1055042"}],"wp:attachment":[{"href":"https:\/\/www.eldigitaldeasturias.com\/noticias\/wp-json\/wp\/v2\/media?parent=1055041"}],"wp:term":[{"taxonomy":"category","embeddable":true,"href":"https:\/\/www.eldigitaldeasturias.com\/noticias\/wp-json\/wp\/v2\/categories?post=1055041"},{"taxonomy":"post_tag","embeddable":true,"href":"https:\/\/www.eldigitaldeasturias.com\/noticias\/wp-json\/wp\/v2\/tags?post=1055041"}],"curies":[{"name":"wp","href":"https:\/\/api.w.org\/{rel}","templated":true}]}}