{"id":1055038,"date":"2020-01-21T17:21:24","date_gmt":"2020-01-21T17:21:24","guid":{"rendered":"https:\/\/www.eldigitaldeasturias.com\/noticias\/?p=1055038"},"modified":"2020-01-21T17:21:24","modified_gmt":"2020-01-21T17:21:24","slug":"deyverson-silva-jugara-en-el-getafe","status":"publish","type":"post","link":"https:\/\/www.eldigitaldeasturias.com\/noticias\/deyverson-silva-jugara-en-el-getafe\/","title":{"rendered":"Deyverson Silva jugar\u00e1 en el Getafe"},"content":{"rendered":"<figure id=\"attachment_1055039\" aria-describedby=\"caption-attachment-1055039\" style=\"width: 360px\" class=\"wp-caption alignleft\"><img loading=\"lazy\" decoding=\"async\" class=\"size-medium wp-image-1055039\" src=\"https:\/\/www.eldigitaldeasturias.com\/noticias\/wp-content\/uploads\/2020\/01\/Deyverson-Silva-ep-360x199.jpg\" alt=\"\" width=\"360\" height=\"199\" srcset=\"https:\/\/www.eldigitaldeasturias.com\/noticias\/wp-content\/uploads\/2020\/01\/Deyverson-Silva-ep-360x199.jpg 360w, https:\/\/www.eldigitaldeasturias.com\/noticias\/wp-content\/uploads\/2020\/01\/Deyverson-Silva-ep-480x266.jpg 480w, https:\/\/www.eldigitaldeasturias.com\/noticias\/wp-content\/uploads\/2020\/01\/Deyverson-Silva-ep.jpg 637w\" sizes=\"auto, (max-width: 360px) 100vw, 360px\" \/><figcaption id=\"caption-attachment-1055039\" class=\"wp-caption-text\">Foto: LALIGA \/ Europa Press<\/figcaption><\/figure>\n<p>(Europa Press) &#8211;\u00a0El delantero brasile\u00f1o <strong>Deyverson Silva<\/strong> ha llegado al Getafe, en calidad de cedido hasta final de temporada por el SE Palmeiras y con opci\u00f3n de compra, seg\u00fan ha anunciado este martes el club madrile\u00f1o en un comunicado, complementando as\u00ed la l\u00ednea ofensiva del cuadro de Jos\u00e9 Bordal\u00e1s.<\/p>\n<p>El futbolista de 28 a\u00f1os ha abandonado el club brasile\u00f1o, donde lleg\u00f3 en 2017 procedente del Alav\u00e9s, y ser\u00e1 presentado este mi\u00e9rcoles a las 12:45 horas despu\u00e9s de la sesi\u00f3n de entrenamiento, seg\u00fan ha informado el club.<\/p>\n<p>El brasile\u00f1o vuelve a LaLiga Santander, tras su paso por UD Levante y Deportivo Alav\u00e9s, despu\u00e9s de un acuerdo entre el Getafe y el club brasile\u00f1o. <strong>El delantero, que cuenta en su palmar\u00e9s con una Serie A y un campeonato brasile\u00f1o en 2018<\/strong>, comenz\u00f3 su carrera en el Gr\u00eamio Mangaratibense, pasando por el Benfica y por la Bundesliga, hasta llegar a LaLiga espa\u00f1ola en 2015.<\/p>\n<p>&nbsp;<\/p>\n<p>&nbsp;<\/p>\n<p>&nbsp;<\/p>\n","protected":false},"excerpt":{"rendered":"<p>(Europa Press) &#8211;\u00a0El delantero brasile\u00f1o Deyverson Silva ha llegado al Getafe, en calidad de cedido hasta final de temporada por el SE Palmeiras y con opci\u00f3n de compra, seg\u00fan ha anunciado este martes el club madrile\u00f1o en un comunicado, complementando as\u00ed la l\u00ednea ofensiva del cuadro de Jos\u00e9 Bordal\u00e1s. El futbolista de 28 a\u00f1os ha [&hellip;]<\/p>\n","protected":false},"author":1,"featured_media":1055039,"comment_status":"closed","ping_status":"closed","sticky":false,"template":"","format":"standard","meta":{"footnotes":""},"categories":[190],"tags":[],"class_list":["post-1055038","post","type-post","status-publish","format-standard","has-post-thumbnail","hentry","category-deportes"],"aioseo_notices":[],"aioseo_head":"\n\t\t<!-- All in One SEO Pro 4.9.6.2 - aioseo.com -->\n\t<meta name=\"description\" content=\"(Europa Press) - El delantero brasile\u00f1o Deyverson Silva ha llegado al Getafe, en calidad de cedido hasta final de temporada por el SE Palmeiras y con opci\u00f3n de compra, seg\u00fan ha anunciado este martes el club madrile\u00f1o en un comunicado, complementando as\u00ed la l\u00ednea ofensiva del cuadro de Jos\u00e9 Bordal\u00e1s. El futbolista de 28 a\u00f1os ha\" \/>\n\t<meta name=\"robots\" content=\"max-image-preview:large\" \/>\n\t<meta name=\"author\" content=\"El Digital de Asturias\"\/>\n\t<meta name=\"google-site-verification\" content=\"UA-38556648-1\" \/>\n\t<meta name=\"msvalidate.01\" content=\"7dfe9f3f1b24437ab69f4f2559babe99\" \/>\n\t<meta name=\"keywords\" content=\"deportes\" \/>\n\t<link rel=\"canonical\" href=\"https:\/\/www.eldigitaldeasturias.com\/noticias\/deyverson-silva-jugara-en-el-getafe\/\" \/>\n\t<meta name=\"generator\" content=\"All in One SEO Pro (AIOSEO) 4.9.6.2\" \/>\n\t\t<meta property=\"og:locale\" content=\"es_ES\" \/>\n\t\t<meta property=\"og:site_name\" content=\"El Digital de Asturias\" \/>\n\t\t<meta property=\"og:type\" content=\"article\" \/>\n\t\t<meta property=\"og:title\" content=\"Deyverson Silva jugar\u00e1 en el Getafe - El Digital de Asturias\" \/>\n\t\t<meta property=\"og:description\" content=\"(Europa Press) - El delantero brasile\u00f1o Deyverson Silva ha llegado al Getafe, en calidad de cedido hasta final de temporada por el SE Palmeiras y con opci\u00f3n de compra, seg\u00fan ha anunciado este martes el club madrile\u00f1o en un comunicado, complementando as\u00ed la l\u00ednea ofensiva del cuadro de Jos\u00e9 Bordal\u00e1s. El futbolista de 28 a\u00f1os ha\" \/>\n\t\t<meta property=\"og:url\" content=\"https:\/\/www.eldigitaldeasturias.com\/noticias\/deyverson-silva-jugara-en-el-getafe\/\" \/>\n\t\t<meta property=\"og:image\" content=\"https:\/\/www.eldigitaldeasturias.com\/noticias\/wp-content\/uploads\/2020\/01\/Deyverson-Silva-ep.jpg\" \/>\n\t\t<meta property=\"og:image:secure_url\" content=\"https:\/\/www.eldigitaldeasturias.com\/noticias\/wp-content\/uploads\/2020\/01\/Deyverson-Silva-ep.jpg\" \/>\n\t\t<meta property=\"og:image:width\" content=\"637\" \/>\n\t\t<meta property=\"og:image:height\" content=\"353\" \/>\n\t\t<meta property=\"article:tag\" content=\"deportes\" \/>\n\t\t<meta property=\"article:published_time\" content=\"2020-01-21T17:21:24+00:00\" \/>\n\t\t<meta property=\"article:modified_time\" content=\"2020-01-21T17:21:24+00:00\" \/>\n\t\t<meta property=\"article:publisher\" content=\"https:\/\/facebook.com\/eldigitaldeasturias\" \/>\n\t\t<meta name=\"twitter:card\" content=\"summary_large_image\" \/>\n\t\t<meta name=\"twitter:title\" content=\"Deyverson Silva jugar\u00e1 en el Getafe - El Digital de Asturias\" \/>\n\t\t<meta name=\"twitter:description\" content=\"(Europa Press) - El delantero brasile\u00f1o Deyverson Silva ha llegado al Getafe, en calidad de cedido hasta final de temporada por el SE Palmeiras y con opci\u00f3n de compra, seg\u00fan ha anunciado este martes el club madrile\u00f1o en un comunicado, complementando as\u00ed la l\u00ednea ofensiva del cuadro de Jos\u00e9 Bordal\u00e1s. El futbolista de 28 a\u00f1os ha\" \/>\n\t\t<meta name=\"twitter:image\" content=\"https:\/\/www.eldigitaldeasturias.com\/noticias\/wp-content\/uploads\/2020\/01\/Deyverson-Silva-ep.jpg\" \/>\n\t\t<meta name=\"twitter:label1\" content=\"Escrito por\" \/>\n\t\t<meta name=\"twitter:data1\" content=\"El Digital de Asturias\" \/>\n\t\t<meta name=\"twitter:label2\" content=\"Tiempo de lectura estimado\" \/>\n\t\t<meta name=\"twitter:data2\" content=\"1 minuto\" \/>\n\t\t<script type=\"application\/ld+json\" class=\"aioseo-schema\">\n\t\t\t{\"@context\":\"https:\\\/\\\/schema.org\",\"@graph\":[{\"@type\":\"BlogPosting\",\"@id\":\"https:\\\/\\\/www.eldigitaldeasturias.com\\\/noticias\\\/deyverson-silva-jugara-en-el-getafe\\\/#blogposting\",\"name\":\"Deyverson Silva jugar\\u00e1 en el Getafe - El Digital de Asturias\",\"headline\":\"Deyverson Silva jugar\\u00e1 en el Getafe\",\"author\":{\"@id\":\"https:\\\/\\\/www.eldigitaldeasturias.com\\\/noticias\\\/author\\\/admin\\\/#author\"},\"publisher\":{\"@id\":\"https:\\\/\\\/www.eldigitaldeasturias.com\\\/noticias\\\/#organization\"},\"image\":{\"@type\":\"ImageObject\",\"url\":\"https:\\\/\\\/www.eldigitaldeasturias.com\\\/noticias\\\/wp-content\\\/uploads\\\/2020\\\/01\\\/Deyverson-Silva-ep.jpg\",\"width\":637,\"height\":353,\"caption\":\"Foto: LALIGA \\\/ Europa Press\"},\"datePublished\":\"2020-01-21T17:21:24+01:00\",\"dateModified\":\"2020-01-21T17:21:24+01:00\",\"inLanguage\":\"es-ES\",\"mainEntityOfPage\":{\"@id\":\"https:\\\/\\\/www.eldigitaldeasturias.com\\\/noticias\\\/deyverson-silva-jugara-en-el-getafe\\\/#webpage\"},\"isPartOf\":{\"@id\":\"https:\\\/\\\/www.eldigitaldeasturias.com\\\/noticias\\\/deyverson-silva-jugara-en-el-getafe\\\/#webpage\"},\"articleSection\":\"Deportes\"},{\"@type\":\"BreadcrumbList\",\"@id\":\"https:\\\/\\\/www.eldigitaldeasturias.com\\\/noticias\\\/deyverson-silva-jugara-en-el-getafe\\\/#breadcrumblist\",\"itemListElement\":[{\"@type\":\"ListItem\",\"@id\":\"https:\\\/\\\/www.eldigitaldeasturias.com\\\/noticias#listItem\",\"position\":1,\"name\":\"Home\",\"item\":\"https:\\\/\\\/www.eldigitaldeasturias.com\\\/noticias\",\"nextItem\":{\"@type\":\"ListItem\",\"@id\":\"https:\\\/\\\/www.eldigitaldeasturias.com\\\/noticias\\\/category\\\/deportes\\\/#listItem\",\"name\":\"Deportes\"}},{\"@type\":\"ListItem\",\"@id\":\"https:\\\/\\\/www.eldigitaldeasturias.com\\\/noticias\\\/category\\\/deportes\\\/#listItem\",\"position\":2,\"name\":\"Deportes\",\"item\":\"https:\\\/\\\/www.eldigitaldeasturias.com\\\/noticias\\\/category\\\/deportes\\\/\",\"nextItem\":{\"@type\":\"ListItem\",\"@id\":\"https:\\\/\\\/www.eldigitaldeasturias.com\\\/noticias\\\/deyverson-silva-jugara-en-el-getafe\\\/#listItem\",\"name\":\"Deyverson Silva jugar\\u00e1 en el Getafe\"},\"previousItem\":{\"@type\":\"ListItem\",\"@id\":\"https:\\\/\\\/www.eldigitaldeasturias.com\\\/noticias#listItem\",\"name\":\"Home\"}},{\"@type\":\"ListItem\",\"@id\":\"https:\\\/\\\/www.eldigitaldeasturias.com\\\/noticias\\\/deyverson-silva-jugara-en-el-getafe\\\/#listItem\",\"position\":3,\"name\":\"Deyverson Silva jugar\\u00e1 en el Getafe\",\"previousItem\":{\"@type\":\"ListItem\",\"@id\":\"https:\\\/\\\/www.eldigitaldeasturias.com\\\/noticias\\\/category\\\/deportes\\\/#listItem\",\"name\":\"Deportes\"}}]},{\"@type\":\"Organization\",\"@id\":\"https:\\\/\\\/www.eldigitaldeasturias.com\\\/noticias\\\/#organization\",\"name\":\"El Digital de Asturias\",\"description\":\"Hemeroteca\",\"url\":\"https:\\\/\\\/www.eldigitaldeasturias.com\\\/noticias\\\/\",\"email\":\"info@eldigitaldeasturias.com\",\"telephone\":\"+34652131393\",\"logo\":{\"@type\":\"ImageObject\",\"url\":\"https:\\\/\\\/www.eldigitaldeasturias.com\\\/noticias\\\/wp-content\\\/uploads\\\/2020\\\/12\\\/EDA.jpg\",\"@id\":\"https:\\\/\\\/www.eldigitaldeasturias.com\\\/noticias\\\/deyverson-silva-jugara-en-el-getafe\\\/#organizationLogo\",\"width\":649,\"height\":297},\"image\":{\"@id\":\"https:\\\/\\\/www.eldigitaldeasturias.com\\\/noticias\\\/deyverson-silva-jugara-en-el-getafe\\\/#organizationLogo\"},\"sameAs\":[\"https:\\\/\\\/facebook.com\\\/eldigitaldeasturias\",\"https:\\\/\\\/www.youtube.com\\\/channel\\\/UCZP-2wLEB9Rv6erhFmqVnvg\"],\"address\":{\"@id\":\"https:\\\/\\\/www.eldigitaldeasturias.com\\\/noticias\\\/#postaladdress\",\"@type\":\"PostalAddress\",\"streetAddress\":\"san antonio 4,\",\"postalCode\":\"33430\",\"addressLocality\":\"Cand\\u00e1s\",\"addressRegion\":\"Asturias\",\"addressCountry\":\"ES\"}},{\"@type\":\"Person\",\"@id\":\"https:\\\/\\\/www.eldigitaldeasturias.com\\\/noticias\\\/author\\\/admin\\\/#author\",\"url\":\"https:\\\/\\\/www.eldigitaldeasturias.com\\\/noticias\\\/author\\\/admin\\\/\",\"name\":\"El Digital de Asturias\",\"image\":{\"@type\":\"ImageObject\",\"@id\":\"https:\\\/\\\/www.eldigitaldeasturias.com\\\/noticias\\\/deyverson-silva-jugara-en-el-getafe\\\/#authorImage\",\"url\":\"https:\\\/\\\/www.eldigitaldeasturias.com\\\/noticias\\\/wp-content\\\/litespeed\\\/avatar\\\/18677e78aa0546b92d9dbf31ec7d7668.jpg?ver=1776685526\",\"width\":96,\"height\":96,\"caption\":\"El Digital de Asturias\"}},{\"@type\":\"WebPage\",\"@id\":\"https:\\\/\\\/www.eldigitaldeasturias.com\\\/noticias\\\/deyverson-silva-jugara-en-el-getafe\\\/#webpage\",\"url\":\"https:\\\/\\\/www.eldigitaldeasturias.com\\\/noticias\\\/deyverson-silva-jugara-en-el-getafe\\\/\",\"name\":\"Deyverson Silva jugar\\u00e1 en el Getafe - El Digital de Asturias\",\"description\":\"(Europa Press) - El delantero brasile\\u00f1o Deyverson Silva ha llegado al Getafe, en calidad de cedido hasta final de temporada por el SE Palmeiras y con opci\\u00f3n de compra, seg\\u00fan ha anunciado este martes el club madrile\\u00f1o en un comunicado, complementando as\\u00ed la l\\u00ednea ofensiva del cuadro de Jos\\u00e9 Bordal\\u00e1s. El futbolista de 28 a\\u00f1os ha\",\"inLanguage\":\"es-ES\",\"isPartOf\":{\"@id\":\"https:\\\/\\\/www.eldigitaldeasturias.com\\\/noticias\\\/#website\"},\"breadcrumb\":{\"@id\":\"https:\\\/\\\/www.eldigitaldeasturias.com\\\/noticias\\\/deyverson-silva-jugara-en-el-getafe\\\/#breadcrumblist\"},\"author\":{\"@id\":\"https:\\\/\\\/www.eldigitaldeasturias.com\\\/noticias\\\/author\\\/admin\\\/#author\"},\"creator\":{\"@id\":\"https:\\\/\\\/www.eldigitaldeasturias.com\\\/noticias\\\/author\\\/admin\\\/#author\"},\"image\":{\"@type\":\"ImageObject\",\"url\":\"https:\\\/\\\/www.eldigitaldeasturias.com\\\/noticias\\\/wp-content\\\/uploads\\\/2020\\\/01\\\/Deyverson-Silva-ep.jpg\",\"@id\":\"https:\\\/\\\/www.eldigitaldeasturias.com\\\/noticias\\\/deyverson-silva-jugara-en-el-getafe\\\/#mainImage\",\"width\":637,\"height\":353,\"caption\":\"Foto: LALIGA \\\/ Europa Press\"},\"primaryImageOfPage\":{\"@id\":\"https:\\\/\\\/www.eldigitaldeasturias.com\\\/noticias\\\/deyverson-silva-jugara-en-el-getafe\\\/#mainImage\"},\"datePublished\":\"2020-01-21T17:21:24+01:00\",\"dateModified\":\"2020-01-21T17:21:24+01:00\"},{\"@type\":\"WebSite\",\"@id\":\"https:\\\/\\\/www.eldigitaldeasturias.com\\\/noticias\\\/#website\",\"url\":\"https:\\\/\\\/www.eldigitaldeasturias.com\\\/noticias\\\/\",\"name\":\"El Digital de Asturias - Diario de actualidad y noticias\",\"alternateName\":\"El Digital de Asturias - Diario de actualidad y noticias\",\"description\":\"Hemeroteca\",\"inLanguage\":\"es-ES\",\"publisher\":{\"@id\":\"https:\\\/\\\/www.eldigitaldeasturias.com\\\/noticias\\\/#organization\"}}]}\n\t\t<\/script>\n\t\t<!-- All in One SEO Pro -->\r\n\t\t<title>Deyverson Silva jugar\u00e1 en el Getafe - El Digital de Asturias<\/title>\n\n","aioseo_head_json":{"title":"Deyverson Silva jugar\u00e1 en el Getafe - El Digital de Asturias","description":"(Europa Press) - El delantero brasile\u00f1o Deyverson Silva ha llegado al Getafe, en calidad de cedido hasta final de temporada por el SE Palmeiras y con opci\u00f3n de compra, seg\u00fan ha anunciado este martes el club madrile\u00f1o en un comunicado, complementando as\u00ed la l\u00ednea ofensiva del cuadro de Jos\u00e9 Bordal\u00e1s. El futbolista de 28 a\u00f1os ha","canonical_url":"https:\/\/www.eldigitaldeasturias.com\/noticias\/deyverson-silva-jugara-en-el-getafe\/","robots":"max-image-preview:large","keywords":"deportes","webmasterTools":{"google-site-verification":"UA-38556648-1","msvalidate.01":"7dfe9f3f1b24437ab69f4f2559babe99","miscellaneous":""},"schema":{"@context":"https:\/\/schema.org","@graph":[{"@type":"BlogPosting","@id":"https:\/\/www.eldigitaldeasturias.com\/noticias\/deyverson-silva-jugara-en-el-getafe\/#blogposting","name":"Deyverson Silva jugar\u00e1 en el Getafe - El Digital de Asturias","headline":"Deyverson Silva jugar\u00e1 en el Getafe","author":{"@id":"https:\/\/www.eldigitaldeasturias.com\/noticias\/author\/admin\/#author"},"publisher":{"@id":"https:\/\/www.eldigitaldeasturias.com\/noticias\/#organization"},"image":{"@type":"ImageObject","url":"https:\/\/www.eldigitaldeasturias.com\/noticias\/wp-content\/uploads\/2020\/01\/Deyverson-Silva-ep.jpg","width":637,"height":353,"caption":"Foto: LALIGA \/ Europa Press"},"datePublished":"2020-01-21T17:21:24+01:00","dateModified":"2020-01-21T17:21:24+01:00","inLanguage":"es-ES","mainEntityOfPage":{"@id":"https:\/\/www.eldigitaldeasturias.com\/noticias\/deyverson-silva-jugara-en-el-getafe\/#webpage"},"isPartOf":{"@id":"https:\/\/www.eldigitaldeasturias.com\/noticias\/deyverson-silva-jugara-en-el-getafe\/#webpage"},"articleSection":"Deportes"},{"@type":"BreadcrumbList","@id":"https:\/\/www.eldigitaldeasturias.com\/noticias\/deyverson-silva-jugara-en-el-getafe\/#breadcrumblist","itemListElement":[{"@type":"ListItem","@id":"https:\/\/www.eldigitaldeasturias.com\/noticias#listItem","position":1,"name":"Home","item":"https:\/\/www.eldigitaldeasturias.com\/noticias","nextItem":{"@type":"ListItem","@id":"https:\/\/www.eldigitaldeasturias.com\/noticias\/category\/deportes\/#listItem","name":"Deportes"}},{"@type":"ListItem","@id":"https:\/\/www.eldigitaldeasturias.com\/noticias\/category\/deportes\/#listItem","position":2,"name":"Deportes","item":"https:\/\/www.eldigitaldeasturias.com\/noticias\/category\/deportes\/","nextItem":{"@type":"ListItem","@id":"https:\/\/www.eldigitaldeasturias.com\/noticias\/deyverson-silva-jugara-en-el-getafe\/#listItem","name":"Deyverson Silva jugar\u00e1 en el Getafe"},"previousItem":{"@type":"ListItem","@id":"https:\/\/www.eldigitaldeasturias.com\/noticias#listItem","name":"Home"}},{"@type":"ListItem","@id":"https:\/\/www.eldigitaldeasturias.com\/noticias\/deyverson-silva-jugara-en-el-getafe\/#listItem","position":3,"name":"Deyverson Silva jugar\u00e1 en el Getafe","previousItem":{"@type":"ListItem","@id":"https:\/\/www.eldigitaldeasturias.com\/noticias\/category\/deportes\/#listItem","name":"Deportes"}}]},{"@type":"Organization","@id":"https:\/\/www.eldigitaldeasturias.com\/noticias\/#organization","name":"El Digital de Asturias","description":"Hemeroteca","url":"https:\/\/www.eldigitaldeasturias.com\/noticias\/","email":"info@eldigitaldeasturias.com","telephone":"+34652131393","logo":{"@type":"ImageObject","url":"https:\/\/www.eldigitaldeasturias.com\/noticias\/wp-content\/uploads\/2020\/12\/EDA.jpg","@id":"https:\/\/www.eldigitaldeasturias.com\/noticias\/deyverson-silva-jugara-en-el-getafe\/#organizationLogo","width":649,"height":297},"image":{"@id":"https:\/\/www.eldigitaldeasturias.com\/noticias\/deyverson-silva-jugara-en-el-getafe\/#organizationLogo"},"sameAs":["https:\/\/facebook.com\/eldigitaldeasturias","https:\/\/www.youtube.com\/channel\/UCZP-2wLEB9Rv6erhFmqVnvg"],"address":{"@id":"https:\/\/www.eldigitaldeasturias.com\/noticias\/#postaladdress","@type":"PostalAddress","streetAddress":"san antonio 4,","postalCode":"33430","addressLocality":"Cand\u00e1s","addressRegion":"Asturias","addressCountry":"ES"}},{"@type":"Person","@id":"https:\/\/www.eldigitaldeasturias.com\/noticias\/author\/admin\/#author","url":"https:\/\/www.eldigitaldeasturias.com\/noticias\/author\/admin\/","name":"El Digital de Asturias","image":{"@type":"ImageObject","@id":"https:\/\/www.eldigitaldeasturias.com\/noticias\/deyverson-silva-jugara-en-el-getafe\/#authorImage","url":"https:\/\/www.eldigitaldeasturias.com\/noticias\/wp-content\/litespeed\/avatar\/18677e78aa0546b92d9dbf31ec7d7668.jpg?ver=1776685526","width":96,"height":96,"caption":"El Digital de Asturias"}},{"@type":"WebPage","@id":"https:\/\/www.eldigitaldeasturias.com\/noticias\/deyverson-silva-jugara-en-el-getafe\/#webpage","url":"https:\/\/www.eldigitaldeasturias.com\/noticias\/deyverson-silva-jugara-en-el-getafe\/","name":"Deyverson Silva jugar\u00e1 en el Getafe - El Digital de Asturias","description":"(Europa Press) - El delantero brasile\u00f1o Deyverson Silva ha llegado al Getafe, en calidad de cedido hasta final de temporada por el SE Palmeiras y con opci\u00f3n de compra, seg\u00fan ha anunciado este martes el club madrile\u00f1o en un comunicado, complementando as\u00ed la l\u00ednea ofensiva del cuadro de Jos\u00e9 Bordal\u00e1s. El futbolista de 28 a\u00f1os ha","inLanguage":"es-ES","isPartOf":{"@id":"https:\/\/www.eldigitaldeasturias.com\/noticias\/#website"},"breadcrumb":{"@id":"https:\/\/www.eldigitaldeasturias.com\/noticias\/deyverson-silva-jugara-en-el-getafe\/#breadcrumblist"},"author":{"@id":"https:\/\/www.eldigitaldeasturias.com\/noticias\/author\/admin\/#author"},"creator":{"@id":"https:\/\/www.eldigitaldeasturias.com\/noticias\/author\/admin\/#author"},"image":{"@type":"ImageObject","url":"https:\/\/www.eldigitaldeasturias.com\/noticias\/wp-content\/uploads\/2020\/01\/Deyverson-Silva-ep.jpg","@id":"https:\/\/www.eldigitaldeasturias.com\/noticias\/deyverson-silva-jugara-en-el-getafe\/#mainImage","width":637,"height":353,"caption":"Foto: LALIGA \/ Europa Press"},"primaryImageOfPage":{"@id":"https:\/\/www.eldigitaldeasturias.com\/noticias\/deyverson-silva-jugara-en-el-getafe\/#mainImage"},"datePublished":"2020-01-21T17:21:24+01:00","dateModified":"2020-01-21T17:21:24+01:00"},{"@type":"WebSite","@id":"https:\/\/www.eldigitaldeasturias.com\/noticias\/#website","url":"https:\/\/www.eldigitaldeasturias.com\/noticias\/","name":"El Digital de Asturias - Diario de actualidad y noticias","alternateName":"El Digital de Asturias - Diario de actualidad y noticias","description":"Hemeroteca","inLanguage":"es-ES","publisher":{"@id":"https:\/\/www.eldigitaldeasturias.com\/noticias\/#organization"}}]},"og:locale":"es_ES","og:site_name":"El Digital de Asturias","og:type":"article","og:title":"Deyverson Silva jugar\u00e1 en el Getafe - El Digital de Asturias","og:description":"(Europa Press) - El delantero brasile\u00f1o Deyverson Silva ha llegado al Getafe, en calidad de cedido hasta final de temporada por el SE Palmeiras y con opci\u00f3n de compra, seg\u00fan ha anunciado este martes el club madrile\u00f1o en un comunicado, complementando as\u00ed la l\u00ednea ofensiva del cuadro de Jos\u00e9 Bordal\u00e1s. El futbolista de 28 a\u00f1os ha","og:url":"https:\/\/www.eldigitaldeasturias.com\/noticias\/deyverson-silva-jugara-en-el-getafe\/","og:image":"https:\/\/www.eldigitaldeasturias.com\/noticias\/wp-content\/uploads\/2020\/01\/Deyverson-Silva-ep.jpg","og:image:secure_url":"https:\/\/www.eldigitaldeasturias.com\/noticias\/wp-content\/uploads\/2020\/01\/Deyverson-Silva-ep.jpg","og:image:width":637,"og:image:height":353,"article:tag":["deportes"],"article:published_time":"2020-01-21T17:21:24+00:00","article:modified_time":"2020-01-21T17:21:24+00:00","article:publisher":"https:\/\/facebook.com\/eldigitaldeasturias","twitter:card":"summary_large_image","twitter:title":"Deyverson Silva jugar\u00e1 en el Getafe - El Digital de Asturias","twitter:description":"(Europa Press) - El delantero brasile\u00f1o Deyverson Silva ha llegado al Getafe, en calidad de cedido hasta final de temporada por el SE Palmeiras y con opci\u00f3n de compra, seg\u00fan ha anunciado este martes el club madrile\u00f1o en un comunicado, complementando as\u00ed la l\u00ednea ofensiva del cuadro de Jos\u00e9 Bordal\u00e1s. El futbolista de 28 a\u00f1os ha","twitter:image":"https:\/\/www.eldigitaldeasturias.com\/noticias\/wp-content\/uploads\/2020\/01\/Deyverson-Silva-ep.jpg","twitter:label1":"Escrito por","twitter:data1":"El Digital de Asturias","twitter:label2":"Tiempo de lectura estimado","twitter:data2":"1 minuto"},"aioseo_meta_data":{"post_id":"1055038","title":null,"description":null,"keywords":null,"keyphrases":null,"primary_term":null,"canonical_url":null,"og_title":null,"og_description":null,"og_object_type":"default","og_image_type":"default","og_image_url":null,"og_image_width":null,"og_image_height":null,"og_image_custom_url":null,"og_image_custom_fields":null,"og_video":null,"og_custom_url":null,"og_article_section":null,"og_article_tags":null,"twitter_use_og":false,"twitter_card":"default","twitter_image_type":"default","twitter_image_url":null,"twitter_image_custom_url":null,"twitter_image_custom_fields":null,"twitter_title":null,"twitter_description":null,"schema":{"blockGraphs":[],"customGraphs":[],"default":{"data":{"Article":[],"Course":[],"Dataset":[],"FAQPage":[],"Movie":[],"Person":[],"Product":[],"ProductReview":[],"Car":[],"Recipe":[],"Service":[],"SoftwareApplication":[],"WebPage":[]},"graphName":"","isEnabled":true},"graphs":[],"defaultGraph":"","defaultPostTypeGraph":""},"schema_type":null,"schema_type_options":null,"pillar_content":false,"robots_default":true,"robots_noindex":false,"robots_noarchive":false,"robots_nosnippet":false,"robots_nofollow":false,"robots_noimageindex":false,"robots_noodp":false,"robots_notranslate":false,"robots_max_snippet":null,"robots_max_videopreview":null,"robots_max_imagepreview":"large","priority":null,"frequency":null,"local_seo":null,"seo_analyzer_scan_date":"2025-10-30 17:39:15","breadcrumb_settings":null,"limit_modified_date":false,"open_ai":null,"ai":null,"created":"2020-12-21 10:56:25","updated":"2025-10-30 17:39:15"},"aioseo_breadcrumb":"<div class=\"aioseo-breadcrumbs\"><span class=\"aioseo-breadcrumb\">\n\t<a href=\"https:\/\/www.eldigitaldeasturias.com\/noticias\" title=\"Home\">Home<\/a>\n<\/span><span class=\"aioseo-breadcrumb-separator\">\u2013<\/span><span class=\"aioseo-breadcrumb\">\n\t<a href=\"https:\/\/www.eldigitaldeasturias.com\/noticias\/category\/deportes\/\" title=\"Deportes\">Deportes<\/a>\n<\/span><span class=\"aioseo-breadcrumb-separator\">\u2013<\/span><span class=\"aioseo-breadcrumb\">\n\t<a href=\"https:\/\/www.eldigitaldeasturias.com\/noticias\/deyverson-silva-jugara-en-el-getafe\/\" title=\"Deyverson Silva jugar\u00e1 en el Getafe\">Deyverson Silva jugar\u00e1 en el Getafe<\/a>\n<\/span><\/div>","aioseo_breadcrumb_json":[{"label":"Home","link":"https:\/\/www.eldigitaldeasturias.com\/noticias"},{"label":"Deportes","link":"https:\/\/www.eldigitaldeasturias.com\/noticias\/category\/deportes\/"},{"label":"Deyverson Silva jugar\u00e1 en el Getafe","link":"https:\/\/www.eldigitaldeasturias.com\/noticias\/deyverson-silva-jugara-en-el-getafe\/"}],"_links":{"self":[{"href":"https:\/\/www.eldigitaldeasturias.com\/noticias\/wp-json\/wp\/v2\/posts\/1055038","targetHints":{"allow":["GET"]}}],"collection":[{"href":"https:\/\/www.eldigitaldeasturias.com\/noticias\/wp-json\/wp\/v2\/posts"}],"about":[{"href":"https:\/\/www.eldigitaldeasturias.com\/noticias\/wp-json\/wp\/v2\/types\/post"}],"author":[{"embeddable":true,"href":"https:\/\/www.eldigitaldeasturias.com\/noticias\/wp-json\/wp\/v2\/users\/1"}],"replies":[{"embeddable":true,"href":"https:\/\/www.eldigitaldeasturias.com\/noticias\/wp-json\/wp\/v2\/comments?post=1055038"}],"version-history":[{"count":0,"href":"https:\/\/www.eldigitaldeasturias.com\/noticias\/wp-json\/wp\/v2\/posts\/1055038\/revisions"}],"wp:featuredmedia":[{"embeddable":true,"href":"https:\/\/www.eldigitaldeasturias.com\/noticias\/wp-json\/wp\/v2\/media\/1055039"}],"wp:attachment":[{"href":"https:\/\/www.eldigitaldeasturias.com\/noticias\/wp-json\/wp\/v2\/media?parent=1055038"}],"wp:term":[{"taxonomy":"category","embeddable":true,"href":"https:\/\/www.eldigitaldeasturias.com\/noticias\/wp-json\/wp\/v2\/categories?post=1055038"},{"taxonomy":"post_tag","embeddable":true,"href":"https:\/\/www.eldigitaldeasturias.com\/noticias\/wp-json\/wp\/v2\/tags?post=1055038"}],"curies":[{"name":"wp","href":"https:\/\/api.w.org\/{rel}","templated":true}]}}