{"id":1054892,"date":"2020-01-20T13:41:15","date_gmt":"2020-01-20T13:41:15","guid":{"rendered":"https:\/\/www.eldigitaldeasturias.com\/noticias\/?p=1054892"},"modified":"2020-01-20T13:41:15","modified_gmt":"2020-01-20T13:41:15","slug":"ranking-de-la-atp-nadal-llega-con-el-numero-1-a-australia","status":"publish","type":"post","link":"https:\/\/www.eldigitaldeasturias.com\/noticias\/ranking-de-la-atp-nadal-llega-con-el-numero-1-a-australia\/","title":{"rendered":"Ranking de la ATP: Nadal llega con el n\u00famero 1 a Australia"},"content":{"rendered":"<figure id=\"attachment_1054893\" aria-describedby=\"caption-attachment-1054893\" style=\"width: 360px\" class=\"wp-caption alignleft\"><img loading=\"lazy\" decoding=\"async\" class=\"size-medium wp-image-1054893\" src=\"https:\/\/www.eldigitaldeasturias.com\/noticias\/wp-content\/uploads\/2020\/01\/Nadal-dpa-4-360x251.jpg\" alt=\"\" width=\"360\" height=\"251\" srcset=\"https:\/\/www.eldigitaldeasturias.com\/noticias\/wp-content\/uploads\/2020\/01\/Nadal-dpa-4-360x251.jpg 360w, https:\/\/www.eldigitaldeasturias.com\/noticias\/wp-content\/uploads\/2020\/01\/Nadal-dpa-4-690x480.jpg 690w, https:\/\/www.eldigitaldeasturias.com\/noticias\/wp-content\/uploads\/2020\/01\/Nadal-dpa-4-430x300.jpg 430w, https:\/\/www.eldigitaldeasturias.com\/noticias\/wp-content\/uploads\/2020\/01\/Nadal-dpa-4-768x535.jpg 768w, https:\/\/www.eldigitaldeasturias.com\/noticias\/wp-content\/uploads\/2020\/01\/Nadal-dpa-4.jpg 947w\" sizes=\"auto, (max-width: 360px) 100vw, 360px\" \/><figcaption id=\"caption-attachment-1054893\" class=\"wp-caption-text\">Foto: AAPIMAGE \/ DPA \/ Europa Press<\/figcaption><\/figure>\n<p>(Europa Press) &#8211;\u00a0El tenista espa\u00f1ol <strong>Rafa Nadal sum\u00f3 este lunes una semana m\u00e1s al frente del ranking de la ATP<\/strong>, posici\u00f3n de privilegio que defender\u00e1 a partir de este martes cuando debute en el <strong>Abierto de Australia<\/strong>, donde defiende muchos puntos por la final alcanzada el a\u00f1o pasado.<\/p>\n<p><strong>El de Manacor afrontar\u00e1 el primer &#8216;Grand Slam&#8217; de la temporada con 515 puntos sobre el serbio Novak Djokovic<\/strong>, que tambi\u00e9n tiene muchos puntos que defender para intentar recuperar el trono mundial por ser el actual campe\u00f3n en el Melbourne Park.<\/p>\n<p>El &#8216;Top 10&#8217; de la clasificaci\u00f3n no sufre ninguna variaci\u00f3n antes del primer &#8216;grande&#8217; y el castellonense Roberto Bautista contin\u00faa en la novena plaza, mientras que, respecto al resto de espa\u00f1oles, la mayor novedad son las cuatro plazas que sube el veterano Feliciano L\u00f3pez para situarse el 57 del mundo.<\/p>\n<p>&#8211;CLASIFICACI\u00d3N DE LA ATP A 20 DE ENERO.<\/p>\n<ul>\n<li>1. (1) RAFAEL NADAL (ESP) 10.235 puntos.<\/li>\n<li>2. (2) Novak Djokovic (SRB) 9.720.<\/li>\n<li>3. (3) Roger Federer (SUI) 6.590.<\/li>\n<li>4. (4) Daniil Medvedev (RUS) 5.960.<\/li>\n<li>5. (5) Dominic Thiem (AUT) 5.890.<\/li>\n<li>6. (6) Stefanos Tsitsipas (GRE) 5.375.<\/li>\n<li>7. (7) Alexander Zverev (ALE) 3.345.<\/li>\n<li>8 (8) Matteo Berrettini (ITA) 2.870.<\/li>\n<li>9. (9) ROBERTO BAUTISTA (ESP) 2.630.<\/li>\n<li>10.(10) Gael Monfils (FRA) 2.565.<\/li>\n<\/ul>\n<p>&#8230;\/&#8230;<\/p>\n<ul>\n<li>30.(30) PABLO CARRE\u00d1O (ESP) 1.422.<\/li>\n<li>42.(42) ALBERT RAMOS (ESP) 1.130.<\/li>\n<li>51.(50) FERNANDO VERDASCO (ESP) 1.050.<\/li>\n<li>57.(61) FELICIANO L\u00d3PEZ (ESP) 933.<\/li>\n<li>63.(63) PABLO AND\u00daJAR (ESP) 867.<\/li>\n<li>83.(80) ROBERTO CARBALL\u00c9S (ESP) 664.<\/li>\n<li>88.(85) ALEJANDRO DAVIDOVICH (ESP) 627.<\/li>\n<li>90.(88) JAUME MUNAR (ESP) 608.<\/li>\n<\/ul>\n<p>Nota.- Entre par\u00e9ntesis, la posici\u00f3n en la lista anterior.<\/p>\n<p>&nbsp;<\/p>\n","protected":false},"excerpt":{"rendered":"<p>(Europa Press) &#8211;\u00a0El tenista espa\u00f1ol Rafa Nadal sum\u00f3 este lunes una semana m\u00e1s al frente del ranking de la ATP, posici\u00f3n de privilegio que defender\u00e1 a partir de este martes cuando debute en el Abierto de Australia, donde defiende muchos puntos por la final alcanzada el a\u00f1o pasado. El de Manacor afrontar\u00e1 el primer &#8216;Grand [&hellip;]<\/p>\n","protected":false},"author":1,"featured_media":1054893,"comment_status":"closed","ping_status":"closed","sticky":false,"template":"","format":"standard","meta":{"footnotes":""},"categories":[190],"tags":[],"class_list":["post-1054892","post","type-post","status-publish","format-standard","has-post-thumbnail","hentry","category-deportes"],"aioseo_notices":[],"aioseo_head":"\n\t\t<!-- All in One SEO Pro 4.9.6.2 - aioseo.com -->\n\t<meta name=\"description\" content=\"(Europa Press) - El tenista espa\u00f1ol Rafa Nadal sum\u00f3 este lunes una semana m\u00e1s al frente del ranking de la ATP, posici\u00f3n de privilegio que defender\u00e1 a partir de este martes cuando debute en el Abierto de Australia, donde defiende muchos puntos por la final alcanzada el a\u00f1o pasado. El de Manacor afrontar\u00e1 el primer &#039;Grand\" \/>\n\t<meta name=\"robots\" content=\"max-image-preview:large\" \/>\n\t<meta name=\"author\" content=\"El Digital de Asturias\"\/>\n\t<meta name=\"google-site-verification\" content=\"UA-38556648-1\" \/>\n\t<meta name=\"msvalidate.01\" content=\"7dfe9f3f1b24437ab69f4f2559babe99\" \/>\n\t<meta name=\"keywords\" content=\"deportes\" \/>\n\t<link rel=\"canonical\" href=\"https:\/\/www.eldigitaldeasturias.com\/noticias\/ranking-de-la-atp-nadal-llega-con-el-numero-1-a-australia\/\" \/>\n\t<meta name=\"generator\" content=\"All in One SEO Pro (AIOSEO) 4.9.6.2\" \/>\n\t\t<meta property=\"og:locale\" content=\"es_ES\" \/>\n\t\t<meta property=\"og:site_name\" content=\"El Digital de Asturias\" \/>\n\t\t<meta property=\"og:type\" content=\"article\" \/>\n\t\t<meta property=\"og:title\" content=\"Ranking de la ATP: Nadal llega con el n\u00famero 1 a Australia - El Digital de Asturias\" \/>\n\t\t<meta property=\"og:description\" content=\"(Europa Press) - El tenista espa\u00f1ol Rafa Nadal sum\u00f3 este lunes una semana m\u00e1s al frente del ranking de la ATP, posici\u00f3n de privilegio que defender\u00e1 a partir de este martes cuando debute en el Abierto de Australia, donde defiende muchos puntos por la final alcanzada el a\u00f1o pasado. El de Manacor afrontar\u00e1 el primer &#039;Grand\" \/>\n\t\t<meta property=\"og:url\" content=\"https:\/\/www.eldigitaldeasturias.com\/noticias\/ranking-de-la-atp-nadal-llega-con-el-numero-1-a-australia\/\" \/>\n\t\t<meta property=\"og:image\" content=\"https:\/\/www.eldigitaldeasturias.com\/noticias\/wp-content\/uploads\/2020\/01\/Nadal-dpa-4.jpg\" \/>\n\t\t<meta property=\"og:image:secure_url\" content=\"https:\/\/www.eldigitaldeasturias.com\/noticias\/wp-content\/uploads\/2020\/01\/Nadal-dpa-4.jpg\" \/>\n\t\t<meta property=\"og:image:width\" content=\"947\" \/>\n\t\t<meta property=\"og:image:height\" content=\"660\" \/>\n\t\t<meta property=\"article:tag\" content=\"deportes\" \/>\n\t\t<meta property=\"article:published_time\" content=\"2020-01-20T13:41:15+00:00\" \/>\n\t\t<meta property=\"article:modified_time\" content=\"2020-01-20T13:41:15+00:00\" \/>\n\t\t<meta property=\"article:publisher\" content=\"https:\/\/facebook.com\/eldigitaldeasturias\" \/>\n\t\t<meta name=\"twitter:card\" content=\"summary_large_image\" \/>\n\t\t<meta name=\"twitter:title\" content=\"Ranking de la ATP: Nadal llega con el n\u00famero 1 a Australia - El Digital de Asturias\" \/>\n\t\t<meta name=\"twitter:description\" content=\"(Europa Press) - El tenista espa\u00f1ol Rafa Nadal sum\u00f3 este lunes una semana m\u00e1s al frente del ranking de la ATP, posici\u00f3n de privilegio que defender\u00e1 a partir de este martes cuando debute en el Abierto de Australia, donde defiende muchos puntos por la final alcanzada el a\u00f1o pasado. El de Manacor afrontar\u00e1 el primer &#039;Grand\" \/>\n\t\t<meta name=\"twitter:image\" content=\"https:\/\/www.eldigitaldeasturias.com\/noticias\/wp-content\/uploads\/2020\/01\/Nadal-dpa-4.jpg\" \/>\n\t\t<meta name=\"twitter:label1\" content=\"Escrito por\" \/>\n\t\t<meta name=\"twitter:data1\" content=\"El Digital de Asturias\" \/>\n\t\t<meta name=\"twitter:label2\" content=\"Tiempo de lectura estimado\" \/>\n\t\t<meta name=\"twitter:data2\" content=\"1 minuto\" \/>\n\t\t<script type=\"application\/ld+json\" class=\"aioseo-schema\">\n\t\t\t{\"@context\":\"https:\\\/\\\/schema.org\",\"@graph\":[{\"@type\":\"BlogPosting\",\"@id\":\"https:\\\/\\\/www.eldigitaldeasturias.com\\\/noticias\\\/ranking-de-la-atp-nadal-llega-con-el-numero-1-a-australia\\\/#blogposting\",\"name\":\"Ranking de la ATP: Nadal llega con el n\\u00famero 1 a Australia - El Digital de Asturias\",\"headline\":\"Ranking de la ATP: Nadal llega con el n\\u00famero 1 a Australia\",\"author\":{\"@id\":\"https:\\\/\\\/www.eldigitaldeasturias.com\\\/noticias\\\/author\\\/admin\\\/#author\"},\"publisher\":{\"@id\":\"https:\\\/\\\/www.eldigitaldeasturias.com\\\/noticias\\\/#organization\"},\"image\":{\"@type\":\"ImageObject\",\"url\":\"https:\\\/\\\/www.eldigitaldeasturias.com\\\/noticias\\\/wp-content\\\/uploads\\\/2020\\\/01\\\/Nadal-dpa-4.jpg\",\"width\":947,\"height\":660,\"caption\":\"Foto: AAPIMAGE \\\/ DPA \\\/ Europa Press\"},\"datePublished\":\"2020-01-20T13:41:15+01:00\",\"dateModified\":\"2020-01-20T13:41:15+01:00\",\"inLanguage\":\"es-ES\",\"mainEntityOfPage\":{\"@id\":\"https:\\\/\\\/www.eldigitaldeasturias.com\\\/noticias\\\/ranking-de-la-atp-nadal-llega-con-el-numero-1-a-australia\\\/#webpage\"},\"isPartOf\":{\"@id\":\"https:\\\/\\\/www.eldigitaldeasturias.com\\\/noticias\\\/ranking-de-la-atp-nadal-llega-con-el-numero-1-a-australia\\\/#webpage\"},\"articleSection\":\"Deportes\"},{\"@type\":\"BreadcrumbList\",\"@id\":\"https:\\\/\\\/www.eldigitaldeasturias.com\\\/noticias\\\/ranking-de-la-atp-nadal-llega-con-el-numero-1-a-australia\\\/#breadcrumblist\",\"itemListElement\":[{\"@type\":\"ListItem\",\"@id\":\"https:\\\/\\\/www.eldigitaldeasturias.com\\\/noticias#listItem\",\"position\":1,\"name\":\"Home\",\"item\":\"https:\\\/\\\/www.eldigitaldeasturias.com\\\/noticias\",\"nextItem\":{\"@type\":\"ListItem\",\"@id\":\"https:\\\/\\\/www.eldigitaldeasturias.com\\\/noticias\\\/category\\\/deportes\\\/#listItem\",\"name\":\"Deportes\"}},{\"@type\":\"ListItem\",\"@id\":\"https:\\\/\\\/www.eldigitaldeasturias.com\\\/noticias\\\/category\\\/deportes\\\/#listItem\",\"position\":2,\"name\":\"Deportes\",\"item\":\"https:\\\/\\\/www.eldigitaldeasturias.com\\\/noticias\\\/category\\\/deportes\\\/\",\"nextItem\":{\"@type\":\"ListItem\",\"@id\":\"https:\\\/\\\/www.eldigitaldeasturias.com\\\/noticias\\\/ranking-de-la-atp-nadal-llega-con-el-numero-1-a-australia\\\/#listItem\",\"name\":\"Ranking de la ATP: Nadal llega con el n\\u00famero 1 a Australia\"},\"previousItem\":{\"@type\":\"ListItem\",\"@id\":\"https:\\\/\\\/www.eldigitaldeasturias.com\\\/noticias#listItem\",\"name\":\"Home\"}},{\"@type\":\"ListItem\",\"@id\":\"https:\\\/\\\/www.eldigitaldeasturias.com\\\/noticias\\\/ranking-de-la-atp-nadal-llega-con-el-numero-1-a-australia\\\/#listItem\",\"position\":3,\"name\":\"Ranking de la ATP: Nadal llega con el n\\u00famero 1 a Australia\",\"previousItem\":{\"@type\":\"ListItem\",\"@id\":\"https:\\\/\\\/www.eldigitaldeasturias.com\\\/noticias\\\/category\\\/deportes\\\/#listItem\",\"name\":\"Deportes\"}}]},{\"@type\":\"Organization\",\"@id\":\"https:\\\/\\\/www.eldigitaldeasturias.com\\\/noticias\\\/#organization\",\"name\":\"El Digital de Asturias\",\"description\":\"Hemeroteca\",\"url\":\"https:\\\/\\\/www.eldigitaldeasturias.com\\\/noticias\\\/\",\"email\":\"info@eldigitaldeasturias.com\",\"telephone\":\"+34652131393\",\"logo\":{\"@type\":\"ImageObject\",\"url\":\"https:\\\/\\\/www.eldigitaldeasturias.com\\\/noticias\\\/wp-content\\\/uploads\\\/2020\\\/12\\\/EDA.jpg\",\"@id\":\"https:\\\/\\\/www.eldigitaldeasturias.com\\\/noticias\\\/ranking-de-la-atp-nadal-llega-con-el-numero-1-a-australia\\\/#organizationLogo\",\"width\":649,\"height\":297},\"image\":{\"@id\":\"https:\\\/\\\/www.eldigitaldeasturias.com\\\/noticias\\\/ranking-de-la-atp-nadal-llega-con-el-numero-1-a-australia\\\/#organizationLogo\"},\"sameAs\":[\"https:\\\/\\\/facebook.com\\\/eldigitaldeasturias\",\"https:\\\/\\\/www.youtube.com\\\/channel\\\/UCZP-2wLEB9Rv6erhFmqVnvg\"],\"address\":{\"@id\":\"https:\\\/\\\/www.eldigitaldeasturias.com\\\/noticias\\\/#postaladdress\",\"@type\":\"PostalAddress\",\"streetAddress\":\"san antonio 4,\",\"postalCode\":\"33430\",\"addressLocality\":\"Cand\\u00e1s\",\"addressRegion\":\"Asturias\",\"addressCountry\":\"ES\"}},{\"@type\":\"Person\",\"@id\":\"https:\\\/\\\/www.eldigitaldeasturias.com\\\/noticias\\\/author\\\/admin\\\/#author\",\"url\":\"https:\\\/\\\/www.eldigitaldeasturias.com\\\/noticias\\\/author\\\/admin\\\/\",\"name\":\"El Digital de Asturias\",\"image\":{\"@type\":\"ImageObject\",\"@id\":\"https:\\\/\\\/www.eldigitaldeasturias.com\\\/noticias\\\/ranking-de-la-atp-nadal-llega-con-el-numero-1-a-australia\\\/#authorImage\",\"url\":\"https:\\\/\\\/www.eldigitaldeasturias.com\\\/noticias\\\/wp-content\\\/litespeed\\\/avatar\\\/18677e78aa0546b92d9dbf31ec7d7668.jpg?ver=1776685526\",\"width\":96,\"height\":96,\"caption\":\"El Digital de Asturias\"}},{\"@type\":\"WebPage\",\"@id\":\"https:\\\/\\\/www.eldigitaldeasturias.com\\\/noticias\\\/ranking-de-la-atp-nadal-llega-con-el-numero-1-a-australia\\\/#webpage\",\"url\":\"https:\\\/\\\/www.eldigitaldeasturias.com\\\/noticias\\\/ranking-de-la-atp-nadal-llega-con-el-numero-1-a-australia\\\/\",\"name\":\"Ranking de la ATP: Nadal llega con el n\\u00famero 1 a Australia - El Digital de Asturias\",\"description\":\"(Europa Press) - El tenista espa\\u00f1ol Rafa Nadal sum\\u00f3 este lunes una semana m\\u00e1s al frente del ranking de la ATP, posici\\u00f3n de privilegio que defender\\u00e1 a partir de este martes cuando debute en el Abierto de Australia, donde defiende muchos puntos por la final alcanzada el a\\u00f1o pasado. El de Manacor afrontar\\u00e1 el primer 'Grand\",\"inLanguage\":\"es-ES\",\"isPartOf\":{\"@id\":\"https:\\\/\\\/www.eldigitaldeasturias.com\\\/noticias\\\/#website\"},\"breadcrumb\":{\"@id\":\"https:\\\/\\\/www.eldigitaldeasturias.com\\\/noticias\\\/ranking-de-la-atp-nadal-llega-con-el-numero-1-a-australia\\\/#breadcrumblist\"},\"author\":{\"@id\":\"https:\\\/\\\/www.eldigitaldeasturias.com\\\/noticias\\\/author\\\/admin\\\/#author\"},\"creator\":{\"@id\":\"https:\\\/\\\/www.eldigitaldeasturias.com\\\/noticias\\\/author\\\/admin\\\/#author\"},\"image\":{\"@type\":\"ImageObject\",\"url\":\"https:\\\/\\\/www.eldigitaldeasturias.com\\\/noticias\\\/wp-content\\\/uploads\\\/2020\\\/01\\\/Nadal-dpa-4.jpg\",\"@id\":\"https:\\\/\\\/www.eldigitaldeasturias.com\\\/noticias\\\/ranking-de-la-atp-nadal-llega-con-el-numero-1-a-australia\\\/#mainImage\",\"width\":947,\"height\":660,\"caption\":\"Foto: AAPIMAGE \\\/ DPA \\\/ Europa Press\"},\"primaryImageOfPage\":{\"@id\":\"https:\\\/\\\/www.eldigitaldeasturias.com\\\/noticias\\\/ranking-de-la-atp-nadal-llega-con-el-numero-1-a-australia\\\/#mainImage\"},\"datePublished\":\"2020-01-20T13:41:15+01:00\",\"dateModified\":\"2020-01-20T13:41:15+01:00\"},{\"@type\":\"WebSite\",\"@id\":\"https:\\\/\\\/www.eldigitaldeasturias.com\\\/noticias\\\/#website\",\"url\":\"https:\\\/\\\/www.eldigitaldeasturias.com\\\/noticias\\\/\",\"name\":\"El Digital de Asturias - Diario de actualidad y noticias\",\"alternateName\":\"El Digital de Asturias - Diario de actualidad y noticias\",\"description\":\"Hemeroteca\",\"inLanguage\":\"es-ES\",\"publisher\":{\"@id\":\"https:\\\/\\\/www.eldigitaldeasturias.com\\\/noticias\\\/#organization\"}}]}\n\t\t<\/script>\n\t\t<!-- All in One SEO Pro -->\r\n\t\t<title>Ranking de la ATP: Nadal llega con el n\u00famero 1 a Australia - El Digital de Asturias<\/title>\n\n","aioseo_head_json":{"title":"Ranking de la ATP: Nadal llega con el n\u00famero 1 a Australia - El Digital de Asturias","description":"(Europa Press) - El tenista espa\u00f1ol Rafa Nadal sum\u00f3 este lunes una semana m\u00e1s al frente del ranking de la ATP, posici\u00f3n de privilegio que defender\u00e1 a partir de este martes cuando debute en el Abierto de Australia, donde defiende muchos puntos por la final alcanzada el a\u00f1o pasado. El de Manacor afrontar\u00e1 el primer 'Grand","canonical_url":"https:\/\/www.eldigitaldeasturias.com\/noticias\/ranking-de-la-atp-nadal-llega-con-el-numero-1-a-australia\/","robots":"max-image-preview:large","keywords":"deportes","webmasterTools":{"google-site-verification":"UA-38556648-1","msvalidate.01":"7dfe9f3f1b24437ab69f4f2559babe99","miscellaneous":""},"schema":{"@context":"https:\/\/schema.org","@graph":[{"@type":"BlogPosting","@id":"https:\/\/www.eldigitaldeasturias.com\/noticias\/ranking-de-la-atp-nadal-llega-con-el-numero-1-a-australia\/#blogposting","name":"Ranking de la ATP: Nadal llega con el n\u00famero 1 a Australia - El Digital de Asturias","headline":"Ranking de la ATP: Nadal llega con el n\u00famero 1 a Australia","author":{"@id":"https:\/\/www.eldigitaldeasturias.com\/noticias\/author\/admin\/#author"},"publisher":{"@id":"https:\/\/www.eldigitaldeasturias.com\/noticias\/#organization"},"image":{"@type":"ImageObject","url":"https:\/\/www.eldigitaldeasturias.com\/noticias\/wp-content\/uploads\/2020\/01\/Nadal-dpa-4.jpg","width":947,"height":660,"caption":"Foto: AAPIMAGE \/ DPA \/ Europa Press"},"datePublished":"2020-01-20T13:41:15+01:00","dateModified":"2020-01-20T13:41:15+01:00","inLanguage":"es-ES","mainEntityOfPage":{"@id":"https:\/\/www.eldigitaldeasturias.com\/noticias\/ranking-de-la-atp-nadal-llega-con-el-numero-1-a-australia\/#webpage"},"isPartOf":{"@id":"https:\/\/www.eldigitaldeasturias.com\/noticias\/ranking-de-la-atp-nadal-llega-con-el-numero-1-a-australia\/#webpage"},"articleSection":"Deportes"},{"@type":"BreadcrumbList","@id":"https:\/\/www.eldigitaldeasturias.com\/noticias\/ranking-de-la-atp-nadal-llega-con-el-numero-1-a-australia\/#breadcrumblist","itemListElement":[{"@type":"ListItem","@id":"https:\/\/www.eldigitaldeasturias.com\/noticias#listItem","position":1,"name":"Home","item":"https:\/\/www.eldigitaldeasturias.com\/noticias","nextItem":{"@type":"ListItem","@id":"https:\/\/www.eldigitaldeasturias.com\/noticias\/category\/deportes\/#listItem","name":"Deportes"}},{"@type":"ListItem","@id":"https:\/\/www.eldigitaldeasturias.com\/noticias\/category\/deportes\/#listItem","position":2,"name":"Deportes","item":"https:\/\/www.eldigitaldeasturias.com\/noticias\/category\/deportes\/","nextItem":{"@type":"ListItem","@id":"https:\/\/www.eldigitaldeasturias.com\/noticias\/ranking-de-la-atp-nadal-llega-con-el-numero-1-a-australia\/#listItem","name":"Ranking de la ATP: Nadal llega con el n\u00famero 1 a Australia"},"previousItem":{"@type":"ListItem","@id":"https:\/\/www.eldigitaldeasturias.com\/noticias#listItem","name":"Home"}},{"@type":"ListItem","@id":"https:\/\/www.eldigitaldeasturias.com\/noticias\/ranking-de-la-atp-nadal-llega-con-el-numero-1-a-australia\/#listItem","position":3,"name":"Ranking de la ATP: Nadal llega con el n\u00famero 1 a Australia","previousItem":{"@type":"ListItem","@id":"https:\/\/www.eldigitaldeasturias.com\/noticias\/category\/deportes\/#listItem","name":"Deportes"}}]},{"@type":"Organization","@id":"https:\/\/www.eldigitaldeasturias.com\/noticias\/#organization","name":"El Digital de Asturias","description":"Hemeroteca","url":"https:\/\/www.eldigitaldeasturias.com\/noticias\/","email":"info@eldigitaldeasturias.com","telephone":"+34652131393","logo":{"@type":"ImageObject","url":"https:\/\/www.eldigitaldeasturias.com\/noticias\/wp-content\/uploads\/2020\/12\/EDA.jpg","@id":"https:\/\/www.eldigitaldeasturias.com\/noticias\/ranking-de-la-atp-nadal-llega-con-el-numero-1-a-australia\/#organizationLogo","width":649,"height":297},"image":{"@id":"https:\/\/www.eldigitaldeasturias.com\/noticias\/ranking-de-la-atp-nadal-llega-con-el-numero-1-a-australia\/#organizationLogo"},"sameAs":["https:\/\/facebook.com\/eldigitaldeasturias","https:\/\/www.youtube.com\/channel\/UCZP-2wLEB9Rv6erhFmqVnvg"],"address":{"@id":"https:\/\/www.eldigitaldeasturias.com\/noticias\/#postaladdress","@type":"PostalAddress","streetAddress":"san antonio 4,","postalCode":"33430","addressLocality":"Cand\u00e1s","addressRegion":"Asturias","addressCountry":"ES"}},{"@type":"Person","@id":"https:\/\/www.eldigitaldeasturias.com\/noticias\/author\/admin\/#author","url":"https:\/\/www.eldigitaldeasturias.com\/noticias\/author\/admin\/","name":"El Digital de Asturias","image":{"@type":"ImageObject","@id":"https:\/\/www.eldigitaldeasturias.com\/noticias\/ranking-de-la-atp-nadal-llega-con-el-numero-1-a-australia\/#authorImage","url":"https:\/\/www.eldigitaldeasturias.com\/noticias\/wp-content\/litespeed\/avatar\/18677e78aa0546b92d9dbf31ec7d7668.jpg?ver=1776685526","width":96,"height":96,"caption":"El Digital de Asturias"}},{"@type":"WebPage","@id":"https:\/\/www.eldigitaldeasturias.com\/noticias\/ranking-de-la-atp-nadal-llega-con-el-numero-1-a-australia\/#webpage","url":"https:\/\/www.eldigitaldeasturias.com\/noticias\/ranking-de-la-atp-nadal-llega-con-el-numero-1-a-australia\/","name":"Ranking de la ATP: Nadal llega con el n\u00famero 1 a Australia - El Digital de Asturias","description":"(Europa Press) - El tenista espa\u00f1ol Rafa Nadal sum\u00f3 este lunes una semana m\u00e1s al frente del ranking de la ATP, posici\u00f3n de privilegio que defender\u00e1 a partir de este martes cuando debute en el Abierto de Australia, donde defiende muchos puntos por la final alcanzada el a\u00f1o pasado. El de Manacor afrontar\u00e1 el primer 'Grand","inLanguage":"es-ES","isPartOf":{"@id":"https:\/\/www.eldigitaldeasturias.com\/noticias\/#website"},"breadcrumb":{"@id":"https:\/\/www.eldigitaldeasturias.com\/noticias\/ranking-de-la-atp-nadal-llega-con-el-numero-1-a-australia\/#breadcrumblist"},"author":{"@id":"https:\/\/www.eldigitaldeasturias.com\/noticias\/author\/admin\/#author"},"creator":{"@id":"https:\/\/www.eldigitaldeasturias.com\/noticias\/author\/admin\/#author"},"image":{"@type":"ImageObject","url":"https:\/\/www.eldigitaldeasturias.com\/noticias\/wp-content\/uploads\/2020\/01\/Nadal-dpa-4.jpg","@id":"https:\/\/www.eldigitaldeasturias.com\/noticias\/ranking-de-la-atp-nadal-llega-con-el-numero-1-a-australia\/#mainImage","width":947,"height":660,"caption":"Foto: AAPIMAGE \/ DPA \/ Europa Press"},"primaryImageOfPage":{"@id":"https:\/\/www.eldigitaldeasturias.com\/noticias\/ranking-de-la-atp-nadal-llega-con-el-numero-1-a-australia\/#mainImage"},"datePublished":"2020-01-20T13:41:15+01:00","dateModified":"2020-01-20T13:41:15+01:00"},{"@type":"WebSite","@id":"https:\/\/www.eldigitaldeasturias.com\/noticias\/#website","url":"https:\/\/www.eldigitaldeasturias.com\/noticias\/","name":"El Digital de Asturias - Diario de actualidad y noticias","alternateName":"El Digital de Asturias - Diario de actualidad y noticias","description":"Hemeroteca","inLanguage":"es-ES","publisher":{"@id":"https:\/\/www.eldigitaldeasturias.com\/noticias\/#organization"}}]},"og:locale":"es_ES","og:site_name":"El Digital de Asturias","og:type":"article","og:title":"Ranking de la ATP: Nadal llega con el n\u00famero 1 a Australia - El Digital de Asturias","og:description":"(Europa Press) - El tenista espa\u00f1ol Rafa Nadal sum\u00f3 este lunes una semana m\u00e1s al frente del ranking de la ATP, posici\u00f3n de privilegio que defender\u00e1 a partir de este martes cuando debute en el Abierto de Australia, donde defiende muchos puntos por la final alcanzada el a\u00f1o pasado. El de Manacor afrontar\u00e1 el primer 'Grand","og:url":"https:\/\/www.eldigitaldeasturias.com\/noticias\/ranking-de-la-atp-nadal-llega-con-el-numero-1-a-australia\/","og:image":"https:\/\/www.eldigitaldeasturias.com\/noticias\/wp-content\/uploads\/2020\/01\/Nadal-dpa-4.jpg","og:image:secure_url":"https:\/\/www.eldigitaldeasturias.com\/noticias\/wp-content\/uploads\/2020\/01\/Nadal-dpa-4.jpg","og:image:width":947,"og:image:height":660,"article:tag":["deportes"],"article:published_time":"2020-01-20T13:41:15+00:00","article:modified_time":"2020-01-20T13:41:15+00:00","article:publisher":"https:\/\/facebook.com\/eldigitaldeasturias","twitter:card":"summary_large_image","twitter:title":"Ranking de la ATP: Nadal llega con el n\u00famero 1 a Australia - El Digital de Asturias","twitter:description":"(Europa Press) - El tenista espa\u00f1ol Rafa Nadal sum\u00f3 este lunes una semana m\u00e1s al frente del ranking de la ATP, posici\u00f3n de privilegio que defender\u00e1 a partir de este martes cuando debute en el Abierto de Australia, donde defiende muchos puntos por la final alcanzada el a\u00f1o pasado. El de Manacor afrontar\u00e1 el primer 'Grand","twitter:image":"https:\/\/www.eldigitaldeasturias.com\/noticias\/wp-content\/uploads\/2020\/01\/Nadal-dpa-4.jpg","twitter:label1":"Escrito por","twitter:data1":"El Digital de Asturias","twitter:label2":"Tiempo de lectura estimado","twitter:data2":"1 minuto"},"aioseo_meta_data":{"post_id":"1054892","title":null,"description":null,"keywords":null,"keyphrases":null,"primary_term":null,"canonical_url":null,"og_title":null,"og_description":null,"og_object_type":"default","og_image_type":"default","og_image_url":null,"og_image_width":null,"og_image_height":null,"og_image_custom_url":null,"og_image_custom_fields":null,"og_video":null,"og_custom_url":null,"og_article_section":null,"og_article_tags":null,"twitter_use_og":false,"twitter_card":"default","twitter_image_type":"default","twitter_image_url":null,"twitter_image_custom_url":null,"twitter_image_custom_fields":null,"twitter_title":null,"twitter_description":null,"schema":{"blockGraphs":[],"customGraphs":[],"default":{"data":{"Article":[],"Course":[],"Dataset":[],"FAQPage":[],"Movie":[],"Person":[],"Product":[],"ProductReview":[],"Car":[],"Recipe":[],"Service":[],"SoftwareApplication":[],"WebPage":[]},"graphName":"","isEnabled":true},"graphs":[],"defaultGraph":"","defaultPostTypeGraph":""},"schema_type":null,"schema_type_options":null,"pillar_content":false,"robots_default":true,"robots_noindex":false,"robots_noarchive":false,"robots_nosnippet":false,"robots_nofollow":false,"robots_noimageindex":false,"robots_noodp":false,"robots_notranslate":false,"robots_max_snippet":null,"robots_max_videopreview":null,"robots_max_imagepreview":"large","priority":null,"frequency":null,"local_seo":null,"seo_analyzer_scan_date":"2025-10-30 17:13:10","breadcrumb_settings":null,"limit_modified_date":false,"open_ai":null,"ai":null,"created":"2020-12-21 10:56:25","updated":"2025-10-30 17:13:10"},"aioseo_breadcrumb":"<div class=\"aioseo-breadcrumbs\"><span class=\"aioseo-breadcrumb\">\n\t<a href=\"https:\/\/www.eldigitaldeasturias.com\/noticias\" title=\"Home\">Home<\/a>\n<\/span><span class=\"aioseo-breadcrumb-separator\">\u2013<\/span><span class=\"aioseo-breadcrumb\">\n\t<a href=\"https:\/\/www.eldigitaldeasturias.com\/noticias\/category\/deportes\/\" title=\"Deportes\">Deportes<\/a>\n<\/span><span class=\"aioseo-breadcrumb-separator\">\u2013<\/span><span class=\"aioseo-breadcrumb\">\n\t<a href=\"https:\/\/www.eldigitaldeasturias.com\/noticias\/ranking-de-la-atp-nadal-llega-con-el-numero-1-a-australia\/\" title=\"Ranking de la ATP: Nadal llega con el n\u00famero 1 a Australia\">Ranking de la ATP: Nadal llega con el n\u00famero 1 a Australia<\/a>\n<\/span><\/div>","aioseo_breadcrumb_json":[{"label":"Home","link":"https:\/\/www.eldigitaldeasturias.com\/noticias"},{"label":"Deportes","link":"https:\/\/www.eldigitaldeasturias.com\/noticias\/category\/deportes\/"},{"label":"Ranking de la ATP: Nadal llega con el n\u00famero 1 a Australia","link":"https:\/\/www.eldigitaldeasturias.com\/noticias\/ranking-de-la-atp-nadal-llega-con-el-numero-1-a-australia\/"}],"_links":{"self":[{"href":"https:\/\/www.eldigitaldeasturias.com\/noticias\/wp-json\/wp\/v2\/posts\/1054892","targetHints":{"allow":["GET"]}}],"collection":[{"href":"https:\/\/www.eldigitaldeasturias.com\/noticias\/wp-json\/wp\/v2\/posts"}],"about":[{"href":"https:\/\/www.eldigitaldeasturias.com\/noticias\/wp-json\/wp\/v2\/types\/post"}],"author":[{"embeddable":true,"href":"https:\/\/www.eldigitaldeasturias.com\/noticias\/wp-json\/wp\/v2\/users\/1"}],"replies":[{"embeddable":true,"href":"https:\/\/www.eldigitaldeasturias.com\/noticias\/wp-json\/wp\/v2\/comments?post=1054892"}],"version-history":[{"count":0,"href":"https:\/\/www.eldigitaldeasturias.com\/noticias\/wp-json\/wp\/v2\/posts\/1054892\/revisions"}],"wp:featuredmedia":[{"embeddable":true,"href":"https:\/\/www.eldigitaldeasturias.com\/noticias\/wp-json\/wp\/v2\/media\/1054893"}],"wp:attachment":[{"href":"https:\/\/www.eldigitaldeasturias.com\/noticias\/wp-json\/wp\/v2\/media?parent=1054892"}],"wp:term":[{"taxonomy":"category","embeddable":true,"href":"https:\/\/www.eldigitaldeasturias.com\/noticias\/wp-json\/wp\/v2\/categories?post=1054892"},{"taxonomy":"post_tag","embeddable":true,"href":"https:\/\/www.eldigitaldeasturias.com\/noticias\/wp-json\/wp\/v2\/tags?post=1054892"}],"curies":[{"name":"wp","href":"https:\/\/api.w.org\/{rel}","templated":true}]}}