{"id":1054889,"date":"2020-01-20T13:34:27","date_gmt":"2020-01-20T13:34:27","guid":{"rendered":"https:\/\/www.eldigitaldeasturias.com\/noticias\/?p=1054889"},"modified":"2020-01-20T13:34:27","modified_gmt":"2020-01-20T13:34:27","slug":"oviedo-en-fitur-2020-sus-propuestas","status":"publish","type":"post","link":"https:\/\/www.eldigitaldeasturias.com\/noticias\/oviedo-en-fitur-2020-sus-propuestas\/","title":{"rendered":"Oviedo en FITUR 2020: Sus propuestas"},"content":{"rendered":"<figure id=\"attachment_1054890\" aria-describedby=\"caption-attachment-1054890\" style=\"width: 360px\" class=\"wp-caption alignleft\"><img loading=\"lazy\" decoding=\"async\" class=\"size-medium wp-image-1054890\" src=\"https:\/\/www.eldigitaldeasturias.com\/noticias\/wp-content\/uploads\/2020\/01\/f1b679e9-feae-40e2-b82e-0771c173c1e9-360x270.jpg\" alt=\"\" width=\"360\" height=\"270\" srcset=\"https:\/\/www.eldigitaldeasturias.com\/noticias\/wp-content\/uploads\/2020\/01\/f1b679e9-feae-40e2-b82e-0771c173c1e9-360x270.jpg 360w, https:\/\/www.eldigitaldeasturias.com\/noticias\/wp-content\/uploads\/2020\/01\/f1b679e9-feae-40e2-b82e-0771c173c1e9-640x480.jpg 640w, https:\/\/www.eldigitaldeasturias.com\/noticias\/wp-content\/uploads\/2020\/01\/f1b679e9-feae-40e2-b82e-0771c173c1e9-400x300.jpg 400w, https:\/\/www.eldigitaldeasturias.com\/noticias\/wp-content\/uploads\/2020\/01\/f1b679e9-feae-40e2-b82e-0771c173c1e9-768x576.jpg 768w, https:\/\/www.eldigitaldeasturias.com\/noticias\/wp-content\/uploads\/2020\/01\/f1b679e9-feae-40e2-b82e-0771c173c1e9.jpg 1000w\" sizes=\"auto, (max-width: 360px) 100vw, 360px\" \/><figcaption id=\"caption-attachment-1054890\" class=\"wp-caption-text\">FOTO: AYUNTAMIENTO DE OVIEDO<\/figcaption><\/figure>\n<p>El concejal de Turismo y Congresos, <strong>Alfredo Garc\u00eda Quintana<\/strong> ha anunciado esta ma\u00f1ana, en rueda de prensa, que Oviedo estar\u00e1 presente en la <strong>Feria Internacional de Turismo<\/strong> (FITUR), que se celebra en Madrid \u201cdesde este mi\u00e9rcoles al domingo, una de las citas m\u00e1s importantes a nivel mundial para promocionar marcas, conocer productos, tendencias y recoger contactos y agendas. Nosotros queremos orientar la promoci\u00f3n de nuestra ciudad poniendo en valor aquellos recuerdos m\u00e1s importantes de nuestra ciudad. Somos conscientes de que son \u00fanicos y extraordinarios y creemos que la promoci\u00f3n debe ir orientada a varios cap\u00edtulos: El Camino de Santiago, la ruta primitiva; la gastronom\u00eda; las ferias de Turismo y actividades de Cultura y Deportes\u201d,<\/p>\n<p>El edil los ha desglosado. \u201cEl Camino de Santiago es uno de nuestros recursos m\u00e1s importantes porque Oviedo es el inicio de la ruta primitiva, el primer itinerario cultural de Europa, nacido de Alfonso II el Casto, el primer peregrino de la historia. La semana pasada hemos mantenido una reuni\u00f3n muy importante para la Escuela taller \u2018Oviedo inicio del camino\u2019 a trav\u00e9s de la que desarrollaremos varias actuaciones. Tambi\u00e9n queremos que la oficina de Turismo del Escorial\u00edn sea tambi\u00e9n una oficina de atenci\u00f3n al peregrino. Adem\u00e1s en marzo vamos a colaborar en la puesta en marcha de un Foro sobre el Camino, seguimos trabajando en la se\u00f1alizaci\u00f3n y mejora del Camino\u2026\u201d.<\/p>\n<h3><strong>Saborea Espa\u00f1a<\/strong><\/h3>\n<p>El segundo cap\u00edtulo, ha explicado Quintana, es la Gastronom\u00eda <strong>\u201cuno de los recursos m\u00e1s valorados y en ese sentido seguiremos potenciando los men\u00fas ya consolidados como el del Antroxu, la Ascensi\u00f3n o el Desarme pero tambi\u00e9n potenciaremos otras iniciativas para incrementar la promoci\u00f3n\u201d<\/strong>.<\/p>\n<p>Sobre este asunto el concejal ha anunciado que Oviedo \u201cforma ya parte Saborea Espa\u00f1a, la marca de turismo gastron\u00f3mico espa\u00f1ol con vocaci\u00f3n internacional, con un apoyo muy importante de instituciones y sobre todo de TurEspa\u00f1a\u201d.<\/p>\n<p>Hay 21 destinos en Espa\u00f1a incluyendo Oviedo, \u201cque ha sido admitida ya y se ratificar\u00e1 el pr\u00f3ximo d\u00eda 24, pero con la particularidad de que en todo el Norte de Espa\u00f1a solo estamos nosotros y La Coru\u00f1a\u201d, ha a\u00f1adi\u00f3 Quintana.<\/p>\n<p>Otro hecho relevante es el <strong>World Cheese Awards,<\/strong> que \u201cconvertir\u00e1n a Oviedo en la capital mundial del queso, <strong>del 4 al 7 de noviembr<\/strong>e, con un Campeonato Mundial de Quesos y un Festival internacional, con congresos, mercados, foro agroalimentario y distintas degustaciones, experiencias\u2026 desde el Ayuntamiento agradecemos el apoyo del Principado a esta iniciativa. Tambi\u00e9n queremos poner en marcha otras aprovechando la celebraci\u00f3n de este evento y que perduren en el tiempo. Tambi\u00e9n Oviedo trabaja por convertirse en capital espa\u00f1ola de la gastronom\u00eda en 2021\u201d.<\/p>\n<h3>Congresos<\/h3>\n<p>En el cap\u00edtulo de Turismo y Congresos, Quintana ha reiterado \u201cel inter\u00e9s y el trabajo que estamos desarrollando para intentar conseguir y recuperar el nivel de celebraci\u00f3n de congresos que ten\u00edamos hace a\u00f1os, participando en las ferias del sector, con actividades puntuales de promoci\u00f3n y captaci\u00f3n de grandes eventos o manteniendo el acuerdo firmado con Gij\u00f3n y Avil\u00e9s\u201d.<\/p>\n<p>El Prerrom\u00e1nico, la temporada de \u00f3pera y zarzuela de Oviedo, la Semana Santa y las cofrad\u00edas \u2013\u201cen estos momentos contamos con seis, que est\u00e1n haciendo un trabajo magnifico\u201d, son otros de los atractivos de Oviedo que \u201cse llevar\u00e1n a Fitur\u201d.<br \/>\nEn el apartado de deportes, el edil de Turismo ha destacado citas como \u201clos campeonatos de nataci\u00f3n que convertir\u00e1n a nuestra ciudad en la capital de este deporte; la Farinato Race; la Oviedo Cup, la Vuelta ciclista a Asturias, el Rally Pr\u00edncipe de Asturias o el Campeonato de Espa\u00f1a de Agility\u201d.<\/p>\n<p>&nbsp;<\/p>\n<p>&nbsp;<\/p>\n","protected":false},"excerpt":{"rendered":"<p>El concejal de Turismo y Congresos, Alfredo Garc\u00eda Quintana ha anunciado esta ma\u00f1ana, en rueda de prensa, que Oviedo estar\u00e1 presente en la Feria Internacional de Turismo (FITUR), que se celebra en Madrid \u201cdesde este mi\u00e9rcoles al domingo, una de las citas m\u00e1s importantes a nivel mundial para promocionar marcas, conocer productos, tendencias y recoger [&hellip;]<\/p>\n","protected":false},"author":1,"featured_media":1054890,"comment_status":"closed","ping_status":"closed","sticky":false,"template":"","format":"standard","meta":{"footnotes":""},"categories":[148],"tags":[],"class_list":["post-1054889","post","type-post","status-publish","format-standard","has-post-thumbnail","hentry","category-turismo"],"aioseo_notices":[],"aioseo_head":"\n\t\t<!-- All in One SEO Pro 4.9.6.2 - aioseo.com -->\n\t<meta name=\"description\" content=\"El concejal de Turismo y Congresos, Alfredo Garc\u00eda Quintana ha anunciado esta ma\u00f1ana, en rueda de prensa, que Oviedo estar\u00e1 presente en la Feria Internacional de Turismo (FITUR), que se celebra en Madrid \u201cdesde este mi\u00e9rcoles al domingo, una de las citas m\u00e1s importantes a nivel mundial para promocionar marcas, conocer productos, tendencias y recoger\" \/>\n\t<meta name=\"robots\" content=\"max-image-preview:large\" \/>\n\t<meta name=\"author\" content=\"El Digital de Asturias\"\/>\n\t<meta name=\"google-site-verification\" content=\"UA-38556648-1\" \/>\n\t<meta name=\"msvalidate.01\" content=\"7dfe9f3f1b24437ab69f4f2559babe99\" \/>\n\t<meta name=\"keywords\" content=\"turismo\" \/>\n\t<link rel=\"canonical\" href=\"https:\/\/www.eldigitaldeasturias.com\/noticias\/oviedo-en-fitur-2020-sus-propuestas\/\" \/>\n\t<meta name=\"generator\" content=\"All in One SEO Pro (AIOSEO) 4.9.6.2\" \/>\n\t\t<meta property=\"og:locale\" content=\"es_ES\" \/>\n\t\t<meta property=\"og:site_name\" content=\"El Digital de Asturias\" \/>\n\t\t<meta property=\"og:type\" content=\"article\" \/>\n\t\t<meta property=\"og:title\" content=\"Oviedo en FITUR 2020: Sus propuestas - El Digital de Asturias\" \/>\n\t\t<meta property=\"og:description\" content=\"El concejal de Turismo y Congresos, Alfredo Garc\u00eda Quintana ha anunciado esta ma\u00f1ana, en rueda de prensa, que Oviedo estar\u00e1 presente en la Feria Internacional de Turismo (FITUR), que se celebra en Madrid \u201cdesde este mi\u00e9rcoles al domingo, una de las citas m\u00e1s importantes a nivel mundial para promocionar marcas, conocer productos, tendencias y recoger\" \/>\n\t\t<meta property=\"og:url\" content=\"https:\/\/www.eldigitaldeasturias.com\/noticias\/oviedo-en-fitur-2020-sus-propuestas\/\" \/>\n\t\t<meta property=\"og:image\" content=\"https:\/\/www.eldigitaldeasturias.com\/noticias\/wp-content\/uploads\/2020\/01\/f1b679e9-feae-40e2-b82e-0771c173c1e9.jpg\" \/>\n\t\t<meta property=\"og:image:secure_url\" content=\"https:\/\/www.eldigitaldeasturias.com\/noticias\/wp-content\/uploads\/2020\/01\/f1b679e9-feae-40e2-b82e-0771c173c1e9.jpg\" \/>\n\t\t<meta property=\"og:image:width\" content=\"1000\" \/>\n\t\t<meta property=\"og:image:height\" content=\"750\" \/>\n\t\t<meta property=\"article:tag\" content=\"turismo\" \/>\n\t\t<meta property=\"article:published_time\" content=\"2020-01-20T13:34:27+00:00\" \/>\n\t\t<meta property=\"article:modified_time\" content=\"2020-01-20T13:34:27+00:00\" \/>\n\t\t<meta property=\"article:publisher\" content=\"https:\/\/facebook.com\/eldigitaldeasturias\" \/>\n\t\t<meta name=\"twitter:card\" content=\"summary_large_image\" \/>\n\t\t<meta name=\"twitter:title\" content=\"Oviedo en FITUR 2020: Sus propuestas - El Digital de Asturias\" \/>\n\t\t<meta name=\"twitter:description\" content=\"El concejal de Turismo y Congresos, Alfredo Garc\u00eda Quintana ha anunciado esta ma\u00f1ana, en rueda de prensa, que Oviedo estar\u00e1 presente en la Feria Internacional de Turismo (FITUR), que se celebra en Madrid \u201cdesde este mi\u00e9rcoles al domingo, una de las citas m\u00e1s importantes a nivel mundial para promocionar marcas, conocer productos, tendencias y recoger\" \/>\n\t\t<meta name=\"twitter:image\" content=\"https:\/\/www.eldigitaldeasturias.com\/noticias\/wp-content\/uploads\/2020\/01\/f1b679e9-feae-40e2-b82e-0771c173c1e9.jpg\" \/>\n\t\t<meta name=\"twitter:label1\" content=\"Escrito por\" \/>\n\t\t<meta name=\"twitter:data1\" content=\"El Digital de Asturias\" \/>\n\t\t<meta name=\"twitter:label2\" content=\"Tiempo de lectura estimado\" \/>\n\t\t<meta name=\"twitter:data2\" content=\"3 minutos\" \/>\n\t\t<script type=\"application\/ld+json\" class=\"aioseo-schema\">\n\t\t\t{\"@context\":\"https:\\\/\\\/schema.org\",\"@graph\":[{\"@type\":\"BlogPosting\",\"@id\":\"https:\\\/\\\/www.eldigitaldeasturias.com\\\/noticias\\\/oviedo-en-fitur-2020-sus-propuestas\\\/#blogposting\",\"name\":\"Oviedo en FITUR 2020: Sus propuestas - El Digital de Asturias\",\"headline\":\"Oviedo en FITUR 2020: Sus propuestas\",\"author\":{\"@id\":\"https:\\\/\\\/www.eldigitaldeasturias.com\\\/noticias\\\/author\\\/admin\\\/#author\"},\"publisher\":{\"@id\":\"https:\\\/\\\/www.eldigitaldeasturias.com\\\/noticias\\\/#organization\"},\"image\":{\"@type\":\"ImageObject\",\"url\":\"https:\\\/\\\/www.eldigitaldeasturias.com\\\/noticias\\\/wp-content\\\/uploads\\\/2020\\\/01\\\/f1b679e9-feae-40e2-b82e-0771c173c1e9.jpg\",\"width\":1000,\"height\":750,\"caption\":\"FOTO: AYUNTAMIENTO DE OVIEDO\"},\"datePublished\":\"2020-01-20T13:34:27+01:00\",\"dateModified\":\"2020-01-20T13:34:27+01:00\",\"inLanguage\":\"es-ES\",\"mainEntityOfPage\":{\"@id\":\"https:\\\/\\\/www.eldigitaldeasturias.com\\\/noticias\\\/oviedo-en-fitur-2020-sus-propuestas\\\/#webpage\"},\"isPartOf\":{\"@id\":\"https:\\\/\\\/www.eldigitaldeasturias.com\\\/noticias\\\/oviedo-en-fitur-2020-sus-propuestas\\\/#webpage\"},\"articleSection\":\"Turismo\"},{\"@type\":\"BreadcrumbList\",\"@id\":\"https:\\\/\\\/www.eldigitaldeasturias.com\\\/noticias\\\/oviedo-en-fitur-2020-sus-propuestas\\\/#breadcrumblist\",\"itemListElement\":[{\"@type\":\"ListItem\",\"@id\":\"https:\\\/\\\/www.eldigitaldeasturias.com\\\/noticias#listItem\",\"position\":1,\"name\":\"Home\",\"item\":\"https:\\\/\\\/www.eldigitaldeasturias.com\\\/noticias\",\"nextItem\":{\"@type\":\"ListItem\",\"@id\":\"https:\\\/\\\/www.eldigitaldeasturias.com\\\/noticias\\\/category\\\/turismo\\\/#listItem\",\"name\":\"Turismo\"}},{\"@type\":\"ListItem\",\"@id\":\"https:\\\/\\\/www.eldigitaldeasturias.com\\\/noticias\\\/category\\\/turismo\\\/#listItem\",\"position\":2,\"name\":\"Turismo\",\"item\":\"https:\\\/\\\/www.eldigitaldeasturias.com\\\/noticias\\\/category\\\/turismo\\\/\",\"nextItem\":{\"@type\":\"ListItem\",\"@id\":\"https:\\\/\\\/www.eldigitaldeasturias.com\\\/noticias\\\/oviedo-en-fitur-2020-sus-propuestas\\\/#listItem\",\"name\":\"Oviedo en FITUR 2020: Sus propuestas\"},\"previousItem\":{\"@type\":\"ListItem\",\"@id\":\"https:\\\/\\\/www.eldigitaldeasturias.com\\\/noticias#listItem\",\"name\":\"Home\"}},{\"@type\":\"ListItem\",\"@id\":\"https:\\\/\\\/www.eldigitaldeasturias.com\\\/noticias\\\/oviedo-en-fitur-2020-sus-propuestas\\\/#listItem\",\"position\":3,\"name\":\"Oviedo en FITUR 2020: Sus propuestas\",\"previousItem\":{\"@type\":\"ListItem\",\"@id\":\"https:\\\/\\\/www.eldigitaldeasturias.com\\\/noticias\\\/category\\\/turismo\\\/#listItem\",\"name\":\"Turismo\"}}]},{\"@type\":\"Organization\",\"@id\":\"https:\\\/\\\/www.eldigitaldeasturias.com\\\/noticias\\\/#organization\",\"name\":\"El Digital de Asturias\",\"description\":\"Hemeroteca\",\"url\":\"https:\\\/\\\/www.eldigitaldeasturias.com\\\/noticias\\\/\",\"email\":\"info@eldigitaldeasturias.com\",\"telephone\":\"+34652131393\",\"logo\":{\"@type\":\"ImageObject\",\"url\":\"https:\\\/\\\/www.eldigitaldeasturias.com\\\/noticias\\\/wp-content\\\/uploads\\\/2020\\\/12\\\/EDA.jpg\",\"@id\":\"https:\\\/\\\/www.eldigitaldeasturias.com\\\/noticias\\\/oviedo-en-fitur-2020-sus-propuestas\\\/#organizationLogo\",\"width\":649,\"height\":297},\"image\":{\"@id\":\"https:\\\/\\\/www.eldigitaldeasturias.com\\\/noticias\\\/oviedo-en-fitur-2020-sus-propuestas\\\/#organizationLogo\"},\"sameAs\":[\"https:\\\/\\\/facebook.com\\\/eldigitaldeasturias\",\"https:\\\/\\\/www.youtube.com\\\/channel\\\/UCZP-2wLEB9Rv6erhFmqVnvg\"],\"address\":{\"@id\":\"https:\\\/\\\/www.eldigitaldeasturias.com\\\/noticias\\\/#postaladdress\",\"@type\":\"PostalAddress\",\"streetAddress\":\"san antonio 4,\",\"postalCode\":\"33430\",\"addressLocality\":\"Cand\\u00e1s\",\"addressRegion\":\"Asturias\",\"addressCountry\":\"ES\"}},{\"@type\":\"Person\",\"@id\":\"https:\\\/\\\/www.eldigitaldeasturias.com\\\/noticias\\\/author\\\/admin\\\/#author\",\"url\":\"https:\\\/\\\/www.eldigitaldeasturias.com\\\/noticias\\\/author\\\/admin\\\/\",\"name\":\"El Digital de Asturias\",\"image\":{\"@type\":\"ImageObject\",\"@id\":\"https:\\\/\\\/www.eldigitaldeasturias.com\\\/noticias\\\/oviedo-en-fitur-2020-sus-propuestas\\\/#authorImage\",\"url\":\"https:\\\/\\\/www.eldigitaldeasturias.com\\\/noticias\\\/wp-content\\\/litespeed\\\/avatar\\\/18677e78aa0546b92d9dbf31ec7d7668.jpg?ver=1777290358\",\"width\":96,\"height\":96,\"caption\":\"El Digital de Asturias\"}},{\"@type\":\"WebPage\",\"@id\":\"https:\\\/\\\/www.eldigitaldeasturias.com\\\/noticias\\\/oviedo-en-fitur-2020-sus-propuestas\\\/#webpage\",\"url\":\"https:\\\/\\\/www.eldigitaldeasturias.com\\\/noticias\\\/oviedo-en-fitur-2020-sus-propuestas\\\/\",\"name\":\"Oviedo en FITUR 2020: Sus propuestas - El Digital de Asturias\",\"description\":\"El concejal de Turismo y Congresos, Alfredo Garc\\u00eda Quintana ha anunciado esta ma\\u00f1ana, en rueda de prensa, que Oviedo estar\\u00e1 presente en la Feria Internacional de Turismo (FITUR), que se celebra en Madrid \\u201cdesde este mi\\u00e9rcoles al domingo, una de las citas m\\u00e1s importantes a nivel mundial para promocionar marcas, conocer productos, tendencias y recoger\",\"inLanguage\":\"es-ES\",\"isPartOf\":{\"@id\":\"https:\\\/\\\/www.eldigitaldeasturias.com\\\/noticias\\\/#website\"},\"breadcrumb\":{\"@id\":\"https:\\\/\\\/www.eldigitaldeasturias.com\\\/noticias\\\/oviedo-en-fitur-2020-sus-propuestas\\\/#breadcrumblist\"},\"author\":{\"@id\":\"https:\\\/\\\/www.eldigitaldeasturias.com\\\/noticias\\\/author\\\/admin\\\/#author\"},\"creator\":{\"@id\":\"https:\\\/\\\/www.eldigitaldeasturias.com\\\/noticias\\\/author\\\/admin\\\/#author\"},\"image\":{\"@type\":\"ImageObject\",\"url\":\"https:\\\/\\\/www.eldigitaldeasturias.com\\\/noticias\\\/wp-content\\\/uploads\\\/2020\\\/01\\\/f1b679e9-feae-40e2-b82e-0771c173c1e9.jpg\",\"@id\":\"https:\\\/\\\/www.eldigitaldeasturias.com\\\/noticias\\\/oviedo-en-fitur-2020-sus-propuestas\\\/#mainImage\",\"width\":1000,\"height\":750,\"caption\":\"FOTO: AYUNTAMIENTO DE OVIEDO\"},\"primaryImageOfPage\":{\"@id\":\"https:\\\/\\\/www.eldigitaldeasturias.com\\\/noticias\\\/oviedo-en-fitur-2020-sus-propuestas\\\/#mainImage\"},\"datePublished\":\"2020-01-20T13:34:27+01:00\",\"dateModified\":\"2020-01-20T13:34:27+01:00\"},{\"@type\":\"WebSite\",\"@id\":\"https:\\\/\\\/www.eldigitaldeasturias.com\\\/noticias\\\/#website\",\"url\":\"https:\\\/\\\/www.eldigitaldeasturias.com\\\/noticias\\\/\",\"name\":\"El Digital de Asturias - Diario de actualidad y noticias\",\"alternateName\":\"El Digital de Asturias - Diario de actualidad y noticias\",\"description\":\"Hemeroteca\",\"inLanguage\":\"es-ES\",\"publisher\":{\"@id\":\"https:\\\/\\\/www.eldigitaldeasturias.com\\\/noticias\\\/#organization\"}}]}\n\t\t<\/script>\n\t\t<!-- All in One SEO Pro -->\r\n\t\t<title>Oviedo en FITUR 2020: Sus propuestas - El Digital de Asturias<\/title>\n\n","aioseo_head_json":{"title":"Oviedo en FITUR 2020: Sus propuestas - El Digital de Asturias","description":"El concejal de Turismo y Congresos, Alfredo Garc\u00eda Quintana ha anunciado esta ma\u00f1ana, en rueda de prensa, que Oviedo estar\u00e1 presente en la Feria Internacional de Turismo (FITUR), que se celebra en Madrid \u201cdesde este mi\u00e9rcoles al domingo, una de las citas m\u00e1s importantes a nivel mundial para promocionar marcas, conocer productos, tendencias y recoger","canonical_url":"https:\/\/www.eldigitaldeasturias.com\/noticias\/oviedo-en-fitur-2020-sus-propuestas\/","robots":"max-image-preview:large","keywords":"turismo","webmasterTools":{"google-site-verification":"UA-38556648-1","msvalidate.01":"7dfe9f3f1b24437ab69f4f2559babe99","miscellaneous":""},"schema":{"@context":"https:\/\/schema.org","@graph":[{"@type":"BlogPosting","@id":"https:\/\/www.eldigitaldeasturias.com\/noticias\/oviedo-en-fitur-2020-sus-propuestas\/#blogposting","name":"Oviedo en FITUR 2020: Sus propuestas - El Digital de Asturias","headline":"Oviedo en FITUR 2020: Sus propuestas","author":{"@id":"https:\/\/www.eldigitaldeasturias.com\/noticias\/author\/admin\/#author"},"publisher":{"@id":"https:\/\/www.eldigitaldeasturias.com\/noticias\/#organization"},"image":{"@type":"ImageObject","url":"https:\/\/www.eldigitaldeasturias.com\/noticias\/wp-content\/uploads\/2020\/01\/f1b679e9-feae-40e2-b82e-0771c173c1e9.jpg","width":1000,"height":750,"caption":"FOTO: AYUNTAMIENTO DE OVIEDO"},"datePublished":"2020-01-20T13:34:27+01:00","dateModified":"2020-01-20T13:34:27+01:00","inLanguage":"es-ES","mainEntityOfPage":{"@id":"https:\/\/www.eldigitaldeasturias.com\/noticias\/oviedo-en-fitur-2020-sus-propuestas\/#webpage"},"isPartOf":{"@id":"https:\/\/www.eldigitaldeasturias.com\/noticias\/oviedo-en-fitur-2020-sus-propuestas\/#webpage"},"articleSection":"Turismo"},{"@type":"BreadcrumbList","@id":"https:\/\/www.eldigitaldeasturias.com\/noticias\/oviedo-en-fitur-2020-sus-propuestas\/#breadcrumblist","itemListElement":[{"@type":"ListItem","@id":"https:\/\/www.eldigitaldeasturias.com\/noticias#listItem","position":1,"name":"Home","item":"https:\/\/www.eldigitaldeasturias.com\/noticias","nextItem":{"@type":"ListItem","@id":"https:\/\/www.eldigitaldeasturias.com\/noticias\/category\/turismo\/#listItem","name":"Turismo"}},{"@type":"ListItem","@id":"https:\/\/www.eldigitaldeasturias.com\/noticias\/category\/turismo\/#listItem","position":2,"name":"Turismo","item":"https:\/\/www.eldigitaldeasturias.com\/noticias\/category\/turismo\/","nextItem":{"@type":"ListItem","@id":"https:\/\/www.eldigitaldeasturias.com\/noticias\/oviedo-en-fitur-2020-sus-propuestas\/#listItem","name":"Oviedo en FITUR 2020: Sus propuestas"},"previousItem":{"@type":"ListItem","@id":"https:\/\/www.eldigitaldeasturias.com\/noticias#listItem","name":"Home"}},{"@type":"ListItem","@id":"https:\/\/www.eldigitaldeasturias.com\/noticias\/oviedo-en-fitur-2020-sus-propuestas\/#listItem","position":3,"name":"Oviedo en FITUR 2020: Sus propuestas","previousItem":{"@type":"ListItem","@id":"https:\/\/www.eldigitaldeasturias.com\/noticias\/category\/turismo\/#listItem","name":"Turismo"}}]},{"@type":"Organization","@id":"https:\/\/www.eldigitaldeasturias.com\/noticias\/#organization","name":"El Digital de Asturias","description":"Hemeroteca","url":"https:\/\/www.eldigitaldeasturias.com\/noticias\/","email":"info@eldigitaldeasturias.com","telephone":"+34652131393","logo":{"@type":"ImageObject","url":"https:\/\/www.eldigitaldeasturias.com\/noticias\/wp-content\/uploads\/2020\/12\/EDA.jpg","@id":"https:\/\/www.eldigitaldeasturias.com\/noticias\/oviedo-en-fitur-2020-sus-propuestas\/#organizationLogo","width":649,"height":297},"image":{"@id":"https:\/\/www.eldigitaldeasturias.com\/noticias\/oviedo-en-fitur-2020-sus-propuestas\/#organizationLogo"},"sameAs":["https:\/\/facebook.com\/eldigitaldeasturias","https:\/\/www.youtube.com\/channel\/UCZP-2wLEB9Rv6erhFmqVnvg"],"address":{"@id":"https:\/\/www.eldigitaldeasturias.com\/noticias\/#postaladdress","@type":"PostalAddress","streetAddress":"san antonio 4,","postalCode":"33430","addressLocality":"Cand\u00e1s","addressRegion":"Asturias","addressCountry":"ES"}},{"@type":"Person","@id":"https:\/\/www.eldigitaldeasturias.com\/noticias\/author\/admin\/#author","url":"https:\/\/www.eldigitaldeasturias.com\/noticias\/author\/admin\/","name":"El Digital de Asturias","image":{"@type":"ImageObject","@id":"https:\/\/www.eldigitaldeasturias.com\/noticias\/oviedo-en-fitur-2020-sus-propuestas\/#authorImage","url":"https:\/\/www.eldigitaldeasturias.com\/noticias\/wp-content\/litespeed\/avatar\/18677e78aa0546b92d9dbf31ec7d7668.jpg?ver=1777290358","width":96,"height":96,"caption":"El Digital de Asturias"}},{"@type":"WebPage","@id":"https:\/\/www.eldigitaldeasturias.com\/noticias\/oviedo-en-fitur-2020-sus-propuestas\/#webpage","url":"https:\/\/www.eldigitaldeasturias.com\/noticias\/oviedo-en-fitur-2020-sus-propuestas\/","name":"Oviedo en FITUR 2020: Sus propuestas - El Digital de Asturias","description":"El concejal de Turismo y Congresos, Alfredo Garc\u00eda Quintana ha anunciado esta ma\u00f1ana, en rueda de prensa, que Oviedo estar\u00e1 presente en la Feria Internacional de Turismo (FITUR), que se celebra en Madrid \u201cdesde este mi\u00e9rcoles al domingo, una de las citas m\u00e1s importantes a nivel mundial para promocionar marcas, conocer productos, tendencias y recoger","inLanguage":"es-ES","isPartOf":{"@id":"https:\/\/www.eldigitaldeasturias.com\/noticias\/#website"},"breadcrumb":{"@id":"https:\/\/www.eldigitaldeasturias.com\/noticias\/oviedo-en-fitur-2020-sus-propuestas\/#breadcrumblist"},"author":{"@id":"https:\/\/www.eldigitaldeasturias.com\/noticias\/author\/admin\/#author"},"creator":{"@id":"https:\/\/www.eldigitaldeasturias.com\/noticias\/author\/admin\/#author"},"image":{"@type":"ImageObject","url":"https:\/\/www.eldigitaldeasturias.com\/noticias\/wp-content\/uploads\/2020\/01\/f1b679e9-feae-40e2-b82e-0771c173c1e9.jpg","@id":"https:\/\/www.eldigitaldeasturias.com\/noticias\/oviedo-en-fitur-2020-sus-propuestas\/#mainImage","width":1000,"height":750,"caption":"FOTO: AYUNTAMIENTO DE OVIEDO"},"primaryImageOfPage":{"@id":"https:\/\/www.eldigitaldeasturias.com\/noticias\/oviedo-en-fitur-2020-sus-propuestas\/#mainImage"},"datePublished":"2020-01-20T13:34:27+01:00","dateModified":"2020-01-20T13:34:27+01:00"},{"@type":"WebSite","@id":"https:\/\/www.eldigitaldeasturias.com\/noticias\/#website","url":"https:\/\/www.eldigitaldeasturias.com\/noticias\/","name":"El Digital de Asturias - Diario de actualidad y noticias","alternateName":"El Digital de Asturias - Diario de actualidad y noticias","description":"Hemeroteca","inLanguage":"es-ES","publisher":{"@id":"https:\/\/www.eldigitaldeasturias.com\/noticias\/#organization"}}]},"og:locale":"es_ES","og:site_name":"El Digital de Asturias","og:type":"article","og:title":"Oviedo en FITUR 2020: Sus propuestas - El Digital de Asturias","og:description":"El concejal de Turismo y Congresos, Alfredo Garc\u00eda Quintana ha anunciado esta ma\u00f1ana, en rueda de prensa, que Oviedo estar\u00e1 presente en la Feria Internacional de Turismo (FITUR), que se celebra en Madrid \u201cdesde este mi\u00e9rcoles al domingo, una de las citas m\u00e1s importantes a nivel mundial para promocionar marcas, conocer productos, tendencias y recoger","og:url":"https:\/\/www.eldigitaldeasturias.com\/noticias\/oviedo-en-fitur-2020-sus-propuestas\/","og:image":"https:\/\/www.eldigitaldeasturias.com\/noticias\/wp-content\/uploads\/2020\/01\/f1b679e9-feae-40e2-b82e-0771c173c1e9.jpg","og:image:secure_url":"https:\/\/www.eldigitaldeasturias.com\/noticias\/wp-content\/uploads\/2020\/01\/f1b679e9-feae-40e2-b82e-0771c173c1e9.jpg","og:image:width":1000,"og:image:height":750,"article:tag":["turismo"],"article:published_time":"2020-01-20T13:34:27+00:00","article:modified_time":"2020-01-20T13:34:27+00:00","article:publisher":"https:\/\/facebook.com\/eldigitaldeasturias","twitter:card":"summary_large_image","twitter:title":"Oviedo en FITUR 2020: Sus propuestas - El Digital de Asturias","twitter:description":"El concejal de Turismo y Congresos, Alfredo Garc\u00eda Quintana ha anunciado esta ma\u00f1ana, en rueda de prensa, que Oviedo estar\u00e1 presente en la Feria Internacional de Turismo (FITUR), que se celebra en Madrid \u201cdesde este mi\u00e9rcoles al domingo, una de las citas m\u00e1s importantes a nivel mundial para promocionar marcas, conocer productos, tendencias y recoger","twitter:image":"https:\/\/www.eldigitaldeasturias.com\/noticias\/wp-content\/uploads\/2020\/01\/f1b679e9-feae-40e2-b82e-0771c173c1e9.jpg","twitter:label1":"Escrito por","twitter:data1":"El Digital de Asturias","twitter:label2":"Tiempo de lectura estimado","twitter:data2":"3 minutos"},"aioseo_meta_data":{"post_id":"1054889","title":null,"description":null,"keywords":null,"keyphrases":null,"primary_term":null,"canonical_url":null,"og_title":null,"og_description":null,"og_object_type":"default","og_image_type":"default","og_image_url":null,"og_image_width":null,"og_image_height":null,"og_image_custom_url":null,"og_image_custom_fields":null,"og_video":null,"og_custom_url":null,"og_article_section":null,"og_article_tags":null,"twitter_use_og":false,"twitter_card":"default","twitter_image_type":"default","twitter_image_url":null,"twitter_image_custom_url":null,"twitter_image_custom_fields":null,"twitter_title":null,"twitter_description":null,"schema":{"blockGraphs":[],"customGraphs":[],"default":{"data":{"Article":[],"Course":[],"Dataset":[],"FAQPage":[],"Movie":[],"Person":[],"Product":[],"ProductReview":[],"Car":[],"Recipe":[],"Service":[],"SoftwareApplication":[],"WebPage":[]},"graphName":"","isEnabled":true},"graphs":[],"defaultGraph":"","defaultPostTypeGraph":""},"schema_type":null,"schema_type_options":null,"pillar_content":false,"robots_default":true,"robots_noindex":false,"robots_noarchive":false,"robots_nosnippet":false,"robots_nofollow":false,"robots_noimageindex":false,"robots_noodp":false,"robots_notranslate":false,"robots_max_snippet":null,"robots_max_videopreview":null,"robots_max_imagepreview":"large","priority":null,"frequency":null,"local_seo":null,"seo_analyzer_scan_date":"2025-10-30 17:11:11","breadcrumb_settings":null,"limit_modified_date":false,"open_ai":null,"ai":null,"created":"2020-12-21 10:56:25","updated":"2025-10-30 17:11:11"},"aioseo_breadcrumb":"<div class=\"aioseo-breadcrumbs\"><span class=\"aioseo-breadcrumb\">\n\t<a href=\"https:\/\/www.eldigitaldeasturias.com\/noticias\" title=\"Home\">Home<\/a>\n<\/span><span class=\"aioseo-breadcrumb-separator\">\u2013<\/span><span class=\"aioseo-breadcrumb\">\n\t<a href=\"https:\/\/www.eldigitaldeasturias.com\/noticias\/category\/turismo\/\" title=\"Turismo\">Turismo<\/a>\n<\/span><span class=\"aioseo-breadcrumb-separator\">\u2013<\/span><span class=\"aioseo-breadcrumb\">\n\t<a href=\"https:\/\/www.eldigitaldeasturias.com\/noticias\/oviedo-en-fitur-2020-sus-propuestas\/\" title=\"Oviedo en FITUR 2020: Sus propuestas\">Oviedo en FITUR 2020: Sus propuestas<\/a>\n<\/span><\/div>","aioseo_breadcrumb_json":[{"label":"Home","link":"https:\/\/www.eldigitaldeasturias.com\/noticias"},{"label":"Turismo","link":"https:\/\/www.eldigitaldeasturias.com\/noticias\/category\/turismo\/"},{"label":"Oviedo en FITUR 2020: Sus propuestas","link":"https:\/\/www.eldigitaldeasturias.com\/noticias\/oviedo-en-fitur-2020-sus-propuestas\/"}],"_links":{"self":[{"href":"https:\/\/www.eldigitaldeasturias.com\/noticias\/wp-json\/wp\/v2\/posts\/1054889","targetHints":{"allow":["GET"]}}],"collection":[{"href":"https:\/\/www.eldigitaldeasturias.com\/noticias\/wp-json\/wp\/v2\/posts"}],"about":[{"href":"https:\/\/www.eldigitaldeasturias.com\/noticias\/wp-json\/wp\/v2\/types\/post"}],"author":[{"embeddable":true,"href":"https:\/\/www.eldigitaldeasturias.com\/noticias\/wp-json\/wp\/v2\/users\/1"}],"replies":[{"embeddable":true,"href":"https:\/\/www.eldigitaldeasturias.com\/noticias\/wp-json\/wp\/v2\/comments?post=1054889"}],"version-history":[{"count":0,"href":"https:\/\/www.eldigitaldeasturias.com\/noticias\/wp-json\/wp\/v2\/posts\/1054889\/revisions"}],"wp:featuredmedia":[{"embeddable":true,"href":"https:\/\/www.eldigitaldeasturias.com\/noticias\/wp-json\/wp\/v2\/media\/1054890"}],"wp:attachment":[{"href":"https:\/\/www.eldigitaldeasturias.com\/noticias\/wp-json\/wp\/v2\/media?parent=1054889"}],"wp:term":[{"taxonomy":"category","embeddable":true,"href":"https:\/\/www.eldigitaldeasturias.com\/noticias\/wp-json\/wp\/v2\/categories?post=1054889"},{"taxonomy":"post_tag","embeddable":true,"href":"https:\/\/www.eldigitaldeasturias.com\/noticias\/wp-json\/wp\/v2\/tags?post=1054889"}],"curies":[{"name":"wp","href":"https:\/\/api.w.org\/{rel}","templated":true}]}}