{"id":1054705,"date":"2020-01-18T12:08:00","date_gmt":"2020-01-18T12:08:00","guid":{"rendered":"https:\/\/www.eldigitaldeasturias.com\/noticias\/?p=1054705"},"modified":"2020-01-18T12:08:00","modified_gmt":"2020-01-18T12:08:00","slug":"mario-vilella-disputara-el-cuadro-final-del-abierto-de-australia","status":"publish","type":"post","link":"https:\/\/www.eldigitaldeasturias.com\/noticias\/mario-vilella-disputara-el-cuadro-final-del-abierto-de-australia\/","title":{"rendered":"Mario Vilella disputar\u00e1 el cuadro final del Abierto de Australia"},"content":{"rendered":"<figure id=\"attachment_1054706\" aria-describedby=\"caption-attachment-1054706\" style=\"width: 360px\" class=\"wp-caption alignleft\"><img loading=\"lazy\" decoding=\"async\" class=\"size-medium wp-image-1054706\" src=\"https:\/\/www.eldigitaldeasturias.com\/noticias\/wp-content\/uploads\/2020\/01\/Mario-Vilella-ep-360x261.jpg\" alt=\"\" width=\"360\" height=\"261\" srcset=\"https:\/\/www.eldigitaldeasturias.com\/noticias\/wp-content\/uploads\/2020\/01\/Mario-Vilella-ep-360x261.jpg 360w, https:\/\/www.eldigitaldeasturias.com\/noticias\/wp-content\/uploads\/2020\/01\/Mario-Vilella-ep-662x480.jpg 662w, https:\/\/www.eldigitaldeasturias.com\/noticias\/wp-content\/uploads\/2020\/01\/Mario-Vilella-ep-414x300.jpg 414w, https:\/\/www.eldigitaldeasturias.com\/noticias\/wp-content\/uploads\/2020\/01\/Mario-Vilella-ep.jpg 669w\" sizes=\"auto, (max-width: 360px) 100vw, 360px\" \/><figcaption id=\"caption-attachment-1054706\" class=\"wp-caption-text\">Foto: RFET \/ Europa Press<\/figcaption><\/figure>\n<p>(Europa Press) &#8211;\u00a0El tenista espa\u00f1ol <strong>Mario Vilella disputar\u00e1 el cuadro final del Abierto de Australia<\/strong>, primer &#8216;Grand Slam&#8217; de la temporada, despu\u00e9s de lograr este s\u00e1bado el pase al vencer al franc\u00e9s Mathias Bourgue (6-1, 6-4), mientras que Lara Arruabarrena se ha quedado a las puertas al perder ante la japonesa Nao Hibino (6-1, 6-2).<\/p>\n<p>El ilicitano, n<strong>\u00famero 196 del ranking ATP<\/strong>, disputar\u00e1 por primera vez un cuadro final de un &#8216;grande&#8217; y lo har\u00e1 tras imponerse con solvencia en el \u00faltimo partido de la fase previa a Bourgue. Vilella enlaz\u00f3 un 5-0 de salida, sobreviviendo incluso a dos bolas de &#8216;break&#8217;, con el que encarril\u00f3 el primer set, en el que solo permiti\u00f3 ganar un juego a su rival.<\/p>\n<p>Ya en la segunda manga, rompi\u00f3 el servicio del galo en el s\u00e9ptimo juego y, aunque no pudo aprovechar una pelota de rotura posterior, cerr\u00f3 el choque con su saque y en poco m\u00e1s de una hora.<\/p>\n<p>Por su parte, la guipuzcoana <strong>Lara Arruabarrena no podr\u00e1 continuar en Melbourne al caer ante Hibino<\/strong>. Tres roturas la condenaron en el primer parcial, que la nipona se llev\u00f3 en 24 minutos, y aunque comenz\u00f3 rompiendo en el segundo poniendo el 1-2 a su favor, Hibino gan\u00f3 cinco juegos consecutivos para llevarse el triunfo en menos de una hora.<\/p>\n<p>&nbsp;<\/p>\n","protected":false},"excerpt":{"rendered":"<p>(Europa Press) &#8211;\u00a0El tenista espa\u00f1ol Mario Vilella disputar\u00e1 el cuadro final del Abierto de Australia, primer &#8216;Grand Slam&#8217; de la temporada, despu\u00e9s de lograr este s\u00e1bado el pase al vencer al franc\u00e9s Mathias Bourgue (6-1, 6-4), mientras que Lara Arruabarrena se ha quedado a las puertas al perder ante la japonesa Nao Hibino (6-1, 6-2). [&hellip;]<\/p>\n","protected":false},"author":1,"featured_media":1054706,"comment_status":"closed","ping_status":"closed","sticky":false,"template":"","format":"standard","meta":{"footnotes":""},"categories":[190],"tags":[],"class_list":["post-1054705","post","type-post","status-publish","format-standard","has-post-thumbnail","hentry","category-deportes"],"aioseo_notices":[],"aioseo_head":"\n\t\t<!-- All in One SEO Pro 4.9.6.2 - aioseo.com -->\n\t<meta name=\"description\" content=\"(Europa Press) - El tenista espa\u00f1ol Mario Vilella disputar\u00e1 el cuadro final del Abierto de Australia, primer &#039;Grand Slam&#039; de la temporada, despu\u00e9s de lograr este s\u00e1bado el pase al vencer al franc\u00e9s Mathias Bourgue (6-1, 6-4), mientras que Lara Arruabarrena se ha quedado a las puertas al perder ante la japonesa Nao Hibino (6-1, 6-2).\" \/>\n\t<meta name=\"robots\" content=\"max-image-preview:large\" \/>\n\t<meta name=\"author\" content=\"El Digital de Asturias\"\/>\n\t<meta name=\"google-site-verification\" content=\"UA-38556648-1\" \/>\n\t<meta name=\"msvalidate.01\" content=\"7dfe9f3f1b24437ab69f4f2559babe99\" \/>\n\t<meta name=\"keywords\" content=\"deportes\" \/>\n\t<link rel=\"canonical\" href=\"https:\/\/www.eldigitaldeasturias.com\/noticias\/mario-vilella-disputara-el-cuadro-final-del-abierto-de-australia\/\" \/>\n\t<meta name=\"generator\" content=\"All in One SEO Pro (AIOSEO) 4.9.6.2\" \/>\n\t\t<meta property=\"og:locale\" content=\"es_ES\" \/>\n\t\t<meta property=\"og:site_name\" content=\"El Digital de Asturias\" \/>\n\t\t<meta property=\"og:type\" content=\"article\" \/>\n\t\t<meta property=\"og:title\" content=\"Mario Vilella disputar\u00e1 el cuadro final del Abierto de Australia - El Digital de Asturias\" \/>\n\t\t<meta property=\"og:description\" content=\"(Europa Press) - El tenista espa\u00f1ol Mario Vilella disputar\u00e1 el cuadro final del Abierto de Australia, primer &#039;Grand Slam&#039; de la temporada, despu\u00e9s de lograr este s\u00e1bado el pase al vencer al franc\u00e9s Mathias Bourgue (6-1, 6-4), mientras que Lara Arruabarrena se ha quedado a las puertas al perder ante la japonesa Nao Hibino (6-1, 6-2).\" \/>\n\t\t<meta property=\"og:url\" content=\"https:\/\/www.eldigitaldeasturias.com\/noticias\/mario-vilella-disputara-el-cuadro-final-del-abierto-de-australia\/\" \/>\n\t\t<meta property=\"og:image\" content=\"https:\/\/www.eldigitaldeasturias.com\/noticias\/wp-content\/uploads\/2020\/01\/Mario-Vilella-ep.jpg\" \/>\n\t\t<meta property=\"og:image:secure_url\" content=\"https:\/\/www.eldigitaldeasturias.com\/noticias\/wp-content\/uploads\/2020\/01\/Mario-Vilella-ep.jpg\" \/>\n\t\t<meta property=\"og:image:width\" content=\"669\" \/>\n\t\t<meta property=\"og:image:height\" content=\"485\" \/>\n\t\t<meta property=\"article:tag\" content=\"deportes\" \/>\n\t\t<meta property=\"article:published_time\" content=\"2020-01-18T12:08:00+00:00\" \/>\n\t\t<meta property=\"article:modified_time\" content=\"2020-01-18T12:08:00+00:00\" \/>\n\t\t<meta property=\"article:publisher\" content=\"https:\/\/facebook.com\/eldigitaldeasturias\" \/>\n\t\t<meta name=\"twitter:card\" content=\"summary_large_image\" \/>\n\t\t<meta name=\"twitter:title\" content=\"Mario Vilella disputar\u00e1 el cuadro final del Abierto de Australia - El Digital de Asturias\" \/>\n\t\t<meta name=\"twitter:description\" content=\"(Europa Press) - El tenista espa\u00f1ol Mario Vilella disputar\u00e1 el cuadro final del Abierto de Australia, primer &#039;Grand Slam&#039; de la temporada, despu\u00e9s de lograr este s\u00e1bado el pase al vencer al franc\u00e9s Mathias Bourgue (6-1, 6-4), mientras que Lara Arruabarrena se ha quedado a las puertas al perder ante la japonesa Nao Hibino (6-1, 6-2).\" \/>\n\t\t<meta name=\"twitter:image\" content=\"https:\/\/www.eldigitaldeasturias.com\/noticias\/wp-content\/uploads\/2020\/01\/Mario-Vilella-ep.jpg\" \/>\n\t\t<meta name=\"twitter:label1\" content=\"Escrito por\" \/>\n\t\t<meta name=\"twitter:data1\" content=\"El Digital de Asturias\" \/>\n\t\t<meta name=\"twitter:label2\" content=\"Tiempo de lectura estimado\" \/>\n\t\t<meta name=\"twitter:data2\" content=\"1 minuto\" \/>\n\t\t<script type=\"application\/ld+json\" class=\"aioseo-schema\">\n\t\t\t{\"@context\":\"https:\\\/\\\/schema.org\",\"@graph\":[{\"@type\":\"BlogPosting\",\"@id\":\"https:\\\/\\\/www.eldigitaldeasturias.com\\\/noticias\\\/mario-vilella-disputara-el-cuadro-final-del-abierto-de-australia\\\/#blogposting\",\"name\":\"Mario Vilella disputar\\u00e1 el cuadro final del Abierto de Australia - El Digital de Asturias\",\"headline\":\"Mario Vilella disputar\\u00e1 el cuadro final del Abierto de Australia\",\"author\":{\"@id\":\"https:\\\/\\\/www.eldigitaldeasturias.com\\\/noticias\\\/author\\\/admin\\\/#author\"},\"publisher\":{\"@id\":\"https:\\\/\\\/www.eldigitaldeasturias.com\\\/noticias\\\/#organization\"},\"image\":{\"@type\":\"ImageObject\",\"url\":\"https:\\\/\\\/www.eldigitaldeasturias.com\\\/noticias\\\/wp-content\\\/uploads\\\/2020\\\/01\\\/Mario-Vilella-ep.jpg\",\"width\":669,\"height\":485,\"caption\":\"Foto: RFET \\\/ Europa Press\"},\"datePublished\":\"2020-01-18T12:08:00+01:00\",\"dateModified\":\"2020-01-18T12:08:00+01:00\",\"inLanguage\":\"es-ES\",\"mainEntityOfPage\":{\"@id\":\"https:\\\/\\\/www.eldigitaldeasturias.com\\\/noticias\\\/mario-vilella-disputara-el-cuadro-final-del-abierto-de-australia\\\/#webpage\"},\"isPartOf\":{\"@id\":\"https:\\\/\\\/www.eldigitaldeasturias.com\\\/noticias\\\/mario-vilella-disputara-el-cuadro-final-del-abierto-de-australia\\\/#webpage\"},\"articleSection\":\"Deportes\"},{\"@type\":\"BreadcrumbList\",\"@id\":\"https:\\\/\\\/www.eldigitaldeasturias.com\\\/noticias\\\/mario-vilella-disputara-el-cuadro-final-del-abierto-de-australia\\\/#breadcrumblist\",\"itemListElement\":[{\"@type\":\"ListItem\",\"@id\":\"https:\\\/\\\/www.eldigitaldeasturias.com\\\/noticias#listItem\",\"position\":1,\"name\":\"Home\",\"item\":\"https:\\\/\\\/www.eldigitaldeasturias.com\\\/noticias\",\"nextItem\":{\"@type\":\"ListItem\",\"@id\":\"https:\\\/\\\/www.eldigitaldeasturias.com\\\/noticias\\\/category\\\/deportes\\\/#listItem\",\"name\":\"Deportes\"}},{\"@type\":\"ListItem\",\"@id\":\"https:\\\/\\\/www.eldigitaldeasturias.com\\\/noticias\\\/category\\\/deportes\\\/#listItem\",\"position\":2,\"name\":\"Deportes\",\"item\":\"https:\\\/\\\/www.eldigitaldeasturias.com\\\/noticias\\\/category\\\/deportes\\\/\",\"nextItem\":{\"@type\":\"ListItem\",\"@id\":\"https:\\\/\\\/www.eldigitaldeasturias.com\\\/noticias\\\/mario-vilella-disputara-el-cuadro-final-del-abierto-de-australia\\\/#listItem\",\"name\":\"Mario Vilella disputar\\u00e1 el cuadro final del Abierto de Australia\"},\"previousItem\":{\"@type\":\"ListItem\",\"@id\":\"https:\\\/\\\/www.eldigitaldeasturias.com\\\/noticias#listItem\",\"name\":\"Home\"}},{\"@type\":\"ListItem\",\"@id\":\"https:\\\/\\\/www.eldigitaldeasturias.com\\\/noticias\\\/mario-vilella-disputara-el-cuadro-final-del-abierto-de-australia\\\/#listItem\",\"position\":3,\"name\":\"Mario Vilella disputar\\u00e1 el cuadro final del Abierto de Australia\",\"previousItem\":{\"@type\":\"ListItem\",\"@id\":\"https:\\\/\\\/www.eldigitaldeasturias.com\\\/noticias\\\/category\\\/deportes\\\/#listItem\",\"name\":\"Deportes\"}}]},{\"@type\":\"Organization\",\"@id\":\"https:\\\/\\\/www.eldigitaldeasturias.com\\\/noticias\\\/#organization\",\"name\":\"El Digital de Asturias\",\"description\":\"Hemeroteca\",\"url\":\"https:\\\/\\\/www.eldigitaldeasturias.com\\\/noticias\\\/\",\"email\":\"info@eldigitaldeasturias.com\",\"telephone\":\"+34652131393\",\"logo\":{\"@type\":\"ImageObject\",\"url\":\"https:\\\/\\\/www.eldigitaldeasturias.com\\\/noticias\\\/wp-content\\\/uploads\\\/2020\\\/12\\\/EDA.jpg\",\"@id\":\"https:\\\/\\\/www.eldigitaldeasturias.com\\\/noticias\\\/mario-vilella-disputara-el-cuadro-final-del-abierto-de-australia\\\/#organizationLogo\",\"width\":649,\"height\":297},\"image\":{\"@id\":\"https:\\\/\\\/www.eldigitaldeasturias.com\\\/noticias\\\/mario-vilella-disputara-el-cuadro-final-del-abierto-de-australia\\\/#organizationLogo\"},\"sameAs\":[\"https:\\\/\\\/facebook.com\\\/eldigitaldeasturias\",\"https:\\\/\\\/www.youtube.com\\\/channel\\\/UCZP-2wLEB9Rv6erhFmqVnvg\"],\"address\":{\"@id\":\"https:\\\/\\\/www.eldigitaldeasturias.com\\\/noticias\\\/#postaladdress\",\"@type\":\"PostalAddress\",\"streetAddress\":\"san antonio 4,\",\"postalCode\":\"33430\",\"addressLocality\":\"Cand\\u00e1s\",\"addressRegion\":\"Asturias\",\"addressCountry\":\"ES\"}},{\"@type\":\"Person\",\"@id\":\"https:\\\/\\\/www.eldigitaldeasturias.com\\\/noticias\\\/author\\\/admin\\\/#author\",\"url\":\"https:\\\/\\\/www.eldigitaldeasturias.com\\\/noticias\\\/author\\\/admin\\\/\",\"name\":\"El Digital de Asturias\",\"image\":{\"@type\":\"ImageObject\",\"@id\":\"https:\\\/\\\/www.eldigitaldeasturias.com\\\/noticias\\\/mario-vilella-disputara-el-cuadro-final-del-abierto-de-australia\\\/#authorImage\",\"url\":\"https:\\\/\\\/www.eldigitaldeasturias.com\\\/noticias\\\/wp-content\\\/litespeed\\\/avatar\\\/18677e78aa0546b92d9dbf31ec7d7668.jpg?ver=1776685526\",\"width\":96,\"height\":96,\"caption\":\"El Digital de Asturias\"}},{\"@type\":\"WebPage\",\"@id\":\"https:\\\/\\\/www.eldigitaldeasturias.com\\\/noticias\\\/mario-vilella-disputara-el-cuadro-final-del-abierto-de-australia\\\/#webpage\",\"url\":\"https:\\\/\\\/www.eldigitaldeasturias.com\\\/noticias\\\/mario-vilella-disputara-el-cuadro-final-del-abierto-de-australia\\\/\",\"name\":\"Mario Vilella disputar\\u00e1 el cuadro final del Abierto de Australia - El Digital de Asturias\",\"description\":\"(Europa Press) - El tenista espa\\u00f1ol Mario Vilella disputar\\u00e1 el cuadro final del Abierto de Australia, primer 'Grand Slam' de la temporada, despu\\u00e9s de lograr este s\\u00e1bado el pase al vencer al franc\\u00e9s Mathias Bourgue (6-1, 6-4), mientras que Lara Arruabarrena se ha quedado a las puertas al perder ante la japonesa Nao Hibino (6-1, 6-2).\",\"inLanguage\":\"es-ES\",\"isPartOf\":{\"@id\":\"https:\\\/\\\/www.eldigitaldeasturias.com\\\/noticias\\\/#website\"},\"breadcrumb\":{\"@id\":\"https:\\\/\\\/www.eldigitaldeasturias.com\\\/noticias\\\/mario-vilella-disputara-el-cuadro-final-del-abierto-de-australia\\\/#breadcrumblist\"},\"author\":{\"@id\":\"https:\\\/\\\/www.eldigitaldeasturias.com\\\/noticias\\\/author\\\/admin\\\/#author\"},\"creator\":{\"@id\":\"https:\\\/\\\/www.eldigitaldeasturias.com\\\/noticias\\\/author\\\/admin\\\/#author\"},\"image\":{\"@type\":\"ImageObject\",\"url\":\"https:\\\/\\\/www.eldigitaldeasturias.com\\\/noticias\\\/wp-content\\\/uploads\\\/2020\\\/01\\\/Mario-Vilella-ep.jpg\",\"@id\":\"https:\\\/\\\/www.eldigitaldeasturias.com\\\/noticias\\\/mario-vilella-disputara-el-cuadro-final-del-abierto-de-australia\\\/#mainImage\",\"width\":669,\"height\":485,\"caption\":\"Foto: RFET \\\/ Europa Press\"},\"primaryImageOfPage\":{\"@id\":\"https:\\\/\\\/www.eldigitaldeasturias.com\\\/noticias\\\/mario-vilella-disputara-el-cuadro-final-del-abierto-de-australia\\\/#mainImage\"},\"datePublished\":\"2020-01-18T12:08:00+01:00\",\"dateModified\":\"2020-01-18T12:08:00+01:00\"},{\"@type\":\"WebSite\",\"@id\":\"https:\\\/\\\/www.eldigitaldeasturias.com\\\/noticias\\\/#website\",\"url\":\"https:\\\/\\\/www.eldigitaldeasturias.com\\\/noticias\\\/\",\"name\":\"El Digital de Asturias - Diario de actualidad y noticias\",\"alternateName\":\"El Digital de Asturias - Diario de actualidad y noticias\",\"description\":\"Hemeroteca\",\"inLanguage\":\"es-ES\",\"publisher\":{\"@id\":\"https:\\\/\\\/www.eldigitaldeasturias.com\\\/noticias\\\/#organization\"}}]}\n\t\t<\/script>\n\t\t<!-- All in One SEO Pro -->\r\n\t\t<title>Mario Vilella disputar\u00e1 el cuadro final del Abierto de Australia - El Digital de Asturias<\/title>\n\n","aioseo_head_json":{"title":"Mario Vilella disputar\u00e1 el cuadro final del Abierto de Australia - El Digital de Asturias","description":"(Europa Press) - El tenista espa\u00f1ol Mario Vilella disputar\u00e1 el cuadro final del Abierto de Australia, primer 'Grand Slam' de la temporada, despu\u00e9s de lograr este s\u00e1bado el pase al vencer al franc\u00e9s Mathias Bourgue (6-1, 6-4), mientras que Lara Arruabarrena se ha quedado a las puertas al perder ante la japonesa Nao Hibino (6-1, 6-2).","canonical_url":"https:\/\/www.eldigitaldeasturias.com\/noticias\/mario-vilella-disputara-el-cuadro-final-del-abierto-de-australia\/","robots":"max-image-preview:large","keywords":"deportes","webmasterTools":{"google-site-verification":"UA-38556648-1","msvalidate.01":"7dfe9f3f1b24437ab69f4f2559babe99","miscellaneous":""},"schema":{"@context":"https:\/\/schema.org","@graph":[{"@type":"BlogPosting","@id":"https:\/\/www.eldigitaldeasturias.com\/noticias\/mario-vilella-disputara-el-cuadro-final-del-abierto-de-australia\/#blogposting","name":"Mario Vilella disputar\u00e1 el cuadro final del Abierto de Australia - El Digital de Asturias","headline":"Mario Vilella disputar\u00e1 el cuadro final del Abierto de Australia","author":{"@id":"https:\/\/www.eldigitaldeasturias.com\/noticias\/author\/admin\/#author"},"publisher":{"@id":"https:\/\/www.eldigitaldeasturias.com\/noticias\/#organization"},"image":{"@type":"ImageObject","url":"https:\/\/www.eldigitaldeasturias.com\/noticias\/wp-content\/uploads\/2020\/01\/Mario-Vilella-ep.jpg","width":669,"height":485,"caption":"Foto: RFET \/ Europa Press"},"datePublished":"2020-01-18T12:08:00+01:00","dateModified":"2020-01-18T12:08:00+01:00","inLanguage":"es-ES","mainEntityOfPage":{"@id":"https:\/\/www.eldigitaldeasturias.com\/noticias\/mario-vilella-disputara-el-cuadro-final-del-abierto-de-australia\/#webpage"},"isPartOf":{"@id":"https:\/\/www.eldigitaldeasturias.com\/noticias\/mario-vilella-disputara-el-cuadro-final-del-abierto-de-australia\/#webpage"},"articleSection":"Deportes"},{"@type":"BreadcrumbList","@id":"https:\/\/www.eldigitaldeasturias.com\/noticias\/mario-vilella-disputara-el-cuadro-final-del-abierto-de-australia\/#breadcrumblist","itemListElement":[{"@type":"ListItem","@id":"https:\/\/www.eldigitaldeasturias.com\/noticias#listItem","position":1,"name":"Home","item":"https:\/\/www.eldigitaldeasturias.com\/noticias","nextItem":{"@type":"ListItem","@id":"https:\/\/www.eldigitaldeasturias.com\/noticias\/category\/deportes\/#listItem","name":"Deportes"}},{"@type":"ListItem","@id":"https:\/\/www.eldigitaldeasturias.com\/noticias\/category\/deportes\/#listItem","position":2,"name":"Deportes","item":"https:\/\/www.eldigitaldeasturias.com\/noticias\/category\/deportes\/","nextItem":{"@type":"ListItem","@id":"https:\/\/www.eldigitaldeasturias.com\/noticias\/mario-vilella-disputara-el-cuadro-final-del-abierto-de-australia\/#listItem","name":"Mario Vilella disputar\u00e1 el cuadro final del Abierto de Australia"},"previousItem":{"@type":"ListItem","@id":"https:\/\/www.eldigitaldeasturias.com\/noticias#listItem","name":"Home"}},{"@type":"ListItem","@id":"https:\/\/www.eldigitaldeasturias.com\/noticias\/mario-vilella-disputara-el-cuadro-final-del-abierto-de-australia\/#listItem","position":3,"name":"Mario Vilella disputar\u00e1 el cuadro final del Abierto de Australia","previousItem":{"@type":"ListItem","@id":"https:\/\/www.eldigitaldeasturias.com\/noticias\/category\/deportes\/#listItem","name":"Deportes"}}]},{"@type":"Organization","@id":"https:\/\/www.eldigitaldeasturias.com\/noticias\/#organization","name":"El Digital de Asturias","description":"Hemeroteca","url":"https:\/\/www.eldigitaldeasturias.com\/noticias\/","email":"info@eldigitaldeasturias.com","telephone":"+34652131393","logo":{"@type":"ImageObject","url":"https:\/\/www.eldigitaldeasturias.com\/noticias\/wp-content\/uploads\/2020\/12\/EDA.jpg","@id":"https:\/\/www.eldigitaldeasturias.com\/noticias\/mario-vilella-disputara-el-cuadro-final-del-abierto-de-australia\/#organizationLogo","width":649,"height":297},"image":{"@id":"https:\/\/www.eldigitaldeasturias.com\/noticias\/mario-vilella-disputara-el-cuadro-final-del-abierto-de-australia\/#organizationLogo"},"sameAs":["https:\/\/facebook.com\/eldigitaldeasturias","https:\/\/www.youtube.com\/channel\/UCZP-2wLEB9Rv6erhFmqVnvg"],"address":{"@id":"https:\/\/www.eldigitaldeasturias.com\/noticias\/#postaladdress","@type":"PostalAddress","streetAddress":"san antonio 4,","postalCode":"33430","addressLocality":"Cand\u00e1s","addressRegion":"Asturias","addressCountry":"ES"}},{"@type":"Person","@id":"https:\/\/www.eldigitaldeasturias.com\/noticias\/author\/admin\/#author","url":"https:\/\/www.eldigitaldeasturias.com\/noticias\/author\/admin\/","name":"El Digital de Asturias","image":{"@type":"ImageObject","@id":"https:\/\/www.eldigitaldeasturias.com\/noticias\/mario-vilella-disputara-el-cuadro-final-del-abierto-de-australia\/#authorImage","url":"https:\/\/www.eldigitaldeasturias.com\/noticias\/wp-content\/litespeed\/avatar\/18677e78aa0546b92d9dbf31ec7d7668.jpg?ver=1776685526","width":96,"height":96,"caption":"El Digital de Asturias"}},{"@type":"WebPage","@id":"https:\/\/www.eldigitaldeasturias.com\/noticias\/mario-vilella-disputara-el-cuadro-final-del-abierto-de-australia\/#webpage","url":"https:\/\/www.eldigitaldeasturias.com\/noticias\/mario-vilella-disputara-el-cuadro-final-del-abierto-de-australia\/","name":"Mario Vilella disputar\u00e1 el cuadro final del Abierto de Australia - El Digital de Asturias","description":"(Europa Press) - El tenista espa\u00f1ol Mario Vilella disputar\u00e1 el cuadro final del Abierto de Australia, primer 'Grand Slam' de la temporada, despu\u00e9s de lograr este s\u00e1bado el pase al vencer al franc\u00e9s Mathias Bourgue (6-1, 6-4), mientras que Lara Arruabarrena se ha quedado a las puertas al perder ante la japonesa Nao Hibino (6-1, 6-2).","inLanguage":"es-ES","isPartOf":{"@id":"https:\/\/www.eldigitaldeasturias.com\/noticias\/#website"},"breadcrumb":{"@id":"https:\/\/www.eldigitaldeasturias.com\/noticias\/mario-vilella-disputara-el-cuadro-final-del-abierto-de-australia\/#breadcrumblist"},"author":{"@id":"https:\/\/www.eldigitaldeasturias.com\/noticias\/author\/admin\/#author"},"creator":{"@id":"https:\/\/www.eldigitaldeasturias.com\/noticias\/author\/admin\/#author"},"image":{"@type":"ImageObject","url":"https:\/\/www.eldigitaldeasturias.com\/noticias\/wp-content\/uploads\/2020\/01\/Mario-Vilella-ep.jpg","@id":"https:\/\/www.eldigitaldeasturias.com\/noticias\/mario-vilella-disputara-el-cuadro-final-del-abierto-de-australia\/#mainImage","width":669,"height":485,"caption":"Foto: RFET \/ Europa Press"},"primaryImageOfPage":{"@id":"https:\/\/www.eldigitaldeasturias.com\/noticias\/mario-vilella-disputara-el-cuadro-final-del-abierto-de-australia\/#mainImage"},"datePublished":"2020-01-18T12:08:00+01:00","dateModified":"2020-01-18T12:08:00+01:00"},{"@type":"WebSite","@id":"https:\/\/www.eldigitaldeasturias.com\/noticias\/#website","url":"https:\/\/www.eldigitaldeasturias.com\/noticias\/","name":"El Digital de Asturias - Diario de actualidad y noticias","alternateName":"El Digital de Asturias - Diario de actualidad y noticias","description":"Hemeroteca","inLanguage":"es-ES","publisher":{"@id":"https:\/\/www.eldigitaldeasturias.com\/noticias\/#organization"}}]},"og:locale":"es_ES","og:site_name":"El Digital de Asturias","og:type":"article","og:title":"Mario Vilella disputar\u00e1 el cuadro final del Abierto de Australia - El Digital de Asturias","og:description":"(Europa Press) - El tenista espa\u00f1ol Mario Vilella disputar\u00e1 el cuadro final del Abierto de Australia, primer 'Grand Slam' de la temporada, despu\u00e9s de lograr este s\u00e1bado el pase al vencer al franc\u00e9s Mathias Bourgue (6-1, 6-4), mientras que Lara Arruabarrena se ha quedado a las puertas al perder ante la japonesa Nao Hibino (6-1, 6-2).","og:url":"https:\/\/www.eldigitaldeasturias.com\/noticias\/mario-vilella-disputara-el-cuadro-final-del-abierto-de-australia\/","og:image":"https:\/\/www.eldigitaldeasturias.com\/noticias\/wp-content\/uploads\/2020\/01\/Mario-Vilella-ep.jpg","og:image:secure_url":"https:\/\/www.eldigitaldeasturias.com\/noticias\/wp-content\/uploads\/2020\/01\/Mario-Vilella-ep.jpg","og:image:width":669,"og:image:height":485,"article:tag":["deportes"],"article:published_time":"2020-01-18T12:08:00+00:00","article:modified_time":"2020-01-18T12:08:00+00:00","article:publisher":"https:\/\/facebook.com\/eldigitaldeasturias","twitter:card":"summary_large_image","twitter:title":"Mario Vilella disputar\u00e1 el cuadro final del Abierto de Australia - El Digital de Asturias","twitter:description":"(Europa Press) - El tenista espa\u00f1ol Mario Vilella disputar\u00e1 el cuadro final del Abierto de Australia, primer 'Grand Slam' de la temporada, despu\u00e9s de lograr este s\u00e1bado el pase al vencer al franc\u00e9s Mathias Bourgue (6-1, 6-4), mientras que Lara Arruabarrena se ha quedado a las puertas al perder ante la japonesa Nao Hibino (6-1, 6-2).","twitter:image":"https:\/\/www.eldigitaldeasturias.com\/noticias\/wp-content\/uploads\/2020\/01\/Mario-Vilella-ep.jpg","twitter:label1":"Escrito por","twitter:data1":"El Digital de Asturias","twitter:label2":"Tiempo de lectura estimado","twitter:data2":"1 minuto"},"aioseo_meta_data":{"post_id":"1054705","title":null,"description":null,"keywords":null,"keyphrases":null,"primary_term":null,"canonical_url":null,"og_title":null,"og_description":null,"og_object_type":"default","og_image_type":"default","og_image_url":null,"og_image_width":null,"og_image_height":null,"og_image_custom_url":null,"og_image_custom_fields":null,"og_video":null,"og_custom_url":null,"og_article_section":null,"og_article_tags":null,"twitter_use_og":false,"twitter_card":"default","twitter_image_type":"default","twitter_image_url":null,"twitter_image_custom_url":null,"twitter_image_custom_fields":null,"twitter_title":null,"twitter_description":null,"schema":{"blockGraphs":[],"customGraphs":[],"default":{"data":{"Article":[],"Course":[],"Dataset":[],"FAQPage":[],"Movie":[],"Person":[],"Product":[],"ProductReview":[],"Car":[],"Recipe":[],"Service":[],"SoftwareApplication":[],"WebPage":[]},"graphName":"","isEnabled":true},"graphs":[],"defaultGraph":"","defaultPostTypeGraph":""},"schema_type":null,"schema_type_options":null,"pillar_content":false,"robots_default":true,"robots_noindex":false,"robots_noarchive":false,"robots_nosnippet":false,"robots_nofollow":false,"robots_noimageindex":false,"robots_noodp":false,"robots_notranslate":false,"robots_max_snippet":null,"robots_max_videopreview":null,"robots_max_imagepreview":"large","priority":null,"frequency":null,"local_seo":null,"seo_analyzer_scan_date":"2025-10-30 16:34:13","breadcrumb_settings":null,"limit_modified_date":false,"open_ai":null,"ai":null,"created":"2020-12-21 10:56:31","updated":"2025-10-30 16:34:13"},"aioseo_breadcrumb":"<div class=\"aioseo-breadcrumbs\"><span class=\"aioseo-breadcrumb\">\n\t<a href=\"https:\/\/www.eldigitaldeasturias.com\/noticias\" title=\"Home\">Home<\/a>\n<\/span><span class=\"aioseo-breadcrumb-separator\">\u2013<\/span><span class=\"aioseo-breadcrumb\">\n\t<a href=\"https:\/\/www.eldigitaldeasturias.com\/noticias\/category\/deportes\/\" title=\"Deportes\">Deportes<\/a>\n<\/span><span class=\"aioseo-breadcrumb-separator\">\u2013<\/span><span class=\"aioseo-breadcrumb\">\n\t<a href=\"https:\/\/www.eldigitaldeasturias.com\/noticias\/mario-vilella-disputara-el-cuadro-final-del-abierto-de-australia\/\" title=\"Mario Vilella disputar\u00e1 el cuadro final del Abierto de Australia\">Mario Vilella disputar\u00e1 el cuadro final del Abierto de Australia<\/a>\n<\/span><\/div>","aioseo_breadcrumb_json":[{"label":"Home","link":"https:\/\/www.eldigitaldeasturias.com\/noticias"},{"label":"Deportes","link":"https:\/\/www.eldigitaldeasturias.com\/noticias\/category\/deportes\/"},{"label":"Mario Vilella disputar\u00e1 el cuadro final del Abierto de Australia","link":"https:\/\/www.eldigitaldeasturias.com\/noticias\/mario-vilella-disputara-el-cuadro-final-del-abierto-de-australia\/"}],"_links":{"self":[{"href":"https:\/\/www.eldigitaldeasturias.com\/noticias\/wp-json\/wp\/v2\/posts\/1054705","targetHints":{"allow":["GET"]}}],"collection":[{"href":"https:\/\/www.eldigitaldeasturias.com\/noticias\/wp-json\/wp\/v2\/posts"}],"about":[{"href":"https:\/\/www.eldigitaldeasturias.com\/noticias\/wp-json\/wp\/v2\/types\/post"}],"author":[{"embeddable":true,"href":"https:\/\/www.eldigitaldeasturias.com\/noticias\/wp-json\/wp\/v2\/users\/1"}],"replies":[{"embeddable":true,"href":"https:\/\/www.eldigitaldeasturias.com\/noticias\/wp-json\/wp\/v2\/comments?post=1054705"}],"version-history":[{"count":0,"href":"https:\/\/www.eldigitaldeasturias.com\/noticias\/wp-json\/wp\/v2\/posts\/1054705\/revisions"}],"wp:featuredmedia":[{"embeddable":true,"href":"https:\/\/www.eldigitaldeasturias.com\/noticias\/wp-json\/wp\/v2\/media\/1054706"}],"wp:attachment":[{"href":"https:\/\/www.eldigitaldeasturias.com\/noticias\/wp-json\/wp\/v2\/media?parent=1054705"}],"wp:term":[{"taxonomy":"category","embeddable":true,"href":"https:\/\/www.eldigitaldeasturias.com\/noticias\/wp-json\/wp\/v2\/categories?post=1054705"},{"taxonomy":"post_tag","embeddable":true,"href":"https:\/\/www.eldigitaldeasturias.com\/noticias\/wp-json\/wp\/v2\/tags?post=1054705"}],"curies":[{"name":"wp","href":"https:\/\/api.w.org\/{rel}","templated":true}]}}