{"id":1054357,"date":"2020-01-15T21:40:29","date_gmt":"2020-01-15T21:40:29","guid":{"rendered":"https:\/\/www.eldigitaldeasturias.com\/noticias\/?p=1054357"},"modified":"2020-01-15T21:41:36","modified_gmt":"2020-01-15T21:41:36","slug":"las-propuestas-de-asturias-en-fitur-2020","status":"publish","type":"post","link":"https:\/\/www.eldigitaldeasturias.com\/noticias\/las-propuestas-de-asturias-en-fitur-2020\/","title":{"rendered":"Las propuestas de Asturias en Fitur 2020"},"content":{"rendered":"<p><img loading=\"lazy\" decoding=\"async\" class=\"alignleft size-medium wp-image-1054358\" src=\"https:\/\/www.eldigitaldeasturias.com\/noticias\/wp-content\/uploads\/2020\/01\/Asturias-Fitur-2020-360x244.jpg\" alt=\"\" width=\"360\" height=\"244\" srcset=\"https:\/\/www.eldigitaldeasturias.com\/noticias\/wp-content\/uploads\/2020\/01\/Asturias-Fitur-2020-360x244.jpg 360w, https:\/\/www.eldigitaldeasturias.com\/noticias\/wp-content\/uploads\/2020\/01\/Asturias-Fitur-2020-690x468.jpg 690w, https:\/\/www.eldigitaldeasturias.com\/noticias\/wp-content\/uploads\/2020\/01\/Asturias-Fitur-2020-442x300.jpg 442w, https:\/\/www.eldigitaldeasturias.com\/noticias\/wp-content\/uploads\/2020\/01\/Asturias-Fitur-2020-768x521.jpg 768w, https:\/\/www.eldigitaldeasturias.com\/noticias\/wp-content\/uploads\/2020\/01\/Asturias-Fitur-2020-1024x695.jpg 1024w, https:\/\/www.eldigitaldeasturias.com\/noticias\/wp-content\/uploads\/2020\/01\/Asturias-Fitur-2020.jpg 1086w\" sizes=\"auto, (max-width: 360px) 100vw, 360px\" \/>Los itinerarios asturianos del Camino de Santiago constituyen el elemento central del estand con que el Gobierno del Principado acude a la n<strong>ueva edici\u00f3n de la Feria Internacional de Turismo (Fitur) 2020<\/strong>, que se celebra en Madrid del 22 al 26 de este mes. La comunidad anticipa de este modo la celebraci\u00f3n del Xacobeo 2021 con el objetivo de afrontar esa cita con las mejores espectativas.<\/p>\n<p>La viceconsejera de Turismo, Graciela Blanco, ha facilitado hoy estos datos en la presentaci\u00f3n de los aspectos centrales del pabell\u00f3n que Asturias llevar\u00e1 a Fitur. El estand, que ocupa 692 metros cuadrados, estrena un dise\u00f1o que logra la m\u00e1xima eficiencia de los espacios e integra referencias de la regi\u00f3n a trav\u00e9s de juegos entre el verde del paisaje y las l\u00edneas arquitect\u00f3nicas de edificaciones contempor\u00e1neas, siempre bajo la l\u00ednea creativa de la campa\u00f1a <strong>Vuelve al Para\u00edso<\/strong>.<\/p>\n<p>Uno de los principales aspectos de la participaci\u00f3n del Principado en Fitur es la apuesta por la sostenibilidad medioambiental, consecuente con los valores que representa Asturias como Para\u00edso Natural. Para ello, se ha reducido el impacto ecol\u00f3gico con el uso intensivo de materiales sostenibles en la construcci\u00f3n y la decoraci\u00f3n del pabll\u00f3n, la presencia de materiales reciclados en el menaje y la eliminaci\u00f3n de pl\u00e1sticos de un solo uso, adem\u00e1s de utilizar materiales rciclables como soporte de las publicaciones tur\u00edsticas del Principado.<\/p>\n<p>El protagonismo del Camino del Santiago se extiende a la mayor\u00eda de las cuarenta presentaciones de proyectos, iniciativas y eventos impulsados por promotores tanto p\u00fablicos como privados que se celebrar\u00e1n. Entre ellos destaca la firma de distintos acuerdos alcanzados por parte de la Consejer\u00eda de Cultura, Pol\u00edtica Lling\u00fc\u00edstica y Turismo con varias entidades para la promoci\u00f3n tur\u00edstica de Asturias directamente relacionadas con el Camino de Santiago.<\/p>\n<p>La comunidad tambi\u00e9n estar\u00e1 presente en algunos de los espacios tem\u00e1ticos que se celebran de forma paralela como Fitur Screen, a trav\u00e9s de la Asturias Para\u00edso Natural Film Commission; en Fitur MICE, destinado al turismo de negocios y reuniones, y en el foro B2B para la contrataci\u00f3n especializada en el \u00e1mbito internacional<\/p>\n<h3>Actividades durante el fin de semana<\/h3>\n<p>Tras los d\u00edas dedicados a los profesionales del sector, Fitur abrir\u00e1 sus puertas al p\u00fablico general durante el fin de semana, cuando el pabell\u00f3n asturiano ofrecer\u00e1 distintas actividades de animaci\u00f3n, entre ellas, una reuni\u00f3n de blogueros seleccionados y acreditados en Fitur 2020, un Trivial sobre el Camino de Santiago en Asturias, el juego Peregrinaje al Para\u00edso basado en el cascayu, y un photocall tematizado sobre el Camino de Santiago.<\/p>\n<p>Tambi\u00e9n se han organizado demostraciones de escanciado y desgustaciones y talleres en torno a la sidra natural y los quesos Cabrales y Cas\u00edn, productos amparados por sus respectivas Denominaciones de Origen Protegida.<\/p>\n<p>&nbsp;<\/p>\n","protected":false},"excerpt":{"rendered":"<p>Los itinerarios asturianos del Camino de Santiago constituyen el elemento central del estand con que el Gobierno del Principado acude a la nueva edici\u00f3n de la Feria Internacional de Turismo (Fitur) 2020, que se celebra en Madrid del 22 al 26 de este mes. La comunidad anticipa de este modo la celebraci\u00f3n del Xacobeo 2021 [&hellip;]<\/p>\n","protected":false},"author":1,"featured_media":1054358,"comment_status":"closed","ping_status":"closed","sticky":false,"template":"","format":"standard","meta":{"footnotes":""},"categories":[141,148],"tags":[],"class_list":["post-1054357","post","type-post","status-publish","format-standard","has-post-thumbnail","hentry","category-destacadas","category-turismo"],"aioseo_notices":[],"aioseo_head":"\n\t\t<!-- All in One SEO Pro 4.9.6.2 - aioseo.com -->\n\t<meta name=\"description\" content=\"Los itinerarios asturianos del Camino de Santiago constituyen el elemento central del estand con que el Gobierno del Principado acude a la nueva edici\u00f3n de la Feria Internacional de Turismo (Fitur) 2020, que se celebra en Madrid del 22 al 26 de este mes. La comunidad anticipa de este modo la celebraci\u00f3n del Xacobeo 2021\" \/>\n\t<meta name=\"robots\" content=\"max-image-preview:large\" \/>\n\t<meta name=\"author\" content=\"El Digital de Asturias\"\/>\n\t<meta name=\"google-site-verification\" content=\"UA-38556648-1\" \/>\n\t<meta name=\"msvalidate.01\" content=\"7dfe9f3f1b24437ab69f4f2559babe99\" \/>\n\t<meta name=\"keywords\" content=\"destacadas,turismo\" \/>\n\t<link rel=\"canonical\" href=\"https:\/\/www.eldigitaldeasturias.com\/noticias\/las-propuestas-de-asturias-en-fitur-2020\/\" \/>\n\t<meta name=\"generator\" content=\"All in One SEO Pro (AIOSEO) 4.9.6.2\" \/>\n\t\t<meta property=\"og:locale\" content=\"es_ES\" \/>\n\t\t<meta property=\"og:site_name\" content=\"El Digital de Asturias\" \/>\n\t\t<meta property=\"og:type\" content=\"article\" \/>\n\t\t<meta property=\"og:title\" content=\"Las propuestas de Asturias en Fitur 2020 - El Digital de Asturias\" \/>\n\t\t<meta property=\"og:description\" content=\"Los itinerarios asturianos del Camino de Santiago constituyen el elemento central del estand con que el Gobierno del Principado acude a la nueva edici\u00f3n de la Feria Internacional de Turismo (Fitur) 2020, que se celebra en Madrid del 22 al 26 de este mes. La comunidad anticipa de este modo la celebraci\u00f3n del Xacobeo 2021\" \/>\n\t\t<meta property=\"og:url\" content=\"https:\/\/www.eldigitaldeasturias.com\/noticias\/las-propuestas-de-asturias-en-fitur-2020\/\" \/>\n\t\t<meta property=\"og:image\" content=\"https:\/\/www.eldigitaldeasturias.com\/noticias\/wp-content\/uploads\/2020\/01\/Asturias-Fitur-2020.jpg\" \/>\n\t\t<meta property=\"og:image:secure_url\" content=\"https:\/\/www.eldigitaldeasturias.com\/noticias\/wp-content\/uploads\/2020\/01\/Asturias-Fitur-2020.jpg\" \/>\n\t\t<meta property=\"og:image:width\" content=\"1086\" \/>\n\t\t<meta property=\"og:image:height\" content=\"737\" \/>\n\t\t<meta property=\"article:tag\" content=\"destacadas\" \/>\n\t\t<meta property=\"article:tag\" content=\"turismo\" \/>\n\t\t<meta property=\"article:published_time\" content=\"2020-01-15T21:40:29+00:00\" \/>\n\t\t<meta property=\"article:modified_time\" content=\"2020-01-15T21:41:36+00:00\" \/>\n\t\t<meta property=\"article:publisher\" content=\"https:\/\/facebook.com\/eldigitaldeasturias\" \/>\n\t\t<meta name=\"twitter:card\" content=\"summary_large_image\" \/>\n\t\t<meta name=\"twitter:title\" content=\"Las propuestas de Asturias en Fitur 2020 - El Digital de Asturias\" \/>\n\t\t<meta name=\"twitter:description\" content=\"Los itinerarios asturianos del Camino de Santiago constituyen el elemento central del estand con que el Gobierno del Principado acude a la nueva edici\u00f3n de la Feria Internacional de Turismo (Fitur) 2020, que se celebra en Madrid del 22 al 26 de este mes. La comunidad anticipa de este modo la celebraci\u00f3n del Xacobeo 2021\" \/>\n\t\t<meta name=\"twitter:image\" content=\"https:\/\/www.eldigitaldeasturias.com\/noticias\/wp-content\/uploads\/2020\/01\/Asturias-Fitur-2020.jpg\" \/>\n\t\t<meta name=\"twitter:label1\" content=\"Escrito por\" \/>\n\t\t<meta name=\"twitter:data1\" content=\"El Digital de Asturias\" \/>\n\t\t<meta name=\"twitter:label2\" content=\"Tiempo de lectura estimado\" \/>\n\t\t<meta name=\"twitter:data2\" content=\"2 minutos\" \/>\n\t\t<script type=\"application\/ld+json\" class=\"aioseo-schema\">\n\t\t\t{\"@context\":\"https:\\\/\\\/schema.org\",\"@graph\":[{\"@type\":\"BlogPosting\",\"@id\":\"https:\\\/\\\/www.eldigitaldeasturias.com\\\/noticias\\\/las-propuestas-de-asturias-en-fitur-2020\\\/#blogposting\",\"name\":\"Las propuestas de Asturias en Fitur 2020 - El Digital de Asturias\",\"headline\":\"Las propuestas de Asturias en Fitur 2020\",\"author\":{\"@id\":\"https:\\\/\\\/www.eldigitaldeasturias.com\\\/noticias\\\/author\\\/admin\\\/#author\"},\"publisher\":{\"@id\":\"https:\\\/\\\/www.eldigitaldeasturias.com\\\/noticias\\\/#organization\"},\"image\":{\"@type\":\"ImageObject\",\"url\":\"https:\\\/\\\/www.eldigitaldeasturias.com\\\/noticias\\\/wp-content\\\/uploads\\\/2020\\\/01\\\/Asturias-Fitur-2020.jpg\",\"width\":1086,\"height\":737},\"datePublished\":\"2020-01-15T21:40:29+01:00\",\"dateModified\":\"2020-01-15T21:41:36+01:00\",\"inLanguage\":\"es-ES\",\"mainEntityOfPage\":{\"@id\":\"https:\\\/\\\/www.eldigitaldeasturias.com\\\/noticias\\\/las-propuestas-de-asturias-en-fitur-2020\\\/#webpage\"},\"isPartOf\":{\"@id\":\"https:\\\/\\\/www.eldigitaldeasturias.com\\\/noticias\\\/las-propuestas-de-asturias-en-fitur-2020\\\/#webpage\"},\"articleSection\":\"Destacadas, Turismo\"},{\"@type\":\"BreadcrumbList\",\"@id\":\"https:\\\/\\\/www.eldigitaldeasturias.com\\\/noticias\\\/las-propuestas-de-asturias-en-fitur-2020\\\/#breadcrumblist\",\"itemListElement\":[{\"@type\":\"ListItem\",\"@id\":\"https:\\\/\\\/www.eldigitaldeasturias.com\\\/noticias#listItem\",\"position\":1,\"name\":\"Home\",\"item\":\"https:\\\/\\\/www.eldigitaldeasturias.com\\\/noticias\",\"nextItem\":{\"@type\":\"ListItem\",\"@id\":\"https:\\\/\\\/www.eldigitaldeasturias.com\\\/noticias\\\/category\\\/destacadas\\\/#listItem\",\"name\":\"Destacadas\"}},{\"@type\":\"ListItem\",\"@id\":\"https:\\\/\\\/www.eldigitaldeasturias.com\\\/noticias\\\/category\\\/destacadas\\\/#listItem\",\"position\":2,\"name\":\"Destacadas\",\"item\":\"https:\\\/\\\/www.eldigitaldeasturias.com\\\/noticias\\\/category\\\/destacadas\\\/\",\"nextItem\":{\"@type\":\"ListItem\",\"@id\":\"https:\\\/\\\/www.eldigitaldeasturias.com\\\/noticias\\\/las-propuestas-de-asturias-en-fitur-2020\\\/#listItem\",\"name\":\"Las propuestas de Asturias en Fitur 2020\"},\"previousItem\":{\"@type\":\"ListItem\",\"@id\":\"https:\\\/\\\/www.eldigitaldeasturias.com\\\/noticias#listItem\",\"name\":\"Home\"}},{\"@type\":\"ListItem\",\"@id\":\"https:\\\/\\\/www.eldigitaldeasturias.com\\\/noticias\\\/las-propuestas-de-asturias-en-fitur-2020\\\/#listItem\",\"position\":3,\"name\":\"Las propuestas de Asturias en Fitur 2020\",\"previousItem\":{\"@type\":\"ListItem\",\"@id\":\"https:\\\/\\\/www.eldigitaldeasturias.com\\\/noticias\\\/category\\\/destacadas\\\/#listItem\",\"name\":\"Destacadas\"}}]},{\"@type\":\"Organization\",\"@id\":\"https:\\\/\\\/www.eldigitaldeasturias.com\\\/noticias\\\/#organization\",\"name\":\"El Digital de Asturias\",\"description\":\"Hemeroteca\",\"url\":\"https:\\\/\\\/www.eldigitaldeasturias.com\\\/noticias\\\/\",\"email\":\"info@eldigitaldeasturias.com\",\"telephone\":\"+34652131393\",\"logo\":{\"@type\":\"ImageObject\",\"url\":\"https:\\\/\\\/www.eldigitaldeasturias.com\\\/noticias\\\/wp-content\\\/uploads\\\/2020\\\/12\\\/EDA.jpg\",\"@id\":\"https:\\\/\\\/www.eldigitaldeasturias.com\\\/noticias\\\/las-propuestas-de-asturias-en-fitur-2020\\\/#organizationLogo\",\"width\":649,\"height\":297},\"image\":{\"@id\":\"https:\\\/\\\/www.eldigitaldeasturias.com\\\/noticias\\\/las-propuestas-de-asturias-en-fitur-2020\\\/#organizationLogo\"},\"sameAs\":[\"https:\\\/\\\/facebook.com\\\/eldigitaldeasturias\",\"https:\\\/\\\/www.youtube.com\\\/channel\\\/UCZP-2wLEB9Rv6erhFmqVnvg\"],\"address\":{\"@id\":\"https:\\\/\\\/www.eldigitaldeasturias.com\\\/noticias\\\/#postaladdress\",\"@type\":\"PostalAddress\",\"streetAddress\":\"san antonio 4,\",\"postalCode\":\"33430\",\"addressLocality\":\"Cand\\u00e1s\",\"addressRegion\":\"Asturias\",\"addressCountry\":\"ES\"}},{\"@type\":\"Person\",\"@id\":\"https:\\\/\\\/www.eldigitaldeasturias.com\\\/noticias\\\/author\\\/admin\\\/#author\",\"url\":\"https:\\\/\\\/www.eldigitaldeasturias.com\\\/noticias\\\/author\\\/admin\\\/\",\"name\":\"El Digital de Asturias\",\"image\":{\"@type\":\"ImageObject\",\"@id\":\"https:\\\/\\\/www.eldigitaldeasturias.com\\\/noticias\\\/las-propuestas-de-asturias-en-fitur-2020\\\/#authorImage\",\"url\":\"https:\\\/\\\/www.eldigitaldeasturias.com\\\/noticias\\\/wp-content\\\/litespeed\\\/avatar\\\/18677e78aa0546b92d9dbf31ec7d7668.jpg?ver=1777290358\",\"width\":96,\"height\":96,\"caption\":\"El Digital de Asturias\"}},{\"@type\":\"WebPage\",\"@id\":\"https:\\\/\\\/www.eldigitaldeasturias.com\\\/noticias\\\/las-propuestas-de-asturias-en-fitur-2020\\\/#webpage\",\"url\":\"https:\\\/\\\/www.eldigitaldeasturias.com\\\/noticias\\\/las-propuestas-de-asturias-en-fitur-2020\\\/\",\"name\":\"Las propuestas de Asturias en Fitur 2020 - El Digital de Asturias\",\"description\":\"Los itinerarios asturianos del Camino de Santiago constituyen el elemento central del estand con que el Gobierno del Principado acude a la nueva edici\\u00f3n de la Feria Internacional de Turismo (Fitur) 2020, que se celebra en Madrid del 22 al 26 de este mes. La comunidad anticipa de este modo la celebraci\\u00f3n del Xacobeo 2021\",\"inLanguage\":\"es-ES\",\"isPartOf\":{\"@id\":\"https:\\\/\\\/www.eldigitaldeasturias.com\\\/noticias\\\/#website\"},\"breadcrumb\":{\"@id\":\"https:\\\/\\\/www.eldigitaldeasturias.com\\\/noticias\\\/las-propuestas-de-asturias-en-fitur-2020\\\/#breadcrumblist\"},\"author\":{\"@id\":\"https:\\\/\\\/www.eldigitaldeasturias.com\\\/noticias\\\/author\\\/admin\\\/#author\"},\"creator\":{\"@id\":\"https:\\\/\\\/www.eldigitaldeasturias.com\\\/noticias\\\/author\\\/admin\\\/#author\"},\"image\":{\"@type\":\"ImageObject\",\"url\":\"https:\\\/\\\/www.eldigitaldeasturias.com\\\/noticias\\\/wp-content\\\/uploads\\\/2020\\\/01\\\/Asturias-Fitur-2020.jpg\",\"@id\":\"https:\\\/\\\/www.eldigitaldeasturias.com\\\/noticias\\\/las-propuestas-de-asturias-en-fitur-2020\\\/#mainImage\",\"width\":1086,\"height\":737},\"primaryImageOfPage\":{\"@id\":\"https:\\\/\\\/www.eldigitaldeasturias.com\\\/noticias\\\/las-propuestas-de-asturias-en-fitur-2020\\\/#mainImage\"},\"datePublished\":\"2020-01-15T21:40:29+01:00\",\"dateModified\":\"2020-01-15T21:41:36+01:00\"},{\"@type\":\"WebSite\",\"@id\":\"https:\\\/\\\/www.eldigitaldeasturias.com\\\/noticias\\\/#website\",\"url\":\"https:\\\/\\\/www.eldigitaldeasturias.com\\\/noticias\\\/\",\"name\":\"El Digital de Asturias - Diario de actualidad y noticias\",\"alternateName\":\"El Digital de Asturias - Diario de actualidad y noticias\",\"description\":\"Hemeroteca\",\"inLanguage\":\"es-ES\",\"publisher\":{\"@id\":\"https:\\\/\\\/www.eldigitaldeasturias.com\\\/noticias\\\/#organization\"}}]}\n\t\t<\/script>\n\t\t<!-- All in One SEO Pro -->\r\n\t\t<title>Las propuestas de Asturias en Fitur 2020 - El Digital de Asturias<\/title>\n\n","aioseo_head_json":{"title":"Las propuestas de Asturias en Fitur 2020 - El Digital de Asturias","description":"Los itinerarios asturianos del Camino de Santiago constituyen el elemento central del estand con que el Gobierno del Principado acude a la nueva edici\u00f3n de la Feria Internacional de Turismo (Fitur) 2020, que se celebra en Madrid del 22 al 26 de este mes. La comunidad anticipa de este modo la celebraci\u00f3n del Xacobeo 2021","canonical_url":"https:\/\/www.eldigitaldeasturias.com\/noticias\/las-propuestas-de-asturias-en-fitur-2020\/","robots":"max-image-preview:large","keywords":"destacadas,turismo","webmasterTools":{"google-site-verification":"UA-38556648-1","msvalidate.01":"7dfe9f3f1b24437ab69f4f2559babe99","miscellaneous":""},"schema":{"@context":"https:\/\/schema.org","@graph":[{"@type":"BlogPosting","@id":"https:\/\/www.eldigitaldeasturias.com\/noticias\/las-propuestas-de-asturias-en-fitur-2020\/#blogposting","name":"Las propuestas de Asturias en Fitur 2020 - El Digital de Asturias","headline":"Las propuestas de Asturias en Fitur 2020","author":{"@id":"https:\/\/www.eldigitaldeasturias.com\/noticias\/author\/admin\/#author"},"publisher":{"@id":"https:\/\/www.eldigitaldeasturias.com\/noticias\/#organization"},"image":{"@type":"ImageObject","url":"https:\/\/www.eldigitaldeasturias.com\/noticias\/wp-content\/uploads\/2020\/01\/Asturias-Fitur-2020.jpg","width":1086,"height":737},"datePublished":"2020-01-15T21:40:29+01:00","dateModified":"2020-01-15T21:41:36+01:00","inLanguage":"es-ES","mainEntityOfPage":{"@id":"https:\/\/www.eldigitaldeasturias.com\/noticias\/las-propuestas-de-asturias-en-fitur-2020\/#webpage"},"isPartOf":{"@id":"https:\/\/www.eldigitaldeasturias.com\/noticias\/las-propuestas-de-asturias-en-fitur-2020\/#webpage"},"articleSection":"Destacadas, Turismo"},{"@type":"BreadcrumbList","@id":"https:\/\/www.eldigitaldeasturias.com\/noticias\/las-propuestas-de-asturias-en-fitur-2020\/#breadcrumblist","itemListElement":[{"@type":"ListItem","@id":"https:\/\/www.eldigitaldeasturias.com\/noticias#listItem","position":1,"name":"Home","item":"https:\/\/www.eldigitaldeasturias.com\/noticias","nextItem":{"@type":"ListItem","@id":"https:\/\/www.eldigitaldeasturias.com\/noticias\/category\/destacadas\/#listItem","name":"Destacadas"}},{"@type":"ListItem","@id":"https:\/\/www.eldigitaldeasturias.com\/noticias\/category\/destacadas\/#listItem","position":2,"name":"Destacadas","item":"https:\/\/www.eldigitaldeasturias.com\/noticias\/category\/destacadas\/","nextItem":{"@type":"ListItem","@id":"https:\/\/www.eldigitaldeasturias.com\/noticias\/las-propuestas-de-asturias-en-fitur-2020\/#listItem","name":"Las propuestas de Asturias en Fitur 2020"},"previousItem":{"@type":"ListItem","@id":"https:\/\/www.eldigitaldeasturias.com\/noticias#listItem","name":"Home"}},{"@type":"ListItem","@id":"https:\/\/www.eldigitaldeasturias.com\/noticias\/las-propuestas-de-asturias-en-fitur-2020\/#listItem","position":3,"name":"Las propuestas de Asturias en Fitur 2020","previousItem":{"@type":"ListItem","@id":"https:\/\/www.eldigitaldeasturias.com\/noticias\/category\/destacadas\/#listItem","name":"Destacadas"}}]},{"@type":"Organization","@id":"https:\/\/www.eldigitaldeasturias.com\/noticias\/#organization","name":"El Digital de Asturias","description":"Hemeroteca","url":"https:\/\/www.eldigitaldeasturias.com\/noticias\/","email":"info@eldigitaldeasturias.com","telephone":"+34652131393","logo":{"@type":"ImageObject","url":"https:\/\/www.eldigitaldeasturias.com\/noticias\/wp-content\/uploads\/2020\/12\/EDA.jpg","@id":"https:\/\/www.eldigitaldeasturias.com\/noticias\/las-propuestas-de-asturias-en-fitur-2020\/#organizationLogo","width":649,"height":297},"image":{"@id":"https:\/\/www.eldigitaldeasturias.com\/noticias\/las-propuestas-de-asturias-en-fitur-2020\/#organizationLogo"},"sameAs":["https:\/\/facebook.com\/eldigitaldeasturias","https:\/\/www.youtube.com\/channel\/UCZP-2wLEB9Rv6erhFmqVnvg"],"address":{"@id":"https:\/\/www.eldigitaldeasturias.com\/noticias\/#postaladdress","@type":"PostalAddress","streetAddress":"san antonio 4,","postalCode":"33430","addressLocality":"Cand\u00e1s","addressRegion":"Asturias","addressCountry":"ES"}},{"@type":"Person","@id":"https:\/\/www.eldigitaldeasturias.com\/noticias\/author\/admin\/#author","url":"https:\/\/www.eldigitaldeasturias.com\/noticias\/author\/admin\/","name":"El Digital de Asturias","image":{"@type":"ImageObject","@id":"https:\/\/www.eldigitaldeasturias.com\/noticias\/las-propuestas-de-asturias-en-fitur-2020\/#authorImage","url":"https:\/\/www.eldigitaldeasturias.com\/noticias\/wp-content\/litespeed\/avatar\/18677e78aa0546b92d9dbf31ec7d7668.jpg?ver=1777290358","width":96,"height":96,"caption":"El Digital de Asturias"}},{"@type":"WebPage","@id":"https:\/\/www.eldigitaldeasturias.com\/noticias\/las-propuestas-de-asturias-en-fitur-2020\/#webpage","url":"https:\/\/www.eldigitaldeasturias.com\/noticias\/las-propuestas-de-asturias-en-fitur-2020\/","name":"Las propuestas de Asturias en Fitur 2020 - El Digital de Asturias","description":"Los itinerarios asturianos del Camino de Santiago constituyen el elemento central del estand con que el Gobierno del Principado acude a la nueva edici\u00f3n de la Feria Internacional de Turismo (Fitur) 2020, que se celebra en Madrid del 22 al 26 de este mes. La comunidad anticipa de este modo la celebraci\u00f3n del Xacobeo 2021","inLanguage":"es-ES","isPartOf":{"@id":"https:\/\/www.eldigitaldeasturias.com\/noticias\/#website"},"breadcrumb":{"@id":"https:\/\/www.eldigitaldeasturias.com\/noticias\/las-propuestas-de-asturias-en-fitur-2020\/#breadcrumblist"},"author":{"@id":"https:\/\/www.eldigitaldeasturias.com\/noticias\/author\/admin\/#author"},"creator":{"@id":"https:\/\/www.eldigitaldeasturias.com\/noticias\/author\/admin\/#author"},"image":{"@type":"ImageObject","url":"https:\/\/www.eldigitaldeasturias.com\/noticias\/wp-content\/uploads\/2020\/01\/Asturias-Fitur-2020.jpg","@id":"https:\/\/www.eldigitaldeasturias.com\/noticias\/las-propuestas-de-asturias-en-fitur-2020\/#mainImage","width":1086,"height":737},"primaryImageOfPage":{"@id":"https:\/\/www.eldigitaldeasturias.com\/noticias\/las-propuestas-de-asturias-en-fitur-2020\/#mainImage"},"datePublished":"2020-01-15T21:40:29+01:00","dateModified":"2020-01-15T21:41:36+01:00"},{"@type":"WebSite","@id":"https:\/\/www.eldigitaldeasturias.com\/noticias\/#website","url":"https:\/\/www.eldigitaldeasturias.com\/noticias\/","name":"El Digital de Asturias - Diario de actualidad y noticias","alternateName":"El Digital de Asturias - Diario de actualidad y noticias","description":"Hemeroteca","inLanguage":"es-ES","publisher":{"@id":"https:\/\/www.eldigitaldeasturias.com\/noticias\/#organization"}}]},"og:locale":"es_ES","og:site_name":"El Digital de Asturias","og:type":"article","og:title":"Las propuestas de Asturias en Fitur 2020 - El Digital de Asturias","og:description":"Los itinerarios asturianos del Camino de Santiago constituyen el elemento central del estand con que el Gobierno del Principado acude a la nueva edici\u00f3n de la Feria Internacional de Turismo (Fitur) 2020, que se celebra en Madrid del 22 al 26 de este mes. La comunidad anticipa de este modo la celebraci\u00f3n del Xacobeo 2021","og:url":"https:\/\/www.eldigitaldeasturias.com\/noticias\/las-propuestas-de-asturias-en-fitur-2020\/","og:image":"https:\/\/www.eldigitaldeasturias.com\/noticias\/wp-content\/uploads\/2020\/01\/Asturias-Fitur-2020.jpg","og:image:secure_url":"https:\/\/www.eldigitaldeasturias.com\/noticias\/wp-content\/uploads\/2020\/01\/Asturias-Fitur-2020.jpg","og:image:width":1086,"og:image:height":737,"article:tag":["destacadas","turismo"],"article:published_time":"2020-01-15T21:40:29+00:00","article:modified_time":"2020-01-15T21:41:36+00:00","article:publisher":"https:\/\/facebook.com\/eldigitaldeasturias","twitter:card":"summary_large_image","twitter:title":"Las propuestas de Asturias en Fitur 2020 - El Digital de Asturias","twitter:description":"Los itinerarios asturianos del Camino de Santiago constituyen el elemento central del estand con que el Gobierno del Principado acude a la nueva edici\u00f3n de la Feria Internacional de Turismo (Fitur) 2020, que se celebra en Madrid del 22 al 26 de este mes. La comunidad anticipa de este modo la celebraci\u00f3n del Xacobeo 2021","twitter:image":"https:\/\/www.eldigitaldeasturias.com\/noticias\/wp-content\/uploads\/2020\/01\/Asturias-Fitur-2020.jpg","twitter:label1":"Escrito por","twitter:data1":"El Digital de Asturias","twitter:label2":"Tiempo de lectura estimado","twitter:data2":"2 minutos"},"aioseo_meta_data":{"post_id":"1054357","title":null,"description":null,"keywords":null,"keyphrases":null,"primary_term":null,"canonical_url":null,"og_title":null,"og_description":null,"og_object_type":"default","og_image_type":"default","og_image_url":null,"og_image_width":null,"og_image_height":null,"og_image_custom_url":null,"og_image_custom_fields":null,"og_video":null,"og_custom_url":null,"og_article_section":null,"og_article_tags":null,"twitter_use_og":false,"twitter_card":"default","twitter_image_type":"default","twitter_image_url":null,"twitter_image_custom_url":null,"twitter_image_custom_fields":null,"twitter_title":null,"twitter_description":null,"schema":{"blockGraphs":[],"customGraphs":[],"default":{"data":{"Article":[],"Course":[],"Dataset":[],"FAQPage":[],"Movie":[],"Person":[],"Product":[],"ProductReview":[],"Car":[],"Recipe":[],"Service":[],"SoftwareApplication":[],"WebPage":[]},"graphName":"","isEnabled":true},"graphs":[],"defaultGraph":"","defaultPostTypeGraph":""},"schema_type":null,"schema_type_options":null,"pillar_content":false,"robots_default":true,"robots_noindex":false,"robots_noarchive":false,"robots_nosnippet":false,"robots_nofollow":false,"robots_noimageindex":false,"robots_noodp":false,"robots_notranslate":false,"robots_max_snippet":null,"robots_max_videopreview":null,"robots_max_imagepreview":"large","priority":null,"frequency":null,"local_seo":null,"seo_analyzer_scan_date":"2025-10-30 15:27:15","breadcrumb_settings":null,"limit_modified_date":false,"open_ai":null,"ai":null,"created":"2020-12-21 10:55:33","updated":"2025-10-30 15:27:15"},"aioseo_breadcrumb":"<div class=\"aioseo-breadcrumbs\"><span class=\"aioseo-breadcrumb\">\n\t<a href=\"https:\/\/www.eldigitaldeasturias.com\/noticias\" title=\"Home\">Home<\/a>\n<\/span><span class=\"aioseo-breadcrumb-separator\">\u2013<\/span><span class=\"aioseo-breadcrumb\">\n\t<a href=\"https:\/\/www.eldigitaldeasturias.com\/noticias\/category\/destacadas\/\" title=\"Destacadas\">Destacadas<\/a>\n<\/span><span class=\"aioseo-breadcrumb-separator\">\u2013<\/span><span class=\"aioseo-breadcrumb\">\n\t<a href=\"https:\/\/www.eldigitaldeasturias.com\/noticias\/las-propuestas-de-asturias-en-fitur-2020\/\" title=\"Las propuestas de Asturias en Fitur 2020\">Las propuestas de Asturias en Fitur 2020<\/a>\n<\/span><\/div>","aioseo_breadcrumb_json":[{"label":"Home","link":"https:\/\/www.eldigitaldeasturias.com\/noticias"},{"label":"Destacadas","link":"https:\/\/www.eldigitaldeasturias.com\/noticias\/category\/destacadas\/"},{"label":"Las propuestas de Asturias en Fitur 2020","link":"https:\/\/www.eldigitaldeasturias.com\/noticias\/las-propuestas-de-asturias-en-fitur-2020\/"}],"_links":{"self":[{"href":"https:\/\/www.eldigitaldeasturias.com\/noticias\/wp-json\/wp\/v2\/posts\/1054357","targetHints":{"allow":["GET"]}}],"collection":[{"href":"https:\/\/www.eldigitaldeasturias.com\/noticias\/wp-json\/wp\/v2\/posts"}],"about":[{"href":"https:\/\/www.eldigitaldeasturias.com\/noticias\/wp-json\/wp\/v2\/types\/post"}],"author":[{"embeddable":true,"href":"https:\/\/www.eldigitaldeasturias.com\/noticias\/wp-json\/wp\/v2\/users\/1"}],"replies":[{"embeddable":true,"href":"https:\/\/www.eldigitaldeasturias.com\/noticias\/wp-json\/wp\/v2\/comments?post=1054357"}],"version-history":[{"count":0,"href":"https:\/\/www.eldigitaldeasturias.com\/noticias\/wp-json\/wp\/v2\/posts\/1054357\/revisions"}],"wp:featuredmedia":[{"embeddable":true,"href":"https:\/\/www.eldigitaldeasturias.com\/noticias\/wp-json\/wp\/v2\/media\/1054358"}],"wp:attachment":[{"href":"https:\/\/www.eldigitaldeasturias.com\/noticias\/wp-json\/wp\/v2\/media?parent=1054357"}],"wp:term":[{"taxonomy":"category","embeddable":true,"href":"https:\/\/www.eldigitaldeasturias.com\/noticias\/wp-json\/wp\/v2\/categories?post=1054357"},{"taxonomy":"post_tag","embeddable":true,"href":"https:\/\/www.eldigitaldeasturias.com\/noticias\/wp-json\/wp\/v2\/tags?post=1054357"}],"curies":[{"name":"wp","href":"https:\/\/api.w.org\/{rel}","templated":true}]}}