{"id":1053733,"date":"2020-01-11T10:04:30","date_gmt":"2020-01-11T10:04:30","guid":{"rendered":"https:\/\/www.eldigitaldeasturias.com\/noticias\/?p=1053733"},"modified":"2020-01-11T10:04:30","modified_gmt":"2020-01-11T10:04:30","slug":"poniendo-en-valor-la-espana-verde","status":"publish","type":"post","link":"https:\/\/www.eldigitaldeasturias.com\/noticias\/poniendo-en-valor-la-espana-verde\/","title":{"rendered":"Poniendo en valor la Espa\u00f1a verde"},"content":{"rendered":"<p><img loading=\"lazy\" decoding=\"async\" class=\"alignleft size-medium wp-image-1053734\" src=\"https:\/\/www.eldigitaldeasturias.com\/noticias\/wp-content\/uploads\/2020\/01\/picos-europa-IP-360x240.jpg\" alt=\"\" width=\"360\" height=\"240\" srcset=\"https:\/\/www.eldigitaldeasturias.com\/noticias\/wp-content\/uploads\/2020\/01\/picos-europa-IP-360x240.jpg 360w, https:\/\/www.eldigitaldeasturias.com\/noticias\/wp-content\/uploads\/2020\/01\/picos-europa-IP-451x300.jpg 451w, https:\/\/www.eldigitaldeasturias.com\/noticias\/wp-content\/uploads\/2020\/01\/picos-europa-IP.jpg 640w\" sizes=\"auto, (max-width: 360px) 100vw, 360px\" \/>Resulta complicado explicarle al resto del mundo que <strong>Espa\u00f1a es un pa\u00eds de contrastes y que existen grandes diferencias entre el norte y el sur, el este y el oeste<\/strong>, y si bien las 17 Comunidades Aut\u00f3nomas vienen a formar el pa\u00eds, lo cierto es que m\u00e1s all\u00e1 de las fronteras Espa\u00f1a es visto como un pa\u00eds de sol y playa, de eterna fiesta, de toros y paella, de sevillanas y flamenco.<\/p>\n<p>Pero existe otra Espa\u00f1a que se aleja bastante de los t\u00f3picos, una Espa\u00f1a en la que el verde de los bosques tiene tanta importancia como el azul del mar o del cielo, en la que <strong>fabes y cachopos<\/strong> son los platos estrella de una gastronom\u00eda que tiene mucho que ofrecer y muy poco de <strong>\u2018typicalSpanish\u2019<\/strong>.<\/p>\n<p>\u201cTodos los espa\u00f1oles saben que la franja cant\u00e1brica se diferencia por muchos motivos del resto de Espa\u00f1a. Sin embargo, esto que para nosotros es tan evidente no lo es tanto para los visitantes extranjeros y muchos se sorprenden enormemente al comprobarlo con sus propios ojos. No obstante, e independientemente de que se trate de visitantes for\u00e1neos o extranjeros, lo cierto es que para todos Asturias es un para\u00edso natural\u201d comentan desde<span style=\"color: #ff6600;\"><strong> <a style=\"color: #ff6600;\" href=\"https:\/\/www.axtur.com\/\" target=\"_blank\" rel=\"noopener noreferrer\">Axtur<\/a><\/strong><\/span>, dedicados al alquiler de casas rurales con jacuzzi en Asturias.<\/p>\n<p>Y es que, a pesar de que pocos lo sepan, Asturias cuenta con innumerables enclaves naturales, algunos de ellos reconocidos por la UNESCO como reservas de la biosfera, entre los que cabe mencionar:<\/p>\n<ul>\n<li>La Reserva Natural Integral de Muniellos, entre los concejos de Cangas de Narcea e Ibias.<\/li>\n<li>El Parque Natural de Somiedo, en el concejo hom\u00f3nimo.<\/li>\n<li>El Parque Natural de Redes, en Caso y Sobrescobio.<\/li>\n<li>El Parque Nacional de Picos de Europa, que se extiende adem\u00e1s por las comunidades de Cantabria y Castilla y Le\u00f3n.<\/li>\n<li>El Parque Natural de Las Ubi\u00f1as-La Mesa, en Lena, Quir\u00f3s y Teverga.<\/li>\n<li>El Parque Natural de las Fuentes del Narcea, Dega\u00f1a e Ibias, integrada en la Reserva Natural Integral de Muniellos.<\/li>\n<li>La del R\u00edo Eo, Oscos y Tierras de Bur\u00f3n, que se extiende adem\u00e1s por la provincia de Lugo.<\/li>\n<\/ul>\n<p>\u201cA la vista de lo anterior no cabe duda de que Asturias es un aut\u00e9ntico para\u00edso natural abierto a todos aquellos que deseen disfrutar de la naturaleza en estado puro. Los alojamientos rurales repartidos a lo largo y ancho de la comunidad garantizar\u00e1n que la experiencia sea \u00fanica, eso s\u00ed, estar en plena naturaleza no tiene porqu\u00e9 ser sin\u00f3nimo de carecer de los lujos de los que se dispone en la ciudad, por eso nosotros alquilamos casas rurales con jacuzzi. Disfrutar de un jacuzzi en un entorno id\u00edlico es sin duda una experiencia \u00fanica\u201d indican desde <strong>Axtur<\/strong>.<\/p>\n<p>&nbsp;<\/p>\n","protected":false},"excerpt":{"rendered":"<p>Resulta complicado explicarle al resto del mundo que Espa\u00f1a es un pa\u00eds de contrastes y que existen grandes diferencias entre el norte y el sur, el este y el oeste, y si bien las 17 Comunidades Aut\u00f3nomas vienen a formar el pa\u00eds, lo cierto es que m\u00e1s all\u00e1 de las fronteras Espa\u00f1a es visto como [&hellip;]<\/p>\n","protected":false},"author":1,"featured_media":1053734,"comment_status":"closed","ping_status":"closed","sticky":false,"template":"","format":"standard","meta":{"footnotes":""},"categories":[148],"tags":[],"class_list":["post-1053733","post","type-post","status-publish","format-standard","has-post-thumbnail","hentry","category-turismo"],"aioseo_notices":[],"aioseo_head":"\n\t\t<!-- All in One SEO Pro 4.9.6.2 - aioseo.com -->\n\t<meta name=\"description\" content=\"Resulta complicado explicarle al resto del mundo que Espa\u00f1a es un pa\u00eds de contrastes y que existen grandes diferencias entre el norte y el sur, el este y el oeste, y si bien las 17 Comunidades Aut\u00f3nomas vienen a formar el pa\u00eds, lo cierto es que m\u00e1s all\u00e1 de las fronteras Espa\u00f1a es visto como\" \/>\n\t<meta name=\"robots\" content=\"max-image-preview:large\" \/>\n\t<meta name=\"author\" content=\"El Digital de Asturias\"\/>\n\t<meta name=\"google-site-verification\" content=\"UA-38556648-1\" \/>\n\t<meta name=\"msvalidate.01\" content=\"7dfe9f3f1b24437ab69f4f2559babe99\" \/>\n\t<meta name=\"keywords\" content=\"turismo\" \/>\n\t<link rel=\"canonical\" href=\"https:\/\/www.eldigitaldeasturias.com\/noticias\/poniendo-en-valor-la-espana-verde\/\" \/>\n\t<meta name=\"generator\" content=\"All in One SEO Pro (AIOSEO) 4.9.6.2\" \/>\n\t\t<meta property=\"og:locale\" content=\"es_ES\" \/>\n\t\t<meta property=\"og:site_name\" content=\"El Digital de Asturias\" \/>\n\t\t<meta property=\"og:type\" content=\"article\" \/>\n\t\t<meta property=\"og:title\" content=\"Poniendo en valor la Espa\u00f1a verde - El Digital de Asturias\" \/>\n\t\t<meta property=\"og:description\" content=\"Resulta complicado explicarle al resto del mundo que Espa\u00f1a es un pa\u00eds de contrastes y que existen grandes diferencias entre el norte y el sur, el este y el oeste, y si bien las 17 Comunidades Aut\u00f3nomas vienen a formar el pa\u00eds, lo cierto es que m\u00e1s all\u00e1 de las fronteras Espa\u00f1a es visto como\" \/>\n\t\t<meta property=\"og:url\" content=\"https:\/\/www.eldigitaldeasturias.com\/noticias\/poniendo-en-valor-la-espana-verde\/\" \/>\n\t\t<meta property=\"og:image\" content=\"https:\/\/www.eldigitaldeasturias.com\/noticias\/wp-content\/uploads\/2020\/01\/picos-europa-IP.jpg\" \/>\n\t\t<meta property=\"og:image:secure_url\" content=\"https:\/\/www.eldigitaldeasturias.com\/noticias\/wp-content\/uploads\/2020\/01\/picos-europa-IP.jpg\" \/>\n\t\t<meta property=\"og:image:width\" content=\"640\" \/>\n\t\t<meta property=\"og:image:height\" content=\"426\" \/>\n\t\t<meta property=\"article:tag\" content=\"turismo\" \/>\n\t\t<meta property=\"article:published_time\" content=\"2020-01-11T10:04:30+00:00\" \/>\n\t\t<meta property=\"article:modified_time\" content=\"2020-01-11T10:04:30+00:00\" \/>\n\t\t<meta property=\"article:publisher\" content=\"https:\/\/facebook.com\/eldigitaldeasturias\" \/>\n\t\t<meta name=\"twitter:card\" content=\"summary_large_image\" \/>\n\t\t<meta name=\"twitter:title\" content=\"Poniendo en valor la Espa\u00f1a verde - El Digital de Asturias\" \/>\n\t\t<meta name=\"twitter:description\" content=\"Resulta complicado explicarle al resto del mundo que Espa\u00f1a es un pa\u00eds de contrastes y que existen grandes diferencias entre el norte y el sur, el este y el oeste, y si bien las 17 Comunidades Aut\u00f3nomas vienen a formar el pa\u00eds, lo cierto es que m\u00e1s all\u00e1 de las fronteras Espa\u00f1a es visto como\" \/>\n\t\t<meta name=\"twitter:image\" content=\"https:\/\/www.eldigitaldeasturias.com\/noticias\/wp-content\/uploads\/2020\/01\/picos-europa-IP.jpg\" \/>\n\t\t<meta name=\"twitter:label1\" content=\"Escrito por\" \/>\n\t\t<meta name=\"twitter:data1\" content=\"El Digital de Asturias\" \/>\n\t\t<meta name=\"twitter:label2\" content=\"Tiempo de lectura estimado\" \/>\n\t\t<meta name=\"twitter:data2\" content=\"2 minutos\" \/>\n\t\t<script type=\"application\/ld+json\" class=\"aioseo-schema\">\n\t\t\t{\"@context\":\"https:\\\/\\\/schema.org\",\"@graph\":[{\"@type\":\"BlogPosting\",\"@id\":\"https:\\\/\\\/www.eldigitaldeasturias.com\\\/noticias\\\/poniendo-en-valor-la-espana-verde\\\/#blogposting\",\"name\":\"Poniendo en valor la Espa\\u00f1a verde - El Digital de Asturias\",\"headline\":\"Poniendo en valor la Espa\\u00f1a verde\",\"author\":{\"@id\":\"https:\\\/\\\/www.eldigitaldeasturias.com\\\/noticias\\\/author\\\/admin\\\/#author\"},\"publisher\":{\"@id\":\"https:\\\/\\\/www.eldigitaldeasturias.com\\\/noticias\\\/#organization\"},\"image\":{\"@type\":\"ImageObject\",\"url\":\"https:\\\/\\\/www.eldigitaldeasturias.com\\\/noticias\\\/wp-content\\\/uploads\\\/2020\\\/01\\\/picos-europa-IP.jpg\",\"width\":640,\"height\":426},\"datePublished\":\"2020-01-11T10:04:30+01:00\",\"dateModified\":\"2020-01-11T10:04:30+01:00\",\"inLanguage\":\"es-ES\",\"mainEntityOfPage\":{\"@id\":\"https:\\\/\\\/www.eldigitaldeasturias.com\\\/noticias\\\/poniendo-en-valor-la-espana-verde\\\/#webpage\"},\"isPartOf\":{\"@id\":\"https:\\\/\\\/www.eldigitaldeasturias.com\\\/noticias\\\/poniendo-en-valor-la-espana-verde\\\/#webpage\"},\"articleSection\":\"Turismo\"},{\"@type\":\"BreadcrumbList\",\"@id\":\"https:\\\/\\\/www.eldigitaldeasturias.com\\\/noticias\\\/poniendo-en-valor-la-espana-verde\\\/#breadcrumblist\",\"itemListElement\":[{\"@type\":\"ListItem\",\"@id\":\"https:\\\/\\\/www.eldigitaldeasturias.com\\\/noticias#listItem\",\"position\":1,\"name\":\"Home\",\"item\":\"https:\\\/\\\/www.eldigitaldeasturias.com\\\/noticias\",\"nextItem\":{\"@type\":\"ListItem\",\"@id\":\"https:\\\/\\\/www.eldigitaldeasturias.com\\\/noticias\\\/category\\\/turismo\\\/#listItem\",\"name\":\"Turismo\"}},{\"@type\":\"ListItem\",\"@id\":\"https:\\\/\\\/www.eldigitaldeasturias.com\\\/noticias\\\/category\\\/turismo\\\/#listItem\",\"position\":2,\"name\":\"Turismo\",\"item\":\"https:\\\/\\\/www.eldigitaldeasturias.com\\\/noticias\\\/category\\\/turismo\\\/\",\"nextItem\":{\"@type\":\"ListItem\",\"@id\":\"https:\\\/\\\/www.eldigitaldeasturias.com\\\/noticias\\\/poniendo-en-valor-la-espana-verde\\\/#listItem\",\"name\":\"Poniendo en valor la Espa\\u00f1a verde\"},\"previousItem\":{\"@type\":\"ListItem\",\"@id\":\"https:\\\/\\\/www.eldigitaldeasturias.com\\\/noticias#listItem\",\"name\":\"Home\"}},{\"@type\":\"ListItem\",\"@id\":\"https:\\\/\\\/www.eldigitaldeasturias.com\\\/noticias\\\/poniendo-en-valor-la-espana-verde\\\/#listItem\",\"position\":3,\"name\":\"Poniendo en valor la Espa\\u00f1a verde\",\"previousItem\":{\"@type\":\"ListItem\",\"@id\":\"https:\\\/\\\/www.eldigitaldeasturias.com\\\/noticias\\\/category\\\/turismo\\\/#listItem\",\"name\":\"Turismo\"}}]},{\"@type\":\"Organization\",\"@id\":\"https:\\\/\\\/www.eldigitaldeasturias.com\\\/noticias\\\/#organization\",\"name\":\"El Digital de Asturias\",\"description\":\"Hemeroteca\",\"url\":\"https:\\\/\\\/www.eldigitaldeasturias.com\\\/noticias\\\/\",\"email\":\"info@eldigitaldeasturias.com\",\"telephone\":\"+34652131393\",\"logo\":{\"@type\":\"ImageObject\",\"url\":\"https:\\\/\\\/www.eldigitaldeasturias.com\\\/noticias\\\/wp-content\\\/uploads\\\/2020\\\/12\\\/EDA.jpg\",\"@id\":\"https:\\\/\\\/www.eldigitaldeasturias.com\\\/noticias\\\/poniendo-en-valor-la-espana-verde\\\/#organizationLogo\",\"width\":649,\"height\":297},\"image\":{\"@id\":\"https:\\\/\\\/www.eldigitaldeasturias.com\\\/noticias\\\/poniendo-en-valor-la-espana-verde\\\/#organizationLogo\"},\"sameAs\":[\"https:\\\/\\\/facebook.com\\\/eldigitaldeasturias\",\"https:\\\/\\\/www.youtube.com\\\/channel\\\/UCZP-2wLEB9Rv6erhFmqVnvg\"],\"address\":{\"@id\":\"https:\\\/\\\/www.eldigitaldeasturias.com\\\/noticias\\\/#postaladdress\",\"@type\":\"PostalAddress\",\"streetAddress\":\"san antonio 4,\",\"postalCode\":\"33430\",\"addressLocality\":\"Cand\\u00e1s\",\"addressRegion\":\"Asturias\",\"addressCountry\":\"ES\"}},{\"@type\":\"Person\",\"@id\":\"https:\\\/\\\/www.eldigitaldeasturias.com\\\/noticias\\\/author\\\/admin\\\/#author\",\"url\":\"https:\\\/\\\/www.eldigitaldeasturias.com\\\/noticias\\\/author\\\/admin\\\/\",\"name\":\"El Digital de Asturias\",\"image\":{\"@type\":\"ImageObject\",\"@id\":\"https:\\\/\\\/www.eldigitaldeasturias.com\\\/noticias\\\/poniendo-en-valor-la-espana-verde\\\/#authorImage\",\"url\":\"https:\\\/\\\/www.eldigitaldeasturias.com\\\/noticias\\\/wp-content\\\/litespeed\\\/avatar\\\/18677e78aa0546b92d9dbf31ec7d7668.jpg?ver=1777290358\",\"width\":96,\"height\":96,\"caption\":\"El Digital de Asturias\"}},{\"@type\":\"WebPage\",\"@id\":\"https:\\\/\\\/www.eldigitaldeasturias.com\\\/noticias\\\/poniendo-en-valor-la-espana-verde\\\/#webpage\",\"url\":\"https:\\\/\\\/www.eldigitaldeasturias.com\\\/noticias\\\/poniendo-en-valor-la-espana-verde\\\/\",\"name\":\"Poniendo en valor la Espa\\u00f1a verde - El Digital de Asturias\",\"description\":\"Resulta complicado explicarle al resto del mundo que Espa\\u00f1a es un pa\\u00eds de contrastes y que existen grandes diferencias entre el norte y el sur, el este y el oeste, y si bien las 17 Comunidades Aut\\u00f3nomas vienen a formar el pa\\u00eds, lo cierto es que m\\u00e1s all\\u00e1 de las fronteras Espa\\u00f1a es visto como\",\"inLanguage\":\"es-ES\",\"isPartOf\":{\"@id\":\"https:\\\/\\\/www.eldigitaldeasturias.com\\\/noticias\\\/#website\"},\"breadcrumb\":{\"@id\":\"https:\\\/\\\/www.eldigitaldeasturias.com\\\/noticias\\\/poniendo-en-valor-la-espana-verde\\\/#breadcrumblist\"},\"author\":{\"@id\":\"https:\\\/\\\/www.eldigitaldeasturias.com\\\/noticias\\\/author\\\/admin\\\/#author\"},\"creator\":{\"@id\":\"https:\\\/\\\/www.eldigitaldeasturias.com\\\/noticias\\\/author\\\/admin\\\/#author\"},\"image\":{\"@type\":\"ImageObject\",\"url\":\"https:\\\/\\\/www.eldigitaldeasturias.com\\\/noticias\\\/wp-content\\\/uploads\\\/2020\\\/01\\\/picos-europa-IP.jpg\",\"@id\":\"https:\\\/\\\/www.eldigitaldeasturias.com\\\/noticias\\\/poniendo-en-valor-la-espana-verde\\\/#mainImage\",\"width\":640,\"height\":426},\"primaryImageOfPage\":{\"@id\":\"https:\\\/\\\/www.eldigitaldeasturias.com\\\/noticias\\\/poniendo-en-valor-la-espana-verde\\\/#mainImage\"},\"datePublished\":\"2020-01-11T10:04:30+01:00\",\"dateModified\":\"2020-01-11T10:04:30+01:00\"},{\"@type\":\"WebSite\",\"@id\":\"https:\\\/\\\/www.eldigitaldeasturias.com\\\/noticias\\\/#website\",\"url\":\"https:\\\/\\\/www.eldigitaldeasturias.com\\\/noticias\\\/\",\"name\":\"El Digital de Asturias - Diario de actualidad y noticias\",\"alternateName\":\"El Digital de Asturias - Diario de actualidad y noticias\",\"description\":\"Hemeroteca\",\"inLanguage\":\"es-ES\",\"publisher\":{\"@id\":\"https:\\\/\\\/www.eldigitaldeasturias.com\\\/noticias\\\/#organization\"}}]}\n\t\t<\/script>\n\t\t<!-- All in One SEO Pro -->\r\n\t\t<title>Poniendo en valor la Espa\u00f1a verde - El Digital de Asturias<\/title>\n\n","aioseo_head_json":{"title":"Poniendo en valor la Espa\u00f1a verde - El Digital de Asturias","description":"Resulta complicado explicarle al resto del mundo que Espa\u00f1a es un pa\u00eds de contrastes y que existen grandes diferencias entre el norte y el sur, el este y el oeste, y si bien las 17 Comunidades Aut\u00f3nomas vienen a formar el pa\u00eds, lo cierto es que m\u00e1s all\u00e1 de las fronteras Espa\u00f1a es visto como","canonical_url":"https:\/\/www.eldigitaldeasturias.com\/noticias\/poniendo-en-valor-la-espana-verde\/","robots":"max-image-preview:large","keywords":"turismo","webmasterTools":{"google-site-verification":"UA-38556648-1","msvalidate.01":"7dfe9f3f1b24437ab69f4f2559babe99","miscellaneous":""},"schema":{"@context":"https:\/\/schema.org","@graph":[{"@type":"BlogPosting","@id":"https:\/\/www.eldigitaldeasturias.com\/noticias\/poniendo-en-valor-la-espana-verde\/#blogposting","name":"Poniendo en valor la Espa\u00f1a verde - El Digital de Asturias","headline":"Poniendo en valor la Espa\u00f1a verde","author":{"@id":"https:\/\/www.eldigitaldeasturias.com\/noticias\/author\/admin\/#author"},"publisher":{"@id":"https:\/\/www.eldigitaldeasturias.com\/noticias\/#organization"},"image":{"@type":"ImageObject","url":"https:\/\/www.eldigitaldeasturias.com\/noticias\/wp-content\/uploads\/2020\/01\/picos-europa-IP.jpg","width":640,"height":426},"datePublished":"2020-01-11T10:04:30+01:00","dateModified":"2020-01-11T10:04:30+01:00","inLanguage":"es-ES","mainEntityOfPage":{"@id":"https:\/\/www.eldigitaldeasturias.com\/noticias\/poniendo-en-valor-la-espana-verde\/#webpage"},"isPartOf":{"@id":"https:\/\/www.eldigitaldeasturias.com\/noticias\/poniendo-en-valor-la-espana-verde\/#webpage"},"articleSection":"Turismo"},{"@type":"BreadcrumbList","@id":"https:\/\/www.eldigitaldeasturias.com\/noticias\/poniendo-en-valor-la-espana-verde\/#breadcrumblist","itemListElement":[{"@type":"ListItem","@id":"https:\/\/www.eldigitaldeasturias.com\/noticias#listItem","position":1,"name":"Home","item":"https:\/\/www.eldigitaldeasturias.com\/noticias","nextItem":{"@type":"ListItem","@id":"https:\/\/www.eldigitaldeasturias.com\/noticias\/category\/turismo\/#listItem","name":"Turismo"}},{"@type":"ListItem","@id":"https:\/\/www.eldigitaldeasturias.com\/noticias\/category\/turismo\/#listItem","position":2,"name":"Turismo","item":"https:\/\/www.eldigitaldeasturias.com\/noticias\/category\/turismo\/","nextItem":{"@type":"ListItem","@id":"https:\/\/www.eldigitaldeasturias.com\/noticias\/poniendo-en-valor-la-espana-verde\/#listItem","name":"Poniendo en valor la Espa\u00f1a verde"},"previousItem":{"@type":"ListItem","@id":"https:\/\/www.eldigitaldeasturias.com\/noticias#listItem","name":"Home"}},{"@type":"ListItem","@id":"https:\/\/www.eldigitaldeasturias.com\/noticias\/poniendo-en-valor-la-espana-verde\/#listItem","position":3,"name":"Poniendo en valor la Espa\u00f1a verde","previousItem":{"@type":"ListItem","@id":"https:\/\/www.eldigitaldeasturias.com\/noticias\/category\/turismo\/#listItem","name":"Turismo"}}]},{"@type":"Organization","@id":"https:\/\/www.eldigitaldeasturias.com\/noticias\/#organization","name":"El Digital de Asturias","description":"Hemeroteca","url":"https:\/\/www.eldigitaldeasturias.com\/noticias\/","email":"info@eldigitaldeasturias.com","telephone":"+34652131393","logo":{"@type":"ImageObject","url":"https:\/\/www.eldigitaldeasturias.com\/noticias\/wp-content\/uploads\/2020\/12\/EDA.jpg","@id":"https:\/\/www.eldigitaldeasturias.com\/noticias\/poniendo-en-valor-la-espana-verde\/#organizationLogo","width":649,"height":297},"image":{"@id":"https:\/\/www.eldigitaldeasturias.com\/noticias\/poniendo-en-valor-la-espana-verde\/#organizationLogo"},"sameAs":["https:\/\/facebook.com\/eldigitaldeasturias","https:\/\/www.youtube.com\/channel\/UCZP-2wLEB9Rv6erhFmqVnvg"],"address":{"@id":"https:\/\/www.eldigitaldeasturias.com\/noticias\/#postaladdress","@type":"PostalAddress","streetAddress":"san antonio 4,","postalCode":"33430","addressLocality":"Cand\u00e1s","addressRegion":"Asturias","addressCountry":"ES"}},{"@type":"Person","@id":"https:\/\/www.eldigitaldeasturias.com\/noticias\/author\/admin\/#author","url":"https:\/\/www.eldigitaldeasturias.com\/noticias\/author\/admin\/","name":"El Digital de Asturias","image":{"@type":"ImageObject","@id":"https:\/\/www.eldigitaldeasturias.com\/noticias\/poniendo-en-valor-la-espana-verde\/#authorImage","url":"https:\/\/www.eldigitaldeasturias.com\/noticias\/wp-content\/litespeed\/avatar\/18677e78aa0546b92d9dbf31ec7d7668.jpg?ver=1777290358","width":96,"height":96,"caption":"El Digital de Asturias"}},{"@type":"WebPage","@id":"https:\/\/www.eldigitaldeasturias.com\/noticias\/poniendo-en-valor-la-espana-verde\/#webpage","url":"https:\/\/www.eldigitaldeasturias.com\/noticias\/poniendo-en-valor-la-espana-verde\/","name":"Poniendo en valor la Espa\u00f1a verde - El Digital de Asturias","description":"Resulta complicado explicarle al resto del mundo que Espa\u00f1a es un pa\u00eds de contrastes y que existen grandes diferencias entre el norte y el sur, el este y el oeste, y si bien las 17 Comunidades Aut\u00f3nomas vienen a formar el pa\u00eds, lo cierto es que m\u00e1s all\u00e1 de las fronteras Espa\u00f1a es visto como","inLanguage":"es-ES","isPartOf":{"@id":"https:\/\/www.eldigitaldeasturias.com\/noticias\/#website"},"breadcrumb":{"@id":"https:\/\/www.eldigitaldeasturias.com\/noticias\/poniendo-en-valor-la-espana-verde\/#breadcrumblist"},"author":{"@id":"https:\/\/www.eldigitaldeasturias.com\/noticias\/author\/admin\/#author"},"creator":{"@id":"https:\/\/www.eldigitaldeasturias.com\/noticias\/author\/admin\/#author"},"image":{"@type":"ImageObject","url":"https:\/\/www.eldigitaldeasturias.com\/noticias\/wp-content\/uploads\/2020\/01\/picos-europa-IP.jpg","@id":"https:\/\/www.eldigitaldeasturias.com\/noticias\/poniendo-en-valor-la-espana-verde\/#mainImage","width":640,"height":426},"primaryImageOfPage":{"@id":"https:\/\/www.eldigitaldeasturias.com\/noticias\/poniendo-en-valor-la-espana-verde\/#mainImage"},"datePublished":"2020-01-11T10:04:30+01:00","dateModified":"2020-01-11T10:04:30+01:00"},{"@type":"WebSite","@id":"https:\/\/www.eldigitaldeasturias.com\/noticias\/#website","url":"https:\/\/www.eldigitaldeasturias.com\/noticias\/","name":"El Digital de Asturias - Diario de actualidad y noticias","alternateName":"El Digital de Asturias - Diario de actualidad y noticias","description":"Hemeroteca","inLanguage":"es-ES","publisher":{"@id":"https:\/\/www.eldigitaldeasturias.com\/noticias\/#organization"}}]},"og:locale":"es_ES","og:site_name":"El Digital de Asturias","og:type":"article","og:title":"Poniendo en valor la Espa\u00f1a verde - El Digital de Asturias","og:description":"Resulta complicado explicarle al resto del mundo que Espa\u00f1a es un pa\u00eds de contrastes y que existen grandes diferencias entre el norte y el sur, el este y el oeste, y si bien las 17 Comunidades Aut\u00f3nomas vienen a formar el pa\u00eds, lo cierto es que m\u00e1s all\u00e1 de las fronteras Espa\u00f1a es visto como","og:url":"https:\/\/www.eldigitaldeasturias.com\/noticias\/poniendo-en-valor-la-espana-verde\/","og:image":"https:\/\/www.eldigitaldeasturias.com\/noticias\/wp-content\/uploads\/2020\/01\/picos-europa-IP.jpg","og:image:secure_url":"https:\/\/www.eldigitaldeasturias.com\/noticias\/wp-content\/uploads\/2020\/01\/picos-europa-IP.jpg","og:image:width":640,"og:image:height":426,"article:tag":["turismo"],"article:published_time":"2020-01-11T10:04:30+00:00","article:modified_time":"2020-01-11T10:04:30+00:00","article:publisher":"https:\/\/facebook.com\/eldigitaldeasturias","twitter:card":"summary_large_image","twitter:title":"Poniendo en valor la Espa\u00f1a verde - El Digital de Asturias","twitter:description":"Resulta complicado explicarle al resto del mundo que Espa\u00f1a es un pa\u00eds de contrastes y que existen grandes diferencias entre el norte y el sur, el este y el oeste, y si bien las 17 Comunidades Aut\u00f3nomas vienen a formar el pa\u00eds, lo cierto es que m\u00e1s all\u00e1 de las fronteras Espa\u00f1a es visto como","twitter:image":"https:\/\/www.eldigitaldeasturias.com\/noticias\/wp-content\/uploads\/2020\/01\/picos-europa-IP.jpg","twitter:label1":"Escrito por","twitter:data1":"El Digital de Asturias","twitter:label2":"Tiempo de lectura estimado","twitter:data2":"2 minutos"},"aioseo_meta_data":{"post_id":"1053733","title":null,"description":null,"keywords":null,"keyphrases":null,"primary_term":null,"canonical_url":null,"og_title":null,"og_description":null,"og_object_type":"default","og_image_type":"default","og_image_url":null,"og_image_width":null,"og_image_height":null,"og_image_custom_url":null,"og_image_custom_fields":null,"og_video":null,"og_custom_url":null,"og_article_section":null,"og_article_tags":null,"twitter_use_og":false,"twitter_card":"default","twitter_image_type":"default","twitter_image_url":null,"twitter_image_custom_url":null,"twitter_image_custom_fields":null,"twitter_title":null,"twitter_description":null,"schema":{"blockGraphs":[],"customGraphs":[],"default":{"data":{"Article":[],"Course":[],"Dataset":[],"FAQPage":[],"Movie":[],"Person":[],"Product":[],"ProductReview":[],"Car":[],"Recipe":[],"Service":[],"SoftwareApplication":[],"WebPage":[]},"graphName":"","isEnabled":true},"graphs":[],"defaultGraph":"","defaultPostTypeGraph":""},"schema_type":null,"schema_type_options":null,"pillar_content":false,"robots_default":true,"robots_noindex":false,"robots_noarchive":false,"robots_nosnippet":false,"robots_nofollow":false,"robots_noimageindex":false,"robots_noodp":false,"robots_notranslate":false,"robots_max_snippet":null,"robots_max_videopreview":null,"robots_max_imagepreview":"large","priority":null,"frequency":null,"local_seo":null,"seo_analyzer_scan_date":"2025-10-30 13:26:07","breadcrumb_settings":null,"limit_modified_date":false,"open_ai":null,"ai":null,"created":"2020-12-21 10:56:53","updated":"2025-10-30 13:26:07"},"aioseo_breadcrumb":"<div class=\"aioseo-breadcrumbs\"><span class=\"aioseo-breadcrumb\">\n\t<a href=\"https:\/\/www.eldigitaldeasturias.com\/noticias\" title=\"Home\">Home<\/a>\n<\/span><span class=\"aioseo-breadcrumb-separator\">\u2013<\/span><span class=\"aioseo-breadcrumb\">\n\t<a href=\"https:\/\/www.eldigitaldeasturias.com\/noticias\/category\/turismo\/\" title=\"Turismo\">Turismo<\/a>\n<\/span><span class=\"aioseo-breadcrumb-separator\">\u2013<\/span><span class=\"aioseo-breadcrumb\">\n\t<a href=\"https:\/\/www.eldigitaldeasturias.com\/noticias\/poniendo-en-valor-la-espana-verde\/\" title=\"Poniendo en valor la Espa\u00f1a verde\">Poniendo en valor la Espa\u00f1a verde<\/a>\n<\/span><\/div>","aioseo_breadcrumb_json":[{"label":"Home","link":"https:\/\/www.eldigitaldeasturias.com\/noticias"},{"label":"Turismo","link":"https:\/\/www.eldigitaldeasturias.com\/noticias\/category\/turismo\/"},{"label":"Poniendo en valor la Espa\u00f1a verde","link":"https:\/\/www.eldigitaldeasturias.com\/noticias\/poniendo-en-valor-la-espana-verde\/"}],"_links":{"self":[{"href":"https:\/\/www.eldigitaldeasturias.com\/noticias\/wp-json\/wp\/v2\/posts\/1053733","targetHints":{"allow":["GET"]}}],"collection":[{"href":"https:\/\/www.eldigitaldeasturias.com\/noticias\/wp-json\/wp\/v2\/posts"}],"about":[{"href":"https:\/\/www.eldigitaldeasturias.com\/noticias\/wp-json\/wp\/v2\/types\/post"}],"author":[{"embeddable":true,"href":"https:\/\/www.eldigitaldeasturias.com\/noticias\/wp-json\/wp\/v2\/users\/1"}],"replies":[{"embeddable":true,"href":"https:\/\/www.eldigitaldeasturias.com\/noticias\/wp-json\/wp\/v2\/comments?post=1053733"}],"version-history":[{"count":0,"href":"https:\/\/www.eldigitaldeasturias.com\/noticias\/wp-json\/wp\/v2\/posts\/1053733\/revisions"}],"wp:featuredmedia":[{"embeddable":true,"href":"https:\/\/www.eldigitaldeasturias.com\/noticias\/wp-json\/wp\/v2\/media\/1053734"}],"wp:attachment":[{"href":"https:\/\/www.eldigitaldeasturias.com\/noticias\/wp-json\/wp\/v2\/media?parent=1053733"}],"wp:term":[{"taxonomy":"category","embeddable":true,"href":"https:\/\/www.eldigitaldeasturias.com\/noticias\/wp-json\/wp\/v2\/categories?post=1053733"},{"taxonomy":"post_tag","embeddable":true,"href":"https:\/\/www.eldigitaldeasturias.com\/noticias\/wp-json\/wp\/v2\/tags?post=1053733"}],"curies":[{"name":"wp","href":"https:\/\/api.w.org\/{rel}","templated":true}]}}