{"id":1053516,"date":"2020-01-09T19:27:20","date_gmt":"2020-01-09T19:27:20","guid":{"rendered":"https:\/\/www.eldigitaldeasturias.com\/noticias\/?p=1053516"},"modified":"2020-01-09T19:27:20","modified_gmt":"2020-01-09T19:27:20","slug":"raul-de-tomas-sera-perico-hasta-2026","status":"publish","type":"post","link":"https:\/\/www.eldigitaldeasturias.com\/noticias\/raul-de-tomas-sera-perico-hasta-2026\/","title":{"rendered":"Ra\u00fal de Tom\u00e1s ser\u00e1 \u201cperico\u201d hasta 2026"},"content":{"rendered":"<figure id=\"attachment_1053517\" aria-describedby=\"caption-attachment-1053517\" style=\"width: 360px\" class=\"wp-caption alignleft\"><img loading=\"lazy\" decoding=\"async\" class=\"size-medium wp-image-1053517\" src=\"https:\/\/www.eldigitaldeasturias.com\/noticias\/wp-content\/uploads\/2020\/01\/Raul-de-Tomas-ep-360x221.jpg\" alt=\"\" width=\"360\" height=\"221\" srcset=\"https:\/\/www.eldigitaldeasturias.com\/noticias\/wp-content\/uploads\/2020\/01\/Raul-de-Tomas-ep-360x221.jpg 360w, https:\/\/www.eldigitaldeasturias.com\/noticias\/wp-content\/uploads\/2020\/01\/Raul-de-Tomas-ep-690x423.jpg 690w, https:\/\/www.eldigitaldeasturias.com\/noticias\/wp-content\/uploads\/2020\/01\/Raul-de-Tomas-ep-480x294.jpg 480w, https:\/\/www.eldigitaldeasturias.com\/noticias\/wp-content\/uploads\/2020\/01\/Raul-de-Tomas-ep-768x470.jpg 768w, https:\/\/www.eldigitaldeasturias.com\/noticias\/wp-content\/uploads\/2020\/01\/Raul-de-Tomas-ep.jpg 986w\" sizes=\"auto, (max-width: 360px) 100vw, 360px\" \/><figcaption id=\"caption-attachment-1053517\" class=\"wp-caption-text\">Foto: RCD ESPANYOL \/ Europa Press<\/figcaption><\/figure>\n<p>(Europa Press) &#8211;\u00a0El RCD Espanyol de Barcelona ha anunciado este jueves la incorporaci\u00f3n del delantero espa\u00f1ol Ra\u00fal de Tom\u00e1s, que firmar\u00e1 contrato como &#8216;perico&#8217; hasta el 30 de junio de 2026, tras el acuerdo alcanzado con el Benfica portugu\u00e9s.<\/p>\n<p>\u00abHola &#8216;pericos&#8217;, ya estoy en Barcelona y tengo muchas ganas de presentarme ante todos vosotros. Deciros que vengo con muchas ganas y mucha ilusi\u00f3n de ayudar al equipo y de cambiar la situaci\u00f3n. Ojal\u00e1 que todo salga muy bien en el futuro\u00bb, expres\u00f3 el jugador en declaraciones facilitadas por el club.<\/p>\n<p>De Tom\u00e1s, de 25 a\u00f1os y formado en las categor\u00edas inferiores del Real Madrid, llega al Espanyol tras pasar por el C\u00f3rdoba, el Real Valladolid, el Rayo Vallecano y el Benfica, donde no ha tenido la continuidad esperada.<\/p>\n<p>El delantero madrile\u00f1o debut\u00f3 en LaLiga Santander con el Rayo Vallecano, cedido por el Real Madrid, y en su primera temporada en la \u00e9lite marc\u00f3 14 goles, lo que hizo que el Benfica se fijara en \u00e9l.<\/p>\n<p>El Benfica le fich\u00f3 en julio de 2019 por unos 20 millones de euros, y seg\u00fan confirm\u00f3 el equipo lisboeta, le ha traspasado por la misma cantidad m\u00e1s dos millones de euros en variables, reserv\u00e1ndose el 20 por ciento de una futura venta. En Portugal, en esta media temporada, De Tom\u00e1s ha jugado 17 partidos en total con 3 goles y 1 asistencia.<\/p>\n<p>\u00abEl futbolista madrile\u00f1o es uno de los mejores delanteros nacionales y un futbolista con un gran futuro, como demuestran los n\u00fameros conseguidos a lo largo de su carrera (14 goles en Primera Divisi\u00f3n y 51 en Segunda Divisi\u00f3n)\u00bb, esgrime el Espanyol.<\/p>\n<p>Ra\u00fal de Tom\u00e1s, internacional en las categor\u00edas inferiores de la selecci\u00f3n espa\u00f1ola y que ya ha pasado la revisi\u00f3n m\u00e9dica, ser\u00e1 presentado este jueves a las 16.30 horas en el auditorio Juan Segura Palomares del RCDE Stadium.<\/p>\n<p>&nbsp;<\/p>\n","protected":false},"excerpt":{"rendered":"<p>(Europa Press) &#8211;\u00a0El RCD Espanyol de Barcelona ha anunciado este jueves la incorporaci\u00f3n del delantero espa\u00f1ol Ra\u00fal de Tom\u00e1s, que firmar\u00e1 contrato como &#8216;perico&#8217; hasta el 30 de junio de 2026, tras el acuerdo alcanzado con el Benfica portugu\u00e9s. \u00abHola &#8216;pericos&#8217;, ya estoy en Barcelona y tengo muchas ganas de presentarme ante todos vosotros. Deciros [&hellip;]<\/p>\n","protected":false},"author":1,"featured_media":1053517,"comment_status":"closed","ping_status":"closed","sticky":false,"template":"","format":"standard","meta":{"footnotes":""},"categories":[190],"tags":[],"class_list":["post-1053516","post","type-post","status-publish","format-standard","has-post-thumbnail","hentry","category-deportes"],"aioseo_notices":[],"aioseo_head":"\n\t\t<!-- All in One SEO Pro 4.9.6.2 - aioseo.com -->\n\t<meta name=\"description\" content=\"(Europa Press) - El RCD Espanyol de Barcelona ha anunciado este jueves la incorporaci\u00f3n del delantero espa\u00f1ol Ra\u00fal de Tom\u00e1s, que firmar\u00e1 contrato como &#039;perico&#039; hasta el 30 de junio de 2026, tras el acuerdo alcanzado con el Benfica portugu\u00e9s. &quot;Hola &#039;pericos&#039;, ya estoy en Barcelona y tengo muchas ganas de presentarme ante todos vosotros. Deciros\" \/>\n\t<meta name=\"robots\" content=\"max-image-preview:large\" \/>\n\t<meta name=\"author\" content=\"El Digital de Asturias\"\/>\n\t<meta name=\"google-site-verification\" content=\"UA-38556648-1\" \/>\n\t<meta name=\"msvalidate.01\" content=\"7dfe9f3f1b24437ab69f4f2559babe99\" \/>\n\t<meta name=\"keywords\" content=\"deportes\" \/>\n\t<link rel=\"canonical\" href=\"https:\/\/www.eldigitaldeasturias.com\/noticias\/raul-de-tomas-sera-perico-hasta-2026\/\" \/>\n\t<meta name=\"generator\" content=\"All in One SEO Pro (AIOSEO) 4.9.6.2\" \/>\n\t\t<meta property=\"og:locale\" content=\"es_ES\" \/>\n\t\t<meta property=\"og:site_name\" content=\"El Digital de Asturias\" \/>\n\t\t<meta property=\"og:type\" content=\"article\" \/>\n\t\t<meta property=\"og:title\" content=\"Ra\u00fal de Tom\u00e1s ser\u00e1 \u201cperico\u201d hasta 2026 - El Digital de Asturias\" \/>\n\t\t<meta property=\"og:description\" content=\"(Europa Press) - El RCD Espanyol de Barcelona ha anunciado este jueves la incorporaci\u00f3n del delantero espa\u00f1ol Ra\u00fal de Tom\u00e1s, que firmar\u00e1 contrato como &#039;perico&#039; hasta el 30 de junio de 2026, tras el acuerdo alcanzado con el Benfica portugu\u00e9s. &quot;Hola &#039;pericos&#039;, ya estoy en Barcelona y tengo muchas ganas de presentarme ante todos vosotros. Deciros\" \/>\n\t\t<meta property=\"og:url\" content=\"https:\/\/www.eldigitaldeasturias.com\/noticias\/raul-de-tomas-sera-perico-hasta-2026\/\" \/>\n\t\t<meta property=\"og:image\" content=\"https:\/\/www.eldigitaldeasturias.com\/noticias\/wp-content\/uploads\/2020\/01\/Raul-de-Tomas-ep.jpg\" \/>\n\t\t<meta property=\"og:image:secure_url\" content=\"https:\/\/www.eldigitaldeasturias.com\/noticias\/wp-content\/uploads\/2020\/01\/Raul-de-Tomas-ep.jpg\" \/>\n\t\t<meta property=\"og:image:width\" content=\"986\" \/>\n\t\t<meta property=\"og:image:height\" content=\"604\" \/>\n\t\t<meta property=\"article:tag\" content=\"deportes\" \/>\n\t\t<meta property=\"article:published_time\" content=\"2020-01-09T19:27:20+00:00\" \/>\n\t\t<meta property=\"article:modified_time\" content=\"2020-01-09T19:27:20+00:00\" \/>\n\t\t<meta property=\"article:publisher\" content=\"https:\/\/facebook.com\/eldigitaldeasturias\" \/>\n\t\t<meta name=\"twitter:card\" content=\"summary_large_image\" \/>\n\t\t<meta name=\"twitter:title\" content=\"Ra\u00fal de Tom\u00e1s ser\u00e1 \u201cperico\u201d hasta 2026 - El Digital de Asturias\" \/>\n\t\t<meta name=\"twitter:description\" content=\"(Europa Press) - El RCD Espanyol de Barcelona ha anunciado este jueves la incorporaci\u00f3n del delantero espa\u00f1ol Ra\u00fal de Tom\u00e1s, que firmar\u00e1 contrato como &#039;perico&#039; hasta el 30 de junio de 2026, tras el acuerdo alcanzado con el Benfica portugu\u00e9s. &quot;Hola &#039;pericos&#039;, ya estoy en Barcelona y tengo muchas ganas de presentarme ante todos vosotros. Deciros\" \/>\n\t\t<meta name=\"twitter:image\" content=\"https:\/\/www.eldigitaldeasturias.com\/noticias\/wp-content\/uploads\/2020\/01\/Raul-de-Tomas-ep.jpg\" \/>\n\t\t<meta name=\"twitter:label1\" content=\"Escrito por\" \/>\n\t\t<meta name=\"twitter:data1\" content=\"El Digital de Asturias\" \/>\n\t\t<meta name=\"twitter:label2\" content=\"Tiempo de lectura estimado\" \/>\n\t\t<meta name=\"twitter:data2\" content=\"2 minutos\" \/>\n\t\t<script type=\"application\/ld+json\" class=\"aioseo-schema\">\n\t\t\t{\"@context\":\"https:\\\/\\\/schema.org\",\"@graph\":[{\"@type\":\"BlogPosting\",\"@id\":\"https:\\\/\\\/www.eldigitaldeasturias.com\\\/noticias\\\/raul-de-tomas-sera-perico-hasta-2026\\\/#blogposting\",\"name\":\"Ra\\u00fal de Tom\\u00e1s ser\\u00e1 \\u201cperico\\u201d hasta 2026 - El Digital de Asturias\",\"headline\":\"Ra\\u00fal de Tom\\u00e1s ser\\u00e1 \\u201cperico\\u201d hasta 2026\",\"author\":{\"@id\":\"https:\\\/\\\/www.eldigitaldeasturias.com\\\/noticias\\\/author\\\/admin\\\/#author\"},\"publisher\":{\"@id\":\"https:\\\/\\\/www.eldigitaldeasturias.com\\\/noticias\\\/#organization\"},\"image\":{\"@type\":\"ImageObject\",\"url\":\"https:\\\/\\\/www.eldigitaldeasturias.com\\\/noticias\\\/wp-content\\\/uploads\\\/2020\\\/01\\\/Raul-de-Tomas-ep.jpg\",\"width\":986,\"height\":604,\"caption\":\"Foto: RCD ESPANYOL \\\/ Europa Press\"},\"datePublished\":\"2020-01-09T19:27:20+01:00\",\"dateModified\":\"2020-01-09T19:27:20+01:00\",\"inLanguage\":\"es-ES\",\"mainEntityOfPage\":{\"@id\":\"https:\\\/\\\/www.eldigitaldeasturias.com\\\/noticias\\\/raul-de-tomas-sera-perico-hasta-2026\\\/#webpage\"},\"isPartOf\":{\"@id\":\"https:\\\/\\\/www.eldigitaldeasturias.com\\\/noticias\\\/raul-de-tomas-sera-perico-hasta-2026\\\/#webpage\"},\"articleSection\":\"Deportes\"},{\"@type\":\"BreadcrumbList\",\"@id\":\"https:\\\/\\\/www.eldigitaldeasturias.com\\\/noticias\\\/raul-de-tomas-sera-perico-hasta-2026\\\/#breadcrumblist\",\"itemListElement\":[{\"@type\":\"ListItem\",\"@id\":\"https:\\\/\\\/www.eldigitaldeasturias.com\\\/noticias#listItem\",\"position\":1,\"name\":\"Home\",\"item\":\"https:\\\/\\\/www.eldigitaldeasturias.com\\\/noticias\",\"nextItem\":{\"@type\":\"ListItem\",\"@id\":\"https:\\\/\\\/www.eldigitaldeasturias.com\\\/noticias\\\/category\\\/deportes\\\/#listItem\",\"name\":\"Deportes\"}},{\"@type\":\"ListItem\",\"@id\":\"https:\\\/\\\/www.eldigitaldeasturias.com\\\/noticias\\\/category\\\/deportes\\\/#listItem\",\"position\":2,\"name\":\"Deportes\",\"item\":\"https:\\\/\\\/www.eldigitaldeasturias.com\\\/noticias\\\/category\\\/deportes\\\/\",\"nextItem\":{\"@type\":\"ListItem\",\"@id\":\"https:\\\/\\\/www.eldigitaldeasturias.com\\\/noticias\\\/raul-de-tomas-sera-perico-hasta-2026\\\/#listItem\",\"name\":\"Ra\\u00fal de Tom\\u00e1s ser\\u00e1 \\u201cperico\\u201d hasta 2026\"},\"previousItem\":{\"@type\":\"ListItem\",\"@id\":\"https:\\\/\\\/www.eldigitaldeasturias.com\\\/noticias#listItem\",\"name\":\"Home\"}},{\"@type\":\"ListItem\",\"@id\":\"https:\\\/\\\/www.eldigitaldeasturias.com\\\/noticias\\\/raul-de-tomas-sera-perico-hasta-2026\\\/#listItem\",\"position\":3,\"name\":\"Ra\\u00fal de Tom\\u00e1s ser\\u00e1 \\u201cperico\\u201d hasta 2026\",\"previousItem\":{\"@type\":\"ListItem\",\"@id\":\"https:\\\/\\\/www.eldigitaldeasturias.com\\\/noticias\\\/category\\\/deportes\\\/#listItem\",\"name\":\"Deportes\"}}]},{\"@type\":\"Organization\",\"@id\":\"https:\\\/\\\/www.eldigitaldeasturias.com\\\/noticias\\\/#organization\",\"name\":\"El Digital de Asturias\",\"description\":\"Hemeroteca\",\"url\":\"https:\\\/\\\/www.eldigitaldeasturias.com\\\/noticias\\\/\",\"email\":\"info@eldigitaldeasturias.com\",\"telephone\":\"+34652131393\",\"logo\":{\"@type\":\"ImageObject\",\"url\":\"https:\\\/\\\/www.eldigitaldeasturias.com\\\/noticias\\\/wp-content\\\/uploads\\\/2020\\\/12\\\/EDA.jpg\",\"@id\":\"https:\\\/\\\/www.eldigitaldeasturias.com\\\/noticias\\\/raul-de-tomas-sera-perico-hasta-2026\\\/#organizationLogo\",\"width\":649,\"height\":297},\"image\":{\"@id\":\"https:\\\/\\\/www.eldigitaldeasturias.com\\\/noticias\\\/raul-de-tomas-sera-perico-hasta-2026\\\/#organizationLogo\"},\"sameAs\":[\"https:\\\/\\\/facebook.com\\\/eldigitaldeasturias\",\"https:\\\/\\\/www.youtube.com\\\/channel\\\/UCZP-2wLEB9Rv6erhFmqVnvg\"],\"address\":{\"@id\":\"https:\\\/\\\/www.eldigitaldeasturias.com\\\/noticias\\\/#postaladdress\",\"@type\":\"PostalAddress\",\"streetAddress\":\"san antonio 4,\",\"postalCode\":\"33430\",\"addressLocality\":\"Cand\\u00e1s\",\"addressRegion\":\"Asturias\",\"addressCountry\":\"ES\"}},{\"@type\":\"Person\",\"@id\":\"https:\\\/\\\/www.eldigitaldeasturias.com\\\/noticias\\\/author\\\/admin\\\/#author\",\"url\":\"https:\\\/\\\/www.eldigitaldeasturias.com\\\/noticias\\\/author\\\/admin\\\/\",\"name\":\"El Digital de Asturias\",\"image\":{\"@type\":\"ImageObject\",\"@id\":\"https:\\\/\\\/www.eldigitaldeasturias.com\\\/noticias\\\/raul-de-tomas-sera-perico-hasta-2026\\\/#authorImage\",\"url\":\"https:\\\/\\\/www.eldigitaldeasturias.com\\\/noticias\\\/wp-content\\\/litespeed\\\/avatar\\\/18677e78aa0546b92d9dbf31ec7d7668.jpg?ver=1776685526\",\"width\":96,\"height\":96,\"caption\":\"El Digital de Asturias\"}},{\"@type\":\"WebPage\",\"@id\":\"https:\\\/\\\/www.eldigitaldeasturias.com\\\/noticias\\\/raul-de-tomas-sera-perico-hasta-2026\\\/#webpage\",\"url\":\"https:\\\/\\\/www.eldigitaldeasturias.com\\\/noticias\\\/raul-de-tomas-sera-perico-hasta-2026\\\/\",\"name\":\"Ra\\u00fal de Tom\\u00e1s ser\\u00e1 \\u201cperico\\u201d hasta 2026 - El Digital de Asturias\",\"description\":\"(Europa Press) - El RCD Espanyol de Barcelona ha anunciado este jueves la incorporaci\\u00f3n del delantero espa\\u00f1ol Ra\\u00fal de Tom\\u00e1s, que firmar\\u00e1 contrato como 'perico' hasta el 30 de junio de 2026, tras el acuerdo alcanzado con el Benfica portugu\\u00e9s. \\\"Hola 'pericos', ya estoy en Barcelona y tengo muchas ganas de presentarme ante todos vosotros. Deciros\",\"inLanguage\":\"es-ES\",\"isPartOf\":{\"@id\":\"https:\\\/\\\/www.eldigitaldeasturias.com\\\/noticias\\\/#website\"},\"breadcrumb\":{\"@id\":\"https:\\\/\\\/www.eldigitaldeasturias.com\\\/noticias\\\/raul-de-tomas-sera-perico-hasta-2026\\\/#breadcrumblist\"},\"author\":{\"@id\":\"https:\\\/\\\/www.eldigitaldeasturias.com\\\/noticias\\\/author\\\/admin\\\/#author\"},\"creator\":{\"@id\":\"https:\\\/\\\/www.eldigitaldeasturias.com\\\/noticias\\\/author\\\/admin\\\/#author\"},\"image\":{\"@type\":\"ImageObject\",\"url\":\"https:\\\/\\\/www.eldigitaldeasturias.com\\\/noticias\\\/wp-content\\\/uploads\\\/2020\\\/01\\\/Raul-de-Tomas-ep.jpg\",\"@id\":\"https:\\\/\\\/www.eldigitaldeasturias.com\\\/noticias\\\/raul-de-tomas-sera-perico-hasta-2026\\\/#mainImage\",\"width\":986,\"height\":604,\"caption\":\"Foto: RCD ESPANYOL \\\/ Europa Press\"},\"primaryImageOfPage\":{\"@id\":\"https:\\\/\\\/www.eldigitaldeasturias.com\\\/noticias\\\/raul-de-tomas-sera-perico-hasta-2026\\\/#mainImage\"},\"datePublished\":\"2020-01-09T19:27:20+01:00\",\"dateModified\":\"2020-01-09T19:27:20+01:00\"},{\"@type\":\"WebSite\",\"@id\":\"https:\\\/\\\/www.eldigitaldeasturias.com\\\/noticias\\\/#website\",\"url\":\"https:\\\/\\\/www.eldigitaldeasturias.com\\\/noticias\\\/\",\"name\":\"El Digital de Asturias - Diario de actualidad y noticias\",\"alternateName\":\"El Digital de Asturias - Diario de actualidad y noticias\",\"description\":\"Hemeroteca\",\"inLanguage\":\"es-ES\",\"publisher\":{\"@id\":\"https:\\\/\\\/www.eldigitaldeasturias.com\\\/noticias\\\/#organization\"}}]}\n\t\t<\/script>\n\t\t<!-- All in One SEO Pro -->\r\n\t\t<title>Ra\u00fal de Tom\u00e1s ser\u00e1 \u201cperico\u201d hasta 2026 - El Digital de Asturias<\/title>\n\n","aioseo_head_json":{"title":"Ra\u00fal de Tom\u00e1s ser\u00e1 \u201cperico\u201d hasta 2026 - El Digital de Asturias","description":"(Europa Press) - El RCD Espanyol de Barcelona ha anunciado este jueves la incorporaci\u00f3n del delantero espa\u00f1ol Ra\u00fal de Tom\u00e1s, que firmar\u00e1 contrato como 'perico' hasta el 30 de junio de 2026, tras el acuerdo alcanzado con el Benfica portugu\u00e9s. \"Hola 'pericos', ya estoy en Barcelona y tengo muchas ganas de presentarme ante todos vosotros. Deciros","canonical_url":"https:\/\/www.eldigitaldeasturias.com\/noticias\/raul-de-tomas-sera-perico-hasta-2026\/","robots":"max-image-preview:large","keywords":"deportes","webmasterTools":{"google-site-verification":"UA-38556648-1","msvalidate.01":"7dfe9f3f1b24437ab69f4f2559babe99","miscellaneous":""},"schema":{"@context":"https:\/\/schema.org","@graph":[{"@type":"BlogPosting","@id":"https:\/\/www.eldigitaldeasturias.com\/noticias\/raul-de-tomas-sera-perico-hasta-2026\/#blogposting","name":"Ra\u00fal de Tom\u00e1s ser\u00e1 \u201cperico\u201d hasta 2026 - El Digital de Asturias","headline":"Ra\u00fal de Tom\u00e1s ser\u00e1 \u201cperico\u201d hasta 2026","author":{"@id":"https:\/\/www.eldigitaldeasturias.com\/noticias\/author\/admin\/#author"},"publisher":{"@id":"https:\/\/www.eldigitaldeasturias.com\/noticias\/#organization"},"image":{"@type":"ImageObject","url":"https:\/\/www.eldigitaldeasturias.com\/noticias\/wp-content\/uploads\/2020\/01\/Raul-de-Tomas-ep.jpg","width":986,"height":604,"caption":"Foto: RCD ESPANYOL \/ Europa Press"},"datePublished":"2020-01-09T19:27:20+01:00","dateModified":"2020-01-09T19:27:20+01:00","inLanguage":"es-ES","mainEntityOfPage":{"@id":"https:\/\/www.eldigitaldeasturias.com\/noticias\/raul-de-tomas-sera-perico-hasta-2026\/#webpage"},"isPartOf":{"@id":"https:\/\/www.eldigitaldeasturias.com\/noticias\/raul-de-tomas-sera-perico-hasta-2026\/#webpage"},"articleSection":"Deportes"},{"@type":"BreadcrumbList","@id":"https:\/\/www.eldigitaldeasturias.com\/noticias\/raul-de-tomas-sera-perico-hasta-2026\/#breadcrumblist","itemListElement":[{"@type":"ListItem","@id":"https:\/\/www.eldigitaldeasturias.com\/noticias#listItem","position":1,"name":"Home","item":"https:\/\/www.eldigitaldeasturias.com\/noticias","nextItem":{"@type":"ListItem","@id":"https:\/\/www.eldigitaldeasturias.com\/noticias\/category\/deportes\/#listItem","name":"Deportes"}},{"@type":"ListItem","@id":"https:\/\/www.eldigitaldeasturias.com\/noticias\/category\/deportes\/#listItem","position":2,"name":"Deportes","item":"https:\/\/www.eldigitaldeasturias.com\/noticias\/category\/deportes\/","nextItem":{"@type":"ListItem","@id":"https:\/\/www.eldigitaldeasturias.com\/noticias\/raul-de-tomas-sera-perico-hasta-2026\/#listItem","name":"Ra\u00fal de Tom\u00e1s ser\u00e1 \u201cperico\u201d hasta 2026"},"previousItem":{"@type":"ListItem","@id":"https:\/\/www.eldigitaldeasturias.com\/noticias#listItem","name":"Home"}},{"@type":"ListItem","@id":"https:\/\/www.eldigitaldeasturias.com\/noticias\/raul-de-tomas-sera-perico-hasta-2026\/#listItem","position":3,"name":"Ra\u00fal de Tom\u00e1s ser\u00e1 \u201cperico\u201d hasta 2026","previousItem":{"@type":"ListItem","@id":"https:\/\/www.eldigitaldeasturias.com\/noticias\/category\/deportes\/#listItem","name":"Deportes"}}]},{"@type":"Organization","@id":"https:\/\/www.eldigitaldeasturias.com\/noticias\/#organization","name":"El Digital de Asturias","description":"Hemeroteca","url":"https:\/\/www.eldigitaldeasturias.com\/noticias\/","email":"info@eldigitaldeasturias.com","telephone":"+34652131393","logo":{"@type":"ImageObject","url":"https:\/\/www.eldigitaldeasturias.com\/noticias\/wp-content\/uploads\/2020\/12\/EDA.jpg","@id":"https:\/\/www.eldigitaldeasturias.com\/noticias\/raul-de-tomas-sera-perico-hasta-2026\/#organizationLogo","width":649,"height":297},"image":{"@id":"https:\/\/www.eldigitaldeasturias.com\/noticias\/raul-de-tomas-sera-perico-hasta-2026\/#organizationLogo"},"sameAs":["https:\/\/facebook.com\/eldigitaldeasturias","https:\/\/www.youtube.com\/channel\/UCZP-2wLEB9Rv6erhFmqVnvg"],"address":{"@id":"https:\/\/www.eldigitaldeasturias.com\/noticias\/#postaladdress","@type":"PostalAddress","streetAddress":"san antonio 4,","postalCode":"33430","addressLocality":"Cand\u00e1s","addressRegion":"Asturias","addressCountry":"ES"}},{"@type":"Person","@id":"https:\/\/www.eldigitaldeasturias.com\/noticias\/author\/admin\/#author","url":"https:\/\/www.eldigitaldeasturias.com\/noticias\/author\/admin\/","name":"El Digital de Asturias","image":{"@type":"ImageObject","@id":"https:\/\/www.eldigitaldeasturias.com\/noticias\/raul-de-tomas-sera-perico-hasta-2026\/#authorImage","url":"https:\/\/www.eldigitaldeasturias.com\/noticias\/wp-content\/litespeed\/avatar\/18677e78aa0546b92d9dbf31ec7d7668.jpg?ver=1776685526","width":96,"height":96,"caption":"El Digital de Asturias"}},{"@type":"WebPage","@id":"https:\/\/www.eldigitaldeasturias.com\/noticias\/raul-de-tomas-sera-perico-hasta-2026\/#webpage","url":"https:\/\/www.eldigitaldeasturias.com\/noticias\/raul-de-tomas-sera-perico-hasta-2026\/","name":"Ra\u00fal de Tom\u00e1s ser\u00e1 \u201cperico\u201d hasta 2026 - El Digital de Asturias","description":"(Europa Press) - El RCD Espanyol de Barcelona ha anunciado este jueves la incorporaci\u00f3n del delantero espa\u00f1ol Ra\u00fal de Tom\u00e1s, que firmar\u00e1 contrato como 'perico' hasta el 30 de junio de 2026, tras el acuerdo alcanzado con el Benfica portugu\u00e9s. \"Hola 'pericos', ya estoy en Barcelona y tengo muchas ganas de presentarme ante todos vosotros. Deciros","inLanguage":"es-ES","isPartOf":{"@id":"https:\/\/www.eldigitaldeasturias.com\/noticias\/#website"},"breadcrumb":{"@id":"https:\/\/www.eldigitaldeasturias.com\/noticias\/raul-de-tomas-sera-perico-hasta-2026\/#breadcrumblist"},"author":{"@id":"https:\/\/www.eldigitaldeasturias.com\/noticias\/author\/admin\/#author"},"creator":{"@id":"https:\/\/www.eldigitaldeasturias.com\/noticias\/author\/admin\/#author"},"image":{"@type":"ImageObject","url":"https:\/\/www.eldigitaldeasturias.com\/noticias\/wp-content\/uploads\/2020\/01\/Raul-de-Tomas-ep.jpg","@id":"https:\/\/www.eldigitaldeasturias.com\/noticias\/raul-de-tomas-sera-perico-hasta-2026\/#mainImage","width":986,"height":604,"caption":"Foto: RCD ESPANYOL \/ Europa Press"},"primaryImageOfPage":{"@id":"https:\/\/www.eldigitaldeasturias.com\/noticias\/raul-de-tomas-sera-perico-hasta-2026\/#mainImage"},"datePublished":"2020-01-09T19:27:20+01:00","dateModified":"2020-01-09T19:27:20+01:00"},{"@type":"WebSite","@id":"https:\/\/www.eldigitaldeasturias.com\/noticias\/#website","url":"https:\/\/www.eldigitaldeasturias.com\/noticias\/","name":"El Digital de Asturias - Diario de actualidad y noticias","alternateName":"El Digital de Asturias - Diario de actualidad y noticias","description":"Hemeroteca","inLanguage":"es-ES","publisher":{"@id":"https:\/\/www.eldigitaldeasturias.com\/noticias\/#organization"}}]},"og:locale":"es_ES","og:site_name":"El Digital de Asturias","og:type":"article","og:title":"Ra\u00fal de Tom\u00e1s ser\u00e1 \u201cperico\u201d hasta 2026 - El Digital de Asturias","og:description":"(Europa Press) - El RCD Espanyol de Barcelona ha anunciado este jueves la incorporaci\u00f3n del delantero espa\u00f1ol Ra\u00fal de Tom\u00e1s, que firmar\u00e1 contrato como 'perico' hasta el 30 de junio de 2026, tras el acuerdo alcanzado con el Benfica portugu\u00e9s. &quot;Hola 'pericos', ya estoy en Barcelona y tengo muchas ganas de presentarme ante todos vosotros. Deciros","og:url":"https:\/\/www.eldigitaldeasturias.com\/noticias\/raul-de-tomas-sera-perico-hasta-2026\/","og:image":"https:\/\/www.eldigitaldeasturias.com\/noticias\/wp-content\/uploads\/2020\/01\/Raul-de-Tomas-ep.jpg","og:image:secure_url":"https:\/\/www.eldigitaldeasturias.com\/noticias\/wp-content\/uploads\/2020\/01\/Raul-de-Tomas-ep.jpg","og:image:width":986,"og:image:height":604,"article:tag":["deportes"],"article:published_time":"2020-01-09T19:27:20+00:00","article:modified_time":"2020-01-09T19:27:20+00:00","article:publisher":"https:\/\/facebook.com\/eldigitaldeasturias","twitter:card":"summary_large_image","twitter:title":"Ra\u00fal de Tom\u00e1s ser\u00e1 \u201cperico\u201d hasta 2026 - El Digital de Asturias","twitter:description":"(Europa Press) - El RCD Espanyol de Barcelona ha anunciado este jueves la incorporaci\u00f3n del delantero espa\u00f1ol Ra\u00fal de Tom\u00e1s, que firmar\u00e1 contrato como 'perico' hasta el 30 de junio de 2026, tras el acuerdo alcanzado con el Benfica portugu\u00e9s. &quot;Hola 'pericos', ya estoy en Barcelona y tengo muchas ganas de presentarme ante todos vosotros. Deciros","twitter:image":"https:\/\/www.eldigitaldeasturias.com\/noticias\/wp-content\/uploads\/2020\/01\/Raul-de-Tomas-ep.jpg","twitter:label1":"Escrito por","twitter:data1":"El Digital de Asturias","twitter:label2":"Tiempo de lectura estimado","twitter:data2":"2 minutos"},"aioseo_meta_data":{"post_id":"1053516","title":null,"description":null,"keywords":null,"keyphrases":null,"primary_term":null,"canonical_url":null,"og_title":null,"og_description":null,"og_object_type":"default","og_image_type":"default","og_image_url":null,"og_image_width":null,"og_image_height":null,"og_image_custom_url":null,"og_image_custom_fields":null,"og_video":null,"og_custom_url":null,"og_article_section":null,"og_article_tags":null,"twitter_use_og":false,"twitter_card":"default","twitter_image_type":"default","twitter_image_url":null,"twitter_image_custom_url":null,"twitter_image_custom_fields":null,"twitter_title":null,"twitter_description":null,"schema":{"blockGraphs":[],"customGraphs":[],"default":{"data":{"Article":[],"Course":[],"Dataset":[],"FAQPage":[],"Movie":[],"Person":[],"Product":[],"ProductReview":[],"Car":[],"Recipe":[],"Service":[],"SoftwareApplication":[],"WebPage":[]},"graphName":"","isEnabled":true},"graphs":[],"defaultGraph":"","defaultPostTypeGraph":""},"schema_type":null,"schema_type_options":null,"pillar_content":false,"robots_default":true,"robots_noindex":false,"robots_noarchive":false,"robots_nosnippet":false,"robots_nofollow":false,"robots_noimageindex":false,"robots_noodp":false,"robots_notranslate":false,"robots_max_snippet":null,"robots_max_videopreview":null,"robots_max_imagepreview":"large","priority":null,"frequency":null,"local_seo":null,"seo_analyzer_scan_date":"2025-10-30 12:48:04","breadcrumb_settings":null,"limit_modified_date":false,"open_ai":null,"ai":null,"created":"2020-12-21 10:56:53","updated":"2025-10-30 12:48:04"},"aioseo_breadcrumb":"<div class=\"aioseo-breadcrumbs\"><span class=\"aioseo-breadcrumb\">\n\t<a href=\"https:\/\/www.eldigitaldeasturias.com\/noticias\" title=\"Home\">Home<\/a>\n<\/span><span class=\"aioseo-breadcrumb-separator\">\u2013<\/span><span class=\"aioseo-breadcrumb\">\n\t<a href=\"https:\/\/www.eldigitaldeasturias.com\/noticias\/category\/deportes\/\" title=\"Deportes\">Deportes<\/a>\n<\/span><span class=\"aioseo-breadcrumb-separator\">\u2013<\/span><span class=\"aioseo-breadcrumb\">\n\t<a href=\"https:\/\/www.eldigitaldeasturias.com\/noticias\/raul-de-tomas-sera-perico-hasta-2026\/\" title=\"Ra\u00fal de Tom\u00e1s ser\u00e1 \u201cperico\u201d hasta 2026\">Ra\u00fal de Tom\u00e1s ser\u00e1 \u201cperico\u201d hasta 2026<\/a>\n<\/span><\/div>","aioseo_breadcrumb_json":[{"label":"Home","link":"https:\/\/www.eldigitaldeasturias.com\/noticias"},{"label":"Deportes","link":"https:\/\/www.eldigitaldeasturias.com\/noticias\/category\/deportes\/"},{"label":"Ra\u00fal de Tom\u00e1s ser\u00e1 \u201cperico\u201d hasta 2026","link":"https:\/\/www.eldigitaldeasturias.com\/noticias\/raul-de-tomas-sera-perico-hasta-2026\/"}],"_links":{"self":[{"href":"https:\/\/www.eldigitaldeasturias.com\/noticias\/wp-json\/wp\/v2\/posts\/1053516","targetHints":{"allow":["GET"]}}],"collection":[{"href":"https:\/\/www.eldigitaldeasturias.com\/noticias\/wp-json\/wp\/v2\/posts"}],"about":[{"href":"https:\/\/www.eldigitaldeasturias.com\/noticias\/wp-json\/wp\/v2\/types\/post"}],"author":[{"embeddable":true,"href":"https:\/\/www.eldigitaldeasturias.com\/noticias\/wp-json\/wp\/v2\/users\/1"}],"replies":[{"embeddable":true,"href":"https:\/\/www.eldigitaldeasturias.com\/noticias\/wp-json\/wp\/v2\/comments?post=1053516"}],"version-history":[{"count":0,"href":"https:\/\/www.eldigitaldeasturias.com\/noticias\/wp-json\/wp\/v2\/posts\/1053516\/revisions"}],"wp:featuredmedia":[{"embeddable":true,"href":"https:\/\/www.eldigitaldeasturias.com\/noticias\/wp-json\/wp\/v2\/media\/1053517"}],"wp:attachment":[{"href":"https:\/\/www.eldigitaldeasturias.com\/noticias\/wp-json\/wp\/v2\/media?parent=1053516"}],"wp:term":[{"taxonomy":"category","embeddable":true,"href":"https:\/\/www.eldigitaldeasturias.com\/noticias\/wp-json\/wp\/v2\/categories?post=1053516"},{"taxonomy":"post_tag","embeddable":true,"href":"https:\/\/www.eldigitaldeasturias.com\/noticias\/wp-json\/wp\/v2\/tags?post=1053516"}],"curies":[{"name":"wp","href":"https:\/\/api.w.org\/{rel}","templated":true}]}}