{"id":1052672,"date":"2020-01-01T08:22:30","date_gmt":"2020-01-01T07:22:30","guid":{"rendered":"https:\/\/www.eldigitaldeasturias.com\/noticias\/?p=1052672"},"modified":"2023-04-02T01:34:13","modified_gmt":"2023-04-01T23:34:13","slug":"galeria-de-fotos-de-la-50-san-silvestre-de-gijon","status":"publish","type":"post","link":"https:\/\/www.eldigitaldeasturias.com\/noticias\/galeria-de-fotos-de-la-50-san-silvestre-de-gijon\/","title":{"rendered":"Galer\u00eda de fotos de la 50 San Silvestre de Gij\u00f3n"},"content":{"rendered":"<p>El 31 de diciembre de 2019 en Gij\u00f3n se ha celebrado la tradicional San Silvestre de la ciudad, una prueba que ha sumado <strong>medio siglo de historia<\/strong> y que ha contando con m\u00e1s 7000 participantes, <strong>la fot\u00f3grafa asturiana Sara Corte nos ha cedido las siguientes fotos de la prueba<\/strong>.<\/p>\n<div id='gallery-1' class='gallery galleryid-1052672 gallery-columns-2 gallery-size-full'><figure class='gallery-item'>\n\t\t\t<div class='gallery-icon landscape'>\n\t\t\t\t<a href='https:\/\/www.eldigitaldeasturias.com\/noticias\/wp-content\/uploads\/2020\/01\/san-silvestre-Gijon-2-e1577870127649.jpg'><img loading=\"lazy\" decoding=\"async\" width=\"670\" height=\"440\" src=\"https:\/\/www.eldigitaldeasturias.com\/noticias\/wp-content\/uploads\/2020\/01\/san-silvestre-Gijon-2-e1577870127649.jpg\" class=\"attachment-full size-full\" alt=\"\" aria-describedby=\"gallery-1-1052674\" srcset=\"https:\/\/www.eldigitaldeasturias.com\/noticias\/wp-content\/uploads\/2020\/01\/san-silvestre-Gijon-2-e1577870127649.jpg 670w, https:\/\/www.eldigitaldeasturias.com\/noticias\/wp-content\/uploads\/2020\/01\/san-silvestre-Gijon-2-e1577870127649-360x236.jpg 360w, https:\/\/www.eldigitaldeasturias.com\/noticias\/wp-content\/uploads\/2020\/01\/san-silvestre-Gijon-2-e1577870127649-457x300.jpg 457w\" sizes=\"auto, (max-width: 670px) 100vw, 670px\" \/><\/a>\n\t\t\t<\/div>\n\t\t\t\t<figcaption class='wp-caption-text gallery-caption' id='gallery-1-1052674'>\n\t\t\t\tFoto @saracorte_fotografia\n\t\t\t\t<\/figcaption><\/figure><figure class='gallery-item'>\n\t\t\t<div class='gallery-icon landscape'>\n\t\t\t\t<a href='https:\/\/www.eldigitaldeasturias.com\/noticias\/wp-content\/uploads\/2020\/01\/50ssGijon-925-e1577867398643.jpg'><img loading=\"lazy\" decoding=\"async\" width=\"670\" height=\"440\" src=\"https:\/\/www.eldigitaldeasturias.com\/noticias\/wp-content\/uploads\/2020\/01\/50ssGijon-925-e1577867398643.jpg\" class=\"attachment-full size-full\" alt=\"\" aria-describedby=\"gallery-1-1052678\" \/><\/a>\n\t\t\t<\/div>\n\t\t\t\t<figcaption class='wp-caption-text gallery-caption' id='gallery-1-1052678'>\n\t\t\t\tFoto @saracorte_fotografia\n\t\t\t\t<\/figcaption><\/figure>\n\t\t<\/div>\n\n<p>&nbsp;<\/p>\n<p>En <strong>la galer\u00eda de El Digital de Asturias <\/strong>te mostramos a los protagonistas y eventos del Principado.<\/p>\n<p>Fotos <span style=\"color: #ff6600;\"><strong><a style=\"color: #ff6600;\" href=\"https:\/\/www.instagram.com\/saracorte_fotografia\/\" target=\"_blank\" rel=\"nofollow noopener noreferrer\">@saracorte_fotografia<\/a><\/strong><\/span><\/p>\n<p>&nbsp;<\/p>\n","protected":false},"excerpt":{"rendered":"<p>El 31 de diciembre de 2019 en Gij\u00f3n se ha celebrado la tradicional San Silvestre de la ciudad, una prueba que ha sumado medio siglo de historia y que ha contando con m\u00e1s 7000 participantes, la fot\u00f3grafa asturiana Sara Corte nos ha cedido las siguientes fotos de la prueba. &nbsp; En la galer\u00eda de El [&hellip;]<\/p>\n","protected":false},"author":1,"featured_media":1052674,"comment_status":"closed","ping_status":"closed","sticky":false,"template":"","format":"gallery","meta":{"footnotes":""},"categories":[946],"tags":[],"class_list":["post-1052672","post","type-post","status-publish","format-gallery","has-post-thumbnail","hentry","category-fotos-asturias","post_format-post-format-gallery"],"aioseo_notices":[],"aioseo_head":"\n\t\t<!-- All in One SEO Pro 4.9.6.2 - aioseo.com -->\n\t<meta name=\"description\" content=\"El 31 de diciembre de 2019 en Gij\u00f3n se ha celebrado la tradicional San Silvestre de la ciudad, una prueba que ha sumado medio siglo de historia y que ha contando con m\u00e1s 7000 participantes, la fot\u00f3grafa asturiana Sara Corte nos ha cedido las siguientes fotos de la prueba. En la galer\u00eda de El\" \/>\n\t<meta name=\"robots\" content=\"max-image-preview:large\" \/>\n\t<meta name=\"author\" content=\"El Digital de Asturias\"\/>\n\t<meta name=\"google-site-verification\" content=\"UA-38556648-1\" \/>\n\t<meta name=\"msvalidate.01\" content=\"7dfe9f3f1b24437ab69f4f2559babe99\" \/>\n\t<meta name=\"keywords\" content=\"fotos asturias\" \/>\n\t<link rel=\"canonical\" href=\"https:\/\/www.eldigitaldeasturias.com\/noticias\/galeria-de-fotos-de-la-50-san-silvestre-de-gijon\/\" \/>\n\t<meta name=\"generator\" content=\"All in One SEO Pro (AIOSEO) 4.9.6.2\" \/>\n\t\t<meta property=\"og:locale\" content=\"es_ES\" \/>\n\t\t<meta property=\"og:site_name\" content=\"El Digital de Asturias\" \/>\n\t\t<meta property=\"og:type\" content=\"article\" \/>\n\t\t<meta property=\"og:title\" content=\"Galer\u00eda de fotos de la 50 San Silvestre de Gij\u00f3n - El Digital de Asturias\" \/>\n\t\t<meta property=\"og:description\" content=\"El 31 de diciembre de 2019 en Gij\u00f3n se ha celebrado la tradicional San Silvestre de la ciudad, una prueba que ha sumado medio siglo de historia y que ha contando con m\u00e1s 7000 participantes, la fot\u00f3grafa asturiana Sara Corte nos ha cedido las siguientes fotos de la prueba. En la galer\u00eda de El\" \/>\n\t\t<meta property=\"og:url\" content=\"https:\/\/www.eldigitaldeasturias.com\/noticias\/galeria-de-fotos-de-la-50-san-silvestre-de-gijon\/\" \/>\n\t\t<meta property=\"og:image\" content=\"https:\/\/www.eldigitaldeasturias.com\/noticias\/wp-content\/uploads\/2020\/01\/san-silvestre-Gijon-2-e1577870127649.jpg\" \/>\n\t\t<meta property=\"og:image:secure_url\" content=\"https:\/\/www.eldigitaldeasturias.com\/noticias\/wp-content\/uploads\/2020\/01\/san-silvestre-Gijon-2-e1577870127649.jpg\" \/>\n\t\t<meta property=\"og:image:width\" content=\"670\" \/>\n\t\t<meta property=\"og:image:height\" content=\"440\" \/>\n\t\t<meta property=\"article:tag\" content=\"fotos asturias\" \/>\n\t\t<meta property=\"article:published_time\" content=\"2020-01-01T07:22:30+00:00\" \/>\n\t\t<meta property=\"article:modified_time\" content=\"2023-04-01T23:34:13+00:00\" \/>\n\t\t<meta property=\"article:publisher\" content=\"https:\/\/facebook.com\/eldigitaldeasturias\" \/>\n\t\t<meta name=\"twitter:card\" content=\"summary_large_image\" \/>\n\t\t<meta name=\"twitter:title\" content=\"Galer\u00eda de fotos de la 50 San Silvestre de Gij\u00f3n - El Digital de Asturias\" \/>\n\t\t<meta name=\"twitter:description\" content=\"El 31 de diciembre de 2019 en Gij\u00f3n se ha celebrado la tradicional San Silvestre de la ciudad, una prueba que ha sumado medio siglo de historia y que ha contando con m\u00e1s 7000 participantes, la fot\u00f3grafa asturiana Sara Corte nos ha cedido las siguientes fotos de la prueba. En la galer\u00eda de El\" \/>\n\t\t<meta name=\"twitter:image\" content=\"https:\/\/www.eldigitaldeasturias.com\/noticias\/wp-content\/uploads\/2020\/01\/san-silvestre-Gijon-2-e1577870127649.jpg\" \/>\n\t\t<meta name=\"twitter:label1\" content=\"Escrito por\" \/>\n\t\t<meta name=\"twitter:data1\" content=\"El Digital de Asturias\" \/>\n\t\t<script type=\"application\/ld+json\" class=\"aioseo-schema\">\n\t\t\t{\"@context\":\"https:\\\/\\\/schema.org\",\"@graph\":[{\"@type\":\"BlogPosting\",\"@id\":\"https:\\\/\\\/www.eldigitaldeasturias.com\\\/noticias\\\/galeria-de-fotos-de-la-50-san-silvestre-de-gijon\\\/#blogposting\",\"name\":\"Galer\\u00eda de fotos de la 50 San Silvestre de Gij\\u00f3n - El Digital de Asturias\",\"headline\":\"Galer\\u00eda de fotos de la 50 San Silvestre de Gij\\u00f3n\",\"author\":{\"@id\":\"https:\\\/\\\/www.eldigitaldeasturias.com\\\/noticias\\\/author\\\/admin\\\/#author\"},\"publisher\":{\"@id\":\"https:\\\/\\\/www.eldigitaldeasturias.com\\\/noticias\\\/#organization\"},\"image\":{\"@type\":\"ImageObject\",\"url\":\"https:\\\/\\\/www.eldigitaldeasturias.com\\\/noticias\\\/wp-content\\\/uploads\\\/2020\\\/01\\\/san-silvestre-Gijon-2-e1577870127649.jpg\",\"width\":670,\"height\":440,\"caption\":\"Foto @saracorte_fotografia\"},\"datePublished\":\"2020-01-01T08:22:30+01:00\",\"dateModified\":\"2023-04-02T01:34:13+02:00\",\"inLanguage\":\"es-ES\",\"mainEntityOfPage\":{\"@id\":\"https:\\\/\\\/www.eldigitaldeasturias.com\\\/noticias\\\/galeria-de-fotos-de-la-50-san-silvestre-de-gijon\\\/#webpage\"},\"isPartOf\":{\"@id\":\"https:\\\/\\\/www.eldigitaldeasturias.com\\\/noticias\\\/galeria-de-fotos-de-la-50-san-silvestre-de-gijon\\\/#webpage\"},\"articleSection\":\"Fotos Asturias, Galer\\u00eda\"},{\"@type\":\"BreadcrumbList\",\"@id\":\"https:\\\/\\\/www.eldigitaldeasturias.com\\\/noticias\\\/galeria-de-fotos-de-la-50-san-silvestre-de-gijon\\\/#breadcrumblist\",\"itemListElement\":[{\"@type\":\"ListItem\",\"@id\":\"https:\\\/\\\/www.eldigitaldeasturias.com\\\/noticias#listItem\",\"position\":1,\"name\":\"Home\",\"item\":\"https:\\\/\\\/www.eldigitaldeasturias.com\\\/noticias\",\"nextItem\":{\"@type\":\"ListItem\",\"@id\":\"https:\\\/\\\/www.eldigitaldeasturias.com\\\/noticias\\\/category\\\/fotos-asturias\\\/#listItem\",\"name\":\"Fotos Asturias\"}},{\"@type\":\"ListItem\",\"@id\":\"https:\\\/\\\/www.eldigitaldeasturias.com\\\/noticias\\\/category\\\/fotos-asturias\\\/#listItem\",\"position\":2,\"name\":\"Fotos Asturias\",\"item\":\"https:\\\/\\\/www.eldigitaldeasturias.com\\\/noticias\\\/category\\\/fotos-asturias\\\/\",\"nextItem\":{\"@type\":\"ListItem\",\"@id\":\"https:\\\/\\\/www.eldigitaldeasturias.com\\\/noticias\\\/galeria-de-fotos-de-la-50-san-silvestre-de-gijon\\\/#listItem\",\"name\":\"Galer\\u00eda de fotos de la 50 San Silvestre de Gij\\u00f3n\"},\"previousItem\":{\"@type\":\"ListItem\",\"@id\":\"https:\\\/\\\/www.eldigitaldeasturias.com\\\/noticias#listItem\",\"name\":\"Home\"}},{\"@type\":\"ListItem\",\"@id\":\"https:\\\/\\\/www.eldigitaldeasturias.com\\\/noticias\\\/galeria-de-fotos-de-la-50-san-silvestre-de-gijon\\\/#listItem\",\"position\":3,\"name\":\"Galer\\u00eda de fotos de la 50 San Silvestre de Gij\\u00f3n\",\"previousItem\":{\"@type\":\"ListItem\",\"@id\":\"https:\\\/\\\/www.eldigitaldeasturias.com\\\/noticias\\\/category\\\/fotos-asturias\\\/#listItem\",\"name\":\"Fotos Asturias\"}}]},{\"@type\":\"Organization\",\"@id\":\"https:\\\/\\\/www.eldigitaldeasturias.com\\\/noticias\\\/#organization\",\"name\":\"El Digital de Asturias\",\"description\":\"Hemeroteca\",\"url\":\"https:\\\/\\\/www.eldigitaldeasturias.com\\\/noticias\\\/\",\"email\":\"info@eldigitaldeasturias.com\",\"telephone\":\"+34652131393\",\"logo\":{\"@type\":\"ImageObject\",\"url\":\"https:\\\/\\\/www.eldigitaldeasturias.com\\\/noticias\\\/wp-content\\\/uploads\\\/2020\\\/12\\\/EDA.jpg\",\"@id\":\"https:\\\/\\\/www.eldigitaldeasturias.com\\\/noticias\\\/galeria-de-fotos-de-la-50-san-silvestre-de-gijon\\\/#organizationLogo\",\"width\":649,\"height\":297},\"image\":{\"@id\":\"https:\\\/\\\/www.eldigitaldeasturias.com\\\/noticias\\\/galeria-de-fotos-de-la-50-san-silvestre-de-gijon\\\/#organizationLogo\"},\"sameAs\":[\"https:\\\/\\\/facebook.com\\\/eldigitaldeasturias\",\"https:\\\/\\\/www.youtube.com\\\/channel\\\/UCZP-2wLEB9Rv6erhFmqVnvg\"],\"address\":{\"@id\":\"https:\\\/\\\/www.eldigitaldeasturias.com\\\/noticias\\\/#postaladdress\",\"@type\":\"PostalAddress\",\"streetAddress\":\"san antonio 4,\",\"postalCode\":\"33430\",\"addressLocality\":\"Cand\\u00e1s\",\"addressRegion\":\"Asturias\",\"addressCountry\":\"ES\"}},{\"@type\":\"Person\",\"@id\":\"https:\\\/\\\/www.eldigitaldeasturias.com\\\/noticias\\\/author\\\/admin\\\/#author\",\"url\":\"https:\\\/\\\/www.eldigitaldeasturias.com\\\/noticias\\\/author\\\/admin\\\/\",\"name\":\"El Digital de Asturias\",\"image\":{\"@type\":\"ImageObject\",\"@id\":\"https:\\\/\\\/www.eldigitaldeasturias.com\\\/noticias\\\/galeria-de-fotos-de-la-50-san-silvestre-de-gijon\\\/#authorImage\",\"url\":\"https:\\\/\\\/www.eldigitaldeasturias.com\\\/noticias\\\/wp-content\\\/litespeed\\\/avatar\\\/18677e78aa0546b92d9dbf31ec7d7668.jpg?ver=1777290358\",\"width\":96,\"height\":96,\"caption\":\"El Digital de Asturias\"}},{\"@type\":\"WebPage\",\"@id\":\"https:\\\/\\\/www.eldigitaldeasturias.com\\\/noticias\\\/galeria-de-fotos-de-la-50-san-silvestre-de-gijon\\\/#webpage\",\"url\":\"https:\\\/\\\/www.eldigitaldeasturias.com\\\/noticias\\\/galeria-de-fotos-de-la-50-san-silvestre-de-gijon\\\/\",\"name\":\"Galer\\u00eda de fotos de la 50 San Silvestre de Gij\\u00f3n - El Digital de Asturias\",\"description\":\"El 31 de diciembre de 2019 en Gij\\u00f3n se ha celebrado la tradicional San Silvestre de la ciudad, una prueba que ha sumado medio siglo de historia y que ha contando con m\\u00e1s 7000 participantes, la fot\\u00f3grafa asturiana Sara Corte nos ha cedido las siguientes fotos de la prueba. En la galer\\u00eda de El\",\"inLanguage\":\"es-ES\",\"isPartOf\":{\"@id\":\"https:\\\/\\\/www.eldigitaldeasturias.com\\\/noticias\\\/#website\"},\"breadcrumb\":{\"@id\":\"https:\\\/\\\/www.eldigitaldeasturias.com\\\/noticias\\\/galeria-de-fotos-de-la-50-san-silvestre-de-gijon\\\/#breadcrumblist\"},\"author\":{\"@id\":\"https:\\\/\\\/www.eldigitaldeasturias.com\\\/noticias\\\/author\\\/admin\\\/#author\"},\"creator\":{\"@id\":\"https:\\\/\\\/www.eldigitaldeasturias.com\\\/noticias\\\/author\\\/admin\\\/#author\"},\"image\":{\"@type\":\"ImageObject\",\"url\":\"https:\\\/\\\/www.eldigitaldeasturias.com\\\/noticias\\\/wp-content\\\/uploads\\\/2020\\\/01\\\/san-silvestre-Gijon-2-e1577870127649.jpg\",\"@id\":\"https:\\\/\\\/www.eldigitaldeasturias.com\\\/noticias\\\/galeria-de-fotos-de-la-50-san-silvestre-de-gijon\\\/#mainImage\",\"width\":670,\"height\":440,\"caption\":\"Foto @saracorte_fotografia\"},\"primaryImageOfPage\":{\"@id\":\"https:\\\/\\\/www.eldigitaldeasturias.com\\\/noticias\\\/galeria-de-fotos-de-la-50-san-silvestre-de-gijon\\\/#mainImage\"},\"datePublished\":\"2020-01-01T08:22:30+01:00\",\"dateModified\":\"2023-04-02T01:34:13+02:00\"},{\"@type\":\"WebSite\",\"@id\":\"https:\\\/\\\/www.eldigitaldeasturias.com\\\/noticias\\\/#website\",\"url\":\"https:\\\/\\\/www.eldigitaldeasturias.com\\\/noticias\\\/\",\"name\":\"El Digital de Asturias - Diario de actualidad y noticias\",\"alternateName\":\"El Digital de Asturias - Diario de actualidad y noticias\",\"description\":\"Hemeroteca\",\"inLanguage\":\"es-ES\",\"publisher\":{\"@id\":\"https:\\\/\\\/www.eldigitaldeasturias.com\\\/noticias\\\/#organization\"}}]}\n\t\t<\/script>\n\t\t<!-- All in One SEO Pro -->\r\n\t\t<title>Galer\u00eda de fotos de la 50 San Silvestre de Gij\u00f3n - El Digital de Asturias<\/title>\n\n","aioseo_head_json":{"title":"Galer\u00eda de fotos de la 50 San Silvestre de Gij\u00f3n - El Digital de Asturias","description":"El 31 de diciembre de 2019 en Gij\u00f3n se ha celebrado la tradicional San Silvestre de la ciudad, una prueba que ha sumado medio siglo de historia y que ha contando con m\u00e1s 7000 participantes, la fot\u00f3grafa asturiana Sara Corte nos ha cedido las siguientes fotos de la prueba. En la galer\u00eda de El","canonical_url":"https:\/\/www.eldigitaldeasturias.com\/noticias\/galeria-de-fotos-de-la-50-san-silvestre-de-gijon\/","robots":"max-image-preview:large","keywords":"fotos asturias","webmasterTools":{"google-site-verification":"UA-38556648-1","msvalidate.01":"7dfe9f3f1b24437ab69f4f2559babe99","miscellaneous":""},"schema":{"@context":"https:\/\/schema.org","@graph":[{"@type":"BlogPosting","@id":"https:\/\/www.eldigitaldeasturias.com\/noticias\/galeria-de-fotos-de-la-50-san-silvestre-de-gijon\/#blogposting","name":"Galer\u00eda de fotos de la 50 San Silvestre de Gij\u00f3n - El Digital de Asturias","headline":"Galer\u00eda de fotos de la 50 San Silvestre de Gij\u00f3n","author":{"@id":"https:\/\/www.eldigitaldeasturias.com\/noticias\/author\/admin\/#author"},"publisher":{"@id":"https:\/\/www.eldigitaldeasturias.com\/noticias\/#organization"},"image":{"@type":"ImageObject","url":"https:\/\/www.eldigitaldeasturias.com\/noticias\/wp-content\/uploads\/2020\/01\/san-silvestre-Gijon-2-e1577870127649.jpg","width":670,"height":440,"caption":"Foto @saracorte_fotografia"},"datePublished":"2020-01-01T08:22:30+01:00","dateModified":"2023-04-02T01:34:13+02:00","inLanguage":"es-ES","mainEntityOfPage":{"@id":"https:\/\/www.eldigitaldeasturias.com\/noticias\/galeria-de-fotos-de-la-50-san-silvestre-de-gijon\/#webpage"},"isPartOf":{"@id":"https:\/\/www.eldigitaldeasturias.com\/noticias\/galeria-de-fotos-de-la-50-san-silvestre-de-gijon\/#webpage"},"articleSection":"Fotos Asturias, Galer\u00eda"},{"@type":"BreadcrumbList","@id":"https:\/\/www.eldigitaldeasturias.com\/noticias\/galeria-de-fotos-de-la-50-san-silvestre-de-gijon\/#breadcrumblist","itemListElement":[{"@type":"ListItem","@id":"https:\/\/www.eldigitaldeasturias.com\/noticias#listItem","position":1,"name":"Home","item":"https:\/\/www.eldigitaldeasturias.com\/noticias","nextItem":{"@type":"ListItem","@id":"https:\/\/www.eldigitaldeasturias.com\/noticias\/category\/fotos-asturias\/#listItem","name":"Fotos Asturias"}},{"@type":"ListItem","@id":"https:\/\/www.eldigitaldeasturias.com\/noticias\/category\/fotos-asturias\/#listItem","position":2,"name":"Fotos Asturias","item":"https:\/\/www.eldigitaldeasturias.com\/noticias\/category\/fotos-asturias\/","nextItem":{"@type":"ListItem","@id":"https:\/\/www.eldigitaldeasturias.com\/noticias\/galeria-de-fotos-de-la-50-san-silvestre-de-gijon\/#listItem","name":"Galer\u00eda de fotos de la 50 San Silvestre de Gij\u00f3n"},"previousItem":{"@type":"ListItem","@id":"https:\/\/www.eldigitaldeasturias.com\/noticias#listItem","name":"Home"}},{"@type":"ListItem","@id":"https:\/\/www.eldigitaldeasturias.com\/noticias\/galeria-de-fotos-de-la-50-san-silvestre-de-gijon\/#listItem","position":3,"name":"Galer\u00eda de fotos de la 50 San Silvestre de Gij\u00f3n","previousItem":{"@type":"ListItem","@id":"https:\/\/www.eldigitaldeasturias.com\/noticias\/category\/fotos-asturias\/#listItem","name":"Fotos Asturias"}}]},{"@type":"Organization","@id":"https:\/\/www.eldigitaldeasturias.com\/noticias\/#organization","name":"El Digital de Asturias","description":"Hemeroteca","url":"https:\/\/www.eldigitaldeasturias.com\/noticias\/","email":"info@eldigitaldeasturias.com","telephone":"+34652131393","logo":{"@type":"ImageObject","url":"https:\/\/www.eldigitaldeasturias.com\/noticias\/wp-content\/uploads\/2020\/12\/EDA.jpg","@id":"https:\/\/www.eldigitaldeasturias.com\/noticias\/galeria-de-fotos-de-la-50-san-silvestre-de-gijon\/#organizationLogo","width":649,"height":297},"image":{"@id":"https:\/\/www.eldigitaldeasturias.com\/noticias\/galeria-de-fotos-de-la-50-san-silvestre-de-gijon\/#organizationLogo"},"sameAs":["https:\/\/facebook.com\/eldigitaldeasturias","https:\/\/www.youtube.com\/channel\/UCZP-2wLEB9Rv6erhFmqVnvg"],"address":{"@id":"https:\/\/www.eldigitaldeasturias.com\/noticias\/#postaladdress","@type":"PostalAddress","streetAddress":"san antonio 4,","postalCode":"33430","addressLocality":"Cand\u00e1s","addressRegion":"Asturias","addressCountry":"ES"}},{"@type":"Person","@id":"https:\/\/www.eldigitaldeasturias.com\/noticias\/author\/admin\/#author","url":"https:\/\/www.eldigitaldeasturias.com\/noticias\/author\/admin\/","name":"El Digital de Asturias","image":{"@type":"ImageObject","@id":"https:\/\/www.eldigitaldeasturias.com\/noticias\/galeria-de-fotos-de-la-50-san-silvestre-de-gijon\/#authorImage","url":"https:\/\/www.eldigitaldeasturias.com\/noticias\/wp-content\/litespeed\/avatar\/18677e78aa0546b92d9dbf31ec7d7668.jpg?ver=1777290358","width":96,"height":96,"caption":"El Digital de Asturias"}},{"@type":"WebPage","@id":"https:\/\/www.eldigitaldeasturias.com\/noticias\/galeria-de-fotos-de-la-50-san-silvestre-de-gijon\/#webpage","url":"https:\/\/www.eldigitaldeasturias.com\/noticias\/galeria-de-fotos-de-la-50-san-silvestre-de-gijon\/","name":"Galer\u00eda de fotos de la 50 San Silvestre de Gij\u00f3n - El Digital de Asturias","description":"El 31 de diciembre de 2019 en Gij\u00f3n se ha celebrado la tradicional San Silvestre de la ciudad, una prueba que ha sumado medio siglo de historia y que ha contando con m\u00e1s 7000 participantes, la fot\u00f3grafa asturiana Sara Corte nos ha cedido las siguientes fotos de la prueba. En la galer\u00eda de El","inLanguage":"es-ES","isPartOf":{"@id":"https:\/\/www.eldigitaldeasturias.com\/noticias\/#website"},"breadcrumb":{"@id":"https:\/\/www.eldigitaldeasturias.com\/noticias\/galeria-de-fotos-de-la-50-san-silvestre-de-gijon\/#breadcrumblist"},"author":{"@id":"https:\/\/www.eldigitaldeasturias.com\/noticias\/author\/admin\/#author"},"creator":{"@id":"https:\/\/www.eldigitaldeasturias.com\/noticias\/author\/admin\/#author"},"image":{"@type":"ImageObject","url":"https:\/\/www.eldigitaldeasturias.com\/noticias\/wp-content\/uploads\/2020\/01\/san-silvestre-Gijon-2-e1577870127649.jpg","@id":"https:\/\/www.eldigitaldeasturias.com\/noticias\/galeria-de-fotos-de-la-50-san-silvestre-de-gijon\/#mainImage","width":670,"height":440,"caption":"Foto @saracorte_fotografia"},"primaryImageOfPage":{"@id":"https:\/\/www.eldigitaldeasturias.com\/noticias\/galeria-de-fotos-de-la-50-san-silvestre-de-gijon\/#mainImage"},"datePublished":"2020-01-01T08:22:30+01:00","dateModified":"2023-04-02T01:34:13+02:00"},{"@type":"WebSite","@id":"https:\/\/www.eldigitaldeasturias.com\/noticias\/#website","url":"https:\/\/www.eldigitaldeasturias.com\/noticias\/","name":"El Digital de Asturias - Diario de actualidad y noticias","alternateName":"El Digital de Asturias - Diario de actualidad y noticias","description":"Hemeroteca","inLanguage":"es-ES","publisher":{"@id":"https:\/\/www.eldigitaldeasturias.com\/noticias\/#organization"}}]},"og:locale":"es_ES","og:site_name":"El Digital de Asturias","og:type":"article","og:title":"Galer\u00eda de fotos de la 50 San Silvestre de Gij\u00f3n - El Digital de Asturias","og:description":"El 31 de diciembre de 2019 en Gij\u00f3n se ha celebrado la tradicional San Silvestre de la ciudad, una prueba que ha sumado medio siglo de historia y que ha contando con m\u00e1s 7000 participantes, la fot\u00f3grafa asturiana Sara Corte nos ha cedido las siguientes fotos de la prueba. En la galer\u00eda de El","og:url":"https:\/\/www.eldigitaldeasturias.com\/noticias\/galeria-de-fotos-de-la-50-san-silvestre-de-gijon\/","og:image":"https:\/\/www.eldigitaldeasturias.com\/noticias\/wp-content\/uploads\/2020\/01\/san-silvestre-Gijon-2-e1577870127649.jpg","og:image:secure_url":"https:\/\/www.eldigitaldeasturias.com\/noticias\/wp-content\/uploads\/2020\/01\/san-silvestre-Gijon-2-e1577870127649.jpg","og:image:width":670,"og:image:height":440,"article:tag":["fotos asturias"],"article:published_time":"2020-01-01T07:22:30+00:00","article:modified_time":"2023-04-01T23:34:13+00:00","article:publisher":"https:\/\/facebook.com\/eldigitaldeasturias","twitter:card":"summary_large_image","twitter:title":"Galer\u00eda de fotos de la 50 San Silvestre de Gij\u00f3n - El Digital de Asturias","twitter:description":"El 31 de diciembre de 2019 en Gij\u00f3n se ha celebrado la tradicional San Silvestre de la ciudad, una prueba que ha sumado medio siglo de historia y que ha contando con m\u00e1s 7000 participantes, la fot\u00f3grafa asturiana Sara Corte nos ha cedido las siguientes fotos de la prueba. En la galer\u00eda de El","twitter:image":"https:\/\/www.eldigitaldeasturias.com\/noticias\/wp-content\/uploads\/2020\/01\/san-silvestre-Gijon-2-e1577870127649.jpg","twitter:label1":"Escrito por","twitter:data1":"El Digital de Asturias"},"aioseo_meta_data":{"post_id":"1052672","title":null,"description":null,"keywords":null,"keyphrases":null,"primary_term":null,"canonical_url":null,"og_title":null,"og_description":null,"og_object_type":"default","og_image_type":"default","og_image_url":null,"og_image_width":null,"og_image_height":null,"og_image_custom_url":null,"og_image_custom_fields":null,"og_video":null,"og_custom_url":null,"og_article_section":null,"og_article_tags":null,"twitter_use_og":false,"twitter_card":"default","twitter_image_type":"default","twitter_image_url":null,"twitter_image_custom_url":null,"twitter_image_custom_fields":null,"twitter_title":null,"twitter_description":null,"schema":{"blockGraphs":[],"customGraphs":[],"default":{"data":{"Article":[],"Course":[],"Dataset":[],"FAQPage":[],"Movie":[],"Person":[],"Product":[],"ProductReview":[],"Car":[],"Recipe":[],"Service":[],"SoftwareApplication":[],"WebPage":[]},"graphName":"","isEnabled":true},"graphs":[],"defaultGraph":"","defaultPostTypeGraph":""},"schema_type":null,"schema_type_options":null,"pillar_content":false,"robots_default":true,"robots_noindex":false,"robots_noarchive":false,"robots_nosnippet":false,"robots_nofollow":false,"robots_noimageindex":false,"robots_noodp":false,"robots_notranslate":false,"robots_max_snippet":null,"robots_max_videopreview":null,"robots_max_imagepreview":"large","priority":null,"frequency":null,"local_seo":null,"seo_analyzer_scan_date":"2025-10-30 10:04:09","breadcrumb_settings":null,"limit_modified_date":false,"open_ai":null,"ai":null,"created":"2020-12-21 10:57:15","updated":"2025-10-30 10:04:09"},"aioseo_breadcrumb":"<div class=\"aioseo-breadcrumbs\"><span class=\"aioseo-breadcrumb\">\n\t<a href=\"https:\/\/www.eldigitaldeasturias.com\/noticias\" title=\"Home\">Home<\/a>\n<\/span><span class=\"aioseo-breadcrumb-separator\">\u2013<\/span><span class=\"aioseo-breadcrumb\">\n\t<a href=\"https:\/\/www.eldigitaldeasturias.com\/noticias\/category\/fotos-asturias\/\" title=\"Fotos Asturias\">Fotos Asturias<\/a>\n<\/span><span class=\"aioseo-breadcrumb-separator\">\u2013<\/span><span class=\"aioseo-breadcrumb\">\n\t<a href=\"https:\/\/www.eldigitaldeasturias.com\/noticias\/galeria-de-fotos-de-la-50-san-silvestre-de-gijon\/\" title=\"Galer\u00eda de fotos de la 50 San Silvestre de Gij\u00f3n\">Galer\u00eda de fotos de la 50 San Silvestre de Gij\u00f3n<\/a>\n<\/span><\/div>","aioseo_breadcrumb_json":[{"label":"Home","link":"https:\/\/www.eldigitaldeasturias.com\/noticias"},{"label":"Fotos Asturias","link":"https:\/\/www.eldigitaldeasturias.com\/noticias\/category\/fotos-asturias\/"},{"label":"Galer\u00eda de fotos de la 50 San Silvestre de Gij\u00f3n","link":"https:\/\/www.eldigitaldeasturias.com\/noticias\/galeria-de-fotos-de-la-50-san-silvestre-de-gijon\/"}],"_links":{"self":[{"href":"https:\/\/www.eldigitaldeasturias.com\/noticias\/wp-json\/wp\/v2\/posts\/1052672","targetHints":{"allow":["GET"]}}],"collection":[{"href":"https:\/\/www.eldigitaldeasturias.com\/noticias\/wp-json\/wp\/v2\/posts"}],"about":[{"href":"https:\/\/www.eldigitaldeasturias.com\/noticias\/wp-json\/wp\/v2\/types\/post"}],"author":[{"embeddable":true,"href":"https:\/\/www.eldigitaldeasturias.com\/noticias\/wp-json\/wp\/v2\/users\/1"}],"replies":[{"embeddable":true,"href":"https:\/\/www.eldigitaldeasturias.com\/noticias\/wp-json\/wp\/v2\/comments?post=1052672"}],"version-history":[{"count":0,"href":"https:\/\/www.eldigitaldeasturias.com\/noticias\/wp-json\/wp\/v2\/posts\/1052672\/revisions"}],"wp:featuredmedia":[{"embeddable":true,"href":"https:\/\/www.eldigitaldeasturias.com\/noticias\/wp-json\/wp\/v2\/media\/1052674"}],"wp:attachment":[{"href":"https:\/\/www.eldigitaldeasturias.com\/noticias\/wp-json\/wp\/v2\/media?parent=1052672"}],"wp:term":[{"taxonomy":"category","embeddable":true,"href":"https:\/\/www.eldigitaldeasturias.com\/noticias\/wp-json\/wp\/v2\/categories?post=1052672"},{"taxonomy":"post_tag","embeddable":true,"href":"https:\/\/www.eldigitaldeasturias.com\/noticias\/wp-json\/wp\/v2\/tags?post=1052672"}],"curies":[{"name":"wp","href":"https:\/\/api.w.org\/{rel}","templated":true}]}}