{"id":1049979,"date":"2019-12-06T07:07:38","date_gmt":"2019-12-06T07:07:38","guid":{"rendered":"https:\/\/www.eldigitaldeasturias.com\/noticias\/?p=1049979"},"modified":"2019-12-06T07:07:38","modified_gmt":"2019-12-06T07:07:38","slug":"de-estocolmo-a-china-planes-por-el-mundo","status":"publish","type":"post","link":"https:\/\/www.eldigitaldeasturias.com\/noticias\/de-estocolmo-a-china-planes-por-el-mundo\/","title":{"rendered":"De Estocolmo a China: Planes por el mundo"},"content":{"rendered":"<p><img loading=\"lazy\" decoding=\"async\" class=\"alignleft size-medium wp-image-1016180\" src=\"https:\/\/www.eldigitaldeasturias.com\/noticias\/wp-content\/uploads\/2019\/02\/airport-731196_960_720-360x240.jpg\" alt=\"\" width=\"360\" height=\"240\" srcset=\"https:\/\/www.eldigitaldeasturias.com\/noticias\/wp-content\/uploads\/2019\/02\/airport-731196_960_720-360x240.jpg 360w, https:\/\/www.eldigitaldeasturias.com\/noticias\/wp-content\/uploads\/2019\/02\/airport-731196_960_720-768x512.jpg 768w, https:\/\/www.eldigitaldeasturias.com\/noticias\/wp-content\/uploads\/2019\/02\/airport-731196_960_720-650x433.jpg 650w, https:\/\/www.eldigitaldeasturias.com\/noticias\/wp-content\/uploads\/2019\/02\/airport-731196_960_720.jpg 960w\" sizes=\"auto, (max-width: 360px) 100vw, 360px\" \/>(dpa) &#8211; En <strong>\u00d6stermalm<\/strong>, un barrio muy elegante de Estocolmo conocido por sus bares y restaurantes exclusivos, reinaugurar\u00e1 el mercado despu\u00e9s de tres a\u00f1os de tareas de renovaci\u00f3n. <strong>A partir del 23 de enero los visitantes podr\u00e1n recorrer el hist\u00f3rico edificio<\/strong>, construido en 1888, y probar especialidades de la cocina n\u00f3rdica. Las obras costaron mucho tiempo y dinero, y en ese per\u00edodo los puestos de venta se trasladaron a una construcci\u00f3n contigua, m\u00e1s moderna. Ahora ese edificio ser\u00e1 puesto a la venta.<\/p>\n<h2>China y un Legoland super-gigante<\/h2>\n<p>En la ciudad china de Shanghai se instalar\u00e1 un <strong>nuevo parque de Lego<\/strong> que ser\u00e1 inaugurado en 2022. Las obras ser\u00e1n iniciadas el a\u00f1o pr\u00f3ximo, y para cuando el predio sea inaugurado, ser\u00e1 el mayor Legoland del mundo. Poco antes, el parque m\u00e1s grande a nivel global estar\u00e1 en Nueva York. Abrir\u00e1 sus puertas en junio de 2020. Poco tiempo despu\u00e9s quedar\u00e1 superado por el predio de China.<\/p>\n<figure id=\"attachment_1049980\" aria-describedby=\"caption-attachment-1049980\" style=\"width: 670px\" class=\"wp-caption aligncenter\"><img loading=\"lazy\" decoding=\"async\" class=\"wp-image-1049980\" src=\"https:\/\/www.eldigitaldeasturias.com\/noticias\/wp-content\/uploads\/2019\/12\/El-parque-Europa-de-Rust-360x238.jpg\" alt=\"\" width=\"670\" height=\"443\" srcset=\"https:\/\/www.eldigitaldeasturias.com\/noticias\/wp-content\/uploads\/2019\/12\/El-parque-Europa-de-Rust-360x238.jpg 360w, https:\/\/www.eldigitaldeasturias.com\/noticias\/wp-content\/uploads\/2019\/12\/El-parque-Europa-de-Rust-690x456.jpg 690w, https:\/\/www.eldigitaldeasturias.com\/noticias\/wp-content\/uploads\/2019\/12\/El-parque-Europa-de-Rust-454x300.jpg 454w, https:\/\/www.eldigitaldeasturias.com\/noticias\/wp-content\/uploads\/2019\/12\/El-parque-Europa-de-Rust-768x507.jpg 768w, https:\/\/www.eldigitaldeasturias.com\/noticias\/wp-content\/uploads\/2019\/12\/El-parque-Europa-de-Rust.jpg 1020w\" sizes=\"auto, (max-width: 670px) 100vw, 670px\" \/><figcaption id=\"caption-attachment-1049980\" class=\"wp-caption-text\">El parque Europa de Rust, en el sur de Alemania, tiene un nuevo sector acu\u00e1tico. Foto: Patrick Seeger\/dpa\/dpa-tmn<\/figcaption><\/figure>\n<h2>Mundo acu\u00e1tico en plena Europa<\/h2>\n<p>Si uno est\u00e1 recorriendo Alemania y busca hacer una pausa visitando algo muy distinto, puede ir a Rust, una localidad cerca de Friburgo, en el sur del pa\u00eds. All\u00ed hay un parque de diversiones que ofrece un nuevo mundo acu\u00e1tico que est\u00e1 abierto todo el a\u00f1o. Ofrece 25 atracciones, entre ellas 17 toboganes. Los organizadores aseguran que es uno de los parques acu\u00e1ticos m\u00e1s grandes de toda Europa.<\/p>\n","protected":false},"excerpt":{"rendered":"<p>(dpa) &#8211; En \u00d6stermalm, un barrio muy elegante de Estocolmo conocido por sus bares y restaurantes exclusivos, reinaugurar\u00e1 el mercado despu\u00e9s de tres a\u00f1os de tareas de renovaci\u00f3n. A partir del 23 de enero los visitantes podr\u00e1n recorrer el hist\u00f3rico edificio, construido en 1888, y probar especialidades de la cocina n\u00f3rdica. Las obras costaron mucho [&hellip;]<\/p>\n","protected":false},"author":1,"featured_media":1049980,"comment_status":"closed","ping_status":"closed","sticky":false,"template":"","format":"standard","meta":{"footnotes":""},"categories":[148],"tags":[],"class_list":["post-1049979","post","type-post","status-publish","format-standard","has-post-thumbnail","hentry","category-turismo"],"aioseo_notices":[],"aioseo_head":"\n\t\t<!-- All in One SEO Pro 4.9.6.2 - aioseo.com -->\n\t<meta name=\"description\" content=\"(dpa) - En \u00d6stermalm, un barrio muy elegante de Estocolmo conocido por sus bares y restaurantes exclusivos, reinaugurar\u00e1 el mercado despu\u00e9s de tres a\u00f1os de tareas de renovaci\u00f3n. A partir del 23 de enero los visitantes podr\u00e1n recorrer el hist\u00f3rico edificio, construido en 1888, y probar especialidades de la cocina n\u00f3rdica. Las obras costaron mucho\" \/>\n\t<meta name=\"robots\" content=\"max-image-preview:large\" \/>\n\t<meta name=\"author\" content=\"El Digital de Asturias\"\/>\n\t<meta name=\"google-site-verification\" content=\"UA-38556648-1\" \/>\n\t<meta name=\"msvalidate.01\" content=\"7dfe9f3f1b24437ab69f4f2559babe99\" \/>\n\t<meta name=\"keywords\" content=\"turismo\" \/>\n\t<link rel=\"canonical\" href=\"https:\/\/www.eldigitaldeasturias.com\/noticias\/de-estocolmo-a-china-planes-por-el-mundo\/\" \/>\n\t<meta name=\"generator\" content=\"All in One SEO Pro (AIOSEO) 4.9.6.2\" \/>\n\t\t<meta property=\"og:locale\" content=\"es_ES\" \/>\n\t\t<meta property=\"og:site_name\" content=\"El Digital de Asturias\" \/>\n\t\t<meta property=\"og:type\" content=\"article\" \/>\n\t\t<meta property=\"og:title\" content=\"De Estocolmo a China: Planes por el mundo - El Digital de Asturias\" \/>\n\t\t<meta property=\"og:description\" content=\"(dpa) - En \u00d6stermalm, un barrio muy elegante de Estocolmo conocido por sus bares y restaurantes exclusivos, reinaugurar\u00e1 el mercado despu\u00e9s de tres a\u00f1os de tareas de renovaci\u00f3n. A partir del 23 de enero los visitantes podr\u00e1n recorrer el hist\u00f3rico edificio, construido en 1888, y probar especialidades de la cocina n\u00f3rdica. Las obras costaron mucho\" \/>\n\t\t<meta property=\"og:url\" content=\"https:\/\/www.eldigitaldeasturias.com\/noticias\/de-estocolmo-a-china-planes-por-el-mundo\/\" \/>\n\t\t<meta property=\"og:image\" content=\"https:\/\/www.eldigitaldeasturias.com\/noticias\/wp-content\/uploads\/2019\/12\/El-parque-Europa-de-Rust.jpg\" \/>\n\t\t<meta property=\"og:image:secure_url\" content=\"https:\/\/www.eldigitaldeasturias.com\/noticias\/wp-content\/uploads\/2019\/12\/El-parque-Europa-de-Rust.jpg\" \/>\n\t\t<meta property=\"og:image:width\" content=\"1020\" \/>\n\t\t<meta property=\"og:image:height\" content=\"674\" \/>\n\t\t<meta property=\"article:tag\" content=\"turismo\" \/>\n\t\t<meta property=\"article:published_time\" content=\"2019-12-06T07:07:38+00:00\" \/>\n\t\t<meta property=\"article:modified_time\" content=\"2019-12-06T07:07:38+00:00\" \/>\n\t\t<meta property=\"article:publisher\" content=\"https:\/\/facebook.com\/eldigitaldeasturias\" \/>\n\t\t<meta name=\"twitter:card\" content=\"summary_large_image\" \/>\n\t\t<meta name=\"twitter:title\" content=\"De Estocolmo a China: Planes por el mundo - El Digital de Asturias\" \/>\n\t\t<meta name=\"twitter:description\" content=\"(dpa) - En \u00d6stermalm, un barrio muy elegante de Estocolmo conocido por sus bares y restaurantes exclusivos, reinaugurar\u00e1 el mercado despu\u00e9s de tres a\u00f1os de tareas de renovaci\u00f3n. A partir del 23 de enero los visitantes podr\u00e1n recorrer el hist\u00f3rico edificio, construido en 1888, y probar especialidades de la cocina n\u00f3rdica. Las obras costaron mucho\" \/>\n\t\t<meta name=\"twitter:image\" content=\"https:\/\/www.eldigitaldeasturias.com\/noticias\/wp-content\/uploads\/2019\/12\/El-parque-Europa-de-Rust.jpg\" \/>\n\t\t<meta name=\"twitter:label1\" content=\"Escrito por\" \/>\n\t\t<meta name=\"twitter:data1\" content=\"El Digital de Asturias\" \/>\n\t\t<meta name=\"twitter:label2\" content=\"Tiempo de lectura estimado\" \/>\n\t\t<meta name=\"twitter:data2\" content=\"1 minuto\" \/>\n\t\t<script type=\"application\/ld+json\" class=\"aioseo-schema\">\n\t\t\t{\"@context\":\"https:\\\/\\\/schema.org\",\"@graph\":[{\"@type\":\"BlogPosting\",\"@id\":\"https:\\\/\\\/www.eldigitaldeasturias.com\\\/noticias\\\/de-estocolmo-a-china-planes-por-el-mundo\\\/#blogposting\",\"name\":\"De Estocolmo a China: Planes por el mundo - El Digital de Asturias\",\"headline\":\"De Estocolmo a China: Planes por el mundo\",\"author\":{\"@id\":\"https:\\\/\\\/www.eldigitaldeasturias.com\\\/noticias\\\/author\\\/admin\\\/#author\"},\"publisher\":{\"@id\":\"https:\\\/\\\/www.eldigitaldeasturias.com\\\/noticias\\\/#organization\"},\"image\":{\"@type\":\"ImageObject\",\"url\":\"https:\\\/\\\/www.eldigitaldeasturias.com\\\/noticias\\\/wp-content\\\/uploads\\\/2019\\\/12\\\/El-parque-Europa-de-Rust.jpg\",\"width\":1020,\"height\":674,\"caption\":\"El parque Europa de Rust, en el sur de Alemania, tiene un nuevo sector acu\\u00e1tico. Foto: Patrick Seeger\\\/dpa\\\/dpa-tmn\"},\"datePublished\":\"2019-12-06T07:07:38+01:00\",\"dateModified\":\"2019-12-06T07:07:38+01:00\",\"inLanguage\":\"es-ES\",\"mainEntityOfPage\":{\"@id\":\"https:\\\/\\\/www.eldigitaldeasturias.com\\\/noticias\\\/de-estocolmo-a-china-planes-por-el-mundo\\\/#webpage\"},\"isPartOf\":{\"@id\":\"https:\\\/\\\/www.eldigitaldeasturias.com\\\/noticias\\\/de-estocolmo-a-china-planes-por-el-mundo\\\/#webpage\"},\"articleSection\":\"Turismo\"},{\"@type\":\"BreadcrumbList\",\"@id\":\"https:\\\/\\\/www.eldigitaldeasturias.com\\\/noticias\\\/de-estocolmo-a-china-planes-por-el-mundo\\\/#breadcrumblist\",\"itemListElement\":[{\"@type\":\"ListItem\",\"@id\":\"https:\\\/\\\/www.eldigitaldeasturias.com\\\/noticias#listItem\",\"position\":1,\"name\":\"Home\",\"item\":\"https:\\\/\\\/www.eldigitaldeasturias.com\\\/noticias\",\"nextItem\":{\"@type\":\"ListItem\",\"@id\":\"https:\\\/\\\/www.eldigitaldeasturias.com\\\/noticias\\\/category\\\/turismo\\\/#listItem\",\"name\":\"Turismo\"}},{\"@type\":\"ListItem\",\"@id\":\"https:\\\/\\\/www.eldigitaldeasturias.com\\\/noticias\\\/category\\\/turismo\\\/#listItem\",\"position\":2,\"name\":\"Turismo\",\"item\":\"https:\\\/\\\/www.eldigitaldeasturias.com\\\/noticias\\\/category\\\/turismo\\\/\",\"nextItem\":{\"@type\":\"ListItem\",\"@id\":\"https:\\\/\\\/www.eldigitaldeasturias.com\\\/noticias\\\/de-estocolmo-a-china-planes-por-el-mundo\\\/#listItem\",\"name\":\"De Estocolmo a China: Planes por el mundo\"},\"previousItem\":{\"@type\":\"ListItem\",\"@id\":\"https:\\\/\\\/www.eldigitaldeasturias.com\\\/noticias#listItem\",\"name\":\"Home\"}},{\"@type\":\"ListItem\",\"@id\":\"https:\\\/\\\/www.eldigitaldeasturias.com\\\/noticias\\\/de-estocolmo-a-china-planes-por-el-mundo\\\/#listItem\",\"position\":3,\"name\":\"De Estocolmo a China: Planes por el mundo\",\"previousItem\":{\"@type\":\"ListItem\",\"@id\":\"https:\\\/\\\/www.eldigitaldeasturias.com\\\/noticias\\\/category\\\/turismo\\\/#listItem\",\"name\":\"Turismo\"}}]},{\"@type\":\"Organization\",\"@id\":\"https:\\\/\\\/www.eldigitaldeasturias.com\\\/noticias\\\/#organization\",\"name\":\"El Digital de Asturias\",\"description\":\"Hemeroteca\",\"url\":\"https:\\\/\\\/www.eldigitaldeasturias.com\\\/noticias\\\/\",\"email\":\"info@eldigitaldeasturias.com\",\"telephone\":\"+34652131393\",\"logo\":{\"@type\":\"ImageObject\",\"url\":\"https:\\\/\\\/www.eldigitaldeasturias.com\\\/noticias\\\/wp-content\\\/uploads\\\/2020\\\/12\\\/EDA.jpg\",\"@id\":\"https:\\\/\\\/www.eldigitaldeasturias.com\\\/noticias\\\/de-estocolmo-a-china-planes-por-el-mundo\\\/#organizationLogo\",\"width\":649,\"height\":297},\"image\":{\"@id\":\"https:\\\/\\\/www.eldigitaldeasturias.com\\\/noticias\\\/de-estocolmo-a-china-planes-por-el-mundo\\\/#organizationLogo\"},\"sameAs\":[\"https:\\\/\\\/facebook.com\\\/eldigitaldeasturias\",\"https:\\\/\\\/www.youtube.com\\\/channel\\\/UCZP-2wLEB9Rv6erhFmqVnvg\"],\"address\":{\"@id\":\"https:\\\/\\\/www.eldigitaldeasturias.com\\\/noticias\\\/#postaladdress\",\"@type\":\"PostalAddress\",\"streetAddress\":\"san antonio 4,\",\"postalCode\":\"33430\",\"addressLocality\":\"Cand\\u00e1s\",\"addressRegion\":\"Asturias\",\"addressCountry\":\"ES\"}},{\"@type\":\"Person\",\"@id\":\"https:\\\/\\\/www.eldigitaldeasturias.com\\\/noticias\\\/author\\\/admin\\\/#author\",\"url\":\"https:\\\/\\\/www.eldigitaldeasturias.com\\\/noticias\\\/author\\\/admin\\\/\",\"name\":\"El Digital de Asturias\",\"image\":{\"@type\":\"ImageObject\",\"@id\":\"https:\\\/\\\/www.eldigitaldeasturias.com\\\/noticias\\\/de-estocolmo-a-china-planes-por-el-mundo\\\/#authorImage\",\"url\":\"https:\\\/\\\/www.eldigitaldeasturias.com\\\/noticias\\\/wp-content\\\/litespeed\\\/avatar\\\/18677e78aa0546b92d9dbf31ec7d7668.jpg?ver=1777290358\",\"width\":96,\"height\":96,\"caption\":\"El Digital de Asturias\"}},{\"@type\":\"WebPage\",\"@id\":\"https:\\\/\\\/www.eldigitaldeasturias.com\\\/noticias\\\/de-estocolmo-a-china-planes-por-el-mundo\\\/#webpage\",\"url\":\"https:\\\/\\\/www.eldigitaldeasturias.com\\\/noticias\\\/de-estocolmo-a-china-planes-por-el-mundo\\\/\",\"name\":\"De Estocolmo a China: Planes por el mundo - El Digital de Asturias\",\"description\":\"(dpa) - En \\u00d6stermalm, un barrio muy elegante de Estocolmo conocido por sus bares y restaurantes exclusivos, reinaugurar\\u00e1 el mercado despu\\u00e9s de tres a\\u00f1os de tareas de renovaci\\u00f3n. A partir del 23 de enero los visitantes podr\\u00e1n recorrer el hist\\u00f3rico edificio, construido en 1888, y probar especialidades de la cocina n\\u00f3rdica. Las obras costaron mucho\",\"inLanguage\":\"es-ES\",\"isPartOf\":{\"@id\":\"https:\\\/\\\/www.eldigitaldeasturias.com\\\/noticias\\\/#website\"},\"breadcrumb\":{\"@id\":\"https:\\\/\\\/www.eldigitaldeasturias.com\\\/noticias\\\/de-estocolmo-a-china-planes-por-el-mundo\\\/#breadcrumblist\"},\"author\":{\"@id\":\"https:\\\/\\\/www.eldigitaldeasturias.com\\\/noticias\\\/author\\\/admin\\\/#author\"},\"creator\":{\"@id\":\"https:\\\/\\\/www.eldigitaldeasturias.com\\\/noticias\\\/author\\\/admin\\\/#author\"},\"image\":{\"@type\":\"ImageObject\",\"url\":\"https:\\\/\\\/www.eldigitaldeasturias.com\\\/noticias\\\/wp-content\\\/uploads\\\/2019\\\/12\\\/El-parque-Europa-de-Rust.jpg\",\"@id\":\"https:\\\/\\\/www.eldigitaldeasturias.com\\\/noticias\\\/de-estocolmo-a-china-planes-por-el-mundo\\\/#mainImage\",\"width\":1020,\"height\":674,\"caption\":\"El parque Europa de Rust, en el sur de Alemania, tiene un nuevo sector acu\\u00e1tico. Foto: Patrick Seeger\\\/dpa\\\/dpa-tmn\"},\"primaryImageOfPage\":{\"@id\":\"https:\\\/\\\/www.eldigitaldeasturias.com\\\/noticias\\\/de-estocolmo-a-china-planes-por-el-mundo\\\/#mainImage\"},\"datePublished\":\"2019-12-06T07:07:38+01:00\",\"dateModified\":\"2019-12-06T07:07:38+01:00\"},{\"@type\":\"WebSite\",\"@id\":\"https:\\\/\\\/www.eldigitaldeasturias.com\\\/noticias\\\/#website\",\"url\":\"https:\\\/\\\/www.eldigitaldeasturias.com\\\/noticias\\\/\",\"name\":\"El Digital de Asturias - Diario de actualidad y noticias\",\"alternateName\":\"El Digital de Asturias - Diario de actualidad y noticias\",\"description\":\"Hemeroteca\",\"inLanguage\":\"es-ES\",\"publisher\":{\"@id\":\"https:\\\/\\\/www.eldigitaldeasturias.com\\\/noticias\\\/#organization\"}}]}\n\t\t<\/script>\n\t\t<!-- All in One SEO Pro -->\r\n\t\t<title>De Estocolmo a China: Planes por el mundo - El Digital de Asturias<\/title>\n\n","aioseo_head_json":{"title":"De Estocolmo a China: Planes por el mundo - El Digital de Asturias","description":"(dpa) - En \u00d6stermalm, un barrio muy elegante de Estocolmo conocido por sus bares y restaurantes exclusivos, reinaugurar\u00e1 el mercado despu\u00e9s de tres a\u00f1os de tareas de renovaci\u00f3n. A partir del 23 de enero los visitantes podr\u00e1n recorrer el hist\u00f3rico edificio, construido en 1888, y probar especialidades de la cocina n\u00f3rdica. Las obras costaron mucho","canonical_url":"https:\/\/www.eldigitaldeasturias.com\/noticias\/de-estocolmo-a-china-planes-por-el-mundo\/","robots":"max-image-preview:large","keywords":"turismo","webmasterTools":{"google-site-verification":"UA-38556648-1","msvalidate.01":"7dfe9f3f1b24437ab69f4f2559babe99","miscellaneous":""},"schema":{"@context":"https:\/\/schema.org","@graph":[{"@type":"BlogPosting","@id":"https:\/\/www.eldigitaldeasturias.com\/noticias\/de-estocolmo-a-china-planes-por-el-mundo\/#blogposting","name":"De Estocolmo a China: Planes por el mundo - El Digital de Asturias","headline":"De Estocolmo a China: Planes por el mundo","author":{"@id":"https:\/\/www.eldigitaldeasturias.com\/noticias\/author\/admin\/#author"},"publisher":{"@id":"https:\/\/www.eldigitaldeasturias.com\/noticias\/#organization"},"image":{"@type":"ImageObject","url":"https:\/\/www.eldigitaldeasturias.com\/noticias\/wp-content\/uploads\/2019\/12\/El-parque-Europa-de-Rust.jpg","width":1020,"height":674,"caption":"El parque Europa de Rust, en el sur de Alemania, tiene un nuevo sector acu\u00e1tico. Foto: Patrick Seeger\/dpa\/dpa-tmn"},"datePublished":"2019-12-06T07:07:38+01:00","dateModified":"2019-12-06T07:07:38+01:00","inLanguage":"es-ES","mainEntityOfPage":{"@id":"https:\/\/www.eldigitaldeasturias.com\/noticias\/de-estocolmo-a-china-planes-por-el-mundo\/#webpage"},"isPartOf":{"@id":"https:\/\/www.eldigitaldeasturias.com\/noticias\/de-estocolmo-a-china-planes-por-el-mundo\/#webpage"},"articleSection":"Turismo"},{"@type":"BreadcrumbList","@id":"https:\/\/www.eldigitaldeasturias.com\/noticias\/de-estocolmo-a-china-planes-por-el-mundo\/#breadcrumblist","itemListElement":[{"@type":"ListItem","@id":"https:\/\/www.eldigitaldeasturias.com\/noticias#listItem","position":1,"name":"Home","item":"https:\/\/www.eldigitaldeasturias.com\/noticias","nextItem":{"@type":"ListItem","@id":"https:\/\/www.eldigitaldeasturias.com\/noticias\/category\/turismo\/#listItem","name":"Turismo"}},{"@type":"ListItem","@id":"https:\/\/www.eldigitaldeasturias.com\/noticias\/category\/turismo\/#listItem","position":2,"name":"Turismo","item":"https:\/\/www.eldigitaldeasturias.com\/noticias\/category\/turismo\/","nextItem":{"@type":"ListItem","@id":"https:\/\/www.eldigitaldeasturias.com\/noticias\/de-estocolmo-a-china-planes-por-el-mundo\/#listItem","name":"De Estocolmo a China: Planes por el mundo"},"previousItem":{"@type":"ListItem","@id":"https:\/\/www.eldigitaldeasturias.com\/noticias#listItem","name":"Home"}},{"@type":"ListItem","@id":"https:\/\/www.eldigitaldeasturias.com\/noticias\/de-estocolmo-a-china-planes-por-el-mundo\/#listItem","position":3,"name":"De Estocolmo a China: Planes por el mundo","previousItem":{"@type":"ListItem","@id":"https:\/\/www.eldigitaldeasturias.com\/noticias\/category\/turismo\/#listItem","name":"Turismo"}}]},{"@type":"Organization","@id":"https:\/\/www.eldigitaldeasturias.com\/noticias\/#organization","name":"El Digital de Asturias","description":"Hemeroteca","url":"https:\/\/www.eldigitaldeasturias.com\/noticias\/","email":"info@eldigitaldeasturias.com","telephone":"+34652131393","logo":{"@type":"ImageObject","url":"https:\/\/www.eldigitaldeasturias.com\/noticias\/wp-content\/uploads\/2020\/12\/EDA.jpg","@id":"https:\/\/www.eldigitaldeasturias.com\/noticias\/de-estocolmo-a-china-planes-por-el-mundo\/#organizationLogo","width":649,"height":297},"image":{"@id":"https:\/\/www.eldigitaldeasturias.com\/noticias\/de-estocolmo-a-china-planes-por-el-mundo\/#organizationLogo"},"sameAs":["https:\/\/facebook.com\/eldigitaldeasturias","https:\/\/www.youtube.com\/channel\/UCZP-2wLEB9Rv6erhFmqVnvg"],"address":{"@id":"https:\/\/www.eldigitaldeasturias.com\/noticias\/#postaladdress","@type":"PostalAddress","streetAddress":"san antonio 4,","postalCode":"33430","addressLocality":"Cand\u00e1s","addressRegion":"Asturias","addressCountry":"ES"}},{"@type":"Person","@id":"https:\/\/www.eldigitaldeasturias.com\/noticias\/author\/admin\/#author","url":"https:\/\/www.eldigitaldeasturias.com\/noticias\/author\/admin\/","name":"El Digital de Asturias","image":{"@type":"ImageObject","@id":"https:\/\/www.eldigitaldeasturias.com\/noticias\/de-estocolmo-a-china-planes-por-el-mundo\/#authorImage","url":"https:\/\/www.eldigitaldeasturias.com\/noticias\/wp-content\/litespeed\/avatar\/18677e78aa0546b92d9dbf31ec7d7668.jpg?ver=1777290358","width":96,"height":96,"caption":"El Digital de Asturias"}},{"@type":"WebPage","@id":"https:\/\/www.eldigitaldeasturias.com\/noticias\/de-estocolmo-a-china-planes-por-el-mundo\/#webpage","url":"https:\/\/www.eldigitaldeasturias.com\/noticias\/de-estocolmo-a-china-planes-por-el-mundo\/","name":"De Estocolmo a China: Planes por el mundo - El Digital de Asturias","description":"(dpa) - En \u00d6stermalm, un barrio muy elegante de Estocolmo conocido por sus bares y restaurantes exclusivos, reinaugurar\u00e1 el mercado despu\u00e9s de tres a\u00f1os de tareas de renovaci\u00f3n. A partir del 23 de enero los visitantes podr\u00e1n recorrer el hist\u00f3rico edificio, construido en 1888, y probar especialidades de la cocina n\u00f3rdica. Las obras costaron mucho","inLanguage":"es-ES","isPartOf":{"@id":"https:\/\/www.eldigitaldeasturias.com\/noticias\/#website"},"breadcrumb":{"@id":"https:\/\/www.eldigitaldeasturias.com\/noticias\/de-estocolmo-a-china-planes-por-el-mundo\/#breadcrumblist"},"author":{"@id":"https:\/\/www.eldigitaldeasturias.com\/noticias\/author\/admin\/#author"},"creator":{"@id":"https:\/\/www.eldigitaldeasturias.com\/noticias\/author\/admin\/#author"},"image":{"@type":"ImageObject","url":"https:\/\/www.eldigitaldeasturias.com\/noticias\/wp-content\/uploads\/2019\/12\/El-parque-Europa-de-Rust.jpg","@id":"https:\/\/www.eldigitaldeasturias.com\/noticias\/de-estocolmo-a-china-planes-por-el-mundo\/#mainImage","width":1020,"height":674,"caption":"El parque Europa de Rust, en el sur de Alemania, tiene un nuevo sector acu\u00e1tico. Foto: Patrick Seeger\/dpa\/dpa-tmn"},"primaryImageOfPage":{"@id":"https:\/\/www.eldigitaldeasturias.com\/noticias\/de-estocolmo-a-china-planes-por-el-mundo\/#mainImage"},"datePublished":"2019-12-06T07:07:38+01:00","dateModified":"2019-12-06T07:07:38+01:00"},{"@type":"WebSite","@id":"https:\/\/www.eldigitaldeasturias.com\/noticias\/#website","url":"https:\/\/www.eldigitaldeasturias.com\/noticias\/","name":"El Digital de Asturias - Diario de actualidad y noticias","alternateName":"El Digital de Asturias - Diario de actualidad y noticias","description":"Hemeroteca","inLanguage":"es-ES","publisher":{"@id":"https:\/\/www.eldigitaldeasturias.com\/noticias\/#organization"}}]},"og:locale":"es_ES","og:site_name":"El Digital de Asturias","og:type":"article","og:title":"De Estocolmo a China: Planes por el mundo - El Digital de Asturias","og:description":"(dpa) - En \u00d6stermalm, un barrio muy elegante de Estocolmo conocido por sus bares y restaurantes exclusivos, reinaugurar\u00e1 el mercado despu\u00e9s de tres a\u00f1os de tareas de renovaci\u00f3n. A partir del 23 de enero los visitantes podr\u00e1n recorrer el hist\u00f3rico edificio, construido en 1888, y probar especialidades de la cocina n\u00f3rdica. Las obras costaron mucho","og:url":"https:\/\/www.eldigitaldeasturias.com\/noticias\/de-estocolmo-a-china-planes-por-el-mundo\/","og:image":"https:\/\/www.eldigitaldeasturias.com\/noticias\/wp-content\/uploads\/2019\/12\/El-parque-Europa-de-Rust.jpg","og:image:secure_url":"https:\/\/www.eldigitaldeasturias.com\/noticias\/wp-content\/uploads\/2019\/12\/El-parque-Europa-de-Rust.jpg","og:image:width":1020,"og:image:height":674,"article:tag":["turismo"],"article:published_time":"2019-12-06T07:07:38+00:00","article:modified_time":"2019-12-06T07:07:38+00:00","article:publisher":"https:\/\/facebook.com\/eldigitaldeasturias","twitter:card":"summary_large_image","twitter:title":"De Estocolmo a China: Planes por el mundo - El Digital de Asturias","twitter:description":"(dpa) - En \u00d6stermalm, un barrio muy elegante de Estocolmo conocido por sus bares y restaurantes exclusivos, reinaugurar\u00e1 el mercado despu\u00e9s de tres a\u00f1os de tareas de renovaci\u00f3n. A partir del 23 de enero los visitantes podr\u00e1n recorrer el hist\u00f3rico edificio, construido en 1888, y probar especialidades de la cocina n\u00f3rdica. Las obras costaron mucho","twitter:image":"https:\/\/www.eldigitaldeasturias.com\/noticias\/wp-content\/uploads\/2019\/12\/El-parque-Europa-de-Rust.jpg","twitter:label1":"Escrito por","twitter:data1":"El Digital de Asturias","twitter:label2":"Tiempo de lectura estimado","twitter:data2":"1 minuto"},"aioseo_meta_data":{"post_id":"1049979","title":null,"description":null,"keywords":null,"keyphrases":null,"primary_term":null,"canonical_url":null,"og_title":null,"og_description":null,"og_object_type":"default","og_image_type":"default","og_image_url":null,"og_image_width":null,"og_image_height":null,"og_image_custom_url":null,"og_image_custom_fields":null,"og_video":null,"og_custom_url":null,"og_article_section":null,"og_article_tags":null,"twitter_use_og":false,"twitter_card":"default","twitter_image_type":"default","twitter_image_url":null,"twitter_image_custom_url":null,"twitter_image_custom_fields":null,"twitter_title":null,"twitter_description":null,"schema":{"blockGraphs":[],"customGraphs":[],"default":{"data":{"Article":[],"Course":[],"Dataset":[],"FAQPage":[],"Movie":[],"Person":[],"Product":[],"ProductReview":[],"Car":[],"Recipe":[],"Service":[],"SoftwareApplication":[],"WebPage":[]},"graphName":"","isEnabled":true},"graphs":[],"defaultGraph":"","defaultPostTypeGraph":""},"schema_type":null,"schema_type_options":null,"pillar_content":false,"robots_default":true,"robots_noindex":false,"robots_noarchive":false,"robots_nosnippet":false,"robots_nofollow":false,"robots_noimageindex":false,"robots_noodp":false,"robots_notranslate":false,"robots_max_snippet":null,"robots_max_videopreview":null,"robots_max_imagepreview":"large","priority":null,"frequency":null,"local_seo":null,"seo_analyzer_scan_date":"2025-10-30 00:37:02","breadcrumb_settings":null,"limit_modified_date":false,"open_ai":null,"ai":null,"created":"2020-12-21 10:58:08","updated":"2025-10-30 00:37:02"},"aioseo_breadcrumb":"<div class=\"aioseo-breadcrumbs\"><span class=\"aioseo-breadcrumb\">\n\t<a href=\"https:\/\/www.eldigitaldeasturias.com\/noticias\" title=\"Home\">Home<\/a>\n<\/span><span class=\"aioseo-breadcrumb-separator\">\u2013<\/span><span class=\"aioseo-breadcrumb\">\n\t<a href=\"https:\/\/www.eldigitaldeasturias.com\/noticias\/category\/turismo\/\" title=\"Turismo\">Turismo<\/a>\n<\/span><span class=\"aioseo-breadcrumb-separator\">\u2013<\/span><span class=\"aioseo-breadcrumb\">\n\t<a href=\"https:\/\/www.eldigitaldeasturias.com\/noticias\/de-estocolmo-a-china-planes-por-el-mundo\/\" title=\"De Estocolmo a China: Planes por el mundo\">De Estocolmo a China: Planes por el mundo<\/a>\n<\/span><\/div>","aioseo_breadcrumb_json":[{"label":"Home","link":"https:\/\/www.eldigitaldeasturias.com\/noticias"},{"label":"Turismo","link":"https:\/\/www.eldigitaldeasturias.com\/noticias\/category\/turismo\/"},{"label":"De Estocolmo a China: Planes por el mundo","link":"https:\/\/www.eldigitaldeasturias.com\/noticias\/de-estocolmo-a-china-planes-por-el-mundo\/"}],"_links":{"self":[{"href":"https:\/\/www.eldigitaldeasturias.com\/noticias\/wp-json\/wp\/v2\/posts\/1049979","targetHints":{"allow":["GET"]}}],"collection":[{"href":"https:\/\/www.eldigitaldeasturias.com\/noticias\/wp-json\/wp\/v2\/posts"}],"about":[{"href":"https:\/\/www.eldigitaldeasturias.com\/noticias\/wp-json\/wp\/v2\/types\/post"}],"author":[{"embeddable":true,"href":"https:\/\/www.eldigitaldeasturias.com\/noticias\/wp-json\/wp\/v2\/users\/1"}],"replies":[{"embeddable":true,"href":"https:\/\/www.eldigitaldeasturias.com\/noticias\/wp-json\/wp\/v2\/comments?post=1049979"}],"version-history":[{"count":0,"href":"https:\/\/www.eldigitaldeasturias.com\/noticias\/wp-json\/wp\/v2\/posts\/1049979\/revisions"}],"wp:featuredmedia":[{"embeddable":true,"href":"https:\/\/www.eldigitaldeasturias.com\/noticias\/wp-json\/wp\/v2\/media\/1049980"}],"wp:attachment":[{"href":"https:\/\/www.eldigitaldeasturias.com\/noticias\/wp-json\/wp\/v2\/media?parent=1049979"}],"wp:term":[{"taxonomy":"category","embeddable":true,"href":"https:\/\/www.eldigitaldeasturias.com\/noticias\/wp-json\/wp\/v2\/categories?post=1049979"},{"taxonomy":"post_tag","embeddable":true,"href":"https:\/\/www.eldigitaldeasturias.com\/noticias\/wp-json\/wp\/v2\/tags?post=1049979"}],"curies":[{"name":"wp","href":"https:\/\/api.w.org\/{rel}","templated":true}]}}