{"id":1049976,"date":"2019-12-06T06:58:18","date_gmt":"2019-12-06T06:58:18","guid":{"rendered":"https:\/\/www.eldigitaldeasturias.com\/noticias\/?p=1049976"},"modified":"2019-12-06T06:58:18","modified_gmt":"2019-12-06T06:58:18","slug":"creta-la-isla-de-los-sabores-y-mucho-mas","status":"publish","type":"post","link":"https:\/\/www.eldigitaldeasturias.com\/noticias\/creta-la-isla-de-los-sabores-y-mucho-mas\/","title":{"rendered":"Creta: La isla de los sabores y mucho m\u00e1s"},"content":{"rendered":"<figure id=\"attachment_1049977\" aria-describedby=\"caption-attachment-1049977\" style=\"width: 360px\" class=\"wp-caption alignleft\"><img loading=\"lazy\" decoding=\"async\" class=\"size-medium wp-image-1049977\" src=\"https:\/\/www.eldigitaldeasturias.com\/noticias\/wp-content\/uploads\/2019\/12\/las-ruinas-de-Cnosos-360x226.jpg\" alt=\"\" width=\"360\" height=\"226\" srcset=\"https:\/\/www.eldigitaldeasturias.com\/noticias\/wp-content\/uploads\/2019\/12\/las-ruinas-de-Cnosos-360x226.jpg 360w, https:\/\/www.eldigitaldeasturias.com\/noticias\/wp-content\/uploads\/2019\/12\/las-ruinas-de-Cnosos-690x434.jpg 690w, https:\/\/www.eldigitaldeasturias.com\/noticias\/wp-content\/uploads\/2019\/12\/las-ruinas-de-Cnosos-477x300.jpg 477w, https:\/\/www.eldigitaldeasturias.com\/noticias\/wp-content\/uploads\/2019\/12\/las-ruinas-de-Cnosos-768x483.jpg 768w, https:\/\/www.eldigitaldeasturias.com\/noticias\/wp-content\/uploads\/2019\/12\/las-ruinas-de-Cnosos.jpg 1001w\" sizes=\"auto, (max-width: 360px) 100vw, 360px\" \/><figcaption id=\"caption-attachment-1049977\" class=\"wp-caption-text\">Vale la pena visitar las ruinas de Cnosos y empaparse en la historia local. Foto: Discovergreece.com\/dpa-tmn<\/figcaption><\/figure>\n<p>(dpa) &#8211; <strong>La mayor\u00eda de los turistas conocen Creta en los meses de verano<\/strong>, pero en invierno esta isla, la mayor de Grecia, tambi\u00e9n puede ser muy atractiva, sobre todo porque invita a vivir a un ritmo muy distinto. Bien lo sabe Giannis, que tiene decenas de olivos en su granja de Litsarda, en el noroeste de la isla. <em><strong>Los gallos cacarean y el perro observa con parsimonia la situaci\u00f3n<\/strong><\/em>.<\/p>\n<p>La diferencia entre verano e invierno se nota: la isla en invierno est\u00e1 much\u00edsimo m\u00e1s tranquila. <strong>Pero en cualquier momento del a\u00f1o hay cosas inolvidables para disfrutar<\/strong>.<\/p>\n<h2>Hierbas<\/h2>\n<p>En el jard\u00edn de Giannis crece toda una serie de hierbas de aroma intenso. Lavanda, romero, cal\u00e9ndula, menta e hinojo. Nada parece faltar. \u00c9l pasa cosechando de alguna que otra planta. <strong>\u00abLo necesitamos para la ensalada\u00bb<\/strong>, explica. No es una granja cualquiera.<\/p>\n<p>Tambi\u00e9n tiene un invernadero para trasladar todo lo que no pueda sobrevivir a bajas temperaturas. Planta desde tomates hasta berenjenas y zucchinis, y lo que no tiene en el jard\u00edn se lo puede pedir a los vecinos, que ven crecer naranjas y limones, por ejemplo. \u00abHacemos trueque\u00bb, dice el granjero sonriendo. <strong>Est\u00e1 feliz de haber cumplido su sue\u00f1o de tener su propia producci\u00f3n org\u00e1nica<\/strong>.<\/p>\n<p>Aprovecha todo para la cocina e invita junto a su pareja Julie, emigrada de Seattle, a los turistas a conocer la cocina local. En invierno prepara cenas dentro de su peque\u00f1a casa. En verano, en la gran explanada al aire libre.<\/p>\n<h2>Cabrito y verduras directo del jard\u00edn<\/h2>\n<p>\u00abEn la isla nos gusta comer carne\u00bb, cuenta Giannis del lugar, que cuenta con muchas cabras y ovejas en las monta\u00f1as. Y cerdos, tambi\u00e9n. <strong>\u00abAqu\u00ed s\u00f3lo los que viven cerca del mar comen pescado\u00bb<\/strong>, acota.<\/p>\n<p>Cuando prepara carne, Giannis lo acompa\u00f1a con verduras de su jard\u00edn. Los hu\u00e9spedes tienen que ponerse manos a la obra con \u00e9l. Pelan, cortan, y arrojan todo a una misma fuente: carne de cabra en trozos, zanahorias, papas, cebollas, manzanas, hierbas y condimentos. Acto seguido, el cocinero roc\u00eda todo con una buena cantidad de aceite de oliva y vino de la casa y mete todo al horno por unas dos horas. Cuanto m\u00e1s, mejor. <strong>\u00abAs\u00ed la carne se va poniendo bien tierna\u00bb<\/strong>, explica.<\/p>\n<p>Durante la espera pasan algunos vecinos, un bodeguero amigo deja unos vinos tintos y de un momento a otro lo invitan a quedarse a comer.<\/p>\n<h2>Aceite de oliva, un elixir<\/h2>\n<p>Giannis y Julie cuentan todo lo que preparan. En su casa cuelgan por todas partes ramilletes de hierbas en proceso de secado. Y por supuesto que tambi\u00e9n hacen su propio aceite de oliva. \u00abEn Creta se usa much\u00edsimo\u00bb, cuenta Maria, que opera junto con su familia una prensa para fabricar aceite como en los viejos tiempos.<\/p>\n<p><strong>\u00abCasi todos los hogares de Creta siguen haciendo su propio aceite, porque mucha gente tiene algunos olivos\u00bb<\/strong>, cuenta Maria. La cifra oficial dice que hay 35 millones de olivos en la isla, y seg\u00fan las estad\u00edsticas, cada cretense consume unos 50 litros por a\u00f1o. \u00abMi abuelo tiene 96 a\u00f1os y bebe todas las ma\u00f1anas un traguito de aceite de oliva antes del desayuno y come una cucharadita de miel de tomillo\u00bb, cuenta Mar\u00eda.<\/p>\n<h2>Esqu\u00ed y paseos<\/h2>\n<p>En Heracli\u00f3n y La Canea hay todo tipo de esquinas, pasajes y tiendas para visitar en cualquier \u00e9poca del a\u00f1o. Tambi\u00e9n est\u00e1n las ruinas de Cnosos, cerca de Heracli\u00f3n, abiertas todo el a\u00f1o. Otra opci\u00f3n son los paseos por la naturaleza, sea para caminar, andar en bicicleta o esquiar. Eso s\u00ed: no hay que esperar un gran despliegue de infraestructura, sino estar dispuesto a gozar de lo natural.<\/p>\n<h2>Sabores exquisitos<\/h2>\n<p>Los turistas que van de La Canea a Dracona pasan por un restaurante en plena monta\u00f1a llamado Ntounias, de Stelios Trilyrakis, que cocina como sol\u00edan hacerlo su madre y su abuela, en un fuego que arma delante de su casa, al aire libre. Coloca una sart\u00e9n bien pesada y dos ollas grandes sobre las llamas para preparar carne y verduras. Suele cosechar y cazar todo lo que cocina.<\/p>\n<p>La carne de cabra que sirve es tan tierna que se pude cortar sin usar cuchillo. \u00abTiene una cocci\u00f3n de 24 horas\u00bb, explica Stelios, que por supuesto tambi\u00e9n tiene para ofrecer un tsatsiki muy tradicional.<em> \u00bfEn cualquier estaci\u00f3n? \u00abS\u00ed, pero en invierno sin pepinos\u00bb, dice el cocinero por tradici\u00f3n<\/em>.<\/p>\n<p>&nbsp;<\/p>\n","protected":false},"excerpt":{"rendered":"<p>(dpa) &#8211; La mayor\u00eda de los turistas conocen Creta en los meses de verano, pero en invierno esta isla, la mayor de Grecia, tambi\u00e9n puede ser muy atractiva, sobre todo porque invita a vivir a un ritmo muy distinto. Bien lo sabe Giannis, que tiene decenas de olivos en su granja de Litsarda, en el [&hellip;]<\/p>\n","protected":false},"author":1,"featured_media":1049977,"comment_status":"closed","ping_status":"closed","sticky":false,"template":"","format":"standard","meta":{"footnotes":""},"categories":[148],"tags":[],"class_list":["post-1049976","post","type-post","status-publish","format-standard","has-post-thumbnail","hentry","category-turismo"],"aioseo_notices":[],"aioseo_head":"\n\t\t<!-- All in One SEO Pro 4.9.6.2 - aioseo.com -->\n\t<meta name=\"description\" content=\"(dpa) - La mayor\u00eda de los turistas conocen Creta en los meses de verano, pero en invierno esta isla, la mayor de Grecia, tambi\u00e9n puede ser muy atractiva, sobre todo porque invita a vivir a un ritmo muy distinto. Bien lo sabe Giannis, que tiene decenas de olivos en su granja de Litsarda, en el\" \/>\n\t<meta name=\"robots\" content=\"max-image-preview:large\" \/>\n\t<meta name=\"author\" content=\"El Digital de Asturias\"\/>\n\t<meta name=\"google-site-verification\" content=\"UA-38556648-1\" \/>\n\t<meta name=\"msvalidate.01\" content=\"7dfe9f3f1b24437ab69f4f2559babe99\" \/>\n\t<meta name=\"keywords\" content=\"turismo\" \/>\n\t<link rel=\"canonical\" href=\"https:\/\/www.eldigitaldeasturias.com\/noticias\/creta-la-isla-de-los-sabores-y-mucho-mas\/\" \/>\n\t<meta name=\"generator\" content=\"All in One SEO Pro (AIOSEO) 4.9.6.2\" \/>\n\t\t<meta property=\"og:locale\" content=\"es_ES\" \/>\n\t\t<meta property=\"og:site_name\" content=\"El Digital de Asturias\" \/>\n\t\t<meta property=\"og:type\" content=\"article\" \/>\n\t\t<meta property=\"og:title\" content=\"Creta: La isla de los sabores y mucho m\u00e1s - El Digital de Asturias\" \/>\n\t\t<meta property=\"og:description\" content=\"(dpa) - La mayor\u00eda de los turistas conocen Creta en los meses de verano, pero en invierno esta isla, la mayor de Grecia, tambi\u00e9n puede ser muy atractiva, sobre todo porque invita a vivir a un ritmo muy distinto. Bien lo sabe Giannis, que tiene decenas de olivos en su granja de Litsarda, en el\" \/>\n\t\t<meta property=\"og:url\" content=\"https:\/\/www.eldigitaldeasturias.com\/noticias\/creta-la-isla-de-los-sabores-y-mucho-mas\/\" \/>\n\t\t<meta property=\"og:image\" content=\"https:\/\/www.eldigitaldeasturias.com\/noticias\/wp-content\/uploads\/2019\/12\/las-ruinas-de-Cnosos.jpg\" \/>\n\t\t<meta property=\"og:image:secure_url\" content=\"https:\/\/www.eldigitaldeasturias.com\/noticias\/wp-content\/uploads\/2019\/12\/las-ruinas-de-Cnosos.jpg\" \/>\n\t\t<meta property=\"og:image:width\" content=\"1001\" \/>\n\t\t<meta property=\"og:image:height\" content=\"629\" \/>\n\t\t<meta property=\"article:tag\" content=\"turismo\" \/>\n\t\t<meta property=\"article:published_time\" content=\"2019-12-06T06:58:18+00:00\" \/>\n\t\t<meta property=\"article:modified_time\" content=\"2019-12-06T06:58:18+00:00\" \/>\n\t\t<meta property=\"article:publisher\" content=\"https:\/\/facebook.com\/eldigitaldeasturias\" \/>\n\t\t<meta name=\"twitter:card\" content=\"summary_large_image\" \/>\n\t\t<meta name=\"twitter:title\" content=\"Creta: La isla de los sabores y mucho m\u00e1s - El Digital de Asturias\" \/>\n\t\t<meta name=\"twitter:description\" content=\"(dpa) - La mayor\u00eda de los turistas conocen Creta en los meses de verano, pero en invierno esta isla, la mayor de Grecia, tambi\u00e9n puede ser muy atractiva, sobre todo porque invita a vivir a un ritmo muy distinto. Bien lo sabe Giannis, que tiene decenas de olivos en su granja de Litsarda, en el\" \/>\n\t\t<meta name=\"twitter:image\" content=\"https:\/\/www.eldigitaldeasturias.com\/noticias\/wp-content\/uploads\/2019\/12\/las-ruinas-de-Cnosos.jpg\" \/>\n\t\t<meta name=\"twitter:label1\" content=\"Escrito por\" \/>\n\t\t<meta name=\"twitter:data1\" content=\"El Digital de Asturias\" \/>\n\t\t<meta name=\"twitter:label2\" content=\"Tiempo de lectura estimado\" \/>\n\t\t<meta name=\"twitter:data2\" content=\"4 minutos\" \/>\n\t\t<script type=\"application\/ld+json\" class=\"aioseo-schema\">\n\t\t\t{\"@context\":\"https:\\\/\\\/schema.org\",\"@graph\":[{\"@type\":\"BlogPosting\",\"@id\":\"https:\\\/\\\/www.eldigitaldeasturias.com\\\/noticias\\\/creta-la-isla-de-los-sabores-y-mucho-mas\\\/#blogposting\",\"name\":\"Creta: La isla de los sabores y mucho m\\u00e1s - El Digital de Asturias\",\"headline\":\"Creta: La isla de los sabores y mucho m\\u00e1s\",\"author\":{\"@id\":\"https:\\\/\\\/www.eldigitaldeasturias.com\\\/noticias\\\/author\\\/admin\\\/#author\"},\"publisher\":{\"@id\":\"https:\\\/\\\/www.eldigitaldeasturias.com\\\/noticias\\\/#organization\"},\"image\":{\"@type\":\"ImageObject\",\"url\":\"https:\\\/\\\/www.eldigitaldeasturias.com\\\/noticias\\\/wp-content\\\/uploads\\\/2019\\\/12\\\/las-ruinas-de-Cnosos.jpg\",\"width\":1001,\"height\":629,\"caption\":\"Vale la pena visitar las ruinas de Cnosos y empaparse en la historia local. Foto: Discovergreece.com\\\/dpa-tmn\"},\"datePublished\":\"2019-12-06T06:58:18+01:00\",\"dateModified\":\"2019-12-06T06:58:18+01:00\",\"inLanguage\":\"es-ES\",\"mainEntityOfPage\":{\"@id\":\"https:\\\/\\\/www.eldigitaldeasturias.com\\\/noticias\\\/creta-la-isla-de-los-sabores-y-mucho-mas\\\/#webpage\"},\"isPartOf\":{\"@id\":\"https:\\\/\\\/www.eldigitaldeasturias.com\\\/noticias\\\/creta-la-isla-de-los-sabores-y-mucho-mas\\\/#webpage\"},\"articleSection\":\"Turismo\"},{\"@type\":\"BreadcrumbList\",\"@id\":\"https:\\\/\\\/www.eldigitaldeasturias.com\\\/noticias\\\/creta-la-isla-de-los-sabores-y-mucho-mas\\\/#breadcrumblist\",\"itemListElement\":[{\"@type\":\"ListItem\",\"@id\":\"https:\\\/\\\/www.eldigitaldeasturias.com\\\/noticias#listItem\",\"position\":1,\"name\":\"Home\",\"item\":\"https:\\\/\\\/www.eldigitaldeasturias.com\\\/noticias\",\"nextItem\":{\"@type\":\"ListItem\",\"@id\":\"https:\\\/\\\/www.eldigitaldeasturias.com\\\/noticias\\\/category\\\/turismo\\\/#listItem\",\"name\":\"Turismo\"}},{\"@type\":\"ListItem\",\"@id\":\"https:\\\/\\\/www.eldigitaldeasturias.com\\\/noticias\\\/category\\\/turismo\\\/#listItem\",\"position\":2,\"name\":\"Turismo\",\"item\":\"https:\\\/\\\/www.eldigitaldeasturias.com\\\/noticias\\\/category\\\/turismo\\\/\",\"nextItem\":{\"@type\":\"ListItem\",\"@id\":\"https:\\\/\\\/www.eldigitaldeasturias.com\\\/noticias\\\/creta-la-isla-de-los-sabores-y-mucho-mas\\\/#listItem\",\"name\":\"Creta: La isla de los sabores y mucho m\\u00e1s\"},\"previousItem\":{\"@type\":\"ListItem\",\"@id\":\"https:\\\/\\\/www.eldigitaldeasturias.com\\\/noticias#listItem\",\"name\":\"Home\"}},{\"@type\":\"ListItem\",\"@id\":\"https:\\\/\\\/www.eldigitaldeasturias.com\\\/noticias\\\/creta-la-isla-de-los-sabores-y-mucho-mas\\\/#listItem\",\"position\":3,\"name\":\"Creta: La isla de los sabores y mucho m\\u00e1s\",\"previousItem\":{\"@type\":\"ListItem\",\"@id\":\"https:\\\/\\\/www.eldigitaldeasturias.com\\\/noticias\\\/category\\\/turismo\\\/#listItem\",\"name\":\"Turismo\"}}]},{\"@type\":\"Organization\",\"@id\":\"https:\\\/\\\/www.eldigitaldeasturias.com\\\/noticias\\\/#organization\",\"name\":\"El Digital de Asturias\",\"description\":\"Hemeroteca\",\"url\":\"https:\\\/\\\/www.eldigitaldeasturias.com\\\/noticias\\\/\",\"email\":\"info@eldigitaldeasturias.com\",\"telephone\":\"+34652131393\",\"logo\":{\"@type\":\"ImageObject\",\"url\":\"https:\\\/\\\/www.eldigitaldeasturias.com\\\/noticias\\\/wp-content\\\/uploads\\\/2020\\\/12\\\/EDA.jpg\",\"@id\":\"https:\\\/\\\/www.eldigitaldeasturias.com\\\/noticias\\\/creta-la-isla-de-los-sabores-y-mucho-mas\\\/#organizationLogo\",\"width\":649,\"height\":297},\"image\":{\"@id\":\"https:\\\/\\\/www.eldigitaldeasturias.com\\\/noticias\\\/creta-la-isla-de-los-sabores-y-mucho-mas\\\/#organizationLogo\"},\"sameAs\":[\"https:\\\/\\\/facebook.com\\\/eldigitaldeasturias\",\"https:\\\/\\\/www.youtube.com\\\/channel\\\/UCZP-2wLEB9Rv6erhFmqVnvg\"],\"address\":{\"@id\":\"https:\\\/\\\/www.eldigitaldeasturias.com\\\/noticias\\\/#postaladdress\",\"@type\":\"PostalAddress\",\"streetAddress\":\"san antonio 4,\",\"postalCode\":\"33430\",\"addressLocality\":\"Cand\\u00e1s\",\"addressRegion\":\"Asturias\",\"addressCountry\":\"ES\"}},{\"@type\":\"Person\",\"@id\":\"https:\\\/\\\/www.eldigitaldeasturias.com\\\/noticias\\\/author\\\/admin\\\/#author\",\"url\":\"https:\\\/\\\/www.eldigitaldeasturias.com\\\/noticias\\\/author\\\/admin\\\/\",\"name\":\"El Digital de Asturias\",\"image\":{\"@type\":\"ImageObject\",\"@id\":\"https:\\\/\\\/www.eldigitaldeasturias.com\\\/noticias\\\/creta-la-isla-de-los-sabores-y-mucho-mas\\\/#authorImage\",\"url\":\"https:\\\/\\\/www.eldigitaldeasturias.com\\\/noticias\\\/wp-content\\\/litespeed\\\/avatar\\\/18677e78aa0546b92d9dbf31ec7d7668.jpg?ver=1777290358\",\"width\":96,\"height\":96,\"caption\":\"El Digital de Asturias\"}},{\"@type\":\"WebPage\",\"@id\":\"https:\\\/\\\/www.eldigitaldeasturias.com\\\/noticias\\\/creta-la-isla-de-los-sabores-y-mucho-mas\\\/#webpage\",\"url\":\"https:\\\/\\\/www.eldigitaldeasturias.com\\\/noticias\\\/creta-la-isla-de-los-sabores-y-mucho-mas\\\/\",\"name\":\"Creta: La isla de los sabores y mucho m\\u00e1s - El Digital de Asturias\",\"description\":\"(dpa) - La mayor\\u00eda de los turistas conocen Creta en los meses de verano, pero en invierno esta isla, la mayor de Grecia, tambi\\u00e9n puede ser muy atractiva, sobre todo porque invita a vivir a un ritmo muy distinto. Bien lo sabe Giannis, que tiene decenas de olivos en su granja de Litsarda, en el\",\"inLanguage\":\"es-ES\",\"isPartOf\":{\"@id\":\"https:\\\/\\\/www.eldigitaldeasturias.com\\\/noticias\\\/#website\"},\"breadcrumb\":{\"@id\":\"https:\\\/\\\/www.eldigitaldeasturias.com\\\/noticias\\\/creta-la-isla-de-los-sabores-y-mucho-mas\\\/#breadcrumblist\"},\"author\":{\"@id\":\"https:\\\/\\\/www.eldigitaldeasturias.com\\\/noticias\\\/author\\\/admin\\\/#author\"},\"creator\":{\"@id\":\"https:\\\/\\\/www.eldigitaldeasturias.com\\\/noticias\\\/author\\\/admin\\\/#author\"},\"image\":{\"@type\":\"ImageObject\",\"url\":\"https:\\\/\\\/www.eldigitaldeasturias.com\\\/noticias\\\/wp-content\\\/uploads\\\/2019\\\/12\\\/las-ruinas-de-Cnosos.jpg\",\"@id\":\"https:\\\/\\\/www.eldigitaldeasturias.com\\\/noticias\\\/creta-la-isla-de-los-sabores-y-mucho-mas\\\/#mainImage\",\"width\":1001,\"height\":629,\"caption\":\"Vale la pena visitar las ruinas de Cnosos y empaparse en la historia local. Foto: Discovergreece.com\\\/dpa-tmn\"},\"primaryImageOfPage\":{\"@id\":\"https:\\\/\\\/www.eldigitaldeasturias.com\\\/noticias\\\/creta-la-isla-de-los-sabores-y-mucho-mas\\\/#mainImage\"},\"datePublished\":\"2019-12-06T06:58:18+01:00\",\"dateModified\":\"2019-12-06T06:58:18+01:00\"},{\"@type\":\"WebSite\",\"@id\":\"https:\\\/\\\/www.eldigitaldeasturias.com\\\/noticias\\\/#website\",\"url\":\"https:\\\/\\\/www.eldigitaldeasturias.com\\\/noticias\\\/\",\"name\":\"El Digital de Asturias - Diario de actualidad y noticias\",\"alternateName\":\"El Digital de Asturias - Diario de actualidad y noticias\",\"description\":\"Hemeroteca\",\"inLanguage\":\"es-ES\",\"publisher\":{\"@id\":\"https:\\\/\\\/www.eldigitaldeasturias.com\\\/noticias\\\/#organization\"}}]}\n\t\t<\/script>\n\t\t<!-- All in One SEO Pro -->\r\n\t\t<title>Creta: La isla de los sabores y mucho m\u00e1s - El Digital de Asturias<\/title>\n\n","aioseo_head_json":{"title":"Creta: La isla de los sabores y mucho m\u00e1s - El Digital de Asturias","description":"(dpa) - La mayor\u00eda de los turistas conocen Creta en los meses de verano, pero en invierno esta isla, la mayor de Grecia, tambi\u00e9n puede ser muy atractiva, sobre todo porque invita a vivir a un ritmo muy distinto. Bien lo sabe Giannis, que tiene decenas de olivos en su granja de Litsarda, en el","canonical_url":"https:\/\/www.eldigitaldeasturias.com\/noticias\/creta-la-isla-de-los-sabores-y-mucho-mas\/","robots":"max-image-preview:large","keywords":"turismo","webmasterTools":{"google-site-verification":"UA-38556648-1","msvalidate.01":"7dfe9f3f1b24437ab69f4f2559babe99","miscellaneous":""},"schema":{"@context":"https:\/\/schema.org","@graph":[{"@type":"BlogPosting","@id":"https:\/\/www.eldigitaldeasturias.com\/noticias\/creta-la-isla-de-los-sabores-y-mucho-mas\/#blogposting","name":"Creta: La isla de los sabores y mucho m\u00e1s - El Digital de Asturias","headline":"Creta: La isla de los sabores y mucho m\u00e1s","author":{"@id":"https:\/\/www.eldigitaldeasturias.com\/noticias\/author\/admin\/#author"},"publisher":{"@id":"https:\/\/www.eldigitaldeasturias.com\/noticias\/#organization"},"image":{"@type":"ImageObject","url":"https:\/\/www.eldigitaldeasturias.com\/noticias\/wp-content\/uploads\/2019\/12\/las-ruinas-de-Cnosos.jpg","width":1001,"height":629,"caption":"Vale la pena visitar las ruinas de Cnosos y empaparse en la historia local. Foto: Discovergreece.com\/dpa-tmn"},"datePublished":"2019-12-06T06:58:18+01:00","dateModified":"2019-12-06T06:58:18+01:00","inLanguage":"es-ES","mainEntityOfPage":{"@id":"https:\/\/www.eldigitaldeasturias.com\/noticias\/creta-la-isla-de-los-sabores-y-mucho-mas\/#webpage"},"isPartOf":{"@id":"https:\/\/www.eldigitaldeasturias.com\/noticias\/creta-la-isla-de-los-sabores-y-mucho-mas\/#webpage"},"articleSection":"Turismo"},{"@type":"BreadcrumbList","@id":"https:\/\/www.eldigitaldeasturias.com\/noticias\/creta-la-isla-de-los-sabores-y-mucho-mas\/#breadcrumblist","itemListElement":[{"@type":"ListItem","@id":"https:\/\/www.eldigitaldeasturias.com\/noticias#listItem","position":1,"name":"Home","item":"https:\/\/www.eldigitaldeasturias.com\/noticias","nextItem":{"@type":"ListItem","@id":"https:\/\/www.eldigitaldeasturias.com\/noticias\/category\/turismo\/#listItem","name":"Turismo"}},{"@type":"ListItem","@id":"https:\/\/www.eldigitaldeasturias.com\/noticias\/category\/turismo\/#listItem","position":2,"name":"Turismo","item":"https:\/\/www.eldigitaldeasturias.com\/noticias\/category\/turismo\/","nextItem":{"@type":"ListItem","@id":"https:\/\/www.eldigitaldeasturias.com\/noticias\/creta-la-isla-de-los-sabores-y-mucho-mas\/#listItem","name":"Creta: La isla de los sabores y mucho m\u00e1s"},"previousItem":{"@type":"ListItem","@id":"https:\/\/www.eldigitaldeasturias.com\/noticias#listItem","name":"Home"}},{"@type":"ListItem","@id":"https:\/\/www.eldigitaldeasturias.com\/noticias\/creta-la-isla-de-los-sabores-y-mucho-mas\/#listItem","position":3,"name":"Creta: La isla de los sabores y mucho m\u00e1s","previousItem":{"@type":"ListItem","@id":"https:\/\/www.eldigitaldeasturias.com\/noticias\/category\/turismo\/#listItem","name":"Turismo"}}]},{"@type":"Organization","@id":"https:\/\/www.eldigitaldeasturias.com\/noticias\/#organization","name":"El Digital de Asturias","description":"Hemeroteca","url":"https:\/\/www.eldigitaldeasturias.com\/noticias\/","email":"info@eldigitaldeasturias.com","telephone":"+34652131393","logo":{"@type":"ImageObject","url":"https:\/\/www.eldigitaldeasturias.com\/noticias\/wp-content\/uploads\/2020\/12\/EDA.jpg","@id":"https:\/\/www.eldigitaldeasturias.com\/noticias\/creta-la-isla-de-los-sabores-y-mucho-mas\/#organizationLogo","width":649,"height":297},"image":{"@id":"https:\/\/www.eldigitaldeasturias.com\/noticias\/creta-la-isla-de-los-sabores-y-mucho-mas\/#organizationLogo"},"sameAs":["https:\/\/facebook.com\/eldigitaldeasturias","https:\/\/www.youtube.com\/channel\/UCZP-2wLEB9Rv6erhFmqVnvg"],"address":{"@id":"https:\/\/www.eldigitaldeasturias.com\/noticias\/#postaladdress","@type":"PostalAddress","streetAddress":"san antonio 4,","postalCode":"33430","addressLocality":"Cand\u00e1s","addressRegion":"Asturias","addressCountry":"ES"}},{"@type":"Person","@id":"https:\/\/www.eldigitaldeasturias.com\/noticias\/author\/admin\/#author","url":"https:\/\/www.eldigitaldeasturias.com\/noticias\/author\/admin\/","name":"El Digital de Asturias","image":{"@type":"ImageObject","@id":"https:\/\/www.eldigitaldeasturias.com\/noticias\/creta-la-isla-de-los-sabores-y-mucho-mas\/#authorImage","url":"https:\/\/www.eldigitaldeasturias.com\/noticias\/wp-content\/litespeed\/avatar\/18677e78aa0546b92d9dbf31ec7d7668.jpg?ver=1777290358","width":96,"height":96,"caption":"El Digital de Asturias"}},{"@type":"WebPage","@id":"https:\/\/www.eldigitaldeasturias.com\/noticias\/creta-la-isla-de-los-sabores-y-mucho-mas\/#webpage","url":"https:\/\/www.eldigitaldeasturias.com\/noticias\/creta-la-isla-de-los-sabores-y-mucho-mas\/","name":"Creta: La isla de los sabores y mucho m\u00e1s - El Digital de Asturias","description":"(dpa) - La mayor\u00eda de los turistas conocen Creta en los meses de verano, pero en invierno esta isla, la mayor de Grecia, tambi\u00e9n puede ser muy atractiva, sobre todo porque invita a vivir a un ritmo muy distinto. Bien lo sabe Giannis, que tiene decenas de olivos en su granja de Litsarda, en el","inLanguage":"es-ES","isPartOf":{"@id":"https:\/\/www.eldigitaldeasturias.com\/noticias\/#website"},"breadcrumb":{"@id":"https:\/\/www.eldigitaldeasturias.com\/noticias\/creta-la-isla-de-los-sabores-y-mucho-mas\/#breadcrumblist"},"author":{"@id":"https:\/\/www.eldigitaldeasturias.com\/noticias\/author\/admin\/#author"},"creator":{"@id":"https:\/\/www.eldigitaldeasturias.com\/noticias\/author\/admin\/#author"},"image":{"@type":"ImageObject","url":"https:\/\/www.eldigitaldeasturias.com\/noticias\/wp-content\/uploads\/2019\/12\/las-ruinas-de-Cnosos.jpg","@id":"https:\/\/www.eldigitaldeasturias.com\/noticias\/creta-la-isla-de-los-sabores-y-mucho-mas\/#mainImage","width":1001,"height":629,"caption":"Vale la pena visitar las ruinas de Cnosos y empaparse en la historia local. Foto: Discovergreece.com\/dpa-tmn"},"primaryImageOfPage":{"@id":"https:\/\/www.eldigitaldeasturias.com\/noticias\/creta-la-isla-de-los-sabores-y-mucho-mas\/#mainImage"},"datePublished":"2019-12-06T06:58:18+01:00","dateModified":"2019-12-06T06:58:18+01:00"},{"@type":"WebSite","@id":"https:\/\/www.eldigitaldeasturias.com\/noticias\/#website","url":"https:\/\/www.eldigitaldeasturias.com\/noticias\/","name":"El Digital de Asturias - Diario de actualidad y noticias","alternateName":"El Digital de Asturias - Diario de actualidad y noticias","description":"Hemeroteca","inLanguage":"es-ES","publisher":{"@id":"https:\/\/www.eldigitaldeasturias.com\/noticias\/#organization"}}]},"og:locale":"es_ES","og:site_name":"El Digital de Asturias","og:type":"article","og:title":"Creta: La isla de los sabores y mucho m\u00e1s - El Digital de Asturias","og:description":"(dpa) - La mayor\u00eda de los turistas conocen Creta en los meses de verano, pero en invierno esta isla, la mayor de Grecia, tambi\u00e9n puede ser muy atractiva, sobre todo porque invita a vivir a un ritmo muy distinto. Bien lo sabe Giannis, que tiene decenas de olivos en su granja de Litsarda, en el","og:url":"https:\/\/www.eldigitaldeasturias.com\/noticias\/creta-la-isla-de-los-sabores-y-mucho-mas\/","og:image":"https:\/\/www.eldigitaldeasturias.com\/noticias\/wp-content\/uploads\/2019\/12\/las-ruinas-de-Cnosos.jpg","og:image:secure_url":"https:\/\/www.eldigitaldeasturias.com\/noticias\/wp-content\/uploads\/2019\/12\/las-ruinas-de-Cnosos.jpg","og:image:width":1001,"og:image:height":629,"article:tag":["turismo"],"article:published_time":"2019-12-06T06:58:18+00:00","article:modified_time":"2019-12-06T06:58:18+00:00","article:publisher":"https:\/\/facebook.com\/eldigitaldeasturias","twitter:card":"summary_large_image","twitter:title":"Creta: La isla de los sabores y mucho m\u00e1s - El Digital de Asturias","twitter:description":"(dpa) - La mayor\u00eda de los turistas conocen Creta en los meses de verano, pero en invierno esta isla, la mayor de Grecia, tambi\u00e9n puede ser muy atractiva, sobre todo porque invita a vivir a un ritmo muy distinto. Bien lo sabe Giannis, que tiene decenas de olivos en su granja de Litsarda, en el","twitter:image":"https:\/\/www.eldigitaldeasturias.com\/noticias\/wp-content\/uploads\/2019\/12\/las-ruinas-de-Cnosos.jpg","twitter:label1":"Escrito por","twitter:data1":"El Digital de Asturias","twitter:label2":"Tiempo de lectura estimado","twitter:data2":"4 minutos"},"aioseo_meta_data":{"post_id":"1049976","title":null,"description":null,"keywords":null,"keyphrases":null,"primary_term":null,"canonical_url":null,"og_title":null,"og_description":null,"og_object_type":"default","og_image_type":"default","og_image_url":null,"og_image_width":null,"og_image_height":null,"og_image_custom_url":null,"og_image_custom_fields":null,"og_video":null,"og_custom_url":null,"og_article_section":null,"og_article_tags":null,"twitter_use_og":false,"twitter_card":"default","twitter_image_type":"default","twitter_image_url":null,"twitter_image_custom_url":null,"twitter_image_custom_fields":null,"twitter_title":null,"twitter_description":null,"schema":{"blockGraphs":[],"customGraphs":[],"default":{"data":{"Article":[],"Course":[],"Dataset":[],"FAQPage":[],"Movie":[],"Person":[],"Product":[],"ProductReview":[],"Car":[],"Recipe":[],"Service":[],"SoftwareApplication":[],"WebPage":[]},"graphName":"","isEnabled":true},"graphs":[],"defaultGraph":"","defaultPostTypeGraph":""},"schema_type":null,"schema_type_options":null,"pillar_content":false,"robots_default":true,"robots_noindex":false,"robots_noarchive":false,"robots_nosnippet":false,"robots_nofollow":false,"robots_noimageindex":false,"robots_noodp":false,"robots_notranslate":false,"robots_max_snippet":null,"robots_max_videopreview":null,"robots_max_imagepreview":"large","priority":null,"frequency":null,"local_seo":null,"seo_analyzer_scan_date":"2025-10-30 00:37:01","breadcrumb_settings":null,"limit_modified_date":false,"open_ai":null,"ai":null,"created":"2020-12-21 10:58:08","updated":"2025-10-30 00:37:01"},"aioseo_breadcrumb":"<div class=\"aioseo-breadcrumbs\"><span class=\"aioseo-breadcrumb\">\n\t<a href=\"https:\/\/www.eldigitaldeasturias.com\/noticias\" title=\"Home\">Home<\/a>\n<\/span><span class=\"aioseo-breadcrumb-separator\">\u2013<\/span><span class=\"aioseo-breadcrumb\">\n\t<a href=\"https:\/\/www.eldigitaldeasturias.com\/noticias\/category\/turismo\/\" title=\"Turismo\">Turismo<\/a>\n<\/span><span class=\"aioseo-breadcrumb-separator\">\u2013<\/span><span class=\"aioseo-breadcrumb\">\n\t<a href=\"https:\/\/www.eldigitaldeasturias.com\/noticias\/creta-la-isla-de-los-sabores-y-mucho-mas\/\" title=\"Creta: La isla de los sabores y mucho m\u00e1s\">Creta: La isla de los sabores y mucho m\u00e1s<\/a>\n<\/span><\/div>","aioseo_breadcrumb_json":[{"label":"Home","link":"https:\/\/www.eldigitaldeasturias.com\/noticias"},{"label":"Turismo","link":"https:\/\/www.eldigitaldeasturias.com\/noticias\/category\/turismo\/"},{"label":"Creta: La isla de los sabores y mucho m\u00e1s","link":"https:\/\/www.eldigitaldeasturias.com\/noticias\/creta-la-isla-de-los-sabores-y-mucho-mas\/"}],"_links":{"self":[{"href":"https:\/\/www.eldigitaldeasturias.com\/noticias\/wp-json\/wp\/v2\/posts\/1049976","targetHints":{"allow":["GET"]}}],"collection":[{"href":"https:\/\/www.eldigitaldeasturias.com\/noticias\/wp-json\/wp\/v2\/posts"}],"about":[{"href":"https:\/\/www.eldigitaldeasturias.com\/noticias\/wp-json\/wp\/v2\/types\/post"}],"author":[{"embeddable":true,"href":"https:\/\/www.eldigitaldeasturias.com\/noticias\/wp-json\/wp\/v2\/users\/1"}],"replies":[{"embeddable":true,"href":"https:\/\/www.eldigitaldeasturias.com\/noticias\/wp-json\/wp\/v2\/comments?post=1049976"}],"version-history":[{"count":0,"href":"https:\/\/www.eldigitaldeasturias.com\/noticias\/wp-json\/wp\/v2\/posts\/1049976\/revisions"}],"wp:featuredmedia":[{"embeddable":true,"href":"https:\/\/www.eldigitaldeasturias.com\/noticias\/wp-json\/wp\/v2\/media\/1049977"}],"wp:attachment":[{"href":"https:\/\/www.eldigitaldeasturias.com\/noticias\/wp-json\/wp\/v2\/media?parent=1049976"}],"wp:term":[{"taxonomy":"category","embeddable":true,"href":"https:\/\/www.eldigitaldeasturias.com\/noticias\/wp-json\/wp\/v2\/categories?post=1049976"},{"taxonomy":"post_tag","embeddable":true,"href":"https:\/\/www.eldigitaldeasturias.com\/noticias\/wp-json\/wp\/v2\/tags?post=1049976"}],"curies":[{"name":"wp","href":"https:\/\/api.w.org\/{rel}","templated":true}]}}