{"id":1049868,"date":"2019-12-05T11:13:12","date_gmt":"2019-12-05T11:13:12","guid":{"rendered":"https:\/\/www.eldigitaldeasturias.com\/noticias\/?p=1049868"},"modified":"2019-12-05T11:13:12","modified_gmt":"2019-12-05T11:13:12","slug":"pasa-un-fin-de-semana-en-mallorca-viajando-desde-asturias","status":"publish","type":"post","link":"https:\/\/www.eldigitaldeasturias.com\/noticias\/pasa-un-fin-de-semana-en-mallorca-viajando-desde-asturias\/","title":{"rendered":"Pasa un fin de semana en Mallorca viajando desde Asturias"},"content":{"rendered":"<p><span style=\"font-weight: 400;\"><img loading=\"lazy\" decoding=\"async\" class=\"size-medium wp-image-1049869 alignleft\" src=\"https:\/\/www.eldigitaldeasturias.com\/noticias\/wp-content\/uploads\/2019\/12\/cala-en-Mallorca-360x296.jpg\" alt=\"\" width=\"360\" height=\"296\" srcset=\"https:\/\/www.eldigitaldeasturias.com\/noticias\/wp-content\/uploads\/2019\/12\/cala-en-Mallorca-360x296.jpg 360w, https:\/\/www.eldigitaldeasturias.com\/noticias\/wp-content\/uploads\/2019\/12\/cala-en-Mallorca-584x480.jpg 584w, https:\/\/www.eldigitaldeasturias.com\/noticias\/wp-content\/uploads\/2019\/12\/cala-en-Mallorca-365x300.jpg 365w, https:\/\/www.eldigitaldeasturias.com\/noticias\/wp-content\/uploads\/2019\/12\/cala-en-Mallorca.jpg 695w\" sizes=\"auto, (max-width: 360px) 100vw, 360px\" \/>\u00bfEst\u00e1s cansado del fr\u00edo, de la lluvia y del mal tiempo de Asturias? \u00bfNecesitas tomarte unos d\u00edas de desconexi\u00f3n en un lugar donde el sol y el buen clima sean los protagonistas? Pues no se hable m\u00e1s, <\/span><b>aprovecha para pasar un fin de semana realizando <\/b><span style=\"color: #ff6600;\"><a style=\"color: #ff6600;\" href=\"https:\/\/www.click-mallorca.com\/\" target=\"_blank\" rel=\"noopener noreferrer\"><b>excursiones en Palma<\/b><\/a><\/span><b> de Mallorca y carga las pilas en el Mediterr\u00e1neo<\/b><span style=\"font-weight: 400;\">.\u00a0<\/span><\/p>\n<p><span style=\"font-weight: 400;\">No hay duda de que Asturias es uno de los mejores lugares de Espa\u00f1a, por no decir el mejor, que re\u00fane todo lo necesario para disfrutar de una buena calidad de vida: naturaleza, gastronom\u00eda, paisajes espectaculares, buena gente, cultura\u2026\u00a0<\/span><\/p>\n<p><span style=\"font-weight: 400;\">Pero si hay <\/span><b>algo que se puede echar de menos en Asturias es el buen tiempo<\/b><span style=\"font-weight: 400;\">, especialmente durante el invierno, donde las bajas temperaturas y la lluvia est\u00e1n a la orden del d\u00eda. De hecho, los que somos de aqu\u00ed, sabemos que hay semanas en las que ver el sol se antoja realmente complicado.\u00a0<\/span><\/p>\n<p><span style=\"font-weight: 400;\">Esto hace que <\/span><b>cada vez sean m\u00e1s los asturianos que aprovechen cualquier fin de semana libre para viajar a Mallorca<\/b><span style=\"font-weight: 400;\"> y disfrutar de los encantos que ofrece la isla. Y es que aunque es cierto que el verano es la mejor \u00e9poca para visitar Mallorca, lo bueno que tiene esta ciudad es que el buen tiempo est\u00e1 presente durante todo el a\u00f1o, lo que sin duda es un respiro y una liberaci\u00f3n para aquellos asturianos que est\u00e1n algo colapsados con tanta lluvia y fr\u00edo.\u00a0<\/span><\/p>\n<p><span style=\"font-weight: 400;\">De hecho, <\/span><b>viajar a Mallorca en oto\u00f1o e invierno ofrece m\u00faltiples ventajas<\/b><span style=\"font-weight: 400;\">, ya que al no ser temporada alta, puedes disfrutar mucho m\u00e1s de los tesoros de la isla, sin aglomeraciones de gente y a un precio mucho m\u00e1s econ\u00f3mico.\u00a0<\/span><\/p>\n<h2><b>Las buenas conexiones de vuelos Asturias \u2013 Mallorca, clave<\/b><\/h2>\n<p><span style=\"font-weight: 400;\">Una de las claves para que la isla balear se haya convertido en uno de los destinos preferidos para los asturianos son <\/span><b>las buenas conexiones de vuelo Asturias \u2013 Mallorca<\/b><span style=\"font-weight: 400;\">, que permiten recorrer los m\u00e1s de 1.300 kil\u00f3metros que separan ambos destinos en apenas 90 minutos, a un precio realmente competitivo.\u00a0<\/span><\/p>\n<p><span style=\"font-weight: 400;\">Si te gustar\u00eda poder realizar este viaje y tomarte unos d\u00edas para desconectar, lo ideal es que <\/span><b>vayas mirando las diferentes ofertas de vuelo disponibles<\/b><span style=\"font-weight: 400;\">, hasta encontrar alguna que se ajuste a lo que buscas y te permita visitar la isla a un precio econ\u00f3mico.\u00a0<\/span><\/p>\n<p><span style=\"font-weight: 400;\">A d\u00eda de hoy esto es mucho m\u00e1s sencillo dada la gran cantidad de p\u00e1ginas de vuelos disponibles, donde puedes <\/span><b>configurar alertas para que te avisen cuando bajen los precios de los vuelos en las fechas solicitadas<\/b><span style=\"font-weight: 400;\">.\u00a0<\/span><\/p>\n<h2><b>\u00bfQu\u00e9 hacer en Mallorca durante un fin de semana?\u00a0<\/b><\/h2>\n<p><span style=\"font-weight: 400;\">Si finalmente te has animado a dar el paso, posiblemente te est\u00e9s preguntando <\/span><b>qu\u00e9 hacer en Mallorca durante un fin de semana<\/b><span style=\"font-weight: 400;\">. Pues tenemos que decirte que dispones de un sinf\u00edn de posibilidades.\u00a0<\/span><\/p>\n<p><span style=\"font-weight: 400;\">M\u00e1s all\u00e1 de visitar las m\u00faltiples playas y calas o la emblem\u00e1tica Catedral \u2013 Bas\u00edlica de Santa Mar\u00eda de Mallorca, dispones de otras <\/span><b>muchas actividades y excursiones para realizar que har\u00e1n que pases un fin de semana inolvidable<\/b><span style=\"font-weight: 400;\">. Y a continuaci\u00f3n te vamos a mostrar algunas de las m\u00e1s recomendadas. Presta atenci\u00f3n y toma nota.\u00a0<\/span><\/p>\n<h3><b>Paseos en catamar\u00e1n\u00a0<\/b><\/h3>\n<p><span style=\"font-weight: 400;\">Una de las actividades m\u00e1s demandadas por todo tipo de turistas que viajan a Palma de Mallorca son los <\/span><span style=\"color: #ff6600;\"><a style=\"color: #ff6600;\" href=\"https:\/\/www.click-mallorca.com\/actividades\/mallorca-paseos-barca-catamaran\/\" target=\"_blank\" rel=\"noopener noreferrer\"><b>paseos en catamar\u00e1n<\/b><\/a><\/span><span style=\"font-weight: 400;\">, que te ofrecen la oportunidad de disfrutar de las diferentes rutas a lo largo de toda la isla, y conocer algunos de los tesoros m\u00e1s desconocidos.\u00a0<\/span><\/p>\n<p><span style=\"font-weight: 400;\">Esta actividad tiene la ventaja de que se puede realizar en cualquier \u00e9poca del a\u00f1o gracias al buen clima de la ciudad, siendo perfecto para <\/span><b>pasar un d\u00eda de relax y desconexi\u00f3n mientras est\u00e1s en contacto con el mar<\/b><span style=\"font-weight: 400;\">. Te garantizamos que te olvidar\u00e1s de todos los problemas.\u00a0<\/span><\/p>\n<p><span style=\"font-weight: 400;\">Piensa que <\/span><b>Mallorca cuenta con m\u00e1s de 500 kil\u00f3metros de costa<\/b><span style=\"font-weight: 400;\">, por lo que dispones de una infinidad de posibilidades para realizar paseos en catamar\u00e1n. Te encantar\u00e1n.\u00a0<\/span><\/p>\n<h3><b>Excursiones por Mallorca\u00a0<\/b><\/h3>\n<p><span style=\"font-weight: 400;\">Mallorca ofrece una <\/span><b>amplia variedad de excursiones que te permitir\u00e1n conocer los lugares m\u00e1s emblem\u00e1ticos de la isla<\/b><span style=\"font-weight: 400;\">, de una forma diferente y muy divertida.\u00a0<\/span><\/p>\n<p><span style=\"font-weight: 400;\">Adem\u00e1s, <\/span><b>podr\u00e1s escoger la excursi\u00f3n que mejor se ajuste a tus gustos y necesidades<\/b><span style=\"font-weight: 400;\">, ya que tienes disponibles excursiones en autob\u00fas, en barco, a pie, rutas de senderismo\u2026\u00a0<\/span><\/p>\n<p><span style=\"font-weight: 400;\">Y no importa con qui\u00e9n viajes, ya que hay <\/span><b>excursiones aptas para todos los p\u00fablicos<\/b><span style=\"font-weight: 400;\">, perfectas para realizar con ni\u00f1os peque\u00f1os y tambi\u00e9n con personas de avanzada edad.\u00a0<\/span><\/p>\n<h3><b>Gastronom\u00eda\u00a0<\/b><\/h3>\n<p><span style=\"font-weight: 400;\">Por \u00faltimo, te recomendamos que aproveches tu estancia para <\/span><b>conocer y disfrutar de la gastronom\u00eda mallorquina<\/b><span style=\"font-weight: 400;\">, que sin duda har\u00e1 las delicias de los paladares m\u00e1s refinados.\u00a0<\/span><\/p>\n<p><span style=\"font-weight: 400;\">Mallorca es tierra de buen comer, con una <\/span><b>gastronom\u00eda que da protagonismo a los productos frescos procedentes de la huerta<\/b><span style=\"font-weight: 400;\">, a la carne de cerdo aut\u00f3ctono de la isla y los pescados frescos procedentes del mar Mediterr\u00e1neo.<\/span><\/p>\n<p><span style=\"font-weight: 400;\">Ya lo sabes, si quieres huir del mal tiempo de Asturias, prepara la maleta y disfruta de un fin de semana en Mallorca. No te arrepentir\u00e1s.\u00a0<\/span><\/p>\n<p>&nbsp;<\/p>\n","protected":false},"excerpt":{"rendered":"<p>\u00bfEst\u00e1s cansado del fr\u00edo, de la lluvia y del mal tiempo de Asturias? \u00bfNecesitas tomarte unos d\u00edas de desconexi\u00f3n en un lugar donde el sol y el buen clima sean los protagonistas? Pues no se hable m\u00e1s, aprovecha para pasar un fin de semana realizando excursiones en Palma de Mallorca y carga las pilas en [&hellip;]<\/p>\n","protected":false},"author":1,"featured_media":1049869,"comment_status":"closed","ping_status":"closed","sticky":false,"template":"","format":"standard","meta":{"footnotes":""},"categories":[148],"tags":[],"class_list":["post-1049868","post","type-post","status-publish","format-standard","has-post-thumbnail","hentry","category-turismo"],"aioseo_notices":[],"aioseo_head":"\n\t\t<!-- All in One SEO Pro 4.9.6.2 - aioseo.com -->\n\t<meta name=\"description\" content=\"\u00bfEst\u00e1s cansado del fr\u00edo, de la lluvia y del mal tiempo de Asturias? \u00bfNecesitas tomarte unos d\u00edas de desconexi\u00f3n en un lugar donde el sol y el buen clima sean los protagonistas? Pues no se hable m\u00e1s, aprovecha para pasar un fin de semana realizando excursiones en Palma de Mallorca y carga las pilas en\" \/>\n\t<meta name=\"robots\" content=\"max-image-preview:large\" \/>\n\t<meta name=\"author\" content=\"El Digital de Asturias\"\/>\n\t<meta name=\"google-site-verification\" content=\"UA-38556648-1\" \/>\n\t<meta name=\"msvalidate.01\" content=\"7dfe9f3f1b24437ab69f4f2559babe99\" \/>\n\t<meta name=\"keywords\" content=\"turismo\" \/>\n\t<link rel=\"canonical\" href=\"https:\/\/www.eldigitaldeasturias.com\/noticias\/pasa-un-fin-de-semana-en-mallorca-viajando-desde-asturias\/\" \/>\n\t<meta name=\"generator\" content=\"All in One SEO Pro (AIOSEO) 4.9.6.2\" \/>\n\t\t<meta property=\"og:locale\" content=\"es_ES\" \/>\n\t\t<meta property=\"og:site_name\" content=\"El Digital de Asturias\" \/>\n\t\t<meta property=\"og:type\" content=\"article\" \/>\n\t\t<meta property=\"og:title\" content=\"Pasa un fin de semana en Mallorca viajando desde Asturias - El Digital de Asturias\" \/>\n\t\t<meta property=\"og:description\" content=\"\u00bfEst\u00e1s cansado del fr\u00edo, de la lluvia y del mal tiempo de Asturias? \u00bfNecesitas tomarte unos d\u00edas de desconexi\u00f3n en un lugar donde el sol y el buen clima sean los protagonistas? Pues no se hable m\u00e1s, aprovecha para pasar un fin de semana realizando excursiones en Palma de Mallorca y carga las pilas en\" \/>\n\t\t<meta property=\"og:url\" content=\"https:\/\/www.eldigitaldeasturias.com\/noticias\/pasa-un-fin-de-semana-en-mallorca-viajando-desde-asturias\/\" \/>\n\t\t<meta property=\"og:image\" content=\"https:\/\/www.eldigitaldeasturias.com\/noticias\/wp-content\/uploads\/2019\/12\/cala-en-Mallorca.jpg\" \/>\n\t\t<meta property=\"og:image:secure_url\" content=\"https:\/\/www.eldigitaldeasturias.com\/noticias\/wp-content\/uploads\/2019\/12\/cala-en-Mallorca.jpg\" \/>\n\t\t<meta property=\"og:image:width\" content=\"695\" \/>\n\t\t<meta property=\"og:image:height\" content=\"571\" \/>\n\t\t<meta property=\"article:tag\" content=\"turismo\" \/>\n\t\t<meta property=\"article:published_time\" content=\"2019-12-05T11:13:12+00:00\" \/>\n\t\t<meta property=\"article:modified_time\" content=\"2019-12-05T11:13:12+00:00\" \/>\n\t\t<meta property=\"article:publisher\" content=\"https:\/\/facebook.com\/eldigitaldeasturias\" \/>\n\t\t<meta name=\"twitter:card\" content=\"summary_large_image\" \/>\n\t\t<meta name=\"twitter:title\" content=\"Pasa un fin de semana en Mallorca viajando desde Asturias - El Digital de Asturias\" \/>\n\t\t<meta name=\"twitter:description\" content=\"\u00bfEst\u00e1s cansado del fr\u00edo, de la lluvia y del mal tiempo de Asturias? \u00bfNecesitas tomarte unos d\u00edas de desconexi\u00f3n en un lugar donde el sol y el buen clima sean los protagonistas? Pues no se hable m\u00e1s, aprovecha para pasar un fin de semana realizando excursiones en Palma de Mallorca y carga las pilas en\" \/>\n\t\t<meta name=\"twitter:image\" content=\"https:\/\/www.eldigitaldeasturias.com\/noticias\/wp-content\/uploads\/2019\/12\/cala-en-Mallorca.jpg\" \/>\n\t\t<meta name=\"twitter:label1\" content=\"Escrito por\" \/>\n\t\t<meta name=\"twitter:data1\" content=\"El Digital de Asturias\" \/>\n\t\t<meta name=\"twitter:label2\" content=\"Tiempo de lectura estimado\" \/>\n\t\t<meta name=\"twitter:data2\" content=\"4 minutos\" \/>\n\t\t<script type=\"application\/ld+json\" class=\"aioseo-schema\">\n\t\t\t{\"@context\":\"https:\\\/\\\/schema.org\",\"@graph\":[{\"@type\":\"BlogPosting\",\"@id\":\"https:\\\/\\\/www.eldigitaldeasturias.com\\\/noticias\\\/pasa-un-fin-de-semana-en-mallorca-viajando-desde-asturias\\\/#blogposting\",\"name\":\"Pasa un fin de semana en Mallorca viajando desde Asturias - El Digital de Asturias\",\"headline\":\"Pasa un fin de semana en Mallorca viajando desde Asturias\",\"author\":{\"@id\":\"https:\\\/\\\/www.eldigitaldeasturias.com\\\/noticias\\\/author\\\/admin\\\/#author\"},\"publisher\":{\"@id\":\"https:\\\/\\\/www.eldigitaldeasturias.com\\\/noticias\\\/#organization\"},\"image\":{\"@type\":\"ImageObject\",\"url\":\"https:\\\/\\\/www.eldigitaldeasturias.com\\\/noticias\\\/wp-content\\\/uploads\\\/2019\\\/12\\\/cala-en-Mallorca.jpg\",\"width\":695,\"height\":571},\"datePublished\":\"2019-12-05T11:13:12+01:00\",\"dateModified\":\"2019-12-05T11:13:12+01:00\",\"inLanguage\":\"es-ES\",\"mainEntityOfPage\":{\"@id\":\"https:\\\/\\\/www.eldigitaldeasturias.com\\\/noticias\\\/pasa-un-fin-de-semana-en-mallorca-viajando-desde-asturias\\\/#webpage\"},\"isPartOf\":{\"@id\":\"https:\\\/\\\/www.eldigitaldeasturias.com\\\/noticias\\\/pasa-un-fin-de-semana-en-mallorca-viajando-desde-asturias\\\/#webpage\"},\"articleSection\":\"Turismo\"},{\"@type\":\"BreadcrumbList\",\"@id\":\"https:\\\/\\\/www.eldigitaldeasturias.com\\\/noticias\\\/pasa-un-fin-de-semana-en-mallorca-viajando-desde-asturias\\\/#breadcrumblist\",\"itemListElement\":[{\"@type\":\"ListItem\",\"@id\":\"https:\\\/\\\/www.eldigitaldeasturias.com\\\/noticias#listItem\",\"position\":1,\"name\":\"Home\",\"item\":\"https:\\\/\\\/www.eldigitaldeasturias.com\\\/noticias\",\"nextItem\":{\"@type\":\"ListItem\",\"@id\":\"https:\\\/\\\/www.eldigitaldeasturias.com\\\/noticias\\\/category\\\/turismo\\\/#listItem\",\"name\":\"Turismo\"}},{\"@type\":\"ListItem\",\"@id\":\"https:\\\/\\\/www.eldigitaldeasturias.com\\\/noticias\\\/category\\\/turismo\\\/#listItem\",\"position\":2,\"name\":\"Turismo\",\"item\":\"https:\\\/\\\/www.eldigitaldeasturias.com\\\/noticias\\\/category\\\/turismo\\\/\",\"nextItem\":{\"@type\":\"ListItem\",\"@id\":\"https:\\\/\\\/www.eldigitaldeasturias.com\\\/noticias\\\/pasa-un-fin-de-semana-en-mallorca-viajando-desde-asturias\\\/#listItem\",\"name\":\"Pasa un fin de semana en Mallorca viajando desde Asturias\"},\"previousItem\":{\"@type\":\"ListItem\",\"@id\":\"https:\\\/\\\/www.eldigitaldeasturias.com\\\/noticias#listItem\",\"name\":\"Home\"}},{\"@type\":\"ListItem\",\"@id\":\"https:\\\/\\\/www.eldigitaldeasturias.com\\\/noticias\\\/pasa-un-fin-de-semana-en-mallorca-viajando-desde-asturias\\\/#listItem\",\"position\":3,\"name\":\"Pasa un fin de semana en Mallorca viajando desde Asturias\",\"previousItem\":{\"@type\":\"ListItem\",\"@id\":\"https:\\\/\\\/www.eldigitaldeasturias.com\\\/noticias\\\/category\\\/turismo\\\/#listItem\",\"name\":\"Turismo\"}}]},{\"@type\":\"Organization\",\"@id\":\"https:\\\/\\\/www.eldigitaldeasturias.com\\\/noticias\\\/#organization\",\"name\":\"El Digital de Asturias\",\"description\":\"Hemeroteca\",\"url\":\"https:\\\/\\\/www.eldigitaldeasturias.com\\\/noticias\\\/\",\"email\":\"info@eldigitaldeasturias.com\",\"telephone\":\"+34652131393\",\"logo\":{\"@type\":\"ImageObject\",\"url\":\"https:\\\/\\\/www.eldigitaldeasturias.com\\\/noticias\\\/wp-content\\\/uploads\\\/2020\\\/12\\\/EDA.jpg\",\"@id\":\"https:\\\/\\\/www.eldigitaldeasturias.com\\\/noticias\\\/pasa-un-fin-de-semana-en-mallorca-viajando-desde-asturias\\\/#organizationLogo\",\"width\":649,\"height\":297},\"image\":{\"@id\":\"https:\\\/\\\/www.eldigitaldeasturias.com\\\/noticias\\\/pasa-un-fin-de-semana-en-mallorca-viajando-desde-asturias\\\/#organizationLogo\"},\"sameAs\":[\"https:\\\/\\\/facebook.com\\\/eldigitaldeasturias\",\"https:\\\/\\\/www.youtube.com\\\/channel\\\/UCZP-2wLEB9Rv6erhFmqVnvg\"],\"address\":{\"@id\":\"https:\\\/\\\/www.eldigitaldeasturias.com\\\/noticias\\\/#postaladdress\",\"@type\":\"PostalAddress\",\"streetAddress\":\"san antonio 4,\",\"postalCode\":\"33430\",\"addressLocality\":\"Cand\\u00e1s\",\"addressRegion\":\"Asturias\",\"addressCountry\":\"ES\"}},{\"@type\":\"Person\",\"@id\":\"https:\\\/\\\/www.eldigitaldeasturias.com\\\/noticias\\\/author\\\/admin\\\/#author\",\"url\":\"https:\\\/\\\/www.eldigitaldeasturias.com\\\/noticias\\\/author\\\/admin\\\/\",\"name\":\"El Digital de Asturias\",\"image\":{\"@type\":\"ImageObject\",\"@id\":\"https:\\\/\\\/www.eldigitaldeasturias.com\\\/noticias\\\/pasa-un-fin-de-semana-en-mallorca-viajando-desde-asturias\\\/#authorImage\",\"url\":\"https:\\\/\\\/www.eldigitaldeasturias.com\\\/noticias\\\/wp-content\\\/litespeed\\\/avatar\\\/18677e78aa0546b92d9dbf31ec7d7668.jpg?ver=1777290358\",\"width\":96,\"height\":96,\"caption\":\"El Digital de Asturias\"}},{\"@type\":\"WebPage\",\"@id\":\"https:\\\/\\\/www.eldigitaldeasturias.com\\\/noticias\\\/pasa-un-fin-de-semana-en-mallorca-viajando-desde-asturias\\\/#webpage\",\"url\":\"https:\\\/\\\/www.eldigitaldeasturias.com\\\/noticias\\\/pasa-un-fin-de-semana-en-mallorca-viajando-desde-asturias\\\/\",\"name\":\"Pasa un fin de semana en Mallorca viajando desde Asturias - El Digital de Asturias\",\"description\":\"\\u00bfEst\\u00e1s cansado del fr\\u00edo, de la lluvia y del mal tiempo de Asturias? \\u00bfNecesitas tomarte unos d\\u00edas de desconexi\\u00f3n en un lugar donde el sol y el buen clima sean los protagonistas? Pues no se hable m\\u00e1s, aprovecha para pasar un fin de semana realizando excursiones en Palma de Mallorca y carga las pilas en\",\"inLanguage\":\"es-ES\",\"isPartOf\":{\"@id\":\"https:\\\/\\\/www.eldigitaldeasturias.com\\\/noticias\\\/#website\"},\"breadcrumb\":{\"@id\":\"https:\\\/\\\/www.eldigitaldeasturias.com\\\/noticias\\\/pasa-un-fin-de-semana-en-mallorca-viajando-desde-asturias\\\/#breadcrumblist\"},\"author\":{\"@id\":\"https:\\\/\\\/www.eldigitaldeasturias.com\\\/noticias\\\/author\\\/admin\\\/#author\"},\"creator\":{\"@id\":\"https:\\\/\\\/www.eldigitaldeasturias.com\\\/noticias\\\/author\\\/admin\\\/#author\"},\"image\":{\"@type\":\"ImageObject\",\"url\":\"https:\\\/\\\/www.eldigitaldeasturias.com\\\/noticias\\\/wp-content\\\/uploads\\\/2019\\\/12\\\/cala-en-Mallorca.jpg\",\"@id\":\"https:\\\/\\\/www.eldigitaldeasturias.com\\\/noticias\\\/pasa-un-fin-de-semana-en-mallorca-viajando-desde-asturias\\\/#mainImage\",\"width\":695,\"height\":571},\"primaryImageOfPage\":{\"@id\":\"https:\\\/\\\/www.eldigitaldeasturias.com\\\/noticias\\\/pasa-un-fin-de-semana-en-mallorca-viajando-desde-asturias\\\/#mainImage\"},\"datePublished\":\"2019-12-05T11:13:12+01:00\",\"dateModified\":\"2019-12-05T11:13:12+01:00\"},{\"@type\":\"WebSite\",\"@id\":\"https:\\\/\\\/www.eldigitaldeasturias.com\\\/noticias\\\/#website\",\"url\":\"https:\\\/\\\/www.eldigitaldeasturias.com\\\/noticias\\\/\",\"name\":\"El Digital de Asturias - Diario de actualidad y noticias\",\"alternateName\":\"El Digital de Asturias - Diario de actualidad y noticias\",\"description\":\"Hemeroteca\",\"inLanguage\":\"es-ES\",\"publisher\":{\"@id\":\"https:\\\/\\\/www.eldigitaldeasturias.com\\\/noticias\\\/#organization\"}}]}\n\t\t<\/script>\n\t\t<!-- All in One SEO Pro -->\r\n\t\t<title>Pasa un fin de semana en Mallorca viajando desde Asturias - El Digital de Asturias<\/title>\n\n","aioseo_head_json":{"title":"Pasa un fin de semana en Mallorca viajando desde Asturias - El Digital de Asturias","description":"\u00bfEst\u00e1s cansado del fr\u00edo, de la lluvia y del mal tiempo de Asturias? \u00bfNecesitas tomarte unos d\u00edas de desconexi\u00f3n en un lugar donde el sol y el buen clima sean los protagonistas? Pues no se hable m\u00e1s, aprovecha para pasar un fin de semana realizando excursiones en Palma de Mallorca y carga las pilas en","canonical_url":"https:\/\/www.eldigitaldeasturias.com\/noticias\/pasa-un-fin-de-semana-en-mallorca-viajando-desde-asturias\/","robots":"max-image-preview:large","keywords":"turismo","webmasterTools":{"google-site-verification":"UA-38556648-1","msvalidate.01":"7dfe9f3f1b24437ab69f4f2559babe99","miscellaneous":""},"schema":{"@context":"https:\/\/schema.org","@graph":[{"@type":"BlogPosting","@id":"https:\/\/www.eldigitaldeasturias.com\/noticias\/pasa-un-fin-de-semana-en-mallorca-viajando-desde-asturias\/#blogposting","name":"Pasa un fin de semana en Mallorca viajando desde Asturias - El Digital de Asturias","headline":"Pasa un fin de semana en Mallorca viajando desde Asturias","author":{"@id":"https:\/\/www.eldigitaldeasturias.com\/noticias\/author\/admin\/#author"},"publisher":{"@id":"https:\/\/www.eldigitaldeasturias.com\/noticias\/#organization"},"image":{"@type":"ImageObject","url":"https:\/\/www.eldigitaldeasturias.com\/noticias\/wp-content\/uploads\/2019\/12\/cala-en-Mallorca.jpg","width":695,"height":571},"datePublished":"2019-12-05T11:13:12+01:00","dateModified":"2019-12-05T11:13:12+01:00","inLanguage":"es-ES","mainEntityOfPage":{"@id":"https:\/\/www.eldigitaldeasturias.com\/noticias\/pasa-un-fin-de-semana-en-mallorca-viajando-desde-asturias\/#webpage"},"isPartOf":{"@id":"https:\/\/www.eldigitaldeasturias.com\/noticias\/pasa-un-fin-de-semana-en-mallorca-viajando-desde-asturias\/#webpage"},"articleSection":"Turismo"},{"@type":"BreadcrumbList","@id":"https:\/\/www.eldigitaldeasturias.com\/noticias\/pasa-un-fin-de-semana-en-mallorca-viajando-desde-asturias\/#breadcrumblist","itemListElement":[{"@type":"ListItem","@id":"https:\/\/www.eldigitaldeasturias.com\/noticias#listItem","position":1,"name":"Home","item":"https:\/\/www.eldigitaldeasturias.com\/noticias","nextItem":{"@type":"ListItem","@id":"https:\/\/www.eldigitaldeasturias.com\/noticias\/category\/turismo\/#listItem","name":"Turismo"}},{"@type":"ListItem","@id":"https:\/\/www.eldigitaldeasturias.com\/noticias\/category\/turismo\/#listItem","position":2,"name":"Turismo","item":"https:\/\/www.eldigitaldeasturias.com\/noticias\/category\/turismo\/","nextItem":{"@type":"ListItem","@id":"https:\/\/www.eldigitaldeasturias.com\/noticias\/pasa-un-fin-de-semana-en-mallorca-viajando-desde-asturias\/#listItem","name":"Pasa un fin de semana en Mallorca viajando desde Asturias"},"previousItem":{"@type":"ListItem","@id":"https:\/\/www.eldigitaldeasturias.com\/noticias#listItem","name":"Home"}},{"@type":"ListItem","@id":"https:\/\/www.eldigitaldeasturias.com\/noticias\/pasa-un-fin-de-semana-en-mallorca-viajando-desde-asturias\/#listItem","position":3,"name":"Pasa un fin de semana en Mallorca viajando desde Asturias","previousItem":{"@type":"ListItem","@id":"https:\/\/www.eldigitaldeasturias.com\/noticias\/category\/turismo\/#listItem","name":"Turismo"}}]},{"@type":"Organization","@id":"https:\/\/www.eldigitaldeasturias.com\/noticias\/#organization","name":"El Digital de Asturias","description":"Hemeroteca","url":"https:\/\/www.eldigitaldeasturias.com\/noticias\/","email":"info@eldigitaldeasturias.com","telephone":"+34652131393","logo":{"@type":"ImageObject","url":"https:\/\/www.eldigitaldeasturias.com\/noticias\/wp-content\/uploads\/2020\/12\/EDA.jpg","@id":"https:\/\/www.eldigitaldeasturias.com\/noticias\/pasa-un-fin-de-semana-en-mallorca-viajando-desde-asturias\/#organizationLogo","width":649,"height":297},"image":{"@id":"https:\/\/www.eldigitaldeasturias.com\/noticias\/pasa-un-fin-de-semana-en-mallorca-viajando-desde-asturias\/#organizationLogo"},"sameAs":["https:\/\/facebook.com\/eldigitaldeasturias","https:\/\/www.youtube.com\/channel\/UCZP-2wLEB9Rv6erhFmqVnvg"],"address":{"@id":"https:\/\/www.eldigitaldeasturias.com\/noticias\/#postaladdress","@type":"PostalAddress","streetAddress":"san antonio 4,","postalCode":"33430","addressLocality":"Cand\u00e1s","addressRegion":"Asturias","addressCountry":"ES"}},{"@type":"Person","@id":"https:\/\/www.eldigitaldeasturias.com\/noticias\/author\/admin\/#author","url":"https:\/\/www.eldigitaldeasturias.com\/noticias\/author\/admin\/","name":"El Digital de Asturias","image":{"@type":"ImageObject","@id":"https:\/\/www.eldigitaldeasturias.com\/noticias\/pasa-un-fin-de-semana-en-mallorca-viajando-desde-asturias\/#authorImage","url":"https:\/\/www.eldigitaldeasturias.com\/noticias\/wp-content\/litespeed\/avatar\/18677e78aa0546b92d9dbf31ec7d7668.jpg?ver=1777290358","width":96,"height":96,"caption":"El Digital de Asturias"}},{"@type":"WebPage","@id":"https:\/\/www.eldigitaldeasturias.com\/noticias\/pasa-un-fin-de-semana-en-mallorca-viajando-desde-asturias\/#webpage","url":"https:\/\/www.eldigitaldeasturias.com\/noticias\/pasa-un-fin-de-semana-en-mallorca-viajando-desde-asturias\/","name":"Pasa un fin de semana en Mallorca viajando desde Asturias - El Digital de Asturias","description":"\u00bfEst\u00e1s cansado del fr\u00edo, de la lluvia y del mal tiempo de Asturias? \u00bfNecesitas tomarte unos d\u00edas de desconexi\u00f3n en un lugar donde el sol y el buen clima sean los protagonistas? Pues no se hable m\u00e1s, aprovecha para pasar un fin de semana realizando excursiones en Palma de Mallorca y carga las pilas en","inLanguage":"es-ES","isPartOf":{"@id":"https:\/\/www.eldigitaldeasturias.com\/noticias\/#website"},"breadcrumb":{"@id":"https:\/\/www.eldigitaldeasturias.com\/noticias\/pasa-un-fin-de-semana-en-mallorca-viajando-desde-asturias\/#breadcrumblist"},"author":{"@id":"https:\/\/www.eldigitaldeasturias.com\/noticias\/author\/admin\/#author"},"creator":{"@id":"https:\/\/www.eldigitaldeasturias.com\/noticias\/author\/admin\/#author"},"image":{"@type":"ImageObject","url":"https:\/\/www.eldigitaldeasturias.com\/noticias\/wp-content\/uploads\/2019\/12\/cala-en-Mallorca.jpg","@id":"https:\/\/www.eldigitaldeasturias.com\/noticias\/pasa-un-fin-de-semana-en-mallorca-viajando-desde-asturias\/#mainImage","width":695,"height":571},"primaryImageOfPage":{"@id":"https:\/\/www.eldigitaldeasturias.com\/noticias\/pasa-un-fin-de-semana-en-mallorca-viajando-desde-asturias\/#mainImage"},"datePublished":"2019-12-05T11:13:12+01:00","dateModified":"2019-12-05T11:13:12+01:00"},{"@type":"WebSite","@id":"https:\/\/www.eldigitaldeasturias.com\/noticias\/#website","url":"https:\/\/www.eldigitaldeasturias.com\/noticias\/","name":"El Digital de Asturias - Diario de actualidad y noticias","alternateName":"El Digital de Asturias - Diario de actualidad y noticias","description":"Hemeroteca","inLanguage":"es-ES","publisher":{"@id":"https:\/\/www.eldigitaldeasturias.com\/noticias\/#organization"}}]},"og:locale":"es_ES","og:site_name":"El Digital de Asturias","og:type":"article","og:title":"Pasa un fin de semana en Mallorca viajando desde Asturias - El Digital de Asturias","og:description":"\u00bfEst\u00e1s cansado del fr\u00edo, de la lluvia y del mal tiempo de Asturias? \u00bfNecesitas tomarte unos d\u00edas de desconexi\u00f3n en un lugar donde el sol y el buen clima sean los protagonistas? Pues no se hable m\u00e1s, aprovecha para pasar un fin de semana realizando excursiones en Palma de Mallorca y carga las pilas en","og:url":"https:\/\/www.eldigitaldeasturias.com\/noticias\/pasa-un-fin-de-semana-en-mallorca-viajando-desde-asturias\/","og:image":"https:\/\/www.eldigitaldeasturias.com\/noticias\/wp-content\/uploads\/2019\/12\/cala-en-Mallorca.jpg","og:image:secure_url":"https:\/\/www.eldigitaldeasturias.com\/noticias\/wp-content\/uploads\/2019\/12\/cala-en-Mallorca.jpg","og:image:width":695,"og:image:height":571,"article:tag":["turismo"],"article:published_time":"2019-12-05T11:13:12+00:00","article:modified_time":"2019-12-05T11:13:12+00:00","article:publisher":"https:\/\/facebook.com\/eldigitaldeasturias","twitter:card":"summary_large_image","twitter:title":"Pasa un fin de semana en Mallorca viajando desde Asturias - El Digital de Asturias","twitter:description":"\u00bfEst\u00e1s cansado del fr\u00edo, de la lluvia y del mal tiempo de Asturias? \u00bfNecesitas tomarte unos d\u00edas de desconexi\u00f3n en un lugar donde el sol y el buen clima sean los protagonistas? Pues no se hable m\u00e1s, aprovecha para pasar un fin de semana realizando excursiones en Palma de Mallorca y carga las pilas en","twitter:image":"https:\/\/www.eldigitaldeasturias.com\/noticias\/wp-content\/uploads\/2019\/12\/cala-en-Mallorca.jpg","twitter:label1":"Escrito por","twitter:data1":"El Digital de Asturias","twitter:label2":"Tiempo de lectura estimado","twitter:data2":"4 minutos"},"aioseo_meta_data":{"post_id":"1049868","title":null,"description":null,"keywords":null,"keyphrases":null,"primary_term":null,"canonical_url":null,"og_title":null,"og_description":null,"og_object_type":"default","og_image_type":"default","og_image_url":null,"og_image_width":null,"og_image_height":null,"og_image_custom_url":null,"og_image_custom_fields":null,"og_video":null,"og_custom_url":null,"og_article_section":null,"og_article_tags":null,"twitter_use_og":false,"twitter_card":"default","twitter_image_type":"default","twitter_image_url":null,"twitter_image_custom_url":null,"twitter_image_custom_fields":null,"twitter_title":null,"twitter_description":null,"schema":{"blockGraphs":[],"customGraphs":[],"default":{"data":{"Article":[],"Course":[],"Dataset":[],"FAQPage":[],"Movie":[],"Person":[],"Product":[],"ProductReview":[],"Car":[],"Recipe":[],"Service":[],"SoftwareApplication":[],"WebPage":[]},"graphName":"","isEnabled":true},"graphs":[]},"schema_type":null,"schema_type_options":null,"pillar_content":false,"robots_default":true,"robots_noindex":false,"robots_noarchive":false,"robots_nosnippet":false,"robots_nofollow":false,"robots_noimageindex":false,"robots_noodp":false,"robots_notranslate":false,"robots_max_snippet":null,"robots_max_videopreview":null,"robots_max_imagepreview":"large","priority":null,"frequency":null,"local_seo":null,"seo_analyzer_scan_date":"2025-10-30 00:12:11","breadcrumb_settings":null,"limit_modified_date":false,"open_ai":null,"ai":null,"created":"2020-12-21 10:58:14","updated":"2025-10-30 00:12:11"},"aioseo_breadcrumb":"<div class=\"aioseo-breadcrumbs\"><span class=\"aioseo-breadcrumb\">\n\t<a href=\"https:\/\/www.eldigitaldeasturias.com\/noticias\" title=\"Home\">Home<\/a>\n<\/span><span class=\"aioseo-breadcrumb-separator\">\u2013<\/span><span class=\"aioseo-breadcrumb\">\n\t<a href=\"https:\/\/www.eldigitaldeasturias.com\/noticias\/category\/turismo\/\" title=\"Turismo\">Turismo<\/a>\n<\/span><span class=\"aioseo-breadcrumb-separator\">\u2013<\/span><span class=\"aioseo-breadcrumb\">\n\t<a href=\"https:\/\/www.eldigitaldeasturias.com\/noticias\/pasa-un-fin-de-semana-en-mallorca-viajando-desde-asturias\/\" title=\"Pasa un fin de semana en Mallorca viajando desde Asturias\">Pasa un fin de semana en Mallorca viajando desde Asturias<\/a>\n<\/span><\/div>","aioseo_breadcrumb_json":[{"label":"Home","link":"https:\/\/www.eldigitaldeasturias.com\/noticias"},{"label":"Turismo","link":"https:\/\/www.eldigitaldeasturias.com\/noticias\/category\/turismo\/"},{"label":"Pasa un fin de semana en Mallorca viajando desde Asturias","link":"https:\/\/www.eldigitaldeasturias.com\/noticias\/pasa-un-fin-de-semana-en-mallorca-viajando-desde-asturias\/"}],"_links":{"self":[{"href":"https:\/\/www.eldigitaldeasturias.com\/noticias\/wp-json\/wp\/v2\/posts\/1049868","targetHints":{"allow":["GET"]}}],"collection":[{"href":"https:\/\/www.eldigitaldeasturias.com\/noticias\/wp-json\/wp\/v2\/posts"}],"about":[{"href":"https:\/\/www.eldigitaldeasturias.com\/noticias\/wp-json\/wp\/v2\/types\/post"}],"author":[{"embeddable":true,"href":"https:\/\/www.eldigitaldeasturias.com\/noticias\/wp-json\/wp\/v2\/users\/1"}],"replies":[{"embeddable":true,"href":"https:\/\/www.eldigitaldeasturias.com\/noticias\/wp-json\/wp\/v2\/comments?post=1049868"}],"version-history":[{"count":0,"href":"https:\/\/www.eldigitaldeasturias.com\/noticias\/wp-json\/wp\/v2\/posts\/1049868\/revisions"}],"wp:featuredmedia":[{"embeddable":true,"href":"https:\/\/www.eldigitaldeasturias.com\/noticias\/wp-json\/wp\/v2\/media\/1049869"}],"wp:attachment":[{"href":"https:\/\/www.eldigitaldeasturias.com\/noticias\/wp-json\/wp\/v2\/media?parent=1049868"}],"wp:term":[{"taxonomy":"category","embeddable":true,"href":"https:\/\/www.eldigitaldeasturias.com\/noticias\/wp-json\/wp\/v2\/categories?post=1049868"},{"taxonomy":"post_tag","embeddable":true,"href":"https:\/\/www.eldigitaldeasturias.com\/noticias\/wp-json\/wp\/v2\/tags?post=1049868"}],"curies":[{"name":"wp","href":"https:\/\/api.w.org\/{rel}","templated":true}]}}