{"id":1049785,"date":"2019-12-04T06:27:20","date_gmt":"2019-12-04T05:27:20","guid":{"rendered":"https:\/\/www.eldigitaldeasturias.com\/noticias\/?p=1049785"},"modified":"2023-04-02T01:34:24","modified_gmt":"2023-04-01T23:34:24","slug":"jornada-innovacion-educativa-en-la-revolucion-digital","status":"publish","type":"post","link":"https:\/\/www.eldigitaldeasturias.com\/noticias\/jornada-innovacion-educativa-en-la-revolucion-digital\/","title":{"rendered":"Jornada \u201cInnovaci\u00f3n Educativa en la Revoluci\u00f3n Digital\u201d"},"content":{"rendered":"<p>La consejera de Educaci\u00f3n, Carmen Su\u00e1rez, ha inaugurado la<strong> jornada Innovaci\u00f3n Educativa en la Revoluci\u00f3n Digital<\/strong>, especialmente orientada a los equipos directivos y docentes de Formaci\u00f3n Profesional, adem\u00e1s el consejero de Ciencia, Borja S\u00e1nchez, ha sido el encargado de clausurar el acto.<\/p>\n<p><img loading=\"lazy\" decoding=\"async\" class=\"aligncenter wp-image-1049786\" src=\"https:\/\/www.eldigitaldeasturias.com\/noticias\/wp-content\/uploads\/2019\/12\/Jornada-Digital-360x316.jpg\" alt=\"\" width=\"670\" height=\"587\" srcset=\"https:\/\/www.eldigitaldeasturias.com\/noticias\/wp-content\/uploads\/2019\/12\/Jornada-Digital-360x316.jpg 360w, https:\/\/www.eldigitaldeasturias.com\/noticias\/wp-content\/uploads\/2019\/12\/Jornada-Digital-548x480.jpg 548w, https:\/\/www.eldigitaldeasturias.com\/noticias\/wp-content\/uploads\/2019\/12\/Jornada-Digital-342x300.jpg 342w, https:\/\/www.eldigitaldeasturias.com\/noticias\/wp-content\/uploads\/2019\/12\/Jornada-Digital.jpg 656w\" sizes=\"auto, (max-width: 670px) 100vw, 670px\" \/><\/p>\n<p>En <strong>la galer\u00eda de El Digital de Asturias<\/strong> te mostramos a los protagonistas de la actualidad del Principado.<\/p>\n<p>&nbsp;<\/p>\n<p>&nbsp;<\/p>\n","protected":false},"excerpt":{"rendered":"<p>La consejera de Educaci\u00f3n, Carmen Su\u00e1rez, ha inaugurado la jornada Innovaci\u00f3n Educativa en la Revoluci\u00f3n Digital, especialmente orientada a los equipos directivos y docentes de Formaci\u00f3n Profesional, adem\u00e1s el consejero de Ciencia, Borja S\u00e1nchez, ha sido el encargado de clausurar el acto. En la galer\u00eda de El Digital de Asturias te mostramos a los protagonistas [&hellip;]<\/p>\n","protected":false},"author":1,"featured_media":1049786,"comment_status":"closed","ping_status":"closed","sticky":false,"template":"","format":"image","meta":{"footnotes":""},"categories":[946],"tags":[],"class_list":["post-1049785","post","type-post","status-publish","format-image","has-post-thumbnail","hentry","category-fotos-asturias","post_format-post-format-image"],"aioseo_notices":[],"aioseo_head":"\n\t\t<!-- All in One SEO Pro 4.9.6.2 - aioseo.com -->\n\t<meta name=\"description\" content=\"La consejera de Educaci\u00f3n, Carmen Su\u00e1rez, ha inaugurado la jornada Innovaci\u00f3n Educativa en la Revoluci\u00f3n Digital, especialmente orientada a los equipos directivos y docentes de Formaci\u00f3n Profesional, adem\u00e1s el consejero de Ciencia, Borja S\u00e1nchez, ha sido el encargado de clausurar el acto. En la galer\u00eda de El Digital de Asturias te mostramos a los protagonistas\" \/>\n\t<meta name=\"robots\" content=\"max-image-preview:large\" \/>\n\t<meta name=\"author\" content=\"El Digital de Asturias\"\/>\n\t<meta name=\"google-site-verification\" content=\"UA-38556648-1\" \/>\n\t<meta name=\"msvalidate.01\" content=\"7dfe9f3f1b24437ab69f4f2559babe99\" \/>\n\t<meta name=\"keywords\" content=\"fotos asturias\" \/>\n\t<link rel=\"canonical\" href=\"https:\/\/www.eldigitaldeasturias.com\/noticias\/jornada-innovacion-educativa-en-la-revolucion-digital\/\" \/>\n\t<meta name=\"generator\" content=\"All in One SEO Pro (AIOSEO) 4.9.6.2\" \/>\n\t\t<meta property=\"og:locale\" content=\"es_ES\" \/>\n\t\t<meta property=\"og:site_name\" content=\"El Digital de Asturias\" \/>\n\t\t<meta property=\"og:type\" content=\"article\" \/>\n\t\t<meta property=\"og:title\" content=\"Jornada \u201cInnovaci\u00f3n Educativa en la Revoluci\u00f3n Digital\u201d - El Digital de Asturias\" \/>\n\t\t<meta property=\"og:description\" content=\"La consejera de Educaci\u00f3n, Carmen Su\u00e1rez, ha inaugurado la jornada Innovaci\u00f3n Educativa en la Revoluci\u00f3n Digital, especialmente orientada a los equipos directivos y docentes de Formaci\u00f3n Profesional, adem\u00e1s el consejero de Ciencia, Borja S\u00e1nchez, ha sido el encargado de clausurar el acto. En la galer\u00eda de El Digital de Asturias te mostramos a los protagonistas\" \/>\n\t\t<meta property=\"og:url\" content=\"https:\/\/www.eldigitaldeasturias.com\/noticias\/jornada-innovacion-educativa-en-la-revolucion-digital\/\" \/>\n\t\t<meta property=\"og:image\" content=\"https:\/\/www.eldigitaldeasturias.com\/noticias\/wp-content\/uploads\/2019\/12\/Jornada-Digital.jpg\" \/>\n\t\t<meta property=\"og:image:secure_url\" content=\"https:\/\/www.eldigitaldeasturias.com\/noticias\/wp-content\/uploads\/2019\/12\/Jornada-Digital.jpg\" \/>\n\t\t<meta property=\"og:image:width\" content=\"656\" \/>\n\t\t<meta property=\"og:image:height\" content=\"575\" \/>\n\t\t<meta property=\"article:tag\" content=\"fotos asturias\" \/>\n\t\t<meta property=\"article:published_time\" content=\"2019-12-04T05:27:20+00:00\" \/>\n\t\t<meta property=\"article:modified_time\" content=\"2023-04-01T23:34:24+00:00\" \/>\n\t\t<meta property=\"article:publisher\" content=\"https:\/\/facebook.com\/eldigitaldeasturias\" \/>\n\t\t<meta name=\"twitter:card\" content=\"summary_large_image\" \/>\n\t\t<meta name=\"twitter:title\" content=\"Jornada \u201cInnovaci\u00f3n Educativa en la Revoluci\u00f3n Digital\u201d - El Digital de Asturias\" \/>\n\t\t<meta name=\"twitter:description\" content=\"La consejera de Educaci\u00f3n, Carmen Su\u00e1rez, ha inaugurado la jornada Innovaci\u00f3n Educativa en la Revoluci\u00f3n Digital, especialmente orientada a los equipos directivos y docentes de Formaci\u00f3n Profesional, adem\u00e1s el consejero de Ciencia, Borja S\u00e1nchez, ha sido el encargado de clausurar el acto. En la galer\u00eda de El Digital de Asturias te mostramos a los protagonistas\" \/>\n\t\t<meta name=\"twitter:image\" content=\"https:\/\/www.eldigitaldeasturias.com\/noticias\/wp-content\/uploads\/2019\/12\/Jornada-Digital.jpg\" \/>\n\t\t<meta name=\"twitter:label1\" content=\"Escrito por\" \/>\n\t\t<meta name=\"twitter:data1\" content=\"El Digital de Asturias\" \/>\n\t\t<script type=\"application\/ld+json\" class=\"aioseo-schema\">\n\t\t\t{\"@context\":\"https:\\\/\\\/schema.org\",\"@graph\":[{\"@type\":\"BlogPosting\",\"@id\":\"https:\\\/\\\/www.eldigitaldeasturias.com\\\/noticias\\\/jornada-innovacion-educativa-en-la-revolucion-digital\\\/#blogposting\",\"name\":\"Jornada \\u201cInnovaci\\u00f3n Educativa en la Revoluci\\u00f3n Digital\\u201d - El Digital de Asturias\",\"headline\":\"Jornada \\u201cInnovaci\\u00f3n Educativa en la Revoluci\\u00f3n Digital\\u201d\",\"author\":{\"@id\":\"https:\\\/\\\/www.eldigitaldeasturias.com\\\/noticias\\\/author\\\/admin\\\/#author\"},\"publisher\":{\"@id\":\"https:\\\/\\\/www.eldigitaldeasturias.com\\\/noticias\\\/#organization\"},\"image\":{\"@type\":\"ImageObject\",\"url\":\"https:\\\/\\\/www.eldigitaldeasturias.com\\\/noticias\\\/wp-content\\\/uploads\\\/2019\\\/12\\\/Jornada-Digital.jpg\",\"width\":656,\"height\":575},\"datePublished\":\"2019-12-04T06:27:20+01:00\",\"dateModified\":\"2023-04-02T01:34:24+02:00\",\"inLanguage\":\"es-ES\",\"mainEntityOfPage\":{\"@id\":\"https:\\\/\\\/www.eldigitaldeasturias.com\\\/noticias\\\/jornada-innovacion-educativa-en-la-revolucion-digital\\\/#webpage\"},\"isPartOf\":{\"@id\":\"https:\\\/\\\/www.eldigitaldeasturias.com\\\/noticias\\\/jornada-innovacion-educativa-en-la-revolucion-digital\\\/#webpage\"},\"articleSection\":\"Fotos Asturias, Imagen\"},{\"@type\":\"BreadcrumbList\",\"@id\":\"https:\\\/\\\/www.eldigitaldeasturias.com\\\/noticias\\\/jornada-innovacion-educativa-en-la-revolucion-digital\\\/#breadcrumblist\",\"itemListElement\":[{\"@type\":\"ListItem\",\"@id\":\"https:\\\/\\\/www.eldigitaldeasturias.com\\\/noticias#listItem\",\"position\":1,\"name\":\"Home\",\"item\":\"https:\\\/\\\/www.eldigitaldeasturias.com\\\/noticias\",\"nextItem\":{\"@type\":\"ListItem\",\"@id\":\"https:\\\/\\\/www.eldigitaldeasturias.com\\\/noticias\\\/category\\\/fotos-asturias\\\/#listItem\",\"name\":\"Fotos Asturias\"}},{\"@type\":\"ListItem\",\"@id\":\"https:\\\/\\\/www.eldigitaldeasturias.com\\\/noticias\\\/category\\\/fotos-asturias\\\/#listItem\",\"position\":2,\"name\":\"Fotos Asturias\",\"item\":\"https:\\\/\\\/www.eldigitaldeasturias.com\\\/noticias\\\/category\\\/fotos-asturias\\\/\",\"nextItem\":{\"@type\":\"ListItem\",\"@id\":\"https:\\\/\\\/www.eldigitaldeasturias.com\\\/noticias\\\/jornada-innovacion-educativa-en-la-revolucion-digital\\\/#listItem\",\"name\":\"Jornada \\u201cInnovaci\\u00f3n Educativa en la Revoluci\\u00f3n Digital\\u201d\"},\"previousItem\":{\"@type\":\"ListItem\",\"@id\":\"https:\\\/\\\/www.eldigitaldeasturias.com\\\/noticias#listItem\",\"name\":\"Home\"}},{\"@type\":\"ListItem\",\"@id\":\"https:\\\/\\\/www.eldigitaldeasturias.com\\\/noticias\\\/jornada-innovacion-educativa-en-la-revolucion-digital\\\/#listItem\",\"position\":3,\"name\":\"Jornada \\u201cInnovaci\\u00f3n Educativa en la Revoluci\\u00f3n Digital\\u201d\",\"previousItem\":{\"@type\":\"ListItem\",\"@id\":\"https:\\\/\\\/www.eldigitaldeasturias.com\\\/noticias\\\/category\\\/fotos-asturias\\\/#listItem\",\"name\":\"Fotos Asturias\"}}]},{\"@type\":\"Organization\",\"@id\":\"https:\\\/\\\/www.eldigitaldeasturias.com\\\/noticias\\\/#organization\",\"name\":\"El Digital de Asturias\",\"description\":\"Hemeroteca\",\"url\":\"https:\\\/\\\/www.eldigitaldeasturias.com\\\/noticias\\\/\",\"email\":\"info@eldigitaldeasturias.com\",\"telephone\":\"+34652131393\",\"logo\":{\"@type\":\"ImageObject\",\"url\":\"https:\\\/\\\/www.eldigitaldeasturias.com\\\/noticias\\\/wp-content\\\/uploads\\\/2020\\\/12\\\/EDA.jpg\",\"@id\":\"https:\\\/\\\/www.eldigitaldeasturias.com\\\/noticias\\\/jornada-innovacion-educativa-en-la-revolucion-digital\\\/#organizationLogo\",\"width\":649,\"height\":297},\"image\":{\"@id\":\"https:\\\/\\\/www.eldigitaldeasturias.com\\\/noticias\\\/jornada-innovacion-educativa-en-la-revolucion-digital\\\/#organizationLogo\"},\"sameAs\":[\"https:\\\/\\\/facebook.com\\\/eldigitaldeasturias\",\"https:\\\/\\\/www.youtube.com\\\/channel\\\/UCZP-2wLEB9Rv6erhFmqVnvg\"],\"address\":{\"@id\":\"https:\\\/\\\/www.eldigitaldeasturias.com\\\/noticias\\\/#postaladdress\",\"@type\":\"PostalAddress\",\"streetAddress\":\"san antonio 4,\",\"postalCode\":\"33430\",\"addressLocality\":\"Cand\\u00e1s\",\"addressRegion\":\"Asturias\",\"addressCountry\":\"ES\"}},{\"@type\":\"Person\",\"@id\":\"https:\\\/\\\/www.eldigitaldeasturias.com\\\/noticias\\\/author\\\/admin\\\/#author\",\"url\":\"https:\\\/\\\/www.eldigitaldeasturias.com\\\/noticias\\\/author\\\/admin\\\/\",\"name\":\"El Digital de Asturias\",\"image\":{\"@type\":\"ImageObject\",\"@id\":\"https:\\\/\\\/www.eldigitaldeasturias.com\\\/noticias\\\/jornada-innovacion-educativa-en-la-revolucion-digital\\\/#authorImage\",\"url\":\"https:\\\/\\\/www.eldigitaldeasturias.com\\\/noticias\\\/wp-content\\\/litespeed\\\/avatar\\\/18677e78aa0546b92d9dbf31ec7d7668.jpg?ver=1777290358\",\"width\":96,\"height\":96,\"caption\":\"El Digital de Asturias\"}},{\"@type\":\"WebPage\",\"@id\":\"https:\\\/\\\/www.eldigitaldeasturias.com\\\/noticias\\\/jornada-innovacion-educativa-en-la-revolucion-digital\\\/#webpage\",\"url\":\"https:\\\/\\\/www.eldigitaldeasturias.com\\\/noticias\\\/jornada-innovacion-educativa-en-la-revolucion-digital\\\/\",\"name\":\"Jornada \\u201cInnovaci\\u00f3n Educativa en la Revoluci\\u00f3n Digital\\u201d - El Digital de Asturias\",\"description\":\"La consejera de Educaci\\u00f3n, Carmen Su\\u00e1rez, ha inaugurado la jornada Innovaci\\u00f3n Educativa en la Revoluci\\u00f3n Digital, especialmente orientada a los equipos directivos y docentes de Formaci\\u00f3n Profesional, adem\\u00e1s el consejero de Ciencia, Borja S\\u00e1nchez, ha sido el encargado de clausurar el acto. En la galer\\u00eda de El Digital de Asturias te mostramos a los protagonistas\",\"inLanguage\":\"es-ES\",\"isPartOf\":{\"@id\":\"https:\\\/\\\/www.eldigitaldeasturias.com\\\/noticias\\\/#website\"},\"breadcrumb\":{\"@id\":\"https:\\\/\\\/www.eldigitaldeasturias.com\\\/noticias\\\/jornada-innovacion-educativa-en-la-revolucion-digital\\\/#breadcrumblist\"},\"author\":{\"@id\":\"https:\\\/\\\/www.eldigitaldeasturias.com\\\/noticias\\\/author\\\/admin\\\/#author\"},\"creator\":{\"@id\":\"https:\\\/\\\/www.eldigitaldeasturias.com\\\/noticias\\\/author\\\/admin\\\/#author\"},\"image\":{\"@type\":\"ImageObject\",\"url\":\"https:\\\/\\\/www.eldigitaldeasturias.com\\\/noticias\\\/wp-content\\\/uploads\\\/2019\\\/12\\\/Jornada-Digital.jpg\",\"@id\":\"https:\\\/\\\/www.eldigitaldeasturias.com\\\/noticias\\\/jornada-innovacion-educativa-en-la-revolucion-digital\\\/#mainImage\",\"width\":656,\"height\":575},\"primaryImageOfPage\":{\"@id\":\"https:\\\/\\\/www.eldigitaldeasturias.com\\\/noticias\\\/jornada-innovacion-educativa-en-la-revolucion-digital\\\/#mainImage\"},\"datePublished\":\"2019-12-04T06:27:20+01:00\",\"dateModified\":\"2023-04-02T01:34:24+02:00\"},{\"@type\":\"WebSite\",\"@id\":\"https:\\\/\\\/www.eldigitaldeasturias.com\\\/noticias\\\/#website\",\"url\":\"https:\\\/\\\/www.eldigitaldeasturias.com\\\/noticias\\\/\",\"name\":\"El Digital de Asturias - Diario de actualidad y noticias\",\"alternateName\":\"El Digital de Asturias - Diario de actualidad y noticias\",\"description\":\"Hemeroteca\",\"inLanguage\":\"es-ES\",\"publisher\":{\"@id\":\"https:\\\/\\\/www.eldigitaldeasturias.com\\\/noticias\\\/#organization\"}}]}\n\t\t<\/script>\n\t\t<!-- All in One SEO Pro -->\r\n\t\t<title>Jornada \u201cInnovaci\u00f3n Educativa en la Revoluci\u00f3n Digital\u201d - El Digital de Asturias<\/title>\n\n","aioseo_head_json":{"title":"Jornada \u201cInnovaci\u00f3n Educativa en la Revoluci\u00f3n Digital\u201d - El Digital de Asturias","description":"La consejera de Educaci\u00f3n, Carmen Su\u00e1rez, ha inaugurado la jornada Innovaci\u00f3n Educativa en la Revoluci\u00f3n Digital, especialmente orientada a los equipos directivos y docentes de Formaci\u00f3n Profesional, adem\u00e1s el consejero de Ciencia, Borja S\u00e1nchez, ha sido el encargado de clausurar el acto. En la galer\u00eda de El Digital de Asturias te mostramos a los protagonistas","canonical_url":"https:\/\/www.eldigitaldeasturias.com\/noticias\/jornada-innovacion-educativa-en-la-revolucion-digital\/","robots":"max-image-preview:large","keywords":"fotos asturias","webmasterTools":{"google-site-verification":"UA-38556648-1","msvalidate.01":"7dfe9f3f1b24437ab69f4f2559babe99","miscellaneous":""},"schema":{"@context":"https:\/\/schema.org","@graph":[{"@type":"BlogPosting","@id":"https:\/\/www.eldigitaldeasturias.com\/noticias\/jornada-innovacion-educativa-en-la-revolucion-digital\/#blogposting","name":"Jornada \u201cInnovaci\u00f3n Educativa en la Revoluci\u00f3n Digital\u201d - El Digital de Asturias","headline":"Jornada \u201cInnovaci\u00f3n Educativa en la Revoluci\u00f3n Digital\u201d","author":{"@id":"https:\/\/www.eldigitaldeasturias.com\/noticias\/author\/admin\/#author"},"publisher":{"@id":"https:\/\/www.eldigitaldeasturias.com\/noticias\/#organization"},"image":{"@type":"ImageObject","url":"https:\/\/www.eldigitaldeasturias.com\/noticias\/wp-content\/uploads\/2019\/12\/Jornada-Digital.jpg","width":656,"height":575},"datePublished":"2019-12-04T06:27:20+01:00","dateModified":"2023-04-02T01:34:24+02:00","inLanguage":"es-ES","mainEntityOfPage":{"@id":"https:\/\/www.eldigitaldeasturias.com\/noticias\/jornada-innovacion-educativa-en-la-revolucion-digital\/#webpage"},"isPartOf":{"@id":"https:\/\/www.eldigitaldeasturias.com\/noticias\/jornada-innovacion-educativa-en-la-revolucion-digital\/#webpage"},"articleSection":"Fotos Asturias, Imagen"},{"@type":"BreadcrumbList","@id":"https:\/\/www.eldigitaldeasturias.com\/noticias\/jornada-innovacion-educativa-en-la-revolucion-digital\/#breadcrumblist","itemListElement":[{"@type":"ListItem","@id":"https:\/\/www.eldigitaldeasturias.com\/noticias#listItem","position":1,"name":"Home","item":"https:\/\/www.eldigitaldeasturias.com\/noticias","nextItem":{"@type":"ListItem","@id":"https:\/\/www.eldigitaldeasturias.com\/noticias\/category\/fotos-asturias\/#listItem","name":"Fotos Asturias"}},{"@type":"ListItem","@id":"https:\/\/www.eldigitaldeasturias.com\/noticias\/category\/fotos-asturias\/#listItem","position":2,"name":"Fotos Asturias","item":"https:\/\/www.eldigitaldeasturias.com\/noticias\/category\/fotos-asturias\/","nextItem":{"@type":"ListItem","@id":"https:\/\/www.eldigitaldeasturias.com\/noticias\/jornada-innovacion-educativa-en-la-revolucion-digital\/#listItem","name":"Jornada \u201cInnovaci\u00f3n Educativa en la Revoluci\u00f3n Digital\u201d"},"previousItem":{"@type":"ListItem","@id":"https:\/\/www.eldigitaldeasturias.com\/noticias#listItem","name":"Home"}},{"@type":"ListItem","@id":"https:\/\/www.eldigitaldeasturias.com\/noticias\/jornada-innovacion-educativa-en-la-revolucion-digital\/#listItem","position":3,"name":"Jornada \u201cInnovaci\u00f3n Educativa en la Revoluci\u00f3n Digital\u201d","previousItem":{"@type":"ListItem","@id":"https:\/\/www.eldigitaldeasturias.com\/noticias\/category\/fotos-asturias\/#listItem","name":"Fotos Asturias"}}]},{"@type":"Organization","@id":"https:\/\/www.eldigitaldeasturias.com\/noticias\/#organization","name":"El Digital de Asturias","description":"Hemeroteca","url":"https:\/\/www.eldigitaldeasturias.com\/noticias\/","email":"info@eldigitaldeasturias.com","telephone":"+34652131393","logo":{"@type":"ImageObject","url":"https:\/\/www.eldigitaldeasturias.com\/noticias\/wp-content\/uploads\/2020\/12\/EDA.jpg","@id":"https:\/\/www.eldigitaldeasturias.com\/noticias\/jornada-innovacion-educativa-en-la-revolucion-digital\/#organizationLogo","width":649,"height":297},"image":{"@id":"https:\/\/www.eldigitaldeasturias.com\/noticias\/jornada-innovacion-educativa-en-la-revolucion-digital\/#organizationLogo"},"sameAs":["https:\/\/facebook.com\/eldigitaldeasturias","https:\/\/www.youtube.com\/channel\/UCZP-2wLEB9Rv6erhFmqVnvg"],"address":{"@id":"https:\/\/www.eldigitaldeasturias.com\/noticias\/#postaladdress","@type":"PostalAddress","streetAddress":"san antonio 4,","postalCode":"33430","addressLocality":"Cand\u00e1s","addressRegion":"Asturias","addressCountry":"ES"}},{"@type":"Person","@id":"https:\/\/www.eldigitaldeasturias.com\/noticias\/author\/admin\/#author","url":"https:\/\/www.eldigitaldeasturias.com\/noticias\/author\/admin\/","name":"El Digital de Asturias","image":{"@type":"ImageObject","@id":"https:\/\/www.eldigitaldeasturias.com\/noticias\/jornada-innovacion-educativa-en-la-revolucion-digital\/#authorImage","url":"https:\/\/www.eldigitaldeasturias.com\/noticias\/wp-content\/litespeed\/avatar\/18677e78aa0546b92d9dbf31ec7d7668.jpg?ver=1777290358","width":96,"height":96,"caption":"El Digital de Asturias"}},{"@type":"WebPage","@id":"https:\/\/www.eldigitaldeasturias.com\/noticias\/jornada-innovacion-educativa-en-la-revolucion-digital\/#webpage","url":"https:\/\/www.eldigitaldeasturias.com\/noticias\/jornada-innovacion-educativa-en-la-revolucion-digital\/","name":"Jornada \u201cInnovaci\u00f3n Educativa en la Revoluci\u00f3n Digital\u201d - El Digital de Asturias","description":"La consejera de Educaci\u00f3n, Carmen Su\u00e1rez, ha inaugurado la jornada Innovaci\u00f3n Educativa en la Revoluci\u00f3n Digital, especialmente orientada a los equipos directivos y docentes de Formaci\u00f3n Profesional, adem\u00e1s el consejero de Ciencia, Borja S\u00e1nchez, ha sido el encargado de clausurar el acto. En la galer\u00eda de El Digital de Asturias te mostramos a los protagonistas","inLanguage":"es-ES","isPartOf":{"@id":"https:\/\/www.eldigitaldeasturias.com\/noticias\/#website"},"breadcrumb":{"@id":"https:\/\/www.eldigitaldeasturias.com\/noticias\/jornada-innovacion-educativa-en-la-revolucion-digital\/#breadcrumblist"},"author":{"@id":"https:\/\/www.eldigitaldeasturias.com\/noticias\/author\/admin\/#author"},"creator":{"@id":"https:\/\/www.eldigitaldeasturias.com\/noticias\/author\/admin\/#author"},"image":{"@type":"ImageObject","url":"https:\/\/www.eldigitaldeasturias.com\/noticias\/wp-content\/uploads\/2019\/12\/Jornada-Digital.jpg","@id":"https:\/\/www.eldigitaldeasturias.com\/noticias\/jornada-innovacion-educativa-en-la-revolucion-digital\/#mainImage","width":656,"height":575},"primaryImageOfPage":{"@id":"https:\/\/www.eldigitaldeasturias.com\/noticias\/jornada-innovacion-educativa-en-la-revolucion-digital\/#mainImage"},"datePublished":"2019-12-04T06:27:20+01:00","dateModified":"2023-04-02T01:34:24+02:00"},{"@type":"WebSite","@id":"https:\/\/www.eldigitaldeasturias.com\/noticias\/#website","url":"https:\/\/www.eldigitaldeasturias.com\/noticias\/","name":"El Digital de Asturias - Diario de actualidad y noticias","alternateName":"El Digital de Asturias - Diario de actualidad y noticias","description":"Hemeroteca","inLanguage":"es-ES","publisher":{"@id":"https:\/\/www.eldigitaldeasturias.com\/noticias\/#organization"}}]},"og:locale":"es_ES","og:site_name":"El Digital de Asturias","og:type":"article","og:title":"Jornada \u201cInnovaci\u00f3n Educativa en la Revoluci\u00f3n Digital\u201d - El Digital de Asturias","og:description":"La consejera de Educaci\u00f3n, Carmen Su\u00e1rez, ha inaugurado la jornada Innovaci\u00f3n Educativa en la Revoluci\u00f3n Digital, especialmente orientada a los equipos directivos y docentes de Formaci\u00f3n Profesional, adem\u00e1s el consejero de Ciencia, Borja S\u00e1nchez, ha sido el encargado de clausurar el acto. En la galer\u00eda de El Digital de Asturias te mostramos a los protagonistas","og:url":"https:\/\/www.eldigitaldeasturias.com\/noticias\/jornada-innovacion-educativa-en-la-revolucion-digital\/","og:image":"https:\/\/www.eldigitaldeasturias.com\/noticias\/wp-content\/uploads\/2019\/12\/Jornada-Digital.jpg","og:image:secure_url":"https:\/\/www.eldigitaldeasturias.com\/noticias\/wp-content\/uploads\/2019\/12\/Jornada-Digital.jpg","og:image:width":656,"og:image:height":575,"article:tag":["fotos asturias"],"article:published_time":"2019-12-04T05:27:20+00:00","article:modified_time":"2023-04-01T23:34:24+00:00","article:publisher":"https:\/\/facebook.com\/eldigitaldeasturias","twitter:card":"summary_large_image","twitter:title":"Jornada \u201cInnovaci\u00f3n Educativa en la Revoluci\u00f3n Digital\u201d - El Digital de Asturias","twitter:description":"La consejera de Educaci\u00f3n, Carmen Su\u00e1rez, ha inaugurado la jornada Innovaci\u00f3n Educativa en la Revoluci\u00f3n Digital, especialmente orientada a los equipos directivos y docentes de Formaci\u00f3n Profesional, adem\u00e1s el consejero de Ciencia, Borja S\u00e1nchez, ha sido el encargado de clausurar el acto. En la galer\u00eda de El Digital de Asturias te mostramos a los protagonistas","twitter:image":"https:\/\/www.eldigitaldeasturias.com\/noticias\/wp-content\/uploads\/2019\/12\/Jornada-Digital.jpg","twitter:label1":"Escrito por","twitter:data1":"El Digital de Asturias"},"aioseo_meta_data":{"post_id":"1049785","title":null,"description":null,"keywords":null,"keyphrases":null,"primary_term":null,"canonical_url":null,"og_title":null,"og_description":null,"og_object_type":"default","og_image_type":"default","og_image_url":null,"og_image_width":null,"og_image_height":null,"og_image_custom_url":null,"og_image_custom_fields":null,"og_video":null,"og_custom_url":null,"og_article_section":null,"og_article_tags":null,"twitter_use_og":false,"twitter_card":"default","twitter_image_type":"default","twitter_image_url":null,"twitter_image_custom_url":null,"twitter_image_custom_fields":null,"twitter_title":null,"twitter_description":null,"schema":{"blockGraphs":[],"customGraphs":[],"default":{"data":{"Article":[],"Course":[],"Dataset":[],"FAQPage":[],"Movie":[],"Person":[],"Product":[],"ProductReview":[],"Car":[],"Recipe":[],"Service":[],"SoftwareApplication":[],"WebPage":[]},"graphName":"","isEnabled":true},"graphs":[],"defaultGraph":"","defaultPostTypeGraph":""},"schema_type":null,"schema_type_options":null,"pillar_content":false,"robots_default":true,"robots_noindex":false,"robots_noarchive":false,"robots_nosnippet":false,"robots_nofollow":false,"robots_noimageindex":false,"robots_noodp":false,"robots_notranslate":false,"robots_max_snippet":null,"robots_max_videopreview":null,"robots_max_imagepreview":"large","priority":null,"frequency":null,"local_seo":null,"seo_analyzer_scan_date":"2025-10-29 23:54:14","breadcrumb_settings":null,"limit_modified_date":false,"open_ai":null,"ai":null,"created":"2020-12-21 10:58:14","updated":"2025-10-29 23:54:14"},"aioseo_breadcrumb":"<div class=\"aioseo-breadcrumbs\"><span class=\"aioseo-breadcrumb\">\n\t<a href=\"https:\/\/www.eldigitaldeasturias.com\/noticias\" title=\"Home\">Home<\/a>\n<\/span><span class=\"aioseo-breadcrumb-separator\">\u2013<\/span><span class=\"aioseo-breadcrumb\">\n\t<a href=\"https:\/\/www.eldigitaldeasturias.com\/noticias\/category\/fotos-asturias\/\" title=\"Fotos Asturias\">Fotos Asturias<\/a>\n<\/span><span class=\"aioseo-breadcrumb-separator\">\u2013<\/span><span class=\"aioseo-breadcrumb\">\n\t<a href=\"https:\/\/www.eldigitaldeasturias.com\/noticias\/jornada-innovacion-educativa-en-la-revolucion-digital\/\" title=\"Jornada \u201cInnovaci\u00f3n Educativa en la Revoluci\u00f3n Digital\u201d\">Jornada \u201cInnovaci\u00f3n Educativa en la Revoluci\u00f3n Digital\u201d<\/a>\n<\/span><\/div>","aioseo_breadcrumb_json":[{"label":"Home","link":"https:\/\/www.eldigitaldeasturias.com\/noticias"},{"label":"Fotos Asturias","link":"https:\/\/www.eldigitaldeasturias.com\/noticias\/category\/fotos-asturias\/"},{"label":"Jornada \u201cInnovaci\u00f3n Educativa en la Revoluci\u00f3n Digital\u201d","link":"https:\/\/www.eldigitaldeasturias.com\/noticias\/jornada-innovacion-educativa-en-la-revolucion-digital\/"}],"_links":{"self":[{"href":"https:\/\/www.eldigitaldeasturias.com\/noticias\/wp-json\/wp\/v2\/posts\/1049785","targetHints":{"allow":["GET"]}}],"collection":[{"href":"https:\/\/www.eldigitaldeasturias.com\/noticias\/wp-json\/wp\/v2\/posts"}],"about":[{"href":"https:\/\/www.eldigitaldeasturias.com\/noticias\/wp-json\/wp\/v2\/types\/post"}],"author":[{"embeddable":true,"href":"https:\/\/www.eldigitaldeasturias.com\/noticias\/wp-json\/wp\/v2\/users\/1"}],"replies":[{"embeddable":true,"href":"https:\/\/www.eldigitaldeasturias.com\/noticias\/wp-json\/wp\/v2\/comments?post=1049785"}],"version-history":[{"count":0,"href":"https:\/\/www.eldigitaldeasturias.com\/noticias\/wp-json\/wp\/v2\/posts\/1049785\/revisions"}],"wp:featuredmedia":[{"embeddable":true,"href":"https:\/\/www.eldigitaldeasturias.com\/noticias\/wp-json\/wp\/v2\/media\/1049786"}],"wp:attachment":[{"href":"https:\/\/www.eldigitaldeasturias.com\/noticias\/wp-json\/wp\/v2\/media?parent=1049785"}],"wp:term":[{"taxonomy":"category","embeddable":true,"href":"https:\/\/www.eldigitaldeasturias.com\/noticias\/wp-json\/wp\/v2\/categories?post=1049785"},{"taxonomy":"post_tag","embeddable":true,"href":"https:\/\/www.eldigitaldeasturias.com\/noticias\/wp-json\/wp\/v2\/tags?post=1049785"}],"curies":[{"name":"wp","href":"https:\/\/api.w.org\/{rel}","templated":true}]}}