{"id":1048919,"date":"2019-11-28T03:17:07","date_gmt":"2019-11-28T03:17:07","guid":{"rendered":"https:\/\/www.eldigitaldeasturias.com\/noticias\/?p=1048919"},"modified":"2019-11-28T03:17:07","modified_gmt":"2019-11-28T03:17:07","slug":"vacaciones-de-invierno-en-dinamarca","status":"publish","type":"post","link":"https:\/\/www.eldigitaldeasturias.com\/noticias\/vacaciones-de-invierno-en-dinamarca\/","title":{"rendered":"Vacaciones de invierno en Dinamarca"},"content":{"rendered":"<figure id=\"attachment_1048921\" aria-describedby=\"caption-attachment-1048921\" style=\"width: 360px\" class=\"wp-caption alignleft\"><img loading=\"lazy\" decoding=\"async\" class=\"size-medium wp-image-1048921\" src=\"https:\/\/www.eldigitaldeasturias.com\/noticias\/wp-content\/uploads\/2019\/11\/Fano-360x241.jpg\" alt=\"\" width=\"360\" height=\"241\" srcset=\"https:\/\/www.eldigitaldeasturias.com\/noticias\/wp-content\/uploads\/2019\/11\/Fano-360x241.jpg 360w, https:\/\/www.eldigitaldeasturias.com\/noticias\/wp-content\/uploads\/2019\/11\/Fano-690x462.jpg 690w, https:\/\/www.eldigitaldeasturias.com\/noticias\/wp-content\/uploads\/2019\/11\/Fano-448x300.jpg 448w, https:\/\/www.eldigitaldeasturias.com\/noticias\/wp-content\/uploads\/2019\/11\/Fano-768x514.jpg 768w, https:\/\/www.eldigitaldeasturias.com\/noticias\/wp-content\/uploads\/2019\/11\/Fano.jpg 1005w\" sizes=\"auto, (max-width: 360px) 100vw, 360px\" \/><figcaption id=\"caption-attachment-1048921\" class=\"wp-caption-text\">Foto: Fan\u00f8 Turistbureau\/dpa-tmn<\/figcaption><\/figure>\n<p>(dpa) &#8211; Muchos viajan a Europa, pero<strong> \u00bfcu\u00e1nta gente conoce Dinamarca?<\/strong> De entre todas las bellezas naturales e hist\u00f3ricas que hay para conocer en el continente, pocos hablan de este pa\u00eds casi escondido. Pero tiene muchos lugares para descubrir. Uno de ellos es <strong>la isla de Fan\u00f8<\/strong>, habitada por apenas 3400 personas, pero que en alg\u00fan momento lleg\u00f3 a tener la segunda mayor flota del pa\u00eds.<\/p>\n<p>No es un sitio para cualquiera. Es para viajeros que buscan algo muy especial, personas que quieren saber c\u00f3mo es saborear el invierno, olerlo, sentirlo en la piel, y luego regresar a una habitaci\u00f3n c\u00e1lida a la luz del fuego. En la ma\u00f1ana de Fan\u00f8 todo es gris y escarcha. No hay ni un alma. La playa se despliega vac\u00eda sobre un horizonte que parece infinito. Dentro de ese panorama,<strong> Fan\u00f8 tiene fama de ser un lugar muy acogedor<\/strong>.<\/p>\n<p>Helen D\u00f6rte M\u00e4hler, de 37 a\u00f1os, est\u00e1 acostumbrada a caminar con viento en contra. Lleva un traje de nieve y da algunos pasos cautelosos en la marisma del Mar del Norte. La marea est\u00e1 baja, el mar se ha retirado y ha dejado una fina capa de hielo.<\/p>\n<h3>Invierno en el Mar del Norte<\/h3>\n<p>Helen sabe que los primeros minutos son los m\u00e1s dif\u00edciles. Despu\u00e9s de un ratito, el paso se acostumbra a avanzar como si estuviera caminando sobre el limo. Esta joven suele hacer visitas guiadas en la isla, en la que, entre otras cosas, se pueden ver lobos marinos y focas grises en su h\u00e1bitat natural.<\/p>\n<p>Helen es de Hamburgo, pero vive desde hace m\u00e1s de cuatro a\u00f1os con toda su familia en una de las casas t\u00edpicas del lugar, con techo de paja. Son tan tradicionales que 75 de ellas est\u00e1n bajo protecci\u00f3n hist\u00f3rica, sobre todo en el pueblo de S\u00f8nderho, que en 2011 fue elegido como el m\u00e1s hermoso de toda Dinamarca. En este pueblo las casas tienen como mucho dos plantas. Algunas parecen estar un poco torcidas, otras tienen una ventana o una puerta ladeada.<strong><em> \u00abEs que no tienen fundamento\u00bb<\/em><\/strong>, explica Helen durante el recorrido por el pueblo.<\/p>\n<h3>Isla de marineros<\/h3>\n<p>La iglesia de S\u00f8nderho es de fines del siglo XVIII y cuenta con 15 maquetas de barcos que fueron armadas, en su gran mayor\u00eda, por marineros del lugar con mucho esfuerzo y mucho cari\u00f1o. En alg\u00fan momento de la historia, Fan\u00f8 contaba con la mayor flota despu\u00e9s de Copenhague y ten\u00eda casi tres veces m\u00e1s habitantes que hoy. Pero ya no queda nada del antiguo puerto en el este del pueblo. Est\u00e1 cubierto por arena.<\/p>\n<p>En la zona occidental de la isla hay 15 kil\u00f3metros de playa, que atraen a los turistas para largos paseos. All\u00ed se instal\u00f3 ya en 1891 el primer balneario terap\u00e9utico dan\u00e9s.<\/p>\n<h3>Cosiendo en la cocina<\/h3>\n<p>Lone M\u00fcller Sigaard est\u00e1 sentada en la cocina de su casa, a cinco minutos del punto de atraque del transbordador. Estuvo cosiendo una chaqueta para acompa\u00f1ar el traje t\u00edpico de la isla, aunque tiene una que pertenec\u00eda a su bisabuela y otra que pertenec\u00eda a su madre. La tradici\u00f3n del pueblo puede sentirse en cada rinc\u00f3n. Adem\u00e1s, a Lone le encanta sentarse a coser en las tardes de invierno.<strong><em> \u00abLos trajes son parte de la tradici\u00f3n local, que nunca ha dejado de estar muy presente. Tambi\u00e9n le har\u00e9 uno a mi hija\u00bb<\/em><\/strong>, cuenta.<\/p>\n<h3>Bodas en Fan\u00f8<\/h3>\n<p>Lo que en muchos sitios suele ser un \u00abremake\u00bb de tradici\u00f3n para las fotos de los turistas, en Fan\u00f8 es vida diaria, folklore vivo, aunque las mujeres no est\u00e9n todo el d\u00eda vistiendo trajes t\u00edpicos. De hecho el pueblo parece ser atractivo para parejas que quieren consagrar su amor. Unas 500 parejas llegan todos los a\u00f1os para contraer matrimonio en Fan\u00f8.<strong> \u00abLa temporada alta es entre mayo y septiembre, y luego tambi\u00e9n vuelven en diciembre\u00bb<\/strong>, comenta Lone.<\/p>\n<p>\u00bfPor qu\u00e9 se da este fen\u00f3meno? En los meses de invierno Fan\u00f8 da algo que otros lugares no tienen: la sensaci\u00f3n de contenci\u00f3n, de estar cuidado cuando afuera hace fr\u00edo y est\u00e1 oscuro. Un sitio ideal para \u00abescaparle\u00bb al invierno haci\u00e9ndole frente con calidez a la luz tibia de las velas.<\/p>\n<p><i class=\"lang-es\"><span class=\" readonly\" title=\"\">Por Andreas Heimann (dpa)<\/span><\/i><\/p>\n<p>&nbsp;<\/p>\n","protected":false},"excerpt":{"rendered":"<p>(dpa) &#8211; Muchos viajan a Europa, pero \u00bfcu\u00e1nta gente conoce Dinamarca? De entre todas las bellezas naturales e hist\u00f3ricas que hay para conocer en el continente, pocos hablan de este pa\u00eds casi escondido. Pero tiene muchos lugares para descubrir. Uno de ellos es la isla de Fan\u00f8, habitada por apenas 3400 personas, pero que en [&hellip;]<\/p>\n","protected":false},"author":1,"featured_media":1048921,"comment_status":"closed","ping_status":"closed","sticky":false,"template":"","format":"standard","meta":{"footnotes":""},"categories":[148],"tags":[],"class_list":["post-1048919","post","type-post","status-publish","format-standard","has-post-thumbnail","hentry","category-turismo"],"aioseo_notices":[],"aioseo_head":"\n\t\t<!-- All in One SEO Pro 4.9.6.2 - aioseo.com -->\n\t<meta name=\"description\" content=\"(dpa) - Muchos viajan a Europa, pero \u00bfcu\u00e1nta gente conoce Dinamarca? De entre todas las bellezas naturales e hist\u00f3ricas que hay para conocer en el continente, pocos hablan de este pa\u00eds casi escondido. Pero tiene muchos lugares para descubrir. Uno de ellos es la isla de Fan\u00f8, habitada por apenas 3400 personas, pero que en\" \/>\n\t<meta name=\"robots\" content=\"max-image-preview:large\" \/>\n\t<meta name=\"author\" content=\"El Digital de Asturias\"\/>\n\t<meta name=\"google-site-verification\" content=\"UA-38556648-1\" \/>\n\t<meta name=\"msvalidate.01\" content=\"7dfe9f3f1b24437ab69f4f2559babe99\" \/>\n\t<meta name=\"keywords\" content=\"turismo\" \/>\n\t<link rel=\"canonical\" href=\"https:\/\/www.eldigitaldeasturias.com\/noticias\/vacaciones-de-invierno-en-dinamarca\/\" \/>\n\t<meta name=\"generator\" content=\"All in One SEO Pro (AIOSEO) 4.9.6.2\" \/>\n\t\t<meta property=\"og:locale\" content=\"es_ES\" \/>\n\t\t<meta property=\"og:site_name\" content=\"El Digital de Asturias\" \/>\n\t\t<meta property=\"og:type\" content=\"article\" \/>\n\t\t<meta property=\"og:title\" content=\"Vacaciones de invierno en Dinamarca - El Digital de Asturias\" \/>\n\t\t<meta property=\"og:description\" content=\"(dpa) - Muchos viajan a Europa, pero \u00bfcu\u00e1nta gente conoce Dinamarca? De entre todas las bellezas naturales e hist\u00f3ricas que hay para conocer en el continente, pocos hablan de este pa\u00eds casi escondido. Pero tiene muchos lugares para descubrir. Uno de ellos es la isla de Fan\u00f8, habitada por apenas 3400 personas, pero que en\" \/>\n\t\t<meta property=\"og:url\" content=\"https:\/\/www.eldigitaldeasturias.com\/noticias\/vacaciones-de-invierno-en-dinamarca\/\" \/>\n\t\t<meta property=\"og:image\" content=\"https:\/\/www.eldigitaldeasturias.com\/noticias\/wp-content\/uploads\/2019\/11\/Fano.jpg\" \/>\n\t\t<meta property=\"og:image:secure_url\" content=\"https:\/\/www.eldigitaldeasturias.com\/noticias\/wp-content\/uploads\/2019\/11\/Fano.jpg\" \/>\n\t\t<meta property=\"og:image:width\" content=\"1005\" \/>\n\t\t<meta property=\"og:image:height\" content=\"673\" \/>\n\t\t<meta property=\"article:tag\" content=\"turismo\" \/>\n\t\t<meta property=\"article:published_time\" content=\"2019-11-28T03:17:07+00:00\" \/>\n\t\t<meta property=\"article:modified_time\" content=\"2019-11-28T03:17:07+00:00\" \/>\n\t\t<meta property=\"article:publisher\" content=\"https:\/\/facebook.com\/eldigitaldeasturias\" \/>\n\t\t<meta name=\"twitter:card\" content=\"summary_large_image\" \/>\n\t\t<meta name=\"twitter:title\" content=\"Vacaciones de invierno en Dinamarca - El Digital de Asturias\" \/>\n\t\t<meta name=\"twitter:description\" content=\"(dpa) - Muchos viajan a Europa, pero \u00bfcu\u00e1nta gente conoce Dinamarca? De entre todas las bellezas naturales e hist\u00f3ricas que hay para conocer en el continente, pocos hablan de este pa\u00eds casi escondido. Pero tiene muchos lugares para descubrir. Uno de ellos es la isla de Fan\u00f8, habitada por apenas 3400 personas, pero que en\" \/>\n\t\t<meta name=\"twitter:image\" content=\"https:\/\/www.eldigitaldeasturias.com\/noticias\/wp-content\/uploads\/2019\/11\/Fano.jpg\" \/>\n\t\t<meta name=\"twitter:label1\" content=\"Escrito por\" \/>\n\t\t<meta name=\"twitter:data1\" content=\"El Digital de Asturias\" \/>\n\t\t<meta name=\"twitter:label2\" content=\"Tiempo de lectura estimado\" \/>\n\t\t<meta name=\"twitter:data2\" content=\"4 minutos\" \/>\n\t\t<script type=\"application\/ld+json\" class=\"aioseo-schema\">\n\t\t\t{\"@context\":\"https:\\\/\\\/schema.org\",\"@graph\":[{\"@type\":\"BlogPosting\",\"@id\":\"https:\\\/\\\/www.eldigitaldeasturias.com\\\/noticias\\\/vacaciones-de-invierno-en-dinamarca\\\/#blogposting\",\"name\":\"Vacaciones de invierno en Dinamarca - El Digital de Asturias\",\"headline\":\"Vacaciones de invierno en Dinamarca\",\"author\":{\"@id\":\"https:\\\/\\\/www.eldigitaldeasturias.com\\\/noticias\\\/author\\\/admin\\\/#author\"},\"publisher\":{\"@id\":\"https:\\\/\\\/www.eldigitaldeasturias.com\\\/noticias\\\/#organization\"},\"image\":{\"@type\":\"ImageObject\",\"url\":\"https:\\\/\\\/www.eldigitaldeasturias.com\\\/noticias\\\/wp-content\\\/uploads\\\/2019\\\/11\\\/Fano.jpg\",\"width\":1005,\"height\":673,\"caption\":\"Foto: Fan\\u00f8 Turistbureau\\\/dpa-tmn\"},\"datePublished\":\"2019-11-28T03:17:07+01:00\",\"dateModified\":\"2019-11-28T03:17:07+01:00\",\"inLanguage\":\"es-ES\",\"mainEntityOfPage\":{\"@id\":\"https:\\\/\\\/www.eldigitaldeasturias.com\\\/noticias\\\/vacaciones-de-invierno-en-dinamarca\\\/#webpage\"},\"isPartOf\":{\"@id\":\"https:\\\/\\\/www.eldigitaldeasturias.com\\\/noticias\\\/vacaciones-de-invierno-en-dinamarca\\\/#webpage\"},\"articleSection\":\"Turismo\"},{\"@type\":\"BreadcrumbList\",\"@id\":\"https:\\\/\\\/www.eldigitaldeasturias.com\\\/noticias\\\/vacaciones-de-invierno-en-dinamarca\\\/#breadcrumblist\",\"itemListElement\":[{\"@type\":\"ListItem\",\"@id\":\"https:\\\/\\\/www.eldigitaldeasturias.com\\\/noticias#listItem\",\"position\":1,\"name\":\"Home\",\"item\":\"https:\\\/\\\/www.eldigitaldeasturias.com\\\/noticias\",\"nextItem\":{\"@type\":\"ListItem\",\"@id\":\"https:\\\/\\\/www.eldigitaldeasturias.com\\\/noticias\\\/category\\\/turismo\\\/#listItem\",\"name\":\"Turismo\"}},{\"@type\":\"ListItem\",\"@id\":\"https:\\\/\\\/www.eldigitaldeasturias.com\\\/noticias\\\/category\\\/turismo\\\/#listItem\",\"position\":2,\"name\":\"Turismo\",\"item\":\"https:\\\/\\\/www.eldigitaldeasturias.com\\\/noticias\\\/category\\\/turismo\\\/\",\"nextItem\":{\"@type\":\"ListItem\",\"@id\":\"https:\\\/\\\/www.eldigitaldeasturias.com\\\/noticias\\\/vacaciones-de-invierno-en-dinamarca\\\/#listItem\",\"name\":\"Vacaciones de invierno en Dinamarca\"},\"previousItem\":{\"@type\":\"ListItem\",\"@id\":\"https:\\\/\\\/www.eldigitaldeasturias.com\\\/noticias#listItem\",\"name\":\"Home\"}},{\"@type\":\"ListItem\",\"@id\":\"https:\\\/\\\/www.eldigitaldeasturias.com\\\/noticias\\\/vacaciones-de-invierno-en-dinamarca\\\/#listItem\",\"position\":3,\"name\":\"Vacaciones de invierno en Dinamarca\",\"previousItem\":{\"@type\":\"ListItem\",\"@id\":\"https:\\\/\\\/www.eldigitaldeasturias.com\\\/noticias\\\/category\\\/turismo\\\/#listItem\",\"name\":\"Turismo\"}}]},{\"@type\":\"Organization\",\"@id\":\"https:\\\/\\\/www.eldigitaldeasturias.com\\\/noticias\\\/#organization\",\"name\":\"El Digital de Asturias\",\"description\":\"Hemeroteca\",\"url\":\"https:\\\/\\\/www.eldigitaldeasturias.com\\\/noticias\\\/\",\"email\":\"info@eldigitaldeasturias.com\",\"telephone\":\"+34652131393\",\"logo\":{\"@type\":\"ImageObject\",\"url\":\"https:\\\/\\\/www.eldigitaldeasturias.com\\\/noticias\\\/wp-content\\\/uploads\\\/2020\\\/12\\\/EDA.jpg\",\"@id\":\"https:\\\/\\\/www.eldigitaldeasturias.com\\\/noticias\\\/vacaciones-de-invierno-en-dinamarca\\\/#organizationLogo\",\"width\":649,\"height\":297},\"image\":{\"@id\":\"https:\\\/\\\/www.eldigitaldeasturias.com\\\/noticias\\\/vacaciones-de-invierno-en-dinamarca\\\/#organizationLogo\"},\"sameAs\":[\"https:\\\/\\\/facebook.com\\\/eldigitaldeasturias\",\"https:\\\/\\\/www.youtube.com\\\/channel\\\/UCZP-2wLEB9Rv6erhFmqVnvg\"],\"address\":{\"@id\":\"https:\\\/\\\/www.eldigitaldeasturias.com\\\/noticias\\\/#postaladdress\",\"@type\":\"PostalAddress\",\"streetAddress\":\"san antonio 4,\",\"postalCode\":\"33430\",\"addressLocality\":\"Cand\\u00e1s\",\"addressRegion\":\"Asturias\",\"addressCountry\":\"ES\"}},{\"@type\":\"Person\",\"@id\":\"https:\\\/\\\/www.eldigitaldeasturias.com\\\/noticias\\\/author\\\/admin\\\/#author\",\"url\":\"https:\\\/\\\/www.eldigitaldeasturias.com\\\/noticias\\\/author\\\/admin\\\/\",\"name\":\"El Digital de Asturias\",\"image\":{\"@type\":\"ImageObject\",\"@id\":\"https:\\\/\\\/www.eldigitaldeasturias.com\\\/noticias\\\/vacaciones-de-invierno-en-dinamarca\\\/#authorImage\",\"url\":\"https:\\\/\\\/www.eldigitaldeasturias.com\\\/noticias\\\/wp-content\\\/litespeed\\\/avatar\\\/18677e78aa0546b92d9dbf31ec7d7668.jpg?ver=1777290358\",\"width\":96,\"height\":96,\"caption\":\"El Digital de Asturias\"}},{\"@type\":\"WebPage\",\"@id\":\"https:\\\/\\\/www.eldigitaldeasturias.com\\\/noticias\\\/vacaciones-de-invierno-en-dinamarca\\\/#webpage\",\"url\":\"https:\\\/\\\/www.eldigitaldeasturias.com\\\/noticias\\\/vacaciones-de-invierno-en-dinamarca\\\/\",\"name\":\"Vacaciones de invierno en Dinamarca - El Digital de Asturias\",\"description\":\"(dpa) - Muchos viajan a Europa, pero \\u00bfcu\\u00e1nta gente conoce Dinamarca? De entre todas las bellezas naturales e hist\\u00f3ricas que hay para conocer en el continente, pocos hablan de este pa\\u00eds casi escondido. Pero tiene muchos lugares para descubrir. Uno de ellos es la isla de Fan\\u00f8, habitada por apenas 3400 personas, pero que en\",\"inLanguage\":\"es-ES\",\"isPartOf\":{\"@id\":\"https:\\\/\\\/www.eldigitaldeasturias.com\\\/noticias\\\/#website\"},\"breadcrumb\":{\"@id\":\"https:\\\/\\\/www.eldigitaldeasturias.com\\\/noticias\\\/vacaciones-de-invierno-en-dinamarca\\\/#breadcrumblist\"},\"author\":{\"@id\":\"https:\\\/\\\/www.eldigitaldeasturias.com\\\/noticias\\\/author\\\/admin\\\/#author\"},\"creator\":{\"@id\":\"https:\\\/\\\/www.eldigitaldeasturias.com\\\/noticias\\\/author\\\/admin\\\/#author\"},\"image\":{\"@type\":\"ImageObject\",\"url\":\"https:\\\/\\\/www.eldigitaldeasturias.com\\\/noticias\\\/wp-content\\\/uploads\\\/2019\\\/11\\\/Fano.jpg\",\"@id\":\"https:\\\/\\\/www.eldigitaldeasturias.com\\\/noticias\\\/vacaciones-de-invierno-en-dinamarca\\\/#mainImage\",\"width\":1005,\"height\":673,\"caption\":\"Foto: Fan\\u00f8 Turistbureau\\\/dpa-tmn\"},\"primaryImageOfPage\":{\"@id\":\"https:\\\/\\\/www.eldigitaldeasturias.com\\\/noticias\\\/vacaciones-de-invierno-en-dinamarca\\\/#mainImage\"},\"datePublished\":\"2019-11-28T03:17:07+01:00\",\"dateModified\":\"2019-11-28T03:17:07+01:00\"},{\"@type\":\"WebSite\",\"@id\":\"https:\\\/\\\/www.eldigitaldeasturias.com\\\/noticias\\\/#website\",\"url\":\"https:\\\/\\\/www.eldigitaldeasturias.com\\\/noticias\\\/\",\"name\":\"El Digital de Asturias - Diario de actualidad y noticias\",\"alternateName\":\"El Digital de Asturias - Diario de actualidad y noticias\",\"description\":\"Hemeroteca\",\"inLanguage\":\"es-ES\",\"publisher\":{\"@id\":\"https:\\\/\\\/www.eldigitaldeasturias.com\\\/noticias\\\/#organization\"}}]}\n\t\t<\/script>\n\t\t<!-- All in One SEO Pro -->\r\n\t\t<title>Vacaciones de invierno en Dinamarca - El Digital de Asturias<\/title>\n\n","aioseo_head_json":{"title":"Vacaciones de invierno en Dinamarca - El Digital de Asturias","description":"(dpa) - Muchos viajan a Europa, pero \u00bfcu\u00e1nta gente conoce Dinamarca? De entre todas las bellezas naturales e hist\u00f3ricas que hay para conocer en el continente, pocos hablan de este pa\u00eds casi escondido. Pero tiene muchos lugares para descubrir. Uno de ellos es la isla de Fan\u00f8, habitada por apenas 3400 personas, pero que en","canonical_url":"https:\/\/www.eldigitaldeasturias.com\/noticias\/vacaciones-de-invierno-en-dinamarca\/","robots":"max-image-preview:large","keywords":"turismo","webmasterTools":{"google-site-verification":"UA-38556648-1","msvalidate.01":"7dfe9f3f1b24437ab69f4f2559babe99","miscellaneous":""},"schema":{"@context":"https:\/\/schema.org","@graph":[{"@type":"BlogPosting","@id":"https:\/\/www.eldigitaldeasturias.com\/noticias\/vacaciones-de-invierno-en-dinamarca\/#blogposting","name":"Vacaciones de invierno en Dinamarca - El Digital de Asturias","headline":"Vacaciones de invierno en Dinamarca","author":{"@id":"https:\/\/www.eldigitaldeasturias.com\/noticias\/author\/admin\/#author"},"publisher":{"@id":"https:\/\/www.eldigitaldeasturias.com\/noticias\/#organization"},"image":{"@type":"ImageObject","url":"https:\/\/www.eldigitaldeasturias.com\/noticias\/wp-content\/uploads\/2019\/11\/Fano.jpg","width":1005,"height":673,"caption":"Foto: Fan\u00f8 Turistbureau\/dpa-tmn"},"datePublished":"2019-11-28T03:17:07+01:00","dateModified":"2019-11-28T03:17:07+01:00","inLanguage":"es-ES","mainEntityOfPage":{"@id":"https:\/\/www.eldigitaldeasturias.com\/noticias\/vacaciones-de-invierno-en-dinamarca\/#webpage"},"isPartOf":{"@id":"https:\/\/www.eldigitaldeasturias.com\/noticias\/vacaciones-de-invierno-en-dinamarca\/#webpage"},"articleSection":"Turismo"},{"@type":"BreadcrumbList","@id":"https:\/\/www.eldigitaldeasturias.com\/noticias\/vacaciones-de-invierno-en-dinamarca\/#breadcrumblist","itemListElement":[{"@type":"ListItem","@id":"https:\/\/www.eldigitaldeasturias.com\/noticias#listItem","position":1,"name":"Home","item":"https:\/\/www.eldigitaldeasturias.com\/noticias","nextItem":{"@type":"ListItem","@id":"https:\/\/www.eldigitaldeasturias.com\/noticias\/category\/turismo\/#listItem","name":"Turismo"}},{"@type":"ListItem","@id":"https:\/\/www.eldigitaldeasturias.com\/noticias\/category\/turismo\/#listItem","position":2,"name":"Turismo","item":"https:\/\/www.eldigitaldeasturias.com\/noticias\/category\/turismo\/","nextItem":{"@type":"ListItem","@id":"https:\/\/www.eldigitaldeasturias.com\/noticias\/vacaciones-de-invierno-en-dinamarca\/#listItem","name":"Vacaciones de invierno en Dinamarca"},"previousItem":{"@type":"ListItem","@id":"https:\/\/www.eldigitaldeasturias.com\/noticias#listItem","name":"Home"}},{"@type":"ListItem","@id":"https:\/\/www.eldigitaldeasturias.com\/noticias\/vacaciones-de-invierno-en-dinamarca\/#listItem","position":3,"name":"Vacaciones de invierno en Dinamarca","previousItem":{"@type":"ListItem","@id":"https:\/\/www.eldigitaldeasturias.com\/noticias\/category\/turismo\/#listItem","name":"Turismo"}}]},{"@type":"Organization","@id":"https:\/\/www.eldigitaldeasturias.com\/noticias\/#organization","name":"El Digital de Asturias","description":"Hemeroteca","url":"https:\/\/www.eldigitaldeasturias.com\/noticias\/","email":"info@eldigitaldeasturias.com","telephone":"+34652131393","logo":{"@type":"ImageObject","url":"https:\/\/www.eldigitaldeasturias.com\/noticias\/wp-content\/uploads\/2020\/12\/EDA.jpg","@id":"https:\/\/www.eldigitaldeasturias.com\/noticias\/vacaciones-de-invierno-en-dinamarca\/#organizationLogo","width":649,"height":297},"image":{"@id":"https:\/\/www.eldigitaldeasturias.com\/noticias\/vacaciones-de-invierno-en-dinamarca\/#organizationLogo"},"sameAs":["https:\/\/facebook.com\/eldigitaldeasturias","https:\/\/www.youtube.com\/channel\/UCZP-2wLEB9Rv6erhFmqVnvg"],"address":{"@id":"https:\/\/www.eldigitaldeasturias.com\/noticias\/#postaladdress","@type":"PostalAddress","streetAddress":"san antonio 4,","postalCode":"33430","addressLocality":"Cand\u00e1s","addressRegion":"Asturias","addressCountry":"ES"}},{"@type":"Person","@id":"https:\/\/www.eldigitaldeasturias.com\/noticias\/author\/admin\/#author","url":"https:\/\/www.eldigitaldeasturias.com\/noticias\/author\/admin\/","name":"El Digital de Asturias","image":{"@type":"ImageObject","@id":"https:\/\/www.eldigitaldeasturias.com\/noticias\/vacaciones-de-invierno-en-dinamarca\/#authorImage","url":"https:\/\/www.eldigitaldeasturias.com\/noticias\/wp-content\/litespeed\/avatar\/18677e78aa0546b92d9dbf31ec7d7668.jpg?ver=1777290358","width":96,"height":96,"caption":"El Digital de Asturias"}},{"@type":"WebPage","@id":"https:\/\/www.eldigitaldeasturias.com\/noticias\/vacaciones-de-invierno-en-dinamarca\/#webpage","url":"https:\/\/www.eldigitaldeasturias.com\/noticias\/vacaciones-de-invierno-en-dinamarca\/","name":"Vacaciones de invierno en Dinamarca - El Digital de Asturias","description":"(dpa) - Muchos viajan a Europa, pero \u00bfcu\u00e1nta gente conoce Dinamarca? De entre todas las bellezas naturales e hist\u00f3ricas que hay para conocer en el continente, pocos hablan de este pa\u00eds casi escondido. Pero tiene muchos lugares para descubrir. Uno de ellos es la isla de Fan\u00f8, habitada por apenas 3400 personas, pero que en","inLanguage":"es-ES","isPartOf":{"@id":"https:\/\/www.eldigitaldeasturias.com\/noticias\/#website"},"breadcrumb":{"@id":"https:\/\/www.eldigitaldeasturias.com\/noticias\/vacaciones-de-invierno-en-dinamarca\/#breadcrumblist"},"author":{"@id":"https:\/\/www.eldigitaldeasturias.com\/noticias\/author\/admin\/#author"},"creator":{"@id":"https:\/\/www.eldigitaldeasturias.com\/noticias\/author\/admin\/#author"},"image":{"@type":"ImageObject","url":"https:\/\/www.eldigitaldeasturias.com\/noticias\/wp-content\/uploads\/2019\/11\/Fano.jpg","@id":"https:\/\/www.eldigitaldeasturias.com\/noticias\/vacaciones-de-invierno-en-dinamarca\/#mainImage","width":1005,"height":673,"caption":"Foto: Fan\u00f8 Turistbureau\/dpa-tmn"},"primaryImageOfPage":{"@id":"https:\/\/www.eldigitaldeasturias.com\/noticias\/vacaciones-de-invierno-en-dinamarca\/#mainImage"},"datePublished":"2019-11-28T03:17:07+01:00","dateModified":"2019-11-28T03:17:07+01:00"},{"@type":"WebSite","@id":"https:\/\/www.eldigitaldeasturias.com\/noticias\/#website","url":"https:\/\/www.eldigitaldeasturias.com\/noticias\/","name":"El Digital de Asturias - Diario de actualidad y noticias","alternateName":"El Digital de Asturias - Diario de actualidad y noticias","description":"Hemeroteca","inLanguage":"es-ES","publisher":{"@id":"https:\/\/www.eldigitaldeasturias.com\/noticias\/#organization"}}]},"og:locale":"es_ES","og:site_name":"El Digital de Asturias","og:type":"article","og:title":"Vacaciones de invierno en Dinamarca - El Digital de Asturias","og:description":"(dpa) - Muchos viajan a Europa, pero \u00bfcu\u00e1nta gente conoce Dinamarca? De entre todas las bellezas naturales e hist\u00f3ricas que hay para conocer en el continente, pocos hablan de este pa\u00eds casi escondido. Pero tiene muchos lugares para descubrir. Uno de ellos es la isla de Fan\u00f8, habitada por apenas 3400 personas, pero que en","og:url":"https:\/\/www.eldigitaldeasturias.com\/noticias\/vacaciones-de-invierno-en-dinamarca\/","og:image":"https:\/\/www.eldigitaldeasturias.com\/noticias\/wp-content\/uploads\/2019\/11\/Fano.jpg","og:image:secure_url":"https:\/\/www.eldigitaldeasturias.com\/noticias\/wp-content\/uploads\/2019\/11\/Fano.jpg","og:image:width":1005,"og:image:height":673,"article:tag":["turismo"],"article:published_time":"2019-11-28T03:17:07+00:00","article:modified_time":"2019-11-28T03:17:07+00:00","article:publisher":"https:\/\/facebook.com\/eldigitaldeasturias","twitter:card":"summary_large_image","twitter:title":"Vacaciones de invierno en Dinamarca - El Digital de Asturias","twitter:description":"(dpa) - Muchos viajan a Europa, pero \u00bfcu\u00e1nta gente conoce Dinamarca? De entre todas las bellezas naturales e hist\u00f3ricas que hay para conocer en el continente, pocos hablan de este pa\u00eds casi escondido. Pero tiene muchos lugares para descubrir. Uno de ellos es la isla de Fan\u00f8, habitada por apenas 3400 personas, pero que en","twitter:image":"https:\/\/www.eldigitaldeasturias.com\/noticias\/wp-content\/uploads\/2019\/11\/Fano.jpg","twitter:label1":"Escrito por","twitter:data1":"El Digital de Asturias","twitter:label2":"Tiempo de lectura estimado","twitter:data2":"4 minutos"},"aioseo_meta_data":{"post_id":"1048919","title":null,"description":null,"keywords":null,"keyphrases":null,"primary_term":null,"canonical_url":null,"og_title":null,"og_description":null,"og_object_type":"default","og_image_type":"default","og_image_url":null,"og_image_width":null,"og_image_height":null,"og_image_custom_url":null,"og_image_custom_fields":null,"og_video":null,"og_custom_url":null,"og_article_section":null,"og_article_tags":null,"twitter_use_og":false,"twitter_card":"default","twitter_image_type":"default","twitter_image_url":null,"twitter_image_custom_url":null,"twitter_image_custom_fields":null,"twitter_title":null,"twitter_description":null,"schema":{"blockGraphs":[],"customGraphs":[],"default":{"data":{"Article":[],"Course":[],"Dataset":[],"FAQPage":[],"Movie":[],"Person":[],"Product":[],"ProductReview":[],"Car":[],"Recipe":[],"Service":[],"SoftwareApplication":[],"WebPage":[]},"graphName":"","isEnabled":true},"graphs":[],"defaultGraph":"","defaultPostTypeGraph":""},"schema_type":null,"schema_type_options":null,"pillar_content":false,"robots_default":true,"robots_noindex":false,"robots_noarchive":false,"robots_nosnippet":false,"robots_nofollow":false,"robots_noimageindex":false,"robots_noodp":false,"robots_notranslate":false,"robots_max_snippet":null,"robots_max_videopreview":null,"robots_max_imagepreview":"large","priority":null,"frequency":null,"local_seo":null,"seo_analyzer_scan_date":"2025-10-24 19:27:10","breadcrumb_settings":null,"limit_modified_date":false,"open_ai":null,"ai":null,"created":"2020-12-21 10:58:28","updated":"2025-10-24 19:27:10"},"aioseo_breadcrumb":"<div class=\"aioseo-breadcrumbs\"><span class=\"aioseo-breadcrumb\">\n\t<a href=\"https:\/\/www.eldigitaldeasturias.com\/noticias\" title=\"Home\">Home<\/a>\n<\/span><span class=\"aioseo-breadcrumb-separator\">\u2013<\/span><span class=\"aioseo-breadcrumb\">\n\t<a href=\"https:\/\/www.eldigitaldeasturias.com\/noticias\/category\/turismo\/\" title=\"Turismo\">Turismo<\/a>\n<\/span><span class=\"aioseo-breadcrumb-separator\">\u2013<\/span><span class=\"aioseo-breadcrumb\">\n\t<a href=\"https:\/\/www.eldigitaldeasturias.com\/noticias\/vacaciones-de-invierno-en-dinamarca\/\" title=\"Vacaciones de invierno en Dinamarca\">Vacaciones de invierno en Dinamarca<\/a>\n<\/span><\/div>","aioseo_breadcrumb_json":[{"label":"Home","link":"https:\/\/www.eldigitaldeasturias.com\/noticias"},{"label":"Turismo","link":"https:\/\/www.eldigitaldeasturias.com\/noticias\/category\/turismo\/"},{"label":"Vacaciones de invierno en Dinamarca","link":"https:\/\/www.eldigitaldeasturias.com\/noticias\/vacaciones-de-invierno-en-dinamarca\/"}],"_links":{"self":[{"href":"https:\/\/www.eldigitaldeasturias.com\/noticias\/wp-json\/wp\/v2\/posts\/1048919","targetHints":{"allow":["GET"]}}],"collection":[{"href":"https:\/\/www.eldigitaldeasturias.com\/noticias\/wp-json\/wp\/v2\/posts"}],"about":[{"href":"https:\/\/www.eldigitaldeasturias.com\/noticias\/wp-json\/wp\/v2\/types\/post"}],"author":[{"embeddable":true,"href":"https:\/\/www.eldigitaldeasturias.com\/noticias\/wp-json\/wp\/v2\/users\/1"}],"replies":[{"embeddable":true,"href":"https:\/\/www.eldigitaldeasturias.com\/noticias\/wp-json\/wp\/v2\/comments?post=1048919"}],"version-history":[{"count":0,"href":"https:\/\/www.eldigitaldeasturias.com\/noticias\/wp-json\/wp\/v2\/posts\/1048919\/revisions"}],"wp:featuredmedia":[{"embeddable":true,"href":"https:\/\/www.eldigitaldeasturias.com\/noticias\/wp-json\/wp\/v2\/media\/1048921"}],"wp:attachment":[{"href":"https:\/\/www.eldigitaldeasturias.com\/noticias\/wp-json\/wp\/v2\/media?parent=1048919"}],"wp:term":[{"taxonomy":"category","embeddable":true,"href":"https:\/\/www.eldigitaldeasturias.com\/noticias\/wp-json\/wp\/v2\/categories?post=1048919"},{"taxonomy":"post_tag","embeddable":true,"href":"https:\/\/www.eldigitaldeasturias.com\/noticias\/wp-json\/wp\/v2\/tags?post=1048919"}],"curies":[{"name":"wp","href":"https:\/\/api.w.org\/{rel}","templated":true}]}}