{"id":1048759,"date":"2019-11-26T15:55:38","date_gmt":"2019-11-26T15:55:38","guid":{"rendered":"https:\/\/www.eldigitaldeasturias.com\/noticias\/?p=1048759"},"modified":"2019-11-26T15:55:38","modified_gmt":"2019-11-26T15:55:38","slug":"mete-un-gol-contra-el-estigma-en-oviedo","status":"publish","type":"post","link":"https:\/\/www.eldigitaldeasturias.com\/noticias\/mete-un-gol-contra-el-estigma-en-oviedo\/","title":{"rendered":"\u201cMete un gol contra el estigma\u201d en Oviedo"},"content":{"rendered":"<p><img loading=\"lazy\" decoding=\"async\" class=\"alignleft size-medium wp-image-1048760\" src=\"https:\/\/www.eldigitaldeasturias.com\/noticias\/wp-content\/uploads\/2019\/11\/cartel-futbol-sala-226x320.jpeg\" alt=\"\" width=\"226\" height=\"320\" srcset=\"https:\/\/www.eldigitaldeasturias.com\/noticias\/wp-content\/uploads\/2019\/11\/cartel-futbol-sala-226x320.jpeg 226w, https:\/\/www.eldigitaldeasturias.com\/noticias\/wp-content\/uploads\/2019\/11\/cartel-futbol-sala-339x480.jpeg 339w, https:\/\/www.eldigitaldeasturias.com\/noticias\/wp-content\/uploads\/2019\/11\/cartel-futbol-sala-212x300.jpeg 212w, https:\/\/www.eldigitaldeasturias.com\/noticias\/wp-content\/uploads\/2019\/11\/cartel-futbol-sala-768x1087.jpeg 768w, https:\/\/www.eldigitaldeasturias.com\/noticias\/wp-content\/uploads\/2019\/11\/cartel-futbol-sala-1085x1536.jpeg 1085w, https:\/\/www.eldigitaldeasturias.com\/noticias\/wp-content\/uploads\/2019\/11\/cartel-futbol-sala-1024x1449.jpeg 1024w, https:\/\/www.eldigitaldeasturias.com\/noticias\/wp-content\/uploads\/2019\/11\/cartel-futbol-sala.jpeg 1447w\" sizes=\"auto, (max-width: 226px) 100vw, 226px\" \/>Bajo el lema <strong>\u201cMete un gol contra el estigma\u201d<\/strong> Oviedo acoge un partido de f\u00fatbol sala Pro Salud Mental contra el estigma.<\/p>\n<p>El Club Deportivo Samo (Salud Mental Oviedo), Asociaci\u00f3n sin \u00e1nimo de lucro, recibe en casa al Club Deportivo Duero, de Zamora en un encuentro en el que todos los jugadores padecen una enfermedad mental grave o severa y tiene reconocida una discapacidad de m\u00e1s del 33%.<\/p>\n<p>El partido se disputar\u00e1 a partir de las <strong><em>12 del mediod\u00eda en el complejo deportivo Jorge Egoechea<\/em><\/strong>, situado en la calle Luxemburgo, en el barrio ovetense de Teatinos.<\/p>\n<p><strong>La entrada para asistir al duelo es gratuita<\/strong> porque \u201cla intenci\u00f3n de este partido es meterle goles al estigma, por eso cuantos m\u00e1s seamos, m\u00e1s goles meteremos y podremos vencer al estigma social que existe contra las personas con enfermedad mental\u201d asegura Salvador L\u00f3pez, Secretario del Club deportivo Samo. Quien tambi\u00e9n asegura que \u201ccon este partido queremos concienciar a la gente de que no somos inferiores o indignos socialmente, sin embargo, los prejuicios son muchos al igual que la discriminaci\u00f3n social. Solo buscamos que nos traten como a los dem\u00e1s les gusta que les traten\u201d.<\/p>\n<p>&nbsp;<\/p>\n","protected":false},"excerpt":{"rendered":"<p>Bajo el lema \u201cMete un gol contra el estigma\u201d Oviedo acoge un partido de f\u00fatbol sala Pro Salud Mental contra el estigma. El Club Deportivo Samo (Salud Mental Oviedo), Asociaci\u00f3n sin \u00e1nimo de lucro, recibe en casa al Club Deportivo Duero, de Zamora en un encuentro en el que todos los jugadores padecen una enfermedad [&hellip;]<\/p>\n","protected":false},"author":1,"featured_media":1048760,"comment_status":"closed","ping_status":"closed","sticky":false,"template":"","format":"standard","meta":{"footnotes":""},"categories":[190],"tags":[],"class_list":["post-1048759","post","type-post","status-publish","format-standard","has-post-thumbnail","hentry","category-deportes"],"aioseo_notices":[],"aioseo_head":"\n\t\t<!-- All in One SEO Pro 4.9.6.2 - aioseo.com -->\n\t<meta name=\"description\" content=\"Bajo el lema \u201cMete un gol contra el estigma\u201d Oviedo acoge un partido de f\u00fatbol sala Pro Salud Mental contra el estigma. El Club Deportivo Samo (Salud Mental Oviedo), Asociaci\u00f3n sin \u00e1nimo de lucro, recibe en casa al Club Deportivo Duero, de Zamora en un encuentro en el que todos los jugadores padecen una enfermedad\" \/>\n\t<meta name=\"robots\" content=\"max-image-preview:large\" \/>\n\t<meta name=\"author\" content=\"El Digital de Asturias\"\/>\n\t<meta name=\"google-site-verification\" content=\"UA-38556648-1\" \/>\n\t<meta name=\"msvalidate.01\" content=\"7dfe9f3f1b24437ab69f4f2559babe99\" \/>\n\t<meta name=\"keywords\" content=\"deportes\" \/>\n\t<link rel=\"canonical\" href=\"https:\/\/www.eldigitaldeasturias.com\/noticias\/mete-un-gol-contra-el-estigma-en-oviedo\/\" \/>\n\t<meta name=\"generator\" content=\"All in One SEO Pro (AIOSEO) 4.9.6.2\" \/>\n\t\t<meta property=\"og:locale\" content=\"es_ES\" \/>\n\t\t<meta property=\"og:site_name\" content=\"El Digital de Asturias\" \/>\n\t\t<meta property=\"og:type\" content=\"article\" \/>\n\t\t<meta property=\"og:title\" content=\"\u201cMete un gol contra el estigma\u201d en Oviedo - El Digital de Asturias\" \/>\n\t\t<meta property=\"og:description\" content=\"Bajo el lema \u201cMete un gol contra el estigma\u201d Oviedo acoge un partido de f\u00fatbol sala Pro Salud Mental contra el estigma. El Club Deportivo Samo (Salud Mental Oviedo), Asociaci\u00f3n sin \u00e1nimo de lucro, recibe en casa al Club Deportivo Duero, de Zamora en un encuentro en el que todos los jugadores padecen una enfermedad\" \/>\n\t\t<meta property=\"og:url\" content=\"https:\/\/www.eldigitaldeasturias.com\/noticias\/mete-un-gol-contra-el-estigma-en-oviedo\/\" \/>\n\t\t<meta property=\"og:image\" content=\"https:\/\/www.eldigitaldeasturias.com\/noticias\/wp-content\/uploads\/2019\/11\/cartel-futbol-sala.jpeg\" \/>\n\t\t<meta property=\"og:image:secure_url\" content=\"https:\/\/www.eldigitaldeasturias.com\/noticias\/wp-content\/uploads\/2019\/11\/cartel-futbol-sala.jpeg\" \/>\n\t\t<meta property=\"og:image:width\" content=\"1447\" \/>\n\t\t<meta property=\"og:image:height\" content=\"2048\" \/>\n\t\t<meta property=\"article:tag\" content=\"deportes\" \/>\n\t\t<meta property=\"article:published_time\" content=\"2019-11-26T15:55:38+00:00\" \/>\n\t\t<meta property=\"article:modified_time\" content=\"2019-11-26T15:55:38+00:00\" \/>\n\t\t<meta property=\"article:publisher\" content=\"https:\/\/facebook.com\/eldigitaldeasturias\" \/>\n\t\t<meta name=\"twitter:card\" content=\"summary_large_image\" \/>\n\t\t<meta name=\"twitter:title\" content=\"\u201cMete un gol contra el estigma\u201d en Oviedo - El Digital de Asturias\" \/>\n\t\t<meta name=\"twitter:description\" content=\"Bajo el lema \u201cMete un gol contra el estigma\u201d Oviedo acoge un partido de f\u00fatbol sala Pro Salud Mental contra el estigma. El Club Deportivo Samo (Salud Mental Oviedo), Asociaci\u00f3n sin \u00e1nimo de lucro, recibe en casa al Club Deportivo Duero, de Zamora en un encuentro en el que todos los jugadores padecen una enfermedad\" \/>\n\t\t<meta name=\"twitter:image\" content=\"https:\/\/www.eldigitaldeasturias.com\/noticias\/wp-content\/uploads\/2019\/11\/cartel-futbol-sala.jpeg\" \/>\n\t\t<meta name=\"twitter:label1\" content=\"Escrito por\" \/>\n\t\t<meta name=\"twitter:data1\" content=\"El Digital de Asturias\" \/>\n\t\t<meta name=\"twitter:label2\" content=\"Tiempo de lectura estimado\" \/>\n\t\t<meta name=\"twitter:data2\" content=\"1 minuto\" \/>\n\t\t<script type=\"application\/ld+json\" class=\"aioseo-schema\">\n\t\t\t{\"@context\":\"https:\\\/\\\/schema.org\",\"@graph\":[{\"@type\":\"BlogPosting\",\"@id\":\"https:\\\/\\\/www.eldigitaldeasturias.com\\\/noticias\\\/mete-un-gol-contra-el-estigma-en-oviedo\\\/#blogposting\",\"name\":\"\\u201cMete un gol contra el estigma\\u201d en Oviedo - El Digital de Asturias\",\"headline\":\"\\u201cMete un gol contra el estigma\\u201d en Oviedo\",\"author\":{\"@id\":\"https:\\\/\\\/www.eldigitaldeasturias.com\\\/noticias\\\/author\\\/admin\\\/#author\"},\"publisher\":{\"@id\":\"https:\\\/\\\/www.eldigitaldeasturias.com\\\/noticias\\\/#organization\"},\"image\":{\"@type\":\"ImageObject\",\"url\":\"https:\\\/\\\/www.eldigitaldeasturias.com\\\/noticias\\\/wp-content\\\/uploads\\\/2019\\\/11\\\/cartel-futbol-sala.jpeg\",\"width\":1447,\"height\":2048},\"datePublished\":\"2019-11-26T15:55:38+01:00\",\"dateModified\":\"2019-11-26T15:55:38+01:00\",\"inLanguage\":\"es-ES\",\"mainEntityOfPage\":{\"@id\":\"https:\\\/\\\/www.eldigitaldeasturias.com\\\/noticias\\\/mete-un-gol-contra-el-estigma-en-oviedo\\\/#webpage\"},\"isPartOf\":{\"@id\":\"https:\\\/\\\/www.eldigitaldeasturias.com\\\/noticias\\\/mete-un-gol-contra-el-estigma-en-oviedo\\\/#webpage\"},\"articleSection\":\"Deportes\"},{\"@type\":\"BreadcrumbList\",\"@id\":\"https:\\\/\\\/www.eldigitaldeasturias.com\\\/noticias\\\/mete-un-gol-contra-el-estigma-en-oviedo\\\/#breadcrumblist\",\"itemListElement\":[{\"@type\":\"ListItem\",\"@id\":\"https:\\\/\\\/www.eldigitaldeasturias.com\\\/noticias#listItem\",\"position\":1,\"name\":\"Home\",\"item\":\"https:\\\/\\\/www.eldigitaldeasturias.com\\\/noticias\",\"nextItem\":{\"@type\":\"ListItem\",\"@id\":\"https:\\\/\\\/www.eldigitaldeasturias.com\\\/noticias\\\/category\\\/deportes\\\/#listItem\",\"name\":\"Deportes\"}},{\"@type\":\"ListItem\",\"@id\":\"https:\\\/\\\/www.eldigitaldeasturias.com\\\/noticias\\\/category\\\/deportes\\\/#listItem\",\"position\":2,\"name\":\"Deportes\",\"item\":\"https:\\\/\\\/www.eldigitaldeasturias.com\\\/noticias\\\/category\\\/deportes\\\/\",\"nextItem\":{\"@type\":\"ListItem\",\"@id\":\"https:\\\/\\\/www.eldigitaldeasturias.com\\\/noticias\\\/mete-un-gol-contra-el-estigma-en-oviedo\\\/#listItem\",\"name\":\"\\u201cMete un gol contra el estigma\\u201d en Oviedo\"},\"previousItem\":{\"@type\":\"ListItem\",\"@id\":\"https:\\\/\\\/www.eldigitaldeasturias.com\\\/noticias#listItem\",\"name\":\"Home\"}},{\"@type\":\"ListItem\",\"@id\":\"https:\\\/\\\/www.eldigitaldeasturias.com\\\/noticias\\\/mete-un-gol-contra-el-estigma-en-oviedo\\\/#listItem\",\"position\":3,\"name\":\"\\u201cMete un gol contra el estigma\\u201d en Oviedo\",\"previousItem\":{\"@type\":\"ListItem\",\"@id\":\"https:\\\/\\\/www.eldigitaldeasturias.com\\\/noticias\\\/category\\\/deportes\\\/#listItem\",\"name\":\"Deportes\"}}]},{\"@type\":\"Organization\",\"@id\":\"https:\\\/\\\/www.eldigitaldeasturias.com\\\/noticias\\\/#organization\",\"name\":\"El Digital de Asturias\",\"description\":\"Hemeroteca\",\"url\":\"https:\\\/\\\/www.eldigitaldeasturias.com\\\/noticias\\\/\",\"email\":\"info@eldigitaldeasturias.com\",\"telephone\":\"+34652131393\",\"logo\":{\"@type\":\"ImageObject\",\"url\":\"https:\\\/\\\/www.eldigitaldeasturias.com\\\/noticias\\\/wp-content\\\/uploads\\\/2020\\\/12\\\/EDA.jpg\",\"@id\":\"https:\\\/\\\/www.eldigitaldeasturias.com\\\/noticias\\\/mete-un-gol-contra-el-estigma-en-oviedo\\\/#organizationLogo\",\"width\":649,\"height\":297},\"image\":{\"@id\":\"https:\\\/\\\/www.eldigitaldeasturias.com\\\/noticias\\\/mete-un-gol-contra-el-estigma-en-oviedo\\\/#organizationLogo\"},\"sameAs\":[\"https:\\\/\\\/facebook.com\\\/eldigitaldeasturias\",\"https:\\\/\\\/www.youtube.com\\\/channel\\\/UCZP-2wLEB9Rv6erhFmqVnvg\"],\"address\":{\"@id\":\"https:\\\/\\\/www.eldigitaldeasturias.com\\\/noticias\\\/#postaladdress\",\"@type\":\"PostalAddress\",\"streetAddress\":\"san antonio 4,\",\"postalCode\":\"33430\",\"addressLocality\":\"Cand\\u00e1s\",\"addressRegion\":\"Asturias\",\"addressCountry\":\"ES\"}},{\"@type\":\"Person\",\"@id\":\"https:\\\/\\\/www.eldigitaldeasturias.com\\\/noticias\\\/author\\\/admin\\\/#author\",\"url\":\"https:\\\/\\\/www.eldigitaldeasturias.com\\\/noticias\\\/author\\\/admin\\\/\",\"name\":\"El Digital de Asturias\",\"image\":{\"@type\":\"ImageObject\",\"@id\":\"https:\\\/\\\/www.eldigitaldeasturias.com\\\/noticias\\\/mete-un-gol-contra-el-estigma-en-oviedo\\\/#authorImage\",\"url\":\"https:\\\/\\\/www.eldigitaldeasturias.com\\\/noticias\\\/wp-content\\\/litespeed\\\/avatar\\\/18677e78aa0546b92d9dbf31ec7d7668.jpg?ver=1777290358\",\"width\":96,\"height\":96,\"caption\":\"El Digital de Asturias\"}},{\"@type\":\"WebPage\",\"@id\":\"https:\\\/\\\/www.eldigitaldeasturias.com\\\/noticias\\\/mete-un-gol-contra-el-estigma-en-oviedo\\\/#webpage\",\"url\":\"https:\\\/\\\/www.eldigitaldeasturias.com\\\/noticias\\\/mete-un-gol-contra-el-estigma-en-oviedo\\\/\",\"name\":\"\\u201cMete un gol contra el estigma\\u201d en Oviedo - El Digital de Asturias\",\"description\":\"Bajo el lema \\u201cMete un gol contra el estigma\\u201d Oviedo acoge un partido de f\\u00fatbol sala Pro Salud Mental contra el estigma. El Club Deportivo Samo (Salud Mental Oviedo), Asociaci\\u00f3n sin \\u00e1nimo de lucro, recibe en casa al Club Deportivo Duero, de Zamora en un encuentro en el que todos los jugadores padecen una enfermedad\",\"inLanguage\":\"es-ES\",\"isPartOf\":{\"@id\":\"https:\\\/\\\/www.eldigitaldeasturias.com\\\/noticias\\\/#website\"},\"breadcrumb\":{\"@id\":\"https:\\\/\\\/www.eldigitaldeasturias.com\\\/noticias\\\/mete-un-gol-contra-el-estigma-en-oviedo\\\/#breadcrumblist\"},\"author\":{\"@id\":\"https:\\\/\\\/www.eldigitaldeasturias.com\\\/noticias\\\/author\\\/admin\\\/#author\"},\"creator\":{\"@id\":\"https:\\\/\\\/www.eldigitaldeasturias.com\\\/noticias\\\/author\\\/admin\\\/#author\"},\"image\":{\"@type\":\"ImageObject\",\"url\":\"https:\\\/\\\/www.eldigitaldeasturias.com\\\/noticias\\\/wp-content\\\/uploads\\\/2019\\\/11\\\/cartel-futbol-sala.jpeg\",\"@id\":\"https:\\\/\\\/www.eldigitaldeasturias.com\\\/noticias\\\/mete-un-gol-contra-el-estigma-en-oviedo\\\/#mainImage\",\"width\":1447,\"height\":2048},\"primaryImageOfPage\":{\"@id\":\"https:\\\/\\\/www.eldigitaldeasturias.com\\\/noticias\\\/mete-un-gol-contra-el-estigma-en-oviedo\\\/#mainImage\"},\"datePublished\":\"2019-11-26T15:55:38+01:00\",\"dateModified\":\"2019-11-26T15:55:38+01:00\"},{\"@type\":\"WebSite\",\"@id\":\"https:\\\/\\\/www.eldigitaldeasturias.com\\\/noticias\\\/#website\",\"url\":\"https:\\\/\\\/www.eldigitaldeasturias.com\\\/noticias\\\/\",\"name\":\"El Digital de Asturias - Diario de actualidad y noticias\",\"alternateName\":\"El Digital de Asturias - Diario de actualidad y noticias\",\"description\":\"Hemeroteca\",\"inLanguage\":\"es-ES\",\"publisher\":{\"@id\":\"https:\\\/\\\/www.eldigitaldeasturias.com\\\/noticias\\\/#organization\"}}]}\n\t\t<\/script>\n\t\t<!-- All in One SEO Pro -->\r\n\t\t<title>\u201cMete un gol contra el estigma\u201d en Oviedo - El Digital de Asturias<\/title>\n\n","aioseo_head_json":{"title":"\u201cMete un gol contra el estigma\u201d en Oviedo - El Digital de Asturias","description":"Bajo el lema \u201cMete un gol contra el estigma\u201d Oviedo acoge un partido de f\u00fatbol sala Pro Salud Mental contra el estigma. El Club Deportivo Samo (Salud Mental Oviedo), Asociaci\u00f3n sin \u00e1nimo de lucro, recibe en casa al Club Deportivo Duero, de Zamora en un encuentro en el que todos los jugadores padecen una enfermedad","canonical_url":"https:\/\/www.eldigitaldeasturias.com\/noticias\/mete-un-gol-contra-el-estigma-en-oviedo\/","robots":"max-image-preview:large","keywords":"deportes","webmasterTools":{"google-site-verification":"UA-38556648-1","msvalidate.01":"7dfe9f3f1b24437ab69f4f2559babe99","miscellaneous":""},"schema":{"@context":"https:\/\/schema.org","@graph":[{"@type":"BlogPosting","@id":"https:\/\/www.eldigitaldeasturias.com\/noticias\/mete-un-gol-contra-el-estigma-en-oviedo\/#blogposting","name":"\u201cMete un gol contra el estigma\u201d en Oviedo - El Digital de Asturias","headline":"\u201cMete un gol contra el estigma\u201d en Oviedo","author":{"@id":"https:\/\/www.eldigitaldeasturias.com\/noticias\/author\/admin\/#author"},"publisher":{"@id":"https:\/\/www.eldigitaldeasturias.com\/noticias\/#organization"},"image":{"@type":"ImageObject","url":"https:\/\/www.eldigitaldeasturias.com\/noticias\/wp-content\/uploads\/2019\/11\/cartel-futbol-sala.jpeg","width":1447,"height":2048},"datePublished":"2019-11-26T15:55:38+01:00","dateModified":"2019-11-26T15:55:38+01:00","inLanguage":"es-ES","mainEntityOfPage":{"@id":"https:\/\/www.eldigitaldeasturias.com\/noticias\/mete-un-gol-contra-el-estigma-en-oviedo\/#webpage"},"isPartOf":{"@id":"https:\/\/www.eldigitaldeasturias.com\/noticias\/mete-un-gol-contra-el-estigma-en-oviedo\/#webpage"},"articleSection":"Deportes"},{"@type":"BreadcrumbList","@id":"https:\/\/www.eldigitaldeasturias.com\/noticias\/mete-un-gol-contra-el-estigma-en-oviedo\/#breadcrumblist","itemListElement":[{"@type":"ListItem","@id":"https:\/\/www.eldigitaldeasturias.com\/noticias#listItem","position":1,"name":"Home","item":"https:\/\/www.eldigitaldeasturias.com\/noticias","nextItem":{"@type":"ListItem","@id":"https:\/\/www.eldigitaldeasturias.com\/noticias\/category\/deportes\/#listItem","name":"Deportes"}},{"@type":"ListItem","@id":"https:\/\/www.eldigitaldeasturias.com\/noticias\/category\/deportes\/#listItem","position":2,"name":"Deportes","item":"https:\/\/www.eldigitaldeasturias.com\/noticias\/category\/deportes\/","nextItem":{"@type":"ListItem","@id":"https:\/\/www.eldigitaldeasturias.com\/noticias\/mete-un-gol-contra-el-estigma-en-oviedo\/#listItem","name":"\u201cMete un gol contra el estigma\u201d en Oviedo"},"previousItem":{"@type":"ListItem","@id":"https:\/\/www.eldigitaldeasturias.com\/noticias#listItem","name":"Home"}},{"@type":"ListItem","@id":"https:\/\/www.eldigitaldeasturias.com\/noticias\/mete-un-gol-contra-el-estigma-en-oviedo\/#listItem","position":3,"name":"\u201cMete un gol contra el estigma\u201d en Oviedo","previousItem":{"@type":"ListItem","@id":"https:\/\/www.eldigitaldeasturias.com\/noticias\/category\/deportes\/#listItem","name":"Deportes"}}]},{"@type":"Organization","@id":"https:\/\/www.eldigitaldeasturias.com\/noticias\/#organization","name":"El Digital de Asturias","description":"Hemeroteca","url":"https:\/\/www.eldigitaldeasturias.com\/noticias\/","email":"info@eldigitaldeasturias.com","telephone":"+34652131393","logo":{"@type":"ImageObject","url":"https:\/\/www.eldigitaldeasturias.com\/noticias\/wp-content\/uploads\/2020\/12\/EDA.jpg","@id":"https:\/\/www.eldigitaldeasturias.com\/noticias\/mete-un-gol-contra-el-estigma-en-oviedo\/#organizationLogo","width":649,"height":297},"image":{"@id":"https:\/\/www.eldigitaldeasturias.com\/noticias\/mete-un-gol-contra-el-estigma-en-oviedo\/#organizationLogo"},"sameAs":["https:\/\/facebook.com\/eldigitaldeasturias","https:\/\/www.youtube.com\/channel\/UCZP-2wLEB9Rv6erhFmqVnvg"],"address":{"@id":"https:\/\/www.eldigitaldeasturias.com\/noticias\/#postaladdress","@type":"PostalAddress","streetAddress":"san antonio 4,","postalCode":"33430","addressLocality":"Cand\u00e1s","addressRegion":"Asturias","addressCountry":"ES"}},{"@type":"Person","@id":"https:\/\/www.eldigitaldeasturias.com\/noticias\/author\/admin\/#author","url":"https:\/\/www.eldigitaldeasturias.com\/noticias\/author\/admin\/","name":"El Digital de Asturias","image":{"@type":"ImageObject","@id":"https:\/\/www.eldigitaldeasturias.com\/noticias\/mete-un-gol-contra-el-estigma-en-oviedo\/#authorImage","url":"https:\/\/www.eldigitaldeasturias.com\/noticias\/wp-content\/litespeed\/avatar\/18677e78aa0546b92d9dbf31ec7d7668.jpg?ver=1777290358","width":96,"height":96,"caption":"El Digital de Asturias"}},{"@type":"WebPage","@id":"https:\/\/www.eldigitaldeasturias.com\/noticias\/mete-un-gol-contra-el-estigma-en-oviedo\/#webpage","url":"https:\/\/www.eldigitaldeasturias.com\/noticias\/mete-un-gol-contra-el-estigma-en-oviedo\/","name":"\u201cMete un gol contra el estigma\u201d en Oviedo - El Digital de Asturias","description":"Bajo el lema \u201cMete un gol contra el estigma\u201d Oviedo acoge un partido de f\u00fatbol sala Pro Salud Mental contra el estigma. El Club Deportivo Samo (Salud Mental Oviedo), Asociaci\u00f3n sin \u00e1nimo de lucro, recibe en casa al Club Deportivo Duero, de Zamora en un encuentro en el que todos los jugadores padecen una enfermedad","inLanguage":"es-ES","isPartOf":{"@id":"https:\/\/www.eldigitaldeasturias.com\/noticias\/#website"},"breadcrumb":{"@id":"https:\/\/www.eldigitaldeasturias.com\/noticias\/mete-un-gol-contra-el-estigma-en-oviedo\/#breadcrumblist"},"author":{"@id":"https:\/\/www.eldigitaldeasturias.com\/noticias\/author\/admin\/#author"},"creator":{"@id":"https:\/\/www.eldigitaldeasturias.com\/noticias\/author\/admin\/#author"},"image":{"@type":"ImageObject","url":"https:\/\/www.eldigitaldeasturias.com\/noticias\/wp-content\/uploads\/2019\/11\/cartel-futbol-sala.jpeg","@id":"https:\/\/www.eldigitaldeasturias.com\/noticias\/mete-un-gol-contra-el-estigma-en-oviedo\/#mainImage","width":1447,"height":2048},"primaryImageOfPage":{"@id":"https:\/\/www.eldigitaldeasturias.com\/noticias\/mete-un-gol-contra-el-estigma-en-oviedo\/#mainImage"},"datePublished":"2019-11-26T15:55:38+01:00","dateModified":"2019-11-26T15:55:38+01:00"},{"@type":"WebSite","@id":"https:\/\/www.eldigitaldeasturias.com\/noticias\/#website","url":"https:\/\/www.eldigitaldeasturias.com\/noticias\/","name":"El Digital de Asturias - Diario de actualidad y noticias","alternateName":"El Digital de Asturias - Diario de actualidad y noticias","description":"Hemeroteca","inLanguage":"es-ES","publisher":{"@id":"https:\/\/www.eldigitaldeasturias.com\/noticias\/#organization"}}]},"og:locale":"es_ES","og:site_name":"El Digital de Asturias","og:type":"article","og:title":"\u201cMete un gol contra el estigma\u201d en Oviedo - El Digital de Asturias","og:description":"Bajo el lema \u201cMete un gol contra el estigma\u201d Oviedo acoge un partido de f\u00fatbol sala Pro Salud Mental contra el estigma. El Club Deportivo Samo (Salud Mental Oviedo), Asociaci\u00f3n sin \u00e1nimo de lucro, recibe en casa al Club Deportivo Duero, de Zamora en un encuentro en el que todos los jugadores padecen una enfermedad","og:url":"https:\/\/www.eldigitaldeasturias.com\/noticias\/mete-un-gol-contra-el-estigma-en-oviedo\/","og:image":"https:\/\/www.eldigitaldeasturias.com\/noticias\/wp-content\/uploads\/2019\/11\/cartel-futbol-sala.jpeg","og:image:secure_url":"https:\/\/www.eldigitaldeasturias.com\/noticias\/wp-content\/uploads\/2019\/11\/cartel-futbol-sala.jpeg","og:image:width":1447,"og:image:height":2048,"article:tag":["deportes"],"article:published_time":"2019-11-26T15:55:38+00:00","article:modified_time":"2019-11-26T15:55:38+00:00","article:publisher":"https:\/\/facebook.com\/eldigitaldeasturias","twitter:card":"summary_large_image","twitter:title":"\u201cMete un gol contra el estigma\u201d en Oviedo - El Digital de Asturias","twitter:description":"Bajo el lema \u201cMete un gol contra el estigma\u201d Oviedo acoge un partido de f\u00fatbol sala Pro Salud Mental contra el estigma. El Club Deportivo Samo (Salud Mental Oviedo), Asociaci\u00f3n sin \u00e1nimo de lucro, recibe en casa al Club Deportivo Duero, de Zamora en un encuentro en el que todos los jugadores padecen una enfermedad","twitter:image":"https:\/\/www.eldigitaldeasturias.com\/noticias\/wp-content\/uploads\/2019\/11\/cartel-futbol-sala.jpeg","twitter:label1":"Escrito por","twitter:data1":"El Digital de Asturias","twitter:label2":"Tiempo de lectura estimado","twitter:data2":"1 minuto"},"aioseo_meta_data":{"post_id":"1048759","title":null,"description":null,"keywords":null,"keyphrases":null,"primary_term":null,"canonical_url":null,"og_title":null,"og_description":null,"og_object_type":"default","og_image_type":"default","og_image_url":null,"og_image_width":null,"og_image_height":null,"og_image_custom_url":null,"og_image_custom_fields":null,"og_video":null,"og_custom_url":null,"og_article_section":null,"og_article_tags":null,"twitter_use_og":false,"twitter_card":"default","twitter_image_type":"default","twitter_image_url":null,"twitter_image_custom_url":null,"twitter_image_custom_fields":null,"twitter_title":null,"twitter_description":null,"schema":{"blockGraphs":[],"customGraphs":[],"default":{"data":{"Article":[],"Course":[],"Dataset":[],"FAQPage":[],"Movie":[],"Person":[],"Product":[],"ProductReview":[],"Car":[],"Recipe":[],"Service":[],"SoftwareApplication":[],"WebPage":[]},"graphName":"","isEnabled":true},"graphs":[],"defaultGraph":"","defaultPostTypeGraph":""},"schema_type":null,"schema_type_options":null,"pillar_content":false,"robots_default":true,"robots_noindex":false,"robots_noarchive":false,"robots_nosnippet":false,"robots_nofollow":false,"robots_noimageindex":false,"robots_noodp":false,"robots_notranslate":false,"robots_max_snippet":null,"robots_max_videopreview":null,"robots_max_imagepreview":"large","priority":null,"frequency":null,"local_seo":null,"seo_analyzer_scan_date":"2025-10-24 18:38:10","breadcrumb_settings":null,"limit_modified_date":false,"open_ai":null,"ai":null,"created":"2020-12-21 10:58:36","updated":"2025-10-24 18:38:10"},"aioseo_breadcrumb":"<div class=\"aioseo-breadcrumbs\"><span class=\"aioseo-breadcrumb\">\n\t<a href=\"https:\/\/www.eldigitaldeasturias.com\/noticias\" title=\"Home\">Home<\/a>\n<\/span><span class=\"aioseo-breadcrumb-separator\">\u2013<\/span><span class=\"aioseo-breadcrumb\">\n\t<a href=\"https:\/\/www.eldigitaldeasturias.com\/noticias\/category\/deportes\/\" title=\"Deportes\">Deportes<\/a>\n<\/span><span class=\"aioseo-breadcrumb-separator\">\u2013<\/span><span class=\"aioseo-breadcrumb\">\n\t<a href=\"https:\/\/www.eldigitaldeasturias.com\/noticias\/mete-un-gol-contra-el-estigma-en-oviedo\/\" title=\"\u201cMete un gol contra el estigma\u201d en Oviedo\">\u201cMete un gol contra el estigma\u201d en Oviedo<\/a>\n<\/span><\/div>","aioseo_breadcrumb_json":[{"label":"Home","link":"https:\/\/www.eldigitaldeasturias.com\/noticias"},{"label":"Deportes","link":"https:\/\/www.eldigitaldeasturias.com\/noticias\/category\/deportes\/"},{"label":"\u201cMete un gol contra el estigma\u201d en Oviedo","link":"https:\/\/www.eldigitaldeasturias.com\/noticias\/mete-un-gol-contra-el-estigma-en-oviedo\/"}],"_links":{"self":[{"href":"https:\/\/www.eldigitaldeasturias.com\/noticias\/wp-json\/wp\/v2\/posts\/1048759","targetHints":{"allow":["GET"]}}],"collection":[{"href":"https:\/\/www.eldigitaldeasturias.com\/noticias\/wp-json\/wp\/v2\/posts"}],"about":[{"href":"https:\/\/www.eldigitaldeasturias.com\/noticias\/wp-json\/wp\/v2\/types\/post"}],"author":[{"embeddable":true,"href":"https:\/\/www.eldigitaldeasturias.com\/noticias\/wp-json\/wp\/v2\/users\/1"}],"replies":[{"embeddable":true,"href":"https:\/\/www.eldigitaldeasturias.com\/noticias\/wp-json\/wp\/v2\/comments?post=1048759"}],"version-history":[{"count":0,"href":"https:\/\/www.eldigitaldeasturias.com\/noticias\/wp-json\/wp\/v2\/posts\/1048759\/revisions"}],"wp:featuredmedia":[{"embeddable":true,"href":"https:\/\/www.eldigitaldeasturias.com\/noticias\/wp-json\/wp\/v2\/media\/1048760"}],"wp:attachment":[{"href":"https:\/\/www.eldigitaldeasturias.com\/noticias\/wp-json\/wp\/v2\/media?parent=1048759"}],"wp:term":[{"taxonomy":"category","embeddable":true,"href":"https:\/\/www.eldigitaldeasturias.com\/noticias\/wp-json\/wp\/v2\/categories?post=1048759"},{"taxonomy":"post_tag","embeddable":true,"href":"https:\/\/www.eldigitaldeasturias.com\/noticias\/wp-json\/wp\/v2\/tags?post=1048759"}],"curies":[{"name":"wp","href":"https:\/\/api.w.org\/{rel}","templated":true}]}}