{"id":1048116,"date":"2019-11-19T15:15:04","date_gmt":"2019-11-19T15:15:04","guid":{"rendered":"https:\/\/www.eldigitaldeasturias.com\/noticias\/?p=1048116"},"modified":"2019-11-19T15:15:04","modified_gmt":"2019-11-19T15:15:04","slug":"festivales-y-excursiones-para-el-invierno-europeo","status":"publish","type":"post","link":"https:\/\/www.eldigitaldeasturias.com\/noticias\/festivales-y-excursiones-para-el-invierno-europeo\/","title":{"rendered":"Festivales y excursiones para el invierno europeo"},"content":{"rendered":"<p>(dpa) &#8211; Centenares de velas iluminar\u00e1n el 21 de noviembre la bas\u00edlica <strong>Santa Maria della Salute<\/strong> (la V\u00edrgen de la Salud) en Venecia.<\/p>\n<p>Durante siglos la ciudad ha celebrado una g<strong>ran fiesta para conmemorar el fin de la epidemia de la peste<\/strong>, que caus\u00f3 la muerte de gran parte de la poblaci\u00f3n de la Regi\u00f3n del V\u00e9neto.<\/p>\n<p>Miles de visitantes cruzar\u00e1n a Santa Mar\u00eda della Salute por un puente de madera construido especialmente para el festival sobre el Canal Grande.<\/p>\n<figure id=\"attachment_1048117\" aria-describedby=\"caption-attachment-1048117\" style=\"width: 670px\" class=\"wp-caption aligncenter\"><img loading=\"lazy\" decoding=\"async\" class=\"wp-image-1048117\" src=\"https:\/\/www.eldigitaldeasturias.com\/noticias\/wp-content\/uploads\/2019\/11\/Luz-de-Murten-360x243.jpg\" alt=\"\" width=\"670\" height=\"452\" srcset=\"https:\/\/www.eldigitaldeasturias.com\/noticias\/wp-content\/uploads\/2019\/11\/Luz-de-Murten-360x243.jpg 360w, https:\/\/www.eldigitaldeasturias.com\/noticias\/wp-content\/uploads\/2019\/11\/Luz-de-Murten-690x466.jpg 690w, https:\/\/www.eldigitaldeasturias.com\/noticias\/wp-content\/uploads\/2019\/11\/Luz-de-Murten-444x300.jpg 444w, https:\/\/www.eldigitaldeasturias.com\/noticias\/wp-content\/uploads\/2019\/11\/Luz-de-Murten-768x518.jpg 768w, https:\/\/www.eldigitaldeasturias.com\/noticias\/wp-content\/uploads\/2019\/11\/Luz-de-Murten.jpg 994w\" sizes=\"auto, (max-width: 670px) 100vw, 670px\" \/><figcaption id=\"caption-attachment-1048117\" class=\"wp-caption-text\">La peque\u00f1a ciudad suiza de Murten volver\u00e1 a brillar durante el Festival de la Luz, que tendr\u00e1 lugar en enero de 2020 &#8211; Foto: Adrian Scherzinger\/Fribourg Region\/dpa<\/figcaption><\/figure>\n<h3>El Festival de la Luz de Murten<\/h3>\n<p>La ciudad medieval suiza de<strong> Murten albergar\u00e1 entre 15 y el 26 de enero de 2020 el 5. Festival de la Luz<\/strong>, en el que artistas internacionales presentar\u00e1n sus instalaciones y espect\u00e1culos multimedia.<\/p>\n<p>La ciudad de Murten, en el cant\u00f3n de Friburgo, espera unos 50.000 visitantes, seg\u00fan la asociaci\u00f3n de Turismo de Suiza.<\/p>\n<p>Una de las actividades m\u00e1s destacadas del festival ser\u00e1 una \u00f3pera de luces en la iglesia y una proyecci\u00f3n de la vida medieval frente a las murallas de la ciudad. (www.murtenlichtfestival.ch)<\/p>\n<h3>Mina de sal en el Algarve<\/h3>\n<p>Una antigua mina de sal en el Algarve, en Portugal, fue abierta al p\u00fablico, inform\u00f3 la Oficina de Turismo de Portugal.<\/p>\n<p>Hasta ahora solo pod\u00edan acceder los cient\u00edficos a la mina Gema de Loul\u00e9. El tour lleva a 230 metros bajo tierra. Las reservas se pueden hacer por internet.(www.mina-sal-gema-loule.com)<\/p>\n<h3>El Norwegian Spirit\u00bb se moderniza<\/h3>\n<p>El crucero \u00abNorwegian Spirit\u00bb, que comenz\u00f3 a prestar servicio en 1998, ser\u00e1 modernizado por m\u00e1s de 100 millones de d\u00f3lares (90 millones de euros).<\/p>\n<p>La renovaci\u00f3n del buque durar\u00e1 unos 40 d\u00edas e incluir\u00e1 14 restaurantes nuevos a partir de 2020, seg\u00fan anunci\u00f3 la naviera \u00abNorwegian Cruise Line\u00bb.<\/p>\n<p>El \u00abNorwegian Spirit\u00bb tambi\u00e9n cambiar\u00e1 su combustible y comenzar\u00e1 a navegar con gasoil marino, que es ligeramente menos contaminante que el fueloil pesado.<\/p>\n<p>&nbsp;<\/p>\n","protected":false},"excerpt":{"rendered":"<p>(dpa) &#8211; Centenares de velas iluminar\u00e1n el 21 de noviembre la bas\u00edlica Santa Maria della Salute (la V\u00edrgen de la Salud) en Venecia. Durante siglos la ciudad ha celebrado una gran fiesta para conmemorar el fin de la epidemia de la peste, que caus\u00f3 la muerte de gran parte de la poblaci\u00f3n de la Regi\u00f3n [&hellip;]<\/p>\n","protected":false},"author":1,"featured_media":1048117,"comment_status":"closed","ping_status":"closed","sticky":false,"template":"","format":"standard","meta":{"footnotes":""},"categories":[148],"tags":[],"class_list":["post-1048116","post","type-post","status-publish","format-standard","has-post-thumbnail","hentry","category-turismo"],"aioseo_notices":[],"aioseo_head":"\n\t\t<!-- All in One SEO Pro 4.9.6.2 - aioseo.com -->\n\t<meta name=\"description\" content=\"(dpa) - Centenares de velas iluminar\u00e1n el 21 de noviembre la bas\u00edlica Santa Maria della Salute (la V\u00edrgen de la Salud) en Venecia. Durante siglos la ciudad ha celebrado una gran fiesta para conmemorar el fin de la epidemia de la peste, que caus\u00f3 la muerte de gran parte de la poblaci\u00f3n de la Regi\u00f3n\" \/>\n\t<meta name=\"robots\" content=\"max-image-preview:large\" \/>\n\t<meta name=\"author\" content=\"El Digital de Asturias\"\/>\n\t<meta name=\"google-site-verification\" content=\"UA-38556648-1\" \/>\n\t<meta name=\"msvalidate.01\" content=\"7dfe9f3f1b24437ab69f4f2559babe99\" \/>\n\t<meta name=\"keywords\" content=\"turismo\" \/>\n\t<link rel=\"canonical\" href=\"https:\/\/www.eldigitaldeasturias.com\/noticias\/festivales-y-excursiones-para-el-invierno-europeo\/\" \/>\n\t<meta name=\"generator\" content=\"All in One SEO Pro (AIOSEO) 4.9.6.2\" \/>\n\t\t<meta property=\"og:locale\" content=\"es_ES\" \/>\n\t\t<meta property=\"og:site_name\" content=\"El Digital de Asturias\" \/>\n\t\t<meta property=\"og:type\" content=\"article\" \/>\n\t\t<meta property=\"og:title\" content=\"Festivales y excursiones para el invierno europeo - El Digital de Asturias\" \/>\n\t\t<meta property=\"og:description\" content=\"(dpa) - Centenares de velas iluminar\u00e1n el 21 de noviembre la bas\u00edlica Santa Maria della Salute (la V\u00edrgen de la Salud) en Venecia. Durante siglos la ciudad ha celebrado una gran fiesta para conmemorar el fin de la epidemia de la peste, que caus\u00f3 la muerte de gran parte de la poblaci\u00f3n de la Regi\u00f3n\" \/>\n\t\t<meta property=\"og:url\" content=\"https:\/\/www.eldigitaldeasturias.com\/noticias\/festivales-y-excursiones-para-el-invierno-europeo\/\" \/>\n\t\t<meta property=\"og:image\" content=\"https:\/\/www.eldigitaldeasturias.com\/noticias\/wp-content\/uploads\/2019\/11\/Luz-de-Murten.jpg\" \/>\n\t\t<meta property=\"og:image:secure_url\" content=\"https:\/\/www.eldigitaldeasturias.com\/noticias\/wp-content\/uploads\/2019\/11\/Luz-de-Murten.jpg\" \/>\n\t\t<meta property=\"og:image:width\" content=\"994\" \/>\n\t\t<meta property=\"og:image:height\" content=\"671\" \/>\n\t\t<meta property=\"article:tag\" content=\"turismo\" \/>\n\t\t<meta property=\"article:published_time\" content=\"2019-11-19T15:15:04+00:00\" \/>\n\t\t<meta property=\"article:modified_time\" content=\"2019-11-19T15:15:04+00:00\" \/>\n\t\t<meta property=\"article:publisher\" content=\"https:\/\/facebook.com\/eldigitaldeasturias\" \/>\n\t\t<meta name=\"twitter:card\" content=\"summary_large_image\" \/>\n\t\t<meta name=\"twitter:title\" content=\"Festivales y excursiones para el invierno europeo - El Digital de Asturias\" \/>\n\t\t<meta name=\"twitter:description\" content=\"(dpa) - Centenares de velas iluminar\u00e1n el 21 de noviembre la bas\u00edlica Santa Maria della Salute (la V\u00edrgen de la Salud) en Venecia. Durante siglos la ciudad ha celebrado una gran fiesta para conmemorar el fin de la epidemia de la peste, que caus\u00f3 la muerte de gran parte de la poblaci\u00f3n de la Regi\u00f3n\" \/>\n\t\t<meta name=\"twitter:image\" content=\"https:\/\/www.eldigitaldeasturias.com\/noticias\/wp-content\/uploads\/2019\/11\/Luz-de-Murten.jpg\" \/>\n\t\t<meta name=\"twitter:label1\" content=\"Escrito por\" \/>\n\t\t<meta name=\"twitter:data1\" content=\"El Digital de Asturias\" \/>\n\t\t<meta name=\"twitter:label2\" content=\"Tiempo de lectura estimado\" \/>\n\t\t<meta name=\"twitter:data2\" content=\"2 minutos\" \/>\n\t\t<script type=\"application\/ld+json\" class=\"aioseo-schema\">\n\t\t\t{\"@context\":\"https:\\\/\\\/schema.org\",\"@graph\":[{\"@type\":\"BlogPosting\",\"@id\":\"https:\\\/\\\/www.eldigitaldeasturias.com\\\/noticias\\\/festivales-y-excursiones-para-el-invierno-europeo\\\/#blogposting\",\"name\":\"Festivales y excursiones para el invierno europeo - El Digital de Asturias\",\"headline\":\"Festivales y excursiones para el invierno europeo\",\"author\":{\"@id\":\"https:\\\/\\\/www.eldigitaldeasturias.com\\\/noticias\\\/author\\\/admin\\\/#author\"},\"publisher\":{\"@id\":\"https:\\\/\\\/www.eldigitaldeasturias.com\\\/noticias\\\/#organization\"},\"image\":{\"@type\":\"ImageObject\",\"url\":\"https:\\\/\\\/www.eldigitaldeasturias.com\\\/noticias\\\/wp-content\\\/uploads\\\/2019\\\/11\\\/Luz-de-Murten.jpg\",\"width\":994,\"height\":671},\"datePublished\":\"2019-11-19T15:15:04+01:00\",\"dateModified\":\"2019-11-19T15:15:04+01:00\",\"inLanguage\":\"es-ES\",\"mainEntityOfPage\":{\"@id\":\"https:\\\/\\\/www.eldigitaldeasturias.com\\\/noticias\\\/festivales-y-excursiones-para-el-invierno-europeo\\\/#webpage\"},\"isPartOf\":{\"@id\":\"https:\\\/\\\/www.eldigitaldeasturias.com\\\/noticias\\\/festivales-y-excursiones-para-el-invierno-europeo\\\/#webpage\"},\"articleSection\":\"Turismo\"},{\"@type\":\"BreadcrumbList\",\"@id\":\"https:\\\/\\\/www.eldigitaldeasturias.com\\\/noticias\\\/festivales-y-excursiones-para-el-invierno-europeo\\\/#breadcrumblist\",\"itemListElement\":[{\"@type\":\"ListItem\",\"@id\":\"https:\\\/\\\/www.eldigitaldeasturias.com\\\/noticias#listItem\",\"position\":1,\"name\":\"Home\",\"item\":\"https:\\\/\\\/www.eldigitaldeasturias.com\\\/noticias\",\"nextItem\":{\"@type\":\"ListItem\",\"@id\":\"https:\\\/\\\/www.eldigitaldeasturias.com\\\/noticias\\\/category\\\/turismo\\\/#listItem\",\"name\":\"Turismo\"}},{\"@type\":\"ListItem\",\"@id\":\"https:\\\/\\\/www.eldigitaldeasturias.com\\\/noticias\\\/category\\\/turismo\\\/#listItem\",\"position\":2,\"name\":\"Turismo\",\"item\":\"https:\\\/\\\/www.eldigitaldeasturias.com\\\/noticias\\\/category\\\/turismo\\\/\",\"nextItem\":{\"@type\":\"ListItem\",\"@id\":\"https:\\\/\\\/www.eldigitaldeasturias.com\\\/noticias\\\/festivales-y-excursiones-para-el-invierno-europeo\\\/#listItem\",\"name\":\"Festivales y excursiones para el invierno europeo\"},\"previousItem\":{\"@type\":\"ListItem\",\"@id\":\"https:\\\/\\\/www.eldigitaldeasturias.com\\\/noticias#listItem\",\"name\":\"Home\"}},{\"@type\":\"ListItem\",\"@id\":\"https:\\\/\\\/www.eldigitaldeasturias.com\\\/noticias\\\/festivales-y-excursiones-para-el-invierno-europeo\\\/#listItem\",\"position\":3,\"name\":\"Festivales y excursiones para el invierno europeo\",\"previousItem\":{\"@type\":\"ListItem\",\"@id\":\"https:\\\/\\\/www.eldigitaldeasturias.com\\\/noticias\\\/category\\\/turismo\\\/#listItem\",\"name\":\"Turismo\"}}]},{\"@type\":\"Organization\",\"@id\":\"https:\\\/\\\/www.eldigitaldeasturias.com\\\/noticias\\\/#organization\",\"name\":\"El Digital de Asturias\",\"description\":\"Hemeroteca\",\"url\":\"https:\\\/\\\/www.eldigitaldeasturias.com\\\/noticias\\\/\",\"email\":\"info@eldigitaldeasturias.com\",\"telephone\":\"+34652131393\",\"logo\":{\"@type\":\"ImageObject\",\"url\":\"https:\\\/\\\/www.eldigitaldeasturias.com\\\/noticias\\\/wp-content\\\/uploads\\\/2020\\\/12\\\/EDA.jpg\",\"@id\":\"https:\\\/\\\/www.eldigitaldeasturias.com\\\/noticias\\\/festivales-y-excursiones-para-el-invierno-europeo\\\/#organizationLogo\",\"width\":649,\"height\":297},\"image\":{\"@id\":\"https:\\\/\\\/www.eldigitaldeasturias.com\\\/noticias\\\/festivales-y-excursiones-para-el-invierno-europeo\\\/#organizationLogo\"},\"sameAs\":[\"https:\\\/\\\/facebook.com\\\/eldigitaldeasturias\",\"https:\\\/\\\/www.youtube.com\\\/channel\\\/UCZP-2wLEB9Rv6erhFmqVnvg\"],\"address\":{\"@id\":\"https:\\\/\\\/www.eldigitaldeasturias.com\\\/noticias\\\/#postaladdress\",\"@type\":\"PostalAddress\",\"streetAddress\":\"san antonio 4,\",\"postalCode\":\"33430\",\"addressLocality\":\"Cand\\u00e1s\",\"addressRegion\":\"Asturias\",\"addressCountry\":\"ES\"}},{\"@type\":\"Person\",\"@id\":\"https:\\\/\\\/www.eldigitaldeasturias.com\\\/noticias\\\/author\\\/admin\\\/#author\",\"url\":\"https:\\\/\\\/www.eldigitaldeasturias.com\\\/noticias\\\/author\\\/admin\\\/\",\"name\":\"El Digital de Asturias\",\"image\":{\"@type\":\"ImageObject\",\"@id\":\"https:\\\/\\\/www.eldigitaldeasturias.com\\\/noticias\\\/festivales-y-excursiones-para-el-invierno-europeo\\\/#authorImage\",\"url\":\"https:\\\/\\\/www.eldigitaldeasturias.com\\\/noticias\\\/wp-content\\\/litespeed\\\/avatar\\\/18677e78aa0546b92d9dbf31ec7d7668.jpg?ver=1777290358\",\"width\":96,\"height\":96,\"caption\":\"El Digital de Asturias\"}},{\"@type\":\"WebPage\",\"@id\":\"https:\\\/\\\/www.eldigitaldeasturias.com\\\/noticias\\\/festivales-y-excursiones-para-el-invierno-europeo\\\/#webpage\",\"url\":\"https:\\\/\\\/www.eldigitaldeasturias.com\\\/noticias\\\/festivales-y-excursiones-para-el-invierno-europeo\\\/\",\"name\":\"Festivales y excursiones para el invierno europeo - El Digital de Asturias\",\"description\":\"(dpa) - Centenares de velas iluminar\\u00e1n el 21 de noviembre la bas\\u00edlica Santa Maria della Salute (la V\\u00edrgen de la Salud) en Venecia. Durante siglos la ciudad ha celebrado una gran fiesta para conmemorar el fin de la epidemia de la peste, que caus\\u00f3 la muerte de gran parte de la poblaci\\u00f3n de la Regi\\u00f3n\",\"inLanguage\":\"es-ES\",\"isPartOf\":{\"@id\":\"https:\\\/\\\/www.eldigitaldeasturias.com\\\/noticias\\\/#website\"},\"breadcrumb\":{\"@id\":\"https:\\\/\\\/www.eldigitaldeasturias.com\\\/noticias\\\/festivales-y-excursiones-para-el-invierno-europeo\\\/#breadcrumblist\"},\"author\":{\"@id\":\"https:\\\/\\\/www.eldigitaldeasturias.com\\\/noticias\\\/author\\\/admin\\\/#author\"},\"creator\":{\"@id\":\"https:\\\/\\\/www.eldigitaldeasturias.com\\\/noticias\\\/author\\\/admin\\\/#author\"},\"image\":{\"@type\":\"ImageObject\",\"url\":\"https:\\\/\\\/www.eldigitaldeasturias.com\\\/noticias\\\/wp-content\\\/uploads\\\/2019\\\/11\\\/Luz-de-Murten.jpg\",\"@id\":\"https:\\\/\\\/www.eldigitaldeasturias.com\\\/noticias\\\/festivales-y-excursiones-para-el-invierno-europeo\\\/#mainImage\",\"width\":994,\"height\":671},\"primaryImageOfPage\":{\"@id\":\"https:\\\/\\\/www.eldigitaldeasturias.com\\\/noticias\\\/festivales-y-excursiones-para-el-invierno-europeo\\\/#mainImage\"},\"datePublished\":\"2019-11-19T15:15:04+01:00\",\"dateModified\":\"2019-11-19T15:15:04+01:00\"},{\"@type\":\"WebSite\",\"@id\":\"https:\\\/\\\/www.eldigitaldeasturias.com\\\/noticias\\\/#website\",\"url\":\"https:\\\/\\\/www.eldigitaldeasturias.com\\\/noticias\\\/\",\"name\":\"El Digital de Asturias - Diario de actualidad y noticias\",\"alternateName\":\"El Digital de Asturias - Diario de actualidad y noticias\",\"description\":\"Hemeroteca\",\"inLanguage\":\"es-ES\",\"publisher\":{\"@id\":\"https:\\\/\\\/www.eldigitaldeasturias.com\\\/noticias\\\/#organization\"}}]}\n\t\t<\/script>\n\t\t<!-- All in One SEO Pro -->\r\n\t\t<title>Festivales y excursiones para el invierno europeo - El Digital de Asturias<\/title>\n\n","aioseo_head_json":{"title":"Festivales y excursiones para el invierno europeo - El Digital de Asturias","description":"(dpa) - Centenares de velas iluminar\u00e1n el 21 de noviembre la bas\u00edlica Santa Maria della Salute (la V\u00edrgen de la Salud) en Venecia. Durante siglos la ciudad ha celebrado una gran fiesta para conmemorar el fin de la epidemia de la peste, que caus\u00f3 la muerte de gran parte de la poblaci\u00f3n de la Regi\u00f3n","canonical_url":"https:\/\/www.eldigitaldeasturias.com\/noticias\/festivales-y-excursiones-para-el-invierno-europeo\/","robots":"max-image-preview:large","keywords":"turismo","webmasterTools":{"google-site-verification":"UA-38556648-1","msvalidate.01":"7dfe9f3f1b24437ab69f4f2559babe99","miscellaneous":""},"schema":{"@context":"https:\/\/schema.org","@graph":[{"@type":"BlogPosting","@id":"https:\/\/www.eldigitaldeasturias.com\/noticias\/festivales-y-excursiones-para-el-invierno-europeo\/#blogposting","name":"Festivales y excursiones para el invierno europeo - El Digital de Asturias","headline":"Festivales y excursiones para el invierno europeo","author":{"@id":"https:\/\/www.eldigitaldeasturias.com\/noticias\/author\/admin\/#author"},"publisher":{"@id":"https:\/\/www.eldigitaldeasturias.com\/noticias\/#organization"},"image":{"@type":"ImageObject","url":"https:\/\/www.eldigitaldeasturias.com\/noticias\/wp-content\/uploads\/2019\/11\/Luz-de-Murten.jpg","width":994,"height":671},"datePublished":"2019-11-19T15:15:04+01:00","dateModified":"2019-11-19T15:15:04+01:00","inLanguage":"es-ES","mainEntityOfPage":{"@id":"https:\/\/www.eldigitaldeasturias.com\/noticias\/festivales-y-excursiones-para-el-invierno-europeo\/#webpage"},"isPartOf":{"@id":"https:\/\/www.eldigitaldeasturias.com\/noticias\/festivales-y-excursiones-para-el-invierno-europeo\/#webpage"},"articleSection":"Turismo"},{"@type":"BreadcrumbList","@id":"https:\/\/www.eldigitaldeasturias.com\/noticias\/festivales-y-excursiones-para-el-invierno-europeo\/#breadcrumblist","itemListElement":[{"@type":"ListItem","@id":"https:\/\/www.eldigitaldeasturias.com\/noticias#listItem","position":1,"name":"Home","item":"https:\/\/www.eldigitaldeasturias.com\/noticias","nextItem":{"@type":"ListItem","@id":"https:\/\/www.eldigitaldeasturias.com\/noticias\/category\/turismo\/#listItem","name":"Turismo"}},{"@type":"ListItem","@id":"https:\/\/www.eldigitaldeasturias.com\/noticias\/category\/turismo\/#listItem","position":2,"name":"Turismo","item":"https:\/\/www.eldigitaldeasturias.com\/noticias\/category\/turismo\/","nextItem":{"@type":"ListItem","@id":"https:\/\/www.eldigitaldeasturias.com\/noticias\/festivales-y-excursiones-para-el-invierno-europeo\/#listItem","name":"Festivales y excursiones para el invierno europeo"},"previousItem":{"@type":"ListItem","@id":"https:\/\/www.eldigitaldeasturias.com\/noticias#listItem","name":"Home"}},{"@type":"ListItem","@id":"https:\/\/www.eldigitaldeasturias.com\/noticias\/festivales-y-excursiones-para-el-invierno-europeo\/#listItem","position":3,"name":"Festivales y excursiones para el invierno europeo","previousItem":{"@type":"ListItem","@id":"https:\/\/www.eldigitaldeasturias.com\/noticias\/category\/turismo\/#listItem","name":"Turismo"}}]},{"@type":"Organization","@id":"https:\/\/www.eldigitaldeasturias.com\/noticias\/#organization","name":"El Digital de Asturias","description":"Hemeroteca","url":"https:\/\/www.eldigitaldeasturias.com\/noticias\/","email":"info@eldigitaldeasturias.com","telephone":"+34652131393","logo":{"@type":"ImageObject","url":"https:\/\/www.eldigitaldeasturias.com\/noticias\/wp-content\/uploads\/2020\/12\/EDA.jpg","@id":"https:\/\/www.eldigitaldeasturias.com\/noticias\/festivales-y-excursiones-para-el-invierno-europeo\/#organizationLogo","width":649,"height":297},"image":{"@id":"https:\/\/www.eldigitaldeasturias.com\/noticias\/festivales-y-excursiones-para-el-invierno-europeo\/#organizationLogo"},"sameAs":["https:\/\/facebook.com\/eldigitaldeasturias","https:\/\/www.youtube.com\/channel\/UCZP-2wLEB9Rv6erhFmqVnvg"],"address":{"@id":"https:\/\/www.eldigitaldeasturias.com\/noticias\/#postaladdress","@type":"PostalAddress","streetAddress":"san antonio 4,","postalCode":"33430","addressLocality":"Cand\u00e1s","addressRegion":"Asturias","addressCountry":"ES"}},{"@type":"Person","@id":"https:\/\/www.eldigitaldeasturias.com\/noticias\/author\/admin\/#author","url":"https:\/\/www.eldigitaldeasturias.com\/noticias\/author\/admin\/","name":"El Digital de Asturias","image":{"@type":"ImageObject","@id":"https:\/\/www.eldigitaldeasturias.com\/noticias\/festivales-y-excursiones-para-el-invierno-europeo\/#authorImage","url":"https:\/\/www.eldigitaldeasturias.com\/noticias\/wp-content\/litespeed\/avatar\/18677e78aa0546b92d9dbf31ec7d7668.jpg?ver=1777290358","width":96,"height":96,"caption":"El Digital de Asturias"}},{"@type":"WebPage","@id":"https:\/\/www.eldigitaldeasturias.com\/noticias\/festivales-y-excursiones-para-el-invierno-europeo\/#webpage","url":"https:\/\/www.eldigitaldeasturias.com\/noticias\/festivales-y-excursiones-para-el-invierno-europeo\/","name":"Festivales y excursiones para el invierno europeo - El Digital de Asturias","description":"(dpa) - Centenares de velas iluminar\u00e1n el 21 de noviembre la bas\u00edlica Santa Maria della Salute (la V\u00edrgen de la Salud) en Venecia. Durante siglos la ciudad ha celebrado una gran fiesta para conmemorar el fin de la epidemia de la peste, que caus\u00f3 la muerte de gran parte de la poblaci\u00f3n de la Regi\u00f3n","inLanguage":"es-ES","isPartOf":{"@id":"https:\/\/www.eldigitaldeasturias.com\/noticias\/#website"},"breadcrumb":{"@id":"https:\/\/www.eldigitaldeasturias.com\/noticias\/festivales-y-excursiones-para-el-invierno-europeo\/#breadcrumblist"},"author":{"@id":"https:\/\/www.eldigitaldeasturias.com\/noticias\/author\/admin\/#author"},"creator":{"@id":"https:\/\/www.eldigitaldeasturias.com\/noticias\/author\/admin\/#author"},"image":{"@type":"ImageObject","url":"https:\/\/www.eldigitaldeasturias.com\/noticias\/wp-content\/uploads\/2019\/11\/Luz-de-Murten.jpg","@id":"https:\/\/www.eldigitaldeasturias.com\/noticias\/festivales-y-excursiones-para-el-invierno-europeo\/#mainImage","width":994,"height":671},"primaryImageOfPage":{"@id":"https:\/\/www.eldigitaldeasturias.com\/noticias\/festivales-y-excursiones-para-el-invierno-europeo\/#mainImage"},"datePublished":"2019-11-19T15:15:04+01:00","dateModified":"2019-11-19T15:15:04+01:00"},{"@type":"WebSite","@id":"https:\/\/www.eldigitaldeasturias.com\/noticias\/#website","url":"https:\/\/www.eldigitaldeasturias.com\/noticias\/","name":"El Digital de Asturias - Diario de actualidad y noticias","alternateName":"El Digital de Asturias - Diario de actualidad y noticias","description":"Hemeroteca","inLanguage":"es-ES","publisher":{"@id":"https:\/\/www.eldigitaldeasturias.com\/noticias\/#organization"}}]},"og:locale":"es_ES","og:site_name":"El Digital de Asturias","og:type":"article","og:title":"Festivales y excursiones para el invierno europeo - El Digital de Asturias","og:description":"(dpa) - Centenares de velas iluminar\u00e1n el 21 de noviembre la bas\u00edlica Santa Maria della Salute (la V\u00edrgen de la Salud) en Venecia. Durante siglos la ciudad ha celebrado una gran fiesta para conmemorar el fin de la epidemia de la peste, que caus\u00f3 la muerte de gran parte de la poblaci\u00f3n de la Regi\u00f3n","og:url":"https:\/\/www.eldigitaldeasturias.com\/noticias\/festivales-y-excursiones-para-el-invierno-europeo\/","og:image":"https:\/\/www.eldigitaldeasturias.com\/noticias\/wp-content\/uploads\/2019\/11\/Luz-de-Murten.jpg","og:image:secure_url":"https:\/\/www.eldigitaldeasturias.com\/noticias\/wp-content\/uploads\/2019\/11\/Luz-de-Murten.jpg","og:image:width":994,"og:image:height":671,"article:tag":["turismo"],"article:published_time":"2019-11-19T15:15:04+00:00","article:modified_time":"2019-11-19T15:15:04+00:00","article:publisher":"https:\/\/facebook.com\/eldigitaldeasturias","twitter:card":"summary_large_image","twitter:title":"Festivales y excursiones para el invierno europeo - El Digital de Asturias","twitter:description":"(dpa) - Centenares de velas iluminar\u00e1n el 21 de noviembre la bas\u00edlica Santa Maria della Salute (la V\u00edrgen de la Salud) en Venecia. Durante siglos la ciudad ha celebrado una gran fiesta para conmemorar el fin de la epidemia de la peste, que caus\u00f3 la muerte de gran parte de la poblaci\u00f3n de la Regi\u00f3n","twitter:image":"https:\/\/www.eldigitaldeasturias.com\/noticias\/wp-content\/uploads\/2019\/11\/Luz-de-Murten.jpg","twitter:label1":"Escrito por","twitter:data1":"El Digital de Asturias","twitter:label2":"Tiempo de lectura estimado","twitter:data2":"2 minutos"},"aioseo_meta_data":{"post_id":"1048116","title":null,"description":null,"keywords":null,"keyphrases":null,"primary_term":null,"canonical_url":null,"og_title":null,"og_description":null,"og_object_type":"default","og_image_type":"default","og_image_url":null,"og_image_width":null,"og_image_height":null,"og_image_custom_url":null,"og_image_custom_fields":null,"og_video":null,"og_custom_url":null,"og_article_section":null,"og_article_tags":null,"twitter_use_og":false,"twitter_card":"default","twitter_image_type":"default","twitter_image_url":null,"twitter_image_custom_url":null,"twitter_image_custom_fields":null,"twitter_title":null,"twitter_description":null,"schema":{"blockGraphs":[],"customGraphs":[],"default":{"data":{"Article":[],"Course":[],"Dataset":[],"FAQPage":[],"Movie":[],"Person":[],"Product":[],"ProductReview":[],"Car":[],"Recipe":[],"Service":[],"SoftwareApplication":[],"WebPage":[]},"graphName":"","isEnabled":true},"graphs":[],"defaultGraph":"","defaultPostTypeGraph":""},"schema_type":null,"schema_type_options":null,"pillar_content":false,"robots_default":true,"robots_noindex":false,"robots_noarchive":false,"robots_nosnippet":false,"robots_nofollow":false,"robots_noimageindex":false,"robots_noodp":false,"robots_notranslate":false,"robots_max_snippet":null,"robots_max_videopreview":null,"robots_max_imagepreview":"large","priority":null,"frequency":null,"local_seo":null,"seo_analyzer_scan_date":"2025-10-24 15:29:11","breadcrumb_settings":null,"limit_modified_date":false,"open_ai":null,"ai":null,"created":"2020-12-21 10:58:52","updated":"2025-10-24 15:29:11"},"aioseo_breadcrumb":"<div class=\"aioseo-breadcrumbs\"><span class=\"aioseo-breadcrumb\">\n\t<a href=\"https:\/\/www.eldigitaldeasturias.com\/noticias\" title=\"Home\">Home<\/a>\n<\/span><span class=\"aioseo-breadcrumb-separator\">\u2013<\/span><span class=\"aioseo-breadcrumb\">\n\t<a href=\"https:\/\/www.eldigitaldeasturias.com\/noticias\/category\/turismo\/\" title=\"Turismo\">Turismo<\/a>\n<\/span><span class=\"aioseo-breadcrumb-separator\">\u2013<\/span><span class=\"aioseo-breadcrumb\">\n\t<a href=\"https:\/\/www.eldigitaldeasturias.com\/noticias\/festivales-y-excursiones-para-el-invierno-europeo\/\" title=\"Festivales y excursiones para el invierno europeo\">Festivales y excursiones para el invierno europeo<\/a>\n<\/span><\/div>","aioseo_breadcrumb_json":[{"label":"Home","link":"https:\/\/www.eldigitaldeasturias.com\/noticias"},{"label":"Turismo","link":"https:\/\/www.eldigitaldeasturias.com\/noticias\/category\/turismo\/"},{"label":"Festivales y excursiones para el invierno europeo","link":"https:\/\/www.eldigitaldeasturias.com\/noticias\/festivales-y-excursiones-para-el-invierno-europeo\/"}],"_links":{"self":[{"href":"https:\/\/www.eldigitaldeasturias.com\/noticias\/wp-json\/wp\/v2\/posts\/1048116","targetHints":{"allow":["GET"]}}],"collection":[{"href":"https:\/\/www.eldigitaldeasturias.com\/noticias\/wp-json\/wp\/v2\/posts"}],"about":[{"href":"https:\/\/www.eldigitaldeasturias.com\/noticias\/wp-json\/wp\/v2\/types\/post"}],"author":[{"embeddable":true,"href":"https:\/\/www.eldigitaldeasturias.com\/noticias\/wp-json\/wp\/v2\/users\/1"}],"replies":[{"embeddable":true,"href":"https:\/\/www.eldigitaldeasturias.com\/noticias\/wp-json\/wp\/v2\/comments?post=1048116"}],"version-history":[{"count":0,"href":"https:\/\/www.eldigitaldeasturias.com\/noticias\/wp-json\/wp\/v2\/posts\/1048116\/revisions"}],"wp:featuredmedia":[{"embeddable":true,"href":"https:\/\/www.eldigitaldeasturias.com\/noticias\/wp-json\/wp\/v2\/media\/1048117"}],"wp:attachment":[{"href":"https:\/\/www.eldigitaldeasturias.com\/noticias\/wp-json\/wp\/v2\/media?parent=1048116"}],"wp:term":[{"taxonomy":"category","embeddable":true,"href":"https:\/\/www.eldigitaldeasturias.com\/noticias\/wp-json\/wp\/v2\/categories?post=1048116"},{"taxonomy":"post_tag","embeddable":true,"href":"https:\/\/www.eldigitaldeasturias.com\/noticias\/wp-json\/wp\/v2\/tags?post=1048116"}],"curies":[{"name":"wp","href":"https:\/\/api.w.org\/{rel}","templated":true}]}}