{"id":1047025,"date":"2019-11-09T14:59:11","date_gmt":"2019-11-09T14:59:11","guid":{"rendered":"https:\/\/www.eldigitaldeasturias.com\/noticias\/?p=1047025"},"modified":"2019-11-09T14:59:11","modified_gmt":"2019-11-09T14:59:11","slug":"oman-cuna-del-incienso-y-de-su-apasionante-historia","status":"publish","type":"post","link":"https:\/\/www.eldigitaldeasturias.com\/noticias\/oman-cuna-del-incienso-y-de-su-apasionante-historia\/","title":{"rendered":"Om\u00e1n, cuna del incienso y de su apasionante historia"},"content":{"rendered":"<figure id=\"attachment_1047026\" aria-describedby=\"caption-attachment-1047026\" style=\"width: 360px\" class=\"wp-caption alignleft\"><img loading=\"lazy\" decoding=\"async\" class=\"size-medium wp-image-1047026\" src=\"https:\/\/www.eldigitaldeasturias.com\/noticias\/wp-content\/uploads\/2019\/11\/Mirbat-dpa-360x242.jpg\" alt=\"\" width=\"360\" height=\"242\" srcset=\"https:\/\/www.eldigitaldeasturias.com\/noticias\/wp-content\/uploads\/2019\/11\/Mirbat-dpa-360x242.jpg 360w, https:\/\/www.eldigitaldeasturias.com\/noticias\/wp-content\/uploads\/2019\/11\/Mirbat-dpa-446x300.jpg 446w, https:\/\/www.eldigitaldeasturias.com\/noticias\/wp-content\/uploads\/2019\/11\/Mirbat-dpa-768x516.jpg 768w, https:\/\/www.eldigitaldeasturias.com\/noticias\/wp-content\/uploads\/2019\/11\/Mirbat-dpa-690x464.jpg 690w, https:\/\/www.eldigitaldeasturias.com\/noticias\/wp-content\/uploads\/2019\/11\/Mirbat-dpa.jpg 1000w\" sizes=\"auto, (max-width: 360px) 100vw, 360px\" \/><figcaption id=\"caption-attachment-1047026\" class=\"wp-caption-text\">Mirbat, ciudad portuaria, era en la antig\u00fcedad un punto importante de comercio en la ruta del incienso. Foto: Manuel Meyer\/dpa-tmn<\/figcaption><\/figure>\n<p>(dpa) &#8211; El cuchillo de Ahmed al Awaid est\u00e1 tan afilado que la corteza del \u00e1rbol de incienso se desprende de inmediato. \u00abSi corto demasiado profundo, la corteza no vuelve a crecer y el \u00e1rbol de seca\u00bb, explica el hombre en el sur de Om\u00e1n.<\/p>\n<p>Resina blanca y lechosa comienza a brotar del \u00e1rbol. Despu\u00e9s de unos d\u00edas, se vuelve a raspar. Despu\u00e9s de una semana, nuevamente se corta el \u00e1rbol en el mismo lugar. Apenas a la tercera vez, el \u00e1rbol finalmente \u00absangra\u00bb el valioso ol\u00edbano, una resina arom\u00e1tica. Es esta resina la que le llevaron los tres Reyes Magos, adem\u00e1s de mirra y oro, al ni\u00f1o Jes\u00fas. Y por eso su aroma forma parte para muchos de la Navidad.<\/p>\n<p>Hay cuatro tipos de calidad que se distinguen claramente por el color. De marr\u00f3n oscuro a colores \u00e1mbar y de un blanco amarillento a un verde casi transparente. \u00abCuanto m\u00e1s clara la resina, m\u00e1s puro y con ello m\u00e1s valioso el incienso\u00bb, explica Ahmed.<\/p>\n<h3>La cuna del incienso<\/h3>\n<p>Entre marzo y abril comienza la cosecha de incienso, que se extiende por varios meses. La mayor parte del incienso se produce hoy en d\u00eda en Somalia, Eritrea y Etiop\u00eda. <strong>\u00abPero aqu\u00ed en Wadi Dawkah nos encontramos en la cuna del \u00e1rbol de incienso\u00bb<\/strong>, dice orgulloso el oman\u00ed.<\/p>\n<p>En el a\u00f1o 2000, la Unesco declar\u00f3 este valle seco en la provincia de Dhofar, en el sur del pa\u00eds, como patrimonio cultural de la humanidad junto a otras ciudades de la legendaria ruta del incienso.<\/p>\n<p>Ahmed al Awaid administra el parque nacional de \u00e1rboles de incienso, 40 kil\u00f3metros al norte de Salalah, la capital de la provincia y balneario para los turistas.<\/p>\n<p>En el antiguo lecho del r\u00edo crecen m\u00e1s de 5.000 ejemplares en parte \u00fanicos de Boswellia Sacras, los \u00e1rboles de incienso \u00e1rabes. De ellos se obtiene el Royal al-Hojari oman\u00ed, considerado el m\u00e1s puro y m\u00e1s caro de los inciensos del mundo.<\/p>\n<h3>Un aroma embriagador<\/h3>\n<p>El vendedor Ahmed Taha se encuentra detr\u00e1s de su puesto de ventas en el bazar de incienso de Salalah y habla acerca de las ventajas de la resina, que en la antig\u00fcedad ten\u00eda gran valor, como el oro. El aroma pesado y dulz\u00f3n de su tienda es embriagador.<\/p>\n<p>Tambi\u00e9n de las otras tiendas del zoco del incienso sale un fuerte aroma. El bazar se encuentra cerca del palacio del sult\u00e1n y el museo del incienso. Justo detr\u00e1s, sobre la interminable franja de playa de arena, se encuentran las ruinas de Al-Baleed, el antiguo puerto de incienso de Salalah que ya fascin\u00f3 al navegante Marco Polo.<\/p>\n<p>Ahmed Taha explica que el incienso no s\u00f3lo tiene un olor agradable, sino que adem\u00e1s tranquiliza, purifica y anima el esp\u00edritu. Seg\u00fan dice, no puede faltar un quemador de incienso en ning\u00fan hogar de Om\u00e1n. <strong>\u00abAlgunos lo usan incluso como goma de mascar para limpiar sus dientes\u00bb<\/strong>, se\u00f1ala.<\/p>\n<h3>Las l\u00e1grimas de los dioses<\/h3>\n<p>Ya los antiguos griegos, los faraones egipcios y los emperadores romanos sab\u00edan de las ventajas del incienso arom\u00e1tico del sur de Om\u00e1n. Tutankam\u00f3n se hizo llevar incienso al Valle de los Reyes, seg\u00fan se determin\u00f3 tras encontrar restos de resina en su tumba.<\/p>\n<p>El emperador <strong>Ner\u00f3n y el rey Salom\u00f3n amaban su aroma<\/strong>. De esta forma, la regi\u00f3n de Dhofar se convirti\u00f3 en la cuna del incienso ya en la antig\u00fcedad. <em>En los templos de Roma, Babilonia, Persia y Egipto se le hac\u00edan a los dioses ofrendas de incienso. Se lo llamaba \u00abl\u00e1grimas de Al\u00e1\u00bb o \u00abl\u00e1grimas de los dioses\u00bb<\/em>.<\/p>\n<p>Durante mucho tiempo, no se supo de d\u00f3nde proven\u00eda el incienso. \u00abOriente\u00bb era un t\u00e9rmino bastante inespec\u00edfico. Hoy en d\u00eda se conoce su origen. Ya 2.000 a\u00f1os antes de Cristo, caravanas de camellos transportaban el \u00aboro blanco\u00bb de la regi\u00f3n del sur de Arabia Dhofar por la legendaria ruta del incienso.<\/p>\n<p>La ruta comercial pasaba por Yemen y Arabia Saud\u00ed a lo largo del Mar Rojo, pasando por La Meca y Petra, en Jordania, luego por Damasco, Tierra Santa y Alejandr\u00eda, en Egipto.<\/p>\n<h3>Sitios hist\u00f3ricos<\/h3>\n<p>\u00abEl incienso volvi\u00f3 rica a la regi\u00f3n. Es por eso que durante mucho tiempo se mantuvo su origen en secreto y las rutas comerciales eran bien vigiladas\u00bb, explic\u00f3 Ahmed al Awaid.<\/p>\n<p>Desde all\u00ed, el incienso era llevado primero a la cercana Ubar, una antigua ciudad de caravanas y punto de inicio del la ruta del incienso. Al parecer, part\u00edan desde aqu\u00ed caravanas de hasta 2.000 camellos con especias, piedras preciosas e incienso.<\/p>\n<p>Adem\u00e1s de Ubar, tambi\u00e9n era un punto de partida de la ruta la hist\u00f3rica Sumhuram. La gran fortaleza de la ciudad costera con el puerto de incienso de Kor Rori fue restaurada en 2014 y es testigo de la importancia que supo tener el incienso en la historia.<\/p>\n<p>Hoy en d\u00eda, el comercio de incienso sigue siendo, junto al turismo, un importante factor econ\u00f3mico de la regi\u00f3n de Dhofar. Aqu\u00ed se producen anualmente 7.000 toneladas que son vendidas en todo el mundo.<\/p>\n<p>M\u00e1s informaci\u00f3n en: <strong><em>www.experienceoman.om<\/em><\/strong><\/p>\n<p><i class=\"lang-es\"><span class=\" readonly\" title=\"\">Por Manuel Meyer (dpa)<\/span><\/i><\/p>\n<p>&nbsp;<\/p>\n","protected":false},"excerpt":{"rendered":"<p>(dpa) &#8211; El cuchillo de Ahmed al Awaid est\u00e1 tan afilado que la corteza del \u00e1rbol de incienso se desprende de inmediato. \u00abSi corto demasiado profundo, la corteza no vuelve a crecer y el \u00e1rbol de seca\u00bb, explica el hombre en el sur de Om\u00e1n. Resina blanca y lechosa comienza a brotar del \u00e1rbol. Despu\u00e9s [&hellip;]<\/p>\n","protected":false},"author":1,"featured_media":1047026,"comment_status":"closed","ping_status":"closed","sticky":false,"template":"","format":"standard","meta":{"footnotes":""},"categories":[148],"tags":[],"class_list":["post-1047025","post","type-post","status-publish","format-standard","has-post-thumbnail","hentry","category-turismo"],"aioseo_notices":[],"aioseo_head":"\n\t\t<!-- All in One SEO Pro 4.9.6.2 - aioseo.com -->\n\t<meta name=\"description\" content=\"(dpa) - El cuchillo de Ahmed al Awaid est\u00e1 tan afilado que la corteza del \u00e1rbol de incienso se desprende de inmediato. &quot;Si corto demasiado profundo, la corteza no vuelve a crecer y el \u00e1rbol de seca&quot;, explica el hombre en el sur de Om\u00e1n. Resina blanca y lechosa comienza a brotar del \u00e1rbol. Despu\u00e9s\" \/>\n\t<meta name=\"robots\" content=\"max-image-preview:large\" \/>\n\t<meta name=\"author\" content=\"El Digital de Asturias\"\/>\n\t<meta name=\"google-site-verification\" content=\"UA-38556648-1\" \/>\n\t<meta name=\"msvalidate.01\" content=\"7dfe9f3f1b24437ab69f4f2559babe99\" \/>\n\t<meta name=\"keywords\" content=\"turismo\" \/>\n\t<link rel=\"canonical\" href=\"https:\/\/www.eldigitaldeasturias.com\/noticias\/oman-cuna-del-incienso-y-de-su-apasionante-historia\/\" \/>\n\t<meta name=\"generator\" content=\"All in One SEO Pro (AIOSEO) 4.9.6.2\" \/>\n\t\t<meta property=\"og:locale\" content=\"es_ES\" \/>\n\t\t<meta property=\"og:site_name\" content=\"El Digital de Asturias\" \/>\n\t\t<meta property=\"og:type\" content=\"article\" \/>\n\t\t<meta property=\"og:title\" content=\"Om\u00e1n, cuna del incienso y de su apasionante historia - El Digital de Asturias\" \/>\n\t\t<meta property=\"og:description\" content=\"(dpa) - El cuchillo de Ahmed al Awaid est\u00e1 tan afilado que la corteza del \u00e1rbol de incienso se desprende de inmediato. &quot;Si corto demasiado profundo, la corteza no vuelve a crecer y el \u00e1rbol de seca&quot;, explica el hombre en el sur de Om\u00e1n. Resina blanca y lechosa comienza a brotar del \u00e1rbol. Despu\u00e9s\" \/>\n\t\t<meta property=\"og:url\" content=\"https:\/\/www.eldigitaldeasturias.com\/noticias\/oman-cuna-del-incienso-y-de-su-apasionante-historia\/\" \/>\n\t\t<meta property=\"og:image\" content=\"https:\/\/www.eldigitaldeasturias.com\/noticias\/wp-content\/uploads\/2019\/11\/Mirbat-dpa.jpg\" \/>\n\t\t<meta property=\"og:image:secure_url\" content=\"https:\/\/www.eldigitaldeasturias.com\/noticias\/wp-content\/uploads\/2019\/11\/Mirbat-dpa.jpg\" \/>\n\t\t<meta property=\"og:image:width\" content=\"1000\" \/>\n\t\t<meta property=\"og:image:height\" content=\"672\" \/>\n\t\t<meta property=\"article:tag\" content=\"turismo\" \/>\n\t\t<meta property=\"article:published_time\" content=\"2019-11-09T14:59:11+00:00\" \/>\n\t\t<meta property=\"article:modified_time\" content=\"2019-11-09T14:59:11+00:00\" \/>\n\t\t<meta property=\"article:publisher\" content=\"https:\/\/facebook.com\/eldigitaldeasturias\" \/>\n\t\t<meta name=\"twitter:card\" content=\"summary_large_image\" \/>\n\t\t<meta name=\"twitter:title\" content=\"Om\u00e1n, cuna del incienso y de su apasionante historia - El Digital de Asturias\" \/>\n\t\t<meta name=\"twitter:description\" content=\"(dpa) - El cuchillo de Ahmed al Awaid est\u00e1 tan afilado que la corteza del \u00e1rbol de incienso se desprende de inmediato. &quot;Si corto demasiado profundo, la corteza no vuelve a crecer y el \u00e1rbol de seca&quot;, explica el hombre en el sur de Om\u00e1n. Resina blanca y lechosa comienza a brotar del \u00e1rbol. Despu\u00e9s\" \/>\n\t\t<meta name=\"twitter:image\" content=\"https:\/\/www.eldigitaldeasturias.com\/noticias\/wp-content\/uploads\/2019\/11\/Mirbat-dpa.jpg\" \/>\n\t\t<meta name=\"twitter:label1\" content=\"Escrito por\" \/>\n\t\t<meta name=\"twitter:data1\" content=\"El Digital de Asturias\" \/>\n\t\t<meta name=\"twitter:label2\" content=\"Tiempo de lectura estimado\" \/>\n\t\t<meta name=\"twitter:data2\" content=\"5 minutos\" \/>\n\t\t<script type=\"application\/ld+json\" class=\"aioseo-schema\">\n\t\t\t{\"@context\":\"https:\\\/\\\/schema.org\",\"@graph\":[{\"@type\":\"BlogPosting\",\"@id\":\"https:\\\/\\\/www.eldigitaldeasturias.com\\\/noticias\\\/oman-cuna-del-incienso-y-de-su-apasionante-historia\\\/#blogposting\",\"name\":\"Om\\u00e1n, cuna del incienso y de su apasionante historia - El Digital de Asturias\",\"headline\":\"Om\\u00e1n, cuna del incienso y de su apasionante historia\",\"author\":{\"@id\":\"https:\\\/\\\/www.eldigitaldeasturias.com\\\/noticias\\\/author\\\/admin\\\/#author\"},\"publisher\":{\"@id\":\"https:\\\/\\\/www.eldigitaldeasturias.com\\\/noticias\\\/#organization\"},\"image\":{\"@type\":\"ImageObject\",\"url\":\"https:\\\/\\\/www.eldigitaldeasturias.com\\\/noticias\\\/wp-content\\\/uploads\\\/2019\\\/11\\\/Mirbat-dpa.jpg\",\"width\":1000,\"height\":672,\"caption\":\"Mirbat, ciudad portuaria, era en la antig\\u00fcedad un punto importante de comercio en la ruta del incienso. Foto: Manuel Meyer\\\/dpa-tmn\"},\"datePublished\":\"2019-11-09T14:59:11+01:00\",\"dateModified\":\"2019-11-09T14:59:11+01:00\",\"inLanguage\":\"es-ES\",\"mainEntityOfPage\":{\"@id\":\"https:\\\/\\\/www.eldigitaldeasturias.com\\\/noticias\\\/oman-cuna-del-incienso-y-de-su-apasionante-historia\\\/#webpage\"},\"isPartOf\":{\"@id\":\"https:\\\/\\\/www.eldigitaldeasturias.com\\\/noticias\\\/oman-cuna-del-incienso-y-de-su-apasionante-historia\\\/#webpage\"},\"articleSection\":\"Turismo\"},{\"@type\":\"BreadcrumbList\",\"@id\":\"https:\\\/\\\/www.eldigitaldeasturias.com\\\/noticias\\\/oman-cuna-del-incienso-y-de-su-apasionante-historia\\\/#breadcrumblist\",\"itemListElement\":[{\"@type\":\"ListItem\",\"@id\":\"https:\\\/\\\/www.eldigitaldeasturias.com\\\/noticias#listItem\",\"position\":1,\"name\":\"Home\",\"item\":\"https:\\\/\\\/www.eldigitaldeasturias.com\\\/noticias\",\"nextItem\":{\"@type\":\"ListItem\",\"@id\":\"https:\\\/\\\/www.eldigitaldeasturias.com\\\/noticias\\\/category\\\/turismo\\\/#listItem\",\"name\":\"Turismo\"}},{\"@type\":\"ListItem\",\"@id\":\"https:\\\/\\\/www.eldigitaldeasturias.com\\\/noticias\\\/category\\\/turismo\\\/#listItem\",\"position\":2,\"name\":\"Turismo\",\"item\":\"https:\\\/\\\/www.eldigitaldeasturias.com\\\/noticias\\\/category\\\/turismo\\\/\",\"nextItem\":{\"@type\":\"ListItem\",\"@id\":\"https:\\\/\\\/www.eldigitaldeasturias.com\\\/noticias\\\/oman-cuna-del-incienso-y-de-su-apasionante-historia\\\/#listItem\",\"name\":\"Om\\u00e1n, cuna del incienso y de su apasionante historia\"},\"previousItem\":{\"@type\":\"ListItem\",\"@id\":\"https:\\\/\\\/www.eldigitaldeasturias.com\\\/noticias#listItem\",\"name\":\"Home\"}},{\"@type\":\"ListItem\",\"@id\":\"https:\\\/\\\/www.eldigitaldeasturias.com\\\/noticias\\\/oman-cuna-del-incienso-y-de-su-apasionante-historia\\\/#listItem\",\"position\":3,\"name\":\"Om\\u00e1n, cuna del incienso y de su apasionante historia\",\"previousItem\":{\"@type\":\"ListItem\",\"@id\":\"https:\\\/\\\/www.eldigitaldeasturias.com\\\/noticias\\\/category\\\/turismo\\\/#listItem\",\"name\":\"Turismo\"}}]},{\"@type\":\"Organization\",\"@id\":\"https:\\\/\\\/www.eldigitaldeasturias.com\\\/noticias\\\/#organization\",\"name\":\"El Digital de Asturias\",\"description\":\"Hemeroteca\",\"url\":\"https:\\\/\\\/www.eldigitaldeasturias.com\\\/noticias\\\/\",\"email\":\"info@eldigitaldeasturias.com\",\"telephone\":\"+34652131393\",\"logo\":{\"@type\":\"ImageObject\",\"url\":\"https:\\\/\\\/www.eldigitaldeasturias.com\\\/noticias\\\/wp-content\\\/uploads\\\/2020\\\/12\\\/EDA.jpg\",\"@id\":\"https:\\\/\\\/www.eldigitaldeasturias.com\\\/noticias\\\/oman-cuna-del-incienso-y-de-su-apasionante-historia\\\/#organizationLogo\",\"width\":649,\"height\":297},\"image\":{\"@id\":\"https:\\\/\\\/www.eldigitaldeasturias.com\\\/noticias\\\/oman-cuna-del-incienso-y-de-su-apasionante-historia\\\/#organizationLogo\"},\"sameAs\":[\"https:\\\/\\\/facebook.com\\\/eldigitaldeasturias\",\"https:\\\/\\\/www.youtube.com\\\/channel\\\/UCZP-2wLEB9Rv6erhFmqVnvg\"],\"address\":{\"@id\":\"https:\\\/\\\/www.eldigitaldeasturias.com\\\/noticias\\\/#postaladdress\",\"@type\":\"PostalAddress\",\"streetAddress\":\"san antonio 4,\",\"postalCode\":\"33430\",\"addressLocality\":\"Cand\\u00e1s\",\"addressRegion\":\"Asturias\",\"addressCountry\":\"ES\"}},{\"@type\":\"Person\",\"@id\":\"https:\\\/\\\/www.eldigitaldeasturias.com\\\/noticias\\\/author\\\/admin\\\/#author\",\"url\":\"https:\\\/\\\/www.eldigitaldeasturias.com\\\/noticias\\\/author\\\/admin\\\/\",\"name\":\"El Digital de Asturias\",\"image\":{\"@type\":\"ImageObject\",\"@id\":\"https:\\\/\\\/www.eldigitaldeasturias.com\\\/noticias\\\/oman-cuna-del-incienso-y-de-su-apasionante-historia\\\/#authorImage\",\"url\":\"https:\\\/\\\/www.eldigitaldeasturias.com\\\/noticias\\\/wp-content\\\/litespeed\\\/avatar\\\/18677e78aa0546b92d9dbf31ec7d7668.jpg?ver=1777290358\",\"width\":96,\"height\":96,\"caption\":\"El Digital de Asturias\"}},{\"@type\":\"WebPage\",\"@id\":\"https:\\\/\\\/www.eldigitaldeasturias.com\\\/noticias\\\/oman-cuna-del-incienso-y-de-su-apasionante-historia\\\/#webpage\",\"url\":\"https:\\\/\\\/www.eldigitaldeasturias.com\\\/noticias\\\/oman-cuna-del-incienso-y-de-su-apasionante-historia\\\/\",\"name\":\"Om\\u00e1n, cuna del incienso y de su apasionante historia - El Digital de Asturias\",\"description\":\"(dpa) - El cuchillo de Ahmed al Awaid est\\u00e1 tan afilado que la corteza del \\u00e1rbol de incienso se desprende de inmediato. \\\"Si corto demasiado profundo, la corteza no vuelve a crecer y el \\u00e1rbol de seca\\\", explica el hombre en el sur de Om\\u00e1n. Resina blanca y lechosa comienza a brotar del \\u00e1rbol. Despu\\u00e9s\",\"inLanguage\":\"es-ES\",\"isPartOf\":{\"@id\":\"https:\\\/\\\/www.eldigitaldeasturias.com\\\/noticias\\\/#website\"},\"breadcrumb\":{\"@id\":\"https:\\\/\\\/www.eldigitaldeasturias.com\\\/noticias\\\/oman-cuna-del-incienso-y-de-su-apasionante-historia\\\/#breadcrumblist\"},\"author\":{\"@id\":\"https:\\\/\\\/www.eldigitaldeasturias.com\\\/noticias\\\/author\\\/admin\\\/#author\"},\"creator\":{\"@id\":\"https:\\\/\\\/www.eldigitaldeasturias.com\\\/noticias\\\/author\\\/admin\\\/#author\"},\"image\":{\"@type\":\"ImageObject\",\"url\":\"https:\\\/\\\/www.eldigitaldeasturias.com\\\/noticias\\\/wp-content\\\/uploads\\\/2019\\\/11\\\/Mirbat-dpa.jpg\",\"@id\":\"https:\\\/\\\/www.eldigitaldeasturias.com\\\/noticias\\\/oman-cuna-del-incienso-y-de-su-apasionante-historia\\\/#mainImage\",\"width\":1000,\"height\":672,\"caption\":\"Mirbat, ciudad portuaria, era en la antig\\u00fcedad un punto importante de comercio en la ruta del incienso. Foto: Manuel Meyer\\\/dpa-tmn\"},\"primaryImageOfPage\":{\"@id\":\"https:\\\/\\\/www.eldigitaldeasturias.com\\\/noticias\\\/oman-cuna-del-incienso-y-de-su-apasionante-historia\\\/#mainImage\"},\"datePublished\":\"2019-11-09T14:59:11+01:00\",\"dateModified\":\"2019-11-09T14:59:11+01:00\"},{\"@type\":\"WebSite\",\"@id\":\"https:\\\/\\\/www.eldigitaldeasturias.com\\\/noticias\\\/#website\",\"url\":\"https:\\\/\\\/www.eldigitaldeasturias.com\\\/noticias\\\/\",\"name\":\"El Digital de Asturias - Diario de actualidad y noticias\",\"alternateName\":\"El Digital de Asturias - Diario de actualidad y noticias\",\"description\":\"Hemeroteca\",\"inLanguage\":\"es-ES\",\"publisher\":{\"@id\":\"https:\\\/\\\/www.eldigitaldeasturias.com\\\/noticias\\\/#organization\"}}]}\n\t\t<\/script>\n\t\t<!-- All in One SEO Pro -->\r\n\t\t<title>Om\u00e1n, cuna del incienso y de su apasionante historia - El Digital de Asturias<\/title>\n\n","aioseo_head_json":{"title":"Om\u00e1n, cuna del incienso y de su apasionante historia - El Digital de Asturias","description":"(dpa) - El cuchillo de Ahmed al Awaid est\u00e1 tan afilado que la corteza del \u00e1rbol de incienso se desprende de inmediato. \"Si corto demasiado profundo, la corteza no vuelve a crecer y el \u00e1rbol de seca\", explica el hombre en el sur de Om\u00e1n. Resina blanca y lechosa comienza a brotar del \u00e1rbol. Despu\u00e9s","canonical_url":"https:\/\/www.eldigitaldeasturias.com\/noticias\/oman-cuna-del-incienso-y-de-su-apasionante-historia\/","robots":"max-image-preview:large","keywords":"turismo","webmasterTools":{"google-site-verification":"UA-38556648-1","msvalidate.01":"7dfe9f3f1b24437ab69f4f2559babe99","miscellaneous":""},"schema":{"@context":"https:\/\/schema.org","@graph":[{"@type":"BlogPosting","@id":"https:\/\/www.eldigitaldeasturias.com\/noticias\/oman-cuna-del-incienso-y-de-su-apasionante-historia\/#blogposting","name":"Om\u00e1n, cuna del incienso y de su apasionante historia - El Digital de Asturias","headline":"Om\u00e1n, cuna del incienso y de su apasionante historia","author":{"@id":"https:\/\/www.eldigitaldeasturias.com\/noticias\/author\/admin\/#author"},"publisher":{"@id":"https:\/\/www.eldigitaldeasturias.com\/noticias\/#organization"},"image":{"@type":"ImageObject","url":"https:\/\/www.eldigitaldeasturias.com\/noticias\/wp-content\/uploads\/2019\/11\/Mirbat-dpa.jpg","width":1000,"height":672,"caption":"Mirbat, ciudad portuaria, era en la antig\u00fcedad un punto importante de comercio en la ruta del incienso. Foto: Manuel Meyer\/dpa-tmn"},"datePublished":"2019-11-09T14:59:11+01:00","dateModified":"2019-11-09T14:59:11+01:00","inLanguage":"es-ES","mainEntityOfPage":{"@id":"https:\/\/www.eldigitaldeasturias.com\/noticias\/oman-cuna-del-incienso-y-de-su-apasionante-historia\/#webpage"},"isPartOf":{"@id":"https:\/\/www.eldigitaldeasturias.com\/noticias\/oman-cuna-del-incienso-y-de-su-apasionante-historia\/#webpage"},"articleSection":"Turismo"},{"@type":"BreadcrumbList","@id":"https:\/\/www.eldigitaldeasturias.com\/noticias\/oman-cuna-del-incienso-y-de-su-apasionante-historia\/#breadcrumblist","itemListElement":[{"@type":"ListItem","@id":"https:\/\/www.eldigitaldeasturias.com\/noticias#listItem","position":1,"name":"Home","item":"https:\/\/www.eldigitaldeasturias.com\/noticias","nextItem":{"@type":"ListItem","@id":"https:\/\/www.eldigitaldeasturias.com\/noticias\/category\/turismo\/#listItem","name":"Turismo"}},{"@type":"ListItem","@id":"https:\/\/www.eldigitaldeasturias.com\/noticias\/category\/turismo\/#listItem","position":2,"name":"Turismo","item":"https:\/\/www.eldigitaldeasturias.com\/noticias\/category\/turismo\/","nextItem":{"@type":"ListItem","@id":"https:\/\/www.eldigitaldeasturias.com\/noticias\/oman-cuna-del-incienso-y-de-su-apasionante-historia\/#listItem","name":"Om\u00e1n, cuna del incienso y de su apasionante historia"},"previousItem":{"@type":"ListItem","@id":"https:\/\/www.eldigitaldeasturias.com\/noticias#listItem","name":"Home"}},{"@type":"ListItem","@id":"https:\/\/www.eldigitaldeasturias.com\/noticias\/oman-cuna-del-incienso-y-de-su-apasionante-historia\/#listItem","position":3,"name":"Om\u00e1n, cuna del incienso y de su apasionante historia","previousItem":{"@type":"ListItem","@id":"https:\/\/www.eldigitaldeasturias.com\/noticias\/category\/turismo\/#listItem","name":"Turismo"}}]},{"@type":"Organization","@id":"https:\/\/www.eldigitaldeasturias.com\/noticias\/#organization","name":"El Digital de Asturias","description":"Hemeroteca","url":"https:\/\/www.eldigitaldeasturias.com\/noticias\/","email":"info@eldigitaldeasturias.com","telephone":"+34652131393","logo":{"@type":"ImageObject","url":"https:\/\/www.eldigitaldeasturias.com\/noticias\/wp-content\/uploads\/2020\/12\/EDA.jpg","@id":"https:\/\/www.eldigitaldeasturias.com\/noticias\/oman-cuna-del-incienso-y-de-su-apasionante-historia\/#organizationLogo","width":649,"height":297},"image":{"@id":"https:\/\/www.eldigitaldeasturias.com\/noticias\/oman-cuna-del-incienso-y-de-su-apasionante-historia\/#organizationLogo"},"sameAs":["https:\/\/facebook.com\/eldigitaldeasturias","https:\/\/www.youtube.com\/channel\/UCZP-2wLEB9Rv6erhFmqVnvg"],"address":{"@id":"https:\/\/www.eldigitaldeasturias.com\/noticias\/#postaladdress","@type":"PostalAddress","streetAddress":"san antonio 4,","postalCode":"33430","addressLocality":"Cand\u00e1s","addressRegion":"Asturias","addressCountry":"ES"}},{"@type":"Person","@id":"https:\/\/www.eldigitaldeasturias.com\/noticias\/author\/admin\/#author","url":"https:\/\/www.eldigitaldeasturias.com\/noticias\/author\/admin\/","name":"El Digital de Asturias","image":{"@type":"ImageObject","@id":"https:\/\/www.eldigitaldeasturias.com\/noticias\/oman-cuna-del-incienso-y-de-su-apasionante-historia\/#authorImage","url":"https:\/\/www.eldigitaldeasturias.com\/noticias\/wp-content\/litespeed\/avatar\/18677e78aa0546b92d9dbf31ec7d7668.jpg?ver=1777290358","width":96,"height":96,"caption":"El Digital de Asturias"}},{"@type":"WebPage","@id":"https:\/\/www.eldigitaldeasturias.com\/noticias\/oman-cuna-del-incienso-y-de-su-apasionante-historia\/#webpage","url":"https:\/\/www.eldigitaldeasturias.com\/noticias\/oman-cuna-del-incienso-y-de-su-apasionante-historia\/","name":"Om\u00e1n, cuna del incienso y de su apasionante historia - El Digital de Asturias","description":"(dpa) - El cuchillo de Ahmed al Awaid est\u00e1 tan afilado que la corteza del \u00e1rbol de incienso se desprende de inmediato. \"Si corto demasiado profundo, la corteza no vuelve a crecer y el \u00e1rbol de seca\", explica el hombre en el sur de Om\u00e1n. Resina blanca y lechosa comienza a brotar del \u00e1rbol. Despu\u00e9s","inLanguage":"es-ES","isPartOf":{"@id":"https:\/\/www.eldigitaldeasturias.com\/noticias\/#website"},"breadcrumb":{"@id":"https:\/\/www.eldigitaldeasturias.com\/noticias\/oman-cuna-del-incienso-y-de-su-apasionante-historia\/#breadcrumblist"},"author":{"@id":"https:\/\/www.eldigitaldeasturias.com\/noticias\/author\/admin\/#author"},"creator":{"@id":"https:\/\/www.eldigitaldeasturias.com\/noticias\/author\/admin\/#author"},"image":{"@type":"ImageObject","url":"https:\/\/www.eldigitaldeasturias.com\/noticias\/wp-content\/uploads\/2019\/11\/Mirbat-dpa.jpg","@id":"https:\/\/www.eldigitaldeasturias.com\/noticias\/oman-cuna-del-incienso-y-de-su-apasionante-historia\/#mainImage","width":1000,"height":672,"caption":"Mirbat, ciudad portuaria, era en la antig\u00fcedad un punto importante de comercio en la ruta del incienso. Foto: Manuel Meyer\/dpa-tmn"},"primaryImageOfPage":{"@id":"https:\/\/www.eldigitaldeasturias.com\/noticias\/oman-cuna-del-incienso-y-de-su-apasionante-historia\/#mainImage"},"datePublished":"2019-11-09T14:59:11+01:00","dateModified":"2019-11-09T14:59:11+01:00"},{"@type":"WebSite","@id":"https:\/\/www.eldigitaldeasturias.com\/noticias\/#website","url":"https:\/\/www.eldigitaldeasturias.com\/noticias\/","name":"El Digital de Asturias - Diario de actualidad y noticias","alternateName":"El Digital de Asturias - Diario de actualidad y noticias","description":"Hemeroteca","inLanguage":"es-ES","publisher":{"@id":"https:\/\/www.eldigitaldeasturias.com\/noticias\/#organization"}}]},"og:locale":"es_ES","og:site_name":"El Digital de Asturias","og:type":"article","og:title":"Om\u00e1n, cuna del incienso y de su apasionante historia - El Digital de Asturias","og:description":"(dpa) - El cuchillo de Ahmed al Awaid est\u00e1 tan afilado que la corteza del \u00e1rbol de incienso se desprende de inmediato. &quot;Si corto demasiado profundo, la corteza no vuelve a crecer y el \u00e1rbol de seca&quot;, explica el hombre en el sur de Om\u00e1n. Resina blanca y lechosa comienza a brotar del \u00e1rbol. Despu\u00e9s","og:url":"https:\/\/www.eldigitaldeasturias.com\/noticias\/oman-cuna-del-incienso-y-de-su-apasionante-historia\/","og:image":"https:\/\/www.eldigitaldeasturias.com\/noticias\/wp-content\/uploads\/2019\/11\/Mirbat-dpa.jpg","og:image:secure_url":"https:\/\/www.eldigitaldeasturias.com\/noticias\/wp-content\/uploads\/2019\/11\/Mirbat-dpa.jpg","og:image:width":1000,"og:image:height":672,"article:tag":["turismo"],"article:published_time":"2019-11-09T14:59:11+00:00","article:modified_time":"2019-11-09T14:59:11+00:00","article:publisher":"https:\/\/facebook.com\/eldigitaldeasturias","twitter:card":"summary_large_image","twitter:title":"Om\u00e1n, cuna del incienso y de su apasionante historia - El Digital de Asturias","twitter:description":"(dpa) - El cuchillo de Ahmed al Awaid est\u00e1 tan afilado que la corteza del \u00e1rbol de incienso se desprende de inmediato. &quot;Si corto demasiado profundo, la corteza no vuelve a crecer y el \u00e1rbol de seca&quot;, explica el hombre en el sur de Om\u00e1n. Resina blanca y lechosa comienza a brotar del \u00e1rbol. Despu\u00e9s","twitter:image":"https:\/\/www.eldigitaldeasturias.com\/noticias\/wp-content\/uploads\/2019\/11\/Mirbat-dpa.jpg","twitter:label1":"Escrito por","twitter:data1":"El Digital de Asturias","twitter:label2":"Tiempo de lectura estimado","twitter:data2":"5 minutos"},"aioseo_meta_data":{"post_id":"1047025","title":null,"description":null,"keywords":null,"keyphrases":null,"primary_term":null,"canonical_url":null,"og_title":null,"og_description":null,"og_object_type":"default","og_image_type":"default","og_image_url":null,"og_image_width":null,"og_image_height":null,"og_image_custom_url":null,"og_image_custom_fields":null,"og_video":null,"og_custom_url":null,"og_article_section":null,"og_article_tags":null,"twitter_use_og":false,"twitter_card":"default","twitter_image_type":"default","twitter_image_url":null,"twitter_image_custom_url":null,"twitter_image_custom_fields":null,"twitter_title":null,"twitter_description":null,"schema":{"blockGraphs":[],"customGraphs":[],"default":{"data":{"Article":[],"Course":[],"Dataset":[],"FAQPage":[],"Movie":[],"Person":[],"Product":[],"ProductReview":[],"Car":[],"Recipe":[],"Service":[],"SoftwareApplication":[],"WebPage":[]},"graphName":"","isEnabled":true},"graphs":[],"defaultGraph":"","defaultPostTypeGraph":""},"schema_type":null,"schema_type_options":null,"pillar_content":false,"robots_default":true,"robots_noindex":false,"robots_noarchive":false,"robots_nosnippet":false,"robots_nofollow":false,"robots_noimageindex":false,"robots_noodp":false,"robots_notranslate":false,"robots_max_snippet":null,"robots_max_videopreview":null,"robots_max_imagepreview":"large","priority":null,"frequency":null,"local_seo":null,"seo_analyzer_scan_date":"2025-10-24 11:52:11","breadcrumb_settings":null,"limit_modified_date":false,"open_ai":null,"ai":null,"created":"2020-12-21 10:59:14","updated":"2025-10-24 11:52:11"},"aioseo_breadcrumb":"<div class=\"aioseo-breadcrumbs\"><span class=\"aioseo-breadcrumb\">\n\t<a href=\"https:\/\/www.eldigitaldeasturias.com\/noticias\" title=\"Home\">Home<\/a>\n<\/span><span class=\"aioseo-breadcrumb-separator\">\u2013<\/span><span class=\"aioseo-breadcrumb\">\n\t<a href=\"https:\/\/www.eldigitaldeasturias.com\/noticias\/category\/turismo\/\" title=\"Turismo\">Turismo<\/a>\n<\/span><span class=\"aioseo-breadcrumb-separator\">\u2013<\/span><span class=\"aioseo-breadcrumb\">\n\t<a href=\"https:\/\/www.eldigitaldeasturias.com\/noticias\/oman-cuna-del-incienso-y-de-su-apasionante-historia\/\" title=\"Om\u00e1n, cuna del incienso y de su apasionante historia\">Om\u00e1n, cuna del incienso y de su apasionante historia<\/a>\n<\/span><\/div>","aioseo_breadcrumb_json":[{"label":"Home","link":"https:\/\/www.eldigitaldeasturias.com\/noticias"},{"label":"Turismo","link":"https:\/\/www.eldigitaldeasturias.com\/noticias\/category\/turismo\/"},{"label":"Om\u00e1n, cuna del incienso y de su apasionante historia","link":"https:\/\/www.eldigitaldeasturias.com\/noticias\/oman-cuna-del-incienso-y-de-su-apasionante-historia\/"}],"_links":{"self":[{"href":"https:\/\/www.eldigitaldeasturias.com\/noticias\/wp-json\/wp\/v2\/posts\/1047025","targetHints":{"allow":["GET"]}}],"collection":[{"href":"https:\/\/www.eldigitaldeasturias.com\/noticias\/wp-json\/wp\/v2\/posts"}],"about":[{"href":"https:\/\/www.eldigitaldeasturias.com\/noticias\/wp-json\/wp\/v2\/types\/post"}],"author":[{"embeddable":true,"href":"https:\/\/www.eldigitaldeasturias.com\/noticias\/wp-json\/wp\/v2\/users\/1"}],"replies":[{"embeddable":true,"href":"https:\/\/www.eldigitaldeasturias.com\/noticias\/wp-json\/wp\/v2\/comments?post=1047025"}],"version-history":[{"count":0,"href":"https:\/\/www.eldigitaldeasturias.com\/noticias\/wp-json\/wp\/v2\/posts\/1047025\/revisions"}],"wp:featuredmedia":[{"embeddable":true,"href":"https:\/\/www.eldigitaldeasturias.com\/noticias\/wp-json\/wp\/v2\/media\/1047026"}],"wp:attachment":[{"href":"https:\/\/www.eldigitaldeasturias.com\/noticias\/wp-json\/wp\/v2\/media?parent=1047025"}],"wp:term":[{"taxonomy":"category","embeddable":true,"href":"https:\/\/www.eldigitaldeasturias.com\/noticias\/wp-json\/wp\/v2\/categories?post=1047025"},{"taxonomy":"post_tag","embeddable":true,"href":"https:\/\/www.eldigitaldeasturias.com\/noticias\/wp-json\/wp\/v2\/tags?post=1047025"}],"curies":[{"name":"wp","href":"https:\/\/api.w.org\/{rel}","templated":true}]}}