{"id":1046025,"date":"2019-11-01T15:15:24","date_gmt":"2019-11-01T15:15:24","guid":{"rendered":"https:\/\/www.eldigitaldeasturias.com\/noticias\/?p=1046025"},"modified":"2019-11-01T15:15:24","modified_gmt":"2019-11-01T15:15:24","slug":"asturias-registra-19-millones-de-turistas-hasta-septiembre-de-2019","status":"publish","type":"post","link":"https:\/\/www.eldigitaldeasturias.com\/noticias\/asturias-registra-19-millones-de-turistas-hasta-septiembre-de-2019\/","title":{"rendered":"Asturias registra 1,9 millones de turistas hasta septiembre de 2019"},"content":{"rendered":"<p><img loading=\"lazy\" decoding=\"async\" class=\"alignleft size-medium wp-image-973871\" src=\"https:\/\/www.eldigitaldeasturias.com\/noticias\/wp-content\/uploads\/2018\/03\/candas-360x223.jpg\" alt=\"\" width=\"360\" height=\"223\" srcset=\"https:\/\/www.eldigitaldeasturias.com\/noticias\/wp-content\/uploads\/2018\/03\/candas-360x223.jpg 360w, https:\/\/www.eldigitaldeasturias.com\/noticias\/wp-content\/uploads\/2018\/03\/candas-480x297.jpg 480w, https:\/\/www.eldigitaldeasturias.com\/noticias\/wp-content\/uploads\/2018\/03\/candas-768x475.jpg 768w, https:\/\/www.eldigitaldeasturias.com\/noticias\/wp-content\/uploads\/2018\/03\/candas-690x427.jpg 690w, https:\/\/www.eldigitaldeasturias.com\/noticias\/wp-content\/uploads\/2018\/03\/candas-20x12.jpg 20w, https:\/\/www.eldigitaldeasturias.com\/noticias\/wp-content\/uploads\/2018\/03\/candas.jpg 892w\" sizes=\"auto, (max-width: 360px) 100vw, 360px\" \/>Los <strong>establecimientos tur\u00edsticos asturiano<\/strong>s alojaron durante los nueve primeros meses del a\u00f1o a 1.9534.932 personas que generaron 4.932.995 estancias, <strong>seg\u00fan los datos publicados por el Instituto Nacional de Estad\u00edstica<\/strong> (INE). Se trata de las cifras m\u00e1s elevadas registradas en Asturias para este per\u00edodo.<\/p>\n<p>En concreto,<strong> el n\u00famero de visitantes creci\u00f3 un 2,4% y el de pernoctaciones<\/strong>, un 4,2% respecto a los nueve primeros meses de 2018. Tambi\u00e9n se superaron los registros alcanzados en 2017, los m\u00e1s altos hasta la fecha.<\/p>\n<p>En relaci\u00f3n con los datos de septiembre,<strong> los alojamientos asturianos recibieron a 272.346 turistas<\/strong>, un 0,2% menos que este mismo mes de 2018, y 640.405 pernoctaciones, lo que supone un descenso del 0,8%.<\/p>\n<p>Por otra parte, <strong>se mantiene el aumento de visitantes extranjeros<\/strong>, con un 3,1%, y un crecimiento del 2,3% de sus pernoctaciones, en comparaci\u00f3n con septiembre del a\u00f1o pasado. Entre enero y septiembre, el turismo internacional subi\u00f3 un 3,3% en relaci\u00f3n con el mismo per\u00edodo de 2018. Las pernoctaciones, por su parte, se incrementaron un 1,7%.<\/p>\n<p>La plantilla de los alojamientos alcanz\u00f3 los 6.298 empleados en septiembre, un 4,5% m\u00e1s que en el mismo mes del a\u00f1o pasado.<\/p>\n","protected":false},"excerpt":{"rendered":"<p>Los establecimientos tur\u00edsticos asturianos alojaron durante los nueve primeros meses del a\u00f1o a 1.9534.932 personas que generaron 4.932.995 estancias, seg\u00fan los datos publicados por el Instituto Nacional de Estad\u00edstica (INE). Se trata de las cifras m\u00e1s elevadas registradas en Asturias para este per\u00edodo. En concreto, el n\u00famero de visitantes creci\u00f3 un 2,4% y el de [&hellip;]<\/p>\n","protected":false},"author":1,"featured_media":973871,"comment_status":"closed","ping_status":"closed","sticky":false,"template":"","format":"standard","meta":{"footnotes":""},"categories":[148],"tags":[],"class_list":["post-1046025","post","type-post","status-publish","format-standard","has-post-thumbnail","hentry","category-turismo"],"aioseo_notices":[],"aioseo_head":"\n\t\t<!-- All in One SEO Pro 4.9.6.2 - aioseo.com -->\n\t<meta name=\"description\" content=\"Los establecimientos tur\u00edsticos asturianos alojaron durante los nueve primeros meses del a\u00f1o a 1.9534.932 personas que generaron 4.932.995 estancias, seg\u00fan los datos publicados por el Instituto Nacional de Estad\u00edstica (INE). Se trata de las cifras m\u00e1s elevadas registradas en Asturias para este per\u00edodo. En concreto, el n\u00famero de visitantes creci\u00f3 un 2,4% y el de\" \/>\n\t<meta name=\"robots\" content=\"max-image-preview:large\" \/>\n\t<meta name=\"author\" content=\"El Digital de Asturias\"\/>\n\t<meta name=\"google-site-verification\" content=\"UA-38556648-1\" \/>\n\t<meta name=\"msvalidate.01\" content=\"7dfe9f3f1b24437ab69f4f2559babe99\" \/>\n\t<meta name=\"keywords\" content=\"turismo\" \/>\n\t<link rel=\"canonical\" href=\"https:\/\/www.eldigitaldeasturias.com\/noticias\/asturias-registra-19-millones-de-turistas-hasta-septiembre-de-2019\/\" \/>\n\t<meta name=\"generator\" content=\"All in One SEO Pro (AIOSEO) 4.9.6.2\" \/>\n\t\t<meta property=\"og:locale\" content=\"es_ES\" \/>\n\t\t<meta property=\"og:site_name\" content=\"El Digital de Asturias\" \/>\n\t\t<meta property=\"og:type\" content=\"article\" \/>\n\t\t<meta property=\"og:title\" content=\"Asturias registra 1,9 millones de turistas hasta septiembre de 2019 - El Digital de Asturias\" \/>\n\t\t<meta property=\"og:description\" content=\"Los establecimientos tur\u00edsticos asturianos alojaron durante los nueve primeros meses del a\u00f1o a 1.9534.932 personas que generaron 4.932.995 estancias, seg\u00fan los datos publicados por el Instituto Nacional de Estad\u00edstica (INE). Se trata de las cifras m\u00e1s elevadas registradas en Asturias para este per\u00edodo. En concreto, el n\u00famero de visitantes creci\u00f3 un 2,4% y el de\" \/>\n\t\t<meta property=\"og:url\" content=\"https:\/\/www.eldigitaldeasturias.com\/noticias\/asturias-registra-19-millones-de-turistas-hasta-septiembre-de-2019\/\" \/>\n\t\t<meta property=\"og:image\" content=\"https:\/\/www.eldigitaldeasturias.com\/noticias\/wp-content\/uploads\/2018\/03\/candas.jpg\" \/>\n\t\t<meta property=\"og:image:secure_url\" content=\"https:\/\/www.eldigitaldeasturias.com\/noticias\/wp-content\/uploads\/2018\/03\/candas.jpg\" \/>\n\t\t<meta property=\"og:image:width\" content=\"892\" \/>\n\t\t<meta property=\"og:image:height\" content=\"552\" \/>\n\t\t<meta property=\"article:tag\" content=\"turismo\" \/>\n\t\t<meta property=\"article:published_time\" content=\"2019-11-01T15:15:24+00:00\" \/>\n\t\t<meta property=\"article:modified_time\" content=\"2019-11-01T15:15:24+00:00\" \/>\n\t\t<meta property=\"article:publisher\" content=\"https:\/\/facebook.com\/eldigitaldeasturias\" \/>\n\t\t<meta name=\"twitter:card\" content=\"summary_large_image\" \/>\n\t\t<meta name=\"twitter:title\" content=\"Asturias registra 1,9 millones de turistas hasta septiembre de 2019 - El Digital de Asturias\" \/>\n\t\t<meta name=\"twitter:description\" content=\"Los establecimientos tur\u00edsticos asturianos alojaron durante los nueve primeros meses del a\u00f1o a 1.9534.932 personas que generaron 4.932.995 estancias, seg\u00fan los datos publicados por el Instituto Nacional de Estad\u00edstica (INE). Se trata de las cifras m\u00e1s elevadas registradas en Asturias para este per\u00edodo. En concreto, el n\u00famero de visitantes creci\u00f3 un 2,4% y el de\" \/>\n\t\t<meta name=\"twitter:image\" content=\"https:\/\/www.eldigitaldeasturias.com\/noticias\/wp-content\/uploads\/2018\/03\/candas.jpg\" \/>\n\t\t<meta name=\"twitter:label1\" content=\"Escrito por\" \/>\n\t\t<meta name=\"twitter:data1\" content=\"El Digital de Asturias\" \/>\n\t\t<meta name=\"twitter:label2\" content=\"Tiempo de lectura estimado\" \/>\n\t\t<meta name=\"twitter:data2\" content=\"1 minuto\" \/>\n\t\t<script type=\"application\/ld+json\" class=\"aioseo-schema\">\n\t\t\t{\"@context\":\"https:\\\/\\\/schema.org\",\"@graph\":[{\"@type\":\"BlogPosting\",\"@id\":\"https:\\\/\\\/www.eldigitaldeasturias.com\\\/noticias\\\/asturias-registra-19-millones-de-turistas-hasta-septiembre-de-2019\\\/#blogposting\",\"name\":\"Asturias registra 1,9 millones de turistas hasta septiembre de 2019 - El Digital de Asturias\",\"headline\":\"Asturias registra 1,9 millones de turistas hasta septiembre de 2019\",\"author\":{\"@id\":\"https:\\\/\\\/www.eldigitaldeasturias.com\\\/noticias\\\/author\\\/admin\\\/#author\"},\"publisher\":{\"@id\":\"https:\\\/\\\/www.eldigitaldeasturias.com\\\/noticias\\\/#organization\"},\"image\":{\"@type\":\"ImageObject\",\"url\":\"https:\\\/\\\/www.eldigitaldeasturias.com\\\/noticias\\\/wp-content\\\/uploads\\\/2018\\\/03\\\/candas.jpg\",\"width\":892,\"height\":552,\"caption\":\"Asturias\"},\"datePublished\":\"2019-11-01T15:15:24+01:00\",\"dateModified\":\"2019-11-01T15:15:24+01:00\",\"inLanguage\":\"es-ES\",\"mainEntityOfPage\":{\"@id\":\"https:\\\/\\\/www.eldigitaldeasturias.com\\\/noticias\\\/asturias-registra-19-millones-de-turistas-hasta-septiembre-de-2019\\\/#webpage\"},\"isPartOf\":{\"@id\":\"https:\\\/\\\/www.eldigitaldeasturias.com\\\/noticias\\\/asturias-registra-19-millones-de-turistas-hasta-septiembre-de-2019\\\/#webpage\"},\"articleSection\":\"Turismo\"},{\"@type\":\"BreadcrumbList\",\"@id\":\"https:\\\/\\\/www.eldigitaldeasturias.com\\\/noticias\\\/asturias-registra-19-millones-de-turistas-hasta-septiembre-de-2019\\\/#breadcrumblist\",\"itemListElement\":[{\"@type\":\"ListItem\",\"@id\":\"https:\\\/\\\/www.eldigitaldeasturias.com\\\/noticias#listItem\",\"position\":1,\"name\":\"Home\",\"item\":\"https:\\\/\\\/www.eldigitaldeasturias.com\\\/noticias\",\"nextItem\":{\"@type\":\"ListItem\",\"@id\":\"https:\\\/\\\/www.eldigitaldeasturias.com\\\/noticias\\\/category\\\/turismo\\\/#listItem\",\"name\":\"Turismo\"}},{\"@type\":\"ListItem\",\"@id\":\"https:\\\/\\\/www.eldigitaldeasturias.com\\\/noticias\\\/category\\\/turismo\\\/#listItem\",\"position\":2,\"name\":\"Turismo\",\"item\":\"https:\\\/\\\/www.eldigitaldeasturias.com\\\/noticias\\\/category\\\/turismo\\\/\",\"nextItem\":{\"@type\":\"ListItem\",\"@id\":\"https:\\\/\\\/www.eldigitaldeasturias.com\\\/noticias\\\/asturias-registra-19-millones-de-turistas-hasta-septiembre-de-2019\\\/#listItem\",\"name\":\"Asturias registra 1,9 millones de turistas hasta septiembre de 2019\"},\"previousItem\":{\"@type\":\"ListItem\",\"@id\":\"https:\\\/\\\/www.eldigitaldeasturias.com\\\/noticias#listItem\",\"name\":\"Home\"}},{\"@type\":\"ListItem\",\"@id\":\"https:\\\/\\\/www.eldigitaldeasturias.com\\\/noticias\\\/asturias-registra-19-millones-de-turistas-hasta-septiembre-de-2019\\\/#listItem\",\"position\":3,\"name\":\"Asturias registra 1,9 millones de turistas hasta septiembre de 2019\",\"previousItem\":{\"@type\":\"ListItem\",\"@id\":\"https:\\\/\\\/www.eldigitaldeasturias.com\\\/noticias\\\/category\\\/turismo\\\/#listItem\",\"name\":\"Turismo\"}}]},{\"@type\":\"Organization\",\"@id\":\"https:\\\/\\\/www.eldigitaldeasturias.com\\\/noticias\\\/#organization\",\"name\":\"El Digital de Asturias\",\"description\":\"Hemeroteca\",\"url\":\"https:\\\/\\\/www.eldigitaldeasturias.com\\\/noticias\\\/\",\"email\":\"info@eldigitaldeasturias.com\",\"telephone\":\"+34652131393\",\"logo\":{\"@type\":\"ImageObject\",\"url\":\"https:\\\/\\\/www.eldigitaldeasturias.com\\\/noticias\\\/wp-content\\\/uploads\\\/2020\\\/12\\\/EDA.jpg\",\"@id\":\"https:\\\/\\\/www.eldigitaldeasturias.com\\\/noticias\\\/asturias-registra-19-millones-de-turistas-hasta-septiembre-de-2019\\\/#organizationLogo\",\"width\":649,\"height\":297},\"image\":{\"@id\":\"https:\\\/\\\/www.eldigitaldeasturias.com\\\/noticias\\\/asturias-registra-19-millones-de-turistas-hasta-septiembre-de-2019\\\/#organizationLogo\"},\"sameAs\":[\"https:\\\/\\\/facebook.com\\\/eldigitaldeasturias\",\"https:\\\/\\\/www.youtube.com\\\/channel\\\/UCZP-2wLEB9Rv6erhFmqVnvg\"],\"address\":{\"@id\":\"https:\\\/\\\/www.eldigitaldeasturias.com\\\/noticias\\\/#postaladdress\",\"@type\":\"PostalAddress\",\"streetAddress\":\"san antonio 4,\",\"postalCode\":\"33430\",\"addressLocality\":\"Cand\\u00e1s\",\"addressRegion\":\"Asturias\",\"addressCountry\":\"ES\"}},{\"@type\":\"Person\",\"@id\":\"https:\\\/\\\/www.eldigitaldeasturias.com\\\/noticias\\\/author\\\/admin\\\/#author\",\"url\":\"https:\\\/\\\/www.eldigitaldeasturias.com\\\/noticias\\\/author\\\/admin\\\/\",\"name\":\"El Digital de Asturias\",\"image\":{\"@type\":\"ImageObject\",\"@id\":\"https:\\\/\\\/www.eldigitaldeasturias.com\\\/noticias\\\/asturias-registra-19-millones-de-turistas-hasta-septiembre-de-2019\\\/#authorImage\",\"url\":\"https:\\\/\\\/www.eldigitaldeasturias.com\\\/noticias\\\/wp-content\\\/litespeed\\\/avatar\\\/18677e78aa0546b92d9dbf31ec7d7668.jpg?ver=1777290358\",\"width\":96,\"height\":96,\"caption\":\"El Digital de Asturias\"}},{\"@type\":\"WebPage\",\"@id\":\"https:\\\/\\\/www.eldigitaldeasturias.com\\\/noticias\\\/asturias-registra-19-millones-de-turistas-hasta-septiembre-de-2019\\\/#webpage\",\"url\":\"https:\\\/\\\/www.eldigitaldeasturias.com\\\/noticias\\\/asturias-registra-19-millones-de-turistas-hasta-septiembre-de-2019\\\/\",\"name\":\"Asturias registra 1,9 millones de turistas hasta septiembre de 2019 - El Digital de Asturias\",\"description\":\"Los establecimientos tur\\u00edsticos asturianos alojaron durante los nueve primeros meses del a\\u00f1o a 1.9534.932 personas que generaron 4.932.995 estancias, seg\\u00fan los datos publicados por el Instituto Nacional de Estad\\u00edstica (INE). Se trata de las cifras m\\u00e1s elevadas registradas en Asturias para este per\\u00edodo. En concreto, el n\\u00famero de visitantes creci\\u00f3 un 2,4% y el de\",\"inLanguage\":\"es-ES\",\"isPartOf\":{\"@id\":\"https:\\\/\\\/www.eldigitaldeasturias.com\\\/noticias\\\/#website\"},\"breadcrumb\":{\"@id\":\"https:\\\/\\\/www.eldigitaldeasturias.com\\\/noticias\\\/asturias-registra-19-millones-de-turistas-hasta-septiembre-de-2019\\\/#breadcrumblist\"},\"author\":{\"@id\":\"https:\\\/\\\/www.eldigitaldeasturias.com\\\/noticias\\\/author\\\/admin\\\/#author\"},\"creator\":{\"@id\":\"https:\\\/\\\/www.eldigitaldeasturias.com\\\/noticias\\\/author\\\/admin\\\/#author\"},\"image\":{\"@type\":\"ImageObject\",\"url\":\"https:\\\/\\\/www.eldigitaldeasturias.com\\\/noticias\\\/wp-content\\\/uploads\\\/2018\\\/03\\\/candas.jpg\",\"@id\":\"https:\\\/\\\/www.eldigitaldeasturias.com\\\/noticias\\\/asturias-registra-19-millones-de-turistas-hasta-septiembre-de-2019\\\/#mainImage\",\"width\":892,\"height\":552,\"caption\":\"Asturias\"},\"primaryImageOfPage\":{\"@id\":\"https:\\\/\\\/www.eldigitaldeasturias.com\\\/noticias\\\/asturias-registra-19-millones-de-turistas-hasta-septiembre-de-2019\\\/#mainImage\"},\"datePublished\":\"2019-11-01T15:15:24+01:00\",\"dateModified\":\"2019-11-01T15:15:24+01:00\"},{\"@type\":\"WebSite\",\"@id\":\"https:\\\/\\\/www.eldigitaldeasturias.com\\\/noticias\\\/#website\",\"url\":\"https:\\\/\\\/www.eldigitaldeasturias.com\\\/noticias\\\/\",\"name\":\"El Digital de Asturias - Diario de actualidad y noticias\",\"alternateName\":\"El Digital de Asturias - Diario de actualidad y noticias\",\"description\":\"Hemeroteca\",\"inLanguage\":\"es-ES\",\"publisher\":{\"@id\":\"https:\\\/\\\/www.eldigitaldeasturias.com\\\/noticias\\\/#organization\"}}]}\n\t\t<\/script>\n\t\t<!-- All in One SEO Pro -->\r\n\t\t<title>Asturias registra 1,9 millones de turistas hasta septiembre de 2019 - El Digital de Asturias<\/title>\n\n","aioseo_head_json":{"title":"Asturias registra 1,9 millones de turistas hasta septiembre de 2019 - El Digital de Asturias","description":"Los establecimientos tur\u00edsticos asturianos alojaron durante los nueve primeros meses del a\u00f1o a 1.9534.932 personas que generaron 4.932.995 estancias, seg\u00fan los datos publicados por el Instituto Nacional de Estad\u00edstica (INE). Se trata de las cifras m\u00e1s elevadas registradas en Asturias para este per\u00edodo. En concreto, el n\u00famero de visitantes creci\u00f3 un 2,4% y el de","canonical_url":"https:\/\/www.eldigitaldeasturias.com\/noticias\/asturias-registra-19-millones-de-turistas-hasta-septiembre-de-2019\/","robots":"max-image-preview:large","keywords":"turismo","webmasterTools":{"google-site-verification":"UA-38556648-1","msvalidate.01":"7dfe9f3f1b24437ab69f4f2559babe99","miscellaneous":""},"schema":{"@context":"https:\/\/schema.org","@graph":[{"@type":"BlogPosting","@id":"https:\/\/www.eldigitaldeasturias.com\/noticias\/asturias-registra-19-millones-de-turistas-hasta-septiembre-de-2019\/#blogposting","name":"Asturias registra 1,9 millones de turistas hasta septiembre de 2019 - El Digital de Asturias","headline":"Asturias registra 1,9 millones de turistas hasta septiembre de 2019","author":{"@id":"https:\/\/www.eldigitaldeasturias.com\/noticias\/author\/admin\/#author"},"publisher":{"@id":"https:\/\/www.eldigitaldeasturias.com\/noticias\/#organization"},"image":{"@type":"ImageObject","url":"https:\/\/www.eldigitaldeasturias.com\/noticias\/wp-content\/uploads\/2018\/03\/candas.jpg","width":892,"height":552,"caption":"Asturias"},"datePublished":"2019-11-01T15:15:24+01:00","dateModified":"2019-11-01T15:15:24+01:00","inLanguage":"es-ES","mainEntityOfPage":{"@id":"https:\/\/www.eldigitaldeasturias.com\/noticias\/asturias-registra-19-millones-de-turistas-hasta-septiembre-de-2019\/#webpage"},"isPartOf":{"@id":"https:\/\/www.eldigitaldeasturias.com\/noticias\/asturias-registra-19-millones-de-turistas-hasta-septiembre-de-2019\/#webpage"},"articleSection":"Turismo"},{"@type":"BreadcrumbList","@id":"https:\/\/www.eldigitaldeasturias.com\/noticias\/asturias-registra-19-millones-de-turistas-hasta-septiembre-de-2019\/#breadcrumblist","itemListElement":[{"@type":"ListItem","@id":"https:\/\/www.eldigitaldeasturias.com\/noticias#listItem","position":1,"name":"Home","item":"https:\/\/www.eldigitaldeasturias.com\/noticias","nextItem":{"@type":"ListItem","@id":"https:\/\/www.eldigitaldeasturias.com\/noticias\/category\/turismo\/#listItem","name":"Turismo"}},{"@type":"ListItem","@id":"https:\/\/www.eldigitaldeasturias.com\/noticias\/category\/turismo\/#listItem","position":2,"name":"Turismo","item":"https:\/\/www.eldigitaldeasturias.com\/noticias\/category\/turismo\/","nextItem":{"@type":"ListItem","@id":"https:\/\/www.eldigitaldeasturias.com\/noticias\/asturias-registra-19-millones-de-turistas-hasta-septiembre-de-2019\/#listItem","name":"Asturias registra 1,9 millones de turistas hasta septiembre de 2019"},"previousItem":{"@type":"ListItem","@id":"https:\/\/www.eldigitaldeasturias.com\/noticias#listItem","name":"Home"}},{"@type":"ListItem","@id":"https:\/\/www.eldigitaldeasturias.com\/noticias\/asturias-registra-19-millones-de-turistas-hasta-septiembre-de-2019\/#listItem","position":3,"name":"Asturias registra 1,9 millones de turistas hasta septiembre de 2019","previousItem":{"@type":"ListItem","@id":"https:\/\/www.eldigitaldeasturias.com\/noticias\/category\/turismo\/#listItem","name":"Turismo"}}]},{"@type":"Organization","@id":"https:\/\/www.eldigitaldeasturias.com\/noticias\/#organization","name":"El Digital de Asturias","description":"Hemeroteca","url":"https:\/\/www.eldigitaldeasturias.com\/noticias\/","email":"info@eldigitaldeasturias.com","telephone":"+34652131393","logo":{"@type":"ImageObject","url":"https:\/\/www.eldigitaldeasturias.com\/noticias\/wp-content\/uploads\/2020\/12\/EDA.jpg","@id":"https:\/\/www.eldigitaldeasturias.com\/noticias\/asturias-registra-19-millones-de-turistas-hasta-septiembre-de-2019\/#organizationLogo","width":649,"height":297},"image":{"@id":"https:\/\/www.eldigitaldeasturias.com\/noticias\/asturias-registra-19-millones-de-turistas-hasta-septiembre-de-2019\/#organizationLogo"},"sameAs":["https:\/\/facebook.com\/eldigitaldeasturias","https:\/\/www.youtube.com\/channel\/UCZP-2wLEB9Rv6erhFmqVnvg"],"address":{"@id":"https:\/\/www.eldigitaldeasturias.com\/noticias\/#postaladdress","@type":"PostalAddress","streetAddress":"san antonio 4,","postalCode":"33430","addressLocality":"Cand\u00e1s","addressRegion":"Asturias","addressCountry":"ES"}},{"@type":"Person","@id":"https:\/\/www.eldigitaldeasturias.com\/noticias\/author\/admin\/#author","url":"https:\/\/www.eldigitaldeasturias.com\/noticias\/author\/admin\/","name":"El Digital de Asturias","image":{"@type":"ImageObject","@id":"https:\/\/www.eldigitaldeasturias.com\/noticias\/asturias-registra-19-millones-de-turistas-hasta-septiembre-de-2019\/#authorImage","url":"https:\/\/www.eldigitaldeasturias.com\/noticias\/wp-content\/litespeed\/avatar\/18677e78aa0546b92d9dbf31ec7d7668.jpg?ver=1777290358","width":96,"height":96,"caption":"El Digital de Asturias"}},{"@type":"WebPage","@id":"https:\/\/www.eldigitaldeasturias.com\/noticias\/asturias-registra-19-millones-de-turistas-hasta-septiembre-de-2019\/#webpage","url":"https:\/\/www.eldigitaldeasturias.com\/noticias\/asturias-registra-19-millones-de-turistas-hasta-septiembre-de-2019\/","name":"Asturias registra 1,9 millones de turistas hasta septiembre de 2019 - El Digital de Asturias","description":"Los establecimientos tur\u00edsticos asturianos alojaron durante los nueve primeros meses del a\u00f1o a 1.9534.932 personas que generaron 4.932.995 estancias, seg\u00fan los datos publicados por el Instituto Nacional de Estad\u00edstica (INE). Se trata de las cifras m\u00e1s elevadas registradas en Asturias para este per\u00edodo. En concreto, el n\u00famero de visitantes creci\u00f3 un 2,4% y el de","inLanguage":"es-ES","isPartOf":{"@id":"https:\/\/www.eldigitaldeasturias.com\/noticias\/#website"},"breadcrumb":{"@id":"https:\/\/www.eldigitaldeasturias.com\/noticias\/asturias-registra-19-millones-de-turistas-hasta-septiembre-de-2019\/#breadcrumblist"},"author":{"@id":"https:\/\/www.eldigitaldeasturias.com\/noticias\/author\/admin\/#author"},"creator":{"@id":"https:\/\/www.eldigitaldeasturias.com\/noticias\/author\/admin\/#author"},"image":{"@type":"ImageObject","url":"https:\/\/www.eldigitaldeasturias.com\/noticias\/wp-content\/uploads\/2018\/03\/candas.jpg","@id":"https:\/\/www.eldigitaldeasturias.com\/noticias\/asturias-registra-19-millones-de-turistas-hasta-septiembre-de-2019\/#mainImage","width":892,"height":552,"caption":"Asturias"},"primaryImageOfPage":{"@id":"https:\/\/www.eldigitaldeasturias.com\/noticias\/asturias-registra-19-millones-de-turistas-hasta-septiembre-de-2019\/#mainImage"},"datePublished":"2019-11-01T15:15:24+01:00","dateModified":"2019-11-01T15:15:24+01:00"},{"@type":"WebSite","@id":"https:\/\/www.eldigitaldeasturias.com\/noticias\/#website","url":"https:\/\/www.eldigitaldeasturias.com\/noticias\/","name":"El Digital de Asturias - Diario de actualidad y noticias","alternateName":"El Digital de Asturias - Diario de actualidad y noticias","description":"Hemeroteca","inLanguage":"es-ES","publisher":{"@id":"https:\/\/www.eldigitaldeasturias.com\/noticias\/#organization"}}]},"og:locale":"es_ES","og:site_name":"El Digital de Asturias","og:type":"article","og:title":"Asturias registra 1,9 millones de turistas hasta septiembre de 2019 - El Digital de Asturias","og:description":"Los establecimientos tur\u00edsticos asturianos alojaron durante los nueve primeros meses del a\u00f1o a 1.9534.932 personas que generaron 4.932.995 estancias, seg\u00fan los datos publicados por el Instituto Nacional de Estad\u00edstica (INE). Se trata de las cifras m\u00e1s elevadas registradas en Asturias para este per\u00edodo. En concreto, el n\u00famero de visitantes creci\u00f3 un 2,4% y el de","og:url":"https:\/\/www.eldigitaldeasturias.com\/noticias\/asturias-registra-19-millones-de-turistas-hasta-septiembre-de-2019\/","og:image":"https:\/\/www.eldigitaldeasturias.com\/noticias\/wp-content\/uploads\/2018\/03\/candas.jpg","og:image:secure_url":"https:\/\/www.eldigitaldeasturias.com\/noticias\/wp-content\/uploads\/2018\/03\/candas.jpg","og:image:width":892,"og:image:height":552,"article:tag":["turismo"],"article:published_time":"2019-11-01T15:15:24+00:00","article:modified_time":"2019-11-01T15:15:24+00:00","article:publisher":"https:\/\/facebook.com\/eldigitaldeasturias","twitter:card":"summary_large_image","twitter:title":"Asturias registra 1,9 millones de turistas hasta septiembre de 2019 - El Digital de Asturias","twitter:description":"Los establecimientos tur\u00edsticos asturianos alojaron durante los nueve primeros meses del a\u00f1o a 1.9534.932 personas que generaron 4.932.995 estancias, seg\u00fan los datos publicados por el Instituto Nacional de Estad\u00edstica (INE). Se trata de las cifras m\u00e1s elevadas registradas en Asturias para este per\u00edodo. En concreto, el n\u00famero de visitantes creci\u00f3 un 2,4% y el de","twitter:image":"https:\/\/www.eldigitaldeasturias.com\/noticias\/wp-content\/uploads\/2018\/03\/candas.jpg","twitter:label1":"Escrito por","twitter:data1":"El Digital de Asturias","twitter:label2":"Tiempo de lectura estimado","twitter:data2":"1 minuto"},"aioseo_meta_data":{"post_id":"1046025","title":null,"description":null,"keywords":null,"keyphrases":null,"primary_term":null,"canonical_url":null,"og_title":null,"og_description":null,"og_object_type":"default","og_image_type":"default","og_image_url":null,"og_image_width":null,"og_image_height":null,"og_image_custom_url":null,"og_image_custom_fields":null,"og_video":null,"og_custom_url":null,"og_article_section":null,"og_article_tags":null,"twitter_use_og":false,"twitter_card":"default","twitter_image_type":"default","twitter_image_url":null,"twitter_image_custom_url":null,"twitter_image_custom_fields":null,"twitter_title":null,"twitter_description":null,"schema":{"blockGraphs":[],"customGraphs":[],"default":{"data":{"Article":[],"Course":[],"Dataset":[],"FAQPage":[],"Movie":[],"Person":[],"Product":[],"ProductReview":[],"Car":[],"Recipe":[],"Service":[],"SoftwareApplication":[],"WebPage":[]},"graphName":"","isEnabled":true},"graphs":[],"defaultGraph":"","defaultPostTypeGraph":""},"schema_type":null,"schema_type_options":null,"pillar_content":false,"robots_default":true,"robots_noindex":false,"robots_noarchive":false,"robots_nosnippet":false,"robots_nofollow":false,"robots_noimageindex":false,"robots_noodp":false,"robots_notranslate":false,"robots_max_snippet":null,"robots_max_videopreview":null,"robots_max_imagepreview":"large","priority":null,"frequency":null,"local_seo":null,"seo_analyzer_scan_date":"2025-10-24 08:46:08","breadcrumb_settings":null,"limit_modified_date":false,"open_ai":null,"ai":null,"created":"2020-12-21 11:00:44","updated":"2025-10-24 08:46:08"},"aioseo_breadcrumb":"<div class=\"aioseo-breadcrumbs\"><span class=\"aioseo-breadcrumb\">\n\t<a href=\"https:\/\/www.eldigitaldeasturias.com\/noticias\" title=\"Home\">Home<\/a>\n<\/span><span class=\"aioseo-breadcrumb-separator\">\u2013<\/span><span class=\"aioseo-breadcrumb\">\n\t<a href=\"https:\/\/www.eldigitaldeasturias.com\/noticias\/category\/turismo\/\" title=\"Turismo\">Turismo<\/a>\n<\/span><span class=\"aioseo-breadcrumb-separator\">\u2013<\/span><span class=\"aioseo-breadcrumb\">\n\t<a href=\"https:\/\/www.eldigitaldeasturias.com\/noticias\/asturias-registra-19-millones-de-turistas-hasta-septiembre-de-2019\/\" title=\"Asturias registra 1,9 millones de turistas hasta septiembre de 2019\">Asturias registra 1,9 millones de turistas hasta septiembre de 2019<\/a>\n<\/span><\/div>","aioseo_breadcrumb_json":[{"label":"Home","link":"https:\/\/www.eldigitaldeasturias.com\/noticias"},{"label":"Turismo","link":"https:\/\/www.eldigitaldeasturias.com\/noticias\/category\/turismo\/"},{"label":"Asturias registra 1,9 millones de turistas hasta septiembre de 2019","link":"https:\/\/www.eldigitaldeasturias.com\/noticias\/asturias-registra-19-millones-de-turistas-hasta-septiembre-de-2019\/"}],"_links":{"self":[{"href":"https:\/\/www.eldigitaldeasturias.com\/noticias\/wp-json\/wp\/v2\/posts\/1046025","targetHints":{"allow":["GET"]}}],"collection":[{"href":"https:\/\/www.eldigitaldeasturias.com\/noticias\/wp-json\/wp\/v2\/posts"}],"about":[{"href":"https:\/\/www.eldigitaldeasturias.com\/noticias\/wp-json\/wp\/v2\/types\/post"}],"author":[{"embeddable":true,"href":"https:\/\/www.eldigitaldeasturias.com\/noticias\/wp-json\/wp\/v2\/users\/1"}],"replies":[{"embeddable":true,"href":"https:\/\/www.eldigitaldeasturias.com\/noticias\/wp-json\/wp\/v2\/comments?post=1046025"}],"version-history":[{"count":0,"href":"https:\/\/www.eldigitaldeasturias.com\/noticias\/wp-json\/wp\/v2\/posts\/1046025\/revisions"}],"wp:featuredmedia":[{"embeddable":true,"href":"https:\/\/www.eldigitaldeasturias.com\/noticias\/wp-json\/wp\/v2\/media\/973871"}],"wp:attachment":[{"href":"https:\/\/www.eldigitaldeasturias.com\/noticias\/wp-json\/wp\/v2\/media?parent=1046025"}],"wp:term":[{"taxonomy":"category","embeddable":true,"href":"https:\/\/www.eldigitaldeasturias.com\/noticias\/wp-json\/wp\/v2\/categories?post=1046025"},{"taxonomy":"post_tag","embeddable":true,"href":"https:\/\/www.eldigitaldeasturias.com\/noticias\/wp-json\/wp\/v2\/tags?post=1046025"}],"curies":[{"name":"wp","href":"https:\/\/api.w.org\/{rel}","templated":true}]}}