{"id":1045636,"date":"2019-10-28T21:36:42","date_gmt":"2019-10-28T21:36:42","guid":{"rendered":"https:\/\/www.eldigitaldeasturias.com\/noticias\/?p=1045636"},"modified":"2019-10-28T21:36:42","modified_gmt":"2019-10-28T21:36:42","slug":"nuevo-aeropuerto-para-ir-a-esquiar-a-suecia-y-noruega","status":"publish","type":"post","link":"https:\/\/www.eldigitaldeasturias.com\/noticias\/nuevo-aeropuerto-para-ir-a-esquiar-a-suecia-y-noruega\/","title":{"rendered":"Nuevo aeropuerto para ir a esquiar a Suecia y Noruega"},"content":{"rendered":"<figure id=\"attachment_1045637\" aria-describedby=\"caption-attachment-1045637\" style=\"width: 360px\" class=\"wp-caption alignleft\"><img loading=\"lazy\" decoding=\"async\" class=\"size-medium wp-image-1045637\" src=\"https:\/\/www.eldigitaldeasturias.com\/noticias\/wp-content\/uploads\/2019\/10\/zona-de-esqui-sueca-Sale-360x245.jpg\" alt=\"\" width=\"360\" height=\"245\" srcset=\"https:\/\/www.eldigitaldeasturias.com\/noticias\/wp-content\/uploads\/2019\/10\/zona-de-esqui-sueca-Sale-360x245.jpg 360w, https:\/\/www.eldigitaldeasturias.com\/noticias\/wp-content\/uploads\/2019\/10\/zona-de-esqui-sueca-Sale-441x300.jpg 441w, https:\/\/www.eldigitaldeasturias.com\/noticias\/wp-content\/uploads\/2019\/10\/zona-de-esqui-sueca-Sale-768x523.jpg 768w, https:\/\/www.eldigitaldeasturias.com\/noticias\/wp-content\/uploads\/2019\/10\/zona-de-esqui-sueca-Sale-690x470.jpg 690w, https:\/\/www.eldigitaldeasturias.com\/noticias\/wp-content\/uploads\/2019\/10\/zona-de-esqui-sueca-Sale-20x14.jpg 20w, https:\/\/www.eldigitaldeasturias.com\/noticias\/wp-content\/uploads\/2019\/10\/zona-de-esqui-sueca-Sale.jpg 968w\" sizes=\"auto, (max-width: 360px) 100vw, 360px\" \/><figcaption id=\"caption-attachment-1045637\" class=\"wp-caption-text\">En la zona de esqu\u00ed sueca S\u00e4len los hu\u00e9spedes pueden ir hasta el hotel en un trineo tirado por perros. Foto: PeakPoint Adventure\/dpa-tmn<\/figcaption><\/figure>\n<p>(dpa) &#8211; Los amantes de los <strong>deportes de invierno podr\u00e1n llegar en avi\u00f3n a la estaci\u00f3n de esqu\u00ed de S\u00e4len<\/strong>, en el condado sueco de Dalarna, a partir del 22 de diciembre, cuando el aeropuerto de S\u00e4len Trysil entre en funcionamiento, seg\u00fan anuncia la oficina de turismo gubernamental Visit Sweden.<\/p>\n<p>La nueva infraestructura <strong>facilitar\u00e1 los accesos a las \u00e1reas esquiables de S\u00e4len, Idre y Kl\u00e4ppen<\/strong>, en el centro-oeste del pa\u00eds, y a la vecina regi\u00f3n noruega de Trysil, al otro lado de la frontera.<\/p>\n<p>El aeropuerto tiene previsto ofrecer a los pasajeros que aterricen en S\u00e4len una experiencia especial: en lugar de un autob\u00fas de conexi\u00f3n con sus hoteles, los hu\u00e9spedes podr\u00e1n desplazarse en un trineo tirado por perros.<\/p>\n<p>El trayecto tendr\u00e1 una duraci\u00f3n de entre 45 y 60 minutos y el precio del recorrido ser\u00e1 de unos 460 euros (unos 511 d\u00f3lares) para cuatro personas, que es la capacidad de cada trineo.<\/p>\n<p>El nuevo aeropuerto, cuyo c\u00f3digo de identificaci\u00f3n de IATA es SCR, tambi\u00e9n es denominado <strong>Scandinavian Mountains Airport y<\/strong> ser\u00e1 accesible haciendo escala en algunos de los principales aeropuertos escandinavos, como Copenhague o Estocolmo. Los vuelos ya se pueden reservar.<\/p>\n<p>Seg\u00fan Visit Sweden, <strong>S\u00e4len y sus alrededores representan la zona de esqu\u00ed alpino y snowboard m\u00e1s grande del pa\u00eds<\/strong>. La regi\u00f3n cuenta con 254 pistas, 157 remontes y una capacidad de alojamiento para 100.000 personas.<\/p>\n<p>&nbsp;<\/p>\n","protected":false},"excerpt":{"rendered":"<p>(dpa) &#8211; Los amantes de los deportes de invierno podr\u00e1n llegar en avi\u00f3n a la estaci\u00f3n de esqu\u00ed de S\u00e4len, en el condado sueco de Dalarna, a partir del 22 de diciembre, cuando el aeropuerto de S\u00e4len Trysil entre en funcionamiento, seg\u00fan anuncia la oficina de turismo gubernamental Visit Sweden. La nueva infraestructura facilitar\u00e1 los [&hellip;]<\/p>\n","protected":false},"author":1,"featured_media":1045637,"comment_status":"closed","ping_status":"closed","sticky":false,"template":"","format":"standard","meta":{"footnotes":""},"categories":[148],"tags":[],"class_list":["post-1045636","post","type-post","status-publish","format-standard","has-post-thumbnail","hentry","category-turismo"],"aioseo_notices":[],"aioseo_head":"\n\t\t<!-- All in One SEO Pro 4.9.6.2 - aioseo.com -->\n\t<meta name=\"description\" content=\"(dpa) - Los amantes de los deportes de invierno podr\u00e1n llegar en avi\u00f3n a la estaci\u00f3n de esqu\u00ed de S\u00e4len, en el condado sueco de Dalarna, a partir del 22 de diciembre, cuando el aeropuerto de S\u00e4len Trysil entre en funcionamiento, seg\u00fan anuncia la oficina de turismo gubernamental Visit Sweden. La nueva infraestructura facilitar\u00e1 los\" \/>\n\t<meta name=\"robots\" content=\"max-image-preview:large\" \/>\n\t<meta name=\"author\" content=\"El Digital de Asturias\"\/>\n\t<meta name=\"google-site-verification\" content=\"UA-38556648-1\" \/>\n\t<meta name=\"msvalidate.01\" content=\"7dfe9f3f1b24437ab69f4f2559babe99\" \/>\n\t<meta name=\"keywords\" content=\"turismo\" \/>\n\t<link rel=\"canonical\" href=\"https:\/\/www.eldigitaldeasturias.com\/noticias\/nuevo-aeropuerto-para-ir-a-esquiar-a-suecia-y-noruega\/\" \/>\n\t<meta name=\"generator\" content=\"All in One SEO Pro (AIOSEO) 4.9.6.2\" \/>\n\t\t<meta property=\"og:locale\" content=\"es_ES\" \/>\n\t\t<meta property=\"og:site_name\" content=\"El Digital de Asturias\" \/>\n\t\t<meta property=\"og:type\" content=\"article\" \/>\n\t\t<meta property=\"og:title\" content=\"Nuevo aeropuerto para ir a esquiar a Suecia y Noruega - El Digital de Asturias\" \/>\n\t\t<meta property=\"og:description\" content=\"(dpa) - Los amantes de los deportes de invierno podr\u00e1n llegar en avi\u00f3n a la estaci\u00f3n de esqu\u00ed de S\u00e4len, en el condado sueco de Dalarna, a partir del 22 de diciembre, cuando el aeropuerto de S\u00e4len Trysil entre en funcionamiento, seg\u00fan anuncia la oficina de turismo gubernamental Visit Sweden. La nueva infraestructura facilitar\u00e1 los\" \/>\n\t\t<meta property=\"og:url\" content=\"https:\/\/www.eldigitaldeasturias.com\/noticias\/nuevo-aeropuerto-para-ir-a-esquiar-a-suecia-y-noruega\/\" \/>\n\t\t<meta property=\"og:image\" content=\"https:\/\/www.eldigitaldeasturias.com\/noticias\/wp-content\/uploads\/2019\/10\/zona-de-esqui-sueca-Sale.jpg\" \/>\n\t\t<meta property=\"og:image:secure_url\" content=\"https:\/\/www.eldigitaldeasturias.com\/noticias\/wp-content\/uploads\/2019\/10\/zona-de-esqui-sueca-Sale.jpg\" \/>\n\t\t<meta property=\"og:image:width\" content=\"968\" \/>\n\t\t<meta property=\"og:image:height\" content=\"659\" \/>\n\t\t<meta property=\"article:tag\" content=\"turismo\" \/>\n\t\t<meta property=\"article:published_time\" content=\"2019-10-28T21:36:42+00:00\" \/>\n\t\t<meta property=\"article:modified_time\" content=\"2019-10-28T21:36:42+00:00\" \/>\n\t\t<meta property=\"article:publisher\" content=\"https:\/\/facebook.com\/eldigitaldeasturias\" \/>\n\t\t<meta name=\"twitter:card\" content=\"summary_large_image\" \/>\n\t\t<meta name=\"twitter:title\" content=\"Nuevo aeropuerto para ir a esquiar a Suecia y Noruega - El Digital de Asturias\" \/>\n\t\t<meta name=\"twitter:description\" content=\"(dpa) - Los amantes de los deportes de invierno podr\u00e1n llegar en avi\u00f3n a la estaci\u00f3n de esqu\u00ed de S\u00e4len, en el condado sueco de Dalarna, a partir del 22 de diciembre, cuando el aeropuerto de S\u00e4len Trysil entre en funcionamiento, seg\u00fan anuncia la oficina de turismo gubernamental Visit Sweden. La nueva infraestructura facilitar\u00e1 los\" \/>\n\t\t<meta name=\"twitter:image\" content=\"https:\/\/www.eldigitaldeasturias.com\/noticias\/wp-content\/uploads\/2019\/10\/zona-de-esqui-sueca-Sale.jpg\" \/>\n\t\t<meta name=\"twitter:label1\" content=\"Escrito por\" \/>\n\t\t<meta name=\"twitter:data1\" content=\"El Digital de Asturias\" \/>\n\t\t<meta name=\"twitter:label2\" content=\"Tiempo de lectura estimado\" \/>\n\t\t<meta name=\"twitter:data2\" content=\"1 minuto\" \/>\n\t\t<script type=\"application\/ld+json\" class=\"aioseo-schema\">\n\t\t\t{\"@context\":\"https:\\\/\\\/schema.org\",\"@graph\":[{\"@type\":\"BlogPosting\",\"@id\":\"https:\\\/\\\/www.eldigitaldeasturias.com\\\/noticias\\\/nuevo-aeropuerto-para-ir-a-esquiar-a-suecia-y-noruega\\\/#blogposting\",\"name\":\"Nuevo aeropuerto para ir a esquiar a Suecia y Noruega - El Digital de Asturias\",\"headline\":\"Nuevo aeropuerto para ir a esquiar a Suecia y Noruega\",\"author\":{\"@id\":\"https:\\\/\\\/www.eldigitaldeasturias.com\\\/noticias\\\/author\\\/admin\\\/#author\"},\"publisher\":{\"@id\":\"https:\\\/\\\/www.eldigitaldeasturias.com\\\/noticias\\\/#organization\"},\"image\":{\"@type\":\"ImageObject\",\"url\":\"https:\\\/\\\/www.eldigitaldeasturias.com\\\/noticias\\\/wp-content\\\/uploads\\\/2019\\\/10\\\/zona-de-esqui-sueca-Sale.jpg\",\"width\":968,\"height\":659,\"caption\":\"En la zona de esqu\\u00ed sueca S\\u00e4len los hu\\u00e9spedes pueden ir hasta el hotel en un trineo tirado por perros. Foto: PeakPoint Adventure\\\/dpa-tmn\"},\"datePublished\":\"2019-10-28T21:36:42+01:00\",\"dateModified\":\"2019-10-28T21:36:42+01:00\",\"inLanguage\":\"es-ES\",\"mainEntityOfPage\":{\"@id\":\"https:\\\/\\\/www.eldigitaldeasturias.com\\\/noticias\\\/nuevo-aeropuerto-para-ir-a-esquiar-a-suecia-y-noruega\\\/#webpage\"},\"isPartOf\":{\"@id\":\"https:\\\/\\\/www.eldigitaldeasturias.com\\\/noticias\\\/nuevo-aeropuerto-para-ir-a-esquiar-a-suecia-y-noruega\\\/#webpage\"},\"articleSection\":\"Turismo\"},{\"@type\":\"BreadcrumbList\",\"@id\":\"https:\\\/\\\/www.eldigitaldeasturias.com\\\/noticias\\\/nuevo-aeropuerto-para-ir-a-esquiar-a-suecia-y-noruega\\\/#breadcrumblist\",\"itemListElement\":[{\"@type\":\"ListItem\",\"@id\":\"https:\\\/\\\/www.eldigitaldeasturias.com\\\/noticias#listItem\",\"position\":1,\"name\":\"Home\",\"item\":\"https:\\\/\\\/www.eldigitaldeasturias.com\\\/noticias\",\"nextItem\":{\"@type\":\"ListItem\",\"@id\":\"https:\\\/\\\/www.eldigitaldeasturias.com\\\/noticias\\\/category\\\/turismo\\\/#listItem\",\"name\":\"Turismo\"}},{\"@type\":\"ListItem\",\"@id\":\"https:\\\/\\\/www.eldigitaldeasturias.com\\\/noticias\\\/category\\\/turismo\\\/#listItem\",\"position\":2,\"name\":\"Turismo\",\"item\":\"https:\\\/\\\/www.eldigitaldeasturias.com\\\/noticias\\\/category\\\/turismo\\\/\",\"nextItem\":{\"@type\":\"ListItem\",\"@id\":\"https:\\\/\\\/www.eldigitaldeasturias.com\\\/noticias\\\/nuevo-aeropuerto-para-ir-a-esquiar-a-suecia-y-noruega\\\/#listItem\",\"name\":\"Nuevo aeropuerto para ir a esquiar a Suecia y Noruega\"},\"previousItem\":{\"@type\":\"ListItem\",\"@id\":\"https:\\\/\\\/www.eldigitaldeasturias.com\\\/noticias#listItem\",\"name\":\"Home\"}},{\"@type\":\"ListItem\",\"@id\":\"https:\\\/\\\/www.eldigitaldeasturias.com\\\/noticias\\\/nuevo-aeropuerto-para-ir-a-esquiar-a-suecia-y-noruega\\\/#listItem\",\"position\":3,\"name\":\"Nuevo aeropuerto para ir a esquiar a Suecia y Noruega\",\"previousItem\":{\"@type\":\"ListItem\",\"@id\":\"https:\\\/\\\/www.eldigitaldeasturias.com\\\/noticias\\\/category\\\/turismo\\\/#listItem\",\"name\":\"Turismo\"}}]},{\"@type\":\"Organization\",\"@id\":\"https:\\\/\\\/www.eldigitaldeasturias.com\\\/noticias\\\/#organization\",\"name\":\"El Digital de Asturias\",\"description\":\"Hemeroteca\",\"url\":\"https:\\\/\\\/www.eldigitaldeasturias.com\\\/noticias\\\/\",\"email\":\"info@eldigitaldeasturias.com\",\"telephone\":\"+34652131393\",\"logo\":{\"@type\":\"ImageObject\",\"url\":\"https:\\\/\\\/www.eldigitaldeasturias.com\\\/noticias\\\/wp-content\\\/uploads\\\/2020\\\/12\\\/EDA.jpg\",\"@id\":\"https:\\\/\\\/www.eldigitaldeasturias.com\\\/noticias\\\/nuevo-aeropuerto-para-ir-a-esquiar-a-suecia-y-noruega\\\/#organizationLogo\",\"width\":649,\"height\":297},\"image\":{\"@id\":\"https:\\\/\\\/www.eldigitaldeasturias.com\\\/noticias\\\/nuevo-aeropuerto-para-ir-a-esquiar-a-suecia-y-noruega\\\/#organizationLogo\"},\"sameAs\":[\"https:\\\/\\\/facebook.com\\\/eldigitaldeasturias\",\"https:\\\/\\\/www.youtube.com\\\/channel\\\/UCZP-2wLEB9Rv6erhFmqVnvg\"],\"address\":{\"@id\":\"https:\\\/\\\/www.eldigitaldeasturias.com\\\/noticias\\\/#postaladdress\",\"@type\":\"PostalAddress\",\"streetAddress\":\"san antonio 4,\",\"postalCode\":\"33430\",\"addressLocality\":\"Cand\\u00e1s\",\"addressRegion\":\"Asturias\",\"addressCountry\":\"ES\"}},{\"@type\":\"Person\",\"@id\":\"https:\\\/\\\/www.eldigitaldeasturias.com\\\/noticias\\\/author\\\/admin\\\/#author\",\"url\":\"https:\\\/\\\/www.eldigitaldeasturias.com\\\/noticias\\\/author\\\/admin\\\/\",\"name\":\"El Digital de Asturias\",\"image\":{\"@type\":\"ImageObject\",\"@id\":\"https:\\\/\\\/www.eldigitaldeasturias.com\\\/noticias\\\/nuevo-aeropuerto-para-ir-a-esquiar-a-suecia-y-noruega\\\/#authorImage\",\"url\":\"https:\\\/\\\/www.eldigitaldeasturias.com\\\/noticias\\\/wp-content\\\/litespeed\\\/avatar\\\/18677e78aa0546b92d9dbf31ec7d7668.jpg?ver=1777290358\",\"width\":96,\"height\":96,\"caption\":\"El Digital de Asturias\"}},{\"@type\":\"WebPage\",\"@id\":\"https:\\\/\\\/www.eldigitaldeasturias.com\\\/noticias\\\/nuevo-aeropuerto-para-ir-a-esquiar-a-suecia-y-noruega\\\/#webpage\",\"url\":\"https:\\\/\\\/www.eldigitaldeasturias.com\\\/noticias\\\/nuevo-aeropuerto-para-ir-a-esquiar-a-suecia-y-noruega\\\/\",\"name\":\"Nuevo aeropuerto para ir a esquiar a Suecia y Noruega - El Digital de Asturias\",\"description\":\"(dpa) - Los amantes de los deportes de invierno podr\\u00e1n llegar en avi\\u00f3n a la estaci\\u00f3n de esqu\\u00ed de S\\u00e4len, en el condado sueco de Dalarna, a partir del 22 de diciembre, cuando el aeropuerto de S\\u00e4len Trysil entre en funcionamiento, seg\\u00fan anuncia la oficina de turismo gubernamental Visit Sweden. La nueva infraestructura facilitar\\u00e1 los\",\"inLanguage\":\"es-ES\",\"isPartOf\":{\"@id\":\"https:\\\/\\\/www.eldigitaldeasturias.com\\\/noticias\\\/#website\"},\"breadcrumb\":{\"@id\":\"https:\\\/\\\/www.eldigitaldeasturias.com\\\/noticias\\\/nuevo-aeropuerto-para-ir-a-esquiar-a-suecia-y-noruega\\\/#breadcrumblist\"},\"author\":{\"@id\":\"https:\\\/\\\/www.eldigitaldeasturias.com\\\/noticias\\\/author\\\/admin\\\/#author\"},\"creator\":{\"@id\":\"https:\\\/\\\/www.eldigitaldeasturias.com\\\/noticias\\\/author\\\/admin\\\/#author\"},\"image\":{\"@type\":\"ImageObject\",\"url\":\"https:\\\/\\\/www.eldigitaldeasturias.com\\\/noticias\\\/wp-content\\\/uploads\\\/2019\\\/10\\\/zona-de-esqui-sueca-Sale.jpg\",\"@id\":\"https:\\\/\\\/www.eldigitaldeasturias.com\\\/noticias\\\/nuevo-aeropuerto-para-ir-a-esquiar-a-suecia-y-noruega\\\/#mainImage\",\"width\":968,\"height\":659,\"caption\":\"En la zona de esqu\\u00ed sueca S\\u00e4len los hu\\u00e9spedes pueden ir hasta el hotel en un trineo tirado por perros. Foto: PeakPoint Adventure\\\/dpa-tmn\"},\"primaryImageOfPage\":{\"@id\":\"https:\\\/\\\/www.eldigitaldeasturias.com\\\/noticias\\\/nuevo-aeropuerto-para-ir-a-esquiar-a-suecia-y-noruega\\\/#mainImage\"},\"datePublished\":\"2019-10-28T21:36:42+01:00\",\"dateModified\":\"2019-10-28T21:36:42+01:00\"},{\"@type\":\"WebSite\",\"@id\":\"https:\\\/\\\/www.eldigitaldeasturias.com\\\/noticias\\\/#website\",\"url\":\"https:\\\/\\\/www.eldigitaldeasturias.com\\\/noticias\\\/\",\"name\":\"El Digital de Asturias - Diario de actualidad y noticias\",\"alternateName\":\"El Digital de Asturias - Diario de actualidad y noticias\",\"description\":\"Hemeroteca\",\"inLanguage\":\"es-ES\",\"publisher\":{\"@id\":\"https:\\\/\\\/www.eldigitaldeasturias.com\\\/noticias\\\/#organization\"}}]}\n\t\t<\/script>\n\t\t<!-- All in One SEO Pro -->\r\n\t\t<title>Nuevo aeropuerto para ir a esquiar a Suecia y Noruega - El Digital de Asturias<\/title>\n\n","aioseo_head_json":{"title":"Nuevo aeropuerto para ir a esquiar a Suecia y Noruega - El Digital de Asturias","description":"(dpa) - Los amantes de los deportes de invierno podr\u00e1n llegar en avi\u00f3n a la estaci\u00f3n de esqu\u00ed de S\u00e4len, en el condado sueco de Dalarna, a partir del 22 de diciembre, cuando el aeropuerto de S\u00e4len Trysil entre en funcionamiento, seg\u00fan anuncia la oficina de turismo gubernamental Visit Sweden. La nueva infraestructura facilitar\u00e1 los","canonical_url":"https:\/\/www.eldigitaldeasturias.com\/noticias\/nuevo-aeropuerto-para-ir-a-esquiar-a-suecia-y-noruega\/","robots":"max-image-preview:large","keywords":"turismo","webmasterTools":{"google-site-verification":"UA-38556648-1","msvalidate.01":"7dfe9f3f1b24437ab69f4f2559babe99","miscellaneous":""},"schema":{"@context":"https:\/\/schema.org","@graph":[{"@type":"BlogPosting","@id":"https:\/\/www.eldigitaldeasturias.com\/noticias\/nuevo-aeropuerto-para-ir-a-esquiar-a-suecia-y-noruega\/#blogposting","name":"Nuevo aeropuerto para ir a esquiar a Suecia y Noruega - El Digital de Asturias","headline":"Nuevo aeropuerto para ir a esquiar a Suecia y Noruega","author":{"@id":"https:\/\/www.eldigitaldeasturias.com\/noticias\/author\/admin\/#author"},"publisher":{"@id":"https:\/\/www.eldigitaldeasturias.com\/noticias\/#organization"},"image":{"@type":"ImageObject","url":"https:\/\/www.eldigitaldeasturias.com\/noticias\/wp-content\/uploads\/2019\/10\/zona-de-esqui-sueca-Sale.jpg","width":968,"height":659,"caption":"En la zona de esqu\u00ed sueca S\u00e4len los hu\u00e9spedes pueden ir hasta el hotel en un trineo tirado por perros. Foto: PeakPoint Adventure\/dpa-tmn"},"datePublished":"2019-10-28T21:36:42+01:00","dateModified":"2019-10-28T21:36:42+01:00","inLanguage":"es-ES","mainEntityOfPage":{"@id":"https:\/\/www.eldigitaldeasturias.com\/noticias\/nuevo-aeropuerto-para-ir-a-esquiar-a-suecia-y-noruega\/#webpage"},"isPartOf":{"@id":"https:\/\/www.eldigitaldeasturias.com\/noticias\/nuevo-aeropuerto-para-ir-a-esquiar-a-suecia-y-noruega\/#webpage"},"articleSection":"Turismo"},{"@type":"BreadcrumbList","@id":"https:\/\/www.eldigitaldeasturias.com\/noticias\/nuevo-aeropuerto-para-ir-a-esquiar-a-suecia-y-noruega\/#breadcrumblist","itemListElement":[{"@type":"ListItem","@id":"https:\/\/www.eldigitaldeasturias.com\/noticias#listItem","position":1,"name":"Home","item":"https:\/\/www.eldigitaldeasturias.com\/noticias","nextItem":{"@type":"ListItem","@id":"https:\/\/www.eldigitaldeasturias.com\/noticias\/category\/turismo\/#listItem","name":"Turismo"}},{"@type":"ListItem","@id":"https:\/\/www.eldigitaldeasturias.com\/noticias\/category\/turismo\/#listItem","position":2,"name":"Turismo","item":"https:\/\/www.eldigitaldeasturias.com\/noticias\/category\/turismo\/","nextItem":{"@type":"ListItem","@id":"https:\/\/www.eldigitaldeasturias.com\/noticias\/nuevo-aeropuerto-para-ir-a-esquiar-a-suecia-y-noruega\/#listItem","name":"Nuevo aeropuerto para ir a esquiar a Suecia y Noruega"},"previousItem":{"@type":"ListItem","@id":"https:\/\/www.eldigitaldeasturias.com\/noticias#listItem","name":"Home"}},{"@type":"ListItem","@id":"https:\/\/www.eldigitaldeasturias.com\/noticias\/nuevo-aeropuerto-para-ir-a-esquiar-a-suecia-y-noruega\/#listItem","position":3,"name":"Nuevo aeropuerto para ir a esquiar a Suecia y Noruega","previousItem":{"@type":"ListItem","@id":"https:\/\/www.eldigitaldeasturias.com\/noticias\/category\/turismo\/#listItem","name":"Turismo"}}]},{"@type":"Organization","@id":"https:\/\/www.eldigitaldeasturias.com\/noticias\/#organization","name":"El Digital de Asturias","description":"Hemeroteca","url":"https:\/\/www.eldigitaldeasturias.com\/noticias\/","email":"info@eldigitaldeasturias.com","telephone":"+34652131393","logo":{"@type":"ImageObject","url":"https:\/\/www.eldigitaldeasturias.com\/noticias\/wp-content\/uploads\/2020\/12\/EDA.jpg","@id":"https:\/\/www.eldigitaldeasturias.com\/noticias\/nuevo-aeropuerto-para-ir-a-esquiar-a-suecia-y-noruega\/#organizationLogo","width":649,"height":297},"image":{"@id":"https:\/\/www.eldigitaldeasturias.com\/noticias\/nuevo-aeropuerto-para-ir-a-esquiar-a-suecia-y-noruega\/#organizationLogo"},"sameAs":["https:\/\/facebook.com\/eldigitaldeasturias","https:\/\/www.youtube.com\/channel\/UCZP-2wLEB9Rv6erhFmqVnvg"],"address":{"@id":"https:\/\/www.eldigitaldeasturias.com\/noticias\/#postaladdress","@type":"PostalAddress","streetAddress":"san antonio 4,","postalCode":"33430","addressLocality":"Cand\u00e1s","addressRegion":"Asturias","addressCountry":"ES"}},{"@type":"Person","@id":"https:\/\/www.eldigitaldeasturias.com\/noticias\/author\/admin\/#author","url":"https:\/\/www.eldigitaldeasturias.com\/noticias\/author\/admin\/","name":"El Digital de Asturias","image":{"@type":"ImageObject","@id":"https:\/\/www.eldigitaldeasturias.com\/noticias\/nuevo-aeropuerto-para-ir-a-esquiar-a-suecia-y-noruega\/#authorImage","url":"https:\/\/www.eldigitaldeasturias.com\/noticias\/wp-content\/litespeed\/avatar\/18677e78aa0546b92d9dbf31ec7d7668.jpg?ver=1777290358","width":96,"height":96,"caption":"El Digital de Asturias"}},{"@type":"WebPage","@id":"https:\/\/www.eldigitaldeasturias.com\/noticias\/nuevo-aeropuerto-para-ir-a-esquiar-a-suecia-y-noruega\/#webpage","url":"https:\/\/www.eldigitaldeasturias.com\/noticias\/nuevo-aeropuerto-para-ir-a-esquiar-a-suecia-y-noruega\/","name":"Nuevo aeropuerto para ir a esquiar a Suecia y Noruega - El Digital de Asturias","description":"(dpa) - Los amantes de los deportes de invierno podr\u00e1n llegar en avi\u00f3n a la estaci\u00f3n de esqu\u00ed de S\u00e4len, en el condado sueco de Dalarna, a partir del 22 de diciembre, cuando el aeropuerto de S\u00e4len Trysil entre en funcionamiento, seg\u00fan anuncia la oficina de turismo gubernamental Visit Sweden. La nueva infraestructura facilitar\u00e1 los","inLanguage":"es-ES","isPartOf":{"@id":"https:\/\/www.eldigitaldeasturias.com\/noticias\/#website"},"breadcrumb":{"@id":"https:\/\/www.eldigitaldeasturias.com\/noticias\/nuevo-aeropuerto-para-ir-a-esquiar-a-suecia-y-noruega\/#breadcrumblist"},"author":{"@id":"https:\/\/www.eldigitaldeasturias.com\/noticias\/author\/admin\/#author"},"creator":{"@id":"https:\/\/www.eldigitaldeasturias.com\/noticias\/author\/admin\/#author"},"image":{"@type":"ImageObject","url":"https:\/\/www.eldigitaldeasturias.com\/noticias\/wp-content\/uploads\/2019\/10\/zona-de-esqui-sueca-Sale.jpg","@id":"https:\/\/www.eldigitaldeasturias.com\/noticias\/nuevo-aeropuerto-para-ir-a-esquiar-a-suecia-y-noruega\/#mainImage","width":968,"height":659,"caption":"En la zona de esqu\u00ed sueca S\u00e4len los hu\u00e9spedes pueden ir hasta el hotel en un trineo tirado por perros. Foto: PeakPoint Adventure\/dpa-tmn"},"primaryImageOfPage":{"@id":"https:\/\/www.eldigitaldeasturias.com\/noticias\/nuevo-aeropuerto-para-ir-a-esquiar-a-suecia-y-noruega\/#mainImage"},"datePublished":"2019-10-28T21:36:42+01:00","dateModified":"2019-10-28T21:36:42+01:00"},{"@type":"WebSite","@id":"https:\/\/www.eldigitaldeasturias.com\/noticias\/#website","url":"https:\/\/www.eldigitaldeasturias.com\/noticias\/","name":"El Digital de Asturias - Diario de actualidad y noticias","alternateName":"El Digital de Asturias - Diario de actualidad y noticias","description":"Hemeroteca","inLanguage":"es-ES","publisher":{"@id":"https:\/\/www.eldigitaldeasturias.com\/noticias\/#organization"}}]},"og:locale":"es_ES","og:site_name":"El Digital de Asturias","og:type":"article","og:title":"Nuevo aeropuerto para ir a esquiar a Suecia y Noruega - El Digital de Asturias","og:description":"(dpa) - Los amantes de los deportes de invierno podr\u00e1n llegar en avi\u00f3n a la estaci\u00f3n de esqu\u00ed de S\u00e4len, en el condado sueco de Dalarna, a partir del 22 de diciembre, cuando el aeropuerto de S\u00e4len Trysil entre en funcionamiento, seg\u00fan anuncia la oficina de turismo gubernamental Visit Sweden. La nueva infraestructura facilitar\u00e1 los","og:url":"https:\/\/www.eldigitaldeasturias.com\/noticias\/nuevo-aeropuerto-para-ir-a-esquiar-a-suecia-y-noruega\/","og:image":"https:\/\/www.eldigitaldeasturias.com\/noticias\/wp-content\/uploads\/2019\/10\/zona-de-esqui-sueca-Sale.jpg","og:image:secure_url":"https:\/\/www.eldigitaldeasturias.com\/noticias\/wp-content\/uploads\/2019\/10\/zona-de-esqui-sueca-Sale.jpg","og:image:width":968,"og:image:height":659,"article:tag":["turismo"],"article:published_time":"2019-10-28T21:36:42+00:00","article:modified_time":"2019-10-28T21:36:42+00:00","article:publisher":"https:\/\/facebook.com\/eldigitaldeasturias","twitter:card":"summary_large_image","twitter:title":"Nuevo aeropuerto para ir a esquiar a Suecia y Noruega - El Digital de Asturias","twitter:description":"(dpa) - Los amantes de los deportes de invierno podr\u00e1n llegar en avi\u00f3n a la estaci\u00f3n de esqu\u00ed de S\u00e4len, en el condado sueco de Dalarna, a partir del 22 de diciembre, cuando el aeropuerto de S\u00e4len Trysil entre en funcionamiento, seg\u00fan anuncia la oficina de turismo gubernamental Visit Sweden. La nueva infraestructura facilitar\u00e1 los","twitter:image":"https:\/\/www.eldigitaldeasturias.com\/noticias\/wp-content\/uploads\/2019\/10\/zona-de-esqui-sueca-Sale.jpg","twitter:label1":"Escrito por","twitter:data1":"El Digital de Asturias","twitter:label2":"Tiempo de lectura estimado","twitter:data2":"1 minuto"},"aioseo_meta_data":{"post_id":"1045636","title":null,"description":null,"keywords":null,"keyphrases":null,"primary_term":null,"canonical_url":null,"og_title":null,"og_description":null,"og_object_type":"default","og_image_type":"default","og_image_url":null,"og_image_width":null,"og_image_height":null,"og_image_custom_url":null,"og_image_custom_fields":null,"og_video":null,"og_custom_url":null,"og_article_section":null,"og_article_tags":null,"twitter_use_og":false,"twitter_card":"default","twitter_image_type":"default","twitter_image_url":null,"twitter_image_custom_url":null,"twitter_image_custom_fields":null,"twitter_title":null,"twitter_description":null,"schema":{"blockGraphs":[],"customGraphs":[],"default":{"data":{"Article":[],"Course":[],"Dataset":[],"FAQPage":[],"Movie":[],"Person":[],"Product":[],"ProductReview":[],"Car":[],"Recipe":[],"Service":[],"SoftwareApplication":[],"WebPage":[]},"graphName":"","isEnabled":true},"graphs":[],"defaultGraph":"","defaultPostTypeGraph":""},"schema_type":null,"schema_type_options":null,"pillar_content":false,"robots_default":true,"robots_noindex":false,"robots_noarchive":false,"robots_nosnippet":false,"robots_nofollow":false,"robots_noimageindex":false,"robots_noodp":false,"robots_notranslate":false,"robots_max_snippet":null,"robots_max_videopreview":null,"robots_max_imagepreview":"large","priority":null,"frequency":null,"local_seo":null,"seo_analyzer_scan_date":"2025-10-24 07:27:13","breadcrumb_settings":null,"limit_modified_date":false,"open_ai":null,"ai":null,"created":"2020-12-21 11:00:58","updated":"2025-10-24 07:27:13"},"aioseo_breadcrumb":"<div class=\"aioseo-breadcrumbs\"><span class=\"aioseo-breadcrumb\">\n\t<a href=\"https:\/\/www.eldigitaldeasturias.com\/noticias\" title=\"Home\">Home<\/a>\n<\/span><span class=\"aioseo-breadcrumb-separator\">\u2013<\/span><span class=\"aioseo-breadcrumb\">\n\t<a href=\"https:\/\/www.eldigitaldeasturias.com\/noticias\/category\/turismo\/\" title=\"Turismo\">Turismo<\/a>\n<\/span><span class=\"aioseo-breadcrumb-separator\">\u2013<\/span><span class=\"aioseo-breadcrumb\">\n\t<a href=\"https:\/\/www.eldigitaldeasturias.com\/noticias\/nuevo-aeropuerto-para-ir-a-esquiar-a-suecia-y-noruega\/\" title=\"Nuevo aeropuerto para ir a esquiar a Suecia y Noruega\">Nuevo aeropuerto para ir a esquiar a Suecia y Noruega<\/a>\n<\/span><\/div>","aioseo_breadcrumb_json":[{"label":"Home","link":"https:\/\/www.eldigitaldeasturias.com\/noticias"},{"label":"Turismo","link":"https:\/\/www.eldigitaldeasturias.com\/noticias\/category\/turismo\/"},{"label":"Nuevo aeropuerto para ir a esquiar a Suecia y Noruega","link":"https:\/\/www.eldigitaldeasturias.com\/noticias\/nuevo-aeropuerto-para-ir-a-esquiar-a-suecia-y-noruega\/"}],"_links":{"self":[{"href":"https:\/\/www.eldigitaldeasturias.com\/noticias\/wp-json\/wp\/v2\/posts\/1045636","targetHints":{"allow":["GET"]}}],"collection":[{"href":"https:\/\/www.eldigitaldeasturias.com\/noticias\/wp-json\/wp\/v2\/posts"}],"about":[{"href":"https:\/\/www.eldigitaldeasturias.com\/noticias\/wp-json\/wp\/v2\/types\/post"}],"author":[{"embeddable":true,"href":"https:\/\/www.eldigitaldeasturias.com\/noticias\/wp-json\/wp\/v2\/users\/1"}],"replies":[{"embeddable":true,"href":"https:\/\/www.eldigitaldeasturias.com\/noticias\/wp-json\/wp\/v2\/comments?post=1045636"}],"version-history":[{"count":0,"href":"https:\/\/www.eldigitaldeasturias.com\/noticias\/wp-json\/wp\/v2\/posts\/1045636\/revisions"}],"wp:featuredmedia":[{"embeddable":true,"href":"https:\/\/www.eldigitaldeasturias.com\/noticias\/wp-json\/wp\/v2\/media\/1045637"}],"wp:attachment":[{"href":"https:\/\/www.eldigitaldeasturias.com\/noticias\/wp-json\/wp\/v2\/media?parent=1045636"}],"wp:term":[{"taxonomy":"category","embeddable":true,"href":"https:\/\/www.eldigitaldeasturias.com\/noticias\/wp-json\/wp\/v2\/categories?post=1045636"},{"taxonomy":"post_tag","embeddable":true,"href":"https:\/\/www.eldigitaldeasturias.com\/noticias\/wp-json\/wp\/v2\/tags?post=1045636"}],"curies":[{"name":"wp","href":"https:\/\/api.w.org\/{rel}","templated":true}]}}