{"id":1044944,"date":"2019-10-25T00:07:56","date_gmt":"2019-10-25T00:07:56","guid":{"rendered":"https:\/\/www.eldigitaldeasturias.com\/noticias\/?p=1044944"},"modified":"2019-10-25T00:07:56","modified_gmt":"2019-10-25T00:07:56","slug":"camino-de-santiago-parada-y-descanso-en-arzua","status":"publish","type":"post","link":"https:\/\/www.eldigitaldeasturias.com\/noticias\/camino-de-santiago-parada-y-descanso-en-arzua\/","title":{"rendered":"Camino de Santiago: Parada y descanso en Arz\u00faa"},"content":{"rendered":"<p><img loading=\"lazy\" decoding=\"async\" class=\"alignleft size-medium wp-image-1044945\" src=\"https:\/\/www.eldigitaldeasturias.com\/noticias\/wp-content\/uploads\/2019\/10\/spain-2429231_960_720-360x240.jpg\" alt=\"\" width=\"360\" height=\"240\" srcset=\"https:\/\/www.eldigitaldeasturias.com\/noticias\/wp-content\/uploads\/2019\/10\/spain-2429231_960_720-360x240.jpg 360w, https:\/\/www.eldigitaldeasturias.com\/noticias\/wp-content\/uploads\/2019\/10\/spain-2429231_960_720-450x300.jpg 450w, https:\/\/www.eldigitaldeasturias.com\/noticias\/wp-content\/uploads\/2019\/10\/spain-2429231_960_720-768x512.jpg 768w, https:\/\/www.eldigitaldeasturias.com\/noticias\/wp-content\/uploads\/2019\/10\/spain-2429231_960_720-690x460.jpg 690w, https:\/\/www.eldigitaldeasturias.com\/noticias\/wp-content\/uploads\/2019\/10\/spain-2429231_960_720.jpg 960w\" sizes=\"auto, (max-width: 360px) 100vw, 360px\" \/>Son muchas las personas que a lo largo de su vida se han planteado la opci\u00f3n de <strong>hacer el Camino de Santiago<\/strong>, los motivos pueden ser muchos y variados, pues quiz\u00e1s sea un viaje que sirva para desconectar del ruido de la vida, cumplir una promesa, hacer una ruta solo o acompa\u00f1ado de amigos, familia o pareja y terminar el \u201ccamino\u201d <strong>visitando la Catedral de Santiago de Compostela y obviamente al Santo<\/strong>.<\/p>\n<p>Dependiendo de t\u00fa forma f\u00edsica y del tiempo que tengas para la peregrinaci\u00f3n podr\u00e1s elegir entre varias rutas y dos de ellas te llevar\u00e1n a la <strong>localidad de Arz\u00faa<\/strong>, una de las \u00faltimas etapas y punto en el que confluyen el c<strong>amino franc\u00e9s y el camino del norte<\/strong>.<\/p>\n<p><a href=\"https:\/\/dormirenarzua.com\" target=\"_blank\" rel=\"noopener noreferrer\"><span style=\"color: #ff6600;\"><strong>Dormir en Arz\u00faa<\/strong> <\/span><\/a>es una buena opci\u00f3n tanto para recobrar fuerzas y luego continuar el <strong>\u00faltimo tramo del Camino hasta Santiago<\/strong> y tambi\u00e9n es una buena idea para <strong>conocer su patrimonio art\u00edstico y disfrutar del sabor y del aroma de sus quesos y dem\u00e1s productos t\u00edpicos de la zona<\/strong>, un d\u00eda en esta localidad situada en <strong>A Coru\u00f1a<\/strong> puede dar para mucho, lo \u00fanico que has de hacer es dejar que las calles y los sabores te \u201cretengan\u201d y te cautiven, por eso te recomendamos que le dediques tiempo y elijas <a href=\"https:\/\/dormirenarzua.com\/alojamientos\/albergues\/\" target=\"_blank\" rel=\"noopener noreferrer\"><span style=\"color: #ff6600;\"><strong>albergues en Arz\u00faa<\/strong><\/span><\/a> para poder descansar y pasar unos d\u00edas all\u00ed, <em>pues tendr\u00e1s mucho que ver y mucho que disfrutar<\/em>, no te arrepentir\u00e1s \u00a1!<\/p>\n<h3>\u00bfQu\u00e9 puedes ver en Arz\u00faa?<\/h3>\n<p>En la <strong>Capilla de la Magdalena<\/strong> podr\u00e1s ver una autentica joya arquitect\u00f3nica que data del siglo XIV, originalmente era un convento que serv\u00eda para dar alojamiento a los peregrinos, hoy en d\u00eda es un importante punto cultural en el que podr\u00e1s disfrutar de exposiciones y eventos, en Arz\u00faa tambi\u00e9n podr\u00e1s ver la<strong> Capilla de la Mota<\/strong>, y descubrir la<strong> Capilla de la Fuente Santa<\/strong>, donde sus aguas sulf\u00faricas no te dejar\u00e1n indiferente.<\/p>\n<p>Otros puntos de inter\u00e9s son el <strong>Monumento a Las Queseras<\/strong>, tambi\u00e9n debes ver el <strong>Monumento al Peregrino<\/strong> que podr\u00e1s encontrar en el centro de la villa o los muchos pazos que hay en el municipio, la hospitalidad y la belleza del lugar te ayudar\u00e1n a conocer <strong>una localidad que siempre ha estado ligada al mundo de la ganader\u00eda y la artesan\u00eda<\/strong>, como te hemos mencionado anteriormente sus quesos son una autentica delicia que deber\u00edas probar, su sabor es \u00fanico.<\/p>\n<h3>\u00bfQu\u00e9 debes llevar para el Camino?<\/h3>\n<p><strong>Lo importante a la hora de hacer el Camino es el calzado<\/strong>, tienes que cuidar de tus pies, por eso es necesario llevar calzado deportivo o botas que sean c\u00f3modas y no castiguen tus pies, <strong>un peque\u00f1o botiqu\u00edn nunca sobra<\/strong>, tener un m\u00f3vil por si surge cualquier emergencia, llevar ropa c\u00f3moda y <strong>muchos calcetines<\/strong>, en la red encontraras muchos<strong> consejos y opiniones de otras personas que ya han realizado el Camino<\/strong>, pues cada a\u00f1o son cientos de miles de personas las que lo hacen.<\/p>\n<h3>\u00bfPuedes perderte?<\/h3>\n<p><strong>El Camino a Santiago<\/strong> en todas sus rutas <strong>est\u00e1 muy bien se\u00f1alizado<\/strong>, adem\u00e1s hoy en d\u00eda gracias a las nuevas tecnolog\u00edas podr\u00e1 saber en cada momento en que zona te encuentras, pero no dudes en recurrir a las personas que te vayas encontrando, <strong><em>la amabilidad es un se\u00f1a de identidad de muchas de las personas que viven en los pueblos cercanos<\/em><\/strong>, adem\u00e1s antes de salir es bueno elegir una ruta, marcarse unos plazos, intentar hacer jornadas que no te desgasten e ir marc\u00e1ndote peque\u00f1os objetivos, <strong>el Camino es para vivirlo y disfrutarlo<\/strong>, no es una competici\u00f3n para ver qui\u00e9n llega primero, es un encuentro con uno mismo o una experiencia para compartir con gente af\u00edn a ti.<\/p>\n<p>No olvides pasarte por <strong>Arz\u00faa<\/strong> y disfrutar de sus calles, alojamientos, gastronom\u00eda, ambiente y de sus edificios, plazas y calles y de sus gentes !!<\/p>\n<p>&nbsp;<\/p>\n","protected":false},"excerpt":{"rendered":"<p>Son muchas las personas que a lo largo de su vida se han planteado la opci\u00f3n de hacer el Camino de Santiago, los motivos pueden ser muchos y variados, pues quiz\u00e1s sea un viaje que sirva para desconectar del ruido de la vida, cumplir una promesa, hacer una ruta solo o acompa\u00f1ado de amigos, familia [&hellip;]<\/p>\n","protected":false},"author":1,"featured_media":1044945,"comment_status":"closed","ping_status":"closed","sticky":false,"template":"","format":"standard","meta":{"footnotes":""},"categories":[148],"tags":[],"class_list":["post-1044944","post","type-post","status-publish","format-standard","has-post-thumbnail","hentry","category-turismo"],"aioseo_notices":[],"aioseo_head":"\n\t\t<!-- All in One SEO Pro 4.9.6.2 - aioseo.com -->\n\t<meta name=\"description\" content=\"Son muchas las personas que a lo largo de su vida se han planteado la opci\u00f3n de hacer el Camino de Santiago, los motivos pueden ser muchos y variados, pues quiz\u00e1s sea un viaje que sirva para desconectar del ruido de la vida, cumplir una promesa, hacer una ruta solo o acompa\u00f1ado de amigos, familia\" \/>\n\t<meta name=\"robots\" content=\"max-image-preview:large\" \/>\n\t<meta name=\"author\" content=\"El Digital de Asturias\"\/>\n\t<meta name=\"google-site-verification\" content=\"UA-38556648-1\" \/>\n\t<meta name=\"msvalidate.01\" content=\"7dfe9f3f1b24437ab69f4f2559babe99\" \/>\n\t<meta name=\"keywords\" content=\"turismo\" \/>\n\t<link rel=\"canonical\" href=\"https:\/\/www.eldigitaldeasturias.com\/noticias\/camino-de-santiago-parada-y-descanso-en-arzua\/\" \/>\n\t<meta name=\"generator\" content=\"All in One SEO Pro (AIOSEO) 4.9.6.2\" \/>\n\t\t<meta property=\"og:locale\" content=\"es_ES\" \/>\n\t\t<meta property=\"og:site_name\" content=\"El Digital de Asturias\" \/>\n\t\t<meta property=\"og:type\" content=\"article\" \/>\n\t\t<meta property=\"og:title\" content=\"Camino de Santiago: Parada y descanso en Arz\u00faa - El Digital de Asturias\" \/>\n\t\t<meta property=\"og:description\" content=\"Son muchas las personas que a lo largo de su vida se han planteado la opci\u00f3n de hacer el Camino de Santiago, los motivos pueden ser muchos y variados, pues quiz\u00e1s sea un viaje que sirva para desconectar del ruido de la vida, cumplir una promesa, hacer una ruta solo o acompa\u00f1ado de amigos, familia\" \/>\n\t\t<meta property=\"og:url\" content=\"https:\/\/www.eldigitaldeasturias.com\/noticias\/camino-de-santiago-parada-y-descanso-en-arzua\/\" \/>\n\t\t<meta property=\"og:image\" content=\"https:\/\/www.eldigitaldeasturias.com\/noticias\/wp-content\/uploads\/2019\/10\/spain-2429231_960_720.jpg\" \/>\n\t\t<meta property=\"og:image:secure_url\" content=\"https:\/\/www.eldigitaldeasturias.com\/noticias\/wp-content\/uploads\/2019\/10\/spain-2429231_960_720.jpg\" \/>\n\t\t<meta property=\"og:image:width\" content=\"960\" \/>\n\t\t<meta property=\"og:image:height\" content=\"640\" \/>\n\t\t<meta property=\"article:tag\" content=\"turismo\" \/>\n\t\t<meta property=\"article:published_time\" content=\"2019-10-25T00:07:56+00:00\" \/>\n\t\t<meta property=\"article:modified_time\" content=\"2019-10-25T00:07:56+00:00\" \/>\n\t\t<meta property=\"article:publisher\" content=\"https:\/\/facebook.com\/eldigitaldeasturias\" \/>\n\t\t<meta name=\"twitter:card\" content=\"summary_large_image\" \/>\n\t\t<meta name=\"twitter:title\" content=\"Camino de Santiago: Parada y descanso en Arz\u00faa - El Digital de Asturias\" \/>\n\t\t<meta name=\"twitter:description\" content=\"Son muchas las personas que a lo largo de su vida se han planteado la opci\u00f3n de hacer el Camino de Santiago, los motivos pueden ser muchos y variados, pues quiz\u00e1s sea un viaje que sirva para desconectar del ruido de la vida, cumplir una promesa, hacer una ruta solo o acompa\u00f1ado de amigos, familia\" \/>\n\t\t<meta name=\"twitter:image\" content=\"https:\/\/www.eldigitaldeasturias.com\/noticias\/wp-content\/uploads\/2019\/10\/spain-2429231_960_720.jpg\" \/>\n\t\t<meta name=\"twitter:label1\" content=\"Escrito por\" \/>\n\t\t<meta name=\"twitter:data1\" content=\"El Digital de Asturias\" \/>\n\t\t<meta name=\"twitter:label2\" content=\"Tiempo de lectura estimado\" \/>\n\t\t<meta name=\"twitter:data2\" content=\"3 minutos\" \/>\n\t\t<script type=\"application\/ld+json\" class=\"aioseo-schema\">\n\t\t\t{\"@context\":\"https:\\\/\\\/schema.org\",\"@graph\":[{\"@type\":\"BlogPosting\",\"@id\":\"https:\\\/\\\/www.eldigitaldeasturias.com\\\/noticias\\\/camino-de-santiago-parada-y-descanso-en-arzua\\\/#blogposting\",\"name\":\"Camino de Santiago: Parada y descanso en Arz\\u00faa - El Digital de Asturias\",\"headline\":\"Camino de Santiago: Parada y descanso en Arz\\u00faa\",\"author\":{\"@id\":\"https:\\\/\\\/www.eldigitaldeasturias.com\\\/noticias\\\/author\\\/admin\\\/#author\"},\"publisher\":{\"@id\":\"https:\\\/\\\/www.eldigitaldeasturias.com\\\/noticias\\\/#organization\"},\"image\":{\"@type\":\"ImageObject\",\"url\":\"https:\\\/\\\/www.eldigitaldeasturias.com\\\/noticias\\\/wp-content\\\/uploads\\\/2019\\\/10\\\/spain-2429231_960_720.jpg\",\"width\":960,\"height\":640},\"datePublished\":\"2019-10-25T00:07:56+02:00\",\"dateModified\":\"2019-10-25T00:07:56+02:00\",\"inLanguage\":\"es-ES\",\"mainEntityOfPage\":{\"@id\":\"https:\\\/\\\/www.eldigitaldeasturias.com\\\/noticias\\\/camino-de-santiago-parada-y-descanso-en-arzua\\\/#webpage\"},\"isPartOf\":{\"@id\":\"https:\\\/\\\/www.eldigitaldeasturias.com\\\/noticias\\\/camino-de-santiago-parada-y-descanso-en-arzua\\\/#webpage\"},\"articleSection\":\"Turismo\"},{\"@type\":\"BreadcrumbList\",\"@id\":\"https:\\\/\\\/www.eldigitaldeasturias.com\\\/noticias\\\/camino-de-santiago-parada-y-descanso-en-arzua\\\/#breadcrumblist\",\"itemListElement\":[{\"@type\":\"ListItem\",\"@id\":\"https:\\\/\\\/www.eldigitaldeasturias.com\\\/noticias#listItem\",\"position\":1,\"name\":\"Home\",\"item\":\"https:\\\/\\\/www.eldigitaldeasturias.com\\\/noticias\",\"nextItem\":{\"@type\":\"ListItem\",\"@id\":\"https:\\\/\\\/www.eldigitaldeasturias.com\\\/noticias\\\/category\\\/turismo\\\/#listItem\",\"name\":\"Turismo\"}},{\"@type\":\"ListItem\",\"@id\":\"https:\\\/\\\/www.eldigitaldeasturias.com\\\/noticias\\\/category\\\/turismo\\\/#listItem\",\"position\":2,\"name\":\"Turismo\",\"item\":\"https:\\\/\\\/www.eldigitaldeasturias.com\\\/noticias\\\/category\\\/turismo\\\/\",\"nextItem\":{\"@type\":\"ListItem\",\"@id\":\"https:\\\/\\\/www.eldigitaldeasturias.com\\\/noticias\\\/camino-de-santiago-parada-y-descanso-en-arzua\\\/#listItem\",\"name\":\"Camino de Santiago: Parada y descanso en Arz\\u00faa\"},\"previousItem\":{\"@type\":\"ListItem\",\"@id\":\"https:\\\/\\\/www.eldigitaldeasturias.com\\\/noticias#listItem\",\"name\":\"Home\"}},{\"@type\":\"ListItem\",\"@id\":\"https:\\\/\\\/www.eldigitaldeasturias.com\\\/noticias\\\/camino-de-santiago-parada-y-descanso-en-arzua\\\/#listItem\",\"position\":3,\"name\":\"Camino de Santiago: Parada y descanso en Arz\\u00faa\",\"previousItem\":{\"@type\":\"ListItem\",\"@id\":\"https:\\\/\\\/www.eldigitaldeasturias.com\\\/noticias\\\/category\\\/turismo\\\/#listItem\",\"name\":\"Turismo\"}}]},{\"@type\":\"Organization\",\"@id\":\"https:\\\/\\\/www.eldigitaldeasturias.com\\\/noticias\\\/#organization\",\"name\":\"El Digital de Asturias\",\"description\":\"Hemeroteca\",\"url\":\"https:\\\/\\\/www.eldigitaldeasturias.com\\\/noticias\\\/\",\"email\":\"info@eldigitaldeasturias.com\",\"telephone\":\"+34652131393\",\"logo\":{\"@type\":\"ImageObject\",\"url\":\"https:\\\/\\\/www.eldigitaldeasturias.com\\\/noticias\\\/wp-content\\\/uploads\\\/2020\\\/12\\\/EDA.jpg\",\"@id\":\"https:\\\/\\\/www.eldigitaldeasturias.com\\\/noticias\\\/camino-de-santiago-parada-y-descanso-en-arzua\\\/#organizationLogo\",\"width\":649,\"height\":297},\"image\":{\"@id\":\"https:\\\/\\\/www.eldigitaldeasturias.com\\\/noticias\\\/camino-de-santiago-parada-y-descanso-en-arzua\\\/#organizationLogo\"},\"sameAs\":[\"https:\\\/\\\/facebook.com\\\/eldigitaldeasturias\",\"https:\\\/\\\/www.youtube.com\\\/channel\\\/UCZP-2wLEB9Rv6erhFmqVnvg\"],\"address\":{\"@id\":\"https:\\\/\\\/www.eldigitaldeasturias.com\\\/noticias\\\/#postaladdress\",\"@type\":\"PostalAddress\",\"streetAddress\":\"san antonio 4,\",\"postalCode\":\"33430\",\"addressLocality\":\"Cand\\u00e1s\",\"addressRegion\":\"Asturias\",\"addressCountry\":\"ES\"}},{\"@type\":\"Person\",\"@id\":\"https:\\\/\\\/www.eldigitaldeasturias.com\\\/noticias\\\/author\\\/admin\\\/#author\",\"url\":\"https:\\\/\\\/www.eldigitaldeasturias.com\\\/noticias\\\/author\\\/admin\\\/\",\"name\":\"El Digital de Asturias\",\"image\":{\"@type\":\"ImageObject\",\"@id\":\"https:\\\/\\\/www.eldigitaldeasturias.com\\\/noticias\\\/camino-de-santiago-parada-y-descanso-en-arzua\\\/#authorImage\",\"url\":\"https:\\\/\\\/www.eldigitaldeasturias.com\\\/noticias\\\/wp-content\\\/litespeed\\\/avatar\\\/18677e78aa0546b92d9dbf31ec7d7668.jpg?ver=1777290358\",\"width\":96,\"height\":96,\"caption\":\"El Digital de Asturias\"}},{\"@type\":\"WebPage\",\"@id\":\"https:\\\/\\\/www.eldigitaldeasturias.com\\\/noticias\\\/camino-de-santiago-parada-y-descanso-en-arzua\\\/#webpage\",\"url\":\"https:\\\/\\\/www.eldigitaldeasturias.com\\\/noticias\\\/camino-de-santiago-parada-y-descanso-en-arzua\\\/\",\"name\":\"Camino de Santiago: Parada y descanso en Arz\\u00faa - El Digital de Asturias\",\"description\":\"Son muchas las personas que a lo largo de su vida se han planteado la opci\\u00f3n de hacer el Camino de Santiago, los motivos pueden ser muchos y variados, pues quiz\\u00e1s sea un viaje que sirva para desconectar del ruido de la vida, cumplir una promesa, hacer una ruta solo o acompa\\u00f1ado de amigos, familia\",\"inLanguage\":\"es-ES\",\"isPartOf\":{\"@id\":\"https:\\\/\\\/www.eldigitaldeasturias.com\\\/noticias\\\/#website\"},\"breadcrumb\":{\"@id\":\"https:\\\/\\\/www.eldigitaldeasturias.com\\\/noticias\\\/camino-de-santiago-parada-y-descanso-en-arzua\\\/#breadcrumblist\"},\"author\":{\"@id\":\"https:\\\/\\\/www.eldigitaldeasturias.com\\\/noticias\\\/author\\\/admin\\\/#author\"},\"creator\":{\"@id\":\"https:\\\/\\\/www.eldigitaldeasturias.com\\\/noticias\\\/author\\\/admin\\\/#author\"},\"image\":{\"@type\":\"ImageObject\",\"url\":\"https:\\\/\\\/www.eldigitaldeasturias.com\\\/noticias\\\/wp-content\\\/uploads\\\/2019\\\/10\\\/spain-2429231_960_720.jpg\",\"@id\":\"https:\\\/\\\/www.eldigitaldeasturias.com\\\/noticias\\\/camino-de-santiago-parada-y-descanso-en-arzua\\\/#mainImage\",\"width\":960,\"height\":640},\"primaryImageOfPage\":{\"@id\":\"https:\\\/\\\/www.eldigitaldeasturias.com\\\/noticias\\\/camino-de-santiago-parada-y-descanso-en-arzua\\\/#mainImage\"},\"datePublished\":\"2019-10-25T00:07:56+02:00\",\"dateModified\":\"2019-10-25T00:07:56+02:00\"},{\"@type\":\"WebSite\",\"@id\":\"https:\\\/\\\/www.eldigitaldeasturias.com\\\/noticias\\\/#website\",\"url\":\"https:\\\/\\\/www.eldigitaldeasturias.com\\\/noticias\\\/\",\"name\":\"El Digital de Asturias - Diario de actualidad y noticias\",\"alternateName\":\"El Digital de Asturias - Diario de actualidad y noticias\",\"description\":\"Hemeroteca\",\"inLanguage\":\"es-ES\",\"publisher\":{\"@id\":\"https:\\\/\\\/www.eldigitaldeasturias.com\\\/noticias\\\/#organization\"}}]}\n\t\t<\/script>\n\t\t<!-- All in One SEO Pro -->\r\n\t\t<title>Camino de Santiago: Parada y descanso en Arz\u00faa - El Digital de Asturias<\/title>\n\n","aioseo_head_json":{"title":"Camino de Santiago: Parada y descanso en Arz\u00faa - El Digital de Asturias","description":"Son muchas las personas que a lo largo de su vida se han planteado la opci\u00f3n de hacer el Camino de Santiago, los motivos pueden ser muchos y variados, pues quiz\u00e1s sea un viaje que sirva para desconectar del ruido de la vida, cumplir una promesa, hacer una ruta solo o acompa\u00f1ado de amigos, familia","canonical_url":"https:\/\/www.eldigitaldeasturias.com\/noticias\/camino-de-santiago-parada-y-descanso-en-arzua\/","robots":"max-image-preview:large","keywords":"turismo","webmasterTools":{"google-site-verification":"UA-38556648-1","msvalidate.01":"7dfe9f3f1b24437ab69f4f2559babe99","miscellaneous":""},"schema":{"@context":"https:\/\/schema.org","@graph":[{"@type":"BlogPosting","@id":"https:\/\/www.eldigitaldeasturias.com\/noticias\/camino-de-santiago-parada-y-descanso-en-arzua\/#blogposting","name":"Camino de Santiago: Parada y descanso en Arz\u00faa - El Digital de Asturias","headline":"Camino de Santiago: Parada y descanso en Arz\u00faa","author":{"@id":"https:\/\/www.eldigitaldeasturias.com\/noticias\/author\/admin\/#author"},"publisher":{"@id":"https:\/\/www.eldigitaldeasturias.com\/noticias\/#organization"},"image":{"@type":"ImageObject","url":"https:\/\/www.eldigitaldeasturias.com\/noticias\/wp-content\/uploads\/2019\/10\/spain-2429231_960_720.jpg","width":960,"height":640},"datePublished":"2019-10-25T00:07:56+02:00","dateModified":"2019-10-25T00:07:56+02:00","inLanguage":"es-ES","mainEntityOfPage":{"@id":"https:\/\/www.eldigitaldeasturias.com\/noticias\/camino-de-santiago-parada-y-descanso-en-arzua\/#webpage"},"isPartOf":{"@id":"https:\/\/www.eldigitaldeasturias.com\/noticias\/camino-de-santiago-parada-y-descanso-en-arzua\/#webpage"},"articleSection":"Turismo"},{"@type":"BreadcrumbList","@id":"https:\/\/www.eldigitaldeasturias.com\/noticias\/camino-de-santiago-parada-y-descanso-en-arzua\/#breadcrumblist","itemListElement":[{"@type":"ListItem","@id":"https:\/\/www.eldigitaldeasturias.com\/noticias#listItem","position":1,"name":"Home","item":"https:\/\/www.eldigitaldeasturias.com\/noticias","nextItem":{"@type":"ListItem","@id":"https:\/\/www.eldigitaldeasturias.com\/noticias\/category\/turismo\/#listItem","name":"Turismo"}},{"@type":"ListItem","@id":"https:\/\/www.eldigitaldeasturias.com\/noticias\/category\/turismo\/#listItem","position":2,"name":"Turismo","item":"https:\/\/www.eldigitaldeasturias.com\/noticias\/category\/turismo\/","nextItem":{"@type":"ListItem","@id":"https:\/\/www.eldigitaldeasturias.com\/noticias\/camino-de-santiago-parada-y-descanso-en-arzua\/#listItem","name":"Camino de Santiago: Parada y descanso en Arz\u00faa"},"previousItem":{"@type":"ListItem","@id":"https:\/\/www.eldigitaldeasturias.com\/noticias#listItem","name":"Home"}},{"@type":"ListItem","@id":"https:\/\/www.eldigitaldeasturias.com\/noticias\/camino-de-santiago-parada-y-descanso-en-arzua\/#listItem","position":3,"name":"Camino de Santiago: Parada y descanso en Arz\u00faa","previousItem":{"@type":"ListItem","@id":"https:\/\/www.eldigitaldeasturias.com\/noticias\/category\/turismo\/#listItem","name":"Turismo"}}]},{"@type":"Organization","@id":"https:\/\/www.eldigitaldeasturias.com\/noticias\/#organization","name":"El Digital de Asturias","description":"Hemeroteca","url":"https:\/\/www.eldigitaldeasturias.com\/noticias\/","email":"info@eldigitaldeasturias.com","telephone":"+34652131393","logo":{"@type":"ImageObject","url":"https:\/\/www.eldigitaldeasturias.com\/noticias\/wp-content\/uploads\/2020\/12\/EDA.jpg","@id":"https:\/\/www.eldigitaldeasturias.com\/noticias\/camino-de-santiago-parada-y-descanso-en-arzua\/#organizationLogo","width":649,"height":297},"image":{"@id":"https:\/\/www.eldigitaldeasturias.com\/noticias\/camino-de-santiago-parada-y-descanso-en-arzua\/#organizationLogo"},"sameAs":["https:\/\/facebook.com\/eldigitaldeasturias","https:\/\/www.youtube.com\/channel\/UCZP-2wLEB9Rv6erhFmqVnvg"],"address":{"@id":"https:\/\/www.eldigitaldeasturias.com\/noticias\/#postaladdress","@type":"PostalAddress","streetAddress":"san antonio 4,","postalCode":"33430","addressLocality":"Cand\u00e1s","addressRegion":"Asturias","addressCountry":"ES"}},{"@type":"Person","@id":"https:\/\/www.eldigitaldeasturias.com\/noticias\/author\/admin\/#author","url":"https:\/\/www.eldigitaldeasturias.com\/noticias\/author\/admin\/","name":"El Digital de Asturias","image":{"@type":"ImageObject","@id":"https:\/\/www.eldigitaldeasturias.com\/noticias\/camino-de-santiago-parada-y-descanso-en-arzua\/#authorImage","url":"https:\/\/www.eldigitaldeasturias.com\/noticias\/wp-content\/litespeed\/avatar\/18677e78aa0546b92d9dbf31ec7d7668.jpg?ver=1777290358","width":96,"height":96,"caption":"El Digital de Asturias"}},{"@type":"WebPage","@id":"https:\/\/www.eldigitaldeasturias.com\/noticias\/camino-de-santiago-parada-y-descanso-en-arzua\/#webpage","url":"https:\/\/www.eldigitaldeasturias.com\/noticias\/camino-de-santiago-parada-y-descanso-en-arzua\/","name":"Camino de Santiago: Parada y descanso en Arz\u00faa - El Digital de Asturias","description":"Son muchas las personas que a lo largo de su vida se han planteado la opci\u00f3n de hacer el Camino de Santiago, los motivos pueden ser muchos y variados, pues quiz\u00e1s sea un viaje que sirva para desconectar del ruido de la vida, cumplir una promesa, hacer una ruta solo o acompa\u00f1ado de amigos, familia","inLanguage":"es-ES","isPartOf":{"@id":"https:\/\/www.eldigitaldeasturias.com\/noticias\/#website"},"breadcrumb":{"@id":"https:\/\/www.eldigitaldeasturias.com\/noticias\/camino-de-santiago-parada-y-descanso-en-arzua\/#breadcrumblist"},"author":{"@id":"https:\/\/www.eldigitaldeasturias.com\/noticias\/author\/admin\/#author"},"creator":{"@id":"https:\/\/www.eldigitaldeasturias.com\/noticias\/author\/admin\/#author"},"image":{"@type":"ImageObject","url":"https:\/\/www.eldigitaldeasturias.com\/noticias\/wp-content\/uploads\/2019\/10\/spain-2429231_960_720.jpg","@id":"https:\/\/www.eldigitaldeasturias.com\/noticias\/camino-de-santiago-parada-y-descanso-en-arzua\/#mainImage","width":960,"height":640},"primaryImageOfPage":{"@id":"https:\/\/www.eldigitaldeasturias.com\/noticias\/camino-de-santiago-parada-y-descanso-en-arzua\/#mainImage"},"datePublished":"2019-10-25T00:07:56+02:00","dateModified":"2019-10-25T00:07:56+02:00"},{"@type":"WebSite","@id":"https:\/\/www.eldigitaldeasturias.com\/noticias\/#website","url":"https:\/\/www.eldigitaldeasturias.com\/noticias\/","name":"El Digital de Asturias - Diario de actualidad y noticias","alternateName":"El Digital de Asturias - Diario de actualidad y noticias","description":"Hemeroteca","inLanguage":"es-ES","publisher":{"@id":"https:\/\/www.eldigitaldeasturias.com\/noticias\/#organization"}}]},"og:locale":"es_ES","og:site_name":"El Digital de Asturias","og:type":"article","og:title":"Camino de Santiago: Parada y descanso en Arz\u00faa - El Digital de Asturias","og:description":"Son muchas las personas que a lo largo de su vida se han planteado la opci\u00f3n de hacer el Camino de Santiago, los motivos pueden ser muchos y variados, pues quiz\u00e1s sea un viaje que sirva para desconectar del ruido de la vida, cumplir una promesa, hacer una ruta solo o acompa\u00f1ado de amigos, familia","og:url":"https:\/\/www.eldigitaldeasturias.com\/noticias\/camino-de-santiago-parada-y-descanso-en-arzua\/","og:image":"https:\/\/www.eldigitaldeasturias.com\/noticias\/wp-content\/uploads\/2019\/10\/spain-2429231_960_720.jpg","og:image:secure_url":"https:\/\/www.eldigitaldeasturias.com\/noticias\/wp-content\/uploads\/2019\/10\/spain-2429231_960_720.jpg","og:image:width":960,"og:image:height":640,"article:tag":["turismo"],"article:published_time":"2019-10-25T00:07:56+00:00","article:modified_time":"2019-10-25T00:07:56+00:00","article:publisher":"https:\/\/facebook.com\/eldigitaldeasturias","twitter:card":"summary_large_image","twitter:title":"Camino de Santiago: Parada y descanso en Arz\u00faa - El Digital de Asturias","twitter:description":"Son muchas las personas que a lo largo de su vida se han planteado la opci\u00f3n de hacer el Camino de Santiago, los motivos pueden ser muchos y variados, pues quiz\u00e1s sea un viaje que sirva para desconectar del ruido de la vida, cumplir una promesa, hacer una ruta solo o acompa\u00f1ado de amigos, familia","twitter:image":"https:\/\/www.eldigitaldeasturias.com\/noticias\/wp-content\/uploads\/2019\/10\/spain-2429231_960_720.jpg","twitter:label1":"Escrito por","twitter:data1":"El Digital de Asturias","twitter:label2":"Tiempo de lectura estimado","twitter:data2":"3 minutos"},"aioseo_meta_data":{"post_id":"1044944","title":null,"description":null,"keywords":null,"keyphrases":null,"primary_term":null,"canonical_url":null,"og_title":null,"og_description":null,"og_object_type":"default","og_image_type":"default","og_image_url":null,"og_image_width":null,"og_image_height":null,"og_image_custom_url":null,"og_image_custom_fields":null,"og_video":null,"og_custom_url":null,"og_article_section":null,"og_article_tags":null,"twitter_use_og":false,"twitter_card":"default","twitter_image_type":"default","twitter_image_url":null,"twitter_image_custom_url":null,"twitter_image_custom_fields":null,"twitter_title":null,"twitter_description":null,"schema":{"blockGraphs":[],"customGraphs":[],"default":{"data":{"Article":[],"Course":[],"Dataset":[],"FAQPage":[],"Movie":[],"Person":[],"Product":[],"ProductReview":[],"Car":[],"Recipe":[],"Service":[],"SoftwareApplication":[],"WebPage":[]},"graphName":"","isEnabled":true},"graphs":[],"defaultGraph":"","defaultPostTypeGraph":""},"schema_type":null,"schema_type_options":null,"pillar_content":false,"robots_default":true,"robots_noindex":false,"robots_noarchive":false,"robots_nosnippet":false,"robots_nofollow":false,"robots_noimageindex":false,"robots_noodp":false,"robots_notranslate":false,"robots_max_snippet":null,"robots_max_videopreview":null,"robots_max_imagepreview":"large","priority":null,"frequency":null,"local_seo":null,"seo_analyzer_scan_date":"2025-10-24 05:14:10","breadcrumb_settings":null,"limit_modified_date":false,"open_ai":null,"ai":null,"created":"2020-12-21 11:01:13","updated":"2025-10-24 05:14:10"},"aioseo_breadcrumb":"<div class=\"aioseo-breadcrumbs\"><span class=\"aioseo-breadcrumb\">\n\t<a href=\"https:\/\/www.eldigitaldeasturias.com\/noticias\" title=\"Home\">Home<\/a>\n<\/span><span class=\"aioseo-breadcrumb-separator\">\u2013<\/span><span class=\"aioseo-breadcrumb\">\n\t<a href=\"https:\/\/www.eldigitaldeasturias.com\/noticias\/category\/turismo\/\" title=\"Turismo\">Turismo<\/a>\n<\/span><span class=\"aioseo-breadcrumb-separator\">\u2013<\/span><span class=\"aioseo-breadcrumb\">\n\t<a href=\"https:\/\/www.eldigitaldeasturias.com\/noticias\/camino-de-santiago-parada-y-descanso-en-arzua\/\" title=\"Camino de Santiago: Parada y descanso en Arz\u00faa\">Camino de Santiago: Parada y descanso en Arz\u00faa<\/a>\n<\/span><\/div>","aioseo_breadcrumb_json":[{"label":"Home","link":"https:\/\/www.eldigitaldeasturias.com\/noticias"},{"label":"Turismo","link":"https:\/\/www.eldigitaldeasturias.com\/noticias\/category\/turismo\/"},{"label":"Camino de Santiago: Parada y descanso en Arz\u00faa","link":"https:\/\/www.eldigitaldeasturias.com\/noticias\/camino-de-santiago-parada-y-descanso-en-arzua\/"}],"_links":{"self":[{"href":"https:\/\/www.eldigitaldeasturias.com\/noticias\/wp-json\/wp\/v2\/posts\/1044944","targetHints":{"allow":["GET"]}}],"collection":[{"href":"https:\/\/www.eldigitaldeasturias.com\/noticias\/wp-json\/wp\/v2\/posts"}],"about":[{"href":"https:\/\/www.eldigitaldeasturias.com\/noticias\/wp-json\/wp\/v2\/types\/post"}],"author":[{"embeddable":true,"href":"https:\/\/www.eldigitaldeasturias.com\/noticias\/wp-json\/wp\/v2\/users\/1"}],"replies":[{"embeddable":true,"href":"https:\/\/www.eldigitaldeasturias.com\/noticias\/wp-json\/wp\/v2\/comments?post=1044944"}],"version-history":[{"count":0,"href":"https:\/\/www.eldigitaldeasturias.com\/noticias\/wp-json\/wp\/v2\/posts\/1044944\/revisions"}],"wp:featuredmedia":[{"embeddable":true,"href":"https:\/\/www.eldigitaldeasturias.com\/noticias\/wp-json\/wp\/v2\/media\/1044945"}],"wp:attachment":[{"href":"https:\/\/www.eldigitaldeasturias.com\/noticias\/wp-json\/wp\/v2\/media?parent=1044944"}],"wp:term":[{"taxonomy":"category","embeddable":true,"href":"https:\/\/www.eldigitaldeasturias.com\/noticias\/wp-json\/wp\/v2\/categories?post=1044944"},{"taxonomy":"post_tag","embeddable":true,"href":"https:\/\/www.eldigitaldeasturias.com\/noticias\/wp-json\/wp\/v2\/tags?post=1044944"}],"curies":[{"name":"wp","href":"https:\/\/api.w.org\/{rel}","templated":true}]}}