{"id":1044823,"date":"2019-10-24T05:37:09","date_gmt":"2019-10-24T05:37:09","guid":{"rendered":"https:\/\/www.eldigitaldeasturias.com\/noticias\/?p=1044823"},"modified":"2019-10-24T05:46:07","modified_gmt":"2019-10-24T05:46:07","slug":"el-costa-verde-express-en-asturias","status":"publish","type":"post","link":"https:\/\/www.eldigitaldeasturias.com\/noticias\/el-costa-verde-express-en-asturias\/","title":{"rendered":"El \u00abCosta Verde Express\u00bb en Asturias"},"content":{"rendered":"<p><img loading=\"lazy\" decoding=\"async\" class=\"alignleft size-medium wp-image-1044824\" src=\"https:\/\/www.eldigitaldeasturias.com\/noticias\/wp-content\/uploads\/2019\/10\/Costa-Verde-Express-360x274.jpg\" alt=\"\" width=\"360\" height=\"274\" srcset=\"https:\/\/www.eldigitaldeasturias.com\/noticias\/wp-content\/uploads\/2019\/10\/Costa-Verde-Express-360x274.jpg 360w, https:\/\/www.eldigitaldeasturias.com\/noticias\/wp-content\/uploads\/2019\/10\/Costa-Verde-Express-395x300.jpg 395w, https:\/\/www.eldigitaldeasturias.com\/noticias\/wp-content\/uploads\/2019\/10\/Costa-Verde-Express-631x480.jpg 631w, https:\/\/www.eldigitaldeasturias.com\/noticias\/wp-content\/uploads\/2019\/10\/Costa-Verde-Express-20x15.jpg 20w, https:\/\/www.eldigitaldeasturias.com\/noticias\/wp-content\/uploads\/2019\/10\/Costa-Verde-Express.jpg 634w\" sizes=\"auto, (max-width: 360px) 100vw, 360px\" \/>La viceconsejera de Turismo, Graciela Blanco, ha asistido el mi\u00e9rcoles en Llanes al acto de recibimiento al pasaje del tren <strong>Costa Verde Express<\/strong>, antes Transcant\u00e1brico, en el que viajan una veintena de profesionales de prensa procedentes de Austria, Italia, Suiza, Alemania, Francia, Australia, Argentina, M\u00e9xico y Estados Unidos.<\/p>\n<p>El recorrido, que en el Principado ha pasado por Gij\u00f3n, Oviedo y Cand\u00e1s, se ha organizado en el marco de la celebraci\u00f3n del <strong>30\u00ba aniversario de la marca Espa\u00f1a Verde<\/strong>, con el objetivo de promocionar este sello ante potenciales visitantes internacionales y difundir los recursos tur\u00edsticos de las comunidades del norte de Espa\u00f1a.<\/p>\n<p>La Espa\u00f1a Verde recibi\u00f3 a cerca de 12,7 millones de visitantes el pasado a\u00f1o, de los que m\u00e1s de 3,5 millones eran extranjeros.<strong> Graciela Blanco ha se\u00f1alado que un 20% de esos turistas internacionales eligieron Asturias como destino<\/strong>. En este sentido, ha subrayado que el futuro programa estrat\u00e9gico para el turismo del Principado apostar\u00e1 de cara a 2030 por los mercados exteriores y se fundamentar\u00e1 en la sostenibilidad.<\/p>\n<p>Espa\u00f1a Verde es la marca territorial lanzada en 1989 por Asturias, Galicia, Cantabria y el Pa\u00eds Vasco con el fin de posicionar la cornisa cant\u00e1brica como destino tur\u00edstico alternativo en el mercado internacional. Impulsado con el apoyo de Turespa\u00f1a, el sello afronta ahora su 30\u00ba aniversario y aspira a reforzar su imagen.<\/p>\n<p>Las comunidades amparadas bajo esta marca suman 14 reservas de la biosfera, 25 parques naturales, casi 2.000 kil\u00f3metros de costa y 2.800 alojamientos rurales. Adem\u00e1s, los Caminos del Norte a Santiago de Compostela y la calidad de su gastronom\u00eda son otros de sus grandes recursos diferenciadores.<\/p>\n<h3>Promoci\u00f3n con medios de comunicaci\u00f3n franceses<\/h3>\n<p>Por otra parte, el pr\u00f3ximo viernes llegar\u00e1n al Principado profesionales de cinco medios de comunicaci\u00f3n franceses interesados en la cultura y la gastronom\u00eda asturiana.<\/p>\n<p>Este viaje, organizado en colaboraci\u00f3n con la Oficina Espa\u00f1ola de Turismo de Par\u00eds y que ha tenido ya una primera escala en Galicia, forma parte de las acciones programadas para este a\u00f1o en el marco del convenio que regula el funcionamiento de la marca Espa\u00f1a Verde.<\/p>\n<p>&nbsp;<\/p>\n","protected":false},"excerpt":{"rendered":"<p>La viceconsejera de Turismo, Graciela Blanco, ha asistido el mi\u00e9rcoles en Llanes al acto de recibimiento al pasaje del tren Costa Verde Express, antes Transcant\u00e1brico, en el que viajan una veintena de profesionales de prensa procedentes de Austria, Italia, Suiza, Alemania, Francia, Australia, Argentina, M\u00e9xico y Estados Unidos. El recorrido, que en el Principado ha [&hellip;]<\/p>\n","protected":false},"author":1,"featured_media":1044824,"comment_status":"closed","ping_status":"closed","sticky":false,"template":"","format":"standard","meta":{"footnotes":""},"categories":[141,148],"tags":[],"class_list":["post-1044823","post","type-post","status-publish","format-standard","has-post-thumbnail","hentry","category-destacadas","category-turismo"],"aioseo_notices":[],"aioseo_head":"\n\t\t<!-- All in One SEO Pro 4.9.6.2 - aioseo.com -->\n\t<meta name=\"description\" content=\"La viceconsejera de Turismo, Graciela Blanco, ha asistido el mi\u00e9rcoles en Llanes al acto de recibimiento al pasaje del tren Costa Verde Express, antes Transcant\u00e1brico, en el que viajan una veintena de profesionales de prensa procedentes de Austria, Italia, Suiza, Alemania, Francia, Australia, Argentina, M\u00e9xico y Estados Unidos. El recorrido, que en el Principado ha\" \/>\n\t<meta name=\"robots\" content=\"max-image-preview:large\" \/>\n\t<meta name=\"author\" content=\"El Digital de Asturias\"\/>\n\t<meta name=\"google-site-verification\" content=\"UA-38556648-1\" \/>\n\t<meta name=\"msvalidate.01\" content=\"7dfe9f3f1b24437ab69f4f2559babe99\" \/>\n\t<meta name=\"keywords\" content=\"destacadas,turismo\" \/>\n\t<link rel=\"canonical\" href=\"https:\/\/www.eldigitaldeasturias.com\/noticias\/el-costa-verde-express-en-asturias\/\" \/>\n\t<meta name=\"generator\" content=\"All in One SEO Pro (AIOSEO) 4.9.6.2\" \/>\n\t\t<meta property=\"og:locale\" content=\"es_ES\" \/>\n\t\t<meta property=\"og:site_name\" content=\"El Digital de Asturias\" \/>\n\t\t<meta property=\"og:type\" content=\"article\" \/>\n\t\t<meta property=\"og:title\" content=\"El \u00abCosta Verde Express\u00bb en Asturias - El Digital de Asturias\" \/>\n\t\t<meta property=\"og:description\" content=\"La viceconsejera de Turismo, Graciela Blanco, ha asistido el mi\u00e9rcoles en Llanes al acto de recibimiento al pasaje del tren Costa Verde Express, antes Transcant\u00e1brico, en el que viajan una veintena de profesionales de prensa procedentes de Austria, Italia, Suiza, Alemania, Francia, Australia, Argentina, M\u00e9xico y Estados Unidos. El recorrido, que en el Principado ha\" \/>\n\t\t<meta property=\"og:url\" content=\"https:\/\/www.eldigitaldeasturias.com\/noticias\/el-costa-verde-express-en-asturias\/\" \/>\n\t\t<meta property=\"og:image\" content=\"https:\/\/www.eldigitaldeasturias.com\/noticias\/wp-content\/uploads\/2019\/10\/Costa-Verde-Express.jpg\" \/>\n\t\t<meta property=\"og:image:secure_url\" content=\"https:\/\/www.eldigitaldeasturias.com\/noticias\/wp-content\/uploads\/2019\/10\/Costa-Verde-Express.jpg\" \/>\n\t\t<meta property=\"og:image:width\" content=\"634\" \/>\n\t\t<meta property=\"og:image:height\" content=\"482\" \/>\n\t\t<meta property=\"article:tag\" content=\"destacadas\" \/>\n\t\t<meta property=\"article:tag\" content=\"turismo\" \/>\n\t\t<meta property=\"article:published_time\" content=\"2019-10-24T05:37:09+00:00\" \/>\n\t\t<meta property=\"article:modified_time\" content=\"2019-10-24T05:46:07+00:00\" \/>\n\t\t<meta property=\"article:publisher\" content=\"https:\/\/facebook.com\/eldigitaldeasturias\" \/>\n\t\t<meta name=\"twitter:card\" content=\"summary_large_image\" \/>\n\t\t<meta name=\"twitter:title\" content=\"El \u00abCosta Verde Express\u00bb en Asturias - El Digital de Asturias\" \/>\n\t\t<meta name=\"twitter:description\" content=\"La viceconsejera de Turismo, Graciela Blanco, ha asistido el mi\u00e9rcoles en Llanes al acto de recibimiento al pasaje del tren Costa Verde Express, antes Transcant\u00e1brico, en el que viajan una veintena de profesionales de prensa procedentes de Austria, Italia, Suiza, Alemania, Francia, Australia, Argentina, M\u00e9xico y Estados Unidos. El recorrido, que en el Principado ha\" \/>\n\t\t<meta name=\"twitter:image\" content=\"https:\/\/www.eldigitaldeasturias.com\/noticias\/wp-content\/uploads\/2019\/10\/Costa-Verde-Express.jpg\" \/>\n\t\t<meta name=\"twitter:label1\" content=\"Escrito por\" \/>\n\t\t<meta name=\"twitter:data1\" content=\"El Digital de Asturias\" \/>\n\t\t<meta name=\"twitter:label2\" content=\"Tiempo de lectura estimado\" \/>\n\t\t<meta name=\"twitter:data2\" content=\"2 minutos\" \/>\n\t\t<script type=\"application\/ld+json\" class=\"aioseo-schema\">\n\t\t\t{\"@context\":\"https:\\\/\\\/schema.org\",\"@graph\":[{\"@type\":\"BlogPosting\",\"@id\":\"https:\\\/\\\/www.eldigitaldeasturias.com\\\/noticias\\\/el-costa-verde-express-en-asturias\\\/#blogposting\",\"name\":\"El \\u00abCosta Verde Express\\u00bb en Asturias - El Digital de Asturias\",\"headline\":\"El \\u00abCosta Verde Express\\u00bb en Asturias\",\"author\":{\"@id\":\"https:\\\/\\\/www.eldigitaldeasturias.com\\\/noticias\\\/author\\\/admin\\\/#author\"},\"publisher\":{\"@id\":\"https:\\\/\\\/www.eldigitaldeasturias.com\\\/noticias\\\/#organization\"},\"image\":{\"@type\":\"ImageObject\",\"url\":\"https:\\\/\\\/www.eldigitaldeasturias.com\\\/noticias\\\/wp-content\\\/uploads\\\/2019\\\/10\\\/Costa-Verde-Express.jpg\",\"width\":634,\"height\":482},\"datePublished\":\"2019-10-24T05:37:09+02:00\",\"dateModified\":\"2019-10-24T05:46:07+02:00\",\"inLanguage\":\"es-ES\",\"mainEntityOfPage\":{\"@id\":\"https:\\\/\\\/www.eldigitaldeasturias.com\\\/noticias\\\/el-costa-verde-express-en-asturias\\\/#webpage\"},\"isPartOf\":{\"@id\":\"https:\\\/\\\/www.eldigitaldeasturias.com\\\/noticias\\\/el-costa-verde-express-en-asturias\\\/#webpage\"},\"articleSection\":\"Destacadas, Turismo\"},{\"@type\":\"BreadcrumbList\",\"@id\":\"https:\\\/\\\/www.eldigitaldeasturias.com\\\/noticias\\\/el-costa-verde-express-en-asturias\\\/#breadcrumblist\",\"itemListElement\":[{\"@type\":\"ListItem\",\"@id\":\"https:\\\/\\\/www.eldigitaldeasturias.com\\\/noticias#listItem\",\"position\":1,\"name\":\"Home\",\"item\":\"https:\\\/\\\/www.eldigitaldeasturias.com\\\/noticias\",\"nextItem\":{\"@type\":\"ListItem\",\"@id\":\"https:\\\/\\\/www.eldigitaldeasturias.com\\\/noticias\\\/category\\\/destacadas\\\/#listItem\",\"name\":\"Destacadas\"}},{\"@type\":\"ListItem\",\"@id\":\"https:\\\/\\\/www.eldigitaldeasturias.com\\\/noticias\\\/category\\\/destacadas\\\/#listItem\",\"position\":2,\"name\":\"Destacadas\",\"item\":\"https:\\\/\\\/www.eldigitaldeasturias.com\\\/noticias\\\/category\\\/destacadas\\\/\",\"nextItem\":{\"@type\":\"ListItem\",\"@id\":\"https:\\\/\\\/www.eldigitaldeasturias.com\\\/noticias\\\/el-costa-verde-express-en-asturias\\\/#listItem\",\"name\":\"El \\u00abCosta Verde Express\\u00bb en Asturias\"},\"previousItem\":{\"@type\":\"ListItem\",\"@id\":\"https:\\\/\\\/www.eldigitaldeasturias.com\\\/noticias#listItem\",\"name\":\"Home\"}},{\"@type\":\"ListItem\",\"@id\":\"https:\\\/\\\/www.eldigitaldeasturias.com\\\/noticias\\\/el-costa-verde-express-en-asturias\\\/#listItem\",\"position\":3,\"name\":\"El \\u00abCosta Verde Express\\u00bb en Asturias\",\"previousItem\":{\"@type\":\"ListItem\",\"@id\":\"https:\\\/\\\/www.eldigitaldeasturias.com\\\/noticias\\\/category\\\/destacadas\\\/#listItem\",\"name\":\"Destacadas\"}}]},{\"@type\":\"Organization\",\"@id\":\"https:\\\/\\\/www.eldigitaldeasturias.com\\\/noticias\\\/#organization\",\"name\":\"El Digital de Asturias\",\"description\":\"Hemeroteca\",\"url\":\"https:\\\/\\\/www.eldigitaldeasturias.com\\\/noticias\\\/\",\"email\":\"info@eldigitaldeasturias.com\",\"telephone\":\"+34652131393\",\"logo\":{\"@type\":\"ImageObject\",\"url\":\"https:\\\/\\\/www.eldigitaldeasturias.com\\\/noticias\\\/wp-content\\\/uploads\\\/2020\\\/12\\\/EDA.jpg\",\"@id\":\"https:\\\/\\\/www.eldigitaldeasturias.com\\\/noticias\\\/el-costa-verde-express-en-asturias\\\/#organizationLogo\",\"width\":649,\"height\":297},\"image\":{\"@id\":\"https:\\\/\\\/www.eldigitaldeasturias.com\\\/noticias\\\/el-costa-verde-express-en-asturias\\\/#organizationLogo\"},\"sameAs\":[\"https:\\\/\\\/facebook.com\\\/eldigitaldeasturias\",\"https:\\\/\\\/www.youtube.com\\\/channel\\\/UCZP-2wLEB9Rv6erhFmqVnvg\"],\"address\":{\"@id\":\"https:\\\/\\\/www.eldigitaldeasturias.com\\\/noticias\\\/#postaladdress\",\"@type\":\"PostalAddress\",\"streetAddress\":\"san antonio 4,\",\"postalCode\":\"33430\",\"addressLocality\":\"Cand\\u00e1s\",\"addressRegion\":\"Asturias\",\"addressCountry\":\"ES\"}},{\"@type\":\"Person\",\"@id\":\"https:\\\/\\\/www.eldigitaldeasturias.com\\\/noticias\\\/author\\\/admin\\\/#author\",\"url\":\"https:\\\/\\\/www.eldigitaldeasturias.com\\\/noticias\\\/author\\\/admin\\\/\",\"name\":\"El Digital de Asturias\",\"image\":{\"@type\":\"ImageObject\",\"@id\":\"https:\\\/\\\/www.eldigitaldeasturias.com\\\/noticias\\\/el-costa-verde-express-en-asturias\\\/#authorImage\",\"url\":\"https:\\\/\\\/www.eldigitaldeasturias.com\\\/noticias\\\/wp-content\\\/litespeed\\\/avatar\\\/18677e78aa0546b92d9dbf31ec7d7668.jpg?ver=1777290358\",\"width\":96,\"height\":96,\"caption\":\"El Digital de Asturias\"}},{\"@type\":\"WebPage\",\"@id\":\"https:\\\/\\\/www.eldigitaldeasturias.com\\\/noticias\\\/el-costa-verde-express-en-asturias\\\/#webpage\",\"url\":\"https:\\\/\\\/www.eldigitaldeasturias.com\\\/noticias\\\/el-costa-verde-express-en-asturias\\\/\",\"name\":\"El \\u00abCosta Verde Express\\u00bb en Asturias - El Digital de Asturias\",\"description\":\"La viceconsejera de Turismo, Graciela Blanco, ha asistido el mi\\u00e9rcoles en Llanes al acto de recibimiento al pasaje del tren Costa Verde Express, antes Transcant\\u00e1brico, en el que viajan una veintena de profesionales de prensa procedentes de Austria, Italia, Suiza, Alemania, Francia, Australia, Argentina, M\\u00e9xico y Estados Unidos. El recorrido, que en el Principado ha\",\"inLanguage\":\"es-ES\",\"isPartOf\":{\"@id\":\"https:\\\/\\\/www.eldigitaldeasturias.com\\\/noticias\\\/#website\"},\"breadcrumb\":{\"@id\":\"https:\\\/\\\/www.eldigitaldeasturias.com\\\/noticias\\\/el-costa-verde-express-en-asturias\\\/#breadcrumblist\"},\"author\":{\"@id\":\"https:\\\/\\\/www.eldigitaldeasturias.com\\\/noticias\\\/author\\\/admin\\\/#author\"},\"creator\":{\"@id\":\"https:\\\/\\\/www.eldigitaldeasturias.com\\\/noticias\\\/author\\\/admin\\\/#author\"},\"image\":{\"@type\":\"ImageObject\",\"url\":\"https:\\\/\\\/www.eldigitaldeasturias.com\\\/noticias\\\/wp-content\\\/uploads\\\/2019\\\/10\\\/Costa-Verde-Express.jpg\",\"@id\":\"https:\\\/\\\/www.eldigitaldeasturias.com\\\/noticias\\\/el-costa-verde-express-en-asturias\\\/#mainImage\",\"width\":634,\"height\":482},\"primaryImageOfPage\":{\"@id\":\"https:\\\/\\\/www.eldigitaldeasturias.com\\\/noticias\\\/el-costa-verde-express-en-asturias\\\/#mainImage\"},\"datePublished\":\"2019-10-24T05:37:09+02:00\",\"dateModified\":\"2019-10-24T05:46:07+02:00\"},{\"@type\":\"WebSite\",\"@id\":\"https:\\\/\\\/www.eldigitaldeasturias.com\\\/noticias\\\/#website\",\"url\":\"https:\\\/\\\/www.eldigitaldeasturias.com\\\/noticias\\\/\",\"name\":\"El Digital de Asturias - Diario de actualidad y noticias\",\"alternateName\":\"El Digital de Asturias - Diario de actualidad y noticias\",\"description\":\"Hemeroteca\",\"inLanguage\":\"es-ES\",\"publisher\":{\"@id\":\"https:\\\/\\\/www.eldigitaldeasturias.com\\\/noticias\\\/#organization\"}}]}\n\t\t<\/script>\n\t\t<!-- All in One SEO Pro -->\r\n\t\t<title>El \u00abCosta Verde Express\u00bb en Asturias - El Digital de Asturias<\/title>\n\n","aioseo_head_json":{"title":"El \u00abCosta Verde Express\u00bb en Asturias - El Digital de Asturias","description":"La viceconsejera de Turismo, Graciela Blanco, ha asistido el mi\u00e9rcoles en Llanes al acto de recibimiento al pasaje del tren Costa Verde Express, antes Transcant\u00e1brico, en el que viajan una veintena de profesionales de prensa procedentes de Austria, Italia, Suiza, Alemania, Francia, Australia, Argentina, M\u00e9xico y Estados Unidos. El recorrido, que en el Principado ha","canonical_url":"https:\/\/www.eldigitaldeasturias.com\/noticias\/el-costa-verde-express-en-asturias\/","robots":"max-image-preview:large","keywords":"destacadas,turismo","webmasterTools":{"google-site-verification":"UA-38556648-1","msvalidate.01":"7dfe9f3f1b24437ab69f4f2559babe99","miscellaneous":""},"schema":{"@context":"https:\/\/schema.org","@graph":[{"@type":"BlogPosting","@id":"https:\/\/www.eldigitaldeasturias.com\/noticias\/el-costa-verde-express-en-asturias\/#blogposting","name":"El \u00abCosta Verde Express\u00bb en Asturias - El Digital de Asturias","headline":"El \u00abCosta Verde Express\u00bb en Asturias","author":{"@id":"https:\/\/www.eldigitaldeasturias.com\/noticias\/author\/admin\/#author"},"publisher":{"@id":"https:\/\/www.eldigitaldeasturias.com\/noticias\/#organization"},"image":{"@type":"ImageObject","url":"https:\/\/www.eldigitaldeasturias.com\/noticias\/wp-content\/uploads\/2019\/10\/Costa-Verde-Express.jpg","width":634,"height":482},"datePublished":"2019-10-24T05:37:09+02:00","dateModified":"2019-10-24T05:46:07+02:00","inLanguage":"es-ES","mainEntityOfPage":{"@id":"https:\/\/www.eldigitaldeasturias.com\/noticias\/el-costa-verde-express-en-asturias\/#webpage"},"isPartOf":{"@id":"https:\/\/www.eldigitaldeasturias.com\/noticias\/el-costa-verde-express-en-asturias\/#webpage"},"articleSection":"Destacadas, Turismo"},{"@type":"BreadcrumbList","@id":"https:\/\/www.eldigitaldeasturias.com\/noticias\/el-costa-verde-express-en-asturias\/#breadcrumblist","itemListElement":[{"@type":"ListItem","@id":"https:\/\/www.eldigitaldeasturias.com\/noticias#listItem","position":1,"name":"Home","item":"https:\/\/www.eldigitaldeasturias.com\/noticias","nextItem":{"@type":"ListItem","@id":"https:\/\/www.eldigitaldeasturias.com\/noticias\/category\/destacadas\/#listItem","name":"Destacadas"}},{"@type":"ListItem","@id":"https:\/\/www.eldigitaldeasturias.com\/noticias\/category\/destacadas\/#listItem","position":2,"name":"Destacadas","item":"https:\/\/www.eldigitaldeasturias.com\/noticias\/category\/destacadas\/","nextItem":{"@type":"ListItem","@id":"https:\/\/www.eldigitaldeasturias.com\/noticias\/el-costa-verde-express-en-asturias\/#listItem","name":"El \u00abCosta Verde Express\u00bb en Asturias"},"previousItem":{"@type":"ListItem","@id":"https:\/\/www.eldigitaldeasturias.com\/noticias#listItem","name":"Home"}},{"@type":"ListItem","@id":"https:\/\/www.eldigitaldeasturias.com\/noticias\/el-costa-verde-express-en-asturias\/#listItem","position":3,"name":"El \u00abCosta Verde Express\u00bb en Asturias","previousItem":{"@type":"ListItem","@id":"https:\/\/www.eldigitaldeasturias.com\/noticias\/category\/destacadas\/#listItem","name":"Destacadas"}}]},{"@type":"Organization","@id":"https:\/\/www.eldigitaldeasturias.com\/noticias\/#organization","name":"El Digital de Asturias","description":"Hemeroteca","url":"https:\/\/www.eldigitaldeasturias.com\/noticias\/","email":"info@eldigitaldeasturias.com","telephone":"+34652131393","logo":{"@type":"ImageObject","url":"https:\/\/www.eldigitaldeasturias.com\/noticias\/wp-content\/uploads\/2020\/12\/EDA.jpg","@id":"https:\/\/www.eldigitaldeasturias.com\/noticias\/el-costa-verde-express-en-asturias\/#organizationLogo","width":649,"height":297},"image":{"@id":"https:\/\/www.eldigitaldeasturias.com\/noticias\/el-costa-verde-express-en-asturias\/#organizationLogo"},"sameAs":["https:\/\/facebook.com\/eldigitaldeasturias","https:\/\/www.youtube.com\/channel\/UCZP-2wLEB9Rv6erhFmqVnvg"],"address":{"@id":"https:\/\/www.eldigitaldeasturias.com\/noticias\/#postaladdress","@type":"PostalAddress","streetAddress":"san antonio 4,","postalCode":"33430","addressLocality":"Cand\u00e1s","addressRegion":"Asturias","addressCountry":"ES"}},{"@type":"Person","@id":"https:\/\/www.eldigitaldeasturias.com\/noticias\/author\/admin\/#author","url":"https:\/\/www.eldigitaldeasturias.com\/noticias\/author\/admin\/","name":"El Digital de Asturias","image":{"@type":"ImageObject","@id":"https:\/\/www.eldigitaldeasturias.com\/noticias\/el-costa-verde-express-en-asturias\/#authorImage","url":"https:\/\/www.eldigitaldeasturias.com\/noticias\/wp-content\/litespeed\/avatar\/18677e78aa0546b92d9dbf31ec7d7668.jpg?ver=1777290358","width":96,"height":96,"caption":"El Digital de Asturias"}},{"@type":"WebPage","@id":"https:\/\/www.eldigitaldeasturias.com\/noticias\/el-costa-verde-express-en-asturias\/#webpage","url":"https:\/\/www.eldigitaldeasturias.com\/noticias\/el-costa-verde-express-en-asturias\/","name":"El \u00abCosta Verde Express\u00bb en Asturias - El Digital de Asturias","description":"La viceconsejera de Turismo, Graciela Blanco, ha asistido el mi\u00e9rcoles en Llanes al acto de recibimiento al pasaje del tren Costa Verde Express, antes Transcant\u00e1brico, en el que viajan una veintena de profesionales de prensa procedentes de Austria, Italia, Suiza, Alemania, Francia, Australia, Argentina, M\u00e9xico y Estados Unidos. El recorrido, que en el Principado ha","inLanguage":"es-ES","isPartOf":{"@id":"https:\/\/www.eldigitaldeasturias.com\/noticias\/#website"},"breadcrumb":{"@id":"https:\/\/www.eldigitaldeasturias.com\/noticias\/el-costa-verde-express-en-asturias\/#breadcrumblist"},"author":{"@id":"https:\/\/www.eldigitaldeasturias.com\/noticias\/author\/admin\/#author"},"creator":{"@id":"https:\/\/www.eldigitaldeasturias.com\/noticias\/author\/admin\/#author"},"image":{"@type":"ImageObject","url":"https:\/\/www.eldigitaldeasturias.com\/noticias\/wp-content\/uploads\/2019\/10\/Costa-Verde-Express.jpg","@id":"https:\/\/www.eldigitaldeasturias.com\/noticias\/el-costa-verde-express-en-asturias\/#mainImage","width":634,"height":482},"primaryImageOfPage":{"@id":"https:\/\/www.eldigitaldeasturias.com\/noticias\/el-costa-verde-express-en-asturias\/#mainImage"},"datePublished":"2019-10-24T05:37:09+02:00","dateModified":"2019-10-24T05:46:07+02:00"},{"@type":"WebSite","@id":"https:\/\/www.eldigitaldeasturias.com\/noticias\/#website","url":"https:\/\/www.eldigitaldeasturias.com\/noticias\/","name":"El Digital de Asturias - Diario de actualidad y noticias","alternateName":"El Digital de Asturias - Diario de actualidad y noticias","description":"Hemeroteca","inLanguage":"es-ES","publisher":{"@id":"https:\/\/www.eldigitaldeasturias.com\/noticias\/#organization"}}]},"og:locale":"es_ES","og:site_name":"El Digital de Asturias","og:type":"article","og:title":"El \u00abCosta Verde Express\u00bb en Asturias - El Digital de Asturias","og:description":"La viceconsejera de Turismo, Graciela Blanco, ha asistido el mi\u00e9rcoles en Llanes al acto de recibimiento al pasaje del tren Costa Verde Express, antes Transcant\u00e1brico, en el que viajan una veintena de profesionales de prensa procedentes de Austria, Italia, Suiza, Alemania, Francia, Australia, Argentina, M\u00e9xico y Estados Unidos. El recorrido, que en el Principado ha","og:url":"https:\/\/www.eldigitaldeasturias.com\/noticias\/el-costa-verde-express-en-asturias\/","og:image":"https:\/\/www.eldigitaldeasturias.com\/noticias\/wp-content\/uploads\/2019\/10\/Costa-Verde-Express.jpg","og:image:secure_url":"https:\/\/www.eldigitaldeasturias.com\/noticias\/wp-content\/uploads\/2019\/10\/Costa-Verde-Express.jpg","og:image:width":634,"og:image:height":482,"article:tag":["destacadas","turismo"],"article:published_time":"2019-10-24T05:37:09+00:00","article:modified_time":"2019-10-24T05:46:07+00:00","article:publisher":"https:\/\/facebook.com\/eldigitaldeasturias","twitter:card":"summary_large_image","twitter:title":"El \u00abCosta Verde Express\u00bb en Asturias - El Digital de Asturias","twitter:description":"La viceconsejera de Turismo, Graciela Blanco, ha asistido el mi\u00e9rcoles en Llanes al acto de recibimiento al pasaje del tren Costa Verde Express, antes Transcant\u00e1brico, en el que viajan una veintena de profesionales de prensa procedentes de Austria, Italia, Suiza, Alemania, Francia, Australia, Argentina, M\u00e9xico y Estados Unidos. El recorrido, que en el Principado ha","twitter:image":"https:\/\/www.eldigitaldeasturias.com\/noticias\/wp-content\/uploads\/2019\/10\/Costa-Verde-Express.jpg","twitter:label1":"Escrito por","twitter:data1":"El Digital de Asturias","twitter:label2":"Tiempo de lectura estimado","twitter:data2":"2 minutos"},"aioseo_meta_data":{"post_id":"1044823","title":null,"description":null,"keywords":null,"keyphrases":null,"primary_term":null,"canonical_url":null,"og_title":null,"og_description":null,"og_object_type":"default","og_image_type":"default","og_image_url":null,"og_image_width":null,"og_image_height":null,"og_image_custom_url":null,"og_image_custom_fields":null,"og_video":null,"og_custom_url":null,"og_article_section":null,"og_article_tags":null,"twitter_use_og":false,"twitter_card":"default","twitter_image_type":"default","twitter_image_url":null,"twitter_image_custom_url":null,"twitter_image_custom_fields":null,"twitter_title":null,"twitter_description":null,"schema":{"blockGraphs":[],"customGraphs":[],"default":{"data":{"Article":[],"Course":[],"Dataset":[],"FAQPage":[],"Movie":[],"Person":[],"Product":[],"ProductReview":[],"Car":[],"Recipe":[],"Service":[],"SoftwareApplication":[],"WebPage":[]},"graphName":"","isEnabled":true},"graphs":[],"defaultGraph":"","defaultPostTypeGraph":""},"schema_type":null,"schema_type_options":null,"pillar_content":false,"robots_default":true,"robots_noindex":false,"robots_noarchive":false,"robots_nosnippet":false,"robots_nofollow":false,"robots_noimageindex":false,"robots_noodp":false,"robots_notranslate":false,"robots_max_snippet":null,"robots_max_videopreview":null,"robots_max_imagepreview":"large","priority":null,"frequency":null,"local_seo":null,"seo_analyzer_scan_date":"2025-10-24 04:50:11","breadcrumb_settings":null,"limit_modified_date":false,"open_ai":null,"ai":null,"created":"2020-12-21 11:01:13","updated":"2025-10-24 04:50:11"},"aioseo_breadcrumb":"<div class=\"aioseo-breadcrumbs\"><span class=\"aioseo-breadcrumb\">\n\t<a href=\"https:\/\/www.eldigitaldeasturias.com\/noticias\" title=\"Home\">Home<\/a>\n<\/span><span class=\"aioseo-breadcrumb-separator\">\u2013<\/span><span class=\"aioseo-breadcrumb\">\n\t<a href=\"https:\/\/www.eldigitaldeasturias.com\/noticias\/category\/destacadas\/\" title=\"Destacadas\">Destacadas<\/a>\n<\/span><span class=\"aioseo-breadcrumb-separator\">\u2013<\/span><span class=\"aioseo-breadcrumb\">\n\t<a href=\"https:\/\/www.eldigitaldeasturias.com\/noticias\/el-costa-verde-express-en-asturias\/\" title=\"El \u00abCosta Verde Express\u00bb en Asturias\">El \u00abCosta Verde Express\u00bb en Asturias<\/a>\n<\/span><\/div>","aioseo_breadcrumb_json":[{"label":"Home","link":"https:\/\/www.eldigitaldeasturias.com\/noticias"},{"label":"Destacadas","link":"https:\/\/www.eldigitaldeasturias.com\/noticias\/category\/destacadas\/"},{"label":"El \u00abCosta Verde Express\u00bb en Asturias","link":"https:\/\/www.eldigitaldeasturias.com\/noticias\/el-costa-verde-express-en-asturias\/"}],"_links":{"self":[{"href":"https:\/\/www.eldigitaldeasturias.com\/noticias\/wp-json\/wp\/v2\/posts\/1044823","targetHints":{"allow":["GET"]}}],"collection":[{"href":"https:\/\/www.eldigitaldeasturias.com\/noticias\/wp-json\/wp\/v2\/posts"}],"about":[{"href":"https:\/\/www.eldigitaldeasturias.com\/noticias\/wp-json\/wp\/v2\/types\/post"}],"author":[{"embeddable":true,"href":"https:\/\/www.eldigitaldeasturias.com\/noticias\/wp-json\/wp\/v2\/users\/1"}],"replies":[{"embeddable":true,"href":"https:\/\/www.eldigitaldeasturias.com\/noticias\/wp-json\/wp\/v2\/comments?post=1044823"}],"version-history":[{"count":0,"href":"https:\/\/www.eldigitaldeasturias.com\/noticias\/wp-json\/wp\/v2\/posts\/1044823\/revisions"}],"wp:featuredmedia":[{"embeddable":true,"href":"https:\/\/www.eldigitaldeasturias.com\/noticias\/wp-json\/wp\/v2\/media\/1044824"}],"wp:attachment":[{"href":"https:\/\/www.eldigitaldeasturias.com\/noticias\/wp-json\/wp\/v2\/media?parent=1044823"}],"wp:term":[{"taxonomy":"category","embeddable":true,"href":"https:\/\/www.eldigitaldeasturias.com\/noticias\/wp-json\/wp\/v2\/categories?post=1044823"},{"taxonomy":"post_tag","embeddable":true,"href":"https:\/\/www.eldigitaldeasturias.com\/noticias\/wp-json\/wp\/v2\/tags?post=1044823"}],"curies":[{"name":"wp","href":"https:\/\/api.w.org\/{rel}","templated":true}]}}