{"id":1043028,"date":"2019-10-08T00:06:56","date_gmt":"2019-10-08T00:06:56","guid":{"rendered":"https:\/\/www.eldigitaldeasturias.com\/noticias\/?p=1043028"},"modified":"2019-10-08T00:06:56","modified_gmt":"2019-10-08T00:06:56","slug":"turismo-en-alemania-y-planes-para-la-navidad","status":"publish","type":"post","link":"https:\/\/www.eldigitaldeasturias.com\/noticias\/turismo-en-alemania-y-planes-para-la-navidad\/","title":{"rendered":"Turismo en Alemania y planes para la Navidad"},"content":{"rendered":"<figure id=\"attachment_1043029\" aria-describedby=\"caption-attachment-1043029\" style=\"width: 360px\" class=\"wp-caption alignleft\"><img loading=\"lazy\" decoding=\"async\" class=\"size-medium wp-image-1043029\" src=\"https:\/\/www.eldigitaldeasturias.com\/noticias\/wp-content\/uploads\/2019\/10\/mercado-navidaden-Bad-Tolz-360x239.jpg\" alt=\"\" width=\"360\" height=\"239\" srcset=\"https:\/\/www.eldigitaldeasturias.com\/noticias\/wp-content\/uploads\/2019\/10\/mercado-navidaden-Bad-Tolz-360x239.jpg 360w, https:\/\/www.eldigitaldeasturias.com\/noticias\/wp-content\/uploads\/2019\/10\/mercado-navidaden-Bad-Tolz-768x510.jpg 768w, https:\/\/www.eldigitaldeasturias.com\/noticias\/wp-content\/uploads\/2019\/10\/mercado-navidaden-Bad-Tolz-650x432.jpg 650w, https:\/\/www.eldigitaldeasturias.com\/noticias\/wp-content\/uploads\/2019\/10\/mercado-navidaden-Bad-Tolz.jpg 1010w\" sizes=\"auto, (max-width: 360px) 100vw, 360px\" \/><figcaption id=\"caption-attachment-1043029\" class=\"wp-caption-text\">El mercado de Navidad es hermoso para visitar del 22 de noviembre al 24 de diciembre. Foto: Haderlein, Petzl, Schnitzer\/Stadt Bad T\u00f6lz\/dpa-tmn<\/figcaption><\/figure>\n<p>(dpa) &#8211; El primer puente colgante de cuerdas del estado federado alem\u00e1n de Turingia ya est\u00e1 abierto al p\u00fablico. Con 176 metros de largo, fue inaugurado al norte de la cadena monta\u00f1osa Hohe Schrecke. El puente se extiende por unos 25 metros sobre el valle de B\u00e4rental.<\/p>\n<p>A futuro formar\u00e1 parte de un camino de senderismo circular de unos tres kil\u00f3metros de largo. Seg\u00fan la informaci\u00f3n tur\u00edstica de Hohe Schrecke, la construcci\u00f3n de acero y madera representa la entrada a una zona boscosa conocida como el Bosque Viejo.<\/p>\n<h4><strong>SEED ABRE LA TEMPORADA DE ESQU\u00cd EN ISCHGL<\/strong><\/h4>\n<p>La banda Seed (\u00abDickes B\u00bb) inaugurar\u00e1 la temporada de esqu\u00ed en Ischgl con una presentaci\u00f3n en vivo ante un tel\u00f3n de fondo monta\u00f1oso invernal el 30 de noviembre.<\/p>\n<p>El pase de esqu\u00ed diario por 69 euros (unos 75 d\u00f3lares) tambi\u00e9n sirve al mismo tiempo como ticket de ingreso al concierto, informa la asociaci\u00f3n de turismo Paznaun Ischgl.<\/p>\n<p>En el pase de esqu\u00ed de al menos dos d\u00edas la entrada est\u00e1 incluida. En tanto, se podr\u00e1 esquiar en la regi\u00f3n de Silvretta Arena con 239 kil\u00f3metros de pistas ya desde el 28 de noviembre.<\/p>\n<h3><strong>EXPOSICI\u00d3N EN HAMBURGO: AS\u00cd ES ESTADOS UNIDOS<\/strong><\/h3>\n<p>Una nueva exposici\u00f3n en Hamburgo est\u00e1 dedicada al estilo de vida estadounidense. El Bucerius Kunstforum presenta desde el 19 de octubre hasta el 12 de enero de 2020 obras de los cuatro artistas estadounidenses Walt Disney, Norman Rockwell, Jackson Pollock y Andy Warhol.<\/p>\n<p>Todos ellos retratan el \u00abAmerican Way of Life\u00bb, seg\u00fan explic\u00f3 el organismo de turismo de Hamburgo, e impregnaron la imagen de Estados Unidos en la alta cultura y en la cultura pop.<\/p>\n<h4>LA NAVEGANTE HOLANDESA LAURA DEKKER BAUTIZA \u00abHANSEATIC INSPIRATION\u00bb<\/h4>\n<p>La navegante holandesa Laura Dekker, que dio la vuelta al mundo, bautizar\u00e1 el nuevo barco crucero de expedici\u00f3n \u00abHanseatic inspiration\u00bb el 11 de octubre en el puerto de Hamburgo, seg\u00fan inform\u00f3 Hapag-Lloyd Cruises.<\/p>\n<p>La nueva construcci\u00f3n es el segundo barco de una nueva serie de la compa\u00f1\u00eda naviera. \u00abEl Hanseatic Nature\u00bb comenz\u00f3 a operar ya en primavera y en 2021 le seguir\u00e1 el \u00abHanseatic spirit\u00bb, en la misma l\u00ednea.<\/p>\n<h4>BAD T\u00d6LZ: MERCADO NAVIDE\u00d1O Y CARRERA DEL KRAMPUS<\/h4>\n<p>El mercado navide\u00f1o en Bad T\u00f6lz ofrece este a\u00f1o nuevamente un colorido programa como marco: desde el 22 de noviembre hasta el 24 de diciembre los visitantes del balneario b\u00e1varo pueden por ejemplo hacer manualidades en el museo de la ciudad, trasladarse en carruaje y entregar una carta en la \u00aboficina de correos de Navidad\u00bb, seg\u00fan lo dieron a conocer las autoridades de turismo.<\/p>\n<p>Y, quien busque emociones m\u00e1s fuertes, puede optar por la Carrera del Krampus, el tradicional personaje: los enmascarados con cuernos atemorizan corriendo por las callejuelas.<\/p>\n<p>&nbsp;<\/p>\n","protected":false},"excerpt":{"rendered":"<p>(dpa) &#8211; El primer puente colgante de cuerdas del estado federado alem\u00e1n de Turingia ya est\u00e1 abierto al p\u00fablico. Con 176 metros de largo, fue inaugurado al norte de la cadena monta\u00f1osa Hohe Schrecke. El puente se extiende por unos 25 metros sobre el valle de B\u00e4rental. A futuro formar\u00e1 parte de un camino de [&hellip;]<\/p>\n","protected":false},"author":1,"featured_media":1043029,"comment_status":"closed","ping_status":"closed","sticky":false,"template":"","format":"standard","meta":{"footnotes":""},"categories":[148],"tags":[],"class_list":["post-1043028","post","type-post","status-publish","format-standard","has-post-thumbnail","hentry","category-turismo"],"aioseo_notices":[],"aioseo_head":"\n\t\t<!-- All in One SEO Pro 4.9.6.2 - aioseo.com -->\n\t<meta name=\"description\" content=\"(dpa) - El primer puente colgante de cuerdas del estado federado alem\u00e1n de Turingia ya est\u00e1 abierto al p\u00fablico. Con 176 metros de largo, fue inaugurado al norte de la cadena monta\u00f1osa Hohe Schrecke. El puente se extiende por unos 25 metros sobre el valle de B\u00e4rental. A futuro formar\u00e1 parte de un camino de\" \/>\n\t<meta name=\"robots\" content=\"max-image-preview:large\" \/>\n\t<meta name=\"author\" content=\"El Digital de Asturias\"\/>\n\t<meta name=\"google-site-verification\" content=\"UA-38556648-1\" \/>\n\t<meta name=\"msvalidate.01\" content=\"7dfe9f3f1b24437ab69f4f2559babe99\" \/>\n\t<meta name=\"keywords\" content=\"turismo\" \/>\n\t<link rel=\"canonical\" href=\"https:\/\/www.eldigitaldeasturias.com\/noticias\/turismo-en-alemania-y-planes-para-la-navidad\/\" \/>\n\t<meta name=\"generator\" content=\"All in One SEO Pro (AIOSEO) 4.9.6.2\" \/>\n\t\t<meta property=\"og:locale\" content=\"es_ES\" \/>\n\t\t<meta property=\"og:site_name\" content=\"El Digital de Asturias\" \/>\n\t\t<meta property=\"og:type\" content=\"article\" \/>\n\t\t<meta property=\"og:title\" content=\"Turismo en Alemania y planes para la Navidad - El Digital de Asturias\" \/>\n\t\t<meta property=\"og:description\" content=\"(dpa) - El primer puente colgante de cuerdas del estado federado alem\u00e1n de Turingia ya est\u00e1 abierto al p\u00fablico. Con 176 metros de largo, fue inaugurado al norte de la cadena monta\u00f1osa Hohe Schrecke. El puente se extiende por unos 25 metros sobre el valle de B\u00e4rental. A futuro formar\u00e1 parte de un camino de\" \/>\n\t\t<meta property=\"og:url\" content=\"https:\/\/www.eldigitaldeasturias.com\/noticias\/turismo-en-alemania-y-planes-para-la-navidad\/\" \/>\n\t\t<meta property=\"og:image\" content=\"https:\/\/www.eldigitaldeasturias.com\/noticias\/wp-content\/uploads\/2019\/10\/mercado-navidaden-Bad-Tolz.jpg\" \/>\n\t\t<meta property=\"og:image:secure_url\" content=\"https:\/\/www.eldigitaldeasturias.com\/noticias\/wp-content\/uploads\/2019\/10\/mercado-navidaden-Bad-Tolz.jpg\" \/>\n\t\t<meta property=\"og:image:width\" content=\"1010\" \/>\n\t\t<meta property=\"og:image:height\" content=\"671\" \/>\n\t\t<meta property=\"article:tag\" content=\"turismo\" \/>\n\t\t<meta property=\"article:published_time\" content=\"2019-10-08T00:06:56+00:00\" \/>\n\t\t<meta property=\"article:modified_time\" content=\"2019-10-08T00:06:56+00:00\" \/>\n\t\t<meta property=\"article:publisher\" content=\"https:\/\/facebook.com\/eldigitaldeasturias\" \/>\n\t\t<meta name=\"twitter:card\" content=\"summary_large_image\" \/>\n\t\t<meta name=\"twitter:title\" content=\"Turismo en Alemania y planes para la Navidad - El Digital de Asturias\" \/>\n\t\t<meta name=\"twitter:description\" content=\"(dpa) - El primer puente colgante de cuerdas del estado federado alem\u00e1n de Turingia ya est\u00e1 abierto al p\u00fablico. Con 176 metros de largo, fue inaugurado al norte de la cadena monta\u00f1osa Hohe Schrecke. El puente se extiende por unos 25 metros sobre el valle de B\u00e4rental. A futuro formar\u00e1 parte de un camino de\" \/>\n\t\t<meta name=\"twitter:image\" content=\"https:\/\/www.eldigitaldeasturias.com\/noticias\/wp-content\/uploads\/2019\/10\/mercado-navidaden-Bad-Tolz.jpg\" \/>\n\t\t<meta name=\"twitter:label1\" content=\"Escrito por\" \/>\n\t\t<meta name=\"twitter:data1\" content=\"El Digital de Asturias\" \/>\n\t\t<meta name=\"twitter:label2\" content=\"Tiempo de lectura estimado\" \/>\n\t\t<meta name=\"twitter:data2\" content=\"2 minutos\" \/>\n\t\t<script type=\"application\/ld+json\" class=\"aioseo-schema\">\n\t\t\t{\"@context\":\"https:\\\/\\\/schema.org\",\"@graph\":[{\"@type\":\"BlogPosting\",\"@id\":\"https:\\\/\\\/www.eldigitaldeasturias.com\\\/noticias\\\/turismo-en-alemania-y-planes-para-la-navidad\\\/#blogposting\",\"name\":\"Turismo en Alemania y planes para la Navidad - El Digital de Asturias\",\"headline\":\"Turismo en Alemania y planes para la Navidad\",\"author\":{\"@id\":\"https:\\\/\\\/www.eldigitaldeasturias.com\\\/noticias\\\/author\\\/admin\\\/#author\"},\"publisher\":{\"@id\":\"https:\\\/\\\/www.eldigitaldeasturias.com\\\/noticias\\\/#organization\"},\"image\":{\"@type\":\"ImageObject\",\"url\":\"https:\\\/\\\/www.eldigitaldeasturias.com\\\/noticias\\\/wp-content\\\/uploads\\\/2019\\\/10\\\/mercado-navidaden-Bad-Tolz.jpg\",\"width\":1010,\"height\":671,\"caption\":\"El mercado de Navidad es hermoso para visitar del 22 de noviembre al 24 de diciembre. Foto: Haderlein, Petzl, Schnitzer\\\/Stadt Bad T\\u00f6lz\\\/dpa-tmn\"},\"datePublished\":\"2019-10-08T00:06:56+02:00\",\"dateModified\":\"2019-10-08T00:06:56+02:00\",\"inLanguage\":\"es-ES\",\"mainEntityOfPage\":{\"@id\":\"https:\\\/\\\/www.eldigitaldeasturias.com\\\/noticias\\\/turismo-en-alemania-y-planes-para-la-navidad\\\/#webpage\"},\"isPartOf\":{\"@id\":\"https:\\\/\\\/www.eldigitaldeasturias.com\\\/noticias\\\/turismo-en-alemania-y-planes-para-la-navidad\\\/#webpage\"},\"articleSection\":\"Turismo\"},{\"@type\":\"BreadcrumbList\",\"@id\":\"https:\\\/\\\/www.eldigitaldeasturias.com\\\/noticias\\\/turismo-en-alemania-y-planes-para-la-navidad\\\/#breadcrumblist\",\"itemListElement\":[{\"@type\":\"ListItem\",\"@id\":\"https:\\\/\\\/www.eldigitaldeasturias.com\\\/noticias#listItem\",\"position\":1,\"name\":\"Home\",\"item\":\"https:\\\/\\\/www.eldigitaldeasturias.com\\\/noticias\",\"nextItem\":{\"@type\":\"ListItem\",\"@id\":\"https:\\\/\\\/www.eldigitaldeasturias.com\\\/noticias\\\/category\\\/turismo\\\/#listItem\",\"name\":\"Turismo\"}},{\"@type\":\"ListItem\",\"@id\":\"https:\\\/\\\/www.eldigitaldeasturias.com\\\/noticias\\\/category\\\/turismo\\\/#listItem\",\"position\":2,\"name\":\"Turismo\",\"item\":\"https:\\\/\\\/www.eldigitaldeasturias.com\\\/noticias\\\/category\\\/turismo\\\/\",\"nextItem\":{\"@type\":\"ListItem\",\"@id\":\"https:\\\/\\\/www.eldigitaldeasturias.com\\\/noticias\\\/turismo-en-alemania-y-planes-para-la-navidad\\\/#listItem\",\"name\":\"Turismo en Alemania y planes para la Navidad\"},\"previousItem\":{\"@type\":\"ListItem\",\"@id\":\"https:\\\/\\\/www.eldigitaldeasturias.com\\\/noticias#listItem\",\"name\":\"Home\"}},{\"@type\":\"ListItem\",\"@id\":\"https:\\\/\\\/www.eldigitaldeasturias.com\\\/noticias\\\/turismo-en-alemania-y-planes-para-la-navidad\\\/#listItem\",\"position\":3,\"name\":\"Turismo en Alemania y planes para la Navidad\",\"previousItem\":{\"@type\":\"ListItem\",\"@id\":\"https:\\\/\\\/www.eldigitaldeasturias.com\\\/noticias\\\/category\\\/turismo\\\/#listItem\",\"name\":\"Turismo\"}}]},{\"@type\":\"Organization\",\"@id\":\"https:\\\/\\\/www.eldigitaldeasturias.com\\\/noticias\\\/#organization\",\"name\":\"El Digital de Asturias\",\"description\":\"Hemeroteca\",\"url\":\"https:\\\/\\\/www.eldigitaldeasturias.com\\\/noticias\\\/\",\"email\":\"info@eldigitaldeasturias.com\",\"telephone\":\"+34652131393\",\"logo\":{\"@type\":\"ImageObject\",\"url\":\"https:\\\/\\\/www.eldigitaldeasturias.com\\\/noticias\\\/wp-content\\\/uploads\\\/2020\\\/12\\\/EDA.jpg\",\"@id\":\"https:\\\/\\\/www.eldigitaldeasturias.com\\\/noticias\\\/turismo-en-alemania-y-planes-para-la-navidad\\\/#organizationLogo\",\"width\":649,\"height\":297},\"image\":{\"@id\":\"https:\\\/\\\/www.eldigitaldeasturias.com\\\/noticias\\\/turismo-en-alemania-y-planes-para-la-navidad\\\/#organizationLogo\"},\"sameAs\":[\"https:\\\/\\\/facebook.com\\\/eldigitaldeasturias\",\"https:\\\/\\\/www.youtube.com\\\/channel\\\/UCZP-2wLEB9Rv6erhFmqVnvg\"],\"address\":{\"@id\":\"https:\\\/\\\/www.eldigitaldeasturias.com\\\/noticias\\\/#postaladdress\",\"@type\":\"PostalAddress\",\"streetAddress\":\"san antonio 4,\",\"postalCode\":\"33430\",\"addressLocality\":\"Cand\\u00e1s\",\"addressRegion\":\"Asturias\",\"addressCountry\":\"ES\"}},{\"@type\":\"Person\",\"@id\":\"https:\\\/\\\/www.eldigitaldeasturias.com\\\/noticias\\\/author\\\/admin\\\/#author\",\"url\":\"https:\\\/\\\/www.eldigitaldeasturias.com\\\/noticias\\\/author\\\/admin\\\/\",\"name\":\"El Digital de Asturias\",\"image\":{\"@type\":\"ImageObject\",\"@id\":\"https:\\\/\\\/www.eldigitaldeasturias.com\\\/noticias\\\/turismo-en-alemania-y-planes-para-la-navidad\\\/#authorImage\",\"url\":\"https:\\\/\\\/www.eldigitaldeasturias.com\\\/noticias\\\/wp-content\\\/litespeed\\\/avatar\\\/18677e78aa0546b92d9dbf31ec7d7668.jpg?ver=1777290358\",\"width\":96,\"height\":96,\"caption\":\"El Digital de Asturias\"}},{\"@type\":\"WebPage\",\"@id\":\"https:\\\/\\\/www.eldigitaldeasturias.com\\\/noticias\\\/turismo-en-alemania-y-planes-para-la-navidad\\\/#webpage\",\"url\":\"https:\\\/\\\/www.eldigitaldeasturias.com\\\/noticias\\\/turismo-en-alemania-y-planes-para-la-navidad\\\/\",\"name\":\"Turismo en Alemania y planes para la Navidad - El Digital de Asturias\",\"description\":\"(dpa) - El primer puente colgante de cuerdas del estado federado alem\\u00e1n de Turingia ya est\\u00e1 abierto al p\\u00fablico. Con 176 metros de largo, fue inaugurado al norte de la cadena monta\\u00f1osa Hohe Schrecke. El puente se extiende por unos 25 metros sobre el valle de B\\u00e4rental. A futuro formar\\u00e1 parte de un camino de\",\"inLanguage\":\"es-ES\",\"isPartOf\":{\"@id\":\"https:\\\/\\\/www.eldigitaldeasturias.com\\\/noticias\\\/#website\"},\"breadcrumb\":{\"@id\":\"https:\\\/\\\/www.eldigitaldeasturias.com\\\/noticias\\\/turismo-en-alemania-y-planes-para-la-navidad\\\/#breadcrumblist\"},\"author\":{\"@id\":\"https:\\\/\\\/www.eldigitaldeasturias.com\\\/noticias\\\/author\\\/admin\\\/#author\"},\"creator\":{\"@id\":\"https:\\\/\\\/www.eldigitaldeasturias.com\\\/noticias\\\/author\\\/admin\\\/#author\"},\"image\":{\"@type\":\"ImageObject\",\"url\":\"https:\\\/\\\/www.eldigitaldeasturias.com\\\/noticias\\\/wp-content\\\/uploads\\\/2019\\\/10\\\/mercado-navidaden-Bad-Tolz.jpg\",\"@id\":\"https:\\\/\\\/www.eldigitaldeasturias.com\\\/noticias\\\/turismo-en-alemania-y-planes-para-la-navidad\\\/#mainImage\",\"width\":1010,\"height\":671,\"caption\":\"El mercado de Navidad es hermoso para visitar del 22 de noviembre al 24 de diciembre. Foto: Haderlein, Petzl, Schnitzer\\\/Stadt Bad T\\u00f6lz\\\/dpa-tmn\"},\"primaryImageOfPage\":{\"@id\":\"https:\\\/\\\/www.eldigitaldeasturias.com\\\/noticias\\\/turismo-en-alemania-y-planes-para-la-navidad\\\/#mainImage\"},\"datePublished\":\"2019-10-08T00:06:56+02:00\",\"dateModified\":\"2019-10-08T00:06:56+02:00\"},{\"@type\":\"WebSite\",\"@id\":\"https:\\\/\\\/www.eldigitaldeasturias.com\\\/noticias\\\/#website\",\"url\":\"https:\\\/\\\/www.eldigitaldeasturias.com\\\/noticias\\\/\",\"name\":\"El Digital de Asturias - Diario de actualidad y noticias\",\"alternateName\":\"El Digital de Asturias - Diario de actualidad y noticias\",\"description\":\"Hemeroteca\",\"inLanguage\":\"es-ES\",\"publisher\":{\"@id\":\"https:\\\/\\\/www.eldigitaldeasturias.com\\\/noticias\\\/#organization\"}}]}\n\t\t<\/script>\n\t\t<!-- All in One SEO Pro -->\r\n\t\t<title>Turismo en Alemania y planes para la Navidad - El Digital de Asturias<\/title>\n\n","aioseo_head_json":{"title":"Turismo en Alemania y planes para la Navidad - El Digital de Asturias","description":"(dpa) - El primer puente colgante de cuerdas del estado federado alem\u00e1n de Turingia ya est\u00e1 abierto al p\u00fablico. Con 176 metros de largo, fue inaugurado al norte de la cadena monta\u00f1osa Hohe Schrecke. El puente se extiende por unos 25 metros sobre el valle de B\u00e4rental. A futuro formar\u00e1 parte de un camino de","canonical_url":"https:\/\/www.eldigitaldeasturias.com\/noticias\/turismo-en-alemania-y-planes-para-la-navidad\/","robots":"max-image-preview:large","keywords":"turismo","webmasterTools":{"google-site-verification":"UA-38556648-1","msvalidate.01":"7dfe9f3f1b24437ab69f4f2559babe99","miscellaneous":""},"schema":{"@context":"https:\/\/schema.org","@graph":[{"@type":"BlogPosting","@id":"https:\/\/www.eldigitaldeasturias.com\/noticias\/turismo-en-alemania-y-planes-para-la-navidad\/#blogposting","name":"Turismo en Alemania y planes para la Navidad - El Digital de Asturias","headline":"Turismo en Alemania y planes para la Navidad","author":{"@id":"https:\/\/www.eldigitaldeasturias.com\/noticias\/author\/admin\/#author"},"publisher":{"@id":"https:\/\/www.eldigitaldeasturias.com\/noticias\/#organization"},"image":{"@type":"ImageObject","url":"https:\/\/www.eldigitaldeasturias.com\/noticias\/wp-content\/uploads\/2019\/10\/mercado-navidaden-Bad-Tolz.jpg","width":1010,"height":671,"caption":"El mercado de Navidad es hermoso para visitar del 22 de noviembre al 24 de diciembre. Foto: Haderlein, Petzl, Schnitzer\/Stadt Bad T\u00f6lz\/dpa-tmn"},"datePublished":"2019-10-08T00:06:56+02:00","dateModified":"2019-10-08T00:06:56+02:00","inLanguage":"es-ES","mainEntityOfPage":{"@id":"https:\/\/www.eldigitaldeasturias.com\/noticias\/turismo-en-alemania-y-planes-para-la-navidad\/#webpage"},"isPartOf":{"@id":"https:\/\/www.eldigitaldeasturias.com\/noticias\/turismo-en-alemania-y-planes-para-la-navidad\/#webpage"},"articleSection":"Turismo"},{"@type":"BreadcrumbList","@id":"https:\/\/www.eldigitaldeasturias.com\/noticias\/turismo-en-alemania-y-planes-para-la-navidad\/#breadcrumblist","itemListElement":[{"@type":"ListItem","@id":"https:\/\/www.eldigitaldeasturias.com\/noticias#listItem","position":1,"name":"Home","item":"https:\/\/www.eldigitaldeasturias.com\/noticias","nextItem":{"@type":"ListItem","@id":"https:\/\/www.eldigitaldeasturias.com\/noticias\/category\/turismo\/#listItem","name":"Turismo"}},{"@type":"ListItem","@id":"https:\/\/www.eldigitaldeasturias.com\/noticias\/category\/turismo\/#listItem","position":2,"name":"Turismo","item":"https:\/\/www.eldigitaldeasturias.com\/noticias\/category\/turismo\/","nextItem":{"@type":"ListItem","@id":"https:\/\/www.eldigitaldeasturias.com\/noticias\/turismo-en-alemania-y-planes-para-la-navidad\/#listItem","name":"Turismo en Alemania y planes para la Navidad"},"previousItem":{"@type":"ListItem","@id":"https:\/\/www.eldigitaldeasturias.com\/noticias#listItem","name":"Home"}},{"@type":"ListItem","@id":"https:\/\/www.eldigitaldeasturias.com\/noticias\/turismo-en-alemania-y-planes-para-la-navidad\/#listItem","position":3,"name":"Turismo en Alemania y planes para la Navidad","previousItem":{"@type":"ListItem","@id":"https:\/\/www.eldigitaldeasturias.com\/noticias\/category\/turismo\/#listItem","name":"Turismo"}}]},{"@type":"Organization","@id":"https:\/\/www.eldigitaldeasturias.com\/noticias\/#organization","name":"El Digital de Asturias","description":"Hemeroteca","url":"https:\/\/www.eldigitaldeasturias.com\/noticias\/","email":"info@eldigitaldeasturias.com","telephone":"+34652131393","logo":{"@type":"ImageObject","url":"https:\/\/www.eldigitaldeasturias.com\/noticias\/wp-content\/uploads\/2020\/12\/EDA.jpg","@id":"https:\/\/www.eldigitaldeasturias.com\/noticias\/turismo-en-alemania-y-planes-para-la-navidad\/#organizationLogo","width":649,"height":297},"image":{"@id":"https:\/\/www.eldigitaldeasturias.com\/noticias\/turismo-en-alemania-y-planes-para-la-navidad\/#organizationLogo"},"sameAs":["https:\/\/facebook.com\/eldigitaldeasturias","https:\/\/www.youtube.com\/channel\/UCZP-2wLEB9Rv6erhFmqVnvg"],"address":{"@id":"https:\/\/www.eldigitaldeasturias.com\/noticias\/#postaladdress","@type":"PostalAddress","streetAddress":"san antonio 4,","postalCode":"33430","addressLocality":"Cand\u00e1s","addressRegion":"Asturias","addressCountry":"ES"}},{"@type":"Person","@id":"https:\/\/www.eldigitaldeasturias.com\/noticias\/author\/admin\/#author","url":"https:\/\/www.eldigitaldeasturias.com\/noticias\/author\/admin\/","name":"El Digital de Asturias","image":{"@type":"ImageObject","@id":"https:\/\/www.eldigitaldeasturias.com\/noticias\/turismo-en-alemania-y-planes-para-la-navidad\/#authorImage","url":"https:\/\/www.eldigitaldeasturias.com\/noticias\/wp-content\/litespeed\/avatar\/18677e78aa0546b92d9dbf31ec7d7668.jpg?ver=1777290358","width":96,"height":96,"caption":"El Digital de Asturias"}},{"@type":"WebPage","@id":"https:\/\/www.eldigitaldeasturias.com\/noticias\/turismo-en-alemania-y-planes-para-la-navidad\/#webpage","url":"https:\/\/www.eldigitaldeasturias.com\/noticias\/turismo-en-alemania-y-planes-para-la-navidad\/","name":"Turismo en Alemania y planes para la Navidad - El Digital de Asturias","description":"(dpa) - El primer puente colgante de cuerdas del estado federado alem\u00e1n de Turingia ya est\u00e1 abierto al p\u00fablico. Con 176 metros de largo, fue inaugurado al norte de la cadena monta\u00f1osa Hohe Schrecke. El puente se extiende por unos 25 metros sobre el valle de B\u00e4rental. A futuro formar\u00e1 parte de un camino de","inLanguage":"es-ES","isPartOf":{"@id":"https:\/\/www.eldigitaldeasturias.com\/noticias\/#website"},"breadcrumb":{"@id":"https:\/\/www.eldigitaldeasturias.com\/noticias\/turismo-en-alemania-y-planes-para-la-navidad\/#breadcrumblist"},"author":{"@id":"https:\/\/www.eldigitaldeasturias.com\/noticias\/author\/admin\/#author"},"creator":{"@id":"https:\/\/www.eldigitaldeasturias.com\/noticias\/author\/admin\/#author"},"image":{"@type":"ImageObject","url":"https:\/\/www.eldigitaldeasturias.com\/noticias\/wp-content\/uploads\/2019\/10\/mercado-navidaden-Bad-Tolz.jpg","@id":"https:\/\/www.eldigitaldeasturias.com\/noticias\/turismo-en-alemania-y-planes-para-la-navidad\/#mainImage","width":1010,"height":671,"caption":"El mercado de Navidad es hermoso para visitar del 22 de noviembre al 24 de diciembre. Foto: Haderlein, Petzl, Schnitzer\/Stadt Bad T\u00f6lz\/dpa-tmn"},"primaryImageOfPage":{"@id":"https:\/\/www.eldigitaldeasturias.com\/noticias\/turismo-en-alemania-y-planes-para-la-navidad\/#mainImage"},"datePublished":"2019-10-08T00:06:56+02:00","dateModified":"2019-10-08T00:06:56+02:00"},{"@type":"WebSite","@id":"https:\/\/www.eldigitaldeasturias.com\/noticias\/#website","url":"https:\/\/www.eldigitaldeasturias.com\/noticias\/","name":"El Digital de Asturias - Diario de actualidad y noticias","alternateName":"El Digital de Asturias - Diario de actualidad y noticias","description":"Hemeroteca","inLanguage":"es-ES","publisher":{"@id":"https:\/\/www.eldigitaldeasturias.com\/noticias\/#organization"}}]},"og:locale":"es_ES","og:site_name":"El Digital de Asturias","og:type":"article","og:title":"Turismo en Alemania y planes para la Navidad - El Digital de Asturias","og:description":"(dpa) - El primer puente colgante de cuerdas del estado federado alem\u00e1n de Turingia ya est\u00e1 abierto al p\u00fablico. Con 176 metros de largo, fue inaugurado al norte de la cadena monta\u00f1osa Hohe Schrecke. El puente se extiende por unos 25 metros sobre el valle de B\u00e4rental. A futuro formar\u00e1 parte de un camino de","og:url":"https:\/\/www.eldigitaldeasturias.com\/noticias\/turismo-en-alemania-y-planes-para-la-navidad\/","og:image":"https:\/\/www.eldigitaldeasturias.com\/noticias\/wp-content\/uploads\/2019\/10\/mercado-navidaden-Bad-Tolz.jpg","og:image:secure_url":"https:\/\/www.eldigitaldeasturias.com\/noticias\/wp-content\/uploads\/2019\/10\/mercado-navidaden-Bad-Tolz.jpg","og:image:width":1010,"og:image:height":671,"article:tag":["turismo"],"article:published_time":"2019-10-08T00:06:56+00:00","article:modified_time":"2019-10-08T00:06:56+00:00","article:publisher":"https:\/\/facebook.com\/eldigitaldeasturias","twitter:card":"summary_large_image","twitter:title":"Turismo en Alemania y planes para la Navidad - El Digital de Asturias","twitter:description":"(dpa) - El primer puente colgante de cuerdas del estado federado alem\u00e1n de Turingia ya est\u00e1 abierto al p\u00fablico. Con 176 metros de largo, fue inaugurado al norte de la cadena monta\u00f1osa Hohe Schrecke. El puente se extiende por unos 25 metros sobre el valle de B\u00e4rental. A futuro formar\u00e1 parte de un camino de","twitter:image":"https:\/\/www.eldigitaldeasturias.com\/noticias\/wp-content\/uploads\/2019\/10\/mercado-navidaden-Bad-Tolz.jpg","twitter:label1":"Escrito por","twitter:data1":"El Digital de Asturias","twitter:label2":"Tiempo de lectura estimado","twitter:data2":"2 minutos"},"aioseo_meta_data":{"post_id":"1043028","title":null,"description":null,"keywords":null,"keyphrases":null,"primary_term":null,"canonical_url":null,"og_title":null,"og_description":null,"og_object_type":"default","og_image_type":"default","og_image_url":null,"og_image_width":null,"og_image_height":null,"og_image_custom_url":null,"og_image_custom_fields":null,"og_video":null,"og_custom_url":null,"og_article_section":null,"og_article_tags":null,"twitter_use_og":false,"twitter_card":"default","twitter_image_type":"default","twitter_image_url":null,"twitter_image_custom_url":null,"twitter_image_custom_fields":null,"twitter_title":null,"twitter_description":null,"schema":{"blockGraphs":[],"customGraphs":[],"default":{"data":{"Article":[],"Course":[],"Dataset":[],"FAQPage":[],"Movie":[],"Person":[],"Product":[],"ProductReview":[],"Car":[],"Recipe":[],"Service":[],"SoftwareApplication":[],"WebPage":[]},"graphName":"","isEnabled":true},"graphs":[],"defaultGraph":"","defaultPostTypeGraph":""},"schema_type":null,"schema_type_options":null,"pillar_content":false,"robots_default":true,"robots_noindex":false,"robots_noarchive":false,"robots_nosnippet":false,"robots_nofollow":false,"robots_noimageindex":false,"robots_noodp":false,"robots_notranslate":false,"robots_max_snippet":null,"robots_max_videopreview":null,"robots_max_imagepreview":"large","priority":null,"frequency":null,"local_seo":null,"seo_analyzer_scan_date":"2025-10-23 22:14:06","breadcrumb_settings":null,"limit_modified_date":false,"open_ai":null,"ai":null,"created":"2020-12-21 11:02:58","updated":"2025-10-23 22:14:06"},"aioseo_breadcrumb":"<div class=\"aioseo-breadcrumbs\"><span class=\"aioseo-breadcrumb\">\n\t<a href=\"https:\/\/www.eldigitaldeasturias.com\/noticias\" title=\"Home\">Home<\/a>\n<\/span><span class=\"aioseo-breadcrumb-separator\">\u2013<\/span><span class=\"aioseo-breadcrumb\">\n\t<a href=\"https:\/\/www.eldigitaldeasturias.com\/noticias\/category\/turismo\/\" title=\"Turismo\">Turismo<\/a>\n<\/span><span class=\"aioseo-breadcrumb-separator\">\u2013<\/span><span class=\"aioseo-breadcrumb\">\n\t<a href=\"https:\/\/www.eldigitaldeasturias.com\/noticias\/turismo-en-alemania-y-planes-para-la-navidad\/\" title=\"Turismo en Alemania y planes para la Navidad\">Turismo en Alemania y planes para la Navidad<\/a>\n<\/span><\/div>","aioseo_breadcrumb_json":[{"label":"Home","link":"https:\/\/www.eldigitaldeasturias.com\/noticias"},{"label":"Turismo","link":"https:\/\/www.eldigitaldeasturias.com\/noticias\/category\/turismo\/"},{"label":"Turismo en Alemania y planes para la Navidad","link":"https:\/\/www.eldigitaldeasturias.com\/noticias\/turismo-en-alemania-y-planes-para-la-navidad\/"}],"_links":{"self":[{"href":"https:\/\/www.eldigitaldeasturias.com\/noticias\/wp-json\/wp\/v2\/posts\/1043028","targetHints":{"allow":["GET"]}}],"collection":[{"href":"https:\/\/www.eldigitaldeasturias.com\/noticias\/wp-json\/wp\/v2\/posts"}],"about":[{"href":"https:\/\/www.eldigitaldeasturias.com\/noticias\/wp-json\/wp\/v2\/types\/post"}],"author":[{"embeddable":true,"href":"https:\/\/www.eldigitaldeasturias.com\/noticias\/wp-json\/wp\/v2\/users\/1"}],"replies":[{"embeddable":true,"href":"https:\/\/www.eldigitaldeasturias.com\/noticias\/wp-json\/wp\/v2\/comments?post=1043028"}],"version-history":[{"count":0,"href":"https:\/\/www.eldigitaldeasturias.com\/noticias\/wp-json\/wp\/v2\/posts\/1043028\/revisions"}],"wp:featuredmedia":[{"embeddable":true,"href":"https:\/\/www.eldigitaldeasturias.com\/noticias\/wp-json\/wp\/v2\/media\/1043029"}],"wp:attachment":[{"href":"https:\/\/www.eldigitaldeasturias.com\/noticias\/wp-json\/wp\/v2\/media?parent=1043028"}],"wp:term":[{"taxonomy":"category","embeddable":true,"href":"https:\/\/www.eldigitaldeasturias.com\/noticias\/wp-json\/wp\/v2\/categories?post=1043028"},{"taxonomy":"post_tag","embeddable":true,"href":"https:\/\/www.eldigitaldeasturias.com\/noticias\/wp-json\/wp\/v2\/tags?post=1043028"}],"curies":[{"name":"wp","href":"https:\/\/api.w.org\/{rel}","templated":true}]}}