{"id":1042666,"date":"2019-10-04T12:52:09","date_gmt":"2019-10-04T12:52:09","guid":{"rendered":"https:\/\/www.eldigitaldeasturias.com\/noticias\/?p=1042666"},"modified":"2019-10-04T12:52:09","modified_gmt":"2019-10-04T12:52:09","slug":"llega-la-berrea-del-ciervo-al-parque-natural-de-los-alcornocales-2","status":"publish","type":"post","link":"https:\/\/www.eldigitaldeasturias.com\/noticias\/llega-la-berrea-del-ciervo-al-parque-natural-de-los-alcornocales-2\/","title":{"rendered":"Otro\u00f1o 2019: Llega la berrea del ciervo al parque natural de Los Alcornocales"},"content":{"rendered":"<p><img loading=\"lazy\" decoding=\"async\" class=\"alignleft size-medium wp-image-1042667\" src=\"https:\/\/www.eldigitaldeasturias.com\/noticias\/wp-content\/uploads\/2019\/10\/BerreaManueldelaVarga-360x183.jpg\" alt=\"\" width=\"360\" height=\"183\" srcset=\"https:\/\/www.eldigitaldeasturias.com\/noticias\/wp-content\/uploads\/2019\/10\/BerreaManueldelaVarga-360x183.jpg 360w, https:\/\/www.eldigitaldeasturias.com\/noticias\/wp-content\/uploads\/2019\/10\/BerreaManueldelaVarga-768x390.jpg 768w, https:\/\/www.eldigitaldeasturias.com\/noticias\/wp-content\/uploads\/2019\/10\/BerreaManueldelaVarga-650x330.jpg 650w, https:\/\/www.eldigitaldeasturias.com\/noticias\/wp-content\/uploads\/2019\/10\/BerreaManueldelaVarga.jpg 960w\" sizes=\"auto, (max-width: 360px) 100vw, 360px\" \/>Llega el oto\u00f1o y con \u00e9l la berrea del ciervo, uno de los espect\u00e1culos m\u00e1s estremecedores del parque natural de los Alcornocales. Los ciervos \u2013m\u00e1s conocidos en la zona como venados- cuentan en Los Alcornocales con una poblaci\u00f3n de en torno a los 35.000 ejemplares que, cuando acaba el verano, se baten en una lucha sin cuartel por cubrir a las hembras.<\/p>\n<p>La berrea comienza con los bramidos y contin\u00faa durante varios d\u00edas con la batalla en la que chocan sus astas hasta quedar exhaustos. El sonido envuelve el coraz\u00f3n del parque y sus ecos se escuchan en varios kil\u00f3metros, especialmente al amanecer y tambi\u00e9n cuando cae la tarde.<\/p>\n<p>Este fen\u00f3meno natural dura cerca de un mes, suele empezar en septiembre -seg\u00fan el clima- y se prolonga hasta bien entrado el mes de octubre o de noviembre. Cada a\u00f1o son m\u00e1s las empresas y entidades que organizan excursiones para conocer la berrea del ciervo como, Tugasa, Castellar Gesti\u00f3n del Patrimonio, Arqueoroutes, Genatur, Ruta 7, y Mundoposibilidades, entre otras.<\/p>\n<p>Tugasa, la red de alojamientos rurales de la Diputaci\u00f3n de C\u00e1diz, organiza incursiones por el bosque para asistir a este ritual de celos y batallas entre los ciervos que luchan por hacerse con su har\u00e9n y perpetuar la especie con los cervatillos que nacer\u00e1n en primavera. Tugasa oferta un paquete para dos personas que permite disfrutar de este espect\u00e1culo de la naturaleza en 4&#215;4, junto a la estancia durante dos noches en r\u00e9gimen de media pensi\u00f3n en el Castillo de Castellar por un precio de 125 euros por persona.<\/p>\n<p>Desde el castillo, acompa\u00f1ado de gu\u00edas, podr\u00e1 observar este gran espect\u00e1culo de la naturaleza. Del 20 de septiembre al 13 de octubre realizar\u00e1n salidas por el parque natural de los Alcornocales para disfrutar del acontecimiento, convirtiendo la visita al parque en un espect\u00e1culo irrepetible.<\/p>\n<p>En Los Barrios, la Delegaci\u00f3n de Turismo ofrecen la oportunidad de ver y o\u00edr La Berrea dentro de un entorno privilegiado, La Finca Murtas, en pleno coraz\u00f3n del Parque Natural de Los Alcornocales. El d\u00eda 5 hay programada una salida de 4 horas al precio de 10 euros por persona.<\/p>\n<p>Genatur tambi\u00e9n ofrece la oportunidad de escuchar in situ el bramido de los ciervos sin necesidad de pernoctaci\u00f3n. Son actividades que se desarrollar\u00e1n en el parque natural de Los Alcornocales acompa\u00f1ados de gu\u00edas, adentr\u00e1ndose en el coraz\u00f3n del parque, para disfrutar de la experiencia. Llevar\u00e1n a cabo la explicaci\u00f3n sobre el reconocimiento de la especie, biolog\u00eda, el crecimiento de la cuerna, el desmogue, etc. La actividad de la escucha de la berrea del ciervo tendr\u00e1 lugar de 18.30 a 22.30 horas el 11 y 12 de octubre. El precio ser\u00e1 de 9 \u20ac por persona, previa inscripci\u00f3n.<\/p>\n<p>Ruta Siete organiza para visitas en todoterreno desde Jerez\u00a0para observar el celo del ciervo en los Montes de Propio de Jerez los\u00a0d\u00edas y 5 y 6 de octubre aunque tambi\u00e9n se puede a\u00f1adir otro d\u00eda bajo petici\u00f3n de un grupo.<\/p>\n<p>Herb\u00edvoros, errantes y noct\u00e1mbulos, los venados de los Alcornocales son de color gris\u00e1ceo en invierno y pardo rojizo en primavera, superan los cien kilos de peso y en julio se encuentran en su m\u00e1ximo esplendor. En la Sierra de C\u00e1diz es la especie de caza mayor con m\u00e1s importancia cineg\u00e9tica y en los Alcornocales encuentra su refugio ideal.<\/p>\n<h3>Una vegetaci\u00f3n desbordante<\/h3>\n<p>Su microclima, muy cercano al de las zonas tropicales, ha favorecido la proliferaci\u00f3n de una vegetaci\u00f3n exuberante, casi impenetrable con estrechos y profundos valles fluviales denominados canutos. El parque cuenta con una superficie de 170.025 hect\u00e1reas y se extiende por la provincia de C\u00e1diz de norte a sur, limitando al norte con el parque de Grazalema y al sur con el parque natural del Estrecho de Gibraltar.<\/p>\n<p>Habituales de este parque \u2013desde el que se divida la costa africana- son el buitre leonado y el b\u00faho real. Corzos, nutrias y meloncillos encuentran tambi\u00e9n su h\u00e1bitat en este parque, considerado el bosque mejor conservado de Europa. Cig\u00fce\u00f1as, \u00e1guilas calzadas, halcones y numeros\u00edsimas especies se dan cita en este entorno excepcional para los ornit\u00f3logos y en el que se puedepracticar el descenso de ca\u00f1ones, el pirag\u00fcismo, visitar restos arqueol\u00f3gicos o dar un paseo en globo aerost\u00e1tico. Aunque s\u00f3lo pasear por los milenarios bosques de alcornoques es ya una aventura.<\/p>\n<p>&nbsp;<\/p>\n","protected":false},"excerpt":{"rendered":"<p>Llega el oto\u00f1o y con \u00e9l la berrea del ciervo, uno de los espect\u00e1culos m\u00e1s estremecedores del parque natural de los Alcornocales. Los ciervos \u2013m\u00e1s conocidos en la zona como venados- cuentan en Los Alcornocales con una poblaci\u00f3n de en torno a los 35.000 ejemplares que, cuando acaba el verano, se baten en una lucha [&hellip;]<\/p>\n","protected":false},"author":1,"featured_media":1042667,"comment_status":"closed","ping_status":"closed","sticky":false,"template":"","format":"standard","meta":{"footnotes":""},"categories":[148],"tags":[],"class_list":["post-1042666","post","type-post","status-publish","format-standard","has-post-thumbnail","hentry","category-turismo"],"aioseo_notices":[],"aioseo_head":"\n\t\t<!-- All in One SEO Pro 4.9.6.2 - aioseo.com -->\n\t<meta name=\"description\" content=\"Llega el oto\u00f1o y con \u00e9l la berrea del ciervo, uno de los espect\u00e1culos m\u00e1s estremecedores del parque natural de los Alcornocales. Los ciervos \u2013m\u00e1s conocidos en la zona como venados- cuentan en Los Alcornocales con una poblaci\u00f3n de en torno a los 35.000 ejemplares que, cuando acaba el verano, se baten en una lucha\" \/>\n\t<meta name=\"robots\" content=\"max-image-preview:large\" \/>\n\t<meta name=\"author\" content=\"El Digital de Asturias\"\/>\n\t<meta name=\"google-site-verification\" content=\"UA-38556648-1\" \/>\n\t<meta name=\"msvalidate.01\" content=\"7dfe9f3f1b24437ab69f4f2559babe99\" \/>\n\t<meta name=\"keywords\" content=\"turismo\" \/>\n\t<link rel=\"canonical\" href=\"https:\/\/www.eldigitaldeasturias.com\/noticias\/llega-la-berrea-del-ciervo-al-parque-natural-de-los-alcornocales-2\/\" \/>\n\t<meta name=\"generator\" content=\"All in One SEO Pro (AIOSEO) 4.9.6.2\" \/>\n\t\t<meta property=\"og:locale\" content=\"es_ES\" \/>\n\t\t<meta property=\"og:site_name\" content=\"El Digital de Asturias\" \/>\n\t\t<meta property=\"og:type\" content=\"article\" \/>\n\t\t<meta property=\"og:title\" content=\"Otro\u00f1o 2019: Llega la berrea del ciervo al parque natural de Los Alcornocales - El Digital de Asturias\" \/>\n\t\t<meta property=\"og:description\" content=\"Llega el oto\u00f1o y con \u00e9l la berrea del ciervo, uno de los espect\u00e1culos m\u00e1s estremecedores del parque natural de los Alcornocales. Los ciervos \u2013m\u00e1s conocidos en la zona como venados- cuentan en Los Alcornocales con una poblaci\u00f3n de en torno a los 35.000 ejemplares que, cuando acaba el verano, se baten en una lucha\" \/>\n\t\t<meta property=\"og:url\" content=\"https:\/\/www.eldigitaldeasturias.com\/noticias\/llega-la-berrea-del-ciervo-al-parque-natural-de-los-alcornocales-2\/\" \/>\n\t\t<meta property=\"og:image\" content=\"https:\/\/www.eldigitaldeasturias.com\/noticias\/wp-content\/uploads\/2019\/10\/BerreaManueldelaVarga.jpg\" \/>\n\t\t<meta property=\"og:image:secure_url\" content=\"https:\/\/www.eldigitaldeasturias.com\/noticias\/wp-content\/uploads\/2019\/10\/BerreaManueldelaVarga.jpg\" \/>\n\t\t<meta property=\"og:image:width\" content=\"960\" \/>\n\t\t<meta property=\"og:image:height\" content=\"487\" \/>\n\t\t<meta property=\"article:tag\" content=\"turismo\" \/>\n\t\t<meta property=\"article:published_time\" content=\"2019-10-04T12:52:09+00:00\" \/>\n\t\t<meta property=\"article:modified_time\" content=\"2019-10-04T12:52:09+00:00\" \/>\n\t\t<meta property=\"article:publisher\" content=\"https:\/\/facebook.com\/eldigitaldeasturias\" \/>\n\t\t<meta name=\"twitter:card\" content=\"summary_large_image\" \/>\n\t\t<meta name=\"twitter:title\" content=\"Otro\u00f1o 2019: Llega la berrea del ciervo al parque natural de Los Alcornocales - El Digital de Asturias\" \/>\n\t\t<meta name=\"twitter:description\" content=\"Llega el oto\u00f1o y con \u00e9l la berrea del ciervo, uno de los espect\u00e1culos m\u00e1s estremecedores del parque natural de los Alcornocales. Los ciervos \u2013m\u00e1s conocidos en la zona como venados- cuentan en Los Alcornocales con una poblaci\u00f3n de en torno a los 35.000 ejemplares que, cuando acaba el verano, se baten en una lucha\" \/>\n\t\t<meta name=\"twitter:image\" content=\"https:\/\/www.eldigitaldeasturias.com\/noticias\/wp-content\/uploads\/2019\/10\/BerreaManueldelaVarga.jpg\" \/>\n\t\t<meta name=\"twitter:label1\" content=\"Escrito por\" \/>\n\t\t<meta name=\"twitter:data1\" content=\"El Digital de Asturias\" \/>\n\t\t<meta name=\"twitter:label2\" content=\"Tiempo de lectura estimado\" \/>\n\t\t<meta name=\"twitter:data2\" content=\"4 minutos\" \/>\n\t\t<script type=\"application\/ld+json\" class=\"aioseo-schema\">\n\t\t\t{\"@context\":\"https:\\\/\\\/schema.org\",\"@graph\":[{\"@type\":\"BlogPosting\",\"@id\":\"https:\\\/\\\/www.eldigitaldeasturias.com\\\/noticias\\\/llega-la-berrea-del-ciervo-al-parque-natural-de-los-alcornocales-2\\\/#blogposting\",\"name\":\"Otro\\u00f1o 2019: Llega la berrea del ciervo al parque natural de Los Alcornocales - El Digital de Asturias\",\"headline\":\"Otro\\u00f1o 2019: Llega la berrea del ciervo al parque natural de Los Alcornocales\",\"author\":{\"@id\":\"https:\\\/\\\/www.eldigitaldeasturias.com\\\/noticias\\\/author\\\/admin\\\/#author\"},\"publisher\":{\"@id\":\"https:\\\/\\\/www.eldigitaldeasturias.com\\\/noticias\\\/#organization\"},\"image\":{\"@type\":\"ImageObject\",\"url\":\"https:\\\/\\\/www.eldigitaldeasturias.com\\\/noticias\\\/wp-content\\\/uploads\\\/2019\\\/10\\\/BerreaManueldelaVarga.jpg\",\"width\":960,\"height\":487},\"datePublished\":\"2019-10-04T12:52:09+02:00\",\"dateModified\":\"2019-10-04T12:52:09+02:00\",\"inLanguage\":\"es-ES\",\"mainEntityOfPage\":{\"@id\":\"https:\\\/\\\/www.eldigitaldeasturias.com\\\/noticias\\\/llega-la-berrea-del-ciervo-al-parque-natural-de-los-alcornocales-2\\\/#webpage\"},\"isPartOf\":{\"@id\":\"https:\\\/\\\/www.eldigitaldeasturias.com\\\/noticias\\\/llega-la-berrea-del-ciervo-al-parque-natural-de-los-alcornocales-2\\\/#webpage\"},\"articleSection\":\"Turismo\"},{\"@type\":\"BreadcrumbList\",\"@id\":\"https:\\\/\\\/www.eldigitaldeasturias.com\\\/noticias\\\/llega-la-berrea-del-ciervo-al-parque-natural-de-los-alcornocales-2\\\/#breadcrumblist\",\"itemListElement\":[{\"@type\":\"ListItem\",\"@id\":\"https:\\\/\\\/www.eldigitaldeasturias.com\\\/noticias#listItem\",\"position\":1,\"name\":\"Home\",\"item\":\"https:\\\/\\\/www.eldigitaldeasturias.com\\\/noticias\",\"nextItem\":{\"@type\":\"ListItem\",\"@id\":\"https:\\\/\\\/www.eldigitaldeasturias.com\\\/noticias\\\/category\\\/turismo\\\/#listItem\",\"name\":\"Turismo\"}},{\"@type\":\"ListItem\",\"@id\":\"https:\\\/\\\/www.eldigitaldeasturias.com\\\/noticias\\\/category\\\/turismo\\\/#listItem\",\"position\":2,\"name\":\"Turismo\",\"item\":\"https:\\\/\\\/www.eldigitaldeasturias.com\\\/noticias\\\/category\\\/turismo\\\/\",\"nextItem\":{\"@type\":\"ListItem\",\"@id\":\"https:\\\/\\\/www.eldigitaldeasturias.com\\\/noticias\\\/llega-la-berrea-del-ciervo-al-parque-natural-de-los-alcornocales-2\\\/#listItem\",\"name\":\"Otro\\u00f1o 2019: Llega la berrea del ciervo al parque natural de Los Alcornocales\"},\"previousItem\":{\"@type\":\"ListItem\",\"@id\":\"https:\\\/\\\/www.eldigitaldeasturias.com\\\/noticias#listItem\",\"name\":\"Home\"}},{\"@type\":\"ListItem\",\"@id\":\"https:\\\/\\\/www.eldigitaldeasturias.com\\\/noticias\\\/llega-la-berrea-del-ciervo-al-parque-natural-de-los-alcornocales-2\\\/#listItem\",\"position\":3,\"name\":\"Otro\\u00f1o 2019: Llega la berrea del ciervo al parque natural de Los Alcornocales\",\"previousItem\":{\"@type\":\"ListItem\",\"@id\":\"https:\\\/\\\/www.eldigitaldeasturias.com\\\/noticias\\\/category\\\/turismo\\\/#listItem\",\"name\":\"Turismo\"}}]},{\"@type\":\"Organization\",\"@id\":\"https:\\\/\\\/www.eldigitaldeasturias.com\\\/noticias\\\/#organization\",\"name\":\"El Digital de Asturias\",\"description\":\"Hemeroteca\",\"url\":\"https:\\\/\\\/www.eldigitaldeasturias.com\\\/noticias\\\/\",\"email\":\"info@eldigitaldeasturias.com\",\"telephone\":\"+34652131393\",\"logo\":{\"@type\":\"ImageObject\",\"url\":\"https:\\\/\\\/www.eldigitaldeasturias.com\\\/noticias\\\/wp-content\\\/uploads\\\/2020\\\/12\\\/EDA.jpg\",\"@id\":\"https:\\\/\\\/www.eldigitaldeasturias.com\\\/noticias\\\/llega-la-berrea-del-ciervo-al-parque-natural-de-los-alcornocales-2\\\/#organizationLogo\",\"width\":649,\"height\":297},\"image\":{\"@id\":\"https:\\\/\\\/www.eldigitaldeasturias.com\\\/noticias\\\/llega-la-berrea-del-ciervo-al-parque-natural-de-los-alcornocales-2\\\/#organizationLogo\"},\"sameAs\":[\"https:\\\/\\\/facebook.com\\\/eldigitaldeasturias\",\"https:\\\/\\\/www.youtube.com\\\/channel\\\/UCZP-2wLEB9Rv6erhFmqVnvg\"],\"address\":{\"@id\":\"https:\\\/\\\/www.eldigitaldeasturias.com\\\/noticias\\\/#postaladdress\",\"@type\":\"PostalAddress\",\"streetAddress\":\"san antonio 4,\",\"postalCode\":\"33430\",\"addressLocality\":\"Cand\\u00e1s\",\"addressRegion\":\"Asturias\",\"addressCountry\":\"ES\"}},{\"@type\":\"Person\",\"@id\":\"https:\\\/\\\/www.eldigitaldeasturias.com\\\/noticias\\\/author\\\/admin\\\/#author\",\"url\":\"https:\\\/\\\/www.eldigitaldeasturias.com\\\/noticias\\\/author\\\/admin\\\/\",\"name\":\"El Digital de Asturias\",\"image\":{\"@type\":\"ImageObject\",\"@id\":\"https:\\\/\\\/www.eldigitaldeasturias.com\\\/noticias\\\/llega-la-berrea-del-ciervo-al-parque-natural-de-los-alcornocales-2\\\/#authorImage\",\"url\":\"https:\\\/\\\/www.eldigitaldeasturias.com\\\/noticias\\\/wp-content\\\/litespeed\\\/avatar\\\/18677e78aa0546b92d9dbf31ec7d7668.jpg?ver=1777290358\",\"width\":96,\"height\":96,\"caption\":\"El Digital de Asturias\"}},{\"@type\":\"WebPage\",\"@id\":\"https:\\\/\\\/www.eldigitaldeasturias.com\\\/noticias\\\/llega-la-berrea-del-ciervo-al-parque-natural-de-los-alcornocales-2\\\/#webpage\",\"url\":\"https:\\\/\\\/www.eldigitaldeasturias.com\\\/noticias\\\/llega-la-berrea-del-ciervo-al-parque-natural-de-los-alcornocales-2\\\/\",\"name\":\"Otro\\u00f1o 2019: Llega la berrea del ciervo al parque natural de Los Alcornocales - El Digital de Asturias\",\"description\":\"Llega el oto\\u00f1o y con \\u00e9l la berrea del ciervo, uno de los espect\\u00e1culos m\\u00e1s estremecedores del parque natural de los Alcornocales. Los ciervos \\u2013m\\u00e1s conocidos en la zona como venados- cuentan en Los Alcornocales con una poblaci\\u00f3n de en torno a los 35.000 ejemplares que, cuando acaba el verano, se baten en una lucha\",\"inLanguage\":\"es-ES\",\"isPartOf\":{\"@id\":\"https:\\\/\\\/www.eldigitaldeasturias.com\\\/noticias\\\/#website\"},\"breadcrumb\":{\"@id\":\"https:\\\/\\\/www.eldigitaldeasturias.com\\\/noticias\\\/llega-la-berrea-del-ciervo-al-parque-natural-de-los-alcornocales-2\\\/#breadcrumblist\"},\"author\":{\"@id\":\"https:\\\/\\\/www.eldigitaldeasturias.com\\\/noticias\\\/author\\\/admin\\\/#author\"},\"creator\":{\"@id\":\"https:\\\/\\\/www.eldigitaldeasturias.com\\\/noticias\\\/author\\\/admin\\\/#author\"},\"image\":{\"@type\":\"ImageObject\",\"url\":\"https:\\\/\\\/www.eldigitaldeasturias.com\\\/noticias\\\/wp-content\\\/uploads\\\/2019\\\/10\\\/BerreaManueldelaVarga.jpg\",\"@id\":\"https:\\\/\\\/www.eldigitaldeasturias.com\\\/noticias\\\/llega-la-berrea-del-ciervo-al-parque-natural-de-los-alcornocales-2\\\/#mainImage\",\"width\":960,\"height\":487},\"primaryImageOfPage\":{\"@id\":\"https:\\\/\\\/www.eldigitaldeasturias.com\\\/noticias\\\/llega-la-berrea-del-ciervo-al-parque-natural-de-los-alcornocales-2\\\/#mainImage\"},\"datePublished\":\"2019-10-04T12:52:09+02:00\",\"dateModified\":\"2019-10-04T12:52:09+02:00\"},{\"@type\":\"WebSite\",\"@id\":\"https:\\\/\\\/www.eldigitaldeasturias.com\\\/noticias\\\/#website\",\"url\":\"https:\\\/\\\/www.eldigitaldeasturias.com\\\/noticias\\\/\",\"name\":\"El Digital de Asturias - Diario de actualidad y noticias\",\"alternateName\":\"El Digital de Asturias - Diario de actualidad y noticias\",\"description\":\"Hemeroteca\",\"inLanguage\":\"es-ES\",\"publisher\":{\"@id\":\"https:\\\/\\\/www.eldigitaldeasturias.com\\\/noticias\\\/#organization\"}}]}\n\t\t<\/script>\n\t\t<!-- All in One SEO Pro -->\r\n\t\t<title>Otro\u00f1o 2019: Llega la berrea del ciervo al parque natural de Los Alcornocales - El Digital de Asturias<\/title>\n\n","aioseo_head_json":{"title":"Otro\u00f1o 2019: Llega la berrea del ciervo al parque natural de Los Alcornocales - El Digital de Asturias","description":"Llega el oto\u00f1o y con \u00e9l la berrea del ciervo, uno de los espect\u00e1culos m\u00e1s estremecedores del parque natural de los Alcornocales. Los ciervos \u2013m\u00e1s conocidos en la zona como venados- cuentan en Los Alcornocales con una poblaci\u00f3n de en torno a los 35.000 ejemplares que, cuando acaba el verano, se baten en una lucha","canonical_url":"https:\/\/www.eldigitaldeasturias.com\/noticias\/llega-la-berrea-del-ciervo-al-parque-natural-de-los-alcornocales-2\/","robots":"max-image-preview:large","keywords":"turismo","webmasterTools":{"google-site-verification":"UA-38556648-1","msvalidate.01":"7dfe9f3f1b24437ab69f4f2559babe99","miscellaneous":""},"schema":{"@context":"https:\/\/schema.org","@graph":[{"@type":"BlogPosting","@id":"https:\/\/www.eldigitaldeasturias.com\/noticias\/llega-la-berrea-del-ciervo-al-parque-natural-de-los-alcornocales-2\/#blogposting","name":"Otro\u00f1o 2019: Llega la berrea del ciervo al parque natural de Los Alcornocales - El Digital de Asturias","headline":"Otro\u00f1o 2019: Llega la berrea del ciervo al parque natural de Los Alcornocales","author":{"@id":"https:\/\/www.eldigitaldeasturias.com\/noticias\/author\/admin\/#author"},"publisher":{"@id":"https:\/\/www.eldigitaldeasturias.com\/noticias\/#organization"},"image":{"@type":"ImageObject","url":"https:\/\/www.eldigitaldeasturias.com\/noticias\/wp-content\/uploads\/2019\/10\/BerreaManueldelaVarga.jpg","width":960,"height":487},"datePublished":"2019-10-04T12:52:09+02:00","dateModified":"2019-10-04T12:52:09+02:00","inLanguage":"es-ES","mainEntityOfPage":{"@id":"https:\/\/www.eldigitaldeasturias.com\/noticias\/llega-la-berrea-del-ciervo-al-parque-natural-de-los-alcornocales-2\/#webpage"},"isPartOf":{"@id":"https:\/\/www.eldigitaldeasturias.com\/noticias\/llega-la-berrea-del-ciervo-al-parque-natural-de-los-alcornocales-2\/#webpage"},"articleSection":"Turismo"},{"@type":"BreadcrumbList","@id":"https:\/\/www.eldigitaldeasturias.com\/noticias\/llega-la-berrea-del-ciervo-al-parque-natural-de-los-alcornocales-2\/#breadcrumblist","itemListElement":[{"@type":"ListItem","@id":"https:\/\/www.eldigitaldeasturias.com\/noticias#listItem","position":1,"name":"Home","item":"https:\/\/www.eldigitaldeasturias.com\/noticias","nextItem":{"@type":"ListItem","@id":"https:\/\/www.eldigitaldeasturias.com\/noticias\/category\/turismo\/#listItem","name":"Turismo"}},{"@type":"ListItem","@id":"https:\/\/www.eldigitaldeasturias.com\/noticias\/category\/turismo\/#listItem","position":2,"name":"Turismo","item":"https:\/\/www.eldigitaldeasturias.com\/noticias\/category\/turismo\/","nextItem":{"@type":"ListItem","@id":"https:\/\/www.eldigitaldeasturias.com\/noticias\/llega-la-berrea-del-ciervo-al-parque-natural-de-los-alcornocales-2\/#listItem","name":"Otro\u00f1o 2019: Llega la berrea del ciervo al parque natural de Los Alcornocales"},"previousItem":{"@type":"ListItem","@id":"https:\/\/www.eldigitaldeasturias.com\/noticias#listItem","name":"Home"}},{"@type":"ListItem","@id":"https:\/\/www.eldigitaldeasturias.com\/noticias\/llega-la-berrea-del-ciervo-al-parque-natural-de-los-alcornocales-2\/#listItem","position":3,"name":"Otro\u00f1o 2019: Llega la berrea del ciervo al parque natural de Los Alcornocales","previousItem":{"@type":"ListItem","@id":"https:\/\/www.eldigitaldeasturias.com\/noticias\/category\/turismo\/#listItem","name":"Turismo"}}]},{"@type":"Organization","@id":"https:\/\/www.eldigitaldeasturias.com\/noticias\/#organization","name":"El Digital de Asturias","description":"Hemeroteca","url":"https:\/\/www.eldigitaldeasturias.com\/noticias\/","email":"info@eldigitaldeasturias.com","telephone":"+34652131393","logo":{"@type":"ImageObject","url":"https:\/\/www.eldigitaldeasturias.com\/noticias\/wp-content\/uploads\/2020\/12\/EDA.jpg","@id":"https:\/\/www.eldigitaldeasturias.com\/noticias\/llega-la-berrea-del-ciervo-al-parque-natural-de-los-alcornocales-2\/#organizationLogo","width":649,"height":297},"image":{"@id":"https:\/\/www.eldigitaldeasturias.com\/noticias\/llega-la-berrea-del-ciervo-al-parque-natural-de-los-alcornocales-2\/#organizationLogo"},"sameAs":["https:\/\/facebook.com\/eldigitaldeasturias","https:\/\/www.youtube.com\/channel\/UCZP-2wLEB9Rv6erhFmqVnvg"],"address":{"@id":"https:\/\/www.eldigitaldeasturias.com\/noticias\/#postaladdress","@type":"PostalAddress","streetAddress":"san antonio 4,","postalCode":"33430","addressLocality":"Cand\u00e1s","addressRegion":"Asturias","addressCountry":"ES"}},{"@type":"Person","@id":"https:\/\/www.eldigitaldeasturias.com\/noticias\/author\/admin\/#author","url":"https:\/\/www.eldigitaldeasturias.com\/noticias\/author\/admin\/","name":"El Digital de Asturias","image":{"@type":"ImageObject","@id":"https:\/\/www.eldigitaldeasturias.com\/noticias\/llega-la-berrea-del-ciervo-al-parque-natural-de-los-alcornocales-2\/#authorImage","url":"https:\/\/www.eldigitaldeasturias.com\/noticias\/wp-content\/litespeed\/avatar\/18677e78aa0546b92d9dbf31ec7d7668.jpg?ver=1777290358","width":96,"height":96,"caption":"El Digital de Asturias"}},{"@type":"WebPage","@id":"https:\/\/www.eldigitaldeasturias.com\/noticias\/llega-la-berrea-del-ciervo-al-parque-natural-de-los-alcornocales-2\/#webpage","url":"https:\/\/www.eldigitaldeasturias.com\/noticias\/llega-la-berrea-del-ciervo-al-parque-natural-de-los-alcornocales-2\/","name":"Otro\u00f1o 2019: Llega la berrea del ciervo al parque natural de Los Alcornocales - El Digital de Asturias","description":"Llega el oto\u00f1o y con \u00e9l la berrea del ciervo, uno de los espect\u00e1culos m\u00e1s estremecedores del parque natural de los Alcornocales. Los ciervos \u2013m\u00e1s conocidos en la zona como venados- cuentan en Los Alcornocales con una poblaci\u00f3n de en torno a los 35.000 ejemplares que, cuando acaba el verano, se baten en una lucha","inLanguage":"es-ES","isPartOf":{"@id":"https:\/\/www.eldigitaldeasturias.com\/noticias\/#website"},"breadcrumb":{"@id":"https:\/\/www.eldigitaldeasturias.com\/noticias\/llega-la-berrea-del-ciervo-al-parque-natural-de-los-alcornocales-2\/#breadcrumblist"},"author":{"@id":"https:\/\/www.eldigitaldeasturias.com\/noticias\/author\/admin\/#author"},"creator":{"@id":"https:\/\/www.eldigitaldeasturias.com\/noticias\/author\/admin\/#author"},"image":{"@type":"ImageObject","url":"https:\/\/www.eldigitaldeasturias.com\/noticias\/wp-content\/uploads\/2019\/10\/BerreaManueldelaVarga.jpg","@id":"https:\/\/www.eldigitaldeasturias.com\/noticias\/llega-la-berrea-del-ciervo-al-parque-natural-de-los-alcornocales-2\/#mainImage","width":960,"height":487},"primaryImageOfPage":{"@id":"https:\/\/www.eldigitaldeasturias.com\/noticias\/llega-la-berrea-del-ciervo-al-parque-natural-de-los-alcornocales-2\/#mainImage"},"datePublished":"2019-10-04T12:52:09+02:00","dateModified":"2019-10-04T12:52:09+02:00"},{"@type":"WebSite","@id":"https:\/\/www.eldigitaldeasturias.com\/noticias\/#website","url":"https:\/\/www.eldigitaldeasturias.com\/noticias\/","name":"El Digital de Asturias - Diario de actualidad y noticias","alternateName":"El Digital de Asturias - Diario de actualidad y noticias","description":"Hemeroteca","inLanguage":"es-ES","publisher":{"@id":"https:\/\/www.eldigitaldeasturias.com\/noticias\/#organization"}}]},"og:locale":"es_ES","og:site_name":"El Digital de Asturias","og:type":"article","og:title":"Otro\u00f1o 2019: Llega la berrea del ciervo al parque natural de Los Alcornocales - El Digital de Asturias","og:description":"Llega el oto\u00f1o y con \u00e9l la berrea del ciervo, uno de los espect\u00e1culos m\u00e1s estremecedores del parque natural de los Alcornocales. Los ciervos \u2013m\u00e1s conocidos en la zona como venados- cuentan en Los Alcornocales con una poblaci\u00f3n de en torno a los 35.000 ejemplares que, cuando acaba el verano, se baten en una lucha","og:url":"https:\/\/www.eldigitaldeasturias.com\/noticias\/llega-la-berrea-del-ciervo-al-parque-natural-de-los-alcornocales-2\/","og:image":"https:\/\/www.eldigitaldeasturias.com\/noticias\/wp-content\/uploads\/2019\/10\/BerreaManueldelaVarga.jpg","og:image:secure_url":"https:\/\/www.eldigitaldeasturias.com\/noticias\/wp-content\/uploads\/2019\/10\/BerreaManueldelaVarga.jpg","og:image:width":960,"og:image:height":487,"article:tag":["turismo"],"article:published_time":"2019-10-04T12:52:09+00:00","article:modified_time":"2019-10-04T12:52:09+00:00","article:publisher":"https:\/\/facebook.com\/eldigitaldeasturias","twitter:card":"summary_large_image","twitter:title":"Otro\u00f1o 2019: Llega la berrea del ciervo al parque natural de Los Alcornocales - El Digital de Asturias","twitter:description":"Llega el oto\u00f1o y con \u00e9l la berrea del ciervo, uno de los espect\u00e1culos m\u00e1s estremecedores del parque natural de los Alcornocales. Los ciervos \u2013m\u00e1s conocidos en la zona como venados- cuentan en Los Alcornocales con una poblaci\u00f3n de en torno a los 35.000 ejemplares que, cuando acaba el verano, se baten en una lucha","twitter:image":"https:\/\/www.eldigitaldeasturias.com\/noticias\/wp-content\/uploads\/2019\/10\/BerreaManueldelaVarga.jpg","twitter:label1":"Escrito por","twitter:data1":"El Digital de Asturias","twitter:label2":"Tiempo de lectura estimado","twitter:data2":"4 minutos"},"aioseo_meta_data":{"post_id":"1042666","title":null,"description":null,"keywords":null,"keyphrases":null,"primary_term":null,"canonical_url":null,"og_title":null,"og_description":null,"og_object_type":"default","og_image_type":"default","og_image_url":null,"og_image_width":null,"og_image_height":null,"og_image_custom_url":null,"og_image_custom_fields":null,"og_video":null,"og_custom_url":null,"og_article_section":null,"og_article_tags":null,"twitter_use_og":false,"twitter_card":"default","twitter_image_type":"default","twitter_image_url":null,"twitter_image_custom_url":null,"twitter_image_custom_fields":null,"twitter_title":null,"twitter_description":null,"schema":{"blockGraphs":[],"customGraphs":[],"default":{"data":{"Article":[],"Course":[],"Dataset":[],"FAQPage":[],"Movie":[],"Person":[],"Product":[],"ProductReview":[],"Car":[],"Recipe":[],"Service":[],"SoftwareApplication":[],"WebPage":[]},"graphName":"","isEnabled":true},"graphs":[]},"schema_type":null,"schema_type_options":null,"pillar_content":false,"robots_default":true,"robots_noindex":false,"robots_noarchive":false,"robots_nosnippet":false,"robots_nofollow":false,"robots_noimageindex":false,"robots_noodp":false,"robots_notranslate":false,"robots_max_snippet":null,"robots_max_videopreview":null,"robots_max_imagepreview":"large","priority":null,"frequency":null,"local_seo":null,"seo_analyzer_scan_date":"2025-10-23 20:15:10","breadcrumb_settings":null,"limit_modified_date":false,"open_ai":null,"ai":null,"created":"2020-12-21 11:03:05","updated":"2025-10-23 20:15:10"},"aioseo_breadcrumb":"<div class=\"aioseo-breadcrumbs\"><span class=\"aioseo-breadcrumb\">\n\t<a href=\"https:\/\/www.eldigitaldeasturias.com\/noticias\" title=\"Home\">Home<\/a>\n<\/span><span class=\"aioseo-breadcrumb-separator\">\u2013<\/span><span class=\"aioseo-breadcrumb\">\n\t<a href=\"https:\/\/www.eldigitaldeasturias.com\/noticias\/category\/turismo\/\" title=\"Turismo\">Turismo<\/a>\n<\/span><span class=\"aioseo-breadcrumb-separator\">\u2013<\/span><span class=\"aioseo-breadcrumb\">\n\t<a href=\"https:\/\/www.eldigitaldeasturias.com\/noticias\/llega-la-berrea-del-ciervo-al-parque-natural-de-los-alcornocales-2\/\" title=\"Otro\u00f1o 2019: Llega la berrea del ciervo al parque natural de Los Alcornocales\">Otro\u00f1o 2019: Llega la berrea del ciervo al parque natural de Los Alcornocales<\/a>\n<\/span><\/div>","aioseo_breadcrumb_json":[{"label":"Home","link":"https:\/\/www.eldigitaldeasturias.com\/noticias"},{"label":"Turismo","link":"https:\/\/www.eldigitaldeasturias.com\/noticias\/category\/turismo\/"},{"label":"Otro\u00f1o 2019: Llega la berrea del ciervo al parque natural de Los Alcornocales","link":"https:\/\/www.eldigitaldeasturias.com\/noticias\/llega-la-berrea-del-ciervo-al-parque-natural-de-los-alcornocales-2\/"}],"_links":{"self":[{"href":"https:\/\/www.eldigitaldeasturias.com\/noticias\/wp-json\/wp\/v2\/posts\/1042666","targetHints":{"allow":["GET"]}}],"collection":[{"href":"https:\/\/www.eldigitaldeasturias.com\/noticias\/wp-json\/wp\/v2\/posts"}],"about":[{"href":"https:\/\/www.eldigitaldeasturias.com\/noticias\/wp-json\/wp\/v2\/types\/post"}],"author":[{"embeddable":true,"href":"https:\/\/www.eldigitaldeasturias.com\/noticias\/wp-json\/wp\/v2\/users\/1"}],"replies":[{"embeddable":true,"href":"https:\/\/www.eldigitaldeasturias.com\/noticias\/wp-json\/wp\/v2\/comments?post=1042666"}],"version-history":[{"count":0,"href":"https:\/\/www.eldigitaldeasturias.com\/noticias\/wp-json\/wp\/v2\/posts\/1042666\/revisions"}],"wp:featuredmedia":[{"embeddable":true,"href":"https:\/\/www.eldigitaldeasturias.com\/noticias\/wp-json\/wp\/v2\/media\/1042667"}],"wp:attachment":[{"href":"https:\/\/www.eldigitaldeasturias.com\/noticias\/wp-json\/wp\/v2\/media?parent=1042666"}],"wp:term":[{"taxonomy":"category","embeddable":true,"href":"https:\/\/www.eldigitaldeasturias.com\/noticias\/wp-json\/wp\/v2\/categories?post=1042666"},{"taxonomy":"post_tag","embeddable":true,"href":"https:\/\/www.eldigitaldeasturias.com\/noticias\/wp-json\/wp\/v2\/tags?post=1042666"}],"curies":[{"name":"wp","href":"https:\/\/api.w.org\/{rel}","templated":true}]}}