{"id":1042330,"date":"2019-10-01T19:18:56","date_gmt":"2019-10-01T19:18:56","guid":{"rendered":"https:\/\/www.eldigitaldeasturias.com\/noticias\/?p=1042330"},"modified":"2019-10-01T19:18:56","modified_gmt":"2019-10-01T19:18:56","slug":"turismo-en-alemania-de-rembrandt-al-festival-de-san-miguel","status":"publish","type":"post","link":"https:\/\/www.eldigitaldeasturias.com\/noticias\/turismo-en-alemania-de-rembrandt-al-festival-de-san-miguel\/","title":{"rendered":"Turismo en Alemania: De Rembrandt al Festival de San Miguel"},"content":{"rendered":"<figure id=\"attachment_1042331\" aria-describedby=\"caption-attachment-1042331\" style=\"width: 360px\" class=\"wp-caption alignleft\"><img loading=\"lazy\" decoding=\"async\" class=\"size-medium wp-image-1042331\" src=\"https:\/\/www.eldigitaldeasturias.com\/noticias\/wp-content\/uploads\/2019\/10\/planes-turismo-Alemania-360x218.jpg\" alt=\"\" width=\"360\" height=\"218\" srcset=\"https:\/\/www.eldigitaldeasturias.com\/noticias\/wp-content\/uploads\/2019\/10\/planes-turismo-Alemania-360x218.jpg 360w, https:\/\/www.eldigitaldeasturias.com\/noticias\/wp-content\/uploads\/2019\/10\/planes-turismo-Alemania-768x465.jpg 768w, https:\/\/www.eldigitaldeasturias.com\/noticias\/wp-content\/uploads\/2019\/10\/planes-turismo-Alemania-650x393.jpg 650w, https:\/\/www.eldigitaldeasturias.com\/noticias\/wp-content\/uploads\/2019\/10\/planes-turismo-Alemania-1024x620.jpg 1024w, https:\/\/www.eldigitaldeasturias.com\/noticias\/wp-content\/uploads\/2019\/10\/planes-turismo-Alemania.jpg 1109w\" sizes=\"auto, (max-width: 360px) 100vw, 360px\" \/><figcaption id=\"caption-attachment-1042331\" class=\"wp-caption-text\">Foto: Vanessa Daly\/VOGUE Deutschland 2019\/dpa-tmn<\/figcaption><\/figure>\n<p>(dpa) &#8211; <strong>Hace 350 a\u00f1os mor\u00eda Rembrandt<\/strong> y en la ciudad alemana de Schwerin se exhiben obras suyas. En tanto,<strong> a quien le interese \u00abVogue\u00bb<\/strong>, podr\u00e1 visitar una muestra en honor a la popular revista en M\u00fanich, al tiempo que en <strong>F\u00fcrth se celebra, como desde hace 900 a\u00f1os, el Festival de San Miguel.<\/strong><\/p>\n<p>Algunos consejos tur\u00edsticos:<\/p>\n<h4>Rembrandt: Nueva exposici\u00f3n en el Museo de Schwerin<\/h4>\n<p>Rembrandt es uno de los artistas holandeses m\u00e1s famosos. <strong>El Museo Estatal de Schwerin<\/strong>, en el norte de Alemania, le dedica una exposici\u00f3n con motivo del 350 aniversario de la muerte del pintor. Del 5 de octubre al 5 de enero de 2020 se expondr\u00e1 una selecci\u00f3n de aguafuertes de la colecci\u00f3n de Schwerin y de grabados de los creativos a\u00f1os de 1630 a 1659. Otras pinturas tambi\u00e9n ilustrar\u00e1n las influencias del artista.<\/p>\n<h4>\u00bfArte o moda? Una muestra sobre la revista \u00abVogue\u00bb<\/h4>\n<p>\u00ab\u00bfEsto es moda o se puede quitar?\u00bb. Detr\u00e1s del provocador t\u00edtulo se esconde la exhibici\u00f3n por el 40 aniversario de <strong>la revista de moda \u00abVogue\u00bb<\/strong> en M\u00fanich. Se podr\u00e1 visitar del 10 de octubre al 12 de enero de 2020 en el Museo Villa Stuck de M\u00fanich. Adem\u00e1s de fotograf\u00edas de \u00abVogue\u00bb y obras sobre moda en el contexto social y cultural, habr\u00e1 un complejo tem\u00e1tico sobre el dise\u00f1ador Karl Lagerfeld. De forma temporal, los redactores de \u00abVogue\u00bb trabajar\u00e1n en el museo y podr\u00e1n ser observados por los visitantes.<\/p>\n<h4>El Festival de San Miguel en F\u00fcrth<\/h4>\n<p><strong>El Festival de San Miguel es una tradici\u00f3n en F\u00fcrt<\/strong>h desde hace 900 a\u00f1os. Del 28 de septiembre al 9 de octubre se celebra la mayor kerm\u00e9s callejera de Alemania. Tras la inauguraci\u00f3n con m\u00fasica y fuegos artificiales, el 3 de octubre se bailar\u00e1 la danza \u00abBetz&#8217;n Tanz\u00bb en la explanada del teatro local y el 6 de octubre se celebrar\u00e1 el punto culminante del festival, la procesi\u00f3n de la fiesta de la cosecha. La cita cerrar\u00e1 con un espect\u00e1culo de fuegos artificiales.<\/p>\n<p>&nbsp;<\/p>\n","protected":false},"excerpt":{"rendered":"<p>(dpa) &#8211; Hace 350 a\u00f1os mor\u00eda Rembrandt y en la ciudad alemana de Schwerin se exhiben obras suyas. En tanto, a quien le interese \u00abVogue\u00bb, podr\u00e1 visitar una muestra en honor a la popular revista en M\u00fanich, al tiempo que en F\u00fcrth se celebra, como desde hace 900 a\u00f1os, el Festival de San Miguel. Algunos [&hellip;]<\/p>\n","protected":false},"author":1,"featured_media":1042331,"comment_status":"closed","ping_status":"closed","sticky":false,"template":"","format":"standard","meta":{"footnotes":""},"categories":[148],"tags":[],"class_list":["post-1042330","post","type-post","status-publish","format-standard","has-post-thumbnail","hentry","category-turismo"],"aioseo_notices":[],"aioseo_head":"\n\t\t<!-- All in One SEO Pro 4.9.6.2 - aioseo.com -->\n\t<meta name=\"description\" content=\"(dpa) - Hace 350 a\u00f1os mor\u00eda Rembrandt y en la ciudad alemana de Schwerin se exhiben obras suyas. En tanto, a quien le interese &quot;Vogue&quot;, podr\u00e1 visitar una muestra en honor a la popular revista en M\u00fanich, al tiempo que en F\u00fcrth se celebra, como desde hace 900 a\u00f1os, el Festival de San Miguel. Algunos\" \/>\n\t<meta name=\"robots\" content=\"max-image-preview:large\" \/>\n\t<meta name=\"author\" content=\"El Digital de Asturias\"\/>\n\t<meta name=\"google-site-verification\" content=\"UA-38556648-1\" \/>\n\t<meta name=\"msvalidate.01\" content=\"7dfe9f3f1b24437ab69f4f2559babe99\" \/>\n\t<meta name=\"keywords\" content=\"turismo\" \/>\n\t<link rel=\"canonical\" href=\"https:\/\/www.eldigitaldeasturias.com\/noticias\/turismo-en-alemania-de-rembrandt-al-festival-de-san-miguel\/\" \/>\n\t<meta name=\"generator\" content=\"All in One SEO Pro (AIOSEO) 4.9.6.2\" \/>\n\t\t<meta property=\"og:locale\" content=\"es_ES\" \/>\n\t\t<meta property=\"og:site_name\" content=\"El Digital de Asturias\" \/>\n\t\t<meta property=\"og:type\" content=\"article\" \/>\n\t\t<meta property=\"og:title\" content=\"Turismo en Alemania: De Rembrandt al Festival de San Miguel - El Digital de Asturias\" \/>\n\t\t<meta property=\"og:description\" content=\"(dpa) - Hace 350 a\u00f1os mor\u00eda Rembrandt y en la ciudad alemana de Schwerin se exhiben obras suyas. En tanto, a quien le interese &quot;Vogue&quot;, podr\u00e1 visitar una muestra en honor a la popular revista en M\u00fanich, al tiempo que en F\u00fcrth se celebra, como desde hace 900 a\u00f1os, el Festival de San Miguel. Algunos\" \/>\n\t\t<meta property=\"og:url\" content=\"https:\/\/www.eldigitaldeasturias.com\/noticias\/turismo-en-alemania-de-rembrandt-al-festival-de-san-miguel\/\" \/>\n\t\t<meta property=\"og:image\" content=\"https:\/\/www.eldigitaldeasturias.com\/noticias\/wp-content\/uploads\/2019\/10\/planes-turismo-Alemania.jpg\" \/>\n\t\t<meta property=\"og:image:secure_url\" content=\"https:\/\/www.eldigitaldeasturias.com\/noticias\/wp-content\/uploads\/2019\/10\/planes-turismo-Alemania.jpg\" \/>\n\t\t<meta property=\"og:image:width\" content=\"1109\" \/>\n\t\t<meta property=\"og:image:height\" content=\"671\" \/>\n\t\t<meta property=\"article:tag\" content=\"turismo\" \/>\n\t\t<meta property=\"article:published_time\" content=\"2019-10-01T19:18:56+00:00\" \/>\n\t\t<meta property=\"article:modified_time\" content=\"2019-10-01T19:18:56+00:00\" \/>\n\t\t<meta property=\"article:publisher\" content=\"https:\/\/facebook.com\/eldigitaldeasturias\" \/>\n\t\t<meta name=\"twitter:card\" content=\"summary_large_image\" \/>\n\t\t<meta name=\"twitter:title\" content=\"Turismo en Alemania: De Rembrandt al Festival de San Miguel - El Digital de Asturias\" \/>\n\t\t<meta name=\"twitter:description\" content=\"(dpa) - Hace 350 a\u00f1os mor\u00eda Rembrandt y en la ciudad alemana de Schwerin se exhiben obras suyas. En tanto, a quien le interese &quot;Vogue&quot;, podr\u00e1 visitar una muestra en honor a la popular revista en M\u00fanich, al tiempo que en F\u00fcrth se celebra, como desde hace 900 a\u00f1os, el Festival de San Miguel. Algunos\" \/>\n\t\t<meta name=\"twitter:image\" content=\"https:\/\/www.eldigitaldeasturias.com\/noticias\/wp-content\/uploads\/2019\/10\/planes-turismo-Alemania.jpg\" \/>\n\t\t<meta name=\"twitter:label1\" content=\"Escrito por\" \/>\n\t\t<meta name=\"twitter:data1\" content=\"El Digital de Asturias\" \/>\n\t\t<meta name=\"twitter:label2\" content=\"Tiempo de lectura estimado\" \/>\n\t\t<meta name=\"twitter:data2\" content=\"2 minutos\" \/>\n\t\t<script type=\"application\/ld+json\" class=\"aioseo-schema\">\n\t\t\t{\"@context\":\"https:\\\/\\\/schema.org\",\"@graph\":[{\"@type\":\"BlogPosting\",\"@id\":\"https:\\\/\\\/www.eldigitaldeasturias.com\\\/noticias\\\/turismo-en-alemania-de-rembrandt-al-festival-de-san-miguel\\\/#blogposting\",\"name\":\"Turismo en Alemania: De Rembrandt al Festival de San Miguel - El Digital de Asturias\",\"headline\":\"Turismo en Alemania: De Rembrandt al Festival de San Miguel\",\"author\":{\"@id\":\"https:\\\/\\\/www.eldigitaldeasturias.com\\\/noticias\\\/author\\\/admin\\\/#author\"},\"publisher\":{\"@id\":\"https:\\\/\\\/www.eldigitaldeasturias.com\\\/noticias\\\/#organization\"},\"image\":{\"@type\":\"ImageObject\",\"url\":\"https:\\\/\\\/www.eldigitaldeasturias.com\\\/noticias\\\/wp-content\\\/uploads\\\/2019\\\/10\\\/planes-turismo-Alemania.jpg\",\"width\":1109,\"height\":671,\"caption\":\"Foto: Vanessa Daly\\\/VOGUE Deutschland 2019\\\/dpa-tmn\"},\"datePublished\":\"2019-10-01T19:18:56+02:00\",\"dateModified\":\"2019-10-01T19:18:56+02:00\",\"inLanguage\":\"es-ES\",\"mainEntityOfPage\":{\"@id\":\"https:\\\/\\\/www.eldigitaldeasturias.com\\\/noticias\\\/turismo-en-alemania-de-rembrandt-al-festival-de-san-miguel\\\/#webpage\"},\"isPartOf\":{\"@id\":\"https:\\\/\\\/www.eldigitaldeasturias.com\\\/noticias\\\/turismo-en-alemania-de-rembrandt-al-festival-de-san-miguel\\\/#webpage\"},\"articleSection\":\"Turismo\"},{\"@type\":\"BreadcrumbList\",\"@id\":\"https:\\\/\\\/www.eldigitaldeasturias.com\\\/noticias\\\/turismo-en-alemania-de-rembrandt-al-festival-de-san-miguel\\\/#breadcrumblist\",\"itemListElement\":[{\"@type\":\"ListItem\",\"@id\":\"https:\\\/\\\/www.eldigitaldeasturias.com\\\/noticias#listItem\",\"position\":1,\"name\":\"Home\",\"item\":\"https:\\\/\\\/www.eldigitaldeasturias.com\\\/noticias\",\"nextItem\":{\"@type\":\"ListItem\",\"@id\":\"https:\\\/\\\/www.eldigitaldeasturias.com\\\/noticias\\\/category\\\/turismo\\\/#listItem\",\"name\":\"Turismo\"}},{\"@type\":\"ListItem\",\"@id\":\"https:\\\/\\\/www.eldigitaldeasturias.com\\\/noticias\\\/category\\\/turismo\\\/#listItem\",\"position\":2,\"name\":\"Turismo\",\"item\":\"https:\\\/\\\/www.eldigitaldeasturias.com\\\/noticias\\\/category\\\/turismo\\\/\",\"nextItem\":{\"@type\":\"ListItem\",\"@id\":\"https:\\\/\\\/www.eldigitaldeasturias.com\\\/noticias\\\/turismo-en-alemania-de-rembrandt-al-festival-de-san-miguel\\\/#listItem\",\"name\":\"Turismo en Alemania: De Rembrandt al Festival de San Miguel\"},\"previousItem\":{\"@type\":\"ListItem\",\"@id\":\"https:\\\/\\\/www.eldigitaldeasturias.com\\\/noticias#listItem\",\"name\":\"Home\"}},{\"@type\":\"ListItem\",\"@id\":\"https:\\\/\\\/www.eldigitaldeasturias.com\\\/noticias\\\/turismo-en-alemania-de-rembrandt-al-festival-de-san-miguel\\\/#listItem\",\"position\":3,\"name\":\"Turismo en Alemania: De Rembrandt al Festival de San Miguel\",\"previousItem\":{\"@type\":\"ListItem\",\"@id\":\"https:\\\/\\\/www.eldigitaldeasturias.com\\\/noticias\\\/category\\\/turismo\\\/#listItem\",\"name\":\"Turismo\"}}]},{\"@type\":\"Organization\",\"@id\":\"https:\\\/\\\/www.eldigitaldeasturias.com\\\/noticias\\\/#organization\",\"name\":\"El Digital de Asturias\",\"description\":\"Hemeroteca\",\"url\":\"https:\\\/\\\/www.eldigitaldeasturias.com\\\/noticias\\\/\",\"email\":\"info@eldigitaldeasturias.com\",\"telephone\":\"+34652131393\",\"logo\":{\"@type\":\"ImageObject\",\"url\":\"https:\\\/\\\/www.eldigitaldeasturias.com\\\/noticias\\\/wp-content\\\/uploads\\\/2020\\\/12\\\/EDA.jpg\",\"@id\":\"https:\\\/\\\/www.eldigitaldeasturias.com\\\/noticias\\\/turismo-en-alemania-de-rembrandt-al-festival-de-san-miguel\\\/#organizationLogo\",\"width\":649,\"height\":297},\"image\":{\"@id\":\"https:\\\/\\\/www.eldigitaldeasturias.com\\\/noticias\\\/turismo-en-alemania-de-rembrandt-al-festival-de-san-miguel\\\/#organizationLogo\"},\"sameAs\":[\"https:\\\/\\\/facebook.com\\\/eldigitaldeasturias\",\"https:\\\/\\\/www.youtube.com\\\/channel\\\/UCZP-2wLEB9Rv6erhFmqVnvg\"],\"address\":{\"@id\":\"https:\\\/\\\/www.eldigitaldeasturias.com\\\/noticias\\\/#postaladdress\",\"@type\":\"PostalAddress\",\"streetAddress\":\"san antonio 4,\",\"postalCode\":\"33430\",\"addressLocality\":\"Cand\\u00e1s\",\"addressRegion\":\"Asturias\",\"addressCountry\":\"ES\"}},{\"@type\":\"Person\",\"@id\":\"https:\\\/\\\/www.eldigitaldeasturias.com\\\/noticias\\\/author\\\/admin\\\/#author\",\"url\":\"https:\\\/\\\/www.eldigitaldeasturias.com\\\/noticias\\\/author\\\/admin\\\/\",\"name\":\"El Digital de Asturias\",\"image\":{\"@type\":\"ImageObject\",\"@id\":\"https:\\\/\\\/www.eldigitaldeasturias.com\\\/noticias\\\/turismo-en-alemania-de-rembrandt-al-festival-de-san-miguel\\\/#authorImage\",\"url\":\"https:\\\/\\\/www.eldigitaldeasturias.com\\\/noticias\\\/wp-content\\\/litespeed\\\/avatar\\\/18677e78aa0546b92d9dbf31ec7d7668.jpg?ver=1777290358\",\"width\":96,\"height\":96,\"caption\":\"El Digital de Asturias\"}},{\"@type\":\"WebPage\",\"@id\":\"https:\\\/\\\/www.eldigitaldeasturias.com\\\/noticias\\\/turismo-en-alemania-de-rembrandt-al-festival-de-san-miguel\\\/#webpage\",\"url\":\"https:\\\/\\\/www.eldigitaldeasturias.com\\\/noticias\\\/turismo-en-alemania-de-rembrandt-al-festival-de-san-miguel\\\/\",\"name\":\"Turismo en Alemania: De Rembrandt al Festival de San Miguel - El Digital de Asturias\",\"description\":\"(dpa) - Hace 350 a\\u00f1os mor\\u00eda Rembrandt y en la ciudad alemana de Schwerin se exhiben obras suyas. En tanto, a quien le interese \\\"Vogue\\\", podr\\u00e1 visitar una muestra en honor a la popular revista en M\\u00fanich, al tiempo que en F\\u00fcrth se celebra, como desde hace 900 a\\u00f1os, el Festival de San Miguel. Algunos\",\"inLanguage\":\"es-ES\",\"isPartOf\":{\"@id\":\"https:\\\/\\\/www.eldigitaldeasturias.com\\\/noticias\\\/#website\"},\"breadcrumb\":{\"@id\":\"https:\\\/\\\/www.eldigitaldeasturias.com\\\/noticias\\\/turismo-en-alemania-de-rembrandt-al-festival-de-san-miguel\\\/#breadcrumblist\"},\"author\":{\"@id\":\"https:\\\/\\\/www.eldigitaldeasturias.com\\\/noticias\\\/author\\\/admin\\\/#author\"},\"creator\":{\"@id\":\"https:\\\/\\\/www.eldigitaldeasturias.com\\\/noticias\\\/author\\\/admin\\\/#author\"},\"image\":{\"@type\":\"ImageObject\",\"url\":\"https:\\\/\\\/www.eldigitaldeasturias.com\\\/noticias\\\/wp-content\\\/uploads\\\/2019\\\/10\\\/planes-turismo-Alemania.jpg\",\"@id\":\"https:\\\/\\\/www.eldigitaldeasturias.com\\\/noticias\\\/turismo-en-alemania-de-rembrandt-al-festival-de-san-miguel\\\/#mainImage\",\"width\":1109,\"height\":671,\"caption\":\"Foto: Vanessa Daly\\\/VOGUE Deutschland 2019\\\/dpa-tmn\"},\"primaryImageOfPage\":{\"@id\":\"https:\\\/\\\/www.eldigitaldeasturias.com\\\/noticias\\\/turismo-en-alemania-de-rembrandt-al-festival-de-san-miguel\\\/#mainImage\"},\"datePublished\":\"2019-10-01T19:18:56+02:00\",\"dateModified\":\"2019-10-01T19:18:56+02:00\"},{\"@type\":\"WebSite\",\"@id\":\"https:\\\/\\\/www.eldigitaldeasturias.com\\\/noticias\\\/#website\",\"url\":\"https:\\\/\\\/www.eldigitaldeasturias.com\\\/noticias\\\/\",\"name\":\"El Digital de Asturias - Diario de actualidad y noticias\",\"alternateName\":\"El Digital de Asturias - Diario de actualidad y noticias\",\"description\":\"Hemeroteca\",\"inLanguage\":\"es-ES\",\"publisher\":{\"@id\":\"https:\\\/\\\/www.eldigitaldeasturias.com\\\/noticias\\\/#organization\"}}]}\n\t\t<\/script>\n\t\t<!-- All in One SEO Pro -->\r\n\t\t<title>Turismo en Alemania: De Rembrandt al Festival de San Miguel - El Digital de Asturias<\/title>\n\n","aioseo_head_json":{"title":"Turismo en Alemania: De Rembrandt al Festival de San Miguel - El Digital de Asturias","description":"(dpa) - Hace 350 a\u00f1os mor\u00eda Rembrandt y en la ciudad alemana de Schwerin se exhiben obras suyas. En tanto, a quien le interese \"Vogue\", podr\u00e1 visitar una muestra en honor a la popular revista en M\u00fanich, al tiempo que en F\u00fcrth se celebra, como desde hace 900 a\u00f1os, el Festival de San Miguel. Algunos","canonical_url":"https:\/\/www.eldigitaldeasturias.com\/noticias\/turismo-en-alemania-de-rembrandt-al-festival-de-san-miguel\/","robots":"max-image-preview:large","keywords":"turismo","webmasterTools":{"google-site-verification":"UA-38556648-1","msvalidate.01":"7dfe9f3f1b24437ab69f4f2559babe99","miscellaneous":""},"schema":{"@context":"https:\/\/schema.org","@graph":[{"@type":"BlogPosting","@id":"https:\/\/www.eldigitaldeasturias.com\/noticias\/turismo-en-alemania-de-rembrandt-al-festival-de-san-miguel\/#blogposting","name":"Turismo en Alemania: De Rembrandt al Festival de San Miguel - El Digital de Asturias","headline":"Turismo en Alemania: De Rembrandt al Festival de San Miguel","author":{"@id":"https:\/\/www.eldigitaldeasturias.com\/noticias\/author\/admin\/#author"},"publisher":{"@id":"https:\/\/www.eldigitaldeasturias.com\/noticias\/#organization"},"image":{"@type":"ImageObject","url":"https:\/\/www.eldigitaldeasturias.com\/noticias\/wp-content\/uploads\/2019\/10\/planes-turismo-Alemania.jpg","width":1109,"height":671,"caption":"Foto: Vanessa Daly\/VOGUE Deutschland 2019\/dpa-tmn"},"datePublished":"2019-10-01T19:18:56+02:00","dateModified":"2019-10-01T19:18:56+02:00","inLanguage":"es-ES","mainEntityOfPage":{"@id":"https:\/\/www.eldigitaldeasturias.com\/noticias\/turismo-en-alemania-de-rembrandt-al-festival-de-san-miguel\/#webpage"},"isPartOf":{"@id":"https:\/\/www.eldigitaldeasturias.com\/noticias\/turismo-en-alemania-de-rembrandt-al-festival-de-san-miguel\/#webpage"},"articleSection":"Turismo"},{"@type":"BreadcrumbList","@id":"https:\/\/www.eldigitaldeasturias.com\/noticias\/turismo-en-alemania-de-rembrandt-al-festival-de-san-miguel\/#breadcrumblist","itemListElement":[{"@type":"ListItem","@id":"https:\/\/www.eldigitaldeasturias.com\/noticias#listItem","position":1,"name":"Home","item":"https:\/\/www.eldigitaldeasturias.com\/noticias","nextItem":{"@type":"ListItem","@id":"https:\/\/www.eldigitaldeasturias.com\/noticias\/category\/turismo\/#listItem","name":"Turismo"}},{"@type":"ListItem","@id":"https:\/\/www.eldigitaldeasturias.com\/noticias\/category\/turismo\/#listItem","position":2,"name":"Turismo","item":"https:\/\/www.eldigitaldeasturias.com\/noticias\/category\/turismo\/","nextItem":{"@type":"ListItem","@id":"https:\/\/www.eldigitaldeasturias.com\/noticias\/turismo-en-alemania-de-rembrandt-al-festival-de-san-miguel\/#listItem","name":"Turismo en Alemania: De Rembrandt al Festival de San Miguel"},"previousItem":{"@type":"ListItem","@id":"https:\/\/www.eldigitaldeasturias.com\/noticias#listItem","name":"Home"}},{"@type":"ListItem","@id":"https:\/\/www.eldigitaldeasturias.com\/noticias\/turismo-en-alemania-de-rembrandt-al-festival-de-san-miguel\/#listItem","position":3,"name":"Turismo en Alemania: De Rembrandt al Festival de San Miguel","previousItem":{"@type":"ListItem","@id":"https:\/\/www.eldigitaldeasturias.com\/noticias\/category\/turismo\/#listItem","name":"Turismo"}}]},{"@type":"Organization","@id":"https:\/\/www.eldigitaldeasturias.com\/noticias\/#organization","name":"El Digital de Asturias","description":"Hemeroteca","url":"https:\/\/www.eldigitaldeasturias.com\/noticias\/","email":"info@eldigitaldeasturias.com","telephone":"+34652131393","logo":{"@type":"ImageObject","url":"https:\/\/www.eldigitaldeasturias.com\/noticias\/wp-content\/uploads\/2020\/12\/EDA.jpg","@id":"https:\/\/www.eldigitaldeasturias.com\/noticias\/turismo-en-alemania-de-rembrandt-al-festival-de-san-miguel\/#organizationLogo","width":649,"height":297},"image":{"@id":"https:\/\/www.eldigitaldeasturias.com\/noticias\/turismo-en-alemania-de-rembrandt-al-festival-de-san-miguel\/#organizationLogo"},"sameAs":["https:\/\/facebook.com\/eldigitaldeasturias","https:\/\/www.youtube.com\/channel\/UCZP-2wLEB9Rv6erhFmqVnvg"],"address":{"@id":"https:\/\/www.eldigitaldeasturias.com\/noticias\/#postaladdress","@type":"PostalAddress","streetAddress":"san antonio 4,","postalCode":"33430","addressLocality":"Cand\u00e1s","addressRegion":"Asturias","addressCountry":"ES"}},{"@type":"Person","@id":"https:\/\/www.eldigitaldeasturias.com\/noticias\/author\/admin\/#author","url":"https:\/\/www.eldigitaldeasturias.com\/noticias\/author\/admin\/","name":"El Digital de Asturias","image":{"@type":"ImageObject","@id":"https:\/\/www.eldigitaldeasturias.com\/noticias\/turismo-en-alemania-de-rembrandt-al-festival-de-san-miguel\/#authorImage","url":"https:\/\/www.eldigitaldeasturias.com\/noticias\/wp-content\/litespeed\/avatar\/18677e78aa0546b92d9dbf31ec7d7668.jpg?ver=1777290358","width":96,"height":96,"caption":"El Digital de Asturias"}},{"@type":"WebPage","@id":"https:\/\/www.eldigitaldeasturias.com\/noticias\/turismo-en-alemania-de-rembrandt-al-festival-de-san-miguel\/#webpage","url":"https:\/\/www.eldigitaldeasturias.com\/noticias\/turismo-en-alemania-de-rembrandt-al-festival-de-san-miguel\/","name":"Turismo en Alemania: De Rembrandt al Festival de San Miguel - El Digital de Asturias","description":"(dpa) - Hace 350 a\u00f1os mor\u00eda Rembrandt y en la ciudad alemana de Schwerin se exhiben obras suyas. En tanto, a quien le interese \"Vogue\", podr\u00e1 visitar una muestra en honor a la popular revista en M\u00fanich, al tiempo que en F\u00fcrth se celebra, como desde hace 900 a\u00f1os, el Festival de San Miguel. Algunos","inLanguage":"es-ES","isPartOf":{"@id":"https:\/\/www.eldigitaldeasturias.com\/noticias\/#website"},"breadcrumb":{"@id":"https:\/\/www.eldigitaldeasturias.com\/noticias\/turismo-en-alemania-de-rembrandt-al-festival-de-san-miguel\/#breadcrumblist"},"author":{"@id":"https:\/\/www.eldigitaldeasturias.com\/noticias\/author\/admin\/#author"},"creator":{"@id":"https:\/\/www.eldigitaldeasturias.com\/noticias\/author\/admin\/#author"},"image":{"@type":"ImageObject","url":"https:\/\/www.eldigitaldeasturias.com\/noticias\/wp-content\/uploads\/2019\/10\/planes-turismo-Alemania.jpg","@id":"https:\/\/www.eldigitaldeasturias.com\/noticias\/turismo-en-alemania-de-rembrandt-al-festival-de-san-miguel\/#mainImage","width":1109,"height":671,"caption":"Foto: Vanessa Daly\/VOGUE Deutschland 2019\/dpa-tmn"},"primaryImageOfPage":{"@id":"https:\/\/www.eldigitaldeasturias.com\/noticias\/turismo-en-alemania-de-rembrandt-al-festival-de-san-miguel\/#mainImage"},"datePublished":"2019-10-01T19:18:56+02:00","dateModified":"2019-10-01T19:18:56+02:00"},{"@type":"WebSite","@id":"https:\/\/www.eldigitaldeasturias.com\/noticias\/#website","url":"https:\/\/www.eldigitaldeasturias.com\/noticias\/","name":"El Digital de Asturias - Diario de actualidad y noticias","alternateName":"El Digital de Asturias - Diario de actualidad y noticias","description":"Hemeroteca","inLanguage":"es-ES","publisher":{"@id":"https:\/\/www.eldigitaldeasturias.com\/noticias\/#organization"}}]},"og:locale":"es_ES","og:site_name":"El Digital de Asturias","og:type":"article","og:title":"Turismo en Alemania: De Rembrandt al Festival de San Miguel - El Digital de Asturias","og:description":"(dpa) - Hace 350 a\u00f1os mor\u00eda Rembrandt y en la ciudad alemana de Schwerin se exhiben obras suyas. En tanto, a quien le interese &quot;Vogue&quot;, podr\u00e1 visitar una muestra en honor a la popular revista en M\u00fanich, al tiempo que en F\u00fcrth se celebra, como desde hace 900 a\u00f1os, el Festival de San Miguel. Algunos","og:url":"https:\/\/www.eldigitaldeasturias.com\/noticias\/turismo-en-alemania-de-rembrandt-al-festival-de-san-miguel\/","og:image":"https:\/\/www.eldigitaldeasturias.com\/noticias\/wp-content\/uploads\/2019\/10\/planes-turismo-Alemania.jpg","og:image:secure_url":"https:\/\/www.eldigitaldeasturias.com\/noticias\/wp-content\/uploads\/2019\/10\/planes-turismo-Alemania.jpg","og:image:width":1109,"og:image:height":671,"article:tag":["turismo"],"article:published_time":"2019-10-01T19:18:56+00:00","article:modified_time":"2019-10-01T19:18:56+00:00","article:publisher":"https:\/\/facebook.com\/eldigitaldeasturias","twitter:card":"summary_large_image","twitter:title":"Turismo en Alemania: De Rembrandt al Festival de San Miguel - El Digital de Asturias","twitter:description":"(dpa) - Hace 350 a\u00f1os mor\u00eda Rembrandt y en la ciudad alemana de Schwerin se exhiben obras suyas. En tanto, a quien le interese &quot;Vogue&quot;, podr\u00e1 visitar una muestra en honor a la popular revista en M\u00fanich, al tiempo que en F\u00fcrth se celebra, como desde hace 900 a\u00f1os, el Festival de San Miguel. Algunos","twitter:image":"https:\/\/www.eldigitaldeasturias.com\/noticias\/wp-content\/uploads\/2019\/10\/planes-turismo-Alemania.jpg","twitter:label1":"Escrito por","twitter:data1":"El Digital de Asturias","twitter:label2":"Tiempo de lectura estimado","twitter:data2":"2 minutos"},"aioseo_meta_data":{"post_id":"1042330","title":null,"description":null,"keywords":null,"keyphrases":null,"primary_term":null,"canonical_url":null,"og_title":null,"og_description":null,"og_object_type":"default","og_image_type":"default","og_image_url":null,"og_image_width":null,"og_image_height":null,"og_image_custom_url":null,"og_image_custom_fields":null,"og_video":null,"og_custom_url":null,"og_article_section":null,"og_article_tags":null,"twitter_use_og":false,"twitter_card":"default","twitter_image_type":"default","twitter_image_url":null,"twitter_image_custom_url":null,"twitter_image_custom_fields":null,"twitter_title":null,"twitter_description":null,"schema":{"blockGraphs":[],"customGraphs":[],"default":{"data":{"Article":[],"Course":[],"Dataset":[],"FAQPage":[],"Movie":[],"Person":[],"Product":[],"ProductReview":[],"Car":[],"Recipe":[],"Service":[],"SoftwareApplication":[],"WebPage":[]},"graphName":"","isEnabled":true},"graphs":[],"defaultGraph":"","defaultPostTypeGraph":""},"schema_type":null,"schema_type_options":null,"pillar_content":false,"robots_default":true,"robots_noindex":false,"robots_noarchive":false,"robots_nosnippet":false,"robots_nofollow":false,"robots_noimageindex":false,"robots_noodp":false,"robots_notranslate":false,"robots_max_snippet":null,"robots_max_videopreview":null,"robots_max_imagepreview":"large","priority":null,"frequency":null,"local_seo":null,"seo_analyzer_scan_date":"2025-10-23 18:31:17","breadcrumb_settings":null,"limit_modified_date":false,"open_ai":null,"ai":null,"created":"2020-12-21 11:03:14","updated":"2025-10-23 18:31:17"},"aioseo_breadcrumb":"<div class=\"aioseo-breadcrumbs\"><span class=\"aioseo-breadcrumb\">\n\t<a href=\"https:\/\/www.eldigitaldeasturias.com\/noticias\" title=\"Home\">Home<\/a>\n<\/span><span class=\"aioseo-breadcrumb-separator\">\u2013<\/span><span class=\"aioseo-breadcrumb\">\n\t<a href=\"https:\/\/www.eldigitaldeasturias.com\/noticias\/category\/turismo\/\" title=\"Turismo\">Turismo<\/a>\n<\/span><span class=\"aioseo-breadcrumb-separator\">\u2013<\/span><span class=\"aioseo-breadcrumb\">\n\t<a href=\"https:\/\/www.eldigitaldeasturias.com\/noticias\/turismo-en-alemania-de-rembrandt-al-festival-de-san-miguel\/\" title=\"Turismo en Alemania: De Rembrandt al Festival de San Miguel\">Turismo en Alemania: De Rembrandt al Festival de San Miguel<\/a>\n<\/span><\/div>","aioseo_breadcrumb_json":[{"label":"Home","link":"https:\/\/www.eldigitaldeasturias.com\/noticias"},{"label":"Turismo","link":"https:\/\/www.eldigitaldeasturias.com\/noticias\/category\/turismo\/"},{"label":"Turismo en Alemania: De Rembrandt al Festival de San Miguel","link":"https:\/\/www.eldigitaldeasturias.com\/noticias\/turismo-en-alemania-de-rembrandt-al-festival-de-san-miguel\/"}],"_links":{"self":[{"href":"https:\/\/www.eldigitaldeasturias.com\/noticias\/wp-json\/wp\/v2\/posts\/1042330","targetHints":{"allow":["GET"]}}],"collection":[{"href":"https:\/\/www.eldigitaldeasturias.com\/noticias\/wp-json\/wp\/v2\/posts"}],"about":[{"href":"https:\/\/www.eldigitaldeasturias.com\/noticias\/wp-json\/wp\/v2\/types\/post"}],"author":[{"embeddable":true,"href":"https:\/\/www.eldigitaldeasturias.com\/noticias\/wp-json\/wp\/v2\/users\/1"}],"replies":[{"embeddable":true,"href":"https:\/\/www.eldigitaldeasturias.com\/noticias\/wp-json\/wp\/v2\/comments?post=1042330"}],"version-history":[{"count":0,"href":"https:\/\/www.eldigitaldeasturias.com\/noticias\/wp-json\/wp\/v2\/posts\/1042330\/revisions"}],"wp:featuredmedia":[{"embeddable":true,"href":"https:\/\/www.eldigitaldeasturias.com\/noticias\/wp-json\/wp\/v2\/media\/1042331"}],"wp:attachment":[{"href":"https:\/\/www.eldigitaldeasturias.com\/noticias\/wp-json\/wp\/v2\/media?parent=1042330"}],"wp:term":[{"taxonomy":"category","embeddable":true,"href":"https:\/\/www.eldigitaldeasturias.com\/noticias\/wp-json\/wp\/v2\/categories?post=1042330"},{"taxonomy":"post_tag","embeddable":true,"href":"https:\/\/www.eldigitaldeasturias.com\/noticias\/wp-json\/wp\/v2\/tags?post=1042330"}],"curies":[{"name":"wp","href":"https:\/\/api.w.org\/{rel}","templated":true}]}}