{"id":1042115,"date":"2019-09-30T11:25:37","date_gmt":"2019-09-30T11:25:37","guid":{"rendered":"https:\/\/www.eldigitaldeasturias.com\/noticias\/?p=1042115"},"modified":"2019-09-30T11:47:29","modified_gmt":"2019-09-30T11:47:29","slug":"de-ruta-por-la-espana-antigua-y-moderna","status":"publish","type":"post","link":"https:\/\/www.eldigitaldeasturias.com\/noticias\/de-ruta-por-la-espana-antigua-y-moderna\/","title":{"rendered":"De ruta por la Espa\u00f1a antigua y moderna"},"content":{"rendered":"<p><img loading=\"lazy\" decoding=\"async\" class=\"alignleft size-medium wp-image-1042116\" src=\"https:\/\/www.eldigitaldeasturias.com\/noticias\/wp-content\/uploads\/2019\/09\/sevilla-360x240.jpg\" alt=\"\" width=\"360\" height=\"240\" srcset=\"https:\/\/www.eldigitaldeasturias.com\/noticias\/wp-content\/uploads\/2019\/09\/sevilla-360x240.jpg 360w, https:\/\/www.eldigitaldeasturias.com\/noticias\/wp-content\/uploads\/2019\/09\/sevilla-768x511.jpg 768w, https:\/\/www.eldigitaldeasturias.com\/noticias\/wp-content\/uploads\/2019\/09\/sevilla-650x433.jpg 650w, https:\/\/www.eldigitaldeasturias.com\/noticias\/wp-content\/uploads\/2019\/09\/sevilla.jpg 960w\" sizes=\"auto, (max-width: 360px) 100vw, 360px\" \/>Espa\u00f1a, cuyo nombre deriva de \u201cHispania\u201d &#8211; <em>termino con el que los antiguos romanos designaban geogr\u00e1ficamente al conjunto de la pen\u00ednsula ib\u00e9rica<\/em> &#8211; es un pa\u00eds transcontinental, miembro de la Uni\u00f3n Europea desde el a\u00f1o 1985 cuya forma de gobierno es la monarqu\u00eda parlamentaria. Su territorio est\u00e1 organizado en diecisiete comunidades aut\u00f3nomas y cincuenta provincias.<\/p>\n<p>Para este precioso pa\u00eds ubicado al sur de Europa Occidental, el turismo representa uno de los pilares fundamentales de su econom\u00eda. Seg\u00fan un estudio de la Organizaci\u00f3n Mundial del Turismo en el a\u00f1o 2017 <strong><em>Espa\u00f1a fue el segundo pa\u00eds del mundo en afluencia de turistas extranjeros<\/em><\/strong>.<\/p>\n<p>Y es que, para millones de turistas que se dirigen a Espa\u00f1a cada a\u00f1o, este pa\u00eds representa <strong><em>una joya europea que mezcla antig\u00fcedad y tradici\u00f3n con modernidad e innovaci\u00f3n, <\/em><\/strong>tal y como se describe en el <strong><span style=\"color: #ff6600;\"><a style=\"color: #ff6600;\" href=\"https:\/\/www.rumbo.es\/es\/ideas-para-viajar\/ciudades-mas-antiguas-y-nuevas-de-europa-y-espana.html\" target=\"_blank\" rel=\"noopener noreferrer\">estudio<\/a><\/span><\/strong> de las ciudades m\u00e1s antiguas y j\u00f3venes de Europa y de Espa\u00f1a, confeccionado por <span style=\"color: #ff6600;\"><a style=\"color: #ff6600;\" href=\"https:\/\/www.rumbo.es\/es\/ideas-para-viajar\/ciudades-mas-antiguas-y-nuevas-de-europa-y-espana.html\" target=\"_blank\" rel=\"noopener noreferrer\"><strong>Rumbo<\/strong><\/a><\/span>.<\/p>\n<p>Por esto, para los amantes de la historia y la cultura, Espa\u00f1a es el lugar ideal para vacacionar y poder maravillarse entre sus ciudades antiguas y las m\u00e1s modernas.<\/p>\n<h2><strong>Ciudades m\u00e1s antiguas de Espa\u00f1a<\/strong><\/h2>\n<p><strong>C\u00e1diz<\/strong><\/p>\n<p>La tradici\u00f3n sit\u00faa la fundaci\u00f3n de C\u00e1diz ochenta a\u00f1os despu\u00e9s de la guerra de Troya, en el a\u00f1o 1104 a. C. Actualmente, C\u00e1diz es la capital de la provincia hom\u00f3nima, en la comunidad aut\u00f3noma de Andaluc\u00eda. Con 116.979 habitantes empadronados seg\u00fan el \u00faltimo censo de 2018, \u200b es la ciudad m\u00e1s poblada de la bah\u00eda de C\u00e1diz y la tercera de la provincia tras Jerez de la Frontera y Algeciras.<\/p>\n<p><strong>Sevilla<\/strong><\/p>\n<p>Se cree que la ciudad de Sevilla fue fundada por Tartessos (los turdetanos) con el nombre de \u201cSpal\u201d. El primer asentamiento humano se hizo estable hacia el siglo IX a.C.<\/p>\n<p>En el a\u00f1o 45 a.C., en el lugar que ser\u00eda la actual ciudad de Sevilla, Julio C\u00e9sar fund\u00f3 la \u00abColonia Iulia Romula Hispalis\u201d. Actualmente, Sevilla pertenece a la comunidad aut\u00f3noma de Andaluc\u00eda. \u200b Cuenta con poco m\u00e1s de 689.434 habitantes seg\u00fan un censo del 2017 y es la ciudad m\u00e1s poblada de Andaluc\u00eda y la cuarta de Espa\u00f1a\u200b despu\u00e9s de Madrid, Barcelona y Valencia.<\/p>\n<p><strong>Las Palmas de Gran Canaria <\/strong><\/p>\n<p>Esta ciudad fue fundada en el a\u00f1o 1478 d.C, siendo considerada la capital de facto del archipi\u00e9lago canario hasta el siglo XVII. Actualmente, es sede de la Delegaci\u00f3n del Gobierno de Espa\u00f1a y de la presidencia del Gobierno de Canarias en per\u00edodos legislativos alternos con Santa Cruz de Tenerife. Con una poblaci\u00f3n de 378.517 habitantes seg\u00fan el \u00faltimo censo de 2018, es la ciudad m\u00e1s poblada de Canarias y la novena de Espa\u00f1a.<\/p>\n<h2><strong>Ciudades m\u00e1s j\u00f3venes de Espa\u00f1a<\/strong><\/h2>\n<p><strong>Madrid<\/strong><\/p>\n<p>Madrid, capital de Espa\u00f1a, es una ciudad cosmopolita que combina las infraestructuras m\u00e1s modernas y su condici\u00f3n de centro econ\u00f3mico, financiero, administrativo y de servicios con un inmenso patrimonio cultural y art\u00edstico, legado de siglos de historia apasionante.<\/p>\n<p>Estrat\u00e9gicamente situada en el centro geogr\u00e1fico de la pen\u00ednsula Ib\u00e9rica, a 646 metros de altitud sobre el nivel del mar, Madrid conserva uno de los cascos hist\u00f3ricos m\u00e1s importantes entre las grandes ciudades europeas.<\/p>\n<p>Sin embargo, no fue hasta 1561 cuando el rey Felipe II concede a Madrid la capitalidad de su extenso Imperio.<\/p>\n<p><strong>Barcelona<\/strong><\/p>\n<p>Barcelona es una ciudad que pertenece a la comunidad aut\u00f3noma de Catalu\u00f1a que tiene una poblaci\u00f3n de 1.620.343 habitantes seg\u00fan el \u00faltimo censo llevado a cabo en el a\u00f1o 2018.<\/p>\n<p>Adem\u00e1s, es la segunda ciudad m\u00e1s poblada de Espa\u00f1a despu\u00e9s de Madrid, y la und\u00e9cima de la Uni\u00f3n Europea. Posee los m\u00e1s bellos ejemplos del modernismo y las vanguardias del siglo XX. No en vano, la UNESCO ha declarado Patrimonio de la Humanidad todas las construcciones emblem\u00e1ticas de los arquitectos catalanes <em>Antoni Gaud\u00ed y Llu\u00eds Dom\u00e9nech i Montaner<\/em>.<\/p>\n<p><strong>Valencia<\/strong><\/p>\n<p>Valencia es una ciudad de Espa\u00f1a perteneciente a la Comunidad Valenciana. Con una poblaci\u00f3n de 791. 413 habitantes seg\u00fan los datos del \u00faltimo censo que se llev\u00f3 a cabo en el a\u00f1o 2018, es la tercera ciudad y \u00e1rea metropolitana m\u00e1s poblada de Espa\u00f1a, por detr\u00e1s de Madrid y Barcelona.<\/p>\n<p>Durante los primeros 25 a\u00f1os de democracia, Valencia ha sufrido un gran desarrollo, principalmente por obras tan emblem\u00e1ticas como el Palacio de la M\u00fasica, el Palacio de Congresos, el metro, la Ciudad de las Artes y las Ciencias, entre otros lugares emblem\u00e1ticos. Gracias a estas obras, cada d\u00eda la ciudad atrae m\u00e1s turismo.<\/p>\n<p>En definitiva, Espa\u00f1a es uno de los territorios europeos con mayor riqueza tur\u00edstica, no s\u00f3lo por su despampanante historia y tradici\u00f3n sino tambi\u00e9n por ser un claro ejemplo de evoluci\u00f3n y modernidad a lo largo de los a\u00f1os.<\/p>\n","protected":false},"excerpt":{"rendered":"<p>Espa\u00f1a, cuyo nombre deriva de \u201cHispania\u201d &#8211; termino con el que los antiguos romanos designaban geogr\u00e1ficamente al conjunto de la pen\u00ednsula ib\u00e9rica &#8211; es un pa\u00eds transcontinental, miembro de la Uni\u00f3n Europea desde el a\u00f1o 1985 cuya forma de gobierno es la monarqu\u00eda parlamentaria. Su territorio est\u00e1 organizado en diecisiete comunidades aut\u00f3nomas y cincuenta provincias. [&hellip;]<\/p>\n","protected":false},"author":1,"featured_media":1042116,"comment_status":"closed","ping_status":"closed","sticky":false,"template":"","format":"standard","meta":{"footnotes":""},"categories":[148],"tags":[],"class_list":["post-1042115","post","type-post","status-publish","format-standard","has-post-thumbnail","hentry","category-turismo"],"aioseo_notices":[],"aioseo_head":"\n\t\t<!-- All in One SEO Pro 4.9.6.2 - aioseo.com -->\n\t<meta name=\"description\" content=\"Espa\u00f1a, cuyo nombre deriva de \u201cHispania\u201d - termino con el que los antiguos romanos designaban geogr\u00e1ficamente al conjunto de la pen\u00ednsula ib\u00e9rica - es un pa\u00eds transcontinental, miembro de la Uni\u00f3n Europea desde el a\u00f1o 1985 cuya forma de gobierno es la monarqu\u00eda parlamentaria. Su territorio est\u00e1 organizado en diecisiete comunidades aut\u00f3nomas y cincuenta provincias.\" \/>\n\t<meta name=\"robots\" content=\"max-image-preview:large\" \/>\n\t<meta name=\"author\" content=\"El Digital de Asturias\"\/>\n\t<meta name=\"google-site-verification\" content=\"UA-38556648-1\" \/>\n\t<meta name=\"msvalidate.01\" content=\"7dfe9f3f1b24437ab69f4f2559babe99\" \/>\n\t<meta name=\"keywords\" content=\"turismo\" \/>\n\t<link rel=\"canonical\" href=\"https:\/\/www.eldigitaldeasturias.com\/noticias\/de-ruta-por-la-espana-antigua-y-moderna\/\" \/>\n\t<meta name=\"generator\" content=\"All in One SEO Pro (AIOSEO) 4.9.6.2\" \/>\n\t\t<meta property=\"og:locale\" content=\"es_ES\" \/>\n\t\t<meta property=\"og:site_name\" content=\"El Digital de Asturias\" \/>\n\t\t<meta property=\"og:type\" content=\"article\" \/>\n\t\t<meta property=\"og:title\" content=\"De ruta por la Espa\u00f1a antigua y moderna - El Digital de Asturias\" \/>\n\t\t<meta property=\"og:description\" content=\"Espa\u00f1a, cuyo nombre deriva de \u201cHispania\u201d - termino con el que los antiguos romanos designaban geogr\u00e1ficamente al conjunto de la pen\u00ednsula ib\u00e9rica - es un pa\u00eds transcontinental, miembro de la Uni\u00f3n Europea desde el a\u00f1o 1985 cuya forma de gobierno es la monarqu\u00eda parlamentaria. Su territorio est\u00e1 organizado en diecisiete comunidades aut\u00f3nomas y cincuenta provincias.\" \/>\n\t\t<meta property=\"og:url\" content=\"https:\/\/www.eldigitaldeasturias.com\/noticias\/de-ruta-por-la-espana-antigua-y-moderna\/\" \/>\n\t\t<meta property=\"og:image\" content=\"https:\/\/www.eldigitaldeasturias.com\/noticias\/wp-content\/uploads\/2019\/09\/sevilla.jpg\" \/>\n\t\t<meta property=\"og:image:secure_url\" content=\"https:\/\/www.eldigitaldeasturias.com\/noticias\/wp-content\/uploads\/2019\/09\/sevilla.jpg\" \/>\n\t\t<meta property=\"og:image:width\" content=\"960\" \/>\n\t\t<meta property=\"og:image:height\" content=\"639\" \/>\n\t\t<meta property=\"article:tag\" content=\"turismo\" \/>\n\t\t<meta property=\"article:published_time\" content=\"2019-09-30T11:25:37+00:00\" \/>\n\t\t<meta property=\"article:modified_time\" content=\"2019-09-30T11:47:29+00:00\" \/>\n\t\t<meta property=\"article:publisher\" content=\"https:\/\/facebook.com\/eldigitaldeasturias\" \/>\n\t\t<meta name=\"twitter:card\" content=\"summary_large_image\" \/>\n\t\t<meta name=\"twitter:title\" content=\"De ruta por la Espa\u00f1a antigua y moderna - El Digital de Asturias\" \/>\n\t\t<meta name=\"twitter:description\" content=\"Espa\u00f1a, cuyo nombre deriva de \u201cHispania\u201d - termino con el que los antiguos romanos designaban geogr\u00e1ficamente al conjunto de la pen\u00ednsula ib\u00e9rica - es un pa\u00eds transcontinental, miembro de la Uni\u00f3n Europea desde el a\u00f1o 1985 cuya forma de gobierno es la monarqu\u00eda parlamentaria. Su territorio est\u00e1 organizado en diecisiete comunidades aut\u00f3nomas y cincuenta provincias.\" \/>\n\t\t<meta name=\"twitter:image\" content=\"https:\/\/www.eldigitaldeasturias.com\/noticias\/wp-content\/uploads\/2019\/09\/sevilla.jpg\" \/>\n\t\t<meta name=\"twitter:label1\" content=\"Escrito por\" \/>\n\t\t<meta name=\"twitter:data1\" content=\"El Digital de Asturias\" \/>\n\t\t<meta name=\"twitter:label2\" content=\"Tiempo de lectura estimado\" \/>\n\t\t<meta name=\"twitter:data2\" content=\"4 minutos\" \/>\n\t\t<script type=\"application\/ld+json\" class=\"aioseo-schema\">\n\t\t\t{\"@context\":\"https:\\\/\\\/schema.org\",\"@graph\":[{\"@type\":\"BlogPosting\",\"@id\":\"https:\\\/\\\/www.eldigitaldeasturias.com\\\/noticias\\\/de-ruta-por-la-espana-antigua-y-moderna\\\/#blogposting\",\"name\":\"De ruta por la Espa\\u00f1a antigua y moderna - El Digital de Asturias\",\"headline\":\"De ruta por la Espa\\u00f1a antigua y moderna\",\"author\":{\"@id\":\"https:\\\/\\\/www.eldigitaldeasturias.com\\\/noticias\\\/author\\\/admin\\\/#author\"},\"publisher\":{\"@id\":\"https:\\\/\\\/www.eldigitaldeasturias.com\\\/noticias\\\/#organization\"},\"image\":{\"@type\":\"ImageObject\",\"url\":\"https:\\\/\\\/www.eldigitaldeasturias.com\\\/noticias\\\/wp-content\\\/uploads\\\/2019\\\/09\\\/sevilla.jpg\",\"width\":960,\"height\":639},\"datePublished\":\"2019-09-30T11:25:37+02:00\",\"dateModified\":\"2019-09-30T11:47:29+02:00\",\"inLanguage\":\"es-ES\",\"mainEntityOfPage\":{\"@id\":\"https:\\\/\\\/www.eldigitaldeasturias.com\\\/noticias\\\/de-ruta-por-la-espana-antigua-y-moderna\\\/#webpage\"},\"isPartOf\":{\"@id\":\"https:\\\/\\\/www.eldigitaldeasturias.com\\\/noticias\\\/de-ruta-por-la-espana-antigua-y-moderna\\\/#webpage\"},\"articleSection\":\"Turismo\"},{\"@type\":\"BreadcrumbList\",\"@id\":\"https:\\\/\\\/www.eldigitaldeasturias.com\\\/noticias\\\/de-ruta-por-la-espana-antigua-y-moderna\\\/#breadcrumblist\",\"itemListElement\":[{\"@type\":\"ListItem\",\"@id\":\"https:\\\/\\\/www.eldigitaldeasturias.com\\\/noticias#listItem\",\"position\":1,\"name\":\"Home\",\"item\":\"https:\\\/\\\/www.eldigitaldeasturias.com\\\/noticias\",\"nextItem\":{\"@type\":\"ListItem\",\"@id\":\"https:\\\/\\\/www.eldigitaldeasturias.com\\\/noticias\\\/category\\\/turismo\\\/#listItem\",\"name\":\"Turismo\"}},{\"@type\":\"ListItem\",\"@id\":\"https:\\\/\\\/www.eldigitaldeasturias.com\\\/noticias\\\/category\\\/turismo\\\/#listItem\",\"position\":2,\"name\":\"Turismo\",\"item\":\"https:\\\/\\\/www.eldigitaldeasturias.com\\\/noticias\\\/category\\\/turismo\\\/\",\"nextItem\":{\"@type\":\"ListItem\",\"@id\":\"https:\\\/\\\/www.eldigitaldeasturias.com\\\/noticias\\\/de-ruta-por-la-espana-antigua-y-moderna\\\/#listItem\",\"name\":\"De ruta por la Espa\\u00f1a antigua y moderna\"},\"previousItem\":{\"@type\":\"ListItem\",\"@id\":\"https:\\\/\\\/www.eldigitaldeasturias.com\\\/noticias#listItem\",\"name\":\"Home\"}},{\"@type\":\"ListItem\",\"@id\":\"https:\\\/\\\/www.eldigitaldeasturias.com\\\/noticias\\\/de-ruta-por-la-espana-antigua-y-moderna\\\/#listItem\",\"position\":3,\"name\":\"De ruta por la Espa\\u00f1a antigua y moderna\",\"previousItem\":{\"@type\":\"ListItem\",\"@id\":\"https:\\\/\\\/www.eldigitaldeasturias.com\\\/noticias\\\/category\\\/turismo\\\/#listItem\",\"name\":\"Turismo\"}}]},{\"@type\":\"Organization\",\"@id\":\"https:\\\/\\\/www.eldigitaldeasturias.com\\\/noticias\\\/#organization\",\"name\":\"El Digital de Asturias\",\"description\":\"Hemeroteca\",\"url\":\"https:\\\/\\\/www.eldigitaldeasturias.com\\\/noticias\\\/\",\"email\":\"info@eldigitaldeasturias.com\",\"telephone\":\"+34652131393\",\"logo\":{\"@type\":\"ImageObject\",\"url\":\"https:\\\/\\\/www.eldigitaldeasturias.com\\\/noticias\\\/wp-content\\\/uploads\\\/2020\\\/12\\\/EDA.jpg\",\"@id\":\"https:\\\/\\\/www.eldigitaldeasturias.com\\\/noticias\\\/de-ruta-por-la-espana-antigua-y-moderna\\\/#organizationLogo\",\"width\":649,\"height\":297},\"image\":{\"@id\":\"https:\\\/\\\/www.eldigitaldeasturias.com\\\/noticias\\\/de-ruta-por-la-espana-antigua-y-moderna\\\/#organizationLogo\"},\"sameAs\":[\"https:\\\/\\\/facebook.com\\\/eldigitaldeasturias\",\"https:\\\/\\\/www.youtube.com\\\/channel\\\/UCZP-2wLEB9Rv6erhFmqVnvg\"],\"address\":{\"@id\":\"https:\\\/\\\/www.eldigitaldeasturias.com\\\/noticias\\\/#postaladdress\",\"@type\":\"PostalAddress\",\"streetAddress\":\"san antonio 4,\",\"postalCode\":\"33430\",\"addressLocality\":\"Cand\\u00e1s\",\"addressRegion\":\"Asturias\",\"addressCountry\":\"ES\"}},{\"@type\":\"Person\",\"@id\":\"https:\\\/\\\/www.eldigitaldeasturias.com\\\/noticias\\\/author\\\/admin\\\/#author\",\"url\":\"https:\\\/\\\/www.eldigitaldeasturias.com\\\/noticias\\\/author\\\/admin\\\/\",\"name\":\"El Digital de Asturias\",\"image\":{\"@type\":\"ImageObject\",\"@id\":\"https:\\\/\\\/www.eldigitaldeasturias.com\\\/noticias\\\/de-ruta-por-la-espana-antigua-y-moderna\\\/#authorImage\",\"url\":\"https:\\\/\\\/www.eldigitaldeasturias.com\\\/noticias\\\/wp-content\\\/litespeed\\\/avatar\\\/18677e78aa0546b92d9dbf31ec7d7668.jpg?ver=1777290358\",\"width\":96,\"height\":96,\"caption\":\"El Digital de Asturias\"}},{\"@type\":\"WebPage\",\"@id\":\"https:\\\/\\\/www.eldigitaldeasturias.com\\\/noticias\\\/de-ruta-por-la-espana-antigua-y-moderna\\\/#webpage\",\"url\":\"https:\\\/\\\/www.eldigitaldeasturias.com\\\/noticias\\\/de-ruta-por-la-espana-antigua-y-moderna\\\/\",\"name\":\"De ruta por la Espa\\u00f1a antigua y moderna - El Digital de Asturias\",\"description\":\"Espa\\u00f1a, cuyo nombre deriva de \\u201cHispania\\u201d - termino con el que los antiguos romanos designaban geogr\\u00e1ficamente al conjunto de la pen\\u00ednsula ib\\u00e9rica - es un pa\\u00eds transcontinental, miembro de la Uni\\u00f3n Europea desde el a\\u00f1o 1985 cuya forma de gobierno es la monarqu\\u00eda parlamentaria. Su territorio est\\u00e1 organizado en diecisiete comunidades aut\\u00f3nomas y cincuenta provincias.\",\"inLanguage\":\"es-ES\",\"isPartOf\":{\"@id\":\"https:\\\/\\\/www.eldigitaldeasturias.com\\\/noticias\\\/#website\"},\"breadcrumb\":{\"@id\":\"https:\\\/\\\/www.eldigitaldeasturias.com\\\/noticias\\\/de-ruta-por-la-espana-antigua-y-moderna\\\/#breadcrumblist\"},\"author\":{\"@id\":\"https:\\\/\\\/www.eldigitaldeasturias.com\\\/noticias\\\/author\\\/admin\\\/#author\"},\"creator\":{\"@id\":\"https:\\\/\\\/www.eldigitaldeasturias.com\\\/noticias\\\/author\\\/admin\\\/#author\"},\"image\":{\"@type\":\"ImageObject\",\"url\":\"https:\\\/\\\/www.eldigitaldeasturias.com\\\/noticias\\\/wp-content\\\/uploads\\\/2019\\\/09\\\/sevilla.jpg\",\"@id\":\"https:\\\/\\\/www.eldigitaldeasturias.com\\\/noticias\\\/de-ruta-por-la-espana-antigua-y-moderna\\\/#mainImage\",\"width\":960,\"height\":639},\"primaryImageOfPage\":{\"@id\":\"https:\\\/\\\/www.eldigitaldeasturias.com\\\/noticias\\\/de-ruta-por-la-espana-antigua-y-moderna\\\/#mainImage\"},\"datePublished\":\"2019-09-30T11:25:37+02:00\",\"dateModified\":\"2019-09-30T11:47:29+02:00\"},{\"@type\":\"WebSite\",\"@id\":\"https:\\\/\\\/www.eldigitaldeasturias.com\\\/noticias\\\/#website\",\"url\":\"https:\\\/\\\/www.eldigitaldeasturias.com\\\/noticias\\\/\",\"name\":\"El Digital de Asturias - Diario de actualidad y noticias\",\"alternateName\":\"El Digital de Asturias - Diario de actualidad y noticias\",\"description\":\"Hemeroteca\",\"inLanguage\":\"es-ES\",\"publisher\":{\"@id\":\"https:\\\/\\\/www.eldigitaldeasturias.com\\\/noticias\\\/#organization\"}}]}\n\t\t<\/script>\n\t\t<!-- All in One SEO Pro -->\r\n\t\t<title>De ruta por la Espa\u00f1a antigua y moderna - El Digital de Asturias<\/title>\n\n","aioseo_head_json":{"title":"De ruta por la Espa\u00f1a antigua y moderna - El Digital de Asturias","description":"Espa\u00f1a, cuyo nombre deriva de \u201cHispania\u201d - termino con el que los antiguos romanos designaban geogr\u00e1ficamente al conjunto de la pen\u00ednsula ib\u00e9rica - es un pa\u00eds transcontinental, miembro de la Uni\u00f3n Europea desde el a\u00f1o 1985 cuya forma de gobierno es la monarqu\u00eda parlamentaria. Su territorio est\u00e1 organizado en diecisiete comunidades aut\u00f3nomas y cincuenta provincias.","canonical_url":"https:\/\/www.eldigitaldeasturias.com\/noticias\/de-ruta-por-la-espana-antigua-y-moderna\/","robots":"max-image-preview:large","keywords":"turismo","webmasterTools":{"google-site-verification":"UA-38556648-1","msvalidate.01":"7dfe9f3f1b24437ab69f4f2559babe99","miscellaneous":""},"schema":{"@context":"https:\/\/schema.org","@graph":[{"@type":"BlogPosting","@id":"https:\/\/www.eldigitaldeasturias.com\/noticias\/de-ruta-por-la-espana-antigua-y-moderna\/#blogposting","name":"De ruta por la Espa\u00f1a antigua y moderna - El Digital de Asturias","headline":"De ruta por la Espa\u00f1a antigua y moderna","author":{"@id":"https:\/\/www.eldigitaldeasturias.com\/noticias\/author\/admin\/#author"},"publisher":{"@id":"https:\/\/www.eldigitaldeasturias.com\/noticias\/#organization"},"image":{"@type":"ImageObject","url":"https:\/\/www.eldigitaldeasturias.com\/noticias\/wp-content\/uploads\/2019\/09\/sevilla.jpg","width":960,"height":639},"datePublished":"2019-09-30T11:25:37+02:00","dateModified":"2019-09-30T11:47:29+02:00","inLanguage":"es-ES","mainEntityOfPage":{"@id":"https:\/\/www.eldigitaldeasturias.com\/noticias\/de-ruta-por-la-espana-antigua-y-moderna\/#webpage"},"isPartOf":{"@id":"https:\/\/www.eldigitaldeasturias.com\/noticias\/de-ruta-por-la-espana-antigua-y-moderna\/#webpage"},"articleSection":"Turismo"},{"@type":"BreadcrumbList","@id":"https:\/\/www.eldigitaldeasturias.com\/noticias\/de-ruta-por-la-espana-antigua-y-moderna\/#breadcrumblist","itemListElement":[{"@type":"ListItem","@id":"https:\/\/www.eldigitaldeasturias.com\/noticias#listItem","position":1,"name":"Home","item":"https:\/\/www.eldigitaldeasturias.com\/noticias","nextItem":{"@type":"ListItem","@id":"https:\/\/www.eldigitaldeasturias.com\/noticias\/category\/turismo\/#listItem","name":"Turismo"}},{"@type":"ListItem","@id":"https:\/\/www.eldigitaldeasturias.com\/noticias\/category\/turismo\/#listItem","position":2,"name":"Turismo","item":"https:\/\/www.eldigitaldeasturias.com\/noticias\/category\/turismo\/","nextItem":{"@type":"ListItem","@id":"https:\/\/www.eldigitaldeasturias.com\/noticias\/de-ruta-por-la-espana-antigua-y-moderna\/#listItem","name":"De ruta por la Espa\u00f1a antigua y moderna"},"previousItem":{"@type":"ListItem","@id":"https:\/\/www.eldigitaldeasturias.com\/noticias#listItem","name":"Home"}},{"@type":"ListItem","@id":"https:\/\/www.eldigitaldeasturias.com\/noticias\/de-ruta-por-la-espana-antigua-y-moderna\/#listItem","position":3,"name":"De ruta por la Espa\u00f1a antigua y moderna","previousItem":{"@type":"ListItem","@id":"https:\/\/www.eldigitaldeasturias.com\/noticias\/category\/turismo\/#listItem","name":"Turismo"}}]},{"@type":"Organization","@id":"https:\/\/www.eldigitaldeasturias.com\/noticias\/#organization","name":"El Digital de Asturias","description":"Hemeroteca","url":"https:\/\/www.eldigitaldeasturias.com\/noticias\/","email":"info@eldigitaldeasturias.com","telephone":"+34652131393","logo":{"@type":"ImageObject","url":"https:\/\/www.eldigitaldeasturias.com\/noticias\/wp-content\/uploads\/2020\/12\/EDA.jpg","@id":"https:\/\/www.eldigitaldeasturias.com\/noticias\/de-ruta-por-la-espana-antigua-y-moderna\/#organizationLogo","width":649,"height":297},"image":{"@id":"https:\/\/www.eldigitaldeasturias.com\/noticias\/de-ruta-por-la-espana-antigua-y-moderna\/#organizationLogo"},"sameAs":["https:\/\/facebook.com\/eldigitaldeasturias","https:\/\/www.youtube.com\/channel\/UCZP-2wLEB9Rv6erhFmqVnvg"],"address":{"@id":"https:\/\/www.eldigitaldeasturias.com\/noticias\/#postaladdress","@type":"PostalAddress","streetAddress":"san antonio 4,","postalCode":"33430","addressLocality":"Cand\u00e1s","addressRegion":"Asturias","addressCountry":"ES"}},{"@type":"Person","@id":"https:\/\/www.eldigitaldeasturias.com\/noticias\/author\/admin\/#author","url":"https:\/\/www.eldigitaldeasturias.com\/noticias\/author\/admin\/","name":"El Digital de Asturias","image":{"@type":"ImageObject","@id":"https:\/\/www.eldigitaldeasturias.com\/noticias\/de-ruta-por-la-espana-antigua-y-moderna\/#authorImage","url":"https:\/\/www.eldigitaldeasturias.com\/noticias\/wp-content\/litespeed\/avatar\/18677e78aa0546b92d9dbf31ec7d7668.jpg?ver=1777290358","width":96,"height":96,"caption":"El Digital de Asturias"}},{"@type":"WebPage","@id":"https:\/\/www.eldigitaldeasturias.com\/noticias\/de-ruta-por-la-espana-antigua-y-moderna\/#webpage","url":"https:\/\/www.eldigitaldeasturias.com\/noticias\/de-ruta-por-la-espana-antigua-y-moderna\/","name":"De ruta por la Espa\u00f1a antigua y moderna - El Digital de Asturias","description":"Espa\u00f1a, cuyo nombre deriva de \u201cHispania\u201d - termino con el que los antiguos romanos designaban geogr\u00e1ficamente al conjunto de la pen\u00ednsula ib\u00e9rica - es un pa\u00eds transcontinental, miembro de la Uni\u00f3n Europea desde el a\u00f1o 1985 cuya forma de gobierno es la monarqu\u00eda parlamentaria. Su territorio est\u00e1 organizado en diecisiete comunidades aut\u00f3nomas y cincuenta provincias.","inLanguage":"es-ES","isPartOf":{"@id":"https:\/\/www.eldigitaldeasturias.com\/noticias\/#website"},"breadcrumb":{"@id":"https:\/\/www.eldigitaldeasturias.com\/noticias\/de-ruta-por-la-espana-antigua-y-moderna\/#breadcrumblist"},"author":{"@id":"https:\/\/www.eldigitaldeasturias.com\/noticias\/author\/admin\/#author"},"creator":{"@id":"https:\/\/www.eldigitaldeasturias.com\/noticias\/author\/admin\/#author"},"image":{"@type":"ImageObject","url":"https:\/\/www.eldigitaldeasturias.com\/noticias\/wp-content\/uploads\/2019\/09\/sevilla.jpg","@id":"https:\/\/www.eldigitaldeasturias.com\/noticias\/de-ruta-por-la-espana-antigua-y-moderna\/#mainImage","width":960,"height":639},"primaryImageOfPage":{"@id":"https:\/\/www.eldigitaldeasturias.com\/noticias\/de-ruta-por-la-espana-antigua-y-moderna\/#mainImage"},"datePublished":"2019-09-30T11:25:37+02:00","dateModified":"2019-09-30T11:47:29+02:00"},{"@type":"WebSite","@id":"https:\/\/www.eldigitaldeasturias.com\/noticias\/#website","url":"https:\/\/www.eldigitaldeasturias.com\/noticias\/","name":"El Digital de Asturias - Diario de actualidad y noticias","alternateName":"El Digital de Asturias - Diario de actualidad y noticias","description":"Hemeroteca","inLanguage":"es-ES","publisher":{"@id":"https:\/\/www.eldigitaldeasturias.com\/noticias\/#organization"}}]},"og:locale":"es_ES","og:site_name":"El Digital de Asturias","og:type":"article","og:title":"De ruta por la Espa\u00f1a antigua y moderna - El Digital de Asturias","og:description":"Espa\u00f1a, cuyo nombre deriva de \u201cHispania\u201d - termino con el que los antiguos romanos designaban geogr\u00e1ficamente al conjunto de la pen\u00ednsula ib\u00e9rica - es un pa\u00eds transcontinental, miembro de la Uni\u00f3n Europea desde el a\u00f1o 1985 cuya forma de gobierno es la monarqu\u00eda parlamentaria. Su territorio est\u00e1 organizado en diecisiete comunidades aut\u00f3nomas y cincuenta provincias.","og:url":"https:\/\/www.eldigitaldeasturias.com\/noticias\/de-ruta-por-la-espana-antigua-y-moderna\/","og:image":"https:\/\/www.eldigitaldeasturias.com\/noticias\/wp-content\/uploads\/2019\/09\/sevilla.jpg","og:image:secure_url":"https:\/\/www.eldigitaldeasturias.com\/noticias\/wp-content\/uploads\/2019\/09\/sevilla.jpg","og:image:width":960,"og:image:height":639,"article:tag":["turismo"],"article:published_time":"2019-09-30T11:25:37+00:00","article:modified_time":"2019-09-30T11:47:29+00:00","article:publisher":"https:\/\/facebook.com\/eldigitaldeasturias","twitter:card":"summary_large_image","twitter:title":"De ruta por la Espa\u00f1a antigua y moderna - El Digital de Asturias","twitter:description":"Espa\u00f1a, cuyo nombre deriva de \u201cHispania\u201d - termino con el que los antiguos romanos designaban geogr\u00e1ficamente al conjunto de la pen\u00ednsula ib\u00e9rica - es un pa\u00eds transcontinental, miembro de la Uni\u00f3n Europea desde el a\u00f1o 1985 cuya forma de gobierno es la monarqu\u00eda parlamentaria. Su territorio est\u00e1 organizado en diecisiete comunidades aut\u00f3nomas y cincuenta provincias.","twitter:image":"https:\/\/www.eldigitaldeasturias.com\/noticias\/wp-content\/uploads\/2019\/09\/sevilla.jpg","twitter:label1":"Escrito por","twitter:data1":"El Digital de Asturias","twitter:label2":"Tiempo de lectura estimado","twitter:data2":"4 minutos"},"aioseo_meta_data":{"post_id":"1042115","title":null,"description":null,"keywords":null,"keyphrases":null,"primary_term":null,"canonical_url":null,"og_title":null,"og_description":null,"og_object_type":"default","og_image_type":"default","og_image_url":null,"og_image_width":null,"og_image_height":null,"og_image_custom_url":null,"og_image_custom_fields":null,"og_video":null,"og_custom_url":null,"og_article_section":null,"og_article_tags":null,"twitter_use_og":false,"twitter_card":"default","twitter_image_type":"default","twitter_image_url":null,"twitter_image_custom_url":null,"twitter_image_custom_fields":null,"twitter_title":null,"twitter_description":null,"schema":{"blockGraphs":[],"customGraphs":[],"default":{"data":{"Article":[],"Course":[],"Dataset":[],"FAQPage":[],"Movie":[],"Person":[],"Product":[],"ProductReview":[],"Car":[],"Recipe":[],"Service":[],"SoftwareApplication":[],"WebPage":[]},"graphName":"","isEnabled":true},"graphs":[],"defaultGraph":"","defaultPostTypeGraph":""},"schema_type":null,"schema_type_options":null,"pillar_content":false,"robots_default":true,"robots_noindex":false,"robots_noarchive":false,"robots_nosnippet":false,"robots_nofollow":false,"robots_noimageindex":false,"robots_noodp":false,"robots_notranslate":false,"robots_max_snippet":null,"robots_max_videopreview":null,"robots_max_imagepreview":"large","priority":null,"frequency":null,"local_seo":null,"seo_analyzer_scan_date":"2025-10-23 17:29:11","breadcrumb_settings":null,"limit_modified_date":false,"open_ai":null,"ai":null,"created":"2020-12-21 11:03:21","updated":"2025-10-23 17:29:11"},"aioseo_breadcrumb":"<div class=\"aioseo-breadcrumbs\"><span class=\"aioseo-breadcrumb\">\n\t<a href=\"https:\/\/www.eldigitaldeasturias.com\/noticias\" title=\"Home\">Home<\/a>\n<\/span><span class=\"aioseo-breadcrumb-separator\">\u2013<\/span><span class=\"aioseo-breadcrumb\">\n\t<a href=\"https:\/\/www.eldigitaldeasturias.com\/noticias\/category\/turismo\/\" title=\"Turismo\">Turismo<\/a>\n<\/span><span class=\"aioseo-breadcrumb-separator\">\u2013<\/span><span class=\"aioseo-breadcrumb\">\n\t<a href=\"https:\/\/www.eldigitaldeasturias.com\/noticias\/de-ruta-por-la-espana-antigua-y-moderna\/\" title=\"De ruta por la Espa\u00f1a antigua y moderna\">De ruta por la Espa\u00f1a antigua y moderna<\/a>\n<\/span><\/div>","aioseo_breadcrumb_json":[{"label":"Home","link":"https:\/\/www.eldigitaldeasturias.com\/noticias"},{"label":"Turismo","link":"https:\/\/www.eldigitaldeasturias.com\/noticias\/category\/turismo\/"},{"label":"De ruta por la Espa\u00f1a antigua y moderna","link":"https:\/\/www.eldigitaldeasturias.com\/noticias\/de-ruta-por-la-espana-antigua-y-moderna\/"}],"_links":{"self":[{"href":"https:\/\/www.eldigitaldeasturias.com\/noticias\/wp-json\/wp\/v2\/posts\/1042115","targetHints":{"allow":["GET"]}}],"collection":[{"href":"https:\/\/www.eldigitaldeasturias.com\/noticias\/wp-json\/wp\/v2\/posts"}],"about":[{"href":"https:\/\/www.eldigitaldeasturias.com\/noticias\/wp-json\/wp\/v2\/types\/post"}],"author":[{"embeddable":true,"href":"https:\/\/www.eldigitaldeasturias.com\/noticias\/wp-json\/wp\/v2\/users\/1"}],"replies":[{"embeddable":true,"href":"https:\/\/www.eldigitaldeasturias.com\/noticias\/wp-json\/wp\/v2\/comments?post=1042115"}],"version-history":[{"count":0,"href":"https:\/\/www.eldigitaldeasturias.com\/noticias\/wp-json\/wp\/v2\/posts\/1042115\/revisions"}],"wp:featuredmedia":[{"embeddable":true,"href":"https:\/\/www.eldigitaldeasturias.com\/noticias\/wp-json\/wp\/v2\/media\/1042116"}],"wp:attachment":[{"href":"https:\/\/www.eldigitaldeasturias.com\/noticias\/wp-json\/wp\/v2\/media?parent=1042115"}],"wp:term":[{"taxonomy":"category","embeddable":true,"href":"https:\/\/www.eldigitaldeasturias.com\/noticias\/wp-json\/wp\/v2\/categories?post=1042115"},{"taxonomy":"post_tag","embeddable":true,"href":"https:\/\/www.eldigitaldeasturias.com\/noticias\/wp-json\/wp\/v2\/tags?post=1042115"}],"curies":[{"name":"wp","href":"https:\/\/api.w.org\/{rel}","templated":true}]}}