{"id":1042019,"date":"2019-09-29T11:52:51","date_gmt":"2019-09-29T11:52:51","guid":{"rendered":"https:\/\/www.eldigitaldeasturias.com\/noticias\/?p=1042019"},"modified":"2019-09-29T11:52:51","modified_gmt":"2019-09-29T11:52:51","slug":"la-espana-verde-prepara-su-30-aniversario","status":"publish","type":"post","link":"https:\/\/www.eldigitaldeasturias.com\/noticias\/la-espana-verde-prepara-su-30-aniversario\/","title":{"rendered":"La \u201cEspa\u00f1a Verde\u201d prepara su 30 aniversario"},"content":{"rendered":"<p><img loading=\"lazy\" decoding=\"async\" class=\"alignleft size-medium wp-image-1042020\" src=\"https:\/\/www.eldigitaldeasturias.com\/noticias\/wp-content\/uploads\/2019\/09\/Turismo-Verde-360x250.jpg\" alt=\"\" width=\"360\" height=\"250\" srcset=\"https:\/\/www.eldigitaldeasturias.com\/noticias\/wp-content\/uploads\/2019\/09\/Turismo-Verde-360x250.jpg 360w, https:\/\/www.eldigitaldeasturias.com\/noticias\/wp-content\/uploads\/2019\/09\/Turismo-Verde-768x534.jpg 768w, https:\/\/www.eldigitaldeasturias.com\/noticias\/wp-content\/uploads\/2019\/09\/Turismo-Verde-650x452.jpg 650w, https:\/\/www.eldigitaldeasturias.com\/noticias\/wp-content\/uploads\/2019\/09\/Turismo-Verde-1024x712.jpg 1024w, https:\/\/www.eldigitaldeasturias.com\/noticias\/wp-content\/uploads\/2019\/09\/Turismo-Verde.jpg 1065w\" sizes=\"auto, (max-width: 360px) 100vw, 360px\" \/>La viceconsejera de Turismo de Asturias,<strong> Graciela Blanco<\/strong>, se ha reunido en Bilbao con representantes del resto de comunidades aut\u00f3nomas que integran la <strong>marca tur\u00edstica Espa\u00f1a Verde-Green Spain<\/strong> para ultimar los detalles de las pr\u00f3ximas acciones promocionales, entre las que se encuentra la celebraci\u00f3n del <strong>30 aniversario de la marca<\/strong>, el pr\u00f3ximo mes de octubre.<\/p>\n<p>En este marco, del 21 al 25 de octubre, <strong>Espa\u00f1a Verde invitar\u00e1 a una quincena de periodistas internacionales a celebrar sus 30 a\u00f1os de historia a bordo del Transcant\u00e1brico<\/strong>, el tren de gran lujo que recorre Euskadi, Cantabria, Asturias y Galicia mostrando sus principales recursos culturales y paisaj\u00edsticos.<\/p>\n<p>Durante su estancia en Asturias, los periodistas \u2013provenientes de Alemania, Austria, Suiza, Argentina, Estados Unidos y M\u00e9xico- asistir\u00e1n tambi\u00e9n al showcooking de un cocinero asturiano.<\/p>\n<p>La reuni\u00f3n, a la que tambi\u00e9n han acudido representantes de Renfe y de las asociaciones tur\u00edsticas empresariales de Asturias, Cantabria y Euskadi, ha servido para abordar el plan de promoci\u00f3n previsto para el pr\u00f3ximo oto\u00f1o, dentro del cual destacan las acciones en redes sociales, viajes de familiarizaci\u00f3n con periodistas, jornadas directas y la participaci\u00f3n conjunta en la World Travel Market de Londres, donde se presentar\u00e1, en la embajada espa\u00f1ola de Londres, el producto Art, Fashion &amp; Design Green Spain como una apuesta por la sostenibilidad y el producto local.<\/p>\n<h3>30 a\u00f1os de colaboraci\u00f3n<\/h3>\n<p>Espa\u00f1a Verde es la marca territorial lanzada por<strong> Asturias, Galicia, Cantabria y Euskadi<\/strong> con el objetivo de posicionar la cornisa cant\u00e1brica como destino tur\u00edstico alternativo en el mercado internacional. Nacida en 1989 con el apoyo de Turespa\u00f1a, Espa\u00f1a Verde afronta su 30 aniversario con el objetivo de reforzar su imagen de marca y promocionarse como destino \u00fanico, l\u00edder nacional en naturaleza con 14 Reservas de la Biosfera de la Unesco, 25 parques naturales, cerca de 2.000 kil\u00f3metros de costa y 2.800 alojamientos rurales. Los Caminos a Santiago y la calidad de su gastronom\u00eda son dos de los recursos punteros que definen a la Espa\u00f1a Verde como destino diferenciado.<\/p>\n<p>&nbsp;<\/p>\n","protected":false},"excerpt":{"rendered":"<p>La viceconsejera de Turismo de Asturias, Graciela Blanco, se ha reunido en Bilbao con representantes del resto de comunidades aut\u00f3nomas que integran la marca tur\u00edstica Espa\u00f1a Verde-Green Spain para ultimar los detalles de las pr\u00f3ximas acciones promocionales, entre las que se encuentra la celebraci\u00f3n del 30 aniversario de la marca, el pr\u00f3ximo mes de octubre. [&hellip;]<\/p>\n","protected":false},"author":1,"featured_media":1042020,"comment_status":"closed","ping_status":"closed","sticky":false,"template":"","format":"standard","meta":{"footnotes":""},"categories":[148],"tags":[],"class_list":["post-1042019","post","type-post","status-publish","format-standard","has-post-thumbnail","hentry","category-turismo"],"aioseo_notices":[],"aioseo_head":"\n\t\t<!-- All in One SEO Pro 4.9.6.2 - aioseo.com -->\n\t<meta name=\"description\" content=\"La viceconsejera de Turismo de Asturias, Graciela Blanco, se ha reunido en Bilbao con representantes del resto de comunidades aut\u00f3nomas que integran la marca tur\u00edstica Espa\u00f1a Verde-Green Spain para ultimar los detalles de las pr\u00f3ximas acciones promocionales, entre las que se encuentra la celebraci\u00f3n del 30 aniversario de la marca, el pr\u00f3ximo mes de octubre.\" \/>\n\t<meta name=\"robots\" content=\"max-image-preview:large\" \/>\n\t<meta name=\"author\" content=\"El Digital de Asturias\"\/>\n\t<meta name=\"google-site-verification\" content=\"UA-38556648-1\" \/>\n\t<meta name=\"msvalidate.01\" content=\"7dfe9f3f1b24437ab69f4f2559babe99\" \/>\n\t<meta name=\"keywords\" content=\"turismo\" \/>\n\t<link rel=\"canonical\" href=\"https:\/\/www.eldigitaldeasturias.com\/noticias\/la-espana-verde-prepara-su-30-aniversario\/\" \/>\n\t<meta name=\"generator\" content=\"All in One SEO Pro (AIOSEO) 4.9.6.2\" \/>\n\t\t<meta property=\"og:locale\" content=\"es_ES\" \/>\n\t\t<meta property=\"og:site_name\" content=\"El Digital de Asturias\" \/>\n\t\t<meta property=\"og:type\" content=\"article\" \/>\n\t\t<meta property=\"og:title\" content=\"La \u201cEspa\u00f1a Verde\u201d prepara su 30 aniversario - El Digital de Asturias\" \/>\n\t\t<meta property=\"og:description\" content=\"La viceconsejera de Turismo de Asturias, Graciela Blanco, se ha reunido en Bilbao con representantes del resto de comunidades aut\u00f3nomas que integran la marca tur\u00edstica Espa\u00f1a Verde-Green Spain para ultimar los detalles de las pr\u00f3ximas acciones promocionales, entre las que se encuentra la celebraci\u00f3n del 30 aniversario de la marca, el pr\u00f3ximo mes de octubre.\" \/>\n\t\t<meta property=\"og:url\" content=\"https:\/\/www.eldigitaldeasturias.com\/noticias\/la-espana-verde-prepara-su-30-aniversario\/\" \/>\n\t\t<meta property=\"og:image\" content=\"https:\/\/www.eldigitaldeasturias.com\/noticias\/wp-content\/uploads\/2019\/09\/Turismo-Verde.jpg\" \/>\n\t\t<meta property=\"og:image:secure_url\" content=\"https:\/\/www.eldigitaldeasturias.com\/noticias\/wp-content\/uploads\/2019\/09\/Turismo-Verde.jpg\" \/>\n\t\t<meta property=\"og:image:width\" content=\"1065\" \/>\n\t\t<meta property=\"og:image:height\" content=\"740\" \/>\n\t\t<meta property=\"article:tag\" content=\"turismo\" \/>\n\t\t<meta property=\"article:published_time\" content=\"2019-09-29T11:52:51+00:00\" \/>\n\t\t<meta property=\"article:modified_time\" content=\"2019-09-29T11:52:51+00:00\" \/>\n\t\t<meta property=\"article:publisher\" content=\"https:\/\/facebook.com\/eldigitaldeasturias\" \/>\n\t\t<meta name=\"twitter:card\" content=\"summary_large_image\" \/>\n\t\t<meta name=\"twitter:title\" content=\"La \u201cEspa\u00f1a Verde\u201d prepara su 30 aniversario - El Digital de Asturias\" \/>\n\t\t<meta name=\"twitter:description\" content=\"La viceconsejera de Turismo de Asturias, Graciela Blanco, se ha reunido en Bilbao con representantes del resto de comunidades aut\u00f3nomas que integran la marca tur\u00edstica Espa\u00f1a Verde-Green Spain para ultimar los detalles de las pr\u00f3ximas acciones promocionales, entre las que se encuentra la celebraci\u00f3n del 30 aniversario de la marca, el pr\u00f3ximo mes de octubre.\" \/>\n\t\t<meta name=\"twitter:image\" content=\"https:\/\/www.eldigitaldeasturias.com\/noticias\/wp-content\/uploads\/2019\/09\/Turismo-Verde.jpg\" \/>\n\t\t<meta name=\"twitter:label1\" content=\"Escrito por\" \/>\n\t\t<meta name=\"twitter:data1\" content=\"El Digital de Asturias\" \/>\n\t\t<meta name=\"twitter:label2\" content=\"Tiempo de lectura estimado\" \/>\n\t\t<meta name=\"twitter:data2\" content=\"2 minutos\" \/>\n\t\t<script type=\"application\/ld+json\" class=\"aioseo-schema\">\n\t\t\t{\"@context\":\"https:\\\/\\\/schema.org\",\"@graph\":[{\"@type\":\"BlogPosting\",\"@id\":\"https:\\\/\\\/www.eldigitaldeasturias.com\\\/noticias\\\/la-espana-verde-prepara-su-30-aniversario\\\/#blogposting\",\"name\":\"La \\u201cEspa\\u00f1a Verde\\u201d prepara su 30 aniversario - El Digital de Asturias\",\"headline\":\"La \\u201cEspa\\u00f1a Verde\\u201d prepara su 30 aniversario\",\"author\":{\"@id\":\"https:\\\/\\\/www.eldigitaldeasturias.com\\\/noticias\\\/author\\\/admin\\\/#author\"},\"publisher\":{\"@id\":\"https:\\\/\\\/www.eldigitaldeasturias.com\\\/noticias\\\/#organization\"},\"image\":{\"@type\":\"ImageObject\",\"url\":\"https:\\\/\\\/www.eldigitaldeasturias.com\\\/noticias\\\/wp-content\\\/uploads\\\/2019\\\/09\\\/Turismo-Verde.jpg\",\"width\":1065,\"height\":740},\"datePublished\":\"2019-09-29T11:52:51+02:00\",\"dateModified\":\"2019-09-29T11:52:51+02:00\",\"inLanguage\":\"es-ES\",\"mainEntityOfPage\":{\"@id\":\"https:\\\/\\\/www.eldigitaldeasturias.com\\\/noticias\\\/la-espana-verde-prepara-su-30-aniversario\\\/#webpage\"},\"isPartOf\":{\"@id\":\"https:\\\/\\\/www.eldigitaldeasturias.com\\\/noticias\\\/la-espana-verde-prepara-su-30-aniversario\\\/#webpage\"},\"articleSection\":\"Turismo\"},{\"@type\":\"BreadcrumbList\",\"@id\":\"https:\\\/\\\/www.eldigitaldeasturias.com\\\/noticias\\\/la-espana-verde-prepara-su-30-aniversario\\\/#breadcrumblist\",\"itemListElement\":[{\"@type\":\"ListItem\",\"@id\":\"https:\\\/\\\/www.eldigitaldeasturias.com\\\/noticias#listItem\",\"position\":1,\"name\":\"Home\",\"item\":\"https:\\\/\\\/www.eldigitaldeasturias.com\\\/noticias\",\"nextItem\":{\"@type\":\"ListItem\",\"@id\":\"https:\\\/\\\/www.eldigitaldeasturias.com\\\/noticias\\\/category\\\/turismo\\\/#listItem\",\"name\":\"Turismo\"}},{\"@type\":\"ListItem\",\"@id\":\"https:\\\/\\\/www.eldigitaldeasturias.com\\\/noticias\\\/category\\\/turismo\\\/#listItem\",\"position\":2,\"name\":\"Turismo\",\"item\":\"https:\\\/\\\/www.eldigitaldeasturias.com\\\/noticias\\\/category\\\/turismo\\\/\",\"nextItem\":{\"@type\":\"ListItem\",\"@id\":\"https:\\\/\\\/www.eldigitaldeasturias.com\\\/noticias\\\/la-espana-verde-prepara-su-30-aniversario\\\/#listItem\",\"name\":\"La \\u201cEspa\\u00f1a Verde\\u201d prepara su 30 aniversario\"},\"previousItem\":{\"@type\":\"ListItem\",\"@id\":\"https:\\\/\\\/www.eldigitaldeasturias.com\\\/noticias#listItem\",\"name\":\"Home\"}},{\"@type\":\"ListItem\",\"@id\":\"https:\\\/\\\/www.eldigitaldeasturias.com\\\/noticias\\\/la-espana-verde-prepara-su-30-aniversario\\\/#listItem\",\"position\":3,\"name\":\"La \\u201cEspa\\u00f1a Verde\\u201d prepara su 30 aniversario\",\"previousItem\":{\"@type\":\"ListItem\",\"@id\":\"https:\\\/\\\/www.eldigitaldeasturias.com\\\/noticias\\\/category\\\/turismo\\\/#listItem\",\"name\":\"Turismo\"}}]},{\"@type\":\"Organization\",\"@id\":\"https:\\\/\\\/www.eldigitaldeasturias.com\\\/noticias\\\/#organization\",\"name\":\"El Digital de Asturias\",\"description\":\"Hemeroteca\",\"url\":\"https:\\\/\\\/www.eldigitaldeasturias.com\\\/noticias\\\/\",\"email\":\"info@eldigitaldeasturias.com\",\"telephone\":\"+34652131393\",\"logo\":{\"@type\":\"ImageObject\",\"url\":\"https:\\\/\\\/www.eldigitaldeasturias.com\\\/noticias\\\/wp-content\\\/uploads\\\/2020\\\/12\\\/EDA.jpg\",\"@id\":\"https:\\\/\\\/www.eldigitaldeasturias.com\\\/noticias\\\/la-espana-verde-prepara-su-30-aniversario\\\/#organizationLogo\",\"width\":649,\"height\":297},\"image\":{\"@id\":\"https:\\\/\\\/www.eldigitaldeasturias.com\\\/noticias\\\/la-espana-verde-prepara-su-30-aniversario\\\/#organizationLogo\"},\"sameAs\":[\"https:\\\/\\\/facebook.com\\\/eldigitaldeasturias\",\"https:\\\/\\\/www.youtube.com\\\/channel\\\/UCZP-2wLEB9Rv6erhFmqVnvg\"],\"address\":{\"@id\":\"https:\\\/\\\/www.eldigitaldeasturias.com\\\/noticias\\\/#postaladdress\",\"@type\":\"PostalAddress\",\"streetAddress\":\"san antonio 4,\",\"postalCode\":\"33430\",\"addressLocality\":\"Cand\\u00e1s\",\"addressRegion\":\"Asturias\",\"addressCountry\":\"ES\"}},{\"@type\":\"Person\",\"@id\":\"https:\\\/\\\/www.eldigitaldeasturias.com\\\/noticias\\\/author\\\/admin\\\/#author\",\"url\":\"https:\\\/\\\/www.eldigitaldeasturias.com\\\/noticias\\\/author\\\/admin\\\/\",\"name\":\"El Digital de Asturias\",\"image\":{\"@type\":\"ImageObject\",\"@id\":\"https:\\\/\\\/www.eldigitaldeasturias.com\\\/noticias\\\/la-espana-verde-prepara-su-30-aniversario\\\/#authorImage\",\"url\":\"https:\\\/\\\/www.eldigitaldeasturias.com\\\/noticias\\\/wp-content\\\/litespeed\\\/avatar\\\/18677e78aa0546b92d9dbf31ec7d7668.jpg?ver=1777290358\",\"width\":96,\"height\":96,\"caption\":\"El Digital de Asturias\"}},{\"@type\":\"WebPage\",\"@id\":\"https:\\\/\\\/www.eldigitaldeasturias.com\\\/noticias\\\/la-espana-verde-prepara-su-30-aniversario\\\/#webpage\",\"url\":\"https:\\\/\\\/www.eldigitaldeasturias.com\\\/noticias\\\/la-espana-verde-prepara-su-30-aniversario\\\/\",\"name\":\"La \\u201cEspa\\u00f1a Verde\\u201d prepara su 30 aniversario - El Digital de Asturias\",\"description\":\"La viceconsejera de Turismo de Asturias, Graciela Blanco, se ha reunido en Bilbao con representantes del resto de comunidades aut\\u00f3nomas que integran la marca tur\\u00edstica Espa\\u00f1a Verde-Green Spain para ultimar los detalles de las pr\\u00f3ximas acciones promocionales, entre las que se encuentra la celebraci\\u00f3n del 30 aniversario de la marca, el pr\\u00f3ximo mes de octubre.\",\"inLanguage\":\"es-ES\",\"isPartOf\":{\"@id\":\"https:\\\/\\\/www.eldigitaldeasturias.com\\\/noticias\\\/#website\"},\"breadcrumb\":{\"@id\":\"https:\\\/\\\/www.eldigitaldeasturias.com\\\/noticias\\\/la-espana-verde-prepara-su-30-aniversario\\\/#breadcrumblist\"},\"author\":{\"@id\":\"https:\\\/\\\/www.eldigitaldeasturias.com\\\/noticias\\\/author\\\/admin\\\/#author\"},\"creator\":{\"@id\":\"https:\\\/\\\/www.eldigitaldeasturias.com\\\/noticias\\\/author\\\/admin\\\/#author\"},\"image\":{\"@type\":\"ImageObject\",\"url\":\"https:\\\/\\\/www.eldigitaldeasturias.com\\\/noticias\\\/wp-content\\\/uploads\\\/2019\\\/09\\\/Turismo-Verde.jpg\",\"@id\":\"https:\\\/\\\/www.eldigitaldeasturias.com\\\/noticias\\\/la-espana-verde-prepara-su-30-aniversario\\\/#mainImage\",\"width\":1065,\"height\":740},\"primaryImageOfPage\":{\"@id\":\"https:\\\/\\\/www.eldigitaldeasturias.com\\\/noticias\\\/la-espana-verde-prepara-su-30-aniversario\\\/#mainImage\"},\"datePublished\":\"2019-09-29T11:52:51+02:00\",\"dateModified\":\"2019-09-29T11:52:51+02:00\"},{\"@type\":\"WebSite\",\"@id\":\"https:\\\/\\\/www.eldigitaldeasturias.com\\\/noticias\\\/#website\",\"url\":\"https:\\\/\\\/www.eldigitaldeasturias.com\\\/noticias\\\/\",\"name\":\"El Digital de Asturias - Diario de actualidad y noticias\",\"alternateName\":\"El Digital de Asturias - Diario de actualidad y noticias\",\"description\":\"Hemeroteca\",\"inLanguage\":\"es-ES\",\"publisher\":{\"@id\":\"https:\\\/\\\/www.eldigitaldeasturias.com\\\/noticias\\\/#organization\"}}]}\n\t\t<\/script>\n\t\t<!-- All in One SEO Pro -->\r\n\t\t<title>La \u201cEspa\u00f1a Verde\u201d prepara su 30 aniversario - El Digital de Asturias<\/title>\n\n","aioseo_head_json":{"title":"La \u201cEspa\u00f1a Verde\u201d prepara su 30 aniversario - El Digital de Asturias","description":"La viceconsejera de Turismo de Asturias, Graciela Blanco, se ha reunido en Bilbao con representantes del resto de comunidades aut\u00f3nomas que integran la marca tur\u00edstica Espa\u00f1a Verde-Green Spain para ultimar los detalles de las pr\u00f3ximas acciones promocionales, entre las que se encuentra la celebraci\u00f3n del 30 aniversario de la marca, el pr\u00f3ximo mes de octubre.","canonical_url":"https:\/\/www.eldigitaldeasturias.com\/noticias\/la-espana-verde-prepara-su-30-aniversario\/","robots":"max-image-preview:large","keywords":"turismo","webmasterTools":{"google-site-verification":"UA-38556648-1","msvalidate.01":"7dfe9f3f1b24437ab69f4f2559babe99","miscellaneous":""},"schema":{"@context":"https:\/\/schema.org","@graph":[{"@type":"BlogPosting","@id":"https:\/\/www.eldigitaldeasturias.com\/noticias\/la-espana-verde-prepara-su-30-aniversario\/#blogposting","name":"La \u201cEspa\u00f1a Verde\u201d prepara su 30 aniversario - El Digital de Asturias","headline":"La \u201cEspa\u00f1a Verde\u201d prepara su 30 aniversario","author":{"@id":"https:\/\/www.eldigitaldeasturias.com\/noticias\/author\/admin\/#author"},"publisher":{"@id":"https:\/\/www.eldigitaldeasturias.com\/noticias\/#organization"},"image":{"@type":"ImageObject","url":"https:\/\/www.eldigitaldeasturias.com\/noticias\/wp-content\/uploads\/2019\/09\/Turismo-Verde.jpg","width":1065,"height":740},"datePublished":"2019-09-29T11:52:51+02:00","dateModified":"2019-09-29T11:52:51+02:00","inLanguage":"es-ES","mainEntityOfPage":{"@id":"https:\/\/www.eldigitaldeasturias.com\/noticias\/la-espana-verde-prepara-su-30-aniversario\/#webpage"},"isPartOf":{"@id":"https:\/\/www.eldigitaldeasturias.com\/noticias\/la-espana-verde-prepara-su-30-aniversario\/#webpage"},"articleSection":"Turismo"},{"@type":"BreadcrumbList","@id":"https:\/\/www.eldigitaldeasturias.com\/noticias\/la-espana-verde-prepara-su-30-aniversario\/#breadcrumblist","itemListElement":[{"@type":"ListItem","@id":"https:\/\/www.eldigitaldeasturias.com\/noticias#listItem","position":1,"name":"Home","item":"https:\/\/www.eldigitaldeasturias.com\/noticias","nextItem":{"@type":"ListItem","@id":"https:\/\/www.eldigitaldeasturias.com\/noticias\/category\/turismo\/#listItem","name":"Turismo"}},{"@type":"ListItem","@id":"https:\/\/www.eldigitaldeasturias.com\/noticias\/category\/turismo\/#listItem","position":2,"name":"Turismo","item":"https:\/\/www.eldigitaldeasturias.com\/noticias\/category\/turismo\/","nextItem":{"@type":"ListItem","@id":"https:\/\/www.eldigitaldeasturias.com\/noticias\/la-espana-verde-prepara-su-30-aniversario\/#listItem","name":"La \u201cEspa\u00f1a Verde\u201d prepara su 30 aniversario"},"previousItem":{"@type":"ListItem","@id":"https:\/\/www.eldigitaldeasturias.com\/noticias#listItem","name":"Home"}},{"@type":"ListItem","@id":"https:\/\/www.eldigitaldeasturias.com\/noticias\/la-espana-verde-prepara-su-30-aniversario\/#listItem","position":3,"name":"La \u201cEspa\u00f1a Verde\u201d prepara su 30 aniversario","previousItem":{"@type":"ListItem","@id":"https:\/\/www.eldigitaldeasturias.com\/noticias\/category\/turismo\/#listItem","name":"Turismo"}}]},{"@type":"Organization","@id":"https:\/\/www.eldigitaldeasturias.com\/noticias\/#organization","name":"El Digital de Asturias","description":"Hemeroteca","url":"https:\/\/www.eldigitaldeasturias.com\/noticias\/","email":"info@eldigitaldeasturias.com","telephone":"+34652131393","logo":{"@type":"ImageObject","url":"https:\/\/www.eldigitaldeasturias.com\/noticias\/wp-content\/uploads\/2020\/12\/EDA.jpg","@id":"https:\/\/www.eldigitaldeasturias.com\/noticias\/la-espana-verde-prepara-su-30-aniversario\/#organizationLogo","width":649,"height":297},"image":{"@id":"https:\/\/www.eldigitaldeasturias.com\/noticias\/la-espana-verde-prepara-su-30-aniversario\/#organizationLogo"},"sameAs":["https:\/\/facebook.com\/eldigitaldeasturias","https:\/\/www.youtube.com\/channel\/UCZP-2wLEB9Rv6erhFmqVnvg"],"address":{"@id":"https:\/\/www.eldigitaldeasturias.com\/noticias\/#postaladdress","@type":"PostalAddress","streetAddress":"san antonio 4,","postalCode":"33430","addressLocality":"Cand\u00e1s","addressRegion":"Asturias","addressCountry":"ES"}},{"@type":"Person","@id":"https:\/\/www.eldigitaldeasturias.com\/noticias\/author\/admin\/#author","url":"https:\/\/www.eldigitaldeasturias.com\/noticias\/author\/admin\/","name":"El Digital de Asturias","image":{"@type":"ImageObject","@id":"https:\/\/www.eldigitaldeasturias.com\/noticias\/la-espana-verde-prepara-su-30-aniversario\/#authorImage","url":"https:\/\/www.eldigitaldeasturias.com\/noticias\/wp-content\/litespeed\/avatar\/18677e78aa0546b92d9dbf31ec7d7668.jpg?ver=1777290358","width":96,"height":96,"caption":"El Digital de Asturias"}},{"@type":"WebPage","@id":"https:\/\/www.eldigitaldeasturias.com\/noticias\/la-espana-verde-prepara-su-30-aniversario\/#webpage","url":"https:\/\/www.eldigitaldeasturias.com\/noticias\/la-espana-verde-prepara-su-30-aniversario\/","name":"La \u201cEspa\u00f1a Verde\u201d prepara su 30 aniversario - El Digital de Asturias","description":"La viceconsejera de Turismo de Asturias, Graciela Blanco, se ha reunido en Bilbao con representantes del resto de comunidades aut\u00f3nomas que integran la marca tur\u00edstica Espa\u00f1a Verde-Green Spain para ultimar los detalles de las pr\u00f3ximas acciones promocionales, entre las que se encuentra la celebraci\u00f3n del 30 aniversario de la marca, el pr\u00f3ximo mes de octubre.","inLanguage":"es-ES","isPartOf":{"@id":"https:\/\/www.eldigitaldeasturias.com\/noticias\/#website"},"breadcrumb":{"@id":"https:\/\/www.eldigitaldeasturias.com\/noticias\/la-espana-verde-prepara-su-30-aniversario\/#breadcrumblist"},"author":{"@id":"https:\/\/www.eldigitaldeasturias.com\/noticias\/author\/admin\/#author"},"creator":{"@id":"https:\/\/www.eldigitaldeasturias.com\/noticias\/author\/admin\/#author"},"image":{"@type":"ImageObject","url":"https:\/\/www.eldigitaldeasturias.com\/noticias\/wp-content\/uploads\/2019\/09\/Turismo-Verde.jpg","@id":"https:\/\/www.eldigitaldeasturias.com\/noticias\/la-espana-verde-prepara-su-30-aniversario\/#mainImage","width":1065,"height":740},"primaryImageOfPage":{"@id":"https:\/\/www.eldigitaldeasturias.com\/noticias\/la-espana-verde-prepara-su-30-aniversario\/#mainImage"},"datePublished":"2019-09-29T11:52:51+02:00","dateModified":"2019-09-29T11:52:51+02:00"},{"@type":"WebSite","@id":"https:\/\/www.eldigitaldeasturias.com\/noticias\/#website","url":"https:\/\/www.eldigitaldeasturias.com\/noticias\/","name":"El Digital de Asturias - Diario de actualidad y noticias","alternateName":"El Digital de Asturias - Diario de actualidad y noticias","description":"Hemeroteca","inLanguage":"es-ES","publisher":{"@id":"https:\/\/www.eldigitaldeasturias.com\/noticias\/#organization"}}]},"og:locale":"es_ES","og:site_name":"El Digital de Asturias","og:type":"article","og:title":"La \u201cEspa\u00f1a Verde\u201d prepara su 30 aniversario - El Digital de Asturias","og:description":"La viceconsejera de Turismo de Asturias, Graciela Blanco, se ha reunido en Bilbao con representantes del resto de comunidades aut\u00f3nomas que integran la marca tur\u00edstica Espa\u00f1a Verde-Green Spain para ultimar los detalles de las pr\u00f3ximas acciones promocionales, entre las que se encuentra la celebraci\u00f3n del 30 aniversario de la marca, el pr\u00f3ximo mes de octubre.","og:url":"https:\/\/www.eldigitaldeasturias.com\/noticias\/la-espana-verde-prepara-su-30-aniversario\/","og:image":"https:\/\/www.eldigitaldeasturias.com\/noticias\/wp-content\/uploads\/2019\/09\/Turismo-Verde.jpg","og:image:secure_url":"https:\/\/www.eldigitaldeasturias.com\/noticias\/wp-content\/uploads\/2019\/09\/Turismo-Verde.jpg","og:image:width":1065,"og:image:height":740,"article:tag":["turismo"],"article:published_time":"2019-09-29T11:52:51+00:00","article:modified_time":"2019-09-29T11:52:51+00:00","article:publisher":"https:\/\/facebook.com\/eldigitaldeasturias","twitter:card":"summary_large_image","twitter:title":"La \u201cEspa\u00f1a Verde\u201d prepara su 30 aniversario - El Digital de Asturias","twitter:description":"La viceconsejera de Turismo de Asturias, Graciela Blanco, se ha reunido en Bilbao con representantes del resto de comunidades aut\u00f3nomas que integran la marca tur\u00edstica Espa\u00f1a Verde-Green Spain para ultimar los detalles de las pr\u00f3ximas acciones promocionales, entre las que se encuentra la celebraci\u00f3n del 30 aniversario de la marca, el pr\u00f3ximo mes de octubre.","twitter:image":"https:\/\/www.eldigitaldeasturias.com\/noticias\/wp-content\/uploads\/2019\/09\/Turismo-Verde.jpg","twitter:label1":"Escrito por","twitter:data1":"El Digital de Asturias","twitter:label2":"Tiempo de lectura estimado","twitter:data2":"2 minutos"},"aioseo_meta_data":{"post_id":"1042019","title":null,"description":null,"keywords":null,"keyphrases":null,"primary_term":null,"canonical_url":null,"og_title":null,"og_description":null,"og_object_type":"default","og_image_type":"default","og_image_url":null,"og_image_width":null,"og_image_height":null,"og_image_custom_url":null,"og_image_custom_fields":null,"og_video":null,"og_custom_url":null,"og_article_section":null,"og_article_tags":null,"twitter_use_og":false,"twitter_card":"default","twitter_image_type":"default","twitter_image_url":null,"twitter_image_custom_url":null,"twitter_image_custom_fields":null,"twitter_title":null,"twitter_description":null,"schema":{"blockGraphs":[],"customGraphs":[],"default":{"data":{"Article":[],"Course":[],"Dataset":[],"FAQPage":[],"Movie":[],"Person":[],"Product":[],"ProductReview":[],"Car":[],"Recipe":[],"Service":[],"SoftwareApplication":[],"WebPage":[]},"graphName":"","isEnabled":true},"graphs":[],"defaultGraph":"","defaultPostTypeGraph":""},"schema_type":null,"schema_type_options":null,"pillar_content":false,"robots_default":true,"robots_noindex":false,"robots_noarchive":false,"robots_nosnippet":false,"robots_nofollow":false,"robots_noimageindex":false,"robots_noodp":false,"robots_notranslate":false,"robots_max_snippet":null,"robots_max_videopreview":null,"robots_max_imagepreview":"large","priority":null,"frequency":null,"local_seo":null,"seo_analyzer_scan_date":"2025-10-23 16:58:07","breadcrumb_settings":null,"limit_modified_date":false,"open_ai":null,"ai":null,"created":"2020-12-21 11:03:22","updated":"2025-10-23 16:58:07"},"aioseo_breadcrumb":"<div class=\"aioseo-breadcrumbs\"><span class=\"aioseo-breadcrumb\">\n\t<a href=\"https:\/\/www.eldigitaldeasturias.com\/noticias\" title=\"Home\">Home<\/a>\n<\/span><span class=\"aioseo-breadcrumb-separator\">\u2013<\/span><span class=\"aioseo-breadcrumb\">\n\t<a href=\"https:\/\/www.eldigitaldeasturias.com\/noticias\/category\/turismo\/\" title=\"Turismo\">Turismo<\/a>\n<\/span><span class=\"aioseo-breadcrumb-separator\">\u2013<\/span><span class=\"aioseo-breadcrumb\">\n\t<a href=\"https:\/\/www.eldigitaldeasturias.com\/noticias\/la-espana-verde-prepara-su-30-aniversario\/\" title=\"La \u201cEspa\u00f1a Verde\u201d prepara su 30 aniversario\">La \u201cEspa\u00f1a Verde\u201d prepara su 30 aniversario<\/a>\n<\/span><\/div>","aioseo_breadcrumb_json":[{"label":"Home","link":"https:\/\/www.eldigitaldeasturias.com\/noticias"},{"label":"Turismo","link":"https:\/\/www.eldigitaldeasturias.com\/noticias\/category\/turismo\/"},{"label":"La \u201cEspa\u00f1a Verde\u201d prepara su 30 aniversario","link":"https:\/\/www.eldigitaldeasturias.com\/noticias\/la-espana-verde-prepara-su-30-aniversario\/"}],"_links":{"self":[{"href":"https:\/\/www.eldigitaldeasturias.com\/noticias\/wp-json\/wp\/v2\/posts\/1042019","targetHints":{"allow":["GET"]}}],"collection":[{"href":"https:\/\/www.eldigitaldeasturias.com\/noticias\/wp-json\/wp\/v2\/posts"}],"about":[{"href":"https:\/\/www.eldigitaldeasturias.com\/noticias\/wp-json\/wp\/v2\/types\/post"}],"author":[{"embeddable":true,"href":"https:\/\/www.eldigitaldeasturias.com\/noticias\/wp-json\/wp\/v2\/users\/1"}],"replies":[{"embeddable":true,"href":"https:\/\/www.eldigitaldeasturias.com\/noticias\/wp-json\/wp\/v2\/comments?post=1042019"}],"version-history":[{"count":0,"href":"https:\/\/www.eldigitaldeasturias.com\/noticias\/wp-json\/wp\/v2\/posts\/1042019\/revisions"}],"wp:featuredmedia":[{"embeddable":true,"href":"https:\/\/www.eldigitaldeasturias.com\/noticias\/wp-json\/wp\/v2\/media\/1042020"}],"wp:attachment":[{"href":"https:\/\/www.eldigitaldeasturias.com\/noticias\/wp-json\/wp\/v2\/media?parent=1042019"}],"wp:term":[{"taxonomy":"category","embeddable":true,"href":"https:\/\/www.eldigitaldeasturias.com\/noticias\/wp-json\/wp\/v2\/categories?post=1042019"},{"taxonomy":"post_tag","embeddable":true,"href":"https:\/\/www.eldigitaldeasturias.com\/noticias\/wp-json\/wp\/v2\/tags?post=1042019"}],"curies":[{"name":"wp","href":"https:\/\/api.w.org\/{rel}","templated":true}]}}