{"id":1040641,"date":"2019-09-13T19:19:10","date_gmt":"2019-09-13T19:19:10","guid":{"rendered":"https:\/\/www.eldigitaldeasturias.com\/noticias\/?p=1040641"},"modified":"2019-09-13T19:19:10","modified_gmt":"2019-09-13T19:19:10","slug":"jovenes-empresarios-piden-elevar-la-edad-de-jubilacion-en-alemania","status":"publish","type":"post","link":"https:\/\/www.eldigitaldeasturias.com\/noticias\/jovenes-empresarios-piden-elevar-la-edad-de-jubilacion-en-alemania\/","title":{"rendered":"J\u00f3venes empresarios piden elevar la edad de jubilaci\u00f3n en Alemania"},"content":{"rendered":"<p><img loading=\"lazy\" decoding=\"async\" class=\"alignleft size-medium wp-image-1013387\" src=\"https:\/\/www.eldigitaldeasturias.com\/noticias\/wp-content\/uploads\/2019\/01\/work-791218_960_720-360x240.jpg\" alt=\"\" width=\"360\" height=\"240\" srcset=\"https:\/\/www.eldigitaldeasturias.com\/noticias\/wp-content\/uploads\/2019\/01\/work-791218_960_720-360x240.jpg 360w, https:\/\/www.eldigitaldeasturias.com\/noticias\/wp-content\/uploads\/2019\/01\/work-791218_960_720-768x512.jpg 768w, https:\/\/www.eldigitaldeasturias.com\/noticias\/wp-content\/uploads\/2019\/01\/work-791218_960_720-650x433.jpg 650w, https:\/\/www.eldigitaldeasturias.com\/noticias\/wp-content\/uploads\/2019\/01\/work-791218_960_720.jpg 960w\" sizes=\"auto, (max-width: 360px) 100vw, 360px\" \/>Berl\u00edn, 13 sep (dpa) &#8211; La asociaci\u00f3n econ\u00f3mica alemana \u00abLos Empresarios Jovenes\u00bb reclam\u00f3 una edad de retiro m\u00e1s elevada para vincular en el futuro a la jubilaci\u00f3n con la esperanza de vida, seg\u00fan declar\u00f3 hoy a dpa la presidenta de la agrupaci\u00f3n, Sarna R\u00f6ser.<\/p>\n<p>\u00abNecesitamos cambios profundos. De lo contrario, el sistema de pensiones va a colapsar\u00bb, advirti\u00f3 R\u00f6ser, recalcando que, debido al aumento de la esperanza de vida, el per\u00edodo de pago de pensiones se ha prolongado en las \u00faltimas d\u00e9cadas.<\/p>\n<p>La experta alemana explic\u00f3 que por este motivo es necesario trabajar m\u00e1s tiempo para alcanzar un cierto nivel de pensi\u00f3n. Por ejemplo, tres a\u00f1os m\u00e1s de esperanza de vida significan dos a\u00f1os m\u00e1s de trabajo y uno de jubilaci\u00f3n.<\/p>\n<p>R\u00f6sner coment\u00f3 que la generaci\u00f3n nacida en 2000 ser\u00eda la primera en retirarse a la edad de 70 a\u00f1os.<\/p>\n<p>\u00abSi la esperanza de vida se sigue extendiendo tan r\u00e1pido como en las \u00faltimas d\u00e9cadas, es imprescindible que la edad de jubilaci\u00f3n sea superior a los 67 a\u00f1os\u00bb, dijo R\u00f6ser.<\/p>\n<p>Una comisi\u00f3n de expertos del Gobierno alem\u00e1n deber\u00e1 presentar hasta marzo de 2020 recomendaciones sobre el futuro de las pensiones en el pa\u00eds.<\/p>\n","protected":false},"excerpt":{"rendered":"<p>Berl\u00edn, 13 sep (dpa) &#8211; La asociaci\u00f3n econ\u00f3mica alemana \u00abLos Empresarios Jovenes\u00bb reclam\u00f3 una edad de retiro m\u00e1s elevada para vincular en el futuro a la jubilaci\u00f3n con la esperanza de vida, seg\u00fan declar\u00f3 hoy a dpa la presidenta de la agrupaci\u00f3n, Sarna R\u00f6ser. \u00abNecesitamos cambios profundos. De lo contrario, el sistema de pensiones va [&hellip;]<\/p>\n","protected":false},"author":1,"featured_media":1013387,"comment_status":"closed","ping_status":"closed","sticky":false,"template":"","format":"standard","meta":{"footnotes":""},"categories":[219],"tags":[],"class_list":["post-1040641","post","type-post","status-publish","format-standard","has-post-thumbnail","hentry","category-negocios-y-empresas"],"aioseo_notices":[],"aioseo_head":"\n\t\t<!-- All in One SEO Pro 4.9.6.2 - aioseo.com -->\n\t<meta name=\"description\" content=\"Berl\u00edn, 13 sep (dpa) - La asociaci\u00f3n econ\u00f3mica alemana &quot;Los Empresarios Jovenes&quot; reclam\u00f3 una edad de retiro m\u00e1s elevada para vincular en el futuro a la jubilaci\u00f3n con la esperanza de vida, seg\u00fan declar\u00f3 hoy a dpa la presidenta de la agrupaci\u00f3n, Sarna R\u00f6ser. &quot;Necesitamos cambios profundos. De lo contrario, el sistema de pensiones va\" \/>\n\t<meta name=\"robots\" content=\"max-image-preview:large\" \/>\n\t<meta name=\"author\" content=\"El Digital de Asturias\"\/>\n\t<meta name=\"google-site-verification\" content=\"UA-38556648-1\" \/>\n\t<meta name=\"msvalidate.01\" content=\"7dfe9f3f1b24437ab69f4f2559babe99\" \/>\n\t<meta name=\"keywords\" content=\"negocios y empresas\" \/>\n\t<link rel=\"canonical\" href=\"https:\/\/www.eldigitaldeasturias.com\/noticias\/jovenes-empresarios-piden-elevar-la-edad-de-jubilacion-en-alemania\/\" \/>\n\t<meta name=\"generator\" content=\"All in One SEO Pro (AIOSEO) 4.9.6.2\" \/>\n\t\t<meta property=\"og:locale\" content=\"es_ES\" \/>\n\t\t<meta property=\"og:site_name\" content=\"El Digital de Asturias\" \/>\n\t\t<meta property=\"og:type\" content=\"article\" \/>\n\t\t<meta property=\"og:title\" content=\"J\u00f3venes empresarios piden elevar la edad de jubilaci\u00f3n en Alemania - El Digital de Asturias\" \/>\n\t\t<meta property=\"og:description\" content=\"Berl\u00edn, 13 sep (dpa) - La asociaci\u00f3n econ\u00f3mica alemana &quot;Los Empresarios Jovenes&quot; reclam\u00f3 una edad de retiro m\u00e1s elevada para vincular en el futuro a la jubilaci\u00f3n con la esperanza de vida, seg\u00fan declar\u00f3 hoy a dpa la presidenta de la agrupaci\u00f3n, Sarna R\u00f6ser. &quot;Necesitamos cambios profundos. De lo contrario, el sistema de pensiones va\" \/>\n\t\t<meta property=\"og:url\" content=\"https:\/\/www.eldigitaldeasturias.com\/noticias\/jovenes-empresarios-piden-elevar-la-edad-de-jubilacion-en-alemania\/\" \/>\n\t\t<meta property=\"og:image\" content=\"https:\/\/www.eldigitaldeasturias.com\/noticias\/wp-content\/uploads\/2019\/01\/work-791218_960_720.jpg\" \/>\n\t\t<meta property=\"og:image:secure_url\" content=\"https:\/\/www.eldigitaldeasturias.com\/noticias\/wp-content\/uploads\/2019\/01\/work-791218_960_720.jpg\" \/>\n\t\t<meta property=\"og:image:width\" content=\"960\" \/>\n\t\t<meta property=\"og:image:height\" content=\"640\" \/>\n\t\t<meta property=\"article:tag\" content=\"negocios y empresas\" \/>\n\t\t<meta property=\"article:published_time\" content=\"2019-09-13T19:19:10+00:00\" \/>\n\t\t<meta property=\"article:modified_time\" content=\"2019-09-13T19:19:10+00:00\" \/>\n\t\t<meta property=\"article:publisher\" content=\"https:\/\/facebook.com\/eldigitaldeasturias\" \/>\n\t\t<meta name=\"twitter:card\" content=\"summary_large_image\" \/>\n\t\t<meta name=\"twitter:title\" content=\"J\u00f3venes empresarios piden elevar la edad de jubilaci\u00f3n en Alemania - El Digital de Asturias\" \/>\n\t\t<meta name=\"twitter:description\" content=\"Berl\u00edn, 13 sep (dpa) - La asociaci\u00f3n econ\u00f3mica alemana &quot;Los Empresarios Jovenes&quot; reclam\u00f3 una edad de retiro m\u00e1s elevada para vincular en el futuro a la jubilaci\u00f3n con la esperanza de vida, seg\u00fan declar\u00f3 hoy a dpa la presidenta de la agrupaci\u00f3n, Sarna R\u00f6ser. &quot;Necesitamos cambios profundos. De lo contrario, el sistema de pensiones va\" \/>\n\t\t<meta name=\"twitter:image\" content=\"https:\/\/www.eldigitaldeasturias.com\/noticias\/wp-content\/uploads\/2019\/01\/work-791218_960_720.jpg\" \/>\n\t\t<meta name=\"twitter:label1\" content=\"Escrito por\" \/>\n\t\t<meta name=\"twitter:data1\" content=\"El Digital de Asturias\" \/>\n\t\t<meta name=\"twitter:label2\" content=\"Tiempo de lectura estimado\" \/>\n\t\t<meta name=\"twitter:data2\" content=\"1 minuto\" \/>\n\t\t<script type=\"application\/ld+json\" class=\"aioseo-schema\">\n\t\t\t{\"@context\":\"https:\\\/\\\/schema.org\",\"@graph\":[{\"@type\":\"BlogPosting\",\"@id\":\"https:\\\/\\\/www.eldigitaldeasturias.com\\\/noticias\\\/jovenes-empresarios-piden-elevar-la-edad-de-jubilacion-en-alemania\\\/#blogposting\",\"name\":\"J\\u00f3venes empresarios piden elevar la edad de jubilaci\\u00f3n en Alemania - El Digital de Asturias\",\"headline\":\"J\\u00f3venes empresarios piden elevar la edad de jubilaci\\u00f3n en Alemania\",\"author\":{\"@id\":\"https:\\\/\\\/www.eldigitaldeasturias.com\\\/noticias\\\/author\\\/admin\\\/#author\"},\"publisher\":{\"@id\":\"https:\\\/\\\/www.eldigitaldeasturias.com\\\/noticias\\\/#organization\"},\"image\":{\"@type\":\"ImageObject\",\"url\":\"https:\\\/\\\/www.eldigitaldeasturias.com\\\/noticias\\\/wp-content\\\/uploads\\\/2019\\\/01\\\/work-791218_960_720.jpg\",\"width\":960,\"height\":640,\"caption\":\"Empleo\"},\"datePublished\":\"2019-09-13T19:19:10+02:00\",\"dateModified\":\"2019-09-13T19:19:10+02:00\",\"inLanguage\":\"es-ES\",\"mainEntityOfPage\":{\"@id\":\"https:\\\/\\\/www.eldigitaldeasturias.com\\\/noticias\\\/jovenes-empresarios-piden-elevar-la-edad-de-jubilacion-en-alemania\\\/#webpage\"},\"isPartOf\":{\"@id\":\"https:\\\/\\\/www.eldigitaldeasturias.com\\\/noticias\\\/jovenes-empresarios-piden-elevar-la-edad-de-jubilacion-en-alemania\\\/#webpage\"},\"articleSection\":\"Negocios y Empresas\"},{\"@type\":\"BreadcrumbList\",\"@id\":\"https:\\\/\\\/www.eldigitaldeasturias.com\\\/noticias\\\/jovenes-empresarios-piden-elevar-la-edad-de-jubilacion-en-alemania\\\/#breadcrumblist\",\"itemListElement\":[{\"@type\":\"ListItem\",\"@id\":\"https:\\\/\\\/www.eldigitaldeasturias.com\\\/noticias#listItem\",\"position\":1,\"name\":\"Home\",\"item\":\"https:\\\/\\\/www.eldigitaldeasturias.com\\\/noticias\",\"nextItem\":{\"@type\":\"ListItem\",\"@id\":\"https:\\\/\\\/www.eldigitaldeasturias.com\\\/noticias\\\/category\\\/negocios-y-empresas\\\/#listItem\",\"name\":\"Negocios y Empresas\"}},{\"@type\":\"ListItem\",\"@id\":\"https:\\\/\\\/www.eldigitaldeasturias.com\\\/noticias\\\/category\\\/negocios-y-empresas\\\/#listItem\",\"position\":2,\"name\":\"Negocios y Empresas\",\"item\":\"https:\\\/\\\/www.eldigitaldeasturias.com\\\/noticias\\\/category\\\/negocios-y-empresas\\\/\",\"nextItem\":{\"@type\":\"ListItem\",\"@id\":\"https:\\\/\\\/www.eldigitaldeasturias.com\\\/noticias\\\/jovenes-empresarios-piden-elevar-la-edad-de-jubilacion-en-alemania\\\/#listItem\",\"name\":\"J\\u00f3venes empresarios piden elevar la edad de jubilaci\\u00f3n en Alemania\"},\"previousItem\":{\"@type\":\"ListItem\",\"@id\":\"https:\\\/\\\/www.eldigitaldeasturias.com\\\/noticias#listItem\",\"name\":\"Home\"}},{\"@type\":\"ListItem\",\"@id\":\"https:\\\/\\\/www.eldigitaldeasturias.com\\\/noticias\\\/jovenes-empresarios-piden-elevar-la-edad-de-jubilacion-en-alemania\\\/#listItem\",\"position\":3,\"name\":\"J\\u00f3venes empresarios piden elevar la edad de jubilaci\\u00f3n en Alemania\",\"previousItem\":{\"@type\":\"ListItem\",\"@id\":\"https:\\\/\\\/www.eldigitaldeasturias.com\\\/noticias\\\/category\\\/negocios-y-empresas\\\/#listItem\",\"name\":\"Negocios y Empresas\"}}]},{\"@type\":\"Organization\",\"@id\":\"https:\\\/\\\/www.eldigitaldeasturias.com\\\/noticias\\\/#organization\",\"name\":\"El Digital de Asturias\",\"description\":\"Hemeroteca\",\"url\":\"https:\\\/\\\/www.eldigitaldeasturias.com\\\/noticias\\\/\",\"email\":\"info@eldigitaldeasturias.com\",\"telephone\":\"+34652131393\",\"logo\":{\"@type\":\"ImageObject\",\"url\":\"https:\\\/\\\/www.eldigitaldeasturias.com\\\/noticias\\\/wp-content\\\/uploads\\\/2020\\\/12\\\/EDA.jpg\",\"@id\":\"https:\\\/\\\/www.eldigitaldeasturias.com\\\/noticias\\\/jovenes-empresarios-piden-elevar-la-edad-de-jubilacion-en-alemania\\\/#organizationLogo\",\"width\":649,\"height\":297},\"image\":{\"@id\":\"https:\\\/\\\/www.eldigitaldeasturias.com\\\/noticias\\\/jovenes-empresarios-piden-elevar-la-edad-de-jubilacion-en-alemania\\\/#organizationLogo\"},\"sameAs\":[\"https:\\\/\\\/facebook.com\\\/eldigitaldeasturias\",\"https:\\\/\\\/www.youtube.com\\\/channel\\\/UCZP-2wLEB9Rv6erhFmqVnvg\"],\"address\":{\"@id\":\"https:\\\/\\\/www.eldigitaldeasturias.com\\\/noticias\\\/#postaladdress\",\"@type\":\"PostalAddress\",\"streetAddress\":\"san antonio 4,\",\"postalCode\":\"33430\",\"addressLocality\":\"Cand\\u00e1s\",\"addressRegion\":\"Asturias\",\"addressCountry\":\"ES\"}},{\"@type\":\"Person\",\"@id\":\"https:\\\/\\\/www.eldigitaldeasturias.com\\\/noticias\\\/author\\\/admin\\\/#author\",\"url\":\"https:\\\/\\\/www.eldigitaldeasturias.com\\\/noticias\\\/author\\\/admin\\\/\",\"name\":\"El Digital de Asturias\",\"image\":{\"@type\":\"ImageObject\",\"@id\":\"https:\\\/\\\/www.eldigitaldeasturias.com\\\/noticias\\\/jovenes-empresarios-piden-elevar-la-edad-de-jubilacion-en-alemania\\\/#authorImage\",\"url\":\"https:\\\/\\\/www.eldigitaldeasturias.com\\\/noticias\\\/wp-content\\\/litespeed\\\/avatar\\\/18677e78aa0546b92d9dbf31ec7d7668.jpg?ver=1777290358\",\"width\":96,\"height\":96,\"caption\":\"El Digital de Asturias\"}},{\"@type\":\"WebPage\",\"@id\":\"https:\\\/\\\/www.eldigitaldeasturias.com\\\/noticias\\\/jovenes-empresarios-piden-elevar-la-edad-de-jubilacion-en-alemania\\\/#webpage\",\"url\":\"https:\\\/\\\/www.eldigitaldeasturias.com\\\/noticias\\\/jovenes-empresarios-piden-elevar-la-edad-de-jubilacion-en-alemania\\\/\",\"name\":\"J\\u00f3venes empresarios piden elevar la edad de jubilaci\\u00f3n en Alemania - El Digital de Asturias\",\"description\":\"Berl\\u00edn, 13 sep (dpa) - La asociaci\\u00f3n econ\\u00f3mica alemana \\\"Los Empresarios Jovenes\\\" reclam\\u00f3 una edad de retiro m\\u00e1s elevada para vincular en el futuro a la jubilaci\\u00f3n con la esperanza de vida, seg\\u00fan declar\\u00f3 hoy a dpa la presidenta de la agrupaci\\u00f3n, Sarna R\\u00f6ser. \\\"Necesitamos cambios profundos. De lo contrario, el sistema de pensiones va\",\"inLanguage\":\"es-ES\",\"isPartOf\":{\"@id\":\"https:\\\/\\\/www.eldigitaldeasturias.com\\\/noticias\\\/#website\"},\"breadcrumb\":{\"@id\":\"https:\\\/\\\/www.eldigitaldeasturias.com\\\/noticias\\\/jovenes-empresarios-piden-elevar-la-edad-de-jubilacion-en-alemania\\\/#breadcrumblist\"},\"author\":{\"@id\":\"https:\\\/\\\/www.eldigitaldeasturias.com\\\/noticias\\\/author\\\/admin\\\/#author\"},\"creator\":{\"@id\":\"https:\\\/\\\/www.eldigitaldeasturias.com\\\/noticias\\\/author\\\/admin\\\/#author\"},\"image\":{\"@type\":\"ImageObject\",\"url\":\"https:\\\/\\\/www.eldigitaldeasturias.com\\\/noticias\\\/wp-content\\\/uploads\\\/2019\\\/01\\\/work-791218_960_720.jpg\",\"@id\":\"https:\\\/\\\/www.eldigitaldeasturias.com\\\/noticias\\\/jovenes-empresarios-piden-elevar-la-edad-de-jubilacion-en-alemania\\\/#mainImage\",\"width\":960,\"height\":640,\"caption\":\"Empleo\"},\"primaryImageOfPage\":{\"@id\":\"https:\\\/\\\/www.eldigitaldeasturias.com\\\/noticias\\\/jovenes-empresarios-piden-elevar-la-edad-de-jubilacion-en-alemania\\\/#mainImage\"},\"datePublished\":\"2019-09-13T19:19:10+02:00\",\"dateModified\":\"2019-09-13T19:19:10+02:00\"},{\"@type\":\"WebSite\",\"@id\":\"https:\\\/\\\/www.eldigitaldeasturias.com\\\/noticias\\\/#website\",\"url\":\"https:\\\/\\\/www.eldigitaldeasturias.com\\\/noticias\\\/\",\"name\":\"El Digital de Asturias - Diario de actualidad y noticias\",\"alternateName\":\"El Digital de Asturias - Diario de actualidad y noticias\",\"description\":\"Hemeroteca\",\"inLanguage\":\"es-ES\",\"publisher\":{\"@id\":\"https:\\\/\\\/www.eldigitaldeasturias.com\\\/noticias\\\/#organization\"}}]}\n\t\t<\/script>\n\t\t<!-- All in One SEO Pro -->\r\n\t\t<title>J\u00f3venes empresarios piden elevar la edad de jubilaci\u00f3n en Alemania - El Digital de Asturias<\/title>\n\n","aioseo_head_json":{"title":"J\u00f3venes empresarios piden elevar la edad de jubilaci\u00f3n en Alemania - El Digital de Asturias","description":"Berl\u00edn, 13 sep (dpa) - La asociaci\u00f3n econ\u00f3mica alemana \"Los Empresarios Jovenes\" reclam\u00f3 una edad de retiro m\u00e1s elevada para vincular en el futuro a la jubilaci\u00f3n con la esperanza de vida, seg\u00fan declar\u00f3 hoy a dpa la presidenta de la agrupaci\u00f3n, Sarna R\u00f6ser. \"Necesitamos cambios profundos. De lo contrario, el sistema de pensiones va","canonical_url":"https:\/\/www.eldigitaldeasturias.com\/noticias\/jovenes-empresarios-piden-elevar-la-edad-de-jubilacion-en-alemania\/","robots":"max-image-preview:large","keywords":"negocios y empresas","webmasterTools":{"google-site-verification":"UA-38556648-1","msvalidate.01":"7dfe9f3f1b24437ab69f4f2559babe99","miscellaneous":""},"schema":{"@context":"https:\/\/schema.org","@graph":[{"@type":"BlogPosting","@id":"https:\/\/www.eldigitaldeasturias.com\/noticias\/jovenes-empresarios-piden-elevar-la-edad-de-jubilacion-en-alemania\/#blogposting","name":"J\u00f3venes empresarios piden elevar la edad de jubilaci\u00f3n en Alemania - El Digital de Asturias","headline":"J\u00f3venes empresarios piden elevar la edad de jubilaci\u00f3n en Alemania","author":{"@id":"https:\/\/www.eldigitaldeasturias.com\/noticias\/author\/admin\/#author"},"publisher":{"@id":"https:\/\/www.eldigitaldeasturias.com\/noticias\/#organization"},"image":{"@type":"ImageObject","url":"https:\/\/www.eldigitaldeasturias.com\/noticias\/wp-content\/uploads\/2019\/01\/work-791218_960_720.jpg","width":960,"height":640,"caption":"Empleo"},"datePublished":"2019-09-13T19:19:10+02:00","dateModified":"2019-09-13T19:19:10+02:00","inLanguage":"es-ES","mainEntityOfPage":{"@id":"https:\/\/www.eldigitaldeasturias.com\/noticias\/jovenes-empresarios-piden-elevar-la-edad-de-jubilacion-en-alemania\/#webpage"},"isPartOf":{"@id":"https:\/\/www.eldigitaldeasturias.com\/noticias\/jovenes-empresarios-piden-elevar-la-edad-de-jubilacion-en-alemania\/#webpage"},"articleSection":"Negocios y Empresas"},{"@type":"BreadcrumbList","@id":"https:\/\/www.eldigitaldeasturias.com\/noticias\/jovenes-empresarios-piden-elevar-la-edad-de-jubilacion-en-alemania\/#breadcrumblist","itemListElement":[{"@type":"ListItem","@id":"https:\/\/www.eldigitaldeasturias.com\/noticias#listItem","position":1,"name":"Home","item":"https:\/\/www.eldigitaldeasturias.com\/noticias","nextItem":{"@type":"ListItem","@id":"https:\/\/www.eldigitaldeasturias.com\/noticias\/category\/negocios-y-empresas\/#listItem","name":"Negocios y Empresas"}},{"@type":"ListItem","@id":"https:\/\/www.eldigitaldeasturias.com\/noticias\/category\/negocios-y-empresas\/#listItem","position":2,"name":"Negocios y Empresas","item":"https:\/\/www.eldigitaldeasturias.com\/noticias\/category\/negocios-y-empresas\/","nextItem":{"@type":"ListItem","@id":"https:\/\/www.eldigitaldeasturias.com\/noticias\/jovenes-empresarios-piden-elevar-la-edad-de-jubilacion-en-alemania\/#listItem","name":"J\u00f3venes empresarios piden elevar la edad de jubilaci\u00f3n en Alemania"},"previousItem":{"@type":"ListItem","@id":"https:\/\/www.eldigitaldeasturias.com\/noticias#listItem","name":"Home"}},{"@type":"ListItem","@id":"https:\/\/www.eldigitaldeasturias.com\/noticias\/jovenes-empresarios-piden-elevar-la-edad-de-jubilacion-en-alemania\/#listItem","position":3,"name":"J\u00f3venes empresarios piden elevar la edad de jubilaci\u00f3n en Alemania","previousItem":{"@type":"ListItem","@id":"https:\/\/www.eldigitaldeasturias.com\/noticias\/category\/negocios-y-empresas\/#listItem","name":"Negocios y Empresas"}}]},{"@type":"Organization","@id":"https:\/\/www.eldigitaldeasturias.com\/noticias\/#organization","name":"El Digital de Asturias","description":"Hemeroteca","url":"https:\/\/www.eldigitaldeasturias.com\/noticias\/","email":"info@eldigitaldeasturias.com","telephone":"+34652131393","logo":{"@type":"ImageObject","url":"https:\/\/www.eldigitaldeasturias.com\/noticias\/wp-content\/uploads\/2020\/12\/EDA.jpg","@id":"https:\/\/www.eldigitaldeasturias.com\/noticias\/jovenes-empresarios-piden-elevar-la-edad-de-jubilacion-en-alemania\/#organizationLogo","width":649,"height":297},"image":{"@id":"https:\/\/www.eldigitaldeasturias.com\/noticias\/jovenes-empresarios-piden-elevar-la-edad-de-jubilacion-en-alemania\/#organizationLogo"},"sameAs":["https:\/\/facebook.com\/eldigitaldeasturias","https:\/\/www.youtube.com\/channel\/UCZP-2wLEB9Rv6erhFmqVnvg"],"address":{"@id":"https:\/\/www.eldigitaldeasturias.com\/noticias\/#postaladdress","@type":"PostalAddress","streetAddress":"san antonio 4,","postalCode":"33430","addressLocality":"Cand\u00e1s","addressRegion":"Asturias","addressCountry":"ES"}},{"@type":"Person","@id":"https:\/\/www.eldigitaldeasturias.com\/noticias\/author\/admin\/#author","url":"https:\/\/www.eldigitaldeasturias.com\/noticias\/author\/admin\/","name":"El Digital de Asturias","image":{"@type":"ImageObject","@id":"https:\/\/www.eldigitaldeasturias.com\/noticias\/jovenes-empresarios-piden-elevar-la-edad-de-jubilacion-en-alemania\/#authorImage","url":"https:\/\/www.eldigitaldeasturias.com\/noticias\/wp-content\/litespeed\/avatar\/18677e78aa0546b92d9dbf31ec7d7668.jpg?ver=1777290358","width":96,"height":96,"caption":"El Digital de Asturias"}},{"@type":"WebPage","@id":"https:\/\/www.eldigitaldeasturias.com\/noticias\/jovenes-empresarios-piden-elevar-la-edad-de-jubilacion-en-alemania\/#webpage","url":"https:\/\/www.eldigitaldeasturias.com\/noticias\/jovenes-empresarios-piden-elevar-la-edad-de-jubilacion-en-alemania\/","name":"J\u00f3venes empresarios piden elevar la edad de jubilaci\u00f3n en Alemania - El Digital de Asturias","description":"Berl\u00edn, 13 sep (dpa) - La asociaci\u00f3n econ\u00f3mica alemana \"Los Empresarios Jovenes\" reclam\u00f3 una edad de retiro m\u00e1s elevada para vincular en el futuro a la jubilaci\u00f3n con la esperanza de vida, seg\u00fan declar\u00f3 hoy a dpa la presidenta de la agrupaci\u00f3n, Sarna R\u00f6ser. \"Necesitamos cambios profundos. De lo contrario, el sistema de pensiones va","inLanguage":"es-ES","isPartOf":{"@id":"https:\/\/www.eldigitaldeasturias.com\/noticias\/#website"},"breadcrumb":{"@id":"https:\/\/www.eldigitaldeasturias.com\/noticias\/jovenes-empresarios-piden-elevar-la-edad-de-jubilacion-en-alemania\/#breadcrumblist"},"author":{"@id":"https:\/\/www.eldigitaldeasturias.com\/noticias\/author\/admin\/#author"},"creator":{"@id":"https:\/\/www.eldigitaldeasturias.com\/noticias\/author\/admin\/#author"},"image":{"@type":"ImageObject","url":"https:\/\/www.eldigitaldeasturias.com\/noticias\/wp-content\/uploads\/2019\/01\/work-791218_960_720.jpg","@id":"https:\/\/www.eldigitaldeasturias.com\/noticias\/jovenes-empresarios-piden-elevar-la-edad-de-jubilacion-en-alemania\/#mainImage","width":960,"height":640,"caption":"Empleo"},"primaryImageOfPage":{"@id":"https:\/\/www.eldigitaldeasturias.com\/noticias\/jovenes-empresarios-piden-elevar-la-edad-de-jubilacion-en-alemania\/#mainImage"},"datePublished":"2019-09-13T19:19:10+02:00","dateModified":"2019-09-13T19:19:10+02:00"},{"@type":"WebSite","@id":"https:\/\/www.eldigitaldeasturias.com\/noticias\/#website","url":"https:\/\/www.eldigitaldeasturias.com\/noticias\/","name":"El Digital de Asturias - Diario de actualidad y noticias","alternateName":"El Digital de Asturias - Diario de actualidad y noticias","description":"Hemeroteca","inLanguage":"es-ES","publisher":{"@id":"https:\/\/www.eldigitaldeasturias.com\/noticias\/#organization"}}]},"og:locale":"es_ES","og:site_name":"El Digital de Asturias","og:type":"article","og:title":"J\u00f3venes empresarios piden elevar la edad de jubilaci\u00f3n en Alemania - El Digital de Asturias","og:description":"Berl\u00edn, 13 sep (dpa) - La asociaci\u00f3n econ\u00f3mica alemana &quot;Los Empresarios Jovenes&quot; reclam\u00f3 una edad de retiro m\u00e1s elevada para vincular en el futuro a la jubilaci\u00f3n con la esperanza de vida, seg\u00fan declar\u00f3 hoy a dpa la presidenta de la agrupaci\u00f3n, Sarna R\u00f6ser. &quot;Necesitamos cambios profundos. De lo contrario, el sistema de pensiones va","og:url":"https:\/\/www.eldigitaldeasturias.com\/noticias\/jovenes-empresarios-piden-elevar-la-edad-de-jubilacion-en-alemania\/","og:image":"https:\/\/www.eldigitaldeasturias.com\/noticias\/wp-content\/uploads\/2019\/01\/work-791218_960_720.jpg","og:image:secure_url":"https:\/\/www.eldigitaldeasturias.com\/noticias\/wp-content\/uploads\/2019\/01\/work-791218_960_720.jpg","og:image:width":960,"og:image:height":640,"article:tag":["negocios y empresas"],"article:published_time":"2019-09-13T19:19:10+00:00","article:modified_time":"2019-09-13T19:19:10+00:00","article:publisher":"https:\/\/facebook.com\/eldigitaldeasturias","twitter:card":"summary_large_image","twitter:title":"J\u00f3venes empresarios piden elevar la edad de jubilaci\u00f3n en Alemania - El Digital de Asturias","twitter:description":"Berl\u00edn, 13 sep (dpa) - La asociaci\u00f3n econ\u00f3mica alemana &quot;Los Empresarios Jovenes&quot; reclam\u00f3 una edad de retiro m\u00e1s elevada para vincular en el futuro a la jubilaci\u00f3n con la esperanza de vida, seg\u00fan declar\u00f3 hoy a dpa la presidenta de la agrupaci\u00f3n, Sarna R\u00f6ser. &quot;Necesitamos cambios profundos. De lo contrario, el sistema de pensiones va","twitter:image":"https:\/\/www.eldigitaldeasturias.com\/noticias\/wp-content\/uploads\/2019\/01\/work-791218_960_720.jpg","twitter:label1":"Escrito por","twitter:data1":"El Digital de Asturias","twitter:label2":"Tiempo de lectura estimado","twitter:data2":"1 minuto"},"aioseo_meta_data":{"post_id":"1040641","title":null,"description":null,"keywords":null,"keyphrases":null,"primary_term":null,"canonical_url":null,"og_title":null,"og_description":null,"og_object_type":"default","og_image_type":"default","og_image_url":null,"og_image_width":null,"og_image_height":null,"og_image_custom_url":null,"og_image_custom_fields":null,"og_video":null,"og_custom_url":null,"og_article_section":null,"og_article_tags":null,"twitter_use_og":false,"twitter_card":"default","twitter_image_type":"default","twitter_image_url":null,"twitter_image_custom_url":null,"twitter_image_custom_fields":null,"twitter_title":null,"twitter_description":null,"schema":{"blockGraphs":[],"customGraphs":[],"default":{"data":{"Article":[],"Course":[],"Dataset":[],"FAQPage":[],"Movie":[],"Person":[],"Product":[],"ProductReview":[],"Car":[],"Recipe":[],"Service":[],"SoftwareApplication":[],"WebPage":[]},"graphName":"","isEnabled":true},"graphs":[],"defaultGraph":"","defaultPostTypeGraph":""},"schema_type":null,"schema_type_options":null,"pillar_content":false,"robots_default":true,"robots_noindex":false,"robots_noarchive":false,"robots_nosnippet":false,"robots_nofollow":false,"robots_noimageindex":false,"robots_noodp":false,"robots_notranslate":false,"robots_max_snippet":null,"robots_max_videopreview":null,"robots_max_imagepreview":"large","priority":null,"frequency":null,"local_seo":null,"seo_analyzer_scan_date":"2025-10-23 10:09:12","breadcrumb_settings":null,"limit_modified_date":false,"open_ai":null,"ai":null,"created":"2020-12-21 11:03:51","updated":"2025-10-23 10:09:12"},"aioseo_breadcrumb":"<div class=\"aioseo-breadcrumbs\"><span class=\"aioseo-breadcrumb\">\n\t<a href=\"https:\/\/www.eldigitaldeasturias.com\/noticias\" title=\"Home\">Home<\/a>\n<\/span><span class=\"aioseo-breadcrumb-separator\">\u2013<\/span><span class=\"aioseo-breadcrumb\">\n\t<a href=\"https:\/\/www.eldigitaldeasturias.com\/noticias\/category\/negocios-y-empresas\/\" title=\"Negocios y Empresas\">Negocios y Empresas<\/a>\n<\/span><span class=\"aioseo-breadcrumb-separator\">\u2013<\/span><span class=\"aioseo-breadcrumb\">\n\t<a href=\"https:\/\/www.eldigitaldeasturias.com\/noticias\/jovenes-empresarios-piden-elevar-la-edad-de-jubilacion-en-alemania\/\" title=\"J\u00f3venes empresarios piden elevar la edad de jubilaci\u00f3n en Alemania\">J\u00f3venes empresarios piden elevar la edad de jubilaci\u00f3n en Alemania<\/a>\n<\/span><\/div>","aioseo_breadcrumb_json":[{"label":"Home","link":"https:\/\/www.eldigitaldeasturias.com\/noticias"},{"label":"Negocios y Empresas","link":"https:\/\/www.eldigitaldeasturias.com\/noticias\/category\/negocios-y-empresas\/"},{"label":"J\u00f3venes empresarios piden elevar la edad de jubilaci\u00f3n en Alemania","link":"https:\/\/www.eldigitaldeasturias.com\/noticias\/jovenes-empresarios-piden-elevar-la-edad-de-jubilacion-en-alemania\/"}],"_links":{"self":[{"href":"https:\/\/www.eldigitaldeasturias.com\/noticias\/wp-json\/wp\/v2\/posts\/1040641","targetHints":{"allow":["GET"]}}],"collection":[{"href":"https:\/\/www.eldigitaldeasturias.com\/noticias\/wp-json\/wp\/v2\/posts"}],"about":[{"href":"https:\/\/www.eldigitaldeasturias.com\/noticias\/wp-json\/wp\/v2\/types\/post"}],"author":[{"embeddable":true,"href":"https:\/\/www.eldigitaldeasturias.com\/noticias\/wp-json\/wp\/v2\/users\/1"}],"replies":[{"embeddable":true,"href":"https:\/\/www.eldigitaldeasturias.com\/noticias\/wp-json\/wp\/v2\/comments?post=1040641"}],"version-history":[{"count":0,"href":"https:\/\/www.eldigitaldeasturias.com\/noticias\/wp-json\/wp\/v2\/posts\/1040641\/revisions"}],"wp:featuredmedia":[{"embeddable":true,"href":"https:\/\/www.eldigitaldeasturias.com\/noticias\/wp-json\/wp\/v2\/media\/1013387"}],"wp:attachment":[{"href":"https:\/\/www.eldigitaldeasturias.com\/noticias\/wp-json\/wp\/v2\/media?parent=1040641"}],"wp:term":[{"taxonomy":"category","embeddable":true,"href":"https:\/\/www.eldigitaldeasturias.com\/noticias\/wp-json\/wp\/v2\/categories?post=1040641"},{"taxonomy":"post_tag","embeddable":true,"href":"https:\/\/www.eldigitaldeasturias.com\/noticias\/wp-json\/wp\/v2\/tags?post=1040641"}],"curies":[{"name":"wp","href":"https:\/\/api.w.org\/{rel}","templated":true}]}}