{"id":1040544,"date":"2019-09-13T09:08:26","date_gmt":"2019-09-13T09:08:26","guid":{"rendered":"https:\/\/www.eldigitaldeasturias.com\/noticias\/?p=1040544"},"modified":"2019-09-13T09:08:26","modified_gmt":"2019-09-13T09:08:26","slug":"ocho-empresas-asturianas-muestran-sus-productos-y-servicios-en-la-feria-perumin","status":"publish","type":"post","link":"https:\/\/www.eldigitaldeasturias.com\/noticias\/ocho-empresas-asturianas-muestran-sus-productos-y-servicios-en-la-feria-perumin\/","title":{"rendered":"Ocho empresas asturianas muestran sus productos y servicios en la Feria PERUMIN"},"content":{"rendered":"<p>La Sociedad de Promoci\u00f3n Exterior Principado de Asturias S.A. (Asturex) organiza la participaci\u00f3n agrupada de las empresas asturianas de los sectores de metal y miner\u00eda ALLGAIER MOGENSEN, S.A.U., ARLUX EUROPA S.L., BULTECKMININ SYSTEMS, S.L., GRUPO NAVEC SERVICIOS INDUSTRIALES S.L., INGENIERIA Y DISE\u00d1O EUROPEO (ISASTUR), HIERROS Y CARBONES S.A., TALLERES ZITRON, S.A. y VULCANIZADOS TRANCHO, S.A., en la 34\u00aa edici\u00f3n de la Feria PERUMIN, que se celebra en Arequipa, Per\u00fa, del 16 al 20 de septiembre de 2019.<\/p>\n<p>PERUMIN es la segunda cita ferial m\u00e1s importante del mundo en el sector de miner\u00eda y cuenta con un Pabell\u00f3n Espa\u00f1ol con 38 stands y una superficie total de 228 m2, en el que las empresas espa\u00f1olas proveedoras del sector, mostrar\u00e1n lo m\u00e1s destacado en tecnolog\u00eda e innovaci\u00f3n que las caracteriza. Con 8 stands, las empresas asturianas ocupan el 21% de la superficie del Pabell\u00f3n Espa\u00f1ol, gestionado por la C\u00e1mara Oficial Espa\u00f1ola en Per\u00fa, colaborador de Asturex en ese pa\u00eds.<\/p>\n<p>Con el lema \u201cMiner\u00eda, ciencia, innovaci\u00f3n tecnol\u00f3gica y educaci\u00f3n\u201d PERUMIN vuelve a congregar en esta 34 edici\u00f3n a todo el sector de la extracci\u00f3n de mineral a escala mundial y promete superar los buenos resultados de la anterior edici\u00f3n. PERUMIN se celebra cada dos a\u00f1os, organizada por el Instituto de Ingenieros de Minas del Per\u00fa (IIMP).<\/p>\n<p>Esta cita ferial internacional se estructura en tres eventos clave: la Cumbre Minera, el Foro Tecnolog\u00eda, Innovaci\u00f3n y Sostenibilidad (Foro TIS) y la Exhibici\u00f3n Tecnol\u00f3gica Minera (EXTEMIN).<\/p>\n<p>En la edici\u00f3n 34 de PERUMIN se prev\u00e9 un nuevo r\u00e9cord hist\u00f3rico de participaci\u00f3n, con m\u00e1s de 6.000 inscritos e instalaciones para m\u00e1s de 1.400 stands totalmente ocupados. Este a\u00f1o se esperan m\u00e1s de 60.000 visitantes procedentes de m\u00e1s de 40 pa\u00edses en un evento \u00fanico, enfocado en la miner\u00eda, ciencia, innovaci\u00f3n, tecnolog\u00eda y educaci\u00f3n.<\/p>\n<h3>Foro TIS<\/h3>\n<p>El Foro Tecnolog\u00eda, Innovaci\u00f3n y Sostenibilidad (Foro TIS) es el espacio de presentaci\u00f3n, en cuatro salas simult\u00e1neas, de los trabajos t\u00e9cnicos de las especialidades relacionadas con la actividad minera y que compiten por el Premio Nacional de Miner\u00eda, m\u00e1ximo galard\u00f3n otorgado por el Instituto de Ingenieros de Minas del Per\u00fa y PERUMIN Convenci\u00f3n Minera.<\/p>\n<h3>EXTEMIN<\/h3>\n<p>Parte fundamental de PERUMIN Convenci\u00f3n Minera, es la Exhibici\u00f3n Tecnol\u00f3gica Minera -EXTEMIN, un espacio de intercambio y actualizaci\u00f3n tecnol\u00f3gica de la miner\u00eda y de las empresas proveedoras de productos y servicios, dirigido al sector m\u00e1s importante del Per\u00fa. EXTEMIN contar\u00e1 con m\u00e1s de 1.400 stands, distribuidos en 7 pabellones, entre los que destaca el Pabell\u00f3n de la Innovaci\u00f3n.<\/p>\n<h3>Oportunidades de negocio en Per\u00fa<\/h3>\n<p>El papel de Per\u00fa ha ido cobrando una importancia cada vez mas creciente, consecuencia de unos resultados econ\u00f3micos que durante los \u00faltimos a\u00f1os combinan tasas de crecimiento entre las m\u00e1s altas de su continente acompa\u00f1adas de \u00edndices de inflaci\u00f3n entre los m\u00e1s reducidos del entorno. El modelo \u201cperuano\u201d basado en el sector privado y la apertura al exterior, asociado al \u00e9nfasis en lo social, se ha convertido en una referencia en su \u00e1rea de influencia y ha dado un perfil m\u00e1s elevado al pa\u00eds en el \u00e1mbito internacional.<\/p>\n","protected":false},"excerpt":{"rendered":"<p>La Sociedad de Promoci\u00f3n Exterior Principado de Asturias S.A. (Asturex) organiza la participaci\u00f3n agrupada de las empresas asturianas de los sectores de metal y miner\u00eda ALLGAIER MOGENSEN, S.A.U., ARLUX EUROPA S.L., BULTECKMININ SYSTEMS, S.L., GRUPO NAVEC SERVICIOS INDUSTRIALES S.L., INGENIERIA Y DISE\u00d1O EUROPEO (ISASTUR), HIERROS Y CARBONES S.A., TALLERES ZITRON, S.A. y VULCANIZADOS TRANCHO, S.A., [&hellip;]<\/p>\n","protected":false},"author":1,"featured_media":1001846,"comment_status":"closed","ping_status":"closed","sticky":false,"template":"","format":"standard","meta":{"footnotes":""},"categories":[219],"tags":[],"class_list":["post-1040544","post","type-post","status-publish","format-standard","has-post-thumbnail","hentry","category-negocios-y-empresas"],"aioseo_notices":[],"aioseo_head":"\n\t\t<!-- All in One SEO Pro 4.9.6.2 - aioseo.com -->\n\t<meta name=\"description\" content=\"La Sociedad de Promoci\u00f3n Exterior Principado de Asturias S.A. (Asturex) organiza la participaci\u00f3n agrupada de las empresas asturianas de los sectores de metal y miner\u00eda ALLGAIER MOGENSEN, S.A.U., ARLUX EUROPA S.L., BULTECKMININ SYSTEMS, S.L., GRUPO NAVEC SERVICIOS INDUSTRIALES S.L., INGENIERIA Y DISE\u00d1O EUROPEO (ISASTUR), HIERROS Y CARBONES S.A., TALLERES ZITRON, S.A. y VULCANIZADOS TRANCHO, S.A.,\" \/>\n\t<meta name=\"robots\" content=\"max-image-preview:large\" \/>\n\t<meta name=\"author\" content=\"El Digital de Asturias\"\/>\n\t<meta name=\"google-site-verification\" content=\"UA-38556648-1\" \/>\n\t<meta name=\"msvalidate.01\" content=\"7dfe9f3f1b24437ab69f4f2559babe99\" \/>\n\t<meta name=\"keywords\" content=\"negocios y empresas\" \/>\n\t<link rel=\"canonical\" href=\"https:\/\/www.eldigitaldeasturias.com\/noticias\/ocho-empresas-asturianas-muestran-sus-productos-y-servicios-en-la-feria-perumin\/\" \/>\n\t<meta name=\"generator\" content=\"All in One SEO Pro (AIOSEO) 4.9.6.2\" \/>\n\t\t<meta property=\"og:locale\" content=\"es_ES\" \/>\n\t\t<meta property=\"og:site_name\" content=\"El Digital de Asturias\" \/>\n\t\t<meta property=\"og:type\" content=\"article\" \/>\n\t\t<meta property=\"og:title\" content=\"Ocho empresas asturianas muestran sus productos y servicios en la Feria PERUMIN - El Digital de Asturias\" \/>\n\t\t<meta property=\"og:description\" content=\"La Sociedad de Promoci\u00f3n Exterior Principado de Asturias S.A. (Asturex) organiza la participaci\u00f3n agrupada de las empresas asturianas de los sectores de metal y miner\u00eda ALLGAIER MOGENSEN, S.A.U., ARLUX EUROPA S.L., BULTECKMININ SYSTEMS, S.L., GRUPO NAVEC SERVICIOS INDUSTRIALES S.L., INGENIERIA Y DISE\u00d1O EUROPEO (ISASTUR), HIERROS Y CARBONES S.A., TALLERES ZITRON, S.A. y VULCANIZADOS TRANCHO, S.A.,\" \/>\n\t\t<meta property=\"og:url\" content=\"https:\/\/www.eldigitaldeasturias.com\/noticias\/ocho-empresas-asturianas-muestran-sus-productos-y-servicios-en-la-feria-perumin\/\" \/>\n\t\t<meta property=\"og:image\" content=\"https:\/\/www.eldigitaldeasturias.com\/noticias\/wp-content\/uploads\/2018\/10\/technology-785742_960_720.jpg\" \/>\n\t\t<meta property=\"og:image:secure_url\" content=\"https:\/\/www.eldigitaldeasturias.com\/noticias\/wp-content\/uploads\/2018\/10\/technology-785742_960_720.jpg\" \/>\n\t\t<meta property=\"og:image:width\" content=\"960\" \/>\n\t\t<meta property=\"og:image:height\" content=\"640\" \/>\n\t\t<meta property=\"article:tag\" content=\"negocios y empresas\" \/>\n\t\t<meta property=\"article:published_time\" content=\"2019-09-13T09:08:26+00:00\" \/>\n\t\t<meta property=\"article:modified_time\" content=\"2019-09-13T09:08:26+00:00\" \/>\n\t\t<meta property=\"article:publisher\" content=\"https:\/\/facebook.com\/eldigitaldeasturias\" \/>\n\t\t<meta name=\"twitter:card\" content=\"summary_large_image\" \/>\n\t\t<meta name=\"twitter:title\" content=\"Ocho empresas asturianas muestran sus productos y servicios en la Feria PERUMIN - El Digital de Asturias\" \/>\n\t\t<meta name=\"twitter:description\" content=\"La Sociedad de Promoci\u00f3n Exterior Principado de Asturias S.A. (Asturex) organiza la participaci\u00f3n agrupada de las empresas asturianas de los sectores de metal y miner\u00eda ALLGAIER MOGENSEN, S.A.U., ARLUX EUROPA S.L., BULTECKMININ SYSTEMS, S.L., GRUPO NAVEC SERVICIOS INDUSTRIALES S.L., INGENIERIA Y DISE\u00d1O EUROPEO (ISASTUR), HIERROS Y CARBONES S.A., TALLERES ZITRON, S.A. y VULCANIZADOS TRANCHO, S.A.,\" \/>\n\t\t<meta name=\"twitter:image\" content=\"https:\/\/www.eldigitaldeasturias.com\/noticias\/wp-content\/uploads\/2018\/10\/technology-785742_960_720.jpg\" \/>\n\t\t<meta name=\"twitter:label1\" content=\"Escrito por\" \/>\n\t\t<meta name=\"twitter:data1\" content=\"El Digital de Asturias\" \/>\n\t\t<meta name=\"twitter:label2\" content=\"Tiempo de lectura estimado\" \/>\n\t\t<meta name=\"twitter:data2\" content=\"3 minutos\" \/>\n\t\t<script type=\"application\/ld+json\" class=\"aioseo-schema\">\n\t\t\t{\"@context\":\"https:\\\/\\\/schema.org\",\"@graph\":[{\"@type\":\"BlogPosting\",\"@id\":\"https:\\\/\\\/www.eldigitaldeasturias.com\\\/noticias\\\/ocho-empresas-asturianas-muestran-sus-productos-y-servicios-en-la-feria-perumin\\\/#blogposting\",\"name\":\"Ocho empresas asturianas muestran sus productos y servicios en la Feria PERUMIN - El Digital de Asturias\",\"headline\":\"Ocho empresas asturianas muestran sus productos y servicios en la Feria PERUMIN\",\"author\":{\"@id\":\"https:\\\/\\\/www.eldigitaldeasturias.com\\\/noticias\\\/author\\\/admin\\\/#author\"},\"publisher\":{\"@id\":\"https:\\\/\\\/www.eldigitaldeasturias.com\\\/noticias\\\/#organization\"},\"image\":{\"@type\":\"ImageObject\",\"url\":\"https:\\\/\\\/www.eldigitaldeasturias.com\\\/noticias\\\/wp-content\\\/uploads\\\/2018\\\/10\\\/technology-785742_960_720.jpg\",\"width\":960,\"height\":640},\"datePublished\":\"2019-09-13T09:08:26+02:00\",\"dateModified\":\"2019-09-13T09:08:26+02:00\",\"inLanguage\":\"es-ES\",\"mainEntityOfPage\":{\"@id\":\"https:\\\/\\\/www.eldigitaldeasturias.com\\\/noticias\\\/ocho-empresas-asturianas-muestran-sus-productos-y-servicios-en-la-feria-perumin\\\/#webpage\"},\"isPartOf\":{\"@id\":\"https:\\\/\\\/www.eldigitaldeasturias.com\\\/noticias\\\/ocho-empresas-asturianas-muestran-sus-productos-y-servicios-en-la-feria-perumin\\\/#webpage\"},\"articleSection\":\"Negocios y Empresas\"},{\"@type\":\"BreadcrumbList\",\"@id\":\"https:\\\/\\\/www.eldigitaldeasturias.com\\\/noticias\\\/ocho-empresas-asturianas-muestran-sus-productos-y-servicios-en-la-feria-perumin\\\/#breadcrumblist\",\"itemListElement\":[{\"@type\":\"ListItem\",\"@id\":\"https:\\\/\\\/www.eldigitaldeasturias.com\\\/noticias#listItem\",\"position\":1,\"name\":\"Home\",\"item\":\"https:\\\/\\\/www.eldigitaldeasturias.com\\\/noticias\",\"nextItem\":{\"@type\":\"ListItem\",\"@id\":\"https:\\\/\\\/www.eldigitaldeasturias.com\\\/noticias\\\/category\\\/negocios-y-empresas\\\/#listItem\",\"name\":\"Negocios y Empresas\"}},{\"@type\":\"ListItem\",\"@id\":\"https:\\\/\\\/www.eldigitaldeasturias.com\\\/noticias\\\/category\\\/negocios-y-empresas\\\/#listItem\",\"position\":2,\"name\":\"Negocios y Empresas\",\"item\":\"https:\\\/\\\/www.eldigitaldeasturias.com\\\/noticias\\\/category\\\/negocios-y-empresas\\\/\",\"nextItem\":{\"@type\":\"ListItem\",\"@id\":\"https:\\\/\\\/www.eldigitaldeasturias.com\\\/noticias\\\/ocho-empresas-asturianas-muestran-sus-productos-y-servicios-en-la-feria-perumin\\\/#listItem\",\"name\":\"Ocho empresas asturianas muestran sus productos y servicios en la Feria PERUMIN\"},\"previousItem\":{\"@type\":\"ListItem\",\"@id\":\"https:\\\/\\\/www.eldigitaldeasturias.com\\\/noticias#listItem\",\"name\":\"Home\"}},{\"@type\":\"ListItem\",\"@id\":\"https:\\\/\\\/www.eldigitaldeasturias.com\\\/noticias\\\/ocho-empresas-asturianas-muestran-sus-productos-y-servicios-en-la-feria-perumin\\\/#listItem\",\"position\":3,\"name\":\"Ocho empresas asturianas muestran sus productos y servicios en la Feria PERUMIN\",\"previousItem\":{\"@type\":\"ListItem\",\"@id\":\"https:\\\/\\\/www.eldigitaldeasturias.com\\\/noticias\\\/category\\\/negocios-y-empresas\\\/#listItem\",\"name\":\"Negocios y Empresas\"}}]},{\"@type\":\"Organization\",\"@id\":\"https:\\\/\\\/www.eldigitaldeasturias.com\\\/noticias\\\/#organization\",\"name\":\"El Digital de Asturias\",\"description\":\"Hemeroteca\",\"url\":\"https:\\\/\\\/www.eldigitaldeasturias.com\\\/noticias\\\/\",\"email\":\"info@eldigitaldeasturias.com\",\"telephone\":\"+34652131393\",\"logo\":{\"@type\":\"ImageObject\",\"url\":\"https:\\\/\\\/www.eldigitaldeasturias.com\\\/noticias\\\/wp-content\\\/uploads\\\/2020\\\/12\\\/EDA.jpg\",\"@id\":\"https:\\\/\\\/www.eldigitaldeasturias.com\\\/noticias\\\/ocho-empresas-asturianas-muestran-sus-productos-y-servicios-en-la-feria-perumin\\\/#organizationLogo\",\"width\":649,\"height\":297},\"image\":{\"@id\":\"https:\\\/\\\/www.eldigitaldeasturias.com\\\/noticias\\\/ocho-empresas-asturianas-muestran-sus-productos-y-servicios-en-la-feria-perumin\\\/#organizationLogo\"},\"sameAs\":[\"https:\\\/\\\/facebook.com\\\/eldigitaldeasturias\",\"https:\\\/\\\/www.youtube.com\\\/channel\\\/UCZP-2wLEB9Rv6erhFmqVnvg\"],\"address\":{\"@id\":\"https:\\\/\\\/www.eldigitaldeasturias.com\\\/noticias\\\/#postaladdress\",\"@type\":\"PostalAddress\",\"streetAddress\":\"san antonio 4,\",\"postalCode\":\"33430\",\"addressLocality\":\"Cand\\u00e1s\",\"addressRegion\":\"Asturias\",\"addressCountry\":\"ES\"}},{\"@type\":\"Person\",\"@id\":\"https:\\\/\\\/www.eldigitaldeasturias.com\\\/noticias\\\/author\\\/admin\\\/#author\",\"url\":\"https:\\\/\\\/www.eldigitaldeasturias.com\\\/noticias\\\/author\\\/admin\\\/\",\"name\":\"El Digital de Asturias\",\"image\":{\"@type\":\"ImageObject\",\"@id\":\"https:\\\/\\\/www.eldigitaldeasturias.com\\\/noticias\\\/ocho-empresas-asturianas-muestran-sus-productos-y-servicios-en-la-feria-perumin\\\/#authorImage\",\"url\":\"https:\\\/\\\/www.eldigitaldeasturias.com\\\/noticias\\\/wp-content\\\/litespeed\\\/avatar\\\/18677e78aa0546b92d9dbf31ec7d7668.jpg?ver=1777290358\",\"width\":96,\"height\":96,\"caption\":\"El Digital de Asturias\"}},{\"@type\":\"WebPage\",\"@id\":\"https:\\\/\\\/www.eldigitaldeasturias.com\\\/noticias\\\/ocho-empresas-asturianas-muestran-sus-productos-y-servicios-en-la-feria-perumin\\\/#webpage\",\"url\":\"https:\\\/\\\/www.eldigitaldeasturias.com\\\/noticias\\\/ocho-empresas-asturianas-muestran-sus-productos-y-servicios-en-la-feria-perumin\\\/\",\"name\":\"Ocho empresas asturianas muestran sus productos y servicios en la Feria PERUMIN - El Digital de Asturias\",\"description\":\"La Sociedad de Promoci\\u00f3n Exterior Principado de Asturias S.A. (Asturex) organiza la participaci\\u00f3n agrupada de las empresas asturianas de los sectores de metal y miner\\u00eda ALLGAIER MOGENSEN, S.A.U., ARLUX EUROPA S.L., BULTECKMININ SYSTEMS, S.L., GRUPO NAVEC SERVICIOS INDUSTRIALES S.L., INGENIERIA Y DISE\\u00d1O EUROPEO (ISASTUR), HIERROS Y CARBONES S.A., TALLERES ZITRON, S.A. y VULCANIZADOS TRANCHO, S.A.,\",\"inLanguage\":\"es-ES\",\"isPartOf\":{\"@id\":\"https:\\\/\\\/www.eldigitaldeasturias.com\\\/noticias\\\/#website\"},\"breadcrumb\":{\"@id\":\"https:\\\/\\\/www.eldigitaldeasturias.com\\\/noticias\\\/ocho-empresas-asturianas-muestran-sus-productos-y-servicios-en-la-feria-perumin\\\/#breadcrumblist\"},\"author\":{\"@id\":\"https:\\\/\\\/www.eldigitaldeasturias.com\\\/noticias\\\/author\\\/admin\\\/#author\"},\"creator\":{\"@id\":\"https:\\\/\\\/www.eldigitaldeasturias.com\\\/noticias\\\/author\\\/admin\\\/#author\"},\"image\":{\"@type\":\"ImageObject\",\"url\":\"https:\\\/\\\/www.eldigitaldeasturias.com\\\/noticias\\\/wp-content\\\/uploads\\\/2018\\\/10\\\/technology-785742_960_720.jpg\",\"@id\":\"https:\\\/\\\/www.eldigitaldeasturias.com\\\/noticias\\\/ocho-empresas-asturianas-muestran-sus-productos-y-servicios-en-la-feria-perumin\\\/#mainImage\",\"width\":960,\"height\":640},\"primaryImageOfPage\":{\"@id\":\"https:\\\/\\\/www.eldigitaldeasturias.com\\\/noticias\\\/ocho-empresas-asturianas-muestran-sus-productos-y-servicios-en-la-feria-perumin\\\/#mainImage\"},\"datePublished\":\"2019-09-13T09:08:26+02:00\",\"dateModified\":\"2019-09-13T09:08:26+02:00\"},{\"@type\":\"WebSite\",\"@id\":\"https:\\\/\\\/www.eldigitaldeasturias.com\\\/noticias\\\/#website\",\"url\":\"https:\\\/\\\/www.eldigitaldeasturias.com\\\/noticias\\\/\",\"name\":\"El Digital de Asturias - Diario de actualidad y noticias\",\"alternateName\":\"El Digital de Asturias - Diario de actualidad y noticias\",\"description\":\"Hemeroteca\",\"inLanguage\":\"es-ES\",\"publisher\":{\"@id\":\"https:\\\/\\\/www.eldigitaldeasturias.com\\\/noticias\\\/#organization\"}}]}\n\t\t<\/script>\n\t\t<!-- All in One SEO Pro -->\r\n\t\t<title>Ocho empresas asturianas muestran sus productos y servicios en la Feria PERUMIN - El Digital de Asturias<\/title>\n\n","aioseo_head_json":{"title":"Ocho empresas asturianas muestran sus productos y servicios en la Feria PERUMIN - El Digital de Asturias","description":"La Sociedad de Promoci\u00f3n Exterior Principado de Asturias S.A. (Asturex) organiza la participaci\u00f3n agrupada de las empresas asturianas de los sectores de metal y miner\u00eda ALLGAIER MOGENSEN, S.A.U., ARLUX EUROPA S.L., BULTECKMININ SYSTEMS, S.L., GRUPO NAVEC SERVICIOS INDUSTRIALES S.L., INGENIERIA Y DISE\u00d1O EUROPEO (ISASTUR), HIERROS Y CARBONES S.A., TALLERES ZITRON, S.A. y VULCANIZADOS TRANCHO, S.A.,","canonical_url":"https:\/\/www.eldigitaldeasturias.com\/noticias\/ocho-empresas-asturianas-muestran-sus-productos-y-servicios-en-la-feria-perumin\/","robots":"max-image-preview:large","keywords":"negocios y empresas","webmasterTools":{"google-site-verification":"UA-38556648-1","msvalidate.01":"7dfe9f3f1b24437ab69f4f2559babe99","miscellaneous":""},"schema":{"@context":"https:\/\/schema.org","@graph":[{"@type":"BlogPosting","@id":"https:\/\/www.eldigitaldeasturias.com\/noticias\/ocho-empresas-asturianas-muestran-sus-productos-y-servicios-en-la-feria-perumin\/#blogposting","name":"Ocho empresas asturianas muestran sus productos y servicios en la Feria PERUMIN - El Digital de Asturias","headline":"Ocho empresas asturianas muestran sus productos y servicios en la Feria PERUMIN","author":{"@id":"https:\/\/www.eldigitaldeasturias.com\/noticias\/author\/admin\/#author"},"publisher":{"@id":"https:\/\/www.eldigitaldeasturias.com\/noticias\/#organization"},"image":{"@type":"ImageObject","url":"https:\/\/www.eldigitaldeasturias.com\/noticias\/wp-content\/uploads\/2018\/10\/technology-785742_960_720.jpg","width":960,"height":640},"datePublished":"2019-09-13T09:08:26+02:00","dateModified":"2019-09-13T09:08:26+02:00","inLanguage":"es-ES","mainEntityOfPage":{"@id":"https:\/\/www.eldigitaldeasturias.com\/noticias\/ocho-empresas-asturianas-muestran-sus-productos-y-servicios-en-la-feria-perumin\/#webpage"},"isPartOf":{"@id":"https:\/\/www.eldigitaldeasturias.com\/noticias\/ocho-empresas-asturianas-muestran-sus-productos-y-servicios-en-la-feria-perumin\/#webpage"},"articleSection":"Negocios y Empresas"},{"@type":"BreadcrumbList","@id":"https:\/\/www.eldigitaldeasturias.com\/noticias\/ocho-empresas-asturianas-muestran-sus-productos-y-servicios-en-la-feria-perumin\/#breadcrumblist","itemListElement":[{"@type":"ListItem","@id":"https:\/\/www.eldigitaldeasturias.com\/noticias#listItem","position":1,"name":"Home","item":"https:\/\/www.eldigitaldeasturias.com\/noticias","nextItem":{"@type":"ListItem","@id":"https:\/\/www.eldigitaldeasturias.com\/noticias\/category\/negocios-y-empresas\/#listItem","name":"Negocios y Empresas"}},{"@type":"ListItem","@id":"https:\/\/www.eldigitaldeasturias.com\/noticias\/category\/negocios-y-empresas\/#listItem","position":2,"name":"Negocios y Empresas","item":"https:\/\/www.eldigitaldeasturias.com\/noticias\/category\/negocios-y-empresas\/","nextItem":{"@type":"ListItem","@id":"https:\/\/www.eldigitaldeasturias.com\/noticias\/ocho-empresas-asturianas-muestran-sus-productos-y-servicios-en-la-feria-perumin\/#listItem","name":"Ocho empresas asturianas muestran sus productos y servicios en la Feria PERUMIN"},"previousItem":{"@type":"ListItem","@id":"https:\/\/www.eldigitaldeasturias.com\/noticias#listItem","name":"Home"}},{"@type":"ListItem","@id":"https:\/\/www.eldigitaldeasturias.com\/noticias\/ocho-empresas-asturianas-muestran-sus-productos-y-servicios-en-la-feria-perumin\/#listItem","position":3,"name":"Ocho empresas asturianas muestran sus productos y servicios en la Feria PERUMIN","previousItem":{"@type":"ListItem","@id":"https:\/\/www.eldigitaldeasturias.com\/noticias\/category\/negocios-y-empresas\/#listItem","name":"Negocios y Empresas"}}]},{"@type":"Organization","@id":"https:\/\/www.eldigitaldeasturias.com\/noticias\/#organization","name":"El Digital de Asturias","description":"Hemeroteca","url":"https:\/\/www.eldigitaldeasturias.com\/noticias\/","email":"info@eldigitaldeasturias.com","telephone":"+34652131393","logo":{"@type":"ImageObject","url":"https:\/\/www.eldigitaldeasturias.com\/noticias\/wp-content\/uploads\/2020\/12\/EDA.jpg","@id":"https:\/\/www.eldigitaldeasturias.com\/noticias\/ocho-empresas-asturianas-muestran-sus-productos-y-servicios-en-la-feria-perumin\/#organizationLogo","width":649,"height":297},"image":{"@id":"https:\/\/www.eldigitaldeasturias.com\/noticias\/ocho-empresas-asturianas-muestran-sus-productos-y-servicios-en-la-feria-perumin\/#organizationLogo"},"sameAs":["https:\/\/facebook.com\/eldigitaldeasturias","https:\/\/www.youtube.com\/channel\/UCZP-2wLEB9Rv6erhFmqVnvg"],"address":{"@id":"https:\/\/www.eldigitaldeasturias.com\/noticias\/#postaladdress","@type":"PostalAddress","streetAddress":"san antonio 4,","postalCode":"33430","addressLocality":"Cand\u00e1s","addressRegion":"Asturias","addressCountry":"ES"}},{"@type":"Person","@id":"https:\/\/www.eldigitaldeasturias.com\/noticias\/author\/admin\/#author","url":"https:\/\/www.eldigitaldeasturias.com\/noticias\/author\/admin\/","name":"El Digital de Asturias","image":{"@type":"ImageObject","@id":"https:\/\/www.eldigitaldeasturias.com\/noticias\/ocho-empresas-asturianas-muestran-sus-productos-y-servicios-en-la-feria-perumin\/#authorImage","url":"https:\/\/www.eldigitaldeasturias.com\/noticias\/wp-content\/litespeed\/avatar\/18677e78aa0546b92d9dbf31ec7d7668.jpg?ver=1777290358","width":96,"height":96,"caption":"El Digital de Asturias"}},{"@type":"WebPage","@id":"https:\/\/www.eldigitaldeasturias.com\/noticias\/ocho-empresas-asturianas-muestran-sus-productos-y-servicios-en-la-feria-perumin\/#webpage","url":"https:\/\/www.eldigitaldeasturias.com\/noticias\/ocho-empresas-asturianas-muestran-sus-productos-y-servicios-en-la-feria-perumin\/","name":"Ocho empresas asturianas muestran sus productos y servicios en la Feria PERUMIN - El Digital de Asturias","description":"La Sociedad de Promoci\u00f3n Exterior Principado de Asturias S.A. (Asturex) organiza la participaci\u00f3n agrupada de las empresas asturianas de los sectores de metal y miner\u00eda ALLGAIER MOGENSEN, S.A.U., ARLUX EUROPA S.L., BULTECKMININ SYSTEMS, S.L., GRUPO NAVEC SERVICIOS INDUSTRIALES S.L., INGENIERIA Y DISE\u00d1O EUROPEO (ISASTUR), HIERROS Y CARBONES S.A., TALLERES ZITRON, S.A. y VULCANIZADOS TRANCHO, S.A.,","inLanguage":"es-ES","isPartOf":{"@id":"https:\/\/www.eldigitaldeasturias.com\/noticias\/#website"},"breadcrumb":{"@id":"https:\/\/www.eldigitaldeasturias.com\/noticias\/ocho-empresas-asturianas-muestran-sus-productos-y-servicios-en-la-feria-perumin\/#breadcrumblist"},"author":{"@id":"https:\/\/www.eldigitaldeasturias.com\/noticias\/author\/admin\/#author"},"creator":{"@id":"https:\/\/www.eldigitaldeasturias.com\/noticias\/author\/admin\/#author"},"image":{"@type":"ImageObject","url":"https:\/\/www.eldigitaldeasturias.com\/noticias\/wp-content\/uploads\/2018\/10\/technology-785742_960_720.jpg","@id":"https:\/\/www.eldigitaldeasturias.com\/noticias\/ocho-empresas-asturianas-muestran-sus-productos-y-servicios-en-la-feria-perumin\/#mainImage","width":960,"height":640},"primaryImageOfPage":{"@id":"https:\/\/www.eldigitaldeasturias.com\/noticias\/ocho-empresas-asturianas-muestran-sus-productos-y-servicios-en-la-feria-perumin\/#mainImage"},"datePublished":"2019-09-13T09:08:26+02:00","dateModified":"2019-09-13T09:08:26+02:00"},{"@type":"WebSite","@id":"https:\/\/www.eldigitaldeasturias.com\/noticias\/#website","url":"https:\/\/www.eldigitaldeasturias.com\/noticias\/","name":"El Digital de Asturias - Diario de actualidad y noticias","alternateName":"El Digital de Asturias - Diario de actualidad y noticias","description":"Hemeroteca","inLanguage":"es-ES","publisher":{"@id":"https:\/\/www.eldigitaldeasturias.com\/noticias\/#organization"}}]},"og:locale":"es_ES","og:site_name":"El Digital de Asturias","og:type":"article","og:title":"Ocho empresas asturianas muestran sus productos y servicios en la Feria PERUMIN - El Digital de Asturias","og:description":"La Sociedad de Promoci\u00f3n Exterior Principado de Asturias S.A. (Asturex) organiza la participaci\u00f3n agrupada de las empresas asturianas de los sectores de metal y miner\u00eda ALLGAIER MOGENSEN, S.A.U., ARLUX EUROPA S.L., BULTECKMININ SYSTEMS, S.L., GRUPO NAVEC SERVICIOS INDUSTRIALES S.L., INGENIERIA Y DISE\u00d1O EUROPEO (ISASTUR), HIERROS Y CARBONES S.A., TALLERES ZITRON, S.A. y VULCANIZADOS TRANCHO, S.A.,","og:url":"https:\/\/www.eldigitaldeasturias.com\/noticias\/ocho-empresas-asturianas-muestran-sus-productos-y-servicios-en-la-feria-perumin\/","og:image":"https:\/\/www.eldigitaldeasturias.com\/noticias\/wp-content\/uploads\/2018\/10\/technology-785742_960_720.jpg","og:image:secure_url":"https:\/\/www.eldigitaldeasturias.com\/noticias\/wp-content\/uploads\/2018\/10\/technology-785742_960_720.jpg","og:image:width":960,"og:image:height":640,"article:tag":["negocios y empresas"],"article:published_time":"2019-09-13T09:08:26+00:00","article:modified_time":"2019-09-13T09:08:26+00:00","article:publisher":"https:\/\/facebook.com\/eldigitaldeasturias","twitter:card":"summary_large_image","twitter:title":"Ocho empresas asturianas muestran sus productos y servicios en la Feria PERUMIN - El Digital de Asturias","twitter:description":"La Sociedad de Promoci\u00f3n Exterior Principado de Asturias S.A. (Asturex) organiza la participaci\u00f3n agrupada de las empresas asturianas de los sectores de metal y miner\u00eda ALLGAIER MOGENSEN, S.A.U., ARLUX EUROPA S.L., BULTECKMININ SYSTEMS, S.L., GRUPO NAVEC SERVICIOS INDUSTRIALES S.L., INGENIERIA Y DISE\u00d1O EUROPEO (ISASTUR), HIERROS Y CARBONES S.A., TALLERES ZITRON, S.A. y VULCANIZADOS TRANCHO, S.A.,","twitter:image":"https:\/\/www.eldigitaldeasturias.com\/noticias\/wp-content\/uploads\/2018\/10\/technology-785742_960_720.jpg","twitter:label1":"Escrito por","twitter:data1":"El Digital de Asturias","twitter:label2":"Tiempo de lectura estimado","twitter:data2":"3 minutos"},"aioseo_meta_data":{"post_id":"1040544","title":null,"description":null,"keywords":null,"keyphrases":null,"primary_term":null,"canonical_url":null,"og_title":null,"og_description":null,"og_object_type":"default","og_image_type":"default","og_image_url":null,"og_image_width":null,"og_image_height":null,"og_image_custom_url":null,"og_image_custom_fields":null,"og_video":null,"og_custom_url":null,"og_article_section":null,"og_article_tags":null,"twitter_use_og":false,"twitter_card":"default","twitter_image_type":"default","twitter_image_url":null,"twitter_image_custom_url":null,"twitter_image_custom_fields":null,"twitter_title":null,"twitter_description":null,"schema":{"blockGraphs":[],"customGraphs":[],"default":{"data":{"Article":[],"Course":[],"Dataset":[],"FAQPage":[],"Movie":[],"Person":[],"Product":[],"ProductReview":[],"Car":[],"Recipe":[],"Service":[],"SoftwareApplication":[],"WebPage":[]},"graphName":"","isEnabled":true},"graphs":[],"defaultGraph":"","defaultPostTypeGraph":""},"schema_type":null,"schema_type_options":null,"pillar_content":false,"robots_default":true,"robots_noindex":false,"robots_noarchive":false,"robots_nosnippet":false,"robots_nofollow":false,"robots_noimageindex":false,"robots_noodp":false,"robots_notranslate":false,"robots_max_snippet":null,"robots_max_videopreview":null,"robots_max_imagepreview":"large","priority":null,"frequency":null,"local_seo":null,"seo_analyzer_scan_date":"2025-10-23 09:35:17","breadcrumb_settings":null,"limit_modified_date":false,"open_ai":null,"ai":null,"created":"2020-12-21 11:03:51","updated":"2025-10-23 09:35:17"},"aioseo_breadcrumb":"<div class=\"aioseo-breadcrumbs\"><span class=\"aioseo-breadcrumb\">\n\t<a href=\"https:\/\/www.eldigitaldeasturias.com\/noticias\" title=\"Home\">Home<\/a>\n<\/span><span class=\"aioseo-breadcrumb-separator\">\u2013<\/span><span class=\"aioseo-breadcrumb\">\n\t<a href=\"https:\/\/www.eldigitaldeasturias.com\/noticias\/category\/negocios-y-empresas\/\" title=\"Negocios y Empresas\">Negocios y Empresas<\/a>\n<\/span><span class=\"aioseo-breadcrumb-separator\">\u2013<\/span><span class=\"aioseo-breadcrumb\">\n\t<a href=\"https:\/\/www.eldigitaldeasturias.com\/noticias\/ocho-empresas-asturianas-muestran-sus-productos-y-servicios-en-la-feria-perumin\/\" title=\"Ocho empresas asturianas muestran sus productos y servicios en la Feria PERUMIN\">Ocho empresas asturianas muestran sus productos y servicios en la Feria PERUMIN<\/a>\n<\/span><\/div>","aioseo_breadcrumb_json":[{"label":"Home","link":"https:\/\/www.eldigitaldeasturias.com\/noticias"},{"label":"Negocios y Empresas","link":"https:\/\/www.eldigitaldeasturias.com\/noticias\/category\/negocios-y-empresas\/"},{"label":"Ocho empresas asturianas muestran sus productos y servicios en la Feria PERUMIN","link":"https:\/\/www.eldigitaldeasturias.com\/noticias\/ocho-empresas-asturianas-muestran-sus-productos-y-servicios-en-la-feria-perumin\/"}],"_links":{"self":[{"href":"https:\/\/www.eldigitaldeasturias.com\/noticias\/wp-json\/wp\/v2\/posts\/1040544","targetHints":{"allow":["GET"]}}],"collection":[{"href":"https:\/\/www.eldigitaldeasturias.com\/noticias\/wp-json\/wp\/v2\/posts"}],"about":[{"href":"https:\/\/www.eldigitaldeasturias.com\/noticias\/wp-json\/wp\/v2\/types\/post"}],"author":[{"embeddable":true,"href":"https:\/\/www.eldigitaldeasturias.com\/noticias\/wp-json\/wp\/v2\/users\/1"}],"replies":[{"embeddable":true,"href":"https:\/\/www.eldigitaldeasturias.com\/noticias\/wp-json\/wp\/v2\/comments?post=1040544"}],"version-history":[{"count":0,"href":"https:\/\/www.eldigitaldeasturias.com\/noticias\/wp-json\/wp\/v2\/posts\/1040544\/revisions"}],"wp:featuredmedia":[{"embeddable":true,"href":"https:\/\/www.eldigitaldeasturias.com\/noticias\/wp-json\/wp\/v2\/media\/1001846"}],"wp:attachment":[{"href":"https:\/\/www.eldigitaldeasturias.com\/noticias\/wp-json\/wp\/v2\/media?parent=1040544"}],"wp:term":[{"taxonomy":"category","embeddable":true,"href":"https:\/\/www.eldigitaldeasturias.com\/noticias\/wp-json\/wp\/v2\/categories?post=1040544"},{"taxonomy":"post_tag","embeddable":true,"href":"https:\/\/www.eldigitaldeasturias.com\/noticias\/wp-json\/wp\/v2\/tags?post=1040544"}],"curies":[{"name":"wp","href":"https:\/\/api.w.org\/{rel}","templated":true}]}}