{"id":1040518,"date":"2019-09-12T19:08:39","date_gmt":"2019-09-12T19:08:39","guid":{"rendered":"https:\/\/www.eldigitaldeasturias.com\/noticias\/?p=1040518"},"modified":"2019-09-12T19:08:39","modified_gmt":"2019-09-12T19:08:39","slug":"los-reyes-inauguran-la-exposicion-de-la-primera-vuelta-al-mundo-de-magallanes-y-elcano","status":"publish","type":"post","link":"https:\/\/www.eldigitaldeasturias.com\/noticias\/los-reyes-inauguran-la-exposicion-de-la-primera-vuelta-al-mundo-de-magallanes-y-elcano\/","title":{"rendered":"Los Reyes inauguran la exposici\u00f3n de la primera vuelta al mundo de Magallanes y Elcano"},"content":{"rendered":"<p><img loading=\"lazy\" decoding=\"async\" class=\"alignleft size-medium wp-image-1040519\" src=\"https:\/\/www.eldigitaldeasturias.com\/noticias\/wp-content\/uploads\/2019\/09\/120919-Exposicion-360x239.jpg\" alt=\"\" width=\"360\" height=\"239\" srcset=\"https:\/\/www.eldigitaldeasturias.com\/noticias\/wp-content\/uploads\/2019\/09\/120919-Exposicion-360x239.jpg 360w, https:\/\/www.eldigitaldeasturias.com\/noticias\/wp-content\/uploads\/2019\/09\/120919-Exposicion.jpg 512w\" sizes=\"auto, (max-width: 360px) 100vw, 360px\" \/>Los Reyes de Espa\u00f1a han inaugurado en el Archivo General de Indias la exposici\u00f3n &#8216;El viaje m\u00e1s largo: la primera vuelta al mundo&#8217;, organizada por Acci\u00f3n Cultural Espa\u00f1ola (AC\/E) y el Ministerio de Cultura y Deporte, con motivo del V Centenario de la primera circunnavegaci\u00f3n de Magallanes y Elcano.<\/p>\n<p>\u200bLa muestra, que cuenta con el patrocinio de la Fundaci\u00f3n Unicaja, podr\u00e1 visitarse hasta el pr\u00f3ximo 23 de febrero en el Archivo General de Indias. Esta instituci\u00f3n, que gestiona el Ministerio de Cultura y Deporte, custodia entre sus fondos la mayor colecci\u00f3n de documentos originales relativos a la gesta y se encuentra a pocos metros de los muelles del Guadalquivir testigos de la organizaci\u00f3n, partida y regreso de esta hist\u00f3rica expedici\u00f3n.<\/p>\n<p>La inauguraci\u00f3n de la muestra coincide con la celebraci\u00f3n en la capital andaluza de la reuni\u00f3n del pleno de la Comisi\u00f3n Nacional V Centenario Magallanes-Elcano, cuya presidencia de honor ostentan don Felipe y do\u00f1a Letizia.<\/p>\n<p>En la apertura oficial, los Reyes han sido acompa\u00f1ados por la vicepresidenta del Gobierno en funciones y presidenta de la Comisi\u00f3n Nacional de este centenario, Carmen Calvo; el presidente de la Junta de Andaluc\u00eda, Juan Manuel Moreno; el alcalde de Sevilla, Juan Espadas; los ministros en funciones de Cultura y Deporte, Jos\u00e9 Guirao; de Defensa, Margarita Robles, y de Hacienda, Mar\u00eda Jes\u00fas Montero; y el delegado del Gobierno en Andaluc\u00eda, Jes\u00fas Fern\u00e1ndez Delgado, entre otras autoridades.<\/p>\n<p>La exposici\u00f3n, comisariada por Antonio Fern\u00e1ndez Torres y los archiveros facultativos del Archivo General de Indias, Guillermo Mor\u00e1n Dauchez y Braulio V\u00e1zquez Campos, adem\u00e1s de narrar y conmemorar la primera vuelta al mundo como un acontecimiento clave en la historia universal, es tambi\u00e9n -al cumplirse en 2019 el quincuag\u00e9simo aniversario del viaje a la Luna- un homenaje al esp\u00edritu explorador del hombre y su actitud ante lo desconocido.<\/p>\n<p>Esta muestra re\u00fane, por primera vez, los principales documentos y cr\u00f3nicas que durante siglos han permitido el estudio y an\u00e1lisis de la primera circunnavegaci\u00f3n del planeta. De este modo, da voz y tiene como narradores a los protagonistas del \u00e9pico viaje iniciado por Fernando de Magallanes en 1519, que terminar\u00eda por convertirse en el viaje m\u00e1s largo: la primera vuelta al mundo, concluida por Juan Sebasti\u00e1n Elcano y los hombres de la nao Victoria en 1522.<\/p>\n<p>Se pueden ver un total de 106 piezas y documentos originales pertenecientes al Archivo General de Indias y a diferentes instituciones de otros pa\u00edses europeos, como el Archivo Nacional Torre do Tombo, en Lisboa, o la Biblioteca Nacional de Francia, y espa\u00f1oles, como la Biblioteca Nacional de Espa\u00f1a, el Museo de Am\u00e9rica, el Museo de Arte Oriental de Valladolid y la Real Academia de la Historia, entre otras muchas.<\/p>\n<p>De este conjunto de piezas destacan el Tratado de Tordesillas; la escultura de un joven Carlos I, procedente del Museo Nacional de Escultura de Valladolid; ediciones hist\u00f3ricas de las cr\u00f3nicas de Pigafetta, Albo, Mafra y Genov\u00e9s; la talla original de la Virgen de la Victoria venerada por los expedicionarios en la partida y en su regreso, y la carta de Maximiliano Transilvano.<\/p>\n<p>Este impresionante patrimonio hist\u00f3rico estar\u00e1 inmerso en un contexto ambiental y emocional conformado por audiovisuales y una original escenograf\u00eda, con la intenci\u00f3n de hacer sentir al visitante los desaf\u00edos del viaje oce\u00e1nico, y acercar al p\u00fablico, de una forma diferente, m\u00e1s humana, la historia contenida en los documentos originales. En este sentido, destacan los modelos navales del maquetista Antonio Hierro, las siete esculturas realizadas por Javier Romero Abrio y 25 piezas de orfebrer\u00eda, composiciones que han sido dirigidas por Antonio Fern\u00e1ndez Torres y el equipo de dise\u00f1o de la exposici\u00f3n.<\/p>\n<p>Tras su paso por Sevilla, la exposici\u00f3n viajar\u00e1 a al Museo San Telmo de San Sebasti\u00e1n entre los meses de junio y septiembre de 2020.<\/p>\n<p>&nbsp;<\/p>\n","protected":false},"excerpt":{"rendered":"<p>Los Reyes de Espa\u00f1a han inaugurado en el Archivo General de Indias la exposici\u00f3n &#8216;El viaje m\u00e1s largo: la primera vuelta al mundo&#8217;, organizada por Acci\u00f3n Cultural Espa\u00f1ola (AC\/E) y el Ministerio de Cultura y Deporte, con motivo del V Centenario de la primera circunnavegaci\u00f3n de Magallanes y Elcano. \u200bLa muestra, que cuenta con el [&hellip;]<\/p>\n","protected":false},"author":1,"featured_media":1040519,"comment_status":"closed","ping_status":"closed","sticky":false,"template":"","format":"standard","meta":{"footnotes":""},"categories":[1],"tags":[],"class_list":["post-1040518","post","type-post","status-publish","format-standard","has-post-thumbnail","hentry","category-actualidad"],"aioseo_notices":[],"aioseo_head":"\n\t\t<!-- All in One SEO Pro 4.9.6.2 - aioseo.com -->\n\t<meta name=\"description\" content=\"Los Reyes de Espa\u00f1a han inaugurado en el Archivo General de Indias la exposici\u00f3n &#039;El viaje m\u00e1s largo: la primera vuelta al mundo&#039;, organizada por Acci\u00f3n Cultural Espa\u00f1ola (AC\/E) y el Ministerio de Cultura y Deporte, con motivo del V Centenario de la primera circunnavegaci\u00f3n de Magallanes y Elcano. \u200bLa muestra, que cuenta con el\" \/>\n\t<meta name=\"robots\" content=\"max-image-preview:large\" \/>\n\t<meta name=\"author\" content=\"El Digital de Asturias\"\/>\n\t<meta name=\"google-site-verification\" content=\"UA-38556648-1\" \/>\n\t<meta name=\"msvalidate.01\" content=\"7dfe9f3f1b24437ab69f4f2559babe99\" \/>\n\t<meta name=\"keywords\" content=\"actualidad\" \/>\n\t<link rel=\"canonical\" href=\"https:\/\/www.eldigitaldeasturias.com\/noticias\/los-reyes-inauguran-la-exposicion-de-la-primera-vuelta-al-mundo-de-magallanes-y-elcano\/\" \/>\n\t<meta name=\"generator\" content=\"All in One SEO Pro (AIOSEO) 4.9.6.2\" \/>\n\t\t<meta property=\"og:locale\" content=\"es_ES\" \/>\n\t\t<meta property=\"og:site_name\" content=\"El Digital de Asturias\" \/>\n\t\t<meta property=\"og:type\" content=\"article\" \/>\n\t\t<meta property=\"og:title\" content=\"Los Reyes inauguran la exposici\u00f3n de la primera vuelta al mundo de Magallanes y Elcano - El Digital de Asturias\" \/>\n\t\t<meta property=\"og:description\" content=\"Los Reyes de Espa\u00f1a han inaugurado en el Archivo General de Indias la exposici\u00f3n &#039;El viaje m\u00e1s largo: la primera vuelta al mundo&#039;, organizada por Acci\u00f3n Cultural Espa\u00f1ola (AC\/E) y el Ministerio de Cultura y Deporte, con motivo del V Centenario de la primera circunnavegaci\u00f3n de Magallanes y Elcano. \u200bLa muestra, que cuenta con el\" \/>\n\t\t<meta property=\"og:url\" content=\"https:\/\/www.eldigitaldeasturias.com\/noticias\/los-reyes-inauguran-la-exposicion-de-la-primera-vuelta-al-mundo-de-magallanes-y-elcano\/\" \/>\n\t\t<meta property=\"og:image\" content=\"https:\/\/www.eldigitaldeasturias.com\/noticias\/wp-content\/uploads\/2019\/09\/120919-Exposicion.jpg\" \/>\n\t\t<meta property=\"og:image:secure_url\" content=\"https:\/\/www.eldigitaldeasturias.com\/noticias\/wp-content\/uploads\/2019\/09\/120919-Exposicion.jpg\" \/>\n\t\t<meta property=\"og:image:width\" content=\"512\" \/>\n\t\t<meta property=\"og:image:height\" content=\"340\" \/>\n\t\t<meta property=\"article:tag\" content=\"actualidad\" \/>\n\t\t<meta property=\"article:published_time\" content=\"2019-09-12T19:08:39+00:00\" \/>\n\t\t<meta property=\"article:modified_time\" content=\"2019-09-12T19:08:39+00:00\" \/>\n\t\t<meta property=\"article:publisher\" content=\"https:\/\/facebook.com\/eldigitaldeasturias\" \/>\n\t\t<meta name=\"twitter:card\" content=\"summary_large_image\" \/>\n\t\t<meta name=\"twitter:title\" content=\"Los Reyes inauguran la exposici\u00f3n de la primera vuelta al mundo de Magallanes y Elcano - El Digital de Asturias\" \/>\n\t\t<meta name=\"twitter:description\" content=\"Los Reyes de Espa\u00f1a han inaugurado en el Archivo General de Indias la exposici\u00f3n &#039;El viaje m\u00e1s largo: la primera vuelta al mundo&#039;, organizada por Acci\u00f3n Cultural Espa\u00f1ola (AC\/E) y el Ministerio de Cultura y Deporte, con motivo del V Centenario de la primera circunnavegaci\u00f3n de Magallanes y Elcano. \u200bLa muestra, que cuenta con el\" \/>\n\t\t<meta name=\"twitter:image\" content=\"https:\/\/www.eldigitaldeasturias.com\/noticias\/wp-content\/uploads\/2019\/09\/120919-Exposicion.jpg\" \/>\n\t\t<meta name=\"twitter:label1\" content=\"Escrito por\" \/>\n\t\t<meta name=\"twitter:data1\" content=\"El Digital de Asturias\" \/>\n\t\t<meta name=\"twitter:label2\" content=\"Tiempo de lectura estimado\" \/>\n\t\t<meta name=\"twitter:data2\" content=\"3 minutos\" \/>\n\t\t<script type=\"application\/ld+json\" class=\"aioseo-schema\">\n\t\t\t{\"@context\":\"https:\\\/\\\/schema.org\",\"@graph\":[{\"@type\":\"BlogPosting\",\"@id\":\"https:\\\/\\\/www.eldigitaldeasturias.com\\\/noticias\\\/los-reyes-inauguran-la-exposicion-de-la-primera-vuelta-al-mundo-de-magallanes-y-elcano\\\/#blogposting\",\"name\":\"Los Reyes inauguran la exposici\\u00f3n de la primera vuelta al mundo de Magallanes y Elcano - El Digital de Asturias\",\"headline\":\"Los Reyes inauguran la exposici\\u00f3n de la primera vuelta al mundo de Magallanes y Elcano\",\"author\":{\"@id\":\"https:\\\/\\\/www.eldigitaldeasturias.com\\\/noticias\\\/author\\\/admin\\\/#author\"},\"publisher\":{\"@id\":\"https:\\\/\\\/www.eldigitaldeasturias.com\\\/noticias\\\/#organization\"},\"image\":{\"@type\":\"ImageObject\",\"url\":\"https:\\\/\\\/www.eldigitaldeasturias.com\\\/noticias\\\/wp-content\\\/uploads\\\/2019\\\/09\\\/120919-Exposicion.jpg\",\"width\":512,\"height\":340},\"datePublished\":\"2019-09-12T19:08:39+02:00\",\"dateModified\":\"2019-09-12T19:08:39+02:00\",\"inLanguage\":\"es-ES\",\"mainEntityOfPage\":{\"@id\":\"https:\\\/\\\/www.eldigitaldeasturias.com\\\/noticias\\\/los-reyes-inauguran-la-exposicion-de-la-primera-vuelta-al-mundo-de-magallanes-y-elcano\\\/#webpage\"},\"isPartOf\":{\"@id\":\"https:\\\/\\\/www.eldigitaldeasturias.com\\\/noticias\\\/los-reyes-inauguran-la-exposicion-de-la-primera-vuelta-al-mundo-de-magallanes-y-elcano\\\/#webpage\"},\"articleSection\":\"Actualidad\"},{\"@type\":\"BreadcrumbList\",\"@id\":\"https:\\\/\\\/www.eldigitaldeasturias.com\\\/noticias\\\/los-reyes-inauguran-la-exposicion-de-la-primera-vuelta-al-mundo-de-magallanes-y-elcano\\\/#breadcrumblist\",\"itemListElement\":[{\"@type\":\"ListItem\",\"@id\":\"https:\\\/\\\/www.eldigitaldeasturias.com\\\/noticias#listItem\",\"position\":1,\"name\":\"Home\",\"item\":\"https:\\\/\\\/www.eldigitaldeasturias.com\\\/noticias\",\"nextItem\":{\"@type\":\"ListItem\",\"@id\":\"https:\\\/\\\/www.eldigitaldeasturias.com\\\/noticias\\\/category\\\/actualidad\\\/#listItem\",\"name\":\"Actualidad\"}},{\"@type\":\"ListItem\",\"@id\":\"https:\\\/\\\/www.eldigitaldeasturias.com\\\/noticias\\\/category\\\/actualidad\\\/#listItem\",\"position\":2,\"name\":\"Actualidad\",\"item\":\"https:\\\/\\\/www.eldigitaldeasturias.com\\\/noticias\\\/category\\\/actualidad\\\/\",\"nextItem\":{\"@type\":\"ListItem\",\"@id\":\"https:\\\/\\\/www.eldigitaldeasturias.com\\\/noticias\\\/los-reyes-inauguran-la-exposicion-de-la-primera-vuelta-al-mundo-de-magallanes-y-elcano\\\/#listItem\",\"name\":\"Los Reyes inauguran la exposici\\u00f3n de la primera vuelta al mundo de Magallanes y Elcano\"},\"previousItem\":{\"@type\":\"ListItem\",\"@id\":\"https:\\\/\\\/www.eldigitaldeasturias.com\\\/noticias#listItem\",\"name\":\"Home\"}},{\"@type\":\"ListItem\",\"@id\":\"https:\\\/\\\/www.eldigitaldeasturias.com\\\/noticias\\\/los-reyes-inauguran-la-exposicion-de-la-primera-vuelta-al-mundo-de-magallanes-y-elcano\\\/#listItem\",\"position\":3,\"name\":\"Los Reyes inauguran la exposici\\u00f3n de la primera vuelta al mundo de Magallanes y Elcano\",\"previousItem\":{\"@type\":\"ListItem\",\"@id\":\"https:\\\/\\\/www.eldigitaldeasturias.com\\\/noticias\\\/category\\\/actualidad\\\/#listItem\",\"name\":\"Actualidad\"}}]},{\"@type\":\"Organization\",\"@id\":\"https:\\\/\\\/www.eldigitaldeasturias.com\\\/noticias\\\/#organization\",\"name\":\"El Digital de Asturias\",\"description\":\"Hemeroteca\",\"url\":\"https:\\\/\\\/www.eldigitaldeasturias.com\\\/noticias\\\/\",\"email\":\"info@eldigitaldeasturias.com\",\"telephone\":\"+34652131393\",\"logo\":{\"@type\":\"ImageObject\",\"url\":\"https:\\\/\\\/www.eldigitaldeasturias.com\\\/noticias\\\/wp-content\\\/uploads\\\/2020\\\/12\\\/EDA.jpg\",\"@id\":\"https:\\\/\\\/www.eldigitaldeasturias.com\\\/noticias\\\/los-reyes-inauguran-la-exposicion-de-la-primera-vuelta-al-mundo-de-magallanes-y-elcano\\\/#organizationLogo\",\"width\":649,\"height\":297},\"image\":{\"@id\":\"https:\\\/\\\/www.eldigitaldeasturias.com\\\/noticias\\\/los-reyes-inauguran-la-exposicion-de-la-primera-vuelta-al-mundo-de-magallanes-y-elcano\\\/#organizationLogo\"},\"sameAs\":[\"https:\\\/\\\/facebook.com\\\/eldigitaldeasturias\",\"https:\\\/\\\/www.youtube.com\\\/channel\\\/UCZP-2wLEB9Rv6erhFmqVnvg\"],\"address\":{\"@id\":\"https:\\\/\\\/www.eldigitaldeasturias.com\\\/noticias\\\/#postaladdress\",\"@type\":\"PostalAddress\",\"streetAddress\":\"san antonio 4,\",\"postalCode\":\"33430\",\"addressLocality\":\"Cand\\u00e1s\",\"addressRegion\":\"Asturias\",\"addressCountry\":\"ES\"}},{\"@type\":\"Person\",\"@id\":\"https:\\\/\\\/www.eldigitaldeasturias.com\\\/noticias\\\/author\\\/admin\\\/#author\",\"url\":\"https:\\\/\\\/www.eldigitaldeasturias.com\\\/noticias\\\/author\\\/admin\\\/\",\"name\":\"El Digital de Asturias\",\"image\":{\"@type\":\"ImageObject\",\"@id\":\"https:\\\/\\\/www.eldigitaldeasturias.com\\\/noticias\\\/los-reyes-inauguran-la-exposicion-de-la-primera-vuelta-al-mundo-de-magallanes-y-elcano\\\/#authorImage\",\"url\":\"https:\\\/\\\/www.eldigitaldeasturias.com\\\/noticias\\\/wp-content\\\/litespeed\\\/avatar\\\/18677e78aa0546b92d9dbf31ec7d7668.jpg?ver=1777290358\",\"width\":96,\"height\":96,\"caption\":\"El Digital de Asturias\"}},{\"@type\":\"WebPage\",\"@id\":\"https:\\\/\\\/www.eldigitaldeasturias.com\\\/noticias\\\/los-reyes-inauguran-la-exposicion-de-la-primera-vuelta-al-mundo-de-magallanes-y-elcano\\\/#webpage\",\"url\":\"https:\\\/\\\/www.eldigitaldeasturias.com\\\/noticias\\\/los-reyes-inauguran-la-exposicion-de-la-primera-vuelta-al-mundo-de-magallanes-y-elcano\\\/\",\"name\":\"Los Reyes inauguran la exposici\\u00f3n de la primera vuelta al mundo de Magallanes y Elcano - El Digital de Asturias\",\"description\":\"Los Reyes de Espa\\u00f1a han inaugurado en el Archivo General de Indias la exposici\\u00f3n 'El viaje m\\u00e1s largo: la primera vuelta al mundo', organizada por Acci\\u00f3n Cultural Espa\\u00f1ola (AC\\\/E) y el Ministerio de Cultura y Deporte, con motivo del V Centenario de la primera circunnavegaci\\u00f3n de Magallanes y Elcano. \\u200bLa muestra, que cuenta con el\",\"inLanguage\":\"es-ES\",\"isPartOf\":{\"@id\":\"https:\\\/\\\/www.eldigitaldeasturias.com\\\/noticias\\\/#website\"},\"breadcrumb\":{\"@id\":\"https:\\\/\\\/www.eldigitaldeasturias.com\\\/noticias\\\/los-reyes-inauguran-la-exposicion-de-la-primera-vuelta-al-mundo-de-magallanes-y-elcano\\\/#breadcrumblist\"},\"author\":{\"@id\":\"https:\\\/\\\/www.eldigitaldeasturias.com\\\/noticias\\\/author\\\/admin\\\/#author\"},\"creator\":{\"@id\":\"https:\\\/\\\/www.eldigitaldeasturias.com\\\/noticias\\\/author\\\/admin\\\/#author\"},\"image\":{\"@type\":\"ImageObject\",\"url\":\"https:\\\/\\\/www.eldigitaldeasturias.com\\\/noticias\\\/wp-content\\\/uploads\\\/2019\\\/09\\\/120919-Exposicion.jpg\",\"@id\":\"https:\\\/\\\/www.eldigitaldeasturias.com\\\/noticias\\\/los-reyes-inauguran-la-exposicion-de-la-primera-vuelta-al-mundo-de-magallanes-y-elcano\\\/#mainImage\",\"width\":512,\"height\":340},\"primaryImageOfPage\":{\"@id\":\"https:\\\/\\\/www.eldigitaldeasturias.com\\\/noticias\\\/los-reyes-inauguran-la-exposicion-de-la-primera-vuelta-al-mundo-de-magallanes-y-elcano\\\/#mainImage\"},\"datePublished\":\"2019-09-12T19:08:39+02:00\",\"dateModified\":\"2019-09-12T19:08:39+02:00\"},{\"@type\":\"WebSite\",\"@id\":\"https:\\\/\\\/www.eldigitaldeasturias.com\\\/noticias\\\/#website\",\"url\":\"https:\\\/\\\/www.eldigitaldeasturias.com\\\/noticias\\\/\",\"name\":\"El Digital de Asturias - Diario de actualidad y noticias\",\"alternateName\":\"El Digital de Asturias - Diario de actualidad y noticias\",\"description\":\"Hemeroteca\",\"inLanguage\":\"es-ES\",\"publisher\":{\"@id\":\"https:\\\/\\\/www.eldigitaldeasturias.com\\\/noticias\\\/#organization\"}}]}\n\t\t<\/script>\n\t\t<!-- All in One SEO Pro -->\r\n\t\t<title>Los Reyes inauguran la exposici\u00f3n de la primera vuelta al mundo de Magallanes y Elcano - El Digital de Asturias<\/title>\n\n","aioseo_head_json":{"title":"Los Reyes inauguran la exposici\u00f3n de la primera vuelta al mundo de Magallanes y Elcano - El Digital de Asturias","description":"Los Reyes de Espa\u00f1a han inaugurado en el Archivo General de Indias la exposici\u00f3n 'El viaje m\u00e1s largo: la primera vuelta al mundo', organizada por Acci\u00f3n Cultural Espa\u00f1ola (AC\/E) y el Ministerio de Cultura y Deporte, con motivo del V Centenario de la primera circunnavegaci\u00f3n de Magallanes y Elcano. \u200bLa muestra, que cuenta con el","canonical_url":"https:\/\/www.eldigitaldeasturias.com\/noticias\/los-reyes-inauguran-la-exposicion-de-la-primera-vuelta-al-mundo-de-magallanes-y-elcano\/","robots":"max-image-preview:large","keywords":"actualidad","webmasterTools":{"google-site-verification":"UA-38556648-1","msvalidate.01":"7dfe9f3f1b24437ab69f4f2559babe99","miscellaneous":""},"schema":{"@context":"https:\/\/schema.org","@graph":[{"@type":"BlogPosting","@id":"https:\/\/www.eldigitaldeasturias.com\/noticias\/los-reyes-inauguran-la-exposicion-de-la-primera-vuelta-al-mundo-de-magallanes-y-elcano\/#blogposting","name":"Los Reyes inauguran la exposici\u00f3n de la primera vuelta al mundo de Magallanes y Elcano - El Digital de Asturias","headline":"Los Reyes inauguran la exposici\u00f3n de la primera vuelta al mundo de Magallanes y Elcano","author":{"@id":"https:\/\/www.eldigitaldeasturias.com\/noticias\/author\/admin\/#author"},"publisher":{"@id":"https:\/\/www.eldigitaldeasturias.com\/noticias\/#organization"},"image":{"@type":"ImageObject","url":"https:\/\/www.eldigitaldeasturias.com\/noticias\/wp-content\/uploads\/2019\/09\/120919-Exposicion.jpg","width":512,"height":340},"datePublished":"2019-09-12T19:08:39+02:00","dateModified":"2019-09-12T19:08:39+02:00","inLanguage":"es-ES","mainEntityOfPage":{"@id":"https:\/\/www.eldigitaldeasturias.com\/noticias\/los-reyes-inauguran-la-exposicion-de-la-primera-vuelta-al-mundo-de-magallanes-y-elcano\/#webpage"},"isPartOf":{"@id":"https:\/\/www.eldigitaldeasturias.com\/noticias\/los-reyes-inauguran-la-exposicion-de-la-primera-vuelta-al-mundo-de-magallanes-y-elcano\/#webpage"},"articleSection":"Actualidad"},{"@type":"BreadcrumbList","@id":"https:\/\/www.eldigitaldeasturias.com\/noticias\/los-reyes-inauguran-la-exposicion-de-la-primera-vuelta-al-mundo-de-magallanes-y-elcano\/#breadcrumblist","itemListElement":[{"@type":"ListItem","@id":"https:\/\/www.eldigitaldeasturias.com\/noticias#listItem","position":1,"name":"Home","item":"https:\/\/www.eldigitaldeasturias.com\/noticias","nextItem":{"@type":"ListItem","@id":"https:\/\/www.eldigitaldeasturias.com\/noticias\/category\/actualidad\/#listItem","name":"Actualidad"}},{"@type":"ListItem","@id":"https:\/\/www.eldigitaldeasturias.com\/noticias\/category\/actualidad\/#listItem","position":2,"name":"Actualidad","item":"https:\/\/www.eldigitaldeasturias.com\/noticias\/category\/actualidad\/","nextItem":{"@type":"ListItem","@id":"https:\/\/www.eldigitaldeasturias.com\/noticias\/los-reyes-inauguran-la-exposicion-de-la-primera-vuelta-al-mundo-de-magallanes-y-elcano\/#listItem","name":"Los Reyes inauguran la exposici\u00f3n de la primera vuelta al mundo de Magallanes y Elcano"},"previousItem":{"@type":"ListItem","@id":"https:\/\/www.eldigitaldeasturias.com\/noticias#listItem","name":"Home"}},{"@type":"ListItem","@id":"https:\/\/www.eldigitaldeasturias.com\/noticias\/los-reyes-inauguran-la-exposicion-de-la-primera-vuelta-al-mundo-de-magallanes-y-elcano\/#listItem","position":3,"name":"Los Reyes inauguran la exposici\u00f3n de la primera vuelta al mundo de Magallanes y Elcano","previousItem":{"@type":"ListItem","@id":"https:\/\/www.eldigitaldeasturias.com\/noticias\/category\/actualidad\/#listItem","name":"Actualidad"}}]},{"@type":"Organization","@id":"https:\/\/www.eldigitaldeasturias.com\/noticias\/#organization","name":"El Digital de Asturias","description":"Hemeroteca","url":"https:\/\/www.eldigitaldeasturias.com\/noticias\/","email":"info@eldigitaldeasturias.com","telephone":"+34652131393","logo":{"@type":"ImageObject","url":"https:\/\/www.eldigitaldeasturias.com\/noticias\/wp-content\/uploads\/2020\/12\/EDA.jpg","@id":"https:\/\/www.eldigitaldeasturias.com\/noticias\/los-reyes-inauguran-la-exposicion-de-la-primera-vuelta-al-mundo-de-magallanes-y-elcano\/#organizationLogo","width":649,"height":297},"image":{"@id":"https:\/\/www.eldigitaldeasturias.com\/noticias\/los-reyes-inauguran-la-exposicion-de-la-primera-vuelta-al-mundo-de-magallanes-y-elcano\/#organizationLogo"},"sameAs":["https:\/\/facebook.com\/eldigitaldeasturias","https:\/\/www.youtube.com\/channel\/UCZP-2wLEB9Rv6erhFmqVnvg"],"address":{"@id":"https:\/\/www.eldigitaldeasturias.com\/noticias\/#postaladdress","@type":"PostalAddress","streetAddress":"san antonio 4,","postalCode":"33430","addressLocality":"Cand\u00e1s","addressRegion":"Asturias","addressCountry":"ES"}},{"@type":"Person","@id":"https:\/\/www.eldigitaldeasturias.com\/noticias\/author\/admin\/#author","url":"https:\/\/www.eldigitaldeasturias.com\/noticias\/author\/admin\/","name":"El Digital de Asturias","image":{"@type":"ImageObject","@id":"https:\/\/www.eldigitaldeasturias.com\/noticias\/los-reyes-inauguran-la-exposicion-de-la-primera-vuelta-al-mundo-de-magallanes-y-elcano\/#authorImage","url":"https:\/\/www.eldigitaldeasturias.com\/noticias\/wp-content\/litespeed\/avatar\/18677e78aa0546b92d9dbf31ec7d7668.jpg?ver=1777290358","width":96,"height":96,"caption":"El Digital de Asturias"}},{"@type":"WebPage","@id":"https:\/\/www.eldigitaldeasturias.com\/noticias\/los-reyes-inauguran-la-exposicion-de-la-primera-vuelta-al-mundo-de-magallanes-y-elcano\/#webpage","url":"https:\/\/www.eldigitaldeasturias.com\/noticias\/los-reyes-inauguran-la-exposicion-de-la-primera-vuelta-al-mundo-de-magallanes-y-elcano\/","name":"Los Reyes inauguran la exposici\u00f3n de la primera vuelta al mundo de Magallanes y Elcano - El Digital de Asturias","description":"Los Reyes de Espa\u00f1a han inaugurado en el Archivo General de Indias la exposici\u00f3n 'El viaje m\u00e1s largo: la primera vuelta al mundo', organizada por Acci\u00f3n Cultural Espa\u00f1ola (AC\/E) y el Ministerio de Cultura y Deporte, con motivo del V Centenario de la primera circunnavegaci\u00f3n de Magallanes y Elcano. \u200bLa muestra, que cuenta con el","inLanguage":"es-ES","isPartOf":{"@id":"https:\/\/www.eldigitaldeasturias.com\/noticias\/#website"},"breadcrumb":{"@id":"https:\/\/www.eldigitaldeasturias.com\/noticias\/los-reyes-inauguran-la-exposicion-de-la-primera-vuelta-al-mundo-de-magallanes-y-elcano\/#breadcrumblist"},"author":{"@id":"https:\/\/www.eldigitaldeasturias.com\/noticias\/author\/admin\/#author"},"creator":{"@id":"https:\/\/www.eldigitaldeasturias.com\/noticias\/author\/admin\/#author"},"image":{"@type":"ImageObject","url":"https:\/\/www.eldigitaldeasturias.com\/noticias\/wp-content\/uploads\/2019\/09\/120919-Exposicion.jpg","@id":"https:\/\/www.eldigitaldeasturias.com\/noticias\/los-reyes-inauguran-la-exposicion-de-la-primera-vuelta-al-mundo-de-magallanes-y-elcano\/#mainImage","width":512,"height":340},"primaryImageOfPage":{"@id":"https:\/\/www.eldigitaldeasturias.com\/noticias\/los-reyes-inauguran-la-exposicion-de-la-primera-vuelta-al-mundo-de-magallanes-y-elcano\/#mainImage"},"datePublished":"2019-09-12T19:08:39+02:00","dateModified":"2019-09-12T19:08:39+02:00"},{"@type":"WebSite","@id":"https:\/\/www.eldigitaldeasturias.com\/noticias\/#website","url":"https:\/\/www.eldigitaldeasturias.com\/noticias\/","name":"El Digital de Asturias - Diario de actualidad y noticias","alternateName":"El Digital de Asturias - Diario de actualidad y noticias","description":"Hemeroteca","inLanguage":"es-ES","publisher":{"@id":"https:\/\/www.eldigitaldeasturias.com\/noticias\/#organization"}}]},"og:locale":"es_ES","og:site_name":"El Digital de Asturias","og:type":"article","og:title":"Los Reyes inauguran la exposici\u00f3n de la primera vuelta al mundo de Magallanes y Elcano - El Digital de Asturias","og:description":"Los Reyes de Espa\u00f1a han inaugurado en el Archivo General de Indias la exposici\u00f3n 'El viaje m\u00e1s largo: la primera vuelta al mundo', organizada por Acci\u00f3n Cultural Espa\u00f1ola (AC\/E) y el Ministerio de Cultura y Deporte, con motivo del V Centenario de la primera circunnavegaci\u00f3n de Magallanes y Elcano. \u200bLa muestra, que cuenta con el","og:url":"https:\/\/www.eldigitaldeasturias.com\/noticias\/los-reyes-inauguran-la-exposicion-de-la-primera-vuelta-al-mundo-de-magallanes-y-elcano\/","og:image":"https:\/\/www.eldigitaldeasturias.com\/noticias\/wp-content\/uploads\/2019\/09\/120919-Exposicion.jpg","og:image:secure_url":"https:\/\/www.eldigitaldeasturias.com\/noticias\/wp-content\/uploads\/2019\/09\/120919-Exposicion.jpg","og:image:width":512,"og:image:height":340,"article:tag":["actualidad"],"article:published_time":"2019-09-12T19:08:39+00:00","article:modified_time":"2019-09-12T19:08:39+00:00","article:publisher":"https:\/\/facebook.com\/eldigitaldeasturias","twitter:card":"summary_large_image","twitter:title":"Los Reyes inauguran la exposici\u00f3n de la primera vuelta al mundo de Magallanes y Elcano - El Digital de Asturias","twitter:description":"Los Reyes de Espa\u00f1a han inaugurado en el Archivo General de Indias la exposici\u00f3n 'El viaje m\u00e1s largo: la primera vuelta al mundo', organizada por Acci\u00f3n Cultural Espa\u00f1ola (AC\/E) y el Ministerio de Cultura y Deporte, con motivo del V Centenario de la primera circunnavegaci\u00f3n de Magallanes y Elcano. \u200bLa muestra, que cuenta con el","twitter:image":"https:\/\/www.eldigitaldeasturias.com\/noticias\/wp-content\/uploads\/2019\/09\/120919-Exposicion.jpg","twitter:label1":"Escrito por","twitter:data1":"El Digital de Asturias","twitter:label2":"Tiempo de lectura estimado","twitter:data2":"3 minutos"},"aioseo_meta_data":{"post_id":"1040518","title":null,"description":null,"keywords":null,"keyphrases":null,"primary_term":null,"canonical_url":null,"og_title":null,"og_description":null,"og_object_type":"default","og_image_type":"default","og_image_url":null,"og_image_width":null,"og_image_height":null,"og_image_custom_url":null,"og_image_custom_fields":null,"og_video":null,"og_custom_url":null,"og_article_section":null,"og_article_tags":null,"twitter_use_og":false,"twitter_card":"default","twitter_image_type":"default","twitter_image_url":null,"twitter_image_custom_url":null,"twitter_image_custom_fields":null,"twitter_title":null,"twitter_description":null,"schema":{"blockGraphs":[],"customGraphs":[],"default":{"data":{"Article":[],"Course":[],"Dataset":[],"FAQPage":[],"Movie":[],"Person":[],"Product":[],"ProductReview":[],"Car":[],"Recipe":[],"Service":[],"SoftwareApplication":[],"WebPage":[]},"graphName":"","isEnabled":true},"graphs":[],"defaultGraph":"","defaultPostTypeGraph":""},"schema_type":null,"schema_type_options":null,"pillar_content":false,"robots_default":true,"robots_noindex":false,"robots_noarchive":false,"robots_nosnippet":false,"robots_nofollow":false,"robots_noimageindex":false,"robots_noodp":false,"robots_notranslate":false,"robots_max_snippet":null,"robots_max_videopreview":null,"robots_max_imagepreview":"large","priority":null,"frequency":null,"local_seo":null,"seo_analyzer_scan_date":"2025-10-23 09:29:13","breadcrumb_settings":null,"limit_modified_date":false,"open_ai":null,"ai":null,"created":"2020-12-21 11:03:52","updated":"2025-10-23 09:29:13"},"aioseo_breadcrumb":"<div class=\"aioseo-breadcrumbs\"><span class=\"aioseo-breadcrumb\">\n\t<a href=\"https:\/\/www.eldigitaldeasturias.com\/noticias\" title=\"Home\">Home<\/a>\n<\/span><span class=\"aioseo-breadcrumb-separator\">\u2013<\/span><span class=\"aioseo-breadcrumb\">\n\t<a href=\"https:\/\/www.eldigitaldeasturias.com\/noticias\/category\/actualidad\/\" title=\"Actualidad\">Actualidad<\/a>\n<\/span><span class=\"aioseo-breadcrumb-separator\">\u2013<\/span><span class=\"aioseo-breadcrumb\">\n\t<a href=\"https:\/\/www.eldigitaldeasturias.com\/noticias\/los-reyes-inauguran-la-exposicion-de-la-primera-vuelta-al-mundo-de-magallanes-y-elcano\/\" title=\"Los Reyes inauguran la exposici\u00f3n de la primera vuelta al mundo de Magallanes y Elcano\">Los Reyes inauguran la exposici\u00f3n de la primera vuelta al mundo de Magallanes y Elcano<\/a>\n<\/span><\/div>","aioseo_breadcrumb_json":[{"label":"Home","link":"https:\/\/www.eldigitaldeasturias.com\/noticias"},{"label":"Actualidad","link":"https:\/\/www.eldigitaldeasturias.com\/noticias\/category\/actualidad\/"},{"label":"Los Reyes inauguran la exposici\u00f3n de la primera vuelta al mundo de Magallanes y Elcano","link":"https:\/\/www.eldigitaldeasturias.com\/noticias\/los-reyes-inauguran-la-exposicion-de-la-primera-vuelta-al-mundo-de-magallanes-y-elcano\/"}],"_links":{"self":[{"href":"https:\/\/www.eldigitaldeasturias.com\/noticias\/wp-json\/wp\/v2\/posts\/1040518","targetHints":{"allow":["GET"]}}],"collection":[{"href":"https:\/\/www.eldigitaldeasturias.com\/noticias\/wp-json\/wp\/v2\/posts"}],"about":[{"href":"https:\/\/www.eldigitaldeasturias.com\/noticias\/wp-json\/wp\/v2\/types\/post"}],"author":[{"embeddable":true,"href":"https:\/\/www.eldigitaldeasturias.com\/noticias\/wp-json\/wp\/v2\/users\/1"}],"replies":[{"embeddable":true,"href":"https:\/\/www.eldigitaldeasturias.com\/noticias\/wp-json\/wp\/v2\/comments?post=1040518"}],"version-history":[{"count":0,"href":"https:\/\/www.eldigitaldeasturias.com\/noticias\/wp-json\/wp\/v2\/posts\/1040518\/revisions"}],"wp:featuredmedia":[{"embeddable":true,"href":"https:\/\/www.eldigitaldeasturias.com\/noticias\/wp-json\/wp\/v2\/media\/1040519"}],"wp:attachment":[{"href":"https:\/\/www.eldigitaldeasturias.com\/noticias\/wp-json\/wp\/v2\/media?parent=1040518"}],"wp:term":[{"taxonomy":"category","embeddable":true,"href":"https:\/\/www.eldigitaldeasturias.com\/noticias\/wp-json\/wp\/v2\/categories?post=1040518"},{"taxonomy":"post_tag","embeddable":true,"href":"https:\/\/www.eldigitaldeasturias.com\/noticias\/wp-json\/wp\/v2\/tags?post=1040518"}],"curies":[{"name":"wp","href":"https:\/\/api.w.org\/{rel}","templated":true}]}}