{"id":1040235,"date":"2019-09-11T09:23:58","date_gmt":"2019-09-11T09:23:58","guid":{"rendered":"https:\/\/www.eldigitaldeasturias.com\/noticias\/?p=1040235"},"modified":"2019-09-11T09:23:58","modified_gmt":"2019-09-11T09:23:58","slug":"amazon-cierra-alianzas-y-fire-tv-llega-al-televisor","status":"publish","type":"post","link":"https:\/\/www.eldigitaldeasturias.com\/noticias\/amazon-cierra-alianzas-y-fire-tv-llega-al-televisor\/","title":{"rendered":"Amazon cierra alianzas y Fire TV llega al televisor"},"content":{"rendered":"<p><img loading=\"lazy\" decoding=\"async\" class=\"alignleft size-medium wp-image-1040236\" src=\"https:\/\/www.eldigitaldeasturias.com\/noticias\/wp-content\/uploads\/2019\/09\/shop-1908580_960_720-360x160.jpg\" alt=\"\" width=\"360\" height=\"160\" srcset=\"https:\/\/www.eldigitaldeasturias.com\/noticias\/wp-content\/uploads\/2019\/09\/shop-1908580_960_720-360x160.jpg 360w, https:\/\/www.eldigitaldeasturias.com\/noticias\/wp-content\/uploads\/2019\/09\/shop-1908580_960_720-768x342.jpg 768w, https:\/\/www.eldigitaldeasturias.com\/noticias\/wp-content\/uploads\/2019\/09\/shop-1908580_960_720-650x289.jpg 650w, https:\/\/www.eldigitaldeasturias.com\/noticias\/wp-content\/uploads\/2019\/09\/shop-1908580_960_720.jpg 960w\" sizes=\"auto, (max-width: 360px) 100vw, 360px\" \/>(dpa) &#8211; Amazon lleva su Fire TV a los televisores de Grundig y ok., una marca de la cadena MediamarktSaturn, seg\u00fan dio a conocer el jefe de Fire TV Marc Whitten en el marco de la feria de electr\u00f3nica IFA, que permaneci\u00f3 abierta al p\u00fablico hasta el 11 de septiembre en Berl\u00edn.<\/p>\n<p>Los aparatos de Fire TV Edition ya cuentan con la oferta de streaming del gigante online preinstalada y pueden ser manejados a trav\u00e9s de la asistente virtual Alexa.<\/p>\n<p>Grundig ofrecer\u00e1 toda una serie de dispositivos, desde el modelo b\u00e1sico hasta el dispositivo 4K con pantalla OLED, Dolby Vision y control de voz completo a trav\u00e9s de micr\u00f3fonos de campo lejano y Alexa.<\/p>\n<p>La versi\u00f3n superior de la asociaci\u00f3n entre Amazon y Grundig cuesta alrededor de 1.300 euros (unos 1.440 d\u00f3lares). El dispositivo ok. fue anunciado para principios de 2020.<\/p>\n<p>Asimismo hay novedades en la p\u00e1gina de programaci\u00f3n: Discovery y Eurosport Player ser\u00e1n parte de la oferta de Fire TV. De esta manera, los usuarios tambi\u00e9n podr\u00e1n ver los Juegos Ol\u00edmpicos de Tokio 2020 a trav\u00e9s de sus Fire TV sticks o Fire TV boxes.<\/p>\n","protected":false},"excerpt":{"rendered":"<p>(dpa) &#8211; Amazon lleva su Fire TV a los televisores de Grundig y ok., una marca de la cadena MediamarktSaturn, seg\u00fan dio a conocer el jefe de Fire TV Marc Whitten en el marco de la feria de electr\u00f3nica IFA, que permaneci\u00f3 abierta al p\u00fablico hasta el 11 de septiembre en Berl\u00edn. Los aparatos de [&hellip;]<\/p>\n","protected":false},"author":1,"featured_media":1040236,"comment_status":"closed","ping_status":"closed","sticky":false,"template":"","format":"standard","meta":{"footnotes":""},"categories":[219],"tags":[],"class_list":["post-1040235","post","type-post","status-publish","format-standard","has-post-thumbnail","hentry","category-negocios-y-empresas"],"aioseo_notices":[],"aioseo_head":"\n\t\t<!-- All in One SEO Pro 4.9.6.2 - aioseo.com -->\n\t<meta name=\"description\" content=\"(dpa) - Amazon lleva su Fire TV a los televisores de Grundig y ok., una marca de la cadena MediamarktSaturn, seg\u00fan dio a conocer el jefe de Fire TV Marc Whitten en el marco de la feria de electr\u00f3nica IFA, que permaneci\u00f3 abierta al p\u00fablico hasta el 11 de septiembre en Berl\u00edn. Los aparatos de\" \/>\n\t<meta name=\"robots\" content=\"max-image-preview:large\" \/>\n\t<meta name=\"author\" content=\"El Digital de Asturias\"\/>\n\t<meta name=\"google-site-verification\" content=\"UA-38556648-1\" \/>\n\t<meta name=\"msvalidate.01\" content=\"7dfe9f3f1b24437ab69f4f2559babe99\" \/>\n\t<meta name=\"keywords\" content=\"negocios y empresas\" \/>\n\t<link rel=\"canonical\" href=\"https:\/\/www.eldigitaldeasturias.com\/noticias\/amazon-cierra-alianzas-y-fire-tv-llega-al-televisor\/\" \/>\n\t<meta name=\"generator\" content=\"All in One SEO Pro (AIOSEO) 4.9.6.2\" \/>\n\t\t<meta property=\"og:locale\" content=\"es_ES\" \/>\n\t\t<meta property=\"og:site_name\" content=\"El Digital de Asturias\" \/>\n\t\t<meta property=\"og:type\" content=\"article\" \/>\n\t\t<meta property=\"og:title\" content=\"Amazon cierra alianzas y Fire TV llega al televisor - El Digital de Asturias\" \/>\n\t\t<meta property=\"og:description\" content=\"(dpa) - Amazon lleva su Fire TV a los televisores de Grundig y ok., una marca de la cadena MediamarktSaturn, seg\u00fan dio a conocer el jefe de Fire TV Marc Whitten en el marco de la feria de electr\u00f3nica IFA, que permaneci\u00f3 abierta al p\u00fablico hasta el 11 de septiembre en Berl\u00edn. Los aparatos de\" \/>\n\t\t<meta property=\"og:url\" content=\"https:\/\/www.eldigitaldeasturias.com\/noticias\/amazon-cierra-alianzas-y-fire-tv-llega-al-televisor\/\" \/>\n\t\t<meta property=\"og:image\" content=\"https:\/\/www.eldigitaldeasturias.com\/noticias\/wp-content\/uploads\/2019\/09\/shop-1908580_960_720.jpg\" \/>\n\t\t<meta property=\"og:image:secure_url\" content=\"https:\/\/www.eldigitaldeasturias.com\/noticias\/wp-content\/uploads\/2019\/09\/shop-1908580_960_720.jpg\" \/>\n\t\t<meta property=\"og:image:width\" content=\"960\" \/>\n\t\t<meta property=\"og:image:height\" content=\"427\" \/>\n\t\t<meta property=\"article:tag\" content=\"negocios y empresas\" \/>\n\t\t<meta property=\"article:published_time\" content=\"2019-09-11T09:23:58+00:00\" \/>\n\t\t<meta property=\"article:modified_time\" content=\"2019-09-11T09:23:58+00:00\" \/>\n\t\t<meta property=\"article:publisher\" content=\"https:\/\/facebook.com\/eldigitaldeasturias\" \/>\n\t\t<meta name=\"twitter:card\" content=\"summary_large_image\" \/>\n\t\t<meta name=\"twitter:title\" content=\"Amazon cierra alianzas y Fire TV llega al televisor - El Digital de Asturias\" \/>\n\t\t<meta name=\"twitter:description\" content=\"(dpa) - Amazon lleva su Fire TV a los televisores de Grundig y ok., una marca de la cadena MediamarktSaturn, seg\u00fan dio a conocer el jefe de Fire TV Marc Whitten en el marco de la feria de electr\u00f3nica IFA, que permaneci\u00f3 abierta al p\u00fablico hasta el 11 de septiembre en Berl\u00edn. Los aparatos de\" \/>\n\t\t<meta name=\"twitter:image\" content=\"https:\/\/www.eldigitaldeasturias.com\/noticias\/wp-content\/uploads\/2019\/09\/shop-1908580_960_720.jpg\" \/>\n\t\t<meta name=\"twitter:label1\" content=\"Escrito por\" \/>\n\t\t<meta name=\"twitter:data1\" content=\"El Digital de Asturias\" \/>\n\t\t<meta name=\"twitter:label2\" content=\"Tiempo de lectura estimado\" \/>\n\t\t<meta name=\"twitter:data2\" content=\"1 minuto\" \/>\n\t\t<script type=\"application\/ld+json\" class=\"aioseo-schema\">\n\t\t\t{\"@context\":\"https:\\\/\\\/schema.org\",\"@graph\":[{\"@type\":\"BlogPosting\",\"@id\":\"https:\\\/\\\/www.eldigitaldeasturias.com\\\/noticias\\\/amazon-cierra-alianzas-y-fire-tv-llega-al-televisor\\\/#blogposting\",\"name\":\"Amazon cierra alianzas y Fire TV llega al televisor - El Digital de Asturias\",\"headline\":\"Amazon cierra alianzas y Fire TV llega al televisor\",\"author\":{\"@id\":\"https:\\\/\\\/www.eldigitaldeasturias.com\\\/noticias\\\/author\\\/admin\\\/#author\"},\"publisher\":{\"@id\":\"https:\\\/\\\/www.eldigitaldeasturias.com\\\/noticias\\\/#organization\"},\"image\":{\"@type\":\"ImageObject\",\"url\":\"https:\\\/\\\/www.eldigitaldeasturias.com\\\/noticias\\\/wp-content\\\/uploads\\\/2019\\\/09\\\/shop-1908580_960_720.jpg\",\"width\":960,\"height\":427},\"datePublished\":\"2019-09-11T09:23:58+02:00\",\"dateModified\":\"2019-09-11T09:23:58+02:00\",\"inLanguage\":\"es-ES\",\"mainEntityOfPage\":{\"@id\":\"https:\\\/\\\/www.eldigitaldeasturias.com\\\/noticias\\\/amazon-cierra-alianzas-y-fire-tv-llega-al-televisor\\\/#webpage\"},\"isPartOf\":{\"@id\":\"https:\\\/\\\/www.eldigitaldeasturias.com\\\/noticias\\\/amazon-cierra-alianzas-y-fire-tv-llega-al-televisor\\\/#webpage\"},\"articleSection\":\"Negocios y Empresas\"},{\"@type\":\"BreadcrumbList\",\"@id\":\"https:\\\/\\\/www.eldigitaldeasturias.com\\\/noticias\\\/amazon-cierra-alianzas-y-fire-tv-llega-al-televisor\\\/#breadcrumblist\",\"itemListElement\":[{\"@type\":\"ListItem\",\"@id\":\"https:\\\/\\\/www.eldigitaldeasturias.com\\\/noticias#listItem\",\"position\":1,\"name\":\"Home\",\"item\":\"https:\\\/\\\/www.eldigitaldeasturias.com\\\/noticias\",\"nextItem\":{\"@type\":\"ListItem\",\"@id\":\"https:\\\/\\\/www.eldigitaldeasturias.com\\\/noticias\\\/category\\\/negocios-y-empresas\\\/#listItem\",\"name\":\"Negocios y Empresas\"}},{\"@type\":\"ListItem\",\"@id\":\"https:\\\/\\\/www.eldigitaldeasturias.com\\\/noticias\\\/category\\\/negocios-y-empresas\\\/#listItem\",\"position\":2,\"name\":\"Negocios y Empresas\",\"item\":\"https:\\\/\\\/www.eldigitaldeasturias.com\\\/noticias\\\/category\\\/negocios-y-empresas\\\/\",\"nextItem\":{\"@type\":\"ListItem\",\"@id\":\"https:\\\/\\\/www.eldigitaldeasturias.com\\\/noticias\\\/amazon-cierra-alianzas-y-fire-tv-llega-al-televisor\\\/#listItem\",\"name\":\"Amazon cierra alianzas y Fire TV llega al televisor\"},\"previousItem\":{\"@type\":\"ListItem\",\"@id\":\"https:\\\/\\\/www.eldigitaldeasturias.com\\\/noticias#listItem\",\"name\":\"Home\"}},{\"@type\":\"ListItem\",\"@id\":\"https:\\\/\\\/www.eldigitaldeasturias.com\\\/noticias\\\/amazon-cierra-alianzas-y-fire-tv-llega-al-televisor\\\/#listItem\",\"position\":3,\"name\":\"Amazon cierra alianzas y Fire TV llega al televisor\",\"previousItem\":{\"@type\":\"ListItem\",\"@id\":\"https:\\\/\\\/www.eldigitaldeasturias.com\\\/noticias\\\/category\\\/negocios-y-empresas\\\/#listItem\",\"name\":\"Negocios y Empresas\"}}]},{\"@type\":\"Organization\",\"@id\":\"https:\\\/\\\/www.eldigitaldeasturias.com\\\/noticias\\\/#organization\",\"name\":\"El Digital de Asturias\",\"description\":\"Hemeroteca\",\"url\":\"https:\\\/\\\/www.eldigitaldeasturias.com\\\/noticias\\\/\",\"email\":\"info@eldigitaldeasturias.com\",\"telephone\":\"+34652131393\",\"logo\":{\"@type\":\"ImageObject\",\"url\":\"https:\\\/\\\/www.eldigitaldeasturias.com\\\/noticias\\\/wp-content\\\/uploads\\\/2020\\\/12\\\/EDA.jpg\",\"@id\":\"https:\\\/\\\/www.eldigitaldeasturias.com\\\/noticias\\\/amazon-cierra-alianzas-y-fire-tv-llega-al-televisor\\\/#organizationLogo\",\"width\":649,\"height\":297},\"image\":{\"@id\":\"https:\\\/\\\/www.eldigitaldeasturias.com\\\/noticias\\\/amazon-cierra-alianzas-y-fire-tv-llega-al-televisor\\\/#organizationLogo\"},\"sameAs\":[\"https:\\\/\\\/facebook.com\\\/eldigitaldeasturias\",\"https:\\\/\\\/www.youtube.com\\\/channel\\\/UCZP-2wLEB9Rv6erhFmqVnvg\"],\"address\":{\"@id\":\"https:\\\/\\\/www.eldigitaldeasturias.com\\\/noticias\\\/#postaladdress\",\"@type\":\"PostalAddress\",\"streetAddress\":\"san antonio 4,\",\"postalCode\":\"33430\",\"addressLocality\":\"Cand\\u00e1s\",\"addressRegion\":\"Asturias\",\"addressCountry\":\"ES\"}},{\"@type\":\"Person\",\"@id\":\"https:\\\/\\\/www.eldigitaldeasturias.com\\\/noticias\\\/author\\\/admin\\\/#author\",\"url\":\"https:\\\/\\\/www.eldigitaldeasturias.com\\\/noticias\\\/author\\\/admin\\\/\",\"name\":\"El Digital de Asturias\",\"image\":{\"@type\":\"ImageObject\",\"@id\":\"https:\\\/\\\/www.eldigitaldeasturias.com\\\/noticias\\\/amazon-cierra-alianzas-y-fire-tv-llega-al-televisor\\\/#authorImage\",\"url\":\"https:\\\/\\\/www.eldigitaldeasturias.com\\\/noticias\\\/wp-content\\\/litespeed\\\/avatar\\\/18677e78aa0546b92d9dbf31ec7d7668.jpg?ver=1777290358\",\"width\":96,\"height\":96,\"caption\":\"El Digital de Asturias\"}},{\"@type\":\"WebPage\",\"@id\":\"https:\\\/\\\/www.eldigitaldeasturias.com\\\/noticias\\\/amazon-cierra-alianzas-y-fire-tv-llega-al-televisor\\\/#webpage\",\"url\":\"https:\\\/\\\/www.eldigitaldeasturias.com\\\/noticias\\\/amazon-cierra-alianzas-y-fire-tv-llega-al-televisor\\\/\",\"name\":\"Amazon cierra alianzas y Fire TV llega al televisor - El Digital de Asturias\",\"description\":\"(dpa) - Amazon lleva su Fire TV a los televisores de Grundig y ok., una marca de la cadena MediamarktSaturn, seg\\u00fan dio a conocer el jefe de Fire TV Marc Whitten en el marco de la feria de electr\\u00f3nica IFA, que permaneci\\u00f3 abierta al p\\u00fablico hasta el 11 de septiembre en Berl\\u00edn. Los aparatos de\",\"inLanguage\":\"es-ES\",\"isPartOf\":{\"@id\":\"https:\\\/\\\/www.eldigitaldeasturias.com\\\/noticias\\\/#website\"},\"breadcrumb\":{\"@id\":\"https:\\\/\\\/www.eldigitaldeasturias.com\\\/noticias\\\/amazon-cierra-alianzas-y-fire-tv-llega-al-televisor\\\/#breadcrumblist\"},\"author\":{\"@id\":\"https:\\\/\\\/www.eldigitaldeasturias.com\\\/noticias\\\/author\\\/admin\\\/#author\"},\"creator\":{\"@id\":\"https:\\\/\\\/www.eldigitaldeasturias.com\\\/noticias\\\/author\\\/admin\\\/#author\"},\"image\":{\"@type\":\"ImageObject\",\"url\":\"https:\\\/\\\/www.eldigitaldeasturias.com\\\/noticias\\\/wp-content\\\/uploads\\\/2019\\\/09\\\/shop-1908580_960_720.jpg\",\"@id\":\"https:\\\/\\\/www.eldigitaldeasturias.com\\\/noticias\\\/amazon-cierra-alianzas-y-fire-tv-llega-al-televisor\\\/#mainImage\",\"width\":960,\"height\":427},\"primaryImageOfPage\":{\"@id\":\"https:\\\/\\\/www.eldigitaldeasturias.com\\\/noticias\\\/amazon-cierra-alianzas-y-fire-tv-llega-al-televisor\\\/#mainImage\"},\"datePublished\":\"2019-09-11T09:23:58+02:00\",\"dateModified\":\"2019-09-11T09:23:58+02:00\"},{\"@type\":\"WebSite\",\"@id\":\"https:\\\/\\\/www.eldigitaldeasturias.com\\\/noticias\\\/#website\",\"url\":\"https:\\\/\\\/www.eldigitaldeasturias.com\\\/noticias\\\/\",\"name\":\"El Digital de Asturias - Diario de actualidad y noticias\",\"alternateName\":\"El Digital de Asturias - Diario de actualidad y noticias\",\"description\":\"Hemeroteca\",\"inLanguage\":\"es-ES\",\"publisher\":{\"@id\":\"https:\\\/\\\/www.eldigitaldeasturias.com\\\/noticias\\\/#organization\"}}]}\n\t\t<\/script>\n\t\t<!-- All in One SEO Pro -->\r\n\t\t<title>Amazon cierra alianzas y Fire TV llega al televisor - El Digital de Asturias<\/title>\n\n","aioseo_head_json":{"title":"Amazon cierra alianzas y Fire TV llega al televisor - El Digital de Asturias","description":"(dpa) - Amazon lleva su Fire TV a los televisores de Grundig y ok., una marca de la cadena MediamarktSaturn, seg\u00fan dio a conocer el jefe de Fire TV Marc Whitten en el marco de la feria de electr\u00f3nica IFA, que permaneci\u00f3 abierta al p\u00fablico hasta el 11 de septiembre en Berl\u00edn. Los aparatos de","canonical_url":"https:\/\/www.eldigitaldeasturias.com\/noticias\/amazon-cierra-alianzas-y-fire-tv-llega-al-televisor\/","robots":"max-image-preview:large","keywords":"negocios y empresas","webmasterTools":{"google-site-verification":"UA-38556648-1","msvalidate.01":"7dfe9f3f1b24437ab69f4f2559babe99","miscellaneous":""},"schema":{"@context":"https:\/\/schema.org","@graph":[{"@type":"BlogPosting","@id":"https:\/\/www.eldigitaldeasturias.com\/noticias\/amazon-cierra-alianzas-y-fire-tv-llega-al-televisor\/#blogposting","name":"Amazon cierra alianzas y Fire TV llega al televisor - El Digital de Asturias","headline":"Amazon cierra alianzas y Fire TV llega al televisor","author":{"@id":"https:\/\/www.eldigitaldeasturias.com\/noticias\/author\/admin\/#author"},"publisher":{"@id":"https:\/\/www.eldigitaldeasturias.com\/noticias\/#organization"},"image":{"@type":"ImageObject","url":"https:\/\/www.eldigitaldeasturias.com\/noticias\/wp-content\/uploads\/2019\/09\/shop-1908580_960_720.jpg","width":960,"height":427},"datePublished":"2019-09-11T09:23:58+02:00","dateModified":"2019-09-11T09:23:58+02:00","inLanguage":"es-ES","mainEntityOfPage":{"@id":"https:\/\/www.eldigitaldeasturias.com\/noticias\/amazon-cierra-alianzas-y-fire-tv-llega-al-televisor\/#webpage"},"isPartOf":{"@id":"https:\/\/www.eldigitaldeasturias.com\/noticias\/amazon-cierra-alianzas-y-fire-tv-llega-al-televisor\/#webpage"},"articleSection":"Negocios y Empresas"},{"@type":"BreadcrumbList","@id":"https:\/\/www.eldigitaldeasturias.com\/noticias\/amazon-cierra-alianzas-y-fire-tv-llega-al-televisor\/#breadcrumblist","itemListElement":[{"@type":"ListItem","@id":"https:\/\/www.eldigitaldeasturias.com\/noticias#listItem","position":1,"name":"Home","item":"https:\/\/www.eldigitaldeasturias.com\/noticias","nextItem":{"@type":"ListItem","@id":"https:\/\/www.eldigitaldeasturias.com\/noticias\/category\/negocios-y-empresas\/#listItem","name":"Negocios y Empresas"}},{"@type":"ListItem","@id":"https:\/\/www.eldigitaldeasturias.com\/noticias\/category\/negocios-y-empresas\/#listItem","position":2,"name":"Negocios y Empresas","item":"https:\/\/www.eldigitaldeasturias.com\/noticias\/category\/negocios-y-empresas\/","nextItem":{"@type":"ListItem","@id":"https:\/\/www.eldigitaldeasturias.com\/noticias\/amazon-cierra-alianzas-y-fire-tv-llega-al-televisor\/#listItem","name":"Amazon cierra alianzas y Fire TV llega al televisor"},"previousItem":{"@type":"ListItem","@id":"https:\/\/www.eldigitaldeasturias.com\/noticias#listItem","name":"Home"}},{"@type":"ListItem","@id":"https:\/\/www.eldigitaldeasturias.com\/noticias\/amazon-cierra-alianzas-y-fire-tv-llega-al-televisor\/#listItem","position":3,"name":"Amazon cierra alianzas y Fire TV llega al televisor","previousItem":{"@type":"ListItem","@id":"https:\/\/www.eldigitaldeasturias.com\/noticias\/category\/negocios-y-empresas\/#listItem","name":"Negocios y Empresas"}}]},{"@type":"Organization","@id":"https:\/\/www.eldigitaldeasturias.com\/noticias\/#organization","name":"El Digital de Asturias","description":"Hemeroteca","url":"https:\/\/www.eldigitaldeasturias.com\/noticias\/","email":"info@eldigitaldeasturias.com","telephone":"+34652131393","logo":{"@type":"ImageObject","url":"https:\/\/www.eldigitaldeasturias.com\/noticias\/wp-content\/uploads\/2020\/12\/EDA.jpg","@id":"https:\/\/www.eldigitaldeasturias.com\/noticias\/amazon-cierra-alianzas-y-fire-tv-llega-al-televisor\/#organizationLogo","width":649,"height":297},"image":{"@id":"https:\/\/www.eldigitaldeasturias.com\/noticias\/amazon-cierra-alianzas-y-fire-tv-llega-al-televisor\/#organizationLogo"},"sameAs":["https:\/\/facebook.com\/eldigitaldeasturias","https:\/\/www.youtube.com\/channel\/UCZP-2wLEB9Rv6erhFmqVnvg"],"address":{"@id":"https:\/\/www.eldigitaldeasturias.com\/noticias\/#postaladdress","@type":"PostalAddress","streetAddress":"san antonio 4,","postalCode":"33430","addressLocality":"Cand\u00e1s","addressRegion":"Asturias","addressCountry":"ES"}},{"@type":"Person","@id":"https:\/\/www.eldigitaldeasturias.com\/noticias\/author\/admin\/#author","url":"https:\/\/www.eldigitaldeasturias.com\/noticias\/author\/admin\/","name":"El Digital de Asturias","image":{"@type":"ImageObject","@id":"https:\/\/www.eldigitaldeasturias.com\/noticias\/amazon-cierra-alianzas-y-fire-tv-llega-al-televisor\/#authorImage","url":"https:\/\/www.eldigitaldeasturias.com\/noticias\/wp-content\/litespeed\/avatar\/18677e78aa0546b92d9dbf31ec7d7668.jpg?ver=1777290358","width":96,"height":96,"caption":"El Digital de Asturias"}},{"@type":"WebPage","@id":"https:\/\/www.eldigitaldeasturias.com\/noticias\/amazon-cierra-alianzas-y-fire-tv-llega-al-televisor\/#webpage","url":"https:\/\/www.eldigitaldeasturias.com\/noticias\/amazon-cierra-alianzas-y-fire-tv-llega-al-televisor\/","name":"Amazon cierra alianzas y Fire TV llega al televisor - El Digital de Asturias","description":"(dpa) - Amazon lleva su Fire TV a los televisores de Grundig y ok., una marca de la cadena MediamarktSaturn, seg\u00fan dio a conocer el jefe de Fire TV Marc Whitten en el marco de la feria de electr\u00f3nica IFA, que permaneci\u00f3 abierta al p\u00fablico hasta el 11 de septiembre en Berl\u00edn. Los aparatos de","inLanguage":"es-ES","isPartOf":{"@id":"https:\/\/www.eldigitaldeasturias.com\/noticias\/#website"},"breadcrumb":{"@id":"https:\/\/www.eldigitaldeasturias.com\/noticias\/amazon-cierra-alianzas-y-fire-tv-llega-al-televisor\/#breadcrumblist"},"author":{"@id":"https:\/\/www.eldigitaldeasturias.com\/noticias\/author\/admin\/#author"},"creator":{"@id":"https:\/\/www.eldigitaldeasturias.com\/noticias\/author\/admin\/#author"},"image":{"@type":"ImageObject","url":"https:\/\/www.eldigitaldeasturias.com\/noticias\/wp-content\/uploads\/2019\/09\/shop-1908580_960_720.jpg","@id":"https:\/\/www.eldigitaldeasturias.com\/noticias\/amazon-cierra-alianzas-y-fire-tv-llega-al-televisor\/#mainImage","width":960,"height":427},"primaryImageOfPage":{"@id":"https:\/\/www.eldigitaldeasturias.com\/noticias\/amazon-cierra-alianzas-y-fire-tv-llega-al-televisor\/#mainImage"},"datePublished":"2019-09-11T09:23:58+02:00","dateModified":"2019-09-11T09:23:58+02:00"},{"@type":"WebSite","@id":"https:\/\/www.eldigitaldeasturias.com\/noticias\/#website","url":"https:\/\/www.eldigitaldeasturias.com\/noticias\/","name":"El Digital de Asturias - Diario de actualidad y noticias","alternateName":"El Digital de Asturias - Diario de actualidad y noticias","description":"Hemeroteca","inLanguage":"es-ES","publisher":{"@id":"https:\/\/www.eldigitaldeasturias.com\/noticias\/#organization"}}]},"og:locale":"es_ES","og:site_name":"El Digital de Asturias","og:type":"article","og:title":"Amazon cierra alianzas y Fire TV llega al televisor - El Digital de Asturias","og:description":"(dpa) - Amazon lleva su Fire TV a los televisores de Grundig y ok., una marca de la cadena MediamarktSaturn, seg\u00fan dio a conocer el jefe de Fire TV Marc Whitten en el marco de la feria de electr\u00f3nica IFA, que permaneci\u00f3 abierta al p\u00fablico hasta el 11 de septiembre en Berl\u00edn. Los aparatos de","og:url":"https:\/\/www.eldigitaldeasturias.com\/noticias\/amazon-cierra-alianzas-y-fire-tv-llega-al-televisor\/","og:image":"https:\/\/www.eldigitaldeasturias.com\/noticias\/wp-content\/uploads\/2019\/09\/shop-1908580_960_720.jpg","og:image:secure_url":"https:\/\/www.eldigitaldeasturias.com\/noticias\/wp-content\/uploads\/2019\/09\/shop-1908580_960_720.jpg","og:image:width":960,"og:image:height":427,"article:tag":["negocios y empresas"],"article:published_time":"2019-09-11T09:23:58+00:00","article:modified_time":"2019-09-11T09:23:58+00:00","article:publisher":"https:\/\/facebook.com\/eldigitaldeasturias","twitter:card":"summary_large_image","twitter:title":"Amazon cierra alianzas y Fire TV llega al televisor - El Digital de Asturias","twitter:description":"(dpa) - Amazon lleva su Fire TV a los televisores de Grundig y ok., una marca de la cadena MediamarktSaturn, seg\u00fan dio a conocer el jefe de Fire TV Marc Whitten en el marco de la feria de electr\u00f3nica IFA, que permaneci\u00f3 abierta al p\u00fablico hasta el 11 de septiembre en Berl\u00edn. Los aparatos de","twitter:image":"https:\/\/www.eldigitaldeasturias.com\/noticias\/wp-content\/uploads\/2019\/09\/shop-1908580_960_720.jpg","twitter:label1":"Escrito por","twitter:data1":"El Digital de Asturias","twitter:label2":"Tiempo de lectura estimado","twitter:data2":"1 minuto"},"aioseo_meta_data":{"post_id":"1040235","title":null,"description":null,"keywords":null,"keyphrases":null,"primary_term":null,"canonical_url":null,"og_title":null,"og_description":null,"og_object_type":"default","og_image_type":"default","og_image_url":null,"og_image_width":null,"og_image_height":null,"og_image_custom_url":null,"og_image_custom_fields":null,"og_video":null,"og_custom_url":null,"og_article_section":null,"og_article_tags":null,"twitter_use_og":false,"twitter_card":"default","twitter_image_type":"default","twitter_image_url":null,"twitter_image_custom_url":null,"twitter_image_custom_fields":null,"twitter_title":null,"twitter_description":null,"schema":{"blockGraphs":[],"customGraphs":[],"default":{"data":{"Article":[],"Course":[],"Dataset":[],"FAQPage":[],"Movie":[],"Person":[],"Product":[],"ProductReview":[],"Car":[],"Recipe":[],"Service":[],"SoftwareApplication":[],"WebPage":[]},"graphName":"","isEnabled":true},"graphs":[],"defaultGraph":"","defaultPostTypeGraph":""},"schema_type":null,"schema_type_options":null,"pillar_content":false,"robots_default":true,"robots_noindex":false,"robots_noarchive":false,"robots_nosnippet":false,"robots_nofollow":false,"robots_noimageindex":false,"robots_noodp":false,"robots_notranslate":false,"robots_max_snippet":null,"robots_max_videopreview":null,"robots_max_imagepreview":"large","priority":null,"frequency":null,"local_seo":null,"seo_analyzer_scan_date":"2025-10-23 08:26:12","breadcrumb_settings":null,"limit_modified_date":false,"open_ai":null,"ai":null,"created":"2020-12-21 11:04:15","updated":"2025-10-23 08:26:12"},"aioseo_breadcrumb":"<div class=\"aioseo-breadcrumbs\"><span class=\"aioseo-breadcrumb\">\n\t<a href=\"https:\/\/www.eldigitaldeasturias.com\/noticias\" title=\"Home\">Home<\/a>\n<\/span><span class=\"aioseo-breadcrumb-separator\">\u2013<\/span><span class=\"aioseo-breadcrumb\">\n\t<a href=\"https:\/\/www.eldigitaldeasturias.com\/noticias\/category\/negocios-y-empresas\/\" title=\"Negocios y Empresas\">Negocios y Empresas<\/a>\n<\/span><span class=\"aioseo-breadcrumb-separator\">\u2013<\/span><span class=\"aioseo-breadcrumb\">\n\t<a href=\"https:\/\/www.eldigitaldeasturias.com\/noticias\/amazon-cierra-alianzas-y-fire-tv-llega-al-televisor\/\" title=\"Amazon cierra alianzas y Fire TV llega al televisor\">Amazon cierra alianzas y Fire TV llega al televisor<\/a>\n<\/span><\/div>","aioseo_breadcrumb_json":[{"label":"Home","link":"https:\/\/www.eldigitaldeasturias.com\/noticias"},{"label":"Negocios y Empresas","link":"https:\/\/www.eldigitaldeasturias.com\/noticias\/category\/negocios-y-empresas\/"},{"label":"Amazon cierra alianzas y Fire TV llega al televisor","link":"https:\/\/www.eldigitaldeasturias.com\/noticias\/amazon-cierra-alianzas-y-fire-tv-llega-al-televisor\/"}],"_links":{"self":[{"href":"https:\/\/www.eldigitaldeasturias.com\/noticias\/wp-json\/wp\/v2\/posts\/1040235","targetHints":{"allow":["GET"]}}],"collection":[{"href":"https:\/\/www.eldigitaldeasturias.com\/noticias\/wp-json\/wp\/v2\/posts"}],"about":[{"href":"https:\/\/www.eldigitaldeasturias.com\/noticias\/wp-json\/wp\/v2\/types\/post"}],"author":[{"embeddable":true,"href":"https:\/\/www.eldigitaldeasturias.com\/noticias\/wp-json\/wp\/v2\/users\/1"}],"replies":[{"embeddable":true,"href":"https:\/\/www.eldigitaldeasturias.com\/noticias\/wp-json\/wp\/v2\/comments?post=1040235"}],"version-history":[{"count":0,"href":"https:\/\/www.eldigitaldeasturias.com\/noticias\/wp-json\/wp\/v2\/posts\/1040235\/revisions"}],"wp:featuredmedia":[{"embeddable":true,"href":"https:\/\/www.eldigitaldeasturias.com\/noticias\/wp-json\/wp\/v2\/media\/1040236"}],"wp:attachment":[{"href":"https:\/\/www.eldigitaldeasturias.com\/noticias\/wp-json\/wp\/v2\/media?parent=1040235"}],"wp:term":[{"taxonomy":"category","embeddable":true,"href":"https:\/\/www.eldigitaldeasturias.com\/noticias\/wp-json\/wp\/v2\/categories?post=1040235"},{"taxonomy":"post_tag","embeddable":true,"href":"https:\/\/www.eldigitaldeasturias.com\/noticias\/wp-json\/wp\/v2\/tags?post=1040235"}],"curies":[{"name":"wp","href":"https:\/\/api.w.org\/{rel}","templated":true}]}}