{"id":1040231,"date":"2019-09-11T08:59:27","date_gmt":"2019-09-11T08:59:27","guid":{"rendered":"https:\/\/www.eldigitaldeasturias.com\/noticias\/?p=1040231"},"modified":"2019-09-11T08:59:27","modified_gmt":"2019-09-11T08:59:27","slug":"propuestas-para-viajeros-coles-luces-el-sueno-y-el-arte-como-protagonistas","status":"publish","type":"post","link":"https:\/\/www.eldigitaldeasturias.com\/noticias\/propuestas-para-viajeros-coles-luces-el-sueno-y-el-arte-como-protagonistas\/","title":{"rendered":"Propuestas para viajeros: Coles, luces, el sue\u00f1o y el arte como protagonistas"},"content":{"rendered":"<p>(dpa) &#8211; A caballo entre el final del verano y el principio del oto\u00f1o (boreales), numerosos acontecimientos relacionados con la <strong>gatronom\u00eda, la cultura, el arte y la salud<\/strong> se celebran por toda Europa.<\/p>\n<figure id=\"attachment_1040232\" aria-describedby=\"caption-attachment-1040232\" style=\"width: 650px\" class=\"wp-caption alignnone\"><img loading=\"lazy\" decoding=\"async\" class=\"size-large wp-image-1040232\" src=\"https:\/\/www.eldigitaldeasturias.com\/noticias\/wp-content\/uploads\/2019\/09\/propuestas-viajes-119019-650x426.jpg\" alt=\"\" width=\"650\" height=\"426\" srcset=\"https:\/\/www.eldigitaldeasturias.com\/noticias\/wp-content\/uploads\/2019\/09\/propuestas-viajes-119019-650x426.jpg 650w, https:\/\/www.eldigitaldeasturias.com\/noticias\/wp-content\/uploads\/2019\/09\/propuestas-viajes-119019-360x236.jpg 360w, https:\/\/www.eldigitaldeasturias.com\/noticias\/wp-content\/uploads\/2019\/09\/propuestas-viajes-119019-768x503.jpg 768w, https:\/\/www.eldigitaldeasturias.com\/noticias\/wp-content\/uploads\/2019\/09\/propuestas-viajes-119019.jpg 1019w\" sizes=\"auto, (max-width: 650px) 100vw, 650px\" \/><figcaption id=\"caption-attachment-1040232\" class=\"wp-caption-text\">Una cantidad innumerable de velas se encienden los 5 de octubre en Lieja. Foto: Marc Verpoorten\/OT Li\u00e8ge\/dpa-tmn<\/figcaption><\/figure>\n<h3>D\u00edas de la col junto al Mar del Norte<\/h3>\n<p>Del 17 al 22 de septiembre, todo en Dithmarschen girar\u00e1 en torno a la col: La fiesta de oto\u00f1o en la costa oeste del estado federado alem\u00e1n de Schleswig-Holstein, en el Norte del pa\u00eds, comienza tradicionalmente cortando coles, seguido de unas jornadas repletas de atractivos gastron\u00f3micos y culturales con un variado programa en toda la regi\u00f3n.<\/p>\n<p>Dithmarschen es la mayor zona de cultivo de coles de Europa. M\u00e1s de 80 millones de unidades crecen cada a\u00f1o junto a las f\u00e9rtiles tierras pantanosas del Mar del Norte. (www.echt-dithmarschen.de)<\/p>\n<h3>Festival de las Luces en Lieja<\/h3>\n<p>A principios de octubre el casco antiguo de la ciudad belga de Lieja es iluminado por la luz de m\u00e1s de 20.000 velas, que crean un ambiente nocturno rom\u00e1ntico y festivo en las laderas de la Ciudadela el 5 de octubre. Este acontecimiento recibe el nombre de \u00abLa Nocturne des Coteaux de la Citadelle\u00bb.<\/p>\n<p>Tambi\u00e9n hay un espect\u00e1culo poco habitual, en el que participan ovejas revestidas de mallas equipadas con miles de luces LED para crear un \u00abBallett\u00bb. El Festival de las Luces se celebra el primer s\u00e1bado de octubre, desde hace 25 a\u00f1os. (<a href=\"http:\/\/lanocturnedescoteaux.eu\" target=\"_blank\" rel=\"nofollow noopener noreferrer\"><span style=\"color: #ff6600;\"><strong>http:\/\/lanocturnedescoteaux.eu<\/strong><\/span><\/a>)<\/p>\n<h3>En \u00c1msteradam finaliza el a\u00f1o Rembrandt con una exposici\u00f3n<\/h3>\n<p>Con la exposici\u00f3n \u00abRembrandt-Vel\u00e1zquez. Maestros holandeses y espa\u00f1oles\u00bb, el Rijksmuseum de \u00c1msterdam clausura el a\u00f1o Rembrandt 2019 emparejando pinturas de renombrados maestros espa\u00f1oles y holandeses.<\/p>\n<p>Es la primera vez que se re\u00fanen tantas obras maestras de Vel\u00e1zquez, Rembrandt, Murillo, Vermeer, Zurbar\u00e1n, Hals y Ribera. La exposici\u00f3n, que se inaugurar\u00e1 el 11 de octubre y se clausurar\u00e1 el 19 de enero de 2020, rinde homenaje al 350 aniversario de la muerte de Rembrandt van Rijn (1606-1669). (www.rembrandt-2019.com)<\/p>\n<h3>Duerme bien en R\u00fcgen<\/h3>\n<p>El primer fin de semana de noviembre el sue\u00f1o relajante es el protagonista en la isla de R\u00fcgen, en la costa b\u00e1ltica de Alemania. A lo largo de tres d\u00edas, la localidad de Binz re\u00fane no solo a expertos del sue\u00f1o, que recomendar\u00e1n sus trucos, sino que los asistentes podr\u00e1n cursar talleres donde aprender t\u00e9cnicas de relajaci\u00f3n para evitar las alteraciones del sue\u00f1o.<\/p>\n<p>Las jornadas comenzar\u00e1n con una conferencia a cargo del experto en sue\u00f1o Dr. Michael Field. Durante todo el fin de semana se realizar\u00e1n actividades bajo el lema \u00abD\u00edas para vivir mejor\u00bb. Las autoridades de Binz dise\u00f1an en esta \u00e9poca una serie de actividades dedicadas a un tema distinto cada a\u00f1o. (<strong>www.binzer-bucht.de<\/strong>)<\/p>\n","protected":false},"excerpt":{"rendered":"<p>(dpa) &#8211; A caballo entre el final del verano y el principio del oto\u00f1o (boreales), numerosos acontecimientos relacionados con la gatronom\u00eda, la cultura, el arte y la salud se celebran por toda Europa. D\u00edas de la col junto al Mar del Norte Del 17 al 22 de septiembre, todo en Dithmarschen girar\u00e1 en torno a [&hellip;]<\/p>\n","protected":false},"author":1,"featured_media":1040232,"comment_status":"closed","ping_status":"closed","sticky":false,"template":"","format":"standard","meta":{"footnotes":""},"categories":[148],"tags":[],"class_list":["post-1040231","post","type-post","status-publish","format-standard","has-post-thumbnail","hentry","category-turismo"],"aioseo_notices":[],"aioseo_head":"\n\t\t<!-- All in One SEO Pro 4.9.6.2 - aioseo.com -->\n\t<meta name=\"description\" content=\"(dpa) - A caballo entre el final del verano y el principio del oto\u00f1o (boreales), numerosos acontecimientos relacionados con la gatronom\u00eda, la cultura, el arte y la salud se celebran por toda Europa. D\u00edas de la col junto al Mar del Norte Del 17 al 22 de septiembre, todo en Dithmarschen girar\u00e1 en torno a\" \/>\n\t<meta name=\"robots\" content=\"max-image-preview:large\" \/>\n\t<meta name=\"author\" content=\"El Digital de Asturias\"\/>\n\t<meta name=\"google-site-verification\" content=\"UA-38556648-1\" \/>\n\t<meta name=\"msvalidate.01\" content=\"7dfe9f3f1b24437ab69f4f2559babe99\" \/>\n\t<meta name=\"keywords\" content=\"turismo\" \/>\n\t<link rel=\"canonical\" href=\"https:\/\/www.eldigitaldeasturias.com\/noticias\/propuestas-para-viajeros-coles-luces-el-sueno-y-el-arte-como-protagonistas\/\" \/>\n\t<meta name=\"generator\" content=\"All in One SEO Pro (AIOSEO) 4.9.6.2\" \/>\n\t\t<meta property=\"og:locale\" content=\"es_ES\" \/>\n\t\t<meta property=\"og:site_name\" content=\"El Digital de Asturias\" \/>\n\t\t<meta property=\"og:type\" content=\"article\" \/>\n\t\t<meta property=\"og:title\" content=\"Propuestas para viajeros: Coles, luces, el sue\u00f1o y el arte como protagonistas - El Digital de Asturias\" \/>\n\t\t<meta property=\"og:description\" content=\"(dpa) - A caballo entre el final del verano y el principio del oto\u00f1o (boreales), numerosos acontecimientos relacionados con la gatronom\u00eda, la cultura, el arte y la salud se celebran por toda Europa. D\u00edas de la col junto al Mar del Norte Del 17 al 22 de septiembre, todo en Dithmarschen girar\u00e1 en torno a\" \/>\n\t\t<meta property=\"og:url\" content=\"https:\/\/www.eldigitaldeasturias.com\/noticias\/propuestas-para-viajeros-coles-luces-el-sueno-y-el-arte-como-protagonistas\/\" \/>\n\t\t<meta property=\"og:image\" content=\"https:\/\/www.eldigitaldeasturias.com\/noticias\/wp-content\/uploads\/2019\/09\/propuestas-viajes-119019.jpg\" \/>\n\t\t<meta property=\"og:image:secure_url\" content=\"https:\/\/www.eldigitaldeasturias.com\/noticias\/wp-content\/uploads\/2019\/09\/propuestas-viajes-119019.jpg\" \/>\n\t\t<meta property=\"og:image:width\" content=\"1019\" \/>\n\t\t<meta property=\"og:image:height\" content=\"668\" \/>\n\t\t<meta property=\"article:tag\" content=\"turismo\" \/>\n\t\t<meta property=\"article:published_time\" content=\"2019-09-11T08:59:27+00:00\" \/>\n\t\t<meta property=\"article:modified_time\" content=\"2019-09-11T08:59:27+00:00\" \/>\n\t\t<meta property=\"article:publisher\" content=\"https:\/\/facebook.com\/eldigitaldeasturias\" \/>\n\t\t<meta name=\"twitter:card\" content=\"summary_large_image\" \/>\n\t\t<meta name=\"twitter:title\" content=\"Propuestas para viajeros: Coles, luces, el sue\u00f1o y el arte como protagonistas - El Digital de Asturias\" \/>\n\t\t<meta name=\"twitter:description\" content=\"(dpa) - A caballo entre el final del verano y el principio del oto\u00f1o (boreales), numerosos acontecimientos relacionados con la gatronom\u00eda, la cultura, el arte y la salud se celebran por toda Europa. D\u00edas de la col junto al Mar del Norte Del 17 al 22 de septiembre, todo en Dithmarschen girar\u00e1 en torno a\" \/>\n\t\t<meta name=\"twitter:image\" content=\"https:\/\/www.eldigitaldeasturias.com\/noticias\/wp-content\/uploads\/2019\/09\/propuestas-viajes-119019.jpg\" \/>\n\t\t<meta name=\"twitter:label1\" content=\"Escrito por\" \/>\n\t\t<meta name=\"twitter:data1\" content=\"El Digital de Asturias\" \/>\n\t\t<meta name=\"twitter:label2\" content=\"Tiempo de lectura estimado\" \/>\n\t\t<meta name=\"twitter:data2\" content=\"3 minutos\" \/>\n\t\t<script type=\"application\/ld+json\" class=\"aioseo-schema\">\n\t\t\t{\"@context\":\"https:\\\/\\\/schema.org\",\"@graph\":[{\"@type\":\"BlogPosting\",\"@id\":\"https:\\\/\\\/www.eldigitaldeasturias.com\\\/noticias\\\/propuestas-para-viajeros-coles-luces-el-sueno-y-el-arte-como-protagonistas\\\/#blogposting\",\"name\":\"Propuestas para viajeros: Coles, luces, el sue\\u00f1o y el arte como protagonistas - El Digital de Asturias\",\"headline\":\"Propuestas para viajeros: Coles, luces, el sue\\u00f1o y el arte como protagonistas\",\"author\":{\"@id\":\"https:\\\/\\\/www.eldigitaldeasturias.com\\\/noticias\\\/author\\\/admin\\\/#author\"},\"publisher\":{\"@id\":\"https:\\\/\\\/www.eldigitaldeasturias.com\\\/noticias\\\/#organization\"},\"image\":{\"@type\":\"ImageObject\",\"url\":\"https:\\\/\\\/www.eldigitaldeasturias.com\\\/noticias\\\/wp-content\\\/uploads\\\/2019\\\/09\\\/propuestas-viajes-119019.jpg\",\"width\":1019,\"height\":668,\"caption\":\"Una cantidad innumerable de velas se encienden los 5 de octubre en Lieja. Foto: Marc Verpoorten\\\/OT Li\\u00e8ge\\\/dpa-tmn\"},\"datePublished\":\"2019-09-11T08:59:27+02:00\",\"dateModified\":\"2019-09-11T08:59:27+02:00\",\"inLanguage\":\"es-ES\",\"mainEntityOfPage\":{\"@id\":\"https:\\\/\\\/www.eldigitaldeasturias.com\\\/noticias\\\/propuestas-para-viajeros-coles-luces-el-sueno-y-el-arte-como-protagonistas\\\/#webpage\"},\"isPartOf\":{\"@id\":\"https:\\\/\\\/www.eldigitaldeasturias.com\\\/noticias\\\/propuestas-para-viajeros-coles-luces-el-sueno-y-el-arte-como-protagonistas\\\/#webpage\"},\"articleSection\":\"Turismo\"},{\"@type\":\"BreadcrumbList\",\"@id\":\"https:\\\/\\\/www.eldigitaldeasturias.com\\\/noticias\\\/propuestas-para-viajeros-coles-luces-el-sueno-y-el-arte-como-protagonistas\\\/#breadcrumblist\",\"itemListElement\":[{\"@type\":\"ListItem\",\"@id\":\"https:\\\/\\\/www.eldigitaldeasturias.com\\\/noticias#listItem\",\"position\":1,\"name\":\"Home\",\"item\":\"https:\\\/\\\/www.eldigitaldeasturias.com\\\/noticias\",\"nextItem\":{\"@type\":\"ListItem\",\"@id\":\"https:\\\/\\\/www.eldigitaldeasturias.com\\\/noticias\\\/category\\\/turismo\\\/#listItem\",\"name\":\"Turismo\"}},{\"@type\":\"ListItem\",\"@id\":\"https:\\\/\\\/www.eldigitaldeasturias.com\\\/noticias\\\/category\\\/turismo\\\/#listItem\",\"position\":2,\"name\":\"Turismo\",\"item\":\"https:\\\/\\\/www.eldigitaldeasturias.com\\\/noticias\\\/category\\\/turismo\\\/\",\"nextItem\":{\"@type\":\"ListItem\",\"@id\":\"https:\\\/\\\/www.eldigitaldeasturias.com\\\/noticias\\\/propuestas-para-viajeros-coles-luces-el-sueno-y-el-arte-como-protagonistas\\\/#listItem\",\"name\":\"Propuestas para viajeros: Coles, luces, el sue\\u00f1o y el arte como protagonistas\"},\"previousItem\":{\"@type\":\"ListItem\",\"@id\":\"https:\\\/\\\/www.eldigitaldeasturias.com\\\/noticias#listItem\",\"name\":\"Home\"}},{\"@type\":\"ListItem\",\"@id\":\"https:\\\/\\\/www.eldigitaldeasturias.com\\\/noticias\\\/propuestas-para-viajeros-coles-luces-el-sueno-y-el-arte-como-protagonistas\\\/#listItem\",\"position\":3,\"name\":\"Propuestas para viajeros: Coles, luces, el sue\\u00f1o y el arte como protagonistas\",\"previousItem\":{\"@type\":\"ListItem\",\"@id\":\"https:\\\/\\\/www.eldigitaldeasturias.com\\\/noticias\\\/category\\\/turismo\\\/#listItem\",\"name\":\"Turismo\"}}]},{\"@type\":\"Organization\",\"@id\":\"https:\\\/\\\/www.eldigitaldeasturias.com\\\/noticias\\\/#organization\",\"name\":\"El Digital de Asturias\",\"description\":\"Hemeroteca\",\"url\":\"https:\\\/\\\/www.eldigitaldeasturias.com\\\/noticias\\\/\",\"email\":\"info@eldigitaldeasturias.com\",\"telephone\":\"+34652131393\",\"logo\":{\"@type\":\"ImageObject\",\"url\":\"https:\\\/\\\/www.eldigitaldeasturias.com\\\/noticias\\\/wp-content\\\/uploads\\\/2020\\\/12\\\/EDA.jpg\",\"@id\":\"https:\\\/\\\/www.eldigitaldeasturias.com\\\/noticias\\\/propuestas-para-viajeros-coles-luces-el-sueno-y-el-arte-como-protagonistas\\\/#organizationLogo\",\"width\":649,\"height\":297},\"image\":{\"@id\":\"https:\\\/\\\/www.eldigitaldeasturias.com\\\/noticias\\\/propuestas-para-viajeros-coles-luces-el-sueno-y-el-arte-como-protagonistas\\\/#organizationLogo\"},\"sameAs\":[\"https:\\\/\\\/facebook.com\\\/eldigitaldeasturias\",\"https:\\\/\\\/www.youtube.com\\\/channel\\\/UCZP-2wLEB9Rv6erhFmqVnvg\"],\"address\":{\"@id\":\"https:\\\/\\\/www.eldigitaldeasturias.com\\\/noticias\\\/#postaladdress\",\"@type\":\"PostalAddress\",\"streetAddress\":\"san antonio 4,\",\"postalCode\":\"33430\",\"addressLocality\":\"Cand\\u00e1s\",\"addressRegion\":\"Asturias\",\"addressCountry\":\"ES\"}},{\"@type\":\"Person\",\"@id\":\"https:\\\/\\\/www.eldigitaldeasturias.com\\\/noticias\\\/author\\\/admin\\\/#author\",\"url\":\"https:\\\/\\\/www.eldigitaldeasturias.com\\\/noticias\\\/author\\\/admin\\\/\",\"name\":\"El Digital de Asturias\",\"image\":{\"@type\":\"ImageObject\",\"@id\":\"https:\\\/\\\/www.eldigitaldeasturias.com\\\/noticias\\\/propuestas-para-viajeros-coles-luces-el-sueno-y-el-arte-como-protagonistas\\\/#authorImage\",\"url\":\"https:\\\/\\\/www.eldigitaldeasturias.com\\\/noticias\\\/wp-content\\\/litespeed\\\/avatar\\\/18677e78aa0546b92d9dbf31ec7d7668.jpg?ver=1777290358\",\"width\":96,\"height\":96,\"caption\":\"El Digital de Asturias\"}},{\"@type\":\"WebPage\",\"@id\":\"https:\\\/\\\/www.eldigitaldeasturias.com\\\/noticias\\\/propuestas-para-viajeros-coles-luces-el-sueno-y-el-arte-como-protagonistas\\\/#webpage\",\"url\":\"https:\\\/\\\/www.eldigitaldeasturias.com\\\/noticias\\\/propuestas-para-viajeros-coles-luces-el-sueno-y-el-arte-como-protagonistas\\\/\",\"name\":\"Propuestas para viajeros: Coles, luces, el sue\\u00f1o y el arte como protagonistas - El Digital de Asturias\",\"description\":\"(dpa) - A caballo entre el final del verano y el principio del oto\\u00f1o (boreales), numerosos acontecimientos relacionados con la gatronom\\u00eda, la cultura, el arte y la salud se celebran por toda Europa. D\\u00edas de la col junto al Mar del Norte Del 17 al 22 de septiembre, todo en Dithmarschen girar\\u00e1 en torno a\",\"inLanguage\":\"es-ES\",\"isPartOf\":{\"@id\":\"https:\\\/\\\/www.eldigitaldeasturias.com\\\/noticias\\\/#website\"},\"breadcrumb\":{\"@id\":\"https:\\\/\\\/www.eldigitaldeasturias.com\\\/noticias\\\/propuestas-para-viajeros-coles-luces-el-sueno-y-el-arte-como-protagonistas\\\/#breadcrumblist\"},\"author\":{\"@id\":\"https:\\\/\\\/www.eldigitaldeasturias.com\\\/noticias\\\/author\\\/admin\\\/#author\"},\"creator\":{\"@id\":\"https:\\\/\\\/www.eldigitaldeasturias.com\\\/noticias\\\/author\\\/admin\\\/#author\"},\"image\":{\"@type\":\"ImageObject\",\"url\":\"https:\\\/\\\/www.eldigitaldeasturias.com\\\/noticias\\\/wp-content\\\/uploads\\\/2019\\\/09\\\/propuestas-viajes-119019.jpg\",\"@id\":\"https:\\\/\\\/www.eldigitaldeasturias.com\\\/noticias\\\/propuestas-para-viajeros-coles-luces-el-sueno-y-el-arte-como-protagonistas\\\/#mainImage\",\"width\":1019,\"height\":668,\"caption\":\"Una cantidad innumerable de velas se encienden los 5 de octubre en Lieja. Foto: Marc Verpoorten\\\/OT Li\\u00e8ge\\\/dpa-tmn\"},\"primaryImageOfPage\":{\"@id\":\"https:\\\/\\\/www.eldigitaldeasturias.com\\\/noticias\\\/propuestas-para-viajeros-coles-luces-el-sueno-y-el-arte-como-protagonistas\\\/#mainImage\"},\"datePublished\":\"2019-09-11T08:59:27+02:00\",\"dateModified\":\"2019-09-11T08:59:27+02:00\"},{\"@type\":\"WebSite\",\"@id\":\"https:\\\/\\\/www.eldigitaldeasturias.com\\\/noticias\\\/#website\",\"url\":\"https:\\\/\\\/www.eldigitaldeasturias.com\\\/noticias\\\/\",\"name\":\"El Digital de Asturias - Diario de actualidad y noticias\",\"alternateName\":\"El Digital de Asturias - Diario de actualidad y noticias\",\"description\":\"Hemeroteca\",\"inLanguage\":\"es-ES\",\"publisher\":{\"@id\":\"https:\\\/\\\/www.eldigitaldeasturias.com\\\/noticias\\\/#organization\"}}]}\n\t\t<\/script>\n\t\t<!-- All in One SEO Pro -->\r\n\t\t<title>Propuestas para viajeros: Coles, luces, el sue\u00f1o y el arte como protagonistas - El Digital de Asturias<\/title>\n\n","aioseo_head_json":{"title":"Propuestas para viajeros: Coles, luces, el sue\u00f1o y el arte como protagonistas - El Digital de Asturias","description":"(dpa) - A caballo entre el final del verano y el principio del oto\u00f1o (boreales), numerosos acontecimientos relacionados con la gatronom\u00eda, la cultura, el arte y la salud se celebran por toda Europa. D\u00edas de la col junto al Mar del Norte Del 17 al 22 de septiembre, todo en Dithmarschen girar\u00e1 en torno a","canonical_url":"https:\/\/www.eldigitaldeasturias.com\/noticias\/propuestas-para-viajeros-coles-luces-el-sueno-y-el-arte-como-protagonistas\/","robots":"max-image-preview:large","keywords":"turismo","webmasterTools":{"google-site-verification":"UA-38556648-1","msvalidate.01":"7dfe9f3f1b24437ab69f4f2559babe99","miscellaneous":""},"schema":{"@context":"https:\/\/schema.org","@graph":[{"@type":"BlogPosting","@id":"https:\/\/www.eldigitaldeasturias.com\/noticias\/propuestas-para-viajeros-coles-luces-el-sueno-y-el-arte-como-protagonistas\/#blogposting","name":"Propuestas para viajeros: Coles, luces, el sue\u00f1o y el arte como protagonistas - El Digital de Asturias","headline":"Propuestas para viajeros: Coles, luces, el sue\u00f1o y el arte como protagonistas","author":{"@id":"https:\/\/www.eldigitaldeasturias.com\/noticias\/author\/admin\/#author"},"publisher":{"@id":"https:\/\/www.eldigitaldeasturias.com\/noticias\/#organization"},"image":{"@type":"ImageObject","url":"https:\/\/www.eldigitaldeasturias.com\/noticias\/wp-content\/uploads\/2019\/09\/propuestas-viajes-119019.jpg","width":1019,"height":668,"caption":"Una cantidad innumerable de velas se encienden los 5 de octubre en Lieja. Foto: Marc Verpoorten\/OT Li\u00e8ge\/dpa-tmn"},"datePublished":"2019-09-11T08:59:27+02:00","dateModified":"2019-09-11T08:59:27+02:00","inLanguage":"es-ES","mainEntityOfPage":{"@id":"https:\/\/www.eldigitaldeasturias.com\/noticias\/propuestas-para-viajeros-coles-luces-el-sueno-y-el-arte-como-protagonistas\/#webpage"},"isPartOf":{"@id":"https:\/\/www.eldigitaldeasturias.com\/noticias\/propuestas-para-viajeros-coles-luces-el-sueno-y-el-arte-como-protagonistas\/#webpage"},"articleSection":"Turismo"},{"@type":"BreadcrumbList","@id":"https:\/\/www.eldigitaldeasturias.com\/noticias\/propuestas-para-viajeros-coles-luces-el-sueno-y-el-arte-como-protagonistas\/#breadcrumblist","itemListElement":[{"@type":"ListItem","@id":"https:\/\/www.eldigitaldeasturias.com\/noticias#listItem","position":1,"name":"Home","item":"https:\/\/www.eldigitaldeasturias.com\/noticias","nextItem":{"@type":"ListItem","@id":"https:\/\/www.eldigitaldeasturias.com\/noticias\/category\/turismo\/#listItem","name":"Turismo"}},{"@type":"ListItem","@id":"https:\/\/www.eldigitaldeasturias.com\/noticias\/category\/turismo\/#listItem","position":2,"name":"Turismo","item":"https:\/\/www.eldigitaldeasturias.com\/noticias\/category\/turismo\/","nextItem":{"@type":"ListItem","@id":"https:\/\/www.eldigitaldeasturias.com\/noticias\/propuestas-para-viajeros-coles-luces-el-sueno-y-el-arte-como-protagonistas\/#listItem","name":"Propuestas para viajeros: Coles, luces, el sue\u00f1o y el arte como protagonistas"},"previousItem":{"@type":"ListItem","@id":"https:\/\/www.eldigitaldeasturias.com\/noticias#listItem","name":"Home"}},{"@type":"ListItem","@id":"https:\/\/www.eldigitaldeasturias.com\/noticias\/propuestas-para-viajeros-coles-luces-el-sueno-y-el-arte-como-protagonistas\/#listItem","position":3,"name":"Propuestas para viajeros: Coles, luces, el sue\u00f1o y el arte como protagonistas","previousItem":{"@type":"ListItem","@id":"https:\/\/www.eldigitaldeasturias.com\/noticias\/category\/turismo\/#listItem","name":"Turismo"}}]},{"@type":"Organization","@id":"https:\/\/www.eldigitaldeasturias.com\/noticias\/#organization","name":"El Digital de Asturias","description":"Hemeroteca","url":"https:\/\/www.eldigitaldeasturias.com\/noticias\/","email":"info@eldigitaldeasturias.com","telephone":"+34652131393","logo":{"@type":"ImageObject","url":"https:\/\/www.eldigitaldeasturias.com\/noticias\/wp-content\/uploads\/2020\/12\/EDA.jpg","@id":"https:\/\/www.eldigitaldeasturias.com\/noticias\/propuestas-para-viajeros-coles-luces-el-sueno-y-el-arte-como-protagonistas\/#organizationLogo","width":649,"height":297},"image":{"@id":"https:\/\/www.eldigitaldeasturias.com\/noticias\/propuestas-para-viajeros-coles-luces-el-sueno-y-el-arte-como-protagonistas\/#organizationLogo"},"sameAs":["https:\/\/facebook.com\/eldigitaldeasturias","https:\/\/www.youtube.com\/channel\/UCZP-2wLEB9Rv6erhFmqVnvg"],"address":{"@id":"https:\/\/www.eldigitaldeasturias.com\/noticias\/#postaladdress","@type":"PostalAddress","streetAddress":"san antonio 4,","postalCode":"33430","addressLocality":"Cand\u00e1s","addressRegion":"Asturias","addressCountry":"ES"}},{"@type":"Person","@id":"https:\/\/www.eldigitaldeasturias.com\/noticias\/author\/admin\/#author","url":"https:\/\/www.eldigitaldeasturias.com\/noticias\/author\/admin\/","name":"El Digital de Asturias","image":{"@type":"ImageObject","@id":"https:\/\/www.eldigitaldeasturias.com\/noticias\/propuestas-para-viajeros-coles-luces-el-sueno-y-el-arte-como-protagonistas\/#authorImage","url":"https:\/\/www.eldigitaldeasturias.com\/noticias\/wp-content\/litespeed\/avatar\/18677e78aa0546b92d9dbf31ec7d7668.jpg?ver=1777290358","width":96,"height":96,"caption":"El Digital de Asturias"}},{"@type":"WebPage","@id":"https:\/\/www.eldigitaldeasturias.com\/noticias\/propuestas-para-viajeros-coles-luces-el-sueno-y-el-arte-como-protagonistas\/#webpage","url":"https:\/\/www.eldigitaldeasturias.com\/noticias\/propuestas-para-viajeros-coles-luces-el-sueno-y-el-arte-como-protagonistas\/","name":"Propuestas para viajeros: Coles, luces, el sue\u00f1o y el arte como protagonistas - El Digital de Asturias","description":"(dpa) - A caballo entre el final del verano y el principio del oto\u00f1o (boreales), numerosos acontecimientos relacionados con la gatronom\u00eda, la cultura, el arte y la salud se celebran por toda Europa. D\u00edas de la col junto al Mar del Norte Del 17 al 22 de septiembre, todo en Dithmarschen girar\u00e1 en torno a","inLanguage":"es-ES","isPartOf":{"@id":"https:\/\/www.eldigitaldeasturias.com\/noticias\/#website"},"breadcrumb":{"@id":"https:\/\/www.eldigitaldeasturias.com\/noticias\/propuestas-para-viajeros-coles-luces-el-sueno-y-el-arte-como-protagonistas\/#breadcrumblist"},"author":{"@id":"https:\/\/www.eldigitaldeasturias.com\/noticias\/author\/admin\/#author"},"creator":{"@id":"https:\/\/www.eldigitaldeasturias.com\/noticias\/author\/admin\/#author"},"image":{"@type":"ImageObject","url":"https:\/\/www.eldigitaldeasturias.com\/noticias\/wp-content\/uploads\/2019\/09\/propuestas-viajes-119019.jpg","@id":"https:\/\/www.eldigitaldeasturias.com\/noticias\/propuestas-para-viajeros-coles-luces-el-sueno-y-el-arte-como-protagonistas\/#mainImage","width":1019,"height":668,"caption":"Una cantidad innumerable de velas se encienden los 5 de octubre en Lieja. Foto: Marc Verpoorten\/OT Li\u00e8ge\/dpa-tmn"},"primaryImageOfPage":{"@id":"https:\/\/www.eldigitaldeasturias.com\/noticias\/propuestas-para-viajeros-coles-luces-el-sueno-y-el-arte-como-protagonistas\/#mainImage"},"datePublished":"2019-09-11T08:59:27+02:00","dateModified":"2019-09-11T08:59:27+02:00"},{"@type":"WebSite","@id":"https:\/\/www.eldigitaldeasturias.com\/noticias\/#website","url":"https:\/\/www.eldigitaldeasturias.com\/noticias\/","name":"El Digital de Asturias - Diario de actualidad y noticias","alternateName":"El Digital de Asturias - Diario de actualidad y noticias","description":"Hemeroteca","inLanguage":"es-ES","publisher":{"@id":"https:\/\/www.eldigitaldeasturias.com\/noticias\/#organization"}}]},"og:locale":"es_ES","og:site_name":"El Digital de Asturias","og:type":"article","og:title":"Propuestas para viajeros: Coles, luces, el sue\u00f1o y el arte como protagonistas - El Digital de Asturias","og:description":"(dpa) - A caballo entre el final del verano y el principio del oto\u00f1o (boreales), numerosos acontecimientos relacionados con la gatronom\u00eda, la cultura, el arte y la salud se celebran por toda Europa. D\u00edas de la col junto al Mar del Norte Del 17 al 22 de septiembre, todo en Dithmarschen girar\u00e1 en torno a","og:url":"https:\/\/www.eldigitaldeasturias.com\/noticias\/propuestas-para-viajeros-coles-luces-el-sueno-y-el-arte-como-protagonistas\/","og:image":"https:\/\/www.eldigitaldeasturias.com\/noticias\/wp-content\/uploads\/2019\/09\/propuestas-viajes-119019.jpg","og:image:secure_url":"https:\/\/www.eldigitaldeasturias.com\/noticias\/wp-content\/uploads\/2019\/09\/propuestas-viajes-119019.jpg","og:image:width":1019,"og:image:height":668,"article:tag":["turismo"],"article:published_time":"2019-09-11T08:59:27+00:00","article:modified_time":"2019-09-11T08:59:27+00:00","article:publisher":"https:\/\/facebook.com\/eldigitaldeasturias","twitter:card":"summary_large_image","twitter:title":"Propuestas para viajeros: Coles, luces, el sue\u00f1o y el arte como protagonistas - El Digital de Asturias","twitter:description":"(dpa) - A caballo entre el final del verano y el principio del oto\u00f1o (boreales), numerosos acontecimientos relacionados con la gatronom\u00eda, la cultura, el arte y la salud se celebran por toda Europa. D\u00edas de la col junto al Mar del Norte Del 17 al 22 de septiembre, todo en Dithmarschen girar\u00e1 en torno a","twitter:image":"https:\/\/www.eldigitaldeasturias.com\/noticias\/wp-content\/uploads\/2019\/09\/propuestas-viajes-119019.jpg","twitter:label1":"Escrito por","twitter:data1":"El Digital de Asturias","twitter:label2":"Tiempo de lectura estimado","twitter:data2":"3 minutos"},"aioseo_meta_data":{"post_id":"1040231","title":null,"description":null,"keywords":null,"keyphrases":null,"primary_term":null,"canonical_url":null,"og_title":null,"og_description":null,"og_object_type":"default","og_image_type":"default","og_image_url":null,"og_image_width":null,"og_image_height":null,"og_image_custom_url":null,"og_image_custom_fields":null,"og_video":null,"og_custom_url":null,"og_article_section":null,"og_article_tags":null,"twitter_use_og":false,"twitter_card":"default","twitter_image_type":"default","twitter_image_url":null,"twitter_image_custom_url":null,"twitter_image_custom_fields":null,"twitter_title":null,"twitter_description":null,"schema":{"blockGraphs":[],"customGraphs":[],"default":{"data":{"Article":[],"Course":[],"Dataset":[],"FAQPage":[],"Movie":[],"Person":[],"Product":[],"ProductReview":[],"Car":[],"Recipe":[],"Service":[],"SoftwareApplication":[],"WebPage":[]},"graphName":"","isEnabled":true},"graphs":[],"defaultGraph":"","defaultPostTypeGraph":""},"schema_type":null,"schema_type_options":null,"pillar_content":false,"robots_default":true,"robots_noindex":false,"robots_noarchive":false,"robots_nosnippet":false,"robots_nofollow":false,"robots_noimageindex":false,"robots_noodp":false,"robots_notranslate":false,"robots_max_snippet":null,"robots_max_videopreview":null,"robots_max_imagepreview":"large","priority":null,"frequency":null,"local_seo":null,"seo_analyzer_scan_date":"2025-10-23 08:26:12","breadcrumb_settings":null,"limit_modified_date":false,"open_ai":null,"ai":null,"created":"2020-12-21 11:04:15","updated":"2025-10-23 08:26:12"},"aioseo_breadcrumb":"<div class=\"aioseo-breadcrumbs\"><span class=\"aioseo-breadcrumb\">\n\t<a href=\"https:\/\/www.eldigitaldeasturias.com\/noticias\" title=\"Home\">Home<\/a>\n<\/span><span class=\"aioseo-breadcrumb-separator\">\u2013<\/span><span class=\"aioseo-breadcrumb\">\n\t<a href=\"https:\/\/www.eldigitaldeasturias.com\/noticias\/category\/turismo\/\" title=\"Turismo\">Turismo<\/a>\n<\/span><span class=\"aioseo-breadcrumb-separator\">\u2013<\/span><span class=\"aioseo-breadcrumb\">\n\t<a href=\"https:\/\/www.eldigitaldeasturias.com\/noticias\/propuestas-para-viajeros-coles-luces-el-sueno-y-el-arte-como-protagonistas\/\" title=\"Propuestas para viajeros: Coles, luces, el sue\u00f1o y el arte como protagonistas\">Propuestas para viajeros: Coles, luces, el sue\u00f1o y el arte como protagonistas<\/a>\n<\/span><\/div>","aioseo_breadcrumb_json":[{"label":"Home","link":"https:\/\/www.eldigitaldeasturias.com\/noticias"},{"label":"Turismo","link":"https:\/\/www.eldigitaldeasturias.com\/noticias\/category\/turismo\/"},{"label":"Propuestas para viajeros: Coles, luces, el sue\u00f1o y el arte como protagonistas","link":"https:\/\/www.eldigitaldeasturias.com\/noticias\/propuestas-para-viajeros-coles-luces-el-sueno-y-el-arte-como-protagonistas\/"}],"_links":{"self":[{"href":"https:\/\/www.eldigitaldeasturias.com\/noticias\/wp-json\/wp\/v2\/posts\/1040231","targetHints":{"allow":["GET"]}}],"collection":[{"href":"https:\/\/www.eldigitaldeasturias.com\/noticias\/wp-json\/wp\/v2\/posts"}],"about":[{"href":"https:\/\/www.eldigitaldeasturias.com\/noticias\/wp-json\/wp\/v2\/types\/post"}],"author":[{"embeddable":true,"href":"https:\/\/www.eldigitaldeasturias.com\/noticias\/wp-json\/wp\/v2\/users\/1"}],"replies":[{"embeddable":true,"href":"https:\/\/www.eldigitaldeasturias.com\/noticias\/wp-json\/wp\/v2\/comments?post=1040231"}],"version-history":[{"count":0,"href":"https:\/\/www.eldigitaldeasturias.com\/noticias\/wp-json\/wp\/v2\/posts\/1040231\/revisions"}],"wp:featuredmedia":[{"embeddable":true,"href":"https:\/\/www.eldigitaldeasturias.com\/noticias\/wp-json\/wp\/v2\/media\/1040232"}],"wp:attachment":[{"href":"https:\/\/www.eldigitaldeasturias.com\/noticias\/wp-json\/wp\/v2\/media?parent=1040231"}],"wp:term":[{"taxonomy":"category","embeddable":true,"href":"https:\/\/www.eldigitaldeasturias.com\/noticias\/wp-json\/wp\/v2\/categories?post=1040231"},{"taxonomy":"post_tag","embeddable":true,"href":"https:\/\/www.eldigitaldeasturias.com\/noticias\/wp-json\/wp\/v2\/tags?post=1040231"}],"curies":[{"name":"wp","href":"https:\/\/api.w.org\/{rel}","templated":true}]}}