{"id":1040228,"date":"2019-09-11T08:53:15","date_gmt":"2019-09-11T08:53:15","guid":{"rendered":"https:\/\/www.eldigitaldeasturias.com\/noticias\/?p=1040228"},"modified":"2019-09-11T08:53:15","modified_gmt":"2019-09-11T08:53:15","slug":"los-parques-estelares-ventanas-a-la-via-lactea","status":"publish","type":"post","link":"https:\/\/www.eldigitaldeasturias.com\/noticias\/los-parques-estelares-ventanas-a-la-via-lactea\/","title":{"rendered":"Los parques estelares, ventanas a la V\u00eda L\u00e1ctea"},"content":{"rendered":"<figure id=\"attachment_1040229\" aria-describedby=\"caption-attachment-1040229\" style=\"width: 360px\" class=\"wp-caption alignleft\"><img loading=\"lazy\" decoding=\"async\" class=\"size-medium wp-image-1040229\" src=\"https:\/\/www.eldigitaldeasturias.com\/noticias\/wp-content\/uploads\/2019\/09\/parques-estelares-360x240.jpg\" alt=\"\" width=\"360\" height=\"240\" srcset=\"https:\/\/www.eldigitaldeasturias.com\/noticias\/wp-content\/uploads\/2019\/09\/parques-estelares-360x240.jpg 360w, https:\/\/www.eldigitaldeasturias.com\/noticias\/wp-content\/uploads\/2019\/09\/parques-estelares-768x511.jpg 768w, https:\/\/www.eldigitaldeasturias.com\/noticias\/wp-content\/uploads\/2019\/09\/parques-estelares-650x432.jpg 650w, https:\/\/www.eldigitaldeasturias.com\/noticias\/wp-content\/uploads\/2019\/09\/parques-estelares.jpg 1001w\" sizes=\"auto, (max-width: 360px) 100vw, 360px\" \/><figcaption id=\"caption-attachment-1040229\" class=\"wp-caption-text\">No olvidemos que somos parte de un cosmos: mirar las estrellas puede ser un gran momento. Foto: Sebastian Voltmer\/dpa-tmn<\/figcaption><\/figure>\n<p>(dpa) &#8211; La observaci\u00f3n de las estrellas es un <strong>nuevo reclamo tur\u00edstico<\/strong> para regiones en las que la ausencia de contaminaci\u00f3n lum\u00ednica a\u00fan permite ver n\u00edtidamente cientos, quiz\u00e1s miles o millones de astros que salpican el cielo.<\/p>\n<p>La organizaci\u00f3n no gubernamental estadounidense<strong> International Dark Sky Association<\/strong> (IDA) establece una serie de normas sobre contaminaci\u00f3n lum\u00ednica para que una regi\u00f3n reciba la certificaci\u00f3n como parque estelar.<\/p>\n<p>Estas normas no solo se refieren a la visibilidad del cielo, sino tambi\u00e9n a otros factores, como que<strong> las noches demasiado luminosas afectan a los patrones de sue\u00f1o de las personas y tambi\u00e9n a la vida de la flora y la fauna locales<\/strong>. Por ejemplo, las aves nocturnas pueden perder su orientaci\u00f3n por una exceso de luz artificial en su h\u00e1bitat.<\/p>\n<p>Por esta raz\u00f3n, los sistemas de iluminaci\u00f3n no deben emitir luz horizontal o hacia arriba, y su componente azul debe ser lo m\u00e1s bajo posible. Los parques estelares son, por lo tanto, m\u00e1s hermosos hoy en d\u00eda. La secci\u00f3n \u00abDark Sky\u00bb de la Asociaci\u00f3n de Amigos de las Estrellas recopila en su p\u00e1gina web datos interesantes sobre los parques estelares.<\/p>\n<h3>\u00bfEs necesario un telescopio para observar las estrellas?<\/h3>\n<p>A simple vista es posible, en una noche despejada alejada de las ciudades y otras fuentes de luz, ver las estrellas. No es necesario disponer de un equipo caro de observaci\u00f3n y fotograf\u00eda para poder ver la galaxia de Andr\u00f3meda, por ejemplo.<\/p>\n<p>El ojo humano solo tiene que acostumbrarse a la oscuridad durante al menos un cuarto de hora, para poder ver, adem\u00e1s de los planetas del Sistema Solar, algunas estrellas de brillo m\u00e1s d\u00e9bil y la franja que da forma a la V\u00eda L\u00e1ctea.<\/p>\n<p>Y si el observador no quiere estar todo el rato con la cabeza hacia arriba, puede llevarse una manta de picnic y estirarse encima para mirar al cielo desde una c\u00f3moda posici\u00f3n horizontal.<\/p>\n<h3>\u00bfC\u00f3mo orientarse en el cielo?<\/h3>\n<p>El astr\u00f3nomo Andreas H\u00e4nel recomienda consultar un mapa de estrellas giratorio o utilizar una app tipo planetario para orientarse. Si el observador desea descubrir m\u00e1s all\u00e1 de lo visible a simple vista, unos binoculares normales son suficientes. Siempre se debe ir abrigado, y una linterna o un farol con luz roja ser\u00e1n \u00fatiles.<\/p>\n<p>El fot\u00f3grafo Bernd Pr\u00f6schold recomienta calzar botas con calcetines de lana, guantes c\u00e1lidos y, en verano, al menos una banda t\u00e9rmica para la cabeza. En salidas de monta\u00f1a, aconseja el uso de ropa caliente en general, porque los ambientes fr\u00edos no entienden de si la ropa de abrigo est\u00e1 a la \u00faltima moda \u00aboutdoor\u00bb.<\/p>\n<p>P<strong>r\u00f6schold recomienda evitar los cinco d\u00edas antes y los dos d\u00edas posteriores a las noches de luna llena<\/strong> para poder ver el cielo con mayor detalle.<\/p>\n<p>&nbsp;<\/p>\n","protected":false},"excerpt":{"rendered":"<p>(dpa) &#8211; La observaci\u00f3n de las estrellas es un nuevo reclamo tur\u00edstico para regiones en las que la ausencia de contaminaci\u00f3n lum\u00ednica a\u00fan permite ver n\u00edtidamente cientos, quiz\u00e1s miles o millones de astros que salpican el cielo. La organizaci\u00f3n no gubernamental estadounidense International Dark Sky Association (IDA) establece una serie de normas sobre contaminaci\u00f3n lum\u00ednica [&hellip;]<\/p>\n","protected":false},"author":1,"featured_media":1040229,"comment_status":"closed","ping_status":"closed","sticky":false,"template":"","format":"standard","meta":{"footnotes":""},"categories":[141,148],"tags":[],"class_list":["post-1040228","post","type-post","status-publish","format-standard","has-post-thumbnail","hentry","category-destacadas","category-turismo"],"aioseo_notices":[],"aioseo_head":"\n\t\t<!-- All in One SEO Pro 4.9.6.2 - aioseo.com -->\n\t<meta name=\"description\" content=\"(dpa) - La observaci\u00f3n de las estrellas es un nuevo reclamo tur\u00edstico para regiones en las que la ausencia de contaminaci\u00f3n lum\u00ednica a\u00fan permite ver n\u00edtidamente cientos, quiz\u00e1s miles o millones de astros que salpican el cielo. La organizaci\u00f3n no gubernamental estadounidense International Dark Sky Association (IDA) establece una serie de normas sobre contaminaci\u00f3n lum\u00ednica\" \/>\n\t<meta name=\"robots\" content=\"max-image-preview:large\" \/>\n\t<meta name=\"author\" content=\"El Digital de Asturias\"\/>\n\t<meta name=\"google-site-verification\" content=\"UA-38556648-1\" \/>\n\t<meta name=\"msvalidate.01\" content=\"7dfe9f3f1b24437ab69f4f2559babe99\" \/>\n\t<meta name=\"keywords\" content=\"destacadas,turismo\" \/>\n\t<link rel=\"canonical\" href=\"https:\/\/www.eldigitaldeasturias.com\/noticias\/los-parques-estelares-ventanas-a-la-via-lactea\/\" \/>\n\t<meta name=\"generator\" content=\"All in One SEO Pro (AIOSEO) 4.9.6.2\" \/>\n\t\t<meta property=\"og:locale\" content=\"es_ES\" \/>\n\t\t<meta property=\"og:site_name\" content=\"El Digital de Asturias\" \/>\n\t\t<meta property=\"og:type\" content=\"article\" \/>\n\t\t<meta property=\"og:title\" content=\"Los parques estelares, ventanas a la V\u00eda L\u00e1ctea - El Digital de Asturias\" \/>\n\t\t<meta property=\"og:description\" content=\"(dpa) - La observaci\u00f3n de las estrellas es un nuevo reclamo tur\u00edstico para regiones en las que la ausencia de contaminaci\u00f3n lum\u00ednica a\u00fan permite ver n\u00edtidamente cientos, quiz\u00e1s miles o millones de astros que salpican el cielo. La organizaci\u00f3n no gubernamental estadounidense International Dark Sky Association (IDA) establece una serie de normas sobre contaminaci\u00f3n lum\u00ednica\" \/>\n\t\t<meta property=\"og:url\" content=\"https:\/\/www.eldigitaldeasturias.com\/noticias\/los-parques-estelares-ventanas-a-la-via-lactea\/\" \/>\n\t\t<meta property=\"og:image\" content=\"https:\/\/www.eldigitaldeasturias.com\/noticias\/wp-content\/uploads\/2019\/09\/parques-estelares.jpg\" \/>\n\t\t<meta property=\"og:image:secure_url\" content=\"https:\/\/www.eldigitaldeasturias.com\/noticias\/wp-content\/uploads\/2019\/09\/parques-estelares.jpg\" \/>\n\t\t<meta property=\"og:image:width\" content=\"1001\" \/>\n\t\t<meta property=\"og:image:height\" content=\"666\" \/>\n\t\t<meta property=\"article:tag\" content=\"destacadas\" \/>\n\t\t<meta property=\"article:tag\" content=\"turismo\" \/>\n\t\t<meta property=\"article:published_time\" content=\"2019-09-11T08:53:15+00:00\" \/>\n\t\t<meta property=\"article:modified_time\" content=\"2019-09-11T08:53:15+00:00\" \/>\n\t\t<meta property=\"article:publisher\" content=\"https:\/\/facebook.com\/eldigitaldeasturias\" \/>\n\t\t<meta name=\"twitter:card\" content=\"summary_large_image\" \/>\n\t\t<meta name=\"twitter:title\" content=\"Los parques estelares, ventanas a la V\u00eda L\u00e1ctea - El Digital de Asturias\" \/>\n\t\t<meta name=\"twitter:description\" content=\"(dpa) - La observaci\u00f3n de las estrellas es un nuevo reclamo tur\u00edstico para regiones en las que la ausencia de contaminaci\u00f3n lum\u00ednica a\u00fan permite ver n\u00edtidamente cientos, quiz\u00e1s miles o millones de astros que salpican el cielo. La organizaci\u00f3n no gubernamental estadounidense International Dark Sky Association (IDA) establece una serie de normas sobre contaminaci\u00f3n lum\u00ednica\" \/>\n\t\t<meta name=\"twitter:image\" content=\"https:\/\/www.eldigitaldeasturias.com\/noticias\/wp-content\/uploads\/2019\/09\/parques-estelares.jpg\" \/>\n\t\t<meta name=\"twitter:label1\" content=\"Escrito por\" \/>\n\t\t<meta name=\"twitter:data1\" content=\"El Digital de Asturias\" \/>\n\t\t<meta name=\"twitter:label2\" content=\"Tiempo de lectura estimado\" \/>\n\t\t<meta name=\"twitter:data2\" content=\"3 minutos\" \/>\n\t\t<script type=\"application\/ld+json\" class=\"aioseo-schema\">\n\t\t\t{\"@context\":\"https:\\\/\\\/schema.org\",\"@graph\":[{\"@type\":\"BlogPosting\",\"@id\":\"https:\\\/\\\/www.eldigitaldeasturias.com\\\/noticias\\\/los-parques-estelares-ventanas-a-la-via-lactea\\\/#blogposting\",\"name\":\"Los parques estelares, ventanas a la V\\u00eda L\\u00e1ctea - El Digital de Asturias\",\"headline\":\"Los parques estelares, ventanas a la V\\u00eda L\\u00e1ctea\",\"author\":{\"@id\":\"https:\\\/\\\/www.eldigitaldeasturias.com\\\/noticias\\\/author\\\/admin\\\/#author\"},\"publisher\":{\"@id\":\"https:\\\/\\\/www.eldigitaldeasturias.com\\\/noticias\\\/#organization\"},\"image\":{\"@type\":\"ImageObject\",\"url\":\"https:\\\/\\\/www.eldigitaldeasturias.com\\\/noticias\\\/wp-content\\\/uploads\\\/2019\\\/09\\\/parques-estelares.jpg\",\"width\":1001,\"height\":666,\"caption\":\"No olvidemos que somos parte de un cosmos: mirar las estrellas puede ser un gran momento. Foto: Sebastian Voltmer\\\/dpa-tmn\"},\"datePublished\":\"2019-09-11T08:53:15+02:00\",\"dateModified\":\"2019-09-11T08:53:15+02:00\",\"inLanguage\":\"es-ES\",\"mainEntityOfPage\":{\"@id\":\"https:\\\/\\\/www.eldigitaldeasturias.com\\\/noticias\\\/los-parques-estelares-ventanas-a-la-via-lactea\\\/#webpage\"},\"isPartOf\":{\"@id\":\"https:\\\/\\\/www.eldigitaldeasturias.com\\\/noticias\\\/los-parques-estelares-ventanas-a-la-via-lactea\\\/#webpage\"},\"articleSection\":\"Destacadas, Turismo\"},{\"@type\":\"BreadcrumbList\",\"@id\":\"https:\\\/\\\/www.eldigitaldeasturias.com\\\/noticias\\\/los-parques-estelares-ventanas-a-la-via-lactea\\\/#breadcrumblist\",\"itemListElement\":[{\"@type\":\"ListItem\",\"@id\":\"https:\\\/\\\/www.eldigitaldeasturias.com\\\/noticias#listItem\",\"position\":1,\"name\":\"Home\",\"item\":\"https:\\\/\\\/www.eldigitaldeasturias.com\\\/noticias\",\"nextItem\":{\"@type\":\"ListItem\",\"@id\":\"https:\\\/\\\/www.eldigitaldeasturias.com\\\/noticias\\\/category\\\/destacadas\\\/#listItem\",\"name\":\"Destacadas\"}},{\"@type\":\"ListItem\",\"@id\":\"https:\\\/\\\/www.eldigitaldeasturias.com\\\/noticias\\\/category\\\/destacadas\\\/#listItem\",\"position\":2,\"name\":\"Destacadas\",\"item\":\"https:\\\/\\\/www.eldigitaldeasturias.com\\\/noticias\\\/category\\\/destacadas\\\/\",\"nextItem\":{\"@type\":\"ListItem\",\"@id\":\"https:\\\/\\\/www.eldigitaldeasturias.com\\\/noticias\\\/los-parques-estelares-ventanas-a-la-via-lactea\\\/#listItem\",\"name\":\"Los parques estelares, ventanas a la V\\u00eda L\\u00e1ctea\"},\"previousItem\":{\"@type\":\"ListItem\",\"@id\":\"https:\\\/\\\/www.eldigitaldeasturias.com\\\/noticias#listItem\",\"name\":\"Home\"}},{\"@type\":\"ListItem\",\"@id\":\"https:\\\/\\\/www.eldigitaldeasturias.com\\\/noticias\\\/los-parques-estelares-ventanas-a-la-via-lactea\\\/#listItem\",\"position\":3,\"name\":\"Los parques estelares, ventanas a la V\\u00eda L\\u00e1ctea\",\"previousItem\":{\"@type\":\"ListItem\",\"@id\":\"https:\\\/\\\/www.eldigitaldeasturias.com\\\/noticias\\\/category\\\/destacadas\\\/#listItem\",\"name\":\"Destacadas\"}}]},{\"@type\":\"Organization\",\"@id\":\"https:\\\/\\\/www.eldigitaldeasturias.com\\\/noticias\\\/#organization\",\"name\":\"El Digital de Asturias\",\"description\":\"Hemeroteca\",\"url\":\"https:\\\/\\\/www.eldigitaldeasturias.com\\\/noticias\\\/\",\"email\":\"info@eldigitaldeasturias.com\",\"telephone\":\"+34652131393\",\"logo\":{\"@type\":\"ImageObject\",\"url\":\"https:\\\/\\\/www.eldigitaldeasturias.com\\\/noticias\\\/wp-content\\\/uploads\\\/2020\\\/12\\\/EDA.jpg\",\"@id\":\"https:\\\/\\\/www.eldigitaldeasturias.com\\\/noticias\\\/los-parques-estelares-ventanas-a-la-via-lactea\\\/#organizationLogo\",\"width\":649,\"height\":297},\"image\":{\"@id\":\"https:\\\/\\\/www.eldigitaldeasturias.com\\\/noticias\\\/los-parques-estelares-ventanas-a-la-via-lactea\\\/#organizationLogo\"},\"sameAs\":[\"https:\\\/\\\/facebook.com\\\/eldigitaldeasturias\",\"https:\\\/\\\/www.youtube.com\\\/channel\\\/UCZP-2wLEB9Rv6erhFmqVnvg\"],\"address\":{\"@id\":\"https:\\\/\\\/www.eldigitaldeasturias.com\\\/noticias\\\/#postaladdress\",\"@type\":\"PostalAddress\",\"streetAddress\":\"san antonio 4,\",\"postalCode\":\"33430\",\"addressLocality\":\"Cand\\u00e1s\",\"addressRegion\":\"Asturias\",\"addressCountry\":\"ES\"}},{\"@type\":\"Person\",\"@id\":\"https:\\\/\\\/www.eldigitaldeasturias.com\\\/noticias\\\/author\\\/admin\\\/#author\",\"url\":\"https:\\\/\\\/www.eldigitaldeasturias.com\\\/noticias\\\/author\\\/admin\\\/\",\"name\":\"El Digital de Asturias\",\"image\":{\"@type\":\"ImageObject\",\"@id\":\"https:\\\/\\\/www.eldigitaldeasturias.com\\\/noticias\\\/los-parques-estelares-ventanas-a-la-via-lactea\\\/#authorImage\",\"url\":\"https:\\\/\\\/www.eldigitaldeasturias.com\\\/noticias\\\/wp-content\\\/litespeed\\\/avatar\\\/18677e78aa0546b92d9dbf31ec7d7668.jpg?ver=1777290358\",\"width\":96,\"height\":96,\"caption\":\"El Digital de Asturias\"}},{\"@type\":\"WebPage\",\"@id\":\"https:\\\/\\\/www.eldigitaldeasturias.com\\\/noticias\\\/los-parques-estelares-ventanas-a-la-via-lactea\\\/#webpage\",\"url\":\"https:\\\/\\\/www.eldigitaldeasturias.com\\\/noticias\\\/los-parques-estelares-ventanas-a-la-via-lactea\\\/\",\"name\":\"Los parques estelares, ventanas a la V\\u00eda L\\u00e1ctea - El Digital de Asturias\",\"description\":\"(dpa) - La observaci\\u00f3n de las estrellas es un nuevo reclamo tur\\u00edstico para regiones en las que la ausencia de contaminaci\\u00f3n lum\\u00ednica a\\u00fan permite ver n\\u00edtidamente cientos, quiz\\u00e1s miles o millones de astros que salpican el cielo. La organizaci\\u00f3n no gubernamental estadounidense International Dark Sky Association (IDA) establece una serie de normas sobre contaminaci\\u00f3n lum\\u00ednica\",\"inLanguage\":\"es-ES\",\"isPartOf\":{\"@id\":\"https:\\\/\\\/www.eldigitaldeasturias.com\\\/noticias\\\/#website\"},\"breadcrumb\":{\"@id\":\"https:\\\/\\\/www.eldigitaldeasturias.com\\\/noticias\\\/los-parques-estelares-ventanas-a-la-via-lactea\\\/#breadcrumblist\"},\"author\":{\"@id\":\"https:\\\/\\\/www.eldigitaldeasturias.com\\\/noticias\\\/author\\\/admin\\\/#author\"},\"creator\":{\"@id\":\"https:\\\/\\\/www.eldigitaldeasturias.com\\\/noticias\\\/author\\\/admin\\\/#author\"},\"image\":{\"@type\":\"ImageObject\",\"url\":\"https:\\\/\\\/www.eldigitaldeasturias.com\\\/noticias\\\/wp-content\\\/uploads\\\/2019\\\/09\\\/parques-estelares.jpg\",\"@id\":\"https:\\\/\\\/www.eldigitaldeasturias.com\\\/noticias\\\/los-parques-estelares-ventanas-a-la-via-lactea\\\/#mainImage\",\"width\":1001,\"height\":666,\"caption\":\"No olvidemos que somos parte de un cosmos: mirar las estrellas puede ser un gran momento. Foto: Sebastian Voltmer\\\/dpa-tmn\"},\"primaryImageOfPage\":{\"@id\":\"https:\\\/\\\/www.eldigitaldeasturias.com\\\/noticias\\\/los-parques-estelares-ventanas-a-la-via-lactea\\\/#mainImage\"},\"datePublished\":\"2019-09-11T08:53:15+02:00\",\"dateModified\":\"2019-09-11T08:53:15+02:00\"},{\"@type\":\"WebSite\",\"@id\":\"https:\\\/\\\/www.eldigitaldeasturias.com\\\/noticias\\\/#website\",\"url\":\"https:\\\/\\\/www.eldigitaldeasturias.com\\\/noticias\\\/\",\"name\":\"El Digital de Asturias - Diario de actualidad y noticias\",\"alternateName\":\"El Digital de Asturias - Diario de actualidad y noticias\",\"description\":\"Hemeroteca\",\"inLanguage\":\"es-ES\",\"publisher\":{\"@id\":\"https:\\\/\\\/www.eldigitaldeasturias.com\\\/noticias\\\/#organization\"}}]}\n\t\t<\/script>\n\t\t<!-- All in One SEO Pro -->\r\n\t\t<title>Los parques estelares, ventanas a la V\u00eda L\u00e1ctea - El Digital de Asturias<\/title>\n\n","aioseo_head_json":{"title":"Los parques estelares, ventanas a la V\u00eda L\u00e1ctea - El Digital de Asturias","description":"(dpa) - La observaci\u00f3n de las estrellas es un nuevo reclamo tur\u00edstico para regiones en las que la ausencia de contaminaci\u00f3n lum\u00ednica a\u00fan permite ver n\u00edtidamente cientos, quiz\u00e1s miles o millones de astros que salpican el cielo. La organizaci\u00f3n no gubernamental estadounidense International Dark Sky Association (IDA) establece una serie de normas sobre contaminaci\u00f3n lum\u00ednica","canonical_url":"https:\/\/www.eldigitaldeasturias.com\/noticias\/los-parques-estelares-ventanas-a-la-via-lactea\/","robots":"max-image-preview:large","keywords":"destacadas,turismo","webmasterTools":{"google-site-verification":"UA-38556648-1","msvalidate.01":"7dfe9f3f1b24437ab69f4f2559babe99","miscellaneous":""},"schema":{"@context":"https:\/\/schema.org","@graph":[{"@type":"BlogPosting","@id":"https:\/\/www.eldigitaldeasturias.com\/noticias\/los-parques-estelares-ventanas-a-la-via-lactea\/#blogposting","name":"Los parques estelares, ventanas a la V\u00eda L\u00e1ctea - El Digital de Asturias","headline":"Los parques estelares, ventanas a la V\u00eda L\u00e1ctea","author":{"@id":"https:\/\/www.eldigitaldeasturias.com\/noticias\/author\/admin\/#author"},"publisher":{"@id":"https:\/\/www.eldigitaldeasturias.com\/noticias\/#organization"},"image":{"@type":"ImageObject","url":"https:\/\/www.eldigitaldeasturias.com\/noticias\/wp-content\/uploads\/2019\/09\/parques-estelares.jpg","width":1001,"height":666,"caption":"No olvidemos que somos parte de un cosmos: mirar las estrellas puede ser un gran momento. Foto: Sebastian Voltmer\/dpa-tmn"},"datePublished":"2019-09-11T08:53:15+02:00","dateModified":"2019-09-11T08:53:15+02:00","inLanguage":"es-ES","mainEntityOfPage":{"@id":"https:\/\/www.eldigitaldeasturias.com\/noticias\/los-parques-estelares-ventanas-a-la-via-lactea\/#webpage"},"isPartOf":{"@id":"https:\/\/www.eldigitaldeasturias.com\/noticias\/los-parques-estelares-ventanas-a-la-via-lactea\/#webpage"},"articleSection":"Destacadas, Turismo"},{"@type":"BreadcrumbList","@id":"https:\/\/www.eldigitaldeasturias.com\/noticias\/los-parques-estelares-ventanas-a-la-via-lactea\/#breadcrumblist","itemListElement":[{"@type":"ListItem","@id":"https:\/\/www.eldigitaldeasturias.com\/noticias#listItem","position":1,"name":"Home","item":"https:\/\/www.eldigitaldeasturias.com\/noticias","nextItem":{"@type":"ListItem","@id":"https:\/\/www.eldigitaldeasturias.com\/noticias\/category\/destacadas\/#listItem","name":"Destacadas"}},{"@type":"ListItem","@id":"https:\/\/www.eldigitaldeasturias.com\/noticias\/category\/destacadas\/#listItem","position":2,"name":"Destacadas","item":"https:\/\/www.eldigitaldeasturias.com\/noticias\/category\/destacadas\/","nextItem":{"@type":"ListItem","@id":"https:\/\/www.eldigitaldeasturias.com\/noticias\/los-parques-estelares-ventanas-a-la-via-lactea\/#listItem","name":"Los parques estelares, ventanas a la V\u00eda L\u00e1ctea"},"previousItem":{"@type":"ListItem","@id":"https:\/\/www.eldigitaldeasturias.com\/noticias#listItem","name":"Home"}},{"@type":"ListItem","@id":"https:\/\/www.eldigitaldeasturias.com\/noticias\/los-parques-estelares-ventanas-a-la-via-lactea\/#listItem","position":3,"name":"Los parques estelares, ventanas a la V\u00eda L\u00e1ctea","previousItem":{"@type":"ListItem","@id":"https:\/\/www.eldigitaldeasturias.com\/noticias\/category\/destacadas\/#listItem","name":"Destacadas"}}]},{"@type":"Organization","@id":"https:\/\/www.eldigitaldeasturias.com\/noticias\/#organization","name":"El Digital de Asturias","description":"Hemeroteca","url":"https:\/\/www.eldigitaldeasturias.com\/noticias\/","email":"info@eldigitaldeasturias.com","telephone":"+34652131393","logo":{"@type":"ImageObject","url":"https:\/\/www.eldigitaldeasturias.com\/noticias\/wp-content\/uploads\/2020\/12\/EDA.jpg","@id":"https:\/\/www.eldigitaldeasturias.com\/noticias\/los-parques-estelares-ventanas-a-la-via-lactea\/#organizationLogo","width":649,"height":297},"image":{"@id":"https:\/\/www.eldigitaldeasturias.com\/noticias\/los-parques-estelares-ventanas-a-la-via-lactea\/#organizationLogo"},"sameAs":["https:\/\/facebook.com\/eldigitaldeasturias","https:\/\/www.youtube.com\/channel\/UCZP-2wLEB9Rv6erhFmqVnvg"],"address":{"@id":"https:\/\/www.eldigitaldeasturias.com\/noticias\/#postaladdress","@type":"PostalAddress","streetAddress":"san antonio 4,","postalCode":"33430","addressLocality":"Cand\u00e1s","addressRegion":"Asturias","addressCountry":"ES"}},{"@type":"Person","@id":"https:\/\/www.eldigitaldeasturias.com\/noticias\/author\/admin\/#author","url":"https:\/\/www.eldigitaldeasturias.com\/noticias\/author\/admin\/","name":"El Digital de Asturias","image":{"@type":"ImageObject","@id":"https:\/\/www.eldigitaldeasturias.com\/noticias\/los-parques-estelares-ventanas-a-la-via-lactea\/#authorImage","url":"https:\/\/www.eldigitaldeasturias.com\/noticias\/wp-content\/litespeed\/avatar\/18677e78aa0546b92d9dbf31ec7d7668.jpg?ver=1777290358","width":96,"height":96,"caption":"El Digital de Asturias"}},{"@type":"WebPage","@id":"https:\/\/www.eldigitaldeasturias.com\/noticias\/los-parques-estelares-ventanas-a-la-via-lactea\/#webpage","url":"https:\/\/www.eldigitaldeasturias.com\/noticias\/los-parques-estelares-ventanas-a-la-via-lactea\/","name":"Los parques estelares, ventanas a la V\u00eda L\u00e1ctea - El Digital de Asturias","description":"(dpa) - La observaci\u00f3n de las estrellas es un nuevo reclamo tur\u00edstico para regiones en las que la ausencia de contaminaci\u00f3n lum\u00ednica a\u00fan permite ver n\u00edtidamente cientos, quiz\u00e1s miles o millones de astros que salpican el cielo. La organizaci\u00f3n no gubernamental estadounidense International Dark Sky Association (IDA) establece una serie de normas sobre contaminaci\u00f3n lum\u00ednica","inLanguage":"es-ES","isPartOf":{"@id":"https:\/\/www.eldigitaldeasturias.com\/noticias\/#website"},"breadcrumb":{"@id":"https:\/\/www.eldigitaldeasturias.com\/noticias\/los-parques-estelares-ventanas-a-la-via-lactea\/#breadcrumblist"},"author":{"@id":"https:\/\/www.eldigitaldeasturias.com\/noticias\/author\/admin\/#author"},"creator":{"@id":"https:\/\/www.eldigitaldeasturias.com\/noticias\/author\/admin\/#author"},"image":{"@type":"ImageObject","url":"https:\/\/www.eldigitaldeasturias.com\/noticias\/wp-content\/uploads\/2019\/09\/parques-estelares.jpg","@id":"https:\/\/www.eldigitaldeasturias.com\/noticias\/los-parques-estelares-ventanas-a-la-via-lactea\/#mainImage","width":1001,"height":666,"caption":"No olvidemos que somos parte de un cosmos: mirar las estrellas puede ser un gran momento. Foto: Sebastian Voltmer\/dpa-tmn"},"primaryImageOfPage":{"@id":"https:\/\/www.eldigitaldeasturias.com\/noticias\/los-parques-estelares-ventanas-a-la-via-lactea\/#mainImage"},"datePublished":"2019-09-11T08:53:15+02:00","dateModified":"2019-09-11T08:53:15+02:00"},{"@type":"WebSite","@id":"https:\/\/www.eldigitaldeasturias.com\/noticias\/#website","url":"https:\/\/www.eldigitaldeasturias.com\/noticias\/","name":"El Digital de Asturias - Diario de actualidad y noticias","alternateName":"El Digital de Asturias - Diario de actualidad y noticias","description":"Hemeroteca","inLanguage":"es-ES","publisher":{"@id":"https:\/\/www.eldigitaldeasturias.com\/noticias\/#organization"}}]},"og:locale":"es_ES","og:site_name":"El Digital de Asturias","og:type":"article","og:title":"Los parques estelares, ventanas a la V\u00eda L\u00e1ctea - El Digital de Asturias","og:description":"(dpa) - La observaci\u00f3n de las estrellas es un nuevo reclamo tur\u00edstico para regiones en las que la ausencia de contaminaci\u00f3n lum\u00ednica a\u00fan permite ver n\u00edtidamente cientos, quiz\u00e1s miles o millones de astros que salpican el cielo. La organizaci\u00f3n no gubernamental estadounidense International Dark Sky Association (IDA) establece una serie de normas sobre contaminaci\u00f3n lum\u00ednica","og:url":"https:\/\/www.eldigitaldeasturias.com\/noticias\/los-parques-estelares-ventanas-a-la-via-lactea\/","og:image":"https:\/\/www.eldigitaldeasturias.com\/noticias\/wp-content\/uploads\/2019\/09\/parques-estelares.jpg","og:image:secure_url":"https:\/\/www.eldigitaldeasturias.com\/noticias\/wp-content\/uploads\/2019\/09\/parques-estelares.jpg","og:image:width":1001,"og:image:height":666,"article:tag":["destacadas","turismo"],"article:published_time":"2019-09-11T08:53:15+00:00","article:modified_time":"2019-09-11T08:53:15+00:00","article:publisher":"https:\/\/facebook.com\/eldigitaldeasturias","twitter:card":"summary_large_image","twitter:title":"Los parques estelares, ventanas a la V\u00eda L\u00e1ctea - El Digital de Asturias","twitter:description":"(dpa) - La observaci\u00f3n de las estrellas es un nuevo reclamo tur\u00edstico para regiones en las que la ausencia de contaminaci\u00f3n lum\u00ednica a\u00fan permite ver n\u00edtidamente cientos, quiz\u00e1s miles o millones de astros que salpican el cielo. La organizaci\u00f3n no gubernamental estadounidense International Dark Sky Association (IDA) establece una serie de normas sobre contaminaci\u00f3n lum\u00ednica","twitter:image":"https:\/\/www.eldigitaldeasturias.com\/noticias\/wp-content\/uploads\/2019\/09\/parques-estelares.jpg","twitter:label1":"Escrito por","twitter:data1":"El Digital de Asturias","twitter:label2":"Tiempo de lectura estimado","twitter:data2":"3 minutos"},"aioseo_meta_data":{"post_id":"1040228","title":null,"description":null,"keywords":null,"keyphrases":null,"primary_term":null,"canonical_url":null,"og_title":null,"og_description":null,"og_object_type":"default","og_image_type":"default","og_image_url":null,"og_image_width":null,"og_image_height":null,"og_image_custom_url":null,"og_image_custom_fields":null,"og_video":null,"og_custom_url":null,"og_article_section":null,"og_article_tags":null,"twitter_use_og":false,"twitter_card":"default","twitter_image_type":"default","twitter_image_url":null,"twitter_image_custom_url":null,"twitter_image_custom_fields":null,"twitter_title":null,"twitter_description":null,"schema":{"blockGraphs":[],"customGraphs":[],"default":{"data":{"Article":[],"Course":[],"Dataset":[],"FAQPage":[],"Movie":[],"Person":[],"Product":[],"ProductReview":[],"Car":[],"Recipe":[],"Service":[],"SoftwareApplication":[],"WebPage":[]},"graphName":"","isEnabled":true},"graphs":[],"defaultGraph":"","defaultPostTypeGraph":""},"schema_type":null,"schema_type_options":null,"pillar_content":false,"robots_default":true,"robots_noindex":false,"robots_noarchive":false,"robots_nosnippet":false,"robots_nofollow":false,"robots_noimageindex":false,"robots_noodp":false,"robots_notranslate":false,"robots_max_snippet":null,"robots_max_videopreview":null,"robots_max_imagepreview":"large","priority":null,"frequency":null,"local_seo":null,"seo_analyzer_scan_date":"2025-10-23 08:26:11","breadcrumb_settings":null,"limit_modified_date":false,"open_ai":null,"ai":null,"created":"2020-12-21 11:04:15","updated":"2025-10-23 08:26:11"},"aioseo_breadcrumb":"<div class=\"aioseo-breadcrumbs\"><span class=\"aioseo-breadcrumb\">\n\t<a href=\"https:\/\/www.eldigitaldeasturias.com\/noticias\" title=\"Home\">Home<\/a>\n<\/span><span class=\"aioseo-breadcrumb-separator\">\u2013<\/span><span class=\"aioseo-breadcrumb\">\n\t<a href=\"https:\/\/www.eldigitaldeasturias.com\/noticias\/category\/destacadas\/\" title=\"Destacadas\">Destacadas<\/a>\n<\/span><span class=\"aioseo-breadcrumb-separator\">\u2013<\/span><span class=\"aioseo-breadcrumb\">\n\t<a href=\"https:\/\/www.eldigitaldeasturias.com\/noticias\/los-parques-estelares-ventanas-a-la-via-lactea\/\" title=\"Los parques estelares, ventanas a la V\u00eda L\u00e1ctea\">Los parques estelares, ventanas a la V\u00eda L\u00e1ctea<\/a>\n<\/span><\/div>","aioseo_breadcrumb_json":[{"label":"Home","link":"https:\/\/www.eldigitaldeasturias.com\/noticias"},{"label":"Destacadas","link":"https:\/\/www.eldigitaldeasturias.com\/noticias\/category\/destacadas\/"},{"label":"Los parques estelares, ventanas a la V\u00eda L\u00e1ctea","link":"https:\/\/www.eldigitaldeasturias.com\/noticias\/los-parques-estelares-ventanas-a-la-via-lactea\/"}],"_links":{"self":[{"href":"https:\/\/www.eldigitaldeasturias.com\/noticias\/wp-json\/wp\/v2\/posts\/1040228","targetHints":{"allow":["GET"]}}],"collection":[{"href":"https:\/\/www.eldigitaldeasturias.com\/noticias\/wp-json\/wp\/v2\/posts"}],"about":[{"href":"https:\/\/www.eldigitaldeasturias.com\/noticias\/wp-json\/wp\/v2\/types\/post"}],"author":[{"embeddable":true,"href":"https:\/\/www.eldigitaldeasturias.com\/noticias\/wp-json\/wp\/v2\/users\/1"}],"replies":[{"embeddable":true,"href":"https:\/\/www.eldigitaldeasturias.com\/noticias\/wp-json\/wp\/v2\/comments?post=1040228"}],"version-history":[{"count":0,"href":"https:\/\/www.eldigitaldeasturias.com\/noticias\/wp-json\/wp\/v2\/posts\/1040228\/revisions"}],"wp:featuredmedia":[{"embeddable":true,"href":"https:\/\/www.eldigitaldeasturias.com\/noticias\/wp-json\/wp\/v2\/media\/1040229"}],"wp:attachment":[{"href":"https:\/\/www.eldigitaldeasturias.com\/noticias\/wp-json\/wp\/v2\/media?parent=1040228"}],"wp:term":[{"taxonomy":"category","embeddable":true,"href":"https:\/\/www.eldigitaldeasturias.com\/noticias\/wp-json\/wp\/v2\/categories?post=1040228"},{"taxonomy":"post_tag","embeddable":true,"href":"https:\/\/www.eldigitaldeasturias.com\/noticias\/wp-json\/wp\/v2\/tags?post=1040228"}],"curies":[{"name":"wp","href":"https:\/\/api.w.org\/{rel}","templated":true}]}}