{"id":1040121,"date":"2019-09-10T11:10:18","date_gmt":"2019-09-10T11:10:18","guid":{"rendered":"https:\/\/www.eldigitaldeasturias.com\/noticias\/?p=1040121"},"modified":"2019-09-10T11:10:18","modified_gmt":"2019-09-10T11:10:18","slug":"hisense-revoluciona-en-ifa-2019-el-sector-de-la-gama-blanca","status":"publish","type":"post","link":"https:\/\/www.eldigitaldeasturias.com\/noticias\/hisense-revoluciona-en-ifa-2019-el-sector-de-la-gama-blanca\/","title":{"rendered":"Hisense revoluciona en IFA 2019 el sector de la gama blanca"},"content":{"rendered":"<p><img loading=\"lazy\" decoding=\"async\" class=\"alignleft size-medium wp-image-1040122\" src=\"https:\/\/www.eldigitaldeasturias.com\/noticias\/wp-content\/uploads\/2019\/09\/1568047835_Hisensecocina-304x320.jpg\" alt=\"\" width=\"304\" height=\"320\" srcset=\"https:\/\/www.eldigitaldeasturias.com\/noticias\/wp-content\/uploads\/2019\/09\/1568047835_Hisensecocina-304x320.jpg 304w, https:\/\/www.eldigitaldeasturias.com\/noticias\/wp-content\/uploads\/2019\/09\/1568047835_Hisensecocina-457x480.jpg 457w, https:\/\/www.eldigitaldeasturias.com\/noticias\/wp-content\/uploads\/2019\/09\/1568047835_Hisensecocina.jpg 628w\" sizes=\"auto, (max-width: 304px) 100vw, 304px\" \/>Hisense, marca l\u00edder en tecnolog\u00eda de consumo, as\u00ed como patrocinadora de la UEFA EURO 2020&#x2122;, ser\u00e1 una de las grandes protagonistas de la IFA 2019 que se celebra en Berl\u00edn desde el 6 al 11 de septiembre. Durante el evento, periodistas, empresas y visitantes podr\u00e1n conocer las \u00faltimas novedades tecnol\u00f3gicas de la marca aplicadas al hogar inteligente en el stand 201 del pabell\u00f3n 6.2.<\/p>\n<p>Durante el evento, Hisense presenta su \u00faltima colecci\u00f3n de productos de gama blanca, su nueva gama de encastre y la innovadora plataforma\u00a0<strong>ConnectLife<\/strong>. La compa\u00f1\u00eda, centrada en aportar los \u00faltimos avances tecnol\u00f3gicos, mayor eficiencia energ\u00e9tica y una amplia oferta de servicios, muestra algunas de las \u00faltimas innovaciones en frigor\u00edficos, lavadoras\u2013secadoras, lavavajillas, hornos y encimeras con las que quiere revolucionar la industria de los electrodom\u00e9sticos.<\/p>\n<h3><strong>ConnectLife, la plataforma que conecta electrodom\u00e9sticos, personas y servicios.<\/strong><\/h3>\n<p>Hisense, junto con sus filiales Gorenje y Asko, han desarrollado soluciones capaces de hacer m\u00e1s f\u00e1cil la vida de sus usuarios gracias a la innovadora plataforma\u00a0<strong>ConnectLife<\/strong>, que permite conectar dispositivos, personas y servicios, as\u00ed como los distintos productos Hisense: cocina, refrigeraci\u00f3n, lavado y secado.<\/p>\n<p>Esta plataforma incluye servicios digitales avanzados y soluciones adecuadas para todo tipo de dispositivos, as\u00ed como funcionalidades, servicios, instrucciones de uso y contenidos \u00fatiles adicionales en una sola aplicaci\u00f3n. ConnectLife ofrece recordatorios para el mantenimiento de los dispositivos registrados, consejos sobre la preparaci\u00f3n de alimentos y otros trucos \u00fatiles para el hogar. Adem\u00e1s, integra servicios y productos ofrecidos por socios externos como Alexa, Google o Siri, y es capaz de aprender de los h\u00e1bitos del usuario para ajustarse autom\u00e1ticamente a sus preferencias.<\/p>\n<p>A su vez, el nuevo asistente digital de Gorenje, Anna, resulta esencial y de gran ayuda al comprar el electrodom\u00e9stico perfecto, solucionar un problema con un producto o utilizarlo de manera m\u00e1s eficiente.<\/p>\n<h4><strong>Cocinas flexibles y m\u00e1s \u2018techies\u2019 para satisfacer todas las necesidades.<\/strong><\/h4>\n<p>Hisense presenta en IFA 2019 sus innovaciones para la cocina, con sus hornos, encimeras, campanas extractoras y lavavajillas, que har\u00e1n que la experiencia de cocinar sea m\u00e1s placentera y atractiva que nunca.<\/p>\n<h4><strong>Hornos para dise\u00f1ados para alimentar los deseos del usuario.<\/strong><\/h4>\n<p>Con el innovador dise\u00f1o\u00a0<strong>Even Bake<\/strong>, inspirado en los hornos tradicionales de le\u00f1a, la nueva generaci\u00f3n de la marca consigue una circulaci\u00f3n \u00f3ptima del aire caliente que da como resultado un alimento cocinado de forma uniforme. Comprometidos con una sana alimentaci\u00f3n, la funci\u00f3n\u00a0<strong>Multi Steam Flow<\/strong>\u00a0de Hisense permite preparar alimentos sin aceite, preservando la textura y los nutrientes de los alimentos. Ambas caracter\u00edsticas est\u00e1n incorporadas en el modelo\u00a0<strong>BS5545AG<\/strong>, una de las mejores opciones para preparar cualquier plato al gusto del usuario.<\/p>\n<p>Hisense sabe lo importante que es el mantenimiento del horno y el desarrollo de herramientas que faciliten su limpieza. Otra gran caracter\u00edstica es la autolimpieza pirol\u00edtica, por lo que en IFA 2019 presenta dos modelos que la incluyen:\u00a0<strong>BI5229PX<\/strong>\u00a0y\u00a0<strong>BI5329PG<\/strong>. La compa\u00f1\u00eda dispone adem\u00e1s de hornos que utilizan vapor mediante aplicaciones como\u00a0<strong>Steam Clean<\/strong>, que usa agua para eliminar eficazmente la grasa y las manchas en todas las cavidades.<\/p>\n<h4><strong>Encimeras de gas: menor tiempo de cocci\u00f3n y gran ahorro de energ\u00eda.<\/strong><\/h4>\n<p>La nueva generaci\u00f3n de encimeras de gas Hisense ofrece gran ahorro energ\u00e9tico, reduce el tiempo de cocci\u00f3n y la p\u00e9rdida de temperatura. Encimeras de gas como\u00a0<span style=\"color: #ff6600;\"><a style=\"color: #ff6600;\" href=\"https:\/\/www.hisense.es\/encimeras\/gas\/gm663x\/\" target=\"_blank\" rel=\"nofollow noopener noreferrer\"><strong>GM663X<\/strong><\/a><\/span>\u00a0est\u00e1n equipadas con perillas ergon\u00f3micas que brindan mayor comodidad y control, y, gracias al nuevo dise\u00f1o, ampl\u00eda un 20% el \u00e1rea de cocci\u00f3n \u00fatil.<\/p>\n<h3><strong>Encimeras de inducci\u00f3n: programas inteligentes para una cocina intuitiva.<\/strong><\/h3>\n<p>En encimeras de inducci\u00f3n, Hisense ofrece el uso de programas inteligentes para una experiencia de cocci\u00f3n m\u00e1s sencilla, y poder automatizar y prestablecer la temperatura de cocci\u00f3n: cocinar a fuego lento, asar, derretir suavemente o, simplemente, mantener la comida caliente. Y gracias a la funci\u00f3n de reconocimiento, las nuevas encimeras de inducci\u00f3n detectan autom\u00e1ticamente cualquier olla cuando esta se enciende. Entre los modelos de encimeras presentados en IFA 2019, destaca el\u00a0<strong>I6457C,<\/strong>\u00a0que cuenta con una inducci\u00f3n flexible de nueva generaci\u00f3n con ocho inductores; o el\u00a0<span style=\"color: #ff6600;\"><a style=\"color: #ff6600;\" href=\"https:\/\/www.hisense.es\/encimeras\/induccion\/i6456c\/\" target=\"_blank\" rel=\"nofollow noopener noreferrer\"><strong>I6456C<\/strong><\/a><\/span>, que dispone de cuatro zonas de calentamiento por inducci\u00f3n y programas como\u00a0<strong>Rapid Boil<\/strong>, perfecto para platos que requieren una cocci\u00f3n r\u00e1pida a altas temperaturas, adem\u00e1s de programas como\u00a0<strong>Smart Boil, Smart Simmer o Smart Grill<\/strong>\u00a0para obtener los mejores resultados de cocci\u00f3n.<\/p>\n<h3><strong>Campanas extractoras para la perfecta armon\u00eda del hogar.<\/strong><\/h3>\n<p>La nueva l\u00ednea de campanas de cocina Hisense presenta una combinaci\u00f3n \u00fanica de funcionalidad y dise\u00f1o, con una apariencia que les permiten integrarse armoniosamente con cualquier interior y un filtrado de grasa excelente y altamente eficiente. Algunos modelos est\u00e1n fabricados en aluminio lavable con filtros de espuma de poliuretano, que eliminan hasta el 95% de todas las part\u00edculas de grasa y otras impurezas, al tiempo que mantienen la eficiencia de absorci\u00f3n. Al mismo tiempo, las campanas verticales capturan hasta un 42% m\u00e1s de part\u00edculas de grasa y otras impurezas que los modelos anteriores de Hisense.<\/p>\n<p>En IFA 2019, se presentan los modelos\u00a0<strong>CH6T4BXUK<\/strong>\u00a0y\u00a0<strong>CH9T6DXGB<\/strong>, con ventilaci\u00f3n de extracci\u00f3n de aire o circulaci\u00f3n, y con tres posiciones de velocidad, luces LED y un nivel de ruido m\u00e1ximo de 67 y 66 dB, respectivamente.<\/p>\n<h3><strong>Lavavajillas eficientes con mejores resultados de lavado.<\/strong><\/h3>\n<p>Los lavavajillas Hisense cuentan con el contenedor de acero inoxidable m\u00e1s grande y completo del mercado, para lavar platos con un di\u00e1metro de 31 cm en el modelo XL (82 cm) o, incluso, de 35 cm en el modelo XXL (86 cm). La funci\u00f3n Auto Dry, que abre ligeramente la puerta del lavavajillas de manera autom\u00e1tica y deja salir el exceso de vapor, resulta m\u00e1s eficiente desde el punto de vista energ\u00e9tico.<\/p>\n<p>Para ocupar menos espacio en la cocina y hacer m\u00e1s c\u00f3modo su uso, los nuevos lavavajillas est\u00e1n equipados con un sistema de puertas correderas. Adem\u00e1s, disponen de un potente motor sin escobillas y tecnolog\u00eda\u00a0<strong>Inverter<\/strong>\u00a0para un menor consumo de energ\u00eda, menos ruido, potencia variable del flujo de agua y garant\u00eda de hasta 10 a\u00f1os.<\/p>\n<p>Durante IFA 2019 se presentan los modelos\u00a0<strong>HS6130X<\/strong>,\u00a0<strong>HS6130BX\u00a0<\/strong>y\u00a0<strong>HV6231<\/strong>, todos con navegaci\u00f3n intuitiva y sencilla, tres cestas, 16 configuraciones diferentes, funci\u00f3n de limpieza r\u00e1pida de 15 minutos, nivel de ruido de entre 42 y 45 dB, clase energ\u00e9tica A +++ y varias funciones innovadoras adicionales para el perfecto lavado de la vajilla.<\/p>\n<h3><strong>Nuevos frigor\u00edficos y congeladores inteligentes<\/strong><\/h3>\n<p>Entre su gran oferta de productos, se pueden encontrar m\u00e1s de 15 electrodom\u00e9sticos nuevos destinados a la refrigeraci\u00f3n y congelaci\u00f3n, con novedades como\u00a0<strong>Hisense All-New-Multi-Door,<\/strong>\u00a0capaz de ofrecer una mejor manera de enfriar y mantener frescos alimentos y bebidas; dise\u00f1o premium\u00a0<strong>PureFlat<\/strong>, que se adapta perfectamente a cualquier tipo de cocina; o\u00a0<strong>My Fresh Choice,<\/strong>\u00a0que ofrece diferentes configuraciones de temperatura entre -20\u00b0 C y 5\u00b0 C.<\/p>\n<h3><strong>HiSmart Life: vida conectada y simplificada.<\/strong><\/h3>\n<p>El refrigerador con conexi\u00f3n wifi HiSmart Life\u00a0<strong>RF724N4SM2<\/strong>\u00a0consigue una gesti\u00f3n de los alimentos realmente sencilla. Las c\u00e1maras que incorpora permiten visualizar el interior desde un smartphone sin necesidad de abrir la puerta, etiquetar alimentos por fechas de caducidad o generar recordatorios.<\/p>\n<h3><strong>PureFlat: ajuste perfecto a cualquier cocina.<\/strong><\/h3>\n<p>Los modelos de la serie\u00a0<strong>PureFlat<\/strong>\u00a0se adaptan perfectamente a cualquier cocina debido a su dise\u00f1o de \u00faltima generaci\u00f3n. Los modelos\u00a0<strong>RF551N4AF2<\/strong>\u00a0y\u00a0<strong>RQ562N4AF2<\/strong>\u00a0presentados en IFA 2019 ya est\u00e1n disponibles, y los modelos\u00a0<strong>RQ679N4AF2<\/strong>\u00a0y\u00a0<strong>RF728N4AF2<\/strong>, a partir de 2020.<\/p>\n<h3><strong>Mantener los alimentos frescos por m\u00e1s tiempo.<\/strong><\/h3>\n<p>El frigor\u00edfico\u00a0<strong>RQ737N4AM2<\/strong>\u00a0es capaz de sellar al vac\u00edo r\u00e1pidamente las bolsas de almacenamiento para una mayor conservaci\u00f3n de los alimentos. Para ello, basta con introducirlos en una bolsa al vac\u00edo, colocar la parte sin sellar de la bolsa en la barra de sellado y configurar la funci\u00f3n requerida.<\/p>\n<h3><strong>Serie un 43% m\u00e1s eficiente energ\u00e9ticamente.<\/strong><\/h3>\n<p>Los modelos de la\u00a0<strong>serie High Efficiency<\/strong>\u00a0de la nueva clase energ\u00e9tica A de Hisense son un 43% m\u00e1s eficientes que la antigua clase A+++ y producen un bajo nivel de ruido de 35 dB. Otra caracter\u00edstica que ofrecen es el sistema\u00a0<strong>0\u00a0<\/strong><strong>\u2103<\/strong><strong>\u00a0Cooling System<\/strong>, con un dise\u00f1o de control de humedad perfecto para el almacenamiento higi\u00e9nico de pescado y carne antes de cocinarlos.<\/p>\n<h3><strong>El vino, siempre a la temperatura perfecta.<\/strong><\/h3>\n<p>El innovador\u00a0<strong>RF724N4SM2<\/strong>\u00a0est\u00e1 pensado especialmente para los amantes del vino y ofrece un amplio espacio para contener hasta 56 botellas. Mientras que el modelo\u00a0<strong>RW54N4AJ0<\/strong>\u00a0ofrece estantes deslizantes que aseguran un f\u00e1cil acceso al vino. Para finales de 2019 estar\u00e1 disponible un modelo similar, el\u00a0<strong>RW46N4AJ0<\/strong>, con dos zonas para enfriar botellas de vino a diferentes temperaturas al mismo tiempo, ya sean espumosos, blancos, rosados \u200b\u200bo tintos.<\/p>\n<h3><strong>Lavadoras y secadoras eficientes y respetuosas con el medio ambiente.<\/strong><\/h3>\n<p>Durante IFA 2019, Hisense presenta innovadoras lavadoras, secadoras y modelos 2 en 1, con tecnolog\u00edas como 3D Power Jet Wash y Steam Wash Technology, para un lavado y secado m\u00e1s sencillos. O el nuevo motor BLDC para un lavado y secado m\u00e1s silencioso y respetuoso con el medio ambiente, sin escobillas ni fricci\u00f3n, y que reduce el consumo de energ\u00eda.<\/p>\n<h3><strong>WDQQ1014VI: una potente y efectiva lavadora-secadora.<\/strong><\/h3>\n<p>La nueva lavadora y secadora\u00a0<strong>WDQQ1014VI<\/strong>, con motor BLDC y 3D Power Jet Wash, proporciona un alto rendimiento para cargas de lavado de hasta 10 kg, y de hasta 7 kg de ropa en secado.<\/p>\n<h3><strong>3D Power Jet Wash y esterilizaci\u00f3n UV para una limpieza eficiente y saludable<\/strong><\/h3>\n<p>El sistema 3D Power Jet Wash, desarrollado por Hisense, produce un flujo de agua que disuelve el detergente r\u00e1pidamente y elimina la suciedad de la ropa. Para ello, prescinde de una dosis excesiva de detergente y suavizante. Y la l\u00e1mpara UV y la esterilizaci\u00f3n mediante iones de plata eliminan la mayor\u00eda de las bacterias dentro de la lavadora, con una tasa de esterilizaci\u00f3n del 99,99%.<\/p>\n<h3><strong>Magic Mirror: adaptable y flexible.<\/strong><\/h3>\n<p>Gracias al dise\u00f1o de Magic Mirror de Hisense, est\u00e1 lavadora presentada durante IFA 2019 es la elecci\u00f3n perfecta para espacios m\u00e1s peque\u00f1os. Combina un espejo y una lavadora para cargas de hasta 3 kg y se encuentra disponible en plateado y con etiqueta energ\u00e9tica A+++.<\/p>\n<h3><strong>Tecnolog\u00eda de lavado a vapor y secado eficiente para planchar menos y refrescar la ropa.<\/strong><\/h3>\n<p>La tecnolog\u00eda de lavado a vapor de Hisense utiliza programas de vapor cortos y suaves para eliminar los olores de la ropa. Al mismo tiempo, reduce las arrugas, ahorra tiempo de secado y su lavado con vapor hace que la ropa est\u00e9 limpia y suave.<\/p>\n<h3><strong>Acerca de Hisense<\/strong><\/h3>\n<p>Hisense, empresa de alta tecnolog\u00eda y patrocinadora de la UEFA EURO 2020, fue fundada en China en 1969 y es uno de los principales fabricantes internacionales de televisores de pantalla plana, electrodom\u00e9sticos (frigor\u00edficos \/ congeladores, encimeras, campanas, hornos y lavavajillas), as\u00ed como equipos de climatizaci\u00f3n, dispositivos m\u00f3viles y electr\u00f3nica del entretenimiento.<\/p>\n<p>Hisense invierte continuamente en investigaci\u00f3n y desarrollo tecnol\u00f3gico. Gracias a un equipo internacional de alrededor de 75.000 empleados, la compa\u00f1\u00eda lleva a cabo su objetivo: hacer de Hisense una marca l\u00edder en todo el mundo. Para ello, Hisense cuenta con m\u00e1s de 14 centros de producci\u00f3n y 12 centros de I + D en todo el mundo, as\u00ed como filiales en Europa, Am\u00e9rica del Norte, Australia, \u00c1frica y el sudeste asi\u00e1tico. Actualmente los productos de la compa\u00f1\u00eda est\u00e1n disponibles en m\u00e1s de 130 pa\u00edses. Hisense Europa y su filial alemana tiene su sede en D\u00fcsseldorf, ubicaci\u00f3n donde se sit\u00faa el centro europeo de investigaci\u00f3n y desarrollo. Otras filiales europeas de la marca se encuentran en Reino Unido, Francia, Espa\u00f1a, Italia y Rep\u00fablica Checa.<\/p>\n<p>Hisense Iberia, con sede en Valencia, lleva una d\u00e9cada de constante crecimiento en el mercado espa\u00f1ol y portugu\u00e9s. Sus innovadores productos se pueden encontrar en m\u00e1s de 5.000 puntos de venta, entre ellos algunos de los retailers m\u00e1s importantes de ambos pa\u00edses.<\/p>\n<p>&nbsp;<\/p>\n","protected":false},"excerpt":{"rendered":"<p>Hisense, marca l\u00edder en tecnolog\u00eda de consumo, as\u00ed como patrocinadora de la UEFA EURO 2020&#x2122;, ser\u00e1 una de las grandes protagonistas de la IFA 2019 que se celebra en Berl\u00edn desde el 6 al 11 de septiembre. Durante el evento, periodistas, empresas y visitantes podr\u00e1n conocer las \u00faltimas novedades tecnol\u00f3gicas de la marca aplicadas al [&hellip;]<\/p>\n","protected":false},"author":1,"featured_media":1040122,"comment_status":"closed","ping_status":"closed","sticky":false,"template":"","format":"standard","meta":{"footnotes":""},"categories":[219],"tags":[],"class_list":["post-1040121","post","type-post","status-publish","format-standard","has-post-thumbnail","hentry","category-negocios-y-empresas"],"aioseo_notices":[],"aioseo_head":"\n\t\t<!-- All in One SEO Pro 4.9.6.2 - aioseo.com -->\n\t<meta name=\"description\" content=\"Hisense, marca l\u00edder en tecnolog\u00eda de consumo, as\u00ed como patrocinadora de la UEFA EURO 2020\u2122, ser\u00e1 una de las grandes protagonistas de la IFA 2019 que se celebra en Berl\u00edn desde el 6 al 11 de septiembre. Durante el evento, periodistas, empresas y visitantes podr\u00e1n conocer las \u00faltimas novedades tecnol\u00f3gicas de la marca aplicadas al\" \/>\n\t<meta name=\"robots\" content=\"max-image-preview:large\" \/>\n\t<meta name=\"author\" content=\"El Digital de Asturias\"\/>\n\t<meta name=\"google-site-verification\" content=\"UA-38556648-1\" \/>\n\t<meta name=\"msvalidate.01\" content=\"7dfe9f3f1b24437ab69f4f2559babe99\" \/>\n\t<meta name=\"keywords\" content=\"negocios y empresas\" \/>\n\t<link rel=\"canonical\" href=\"https:\/\/www.eldigitaldeasturias.com\/noticias\/hisense-revoluciona-en-ifa-2019-el-sector-de-la-gama-blanca\/\" \/>\n\t<meta name=\"generator\" content=\"All in One SEO Pro (AIOSEO) 4.9.6.2\" \/>\n\t\t<meta property=\"og:locale\" content=\"es_ES\" \/>\n\t\t<meta property=\"og:site_name\" content=\"El Digital de Asturias\" \/>\n\t\t<meta property=\"og:type\" content=\"article\" \/>\n\t\t<meta property=\"og:title\" content=\"Hisense revoluciona en IFA 2019 el sector de la gama blanca - El Digital de Asturias\" \/>\n\t\t<meta property=\"og:description\" content=\"Hisense, marca l\u00edder en tecnolog\u00eda de consumo, as\u00ed como patrocinadora de la UEFA EURO 2020\u2122, ser\u00e1 una de las grandes protagonistas de la IFA 2019 que se celebra en Berl\u00edn desde el 6 al 11 de septiembre. Durante el evento, periodistas, empresas y visitantes podr\u00e1n conocer las \u00faltimas novedades tecnol\u00f3gicas de la marca aplicadas al\" \/>\n\t\t<meta property=\"og:url\" content=\"https:\/\/www.eldigitaldeasturias.com\/noticias\/hisense-revoluciona-en-ifa-2019-el-sector-de-la-gama-blanca\/\" \/>\n\t\t<meta property=\"og:image\" content=\"https:\/\/www.eldigitaldeasturias.com\/noticias\/wp-content\/uploads\/2019\/09\/1568047835_Hisensecocina.jpg\" \/>\n\t\t<meta property=\"og:image:secure_url\" content=\"https:\/\/www.eldigitaldeasturias.com\/noticias\/wp-content\/uploads\/2019\/09\/1568047835_Hisensecocina.jpg\" \/>\n\t\t<meta property=\"og:image:width\" content=\"628\" \/>\n\t\t<meta property=\"og:image:height\" content=\"660\" \/>\n\t\t<meta property=\"article:tag\" content=\"negocios y empresas\" \/>\n\t\t<meta property=\"article:published_time\" content=\"2019-09-10T11:10:18+00:00\" \/>\n\t\t<meta property=\"article:modified_time\" content=\"2019-09-10T11:10:18+00:00\" \/>\n\t\t<meta property=\"article:publisher\" content=\"https:\/\/facebook.com\/eldigitaldeasturias\" \/>\n\t\t<meta name=\"twitter:card\" content=\"summary_large_image\" \/>\n\t\t<meta name=\"twitter:title\" content=\"Hisense revoluciona en IFA 2019 el sector de la gama blanca - El Digital de Asturias\" \/>\n\t\t<meta name=\"twitter:description\" content=\"Hisense, marca l\u00edder en tecnolog\u00eda de consumo, as\u00ed como patrocinadora de la UEFA EURO 2020\u2122, ser\u00e1 una de las grandes protagonistas de la IFA 2019 que se celebra en Berl\u00edn desde el 6 al 11 de septiembre. Durante el evento, periodistas, empresas y visitantes podr\u00e1n conocer las \u00faltimas novedades tecnol\u00f3gicas de la marca aplicadas al\" \/>\n\t\t<meta name=\"twitter:image\" content=\"https:\/\/www.eldigitaldeasturias.com\/noticias\/wp-content\/uploads\/2019\/09\/1568047835_Hisensecocina.jpg\" \/>\n\t\t<meta name=\"twitter:label1\" content=\"Escrito por\" \/>\n\t\t<meta name=\"twitter:data1\" content=\"El Digital de Asturias\" \/>\n\t\t<meta name=\"twitter:label2\" content=\"Tiempo de lectura estimado\" \/>\n\t\t<meta name=\"twitter:data2\" content=\"10 minutos\" \/>\n\t\t<script type=\"application\/ld+json\" class=\"aioseo-schema\">\n\t\t\t{\"@context\":\"https:\\\/\\\/schema.org\",\"@graph\":[{\"@type\":\"BlogPosting\",\"@id\":\"https:\\\/\\\/www.eldigitaldeasturias.com\\\/noticias\\\/hisense-revoluciona-en-ifa-2019-el-sector-de-la-gama-blanca\\\/#blogposting\",\"name\":\"Hisense revoluciona en IFA 2019 el sector de la gama blanca - El Digital de Asturias\",\"headline\":\"Hisense revoluciona en IFA 2019 el sector de la gama blanca\",\"author\":{\"@id\":\"https:\\\/\\\/www.eldigitaldeasturias.com\\\/noticias\\\/author\\\/admin\\\/#author\"},\"publisher\":{\"@id\":\"https:\\\/\\\/www.eldigitaldeasturias.com\\\/noticias\\\/#organization\"},\"image\":{\"@type\":\"ImageObject\",\"url\":\"https:\\\/\\\/www.eldigitaldeasturias.com\\\/noticias\\\/wp-content\\\/uploads\\\/2019\\\/09\\\/1568047835_Hisensecocina.jpg\",\"width\":628,\"height\":660},\"datePublished\":\"2019-09-10T11:10:18+02:00\",\"dateModified\":\"2019-09-10T11:10:18+02:00\",\"inLanguage\":\"es-ES\",\"mainEntityOfPage\":{\"@id\":\"https:\\\/\\\/www.eldigitaldeasturias.com\\\/noticias\\\/hisense-revoluciona-en-ifa-2019-el-sector-de-la-gama-blanca\\\/#webpage\"},\"isPartOf\":{\"@id\":\"https:\\\/\\\/www.eldigitaldeasturias.com\\\/noticias\\\/hisense-revoluciona-en-ifa-2019-el-sector-de-la-gama-blanca\\\/#webpage\"},\"articleSection\":\"Negocios y Empresas\"},{\"@type\":\"BreadcrumbList\",\"@id\":\"https:\\\/\\\/www.eldigitaldeasturias.com\\\/noticias\\\/hisense-revoluciona-en-ifa-2019-el-sector-de-la-gama-blanca\\\/#breadcrumblist\",\"itemListElement\":[{\"@type\":\"ListItem\",\"@id\":\"https:\\\/\\\/www.eldigitaldeasturias.com\\\/noticias#listItem\",\"position\":1,\"name\":\"Home\",\"item\":\"https:\\\/\\\/www.eldigitaldeasturias.com\\\/noticias\",\"nextItem\":{\"@type\":\"ListItem\",\"@id\":\"https:\\\/\\\/www.eldigitaldeasturias.com\\\/noticias\\\/category\\\/negocios-y-empresas\\\/#listItem\",\"name\":\"Negocios y Empresas\"}},{\"@type\":\"ListItem\",\"@id\":\"https:\\\/\\\/www.eldigitaldeasturias.com\\\/noticias\\\/category\\\/negocios-y-empresas\\\/#listItem\",\"position\":2,\"name\":\"Negocios y Empresas\",\"item\":\"https:\\\/\\\/www.eldigitaldeasturias.com\\\/noticias\\\/category\\\/negocios-y-empresas\\\/\",\"nextItem\":{\"@type\":\"ListItem\",\"@id\":\"https:\\\/\\\/www.eldigitaldeasturias.com\\\/noticias\\\/hisense-revoluciona-en-ifa-2019-el-sector-de-la-gama-blanca\\\/#listItem\",\"name\":\"Hisense revoluciona en IFA 2019 el sector de la gama blanca\"},\"previousItem\":{\"@type\":\"ListItem\",\"@id\":\"https:\\\/\\\/www.eldigitaldeasturias.com\\\/noticias#listItem\",\"name\":\"Home\"}},{\"@type\":\"ListItem\",\"@id\":\"https:\\\/\\\/www.eldigitaldeasturias.com\\\/noticias\\\/hisense-revoluciona-en-ifa-2019-el-sector-de-la-gama-blanca\\\/#listItem\",\"position\":3,\"name\":\"Hisense revoluciona en IFA 2019 el sector de la gama blanca\",\"previousItem\":{\"@type\":\"ListItem\",\"@id\":\"https:\\\/\\\/www.eldigitaldeasturias.com\\\/noticias\\\/category\\\/negocios-y-empresas\\\/#listItem\",\"name\":\"Negocios y Empresas\"}}]},{\"@type\":\"Organization\",\"@id\":\"https:\\\/\\\/www.eldigitaldeasturias.com\\\/noticias\\\/#organization\",\"name\":\"El Digital de Asturias\",\"description\":\"Hemeroteca\",\"url\":\"https:\\\/\\\/www.eldigitaldeasturias.com\\\/noticias\\\/\",\"email\":\"info@eldigitaldeasturias.com\",\"telephone\":\"+34652131393\",\"logo\":{\"@type\":\"ImageObject\",\"url\":\"https:\\\/\\\/www.eldigitaldeasturias.com\\\/noticias\\\/wp-content\\\/uploads\\\/2020\\\/12\\\/EDA.jpg\",\"@id\":\"https:\\\/\\\/www.eldigitaldeasturias.com\\\/noticias\\\/hisense-revoluciona-en-ifa-2019-el-sector-de-la-gama-blanca\\\/#organizationLogo\",\"width\":649,\"height\":297},\"image\":{\"@id\":\"https:\\\/\\\/www.eldigitaldeasturias.com\\\/noticias\\\/hisense-revoluciona-en-ifa-2019-el-sector-de-la-gama-blanca\\\/#organizationLogo\"},\"sameAs\":[\"https:\\\/\\\/facebook.com\\\/eldigitaldeasturias\",\"https:\\\/\\\/www.youtube.com\\\/channel\\\/UCZP-2wLEB9Rv6erhFmqVnvg\"],\"address\":{\"@id\":\"https:\\\/\\\/www.eldigitaldeasturias.com\\\/noticias\\\/#postaladdress\",\"@type\":\"PostalAddress\",\"streetAddress\":\"san antonio 4,\",\"postalCode\":\"33430\",\"addressLocality\":\"Cand\\u00e1s\",\"addressRegion\":\"Asturias\",\"addressCountry\":\"ES\"}},{\"@type\":\"Person\",\"@id\":\"https:\\\/\\\/www.eldigitaldeasturias.com\\\/noticias\\\/author\\\/admin\\\/#author\",\"url\":\"https:\\\/\\\/www.eldigitaldeasturias.com\\\/noticias\\\/author\\\/admin\\\/\",\"name\":\"El Digital de Asturias\",\"image\":{\"@type\":\"ImageObject\",\"@id\":\"https:\\\/\\\/www.eldigitaldeasturias.com\\\/noticias\\\/hisense-revoluciona-en-ifa-2019-el-sector-de-la-gama-blanca\\\/#authorImage\",\"url\":\"https:\\\/\\\/www.eldigitaldeasturias.com\\\/noticias\\\/wp-content\\\/litespeed\\\/avatar\\\/18677e78aa0546b92d9dbf31ec7d7668.jpg?ver=1777290358\",\"width\":96,\"height\":96,\"caption\":\"El Digital de Asturias\"}},{\"@type\":\"WebPage\",\"@id\":\"https:\\\/\\\/www.eldigitaldeasturias.com\\\/noticias\\\/hisense-revoluciona-en-ifa-2019-el-sector-de-la-gama-blanca\\\/#webpage\",\"url\":\"https:\\\/\\\/www.eldigitaldeasturias.com\\\/noticias\\\/hisense-revoluciona-en-ifa-2019-el-sector-de-la-gama-blanca\\\/\",\"name\":\"Hisense revoluciona en IFA 2019 el sector de la gama blanca - El Digital de Asturias\",\"description\":\"Hisense, marca l\\u00edder en tecnolog\\u00eda de consumo, as\\u00ed como patrocinadora de la UEFA EURO 2020\\u2122, ser\\u00e1 una de las grandes protagonistas de la IFA 2019 que se celebra en Berl\\u00edn desde el 6 al 11 de septiembre. Durante el evento, periodistas, empresas y visitantes podr\\u00e1n conocer las \\u00faltimas novedades tecnol\\u00f3gicas de la marca aplicadas al\",\"inLanguage\":\"es-ES\",\"isPartOf\":{\"@id\":\"https:\\\/\\\/www.eldigitaldeasturias.com\\\/noticias\\\/#website\"},\"breadcrumb\":{\"@id\":\"https:\\\/\\\/www.eldigitaldeasturias.com\\\/noticias\\\/hisense-revoluciona-en-ifa-2019-el-sector-de-la-gama-blanca\\\/#breadcrumblist\"},\"author\":{\"@id\":\"https:\\\/\\\/www.eldigitaldeasturias.com\\\/noticias\\\/author\\\/admin\\\/#author\"},\"creator\":{\"@id\":\"https:\\\/\\\/www.eldigitaldeasturias.com\\\/noticias\\\/author\\\/admin\\\/#author\"},\"image\":{\"@type\":\"ImageObject\",\"url\":\"https:\\\/\\\/www.eldigitaldeasturias.com\\\/noticias\\\/wp-content\\\/uploads\\\/2019\\\/09\\\/1568047835_Hisensecocina.jpg\",\"@id\":\"https:\\\/\\\/www.eldigitaldeasturias.com\\\/noticias\\\/hisense-revoluciona-en-ifa-2019-el-sector-de-la-gama-blanca\\\/#mainImage\",\"width\":628,\"height\":660},\"primaryImageOfPage\":{\"@id\":\"https:\\\/\\\/www.eldigitaldeasturias.com\\\/noticias\\\/hisense-revoluciona-en-ifa-2019-el-sector-de-la-gama-blanca\\\/#mainImage\"},\"datePublished\":\"2019-09-10T11:10:18+02:00\",\"dateModified\":\"2019-09-10T11:10:18+02:00\"},{\"@type\":\"WebSite\",\"@id\":\"https:\\\/\\\/www.eldigitaldeasturias.com\\\/noticias\\\/#website\",\"url\":\"https:\\\/\\\/www.eldigitaldeasturias.com\\\/noticias\\\/\",\"name\":\"El Digital de Asturias - Diario de actualidad y noticias\",\"alternateName\":\"El Digital de Asturias - Diario de actualidad y noticias\",\"description\":\"Hemeroteca\",\"inLanguage\":\"es-ES\",\"publisher\":{\"@id\":\"https:\\\/\\\/www.eldigitaldeasturias.com\\\/noticias\\\/#organization\"}}]}\n\t\t<\/script>\n\t\t<!-- All in One SEO Pro -->\r\n\t\t<title>Hisense revoluciona en IFA 2019 el sector de la gama blanca - El Digital de Asturias<\/title>\n\n","aioseo_head_json":{"title":"Hisense revoluciona en IFA 2019 el sector de la gama blanca - El Digital de Asturias","description":"Hisense, marca l\u00edder en tecnolog\u00eda de consumo, as\u00ed como patrocinadora de la UEFA EURO 2020\u2122, ser\u00e1 una de las grandes protagonistas de la IFA 2019 que se celebra en Berl\u00edn desde el 6 al 11 de septiembre. Durante el evento, periodistas, empresas y visitantes podr\u00e1n conocer las \u00faltimas novedades tecnol\u00f3gicas de la marca aplicadas al","canonical_url":"https:\/\/www.eldigitaldeasturias.com\/noticias\/hisense-revoluciona-en-ifa-2019-el-sector-de-la-gama-blanca\/","robots":"max-image-preview:large","keywords":"negocios y empresas","webmasterTools":{"google-site-verification":"UA-38556648-1","msvalidate.01":"7dfe9f3f1b24437ab69f4f2559babe99","miscellaneous":""},"schema":{"@context":"https:\/\/schema.org","@graph":[{"@type":"BlogPosting","@id":"https:\/\/www.eldigitaldeasturias.com\/noticias\/hisense-revoluciona-en-ifa-2019-el-sector-de-la-gama-blanca\/#blogposting","name":"Hisense revoluciona en IFA 2019 el sector de la gama blanca - El Digital de Asturias","headline":"Hisense revoluciona en IFA 2019 el sector de la gama blanca","author":{"@id":"https:\/\/www.eldigitaldeasturias.com\/noticias\/author\/admin\/#author"},"publisher":{"@id":"https:\/\/www.eldigitaldeasturias.com\/noticias\/#organization"},"image":{"@type":"ImageObject","url":"https:\/\/www.eldigitaldeasturias.com\/noticias\/wp-content\/uploads\/2019\/09\/1568047835_Hisensecocina.jpg","width":628,"height":660},"datePublished":"2019-09-10T11:10:18+02:00","dateModified":"2019-09-10T11:10:18+02:00","inLanguage":"es-ES","mainEntityOfPage":{"@id":"https:\/\/www.eldigitaldeasturias.com\/noticias\/hisense-revoluciona-en-ifa-2019-el-sector-de-la-gama-blanca\/#webpage"},"isPartOf":{"@id":"https:\/\/www.eldigitaldeasturias.com\/noticias\/hisense-revoluciona-en-ifa-2019-el-sector-de-la-gama-blanca\/#webpage"},"articleSection":"Negocios y Empresas"},{"@type":"BreadcrumbList","@id":"https:\/\/www.eldigitaldeasturias.com\/noticias\/hisense-revoluciona-en-ifa-2019-el-sector-de-la-gama-blanca\/#breadcrumblist","itemListElement":[{"@type":"ListItem","@id":"https:\/\/www.eldigitaldeasturias.com\/noticias#listItem","position":1,"name":"Home","item":"https:\/\/www.eldigitaldeasturias.com\/noticias","nextItem":{"@type":"ListItem","@id":"https:\/\/www.eldigitaldeasturias.com\/noticias\/category\/negocios-y-empresas\/#listItem","name":"Negocios y Empresas"}},{"@type":"ListItem","@id":"https:\/\/www.eldigitaldeasturias.com\/noticias\/category\/negocios-y-empresas\/#listItem","position":2,"name":"Negocios y Empresas","item":"https:\/\/www.eldigitaldeasturias.com\/noticias\/category\/negocios-y-empresas\/","nextItem":{"@type":"ListItem","@id":"https:\/\/www.eldigitaldeasturias.com\/noticias\/hisense-revoluciona-en-ifa-2019-el-sector-de-la-gama-blanca\/#listItem","name":"Hisense revoluciona en IFA 2019 el sector de la gama blanca"},"previousItem":{"@type":"ListItem","@id":"https:\/\/www.eldigitaldeasturias.com\/noticias#listItem","name":"Home"}},{"@type":"ListItem","@id":"https:\/\/www.eldigitaldeasturias.com\/noticias\/hisense-revoluciona-en-ifa-2019-el-sector-de-la-gama-blanca\/#listItem","position":3,"name":"Hisense revoluciona en IFA 2019 el sector de la gama blanca","previousItem":{"@type":"ListItem","@id":"https:\/\/www.eldigitaldeasturias.com\/noticias\/category\/negocios-y-empresas\/#listItem","name":"Negocios y Empresas"}}]},{"@type":"Organization","@id":"https:\/\/www.eldigitaldeasturias.com\/noticias\/#organization","name":"El Digital de Asturias","description":"Hemeroteca","url":"https:\/\/www.eldigitaldeasturias.com\/noticias\/","email":"info@eldigitaldeasturias.com","telephone":"+34652131393","logo":{"@type":"ImageObject","url":"https:\/\/www.eldigitaldeasturias.com\/noticias\/wp-content\/uploads\/2020\/12\/EDA.jpg","@id":"https:\/\/www.eldigitaldeasturias.com\/noticias\/hisense-revoluciona-en-ifa-2019-el-sector-de-la-gama-blanca\/#organizationLogo","width":649,"height":297},"image":{"@id":"https:\/\/www.eldigitaldeasturias.com\/noticias\/hisense-revoluciona-en-ifa-2019-el-sector-de-la-gama-blanca\/#organizationLogo"},"sameAs":["https:\/\/facebook.com\/eldigitaldeasturias","https:\/\/www.youtube.com\/channel\/UCZP-2wLEB9Rv6erhFmqVnvg"],"address":{"@id":"https:\/\/www.eldigitaldeasturias.com\/noticias\/#postaladdress","@type":"PostalAddress","streetAddress":"san antonio 4,","postalCode":"33430","addressLocality":"Cand\u00e1s","addressRegion":"Asturias","addressCountry":"ES"}},{"@type":"Person","@id":"https:\/\/www.eldigitaldeasturias.com\/noticias\/author\/admin\/#author","url":"https:\/\/www.eldigitaldeasturias.com\/noticias\/author\/admin\/","name":"El Digital de Asturias","image":{"@type":"ImageObject","@id":"https:\/\/www.eldigitaldeasturias.com\/noticias\/hisense-revoluciona-en-ifa-2019-el-sector-de-la-gama-blanca\/#authorImage","url":"https:\/\/www.eldigitaldeasturias.com\/noticias\/wp-content\/litespeed\/avatar\/18677e78aa0546b92d9dbf31ec7d7668.jpg?ver=1777290358","width":96,"height":96,"caption":"El Digital de Asturias"}},{"@type":"WebPage","@id":"https:\/\/www.eldigitaldeasturias.com\/noticias\/hisense-revoluciona-en-ifa-2019-el-sector-de-la-gama-blanca\/#webpage","url":"https:\/\/www.eldigitaldeasturias.com\/noticias\/hisense-revoluciona-en-ifa-2019-el-sector-de-la-gama-blanca\/","name":"Hisense revoluciona en IFA 2019 el sector de la gama blanca - El Digital de Asturias","description":"Hisense, marca l\u00edder en tecnolog\u00eda de consumo, as\u00ed como patrocinadora de la UEFA EURO 2020\u2122, ser\u00e1 una de las grandes protagonistas de la IFA 2019 que se celebra en Berl\u00edn desde el 6 al 11 de septiembre. Durante el evento, periodistas, empresas y visitantes podr\u00e1n conocer las \u00faltimas novedades tecnol\u00f3gicas de la marca aplicadas al","inLanguage":"es-ES","isPartOf":{"@id":"https:\/\/www.eldigitaldeasturias.com\/noticias\/#website"},"breadcrumb":{"@id":"https:\/\/www.eldigitaldeasturias.com\/noticias\/hisense-revoluciona-en-ifa-2019-el-sector-de-la-gama-blanca\/#breadcrumblist"},"author":{"@id":"https:\/\/www.eldigitaldeasturias.com\/noticias\/author\/admin\/#author"},"creator":{"@id":"https:\/\/www.eldigitaldeasturias.com\/noticias\/author\/admin\/#author"},"image":{"@type":"ImageObject","url":"https:\/\/www.eldigitaldeasturias.com\/noticias\/wp-content\/uploads\/2019\/09\/1568047835_Hisensecocina.jpg","@id":"https:\/\/www.eldigitaldeasturias.com\/noticias\/hisense-revoluciona-en-ifa-2019-el-sector-de-la-gama-blanca\/#mainImage","width":628,"height":660},"primaryImageOfPage":{"@id":"https:\/\/www.eldigitaldeasturias.com\/noticias\/hisense-revoluciona-en-ifa-2019-el-sector-de-la-gama-blanca\/#mainImage"},"datePublished":"2019-09-10T11:10:18+02:00","dateModified":"2019-09-10T11:10:18+02:00"},{"@type":"WebSite","@id":"https:\/\/www.eldigitaldeasturias.com\/noticias\/#website","url":"https:\/\/www.eldigitaldeasturias.com\/noticias\/","name":"El Digital de Asturias - Diario de actualidad y noticias","alternateName":"El Digital de Asturias - Diario de actualidad y noticias","description":"Hemeroteca","inLanguage":"es-ES","publisher":{"@id":"https:\/\/www.eldigitaldeasturias.com\/noticias\/#organization"}}]},"og:locale":"es_ES","og:site_name":"El Digital de Asturias","og:type":"article","og:title":"Hisense revoluciona en IFA 2019 el sector de la gama blanca - El Digital de Asturias","og:description":"Hisense, marca l\u00edder en tecnolog\u00eda de consumo, as\u00ed como patrocinadora de la UEFA EURO 2020\u2122, ser\u00e1 una de las grandes protagonistas de la IFA 2019 que se celebra en Berl\u00edn desde el 6 al 11 de septiembre. Durante el evento, periodistas, empresas y visitantes podr\u00e1n conocer las \u00faltimas novedades tecnol\u00f3gicas de la marca aplicadas al","og:url":"https:\/\/www.eldigitaldeasturias.com\/noticias\/hisense-revoluciona-en-ifa-2019-el-sector-de-la-gama-blanca\/","og:image":"https:\/\/www.eldigitaldeasturias.com\/noticias\/wp-content\/uploads\/2019\/09\/1568047835_Hisensecocina.jpg","og:image:secure_url":"https:\/\/www.eldigitaldeasturias.com\/noticias\/wp-content\/uploads\/2019\/09\/1568047835_Hisensecocina.jpg","og:image:width":628,"og:image:height":660,"article:tag":["negocios y empresas"],"article:published_time":"2019-09-10T11:10:18+00:00","article:modified_time":"2019-09-10T11:10:18+00:00","article:publisher":"https:\/\/facebook.com\/eldigitaldeasturias","twitter:card":"summary_large_image","twitter:title":"Hisense revoluciona en IFA 2019 el sector de la gama blanca - El Digital de Asturias","twitter:description":"Hisense, marca l\u00edder en tecnolog\u00eda de consumo, as\u00ed como patrocinadora de la UEFA EURO 2020\u2122, ser\u00e1 una de las grandes protagonistas de la IFA 2019 que se celebra en Berl\u00edn desde el 6 al 11 de septiembre. Durante el evento, periodistas, empresas y visitantes podr\u00e1n conocer las \u00faltimas novedades tecnol\u00f3gicas de la marca aplicadas al","twitter:image":"https:\/\/www.eldigitaldeasturias.com\/noticias\/wp-content\/uploads\/2019\/09\/1568047835_Hisensecocina.jpg","twitter:label1":"Escrito por","twitter:data1":"El Digital de Asturias","twitter:label2":"Tiempo de lectura estimado","twitter:data2":"10 minutos"},"aioseo_meta_data":{"post_id":"1040121","title":null,"description":null,"keywords":null,"keyphrases":null,"primary_term":null,"canonical_url":null,"og_title":null,"og_description":null,"og_object_type":"default","og_image_type":"default","og_image_url":null,"og_image_width":null,"og_image_height":null,"og_image_custom_url":null,"og_image_custom_fields":null,"og_video":null,"og_custom_url":null,"og_article_section":null,"og_article_tags":null,"twitter_use_og":false,"twitter_card":"default","twitter_image_type":"default","twitter_image_url":null,"twitter_image_custom_url":null,"twitter_image_custom_fields":null,"twitter_title":null,"twitter_description":null,"schema":{"blockGraphs":[],"customGraphs":[],"default":{"data":{"Article":[],"Course":[],"Dataset":[],"FAQPage":[],"Movie":[],"Person":[],"Product":[],"ProductReview":[],"Car":[],"Recipe":[],"Service":[],"SoftwareApplication":[],"WebPage":[]},"graphName":"","isEnabled":true},"graphs":[]},"schema_type":null,"schema_type_options":null,"pillar_content":false,"robots_default":true,"robots_noindex":false,"robots_noarchive":false,"robots_nosnippet":false,"robots_nofollow":false,"robots_noimageindex":false,"robots_noodp":false,"robots_notranslate":false,"robots_max_snippet":null,"robots_max_videopreview":null,"robots_max_imagepreview":"large","priority":null,"frequency":null,"local_seo":null,"seo_analyzer_scan_date":"2025-10-23 07:59:10","breadcrumb_settings":null,"limit_modified_date":false,"open_ai":null,"ai":null,"created":"2020-12-21 11:04:15","updated":"2025-10-23 07:59:10"},"aioseo_breadcrumb":"<div class=\"aioseo-breadcrumbs\"><span class=\"aioseo-breadcrumb\">\n\t<a href=\"https:\/\/www.eldigitaldeasturias.com\/noticias\" title=\"Home\">Home<\/a>\n<\/span><span class=\"aioseo-breadcrumb-separator\">\u2013<\/span><span class=\"aioseo-breadcrumb\">\n\t<a href=\"https:\/\/www.eldigitaldeasturias.com\/noticias\/category\/negocios-y-empresas\/\" title=\"Negocios y Empresas\">Negocios y Empresas<\/a>\n<\/span><span class=\"aioseo-breadcrumb-separator\">\u2013<\/span><span class=\"aioseo-breadcrumb\">\n\t<a href=\"https:\/\/www.eldigitaldeasturias.com\/noticias\/hisense-revoluciona-en-ifa-2019-el-sector-de-la-gama-blanca\/\" title=\"Hisense revoluciona en IFA 2019 el sector de la gama blanca\">Hisense revoluciona en IFA 2019 el sector de la gama blanca<\/a>\n<\/span><\/div>","aioseo_breadcrumb_json":[{"label":"Home","link":"https:\/\/www.eldigitaldeasturias.com\/noticias"},{"label":"Negocios y Empresas","link":"https:\/\/www.eldigitaldeasturias.com\/noticias\/category\/negocios-y-empresas\/"},{"label":"Hisense revoluciona en IFA 2019 el sector de la gama blanca","link":"https:\/\/www.eldigitaldeasturias.com\/noticias\/hisense-revoluciona-en-ifa-2019-el-sector-de-la-gama-blanca\/"}],"_links":{"self":[{"href":"https:\/\/www.eldigitaldeasturias.com\/noticias\/wp-json\/wp\/v2\/posts\/1040121","targetHints":{"allow":["GET"]}}],"collection":[{"href":"https:\/\/www.eldigitaldeasturias.com\/noticias\/wp-json\/wp\/v2\/posts"}],"about":[{"href":"https:\/\/www.eldigitaldeasturias.com\/noticias\/wp-json\/wp\/v2\/types\/post"}],"author":[{"embeddable":true,"href":"https:\/\/www.eldigitaldeasturias.com\/noticias\/wp-json\/wp\/v2\/users\/1"}],"replies":[{"embeddable":true,"href":"https:\/\/www.eldigitaldeasturias.com\/noticias\/wp-json\/wp\/v2\/comments?post=1040121"}],"version-history":[{"count":0,"href":"https:\/\/www.eldigitaldeasturias.com\/noticias\/wp-json\/wp\/v2\/posts\/1040121\/revisions"}],"wp:featuredmedia":[{"embeddable":true,"href":"https:\/\/www.eldigitaldeasturias.com\/noticias\/wp-json\/wp\/v2\/media\/1040122"}],"wp:attachment":[{"href":"https:\/\/www.eldigitaldeasturias.com\/noticias\/wp-json\/wp\/v2\/media?parent=1040121"}],"wp:term":[{"taxonomy":"category","embeddable":true,"href":"https:\/\/www.eldigitaldeasturias.com\/noticias\/wp-json\/wp\/v2\/categories?post=1040121"},{"taxonomy":"post_tag","embeddable":true,"href":"https:\/\/www.eldigitaldeasturias.com\/noticias\/wp-json\/wp\/v2\/tags?post=1040121"}],"curies":[{"name":"wp","href":"https:\/\/api.w.org\/{rel}","templated":true}]}}