{"id":1040110,"date":"2019-09-10T10:42:58","date_gmt":"2019-09-10T10:42:58","guid":{"rendered":"https:\/\/www.eldigitaldeasturias.com\/noticias\/?p=1040110"},"modified":"2019-09-10T10:42:58","modified_gmt":"2019-09-10T10:42:58","slug":"el-grupo-ehdc-se-hace-con-la-cadena-de-tiendas-cecens","status":"publish","type":"post","link":"https:\/\/www.eldigitaldeasturias.com\/noticias\/el-grupo-ehdc-se-hace-con-la-cadena-de-tiendas-cecens\/","title":{"rendered":"El grupo EHDC se hace con la cadena de tiendas CECENS"},"content":{"rendered":"<p>El grupo mayorista EHDC (<span style=\"color: #ff6600;\"><strong><a style=\"color: #ff6600;\" href=\"http:\/\/www.elhiperdelcomercio.com\/\" target=\"_blank\" rel=\"nofollow noopener noreferrer\">El Hiper del Comercio<\/a><\/strong><\/span>) ha adquirido esta semana la empresa de Tiendas y Fabricante de art\u00edculos y productos para el hogar CECENS (<span style=\"color: #ff6600;\"><strong><a style=\"color: #ff6600;\" href=\"http:\/\/www.cecens.com\/\" target=\"_blank\" rel=\"nofollow noopener noreferrer\">Como en casa en ning\u00fan sitio<\/a><\/strong><\/span>). Amplia de esta manera su cat\u00e1logo de productos al por mayor incluyendo la fabricaci\u00f3n y distribuci\u00f3n de los productos de la marca adquirida. El grupo EHDC es conocido por ser un mayorista de comercios y tiendas, adem\u00e1s de realizar servicios de Dropshipping para minoristas. Tambi\u00e9n dispone de varias tiendas Outlet distribuidas por todo el territorio nacional, por lo que se intuye que las tiendas CECENS pasar\u00e1n a ser Outlets de esta compa\u00f1\u00eda.<\/p>\n<p><iframe loading=\"lazy\" src=\"https:\/\/www.youtube.com\/embed\/CONLu3qF6JY\" width=\"640\" height=\"398\" frameborder=\"0\" allowfullscreen=\"allowfullscreen\"><span data-mce-type=\"bookmark\" style=\"display: inline-block; width: 0px; overflow: hidden; line-height: 0;\" class=\"mce_SELRES_start\">\ufeff<\/span><span data-mce-type=\"bookmark\" style=\"display: inline-block; width: 0px; overflow: hidden; line-height: 0;\" class=\"mce_SELRES_start\">\ufeff<\/span><\/iframe><\/p>\n<p>Tras la adquisici\u00f3n de CECENS esta semana y del 15% de RETIF hace un mes, El Hiper del Comercio se convierte en el principal proveedor de productos de montaje de Tiendas y Comercios del territorio nacional y el tercer distribuidor de productos al por mayor para los mismos. Naci\u00f3 en 2004 como mayorista de productos para estancos y gasolineras y ha terminado siendo un referente de venta al por mayor para todo tipo de comercios pasando de facturar en el a\u00f1o 2005 0,5M de Euros a cuadruplicar su facturaci\u00f3n por 15 durante estos a\u00f1os hasta el a\u00f1o pasado superando los 9M de Euros de Facturaci\u00f3n.<\/p>\n<p>A pesar de que el comercio minorista pasa por sus peores momentos durante estos a\u00f1os debido a la irrupci\u00f3n del Comercio Online, millones de personas siguen comprando a diario en tiendas f\u00edsicas cuyo porcentaje es del 80% frente al 20% que lo hace de manera online, de este porcentaje el 18% se hace a trav\u00e9s de Marketplaces y el 2% a trav\u00e9s de tiendas online minoristas. El crecimiento de compras a trav\u00e9s de internet sube un 5% anual y es incre\u00edble que cadenas y empresas como\u00a0El Hiper del Comercio\u00a0sigan creciendo a pesar de que los datos est\u00e1n en su contra.<\/p>\n","protected":false},"excerpt":{"rendered":"<p>El grupo mayorista EHDC (El Hiper del Comercio) ha adquirido esta semana la empresa de Tiendas y Fabricante de art\u00edculos y productos para el hogar CECENS (Como en casa en ning\u00fan sitio). Amplia de esta manera su cat\u00e1logo de productos al por mayor incluyendo la fabricaci\u00f3n y distribuci\u00f3n de los productos de la marca adquirida. [&hellip;]<\/p>\n","protected":false},"author":1,"featured_media":1040111,"comment_status":"closed","ping_status":"closed","sticky":false,"template":"","format":"standard","meta":{"footnotes":""},"categories":[219],"tags":[],"class_list":["post-1040110","post","type-post","status-publish","format-standard","has-post-thumbnail","hentry","category-negocios-y-empresas"],"aioseo_notices":[],"aioseo_head":"\n\t\t<!-- All in One SEO Pro 4.9.6.2 - aioseo.com -->\n\t<meta name=\"description\" content=\"El grupo mayorista EHDC (El Hiper del Comercio) ha adquirido esta semana la empresa de Tiendas y Fabricante de art\u00edculos y productos para el hogar CECENS (Como en casa en ning\u00fan sitio). Amplia de esta manera su cat\u00e1logo de productos al por mayor incluyendo la fabricaci\u00f3n y distribuci\u00f3n de los productos de la marca adquirida.\" \/>\n\t<meta name=\"robots\" content=\"max-image-preview:large\" \/>\n\t<meta name=\"author\" content=\"El Digital de Asturias\"\/>\n\t<meta name=\"google-site-verification\" content=\"UA-38556648-1\" \/>\n\t<meta name=\"msvalidate.01\" content=\"7dfe9f3f1b24437ab69f4f2559babe99\" \/>\n\t<meta name=\"keywords\" content=\"negocios y empresas\" \/>\n\t<link rel=\"canonical\" href=\"https:\/\/www.eldigitaldeasturias.com\/noticias\/el-grupo-ehdc-se-hace-con-la-cadena-de-tiendas-cecens\/\" \/>\n\t<meta name=\"generator\" content=\"All in One SEO Pro (AIOSEO) 4.9.6.2\" \/>\n\t\t<meta property=\"og:locale\" content=\"es_ES\" \/>\n\t\t<meta property=\"og:site_name\" content=\"El Digital de Asturias\" \/>\n\t\t<meta property=\"og:type\" content=\"article\" \/>\n\t\t<meta property=\"og:title\" content=\"El grupo EHDC se hace con la cadena de tiendas CECENS - El Digital de Asturias\" \/>\n\t\t<meta property=\"og:description\" content=\"El grupo mayorista EHDC (El Hiper del Comercio) ha adquirido esta semana la empresa de Tiendas y Fabricante de art\u00edculos y productos para el hogar CECENS (Como en casa en ning\u00fan sitio). Amplia de esta manera su cat\u00e1logo de productos al por mayor incluyendo la fabricaci\u00f3n y distribuci\u00f3n de los productos de la marca adquirida.\" \/>\n\t\t<meta property=\"og:url\" content=\"https:\/\/www.eldigitaldeasturias.com\/noticias\/el-grupo-ehdc-se-hace-con-la-cadena-de-tiendas-cecens\/\" \/>\n\t\t<meta property=\"og:image\" content=\"https:\/\/www.eldigitaldeasturias.com\/noticias\/wp-content\/uploads\/2019\/09\/1568032138_EHDC1PNG_1_.jpg\" \/>\n\t\t<meta property=\"og:image:secure_url\" content=\"https:\/\/www.eldigitaldeasturias.com\/noticias\/wp-content\/uploads\/2019\/09\/1568032138_EHDC1PNG_1_.jpg\" \/>\n\t\t<meta property=\"og:image:width\" content=\"6250\" \/>\n\t\t<meta property=\"og:image:height\" content=\"4167\" \/>\n\t\t<meta property=\"article:tag\" content=\"negocios y empresas\" \/>\n\t\t<meta property=\"article:published_time\" content=\"2019-09-10T10:42:58+00:00\" \/>\n\t\t<meta property=\"article:modified_time\" content=\"2019-09-10T10:42:58+00:00\" \/>\n\t\t<meta property=\"article:publisher\" content=\"https:\/\/facebook.com\/eldigitaldeasturias\" \/>\n\t\t<meta name=\"twitter:card\" content=\"summary_large_image\" \/>\n\t\t<meta name=\"twitter:title\" content=\"El grupo EHDC se hace con la cadena de tiendas CECENS - El Digital de Asturias\" \/>\n\t\t<meta name=\"twitter:description\" content=\"El grupo mayorista EHDC (El Hiper del Comercio) ha adquirido esta semana la empresa de Tiendas y Fabricante de art\u00edculos y productos para el hogar CECENS (Como en casa en ning\u00fan sitio). Amplia de esta manera su cat\u00e1logo de productos al por mayor incluyendo la fabricaci\u00f3n y distribuci\u00f3n de los productos de la marca adquirida.\" \/>\n\t\t<meta name=\"twitter:image\" content=\"https:\/\/www.eldigitaldeasturias.com\/noticias\/wp-content\/uploads\/2019\/09\/1568032138_EHDC1PNG_1_.jpg\" \/>\n\t\t<meta name=\"twitter:label1\" content=\"Escrito por\" \/>\n\t\t<meta name=\"twitter:data1\" content=\"El Digital de Asturias\" \/>\n\t\t<meta name=\"twitter:label2\" content=\"Tiempo de lectura estimado\" \/>\n\t\t<meta name=\"twitter:data2\" content=\"2 minutos\" \/>\n\t\t<script type=\"application\/ld+json\" class=\"aioseo-schema\">\n\t\t\t{\"@context\":\"https:\\\/\\\/schema.org\",\"@graph\":[{\"@type\":\"BlogPosting\",\"@id\":\"https:\\\/\\\/www.eldigitaldeasturias.com\\\/noticias\\\/el-grupo-ehdc-se-hace-con-la-cadena-de-tiendas-cecens\\\/#blogposting\",\"name\":\"El grupo EHDC se hace con la cadena de tiendas CECENS - El Digital de Asturias\",\"headline\":\"El grupo EHDC se hace con la cadena de tiendas CECENS\",\"author\":{\"@id\":\"https:\\\/\\\/www.eldigitaldeasturias.com\\\/noticias\\\/author\\\/admin\\\/#author\"},\"publisher\":{\"@id\":\"https:\\\/\\\/www.eldigitaldeasturias.com\\\/noticias\\\/#organization\"},\"image\":{\"@type\":\"ImageObject\",\"url\":\"https:\\\/\\\/www.eldigitaldeasturias.com\\\/noticias\\\/wp-content\\\/uploads\\\/2019\\\/09\\\/1568032138_EHDC1PNG_1_.jpg\",\"width\":6250,\"height\":4167},\"datePublished\":\"2019-09-10T10:42:58+02:00\",\"dateModified\":\"2019-09-10T10:42:58+02:00\",\"inLanguage\":\"es-ES\",\"mainEntityOfPage\":{\"@id\":\"https:\\\/\\\/www.eldigitaldeasturias.com\\\/noticias\\\/el-grupo-ehdc-se-hace-con-la-cadena-de-tiendas-cecens\\\/#webpage\"},\"isPartOf\":{\"@id\":\"https:\\\/\\\/www.eldigitaldeasturias.com\\\/noticias\\\/el-grupo-ehdc-se-hace-con-la-cadena-de-tiendas-cecens\\\/#webpage\"},\"articleSection\":\"Negocios y Empresas\"},{\"@type\":\"BreadcrumbList\",\"@id\":\"https:\\\/\\\/www.eldigitaldeasturias.com\\\/noticias\\\/el-grupo-ehdc-se-hace-con-la-cadena-de-tiendas-cecens\\\/#breadcrumblist\",\"itemListElement\":[{\"@type\":\"ListItem\",\"@id\":\"https:\\\/\\\/www.eldigitaldeasturias.com\\\/noticias#listItem\",\"position\":1,\"name\":\"Home\",\"item\":\"https:\\\/\\\/www.eldigitaldeasturias.com\\\/noticias\",\"nextItem\":{\"@type\":\"ListItem\",\"@id\":\"https:\\\/\\\/www.eldigitaldeasturias.com\\\/noticias\\\/category\\\/negocios-y-empresas\\\/#listItem\",\"name\":\"Negocios y Empresas\"}},{\"@type\":\"ListItem\",\"@id\":\"https:\\\/\\\/www.eldigitaldeasturias.com\\\/noticias\\\/category\\\/negocios-y-empresas\\\/#listItem\",\"position\":2,\"name\":\"Negocios y Empresas\",\"item\":\"https:\\\/\\\/www.eldigitaldeasturias.com\\\/noticias\\\/category\\\/negocios-y-empresas\\\/\",\"nextItem\":{\"@type\":\"ListItem\",\"@id\":\"https:\\\/\\\/www.eldigitaldeasturias.com\\\/noticias\\\/el-grupo-ehdc-se-hace-con-la-cadena-de-tiendas-cecens\\\/#listItem\",\"name\":\"El grupo EHDC se hace con la cadena de tiendas CECENS\"},\"previousItem\":{\"@type\":\"ListItem\",\"@id\":\"https:\\\/\\\/www.eldigitaldeasturias.com\\\/noticias#listItem\",\"name\":\"Home\"}},{\"@type\":\"ListItem\",\"@id\":\"https:\\\/\\\/www.eldigitaldeasturias.com\\\/noticias\\\/el-grupo-ehdc-se-hace-con-la-cadena-de-tiendas-cecens\\\/#listItem\",\"position\":3,\"name\":\"El grupo EHDC se hace con la cadena de tiendas CECENS\",\"previousItem\":{\"@type\":\"ListItem\",\"@id\":\"https:\\\/\\\/www.eldigitaldeasturias.com\\\/noticias\\\/category\\\/negocios-y-empresas\\\/#listItem\",\"name\":\"Negocios y Empresas\"}}]},{\"@type\":\"Organization\",\"@id\":\"https:\\\/\\\/www.eldigitaldeasturias.com\\\/noticias\\\/#organization\",\"name\":\"El Digital de Asturias\",\"description\":\"Hemeroteca\",\"url\":\"https:\\\/\\\/www.eldigitaldeasturias.com\\\/noticias\\\/\",\"email\":\"info@eldigitaldeasturias.com\",\"telephone\":\"+34652131393\",\"logo\":{\"@type\":\"ImageObject\",\"url\":\"https:\\\/\\\/www.eldigitaldeasturias.com\\\/noticias\\\/wp-content\\\/uploads\\\/2020\\\/12\\\/EDA.jpg\",\"@id\":\"https:\\\/\\\/www.eldigitaldeasturias.com\\\/noticias\\\/el-grupo-ehdc-se-hace-con-la-cadena-de-tiendas-cecens\\\/#organizationLogo\",\"width\":649,\"height\":297},\"image\":{\"@id\":\"https:\\\/\\\/www.eldigitaldeasturias.com\\\/noticias\\\/el-grupo-ehdc-se-hace-con-la-cadena-de-tiendas-cecens\\\/#organizationLogo\"},\"sameAs\":[\"https:\\\/\\\/facebook.com\\\/eldigitaldeasturias\",\"https:\\\/\\\/www.youtube.com\\\/channel\\\/UCZP-2wLEB9Rv6erhFmqVnvg\"],\"address\":{\"@id\":\"https:\\\/\\\/www.eldigitaldeasturias.com\\\/noticias\\\/#postaladdress\",\"@type\":\"PostalAddress\",\"streetAddress\":\"san antonio 4,\",\"postalCode\":\"33430\",\"addressLocality\":\"Cand\\u00e1s\",\"addressRegion\":\"Asturias\",\"addressCountry\":\"ES\"}},{\"@type\":\"Person\",\"@id\":\"https:\\\/\\\/www.eldigitaldeasturias.com\\\/noticias\\\/author\\\/admin\\\/#author\",\"url\":\"https:\\\/\\\/www.eldigitaldeasturias.com\\\/noticias\\\/author\\\/admin\\\/\",\"name\":\"El Digital de Asturias\",\"image\":{\"@type\":\"ImageObject\",\"@id\":\"https:\\\/\\\/www.eldigitaldeasturias.com\\\/noticias\\\/el-grupo-ehdc-se-hace-con-la-cadena-de-tiendas-cecens\\\/#authorImage\",\"url\":\"https:\\\/\\\/www.eldigitaldeasturias.com\\\/noticias\\\/wp-content\\\/litespeed\\\/avatar\\\/18677e78aa0546b92d9dbf31ec7d7668.jpg?ver=1777290358\",\"width\":96,\"height\":96,\"caption\":\"El Digital de Asturias\"}},{\"@type\":\"WebPage\",\"@id\":\"https:\\\/\\\/www.eldigitaldeasturias.com\\\/noticias\\\/el-grupo-ehdc-se-hace-con-la-cadena-de-tiendas-cecens\\\/#webpage\",\"url\":\"https:\\\/\\\/www.eldigitaldeasturias.com\\\/noticias\\\/el-grupo-ehdc-se-hace-con-la-cadena-de-tiendas-cecens\\\/\",\"name\":\"El grupo EHDC se hace con la cadena de tiendas CECENS - El Digital de Asturias\",\"description\":\"El grupo mayorista EHDC (El Hiper del Comercio) ha adquirido esta semana la empresa de Tiendas y Fabricante de art\\u00edculos y productos para el hogar CECENS (Como en casa en ning\\u00fan sitio). Amplia de esta manera su cat\\u00e1logo de productos al por mayor incluyendo la fabricaci\\u00f3n y distribuci\\u00f3n de los productos de la marca adquirida.\",\"inLanguage\":\"es-ES\",\"isPartOf\":{\"@id\":\"https:\\\/\\\/www.eldigitaldeasturias.com\\\/noticias\\\/#website\"},\"breadcrumb\":{\"@id\":\"https:\\\/\\\/www.eldigitaldeasturias.com\\\/noticias\\\/el-grupo-ehdc-se-hace-con-la-cadena-de-tiendas-cecens\\\/#breadcrumblist\"},\"author\":{\"@id\":\"https:\\\/\\\/www.eldigitaldeasturias.com\\\/noticias\\\/author\\\/admin\\\/#author\"},\"creator\":{\"@id\":\"https:\\\/\\\/www.eldigitaldeasturias.com\\\/noticias\\\/author\\\/admin\\\/#author\"},\"image\":{\"@type\":\"ImageObject\",\"url\":\"https:\\\/\\\/www.eldigitaldeasturias.com\\\/noticias\\\/wp-content\\\/uploads\\\/2019\\\/09\\\/1568032138_EHDC1PNG_1_.jpg\",\"@id\":\"https:\\\/\\\/www.eldigitaldeasturias.com\\\/noticias\\\/el-grupo-ehdc-se-hace-con-la-cadena-de-tiendas-cecens\\\/#mainImage\",\"width\":6250,\"height\":4167},\"primaryImageOfPage\":{\"@id\":\"https:\\\/\\\/www.eldigitaldeasturias.com\\\/noticias\\\/el-grupo-ehdc-se-hace-con-la-cadena-de-tiendas-cecens\\\/#mainImage\"},\"datePublished\":\"2019-09-10T10:42:58+02:00\",\"dateModified\":\"2019-09-10T10:42:58+02:00\"},{\"@type\":\"WebSite\",\"@id\":\"https:\\\/\\\/www.eldigitaldeasturias.com\\\/noticias\\\/#website\",\"url\":\"https:\\\/\\\/www.eldigitaldeasturias.com\\\/noticias\\\/\",\"name\":\"El Digital de Asturias - Diario de actualidad y noticias\",\"alternateName\":\"El Digital de Asturias - Diario de actualidad y noticias\",\"description\":\"Hemeroteca\",\"inLanguage\":\"es-ES\",\"publisher\":{\"@id\":\"https:\\\/\\\/www.eldigitaldeasturias.com\\\/noticias\\\/#organization\"}}]}\n\t\t<\/script>\n\t\t<!-- All in One SEO Pro -->\r\n\t\t<title>El grupo EHDC se hace con la cadena de tiendas CECENS - El Digital de Asturias<\/title>\n\n","aioseo_head_json":{"title":"El grupo EHDC se hace con la cadena de tiendas CECENS - El Digital de Asturias","description":"El grupo mayorista EHDC (El Hiper del Comercio) ha adquirido esta semana la empresa de Tiendas y Fabricante de art\u00edculos y productos para el hogar CECENS (Como en casa en ning\u00fan sitio). Amplia de esta manera su cat\u00e1logo de productos al por mayor incluyendo la fabricaci\u00f3n y distribuci\u00f3n de los productos de la marca adquirida.","canonical_url":"https:\/\/www.eldigitaldeasturias.com\/noticias\/el-grupo-ehdc-se-hace-con-la-cadena-de-tiendas-cecens\/","robots":"max-image-preview:large","keywords":"negocios y empresas","webmasterTools":{"google-site-verification":"UA-38556648-1","msvalidate.01":"7dfe9f3f1b24437ab69f4f2559babe99","miscellaneous":""},"schema":{"@context":"https:\/\/schema.org","@graph":[{"@type":"BlogPosting","@id":"https:\/\/www.eldigitaldeasturias.com\/noticias\/el-grupo-ehdc-se-hace-con-la-cadena-de-tiendas-cecens\/#blogposting","name":"El grupo EHDC se hace con la cadena de tiendas CECENS - El Digital de Asturias","headline":"El grupo EHDC se hace con la cadena de tiendas CECENS","author":{"@id":"https:\/\/www.eldigitaldeasturias.com\/noticias\/author\/admin\/#author"},"publisher":{"@id":"https:\/\/www.eldigitaldeasturias.com\/noticias\/#organization"},"image":{"@type":"ImageObject","url":"https:\/\/www.eldigitaldeasturias.com\/noticias\/wp-content\/uploads\/2019\/09\/1568032138_EHDC1PNG_1_.jpg","width":6250,"height":4167},"datePublished":"2019-09-10T10:42:58+02:00","dateModified":"2019-09-10T10:42:58+02:00","inLanguage":"es-ES","mainEntityOfPage":{"@id":"https:\/\/www.eldigitaldeasturias.com\/noticias\/el-grupo-ehdc-se-hace-con-la-cadena-de-tiendas-cecens\/#webpage"},"isPartOf":{"@id":"https:\/\/www.eldigitaldeasturias.com\/noticias\/el-grupo-ehdc-se-hace-con-la-cadena-de-tiendas-cecens\/#webpage"},"articleSection":"Negocios y Empresas"},{"@type":"BreadcrumbList","@id":"https:\/\/www.eldigitaldeasturias.com\/noticias\/el-grupo-ehdc-se-hace-con-la-cadena-de-tiendas-cecens\/#breadcrumblist","itemListElement":[{"@type":"ListItem","@id":"https:\/\/www.eldigitaldeasturias.com\/noticias#listItem","position":1,"name":"Home","item":"https:\/\/www.eldigitaldeasturias.com\/noticias","nextItem":{"@type":"ListItem","@id":"https:\/\/www.eldigitaldeasturias.com\/noticias\/category\/negocios-y-empresas\/#listItem","name":"Negocios y Empresas"}},{"@type":"ListItem","@id":"https:\/\/www.eldigitaldeasturias.com\/noticias\/category\/negocios-y-empresas\/#listItem","position":2,"name":"Negocios y Empresas","item":"https:\/\/www.eldigitaldeasturias.com\/noticias\/category\/negocios-y-empresas\/","nextItem":{"@type":"ListItem","@id":"https:\/\/www.eldigitaldeasturias.com\/noticias\/el-grupo-ehdc-se-hace-con-la-cadena-de-tiendas-cecens\/#listItem","name":"El grupo EHDC se hace con la cadena de tiendas CECENS"},"previousItem":{"@type":"ListItem","@id":"https:\/\/www.eldigitaldeasturias.com\/noticias#listItem","name":"Home"}},{"@type":"ListItem","@id":"https:\/\/www.eldigitaldeasturias.com\/noticias\/el-grupo-ehdc-se-hace-con-la-cadena-de-tiendas-cecens\/#listItem","position":3,"name":"El grupo EHDC se hace con la cadena de tiendas CECENS","previousItem":{"@type":"ListItem","@id":"https:\/\/www.eldigitaldeasturias.com\/noticias\/category\/negocios-y-empresas\/#listItem","name":"Negocios y Empresas"}}]},{"@type":"Organization","@id":"https:\/\/www.eldigitaldeasturias.com\/noticias\/#organization","name":"El Digital de Asturias","description":"Hemeroteca","url":"https:\/\/www.eldigitaldeasturias.com\/noticias\/","email":"info@eldigitaldeasturias.com","telephone":"+34652131393","logo":{"@type":"ImageObject","url":"https:\/\/www.eldigitaldeasturias.com\/noticias\/wp-content\/uploads\/2020\/12\/EDA.jpg","@id":"https:\/\/www.eldigitaldeasturias.com\/noticias\/el-grupo-ehdc-se-hace-con-la-cadena-de-tiendas-cecens\/#organizationLogo","width":649,"height":297},"image":{"@id":"https:\/\/www.eldigitaldeasturias.com\/noticias\/el-grupo-ehdc-se-hace-con-la-cadena-de-tiendas-cecens\/#organizationLogo"},"sameAs":["https:\/\/facebook.com\/eldigitaldeasturias","https:\/\/www.youtube.com\/channel\/UCZP-2wLEB9Rv6erhFmqVnvg"],"address":{"@id":"https:\/\/www.eldigitaldeasturias.com\/noticias\/#postaladdress","@type":"PostalAddress","streetAddress":"san antonio 4,","postalCode":"33430","addressLocality":"Cand\u00e1s","addressRegion":"Asturias","addressCountry":"ES"}},{"@type":"Person","@id":"https:\/\/www.eldigitaldeasturias.com\/noticias\/author\/admin\/#author","url":"https:\/\/www.eldigitaldeasturias.com\/noticias\/author\/admin\/","name":"El Digital de Asturias","image":{"@type":"ImageObject","@id":"https:\/\/www.eldigitaldeasturias.com\/noticias\/el-grupo-ehdc-se-hace-con-la-cadena-de-tiendas-cecens\/#authorImage","url":"https:\/\/www.eldigitaldeasturias.com\/noticias\/wp-content\/litespeed\/avatar\/18677e78aa0546b92d9dbf31ec7d7668.jpg?ver=1777290358","width":96,"height":96,"caption":"El Digital de Asturias"}},{"@type":"WebPage","@id":"https:\/\/www.eldigitaldeasturias.com\/noticias\/el-grupo-ehdc-se-hace-con-la-cadena-de-tiendas-cecens\/#webpage","url":"https:\/\/www.eldigitaldeasturias.com\/noticias\/el-grupo-ehdc-se-hace-con-la-cadena-de-tiendas-cecens\/","name":"El grupo EHDC se hace con la cadena de tiendas CECENS - El Digital de Asturias","description":"El grupo mayorista EHDC (El Hiper del Comercio) ha adquirido esta semana la empresa de Tiendas y Fabricante de art\u00edculos y productos para el hogar CECENS (Como en casa en ning\u00fan sitio). Amplia de esta manera su cat\u00e1logo de productos al por mayor incluyendo la fabricaci\u00f3n y distribuci\u00f3n de los productos de la marca adquirida.","inLanguage":"es-ES","isPartOf":{"@id":"https:\/\/www.eldigitaldeasturias.com\/noticias\/#website"},"breadcrumb":{"@id":"https:\/\/www.eldigitaldeasturias.com\/noticias\/el-grupo-ehdc-se-hace-con-la-cadena-de-tiendas-cecens\/#breadcrumblist"},"author":{"@id":"https:\/\/www.eldigitaldeasturias.com\/noticias\/author\/admin\/#author"},"creator":{"@id":"https:\/\/www.eldigitaldeasturias.com\/noticias\/author\/admin\/#author"},"image":{"@type":"ImageObject","url":"https:\/\/www.eldigitaldeasturias.com\/noticias\/wp-content\/uploads\/2019\/09\/1568032138_EHDC1PNG_1_.jpg","@id":"https:\/\/www.eldigitaldeasturias.com\/noticias\/el-grupo-ehdc-se-hace-con-la-cadena-de-tiendas-cecens\/#mainImage","width":6250,"height":4167},"primaryImageOfPage":{"@id":"https:\/\/www.eldigitaldeasturias.com\/noticias\/el-grupo-ehdc-se-hace-con-la-cadena-de-tiendas-cecens\/#mainImage"},"datePublished":"2019-09-10T10:42:58+02:00","dateModified":"2019-09-10T10:42:58+02:00"},{"@type":"WebSite","@id":"https:\/\/www.eldigitaldeasturias.com\/noticias\/#website","url":"https:\/\/www.eldigitaldeasturias.com\/noticias\/","name":"El Digital de Asturias - Diario de actualidad y noticias","alternateName":"El Digital de Asturias - Diario de actualidad y noticias","description":"Hemeroteca","inLanguage":"es-ES","publisher":{"@id":"https:\/\/www.eldigitaldeasturias.com\/noticias\/#organization"}}]},"og:locale":"es_ES","og:site_name":"El Digital de Asturias","og:type":"article","og:title":"El grupo EHDC se hace con la cadena de tiendas CECENS - El Digital de Asturias","og:description":"El grupo mayorista EHDC (El Hiper del Comercio) ha adquirido esta semana la empresa de Tiendas y Fabricante de art\u00edculos y productos para el hogar CECENS (Como en casa en ning\u00fan sitio). Amplia de esta manera su cat\u00e1logo de productos al por mayor incluyendo la fabricaci\u00f3n y distribuci\u00f3n de los productos de la marca adquirida.","og:url":"https:\/\/www.eldigitaldeasturias.com\/noticias\/el-grupo-ehdc-se-hace-con-la-cadena-de-tiendas-cecens\/","og:image":"https:\/\/www.eldigitaldeasturias.com\/noticias\/wp-content\/uploads\/2019\/09\/1568032138_EHDC1PNG_1_.jpg","og:image:secure_url":"https:\/\/www.eldigitaldeasturias.com\/noticias\/wp-content\/uploads\/2019\/09\/1568032138_EHDC1PNG_1_.jpg","og:image:width":6250,"og:image:height":4167,"article:tag":["negocios y empresas"],"article:published_time":"2019-09-10T10:42:58+00:00","article:modified_time":"2019-09-10T10:42:58+00:00","article:publisher":"https:\/\/facebook.com\/eldigitaldeasturias","twitter:card":"summary_large_image","twitter:title":"El grupo EHDC se hace con la cadena de tiendas CECENS - El Digital de Asturias","twitter:description":"El grupo mayorista EHDC (El Hiper del Comercio) ha adquirido esta semana la empresa de Tiendas y Fabricante de art\u00edculos y productos para el hogar CECENS (Como en casa en ning\u00fan sitio). Amplia de esta manera su cat\u00e1logo de productos al por mayor incluyendo la fabricaci\u00f3n y distribuci\u00f3n de los productos de la marca adquirida.","twitter:image":"https:\/\/www.eldigitaldeasturias.com\/noticias\/wp-content\/uploads\/2019\/09\/1568032138_EHDC1PNG_1_.jpg","twitter:label1":"Escrito por","twitter:data1":"El Digital de Asturias","twitter:label2":"Tiempo de lectura estimado","twitter:data2":"2 minutos"},"aioseo_meta_data":{"post_id":"1040110","title":null,"description":null,"keywords":null,"keyphrases":null,"primary_term":null,"canonical_url":null,"og_title":null,"og_description":null,"og_object_type":"default","og_image_type":"default","og_image_url":null,"og_image_width":null,"og_image_height":null,"og_image_custom_url":null,"og_image_custom_fields":null,"og_video":null,"og_custom_url":null,"og_article_section":null,"og_article_tags":null,"twitter_use_og":false,"twitter_card":"default","twitter_image_type":"default","twitter_image_url":null,"twitter_image_custom_url":null,"twitter_image_custom_fields":null,"twitter_title":null,"twitter_description":null,"schema":{"blockGraphs":[],"customGraphs":[],"default":{"data":{"Article":[],"Course":[],"Dataset":[],"FAQPage":[],"Movie":[],"Person":[],"Product":[],"ProductReview":[],"Car":[],"Recipe":[],"Service":[],"SoftwareApplication":[],"WebPage":[]},"graphName":"","isEnabled":true},"graphs":[],"defaultGraph":"","defaultPostTypeGraph":""},"schema_type":null,"schema_type_options":null,"pillar_content":false,"robots_default":true,"robots_noindex":false,"robots_noarchive":false,"robots_nosnippet":false,"robots_nofollow":false,"robots_noimageindex":false,"robots_noodp":false,"robots_notranslate":false,"robots_max_snippet":null,"robots_max_videopreview":null,"robots_max_imagepreview":"large","priority":null,"frequency":null,"local_seo":null,"seo_analyzer_scan_date":"2025-10-23 07:56:13","breadcrumb_settings":null,"limit_modified_date":false,"open_ai":null,"ai":null,"created":"2020-12-21 11:04:16","updated":"2025-10-23 07:56:13"},"aioseo_breadcrumb":"<div class=\"aioseo-breadcrumbs\"><span class=\"aioseo-breadcrumb\">\n\t<a href=\"https:\/\/www.eldigitaldeasturias.com\/noticias\" title=\"Home\">Home<\/a>\n<\/span><span class=\"aioseo-breadcrumb-separator\">\u2013<\/span><span class=\"aioseo-breadcrumb\">\n\t<a href=\"https:\/\/www.eldigitaldeasturias.com\/noticias\/category\/negocios-y-empresas\/\" title=\"Negocios y Empresas\">Negocios y Empresas<\/a>\n<\/span><span class=\"aioseo-breadcrumb-separator\">\u2013<\/span><span class=\"aioseo-breadcrumb\">\n\t<a href=\"https:\/\/www.eldigitaldeasturias.com\/noticias\/el-grupo-ehdc-se-hace-con-la-cadena-de-tiendas-cecens\/\" title=\"El grupo EHDC se hace con la cadena de tiendas CECENS\">El grupo EHDC se hace con la cadena de tiendas CECENS<\/a>\n<\/span><\/div>","aioseo_breadcrumb_json":[{"label":"Home","link":"https:\/\/www.eldigitaldeasturias.com\/noticias"},{"label":"Negocios y Empresas","link":"https:\/\/www.eldigitaldeasturias.com\/noticias\/category\/negocios-y-empresas\/"},{"label":"El grupo EHDC se hace con la cadena de tiendas CECENS","link":"https:\/\/www.eldigitaldeasturias.com\/noticias\/el-grupo-ehdc-se-hace-con-la-cadena-de-tiendas-cecens\/"}],"_links":{"self":[{"href":"https:\/\/www.eldigitaldeasturias.com\/noticias\/wp-json\/wp\/v2\/posts\/1040110","targetHints":{"allow":["GET"]}}],"collection":[{"href":"https:\/\/www.eldigitaldeasturias.com\/noticias\/wp-json\/wp\/v2\/posts"}],"about":[{"href":"https:\/\/www.eldigitaldeasturias.com\/noticias\/wp-json\/wp\/v2\/types\/post"}],"author":[{"embeddable":true,"href":"https:\/\/www.eldigitaldeasturias.com\/noticias\/wp-json\/wp\/v2\/users\/1"}],"replies":[{"embeddable":true,"href":"https:\/\/www.eldigitaldeasturias.com\/noticias\/wp-json\/wp\/v2\/comments?post=1040110"}],"version-history":[{"count":0,"href":"https:\/\/www.eldigitaldeasturias.com\/noticias\/wp-json\/wp\/v2\/posts\/1040110\/revisions"}],"wp:featuredmedia":[{"embeddable":true,"href":"https:\/\/www.eldigitaldeasturias.com\/noticias\/wp-json\/wp\/v2\/media\/1040111"}],"wp:attachment":[{"href":"https:\/\/www.eldigitaldeasturias.com\/noticias\/wp-json\/wp\/v2\/media?parent=1040110"}],"wp:term":[{"taxonomy":"category","embeddable":true,"href":"https:\/\/www.eldigitaldeasturias.com\/noticias\/wp-json\/wp\/v2\/categories?post=1040110"},{"taxonomy":"post_tag","embeddable":true,"href":"https:\/\/www.eldigitaldeasturias.com\/noticias\/wp-json\/wp\/v2\/tags?post=1040110"}],"curies":[{"name":"wp","href":"https:\/\/api.w.org\/{rel}","templated":true}]}}