{"id":1040043,"date":"2019-09-09T12:05:14","date_gmt":"2019-09-09T12:05:14","guid":{"rendered":"https:\/\/www.eldigitaldeasturias.com\/noticias\/?p=1040043"},"modified":"2019-09-09T12:05:14","modified_gmt":"2019-09-09T12:05:14","slug":"dos-destinos-turisticos-de-sol-y-playa-alicante-y-gran-canaria","status":"publish","type":"post","link":"https:\/\/www.eldigitaldeasturias.com\/noticias\/dos-destinos-turisticos-de-sol-y-playa-alicante-y-gran-canaria\/","title":{"rendered":"Dos destinos tur\u00edsticos de sol y playa; Alicante y Gran Canaria"},"content":{"rendered":"<p><img loading=\"lazy\" decoding=\"async\" class=\"alignleft size-medium wp-image-1040044\" src=\"https:\/\/www.eldigitaldeasturias.com\/noticias\/wp-content\/uploads\/2019\/09\/destinos-de-sol-360x241.jpg\" alt=\"\" width=\"360\" height=\"241\" srcset=\"https:\/\/www.eldigitaldeasturias.com\/noticias\/wp-content\/uploads\/2019\/09\/destinos-de-sol-360x241.jpg 360w, https:\/\/www.eldigitaldeasturias.com\/noticias\/wp-content\/uploads\/2019\/09\/destinos-de-sol-768x514.jpg 768w, https:\/\/www.eldigitaldeasturias.com\/noticias\/wp-content\/uploads\/2019\/09\/destinos-de-sol-650x435.jpg 650w, https:\/\/www.eldigitaldeasturias.com\/noticias\/wp-content\/uploads\/2019\/09\/destinos-de-sol.jpg 960w\" sizes=\"auto, (max-width: 360px) 100vw, 360px\" \/>No lo podemos negar, la mayor\u00eda de <strong>los espa\u00f1oles preferimos los destinos de costa<\/strong> a cualquier otro, ya sea de aventura por la monta\u00f1a, cultural por las grandes capitales, de tranquilidad y paz por los pueblos con encanto\u2026 no importa, nada es comparable a la brisa marina mientras descansamos sobre nuestra toalla extendida sobre la arena caliente bajo la sombrilla o tost\u00e1ndonos al sol, nada nos gusta tanto como el chapuz\u00f3n en agua salada cuando el calor aprieta.<\/p>\n<p>Afortunadamente, nuestro querido pa\u00eds tiene un sinf\u00edn de <strong>destinos costeros, no en vano tenemos nada menos que 5978 kil\u00f3metros de costa repartidos entre el litoral peninsular y las islas.<\/strong> Desde Andaluc\u00eda hasta las Islas C\u00edes en Galicia, pasando por todo el levante mediterr\u00e1neo, la costa catalana, o la belleza agreste y salvaje que ofrece el mar Cant\u00e1brico, sin olvidarnos de las Islas baleares y Canarias, todo un mundo de mares y playas que cubren todos los gustos posibles.<\/p>\n<p>En este art\u00edculo vamos a elegir <strong>dos destinos cl\u00e1sicos<\/strong>, el primero el que mira <strong>al Mediterr\u00e1neo<\/strong> desde la pen\u00ednsula; <strong>Alicante<\/strong>. El segundo el <strong>para\u00edso tropical<\/strong> que nos encontramos en <strong>Gran Canaria<\/strong>. \u00bfCu\u00e1l elegir? Dif\u00edcil decisi\u00f3n.<\/p>\n<h3><strong>Alicante y la Costa Blanca<\/strong><\/h3>\n<p>La principal ventaja que muchos ven en pasar sus vacaciones en la <strong>costa mediterr\u00e1nea<\/strong> es que no se tendr\u00e1 que coger un avi\u00f3n, por lo que, por lo menos en el traslado, obtendremos un ahorro. La segunda ventaja es la posibilidad de recorrer y descubrir rincones de gran belleza natural, para lo cual es un acierto el <a href=\"https:\/\/www.doyouspain.com\/alquiler-coches\/alquiler-de-coches-alicante.htm\" target=\"_blank\" rel=\"noopener noreferrer\"><span style=\"color: #ff6600;\"><strong>alquiler de coches en Alicante<\/strong><\/span><\/a>, sobre todo si alquilas entre los <strong>mejores coches de Alicante<\/strong> y que ofrece <strong>DoYouSpain, una de las mejores empresas de alquiler de coches en Espa\u00f1a<\/strong> que garantizan <strong>el mejor precio en el alquiler de veh\u00edculos<\/strong> y de la forma m\u00e1s sencilla posible, gracias a su intuitiva plataforma web.<\/p>\n<p>Con un <strong>veh\u00edculo particular alquilado<\/strong> ya podremos <strong>hacer el turismo por Alicante y toda la Costa Blanca<\/strong>, disfrutando de su luz \u00fanica, aromas mediterr\u00e1neos y sabores exclusivos, no en vano es la tierra del arroz.<\/p>\n<p>Conduce hasta el puerto que te llevar\u00e1 a la hermosa isla de Tabarca, al Castillo de Santa B\u00e1rbara, las poblaciones de Calpe con su pe\u00f1\u00f3n d\u00b4lfanch y los ba\u00f1os de la Reina, Denia declarada Ciudad Creativa de la Gastronom\u00eda por la Unesco, Altea y su puerto pesquero, Benidorm, absoluto n\u00famero 1 del turismo de la Costa Blanca, Torrevieja, las playas de J\u00e1vea, Villajoyosa, capital de la Marina Baixa\u2026<\/p>\n<p>Alicante y toda la Costa Blanca bien merecen unas vacaciones veraniegas.<\/p>\n<h3><strong>De las Islas Canarias, Gran Canaria<\/strong><\/h3>\n<p>De todas las islas del archipi\u00e9lago canario, debemos pensar qu\u00e9 es lo que andamos buscando para acertar con la isla donde nos vayamos a quedar a descansar, porque cada una de ellas posee algo propio y particular que la hace \u00fanica. Pero si lo que vamos buscando es el <strong>pack completo, es decir, pueblos pintorescos, playas extensas y limpias, naturaleza salvaje, el clima y una m\u00e1s que excelente infraestructura hotelera y todos los servicios posibles destinados al turismo, entonces Gran Canaria ser\u00e1 nuestra mejor elecci\u00f3n<\/strong>.<\/p>\n<p>Para muestra de lo que decimos y de la calidad de un <strong>hotel en la costa<\/strong>, podemos hacer referencia la ubicaci\u00f3n excepcional en toda la <strong>costa canaria<\/strong> del complejo tur\u00edstico <span style=\"color: #ff6600;\"><strong><a style=\"color: #ff6600;\" href=\"https:\/\/www.lopesan.com\/es\/hoteles\/espana\/gran-canaria\/meloneras\/costa-meloneras\/\" target=\"_blank\" rel=\"noopener noreferrer\">Lopesan Costa Meloneras Resort<\/a><\/strong><\/span>, pues se sit\u00faa en la zona m\u00e1s exclusiva de <strong>Gran Canaria<\/strong>, dentro de los parajes des\u00e9rticos de la Reserva Natural de las Dunas de Maspalomas.<\/p>\n<p>Una situaci\u00f3n excepcional no solo por el enclave en s\u00ed, sino por ocupar <strong>el lugar perfecto para disfrutar de la isla en toda su extensi\u00f3n<\/strong>. Desde este Hotel Casino y su majestuoso palacio, tendremos opci\u00f3n de ver y disfrutar de sus <strong>mejores playas<\/strong>, desde la ubicada cerca del hotel, la playa de Maspalomas y Playa del Ingl\u00e9s, dos de las m\u00e1s emblem\u00e1ticas de esta isla, hasta la Playa de las Canteras, catalogada como una de las mejores playas urbanas de toda Espa\u00f1a, pasando por la Playa de Tufia, que ba\u00f1a a un precioso y tradicional pueblo pesquero o la ex\u00f3tica y salvaje playa G\u00fci G\u00fci, para muchos el verdadero para\u00edso en la tierra, a la que solo se llega tras una larga caminata atravesando una monta\u00f1a o por el mar, contratando un barco que por 20 euros te lleva y te trae.<\/p>\n<p>Pero si un d\u00eda quieres hacer otra cosa, <strong>Gran Canaria tiene otros encantos que bien merece la pena descubrir<\/strong>, comenzando por sus <strong>elevaciones rocosas<\/strong>, como el Roque Nublo, el m\u00e1s popular, y Tejada, o el <strong>complejo vacacional de el Puerto de Mog\u00e1n<\/strong>. Con una apariencia similar a la de un parque tem\u00e1tico, se trata de un pueblo destinado \u00fanica y exclusivamente al turismo canario, y, por supuesto, no podemos dejar la isla sin echar un vistazo a su costa m\u00e1s salvaje desde el <strong>Mirador de El Balc\u00f3n<\/strong>, situado en la aldea de San Nicol\u00e1s.<\/p>\n<p>&nbsp;<\/p>\n","protected":false},"excerpt":{"rendered":"<p>No lo podemos negar, la mayor\u00eda de los espa\u00f1oles preferimos los destinos de costa a cualquier otro, ya sea de aventura por la monta\u00f1a, cultural por las grandes capitales, de tranquilidad y paz por los pueblos con encanto\u2026 no importa, nada es comparable a la brisa marina mientras descansamos sobre nuestra toalla extendida sobre la [&hellip;]<\/p>\n","protected":false},"author":1,"featured_media":1040044,"comment_status":"closed","ping_status":"closed","sticky":false,"template":"","format":"standard","meta":{"footnotes":""},"categories":[148],"tags":[],"class_list":["post-1040043","post","type-post","status-publish","format-standard","has-post-thumbnail","hentry","category-turismo"],"aioseo_notices":[],"aioseo_head":"\n\t\t<!-- All in One SEO Pro 4.9.6.2 - aioseo.com -->\n\t<meta name=\"description\" content=\"No lo podemos negar, la mayor\u00eda de los espa\u00f1oles preferimos los destinos de costa a cualquier otro, ya sea de aventura por la monta\u00f1a, cultural por las grandes capitales, de tranquilidad y paz por los pueblos con encanto\u2026 no importa, nada es comparable a la brisa marina mientras descansamos sobre nuestra toalla extendida sobre la\" \/>\n\t<meta name=\"robots\" content=\"max-image-preview:large\" \/>\n\t<meta name=\"author\" content=\"El Digital de Asturias\"\/>\n\t<meta name=\"google-site-verification\" content=\"UA-38556648-1\" \/>\n\t<meta name=\"msvalidate.01\" content=\"7dfe9f3f1b24437ab69f4f2559babe99\" \/>\n\t<meta name=\"keywords\" content=\"turismo\" \/>\n\t<link rel=\"canonical\" href=\"https:\/\/www.eldigitaldeasturias.com\/noticias\/dos-destinos-turisticos-de-sol-y-playa-alicante-y-gran-canaria\/\" \/>\n\t<meta name=\"generator\" content=\"All in One SEO Pro (AIOSEO) 4.9.6.2\" \/>\n\t\t<meta property=\"og:locale\" content=\"es_ES\" \/>\n\t\t<meta property=\"og:site_name\" content=\"El Digital de Asturias\" \/>\n\t\t<meta property=\"og:type\" content=\"article\" \/>\n\t\t<meta property=\"og:title\" content=\"Dos destinos tur\u00edsticos de sol y playa; Alicante y Gran Canaria - El Digital de Asturias\" \/>\n\t\t<meta property=\"og:description\" content=\"No lo podemos negar, la mayor\u00eda de los espa\u00f1oles preferimos los destinos de costa a cualquier otro, ya sea de aventura por la monta\u00f1a, cultural por las grandes capitales, de tranquilidad y paz por los pueblos con encanto\u2026 no importa, nada es comparable a la brisa marina mientras descansamos sobre nuestra toalla extendida sobre la\" \/>\n\t\t<meta property=\"og:url\" content=\"https:\/\/www.eldigitaldeasturias.com\/noticias\/dos-destinos-turisticos-de-sol-y-playa-alicante-y-gran-canaria\/\" \/>\n\t\t<meta property=\"og:image\" content=\"https:\/\/www.eldigitaldeasturias.com\/noticias\/wp-content\/uploads\/2019\/09\/destinos-de-sol.jpg\" \/>\n\t\t<meta property=\"og:image:secure_url\" content=\"https:\/\/www.eldigitaldeasturias.com\/noticias\/wp-content\/uploads\/2019\/09\/destinos-de-sol.jpg\" \/>\n\t\t<meta property=\"og:image:width\" content=\"960\" \/>\n\t\t<meta property=\"og:image:height\" content=\"642\" \/>\n\t\t<meta property=\"article:tag\" content=\"turismo\" \/>\n\t\t<meta property=\"article:published_time\" content=\"2019-09-09T12:05:14+00:00\" \/>\n\t\t<meta property=\"article:modified_time\" content=\"2019-09-09T12:05:14+00:00\" \/>\n\t\t<meta property=\"article:publisher\" content=\"https:\/\/facebook.com\/eldigitaldeasturias\" \/>\n\t\t<meta name=\"twitter:card\" content=\"summary_large_image\" \/>\n\t\t<meta name=\"twitter:title\" content=\"Dos destinos tur\u00edsticos de sol y playa; Alicante y Gran Canaria - El Digital de Asturias\" \/>\n\t\t<meta name=\"twitter:description\" content=\"No lo podemos negar, la mayor\u00eda de los espa\u00f1oles preferimos los destinos de costa a cualquier otro, ya sea de aventura por la monta\u00f1a, cultural por las grandes capitales, de tranquilidad y paz por los pueblos con encanto\u2026 no importa, nada es comparable a la brisa marina mientras descansamos sobre nuestra toalla extendida sobre la\" \/>\n\t\t<meta name=\"twitter:image\" content=\"https:\/\/www.eldigitaldeasturias.com\/noticias\/wp-content\/uploads\/2019\/09\/destinos-de-sol.jpg\" \/>\n\t\t<meta name=\"twitter:label1\" content=\"Escrito por\" \/>\n\t\t<meta name=\"twitter:data1\" content=\"El Digital de Asturias\" \/>\n\t\t<meta name=\"twitter:label2\" content=\"Tiempo de lectura estimado\" \/>\n\t\t<meta name=\"twitter:data2\" content=\"4 minutos\" \/>\n\t\t<script type=\"application\/ld+json\" class=\"aioseo-schema\">\n\t\t\t{\"@context\":\"https:\\\/\\\/schema.org\",\"@graph\":[{\"@type\":\"BlogPosting\",\"@id\":\"https:\\\/\\\/www.eldigitaldeasturias.com\\\/noticias\\\/dos-destinos-turisticos-de-sol-y-playa-alicante-y-gran-canaria\\\/#blogposting\",\"name\":\"Dos destinos tur\\u00edsticos de sol y playa; Alicante y Gran Canaria - El Digital de Asturias\",\"headline\":\"Dos destinos tur\\u00edsticos de sol y playa; Alicante y Gran Canaria\",\"author\":{\"@id\":\"https:\\\/\\\/www.eldigitaldeasturias.com\\\/noticias\\\/author\\\/admin\\\/#author\"},\"publisher\":{\"@id\":\"https:\\\/\\\/www.eldigitaldeasturias.com\\\/noticias\\\/#organization\"},\"image\":{\"@type\":\"ImageObject\",\"url\":\"https:\\\/\\\/www.eldigitaldeasturias.com\\\/noticias\\\/wp-content\\\/uploads\\\/2019\\\/09\\\/destinos-de-sol.jpg\",\"width\":960,\"height\":642},\"datePublished\":\"2019-09-09T12:05:14+02:00\",\"dateModified\":\"2019-09-09T12:05:14+02:00\",\"inLanguage\":\"es-ES\",\"mainEntityOfPage\":{\"@id\":\"https:\\\/\\\/www.eldigitaldeasturias.com\\\/noticias\\\/dos-destinos-turisticos-de-sol-y-playa-alicante-y-gran-canaria\\\/#webpage\"},\"isPartOf\":{\"@id\":\"https:\\\/\\\/www.eldigitaldeasturias.com\\\/noticias\\\/dos-destinos-turisticos-de-sol-y-playa-alicante-y-gran-canaria\\\/#webpage\"},\"articleSection\":\"Turismo\"},{\"@type\":\"BreadcrumbList\",\"@id\":\"https:\\\/\\\/www.eldigitaldeasturias.com\\\/noticias\\\/dos-destinos-turisticos-de-sol-y-playa-alicante-y-gran-canaria\\\/#breadcrumblist\",\"itemListElement\":[{\"@type\":\"ListItem\",\"@id\":\"https:\\\/\\\/www.eldigitaldeasturias.com\\\/noticias#listItem\",\"position\":1,\"name\":\"Home\",\"item\":\"https:\\\/\\\/www.eldigitaldeasturias.com\\\/noticias\",\"nextItem\":{\"@type\":\"ListItem\",\"@id\":\"https:\\\/\\\/www.eldigitaldeasturias.com\\\/noticias\\\/category\\\/turismo\\\/#listItem\",\"name\":\"Turismo\"}},{\"@type\":\"ListItem\",\"@id\":\"https:\\\/\\\/www.eldigitaldeasturias.com\\\/noticias\\\/category\\\/turismo\\\/#listItem\",\"position\":2,\"name\":\"Turismo\",\"item\":\"https:\\\/\\\/www.eldigitaldeasturias.com\\\/noticias\\\/category\\\/turismo\\\/\",\"nextItem\":{\"@type\":\"ListItem\",\"@id\":\"https:\\\/\\\/www.eldigitaldeasturias.com\\\/noticias\\\/dos-destinos-turisticos-de-sol-y-playa-alicante-y-gran-canaria\\\/#listItem\",\"name\":\"Dos destinos tur\\u00edsticos de sol y playa; Alicante y Gran Canaria\"},\"previousItem\":{\"@type\":\"ListItem\",\"@id\":\"https:\\\/\\\/www.eldigitaldeasturias.com\\\/noticias#listItem\",\"name\":\"Home\"}},{\"@type\":\"ListItem\",\"@id\":\"https:\\\/\\\/www.eldigitaldeasturias.com\\\/noticias\\\/dos-destinos-turisticos-de-sol-y-playa-alicante-y-gran-canaria\\\/#listItem\",\"position\":3,\"name\":\"Dos destinos tur\\u00edsticos de sol y playa; Alicante y Gran Canaria\",\"previousItem\":{\"@type\":\"ListItem\",\"@id\":\"https:\\\/\\\/www.eldigitaldeasturias.com\\\/noticias\\\/category\\\/turismo\\\/#listItem\",\"name\":\"Turismo\"}}]},{\"@type\":\"Organization\",\"@id\":\"https:\\\/\\\/www.eldigitaldeasturias.com\\\/noticias\\\/#organization\",\"name\":\"El Digital de Asturias\",\"description\":\"Hemeroteca\",\"url\":\"https:\\\/\\\/www.eldigitaldeasturias.com\\\/noticias\\\/\",\"email\":\"info@eldigitaldeasturias.com\",\"telephone\":\"+34652131393\",\"logo\":{\"@type\":\"ImageObject\",\"url\":\"https:\\\/\\\/www.eldigitaldeasturias.com\\\/noticias\\\/wp-content\\\/uploads\\\/2020\\\/12\\\/EDA.jpg\",\"@id\":\"https:\\\/\\\/www.eldigitaldeasturias.com\\\/noticias\\\/dos-destinos-turisticos-de-sol-y-playa-alicante-y-gran-canaria\\\/#organizationLogo\",\"width\":649,\"height\":297},\"image\":{\"@id\":\"https:\\\/\\\/www.eldigitaldeasturias.com\\\/noticias\\\/dos-destinos-turisticos-de-sol-y-playa-alicante-y-gran-canaria\\\/#organizationLogo\"},\"sameAs\":[\"https:\\\/\\\/facebook.com\\\/eldigitaldeasturias\",\"https:\\\/\\\/www.youtube.com\\\/channel\\\/UCZP-2wLEB9Rv6erhFmqVnvg\"],\"address\":{\"@id\":\"https:\\\/\\\/www.eldigitaldeasturias.com\\\/noticias\\\/#postaladdress\",\"@type\":\"PostalAddress\",\"streetAddress\":\"san antonio 4,\",\"postalCode\":\"33430\",\"addressLocality\":\"Cand\\u00e1s\",\"addressRegion\":\"Asturias\",\"addressCountry\":\"ES\"}},{\"@type\":\"Person\",\"@id\":\"https:\\\/\\\/www.eldigitaldeasturias.com\\\/noticias\\\/author\\\/admin\\\/#author\",\"url\":\"https:\\\/\\\/www.eldigitaldeasturias.com\\\/noticias\\\/author\\\/admin\\\/\",\"name\":\"El Digital de Asturias\",\"image\":{\"@type\":\"ImageObject\",\"@id\":\"https:\\\/\\\/www.eldigitaldeasturias.com\\\/noticias\\\/dos-destinos-turisticos-de-sol-y-playa-alicante-y-gran-canaria\\\/#authorImage\",\"url\":\"https:\\\/\\\/www.eldigitaldeasturias.com\\\/noticias\\\/wp-content\\\/litespeed\\\/avatar\\\/18677e78aa0546b92d9dbf31ec7d7668.jpg?ver=1777290358\",\"width\":96,\"height\":96,\"caption\":\"El Digital de Asturias\"}},{\"@type\":\"WebPage\",\"@id\":\"https:\\\/\\\/www.eldigitaldeasturias.com\\\/noticias\\\/dos-destinos-turisticos-de-sol-y-playa-alicante-y-gran-canaria\\\/#webpage\",\"url\":\"https:\\\/\\\/www.eldigitaldeasturias.com\\\/noticias\\\/dos-destinos-turisticos-de-sol-y-playa-alicante-y-gran-canaria\\\/\",\"name\":\"Dos destinos tur\\u00edsticos de sol y playa; Alicante y Gran Canaria - El Digital de Asturias\",\"description\":\"No lo podemos negar, la mayor\\u00eda de los espa\\u00f1oles preferimos los destinos de costa a cualquier otro, ya sea de aventura por la monta\\u00f1a, cultural por las grandes capitales, de tranquilidad y paz por los pueblos con encanto\\u2026 no importa, nada es comparable a la brisa marina mientras descansamos sobre nuestra toalla extendida sobre la\",\"inLanguage\":\"es-ES\",\"isPartOf\":{\"@id\":\"https:\\\/\\\/www.eldigitaldeasturias.com\\\/noticias\\\/#website\"},\"breadcrumb\":{\"@id\":\"https:\\\/\\\/www.eldigitaldeasturias.com\\\/noticias\\\/dos-destinos-turisticos-de-sol-y-playa-alicante-y-gran-canaria\\\/#breadcrumblist\"},\"author\":{\"@id\":\"https:\\\/\\\/www.eldigitaldeasturias.com\\\/noticias\\\/author\\\/admin\\\/#author\"},\"creator\":{\"@id\":\"https:\\\/\\\/www.eldigitaldeasturias.com\\\/noticias\\\/author\\\/admin\\\/#author\"},\"image\":{\"@type\":\"ImageObject\",\"url\":\"https:\\\/\\\/www.eldigitaldeasturias.com\\\/noticias\\\/wp-content\\\/uploads\\\/2019\\\/09\\\/destinos-de-sol.jpg\",\"@id\":\"https:\\\/\\\/www.eldigitaldeasturias.com\\\/noticias\\\/dos-destinos-turisticos-de-sol-y-playa-alicante-y-gran-canaria\\\/#mainImage\",\"width\":960,\"height\":642},\"primaryImageOfPage\":{\"@id\":\"https:\\\/\\\/www.eldigitaldeasturias.com\\\/noticias\\\/dos-destinos-turisticos-de-sol-y-playa-alicante-y-gran-canaria\\\/#mainImage\"},\"datePublished\":\"2019-09-09T12:05:14+02:00\",\"dateModified\":\"2019-09-09T12:05:14+02:00\"},{\"@type\":\"WebSite\",\"@id\":\"https:\\\/\\\/www.eldigitaldeasturias.com\\\/noticias\\\/#website\",\"url\":\"https:\\\/\\\/www.eldigitaldeasturias.com\\\/noticias\\\/\",\"name\":\"El Digital de Asturias - Diario de actualidad y noticias\",\"alternateName\":\"El Digital de Asturias - Diario de actualidad y noticias\",\"description\":\"Hemeroteca\",\"inLanguage\":\"es-ES\",\"publisher\":{\"@id\":\"https:\\\/\\\/www.eldigitaldeasturias.com\\\/noticias\\\/#organization\"}}]}\n\t\t<\/script>\n\t\t<!-- All in One SEO Pro -->\r\n\t\t<title>Dos destinos tur\u00edsticos de sol y playa; Alicante y Gran Canaria - El Digital de Asturias<\/title>\n\n","aioseo_head_json":{"title":"Dos destinos tur\u00edsticos de sol y playa; Alicante y Gran Canaria - El Digital de Asturias","description":"No lo podemos negar, la mayor\u00eda de los espa\u00f1oles preferimos los destinos de costa a cualquier otro, ya sea de aventura por la monta\u00f1a, cultural por las grandes capitales, de tranquilidad y paz por los pueblos con encanto\u2026 no importa, nada es comparable a la brisa marina mientras descansamos sobre nuestra toalla extendida sobre la","canonical_url":"https:\/\/www.eldigitaldeasturias.com\/noticias\/dos-destinos-turisticos-de-sol-y-playa-alicante-y-gran-canaria\/","robots":"max-image-preview:large","keywords":"turismo","webmasterTools":{"google-site-verification":"UA-38556648-1","msvalidate.01":"7dfe9f3f1b24437ab69f4f2559babe99","miscellaneous":""},"schema":{"@context":"https:\/\/schema.org","@graph":[{"@type":"BlogPosting","@id":"https:\/\/www.eldigitaldeasturias.com\/noticias\/dos-destinos-turisticos-de-sol-y-playa-alicante-y-gran-canaria\/#blogposting","name":"Dos destinos tur\u00edsticos de sol y playa; Alicante y Gran Canaria - El Digital de Asturias","headline":"Dos destinos tur\u00edsticos de sol y playa; Alicante y Gran Canaria","author":{"@id":"https:\/\/www.eldigitaldeasturias.com\/noticias\/author\/admin\/#author"},"publisher":{"@id":"https:\/\/www.eldigitaldeasturias.com\/noticias\/#organization"},"image":{"@type":"ImageObject","url":"https:\/\/www.eldigitaldeasturias.com\/noticias\/wp-content\/uploads\/2019\/09\/destinos-de-sol.jpg","width":960,"height":642},"datePublished":"2019-09-09T12:05:14+02:00","dateModified":"2019-09-09T12:05:14+02:00","inLanguage":"es-ES","mainEntityOfPage":{"@id":"https:\/\/www.eldigitaldeasturias.com\/noticias\/dos-destinos-turisticos-de-sol-y-playa-alicante-y-gran-canaria\/#webpage"},"isPartOf":{"@id":"https:\/\/www.eldigitaldeasturias.com\/noticias\/dos-destinos-turisticos-de-sol-y-playa-alicante-y-gran-canaria\/#webpage"},"articleSection":"Turismo"},{"@type":"BreadcrumbList","@id":"https:\/\/www.eldigitaldeasturias.com\/noticias\/dos-destinos-turisticos-de-sol-y-playa-alicante-y-gran-canaria\/#breadcrumblist","itemListElement":[{"@type":"ListItem","@id":"https:\/\/www.eldigitaldeasturias.com\/noticias#listItem","position":1,"name":"Home","item":"https:\/\/www.eldigitaldeasturias.com\/noticias","nextItem":{"@type":"ListItem","@id":"https:\/\/www.eldigitaldeasturias.com\/noticias\/category\/turismo\/#listItem","name":"Turismo"}},{"@type":"ListItem","@id":"https:\/\/www.eldigitaldeasturias.com\/noticias\/category\/turismo\/#listItem","position":2,"name":"Turismo","item":"https:\/\/www.eldigitaldeasturias.com\/noticias\/category\/turismo\/","nextItem":{"@type":"ListItem","@id":"https:\/\/www.eldigitaldeasturias.com\/noticias\/dos-destinos-turisticos-de-sol-y-playa-alicante-y-gran-canaria\/#listItem","name":"Dos destinos tur\u00edsticos de sol y playa; Alicante y Gran Canaria"},"previousItem":{"@type":"ListItem","@id":"https:\/\/www.eldigitaldeasturias.com\/noticias#listItem","name":"Home"}},{"@type":"ListItem","@id":"https:\/\/www.eldigitaldeasturias.com\/noticias\/dos-destinos-turisticos-de-sol-y-playa-alicante-y-gran-canaria\/#listItem","position":3,"name":"Dos destinos tur\u00edsticos de sol y playa; Alicante y Gran Canaria","previousItem":{"@type":"ListItem","@id":"https:\/\/www.eldigitaldeasturias.com\/noticias\/category\/turismo\/#listItem","name":"Turismo"}}]},{"@type":"Organization","@id":"https:\/\/www.eldigitaldeasturias.com\/noticias\/#organization","name":"El Digital de Asturias","description":"Hemeroteca","url":"https:\/\/www.eldigitaldeasturias.com\/noticias\/","email":"info@eldigitaldeasturias.com","telephone":"+34652131393","logo":{"@type":"ImageObject","url":"https:\/\/www.eldigitaldeasturias.com\/noticias\/wp-content\/uploads\/2020\/12\/EDA.jpg","@id":"https:\/\/www.eldigitaldeasturias.com\/noticias\/dos-destinos-turisticos-de-sol-y-playa-alicante-y-gran-canaria\/#organizationLogo","width":649,"height":297},"image":{"@id":"https:\/\/www.eldigitaldeasturias.com\/noticias\/dos-destinos-turisticos-de-sol-y-playa-alicante-y-gran-canaria\/#organizationLogo"},"sameAs":["https:\/\/facebook.com\/eldigitaldeasturias","https:\/\/www.youtube.com\/channel\/UCZP-2wLEB9Rv6erhFmqVnvg"],"address":{"@id":"https:\/\/www.eldigitaldeasturias.com\/noticias\/#postaladdress","@type":"PostalAddress","streetAddress":"san antonio 4,","postalCode":"33430","addressLocality":"Cand\u00e1s","addressRegion":"Asturias","addressCountry":"ES"}},{"@type":"Person","@id":"https:\/\/www.eldigitaldeasturias.com\/noticias\/author\/admin\/#author","url":"https:\/\/www.eldigitaldeasturias.com\/noticias\/author\/admin\/","name":"El Digital de Asturias","image":{"@type":"ImageObject","@id":"https:\/\/www.eldigitaldeasturias.com\/noticias\/dos-destinos-turisticos-de-sol-y-playa-alicante-y-gran-canaria\/#authorImage","url":"https:\/\/www.eldigitaldeasturias.com\/noticias\/wp-content\/litespeed\/avatar\/18677e78aa0546b92d9dbf31ec7d7668.jpg?ver=1777290358","width":96,"height":96,"caption":"El Digital de Asturias"}},{"@type":"WebPage","@id":"https:\/\/www.eldigitaldeasturias.com\/noticias\/dos-destinos-turisticos-de-sol-y-playa-alicante-y-gran-canaria\/#webpage","url":"https:\/\/www.eldigitaldeasturias.com\/noticias\/dos-destinos-turisticos-de-sol-y-playa-alicante-y-gran-canaria\/","name":"Dos destinos tur\u00edsticos de sol y playa; Alicante y Gran Canaria - El Digital de Asturias","description":"No lo podemos negar, la mayor\u00eda de los espa\u00f1oles preferimos los destinos de costa a cualquier otro, ya sea de aventura por la monta\u00f1a, cultural por las grandes capitales, de tranquilidad y paz por los pueblos con encanto\u2026 no importa, nada es comparable a la brisa marina mientras descansamos sobre nuestra toalla extendida sobre la","inLanguage":"es-ES","isPartOf":{"@id":"https:\/\/www.eldigitaldeasturias.com\/noticias\/#website"},"breadcrumb":{"@id":"https:\/\/www.eldigitaldeasturias.com\/noticias\/dos-destinos-turisticos-de-sol-y-playa-alicante-y-gran-canaria\/#breadcrumblist"},"author":{"@id":"https:\/\/www.eldigitaldeasturias.com\/noticias\/author\/admin\/#author"},"creator":{"@id":"https:\/\/www.eldigitaldeasturias.com\/noticias\/author\/admin\/#author"},"image":{"@type":"ImageObject","url":"https:\/\/www.eldigitaldeasturias.com\/noticias\/wp-content\/uploads\/2019\/09\/destinos-de-sol.jpg","@id":"https:\/\/www.eldigitaldeasturias.com\/noticias\/dos-destinos-turisticos-de-sol-y-playa-alicante-y-gran-canaria\/#mainImage","width":960,"height":642},"primaryImageOfPage":{"@id":"https:\/\/www.eldigitaldeasturias.com\/noticias\/dos-destinos-turisticos-de-sol-y-playa-alicante-y-gran-canaria\/#mainImage"},"datePublished":"2019-09-09T12:05:14+02:00","dateModified":"2019-09-09T12:05:14+02:00"},{"@type":"WebSite","@id":"https:\/\/www.eldigitaldeasturias.com\/noticias\/#website","url":"https:\/\/www.eldigitaldeasturias.com\/noticias\/","name":"El Digital de Asturias - Diario de actualidad y noticias","alternateName":"El Digital de Asturias - Diario de actualidad y noticias","description":"Hemeroteca","inLanguage":"es-ES","publisher":{"@id":"https:\/\/www.eldigitaldeasturias.com\/noticias\/#organization"}}]},"og:locale":"es_ES","og:site_name":"El Digital de Asturias","og:type":"article","og:title":"Dos destinos tur\u00edsticos de sol y playa; Alicante y Gran Canaria - El Digital de Asturias","og:description":"No lo podemos negar, la mayor\u00eda de los espa\u00f1oles preferimos los destinos de costa a cualquier otro, ya sea de aventura por la monta\u00f1a, cultural por las grandes capitales, de tranquilidad y paz por los pueblos con encanto\u2026 no importa, nada es comparable a la brisa marina mientras descansamos sobre nuestra toalla extendida sobre la","og:url":"https:\/\/www.eldigitaldeasturias.com\/noticias\/dos-destinos-turisticos-de-sol-y-playa-alicante-y-gran-canaria\/","og:image":"https:\/\/www.eldigitaldeasturias.com\/noticias\/wp-content\/uploads\/2019\/09\/destinos-de-sol.jpg","og:image:secure_url":"https:\/\/www.eldigitaldeasturias.com\/noticias\/wp-content\/uploads\/2019\/09\/destinos-de-sol.jpg","og:image:width":960,"og:image:height":642,"article:tag":["turismo"],"article:published_time":"2019-09-09T12:05:14+00:00","article:modified_time":"2019-09-09T12:05:14+00:00","article:publisher":"https:\/\/facebook.com\/eldigitaldeasturias","twitter:card":"summary_large_image","twitter:title":"Dos destinos tur\u00edsticos de sol y playa; Alicante y Gran Canaria - El Digital de Asturias","twitter:description":"No lo podemos negar, la mayor\u00eda de los espa\u00f1oles preferimos los destinos de costa a cualquier otro, ya sea de aventura por la monta\u00f1a, cultural por las grandes capitales, de tranquilidad y paz por los pueblos con encanto\u2026 no importa, nada es comparable a la brisa marina mientras descansamos sobre nuestra toalla extendida sobre la","twitter:image":"https:\/\/www.eldigitaldeasturias.com\/noticias\/wp-content\/uploads\/2019\/09\/destinos-de-sol.jpg","twitter:label1":"Escrito por","twitter:data1":"El Digital de Asturias","twitter:label2":"Tiempo de lectura estimado","twitter:data2":"4 minutos"},"aioseo_meta_data":{"post_id":"1040043","title":null,"description":null,"keywords":null,"keyphrases":null,"primary_term":null,"canonical_url":null,"og_title":null,"og_description":null,"og_object_type":"default","og_image_type":"default","og_image_url":null,"og_image_width":null,"og_image_height":null,"og_image_custom_url":null,"og_image_custom_fields":null,"og_video":null,"og_custom_url":null,"og_article_section":null,"og_article_tags":null,"twitter_use_og":false,"twitter_card":"default","twitter_image_type":"default","twitter_image_url":null,"twitter_image_custom_url":null,"twitter_image_custom_fields":null,"twitter_title":null,"twitter_description":null,"schema":{"blockGraphs":[],"customGraphs":[],"default":{"data":{"Article":[],"Course":[],"Dataset":[],"FAQPage":[],"Movie":[],"Person":[],"Product":[],"ProductReview":[],"Car":[],"Recipe":[],"Service":[],"SoftwareApplication":[],"WebPage":[]},"graphName":"","isEnabled":true},"graphs":[],"defaultGraph":"","defaultPostTypeGraph":""},"schema_type":null,"schema_type_options":null,"pillar_content":false,"robots_default":true,"robots_noindex":false,"robots_noarchive":false,"robots_nosnippet":false,"robots_nofollow":false,"robots_noimageindex":false,"robots_noodp":false,"robots_notranslate":false,"robots_max_snippet":null,"robots_max_videopreview":null,"robots_max_imagepreview":"large","priority":null,"frequency":null,"local_seo":null,"seo_analyzer_scan_date":"2025-10-23 07:37:13","breadcrumb_settings":null,"limit_modified_date":false,"open_ai":null,"ai":null,"created":"2020-12-21 11:04:16","updated":"2025-10-23 07:37:13"},"aioseo_breadcrumb":"<div class=\"aioseo-breadcrumbs\"><span class=\"aioseo-breadcrumb\">\n\t<a href=\"https:\/\/www.eldigitaldeasturias.com\/noticias\" title=\"Home\">Home<\/a>\n<\/span><span class=\"aioseo-breadcrumb-separator\">\u2013<\/span><span class=\"aioseo-breadcrumb\">\n\t<a href=\"https:\/\/www.eldigitaldeasturias.com\/noticias\/category\/turismo\/\" title=\"Turismo\">Turismo<\/a>\n<\/span><span class=\"aioseo-breadcrumb-separator\">\u2013<\/span><span class=\"aioseo-breadcrumb\">\n\t<a href=\"https:\/\/www.eldigitaldeasturias.com\/noticias\/dos-destinos-turisticos-de-sol-y-playa-alicante-y-gran-canaria\/\" title=\"Dos destinos tur\u00edsticos de sol y playa; Alicante y Gran Canaria\">Dos destinos tur\u00edsticos de sol y playa; Alicante y Gran Canaria<\/a>\n<\/span><\/div>","aioseo_breadcrumb_json":[{"label":"Home","link":"https:\/\/www.eldigitaldeasturias.com\/noticias"},{"label":"Turismo","link":"https:\/\/www.eldigitaldeasturias.com\/noticias\/category\/turismo\/"},{"label":"Dos destinos tur\u00edsticos de sol y playa; Alicante y Gran Canaria","link":"https:\/\/www.eldigitaldeasturias.com\/noticias\/dos-destinos-turisticos-de-sol-y-playa-alicante-y-gran-canaria\/"}],"_links":{"self":[{"href":"https:\/\/www.eldigitaldeasturias.com\/noticias\/wp-json\/wp\/v2\/posts\/1040043","targetHints":{"allow":["GET"]}}],"collection":[{"href":"https:\/\/www.eldigitaldeasturias.com\/noticias\/wp-json\/wp\/v2\/posts"}],"about":[{"href":"https:\/\/www.eldigitaldeasturias.com\/noticias\/wp-json\/wp\/v2\/types\/post"}],"author":[{"embeddable":true,"href":"https:\/\/www.eldigitaldeasturias.com\/noticias\/wp-json\/wp\/v2\/users\/1"}],"replies":[{"embeddable":true,"href":"https:\/\/www.eldigitaldeasturias.com\/noticias\/wp-json\/wp\/v2\/comments?post=1040043"}],"version-history":[{"count":0,"href":"https:\/\/www.eldigitaldeasturias.com\/noticias\/wp-json\/wp\/v2\/posts\/1040043\/revisions"}],"wp:featuredmedia":[{"embeddable":true,"href":"https:\/\/www.eldigitaldeasturias.com\/noticias\/wp-json\/wp\/v2\/media\/1040044"}],"wp:attachment":[{"href":"https:\/\/www.eldigitaldeasturias.com\/noticias\/wp-json\/wp\/v2\/media?parent=1040043"}],"wp:term":[{"taxonomy":"category","embeddable":true,"href":"https:\/\/www.eldigitaldeasturias.com\/noticias\/wp-json\/wp\/v2\/categories?post=1040043"},{"taxonomy":"post_tag","embeddable":true,"href":"https:\/\/www.eldigitaldeasturias.com\/noticias\/wp-json\/wp\/v2\/tags?post=1040043"}],"curies":[{"name":"wp","href":"https:\/\/api.w.org\/{rel}","templated":true}]}}