{"id":1040002,"date":"2019-09-08T18:51:51","date_gmt":"2019-09-08T18:51:51","guid":{"rendered":"https:\/\/www.eldigitaldeasturias.com\/noticias\/?p=1040002"},"modified":"2019-09-08T18:51:51","modified_gmt":"2019-09-08T18:51:51","slug":"el-neumatico-gitisynergye1-equipara-de-serie-los-volkswagen-t-cross","status":"publish","type":"post","link":"https:\/\/www.eldigitaldeasturias.com\/noticias\/el-neumatico-gitisynergye1-equipara-de-serie-los-volkswagen-t-cross\/","title":{"rendered":"El neum\u00e1tico GitiSynergyE1 equipar\u00e1 de serie los Volkswagen T-Cross"},"content":{"rendered":"<p><a href=\"https:\/\/giti-tire.eu\/es\/tires\" target=\"_blank\" rel=\"nofollow noopener noreferrer\"><span style=\"color: #ff6600;\"><strong><img loading=\"lazy\" decoding=\"async\" class=\"alignleft size-medium wp-image-1040003\" src=\"https:\/\/www.eldigitaldeasturias.com\/noticias\/wp-content\/uploads\/2019\/09\/1567686187_ph105.VW_T_Cross-360x240.jpg\" alt=\"\" width=\"360\" height=\"240\" srcset=\"https:\/\/www.eldigitaldeasturias.com\/noticias\/wp-content\/uploads\/2019\/09\/1567686187_ph105.VW_T_Cross-360x240.jpg 360w, https:\/\/www.eldigitaldeasturias.com\/noticias\/wp-content\/uploads\/2019\/09\/1567686187_ph105.VW_T_Cross-768x512.jpg 768w, https:\/\/www.eldigitaldeasturias.com\/noticias\/wp-content\/uploads\/2019\/09\/1567686187_ph105.VW_T_Cross-650x434.jpg 650w, https:\/\/www.eldigitaldeasturias.com\/noticias\/wp-content\/uploads\/2019\/09\/1567686187_ph105.VW_T_Cross.jpg 2048w\" sizes=\"auto, (max-width: 360px) 100vw, 360px\" \/>Giti Tire<\/strong><\/span><\/a>\u00a0ha conseguido un nuevo acuerdo de equipamiento original con el Grupo Volkswagen y suministrar\u00e1 el\u00a0<strong><a href=\"https:\/\/giti-tire.eu\/es\/tires\/gitisynergy\" target=\"_blank\" rel=\"nofollow noopener noreferrer\"><span style=\"color: #ff6600;\">GitiSynergyE1<\/span><\/a><\/strong>\u00a0en tama\u00f1o 205 \/ 60R16 92H para el Volkswagen T-Cross.<\/p>\n<p>Este modelo se construye para el mercado europeo en Pamplona utilizando la plataforma de autom\u00f3viles peque\u00f1os MQB-A0 que el Grupo Volkswagen tambi\u00e9n utiliza en la fabricaci\u00f3n del Seat Arona Compact Crossover, del VW Polo y del Seat Ibiza. Estos otros modelos de Wolkswagen ya inclu\u00edan neum\u00e1ticos GitiSynergyE1 para su primera equipaci\u00f3n gracias a acuerdos alcanzados anteriormente.<\/p>\n<p>Entre sus principales caracter\u00edsticas el GitiSynergyE1 incluye un compuesto ecol\u00f3gico de alto rendimiento en su banda de rodadura, un dise\u00f1o especial del contorno para ofrecer una baja resistencia a la rodadura y otras mejoras para facilitar la conducci\u00f3n y el frenado tanto en carreteras mojadas como secas. Todas estas cualidades le han permitido conseguir la calificaci\u00f3n B conforme al reglamento de etiquetado europeo de neum\u00e1ticos.<\/p>\n<p>El neum\u00e1tico ha sido dise\u00f1ado por el Centro Europeo de Investigaci\u00f3n y Desarrollo de Giti Tire en Hannover, y probado en las instalaciones de MIRA en el Reino Unido, Idiada en Espa\u00f1a y ATP en Alemania.<\/p>\n<p>Stefan Fischer, Director de Tecnolog\u00eda de Producto en Giti Tire Europe, afirma: \u201clas demandas de nuestros clientes nos ha llevado a la vanguardia en el desarrollo del neum\u00e1tico y nos han impulsado a cumplir con los requisitos de excelente kilometraje y baja resistencia a la rodadura y a hacerlo de manera compatible con una conducci\u00f3n deportiva y agradable\u201d.<\/p>\n<p>\u201cConfirmada esta \u00faltima homologaci\u00f3n como equipo original (OE) que entregaremos en todas las \u00e1reas, estamos encantados de que nuestra relaci\u00f3n con el Grupo Volkswagen contin\u00fae y esperamos seguir creciendo en muchos patrones y tama\u00f1os. Continuaremos trabajando duro para asegurarnos de que seguimos superando las exigentes demandas de mercado de equipamiento original\u00bb.<\/p>\n<p><strong>Sobre Giti Tire<\/strong><\/p>\n<p>Giti Tire es uno de los mayores fabricantes de neum\u00e1ticos del mundo en t\u00e9rminos de volumen y de ingresos, con un portfolio en el que se incluye Giti, GT Radial y Runway. La Compa\u00f1\u00eda ofrece una gama completa de productos para Europa, con neum\u00e1ticos para turismo, SUV, furgoneta, cami\u00f3n ligero (PCR), cami\u00f3n pesado y autob\u00fas (TBR).<\/p>\n<p>Giti Tire est\u00e1 focalizada en la creaci\u00f3n de alianzas sostenibles con distribuidores, minoristas, flotas de camiones y autobuses, fabricantes de veh\u00edculos y otras compa\u00f1\u00edas y organizaciones l\u00edderes en la industria para proporcionar productos de alta calidad con un servicio excelente.<\/p>\n<p>Fundada en 1993 y con sede en Singap\u00far, cuenta con m\u00e1s de 35.000 empleados a nivel mundial y distribuye a m\u00e1s de 130 pa\u00edses.<\/p>\n<p>Giti Tire cuenta con unas modernas instalaciones de I + D en Hannover (Alemania) que completa con el renombrado centro de pruebas de MIRA en el Reino Unido. Adem\u00e1s trabaja en colaboraci\u00f3n con otros centros mundiales de investigaci\u00f3n y desarrollo en China, Indonesia e EE.UU.<\/p>\n<p>Giti Tire est\u00e1 plenamente comprometida con el mantenimiento de los m\u00e1s altos est\u00e1ndares en los procedimientos de control de calidad y ha obtenido la acreditaci\u00f3n IATF 16949: 2016 para todas sus plantas de fabricaci\u00f3n. Todas las plantas que abastecen a Europa han obtenido la\u00a0Acreditaci\u00f3n del Sistema de Gesti\u00f3n Ambiental ISO14001.<\/p>\n","protected":false},"excerpt":{"rendered":"<p>Giti Tire\u00a0ha conseguido un nuevo acuerdo de equipamiento original con el Grupo Volkswagen y suministrar\u00e1 el\u00a0GitiSynergyE1\u00a0en tama\u00f1o 205 \/ 60R16 92H para el Volkswagen T-Cross. Este modelo se construye para el mercado europeo en Pamplona utilizando la plataforma de autom\u00f3viles peque\u00f1os MQB-A0 que el Grupo Volkswagen tambi\u00e9n utiliza en la fabricaci\u00f3n del Seat Arona Compact [&hellip;]<\/p>\n","protected":false},"author":1,"featured_media":1040003,"comment_status":"closed","ping_status":"closed","sticky":false,"template":"","format":"standard","meta":{"footnotes":""},"categories":[219],"tags":[],"class_list":["post-1040002","post","type-post","status-publish","format-standard","has-post-thumbnail","hentry","category-negocios-y-empresas"],"aioseo_notices":[],"aioseo_head":"\n\t\t<!-- All in One SEO Pro 4.9.6.2 - aioseo.com -->\n\t<meta name=\"description\" content=\"Giti Tire ha conseguido un nuevo acuerdo de equipamiento original con el Grupo Volkswagen y suministrar\u00e1 el GitiSynergyE1 en tama\u00f1o 205 \/ 60R16 92H para el Volkswagen T-Cross. Este modelo se construye para el mercado europeo en Pamplona utilizando la plataforma de autom\u00f3viles peque\u00f1os MQB-A0 que el Grupo Volkswagen tambi\u00e9n utiliza en la fabricaci\u00f3n del Seat Arona Compact\" \/>\n\t<meta name=\"robots\" content=\"max-image-preview:large\" \/>\n\t<meta name=\"author\" content=\"El Digital de Asturias\"\/>\n\t<meta name=\"google-site-verification\" content=\"UA-38556648-1\" \/>\n\t<meta name=\"msvalidate.01\" content=\"7dfe9f3f1b24437ab69f4f2559babe99\" \/>\n\t<meta name=\"keywords\" content=\"negocios y empresas\" \/>\n\t<link rel=\"canonical\" href=\"https:\/\/www.eldigitaldeasturias.com\/noticias\/el-neumatico-gitisynergye1-equipara-de-serie-los-volkswagen-t-cross\/\" \/>\n\t<meta name=\"generator\" content=\"All in One SEO Pro (AIOSEO) 4.9.6.2\" \/>\n\t\t<meta property=\"og:locale\" content=\"es_ES\" \/>\n\t\t<meta property=\"og:site_name\" content=\"El Digital de Asturias\" \/>\n\t\t<meta property=\"og:type\" content=\"article\" \/>\n\t\t<meta property=\"og:title\" content=\"El neum\u00e1tico GitiSynergyE1 equipar\u00e1 de serie los Volkswagen T-Cross - El Digital de Asturias\" \/>\n\t\t<meta property=\"og:description\" content=\"Giti Tire ha conseguido un nuevo acuerdo de equipamiento original con el Grupo Volkswagen y suministrar\u00e1 el GitiSynergyE1 en tama\u00f1o 205 \/ 60R16 92H para el Volkswagen T-Cross. Este modelo se construye para el mercado europeo en Pamplona utilizando la plataforma de autom\u00f3viles peque\u00f1os MQB-A0 que el Grupo Volkswagen tambi\u00e9n utiliza en la fabricaci\u00f3n del Seat Arona Compact\" \/>\n\t\t<meta property=\"og:url\" content=\"https:\/\/www.eldigitaldeasturias.com\/noticias\/el-neumatico-gitisynergye1-equipara-de-serie-los-volkswagen-t-cross\/\" \/>\n\t\t<meta property=\"og:image\" content=\"https:\/\/www.eldigitaldeasturias.com\/noticias\/wp-content\/uploads\/2019\/09\/1567686187_ph105.VW_T_Cross.jpg\" \/>\n\t\t<meta property=\"og:image:secure_url\" content=\"https:\/\/www.eldigitaldeasturias.com\/noticias\/wp-content\/uploads\/2019\/09\/1567686187_ph105.VW_T_Cross.jpg\" \/>\n\t\t<meta property=\"og:image:width\" content=\"2048\" \/>\n\t\t<meta property=\"og:image:height\" content=\"1366\" \/>\n\t\t<meta property=\"article:tag\" content=\"negocios y empresas\" \/>\n\t\t<meta property=\"article:published_time\" content=\"2019-09-08T18:51:51+00:00\" \/>\n\t\t<meta property=\"article:modified_time\" content=\"2019-09-08T18:51:51+00:00\" \/>\n\t\t<meta property=\"article:publisher\" content=\"https:\/\/facebook.com\/eldigitaldeasturias\" \/>\n\t\t<meta name=\"twitter:card\" content=\"summary_large_image\" \/>\n\t\t<meta name=\"twitter:title\" content=\"El neum\u00e1tico GitiSynergyE1 equipar\u00e1 de serie los Volkswagen T-Cross - El Digital de Asturias\" \/>\n\t\t<meta name=\"twitter:description\" content=\"Giti Tire ha conseguido un nuevo acuerdo de equipamiento original con el Grupo Volkswagen y suministrar\u00e1 el GitiSynergyE1 en tama\u00f1o 205 \/ 60R16 92H para el Volkswagen T-Cross. Este modelo se construye para el mercado europeo en Pamplona utilizando la plataforma de autom\u00f3viles peque\u00f1os MQB-A0 que el Grupo Volkswagen tambi\u00e9n utiliza en la fabricaci\u00f3n del Seat Arona Compact\" \/>\n\t\t<meta name=\"twitter:image\" content=\"https:\/\/www.eldigitaldeasturias.com\/noticias\/wp-content\/uploads\/2019\/09\/1567686187_ph105.VW_T_Cross.jpg\" \/>\n\t\t<meta name=\"twitter:label1\" content=\"Escrito por\" \/>\n\t\t<meta name=\"twitter:data1\" content=\"El Digital de Asturias\" \/>\n\t\t<meta name=\"twitter:label2\" content=\"Tiempo de lectura estimado\" \/>\n\t\t<meta name=\"twitter:data2\" content=\"3 minutos\" \/>\n\t\t<script type=\"application\/ld+json\" class=\"aioseo-schema\">\n\t\t\t{\"@context\":\"https:\\\/\\\/schema.org\",\"@graph\":[{\"@type\":\"BlogPosting\",\"@id\":\"https:\\\/\\\/www.eldigitaldeasturias.com\\\/noticias\\\/el-neumatico-gitisynergye1-equipara-de-serie-los-volkswagen-t-cross\\\/#blogposting\",\"name\":\"El neum\\u00e1tico GitiSynergyE1 equipar\\u00e1 de serie los Volkswagen T-Cross - El Digital de Asturias\",\"headline\":\"El neum\\u00e1tico GitiSynergyE1 equipar\\u00e1 de serie los Volkswagen T-Cross\",\"author\":{\"@id\":\"https:\\\/\\\/www.eldigitaldeasturias.com\\\/noticias\\\/author\\\/admin\\\/#author\"},\"publisher\":{\"@id\":\"https:\\\/\\\/www.eldigitaldeasturias.com\\\/noticias\\\/#organization\"},\"image\":{\"@type\":\"ImageObject\",\"url\":\"https:\\\/\\\/www.eldigitaldeasturias.com\\\/noticias\\\/wp-content\\\/uploads\\\/2019\\\/09\\\/1567686187_ph105.VW_T_Cross.jpg\",\"width\":2048,\"height\":1366},\"datePublished\":\"2019-09-08T18:51:51+02:00\",\"dateModified\":\"2019-09-08T18:51:51+02:00\",\"inLanguage\":\"es-ES\",\"mainEntityOfPage\":{\"@id\":\"https:\\\/\\\/www.eldigitaldeasturias.com\\\/noticias\\\/el-neumatico-gitisynergye1-equipara-de-serie-los-volkswagen-t-cross\\\/#webpage\"},\"isPartOf\":{\"@id\":\"https:\\\/\\\/www.eldigitaldeasturias.com\\\/noticias\\\/el-neumatico-gitisynergye1-equipara-de-serie-los-volkswagen-t-cross\\\/#webpage\"},\"articleSection\":\"Negocios y Empresas\"},{\"@type\":\"BreadcrumbList\",\"@id\":\"https:\\\/\\\/www.eldigitaldeasturias.com\\\/noticias\\\/el-neumatico-gitisynergye1-equipara-de-serie-los-volkswagen-t-cross\\\/#breadcrumblist\",\"itemListElement\":[{\"@type\":\"ListItem\",\"@id\":\"https:\\\/\\\/www.eldigitaldeasturias.com\\\/noticias#listItem\",\"position\":1,\"name\":\"Home\",\"item\":\"https:\\\/\\\/www.eldigitaldeasturias.com\\\/noticias\",\"nextItem\":{\"@type\":\"ListItem\",\"@id\":\"https:\\\/\\\/www.eldigitaldeasturias.com\\\/noticias\\\/category\\\/negocios-y-empresas\\\/#listItem\",\"name\":\"Negocios y Empresas\"}},{\"@type\":\"ListItem\",\"@id\":\"https:\\\/\\\/www.eldigitaldeasturias.com\\\/noticias\\\/category\\\/negocios-y-empresas\\\/#listItem\",\"position\":2,\"name\":\"Negocios y Empresas\",\"item\":\"https:\\\/\\\/www.eldigitaldeasturias.com\\\/noticias\\\/category\\\/negocios-y-empresas\\\/\",\"nextItem\":{\"@type\":\"ListItem\",\"@id\":\"https:\\\/\\\/www.eldigitaldeasturias.com\\\/noticias\\\/el-neumatico-gitisynergye1-equipara-de-serie-los-volkswagen-t-cross\\\/#listItem\",\"name\":\"El neum\\u00e1tico GitiSynergyE1 equipar\\u00e1 de serie los Volkswagen T-Cross\"},\"previousItem\":{\"@type\":\"ListItem\",\"@id\":\"https:\\\/\\\/www.eldigitaldeasturias.com\\\/noticias#listItem\",\"name\":\"Home\"}},{\"@type\":\"ListItem\",\"@id\":\"https:\\\/\\\/www.eldigitaldeasturias.com\\\/noticias\\\/el-neumatico-gitisynergye1-equipara-de-serie-los-volkswagen-t-cross\\\/#listItem\",\"position\":3,\"name\":\"El neum\\u00e1tico GitiSynergyE1 equipar\\u00e1 de serie los Volkswagen T-Cross\",\"previousItem\":{\"@type\":\"ListItem\",\"@id\":\"https:\\\/\\\/www.eldigitaldeasturias.com\\\/noticias\\\/category\\\/negocios-y-empresas\\\/#listItem\",\"name\":\"Negocios y Empresas\"}}]},{\"@type\":\"Organization\",\"@id\":\"https:\\\/\\\/www.eldigitaldeasturias.com\\\/noticias\\\/#organization\",\"name\":\"El Digital de Asturias\",\"description\":\"Hemeroteca\",\"url\":\"https:\\\/\\\/www.eldigitaldeasturias.com\\\/noticias\\\/\",\"email\":\"info@eldigitaldeasturias.com\",\"telephone\":\"+34652131393\",\"logo\":{\"@type\":\"ImageObject\",\"url\":\"https:\\\/\\\/www.eldigitaldeasturias.com\\\/noticias\\\/wp-content\\\/uploads\\\/2020\\\/12\\\/EDA.jpg\",\"@id\":\"https:\\\/\\\/www.eldigitaldeasturias.com\\\/noticias\\\/el-neumatico-gitisynergye1-equipara-de-serie-los-volkswagen-t-cross\\\/#organizationLogo\",\"width\":649,\"height\":297},\"image\":{\"@id\":\"https:\\\/\\\/www.eldigitaldeasturias.com\\\/noticias\\\/el-neumatico-gitisynergye1-equipara-de-serie-los-volkswagen-t-cross\\\/#organizationLogo\"},\"sameAs\":[\"https:\\\/\\\/facebook.com\\\/eldigitaldeasturias\",\"https:\\\/\\\/www.youtube.com\\\/channel\\\/UCZP-2wLEB9Rv6erhFmqVnvg\"],\"address\":{\"@id\":\"https:\\\/\\\/www.eldigitaldeasturias.com\\\/noticias\\\/#postaladdress\",\"@type\":\"PostalAddress\",\"streetAddress\":\"san antonio 4,\",\"postalCode\":\"33430\",\"addressLocality\":\"Cand\\u00e1s\",\"addressRegion\":\"Asturias\",\"addressCountry\":\"ES\"}},{\"@type\":\"Person\",\"@id\":\"https:\\\/\\\/www.eldigitaldeasturias.com\\\/noticias\\\/author\\\/admin\\\/#author\",\"url\":\"https:\\\/\\\/www.eldigitaldeasturias.com\\\/noticias\\\/author\\\/admin\\\/\",\"name\":\"El Digital de Asturias\",\"image\":{\"@type\":\"ImageObject\",\"@id\":\"https:\\\/\\\/www.eldigitaldeasturias.com\\\/noticias\\\/el-neumatico-gitisynergye1-equipara-de-serie-los-volkswagen-t-cross\\\/#authorImage\",\"url\":\"https:\\\/\\\/www.eldigitaldeasturias.com\\\/noticias\\\/wp-content\\\/litespeed\\\/avatar\\\/18677e78aa0546b92d9dbf31ec7d7668.jpg?ver=1777290358\",\"width\":96,\"height\":96,\"caption\":\"El Digital de Asturias\"}},{\"@type\":\"WebPage\",\"@id\":\"https:\\\/\\\/www.eldigitaldeasturias.com\\\/noticias\\\/el-neumatico-gitisynergye1-equipara-de-serie-los-volkswagen-t-cross\\\/#webpage\",\"url\":\"https:\\\/\\\/www.eldigitaldeasturias.com\\\/noticias\\\/el-neumatico-gitisynergye1-equipara-de-serie-los-volkswagen-t-cross\\\/\",\"name\":\"El neum\\u00e1tico GitiSynergyE1 equipar\\u00e1 de serie los Volkswagen T-Cross - El Digital de Asturias\",\"description\":\"Giti Tire ha conseguido un nuevo acuerdo de equipamiento original con el Grupo Volkswagen y suministrar\\u00e1 el GitiSynergyE1 en tama\\u00f1o 205 \\\/ 60R16 92H para el Volkswagen T-Cross. Este modelo se construye para el mercado europeo en Pamplona utilizando la plataforma de autom\\u00f3viles peque\\u00f1os MQB-A0 que el Grupo Volkswagen tambi\\u00e9n utiliza en la fabricaci\\u00f3n del Seat Arona Compact\",\"inLanguage\":\"es-ES\",\"isPartOf\":{\"@id\":\"https:\\\/\\\/www.eldigitaldeasturias.com\\\/noticias\\\/#website\"},\"breadcrumb\":{\"@id\":\"https:\\\/\\\/www.eldigitaldeasturias.com\\\/noticias\\\/el-neumatico-gitisynergye1-equipara-de-serie-los-volkswagen-t-cross\\\/#breadcrumblist\"},\"author\":{\"@id\":\"https:\\\/\\\/www.eldigitaldeasturias.com\\\/noticias\\\/author\\\/admin\\\/#author\"},\"creator\":{\"@id\":\"https:\\\/\\\/www.eldigitaldeasturias.com\\\/noticias\\\/author\\\/admin\\\/#author\"},\"image\":{\"@type\":\"ImageObject\",\"url\":\"https:\\\/\\\/www.eldigitaldeasturias.com\\\/noticias\\\/wp-content\\\/uploads\\\/2019\\\/09\\\/1567686187_ph105.VW_T_Cross.jpg\",\"@id\":\"https:\\\/\\\/www.eldigitaldeasturias.com\\\/noticias\\\/el-neumatico-gitisynergye1-equipara-de-serie-los-volkswagen-t-cross\\\/#mainImage\",\"width\":2048,\"height\":1366},\"primaryImageOfPage\":{\"@id\":\"https:\\\/\\\/www.eldigitaldeasturias.com\\\/noticias\\\/el-neumatico-gitisynergye1-equipara-de-serie-los-volkswagen-t-cross\\\/#mainImage\"},\"datePublished\":\"2019-09-08T18:51:51+02:00\",\"dateModified\":\"2019-09-08T18:51:51+02:00\"},{\"@type\":\"WebSite\",\"@id\":\"https:\\\/\\\/www.eldigitaldeasturias.com\\\/noticias\\\/#website\",\"url\":\"https:\\\/\\\/www.eldigitaldeasturias.com\\\/noticias\\\/\",\"name\":\"El Digital de Asturias - Diario de actualidad y noticias\",\"alternateName\":\"El Digital de Asturias - Diario de actualidad y noticias\",\"description\":\"Hemeroteca\",\"inLanguage\":\"es-ES\",\"publisher\":{\"@id\":\"https:\\\/\\\/www.eldigitaldeasturias.com\\\/noticias\\\/#organization\"}}]}\n\t\t<\/script>\n\t\t<!-- All in One SEO Pro -->\r\n\t\t<title>El neum\u00e1tico GitiSynergyE1 equipar\u00e1 de serie los Volkswagen T-Cross - El Digital de Asturias<\/title>\n\n","aioseo_head_json":{"title":"El neum\u00e1tico GitiSynergyE1 equipar\u00e1 de serie los Volkswagen T-Cross - El Digital de Asturias","description":"Giti Tire ha conseguido un nuevo acuerdo de equipamiento original con el Grupo Volkswagen y suministrar\u00e1 el GitiSynergyE1 en tama\u00f1o 205 \/ 60R16 92H para el Volkswagen T-Cross. Este modelo se construye para el mercado europeo en Pamplona utilizando la plataforma de autom\u00f3viles peque\u00f1os MQB-A0 que el Grupo Volkswagen tambi\u00e9n utiliza en la fabricaci\u00f3n del Seat Arona Compact","canonical_url":"https:\/\/www.eldigitaldeasturias.com\/noticias\/el-neumatico-gitisynergye1-equipara-de-serie-los-volkswagen-t-cross\/","robots":"max-image-preview:large","keywords":"negocios y empresas","webmasterTools":{"google-site-verification":"UA-38556648-1","msvalidate.01":"7dfe9f3f1b24437ab69f4f2559babe99","miscellaneous":""},"schema":{"@context":"https:\/\/schema.org","@graph":[{"@type":"BlogPosting","@id":"https:\/\/www.eldigitaldeasturias.com\/noticias\/el-neumatico-gitisynergye1-equipara-de-serie-los-volkswagen-t-cross\/#blogposting","name":"El neum\u00e1tico GitiSynergyE1 equipar\u00e1 de serie los Volkswagen T-Cross - El Digital de Asturias","headline":"El neum\u00e1tico GitiSynergyE1 equipar\u00e1 de serie los Volkswagen T-Cross","author":{"@id":"https:\/\/www.eldigitaldeasturias.com\/noticias\/author\/admin\/#author"},"publisher":{"@id":"https:\/\/www.eldigitaldeasturias.com\/noticias\/#organization"},"image":{"@type":"ImageObject","url":"https:\/\/www.eldigitaldeasturias.com\/noticias\/wp-content\/uploads\/2019\/09\/1567686187_ph105.VW_T_Cross.jpg","width":2048,"height":1366},"datePublished":"2019-09-08T18:51:51+02:00","dateModified":"2019-09-08T18:51:51+02:00","inLanguage":"es-ES","mainEntityOfPage":{"@id":"https:\/\/www.eldigitaldeasturias.com\/noticias\/el-neumatico-gitisynergye1-equipara-de-serie-los-volkswagen-t-cross\/#webpage"},"isPartOf":{"@id":"https:\/\/www.eldigitaldeasturias.com\/noticias\/el-neumatico-gitisynergye1-equipara-de-serie-los-volkswagen-t-cross\/#webpage"},"articleSection":"Negocios y Empresas"},{"@type":"BreadcrumbList","@id":"https:\/\/www.eldigitaldeasturias.com\/noticias\/el-neumatico-gitisynergye1-equipara-de-serie-los-volkswagen-t-cross\/#breadcrumblist","itemListElement":[{"@type":"ListItem","@id":"https:\/\/www.eldigitaldeasturias.com\/noticias#listItem","position":1,"name":"Home","item":"https:\/\/www.eldigitaldeasturias.com\/noticias","nextItem":{"@type":"ListItem","@id":"https:\/\/www.eldigitaldeasturias.com\/noticias\/category\/negocios-y-empresas\/#listItem","name":"Negocios y Empresas"}},{"@type":"ListItem","@id":"https:\/\/www.eldigitaldeasturias.com\/noticias\/category\/negocios-y-empresas\/#listItem","position":2,"name":"Negocios y Empresas","item":"https:\/\/www.eldigitaldeasturias.com\/noticias\/category\/negocios-y-empresas\/","nextItem":{"@type":"ListItem","@id":"https:\/\/www.eldigitaldeasturias.com\/noticias\/el-neumatico-gitisynergye1-equipara-de-serie-los-volkswagen-t-cross\/#listItem","name":"El neum\u00e1tico GitiSynergyE1 equipar\u00e1 de serie los Volkswagen T-Cross"},"previousItem":{"@type":"ListItem","@id":"https:\/\/www.eldigitaldeasturias.com\/noticias#listItem","name":"Home"}},{"@type":"ListItem","@id":"https:\/\/www.eldigitaldeasturias.com\/noticias\/el-neumatico-gitisynergye1-equipara-de-serie-los-volkswagen-t-cross\/#listItem","position":3,"name":"El neum\u00e1tico GitiSynergyE1 equipar\u00e1 de serie los Volkswagen T-Cross","previousItem":{"@type":"ListItem","@id":"https:\/\/www.eldigitaldeasturias.com\/noticias\/category\/negocios-y-empresas\/#listItem","name":"Negocios y Empresas"}}]},{"@type":"Organization","@id":"https:\/\/www.eldigitaldeasturias.com\/noticias\/#organization","name":"El Digital de Asturias","description":"Hemeroteca","url":"https:\/\/www.eldigitaldeasturias.com\/noticias\/","email":"info@eldigitaldeasturias.com","telephone":"+34652131393","logo":{"@type":"ImageObject","url":"https:\/\/www.eldigitaldeasturias.com\/noticias\/wp-content\/uploads\/2020\/12\/EDA.jpg","@id":"https:\/\/www.eldigitaldeasturias.com\/noticias\/el-neumatico-gitisynergye1-equipara-de-serie-los-volkswagen-t-cross\/#organizationLogo","width":649,"height":297},"image":{"@id":"https:\/\/www.eldigitaldeasturias.com\/noticias\/el-neumatico-gitisynergye1-equipara-de-serie-los-volkswagen-t-cross\/#organizationLogo"},"sameAs":["https:\/\/facebook.com\/eldigitaldeasturias","https:\/\/www.youtube.com\/channel\/UCZP-2wLEB9Rv6erhFmqVnvg"],"address":{"@id":"https:\/\/www.eldigitaldeasturias.com\/noticias\/#postaladdress","@type":"PostalAddress","streetAddress":"san antonio 4,","postalCode":"33430","addressLocality":"Cand\u00e1s","addressRegion":"Asturias","addressCountry":"ES"}},{"@type":"Person","@id":"https:\/\/www.eldigitaldeasturias.com\/noticias\/author\/admin\/#author","url":"https:\/\/www.eldigitaldeasturias.com\/noticias\/author\/admin\/","name":"El Digital de Asturias","image":{"@type":"ImageObject","@id":"https:\/\/www.eldigitaldeasturias.com\/noticias\/el-neumatico-gitisynergye1-equipara-de-serie-los-volkswagen-t-cross\/#authorImage","url":"https:\/\/www.eldigitaldeasturias.com\/noticias\/wp-content\/litespeed\/avatar\/18677e78aa0546b92d9dbf31ec7d7668.jpg?ver=1777290358","width":96,"height":96,"caption":"El Digital de Asturias"}},{"@type":"WebPage","@id":"https:\/\/www.eldigitaldeasturias.com\/noticias\/el-neumatico-gitisynergye1-equipara-de-serie-los-volkswagen-t-cross\/#webpage","url":"https:\/\/www.eldigitaldeasturias.com\/noticias\/el-neumatico-gitisynergye1-equipara-de-serie-los-volkswagen-t-cross\/","name":"El neum\u00e1tico GitiSynergyE1 equipar\u00e1 de serie los Volkswagen T-Cross - El Digital de Asturias","description":"Giti Tire ha conseguido un nuevo acuerdo de equipamiento original con el Grupo Volkswagen y suministrar\u00e1 el GitiSynergyE1 en tama\u00f1o 205 \/ 60R16 92H para el Volkswagen T-Cross. Este modelo se construye para el mercado europeo en Pamplona utilizando la plataforma de autom\u00f3viles peque\u00f1os MQB-A0 que el Grupo Volkswagen tambi\u00e9n utiliza en la fabricaci\u00f3n del Seat Arona Compact","inLanguage":"es-ES","isPartOf":{"@id":"https:\/\/www.eldigitaldeasturias.com\/noticias\/#website"},"breadcrumb":{"@id":"https:\/\/www.eldigitaldeasturias.com\/noticias\/el-neumatico-gitisynergye1-equipara-de-serie-los-volkswagen-t-cross\/#breadcrumblist"},"author":{"@id":"https:\/\/www.eldigitaldeasturias.com\/noticias\/author\/admin\/#author"},"creator":{"@id":"https:\/\/www.eldigitaldeasturias.com\/noticias\/author\/admin\/#author"},"image":{"@type":"ImageObject","url":"https:\/\/www.eldigitaldeasturias.com\/noticias\/wp-content\/uploads\/2019\/09\/1567686187_ph105.VW_T_Cross.jpg","@id":"https:\/\/www.eldigitaldeasturias.com\/noticias\/el-neumatico-gitisynergye1-equipara-de-serie-los-volkswagen-t-cross\/#mainImage","width":2048,"height":1366},"primaryImageOfPage":{"@id":"https:\/\/www.eldigitaldeasturias.com\/noticias\/el-neumatico-gitisynergye1-equipara-de-serie-los-volkswagen-t-cross\/#mainImage"},"datePublished":"2019-09-08T18:51:51+02:00","dateModified":"2019-09-08T18:51:51+02:00"},{"@type":"WebSite","@id":"https:\/\/www.eldigitaldeasturias.com\/noticias\/#website","url":"https:\/\/www.eldigitaldeasturias.com\/noticias\/","name":"El Digital de Asturias - Diario de actualidad y noticias","alternateName":"El Digital de Asturias - Diario de actualidad y noticias","description":"Hemeroteca","inLanguage":"es-ES","publisher":{"@id":"https:\/\/www.eldigitaldeasturias.com\/noticias\/#organization"}}]},"og:locale":"es_ES","og:site_name":"El Digital de Asturias","og:type":"article","og:title":"El neum\u00e1tico GitiSynergyE1 equipar\u00e1 de serie los Volkswagen T-Cross - El Digital de Asturias","og:description":"Giti Tire ha conseguido un nuevo acuerdo de equipamiento original con el Grupo Volkswagen y suministrar\u00e1 el GitiSynergyE1 en tama\u00f1o 205 \/ 60R16 92H para el Volkswagen T-Cross. Este modelo se construye para el mercado europeo en Pamplona utilizando la plataforma de autom\u00f3viles peque\u00f1os MQB-A0 que el Grupo Volkswagen tambi\u00e9n utiliza en la fabricaci\u00f3n del Seat Arona Compact","og:url":"https:\/\/www.eldigitaldeasturias.com\/noticias\/el-neumatico-gitisynergye1-equipara-de-serie-los-volkswagen-t-cross\/","og:image":"https:\/\/www.eldigitaldeasturias.com\/noticias\/wp-content\/uploads\/2019\/09\/1567686187_ph105.VW_T_Cross.jpg","og:image:secure_url":"https:\/\/www.eldigitaldeasturias.com\/noticias\/wp-content\/uploads\/2019\/09\/1567686187_ph105.VW_T_Cross.jpg","og:image:width":2048,"og:image:height":1366,"article:tag":["negocios y empresas"],"article:published_time":"2019-09-08T18:51:51+00:00","article:modified_time":"2019-09-08T18:51:51+00:00","article:publisher":"https:\/\/facebook.com\/eldigitaldeasturias","twitter:card":"summary_large_image","twitter:title":"El neum\u00e1tico GitiSynergyE1 equipar\u00e1 de serie los Volkswagen T-Cross - El Digital de Asturias","twitter:description":"Giti Tire ha conseguido un nuevo acuerdo de equipamiento original con el Grupo Volkswagen y suministrar\u00e1 el GitiSynergyE1 en tama\u00f1o 205 \/ 60R16 92H para el Volkswagen T-Cross. Este modelo se construye para el mercado europeo en Pamplona utilizando la plataforma de autom\u00f3viles peque\u00f1os MQB-A0 que el Grupo Volkswagen tambi\u00e9n utiliza en la fabricaci\u00f3n del Seat Arona Compact","twitter:image":"https:\/\/www.eldigitaldeasturias.com\/noticias\/wp-content\/uploads\/2019\/09\/1567686187_ph105.VW_T_Cross.jpg","twitter:label1":"Escrito por","twitter:data1":"El Digital de Asturias","twitter:label2":"Tiempo de lectura estimado","twitter:data2":"3 minutos"},"aioseo_meta_data":{"post_id":"1040002","title":null,"description":null,"keywords":null,"keyphrases":null,"primary_term":null,"canonical_url":null,"og_title":null,"og_description":null,"og_object_type":"default","og_image_type":"default","og_image_url":null,"og_image_width":null,"og_image_height":null,"og_image_custom_url":null,"og_image_custom_fields":null,"og_video":null,"og_custom_url":null,"og_article_section":null,"og_article_tags":null,"twitter_use_og":false,"twitter_card":"default","twitter_image_type":"default","twitter_image_url":null,"twitter_image_custom_url":null,"twitter_image_custom_fields":null,"twitter_title":null,"twitter_description":null,"schema":{"blockGraphs":[],"customGraphs":[],"default":{"data":{"Article":[],"Course":[],"Dataset":[],"FAQPage":[],"Movie":[],"Person":[],"Product":[],"ProductReview":[],"Car":[],"Recipe":[],"Service":[],"SoftwareApplication":[],"WebPage":[]},"graphName":"","isEnabled":true},"graphs":[],"defaultGraph":"","defaultPostTypeGraph":""},"schema_type":null,"schema_type_options":null,"pillar_content":false,"robots_default":true,"robots_noindex":false,"robots_noarchive":false,"robots_nosnippet":false,"robots_nofollow":false,"robots_noimageindex":false,"robots_noodp":false,"robots_notranslate":false,"robots_max_snippet":null,"robots_max_videopreview":null,"robots_max_imagepreview":"large","priority":null,"frequency":null,"local_seo":null,"seo_analyzer_scan_date":"2025-10-23 07:28:10","breadcrumb_settings":null,"limit_modified_date":false,"open_ai":null,"ai":null,"created":"2020-12-21 11:04:16","updated":"2025-10-23 07:28:10"},"aioseo_breadcrumb":"<div class=\"aioseo-breadcrumbs\"><span class=\"aioseo-breadcrumb\">\n\t<a href=\"https:\/\/www.eldigitaldeasturias.com\/noticias\" title=\"Home\">Home<\/a>\n<\/span><span class=\"aioseo-breadcrumb-separator\">\u2013<\/span><span class=\"aioseo-breadcrumb\">\n\t<a href=\"https:\/\/www.eldigitaldeasturias.com\/noticias\/category\/negocios-y-empresas\/\" title=\"Negocios y Empresas\">Negocios y Empresas<\/a>\n<\/span><span class=\"aioseo-breadcrumb-separator\">\u2013<\/span><span class=\"aioseo-breadcrumb\">\n\t<a href=\"https:\/\/www.eldigitaldeasturias.com\/noticias\/el-neumatico-gitisynergye1-equipara-de-serie-los-volkswagen-t-cross\/\" title=\"El neum\u00e1tico GitiSynergyE1 equipar\u00e1 de serie los Volkswagen T-Cross\">El neum\u00e1tico GitiSynergyE1 equipar\u00e1 de serie los Volkswagen T-Cross<\/a>\n<\/span><\/div>","aioseo_breadcrumb_json":[{"label":"Home","link":"https:\/\/www.eldigitaldeasturias.com\/noticias"},{"label":"Negocios y Empresas","link":"https:\/\/www.eldigitaldeasturias.com\/noticias\/category\/negocios-y-empresas\/"},{"label":"El neum\u00e1tico GitiSynergyE1 equipar\u00e1 de serie los Volkswagen T-Cross","link":"https:\/\/www.eldigitaldeasturias.com\/noticias\/el-neumatico-gitisynergye1-equipara-de-serie-los-volkswagen-t-cross\/"}],"_links":{"self":[{"href":"https:\/\/www.eldigitaldeasturias.com\/noticias\/wp-json\/wp\/v2\/posts\/1040002","targetHints":{"allow":["GET"]}}],"collection":[{"href":"https:\/\/www.eldigitaldeasturias.com\/noticias\/wp-json\/wp\/v2\/posts"}],"about":[{"href":"https:\/\/www.eldigitaldeasturias.com\/noticias\/wp-json\/wp\/v2\/types\/post"}],"author":[{"embeddable":true,"href":"https:\/\/www.eldigitaldeasturias.com\/noticias\/wp-json\/wp\/v2\/users\/1"}],"replies":[{"embeddable":true,"href":"https:\/\/www.eldigitaldeasturias.com\/noticias\/wp-json\/wp\/v2\/comments?post=1040002"}],"version-history":[{"count":0,"href":"https:\/\/www.eldigitaldeasturias.com\/noticias\/wp-json\/wp\/v2\/posts\/1040002\/revisions"}],"wp:featuredmedia":[{"embeddable":true,"href":"https:\/\/www.eldigitaldeasturias.com\/noticias\/wp-json\/wp\/v2\/media\/1040003"}],"wp:attachment":[{"href":"https:\/\/www.eldigitaldeasturias.com\/noticias\/wp-json\/wp\/v2\/media?parent=1040002"}],"wp:term":[{"taxonomy":"category","embeddable":true,"href":"https:\/\/www.eldigitaldeasturias.com\/noticias\/wp-json\/wp\/v2\/categories?post=1040002"},{"taxonomy":"post_tag","embeddable":true,"href":"https:\/\/www.eldigitaldeasturias.com\/noticias\/wp-json\/wp\/v2\/tags?post=1040002"}],"curies":[{"name":"wp","href":"https:\/\/api.w.org\/{rel}","templated":true}]}}