{"id":1039966,"date":"2019-09-08T09:59:24","date_gmt":"2019-09-08T09:59:24","guid":{"rendered":"https:\/\/www.eldigitaldeasturias.com\/noticias\/?p=1039966"},"modified":"2019-09-08T09:59:24","modified_gmt":"2019-09-08T09:59:24","slug":"madrid-acogera-digital-techtrends-summit","status":"publish","type":"post","link":"https:\/\/www.eldigitaldeasturias.com\/noticias\/madrid-acogera-digital-techtrends-summit\/","title":{"rendered":"Madrid acoger\u00e1 Digital Tech&#038;Trends Summit"},"content":{"rendered":"<p><img loading=\"lazy\" decoding=\"async\" class=\"alignleft size-medium wp-image-1039967\" src=\"https:\/\/www.eldigitaldeasturias.com\/noticias\/wp-content\/uploads\/2019\/09\/1567675673_DTTS_promocional-360x189.png\" alt=\"\" width=\"360\" height=\"189\" srcset=\"https:\/\/www.eldigitaldeasturias.com\/noticias\/wp-content\/uploads\/2019\/09\/1567675673_DTTS_promocional-360x189.png 360w, https:\/\/www.eldigitaldeasturias.com\/noticias\/wp-content\/uploads\/2019\/09\/1567675673_DTTS_promocional-768x403.png 768w, https:\/\/www.eldigitaldeasturias.com\/noticias\/wp-content\/uploads\/2019\/09\/1567675673_DTTS_promocional-650x341.png 650w, https:\/\/www.eldigitaldeasturias.com\/noticias\/wp-content\/uploads\/2019\/09\/1567675673_DTTS_promocional.png 1200w\" sizes=\"auto, (max-width: 360px) 100vw, 360px\" \/>El pr\u00f3ximo 26 de septiembre, de 9 a 18 horas, el espacio Truss Madrid del Wizink Center acoger\u00e1\u00a0<span style=\"color: #ff6600;\"><strong><a style=\"color: #ff6600;\" href=\"https:\/\/techtrendsummit.es\/#entradas\" target=\"_blank\" rel=\"nofollow noopener noreferrer\">Digital Tech&amp;Trends Summit<\/a><\/strong><\/span>, un encuentro imprescindible en el entorno directivo para descubrir las claves de la innovaci\u00f3n como principal factor de competitividad empresarial.<\/p>\n<p>La transformaci\u00f3n digital y la innovaci\u00f3n son herramientas fundamentales para impulsar el crecimiento en la econom\u00eda digital. En\u00a0<strong>Digital Tech&amp;Trends Summit 2019<\/strong>\u00a0profesionales de primer nivel y marcas destacadas analizar\u00e1n las tendencias y soluciones tecnol\u00f3gicas que est\u00e1n generando nuevas oportunidades de negocio para las empresas y reinventando la experiencia de usuario.<\/p>\n<p>El encuentro contar\u00e1 con mesas de debate, casos de \u00e9xito y ponencias de directivos de compa\u00f1\u00edas l\u00edderes como\u00a0<strong>Heineken, LG, Telef\u00f3nica Empresas o Evo Banco<\/strong>, que pondr\u00e1n de relieve la innovaci\u00f3n como el elemento fundamental para optimizar los procesos, adaptar la propuesta de valor a las necesidades del consumidor y mejorar los resultados.<\/p>\n<p>Durante la jornada se premiar\u00e1 la participaci\u00f3n de los asistentes con el sorteo de un fin de semana gastron\u00f3mico para dos personas en Hacienda Zorita, cajas regalo de Smartbox, packs saludables de Dietbox y libros de Ediciones Pir\u00e1mide.<\/p>\n<p><strong>Digital Tech&amp;Trends Summit 2019<\/strong>\u00a0cuenta con el impulso de Zendesk, Digimind, Datisa y Aplazame y la colaboraci\u00f3n de Actitud de Comunicaci\u00f3n como agencia oficial de comunicaci\u00f3n e ICEMD como partner acad\u00e9mico oficial.<\/p>\n<p>Toda la actividad de la jornada podr\u00e1 seguirse en Twitter a trav\u00e9s del hashtag\u00a0<strong>#DTTS19<\/strong>.<\/p>\n<p><strong>&#8216;Digital Tech&amp;Trends Summit 2019: impulsa tu competitividad&#8217;<\/strong><\/p>\n<p>Web del encuentro e inscripciones:\u00a0<span style=\"color: #ff6600;\"><strong><a style=\"color: #ff6600;\" href=\"https:\/\/techtrendsummit.es\/\" target=\"_blank\" rel=\"nofollow noopener noreferrer\">techtrendsummit.es<\/a><\/strong><\/span><\/p>\n","protected":false},"excerpt":{"rendered":"<p>El pr\u00f3ximo 26 de septiembre, de 9 a 18 horas, el espacio Truss Madrid del Wizink Center acoger\u00e1\u00a0Digital Tech&amp;Trends Summit, un encuentro imprescindible en el entorno directivo para descubrir las claves de la innovaci\u00f3n como principal factor de competitividad empresarial. La transformaci\u00f3n digital y la innovaci\u00f3n son herramientas fundamentales para impulsar el crecimiento en la [&hellip;]<\/p>\n","protected":false},"author":1,"featured_media":1039967,"comment_status":"closed","ping_status":"closed","sticky":false,"template":"","format":"standard","meta":{"footnotes":""},"categories":[219],"tags":[],"class_list":["post-1039966","post","type-post","status-publish","format-standard","has-post-thumbnail","hentry","category-negocios-y-empresas"],"aioseo_notices":[],"aioseo_head":"\n\t\t<!-- All in One SEO Pro 4.9.6.2 - aioseo.com -->\n\t<meta name=\"description\" content=\"El pr\u00f3ximo 26 de septiembre, de 9 a 18 horas, el espacio Truss Madrid del Wizink Center acoger\u00e1 Digital Tech&amp;Trends Summit, un encuentro imprescindible en el entorno directivo para descubrir las claves de la innovaci\u00f3n como principal factor de competitividad empresarial. La transformaci\u00f3n digital y la innovaci\u00f3n son herramientas fundamentales para impulsar el crecimiento en la\" \/>\n\t<meta name=\"robots\" content=\"max-image-preview:large\" \/>\n\t<meta name=\"author\" content=\"El Digital de Asturias\"\/>\n\t<meta name=\"google-site-verification\" content=\"UA-38556648-1\" \/>\n\t<meta name=\"msvalidate.01\" content=\"7dfe9f3f1b24437ab69f4f2559babe99\" \/>\n\t<meta name=\"keywords\" content=\"negocios y empresas\" \/>\n\t<link rel=\"canonical\" href=\"https:\/\/www.eldigitaldeasturias.com\/noticias\/madrid-acogera-digital-techtrends-summit\/\" \/>\n\t<meta name=\"generator\" content=\"All in One SEO Pro (AIOSEO) 4.9.6.2\" \/>\n\t\t<meta property=\"og:locale\" content=\"es_ES\" \/>\n\t\t<meta property=\"og:site_name\" content=\"El Digital de Asturias\" \/>\n\t\t<meta property=\"og:type\" content=\"article\" \/>\n\t\t<meta property=\"og:title\" content=\"Madrid acoger\u00e1 Digital Tech&amp;Trends Summit - El Digital de Asturias\" \/>\n\t\t<meta property=\"og:description\" content=\"El pr\u00f3ximo 26 de septiembre, de 9 a 18 horas, el espacio Truss Madrid del Wizink Center acoger\u00e1 Digital Tech&amp;Trends Summit, un encuentro imprescindible en el entorno directivo para descubrir las claves de la innovaci\u00f3n como principal factor de competitividad empresarial. La transformaci\u00f3n digital y la innovaci\u00f3n son herramientas fundamentales para impulsar el crecimiento en la\" \/>\n\t\t<meta property=\"og:url\" content=\"https:\/\/www.eldigitaldeasturias.com\/noticias\/madrid-acogera-digital-techtrends-summit\/\" \/>\n\t\t<meta property=\"og:image\" content=\"https:\/\/www.eldigitaldeasturias.com\/noticias\/wp-content\/uploads\/2019\/09\/1567675673_DTTS_promocional.png\" \/>\n\t\t<meta property=\"og:image:secure_url\" content=\"https:\/\/www.eldigitaldeasturias.com\/noticias\/wp-content\/uploads\/2019\/09\/1567675673_DTTS_promocional.png\" \/>\n\t\t<meta property=\"og:image:width\" content=\"1200\" \/>\n\t\t<meta property=\"og:image:height\" content=\"630\" \/>\n\t\t<meta property=\"article:tag\" content=\"negocios y empresas\" \/>\n\t\t<meta property=\"article:published_time\" content=\"2019-09-08T09:59:24+00:00\" \/>\n\t\t<meta property=\"article:modified_time\" content=\"2019-09-08T09:59:24+00:00\" \/>\n\t\t<meta property=\"article:publisher\" content=\"https:\/\/facebook.com\/eldigitaldeasturias\" \/>\n\t\t<meta name=\"twitter:card\" content=\"summary_large_image\" \/>\n\t\t<meta name=\"twitter:title\" content=\"Madrid acoger\u00e1 Digital Tech&amp;Trends Summit - El Digital de Asturias\" \/>\n\t\t<meta name=\"twitter:description\" content=\"El pr\u00f3ximo 26 de septiembre, de 9 a 18 horas, el espacio Truss Madrid del Wizink Center acoger\u00e1 Digital Tech&amp;Trends Summit, un encuentro imprescindible en el entorno directivo para descubrir las claves de la innovaci\u00f3n como principal factor de competitividad empresarial. La transformaci\u00f3n digital y la innovaci\u00f3n son herramientas fundamentales para impulsar el crecimiento en la\" \/>\n\t\t<meta name=\"twitter:image\" content=\"https:\/\/www.eldigitaldeasturias.com\/noticias\/wp-content\/uploads\/2019\/09\/1567675673_DTTS_promocional.png\" \/>\n\t\t<meta name=\"twitter:label1\" content=\"Escrito por\" \/>\n\t\t<meta name=\"twitter:data1\" content=\"El Digital de Asturias\" \/>\n\t\t<meta name=\"twitter:label2\" content=\"Tiempo de lectura estimado\" \/>\n\t\t<meta name=\"twitter:data2\" content=\"1 minuto\" \/>\n\t\t<script type=\"application\/ld+json\" class=\"aioseo-schema\">\n\t\t\t{\"@context\":\"https:\\\/\\\/schema.org\",\"@graph\":[{\"@type\":\"BlogPosting\",\"@id\":\"https:\\\/\\\/www.eldigitaldeasturias.com\\\/noticias\\\/madrid-acogera-digital-techtrends-summit\\\/#blogposting\",\"name\":\"Madrid acoger\\u00e1 Digital Tech&Trends Summit - El Digital de Asturias\",\"headline\":\"Madrid acoger\\u00e1 Digital Tech&#038;Trends Summit\",\"author\":{\"@id\":\"https:\\\/\\\/www.eldigitaldeasturias.com\\\/noticias\\\/author\\\/admin\\\/#author\"},\"publisher\":{\"@id\":\"https:\\\/\\\/www.eldigitaldeasturias.com\\\/noticias\\\/#organization\"},\"image\":{\"@type\":\"ImageObject\",\"url\":\"https:\\\/\\\/www.eldigitaldeasturias.com\\\/noticias\\\/wp-content\\\/uploads\\\/2019\\\/09\\\/1567675673_DTTS_promocional.png\",\"width\":1200,\"height\":630},\"datePublished\":\"2019-09-08T09:59:24+02:00\",\"dateModified\":\"2019-09-08T09:59:24+02:00\",\"inLanguage\":\"es-ES\",\"mainEntityOfPage\":{\"@id\":\"https:\\\/\\\/www.eldigitaldeasturias.com\\\/noticias\\\/madrid-acogera-digital-techtrends-summit\\\/#webpage\"},\"isPartOf\":{\"@id\":\"https:\\\/\\\/www.eldigitaldeasturias.com\\\/noticias\\\/madrid-acogera-digital-techtrends-summit\\\/#webpage\"},\"articleSection\":\"Negocios y Empresas\"},{\"@type\":\"BreadcrumbList\",\"@id\":\"https:\\\/\\\/www.eldigitaldeasturias.com\\\/noticias\\\/madrid-acogera-digital-techtrends-summit\\\/#breadcrumblist\",\"itemListElement\":[{\"@type\":\"ListItem\",\"@id\":\"https:\\\/\\\/www.eldigitaldeasturias.com\\\/noticias#listItem\",\"position\":1,\"name\":\"Home\",\"item\":\"https:\\\/\\\/www.eldigitaldeasturias.com\\\/noticias\",\"nextItem\":{\"@type\":\"ListItem\",\"@id\":\"https:\\\/\\\/www.eldigitaldeasturias.com\\\/noticias\\\/category\\\/negocios-y-empresas\\\/#listItem\",\"name\":\"Negocios y Empresas\"}},{\"@type\":\"ListItem\",\"@id\":\"https:\\\/\\\/www.eldigitaldeasturias.com\\\/noticias\\\/category\\\/negocios-y-empresas\\\/#listItem\",\"position\":2,\"name\":\"Negocios y Empresas\",\"item\":\"https:\\\/\\\/www.eldigitaldeasturias.com\\\/noticias\\\/category\\\/negocios-y-empresas\\\/\",\"nextItem\":{\"@type\":\"ListItem\",\"@id\":\"https:\\\/\\\/www.eldigitaldeasturias.com\\\/noticias\\\/madrid-acogera-digital-techtrends-summit\\\/#listItem\",\"name\":\"Madrid acoger\\u00e1 Digital Tech&#038;Trends Summit\"},\"previousItem\":{\"@type\":\"ListItem\",\"@id\":\"https:\\\/\\\/www.eldigitaldeasturias.com\\\/noticias#listItem\",\"name\":\"Home\"}},{\"@type\":\"ListItem\",\"@id\":\"https:\\\/\\\/www.eldigitaldeasturias.com\\\/noticias\\\/madrid-acogera-digital-techtrends-summit\\\/#listItem\",\"position\":3,\"name\":\"Madrid acoger\\u00e1 Digital Tech&#038;Trends Summit\",\"previousItem\":{\"@type\":\"ListItem\",\"@id\":\"https:\\\/\\\/www.eldigitaldeasturias.com\\\/noticias\\\/category\\\/negocios-y-empresas\\\/#listItem\",\"name\":\"Negocios y Empresas\"}}]},{\"@type\":\"Organization\",\"@id\":\"https:\\\/\\\/www.eldigitaldeasturias.com\\\/noticias\\\/#organization\",\"name\":\"El Digital de Asturias\",\"description\":\"Hemeroteca\",\"url\":\"https:\\\/\\\/www.eldigitaldeasturias.com\\\/noticias\\\/\",\"email\":\"info@eldigitaldeasturias.com\",\"telephone\":\"+34652131393\",\"logo\":{\"@type\":\"ImageObject\",\"url\":\"https:\\\/\\\/www.eldigitaldeasturias.com\\\/noticias\\\/wp-content\\\/uploads\\\/2020\\\/12\\\/EDA.jpg\",\"@id\":\"https:\\\/\\\/www.eldigitaldeasturias.com\\\/noticias\\\/madrid-acogera-digital-techtrends-summit\\\/#organizationLogo\",\"width\":649,\"height\":297},\"image\":{\"@id\":\"https:\\\/\\\/www.eldigitaldeasturias.com\\\/noticias\\\/madrid-acogera-digital-techtrends-summit\\\/#organizationLogo\"},\"sameAs\":[\"https:\\\/\\\/facebook.com\\\/eldigitaldeasturias\",\"https:\\\/\\\/www.youtube.com\\\/channel\\\/UCZP-2wLEB9Rv6erhFmqVnvg\"],\"address\":{\"@id\":\"https:\\\/\\\/www.eldigitaldeasturias.com\\\/noticias\\\/#postaladdress\",\"@type\":\"PostalAddress\",\"streetAddress\":\"san antonio 4,\",\"postalCode\":\"33430\",\"addressLocality\":\"Cand\\u00e1s\",\"addressRegion\":\"Asturias\",\"addressCountry\":\"ES\"}},{\"@type\":\"Person\",\"@id\":\"https:\\\/\\\/www.eldigitaldeasturias.com\\\/noticias\\\/author\\\/admin\\\/#author\",\"url\":\"https:\\\/\\\/www.eldigitaldeasturias.com\\\/noticias\\\/author\\\/admin\\\/\",\"name\":\"El Digital de Asturias\",\"image\":{\"@type\":\"ImageObject\",\"@id\":\"https:\\\/\\\/www.eldigitaldeasturias.com\\\/noticias\\\/madrid-acogera-digital-techtrends-summit\\\/#authorImage\",\"url\":\"https:\\\/\\\/www.eldigitaldeasturias.com\\\/noticias\\\/wp-content\\\/litespeed\\\/avatar\\\/18677e78aa0546b92d9dbf31ec7d7668.jpg?ver=1777290358\",\"width\":96,\"height\":96,\"caption\":\"El Digital de Asturias\"}},{\"@type\":\"WebPage\",\"@id\":\"https:\\\/\\\/www.eldigitaldeasturias.com\\\/noticias\\\/madrid-acogera-digital-techtrends-summit\\\/#webpage\",\"url\":\"https:\\\/\\\/www.eldigitaldeasturias.com\\\/noticias\\\/madrid-acogera-digital-techtrends-summit\\\/\",\"name\":\"Madrid acoger\\u00e1 Digital Tech&Trends Summit - El Digital de Asturias\",\"description\":\"El pr\\u00f3ximo 26 de septiembre, de 9 a 18 horas, el espacio Truss Madrid del Wizink Center acoger\\u00e1 Digital Tech&Trends Summit, un encuentro imprescindible en el entorno directivo para descubrir las claves de la innovaci\\u00f3n como principal factor de competitividad empresarial. La transformaci\\u00f3n digital y la innovaci\\u00f3n son herramientas fundamentales para impulsar el crecimiento en la\",\"inLanguage\":\"es-ES\",\"isPartOf\":{\"@id\":\"https:\\\/\\\/www.eldigitaldeasturias.com\\\/noticias\\\/#website\"},\"breadcrumb\":{\"@id\":\"https:\\\/\\\/www.eldigitaldeasturias.com\\\/noticias\\\/madrid-acogera-digital-techtrends-summit\\\/#breadcrumblist\"},\"author\":{\"@id\":\"https:\\\/\\\/www.eldigitaldeasturias.com\\\/noticias\\\/author\\\/admin\\\/#author\"},\"creator\":{\"@id\":\"https:\\\/\\\/www.eldigitaldeasturias.com\\\/noticias\\\/author\\\/admin\\\/#author\"},\"image\":{\"@type\":\"ImageObject\",\"url\":\"https:\\\/\\\/www.eldigitaldeasturias.com\\\/noticias\\\/wp-content\\\/uploads\\\/2019\\\/09\\\/1567675673_DTTS_promocional.png\",\"@id\":\"https:\\\/\\\/www.eldigitaldeasturias.com\\\/noticias\\\/madrid-acogera-digital-techtrends-summit\\\/#mainImage\",\"width\":1200,\"height\":630},\"primaryImageOfPage\":{\"@id\":\"https:\\\/\\\/www.eldigitaldeasturias.com\\\/noticias\\\/madrid-acogera-digital-techtrends-summit\\\/#mainImage\"},\"datePublished\":\"2019-09-08T09:59:24+02:00\",\"dateModified\":\"2019-09-08T09:59:24+02:00\"},{\"@type\":\"WebSite\",\"@id\":\"https:\\\/\\\/www.eldigitaldeasturias.com\\\/noticias\\\/#website\",\"url\":\"https:\\\/\\\/www.eldigitaldeasturias.com\\\/noticias\\\/\",\"name\":\"El Digital de Asturias - Diario de actualidad y noticias\",\"alternateName\":\"El Digital de Asturias - Diario de actualidad y noticias\",\"description\":\"Hemeroteca\",\"inLanguage\":\"es-ES\",\"publisher\":{\"@id\":\"https:\\\/\\\/www.eldigitaldeasturias.com\\\/noticias\\\/#organization\"}}]}\n\t\t<\/script>\n\t\t<!-- All in One SEO Pro -->\r\n\t\t<title>Madrid acoger\u00e1 Digital Tech&amp;Trends Summit - El Digital de Asturias<\/title>\n\n","aioseo_head_json":{"title":"Madrid acoger\u00e1 Digital Tech&Trends Summit - El Digital de Asturias","description":"El pr\u00f3ximo 26 de septiembre, de 9 a 18 horas, el espacio Truss Madrid del Wizink Center acoger\u00e1 Digital Tech&Trends Summit, un encuentro imprescindible en el entorno directivo para descubrir las claves de la innovaci\u00f3n como principal factor de competitividad empresarial. La transformaci\u00f3n digital y la innovaci\u00f3n son herramientas fundamentales para impulsar el crecimiento en la","canonical_url":"https:\/\/www.eldigitaldeasturias.com\/noticias\/madrid-acogera-digital-techtrends-summit\/","robots":"max-image-preview:large","keywords":"negocios y empresas","webmasterTools":{"google-site-verification":"UA-38556648-1","msvalidate.01":"7dfe9f3f1b24437ab69f4f2559babe99","miscellaneous":""},"schema":{"@context":"https:\/\/schema.org","@graph":[{"@type":"BlogPosting","@id":"https:\/\/www.eldigitaldeasturias.com\/noticias\/madrid-acogera-digital-techtrends-summit\/#blogposting","name":"Madrid acoger\u00e1 Digital Tech&Trends Summit - El Digital de Asturias","headline":"Madrid acoger\u00e1 Digital Tech&#038;Trends Summit","author":{"@id":"https:\/\/www.eldigitaldeasturias.com\/noticias\/author\/admin\/#author"},"publisher":{"@id":"https:\/\/www.eldigitaldeasturias.com\/noticias\/#organization"},"image":{"@type":"ImageObject","url":"https:\/\/www.eldigitaldeasturias.com\/noticias\/wp-content\/uploads\/2019\/09\/1567675673_DTTS_promocional.png","width":1200,"height":630},"datePublished":"2019-09-08T09:59:24+02:00","dateModified":"2019-09-08T09:59:24+02:00","inLanguage":"es-ES","mainEntityOfPage":{"@id":"https:\/\/www.eldigitaldeasturias.com\/noticias\/madrid-acogera-digital-techtrends-summit\/#webpage"},"isPartOf":{"@id":"https:\/\/www.eldigitaldeasturias.com\/noticias\/madrid-acogera-digital-techtrends-summit\/#webpage"},"articleSection":"Negocios y Empresas"},{"@type":"BreadcrumbList","@id":"https:\/\/www.eldigitaldeasturias.com\/noticias\/madrid-acogera-digital-techtrends-summit\/#breadcrumblist","itemListElement":[{"@type":"ListItem","@id":"https:\/\/www.eldigitaldeasturias.com\/noticias#listItem","position":1,"name":"Home","item":"https:\/\/www.eldigitaldeasturias.com\/noticias","nextItem":{"@type":"ListItem","@id":"https:\/\/www.eldigitaldeasturias.com\/noticias\/category\/negocios-y-empresas\/#listItem","name":"Negocios y Empresas"}},{"@type":"ListItem","@id":"https:\/\/www.eldigitaldeasturias.com\/noticias\/category\/negocios-y-empresas\/#listItem","position":2,"name":"Negocios y Empresas","item":"https:\/\/www.eldigitaldeasturias.com\/noticias\/category\/negocios-y-empresas\/","nextItem":{"@type":"ListItem","@id":"https:\/\/www.eldigitaldeasturias.com\/noticias\/madrid-acogera-digital-techtrends-summit\/#listItem","name":"Madrid acoger\u00e1 Digital Tech&#038;Trends Summit"},"previousItem":{"@type":"ListItem","@id":"https:\/\/www.eldigitaldeasturias.com\/noticias#listItem","name":"Home"}},{"@type":"ListItem","@id":"https:\/\/www.eldigitaldeasturias.com\/noticias\/madrid-acogera-digital-techtrends-summit\/#listItem","position":3,"name":"Madrid acoger\u00e1 Digital Tech&#038;Trends Summit","previousItem":{"@type":"ListItem","@id":"https:\/\/www.eldigitaldeasturias.com\/noticias\/category\/negocios-y-empresas\/#listItem","name":"Negocios y Empresas"}}]},{"@type":"Organization","@id":"https:\/\/www.eldigitaldeasturias.com\/noticias\/#organization","name":"El Digital de Asturias","description":"Hemeroteca","url":"https:\/\/www.eldigitaldeasturias.com\/noticias\/","email":"info@eldigitaldeasturias.com","telephone":"+34652131393","logo":{"@type":"ImageObject","url":"https:\/\/www.eldigitaldeasturias.com\/noticias\/wp-content\/uploads\/2020\/12\/EDA.jpg","@id":"https:\/\/www.eldigitaldeasturias.com\/noticias\/madrid-acogera-digital-techtrends-summit\/#organizationLogo","width":649,"height":297},"image":{"@id":"https:\/\/www.eldigitaldeasturias.com\/noticias\/madrid-acogera-digital-techtrends-summit\/#organizationLogo"},"sameAs":["https:\/\/facebook.com\/eldigitaldeasturias","https:\/\/www.youtube.com\/channel\/UCZP-2wLEB9Rv6erhFmqVnvg"],"address":{"@id":"https:\/\/www.eldigitaldeasturias.com\/noticias\/#postaladdress","@type":"PostalAddress","streetAddress":"san antonio 4,","postalCode":"33430","addressLocality":"Cand\u00e1s","addressRegion":"Asturias","addressCountry":"ES"}},{"@type":"Person","@id":"https:\/\/www.eldigitaldeasturias.com\/noticias\/author\/admin\/#author","url":"https:\/\/www.eldigitaldeasturias.com\/noticias\/author\/admin\/","name":"El Digital de Asturias","image":{"@type":"ImageObject","@id":"https:\/\/www.eldigitaldeasturias.com\/noticias\/madrid-acogera-digital-techtrends-summit\/#authorImage","url":"https:\/\/www.eldigitaldeasturias.com\/noticias\/wp-content\/litespeed\/avatar\/18677e78aa0546b92d9dbf31ec7d7668.jpg?ver=1777290358","width":96,"height":96,"caption":"El Digital de Asturias"}},{"@type":"WebPage","@id":"https:\/\/www.eldigitaldeasturias.com\/noticias\/madrid-acogera-digital-techtrends-summit\/#webpage","url":"https:\/\/www.eldigitaldeasturias.com\/noticias\/madrid-acogera-digital-techtrends-summit\/","name":"Madrid acoger\u00e1 Digital Tech&Trends Summit - El Digital de Asturias","description":"El pr\u00f3ximo 26 de septiembre, de 9 a 18 horas, el espacio Truss Madrid del Wizink Center acoger\u00e1 Digital Tech&Trends Summit, un encuentro imprescindible en el entorno directivo para descubrir las claves de la innovaci\u00f3n como principal factor de competitividad empresarial. La transformaci\u00f3n digital y la innovaci\u00f3n son herramientas fundamentales para impulsar el crecimiento en la","inLanguage":"es-ES","isPartOf":{"@id":"https:\/\/www.eldigitaldeasturias.com\/noticias\/#website"},"breadcrumb":{"@id":"https:\/\/www.eldigitaldeasturias.com\/noticias\/madrid-acogera-digital-techtrends-summit\/#breadcrumblist"},"author":{"@id":"https:\/\/www.eldigitaldeasturias.com\/noticias\/author\/admin\/#author"},"creator":{"@id":"https:\/\/www.eldigitaldeasturias.com\/noticias\/author\/admin\/#author"},"image":{"@type":"ImageObject","url":"https:\/\/www.eldigitaldeasturias.com\/noticias\/wp-content\/uploads\/2019\/09\/1567675673_DTTS_promocional.png","@id":"https:\/\/www.eldigitaldeasturias.com\/noticias\/madrid-acogera-digital-techtrends-summit\/#mainImage","width":1200,"height":630},"primaryImageOfPage":{"@id":"https:\/\/www.eldigitaldeasturias.com\/noticias\/madrid-acogera-digital-techtrends-summit\/#mainImage"},"datePublished":"2019-09-08T09:59:24+02:00","dateModified":"2019-09-08T09:59:24+02:00"},{"@type":"WebSite","@id":"https:\/\/www.eldigitaldeasturias.com\/noticias\/#website","url":"https:\/\/www.eldigitaldeasturias.com\/noticias\/","name":"El Digital de Asturias - Diario de actualidad y noticias","alternateName":"El Digital de Asturias - Diario de actualidad y noticias","description":"Hemeroteca","inLanguage":"es-ES","publisher":{"@id":"https:\/\/www.eldigitaldeasturias.com\/noticias\/#organization"}}]},"og:locale":"es_ES","og:site_name":"El Digital de Asturias","og:type":"article","og:title":"Madrid acoger\u00e1 Digital Tech&amp;Trends Summit - El Digital de Asturias","og:description":"El pr\u00f3ximo 26 de septiembre, de 9 a 18 horas, el espacio Truss Madrid del Wizink Center acoger\u00e1 Digital Tech&amp;Trends Summit, un encuentro imprescindible en el entorno directivo para descubrir las claves de la innovaci\u00f3n como principal factor de competitividad empresarial. La transformaci\u00f3n digital y la innovaci\u00f3n son herramientas fundamentales para impulsar el crecimiento en la","og:url":"https:\/\/www.eldigitaldeasturias.com\/noticias\/madrid-acogera-digital-techtrends-summit\/","og:image":"https:\/\/www.eldigitaldeasturias.com\/noticias\/wp-content\/uploads\/2019\/09\/1567675673_DTTS_promocional.png","og:image:secure_url":"https:\/\/www.eldigitaldeasturias.com\/noticias\/wp-content\/uploads\/2019\/09\/1567675673_DTTS_promocional.png","og:image:width":1200,"og:image:height":630,"article:tag":["negocios y empresas"],"article:published_time":"2019-09-08T09:59:24+00:00","article:modified_time":"2019-09-08T09:59:24+00:00","article:publisher":"https:\/\/facebook.com\/eldigitaldeasturias","twitter:card":"summary_large_image","twitter:title":"Madrid acoger\u00e1 Digital Tech&amp;Trends Summit - El Digital de Asturias","twitter:description":"El pr\u00f3ximo 26 de septiembre, de 9 a 18 horas, el espacio Truss Madrid del Wizink Center acoger\u00e1 Digital Tech&amp;Trends Summit, un encuentro imprescindible en el entorno directivo para descubrir las claves de la innovaci\u00f3n como principal factor de competitividad empresarial. La transformaci\u00f3n digital y la innovaci\u00f3n son herramientas fundamentales para impulsar el crecimiento en la","twitter:image":"https:\/\/www.eldigitaldeasturias.com\/noticias\/wp-content\/uploads\/2019\/09\/1567675673_DTTS_promocional.png","twitter:label1":"Escrito por","twitter:data1":"El Digital de Asturias","twitter:label2":"Tiempo de lectura estimado","twitter:data2":"1 minuto"},"aioseo_meta_data":{"post_id":"1039966","title":null,"description":null,"keywords":null,"keyphrases":null,"primary_term":null,"canonical_url":null,"og_title":null,"og_description":null,"og_object_type":"default","og_image_type":"default","og_image_url":null,"og_image_width":null,"og_image_height":null,"og_image_custom_url":null,"og_image_custom_fields":null,"og_video":null,"og_custom_url":null,"og_article_section":null,"og_article_tags":null,"twitter_use_og":false,"twitter_card":"default","twitter_image_type":"default","twitter_image_url":null,"twitter_image_custom_url":null,"twitter_image_custom_fields":null,"twitter_title":null,"twitter_description":null,"schema":{"blockGraphs":[],"customGraphs":[],"default":{"data":{"Article":[],"Course":[],"Dataset":[],"FAQPage":[],"Movie":[],"Person":[],"Product":[],"ProductReview":[],"Car":[],"Recipe":[],"Service":[],"SoftwareApplication":[],"WebPage":[]},"graphName":"","isEnabled":true},"graphs":[],"defaultGraph":"","defaultPostTypeGraph":""},"schema_type":null,"schema_type_options":null,"pillar_content":false,"robots_default":true,"robots_noindex":false,"robots_noarchive":false,"robots_nosnippet":false,"robots_nofollow":false,"robots_noimageindex":false,"robots_noodp":false,"robots_notranslate":false,"robots_max_snippet":null,"robots_max_videopreview":null,"robots_max_imagepreview":"large","priority":null,"frequency":null,"local_seo":null,"seo_analyzer_scan_date":"2025-10-23 07:16:12","breadcrumb_settings":null,"limit_modified_date":false,"open_ai":null,"ai":null,"created":"2020-12-21 11:04:16","updated":"2025-10-23 07:16:12"},"aioseo_breadcrumb":"<div class=\"aioseo-breadcrumbs\"><span class=\"aioseo-breadcrumb\">\n\t<a href=\"https:\/\/www.eldigitaldeasturias.com\/noticias\" title=\"Home\">Home<\/a>\n<\/span><span class=\"aioseo-breadcrumb-separator\">\u2013<\/span><span class=\"aioseo-breadcrumb\">\n\t<a href=\"https:\/\/www.eldigitaldeasturias.com\/noticias\/category\/negocios-y-empresas\/\" title=\"Negocios y Empresas\">Negocios y Empresas<\/a>\n<\/span><span class=\"aioseo-breadcrumb-separator\">\u2013<\/span><span class=\"aioseo-breadcrumb\">\n\t<a href=\"https:\/\/www.eldigitaldeasturias.com\/noticias\/madrid-acogera-digital-techtrends-summit\/\" title=\"Madrid acoger\u00e1 Digital Tech&amp;Trends Summit\">Madrid acoger\u00e1 Digital Tech&amp;Trends Summit<\/a>\n<\/span><\/div>","aioseo_breadcrumb_json":[{"label":"Home","link":"https:\/\/www.eldigitaldeasturias.com\/noticias"},{"label":"Negocios y Empresas","link":"https:\/\/www.eldigitaldeasturias.com\/noticias\/category\/negocios-y-empresas\/"},{"label":"Madrid acoger\u00e1 Digital Tech&#038;Trends Summit","link":"https:\/\/www.eldigitaldeasturias.com\/noticias\/madrid-acogera-digital-techtrends-summit\/"}],"_links":{"self":[{"href":"https:\/\/www.eldigitaldeasturias.com\/noticias\/wp-json\/wp\/v2\/posts\/1039966","targetHints":{"allow":["GET"]}}],"collection":[{"href":"https:\/\/www.eldigitaldeasturias.com\/noticias\/wp-json\/wp\/v2\/posts"}],"about":[{"href":"https:\/\/www.eldigitaldeasturias.com\/noticias\/wp-json\/wp\/v2\/types\/post"}],"author":[{"embeddable":true,"href":"https:\/\/www.eldigitaldeasturias.com\/noticias\/wp-json\/wp\/v2\/users\/1"}],"replies":[{"embeddable":true,"href":"https:\/\/www.eldigitaldeasturias.com\/noticias\/wp-json\/wp\/v2\/comments?post=1039966"}],"version-history":[{"count":0,"href":"https:\/\/www.eldigitaldeasturias.com\/noticias\/wp-json\/wp\/v2\/posts\/1039966\/revisions"}],"wp:featuredmedia":[{"embeddable":true,"href":"https:\/\/www.eldigitaldeasturias.com\/noticias\/wp-json\/wp\/v2\/media\/1039967"}],"wp:attachment":[{"href":"https:\/\/www.eldigitaldeasturias.com\/noticias\/wp-json\/wp\/v2\/media?parent=1039966"}],"wp:term":[{"taxonomy":"category","embeddable":true,"href":"https:\/\/www.eldigitaldeasturias.com\/noticias\/wp-json\/wp\/v2\/categories?post=1039966"},{"taxonomy":"post_tag","embeddable":true,"href":"https:\/\/www.eldigitaldeasturias.com\/noticias\/wp-json\/wp\/v2\/tags?post=1039966"}],"curies":[{"name":"wp","href":"https:\/\/api.w.org\/{rel}","templated":true}]}}