{"id":1039911,"date":"2019-09-07T15:41:26","date_gmt":"2019-09-07T15:41:26","guid":{"rendered":"https:\/\/www.eldigitaldeasturias.com\/noticias\/?p=1039911"},"modified":"2019-09-07T15:41:26","modified_gmt":"2019-09-07T15:41:26","slug":"encarnacion-vicente-el-expediente-judicial-electronico-permitira-tener-todo-digitalizado","status":"publish","type":"post","link":"https:\/\/www.eldigitaldeasturias.com\/noticias\/encarnacion-vicente-el-expediente-judicial-electronico-permitira-tener-todo-digitalizado\/","title":{"rendered":"Encarnaci\u00f3n Vicente: \u201cEl expediente judicial electr\u00f3nico permitir\u00e1 tener todo digitalizado\u201d"},"content":{"rendered":"<p><img loading=\"lazy\" decoding=\"async\" class=\"alignleft size-medium wp-image-1039912\" src=\"https:\/\/www.eldigitaldeasturias.com\/noticias\/wp-content\/uploads\/2019\/09\/reunion-justicia-360x193.jpg\" alt=\"\" width=\"360\" height=\"193\" srcset=\"https:\/\/www.eldigitaldeasturias.com\/noticias\/wp-content\/uploads\/2019\/09\/reunion-justicia-360x193.jpg 360w, https:\/\/www.eldigitaldeasturias.com\/noticias\/wp-content\/uploads\/2019\/09\/reunion-justicia-768x413.jpg 768w, https:\/\/www.eldigitaldeasturias.com\/noticias\/wp-content\/uploads\/2019\/09\/reunion-justicia-650x349.jpg 650w\" sizes=\"auto, (max-width: 360px) 100vw, 360px\" \/>La viceconsejera de Justicia, Encarnaci\u00f3n Vicente, ha ofrecido recientemente declaraciones a los medios tras reunirse con el presidente del Tribunal Superior de Justicia de Asturias, Ignacio Vidau, y el juez Decano de los Juzgados de Oviedo, Jorge Punset, para conversar sobre la aplicaci\u00f3n del expediente judicial electr\u00f3nico.<\/p>\n<p>\u201cTen\u00edamos programada esta reuni\u00f3n porque quer\u00edamos organizar todo lo relacionado con el expediente judicial electr\u00f3nico. Empezaremos a darle forma a este asunto la semana que viene en los juzgados de Oviedo y quer\u00edamos comunicar al presidente y al juez decano de Oviedo c\u00f3mo va a ser esa formaci\u00f3n\u201d, puntualiz\u00f3 la viceconsejera de Justicia.<\/p>\n<p>Adem\u00e1s, se\u00f1al\u00f3 que el expediente judicial electr\u00f3nico aporta muchas ventajas al sistema judicial.<\/p>\n<p>\u201cEl expediente judicial electr\u00f3nico desde luego tiene muchas ventajas que implica un cambio no s\u00f3lo en la manera de trabajar, pero da mucha seguridad, ya que, podremos tener todo digitalizado y con unos procesos que van a estar completamente controlados. Queremos implantarlo poco a poco contando con el soporte t\u00e9cnico necesario\u201d, concluy\u00f3 Encarnaci\u00f3n Vicente.<\/p>\n<p><strong><em>Por Soraya Andreina P\u00e9rez Mohammed <\/em><\/strong><\/p>\n","protected":false},"excerpt":{"rendered":"<p>La viceconsejera de Justicia, Encarnaci\u00f3n Vicente, ha ofrecido recientemente declaraciones a los medios tras reunirse con el presidente del Tribunal Superior de Justicia de Asturias, Ignacio Vidau, y el juez Decano de los Juzgados de Oviedo, Jorge Punset, para conversar sobre la aplicaci\u00f3n del expediente judicial electr\u00f3nico. \u201cTen\u00edamos programada esta reuni\u00f3n porque quer\u00edamos organizar todo [&hellip;]<\/p>\n","protected":false},"author":1,"featured_media":1039912,"comment_status":"closed","ping_status":"closed","sticky":false,"template":"","format":"standard","meta":{"footnotes":""},"categories":[12],"tags":[],"class_list":["post-1039911","post","type-post","status-publish","format-standard","has-post-thumbnail","hentry","category-actualidad-asturias"],"aioseo_notices":[],"aioseo_head":"\n\t\t<!-- All in One SEO Pro 4.9.6.2 - aioseo.com -->\n\t<meta name=\"description\" content=\"La viceconsejera de Justicia, Encarnaci\u00f3n Vicente, ha ofrecido recientemente declaraciones a los medios tras reunirse con el presidente del Tribunal Superior de Justicia de Asturias, Ignacio Vidau, y el juez Decano de los Juzgados de Oviedo, Jorge Punset, para conversar sobre la aplicaci\u00f3n del expediente judicial electr\u00f3nico. \u201cTen\u00edamos programada esta reuni\u00f3n porque quer\u00edamos organizar todo\" \/>\n\t<meta name=\"robots\" content=\"max-image-preview:large\" \/>\n\t<meta name=\"author\" content=\"El Digital de Asturias\"\/>\n\t<meta name=\"google-site-verification\" content=\"UA-38556648-1\" \/>\n\t<meta name=\"msvalidate.01\" content=\"7dfe9f3f1b24437ab69f4f2559babe99\" \/>\n\t<meta name=\"keywords\" content=\"actualidad asturias\" \/>\n\t<link rel=\"canonical\" href=\"https:\/\/www.eldigitaldeasturias.com\/noticias\/encarnacion-vicente-el-expediente-judicial-electronico-permitira-tener-todo-digitalizado\/\" \/>\n\t<meta name=\"generator\" content=\"All in One SEO Pro (AIOSEO) 4.9.6.2\" \/>\n\t\t<meta property=\"og:locale\" content=\"es_ES\" \/>\n\t\t<meta property=\"og:site_name\" content=\"El Digital de Asturias\" \/>\n\t\t<meta property=\"og:type\" content=\"article\" \/>\n\t\t<meta property=\"og:title\" content=\"Encarnaci\u00f3n Vicente: \u201cEl expediente judicial electr\u00f3nico permitir\u00e1 tener todo digitalizado\u201d - El Digital de Asturias\" \/>\n\t\t<meta property=\"og:description\" content=\"La viceconsejera de Justicia, Encarnaci\u00f3n Vicente, ha ofrecido recientemente declaraciones a los medios tras reunirse con el presidente del Tribunal Superior de Justicia de Asturias, Ignacio Vidau, y el juez Decano de los Juzgados de Oviedo, Jorge Punset, para conversar sobre la aplicaci\u00f3n del expediente judicial electr\u00f3nico. \u201cTen\u00edamos programada esta reuni\u00f3n porque quer\u00edamos organizar todo\" \/>\n\t\t<meta property=\"og:url\" content=\"https:\/\/www.eldigitaldeasturias.com\/noticias\/encarnacion-vicente-el-expediente-judicial-electronico-permitira-tener-todo-digitalizado\/\" \/>\n\t\t<meta property=\"og:image\" content=\"https:\/\/www.eldigitaldeasturias.com\/noticias\/wp-content\/uploads\/2019\/09\/reunion-justicia.jpg\" \/>\n\t\t<meta property=\"og:image:secure_url\" content=\"https:\/\/www.eldigitaldeasturias.com\/noticias\/wp-content\/uploads\/2019\/09\/reunion-justicia.jpg\" \/>\n\t\t<meta property=\"og:image:width\" content=\"3000\" \/>\n\t\t<meta property=\"og:image:height\" content=\"1612\" \/>\n\t\t<meta property=\"article:tag\" content=\"actualidad asturias\" \/>\n\t\t<meta property=\"article:published_time\" content=\"2019-09-07T15:41:26+00:00\" \/>\n\t\t<meta property=\"article:modified_time\" content=\"2019-09-07T15:41:26+00:00\" \/>\n\t\t<meta property=\"article:publisher\" content=\"https:\/\/facebook.com\/eldigitaldeasturias\" \/>\n\t\t<meta name=\"twitter:card\" content=\"summary_large_image\" \/>\n\t\t<meta name=\"twitter:title\" content=\"Encarnaci\u00f3n Vicente: \u201cEl expediente judicial electr\u00f3nico permitir\u00e1 tener todo digitalizado\u201d - El Digital de Asturias\" \/>\n\t\t<meta name=\"twitter:description\" content=\"La viceconsejera de Justicia, Encarnaci\u00f3n Vicente, ha ofrecido recientemente declaraciones a los medios tras reunirse con el presidente del Tribunal Superior de Justicia de Asturias, Ignacio Vidau, y el juez Decano de los Juzgados de Oviedo, Jorge Punset, para conversar sobre la aplicaci\u00f3n del expediente judicial electr\u00f3nico. \u201cTen\u00edamos programada esta reuni\u00f3n porque quer\u00edamos organizar todo\" \/>\n\t\t<meta name=\"twitter:image\" content=\"https:\/\/www.eldigitaldeasturias.com\/noticias\/wp-content\/uploads\/2019\/09\/reunion-justicia.jpg\" \/>\n\t\t<meta name=\"twitter:label1\" content=\"Escrito por\" \/>\n\t\t<meta name=\"twitter:data1\" content=\"El Digital de Asturias\" \/>\n\t\t<meta name=\"twitter:label2\" content=\"Tiempo de lectura estimado\" \/>\n\t\t<meta name=\"twitter:data2\" content=\"1 minuto\" \/>\n\t\t<script type=\"application\/ld+json\" class=\"aioseo-schema\">\n\t\t\t{\"@context\":\"https:\\\/\\\/schema.org\",\"@graph\":[{\"@type\":\"BlogPosting\",\"@id\":\"https:\\\/\\\/www.eldigitaldeasturias.com\\\/noticias\\\/encarnacion-vicente-el-expediente-judicial-electronico-permitira-tener-todo-digitalizado\\\/#blogposting\",\"name\":\"Encarnaci\\u00f3n Vicente: \\u201cEl expediente judicial electr\\u00f3nico permitir\\u00e1 tener todo digitalizado\\u201d - El Digital de Asturias\",\"headline\":\"Encarnaci\\u00f3n Vicente: \\u201cEl expediente judicial electr\\u00f3nico permitir\\u00e1 tener todo digitalizado\\u201d\",\"author\":{\"@id\":\"https:\\\/\\\/www.eldigitaldeasturias.com\\\/noticias\\\/author\\\/admin\\\/#author\"},\"publisher\":{\"@id\":\"https:\\\/\\\/www.eldigitaldeasturias.com\\\/noticias\\\/#organization\"},\"image\":{\"@type\":\"ImageObject\",\"url\":\"https:\\\/\\\/www.eldigitaldeasturias.com\\\/noticias\\\/wp-content\\\/uploads\\\/2019\\\/09\\\/reunion-justicia.jpg\",\"width\":3000,\"height\":1612},\"datePublished\":\"2019-09-07T15:41:26+02:00\",\"dateModified\":\"2019-09-07T15:41:26+02:00\",\"inLanguage\":\"es-ES\",\"mainEntityOfPage\":{\"@id\":\"https:\\\/\\\/www.eldigitaldeasturias.com\\\/noticias\\\/encarnacion-vicente-el-expediente-judicial-electronico-permitira-tener-todo-digitalizado\\\/#webpage\"},\"isPartOf\":{\"@id\":\"https:\\\/\\\/www.eldigitaldeasturias.com\\\/noticias\\\/encarnacion-vicente-el-expediente-judicial-electronico-permitira-tener-todo-digitalizado\\\/#webpage\"},\"articleSection\":\"Actualidad Asturias\"},{\"@type\":\"BreadcrumbList\",\"@id\":\"https:\\\/\\\/www.eldigitaldeasturias.com\\\/noticias\\\/encarnacion-vicente-el-expediente-judicial-electronico-permitira-tener-todo-digitalizado\\\/#breadcrumblist\",\"itemListElement\":[{\"@type\":\"ListItem\",\"@id\":\"https:\\\/\\\/www.eldigitaldeasturias.com\\\/noticias#listItem\",\"position\":1,\"name\":\"Home\",\"item\":\"https:\\\/\\\/www.eldigitaldeasturias.com\\\/noticias\",\"nextItem\":{\"@type\":\"ListItem\",\"@id\":\"https:\\\/\\\/www.eldigitaldeasturias.com\\\/noticias\\\/category\\\/actualidad-asturias\\\/#listItem\",\"name\":\"Actualidad Asturias\"}},{\"@type\":\"ListItem\",\"@id\":\"https:\\\/\\\/www.eldigitaldeasturias.com\\\/noticias\\\/category\\\/actualidad-asturias\\\/#listItem\",\"position\":2,\"name\":\"Actualidad Asturias\",\"item\":\"https:\\\/\\\/www.eldigitaldeasturias.com\\\/noticias\\\/category\\\/actualidad-asturias\\\/\",\"nextItem\":{\"@type\":\"ListItem\",\"@id\":\"https:\\\/\\\/www.eldigitaldeasturias.com\\\/noticias\\\/encarnacion-vicente-el-expediente-judicial-electronico-permitira-tener-todo-digitalizado\\\/#listItem\",\"name\":\"Encarnaci\\u00f3n Vicente: \\u201cEl expediente judicial electr\\u00f3nico permitir\\u00e1 tener todo digitalizado\\u201d\"},\"previousItem\":{\"@type\":\"ListItem\",\"@id\":\"https:\\\/\\\/www.eldigitaldeasturias.com\\\/noticias#listItem\",\"name\":\"Home\"}},{\"@type\":\"ListItem\",\"@id\":\"https:\\\/\\\/www.eldigitaldeasturias.com\\\/noticias\\\/encarnacion-vicente-el-expediente-judicial-electronico-permitira-tener-todo-digitalizado\\\/#listItem\",\"position\":3,\"name\":\"Encarnaci\\u00f3n Vicente: \\u201cEl expediente judicial electr\\u00f3nico permitir\\u00e1 tener todo digitalizado\\u201d\",\"previousItem\":{\"@type\":\"ListItem\",\"@id\":\"https:\\\/\\\/www.eldigitaldeasturias.com\\\/noticias\\\/category\\\/actualidad-asturias\\\/#listItem\",\"name\":\"Actualidad Asturias\"}}]},{\"@type\":\"Organization\",\"@id\":\"https:\\\/\\\/www.eldigitaldeasturias.com\\\/noticias\\\/#organization\",\"name\":\"El Digital de Asturias\",\"description\":\"Hemeroteca\",\"url\":\"https:\\\/\\\/www.eldigitaldeasturias.com\\\/noticias\\\/\",\"email\":\"info@eldigitaldeasturias.com\",\"telephone\":\"+34652131393\",\"logo\":{\"@type\":\"ImageObject\",\"url\":\"https:\\\/\\\/www.eldigitaldeasturias.com\\\/noticias\\\/wp-content\\\/uploads\\\/2020\\\/12\\\/EDA.jpg\",\"@id\":\"https:\\\/\\\/www.eldigitaldeasturias.com\\\/noticias\\\/encarnacion-vicente-el-expediente-judicial-electronico-permitira-tener-todo-digitalizado\\\/#organizationLogo\",\"width\":649,\"height\":297},\"image\":{\"@id\":\"https:\\\/\\\/www.eldigitaldeasturias.com\\\/noticias\\\/encarnacion-vicente-el-expediente-judicial-electronico-permitira-tener-todo-digitalizado\\\/#organizationLogo\"},\"sameAs\":[\"https:\\\/\\\/facebook.com\\\/eldigitaldeasturias\",\"https:\\\/\\\/www.youtube.com\\\/channel\\\/UCZP-2wLEB9Rv6erhFmqVnvg\"],\"address\":{\"@id\":\"https:\\\/\\\/www.eldigitaldeasturias.com\\\/noticias\\\/#postaladdress\",\"@type\":\"PostalAddress\",\"streetAddress\":\"san antonio 4,\",\"postalCode\":\"33430\",\"addressLocality\":\"Cand\\u00e1s\",\"addressRegion\":\"Asturias\",\"addressCountry\":\"ES\"}},{\"@type\":\"Person\",\"@id\":\"https:\\\/\\\/www.eldigitaldeasturias.com\\\/noticias\\\/author\\\/admin\\\/#author\",\"url\":\"https:\\\/\\\/www.eldigitaldeasturias.com\\\/noticias\\\/author\\\/admin\\\/\",\"name\":\"El Digital de Asturias\",\"image\":{\"@type\":\"ImageObject\",\"@id\":\"https:\\\/\\\/www.eldigitaldeasturias.com\\\/noticias\\\/encarnacion-vicente-el-expediente-judicial-electronico-permitira-tener-todo-digitalizado\\\/#authorImage\",\"url\":\"https:\\\/\\\/www.eldigitaldeasturias.com\\\/noticias\\\/wp-content\\\/litespeed\\\/avatar\\\/18677e78aa0546b92d9dbf31ec7d7668.jpg?ver=1777290358\",\"width\":96,\"height\":96,\"caption\":\"El Digital de Asturias\"}},{\"@type\":\"WebPage\",\"@id\":\"https:\\\/\\\/www.eldigitaldeasturias.com\\\/noticias\\\/encarnacion-vicente-el-expediente-judicial-electronico-permitira-tener-todo-digitalizado\\\/#webpage\",\"url\":\"https:\\\/\\\/www.eldigitaldeasturias.com\\\/noticias\\\/encarnacion-vicente-el-expediente-judicial-electronico-permitira-tener-todo-digitalizado\\\/\",\"name\":\"Encarnaci\\u00f3n Vicente: \\u201cEl expediente judicial electr\\u00f3nico permitir\\u00e1 tener todo digitalizado\\u201d - El Digital de Asturias\",\"description\":\"La viceconsejera de Justicia, Encarnaci\\u00f3n Vicente, ha ofrecido recientemente declaraciones a los medios tras reunirse con el presidente del Tribunal Superior de Justicia de Asturias, Ignacio Vidau, y el juez Decano de los Juzgados de Oviedo, Jorge Punset, para conversar sobre la aplicaci\\u00f3n del expediente judicial electr\\u00f3nico. \\u201cTen\\u00edamos programada esta reuni\\u00f3n porque quer\\u00edamos organizar todo\",\"inLanguage\":\"es-ES\",\"isPartOf\":{\"@id\":\"https:\\\/\\\/www.eldigitaldeasturias.com\\\/noticias\\\/#website\"},\"breadcrumb\":{\"@id\":\"https:\\\/\\\/www.eldigitaldeasturias.com\\\/noticias\\\/encarnacion-vicente-el-expediente-judicial-electronico-permitira-tener-todo-digitalizado\\\/#breadcrumblist\"},\"author\":{\"@id\":\"https:\\\/\\\/www.eldigitaldeasturias.com\\\/noticias\\\/author\\\/admin\\\/#author\"},\"creator\":{\"@id\":\"https:\\\/\\\/www.eldigitaldeasturias.com\\\/noticias\\\/author\\\/admin\\\/#author\"},\"image\":{\"@type\":\"ImageObject\",\"url\":\"https:\\\/\\\/www.eldigitaldeasturias.com\\\/noticias\\\/wp-content\\\/uploads\\\/2019\\\/09\\\/reunion-justicia.jpg\",\"@id\":\"https:\\\/\\\/www.eldigitaldeasturias.com\\\/noticias\\\/encarnacion-vicente-el-expediente-judicial-electronico-permitira-tener-todo-digitalizado\\\/#mainImage\",\"width\":3000,\"height\":1612},\"primaryImageOfPage\":{\"@id\":\"https:\\\/\\\/www.eldigitaldeasturias.com\\\/noticias\\\/encarnacion-vicente-el-expediente-judicial-electronico-permitira-tener-todo-digitalizado\\\/#mainImage\"},\"datePublished\":\"2019-09-07T15:41:26+02:00\",\"dateModified\":\"2019-09-07T15:41:26+02:00\"},{\"@type\":\"WebSite\",\"@id\":\"https:\\\/\\\/www.eldigitaldeasturias.com\\\/noticias\\\/#website\",\"url\":\"https:\\\/\\\/www.eldigitaldeasturias.com\\\/noticias\\\/\",\"name\":\"El Digital de Asturias - Diario de actualidad y noticias\",\"alternateName\":\"El Digital de Asturias - Diario de actualidad y noticias\",\"description\":\"Hemeroteca\",\"inLanguage\":\"es-ES\",\"publisher\":{\"@id\":\"https:\\\/\\\/www.eldigitaldeasturias.com\\\/noticias\\\/#organization\"}}]}\n\t\t<\/script>\n\t\t<!-- All in One SEO Pro -->\r\n\t\t<title>Encarnaci\u00f3n Vicente: \u201cEl expediente judicial electr\u00f3nico permitir\u00e1 tener todo digitalizado\u201d - El Digital de Asturias<\/title>\n\n","aioseo_head_json":{"title":"Encarnaci\u00f3n Vicente: \u201cEl expediente judicial electr\u00f3nico permitir\u00e1 tener todo digitalizado\u201d - El Digital de Asturias","description":"La viceconsejera de Justicia, Encarnaci\u00f3n Vicente, ha ofrecido recientemente declaraciones a los medios tras reunirse con el presidente del Tribunal Superior de Justicia de Asturias, Ignacio Vidau, y el juez Decano de los Juzgados de Oviedo, Jorge Punset, para conversar sobre la aplicaci\u00f3n del expediente judicial electr\u00f3nico. \u201cTen\u00edamos programada esta reuni\u00f3n porque quer\u00edamos organizar todo","canonical_url":"https:\/\/www.eldigitaldeasturias.com\/noticias\/encarnacion-vicente-el-expediente-judicial-electronico-permitira-tener-todo-digitalizado\/","robots":"max-image-preview:large","keywords":"actualidad asturias","webmasterTools":{"google-site-verification":"UA-38556648-1","msvalidate.01":"7dfe9f3f1b24437ab69f4f2559babe99","miscellaneous":""},"schema":{"@context":"https:\/\/schema.org","@graph":[{"@type":"BlogPosting","@id":"https:\/\/www.eldigitaldeasturias.com\/noticias\/encarnacion-vicente-el-expediente-judicial-electronico-permitira-tener-todo-digitalizado\/#blogposting","name":"Encarnaci\u00f3n Vicente: \u201cEl expediente judicial electr\u00f3nico permitir\u00e1 tener todo digitalizado\u201d - El Digital de Asturias","headline":"Encarnaci\u00f3n Vicente: \u201cEl expediente judicial electr\u00f3nico permitir\u00e1 tener todo digitalizado\u201d","author":{"@id":"https:\/\/www.eldigitaldeasturias.com\/noticias\/author\/admin\/#author"},"publisher":{"@id":"https:\/\/www.eldigitaldeasturias.com\/noticias\/#organization"},"image":{"@type":"ImageObject","url":"https:\/\/www.eldigitaldeasturias.com\/noticias\/wp-content\/uploads\/2019\/09\/reunion-justicia.jpg","width":3000,"height":1612},"datePublished":"2019-09-07T15:41:26+02:00","dateModified":"2019-09-07T15:41:26+02:00","inLanguage":"es-ES","mainEntityOfPage":{"@id":"https:\/\/www.eldigitaldeasturias.com\/noticias\/encarnacion-vicente-el-expediente-judicial-electronico-permitira-tener-todo-digitalizado\/#webpage"},"isPartOf":{"@id":"https:\/\/www.eldigitaldeasturias.com\/noticias\/encarnacion-vicente-el-expediente-judicial-electronico-permitira-tener-todo-digitalizado\/#webpage"},"articleSection":"Actualidad Asturias"},{"@type":"BreadcrumbList","@id":"https:\/\/www.eldigitaldeasturias.com\/noticias\/encarnacion-vicente-el-expediente-judicial-electronico-permitira-tener-todo-digitalizado\/#breadcrumblist","itemListElement":[{"@type":"ListItem","@id":"https:\/\/www.eldigitaldeasturias.com\/noticias#listItem","position":1,"name":"Home","item":"https:\/\/www.eldigitaldeasturias.com\/noticias","nextItem":{"@type":"ListItem","@id":"https:\/\/www.eldigitaldeasturias.com\/noticias\/category\/actualidad-asturias\/#listItem","name":"Actualidad Asturias"}},{"@type":"ListItem","@id":"https:\/\/www.eldigitaldeasturias.com\/noticias\/category\/actualidad-asturias\/#listItem","position":2,"name":"Actualidad Asturias","item":"https:\/\/www.eldigitaldeasturias.com\/noticias\/category\/actualidad-asturias\/","nextItem":{"@type":"ListItem","@id":"https:\/\/www.eldigitaldeasturias.com\/noticias\/encarnacion-vicente-el-expediente-judicial-electronico-permitira-tener-todo-digitalizado\/#listItem","name":"Encarnaci\u00f3n Vicente: \u201cEl expediente judicial electr\u00f3nico permitir\u00e1 tener todo digitalizado\u201d"},"previousItem":{"@type":"ListItem","@id":"https:\/\/www.eldigitaldeasturias.com\/noticias#listItem","name":"Home"}},{"@type":"ListItem","@id":"https:\/\/www.eldigitaldeasturias.com\/noticias\/encarnacion-vicente-el-expediente-judicial-electronico-permitira-tener-todo-digitalizado\/#listItem","position":3,"name":"Encarnaci\u00f3n Vicente: \u201cEl expediente judicial electr\u00f3nico permitir\u00e1 tener todo digitalizado\u201d","previousItem":{"@type":"ListItem","@id":"https:\/\/www.eldigitaldeasturias.com\/noticias\/category\/actualidad-asturias\/#listItem","name":"Actualidad Asturias"}}]},{"@type":"Organization","@id":"https:\/\/www.eldigitaldeasturias.com\/noticias\/#organization","name":"El Digital de Asturias","description":"Hemeroteca","url":"https:\/\/www.eldigitaldeasturias.com\/noticias\/","email":"info@eldigitaldeasturias.com","telephone":"+34652131393","logo":{"@type":"ImageObject","url":"https:\/\/www.eldigitaldeasturias.com\/noticias\/wp-content\/uploads\/2020\/12\/EDA.jpg","@id":"https:\/\/www.eldigitaldeasturias.com\/noticias\/encarnacion-vicente-el-expediente-judicial-electronico-permitira-tener-todo-digitalizado\/#organizationLogo","width":649,"height":297},"image":{"@id":"https:\/\/www.eldigitaldeasturias.com\/noticias\/encarnacion-vicente-el-expediente-judicial-electronico-permitira-tener-todo-digitalizado\/#organizationLogo"},"sameAs":["https:\/\/facebook.com\/eldigitaldeasturias","https:\/\/www.youtube.com\/channel\/UCZP-2wLEB9Rv6erhFmqVnvg"],"address":{"@id":"https:\/\/www.eldigitaldeasturias.com\/noticias\/#postaladdress","@type":"PostalAddress","streetAddress":"san antonio 4,","postalCode":"33430","addressLocality":"Cand\u00e1s","addressRegion":"Asturias","addressCountry":"ES"}},{"@type":"Person","@id":"https:\/\/www.eldigitaldeasturias.com\/noticias\/author\/admin\/#author","url":"https:\/\/www.eldigitaldeasturias.com\/noticias\/author\/admin\/","name":"El Digital de Asturias","image":{"@type":"ImageObject","@id":"https:\/\/www.eldigitaldeasturias.com\/noticias\/encarnacion-vicente-el-expediente-judicial-electronico-permitira-tener-todo-digitalizado\/#authorImage","url":"https:\/\/www.eldigitaldeasturias.com\/noticias\/wp-content\/litespeed\/avatar\/18677e78aa0546b92d9dbf31ec7d7668.jpg?ver=1777290358","width":96,"height":96,"caption":"El Digital de Asturias"}},{"@type":"WebPage","@id":"https:\/\/www.eldigitaldeasturias.com\/noticias\/encarnacion-vicente-el-expediente-judicial-electronico-permitira-tener-todo-digitalizado\/#webpage","url":"https:\/\/www.eldigitaldeasturias.com\/noticias\/encarnacion-vicente-el-expediente-judicial-electronico-permitira-tener-todo-digitalizado\/","name":"Encarnaci\u00f3n Vicente: \u201cEl expediente judicial electr\u00f3nico permitir\u00e1 tener todo digitalizado\u201d - El Digital de Asturias","description":"La viceconsejera de Justicia, Encarnaci\u00f3n Vicente, ha ofrecido recientemente declaraciones a los medios tras reunirse con el presidente del Tribunal Superior de Justicia de Asturias, Ignacio Vidau, y el juez Decano de los Juzgados de Oviedo, Jorge Punset, para conversar sobre la aplicaci\u00f3n del expediente judicial electr\u00f3nico. \u201cTen\u00edamos programada esta reuni\u00f3n porque quer\u00edamos organizar todo","inLanguage":"es-ES","isPartOf":{"@id":"https:\/\/www.eldigitaldeasturias.com\/noticias\/#website"},"breadcrumb":{"@id":"https:\/\/www.eldigitaldeasturias.com\/noticias\/encarnacion-vicente-el-expediente-judicial-electronico-permitira-tener-todo-digitalizado\/#breadcrumblist"},"author":{"@id":"https:\/\/www.eldigitaldeasturias.com\/noticias\/author\/admin\/#author"},"creator":{"@id":"https:\/\/www.eldigitaldeasturias.com\/noticias\/author\/admin\/#author"},"image":{"@type":"ImageObject","url":"https:\/\/www.eldigitaldeasturias.com\/noticias\/wp-content\/uploads\/2019\/09\/reunion-justicia.jpg","@id":"https:\/\/www.eldigitaldeasturias.com\/noticias\/encarnacion-vicente-el-expediente-judicial-electronico-permitira-tener-todo-digitalizado\/#mainImage","width":3000,"height":1612},"primaryImageOfPage":{"@id":"https:\/\/www.eldigitaldeasturias.com\/noticias\/encarnacion-vicente-el-expediente-judicial-electronico-permitira-tener-todo-digitalizado\/#mainImage"},"datePublished":"2019-09-07T15:41:26+02:00","dateModified":"2019-09-07T15:41:26+02:00"},{"@type":"WebSite","@id":"https:\/\/www.eldigitaldeasturias.com\/noticias\/#website","url":"https:\/\/www.eldigitaldeasturias.com\/noticias\/","name":"El Digital de Asturias - Diario de actualidad y noticias","alternateName":"El Digital de Asturias - Diario de actualidad y noticias","description":"Hemeroteca","inLanguage":"es-ES","publisher":{"@id":"https:\/\/www.eldigitaldeasturias.com\/noticias\/#organization"}}]},"og:locale":"es_ES","og:site_name":"El Digital de Asturias","og:type":"article","og:title":"Encarnaci\u00f3n Vicente: \u201cEl expediente judicial electr\u00f3nico permitir\u00e1 tener todo digitalizado\u201d - El Digital de Asturias","og:description":"La viceconsejera de Justicia, Encarnaci\u00f3n Vicente, ha ofrecido recientemente declaraciones a los medios tras reunirse con el presidente del Tribunal Superior de Justicia de Asturias, Ignacio Vidau, y el juez Decano de los Juzgados de Oviedo, Jorge Punset, para conversar sobre la aplicaci\u00f3n del expediente judicial electr\u00f3nico. \u201cTen\u00edamos programada esta reuni\u00f3n porque quer\u00edamos organizar todo","og:url":"https:\/\/www.eldigitaldeasturias.com\/noticias\/encarnacion-vicente-el-expediente-judicial-electronico-permitira-tener-todo-digitalizado\/","og:image":"https:\/\/www.eldigitaldeasturias.com\/noticias\/wp-content\/uploads\/2019\/09\/reunion-justicia.jpg","og:image:secure_url":"https:\/\/www.eldigitaldeasturias.com\/noticias\/wp-content\/uploads\/2019\/09\/reunion-justicia.jpg","og:image:width":3000,"og:image:height":1612,"article:tag":["actualidad asturias"],"article:published_time":"2019-09-07T15:41:26+00:00","article:modified_time":"2019-09-07T15:41:26+00:00","article:publisher":"https:\/\/facebook.com\/eldigitaldeasturias","twitter:card":"summary_large_image","twitter:title":"Encarnaci\u00f3n Vicente: \u201cEl expediente judicial electr\u00f3nico permitir\u00e1 tener todo digitalizado\u201d - El Digital de Asturias","twitter:description":"La viceconsejera de Justicia, Encarnaci\u00f3n Vicente, ha ofrecido recientemente declaraciones a los medios tras reunirse con el presidente del Tribunal Superior de Justicia de Asturias, Ignacio Vidau, y el juez Decano de los Juzgados de Oviedo, Jorge Punset, para conversar sobre la aplicaci\u00f3n del expediente judicial electr\u00f3nico. \u201cTen\u00edamos programada esta reuni\u00f3n porque quer\u00edamos organizar todo","twitter:image":"https:\/\/www.eldigitaldeasturias.com\/noticias\/wp-content\/uploads\/2019\/09\/reunion-justicia.jpg","twitter:label1":"Escrito por","twitter:data1":"El Digital de Asturias","twitter:label2":"Tiempo de lectura estimado","twitter:data2":"1 minuto"},"aioseo_meta_data":{"post_id":"1039911","title":null,"description":null,"keywords":null,"keyphrases":null,"primary_term":null,"canonical_url":null,"og_title":null,"og_description":null,"og_object_type":"default","og_image_type":"default","og_image_url":null,"og_image_width":null,"og_image_height":null,"og_image_custom_url":null,"og_image_custom_fields":null,"og_video":null,"og_custom_url":null,"og_article_section":null,"og_article_tags":null,"twitter_use_og":false,"twitter_card":"default","twitter_image_type":"default","twitter_image_url":null,"twitter_image_custom_url":null,"twitter_image_custom_fields":null,"twitter_title":null,"twitter_description":null,"schema":{"blockGraphs":[],"customGraphs":[],"default":{"data":{"Article":[],"Course":[],"Dataset":[],"FAQPage":[],"Movie":[],"Person":[],"Product":[],"ProductReview":[],"Car":[],"Recipe":[],"Service":[],"SoftwareApplication":[],"WebPage":[]},"graphName":"","isEnabled":true},"graphs":[],"defaultGraph":"","defaultPostTypeGraph":""},"schema_type":null,"schema_type_options":null,"pillar_content":false,"robots_default":true,"robots_noindex":false,"robots_noarchive":false,"robots_nosnippet":false,"robots_nofollow":false,"robots_noimageindex":false,"robots_noodp":false,"robots_notranslate":false,"robots_max_snippet":null,"robots_max_videopreview":null,"robots_max_imagepreview":"large","priority":null,"frequency":null,"local_seo":null,"seo_analyzer_scan_date":"2025-10-23 07:01:15","breadcrumb_settings":null,"limit_modified_date":false,"open_ai":null,"ai":null,"created":"2020-12-21 11:05:19","updated":"2025-10-23 07:01:15"},"aioseo_breadcrumb":"<div class=\"aioseo-breadcrumbs\"><span class=\"aioseo-breadcrumb\">\n\t<a href=\"https:\/\/www.eldigitaldeasturias.com\/noticias\" title=\"Home\">Home<\/a>\n<\/span><span class=\"aioseo-breadcrumb-separator\">\u2013<\/span><span class=\"aioseo-breadcrumb\">\n\t<a href=\"https:\/\/www.eldigitaldeasturias.com\/noticias\/category\/actualidad-asturias\/\" title=\"Actualidad Asturias\">Actualidad Asturias<\/a>\n<\/span><span class=\"aioseo-breadcrumb-separator\">\u2013<\/span><span class=\"aioseo-breadcrumb\">\n\t<a href=\"https:\/\/www.eldigitaldeasturias.com\/noticias\/encarnacion-vicente-el-expediente-judicial-electronico-permitira-tener-todo-digitalizado\/\" title=\"Encarnaci\u00f3n Vicente: \u201cEl expediente judicial electr\u00f3nico permitir\u00e1 tener todo digitalizado\u201d\">Encarnaci\u00f3n Vicente: \u201cEl expediente judicial electr\u00f3nico permitir\u00e1 tener todo digitalizado\u201d<\/a>\n<\/span><\/div>","aioseo_breadcrumb_json":[{"label":"Home","link":"https:\/\/www.eldigitaldeasturias.com\/noticias"},{"label":"Actualidad Asturias","link":"https:\/\/www.eldigitaldeasturias.com\/noticias\/category\/actualidad-asturias\/"},{"label":"Encarnaci\u00f3n Vicente: \u201cEl expediente judicial electr\u00f3nico permitir\u00e1 tener todo digitalizado\u201d","link":"https:\/\/www.eldigitaldeasturias.com\/noticias\/encarnacion-vicente-el-expediente-judicial-electronico-permitira-tener-todo-digitalizado\/"}],"_links":{"self":[{"href":"https:\/\/www.eldigitaldeasturias.com\/noticias\/wp-json\/wp\/v2\/posts\/1039911","targetHints":{"allow":["GET"]}}],"collection":[{"href":"https:\/\/www.eldigitaldeasturias.com\/noticias\/wp-json\/wp\/v2\/posts"}],"about":[{"href":"https:\/\/www.eldigitaldeasturias.com\/noticias\/wp-json\/wp\/v2\/types\/post"}],"author":[{"embeddable":true,"href":"https:\/\/www.eldigitaldeasturias.com\/noticias\/wp-json\/wp\/v2\/users\/1"}],"replies":[{"embeddable":true,"href":"https:\/\/www.eldigitaldeasturias.com\/noticias\/wp-json\/wp\/v2\/comments?post=1039911"}],"version-history":[{"count":0,"href":"https:\/\/www.eldigitaldeasturias.com\/noticias\/wp-json\/wp\/v2\/posts\/1039911\/revisions"}],"wp:featuredmedia":[{"embeddable":true,"href":"https:\/\/www.eldigitaldeasturias.com\/noticias\/wp-json\/wp\/v2\/media\/1039912"}],"wp:attachment":[{"href":"https:\/\/www.eldigitaldeasturias.com\/noticias\/wp-json\/wp\/v2\/media?parent=1039911"}],"wp:term":[{"taxonomy":"category","embeddable":true,"href":"https:\/\/www.eldigitaldeasturias.com\/noticias\/wp-json\/wp\/v2\/categories?post=1039911"},{"taxonomy":"post_tag","embeddable":true,"href":"https:\/\/www.eldigitaldeasturias.com\/noticias\/wp-json\/wp\/v2\/tags?post=1039911"}],"curies":[{"name":"wp","href":"https:\/\/api.w.org\/{rel}","templated":true}]}}