{"id":1039762,"date":"2019-09-05T13:34:59","date_gmt":"2019-09-05T13:34:59","guid":{"rendered":"https:\/\/www.eldigitaldeasturias.com\/noticias\/?p=1039762"},"modified":"2019-09-05T13:34:59","modified_gmt":"2019-09-05T13:34:59","slug":"girona-la-ciudad-que-sorprende-en-el-interior-de-cataluna","status":"publish","type":"post","link":"https:\/\/www.eldigitaldeasturias.com\/noticias\/girona-la-ciudad-que-sorprende-en-el-interior-de-cataluna\/","title":{"rendered":"Girona, la ciudad que sorprende en el interior de Catalu\u00f1a"},"content":{"rendered":"<figure id=\"attachment_1039763\" aria-describedby=\"caption-attachment-1039763\" style=\"width: 360px\" class=\"wp-caption alignleft\"><img loading=\"lazy\" decoding=\"async\" class=\"size-medium wp-image-1039763\" src=\"https:\/\/www.eldigitaldeasturias.com\/noticias\/wp-content\/uploads\/2019\/09\/los-encantos-de-Girona-360x237.jpg\" alt=\"\" width=\"360\" height=\"237\" srcset=\"https:\/\/www.eldigitaldeasturias.com\/noticias\/wp-content\/uploads\/2019\/09\/los-encantos-de-Girona-360x237.jpg 360w, https:\/\/www.eldigitaldeasturias.com\/noticias\/wp-content\/uploads\/2019\/09\/los-encantos-de-Girona-768x505.jpg 768w, https:\/\/www.eldigitaldeasturias.com\/noticias\/wp-content\/uploads\/2019\/09\/los-encantos-de-Girona-650x428.jpg 650w, https:\/\/www.eldigitaldeasturias.com\/noticias\/wp-content\/uploads\/2019\/09\/los-encantos-de-Girona.jpg 1003w\" sizes=\"auto, (max-width: 360px) 100vw, 360px\" \/><figcaption id=\"caption-attachment-1039763\" class=\"wp-caption-text\">Los restaurantes son un lugar ideal para pasar la velada en la Plaza Independencia. Foto: Andreas Drouve\/dpa-tmn<\/figcaption><\/figure>\n<p>(dpa) &#8211; \u00abAqu\u00ed no quiero vivir nunca\u00bb. Eso fue lo primero que pens\u00f3 <strong>Quim Puerto<\/strong> cuando a los ocho a\u00f1os tuvo que ir a un m\u00e9dico en Girona. En aquel entonces, a este ni\u00f1o de la costa catalana la ciudad del interior le pareci\u00f3 \u00abh\u00fameda y descuidada\u00bb.<\/p>\n<p>Hoy Puerto tiene 45 a\u00f1os y su imagen de la ciudad se transform\u00f3 considerablemente: Desde hace d\u00e9cada y media, este licenciado en turismo vive all\u00ed y est\u00e1 encantado con lo que ofrece Girona: <strong>\u00abla concentraci\u00f3n de 2.000 a\u00f1os de historia, la cultura y la gastronom\u00eda\u00bb<\/strong>.<\/p>\n<p><strong>Lo que m\u00e1s le gusta de Girona es la zona que est\u00e1 junto al r\u00edo Onyar<\/strong>. En el agua se reflejan los coloridos edificios, levantados como con ladrillos de Lego, a los que se suman las torres de la Catedral y la Bas\u00edlica de Sant Feliu.<\/p>\n<p>Antes s\u00f3lo se iba a Girona cuando llov\u00eda en la costa, dicen las malas lenguas. Y eso que ya en los a\u00f1os 60 el escritor catal\u00e1n Josep Pla (1897-1981) hablaba maravillas de la ciudad: Girona tiene \u00abuna personalidad inmensa\u00bb, es \u00abuna ciudad perspicaz, que se preserv\u00f3 a lo largo de los siglos, una ciudad de sensibilidad acumulada, de fuerzas espirituales inagotables, sorprendente\u00bb.<\/p>\n<p>De hecho, hay muchas vistas sorprendentes: Callejones, plazas, empedrado, fachadas de piedra, caf\u00e9s al aire libre, balcones repletos de macetas, plantas colgantes y ropa puesta a secar al sol se unen en una especie de mosaico.<\/p>\n<p>El ambiente es especialmente animado por la noche, cuando se retiraron los que la vinieron a visitar por el d\u00eda. Entonces, las voces se hacen fuertes en las terrazas de los restaurantes de las arcadas de la Plaza Independencia. Y en el Call, el antiguo barrio jud\u00edo, vuelve a reinar el silencio, mientras las luces de las farolas descienden por las escaleras de piedra y los pasamanos de metal.<\/p>\n<p>Esta imagen tan id\u00edlica en realidad tiene detr\u00e1s una historia tr\u00e1gica. El Call en torno a las callejuelas de For\u00e7a y Sant Lloren\u00e7 era en la Edad Media el barrio jud\u00edo de Girona, uno de los m\u00e1s grandes de Espa\u00f1a. Hab\u00eda sinagogas, ba\u00f1os, una escuela de cabal\u00e1, edificios de viviendas con patios interiores y jardines.<\/p>\n<p><strong>De Girona salieron sabios, poetas y m\u00e9dicos<\/strong>, pero a la larga aument\u00f3 la intolerancia hacia los que profesaban otra religi\u00f3n. Un pogromo en agosto de 1391 supuso el inicio de la expulsi\u00f3n de los jud\u00edos de Girona. El tema es profundizado de forma elaborada en el Museo de Historia de los Jud\u00edos.<\/p>\n<p>Mientras que en el hist\u00f3rico barrio jud\u00edo realmente viv\u00edan jud\u00edos, en los llamados \u00abba\u00f1os \u00e1rabes\u00bb (banys arabs) seguramente no se ba\u00f1\u00f3 ning\u00fan \u00e1rabe. El edificio de la Alta Edad Media fue hecho a imagen y semejanza de los antiguos ba\u00f1os \u00e1rabes. Desde all\u00ed, es muy f\u00e1cil llegar hasta el paseo de la muralla de la ciudad, cuya entrada gratuita es una amable se\u00f1al de bienvenida.<\/p>\n<p>La mirada se topa entonces con la catedral, hacia la que sube una amplia escalinata, sobre la que es habitual encontrar turistas sac\u00e1ndose selfies en posiciones absurdas. Josep Pla escribi\u00f3 en su momento una alabanza al \u00abg\u00f3tico inaudito, se\u00f1orial\u00bb del templo, que no merece \u00abuno, sino cientos de visitantes\u00bb.<\/p>\n<p>Un pasado m\u00e1s cercano es el que se puede explorar en la Casa Mas\u00f3 del arquitecto Rafael Mas\u00f3 (1880-1935). Jordi Falg\u00e0s, director de la Fundaci\u00f3n Rafael Mas\u00f3, a veces encabeza personalmente las visitas guiadas por \u00ab<strong>esta casa t\u00edpica de la burgues\u00eda de hace cien a\u00f1os<\/strong>\u00ab, que Mas\u00f3 reform\u00f3 en el estilo del novecentismo, el neoclasicismo catal\u00e1n.<\/p>\n<p>La propiedad junto al Onyar es tan original y vanguardista como aquello que el herrero art\u00edstico Sergi Cadenas hace en su taller \u00abFerros d&#8217;Art Cadenas\u00bb honrando la tradici\u00f3n familiar y lo que Sergi Ball\u00fas y Rose Rivas preparan en el restaurante \u00abOcci\u00bb en el caso antiguo.<\/p>\n<p><strong>Es t\u00edpico de la cocina de Girona combinar elementos de \u00abmar y monta\u00f1a\u00bb<\/strong> (\u00abmar i muntanya\u00bb), algo que la pareja de cocineros Ball\u00fas y Rivas tambi\u00e9n practica de forma privada. \u00abPatas de cerdo con langosta\u00bb es el plato favorito de Rose de los que prepara Sergi. Claro que \u00e9ste no aparece en la carta del restaurante, explica Sergi Ball\u00fas. \u00abLo bueno es entonces que uno se puede chupar los dedos sin verg\u00fcenza de estar en p\u00fablico\u00bb.<\/p>\n<p><i class=\"lang-es\"><span class=\" readonly\" title=\"\">Por Andreas Drouve (dpa)<\/span><\/i><\/p>\n<p>&nbsp;<\/p>\n","protected":false},"excerpt":{"rendered":"<p>(dpa) &#8211; \u00abAqu\u00ed no quiero vivir nunca\u00bb. Eso fue lo primero que pens\u00f3 Quim Puerto cuando a los ocho a\u00f1os tuvo que ir a un m\u00e9dico en Girona. En aquel entonces, a este ni\u00f1o de la costa catalana la ciudad del interior le pareci\u00f3 \u00abh\u00fameda y descuidada\u00bb. Hoy Puerto tiene 45 a\u00f1os y su imagen [&hellip;]<\/p>\n","protected":false},"author":1,"featured_media":1039763,"comment_status":"closed","ping_status":"closed","sticky":false,"template":"","format":"standard","meta":{"footnotes":""},"categories":[148],"tags":[],"class_list":["post-1039762","post","type-post","status-publish","format-standard","has-post-thumbnail","hentry","category-turismo"],"aioseo_notices":[],"aioseo_head":"\n\t\t<!-- All in One SEO Pro 4.9.6.2 - aioseo.com -->\n\t<meta name=\"description\" content=\"(dpa) - &quot;Aqu\u00ed no quiero vivir nunca&quot;. Eso fue lo primero que pens\u00f3 Quim Puerto cuando a los ocho a\u00f1os tuvo que ir a un m\u00e9dico en Girona. En aquel entonces, a este ni\u00f1o de la costa catalana la ciudad del interior le pareci\u00f3 &quot;h\u00fameda y descuidada&quot;. Hoy Puerto tiene 45 a\u00f1os y su imagen\" \/>\n\t<meta name=\"robots\" content=\"max-image-preview:large\" \/>\n\t<meta name=\"author\" content=\"El Digital de Asturias\"\/>\n\t<meta name=\"google-site-verification\" content=\"UA-38556648-1\" \/>\n\t<meta name=\"msvalidate.01\" content=\"7dfe9f3f1b24437ab69f4f2559babe99\" \/>\n\t<meta name=\"keywords\" content=\"turismo\" \/>\n\t<link rel=\"canonical\" href=\"https:\/\/www.eldigitaldeasturias.com\/noticias\/girona-la-ciudad-que-sorprende-en-el-interior-de-cataluna\/\" \/>\n\t<meta name=\"generator\" content=\"All in One SEO Pro (AIOSEO) 4.9.6.2\" \/>\n\t\t<meta property=\"og:locale\" content=\"es_ES\" \/>\n\t\t<meta property=\"og:site_name\" content=\"El Digital de Asturias\" \/>\n\t\t<meta property=\"og:type\" content=\"article\" \/>\n\t\t<meta property=\"og:title\" content=\"Girona, la ciudad que sorprende en el interior de Catalu\u00f1a - El Digital de Asturias\" \/>\n\t\t<meta property=\"og:description\" content=\"(dpa) - &quot;Aqu\u00ed no quiero vivir nunca&quot;. Eso fue lo primero que pens\u00f3 Quim Puerto cuando a los ocho a\u00f1os tuvo que ir a un m\u00e9dico en Girona. En aquel entonces, a este ni\u00f1o de la costa catalana la ciudad del interior le pareci\u00f3 &quot;h\u00fameda y descuidada&quot;. Hoy Puerto tiene 45 a\u00f1os y su imagen\" \/>\n\t\t<meta property=\"og:url\" content=\"https:\/\/www.eldigitaldeasturias.com\/noticias\/girona-la-ciudad-que-sorprende-en-el-interior-de-cataluna\/\" \/>\n\t\t<meta property=\"og:image\" content=\"https:\/\/www.eldigitaldeasturias.com\/noticias\/wp-content\/uploads\/2019\/09\/los-encantos-de-Girona.jpg\" \/>\n\t\t<meta property=\"og:image:secure_url\" content=\"https:\/\/www.eldigitaldeasturias.com\/noticias\/wp-content\/uploads\/2019\/09\/los-encantos-de-Girona.jpg\" \/>\n\t\t<meta property=\"og:image:width\" content=\"1003\" \/>\n\t\t<meta property=\"og:image:height\" content=\"660\" \/>\n\t\t<meta property=\"article:tag\" content=\"turismo\" \/>\n\t\t<meta property=\"article:published_time\" content=\"2019-09-05T13:34:59+00:00\" \/>\n\t\t<meta property=\"article:modified_time\" content=\"2019-09-05T13:34:59+00:00\" \/>\n\t\t<meta property=\"article:publisher\" content=\"https:\/\/facebook.com\/eldigitaldeasturias\" \/>\n\t\t<meta name=\"twitter:card\" content=\"summary_large_image\" \/>\n\t\t<meta name=\"twitter:title\" content=\"Girona, la ciudad que sorprende en el interior de Catalu\u00f1a - El Digital de Asturias\" \/>\n\t\t<meta name=\"twitter:description\" content=\"(dpa) - &quot;Aqu\u00ed no quiero vivir nunca&quot;. Eso fue lo primero que pens\u00f3 Quim Puerto cuando a los ocho a\u00f1os tuvo que ir a un m\u00e9dico en Girona. En aquel entonces, a este ni\u00f1o de la costa catalana la ciudad del interior le pareci\u00f3 &quot;h\u00fameda y descuidada&quot;. Hoy Puerto tiene 45 a\u00f1os y su imagen\" \/>\n\t\t<meta name=\"twitter:image\" content=\"https:\/\/www.eldigitaldeasturias.com\/noticias\/wp-content\/uploads\/2019\/09\/los-encantos-de-Girona.jpg\" \/>\n\t\t<meta name=\"twitter:label1\" content=\"Escrito por\" \/>\n\t\t<meta name=\"twitter:data1\" content=\"El Digital de Asturias\" \/>\n\t\t<meta name=\"twitter:label2\" content=\"Tiempo de lectura estimado\" \/>\n\t\t<meta name=\"twitter:data2\" content=\"4 minutos\" \/>\n\t\t<script type=\"application\/ld+json\" class=\"aioseo-schema\">\n\t\t\t{\"@context\":\"https:\\\/\\\/schema.org\",\"@graph\":[{\"@type\":\"BlogPosting\",\"@id\":\"https:\\\/\\\/www.eldigitaldeasturias.com\\\/noticias\\\/girona-la-ciudad-que-sorprende-en-el-interior-de-cataluna\\\/#blogposting\",\"name\":\"Girona, la ciudad que sorprende en el interior de Catalu\\u00f1a - El Digital de Asturias\",\"headline\":\"Girona, la ciudad que sorprende en el interior de Catalu\\u00f1a\",\"author\":{\"@id\":\"https:\\\/\\\/www.eldigitaldeasturias.com\\\/noticias\\\/author\\\/admin\\\/#author\"},\"publisher\":{\"@id\":\"https:\\\/\\\/www.eldigitaldeasturias.com\\\/noticias\\\/#organization\"},\"image\":{\"@type\":\"ImageObject\",\"url\":\"https:\\\/\\\/www.eldigitaldeasturias.com\\\/noticias\\\/wp-content\\\/uploads\\\/2019\\\/09\\\/los-encantos-de-Girona.jpg\",\"width\":1003,\"height\":660,\"caption\":\"Los restaurantes son un lugar ideal para pasar la velada en la Plaza Independencia. Foto: Andreas Drouve\\\/dpa-tmn\"},\"datePublished\":\"2019-09-05T13:34:59+02:00\",\"dateModified\":\"2019-09-05T13:34:59+02:00\",\"inLanguage\":\"es-ES\",\"mainEntityOfPage\":{\"@id\":\"https:\\\/\\\/www.eldigitaldeasturias.com\\\/noticias\\\/girona-la-ciudad-que-sorprende-en-el-interior-de-cataluna\\\/#webpage\"},\"isPartOf\":{\"@id\":\"https:\\\/\\\/www.eldigitaldeasturias.com\\\/noticias\\\/girona-la-ciudad-que-sorprende-en-el-interior-de-cataluna\\\/#webpage\"},\"articleSection\":\"Turismo\"},{\"@type\":\"BreadcrumbList\",\"@id\":\"https:\\\/\\\/www.eldigitaldeasturias.com\\\/noticias\\\/girona-la-ciudad-que-sorprende-en-el-interior-de-cataluna\\\/#breadcrumblist\",\"itemListElement\":[{\"@type\":\"ListItem\",\"@id\":\"https:\\\/\\\/www.eldigitaldeasturias.com\\\/noticias#listItem\",\"position\":1,\"name\":\"Home\",\"item\":\"https:\\\/\\\/www.eldigitaldeasturias.com\\\/noticias\",\"nextItem\":{\"@type\":\"ListItem\",\"@id\":\"https:\\\/\\\/www.eldigitaldeasturias.com\\\/noticias\\\/category\\\/turismo\\\/#listItem\",\"name\":\"Turismo\"}},{\"@type\":\"ListItem\",\"@id\":\"https:\\\/\\\/www.eldigitaldeasturias.com\\\/noticias\\\/category\\\/turismo\\\/#listItem\",\"position\":2,\"name\":\"Turismo\",\"item\":\"https:\\\/\\\/www.eldigitaldeasturias.com\\\/noticias\\\/category\\\/turismo\\\/\",\"nextItem\":{\"@type\":\"ListItem\",\"@id\":\"https:\\\/\\\/www.eldigitaldeasturias.com\\\/noticias\\\/girona-la-ciudad-que-sorprende-en-el-interior-de-cataluna\\\/#listItem\",\"name\":\"Girona, la ciudad que sorprende en el interior de Catalu\\u00f1a\"},\"previousItem\":{\"@type\":\"ListItem\",\"@id\":\"https:\\\/\\\/www.eldigitaldeasturias.com\\\/noticias#listItem\",\"name\":\"Home\"}},{\"@type\":\"ListItem\",\"@id\":\"https:\\\/\\\/www.eldigitaldeasturias.com\\\/noticias\\\/girona-la-ciudad-que-sorprende-en-el-interior-de-cataluna\\\/#listItem\",\"position\":3,\"name\":\"Girona, la ciudad que sorprende en el interior de Catalu\\u00f1a\",\"previousItem\":{\"@type\":\"ListItem\",\"@id\":\"https:\\\/\\\/www.eldigitaldeasturias.com\\\/noticias\\\/category\\\/turismo\\\/#listItem\",\"name\":\"Turismo\"}}]},{\"@type\":\"Organization\",\"@id\":\"https:\\\/\\\/www.eldigitaldeasturias.com\\\/noticias\\\/#organization\",\"name\":\"El Digital de Asturias\",\"description\":\"Hemeroteca\",\"url\":\"https:\\\/\\\/www.eldigitaldeasturias.com\\\/noticias\\\/\",\"email\":\"info@eldigitaldeasturias.com\",\"telephone\":\"+34652131393\",\"logo\":{\"@type\":\"ImageObject\",\"url\":\"https:\\\/\\\/www.eldigitaldeasturias.com\\\/noticias\\\/wp-content\\\/uploads\\\/2020\\\/12\\\/EDA.jpg\",\"@id\":\"https:\\\/\\\/www.eldigitaldeasturias.com\\\/noticias\\\/girona-la-ciudad-que-sorprende-en-el-interior-de-cataluna\\\/#organizationLogo\",\"width\":649,\"height\":297},\"image\":{\"@id\":\"https:\\\/\\\/www.eldigitaldeasturias.com\\\/noticias\\\/girona-la-ciudad-que-sorprende-en-el-interior-de-cataluna\\\/#organizationLogo\"},\"sameAs\":[\"https:\\\/\\\/facebook.com\\\/eldigitaldeasturias\",\"https:\\\/\\\/www.youtube.com\\\/channel\\\/UCZP-2wLEB9Rv6erhFmqVnvg\"],\"address\":{\"@id\":\"https:\\\/\\\/www.eldigitaldeasturias.com\\\/noticias\\\/#postaladdress\",\"@type\":\"PostalAddress\",\"streetAddress\":\"san antonio 4,\",\"postalCode\":\"33430\",\"addressLocality\":\"Cand\\u00e1s\",\"addressRegion\":\"Asturias\",\"addressCountry\":\"ES\"}},{\"@type\":\"Person\",\"@id\":\"https:\\\/\\\/www.eldigitaldeasturias.com\\\/noticias\\\/author\\\/admin\\\/#author\",\"url\":\"https:\\\/\\\/www.eldigitaldeasturias.com\\\/noticias\\\/author\\\/admin\\\/\",\"name\":\"El Digital de Asturias\",\"image\":{\"@type\":\"ImageObject\",\"@id\":\"https:\\\/\\\/www.eldigitaldeasturias.com\\\/noticias\\\/girona-la-ciudad-que-sorprende-en-el-interior-de-cataluna\\\/#authorImage\",\"url\":\"https:\\\/\\\/www.eldigitaldeasturias.com\\\/noticias\\\/wp-content\\\/litespeed\\\/avatar\\\/18677e78aa0546b92d9dbf31ec7d7668.jpg?ver=1777290358\",\"width\":96,\"height\":96,\"caption\":\"El Digital de Asturias\"}},{\"@type\":\"WebPage\",\"@id\":\"https:\\\/\\\/www.eldigitaldeasturias.com\\\/noticias\\\/girona-la-ciudad-que-sorprende-en-el-interior-de-cataluna\\\/#webpage\",\"url\":\"https:\\\/\\\/www.eldigitaldeasturias.com\\\/noticias\\\/girona-la-ciudad-que-sorprende-en-el-interior-de-cataluna\\\/\",\"name\":\"Girona, la ciudad que sorprende en el interior de Catalu\\u00f1a - El Digital de Asturias\",\"description\":\"(dpa) - \\\"Aqu\\u00ed no quiero vivir nunca\\\". Eso fue lo primero que pens\\u00f3 Quim Puerto cuando a los ocho a\\u00f1os tuvo que ir a un m\\u00e9dico en Girona. En aquel entonces, a este ni\\u00f1o de la costa catalana la ciudad del interior le pareci\\u00f3 \\\"h\\u00fameda y descuidada\\\". Hoy Puerto tiene 45 a\\u00f1os y su imagen\",\"inLanguage\":\"es-ES\",\"isPartOf\":{\"@id\":\"https:\\\/\\\/www.eldigitaldeasturias.com\\\/noticias\\\/#website\"},\"breadcrumb\":{\"@id\":\"https:\\\/\\\/www.eldigitaldeasturias.com\\\/noticias\\\/girona-la-ciudad-que-sorprende-en-el-interior-de-cataluna\\\/#breadcrumblist\"},\"author\":{\"@id\":\"https:\\\/\\\/www.eldigitaldeasturias.com\\\/noticias\\\/author\\\/admin\\\/#author\"},\"creator\":{\"@id\":\"https:\\\/\\\/www.eldigitaldeasturias.com\\\/noticias\\\/author\\\/admin\\\/#author\"},\"image\":{\"@type\":\"ImageObject\",\"url\":\"https:\\\/\\\/www.eldigitaldeasturias.com\\\/noticias\\\/wp-content\\\/uploads\\\/2019\\\/09\\\/los-encantos-de-Girona.jpg\",\"@id\":\"https:\\\/\\\/www.eldigitaldeasturias.com\\\/noticias\\\/girona-la-ciudad-que-sorprende-en-el-interior-de-cataluna\\\/#mainImage\",\"width\":1003,\"height\":660,\"caption\":\"Los restaurantes son un lugar ideal para pasar la velada en la Plaza Independencia. Foto: Andreas Drouve\\\/dpa-tmn\"},\"primaryImageOfPage\":{\"@id\":\"https:\\\/\\\/www.eldigitaldeasturias.com\\\/noticias\\\/girona-la-ciudad-que-sorprende-en-el-interior-de-cataluna\\\/#mainImage\"},\"datePublished\":\"2019-09-05T13:34:59+02:00\",\"dateModified\":\"2019-09-05T13:34:59+02:00\"},{\"@type\":\"WebSite\",\"@id\":\"https:\\\/\\\/www.eldigitaldeasturias.com\\\/noticias\\\/#website\",\"url\":\"https:\\\/\\\/www.eldigitaldeasturias.com\\\/noticias\\\/\",\"name\":\"El Digital de Asturias - Diario de actualidad y noticias\",\"alternateName\":\"El Digital de Asturias - Diario de actualidad y noticias\",\"description\":\"Hemeroteca\",\"inLanguage\":\"es-ES\",\"publisher\":{\"@id\":\"https:\\\/\\\/www.eldigitaldeasturias.com\\\/noticias\\\/#organization\"}}]}\n\t\t<\/script>\n\t\t<!-- All in One SEO Pro -->\r\n\t\t<title>Girona, la ciudad que sorprende en el interior de Catalu\u00f1a - El Digital de Asturias<\/title>\n\n","aioseo_head_json":{"title":"Girona, la ciudad que sorprende en el interior de Catalu\u00f1a - El Digital de Asturias","description":"(dpa) - \"Aqu\u00ed no quiero vivir nunca\". Eso fue lo primero que pens\u00f3 Quim Puerto cuando a los ocho a\u00f1os tuvo que ir a un m\u00e9dico en Girona. En aquel entonces, a este ni\u00f1o de la costa catalana la ciudad del interior le pareci\u00f3 \"h\u00fameda y descuidada\". Hoy Puerto tiene 45 a\u00f1os y su imagen","canonical_url":"https:\/\/www.eldigitaldeasturias.com\/noticias\/girona-la-ciudad-que-sorprende-en-el-interior-de-cataluna\/","robots":"max-image-preview:large","keywords":"turismo","webmasterTools":{"google-site-verification":"UA-38556648-1","msvalidate.01":"7dfe9f3f1b24437ab69f4f2559babe99","miscellaneous":""},"schema":{"@context":"https:\/\/schema.org","@graph":[{"@type":"BlogPosting","@id":"https:\/\/www.eldigitaldeasturias.com\/noticias\/girona-la-ciudad-que-sorprende-en-el-interior-de-cataluna\/#blogposting","name":"Girona, la ciudad que sorprende en el interior de Catalu\u00f1a - El Digital de Asturias","headline":"Girona, la ciudad que sorprende en el interior de Catalu\u00f1a","author":{"@id":"https:\/\/www.eldigitaldeasturias.com\/noticias\/author\/admin\/#author"},"publisher":{"@id":"https:\/\/www.eldigitaldeasturias.com\/noticias\/#organization"},"image":{"@type":"ImageObject","url":"https:\/\/www.eldigitaldeasturias.com\/noticias\/wp-content\/uploads\/2019\/09\/los-encantos-de-Girona.jpg","width":1003,"height":660,"caption":"Los restaurantes son un lugar ideal para pasar la velada en la Plaza Independencia. Foto: Andreas Drouve\/dpa-tmn"},"datePublished":"2019-09-05T13:34:59+02:00","dateModified":"2019-09-05T13:34:59+02:00","inLanguage":"es-ES","mainEntityOfPage":{"@id":"https:\/\/www.eldigitaldeasturias.com\/noticias\/girona-la-ciudad-que-sorprende-en-el-interior-de-cataluna\/#webpage"},"isPartOf":{"@id":"https:\/\/www.eldigitaldeasturias.com\/noticias\/girona-la-ciudad-que-sorprende-en-el-interior-de-cataluna\/#webpage"},"articleSection":"Turismo"},{"@type":"BreadcrumbList","@id":"https:\/\/www.eldigitaldeasturias.com\/noticias\/girona-la-ciudad-que-sorprende-en-el-interior-de-cataluna\/#breadcrumblist","itemListElement":[{"@type":"ListItem","@id":"https:\/\/www.eldigitaldeasturias.com\/noticias#listItem","position":1,"name":"Home","item":"https:\/\/www.eldigitaldeasturias.com\/noticias","nextItem":{"@type":"ListItem","@id":"https:\/\/www.eldigitaldeasturias.com\/noticias\/category\/turismo\/#listItem","name":"Turismo"}},{"@type":"ListItem","@id":"https:\/\/www.eldigitaldeasturias.com\/noticias\/category\/turismo\/#listItem","position":2,"name":"Turismo","item":"https:\/\/www.eldigitaldeasturias.com\/noticias\/category\/turismo\/","nextItem":{"@type":"ListItem","@id":"https:\/\/www.eldigitaldeasturias.com\/noticias\/girona-la-ciudad-que-sorprende-en-el-interior-de-cataluna\/#listItem","name":"Girona, la ciudad que sorprende en el interior de Catalu\u00f1a"},"previousItem":{"@type":"ListItem","@id":"https:\/\/www.eldigitaldeasturias.com\/noticias#listItem","name":"Home"}},{"@type":"ListItem","@id":"https:\/\/www.eldigitaldeasturias.com\/noticias\/girona-la-ciudad-que-sorprende-en-el-interior-de-cataluna\/#listItem","position":3,"name":"Girona, la ciudad que sorprende en el interior de Catalu\u00f1a","previousItem":{"@type":"ListItem","@id":"https:\/\/www.eldigitaldeasturias.com\/noticias\/category\/turismo\/#listItem","name":"Turismo"}}]},{"@type":"Organization","@id":"https:\/\/www.eldigitaldeasturias.com\/noticias\/#organization","name":"El Digital de Asturias","description":"Hemeroteca","url":"https:\/\/www.eldigitaldeasturias.com\/noticias\/","email":"info@eldigitaldeasturias.com","telephone":"+34652131393","logo":{"@type":"ImageObject","url":"https:\/\/www.eldigitaldeasturias.com\/noticias\/wp-content\/uploads\/2020\/12\/EDA.jpg","@id":"https:\/\/www.eldigitaldeasturias.com\/noticias\/girona-la-ciudad-que-sorprende-en-el-interior-de-cataluna\/#organizationLogo","width":649,"height":297},"image":{"@id":"https:\/\/www.eldigitaldeasturias.com\/noticias\/girona-la-ciudad-que-sorprende-en-el-interior-de-cataluna\/#organizationLogo"},"sameAs":["https:\/\/facebook.com\/eldigitaldeasturias","https:\/\/www.youtube.com\/channel\/UCZP-2wLEB9Rv6erhFmqVnvg"],"address":{"@id":"https:\/\/www.eldigitaldeasturias.com\/noticias\/#postaladdress","@type":"PostalAddress","streetAddress":"san antonio 4,","postalCode":"33430","addressLocality":"Cand\u00e1s","addressRegion":"Asturias","addressCountry":"ES"}},{"@type":"Person","@id":"https:\/\/www.eldigitaldeasturias.com\/noticias\/author\/admin\/#author","url":"https:\/\/www.eldigitaldeasturias.com\/noticias\/author\/admin\/","name":"El Digital de Asturias","image":{"@type":"ImageObject","@id":"https:\/\/www.eldigitaldeasturias.com\/noticias\/girona-la-ciudad-que-sorprende-en-el-interior-de-cataluna\/#authorImage","url":"https:\/\/www.eldigitaldeasturias.com\/noticias\/wp-content\/litespeed\/avatar\/18677e78aa0546b92d9dbf31ec7d7668.jpg?ver=1777290358","width":96,"height":96,"caption":"El Digital de Asturias"}},{"@type":"WebPage","@id":"https:\/\/www.eldigitaldeasturias.com\/noticias\/girona-la-ciudad-que-sorprende-en-el-interior-de-cataluna\/#webpage","url":"https:\/\/www.eldigitaldeasturias.com\/noticias\/girona-la-ciudad-que-sorprende-en-el-interior-de-cataluna\/","name":"Girona, la ciudad que sorprende en el interior de Catalu\u00f1a - El Digital de Asturias","description":"(dpa) - \"Aqu\u00ed no quiero vivir nunca\". Eso fue lo primero que pens\u00f3 Quim Puerto cuando a los ocho a\u00f1os tuvo que ir a un m\u00e9dico en Girona. En aquel entonces, a este ni\u00f1o de la costa catalana la ciudad del interior le pareci\u00f3 \"h\u00fameda y descuidada\". Hoy Puerto tiene 45 a\u00f1os y su imagen","inLanguage":"es-ES","isPartOf":{"@id":"https:\/\/www.eldigitaldeasturias.com\/noticias\/#website"},"breadcrumb":{"@id":"https:\/\/www.eldigitaldeasturias.com\/noticias\/girona-la-ciudad-que-sorprende-en-el-interior-de-cataluna\/#breadcrumblist"},"author":{"@id":"https:\/\/www.eldigitaldeasturias.com\/noticias\/author\/admin\/#author"},"creator":{"@id":"https:\/\/www.eldigitaldeasturias.com\/noticias\/author\/admin\/#author"},"image":{"@type":"ImageObject","url":"https:\/\/www.eldigitaldeasturias.com\/noticias\/wp-content\/uploads\/2019\/09\/los-encantos-de-Girona.jpg","@id":"https:\/\/www.eldigitaldeasturias.com\/noticias\/girona-la-ciudad-que-sorprende-en-el-interior-de-cataluna\/#mainImage","width":1003,"height":660,"caption":"Los restaurantes son un lugar ideal para pasar la velada en la Plaza Independencia. Foto: Andreas Drouve\/dpa-tmn"},"primaryImageOfPage":{"@id":"https:\/\/www.eldigitaldeasturias.com\/noticias\/girona-la-ciudad-que-sorprende-en-el-interior-de-cataluna\/#mainImage"},"datePublished":"2019-09-05T13:34:59+02:00","dateModified":"2019-09-05T13:34:59+02:00"},{"@type":"WebSite","@id":"https:\/\/www.eldigitaldeasturias.com\/noticias\/#website","url":"https:\/\/www.eldigitaldeasturias.com\/noticias\/","name":"El Digital de Asturias - Diario de actualidad y noticias","alternateName":"El Digital de Asturias - Diario de actualidad y noticias","description":"Hemeroteca","inLanguage":"es-ES","publisher":{"@id":"https:\/\/www.eldigitaldeasturias.com\/noticias\/#organization"}}]},"og:locale":"es_ES","og:site_name":"El Digital de Asturias","og:type":"article","og:title":"Girona, la ciudad que sorprende en el interior de Catalu\u00f1a - El Digital de Asturias","og:description":"(dpa) - &quot;Aqu\u00ed no quiero vivir nunca&quot;. Eso fue lo primero que pens\u00f3 Quim Puerto cuando a los ocho a\u00f1os tuvo que ir a un m\u00e9dico en Girona. En aquel entonces, a este ni\u00f1o de la costa catalana la ciudad del interior le pareci\u00f3 &quot;h\u00fameda y descuidada&quot;. Hoy Puerto tiene 45 a\u00f1os y su imagen","og:url":"https:\/\/www.eldigitaldeasturias.com\/noticias\/girona-la-ciudad-que-sorprende-en-el-interior-de-cataluna\/","og:image":"https:\/\/www.eldigitaldeasturias.com\/noticias\/wp-content\/uploads\/2019\/09\/los-encantos-de-Girona.jpg","og:image:secure_url":"https:\/\/www.eldigitaldeasturias.com\/noticias\/wp-content\/uploads\/2019\/09\/los-encantos-de-Girona.jpg","og:image:width":1003,"og:image:height":660,"article:tag":["turismo"],"article:published_time":"2019-09-05T13:34:59+00:00","article:modified_time":"2019-09-05T13:34:59+00:00","article:publisher":"https:\/\/facebook.com\/eldigitaldeasturias","twitter:card":"summary_large_image","twitter:title":"Girona, la ciudad que sorprende en el interior de Catalu\u00f1a - El Digital de Asturias","twitter:description":"(dpa) - &quot;Aqu\u00ed no quiero vivir nunca&quot;. Eso fue lo primero que pens\u00f3 Quim Puerto cuando a los ocho a\u00f1os tuvo que ir a un m\u00e9dico en Girona. En aquel entonces, a este ni\u00f1o de la costa catalana la ciudad del interior le pareci\u00f3 &quot;h\u00fameda y descuidada&quot;. Hoy Puerto tiene 45 a\u00f1os y su imagen","twitter:image":"https:\/\/www.eldigitaldeasturias.com\/noticias\/wp-content\/uploads\/2019\/09\/los-encantos-de-Girona.jpg","twitter:label1":"Escrito por","twitter:data1":"El Digital de Asturias","twitter:label2":"Tiempo de lectura estimado","twitter:data2":"4 minutos"},"aioseo_meta_data":{"post_id":"1039762","title":null,"description":null,"keywords":null,"keyphrases":null,"primary_term":null,"canonical_url":null,"og_title":null,"og_description":null,"og_object_type":"default","og_image_type":"default","og_image_url":null,"og_image_width":null,"og_image_height":null,"og_image_custom_url":null,"og_image_custom_fields":null,"og_video":null,"og_custom_url":null,"og_article_section":null,"og_article_tags":null,"twitter_use_og":false,"twitter_card":"default","twitter_image_type":"default","twitter_image_url":null,"twitter_image_custom_url":null,"twitter_image_custom_fields":null,"twitter_title":null,"twitter_description":null,"schema":{"blockGraphs":[],"customGraphs":[],"default":{"data":{"Article":[],"Course":[],"Dataset":[],"FAQPage":[],"Movie":[],"Person":[],"Product":[],"ProductReview":[],"Car":[],"Recipe":[],"Service":[],"SoftwareApplication":[],"WebPage":[]},"graphName":"","isEnabled":true},"graphs":[],"defaultGraph":"","defaultPostTypeGraph":""},"schema_type":null,"schema_type_options":null,"pillar_content":false,"robots_default":true,"robots_noindex":false,"robots_noarchive":false,"robots_nosnippet":false,"robots_nofollow":false,"robots_noimageindex":false,"robots_noodp":false,"robots_notranslate":false,"robots_max_snippet":null,"robots_max_videopreview":null,"robots_max_imagepreview":"large","priority":null,"frequency":null,"local_seo":null,"seo_analyzer_scan_date":"2025-10-23 06:16:14","breadcrumb_settings":null,"limit_modified_date":false,"open_ai":null,"ai":null,"created":"2020-12-21 11:05:20","updated":"2025-10-23 06:16:14"},"aioseo_breadcrumb":"<div class=\"aioseo-breadcrumbs\"><span class=\"aioseo-breadcrumb\">\n\t<a href=\"https:\/\/www.eldigitaldeasturias.com\/noticias\" title=\"Home\">Home<\/a>\n<\/span><span class=\"aioseo-breadcrumb-separator\">\u2013<\/span><span class=\"aioseo-breadcrumb\">\n\t<a href=\"https:\/\/www.eldigitaldeasturias.com\/noticias\/category\/turismo\/\" title=\"Turismo\">Turismo<\/a>\n<\/span><span class=\"aioseo-breadcrumb-separator\">\u2013<\/span><span class=\"aioseo-breadcrumb\">\n\t<a href=\"https:\/\/www.eldigitaldeasturias.com\/noticias\/girona-la-ciudad-que-sorprende-en-el-interior-de-cataluna\/\" title=\"Girona, la ciudad que sorprende en el interior de Catalu\u00f1a\">Girona, la ciudad que sorprende en el interior de Catalu\u00f1a<\/a>\n<\/span><\/div>","aioseo_breadcrumb_json":[{"label":"Home","link":"https:\/\/www.eldigitaldeasturias.com\/noticias"},{"label":"Turismo","link":"https:\/\/www.eldigitaldeasturias.com\/noticias\/category\/turismo\/"},{"label":"Girona, la ciudad que sorprende en el interior de Catalu\u00f1a","link":"https:\/\/www.eldigitaldeasturias.com\/noticias\/girona-la-ciudad-que-sorprende-en-el-interior-de-cataluna\/"}],"_links":{"self":[{"href":"https:\/\/www.eldigitaldeasturias.com\/noticias\/wp-json\/wp\/v2\/posts\/1039762","targetHints":{"allow":["GET"]}}],"collection":[{"href":"https:\/\/www.eldigitaldeasturias.com\/noticias\/wp-json\/wp\/v2\/posts"}],"about":[{"href":"https:\/\/www.eldigitaldeasturias.com\/noticias\/wp-json\/wp\/v2\/types\/post"}],"author":[{"embeddable":true,"href":"https:\/\/www.eldigitaldeasturias.com\/noticias\/wp-json\/wp\/v2\/users\/1"}],"replies":[{"embeddable":true,"href":"https:\/\/www.eldigitaldeasturias.com\/noticias\/wp-json\/wp\/v2\/comments?post=1039762"}],"version-history":[{"count":0,"href":"https:\/\/www.eldigitaldeasturias.com\/noticias\/wp-json\/wp\/v2\/posts\/1039762\/revisions"}],"wp:featuredmedia":[{"embeddable":true,"href":"https:\/\/www.eldigitaldeasturias.com\/noticias\/wp-json\/wp\/v2\/media\/1039763"}],"wp:attachment":[{"href":"https:\/\/www.eldigitaldeasturias.com\/noticias\/wp-json\/wp\/v2\/media?parent=1039762"}],"wp:term":[{"taxonomy":"category","embeddable":true,"href":"https:\/\/www.eldigitaldeasturias.com\/noticias\/wp-json\/wp\/v2\/categories?post=1039762"},{"taxonomy":"post_tag","embeddable":true,"href":"https:\/\/www.eldigitaldeasturias.com\/noticias\/wp-json\/wp\/v2\/tags?post=1039762"}],"curies":[{"name":"wp","href":"https:\/\/api.w.org\/{rel}","templated":true}]}}